{"id":1004,"date":"2023-03-16T10:19:30","date_gmt":"2023-03-16T08:19:30","guid":{"rendered":"https:\/\/covasna45.ro\/?p=1004"},"modified":"2023-03-16T10:19:30","modified_gmt":"2023-03-16T08:19:30","slug":"a-fost-stabilit-calendarul-anului-scolar-2023-2024","status":"publish","type":"post","link":"https:\/\/covasna45.ro\/index.php\/lumea-noastra\/a-fost-stabilit-calendarul-anului-scolar-2023-2024\/","title":{"rendered":"A fost stabilit calendarul anului \u0219colar 2023-2024"},"content":{"rendered":"\n<p>Elevii vor \u00eencepe urm\u0103torul an \u0219colar \u00een 11 septembrie \u0219i \u00eel vor \u00eencheia \u00een 21 iunie. \u00cen acest timp, vor avea cinci vacan\u021be, una dintre acestea \u00een perioada Pa\u0219telui ortodox. <\/p>\n\n\n\n<p>\u201e\u0218coala altfel\u201d \u0219i \u201eS\u0103pt\u0103m\u00e2na verde\u201d vor fi organizate \u00een perioada 11 septembrie 2023 &#8211; 26 aprilie 2024. Vor avea c\u00e2te cinci zile consecutive lucr\u0103toare, la decizia \u0219colilor.<\/p>\n\n\n\n<p>Structura anului \u0219colar 2023-2024 a fost publicat\u0103 \u00een Monitorul Oficial. Vor fi 36 de s\u0103pt\u0103m\u00e2ni de cursuri.<\/p>\n\n\n\n<p>Pentru clasele a XII-a zi, a XIII-a seral \u0219i frecven\u021b\u0103 redus\u0103, anul \u0219colar va avea o durat\u0103 de 34 de s\u0103pt\u0103m\u00e2ni de cursuri \u0219i se va \u00eencheia la 7 iunie 2024.<\/p>\n\n\n\n<p>Pentru clasa a VIII-a, anul \u0219colar va avea de 35 de s\u0103pt\u0103m\u00e2ni de cursuri. Se va \u00eencheia la 14 iunie 2024.<\/p>\n\n\n\n<p><\/p>\n","protected":false},"excerpt":{"rendered":"<p>Elevii vor \u00eencepe urm\u0103torul an \u0219colar \u00een 11 septembrie \u0219i \u00eel vor \u00eencheia \u00een 21 iunie. \u00cen acest timp, vor avea cinci vacan\u021be, una dintre acestea \u00een perioada Pa\u0219telui ortodox. \u201e\u0218coala altfel\u201d \u0219i \u201eS\u0103pt\u0103m\u00e2na verde\u201d vor fi organizate \u00een perioada 11 septembrie 2023 &#8211; 26 aprilie 2024. Vor avea c\u00e2te cinci zile consecutive lucr\u0103toare, la [&hellip;]<\/p>\n","protected":false},"author":1,"featured_media":1005,"comment_status":"open","ping_status":"closed","sticky":false,"template":"","format":"standard","meta":{"tdm_status":"","tdm_grid_status":"","footnotes":""},"categories":[14],"tags":[218,216,217],"class_list":{"0":"post-1004","1":"post","2":"type-post","3":"status-publish","4":"format-standard","5":"has-post-thumbnail","7":"category-lumea-noastra","8":"tag-an-scolar","9":"tag-scoala","10":"tag-vacante"},"yoast_head":"<!-- This site is optimized with the Yoast SEO plugin v27.5 - https:\/\/yoast.com\/product\/yoast-seo-wordpress\/ -->\n<title>A fost stabilit calendarul anului \u0219colar 2023-2024 - Covasna45<\/title>\n<meta name=\"description\" content=\"Structura anului \u0219colar 2023-2024 a fost publicat\u0103 \u00een Monitorul Oficial. Vor fi 36 de s\u0103pt\u0103m\u00e2ni de cursuri.\" \/>\n<meta name=\"robots\" content=\"index, follow, max-snippet:-1, max-image-preview:large, max-video-preview:-1\" \/>\n<link rel=\"canonical\" href=\"https:\/\/covasna45.ro\/index.php\/lumea-noastra\/a-fost-stabilit-calendarul-anului-scolar-2023-2024\/\" \/>\n<meta property=\"og:locale\" content=\"ro_RO\" \/>\n<meta property=\"og:type\" content=\"article\" \/>\n<meta property=\"og:title\" content=\"A fost stabilit calendarul anului \u0219colar 2023-2024 - Covasna45\" \/>\n<meta property=\"og:description\" content=\"Structura anului \u0219colar 2023-2024 a fost publicat\u0103 \u00een Monitorul Oficial. Vor fi 36 de s\u0103pt\u0103m\u00e2ni de cursuri.\" \/>\n<meta property=\"og:url\" content=\"https:\/\/covasna45.ro\/index.php\/lumea-noastra\/a-fost-stabilit-calendarul-anului-scolar-2023-2024\/\" \/>\n<meta property=\"og:site_name\" content=\"Covasna45\" \/>\n<meta property=\"article:published_time\" content=\"2023-03-16T08:19:30+00:00\" \/>\n<meta property=\"og:image\" content=\"https:\/\/covasna45.ro\/wp-content\/uploads\/2023\/03\/elevi-1.jpg\" \/>\n\t<meta property=\"og:image:width\" content=\"1200\" \/>\n\t<meta property=\"og:image:height\" content=\"900\" \/>\n\t<meta property=\"og:image:type\" content=\"image\/jpeg\" \/>\n<meta name=\"author\" content=\"Covasna45\" \/>\n<meta name=\"twitter:card\" content=\"summary_large_image\" \/>\n<meta name=\"twitter:label1\" content=\"Scris de\" \/>\n\t<meta name=\"twitter:data1\" content=\"Covasna45\" \/>\n\t<meta name=\"twitter:label2\" content=\"Timp estimat pentru citire\" \/>\n\t<meta name=\"twitter:data2\" content=\"1 minut\" \/>\n<script type=\"application\/ld+json\" class=\"yoast-schema-graph\">{\"@context\":\"https:\\\/\\\/schema.org\",\"@graph\":[{\"@type\":\"Article\",\"@id\":\"https:\\\/\\\/covasna45.ro\\\/index.php\\\/lumea-noastra\\\/a-fost-stabilit-calendarul-anului-scolar-2023-2024\\\/#article\",\"isPartOf\":{\"@id\":\"https:\\\/\\\/covasna45.ro\\\/index.php\\\/lumea-noastra\\\/a-fost-stabilit-calendarul-anului-scolar-2023-2024\\\/\"},\"author\":{\"name\":\"Covasna45\",\"@id\":\"https:\\\/\\\/covasna45.ro\\\/#\\\/schema\\\/person\\\/e674052bd7d95d70bbb007a1060ab73c\"},\"headline\":\"A fost stabilit calendarul anului \u0219colar 2023-2024\",\"datePublished\":\"2023-03-16T08:19:30+00:00\",\"mainEntityOfPage\":{\"@id\":\"https:\\\/\\\/covasna45.ro\\\/index.php\\\/lumea-noastra\\\/a-fost-stabilit-calendarul-anului-scolar-2023-2024\\\/\"},\"wordCount\":137,\"commentCount\":0,\"publisher\":{\"@id\":\"https:\\\/\\\/covasna45.ro\\\/#organization\"},\"image\":{\"@id\":\"https:\\\/\\\/covasna45.ro\\\/index.php\\\/lumea-noastra\\\/a-fost-stabilit-calendarul-anului-scolar-2023-2024\\\/#primaryimage\"},\"thumbnailUrl\":\"https:\\\/\\\/covasna45.ro\\\/wp-content\\\/uploads\\\/2023\\\/03\\\/elevi-1.jpg\",\"keywords\":[\"An \u0219colar\",\"\u0218coal\u0103\",\"Vacan\u021be\"],\"articleSection\":[\"Lumea noastr\u0103\"],\"inLanguage\":\"ro-RO\",\"potentialAction\":[{\"@type\":\"CommentAction\",\"name\":\"Comment\",\"target\":[\"https:\\\/\\\/covasna45.ro\\\/index.php\\\/lumea-noastra\\\/a-fost-stabilit-calendarul-anului-scolar-2023-2024\\\/#respond\"]}]},{\"@type\":\"WebPage\",\"@id\":\"https:\\\/\\\/covasna45.ro\\\/index.php\\\/lumea-noastra\\\/a-fost-stabilit-calendarul-anului-scolar-2023-2024\\\/\",\"url\":\"https:\\\/\\\/covasna45.ro\\\/index.php\\\/lumea-noastra\\\/a-fost-stabilit-calendarul-anului-scolar-2023-2024\\\/\",\"name\":\"A fost stabilit calendarul anului \u0219colar 2023-2024 - Covasna45\",\"isPartOf\":{\"@id\":\"https:\\\/\\\/covasna45.ro\\\/#website\"},\"primaryImageOfPage\":{\"@id\":\"https:\\\/\\\/covasna45.ro\\\/index.php\\\/lumea-noastra\\\/a-fost-stabilit-calendarul-anului-scolar-2023-2024\\\/#primaryimage\"},\"image\":{\"@id\":\"https:\\\/\\\/covasna45.ro\\\/index.php\\\/lumea-noastra\\\/a-fost-stabilit-calendarul-anului-scolar-2023-2024\\\/#primaryimage\"},\"thumbnailUrl\":\"https:\\\/\\\/covasna45.ro\\\/wp-content\\\/uploads\\\/2023\\\/03\\\/elevi-1.jpg\",\"datePublished\":\"2023-03-16T08:19:30+00:00\",\"description\":\"Structura anului \u0219colar 2023-2024 a fost publicat\u0103 \u00een Monitorul Oficial. Vor fi 36 de s\u0103pt\u0103m\u00e2ni de cursuri.\",\"breadcrumb\":{\"@id\":\"https:\\\/\\\/covasna45.ro\\\/index.php\\\/lumea-noastra\\\/a-fost-stabilit-calendarul-anului-scolar-2023-2024\\\/#breadcrumb\"},\"inLanguage\":\"ro-RO\",\"potentialAction\":[{\"@type\":\"ReadAction\",\"target\":[\"https:\\\/\\\/covasna45.ro\\\/index.php\\\/lumea-noastra\\\/a-fost-stabilit-calendarul-anului-scolar-2023-2024\\\/\"]}]},{\"@type\":\"ImageObject\",\"inLanguage\":\"ro-RO\",\"@id\":\"https:\\\/\\\/covasna45.ro\\\/index.php\\\/lumea-noastra\\\/a-fost-stabilit-calendarul-anului-scolar-2023-2024\\\/#primaryimage\",\"url\":\"https:\\\/\\\/covasna45.ro\\\/wp-content\\\/uploads\\\/2023\\\/03\\\/elevi-1.jpg\",\"contentUrl\":\"https:\\\/\\\/covasna45.ro\\\/wp-content\\\/uploads\\\/2023\\\/03\\\/elevi-1.jpg\",\"width\":1200,\"height\":900},{\"@type\":\"BreadcrumbList\",\"@id\":\"https:\\\/\\\/covasna45.ro\\\/index.php\\\/lumea-noastra\\\/a-fost-stabilit-calendarul-anului-scolar-2023-2024\\\/#breadcrumb\",\"itemListElement\":[{\"@type\":\"ListItem\",\"position\":1,\"name\":\"Prima pagin\u0103\",\"item\":\"https:\\\/\\\/covasna45.ro\\\/\"},{\"@type\":\"ListItem\",\"position\":2,\"name\":\"A fost stabilit calendarul anului \u0219colar 2023-2024\"}]},{\"@type\":\"WebSite\",\"@id\":\"https:\\\/\\\/covasna45.ro\\\/#website\",\"url\":\"https:\\\/\\\/covasna45.ro\\\/\",\"name\":\"covasna45.ro\",\"description\":\"\",\"publisher\":{\"@id\":\"https:\\\/\\\/covasna45.ro\\\/#organization\"},\"potentialAction\":[{\"@type\":\"SearchAction\",\"target\":{\"@type\":\"EntryPoint\",\"urlTemplate\":\"https:\\\/\\\/covasna45.ro\\\/?s={search_term_string}\"},\"query-input\":{\"@type\":\"PropertyValueSpecification\",\"valueRequired\":true,\"valueName\":\"search_term_string\"}}],\"inLanguage\":\"ro-RO\"},{\"@type\":\"Organization\",\"@id\":\"https:\\\/\\\/covasna45.ro\\\/#organization\",\"name\":\"covasna45.ro\",\"url\":\"https:\\\/\\\/covasna45.ro\\\/\",\"logo\":{\"@type\":\"ImageObject\",\"inLanguage\":\"ro-RO\",\"@id\":\"https:\\\/\\\/covasna45.ro\\\/#\\\/schema\\\/logo\\\/image\\\/\",\"url\":\"https:\\\/\\\/covasna45.ro\\\/wp-content\\\/uploads\\\/2023\\\/01\\\/icon_logo.png\",\"contentUrl\":\"https:\\\/\\\/covasna45.ro\\\/wp-content\\\/uploads\\\/2023\\\/01\\\/icon_logo.png\",\"width\":1900,\"height\":1900,\"caption\":\"covasna45.ro\"},\"image\":{\"@id\":\"https:\\\/\\\/covasna45.ro\\\/#\\\/schema\\\/logo\\\/image\\\/\"}},{\"@type\":\"Person\",\"@id\":\"https:\\\/\\\/covasna45.ro\\\/#\\\/schema\\\/person\\\/e674052bd7d95d70bbb007a1060ab73c\",\"name\":\"Covasna45\",\"image\":{\"@type\":\"ImageObject\",\"inLanguage\":\"ro-RO\",\"@id\":\"https:\\\/\\\/covasna45.ro\\\/wp-content\\\/uploads\\\/2025\\\/10\\\/icon_logo_covasna45-150x150.png\",\"url\":\"https:\\\/\\\/covasna45.ro\\\/wp-content\\\/uploads\\\/2025\\\/10\\\/icon_logo_covasna45-150x150.png\",\"contentUrl\":\"https:\\\/\\\/covasna45.ro\\\/wp-content\\\/uploads\\\/2025\\\/10\\\/icon_logo_covasna45-150x150.png\",\"caption\":\"Covasna45\"},\"sameAs\":[\"https:\\\/\\\/covasna45.ro\"],\"url\":\"https:\\\/\\\/covasna45.ro\\\/index.php\\\/author\\\/covasna\\\/\"}]}<\/script>\n<!-- \/ Yoast SEO plugin. -->","yoast_head_json":{"title":"A fost stabilit calendarul anului \u0219colar 2023-2024 - Covasna45","description":"Structura anului \u0219colar 2023-2024 a fost publicat\u0103 \u00een Monitorul Oficial. Vor fi 36 de s\u0103pt\u0103m\u00e2ni de cursuri.","robots":{"index":"index","follow":"follow","max-snippet":"max-snippet:-1","max-image-preview":"max-image-preview:large","max-video-preview":"max-video-preview:-1"},"canonical":"https:\/\/covasna45.ro\/index.php\/lumea-noastra\/a-fost-stabilit-calendarul-anului-scolar-2023-2024\/","og_locale":"ro_RO","og_type":"article","og_title":"A fost stabilit calendarul anului \u0219colar 2023-2024 - Covasna45","og_description":"Structura anului \u0219colar 2023-2024 a fost publicat\u0103 \u00een Monitorul Oficial. Vor fi 36 de s\u0103pt\u0103m\u00e2ni de cursuri.","og_url":"https:\/\/covasna45.ro\/index.php\/lumea-noastra\/a-fost-stabilit-calendarul-anului-scolar-2023-2024\/","og_site_name":"Covasna45","article_published_time":"2023-03-16T08:19:30+00:00","og_image":[{"width":1200,"height":900,"url":"https:\/\/covasna45.ro\/wp-content\/uploads\/2023\/03\/elevi-1.jpg","type":"image\/jpeg"}],"author":"Covasna45","twitter_card":"summary_large_image","twitter_misc":{"Scris de":"Covasna45","Timp estimat pentru citire":"1 minut"},"schema":{"@context":"https:\/\/schema.org","@graph":[{"@type":"Article","@id":"https:\/\/covasna45.ro\/index.php\/lumea-noastra\/a-fost-stabilit-calendarul-anului-scolar-2023-2024\/#article","isPartOf":{"@id":"https:\/\/covasna45.ro\/index.php\/lumea-noastra\/a-fost-stabilit-calendarul-anului-scolar-2023-2024\/"},"author":{"name":"Covasna45","@id":"https:\/\/covasna45.ro\/#\/schema\/person\/e674052bd7d95d70bbb007a1060ab73c"},"headline":"A fost stabilit calendarul anului \u0219colar 2023-2024","datePublished":"2023-03-16T08:19:30+00:00","mainEntityOfPage":{"@id":"https:\/\/covasna45.ro\/index.php\/lumea-noastra\/a-fost-stabilit-calendarul-anului-scolar-2023-2024\/"},"wordCount":137,"commentCount":0,"publisher":{"@id":"https:\/\/covasna45.ro\/#organization"},"image":{"@id":"https:\/\/covasna45.ro\/index.php\/lumea-noastra\/a-fost-stabilit-calendarul-anului-scolar-2023-2024\/#primaryimage"},"thumbnailUrl":"https:\/\/covasna45.ro\/wp-content\/uploads\/2023\/03\/elevi-1.jpg","keywords":["An \u0219colar","\u0218coal\u0103","Vacan\u021be"],"articleSection":["Lumea noastr\u0103"],"inLanguage":"ro-RO","potentialAction":[{"@type":"CommentAction","name":"Comment","target":["https:\/\/covasna45.ro\/index.php\/lumea-noastra\/a-fost-stabilit-calendarul-anului-scolar-2023-2024\/#respond"]}]},{"@type":"WebPage","@id":"https:\/\/covasna45.ro\/index.php\/lumea-noastra\/a-fost-stabilit-calendarul-anului-scolar-2023-2024\/","url":"https:\/\/covasna45.ro\/index.php\/lumea-noastra\/a-fost-stabilit-calendarul-anului-scolar-2023-2024\/","name":"A fost stabilit calendarul anului \u0219colar 2023-2024 - Covasna45","isPartOf":{"@id":"https:\/\/covasna45.ro\/#website"},"primaryImageOfPage":{"@id":"https:\/\/covasna45.ro\/index.php\/lumea-noastra\/a-fost-stabilit-calendarul-anului-scolar-2023-2024\/#primaryimage"},"image":{"@id":"https:\/\/covasna45.ro\/index.php\/lumea-noastra\/a-fost-stabilit-calendarul-anului-scolar-2023-2024\/#primaryimage"},"thumbnailUrl":"https:\/\/covasna45.ro\/wp-content\/uploads\/2023\/03\/elevi-1.jpg","datePublished":"2023-03-16T08:19:30+00:00","description":"Structura anului \u0219colar 2023-2024 a fost publicat\u0103 \u00een Monitorul Oficial. Vor fi 36 de s\u0103pt\u0103m\u00e2ni de cursuri.","breadcrumb":{"@id":"https:\/\/covasna45.ro\/index.php\/lumea-noastra\/a-fost-stabilit-calendarul-anului-scolar-2023-2024\/#breadcrumb"},"inLanguage":"ro-RO","potentialAction":[{"@type":"ReadAction","target":["https:\/\/covasna45.ro\/index.php\/lumea-noastra\/a-fost-stabilit-calendarul-anului-scolar-2023-2024\/"]}]},{"@type":"ImageObject","inLanguage":"ro-RO","@id":"https:\/\/covasna45.ro\/index.php\/lumea-noastra\/a-fost-stabilit-calendarul-anului-scolar-2023-2024\/#primaryimage","url":"https:\/\/covasna45.ro\/wp-content\/uploads\/2023\/03\/elevi-1.jpg","contentUrl":"https:\/\/covasna45.ro\/wp-content\/uploads\/2023\/03\/elevi-1.jpg","width":1200,"height":900},{"@type":"BreadcrumbList","@id":"https:\/\/covasna45.ro\/index.php\/lumea-noastra\/a-fost-stabilit-calendarul-anului-scolar-2023-2024\/#breadcrumb","itemListElement":[{"@type":"ListItem","position":1,"name":"Prima pagin\u0103","item":"https:\/\/covasna45.ro\/"},{"@type":"ListItem","position":2,"name":"A fost stabilit calendarul anului \u0219colar 2023-2024"}]},{"@type":"WebSite","@id":"https:\/\/covasna45.ro\/#website","url":"https:\/\/covasna45.ro\/","name":"covasna45.ro","description":"","publisher":{"@id":"https:\/\/covasna45.ro\/#organization"},"potentialAction":[{"@type":"SearchAction","target":{"@type":"EntryPoint","urlTemplate":"https:\/\/covasna45.ro\/?s={search_term_string}"},"query-input":{"@type":"PropertyValueSpecification","valueRequired":true,"valueName":"search_term_string"}}],"inLanguage":"ro-RO"},{"@type":"Organization","@id":"https:\/\/covasna45.ro\/#organization","name":"covasna45.ro","url":"https:\/\/covasna45.ro\/","logo":{"@type":"ImageObject","inLanguage":"ro-RO","@id":"https:\/\/covasna45.ro\/#\/schema\/logo\/image\/","url":"https:\/\/covasna45.ro\/wp-content\/uploads\/2023\/01\/icon_logo.png","contentUrl":"https:\/\/covasna45.ro\/wp-content\/uploads\/2023\/01\/icon_logo.png","width":1900,"height":1900,"caption":"covasna45.ro"},"image":{"@id":"https:\/\/covasna45.ro\/#\/schema\/logo\/image\/"}},{"@type":"Person","@id":"https:\/\/covasna45.ro\/#\/schema\/person\/e674052bd7d95d70bbb007a1060ab73c","name":"Covasna45","image":{"@type":"ImageObject","inLanguage":"ro-RO","@id":"https:\/\/covasna45.ro\/wp-content\/uploads\/2025\/10\/icon_logo_covasna45-150x150.png","url":"https:\/\/covasna45.ro\/wp-content\/uploads\/2025\/10\/icon_logo_covasna45-150x150.png","contentUrl":"https:\/\/covasna45.ro\/wp-content\/uploads\/2025\/10\/icon_logo_covasna45-150x150.png","caption":"Covasna45"},"sameAs":["https:\/\/covasna45.ro"],"url":"https:\/\/covasna45.ro\/index.php\/author\/covasna\/"}]}},"_links":{"self":[{"href":"https:\/\/covasna45.ro\/index.php\/wp-json\/wp\/v2\/posts\/1004","targetHints":{"allow":["GET"]}}],"collection":[{"href":"https:\/\/covasna45.ro\/index.php\/wp-json\/wp\/v2\/posts"}],"about":[{"href":"https:\/\/covasna45.ro\/index.php\/wp-json\/wp\/v2\/types\/post"}],"author":[{"embeddable":true,"href":"https:\/\/covasna45.ro\/index.php\/wp-json\/wp\/v2\/users\/1"}],"replies":[{"embeddable":true,"href":"https:\/\/covasna45.ro\/index.php\/wp-json\/wp\/v2\/comments?post=1004"}],"version-history":[{"count":1,"href":"https:\/\/covasna45.ro\/index.php\/wp-json\/wp\/v2\/posts\/1004\/revisions"}],"predecessor-version":[{"id":1006,"href":"https:\/\/covasna45.ro\/index.php\/wp-json\/wp\/v2\/posts\/1004\/revisions\/1006"}],"wp:featuredmedia":[{"embeddable":true,"href":"https:\/\/covasna45.ro\/index.php\/wp-json\/wp\/v2\/media\/1005"}],"wp:attachment":[{"href":"https:\/\/covasna45.ro\/index.php\/wp-json\/wp\/v2\/media?parent=1004"}],"wp:term":[{"taxonomy":"category","embeddable":true,"href":"https:\/\/covasna45.ro\/index.php\/wp-json\/wp\/v2\/categories?post=1004"},{"taxonomy":"post_tag","embeddable":true,"href":"https:\/\/covasna45.ro\/index.php\/wp-json\/wp\/v2\/tags?post=1004"}],"curies":[{"name":"wp","href":"https:\/\/api.w.org\/{rel}","templated":true}]}}