{"id":10153,"date":"2025-03-10T15:06:54","date_gmt":"2025-03-10T13:06:54","guid":{"rendered":"https:\/\/covasna45.ro\/?p=10153"},"modified":"2025-03-10T15:06:54","modified_gmt":"2025-03-10T13:06:54","slug":"cinci-zile-de-sarbatoare-la-sfantu-gheorghe-de-ziua-maghiarilor-de-pretutindeni","status":"publish","type":"post","link":"https:\/\/covasna45.ro\/index.php\/lumea-noastra\/cinci-zile-de-sarbatoare-la-sfantu-gheorghe-de-ziua-maghiarilor-de-pretutindeni\/","title":{"rendered":"Cinci zile de s\u0103rb\u0103toare la Sf\u00e2ntu Gheorghe, de Ziua Maghiarilor de Pretutindeni"},"content":{"rendered":"\n<p>Comunitatea maghiar\u0103 din Sf\u00e2ntu Gheorghe va avea parte de un program complex, derulat pe parcursul a cinci zile, la edi\u021bia din acest an a Zilei Maghiarilor de Pretutindeni.<\/p>\n\n\n\n<p>Primarul Antal \u00c1rp\u00e1d a anun\u021bat \u00een urm\u0103 cu scurt timp programul complet al manif\u0103st\u0103rilor.<\/p>\n\n\n\n<p>\u201e<strong>Ne amintim de cea de-a 177-a aniversare a Revolu\u021biei 1848 cu o serie bogat\u0103 de programe \u00een Sf\u00e2ntu Gheorghe. Anul acesta Hidv\u00e9ghi Bal\u00e1zs, parlamentar al Ungariei, ministru adjunct al Cabinetului Prim-ministrului, s\u0103rb\u0103tore\u0219te al\u0103turi de noi. Depunem coroane la locurile memoriale din ora\u0219 \u0219i vom \u00eenso\u021bi mar\u0219ul traditional al husarilor p\u00e2n\u0103 \u00een pia\u021ba principal\u0103, ceremonia la care v\u0103 invit cu respect \u00eencep\u00e2nd cu ora 14.00.<\/strong><\/p>\n\n\n\n<p>Seria de programe de cinci zile va include un atelier de educa\u021bie muzeal\u0103, atelier de f\u0103cut cocarde, tur ghidat, proiec\u021bie de film \u0219i cafeneaua literar\u0103 SepsiPilvax, pentru a numi doar c\u00e2teva evenimente\u201d, a anun\u021bat primarul.<\/p>\n\n\n\n<figure class=\"wp-block-image size-large\"><img loading=\"lazy\" decoding=\"async\" width=\"1024\" height=\"683\" src=\"https:\/\/covasna45.ro\/wp-content\/uploads\/2025\/03\/sepsi-sarb-1024x683.jpg\" alt=\"\" class=\"wp-image-10155\" srcset=\"https:\/\/covasna45.ro\/wp-content\/uploads\/2025\/03\/sepsi-sarb-1024x683.jpg 1024w, https:\/\/covasna45.ro\/wp-content\/uploads\/2025\/03\/sepsi-sarb-300x200.jpg 300w, https:\/\/covasna45.ro\/wp-content\/uploads\/2025\/03\/sepsi-sarb-768x512.jpg 768w, https:\/\/covasna45.ro\/wp-content\/uploads\/2025\/03\/sepsi-sarb-1536x1024.jpg 1536w, https:\/\/covasna45.ro\/wp-content\/uploads\/2025\/03\/sepsi-sarb-150x100.jpg 150w, https:\/\/covasna45.ro\/wp-content\/uploads\/2025\/03\/sepsi-sarb-696x464.jpg 696w, https:\/\/covasna45.ro\/wp-content\/uploads\/2025\/03\/sepsi-sarb-1068x712.jpg 1068w, https:\/\/covasna45.ro\/wp-content\/uploads\/2025\/03\/sepsi-sarb-1920x1280.jpg 1920w, https:\/\/covasna45.ro\/wp-content\/uploads\/2025\/03\/sepsi-sarb.jpg 2048w\" sizes=\"auto, (max-width: 1024px) 100vw, 1024px\" \/><\/figure>\n\n\n\n<h2 class=\"wp-block-heading\">Comemorare festiv\u0103 la Sf\u00e2ntu Gheorghe \u00een onoarea Revolu\u021biei \u0219i R\u0103zboiului de Independen\u021b\u0103 din 1848\u20131849<\/h2>\n\n\n\n<h2 class=\"wp-block-heading\">Programul complet:<\/h2>\n\n\n\n<h2 class=\"wp-block-heading\">\u00centre 11 \u0219i 14 martie (mar\u021bi &#8211; vineri)<\/h2>\n\n\n\n<p>9:00-14:00\u00a0\u2013\u00a0<strong>Activit\u0103\u021bi muzeopedagogice pentru pre\u0219colari \u0219i elevii din clasele primare<\/strong>.<\/p>\n\n\n\n<p>Organizator: Muzeul Na\u021bional Secuiesc. Loca\u021bie: Muzeul Na\u021bional Secuiesc.<\/p>\n\n\n\n<h2 class=\"wp-block-heading\">13 martie, joi<\/h2>\n\n\n\n<p>12:00\u00a0\u2013\u00a0<strong>Locomotiva Revolu\u021biei pe str\u0103zile Sf\u00e2ntu Gheorghe<\/strong>\u00a0\u2013 c\u0103l\u0103torie cultural\u0103 \u0219i istoric\u0103 pentru elevii claselor V-VIII. Trenule\u021bul ora\u0219ului viziteaz\u0103 monumentele Revolu\u021biei de la 1848 din Sf\u00e2ntu Gheorghe.<\/p>\n\n\n\n<p>Organizatori: Biblioteca Jude\u021bean\u0103 \u201eBod P\u00e9ter\u201d \u0219i Asocia\u021bia Vadon.<\/p>\n\n\n\n<p><em>\u00censcrieri pentru clase la num\u0103rul de telefon\u00a00267 351609, Sec\u021bia pentru copii a Bibliotecii Jude\u021bene \u201eBod P\u00e9ter\u201d. Participare gratuit\u0103.<\/em><\/p>\n\n\n\n<h2 class=\"wp-block-heading\">14 martie, vineri<\/h2>\n\n\n\n<ul class=\"wp-block-list\">\n<li>9:00-15:00\u00a0\u2013 Atelier de confec\u021bionare a cocardelor pentru copii \u2013 activitate de crea\u021bie pentru grupuri organizate, coordonat\u0103 de membrii Cercului de Lucru Manual \u201eM\u00e2ini Dibace\u201d. Loca\u021bie: Parohia Sf. Iosif, sala M\u00e1rton \u00c1ron <\/li>\n\n\n\n<li>10:00\u00a0\u2013 Depunere de coroane la Monumentul B\u0103t\u0103liei din Simeria \u2013 particip\u0103 Gr\u0103dini\u021ba Gulliver.<\/li>\n\n\n\n<li>12:00\u00a0\u2013\u00a0Locomotiva Revolu\u021biei pe str\u0103zile Sf\u00e2ntu Gheorghe\u00a0\u2013 c\u0103l\u0103torie cultural\u0103 \u0219i istoric\u0103 pentru elevii claselor V-VIII.<\/li>\n<\/ul>\n\n\n\n<p>Organizatori: Biblioteca Jude\u021bean\u0103 \u201eBod P\u00e9ter\u201d \u0219i Asocia\u021bia Vadon. \u00censcrieri la\u00a00267 351609, Sec\u021bia pentru copii a Bibliotecii Jude\u021bene \u201eBod P\u00e9ter\u201d.<\/p>\n\n\n\n<ul class=\"wp-block-list\">\n<li>17:00-18:30\u00a0\u2013\u00a0Geniile din spatele eroilor. Trei Scaune \u00een R\u0103zboiul de Independen\u021b\u0103 din 1848\u20131849\u00a0\u2013 ghidaj tematic pentru adul\u021bi. Loca\u021bie: Muzeul Na\u021bional Secuiesc<\/li>\n\n\n\n<li>17:00\u00a0\u2013\u00a080 de husari\u00a0\u2013 proiec\u021bie de film dramatic maghiar (1978, 124 min). Loca\u021bie: Cinema Arta. Proiec\u021bie gratuit\u0103.<\/li>\n\n\n\n<li>19:00\u00a0\u2013\u00a0\u00cen memoria eroilor na\u021biunii maghiare\u00a0\u2013 capodopere ale operei maghiare \u0219i preparate preferate ale lui J\u00f3kai. Interpre\u021bi: Erd\u0151s R\u00f3bert (solist de oper\u0103) \u0219i Ambrus S\u00e1ndor (pianist). Loca\u021bie: Hotel Park, Bar Di Stefano.<\/li>\n<\/ul>\n\n\n\n<figure class=\"wp-block-image size-large\"><img loading=\"lazy\" decoding=\"async\" width=\"1024\" height=\"683\" src=\"https:\/\/covasna45.ro\/wp-content\/uploads\/2025\/03\/sepsi-15-m-1024x683.jpg\" alt=\"\" class=\"wp-image-10156\" srcset=\"https:\/\/covasna45.ro\/wp-content\/uploads\/2025\/03\/sepsi-15-m-1024x683.jpg 1024w, https:\/\/covasna45.ro\/wp-content\/uploads\/2025\/03\/sepsi-15-m-300x200.jpg 300w, https:\/\/covasna45.ro\/wp-content\/uploads\/2025\/03\/sepsi-15-m-768x512.jpg 768w, https:\/\/covasna45.ro\/wp-content\/uploads\/2025\/03\/sepsi-15-m-150x100.jpg 150w, https:\/\/covasna45.ro\/wp-content\/uploads\/2025\/03\/sepsi-15-m-696x464.jpg 696w, https:\/\/covasna45.ro\/wp-content\/uploads\/2025\/03\/sepsi-15-m-1068x712.jpg 1068w, https:\/\/covasna45.ro\/wp-content\/uploads\/2025\/03\/sepsi-15-m.jpg 1440w\" sizes=\"auto, (max-width: 1024px) 100vw, 1024px\" \/><\/figure>\n\n\n\n<h2 class=\"wp-block-heading\">15 martie, s\u00e2mb\u0103t\u0103<\/h2>\n\n\n\n<p>\u27a4&nbsp;Alearg\u0103 \u00een memoria eroilor!&nbsp;\u2013 Fitness Tribe \u2013 alergare comemorativ\u0103.<\/p>\n\n\n\n<ul class=\"wp-block-list\">\n<li>7:45\u00a0\u2013 Plecare cu trenule\u021bul din fa\u021ba Bibliotecii Jude\u021bene \u201eBod P\u00e9ter\u201d spre punctul de start, Monumentul din fa\u021ba \u0218colii Generale \u201eAdy Endre\u201d.<\/li>\n\n\n\n<li>8:00-10:00\u00a0\u2013 Startul cursei, parcurg\u00e2nd 10 loca\u021bii marcate pe hart\u0103, finalizat\u0103 la Monumentul Eroilor din 1848\u201349.<\/li>\n<\/ul>\n\n\n\n<p>\u27a4&nbsp;SepsiPilvax la Tein<\/p>\n\n\n\n<ul class=\"wp-block-list\">\n<li>10:00-18:00\u00a0\u2013 Atmosfer\u0103 inspirat\u0103 de cafenelele istorice din Budapesta. Organizatori: Institutul Liszt Sf\u00e2ntu Gheorghe, Consiliul Jude\u021bean Covasna.<\/li>\n\n\n\n<li>10:30\u00a0\u2013 Vernisaj expozi\u021bie\u00a0J\u00f3kai \u00een Trei Scaune<\/li>\n<\/ul>\n\n\n\n<p>Curator: Kiss Jen\u0151, fost director de bibliotec\u0103.<\/p>\n\n\n\n<p>Gazd\u0103: Szebeni Zsuzsa, directorul Institutului Liszt Sf\u00e2ntu Gheorghe.<\/p>\n\n\n\n<ul class=\"wp-block-list\">\n<li>11:00\u00a0\u2013 Cafea cu A\u00e1ry-Tam\u00e1s Lajos, Avocatul drepturilor educa\u021bionale.<\/li>\n<\/ul>\n\n\n\n<ul class=\"wp-block-list\">\n<li>11:30-14:30\u00a0\u2013 Atelier de scriere creativ\u0103 cu scriitorul Tam\u00e1s D\u00e9nes.<\/li>\n<\/ul>\n\n\n\n<ul class=\"wp-block-list\">\n<li>16:00-21:00\u00a0\u2013\u00a0Mokka cu fri\u0219c\u0103\u00a0\u2013 live acoustic.<\/li>\n<\/ul>\n\n\n\n<p>Interpre\u021bi: Nagy Magor (pian), Gerebenes Ede (chitar\u0103, voce).<\/p>\n\n\n\n<h2 class=\"wp-block-heading\">Evenimente permanente \u00een SepsiPilvax:<\/h2>\n\n\n\n<p>Expozi\u021bia&nbsp;J\u00f3kai \u00een Trei Scaune, costume de epoc\u0103, decoruri tematice, atmosfer\u0103 de cafenea istoric\u0103, pr\u0103jituri, cafea, m\u00e2nc\u0103ruri \u0219i b\u0103uturi specifice perioadei, articole de pres\u0103, ghicitori, c\u0103r\u021bi po\u0219tale \u0219i autocolante.<\/p>\n\n\n\n<p>\u27a4&nbsp;Acces gratuit la Muzeul Na\u021bional Secuiesc<\/p>\n\n\n\n<ul class=\"wp-block-list\">\n<li>9:00-14:00\u00a0\u2013 Acces gratuit la toate expozi\u021biile muzeului, inclusiv tunul original al lui G\u00e1bor \u00c1ron.<\/li>\n<\/ul>\n\n\n\n<p>\u27a4&nbsp;Proiec\u021bie de film la Cinema Arta<\/p>\n\n\n\n<ul class=\"wp-block-list\">\n<li>16:30\u00a0\u2013\u00a0Petale, flori, coroane\u00a0\u2013 film dramatic maghiar (1984, 102 min).<\/li>\n<\/ul>\n\n\n\n<p>Proiec\u021bie gratuit\u0103.<\/p>\n\n\n\n<figure class=\"wp-block-image size-large\"><img loading=\"lazy\" decoding=\"async\" width=\"1024\" height=\"683\" src=\"https:\/\/covasna45.ro\/wp-content\/uploads\/2025\/03\/sepsi-parada-h-1024x683.jpg\" alt=\"\" class=\"wp-image-10157\" srcset=\"https:\/\/covasna45.ro\/wp-content\/uploads\/2025\/03\/sepsi-parada-h-1024x683.jpg 1024w, https:\/\/covasna45.ro\/wp-content\/uploads\/2025\/03\/sepsi-parada-h-300x200.jpg 300w, https:\/\/covasna45.ro\/wp-content\/uploads\/2025\/03\/sepsi-parada-h-768x512.jpg 768w, https:\/\/covasna45.ro\/wp-content\/uploads\/2025\/03\/sepsi-parada-h-1536x1024.jpg 1536w, https:\/\/covasna45.ro\/wp-content\/uploads\/2025\/03\/sepsi-parada-h-150x100.jpg 150w, https:\/\/covasna45.ro\/wp-content\/uploads\/2025\/03\/sepsi-parada-h-696x464.jpg 696w, https:\/\/covasna45.ro\/wp-content\/uploads\/2025\/03\/sepsi-parada-h-1068x712.jpg 1068w, https:\/\/covasna45.ro\/wp-content\/uploads\/2025\/03\/sepsi-parada-h-1920x1280.jpg 1920w, https:\/\/covasna45.ro\/wp-content\/uploads\/2025\/03\/sepsi-parada-h.jpg 2048w\" sizes=\"auto, (max-width: 1024px) 100vw, 1024px\" \/><\/figure>\n\n\n\n<h2 class=\"wp-block-heading\">Depuneri de coroane la monumentele din Sf\u00e2ntu Gheorghe, Chilieni \u015fi Co\u015feni<\/h2>\n\n\n\n<p>Sf\u00e2ntu Gheorghe<\/p>\n\n\n\n<ul class=\"wp-block-list\">\n<li>9:00\u00a0\u2013 Placa memorial\u0103 a turn\u0103torului de tunuri Kiss J\u00e1nos (Str. Oltului, nr. 16)<\/li>\n\n\n\n<li>9:00\u00a0\u2013 Locul execu\u021biei V\u00e1radi-Bartalis (\u0150rk\u0151) \u2013 particip\u0103 elevii \u0218colii Generale \u201eV\u00e1radi J\u00f3zsef\u201d<\/li>\n\n\n\n<li>10:00\u00a0\u2013 Biserica Fortificat\u0103 \u2013 Cimitirul Fortificat \u2013 particip\u0103 elevii Liceului de Arte \u201ePlugor S\u00e1ndor\u201d \u0219i ai Liceului Tehnologic \u201ePusk\u00e1s Tivadar\u201d<\/li>\n\n\n\n<li>10:00\u00a0\u2013 Statuile lui G\u00e1bor \u00c1ron \u0219i Nicolae B\u0103lcescu (Cartierul Ciucului) \u2013 particip\u0103 elevii \u0218colii Generale \u201eG\u00f6dri Ferenc\u201d<\/li>\n\n\n\n<li>10:00\u00a0\u2013 Placa memorial\u0103 a temni\u021bei V\u00e1radi-Bartalis (Casa cu Arcade) \u2013 particip\u0103 elevii Liceului Teoretic \u201eMikes Kelemen\u201d<\/li>\n\n\n\n<li>10:30\u00a0\u2013 Statuia Gr\u00f3f Mik\u00f3 Imre (Parcul Elisabeta) \u2013 particip\u0103 elevii Colegiului \u201eSz\u00e9kely Mik\u00f3\u201d \u0219i ai Colegiului Reformat din Sf\u00e2ntu Gheorghe<\/li>\n\n\n\n<li>10:45\u00a0\u2013 Statuia lui Berde M\u00f3zsa (Parcul Elisabeta) \u2013 particip\u0103 elevii Liceului Economic \u201eBerde \u00c1ron\u201d<\/li>\n\n\n\n<li>11:00\u00a0\u2013 Placa memorial\u0103 G\u00e1bor \u00c1ron (cl\u0103direa Bibliotecii Jude\u021bene \u201eBod P\u00e9ter\u201d) \u2013 particip\u0103 elevii Colegiului \u201eSz\u00e9kely Mik\u00f3\u201d<\/li>\n\n\n\n<li>11:00\u00a0\u2013 Morm\u00e2ntul memorial cu st\u00e2lp funerar al lui Incze D\u00e1niel (Str. Malomg\u00e1t) \u2013 particip\u0103 cerceta\u0219ii din Sf\u00e2ntu Gheorghe \u0219i elevii Colegiului \u201eSz\u00e9kely Mik\u00f3\u201d<\/li>\n\n\n\n<li>11:30\u00a0\u2013 Monumentul memorial V\u00e1radi-Bartalis (Curtea \u0218colii Generale \u201eV\u00e1radi J\u00f3zsef\u201d) \u2013 particip\u0103 elevii claselor I-IV ai \u0218colii Generale \u201eV\u00e1radi J\u00f3zsef\u201d<\/li>\n\n\n\n<li>12:00\u00a0\u2013 Monumentul B\u0103t\u0103liei de la Eprestet\u0151 (Cartierul G\u0103rii) \u2013 particip\u0103 elevii \u0218colii Generale \u201eAdy Endre\u201d<\/li>\n\n\n\n<li>12:00\u00a0\u2013 Statuia lui Kossuth Lajos (Casa de Cultur\u0103 \u201eK\u00f3nya \u00c1d\u00e1m\u201d) \u2013 particip\u0103 Corul B\u0103rb\u0103tesc Maghiar din Sf\u00e2ntu Gheorghe<\/li>\n\n\n\n<li>13:30\u00a0\u2013 Monumentul Eroilor Honvezi din 1848\u201349 (Parcul Elisabeta)<\/li>\n<\/ul>\n\n\n\n<p>Reprezentan\u021bi ai administra\u021biei locale, ai partidelor politice, ai institu\u021biilor \u0219i ai organiza\u021biilor civile vor depune coroane la monument.<\/p>\n\n\n\n<p><strong>Particip\u0103 fanfara de tineret \u201eKov\u00e1ts Andr\u00e1s\u201d din Reci.<\/strong><\/p>\n\n\n\n<h2 class=\"wp-block-heading\">Chilieni<\/h2>\n\n\n\n<ul class=\"wp-block-list\">\n<li>11:00\u00a0\u2013 Monumentul memorial cu st\u00e2lp funerar al Revolu\u021biei din 1848 (Biserica Reformat\u0103 din Chilieni)<\/li>\n<\/ul>\n\n\n\n<h2 class=\"wp-block-heading\">Co\u015feni<\/h2>\n\n\n\n<ul class=\"wp-block-list\">\n<li>12:00\u00a0\u2013 Monumentul memorial cu bloc de piatr\u0103 (Cimitirul Reformat din Co\u015feni). Defilare festiv\u0103 spre Pia\u021ba Central\u0103<\/li>\n\n\n\n<li>12:30\u00a0\u2013 Pornire din vestul ora\u0219ului (\u0218coala General\u0103 \u201eV\u00e1radi J\u00f3zsef\u201d) \u0219i din est (Monumentul B\u0103t\u0103liei de la Eprestet\u0151 &#8211; Cartierul G\u0103rii).<\/li>\n<\/ul>\n\n\n\n<p>Ordinea defil\u0103rii: Cerceta\u0219i, autorit\u0103\u021bi locale, fanfara din Reci, husari, elevi cu steaguri secuie\u0219ti \u0219i maghiare (125 m lungime).<\/p>\n\n\n\n<figure class=\"wp-block-image size-large\"><img loading=\"lazy\" decoding=\"async\" width=\"1024\" height=\"683\" src=\"https:\/\/covasna45.ro\/wp-content\/uploads\/2025\/03\/cercetasi-1024x683.jpg\" alt=\"\" class=\"wp-image-10158\" srcset=\"https:\/\/covasna45.ro\/wp-content\/uploads\/2025\/03\/cercetasi-1024x683.jpg 1024w, https:\/\/covasna45.ro\/wp-content\/uploads\/2025\/03\/cercetasi-300x200.jpg 300w, https:\/\/covasna45.ro\/wp-content\/uploads\/2025\/03\/cercetasi-768x512.jpg 768w, https:\/\/covasna45.ro\/wp-content\/uploads\/2025\/03\/cercetasi-1536x1024.jpg 1536w, https:\/\/covasna45.ro\/wp-content\/uploads\/2025\/03\/cercetasi-150x100.jpg 150w, https:\/\/covasna45.ro\/wp-content\/uploads\/2025\/03\/cercetasi-696x464.jpg 696w, https:\/\/covasna45.ro\/wp-content\/uploads\/2025\/03\/cercetasi-1068x712.jpg 1068w, https:\/\/covasna45.ro\/wp-content\/uploads\/2025\/03\/cercetasi-1920x1280.jpg 1920w, https:\/\/covasna45.ro\/wp-content\/uploads\/2025\/03\/cercetasi.jpg 2048w\" sizes=\"auto, (max-width: 1024px) 100vw, 1024px\" \/><\/figure>\n\n\n\n<h2 class=\"wp-block-heading\">14:00 \u2013 Program Festiv \u00een Pia\u021ba Central\u0103<\/h2>\n\n\n\n<p>Discurs festiv&nbsp;\u2013 Antal \u00c1rp\u00e1d-Andr\u00e1s, primarul municipiului Sf\u00e2ntu Gheorghe<\/p>\n\n\n\n<h2 class=\"wp-block-heading\">Moment artistic \u2013 Liceul de Arte \u201ePlugor S\u00e1ndor\u201d<\/h2>\n\n\n\n<p>Discurs festiv&nbsp;\u2013 Hidv\u00e9ghi Bal\u00e1zs, deputat \u00een Parlamentul Ungariei, secretar de stat adjunct \u00een cadrul Cabinetului Prim-Ministrului Ungariei<\/p>\n\n\n\n<ul class=\"wp-block-list\">\n<li>Moment artistic \u2013 Liceul de Arte \u201ePlugor S\u00e1ndor\u201d<\/li>\n\n\n\n<li>Corul unit interpret\u00e2nd c\u00e2ntece revolu\u021bionare<\/li>\n\n\n\n<li>Recitare \u2013 Liceul de Arte \u201ePlugor S\u00e1ndor\u201d<\/li>\n\n\n\n<li>Moment folcloric \u2013 Ansamblul de dans popular\u00a0Kincskeres\u0151k<\/li>\n\n\n\n<li>Moment liric \u2013 Erd\u0151s R\u00f3bert, solist de oper\u0103<\/li>\n\n\n\n<li>Binecuv\u00e2ntare\u00a0\u2013 P\u00e9terfi \u00c1gnes, preot unitarian<\/li>\n\n\n\n<li>Intonarea imnurilor<\/li>\n\n\n\n<li>19:00 \u2013 Concert festiv<\/li>\n<\/ul>\n\n\n\n<p>Loca\u021bie: Teatrul \u201eTam\u00e1si \u00c1ron\u201d.<\/p>\n\n\n\n<ul class=\"wp-block-list\">\n<li>Interpre\u021bi: Georgius \u0219i Orchestra de Camer\u0103 Cs\u00edki, Trio S\u00e1rik P\u00e9ter.<\/li>\n\n\n\n<li>Dirijor: Werner G\u00e1bor.<\/li>\n\n\n\n<li>Pre\u021b bilete: 40 \/ 20 lei.<\/li>\n<\/ul>\n\n\n\n<p><strong>Organizatori:\u00a0<a href=\"https:\/\/www.sfantugheorgheinfo.ro\/stiri\/programul-zilei-maghiarilor-de-pretutindeni-la-sfantu-gheorghe-2025\">Prim\u0103ria Sf\u00e2ntu Gheorghe<\/a>, Casa de Cultur\u0103 \u201eK\u00f3nya \u00c1d\u00e1m\u201d.<\/strong><\/p>\n","protected":false},"excerpt":{"rendered":"<p>Comunitatea maghiar\u0103 din Sf\u00e2ntu Gheorghe va avea parte de un program complex, derulat pe parcursul a cinci zile, la edi\u021bia din acest an a Zilei Maghiarilor de Pretutindeni. Primarul Antal \u00c1rp\u00e1d a anun\u021bat \u00een urm\u0103 cu scurt timp programul complet al manif\u0103st\u0103rilor. \u201eNe amintim de cea de-a 177-a aniversare a Revolu\u021biei 1848 cu o serie [&hellip;]<\/p>\n","protected":false},"author":1,"featured_media":10154,"comment_status":"open","ping_status":"closed","sticky":false,"template":"","format":"standard","meta":{"tdm_status":"","tdm_grid_status":"","footnotes":""},"categories":[14],"tags":[182,2124,3432],"class_list":{"0":"post-10153","1":"post","2":"type-post","3":"status-publish","4":"format-standard","5":"has-post-thumbnail","7":"category-lumea-noastra","8":"tag-15-martie","9":"tag-sfantu-gheorghe-2","10":"tag-ziua-maghiarilor"},"yoast_head":"<!-- This site is optimized with the Yoast SEO plugin v27.5 - https:\/\/yoast.com\/product\/yoast-seo-wordpress\/ -->\n<title>Cinci zile de s\u0103rb\u0103toare la Sf\u00e2ntu Gheorghe, de Ziua Maghiarilor de Pretutindeni - Covasna45<\/title>\n<meta name=\"description\" content=\"Primarul Antal \u00c1rp\u00e1d a anun\u021bat \u00een urm\u0103 cu scurt timp programul complet al manif\u0103st\u0103rilor.\" \/>\n<meta name=\"robots\" content=\"index, follow, max-snippet:-1, max-image-preview:large, max-video-preview:-1\" \/>\n<link rel=\"canonical\" href=\"https:\/\/covasna45.ro\/index.php\/lumea-noastra\/cinci-zile-de-sarbatoare-la-sfantu-gheorghe-de-ziua-maghiarilor-de-pretutindeni\/\" \/>\n<meta property=\"og:locale\" content=\"ro_RO\" \/>\n<meta property=\"og:type\" content=\"article\" \/>\n<meta property=\"og:title\" content=\"Cinci zile de s\u0103rb\u0103toare la Sf\u00e2ntu Gheorghe, de Ziua Maghiarilor de Pretutindeni - Covasna45\" \/>\n<meta property=\"og:description\" content=\"Primarul Antal \u00c1rp\u00e1d a anun\u021bat \u00een urm\u0103 cu scurt timp programul complet al manif\u0103st\u0103rilor.\" \/>\n<meta property=\"og:url\" content=\"https:\/\/covasna45.ro\/index.php\/lumea-noastra\/cinci-zile-de-sarbatoare-la-sfantu-gheorghe-de-ziua-maghiarilor-de-pretutindeni\/\" \/>\n<meta property=\"og:site_name\" content=\"Covasna45\" \/>\n<meta property=\"article:published_time\" content=\"2025-03-10T13:06:54+00:00\" \/>\n<meta property=\"og:image\" content=\"https:\/\/covasna45.ro\/wp-content\/uploads\/2025\/03\/sepsi-11-m.jpg\" \/>\n\t<meta property=\"og:image:width\" content=\"1440\" \/>\n\t<meta property=\"og:image:height\" content=\"960\" \/>\n\t<meta property=\"og:image:type\" content=\"image\/jpeg\" \/>\n<meta name=\"author\" content=\"Covasna45\" \/>\n<meta name=\"twitter:card\" content=\"summary_large_image\" \/>\n<meta name=\"twitter:label1\" content=\"Scris de\" \/>\n\t<meta name=\"twitter:data1\" content=\"Covasna45\" \/>\n\t<meta name=\"twitter:label2\" content=\"Timp estimat pentru citire\" \/>\n\t<meta name=\"twitter:data2\" content=\"7 minute\" \/>\n<script type=\"application\/ld+json\" class=\"yoast-schema-graph\">{\"@context\":\"https:\\\/\\\/schema.org\",\"@graph\":[{\"@type\":\"Article\",\"@id\":\"https:\\\/\\\/covasna45.ro\\\/index.php\\\/lumea-noastra\\\/cinci-zile-de-sarbatoare-la-sfantu-gheorghe-de-ziua-maghiarilor-de-pretutindeni\\\/#article\",\"isPartOf\":{\"@id\":\"https:\\\/\\\/covasna45.ro\\\/index.php\\\/lumea-noastra\\\/cinci-zile-de-sarbatoare-la-sfantu-gheorghe-de-ziua-maghiarilor-de-pretutindeni\\\/\"},\"author\":{\"name\":\"Covasna45\",\"@id\":\"https:\\\/\\\/covasna45.ro\\\/#\\\/schema\\\/person\\\/e674052bd7d95d70bbb007a1060ab73c\"},\"headline\":\"Cinci zile de s\u0103rb\u0103toare la Sf\u00e2ntu Gheorghe, de Ziua Maghiarilor de Pretutindeni\",\"datePublished\":\"2025-03-10T13:06:54+00:00\",\"mainEntityOfPage\":{\"@id\":\"https:\\\/\\\/covasna45.ro\\\/index.php\\\/lumea-noastra\\\/cinci-zile-de-sarbatoare-la-sfantu-gheorghe-de-ziua-maghiarilor-de-pretutindeni\\\/\"},\"wordCount\":1179,\"commentCount\":0,\"publisher\":{\"@id\":\"https:\\\/\\\/covasna45.ro\\\/#organization\"},\"image\":{\"@id\":\"https:\\\/\\\/covasna45.ro\\\/index.php\\\/lumea-noastra\\\/cinci-zile-de-sarbatoare-la-sfantu-gheorghe-de-ziua-maghiarilor-de-pretutindeni\\\/#primaryimage\"},\"thumbnailUrl\":\"https:\\\/\\\/covasna45.ro\\\/wp-content\\\/uploads\\\/2025\\\/03\\\/sepsi-11-m.jpg\",\"keywords\":[\"15 martie\",\"Sfantu Gheorghe\",\"Ziua maghiarilor\"],\"articleSection\":[\"Lumea noastr\u0103\"],\"inLanguage\":\"ro-RO\",\"potentialAction\":[{\"@type\":\"CommentAction\",\"name\":\"Comment\",\"target\":[\"https:\\\/\\\/covasna45.ro\\\/index.php\\\/lumea-noastra\\\/cinci-zile-de-sarbatoare-la-sfantu-gheorghe-de-ziua-maghiarilor-de-pretutindeni\\\/#respond\"]}]},{\"@type\":\"WebPage\",\"@id\":\"https:\\\/\\\/covasna45.ro\\\/index.php\\\/lumea-noastra\\\/cinci-zile-de-sarbatoare-la-sfantu-gheorghe-de-ziua-maghiarilor-de-pretutindeni\\\/\",\"url\":\"https:\\\/\\\/covasna45.ro\\\/index.php\\\/lumea-noastra\\\/cinci-zile-de-sarbatoare-la-sfantu-gheorghe-de-ziua-maghiarilor-de-pretutindeni\\\/\",\"name\":\"Cinci zile de s\u0103rb\u0103toare la Sf\u00e2ntu Gheorghe, de Ziua Maghiarilor de Pretutindeni - Covasna45\",\"isPartOf\":{\"@id\":\"https:\\\/\\\/covasna45.ro\\\/#website\"},\"primaryImageOfPage\":{\"@id\":\"https:\\\/\\\/covasna45.ro\\\/index.php\\\/lumea-noastra\\\/cinci-zile-de-sarbatoare-la-sfantu-gheorghe-de-ziua-maghiarilor-de-pretutindeni\\\/#primaryimage\"},\"image\":{\"@id\":\"https:\\\/\\\/covasna45.ro\\\/index.php\\\/lumea-noastra\\\/cinci-zile-de-sarbatoare-la-sfantu-gheorghe-de-ziua-maghiarilor-de-pretutindeni\\\/#primaryimage\"},\"thumbnailUrl\":\"https:\\\/\\\/covasna45.ro\\\/wp-content\\\/uploads\\\/2025\\\/03\\\/sepsi-11-m.jpg\",\"datePublished\":\"2025-03-10T13:06:54+00:00\",\"description\":\"Primarul Antal \u00c1rp\u00e1d a anun\u021bat \u00een urm\u0103 cu scurt timp programul complet al manif\u0103st\u0103rilor.\",\"breadcrumb\":{\"@id\":\"https:\\\/\\\/covasna45.ro\\\/index.php\\\/lumea-noastra\\\/cinci-zile-de-sarbatoare-la-sfantu-gheorghe-de-ziua-maghiarilor-de-pretutindeni\\\/#breadcrumb\"},\"inLanguage\":\"ro-RO\",\"potentialAction\":[{\"@type\":\"ReadAction\",\"target\":[\"https:\\\/\\\/covasna45.ro\\\/index.php\\\/lumea-noastra\\\/cinci-zile-de-sarbatoare-la-sfantu-gheorghe-de-ziua-maghiarilor-de-pretutindeni\\\/\"]}]},{\"@type\":\"ImageObject\",\"inLanguage\":\"ro-RO\",\"@id\":\"https:\\\/\\\/covasna45.ro\\\/index.php\\\/lumea-noastra\\\/cinci-zile-de-sarbatoare-la-sfantu-gheorghe-de-ziua-maghiarilor-de-pretutindeni\\\/#primaryimage\",\"url\":\"https:\\\/\\\/covasna45.ro\\\/wp-content\\\/uploads\\\/2025\\\/03\\\/sepsi-11-m.jpg\",\"contentUrl\":\"https:\\\/\\\/covasna45.ro\\\/wp-content\\\/uploads\\\/2025\\\/03\\\/sepsi-11-m.jpg\",\"width\":1440,\"height\":960},{\"@type\":\"BreadcrumbList\",\"@id\":\"https:\\\/\\\/covasna45.ro\\\/index.php\\\/lumea-noastra\\\/cinci-zile-de-sarbatoare-la-sfantu-gheorghe-de-ziua-maghiarilor-de-pretutindeni\\\/#breadcrumb\",\"itemListElement\":[{\"@type\":\"ListItem\",\"position\":1,\"name\":\"Prima pagin\u0103\",\"item\":\"https:\\\/\\\/covasna45.ro\\\/\"},{\"@type\":\"ListItem\",\"position\":2,\"name\":\"Cinci zile de s\u0103rb\u0103toare la Sf\u00e2ntu Gheorghe, de Ziua Maghiarilor de Pretutindeni\"}]},{\"@type\":\"WebSite\",\"@id\":\"https:\\\/\\\/covasna45.ro\\\/#website\",\"url\":\"https:\\\/\\\/covasna45.ro\\\/\",\"name\":\"covasna45.ro\",\"description\":\"\",\"publisher\":{\"@id\":\"https:\\\/\\\/covasna45.ro\\\/#organization\"},\"potentialAction\":[{\"@type\":\"SearchAction\",\"target\":{\"@type\":\"EntryPoint\",\"urlTemplate\":\"https:\\\/\\\/covasna45.ro\\\/?s={search_term_string}\"},\"query-input\":{\"@type\":\"PropertyValueSpecification\",\"valueRequired\":true,\"valueName\":\"search_term_string\"}}],\"inLanguage\":\"ro-RO\"},{\"@type\":\"Organization\",\"@id\":\"https:\\\/\\\/covasna45.ro\\\/#organization\",\"name\":\"covasna45.ro\",\"url\":\"https:\\\/\\\/covasna45.ro\\\/\",\"logo\":{\"@type\":\"ImageObject\",\"inLanguage\":\"ro-RO\",\"@id\":\"https:\\\/\\\/covasna45.ro\\\/#\\\/schema\\\/logo\\\/image\\\/\",\"url\":\"https:\\\/\\\/covasna45.ro\\\/wp-content\\\/uploads\\\/2023\\\/01\\\/icon_logo.png\",\"contentUrl\":\"https:\\\/\\\/covasna45.ro\\\/wp-content\\\/uploads\\\/2023\\\/01\\\/icon_logo.png\",\"width\":1900,\"height\":1900,\"caption\":\"covasna45.ro\"},\"image\":{\"@id\":\"https:\\\/\\\/covasna45.ro\\\/#\\\/schema\\\/logo\\\/image\\\/\"}},{\"@type\":\"Person\",\"@id\":\"https:\\\/\\\/covasna45.ro\\\/#\\\/schema\\\/person\\\/e674052bd7d95d70bbb007a1060ab73c\",\"name\":\"Covasna45\",\"image\":{\"@type\":\"ImageObject\",\"inLanguage\":\"ro-RO\",\"@id\":\"https:\\\/\\\/covasna45.ro\\\/wp-content\\\/uploads\\\/2025\\\/10\\\/icon_logo_covasna45-150x150.png\",\"url\":\"https:\\\/\\\/covasna45.ro\\\/wp-content\\\/uploads\\\/2025\\\/10\\\/icon_logo_covasna45-150x150.png\",\"contentUrl\":\"https:\\\/\\\/covasna45.ro\\\/wp-content\\\/uploads\\\/2025\\\/10\\\/icon_logo_covasna45-150x150.png\",\"caption\":\"Covasna45\"},\"sameAs\":[\"https:\\\/\\\/covasna45.ro\"],\"url\":\"https:\\\/\\\/covasna45.ro\\\/index.php\\\/author\\\/covasna\\\/\"}]}<\/script>\n<!-- \/ Yoast SEO plugin. -->","yoast_head_json":{"title":"Cinci zile de s\u0103rb\u0103toare la Sf\u00e2ntu Gheorghe, de Ziua Maghiarilor de Pretutindeni - Covasna45","description":"Primarul Antal \u00c1rp\u00e1d a anun\u021bat \u00een urm\u0103 cu scurt timp programul complet al manif\u0103st\u0103rilor.","robots":{"index":"index","follow":"follow","max-snippet":"max-snippet:-1","max-image-preview":"max-image-preview:large","max-video-preview":"max-video-preview:-1"},"canonical":"https:\/\/covasna45.ro\/index.php\/lumea-noastra\/cinci-zile-de-sarbatoare-la-sfantu-gheorghe-de-ziua-maghiarilor-de-pretutindeni\/","og_locale":"ro_RO","og_type":"article","og_title":"Cinci zile de s\u0103rb\u0103toare la Sf\u00e2ntu Gheorghe, de Ziua Maghiarilor de Pretutindeni - Covasna45","og_description":"Primarul Antal \u00c1rp\u00e1d a anun\u021bat \u00een urm\u0103 cu scurt timp programul complet al manif\u0103st\u0103rilor.","og_url":"https:\/\/covasna45.ro\/index.php\/lumea-noastra\/cinci-zile-de-sarbatoare-la-sfantu-gheorghe-de-ziua-maghiarilor-de-pretutindeni\/","og_site_name":"Covasna45","article_published_time":"2025-03-10T13:06:54+00:00","og_image":[{"width":1440,"height":960,"url":"https:\/\/covasna45.ro\/wp-content\/uploads\/2025\/03\/sepsi-11-m.jpg","type":"image\/jpeg"}],"author":"Covasna45","twitter_card":"summary_large_image","twitter_misc":{"Scris de":"Covasna45","Timp estimat pentru citire":"7 minute"},"schema":{"@context":"https:\/\/schema.org","@graph":[{"@type":"Article","@id":"https:\/\/covasna45.ro\/index.php\/lumea-noastra\/cinci-zile-de-sarbatoare-la-sfantu-gheorghe-de-ziua-maghiarilor-de-pretutindeni\/#article","isPartOf":{"@id":"https:\/\/covasna45.ro\/index.php\/lumea-noastra\/cinci-zile-de-sarbatoare-la-sfantu-gheorghe-de-ziua-maghiarilor-de-pretutindeni\/"},"author":{"name":"Covasna45","@id":"https:\/\/covasna45.ro\/#\/schema\/person\/e674052bd7d95d70bbb007a1060ab73c"},"headline":"Cinci zile de s\u0103rb\u0103toare la Sf\u00e2ntu Gheorghe, de Ziua Maghiarilor de Pretutindeni","datePublished":"2025-03-10T13:06:54+00:00","mainEntityOfPage":{"@id":"https:\/\/covasna45.ro\/index.php\/lumea-noastra\/cinci-zile-de-sarbatoare-la-sfantu-gheorghe-de-ziua-maghiarilor-de-pretutindeni\/"},"wordCount":1179,"commentCount":0,"publisher":{"@id":"https:\/\/covasna45.ro\/#organization"},"image":{"@id":"https:\/\/covasna45.ro\/index.php\/lumea-noastra\/cinci-zile-de-sarbatoare-la-sfantu-gheorghe-de-ziua-maghiarilor-de-pretutindeni\/#primaryimage"},"thumbnailUrl":"https:\/\/covasna45.ro\/wp-content\/uploads\/2025\/03\/sepsi-11-m.jpg","keywords":["15 martie","Sfantu Gheorghe","Ziua maghiarilor"],"articleSection":["Lumea noastr\u0103"],"inLanguage":"ro-RO","potentialAction":[{"@type":"CommentAction","name":"Comment","target":["https:\/\/covasna45.ro\/index.php\/lumea-noastra\/cinci-zile-de-sarbatoare-la-sfantu-gheorghe-de-ziua-maghiarilor-de-pretutindeni\/#respond"]}]},{"@type":"WebPage","@id":"https:\/\/covasna45.ro\/index.php\/lumea-noastra\/cinci-zile-de-sarbatoare-la-sfantu-gheorghe-de-ziua-maghiarilor-de-pretutindeni\/","url":"https:\/\/covasna45.ro\/index.php\/lumea-noastra\/cinci-zile-de-sarbatoare-la-sfantu-gheorghe-de-ziua-maghiarilor-de-pretutindeni\/","name":"Cinci zile de s\u0103rb\u0103toare la Sf\u00e2ntu Gheorghe, de Ziua Maghiarilor de Pretutindeni - Covasna45","isPartOf":{"@id":"https:\/\/covasna45.ro\/#website"},"primaryImageOfPage":{"@id":"https:\/\/covasna45.ro\/index.php\/lumea-noastra\/cinci-zile-de-sarbatoare-la-sfantu-gheorghe-de-ziua-maghiarilor-de-pretutindeni\/#primaryimage"},"image":{"@id":"https:\/\/covasna45.ro\/index.php\/lumea-noastra\/cinci-zile-de-sarbatoare-la-sfantu-gheorghe-de-ziua-maghiarilor-de-pretutindeni\/#primaryimage"},"thumbnailUrl":"https:\/\/covasna45.ro\/wp-content\/uploads\/2025\/03\/sepsi-11-m.jpg","datePublished":"2025-03-10T13:06:54+00:00","description":"Primarul Antal \u00c1rp\u00e1d a anun\u021bat \u00een urm\u0103 cu scurt timp programul complet al manif\u0103st\u0103rilor.","breadcrumb":{"@id":"https:\/\/covasna45.ro\/index.php\/lumea-noastra\/cinci-zile-de-sarbatoare-la-sfantu-gheorghe-de-ziua-maghiarilor-de-pretutindeni\/#breadcrumb"},"inLanguage":"ro-RO","potentialAction":[{"@type":"ReadAction","target":["https:\/\/covasna45.ro\/index.php\/lumea-noastra\/cinci-zile-de-sarbatoare-la-sfantu-gheorghe-de-ziua-maghiarilor-de-pretutindeni\/"]}]},{"@type":"ImageObject","inLanguage":"ro-RO","@id":"https:\/\/covasna45.ro\/index.php\/lumea-noastra\/cinci-zile-de-sarbatoare-la-sfantu-gheorghe-de-ziua-maghiarilor-de-pretutindeni\/#primaryimage","url":"https:\/\/covasna45.ro\/wp-content\/uploads\/2025\/03\/sepsi-11-m.jpg","contentUrl":"https:\/\/covasna45.ro\/wp-content\/uploads\/2025\/03\/sepsi-11-m.jpg","width":1440,"height":960},{"@type":"BreadcrumbList","@id":"https:\/\/covasna45.ro\/index.php\/lumea-noastra\/cinci-zile-de-sarbatoare-la-sfantu-gheorghe-de-ziua-maghiarilor-de-pretutindeni\/#breadcrumb","itemListElement":[{"@type":"ListItem","position":1,"name":"Prima pagin\u0103","item":"https:\/\/covasna45.ro\/"},{"@type":"ListItem","position":2,"name":"Cinci zile de s\u0103rb\u0103toare la Sf\u00e2ntu Gheorghe, de Ziua Maghiarilor de Pretutindeni"}]},{"@type":"WebSite","@id":"https:\/\/covasna45.ro\/#website","url":"https:\/\/covasna45.ro\/","name":"covasna45.ro","description":"","publisher":{"@id":"https:\/\/covasna45.ro\/#organization"},"potentialAction":[{"@type":"SearchAction","target":{"@type":"EntryPoint","urlTemplate":"https:\/\/covasna45.ro\/?s={search_term_string}"},"query-input":{"@type":"PropertyValueSpecification","valueRequired":true,"valueName":"search_term_string"}}],"inLanguage":"ro-RO"},{"@type":"Organization","@id":"https:\/\/covasna45.ro\/#organization","name":"covasna45.ro","url":"https:\/\/covasna45.ro\/","logo":{"@type":"ImageObject","inLanguage":"ro-RO","@id":"https:\/\/covasna45.ro\/#\/schema\/logo\/image\/","url":"https:\/\/covasna45.ro\/wp-content\/uploads\/2023\/01\/icon_logo.png","contentUrl":"https:\/\/covasna45.ro\/wp-content\/uploads\/2023\/01\/icon_logo.png","width":1900,"height":1900,"caption":"covasna45.ro"},"image":{"@id":"https:\/\/covasna45.ro\/#\/schema\/logo\/image\/"}},{"@type":"Person","@id":"https:\/\/covasna45.ro\/#\/schema\/person\/e674052bd7d95d70bbb007a1060ab73c","name":"Covasna45","image":{"@type":"ImageObject","inLanguage":"ro-RO","@id":"https:\/\/covasna45.ro\/wp-content\/uploads\/2025\/10\/icon_logo_covasna45-150x150.png","url":"https:\/\/covasna45.ro\/wp-content\/uploads\/2025\/10\/icon_logo_covasna45-150x150.png","contentUrl":"https:\/\/covasna45.ro\/wp-content\/uploads\/2025\/10\/icon_logo_covasna45-150x150.png","caption":"Covasna45"},"sameAs":["https:\/\/covasna45.ro"],"url":"https:\/\/covasna45.ro\/index.php\/author\/covasna\/"}]}},"_links":{"self":[{"href":"https:\/\/covasna45.ro\/index.php\/wp-json\/wp\/v2\/posts\/10153","targetHints":{"allow":["GET"]}}],"collection":[{"href":"https:\/\/covasna45.ro\/index.php\/wp-json\/wp\/v2\/posts"}],"about":[{"href":"https:\/\/covasna45.ro\/index.php\/wp-json\/wp\/v2\/types\/post"}],"author":[{"embeddable":true,"href":"https:\/\/covasna45.ro\/index.php\/wp-json\/wp\/v2\/users\/1"}],"replies":[{"embeddable":true,"href":"https:\/\/covasna45.ro\/index.php\/wp-json\/wp\/v2\/comments?post=10153"}],"version-history":[{"count":1,"href":"https:\/\/covasna45.ro\/index.php\/wp-json\/wp\/v2\/posts\/10153\/revisions"}],"predecessor-version":[{"id":10159,"href":"https:\/\/covasna45.ro\/index.php\/wp-json\/wp\/v2\/posts\/10153\/revisions\/10159"}],"wp:featuredmedia":[{"embeddable":true,"href":"https:\/\/covasna45.ro\/index.php\/wp-json\/wp\/v2\/media\/10154"}],"wp:attachment":[{"href":"https:\/\/covasna45.ro\/index.php\/wp-json\/wp\/v2\/media?parent=10153"}],"wp:term":[{"taxonomy":"category","embeddable":true,"href":"https:\/\/covasna45.ro\/index.php\/wp-json\/wp\/v2\/categories?post=10153"},{"taxonomy":"post_tag","embeddable":true,"href":"https:\/\/covasna45.ro\/index.php\/wp-json\/wp\/v2\/tags?post=10153"}],"curies":[{"name":"wp","href":"https:\/\/api.w.org\/{rel}","templated":true}]}}