{"id":10160,"date":"2025-03-11T11:20:00","date_gmt":"2025-03-11T09:20:00","guid":{"rendered":"https:\/\/covasna45.ro\/?p=10160"},"modified":"2025-03-11T12:04:07","modified_gmt":"2025-03-11T10:04:07","slug":"statiunea-covasna-apare-pe-harta-motociclismului-competitie-de-hard-enduro-in-iunie","status":"publish","type":"post","link":"https:\/\/covasna45.ro\/index.php\/lumea-noastra\/statiunea-covasna-apare-pe-harta-motociclismului-competitie-de-hard-enduro-in-iunie\/","title":{"rendered":"Sta\u021biunea Covasna apare pe \u201eharta\u201d motociclismului: Competi\u021bie de hard enduro, \u00een iunie"},"content":{"rendered":"\n<p>Pasiona\u021bii de vitez\u0103 \u0219i motoare din Covasna, localnici sau turi\u0219ti, vor avea ocazia s\u0103 asiste la o curs\u0103 spectaculoas\u0103 de hard enduro, \u00een luna iunie. Pentru prima dat\u0103, \u201eSta\u021biunea inimii\u201d apare pe harta motociclismului extrem \u0219i va g\u0103zdui o competi\u021bie regional\u0103, primul pas spre un campionat na\u021bional.<\/p>\n\n\n\n<figure class=\"wp-block-image size-large\"><img loading=\"lazy\" decoding=\"async\" width=\"1024\" height=\"682\" src=\"https:\/\/covasna45.ro\/wp-content\/uploads\/2025\/03\/cezar-3-1024x682.jpg\" alt=\"\" class=\"wp-image-10162\" srcset=\"https:\/\/covasna45.ro\/wp-content\/uploads\/2025\/03\/cezar-3-1024x682.jpg 1024w, https:\/\/covasna45.ro\/wp-content\/uploads\/2025\/03\/cezar-3-300x200.jpg 300w, https:\/\/covasna45.ro\/wp-content\/uploads\/2025\/03\/cezar-3-768x511.jpg 768w, https:\/\/covasna45.ro\/wp-content\/uploads\/2025\/03\/cezar-3-150x100.jpg 150w, https:\/\/covasna45.ro\/wp-content\/uploads\/2025\/03\/cezar-3-696x464.jpg 696w, https:\/\/covasna45.ro\/wp-content\/uploads\/2025\/03\/cezar-3-1068x711.jpg 1068w, https:\/\/covasna45.ro\/wp-content\/uploads\/2025\/03\/cezar-3.jpg 1440w\" sizes=\"auto, (max-width: 1024px) 100vw, 1024px\" \/><\/figure>\n\n\n\n<p>Ideea nu a ap\u0103rut \u201edin senin\u201d, ci e preg\u0103tit\u0103 de ceva timp de un grup de tineri practican\u021bi de hard enduro, concuren\u021bi la diverse competi\u021bii din \u021bar\u0103. Unul dintre ei e chiar campion na\u021bional.<\/p>\n\n\n\n<figure class=\"wp-block-image size-large\"><img loading=\"lazy\" decoding=\"async\" width=\"1024\" height=\"1024\" src=\"https:\/\/covasna45.ro\/wp-content\/uploads\/2025\/03\/WhatsApp-Image-2025-03-10-at-14.58.02-1024x1024.jpeg\" alt=\"\" class=\"wp-image-10181\" srcset=\"https:\/\/covasna45.ro\/wp-content\/uploads\/2025\/03\/WhatsApp-Image-2025-03-10-at-14.58.02-1024x1024.jpeg 1024w, https:\/\/covasna45.ro\/wp-content\/uploads\/2025\/03\/WhatsApp-Image-2025-03-10-at-14.58.02-300x300.jpeg 300w, https:\/\/covasna45.ro\/wp-content\/uploads\/2025\/03\/WhatsApp-Image-2025-03-10-at-14.58.02-150x150.jpeg 150w, https:\/\/covasna45.ro\/wp-content\/uploads\/2025\/03\/WhatsApp-Image-2025-03-10-at-14.58.02-768x768.jpeg 768w, https:\/\/covasna45.ro\/wp-content\/uploads\/2025\/03\/WhatsApp-Image-2025-03-10-at-14.58.02-1536x1536.jpeg 1536w, https:\/\/covasna45.ro\/wp-content\/uploads\/2025\/03\/WhatsApp-Image-2025-03-10-at-14.58.02-696x696.jpeg 696w, https:\/\/covasna45.ro\/wp-content\/uploads\/2025\/03\/WhatsApp-Image-2025-03-10-at-14.58.02-1068x1068.jpeg 1068w, https:\/\/covasna45.ro\/wp-content\/uploads\/2025\/03\/WhatsApp-Image-2025-03-10-at-14.58.02-1920x1920.jpeg 1920w, https:\/\/covasna45.ro\/wp-content\/uploads\/2025\/03\/WhatsApp-Image-2025-03-10-at-14.58.02.jpeg 2048w\" sizes=\"auto, (max-width: 1024px) 100vw, 1024px\" \/><\/figure>\n\n\n\n<p>\u201e<strong>Suntem 4 b\u0103ie\u021bi din Covasna care concur\u0103m \u00een campionatul na\u021bional de hard enduro \u0219i ne-am g\u00e2ndit, v\u0103z\u00e2nd alte zone, c\u0103 \u0219i la noi e posibil un astfel de concurs. Hard enduro presupune teren accidentat, p\u0103duri, drumuri \u00een pant\u0103, ori noi avem a\u0219a ceva. Avem un ora\u0219 foarte frumos \u0219i foarte potrivit pentru acest sport<\/strong>\u201d, a explicat, pentru <a href=\"https:\/\/covasna45.ro\/index.php\/sport\/winter-romania-historic-rally-2025-la-comandau-pilotii-au-fost-incantati-de-traseu\/\">covasna45.ro<\/a>, Cezar \u0218ulea. El este, de altfel, de dou\u0103 ori campion na\u021bional la hard enduro, ultimul trofeu find ob\u021binut \u00een 2023, la categoria \u201eexpert\u201d.<\/p>\n\n\n\n<figure class=\"wp-block-image size-large\"><img loading=\"lazy\" decoding=\"async\" width=\"820\" height=\"1024\" src=\"https:\/\/covasna45.ro\/wp-content\/uploads\/2025\/03\/cezar-s-2-820x1024.jpg\" alt=\"\" class=\"wp-image-10163\" srcset=\"https:\/\/covasna45.ro\/wp-content\/uploads\/2025\/03\/cezar-s-2-820x1024.jpg 820w, https:\/\/covasna45.ro\/wp-content\/uploads\/2025\/03\/cezar-s-2-240x300.jpg 240w, https:\/\/covasna45.ro\/wp-content\/uploads\/2025\/03\/cezar-s-2-768x959.jpg 768w, https:\/\/covasna45.ro\/wp-content\/uploads\/2025\/03\/cezar-s-2-150x187.jpg 150w, https:\/\/covasna45.ro\/wp-content\/uploads\/2025\/03\/cezar-s-2-300x375.jpg 300w, https:\/\/covasna45.ro\/wp-content\/uploads\/2025\/03\/cezar-s-2-696x869.jpg 696w, https:\/\/covasna45.ro\/wp-content\/uploads\/2025\/03\/cezar-s-2.jpg 1052w\" sizes=\"auto, (max-width: 820px) 100vw, 820px\" \/><\/figure>\n\n\n\n<p>Pentru a putea organiza un concurs na\u021bional, e nevoie mai \u00eent\u00e2i s\u0103 organizezi o etap\u0103 regional\u0103. Tinerii no\u0219tri  &#8211; Ciprian Furtun\u0103, Oliviu Costea, Andrei Muntean, Muntean Flavian \u0219i Cezar \u0218ulea &#8211; au convenit totul cu Prim\u0103ria <a href=\"https:\/\/covasna45.ro\/index.php\/lumea-noastra\/dr-drift-din-covasna-sergiu-si-pasiunea-pentru-derapajul-controlat\/\">Covasna<\/a> \u0219i Federa\u021bia Rom\u00e2n\u0103 de Motociclism astfel \u00eenc\u00e2t, pe 7 \u0219i 8 iunie 2025, vom avea la Covasna prima curs\u0103 oficial\u0103 de hard enduro din istoria ora\u0219ului.<\/p>\n\n\n\n<figure class=\"wp-block-image size-full\"><img loading=\"lazy\" decoding=\"async\" width=\"960\" height=\"640\" src=\"https:\/\/covasna45.ro\/wp-content\/uploads\/2025\/03\/WhatsApp-Image-2025-03-10-at-14.58.16.jpeg\" alt=\"\" class=\"wp-image-10179\" srcset=\"https:\/\/covasna45.ro\/wp-content\/uploads\/2025\/03\/WhatsApp-Image-2025-03-10-at-14.58.16.jpeg 960w, https:\/\/covasna45.ro\/wp-content\/uploads\/2025\/03\/WhatsApp-Image-2025-03-10-at-14.58.16-300x200.jpeg 300w, https:\/\/covasna45.ro\/wp-content\/uploads\/2025\/03\/WhatsApp-Image-2025-03-10-at-14.58.16-768x512.jpeg 768w, https:\/\/covasna45.ro\/wp-content\/uploads\/2025\/03\/WhatsApp-Image-2025-03-10-at-14.58.16-150x100.jpeg 150w, https:\/\/covasna45.ro\/wp-content\/uploads\/2025\/03\/WhatsApp-Image-2025-03-10-at-14.58.16-696x464.jpeg 696w\" sizes=\"auto, (max-width: 960px) 100vw, 960px\" \/><\/figure>\n\n\n\n<p>\u201e<strong>Vor fi dou\u0103 etape, prima e ceea ce numim un Prolog \u0219i apoi cursa propriu-zis\u0103, care va fi prin p\u0103dure. Se pleac\u0103 de pe Valea Z\u00e2nelor spre Comand\u0103u \u0219i linia de sosire e tot pe Valea Z\u00e2nelor. Prologul ne-am g\u00e2ndit, fiind o curs\u0103 mai scurt\u0103, mai rapid\u0103, s\u0103 fie \u00een centrul ora\u0219ului<\/strong>\u201d, ne-a mai spus Cezar. <\/p>\n\n\n\n<figure class=\"wp-block-image size-large\"><img loading=\"lazy\" decoding=\"async\" width=\"1024\" height=\"1024\" src=\"https:\/\/covasna45.ro\/wp-content\/uploads\/2025\/03\/cezar-1024x1024.jpg\" alt=\"\" class=\"wp-image-10164\" srcset=\"https:\/\/covasna45.ro\/wp-content\/uploads\/2025\/03\/cezar-1024x1024.jpg 1024w, https:\/\/covasna45.ro\/wp-content\/uploads\/2025\/03\/cezar-300x300.jpg 300w, https:\/\/covasna45.ro\/wp-content\/uploads\/2025\/03\/cezar-150x150.jpg 150w, https:\/\/covasna45.ro\/wp-content\/uploads\/2025\/03\/cezar-768x768.jpg 768w, https:\/\/covasna45.ro\/wp-content\/uploads\/2025\/03\/cezar-696x696.jpg 696w, https:\/\/covasna45.ro\/wp-content\/uploads\/2025\/03\/cezar.jpg 1052w\" sizes=\"auto, (max-width: 1024px) 100vw, 1024px\" \/><\/figure>\n\n\n\n<h2 class=\"wp-block-heading\">Ce este hard enduro?<\/h2>\n\n\n\n<p>Dup\u0103 cum \u00eei spune \u0219i numele, e vorba de motociclism extrem, pe trasee extreme. Aceste trasee sunt fie naturale, fie create de oameni \u0219i \u201e\u00eembog\u0103\u021bite\u201d cu obstacole ce par imposibil de trecut. <\/p>\n\n\n\n<figure class=\"wp-block-image size-large\"><img loading=\"lazy\" decoding=\"async\" width=\"1024\" height=\"683\" src=\"https:\/\/covasna45.ro\/wp-content\/uploads\/2025\/03\/WhatsApp-Image-2025-03-10-at-14.58.05-1024x683.jpeg\" alt=\"\" class=\"wp-image-10180\" srcset=\"https:\/\/covasna45.ro\/wp-content\/uploads\/2025\/03\/WhatsApp-Image-2025-03-10-at-14.58.05-1024x683.jpeg 1024w, https:\/\/covasna45.ro\/wp-content\/uploads\/2025\/03\/WhatsApp-Image-2025-03-10-at-14.58.05-300x200.jpeg 300w, https:\/\/covasna45.ro\/wp-content\/uploads\/2025\/03\/WhatsApp-Image-2025-03-10-at-14.58.05-768x512.jpeg 768w, https:\/\/covasna45.ro\/wp-content\/uploads\/2025\/03\/WhatsApp-Image-2025-03-10-at-14.58.05-1536x1024.jpeg 1536w, https:\/\/covasna45.ro\/wp-content\/uploads\/2025\/03\/WhatsApp-Image-2025-03-10-at-14.58.05-150x100.jpeg 150w, https:\/\/covasna45.ro\/wp-content\/uploads\/2025\/03\/WhatsApp-Image-2025-03-10-at-14.58.05-696x464.jpeg 696w, https:\/\/covasna45.ro\/wp-content\/uploads\/2025\/03\/WhatsApp-Image-2025-03-10-at-14.58.05-1068x712.jpeg 1068w, https:\/\/covasna45.ro\/wp-content\/uploads\/2025\/03\/WhatsApp-Image-2025-03-10-at-14.58.05-1920x1280.jpeg 1920w, https:\/\/covasna45.ro\/wp-content\/uploads\/2025\/03\/WhatsApp-Image-2025-03-10-at-14.58.05.jpeg 2048w\" sizes=\"auto, (max-width: 1024px) 100vw, 1024px\" \/><\/figure>\n\n\n\n<p>Un sport pe care nu oricine \u00eel poate practica \u0219i care este spectaculos de urm\u0103rit. \u00cen Rom\u00e2nia sunt multe <a href=\"https:\/\/www.frm.ro\/hard-enduro\/\">etape<\/a> de hard enduro \u00een ora\u0219e mai mici sau mai mari, cum ar fi Or\u0103\u0219tie, T\u00e2rgu Neam\u021b, Ol\u0103ne\u0219ti, Bac\u0103u, Sibiu etc. Este un sport cu mul\u021bi suporteri dar mai ales cu mult\u0103 adrenalin\u0103.<\/p>\n","protected":false},"excerpt":{"rendered":"<p>Pasiona\u021bii de vitez\u0103 \u0219i motoare din Covasna, localnici sau turi\u0219ti, vor avea ocazia s\u0103 asiste la o curs\u0103 spectaculoas\u0103 de hard enduro, \u00een luna iunie. Pentru prima dat\u0103, \u201eSta\u021biunea inimii\u201d apare pe harta motociclismului extrem \u0219i va g\u0103zdui o competi\u021bie regional\u0103, primul pas spre un campionat na\u021bional. Ideea nu a ap\u0103rut \u201edin senin\u201d, ci e [&hellip;]<\/p>\n","protected":false},"author":3,"featured_media":10161,"comment_status":"open","ping_status":"closed","sticky":false,"template":"","format":"standard","meta":{"tdm_status":"","tdm_grid_status":"","footnotes":""},"categories":[14],"tags":[21,3433,3434],"class_list":{"0":"post-10160","1":"post","2":"type-post","3":"status-publish","4":"format-standard","5":"has-post-thumbnail","7":"category-lumea-noastra","8":"tag-covasna","9":"tag-hard-enduro","10":"tag-motociclism"},"yoast_head":"<!-- This site is optimized with the Yoast SEO plugin v27.5 - https:\/\/yoast.com\/product\/yoast-seo-wordpress\/ -->\n<title>Sta\u021biunea Covasna apare pe \u201eharta\u201d motociclismului: Competi\u021bie de hard enduro, \u00een iunie - Covasna45<\/title>\n<meta name=\"description\" content=\"Pasiona\u021bii de vitez\u0103 \u0219i motoare din Covasna, localnici sau turi\u0219ti, vor avea ocazia s\u0103 asiste la o curs\u0103 spectaculoas\u0103 de hard enduro.\" \/>\n<meta name=\"robots\" content=\"index, follow, max-snippet:-1, max-image-preview:large, max-video-preview:-1\" \/>\n<link rel=\"canonical\" href=\"https:\/\/covasna45.ro\/index.php\/lumea-noastra\/statiunea-covasna-apare-pe-harta-motociclismului-competitie-de-hard-enduro-in-iunie\/\" \/>\n<meta property=\"og:locale\" content=\"ro_RO\" \/>\n<meta property=\"og:type\" content=\"article\" \/>\n<meta property=\"og:title\" content=\"Sta\u021biunea Covasna apare pe \u201eharta\u201d motociclismului: Competi\u021bie de hard enduro, \u00een iunie - Covasna45\" \/>\n<meta property=\"og:description\" content=\"Pasiona\u021bii de vitez\u0103 \u0219i motoare din Covasna, localnici sau turi\u0219ti, vor avea ocazia s\u0103 asiste la o curs\u0103 spectaculoas\u0103 de hard enduro.\" \/>\n<meta property=\"og:url\" content=\"https:\/\/covasna45.ro\/index.php\/lumea-noastra\/statiunea-covasna-apare-pe-harta-motociclismului-competitie-de-hard-enduro-in-iunie\/\" \/>\n<meta property=\"og:site_name\" content=\"Covasna45\" \/>\n<meta property=\"article:published_time\" content=\"2025-03-11T09:20:00+00:00\" \/>\n<meta property=\"article:modified_time\" content=\"2025-03-11T10:04:07+00:00\" \/>\n<meta property=\"og:image\" content=\"https:\/\/covasna45.ro\/wp-content\/uploads\/2025\/03\/enduro.jpeg\" \/>\n\t<meta property=\"og:image:width\" content=\"1972\" \/>\n\t<meta property=\"og:image:height\" content=\"1228\" \/>\n\t<meta property=\"og:image:type\" content=\"image\/jpeg\" \/>\n<meta name=\"author\" content=\"Gina Artenie\" \/>\n<meta name=\"twitter:card\" content=\"summary_large_image\" \/>\n<meta name=\"twitter:label1\" content=\"Scris de\" \/>\n\t<meta name=\"twitter:data1\" content=\"Gina Artenie\" \/>\n\t<meta name=\"twitter:label2\" content=\"Timp estimat pentru citire\" \/>\n\t<meta name=\"twitter:data2\" content=\"4 minute\" \/>\n<script type=\"application\/ld+json\" class=\"yoast-schema-graph\">{\"@context\":\"https:\\\/\\\/schema.org\",\"@graph\":[{\"@type\":\"Article\",\"@id\":\"https:\\\/\\\/covasna45.ro\\\/index.php\\\/lumea-noastra\\\/statiunea-covasna-apare-pe-harta-motociclismului-competitie-de-hard-enduro-in-iunie\\\/#article\",\"isPartOf\":{\"@id\":\"https:\\\/\\\/covasna45.ro\\\/index.php\\\/lumea-noastra\\\/statiunea-covasna-apare-pe-harta-motociclismului-competitie-de-hard-enduro-in-iunie\\\/\"},\"author\":{\"name\":\"Gina Artenie\",\"@id\":\"https:\\\/\\\/covasna45.ro\\\/#\\\/schema\\\/person\\\/a1349b84526c62ffb40b193ae8676c7e\"},\"headline\":\"Sta\u021biunea Covasna apare pe \u201eharta\u201d motociclismului: Competi\u021bie de hard enduro, \u00een iunie\",\"datePublished\":\"2025-03-11T09:20:00+00:00\",\"dateModified\":\"2025-03-11T10:04:07+00:00\",\"mainEntityOfPage\":{\"@id\":\"https:\\\/\\\/covasna45.ro\\\/index.php\\\/lumea-noastra\\\/statiunea-covasna-apare-pe-harta-motociclismului-competitie-de-hard-enduro-in-iunie\\\/\"},\"wordCount\":426,\"commentCount\":0,\"publisher\":{\"@id\":\"https:\\\/\\\/covasna45.ro\\\/#organization\"},\"image\":{\"@id\":\"https:\\\/\\\/covasna45.ro\\\/index.php\\\/lumea-noastra\\\/statiunea-covasna-apare-pe-harta-motociclismului-competitie-de-hard-enduro-in-iunie\\\/#primaryimage\"},\"thumbnailUrl\":\"https:\\\/\\\/covasna45.ro\\\/wp-content\\\/uploads\\\/2025\\\/03\\\/enduro.jpeg\",\"keywords\":[\"covasna\",\"hard enduro\",\"motociclism\"],\"articleSection\":[\"Lumea noastr\u0103\"],\"inLanguage\":\"ro-RO\",\"potentialAction\":[{\"@type\":\"CommentAction\",\"name\":\"Comment\",\"target\":[\"https:\\\/\\\/covasna45.ro\\\/index.php\\\/lumea-noastra\\\/statiunea-covasna-apare-pe-harta-motociclismului-competitie-de-hard-enduro-in-iunie\\\/#respond\"]}]},{\"@type\":\"WebPage\",\"@id\":\"https:\\\/\\\/covasna45.ro\\\/index.php\\\/lumea-noastra\\\/statiunea-covasna-apare-pe-harta-motociclismului-competitie-de-hard-enduro-in-iunie\\\/\",\"url\":\"https:\\\/\\\/covasna45.ro\\\/index.php\\\/lumea-noastra\\\/statiunea-covasna-apare-pe-harta-motociclismului-competitie-de-hard-enduro-in-iunie\\\/\",\"name\":\"Sta\u021biunea Covasna apare pe \u201eharta\u201d motociclismului: Competi\u021bie de hard enduro, \u00een iunie - Covasna45\",\"isPartOf\":{\"@id\":\"https:\\\/\\\/covasna45.ro\\\/#website\"},\"primaryImageOfPage\":{\"@id\":\"https:\\\/\\\/covasna45.ro\\\/index.php\\\/lumea-noastra\\\/statiunea-covasna-apare-pe-harta-motociclismului-competitie-de-hard-enduro-in-iunie\\\/#primaryimage\"},\"image\":{\"@id\":\"https:\\\/\\\/covasna45.ro\\\/index.php\\\/lumea-noastra\\\/statiunea-covasna-apare-pe-harta-motociclismului-competitie-de-hard-enduro-in-iunie\\\/#primaryimage\"},\"thumbnailUrl\":\"https:\\\/\\\/covasna45.ro\\\/wp-content\\\/uploads\\\/2025\\\/03\\\/enduro.jpeg\",\"datePublished\":\"2025-03-11T09:20:00+00:00\",\"dateModified\":\"2025-03-11T10:04:07+00:00\",\"description\":\"Pasiona\u021bii de vitez\u0103 \u0219i motoare din Covasna, localnici sau turi\u0219ti, vor avea ocazia s\u0103 asiste la o curs\u0103 spectaculoas\u0103 de hard enduro.\",\"breadcrumb\":{\"@id\":\"https:\\\/\\\/covasna45.ro\\\/index.php\\\/lumea-noastra\\\/statiunea-covasna-apare-pe-harta-motociclismului-competitie-de-hard-enduro-in-iunie\\\/#breadcrumb\"},\"inLanguage\":\"ro-RO\",\"potentialAction\":[{\"@type\":\"ReadAction\",\"target\":[\"https:\\\/\\\/covasna45.ro\\\/index.php\\\/lumea-noastra\\\/statiunea-covasna-apare-pe-harta-motociclismului-competitie-de-hard-enduro-in-iunie\\\/\"]}]},{\"@type\":\"ImageObject\",\"inLanguage\":\"ro-RO\",\"@id\":\"https:\\\/\\\/covasna45.ro\\\/index.php\\\/lumea-noastra\\\/statiunea-covasna-apare-pe-harta-motociclismului-competitie-de-hard-enduro-in-iunie\\\/#primaryimage\",\"url\":\"https:\\\/\\\/covasna45.ro\\\/wp-content\\\/uploads\\\/2025\\\/03\\\/enduro.jpeg\",\"contentUrl\":\"https:\\\/\\\/covasna45.ro\\\/wp-content\\\/uploads\\\/2025\\\/03\\\/enduro.jpeg\",\"width\":1972,\"height\":1228},{\"@type\":\"BreadcrumbList\",\"@id\":\"https:\\\/\\\/covasna45.ro\\\/index.php\\\/lumea-noastra\\\/statiunea-covasna-apare-pe-harta-motociclismului-competitie-de-hard-enduro-in-iunie\\\/#breadcrumb\",\"itemListElement\":[{\"@type\":\"ListItem\",\"position\":1,\"name\":\"Prima pagin\u0103\",\"item\":\"https:\\\/\\\/covasna45.ro\\\/\"},{\"@type\":\"ListItem\",\"position\":2,\"name\":\"Sta\u021biunea Covasna apare pe \u201eharta\u201d motociclismului: Competi\u021bie de hard enduro, \u00een iunie\"}]},{\"@type\":\"WebSite\",\"@id\":\"https:\\\/\\\/covasna45.ro\\\/#website\",\"url\":\"https:\\\/\\\/covasna45.ro\\\/\",\"name\":\"covasna45.ro\",\"description\":\"\",\"publisher\":{\"@id\":\"https:\\\/\\\/covasna45.ro\\\/#organization\"},\"potentialAction\":[{\"@type\":\"SearchAction\",\"target\":{\"@type\":\"EntryPoint\",\"urlTemplate\":\"https:\\\/\\\/covasna45.ro\\\/?s={search_term_string}\"},\"query-input\":{\"@type\":\"PropertyValueSpecification\",\"valueRequired\":true,\"valueName\":\"search_term_string\"}}],\"inLanguage\":\"ro-RO\"},{\"@type\":\"Organization\",\"@id\":\"https:\\\/\\\/covasna45.ro\\\/#organization\",\"name\":\"covasna45.ro\",\"url\":\"https:\\\/\\\/covasna45.ro\\\/\",\"logo\":{\"@type\":\"ImageObject\",\"inLanguage\":\"ro-RO\",\"@id\":\"https:\\\/\\\/covasna45.ro\\\/#\\\/schema\\\/logo\\\/image\\\/\",\"url\":\"https:\\\/\\\/covasna45.ro\\\/wp-content\\\/uploads\\\/2023\\\/01\\\/icon_logo.png\",\"contentUrl\":\"https:\\\/\\\/covasna45.ro\\\/wp-content\\\/uploads\\\/2023\\\/01\\\/icon_logo.png\",\"width\":1900,\"height\":1900,\"caption\":\"covasna45.ro\"},\"image\":{\"@id\":\"https:\\\/\\\/covasna45.ro\\\/#\\\/schema\\\/logo\\\/image\\\/\"}},{\"@type\":\"Person\",\"@id\":\"https:\\\/\\\/covasna45.ro\\\/#\\\/schema\\\/person\\\/a1349b84526c62ffb40b193ae8676c7e\",\"name\":\"Gina Artenie\",\"image\":{\"@type\":\"ImageObject\",\"inLanguage\":\"ro-RO\",\"@id\":\"https:\\\/\\\/covasna45.ro\\\/wp-content\\\/uploads\\\/2023\\\/08\\\/gina_artenie-150x150.jpg\",\"url\":\"https:\\\/\\\/covasna45.ro\\\/wp-content\\\/uploads\\\/2023\\\/08\\\/gina_artenie-150x150.jpg\",\"contentUrl\":\"https:\\\/\\\/covasna45.ro\\\/wp-content\\\/uploads\\\/2023\\\/08\\\/gina_artenie-150x150.jpg\",\"caption\":\"Gina Artenie\"},\"sameAs\":[\"http:\\\/\\\/www.covasna45.ro\"],\"url\":\"https:\\\/\\\/covasna45.ro\\\/index.php\\\/author\\\/gina\\\/\"}]}<\/script>\n<!-- \/ Yoast SEO plugin. -->","yoast_head_json":{"title":"Sta\u021biunea Covasna apare pe \u201eharta\u201d motociclismului: Competi\u021bie de hard enduro, \u00een iunie - Covasna45","description":"Pasiona\u021bii de vitez\u0103 \u0219i motoare din Covasna, localnici sau turi\u0219ti, vor avea ocazia s\u0103 asiste la o curs\u0103 spectaculoas\u0103 de hard enduro.","robots":{"index":"index","follow":"follow","max-snippet":"max-snippet:-1","max-image-preview":"max-image-preview:large","max-video-preview":"max-video-preview:-1"},"canonical":"https:\/\/covasna45.ro\/index.php\/lumea-noastra\/statiunea-covasna-apare-pe-harta-motociclismului-competitie-de-hard-enduro-in-iunie\/","og_locale":"ro_RO","og_type":"article","og_title":"Sta\u021biunea Covasna apare pe \u201eharta\u201d motociclismului: Competi\u021bie de hard enduro, \u00een iunie - Covasna45","og_description":"Pasiona\u021bii de vitez\u0103 \u0219i motoare din Covasna, localnici sau turi\u0219ti, vor avea ocazia s\u0103 asiste la o curs\u0103 spectaculoas\u0103 de hard enduro.","og_url":"https:\/\/covasna45.ro\/index.php\/lumea-noastra\/statiunea-covasna-apare-pe-harta-motociclismului-competitie-de-hard-enduro-in-iunie\/","og_site_name":"Covasna45","article_published_time":"2025-03-11T09:20:00+00:00","article_modified_time":"2025-03-11T10:04:07+00:00","og_image":[{"width":1972,"height":1228,"url":"https:\/\/covasna45.ro\/wp-content\/uploads\/2025\/03\/enduro.jpeg","type":"image\/jpeg"}],"author":"Gina Artenie","twitter_card":"summary_large_image","twitter_misc":{"Scris de":"Gina Artenie","Timp estimat pentru citire":"4 minute"},"schema":{"@context":"https:\/\/schema.org","@graph":[{"@type":"Article","@id":"https:\/\/covasna45.ro\/index.php\/lumea-noastra\/statiunea-covasna-apare-pe-harta-motociclismului-competitie-de-hard-enduro-in-iunie\/#article","isPartOf":{"@id":"https:\/\/covasna45.ro\/index.php\/lumea-noastra\/statiunea-covasna-apare-pe-harta-motociclismului-competitie-de-hard-enduro-in-iunie\/"},"author":{"name":"Gina Artenie","@id":"https:\/\/covasna45.ro\/#\/schema\/person\/a1349b84526c62ffb40b193ae8676c7e"},"headline":"Sta\u021biunea Covasna apare pe \u201eharta\u201d motociclismului: Competi\u021bie de hard enduro, \u00een iunie","datePublished":"2025-03-11T09:20:00+00:00","dateModified":"2025-03-11T10:04:07+00:00","mainEntityOfPage":{"@id":"https:\/\/covasna45.ro\/index.php\/lumea-noastra\/statiunea-covasna-apare-pe-harta-motociclismului-competitie-de-hard-enduro-in-iunie\/"},"wordCount":426,"commentCount":0,"publisher":{"@id":"https:\/\/covasna45.ro\/#organization"},"image":{"@id":"https:\/\/covasna45.ro\/index.php\/lumea-noastra\/statiunea-covasna-apare-pe-harta-motociclismului-competitie-de-hard-enduro-in-iunie\/#primaryimage"},"thumbnailUrl":"https:\/\/covasna45.ro\/wp-content\/uploads\/2025\/03\/enduro.jpeg","keywords":["covasna","hard enduro","motociclism"],"articleSection":["Lumea noastr\u0103"],"inLanguage":"ro-RO","potentialAction":[{"@type":"CommentAction","name":"Comment","target":["https:\/\/covasna45.ro\/index.php\/lumea-noastra\/statiunea-covasna-apare-pe-harta-motociclismului-competitie-de-hard-enduro-in-iunie\/#respond"]}]},{"@type":"WebPage","@id":"https:\/\/covasna45.ro\/index.php\/lumea-noastra\/statiunea-covasna-apare-pe-harta-motociclismului-competitie-de-hard-enduro-in-iunie\/","url":"https:\/\/covasna45.ro\/index.php\/lumea-noastra\/statiunea-covasna-apare-pe-harta-motociclismului-competitie-de-hard-enduro-in-iunie\/","name":"Sta\u021biunea Covasna apare pe \u201eharta\u201d motociclismului: Competi\u021bie de hard enduro, \u00een iunie - Covasna45","isPartOf":{"@id":"https:\/\/covasna45.ro\/#website"},"primaryImageOfPage":{"@id":"https:\/\/covasna45.ro\/index.php\/lumea-noastra\/statiunea-covasna-apare-pe-harta-motociclismului-competitie-de-hard-enduro-in-iunie\/#primaryimage"},"image":{"@id":"https:\/\/covasna45.ro\/index.php\/lumea-noastra\/statiunea-covasna-apare-pe-harta-motociclismului-competitie-de-hard-enduro-in-iunie\/#primaryimage"},"thumbnailUrl":"https:\/\/covasna45.ro\/wp-content\/uploads\/2025\/03\/enduro.jpeg","datePublished":"2025-03-11T09:20:00+00:00","dateModified":"2025-03-11T10:04:07+00:00","description":"Pasiona\u021bii de vitez\u0103 \u0219i motoare din Covasna, localnici sau turi\u0219ti, vor avea ocazia s\u0103 asiste la o curs\u0103 spectaculoas\u0103 de hard enduro.","breadcrumb":{"@id":"https:\/\/covasna45.ro\/index.php\/lumea-noastra\/statiunea-covasna-apare-pe-harta-motociclismului-competitie-de-hard-enduro-in-iunie\/#breadcrumb"},"inLanguage":"ro-RO","potentialAction":[{"@type":"ReadAction","target":["https:\/\/covasna45.ro\/index.php\/lumea-noastra\/statiunea-covasna-apare-pe-harta-motociclismului-competitie-de-hard-enduro-in-iunie\/"]}]},{"@type":"ImageObject","inLanguage":"ro-RO","@id":"https:\/\/covasna45.ro\/index.php\/lumea-noastra\/statiunea-covasna-apare-pe-harta-motociclismului-competitie-de-hard-enduro-in-iunie\/#primaryimage","url":"https:\/\/covasna45.ro\/wp-content\/uploads\/2025\/03\/enduro.jpeg","contentUrl":"https:\/\/covasna45.ro\/wp-content\/uploads\/2025\/03\/enduro.jpeg","width":1972,"height":1228},{"@type":"BreadcrumbList","@id":"https:\/\/covasna45.ro\/index.php\/lumea-noastra\/statiunea-covasna-apare-pe-harta-motociclismului-competitie-de-hard-enduro-in-iunie\/#breadcrumb","itemListElement":[{"@type":"ListItem","position":1,"name":"Prima pagin\u0103","item":"https:\/\/covasna45.ro\/"},{"@type":"ListItem","position":2,"name":"Sta\u021biunea Covasna apare pe \u201eharta\u201d motociclismului: Competi\u021bie de hard enduro, \u00een iunie"}]},{"@type":"WebSite","@id":"https:\/\/covasna45.ro\/#website","url":"https:\/\/covasna45.ro\/","name":"covasna45.ro","description":"","publisher":{"@id":"https:\/\/covasna45.ro\/#organization"},"potentialAction":[{"@type":"SearchAction","target":{"@type":"EntryPoint","urlTemplate":"https:\/\/covasna45.ro\/?s={search_term_string}"},"query-input":{"@type":"PropertyValueSpecification","valueRequired":true,"valueName":"search_term_string"}}],"inLanguage":"ro-RO"},{"@type":"Organization","@id":"https:\/\/covasna45.ro\/#organization","name":"covasna45.ro","url":"https:\/\/covasna45.ro\/","logo":{"@type":"ImageObject","inLanguage":"ro-RO","@id":"https:\/\/covasna45.ro\/#\/schema\/logo\/image\/","url":"https:\/\/covasna45.ro\/wp-content\/uploads\/2023\/01\/icon_logo.png","contentUrl":"https:\/\/covasna45.ro\/wp-content\/uploads\/2023\/01\/icon_logo.png","width":1900,"height":1900,"caption":"covasna45.ro"},"image":{"@id":"https:\/\/covasna45.ro\/#\/schema\/logo\/image\/"}},{"@type":"Person","@id":"https:\/\/covasna45.ro\/#\/schema\/person\/a1349b84526c62ffb40b193ae8676c7e","name":"Gina Artenie","image":{"@type":"ImageObject","inLanguage":"ro-RO","@id":"https:\/\/covasna45.ro\/wp-content\/uploads\/2023\/08\/gina_artenie-150x150.jpg","url":"https:\/\/covasna45.ro\/wp-content\/uploads\/2023\/08\/gina_artenie-150x150.jpg","contentUrl":"https:\/\/covasna45.ro\/wp-content\/uploads\/2023\/08\/gina_artenie-150x150.jpg","caption":"Gina Artenie"},"sameAs":["http:\/\/www.covasna45.ro"],"url":"https:\/\/covasna45.ro\/index.php\/author\/gina\/"}]}},"_links":{"self":[{"href":"https:\/\/covasna45.ro\/index.php\/wp-json\/wp\/v2\/posts\/10160","targetHints":{"allow":["GET"]}}],"collection":[{"href":"https:\/\/covasna45.ro\/index.php\/wp-json\/wp\/v2\/posts"}],"about":[{"href":"https:\/\/covasna45.ro\/index.php\/wp-json\/wp\/v2\/types\/post"}],"author":[{"embeddable":true,"href":"https:\/\/covasna45.ro\/index.php\/wp-json\/wp\/v2\/users\/3"}],"replies":[{"embeddable":true,"href":"https:\/\/covasna45.ro\/index.php\/wp-json\/wp\/v2\/comments?post=10160"}],"version-history":[{"count":2,"href":"https:\/\/covasna45.ro\/index.php\/wp-json\/wp\/v2\/posts\/10160\/revisions"}],"predecessor-version":[{"id":10182,"href":"https:\/\/covasna45.ro\/index.php\/wp-json\/wp\/v2\/posts\/10160\/revisions\/10182"}],"wp:featuredmedia":[{"embeddable":true,"href":"https:\/\/covasna45.ro\/index.php\/wp-json\/wp\/v2\/media\/10161"}],"wp:attachment":[{"href":"https:\/\/covasna45.ro\/index.php\/wp-json\/wp\/v2\/media?parent=10160"}],"wp:term":[{"taxonomy":"category","embeddable":true,"href":"https:\/\/covasna45.ro\/index.php\/wp-json\/wp\/v2\/categories?post=10160"},{"taxonomy":"post_tag","embeddable":true,"href":"https:\/\/covasna45.ro\/index.php\/wp-json\/wp\/v2\/tags?post=10160"}],"curies":[{"name":"wp","href":"https:\/\/api.w.org\/{rel}","templated":true}]}}