{"id":10166,"date":"2025-03-11T08:58:04","date_gmt":"2025-03-11T06:58:04","guid":{"rendered":"https:\/\/covasna45.ro\/?p=10166"},"modified":"2025-03-11T08:58:04","modified_gmt":"2025-03-11T06:58:04","slug":"romania-si-ungaria-au-semnat-un-acord-de-cooperare-energetica","status":"publish","type":"post","link":"https:\/\/covasna45.ro\/index.php\/lumea-noastra\/romania-si-ungaria-au-semnat-un-acord-de-cooperare-energetica\/","title":{"rendered":"Rom\u00e2nia \u0219i Ungaria au semnat un acord de cooperare energetic\u0103"},"content":{"rendered":"\n<p>Rom\u00e2nia \u0219i Ungaria au \u00eencheiat un acord de solidaritate de importan\u0163\u0103 istoric\u0103 pentru men\u0163inerea securit\u0103\u0163ii aprovizion\u0103rii cu gaze naturale, care va avea ca rezultat o cooperare energetic\u0103 bilateral\u0103 mai str\u00e2ns\u0103 ca niciodat\u0103 &#8211; a anun\u0163at ieri ministrul ungar al afacerilor externe \u015fi al comer\u0163ului exterior, P\u00e9ter Szijj\u00e1rt\u00f3, la Budapesta, informeaz\u0103 <a href=\"https:\/\/cursdeguvernare.ro\/acord-romania-ungaria-gaze-naturale.html?fbclid=IwY2xjawI8vR5leHRuA2FlbQIxMQABHS6CqfKHktPKr7lsuFUe1Pr0DWRuVGoFTC4HY50cDgnk2yp9VEsHSGrsVw_aem_qoE9mmbDifwEXS8nZvYl8g\">cursdeguvernare.ro.<\/a><\/p>\n\n\n\n<p>Potrivit unui comunicat dat publicit\u0103\u021bii de ministerul de resort, \u015feful diploma\u0163iei ungare a relatat, dup\u0103 \u00eent\u00e2lnirea cu ministrul rom\u00e2n al energiei, Sebastian Burduja, c\u0103, \u00een aceast\u0103 perioad\u0103 de criz\u0103 \u015fi plin\u0103 de incertitudini, importan\u0163a securit\u0103\u0163ii aprovizion\u0103rii a crescut \u00een mod evident.<\/p>\n\n\n\n<p>Acest lucru asigur\u0103 protec\u0163ie reciproc\u0103, \u00een condi\u0163ii echitabile at\u00e2t pentru consumatorii ungari, c\u00e2t \u015fi pentru cei rom\u00e2ni. Mai mult, cooperarea este de o importan\u0163\u0103 deosebit\u0103 \u015fi pentru c\u0103 Rom\u00e2nia va deveni, \u00een c\u00e2\u0163iva ani, singurul exportator net de gaze naturale din regiune \u015fi cel mai mare produc\u0103tor din Uniunea European\u0103, a precizat P\u00e9ter Szijj\u00e1rt\u00f3.<\/p>\n\n\n\n<p>Ministrul ungar de externe a mai afirmat, totodat\u0103, c\u0103 ambele \u0163\u0103ri consider\u0103 aprovizionarea cu energie mai degrab\u0103 o problem\u0103 fizic\u0103 \u0219i practic\u0103 dec\u00e2t una ideologic\u0103, totodat\u0103 exist\u0103 un consens \u015fi cu privire la rolul din viitor al gazelor naturale, ceea ce confer\u0103 o baz\u0103 bun\u0103 pentru cooperare.<\/p>\n\n\n\n<p>\u00cen cadrul conferin\u0163ei de pres\u0103 comune, P\u00e9ter Szijj\u00e1rt\u00f3 a subliniat c\u0103 Rom\u00e2nia are capacit\u0103\u0163i de produc\u0163ie semnificative, care se vor mai extinde \u00een viitor, \u015fi c\u0103 \u0163ara vecin\u0103 are \u015fi o capacitate mare de stocare \u00een compara\u0163ie cu alte state din regiune, \u00een plus, are acces \u015fi la surse alternative.<\/p>\n\n\n\n<figure class=\"wp-block-image size-large\"><img loading=\"lazy\" decoding=\"async\" width=\"1024\" height=\"516\" src=\"https:\/\/covasna45.ro\/wp-content\/uploads\/2025\/03\/scord-ro-hu-gaz-1024x516.jpg\" alt=\"\" class=\"wp-image-10168\" srcset=\"https:\/\/covasna45.ro\/wp-content\/uploads\/2025\/03\/scord-ro-hu-gaz-1024x516.jpg 1024w, https:\/\/covasna45.ro\/wp-content\/uploads\/2025\/03\/scord-ro-hu-gaz-300x151.jpg 300w, https:\/\/covasna45.ro\/wp-content\/uploads\/2025\/03\/scord-ro-hu-gaz-768x387.jpg 768w, https:\/\/covasna45.ro\/wp-content\/uploads\/2025\/03\/scord-ro-hu-gaz-150x76.jpg 150w, https:\/\/covasna45.ro\/wp-content\/uploads\/2025\/03\/scord-ro-hu-gaz-696x350.jpg 696w, https:\/\/covasna45.ro\/wp-content\/uploads\/2025\/03\/scord-ro-hu-gaz-1068x538.jpg 1068w, https:\/\/covasna45.ro\/wp-content\/uploads\/2025\/03\/scord-ro-hu-gaz.jpg 1257w\" sizes=\"auto, (max-width: 1024px) 100vw, 1024px\" \/><\/figure>\n\n\n\n<p>\u201eUngaria a avut, astfel, un interes important s\u0103 poat\u0103 semna c\u00e2t mai cur\u00e2nd posibil acest acord de solidaritate cu Rom\u00e2nia, dintre to\u0163i vecinii s\u0103i\u201d, a subliniat ministrul ungar de externe.<\/p>\n\n\n\n<p>P\u00e9ter Szijj\u00e1rt\u00f3 a mai men\u0163ionat c\u0103 cele dou\u0103 \u0163\u0103ri \u015fi-au conectat deja re\u0163elele de conducte de gaze naturale, iar recent, capacitatea interconectorului a fost m\u0103rit\u0103, astfel \u00eenc\u00e2t \u00een prezent este posibil\u0103 transportarea a 2,6 miliarde de metri cubi de gaze naturale pe an.<\/p>\n\n\n\n<p>\u201eAnul trecut au fost comercializate \u00een total 1,8 miliarde de metri cubi, contribuind la securitatea aprovizion\u0103rii cu energie \u00een cele dou\u0103 \u0163\u0103ri\u201d, a explicat P\u00e9ter Szijj\u00e1rt\u00f3.<\/p>\n\n\n\n<p>Oficialul ungar a precizat c\u0103 \u00een urma evenimentelor din ultimii ani, direc\u0163ia sudic\u0103 a devenit dominant\u0103 \u00een aprovizionarea cu gaze naturale a Ungariei, iar odat\u0103 cu acordul actual, aceasta va deveni \u015fi mai decisiv\u0103. \u201e\u00cen viitor, aprovizionarea noastr\u0103 cu gaze naturale va continua s\u0103 fie furnizat\u0103 \u00een primul r\u00e2nd dinspre sud\u201d, a declarat ministrul ungar.<\/p>\n\n\n\n<p>\u00cen opinia sa, Rom\u00e2nia se afl\u0103, datorit\u0103 unui z\u0103c\u0103m\u00e2nt uria\u015f din mare, \u00een fa\u0163a unei oportunit\u0103\u0163i uria\u015fe de a deveni un exportator net de gaze naturale.<\/p>\n\n\n\n<p>\u201eAici, \u00een regiune, acesta va fi singurul z\u0103c\u0103m\u00e2nt nou sau op\u0163iune de surs\u0103 de gaze care poate servi scopului diversific\u0103rii. Astfel c\u0103 noi suntem, \u00een mod firesc, interesa\u0163i de extinderea cooper\u0103rii noastre cu Rom\u00e2nia \u00een domeniul gazelor naturale, iar negocierile comerciale necesare sunt deja \u00een curs de desf\u0103\u0219urare de c\u0103tre companiile noastre\u201d, a mai afirmat P\u00e9ter Szijj\u00e1rt\u00f3.<\/p>\n\n\n\n<p>\u201eSper\u0103m c\u0103 vor putea \u00eencheia un acord comercial care va reprezenta un pas \u00eenainte pentru ambele \u0163\u0103ri \u2013 din perspectiva afacerilor, cea financiar\u0103 \u015fi a securit\u0103\u0163ii energetice\u201d, a subliniat ministrul ungar.<\/p>\n\n\n\n<p>\u201e\u00cen cele din urm\u0103 a\u015f dori s\u0103 subliniez, \u00eenc\u0103 o dat\u0103, c\u0103 acest acord de solidaritate de importan\u0163\u0103 istoric\u0103 cu privire la gaze \u00eencheiat \u00eentre Ungaria \u015fi Rom\u00e2nia contribuie la securitatea aprovizion\u0103rii cu energie a Ungariei \u015fi la posibilitatea de a men\u0163ine m\u0103sura reducerii cheltuielilor cu utilit\u0103\u0163ile\u201d, a <a href=\"https:\/\/www.facebook.com\/szijjarto.peter.official\/videos\/566443686556695?locale=ro_RO\">conchis<\/a> P\u00e9ter Szijj\u00e1rt\u00f3.<\/p>\n","protected":false},"excerpt":{"rendered":"<p>Rom\u00e2nia \u0219i Ungaria au \u00eencheiat un acord de solidaritate de importan\u0163\u0103 istoric\u0103 pentru men\u0163inerea securit\u0103\u0163ii aprovizion\u0103rii cu gaze naturale, care va avea ca rezultat o cooperare energetic\u0103 bilateral\u0103 mai str\u00e2ns\u0103 ca niciodat\u0103 &#8211; a anun\u0163at ieri ministrul ungar al afacerilor externe \u015fi al comer\u0163ului exterior, P\u00e9ter Szijj\u00e1rt\u00f3, la Budapesta, informeaz\u0103 cursdeguvernare.ro. Potrivit unui comunicat dat [&hellip;]<\/p>\n","protected":false},"author":1,"featured_media":10167,"comment_status":"open","ping_status":"closed","sticky":false,"template":"","format":"standard","meta":{"tdm_status":"","tdm_grid_status":"","footnotes":""},"categories":[14],"tags":[3435,386,233,327,941,108],"class_list":{"0":"post-10166","1":"post","2":"type-post","3":"status-publish","4":"format-standard","5":"has-post-thumbnail","7":"category-lumea-noastra","8":"tag-acord","9":"tag-budapesta","10":"tag-energie","11":"tag-gaze-naturale","12":"tag-sebastian-burduja","13":"tag-ungaria"},"yoast_head":"<!-- This site is optimized with the Yoast SEO plugin v27.5 - https:\/\/yoast.com\/product\/yoast-seo-wordpress\/ -->\n<title>Rom\u00e2nia \u0219i Ungaria au semnat un acord de cooperare energetic\u0103 - Covasna45<\/title>\n<meta name=\"description\" content=\"Acest lucru asigur\u0103 protec\u0163ie reciproc\u0103, \u00een condi\u0163ii echitabile at\u00e2t pentru consumatorii ungari, c\u00e2t \u015fi pentru cei rom\u00e2ni.\" \/>\n<meta name=\"robots\" content=\"index, follow, max-snippet:-1, max-image-preview:large, max-video-preview:-1\" \/>\n<link rel=\"canonical\" href=\"https:\/\/covasna45.ro\/index.php\/lumea-noastra\/romania-si-ungaria-au-semnat-un-acord-de-cooperare-energetica\/\" \/>\n<meta property=\"og:locale\" content=\"ro_RO\" \/>\n<meta property=\"og:type\" content=\"article\" \/>\n<meta property=\"og:title\" content=\"Rom\u00e2nia \u0219i Ungaria au semnat un acord de cooperare energetic\u0103 - Covasna45\" \/>\n<meta property=\"og:description\" content=\"Acest lucru asigur\u0103 protec\u0163ie reciproc\u0103, \u00een condi\u0163ii echitabile at\u00e2t pentru consumatorii ungari, c\u00e2t \u015fi pentru cei rom\u00e2ni.\" \/>\n<meta property=\"og:url\" content=\"https:\/\/covasna45.ro\/index.php\/lumea-noastra\/romania-si-ungaria-au-semnat-un-acord-de-cooperare-energetica\/\" \/>\n<meta property=\"og:site_name\" content=\"Covasna45\" \/>\n<meta property=\"article:published_time\" content=\"2025-03-11T06:58:04+00:00\" \/>\n<meta property=\"og:image\" content=\"https:\/\/covasna45.ro\/wp-content\/uploads\/2025\/03\/gaze-ro-hu.jpg\" \/>\n\t<meta property=\"og:image:width\" content=\"1286\" \/>\n\t<meta property=\"og:image:height\" content=\"638\" \/>\n\t<meta property=\"og:image:type\" content=\"image\/jpeg\" \/>\n<meta name=\"author\" content=\"Covasna45\" \/>\n<meta name=\"twitter:card\" content=\"summary_large_image\" \/>\n<meta name=\"twitter:label1\" content=\"Scris de\" \/>\n\t<meta name=\"twitter:data1\" content=\"Covasna45\" \/>\n\t<meta name=\"twitter:label2\" content=\"Timp estimat pentru citire\" \/>\n\t<meta name=\"twitter:data2\" content=\"4 minute\" \/>\n<script type=\"application\/ld+json\" class=\"yoast-schema-graph\">{\"@context\":\"https:\\\/\\\/schema.org\",\"@graph\":[{\"@type\":\"Article\",\"@id\":\"https:\\\/\\\/covasna45.ro\\\/index.php\\\/lumea-noastra\\\/romania-si-ungaria-au-semnat-un-acord-de-cooperare-energetica\\\/#article\",\"isPartOf\":{\"@id\":\"https:\\\/\\\/covasna45.ro\\\/index.php\\\/lumea-noastra\\\/romania-si-ungaria-au-semnat-un-acord-de-cooperare-energetica\\\/\"},\"author\":{\"name\":\"Covasna45\",\"@id\":\"https:\\\/\\\/covasna45.ro\\\/#\\\/schema\\\/person\\\/e674052bd7d95d70bbb007a1060ab73c\"},\"headline\":\"Rom\u00e2nia \u0219i Ungaria au semnat un acord de cooperare energetic\u0103\",\"datePublished\":\"2025-03-11T06:58:04+00:00\",\"mainEntityOfPage\":{\"@id\":\"https:\\\/\\\/covasna45.ro\\\/index.php\\\/lumea-noastra\\\/romania-si-ungaria-au-semnat-un-acord-de-cooperare-energetica\\\/\"},\"wordCount\":649,\"commentCount\":0,\"publisher\":{\"@id\":\"https:\\\/\\\/covasna45.ro\\\/#organization\"},\"image\":{\"@id\":\"https:\\\/\\\/covasna45.ro\\\/index.php\\\/lumea-noastra\\\/romania-si-ungaria-au-semnat-un-acord-de-cooperare-energetica\\\/#primaryimage\"},\"thumbnailUrl\":\"https:\\\/\\\/covasna45.ro\\\/wp-content\\\/uploads\\\/2025\\\/03\\\/gaze-ro-hu.jpg\",\"keywords\":[\"acord\",\"Budapesta\",\"Energie\",\"Gaze naturale\",\"Sebastian Burduja\",\"Ungaria\"],\"articleSection\":[\"Lumea noastr\u0103\"],\"inLanguage\":\"ro-RO\",\"potentialAction\":[{\"@type\":\"CommentAction\",\"name\":\"Comment\",\"target\":[\"https:\\\/\\\/covasna45.ro\\\/index.php\\\/lumea-noastra\\\/romania-si-ungaria-au-semnat-un-acord-de-cooperare-energetica\\\/#respond\"]}]},{\"@type\":\"WebPage\",\"@id\":\"https:\\\/\\\/covasna45.ro\\\/index.php\\\/lumea-noastra\\\/romania-si-ungaria-au-semnat-un-acord-de-cooperare-energetica\\\/\",\"url\":\"https:\\\/\\\/covasna45.ro\\\/index.php\\\/lumea-noastra\\\/romania-si-ungaria-au-semnat-un-acord-de-cooperare-energetica\\\/\",\"name\":\"Rom\u00e2nia \u0219i Ungaria au semnat un acord de cooperare energetic\u0103 - Covasna45\",\"isPartOf\":{\"@id\":\"https:\\\/\\\/covasna45.ro\\\/#website\"},\"primaryImageOfPage\":{\"@id\":\"https:\\\/\\\/covasna45.ro\\\/index.php\\\/lumea-noastra\\\/romania-si-ungaria-au-semnat-un-acord-de-cooperare-energetica\\\/#primaryimage\"},\"image\":{\"@id\":\"https:\\\/\\\/covasna45.ro\\\/index.php\\\/lumea-noastra\\\/romania-si-ungaria-au-semnat-un-acord-de-cooperare-energetica\\\/#primaryimage\"},\"thumbnailUrl\":\"https:\\\/\\\/covasna45.ro\\\/wp-content\\\/uploads\\\/2025\\\/03\\\/gaze-ro-hu.jpg\",\"datePublished\":\"2025-03-11T06:58:04+00:00\",\"description\":\"Acest lucru asigur\u0103 protec\u0163ie reciproc\u0103, \u00een condi\u0163ii echitabile at\u00e2t pentru consumatorii ungari, c\u00e2t \u015fi pentru cei rom\u00e2ni.\",\"breadcrumb\":{\"@id\":\"https:\\\/\\\/covasna45.ro\\\/index.php\\\/lumea-noastra\\\/romania-si-ungaria-au-semnat-un-acord-de-cooperare-energetica\\\/#breadcrumb\"},\"inLanguage\":\"ro-RO\",\"potentialAction\":[{\"@type\":\"ReadAction\",\"target\":[\"https:\\\/\\\/covasna45.ro\\\/index.php\\\/lumea-noastra\\\/romania-si-ungaria-au-semnat-un-acord-de-cooperare-energetica\\\/\"]}]},{\"@type\":\"ImageObject\",\"inLanguage\":\"ro-RO\",\"@id\":\"https:\\\/\\\/covasna45.ro\\\/index.php\\\/lumea-noastra\\\/romania-si-ungaria-au-semnat-un-acord-de-cooperare-energetica\\\/#primaryimage\",\"url\":\"https:\\\/\\\/covasna45.ro\\\/wp-content\\\/uploads\\\/2025\\\/03\\\/gaze-ro-hu.jpg\",\"contentUrl\":\"https:\\\/\\\/covasna45.ro\\\/wp-content\\\/uploads\\\/2025\\\/03\\\/gaze-ro-hu.jpg\",\"width\":1286,\"height\":638},{\"@type\":\"BreadcrumbList\",\"@id\":\"https:\\\/\\\/covasna45.ro\\\/index.php\\\/lumea-noastra\\\/romania-si-ungaria-au-semnat-un-acord-de-cooperare-energetica\\\/#breadcrumb\",\"itemListElement\":[{\"@type\":\"ListItem\",\"position\":1,\"name\":\"Prima pagin\u0103\",\"item\":\"https:\\\/\\\/covasna45.ro\\\/\"},{\"@type\":\"ListItem\",\"position\":2,\"name\":\"Rom\u00e2nia \u0219i Ungaria au semnat un acord de cooperare energetic\u0103\"}]},{\"@type\":\"WebSite\",\"@id\":\"https:\\\/\\\/covasna45.ro\\\/#website\",\"url\":\"https:\\\/\\\/covasna45.ro\\\/\",\"name\":\"covasna45.ro\",\"description\":\"\",\"publisher\":{\"@id\":\"https:\\\/\\\/covasna45.ro\\\/#organization\"},\"potentialAction\":[{\"@type\":\"SearchAction\",\"target\":{\"@type\":\"EntryPoint\",\"urlTemplate\":\"https:\\\/\\\/covasna45.ro\\\/?s={search_term_string}\"},\"query-input\":{\"@type\":\"PropertyValueSpecification\",\"valueRequired\":true,\"valueName\":\"search_term_string\"}}],\"inLanguage\":\"ro-RO\"},{\"@type\":\"Organization\",\"@id\":\"https:\\\/\\\/covasna45.ro\\\/#organization\",\"name\":\"covasna45.ro\",\"url\":\"https:\\\/\\\/covasna45.ro\\\/\",\"logo\":{\"@type\":\"ImageObject\",\"inLanguage\":\"ro-RO\",\"@id\":\"https:\\\/\\\/covasna45.ro\\\/#\\\/schema\\\/logo\\\/image\\\/\",\"url\":\"https:\\\/\\\/covasna45.ro\\\/wp-content\\\/uploads\\\/2023\\\/01\\\/icon_logo.png\",\"contentUrl\":\"https:\\\/\\\/covasna45.ro\\\/wp-content\\\/uploads\\\/2023\\\/01\\\/icon_logo.png\",\"width\":1900,\"height\":1900,\"caption\":\"covasna45.ro\"},\"image\":{\"@id\":\"https:\\\/\\\/covasna45.ro\\\/#\\\/schema\\\/logo\\\/image\\\/\"}},{\"@type\":\"Person\",\"@id\":\"https:\\\/\\\/covasna45.ro\\\/#\\\/schema\\\/person\\\/e674052bd7d95d70bbb007a1060ab73c\",\"name\":\"Covasna45\",\"image\":{\"@type\":\"ImageObject\",\"inLanguage\":\"ro-RO\",\"@id\":\"https:\\\/\\\/covasna45.ro\\\/wp-content\\\/uploads\\\/2025\\\/10\\\/icon_logo_covasna45-150x150.png\",\"url\":\"https:\\\/\\\/covasna45.ro\\\/wp-content\\\/uploads\\\/2025\\\/10\\\/icon_logo_covasna45-150x150.png\",\"contentUrl\":\"https:\\\/\\\/covasna45.ro\\\/wp-content\\\/uploads\\\/2025\\\/10\\\/icon_logo_covasna45-150x150.png\",\"caption\":\"Covasna45\"},\"sameAs\":[\"https:\\\/\\\/covasna45.ro\"],\"url\":\"https:\\\/\\\/covasna45.ro\\\/index.php\\\/author\\\/covasna\\\/\"}]}<\/script>\n<!-- \/ Yoast SEO plugin. -->","yoast_head_json":{"title":"Rom\u00e2nia \u0219i Ungaria au semnat un acord de cooperare energetic\u0103 - Covasna45","description":"Acest lucru asigur\u0103 protec\u0163ie reciproc\u0103, \u00een condi\u0163ii echitabile at\u00e2t pentru consumatorii ungari, c\u00e2t \u015fi pentru cei rom\u00e2ni.","robots":{"index":"index","follow":"follow","max-snippet":"max-snippet:-1","max-image-preview":"max-image-preview:large","max-video-preview":"max-video-preview:-1"},"canonical":"https:\/\/covasna45.ro\/index.php\/lumea-noastra\/romania-si-ungaria-au-semnat-un-acord-de-cooperare-energetica\/","og_locale":"ro_RO","og_type":"article","og_title":"Rom\u00e2nia \u0219i Ungaria au semnat un acord de cooperare energetic\u0103 - Covasna45","og_description":"Acest lucru asigur\u0103 protec\u0163ie reciproc\u0103, \u00een condi\u0163ii echitabile at\u00e2t pentru consumatorii ungari, c\u00e2t \u015fi pentru cei rom\u00e2ni.","og_url":"https:\/\/covasna45.ro\/index.php\/lumea-noastra\/romania-si-ungaria-au-semnat-un-acord-de-cooperare-energetica\/","og_site_name":"Covasna45","article_published_time":"2025-03-11T06:58:04+00:00","og_image":[{"width":1286,"height":638,"url":"https:\/\/covasna45.ro\/wp-content\/uploads\/2025\/03\/gaze-ro-hu.jpg","type":"image\/jpeg"}],"author":"Covasna45","twitter_card":"summary_large_image","twitter_misc":{"Scris de":"Covasna45","Timp estimat pentru citire":"4 minute"},"schema":{"@context":"https:\/\/schema.org","@graph":[{"@type":"Article","@id":"https:\/\/covasna45.ro\/index.php\/lumea-noastra\/romania-si-ungaria-au-semnat-un-acord-de-cooperare-energetica\/#article","isPartOf":{"@id":"https:\/\/covasna45.ro\/index.php\/lumea-noastra\/romania-si-ungaria-au-semnat-un-acord-de-cooperare-energetica\/"},"author":{"name":"Covasna45","@id":"https:\/\/covasna45.ro\/#\/schema\/person\/e674052bd7d95d70bbb007a1060ab73c"},"headline":"Rom\u00e2nia \u0219i Ungaria au semnat un acord de cooperare energetic\u0103","datePublished":"2025-03-11T06:58:04+00:00","mainEntityOfPage":{"@id":"https:\/\/covasna45.ro\/index.php\/lumea-noastra\/romania-si-ungaria-au-semnat-un-acord-de-cooperare-energetica\/"},"wordCount":649,"commentCount":0,"publisher":{"@id":"https:\/\/covasna45.ro\/#organization"},"image":{"@id":"https:\/\/covasna45.ro\/index.php\/lumea-noastra\/romania-si-ungaria-au-semnat-un-acord-de-cooperare-energetica\/#primaryimage"},"thumbnailUrl":"https:\/\/covasna45.ro\/wp-content\/uploads\/2025\/03\/gaze-ro-hu.jpg","keywords":["acord","Budapesta","Energie","Gaze naturale","Sebastian Burduja","Ungaria"],"articleSection":["Lumea noastr\u0103"],"inLanguage":"ro-RO","potentialAction":[{"@type":"CommentAction","name":"Comment","target":["https:\/\/covasna45.ro\/index.php\/lumea-noastra\/romania-si-ungaria-au-semnat-un-acord-de-cooperare-energetica\/#respond"]}]},{"@type":"WebPage","@id":"https:\/\/covasna45.ro\/index.php\/lumea-noastra\/romania-si-ungaria-au-semnat-un-acord-de-cooperare-energetica\/","url":"https:\/\/covasna45.ro\/index.php\/lumea-noastra\/romania-si-ungaria-au-semnat-un-acord-de-cooperare-energetica\/","name":"Rom\u00e2nia \u0219i Ungaria au semnat un acord de cooperare energetic\u0103 - Covasna45","isPartOf":{"@id":"https:\/\/covasna45.ro\/#website"},"primaryImageOfPage":{"@id":"https:\/\/covasna45.ro\/index.php\/lumea-noastra\/romania-si-ungaria-au-semnat-un-acord-de-cooperare-energetica\/#primaryimage"},"image":{"@id":"https:\/\/covasna45.ro\/index.php\/lumea-noastra\/romania-si-ungaria-au-semnat-un-acord-de-cooperare-energetica\/#primaryimage"},"thumbnailUrl":"https:\/\/covasna45.ro\/wp-content\/uploads\/2025\/03\/gaze-ro-hu.jpg","datePublished":"2025-03-11T06:58:04+00:00","description":"Acest lucru asigur\u0103 protec\u0163ie reciproc\u0103, \u00een condi\u0163ii echitabile at\u00e2t pentru consumatorii ungari, c\u00e2t \u015fi pentru cei rom\u00e2ni.","breadcrumb":{"@id":"https:\/\/covasna45.ro\/index.php\/lumea-noastra\/romania-si-ungaria-au-semnat-un-acord-de-cooperare-energetica\/#breadcrumb"},"inLanguage":"ro-RO","potentialAction":[{"@type":"ReadAction","target":["https:\/\/covasna45.ro\/index.php\/lumea-noastra\/romania-si-ungaria-au-semnat-un-acord-de-cooperare-energetica\/"]}]},{"@type":"ImageObject","inLanguage":"ro-RO","@id":"https:\/\/covasna45.ro\/index.php\/lumea-noastra\/romania-si-ungaria-au-semnat-un-acord-de-cooperare-energetica\/#primaryimage","url":"https:\/\/covasna45.ro\/wp-content\/uploads\/2025\/03\/gaze-ro-hu.jpg","contentUrl":"https:\/\/covasna45.ro\/wp-content\/uploads\/2025\/03\/gaze-ro-hu.jpg","width":1286,"height":638},{"@type":"BreadcrumbList","@id":"https:\/\/covasna45.ro\/index.php\/lumea-noastra\/romania-si-ungaria-au-semnat-un-acord-de-cooperare-energetica\/#breadcrumb","itemListElement":[{"@type":"ListItem","position":1,"name":"Prima pagin\u0103","item":"https:\/\/covasna45.ro\/"},{"@type":"ListItem","position":2,"name":"Rom\u00e2nia \u0219i Ungaria au semnat un acord de cooperare energetic\u0103"}]},{"@type":"WebSite","@id":"https:\/\/covasna45.ro\/#website","url":"https:\/\/covasna45.ro\/","name":"covasna45.ro","description":"","publisher":{"@id":"https:\/\/covasna45.ro\/#organization"},"potentialAction":[{"@type":"SearchAction","target":{"@type":"EntryPoint","urlTemplate":"https:\/\/covasna45.ro\/?s={search_term_string}"},"query-input":{"@type":"PropertyValueSpecification","valueRequired":true,"valueName":"search_term_string"}}],"inLanguage":"ro-RO"},{"@type":"Organization","@id":"https:\/\/covasna45.ro\/#organization","name":"covasna45.ro","url":"https:\/\/covasna45.ro\/","logo":{"@type":"ImageObject","inLanguage":"ro-RO","@id":"https:\/\/covasna45.ro\/#\/schema\/logo\/image\/","url":"https:\/\/covasna45.ro\/wp-content\/uploads\/2023\/01\/icon_logo.png","contentUrl":"https:\/\/covasna45.ro\/wp-content\/uploads\/2023\/01\/icon_logo.png","width":1900,"height":1900,"caption":"covasna45.ro"},"image":{"@id":"https:\/\/covasna45.ro\/#\/schema\/logo\/image\/"}},{"@type":"Person","@id":"https:\/\/covasna45.ro\/#\/schema\/person\/e674052bd7d95d70bbb007a1060ab73c","name":"Covasna45","image":{"@type":"ImageObject","inLanguage":"ro-RO","@id":"https:\/\/covasna45.ro\/wp-content\/uploads\/2025\/10\/icon_logo_covasna45-150x150.png","url":"https:\/\/covasna45.ro\/wp-content\/uploads\/2025\/10\/icon_logo_covasna45-150x150.png","contentUrl":"https:\/\/covasna45.ro\/wp-content\/uploads\/2025\/10\/icon_logo_covasna45-150x150.png","caption":"Covasna45"},"sameAs":["https:\/\/covasna45.ro"],"url":"https:\/\/covasna45.ro\/index.php\/author\/covasna\/"}]}},"_links":{"self":[{"href":"https:\/\/covasna45.ro\/index.php\/wp-json\/wp\/v2\/posts\/10166","targetHints":{"allow":["GET"]}}],"collection":[{"href":"https:\/\/covasna45.ro\/index.php\/wp-json\/wp\/v2\/posts"}],"about":[{"href":"https:\/\/covasna45.ro\/index.php\/wp-json\/wp\/v2\/types\/post"}],"author":[{"embeddable":true,"href":"https:\/\/covasna45.ro\/index.php\/wp-json\/wp\/v2\/users\/1"}],"replies":[{"embeddable":true,"href":"https:\/\/covasna45.ro\/index.php\/wp-json\/wp\/v2\/comments?post=10166"}],"version-history":[{"count":1,"href":"https:\/\/covasna45.ro\/index.php\/wp-json\/wp\/v2\/posts\/10166\/revisions"}],"predecessor-version":[{"id":10169,"href":"https:\/\/covasna45.ro\/index.php\/wp-json\/wp\/v2\/posts\/10166\/revisions\/10169"}],"wp:featuredmedia":[{"embeddable":true,"href":"https:\/\/covasna45.ro\/index.php\/wp-json\/wp\/v2\/media\/10167"}],"wp:attachment":[{"href":"https:\/\/covasna45.ro\/index.php\/wp-json\/wp\/v2\/media?parent=10166"}],"wp:term":[{"taxonomy":"category","embeddable":true,"href":"https:\/\/covasna45.ro\/index.php\/wp-json\/wp\/v2\/categories?post=10166"},{"taxonomy":"post_tag","embeddable":true,"href":"https:\/\/covasna45.ro\/index.php\/wp-json\/wp\/v2\/tags?post=10166"}],"curies":[{"name":"wp","href":"https:\/\/api.w.org\/{rel}","templated":true}]}}