{"id":10551,"date":"2025-04-09T11:25:32","date_gmt":"2025-04-09T09:25:32","guid":{"rendered":"https:\/\/covasna45.ro\/?p=10551"},"modified":"2025-04-09T11:25:33","modified_gmt":"2025-04-09T09:25:33","slug":"usr-a-facut-implozie-si-a-mazilit-propriul-candidat-si-il-sustine-pe-nicusor-dan","status":"publish","type":"post","link":"https:\/\/covasna45.ro\/index.php\/lumea-noastra\/usr-a-facut-implozie-si-a-mazilit-propriul-candidat-si-il-sustine-pe-nicusor-dan\/","title":{"rendered":"USR a f\u0103cut implozie: \u0219i-a mazilit propriul candidat \u0219i \u00eel sus\u021bine pe Nicu\u0219or Dan"},"content":{"rendered":"\n<p>USR a <a href=\"https:\/\/www.facebook.com\/USRUniuneaSalvatiRomania\">anun\u021ba<\/a>t, \u00een urm\u0103 cu scurt timp, c\u0103 a decis sus\u0163inerea unui candidat independent la alegerile preziden\u0163iale, decizia fiind luat\u0103 cu doar dou\u0103 voturi \u00eempotriv\u0103 \u00een \u015fedin\u0163a conducerii. Potrivit liderilor USR, Nicu\u015for Dan este singurul candidat dintre cei care sus\u0163in parcursul pro-european al Rom\u00e2niei care are \u015fanse s\u0103 ajung\u0103 \u00een turul al doilea.<\/p>\n\n\n\n<p>\u201eNu mai exist\u0103 o cale pentru Lasconi s\u0103 ajung\u0103 \u00een turul doi. Ast\u0103zi, \u00een \u015fedin\u0163a de Birou Na\u0163ional, am decis s\u0103 convoc\u0103m un Comitet Politic \u015fi s\u0103 punem pe primul loc responsabilitatea fa\u0163\u0103 de aceast\u0103 \u0163ar\u0103, chiar dac\u0103 \u00eenseamn\u0103 o decizie dureroas\u0103 pentru partid \u015fi s\u0103 vot\u0103m sus\u0163inerea unui independent pentru func\u0163ia de pre\u015fedinte al Rom\u00e2niei. Nu este o decizie pe care am luat-o u\u015for, este o decizie pe care am luat \u00een BN cu dou\u0103 voturi \u00eempotriv\u0103\u201d, a declarat Dominic Fritz, primarul municipiului Timi\u015foara, vicepre\u015fedinte al USR.&nbsp;<\/p>\n\n\n\n<p>El a explicat c\u0103 este un moment dificil pentru partid \u015fi pentru Lasconi.&nbsp;<\/p>\n\n\n\n<p>\u201eEste un moment dificil pentru noi ca partid \u015fi pentru Lasconi e dificil. Nu putem s\u0103 punem pe primul loc orgolii personale sau orgolii de partid pentru c\u0103 suntem \u00eentr-o situa\u0163ie cu o miz\u0103 istoric\u0103. Va r\u0103m\u00e2ne o ran\u0103 pentru USR aceast\u0103 zi \u015fi cu siguran\u0163\u0103 decizia ce va urma \u00een Comitetul Politic, aceast\u0103 ran\u0103 poate fi vindecat\u0103 cu o victorie a for\u0163elor pro-europene \u00een 4 mai \u015fi \u00een 18 mai\u201d, a mai declarat Fritz.<\/p>\n\n\n\n<p>El a f\u0103cut apel la PNL \u015fi UDMR s\u0103 \u00eel sus\u0163in\u0103 pe Nicu\u015for Dan.&nbsp;<\/p>\n\n\n\n<p>\u201eFac un apel la PNL \u015fi la UDMR care ast\u0103zi lanseaz\u0103 candidatura lui Crin Antonescu, nu pica\u0163i \u00een capcana PSD care are un candidat \u015fi \u015ftim c\u0103 unii din votan\u0163i PSD \u00eel vor vota. Nu repeta\u0163i gre\u015feala de anul trecut de a nu crede \u00een propriile sondaje. S\u0103 \u00eel sus\u0163in\u0103 \u015fi ei pe singurul candidat cu \u015fanse \u00een turul doi dintre cei pro-europeni \u015fi acesta este Nicu\u015for Dan\u201d, a mai afirmat Dominic Fritz.<\/p>\n\n\n\n<h2 class=\"wp-block-heading\">\u201eNu m\u0103 retrag!\u201d<\/h2>\n\n\n\n<p>Elena Lasconi a transmis un mesaj pe grupul intern al partidului \u00een care anun\u021b\u0103 c\u0103 nu se retrage \u0219i acuz\u0103 c\u0103 este \u201esupus\u0103 presiunilor sistemului\u201d.<\/p>\n\n\n\n<figure class=\"wp-block-image size-full\"><img loading=\"lazy\" decoding=\"async\" width=\"878\" height=\"844\" src=\"https:\/\/covasna45.ro\/wp-content\/uploads\/2025\/04\/lasc.jpg\" alt=\"\" class=\"wp-image-10552\" srcset=\"https:\/\/covasna45.ro\/wp-content\/uploads\/2025\/04\/lasc.jpg 878w, https:\/\/covasna45.ro\/wp-content\/uploads\/2025\/04\/lasc-300x288.jpg 300w, https:\/\/covasna45.ro\/wp-content\/uploads\/2025\/04\/lasc-768x738.jpg 768w, https:\/\/covasna45.ro\/wp-content\/uploads\/2025\/04\/lasc-150x144.jpg 150w, https:\/\/covasna45.ro\/wp-content\/uploads\/2025\/04\/lasc-696x669.jpg 696w\" sizes=\"auto, (max-width: 878px) 100vw, 878px\" \/><\/figure>\n\n\n\n<p>\u201eNu m\u0103 retrag! Dragi colegi, De mai bine de nou\u0103 luni sunt supus\u0103 presiunilor sistemului de a m\u0103 retrage din cursa pentru preziden\u021biale. Aminti\u021bi-v\u0103 declara\u021biile lui Ciuc\u0103 \u0219i ale PNL de anul trecut: \u201eretrage\u021bi-v\u0103, doamn\u0103 Lasconi, noi avem primari, partid puternic, ajungem \u00een turul doi!\u201d Apoi, Nicu\u0219or Dan via Zuckermann s\u0103 m\u0103 retrag \u00een favoarea lui Ciuc\u0103. Apoi, renum\u0103rarea voturilor, care a culminat cu anularea alegerilor. Istoria ne va ar\u0103ta: alegerile au fost anulate din cauza mea. Nu \u00een\u021beleg de ce nimeni nu vede pericolul unei autocra\u021bii, al unui viitor negru pentru Rom\u00e2nia. V\u0103d \u00eens\u0103 frico\u0219i. V\u0103d baroni \u0219i g\u0103\u0219ti USR (alea care hot\u0103r\u0103sc parlamentarii), care, \u00een loc s\u0103 fac\u0103 campanie, fac jocul sistemului. Au fost presiuni uria\u0219e s\u0103 m\u0103 retrag din partea acestor g\u0103\u0219ti. Eu nu am cedat \u00een fa\u021ba sistemului. Nu am de g\u00e2nd s\u0103 o fac nici acum. Eu nu candidez doar pentru USR, candidez pentru rom\u00e2ni\u201d, a scris Elena Lasconi pe un grup de comunicare intern al USR.<\/p>\n\n\n\n<p>Potrivit\u00a0<a href=\"https:\/\/www.g4media.ro\/surse-tensiuni-majore-in-usr-ionut-mosteanu-si-dominic-fritz-i-au-cerut-elenei-lasconi-sa-se-retraga-in-favoarea-lui-nicusor-dan-dupa-ce-un-nou-sondaj-o-arata-pe-presedinta-usr-la-41-din-optiuni-l.html\" target=\"_blank\" rel=\"noreferrer noopener\">G4media,<\/a>\u00a0un sondaj realizat la comanda partidului \u00een perioada 2-7 aprilie o arat\u0103 pe Elena Lasconi pe locul cinci, cu doar 4,1% din voturi. Primele patru pozi\u021bii sunt ocupate de George Simion (40,8%), Victor Ponta (20,4%), Nicu\u0219or Dan (16,9%) \u0219i Crin Antonescu (14,5%).<\/p>\n","protected":false},"excerpt":{"rendered":"<p>USR a anun\u021bat, \u00een urm\u0103 cu scurt timp, c\u0103 a decis sus\u0163inerea unui candidat independent la alegerile preziden\u0163iale, decizia fiind luat\u0103 cu doar dou\u0103 voturi \u00eempotriv\u0103 \u00een \u015fedin\u0163a conducerii. Potrivit liderilor USR, Nicu\u015for Dan este singurul candidat dintre cei care sus\u0163in parcursul pro-european al Rom\u00e2niei care are \u015fanse s\u0103 ajung\u0103 \u00een turul al doilea. \u201eNu [&hellip;]<\/p>\n","protected":false},"author":1,"featured_media":10553,"comment_status":"open","ping_status":"closed","sticky":false,"template":"","format":"standard","meta":{"tdm_status":"","tdm_grid_status":"","footnotes":""},"categories":[14],"tags":[2687,1961],"class_list":{"0":"post-10551","1":"post","2":"type-post","3":"status-publish","4":"format-standard","5":"has-post-thumbnail","7":"category-lumea-noastra","8":"tag-elena-lasconi","9":"tag-usr"},"yoast_head":"<!-- This site is optimized with the Yoast SEO plugin v27.5 - https:\/\/yoast.com\/product\/yoast-seo-wordpress\/ -->\n<title>USR a f\u0103cut implozie: \u0219i-a mazilit propriul candidat \u0219i \u00eel sus\u021bine pe Nicu\u0219or Dan - Covasna45<\/title>\n<meta name=\"description\" content=\"USR a anun\u021bat, \u00een urm\u0103 cu scurt timp, c\u0103 a decis sus\u0163inerea unui candidat independent la alegerile preziden\u0163iale\" \/>\n<meta name=\"robots\" content=\"index, follow, max-snippet:-1, max-image-preview:large, max-video-preview:-1\" \/>\n<link rel=\"canonical\" href=\"https:\/\/covasna45.ro\/index.php\/lumea-noastra\/usr-a-facut-implozie-si-a-mazilit-propriul-candidat-si-il-sustine-pe-nicusor-dan\/\" \/>\n<meta property=\"og:locale\" content=\"ro_RO\" \/>\n<meta property=\"og:type\" content=\"article\" \/>\n<meta property=\"og:title\" content=\"USR a f\u0103cut implozie: \u0219i-a mazilit propriul candidat \u0219i \u00eel sus\u021bine pe Nicu\u0219or Dan - Covasna45\" \/>\n<meta property=\"og:description\" content=\"USR a anun\u021bat, \u00een urm\u0103 cu scurt timp, c\u0103 a decis sus\u0163inerea unui candidat independent la alegerile preziden\u0163iale\" \/>\n<meta property=\"og:url\" content=\"https:\/\/covasna45.ro\/index.php\/lumea-noastra\/usr-a-facut-implozie-si-a-mazilit-propriul-candidat-si-il-sustine-pe-nicusor-dan\/\" \/>\n<meta property=\"og:site_name\" content=\"Covasna45\" \/>\n<meta property=\"article:published_time\" content=\"2025-04-09T09:25:32+00:00\" \/>\n<meta property=\"article:modified_time\" content=\"2025-04-09T09:25:33+00:00\" \/>\n<meta property=\"og:image\" content=\"https:\/\/covasna45.ro\/wp-content\/uploads\/2025\/04\/usr-lasc.jpg\" \/>\n\t<meta property=\"og:image:width\" content=\"1321\" \/>\n\t<meta property=\"og:image:height\" content=\"652\" \/>\n\t<meta property=\"og:image:type\" content=\"image\/jpeg\" \/>\n<meta name=\"author\" content=\"Covasna45\" \/>\n<meta name=\"twitter:card\" content=\"summary_large_image\" \/>\n<meta name=\"twitter:label1\" content=\"Scris de\" \/>\n\t<meta name=\"twitter:data1\" content=\"Covasna45\" \/>\n\t<meta name=\"twitter:label2\" content=\"Timp estimat pentru citire\" \/>\n\t<meta name=\"twitter:data2\" content=\"4 minute\" \/>\n<script type=\"application\/ld+json\" class=\"yoast-schema-graph\">{\"@context\":\"https:\\\/\\\/schema.org\",\"@graph\":[{\"@type\":\"Article\",\"@id\":\"https:\\\/\\\/covasna45.ro\\\/index.php\\\/lumea-noastra\\\/usr-a-facut-implozie-si-a-mazilit-propriul-candidat-si-il-sustine-pe-nicusor-dan\\\/#article\",\"isPartOf\":{\"@id\":\"https:\\\/\\\/covasna45.ro\\\/index.php\\\/lumea-noastra\\\/usr-a-facut-implozie-si-a-mazilit-propriul-candidat-si-il-sustine-pe-nicusor-dan\\\/\"},\"author\":{\"name\":\"Covasna45\",\"@id\":\"https:\\\/\\\/covasna45.ro\\\/#\\\/schema\\\/person\\\/e674052bd7d95d70bbb007a1060ab73c\"},\"headline\":\"USR a f\u0103cut implozie: \u0219i-a mazilit propriul candidat \u0219i \u00eel sus\u021bine pe Nicu\u0219or Dan\",\"datePublished\":\"2025-04-09T09:25:32+00:00\",\"dateModified\":\"2025-04-09T09:25:33+00:00\",\"mainEntityOfPage\":{\"@id\":\"https:\\\/\\\/covasna45.ro\\\/index.php\\\/lumea-noastra\\\/usr-a-facut-implozie-si-a-mazilit-propriul-candidat-si-il-sustine-pe-nicusor-dan\\\/\"},\"wordCount\":621,\"commentCount\":0,\"publisher\":{\"@id\":\"https:\\\/\\\/covasna45.ro\\\/#organization\"},\"image\":{\"@id\":\"https:\\\/\\\/covasna45.ro\\\/index.php\\\/lumea-noastra\\\/usr-a-facut-implozie-si-a-mazilit-propriul-candidat-si-il-sustine-pe-nicusor-dan\\\/#primaryimage\"},\"thumbnailUrl\":\"https:\\\/\\\/covasna45.ro\\\/wp-content\\\/uploads\\\/2025\\\/04\\\/usr-lasc.jpg\",\"keywords\":[\"Elena Lasconi\",\"USR\"],\"articleSection\":[\"Lumea noastr\u0103\"],\"inLanguage\":\"ro-RO\",\"potentialAction\":[{\"@type\":\"CommentAction\",\"name\":\"Comment\",\"target\":[\"https:\\\/\\\/covasna45.ro\\\/index.php\\\/lumea-noastra\\\/usr-a-facut-implozie-si-a-mazilit-propriul-candidat-si-il-sustine-pe-nicusor-dan\\\/#respond\"]}]},{\"@type\":\"WebPage\",\"@id\":\"https:\\\/\\\/covasna45.ro\\\/index.php\\\/lumea-noastra\\\/usr-a-facut-implozie-si-a-mazilit-propriul-candidat-si-il-sustine-pe-nicusor-dan\\\/\",\"url\":\"https:\\\/\\\/covasna45.ro\\\/index.php\\\/lumea-noastra\\\/usr-a-facut-implozie-si-a-mazilit-propriul-candidat-si-il-sustine-pe-nicusor-dan\\\/\",\"name\":\"USR a f\u0103cut implozie: \u0219i-a mazilit propriul candidat \u0219i \u00eel sus\u021bine pe Nicu\u0219or Dan - Covasna45\",\"isPartOf\":{\"@id\":\"https:\\\/\\\/covasna45.ro\\\/#website\"},\"primaryImageOfPage\":{\"@id\":\"https:\\\/\\\/covasna45.ro\\\/index.php\\\/lumea-noastra\\\/usr-a-facut-implozie-si-a-mazilit-propriul-candidat-si-il-sustine-pe-nicusor-dan\\\/#primaryimage\"},\"image\":{\"@id\":\"https:\\\/\\\/covasna45.ro\\\/index.php\\\/lumea-noastra\\\/usr-a-facut-implozie-si-a-mazilit-propriul-candidat-si-il-sustine-pe-nicusor-dan\\\/#primaryimage\"},\"thumbnailUrl\":\"https:\\\/\\\/covasna45.ro\\\/wp-content\\\/uploads\\\/2025\\\/04\\\/usr-lasc.jpg\",\"datePublished\":\"2025-04-09T09:25:32+00:00\",\"dateModified\":\"2025-04-09T09:25:33+00:00\",\"description\":\"USR a anun\u021bat, \u00een urm\u0103 cu scurt timp, c\u0103 a decis sus\u0163inerea unui candidat independent la alegerile preziden\u0163iale\",\"breadcrumb\":{\"@id\":\"https:\\\/\\\/covasna45.ro\\\/index.php\\\/lumea-noastra\\\/usr-a-facut-implozie-si-a-mazilit-propriul-candidat-si-il-sustine-pe-nicusor-dan\\\/#breadcrumb\"},\"inLanguage\":\"ro-RO\",\"potentialAction\":[{\"@type\":\"ReadAction\",\"target\":[\"https:\\\/\\\/covasna45.ro\\\/index.php\\\/lumea-noastra\\\/usr-a-facut-implozie-si-a-mazilit-propriul-candidat-si-il-sustine-pe-nicusor-dan\\\/\"]}]},{\"@type\":\"ImageObject\",\"inLanguage\":\"ro-RO\",\"@id\":\"https:\\\/\\\/covasna45.ro\\\/index.php\\\/lumea-noastra\\\/usr-a-facut-implozie-si-a-mazilit-propriul-candidat-si-il-sustine-pe-nicusor-dan\\\/#primaryimage\",\"url\":\"https:\\\/\\\/covasna45.ro\\\/wp-content\\\/uploads\\\/2025\\\/04\\\/usr-lasc.jpg\",\"contentUrl\":\"https:\\\/\\\/covasna45.ro\\\/wp-content\\\/uploads\\\/2025\\\/04\\\/usr-lasc.jpg\",\"width\":1321,\"height\":652},{\"@type\":\"BreadcrumbList\",\"@id\":\"https:\\\/\\\/covasna45.ro\\\/index.php\\\/lumea-noastra\\\/usr-a-facut-implozie-si-a-mazilit-propriul-candidat-si-il-sustine-pe-nicusor-dan\\\/#breadcrumb\",\"itemListElement\":[{\"@type\":\"ListItem\",\"position\":1,\"name\":\"Prima pagin\u0103\",\"item\":\"https:\\\/\\\/covasna45.ro\\\/\"},{\"@type\":\"ListItem\",\"position\":2,\"name\":\"USR a f\u0103cut implozie: \u0219i-a mazilit propriul candidat \u0219i \u00eel sus\u021bine pe Nicu\u0219or Dan\"}]},{\"@type\":\"WebSite\",\"@id\":\"https:\\\/\\\/covasna45.ro\\\/#website\",\"url\":\"https:\\\/\\\/covasna45.ro\\\/\",\"name\":\"covasna45.ro\",\"description\":\"\",\"publisher\":{\"@id\":\"https:\\\/\\\/covasna45.ro\\\/#organization\"},\"potentialAction\":[{\"@type\":\"SearchAction\",\"target\":{\"@type\":\"EntryPoint\",\"urlTemplate\":\"https:\\\/\\\/covasna45.ro\\\/?s={search_term_string}\"},\"query-input\":{\"@type\":\"PropertyValueSpecification\",\"valueRequired\":true,\"valueName\":\"search_term_string\"}}],\"inLanguage\":\"ro-RO\"},{\"@type\":\"Organization\",\"@id\":\"https:\\\/\\\/covasna45.ro\\\/#organization\",\"name\":\"covasna45.ro\",\"url\":\"https:\\\/\\\/covasna45.ro\\\/\",\"logo\":{\"@type\":\"ImageObject\",\"inLanguage\":\"ro-RO\",\"@id\":\"https:\\\/\\\/covasna45.ro\\\/#\\\/schema\\\/logo\\\/image\\\/\",\"url\":\"https:\\\/\\\/covasna45.ro\\\/wp-content\\\/uploads\\\/2023\\\/01\\\/icon_logo.png\",\"contentUrl\":\"https:\\\/\\\/covasna45.ro\\\/wp-content\\\/uploads\\\/2023\\\/01\\\/icon_logo.png\",\"width\":1900,\"height\":1900,\"caption\":\"covasna45.ro\"},\"image\":{\"@id\":\"https:\\\/\\\/covasna45.ro\\\/#\\\/schema\\\/logo\\\/image\\\/\"}},{\"@type\":\"Person\",\"@id\":\"https:\\\/\\\/covasna45.ro\\\/#\\\/schema\\\/person\\\/e674052bd7d95d70bbb007a1060ab73c\",\"name\":\"Covasna45\",\"image\":{\"@type\":\"ImageObject\",\"inLanguage\":\"ro-RO\",\"@id\":\"https:\\\/\\\/covasna45.ro\\\/wp-content\\\/uploads\\\/2025\\\/10\\\/icon_logo_covasna45-150x150.png\",\"url\":\"https:\\\/\\\/covasna45.ro\\\/wp-content\\\/uploads\\\/2025\\\/10\\\/icon_logo_covasna45-150x150.png\",\"contentUrl\":\"https:\\\/\\\/covasna45.ro\\\/wp-content\\\/uploads\\\/2025\\\/10\\\/icon_logo_covasna45-150x150.png\",\"caption\":\"Covasna45\"},\"sameAs\":[\"https:\\\/\\\/covasna45.ro\"],\"url\":\"https:\\\/\\\/covasna45.ro\\\/index.php\\\/author\\\/covasna\\\/\"}]}<\/script>\n<!-- \/ Yoast SEO plugin. -->","yoast_head_json":{"title":"USR a f\u0103cut implozie: \u0219i-a mazilit propriul candidat \u0219i \u00eel sus\u021bine pe Nicu\u0219or Dan - Covasna45","description":"USR a anun\u021bat, \u00een urm\u0103 cu scurt timp, c\u0103 a decis sus\u0163inerea unui candidat independent la alegerile preziden\u0163iale","robots":{"index":"index","follow":"follow","max-snippet":"max-snippet:-1","max-image-preview":"max-image-preview:large","max-video-preview":"max-video-preview:-1"},"canonical":"https:\/\/covasna45.ro\/index.php\/lumea-noastra\/usr-a-facut-implozie-si-a-mazilit-propriul-candidat-si-il-sustine-pe-nicusor-dan\/","og_locale":"ro_RO","og_type":"article","og_title":"USR a f\u0103cut implozie: \u0219i-a mazilit propriul candidat \u0219i \u00eel sus\u021bine pe Nicu\u0219or Dan - Covasna45","og_description":"USR a anun\u021bat, \u00een urm\u0103 cu scurt timp, c\u0103 a decis sus\u0163inerea unui candidat independent la alegerile preziden\u0163iale","og_url":"https:\/\/covasna45.ro\/index.php\/lumea-noastra\/usr-a-facut-implozie-si-a-mazilit-propriul-candidat-si-il-sustine-pe-nicusor-dan\/","og_site_name":"Covasna45","article_published_time":"2025-04-09T09:25:32+00:00","article_modified_time":"2025-04-09T09:25:33+00:00","og_image":[{"width":1321,"height":652,"url":"https:\/\/covasna45.ro\/wp-content\/uploads\/2025\/04\/usr-lasc.jpg","type":"image\/jpeg"}],"author":"Covasna45","twitter_card":"summary_large_image","twitter_misc":{"Scris de":"Covasna45","Timp estimat pentru citire":"4 minute"},"schema":{"@context":"https:\/\/schema.org","@graph":[{"@type":"Article","@id":"https:\/\/covasna45.ro\/index.php\/lumea-noastra\/usr-a-facut-implozie-si-a-mazilit-propriul-candidat-si-il-sustine-pe-nicusor-dan\/#article","isPartOf":{"@id":"https:\/\/covasna45.ro\/index.php\/lumea-noastra\/usr-a-facut-implozie-si-a-mazilit-propriul-candidat-si-il-sustine-pe-nicusor-dan\/"},"author":{"name":"Covasna45","@id":"https:\/\/covasna45.ro\/#\/schema\/person\/e674052bd7d95d70bbb007a1060ab73c"},"headline":"USR a f\u0103cut implozie: \u0219i-a mazilit propriul candidat \u0219i \u00eel sus\u021bine pe Nicu\u0219or Dan","datePublished":"2025-04-09T09:25:32+00:00","dateModified":"2025-04-09T09:25:33+00:00","mainEntityOfPage":{"@id":"https:\/\/covasna45.ro\/index.php\/lumea-noastra\/usr-a-facut-implozie-si-a-mazilit-propriul-candidat-si-il-sustine-pe-nicusor-dan\/"},"wordCount":621,"commentCount":0,"publisher":{"@id":"https:\/\/covasna45.ro\/#organization"},"image":{"@id":"https:\/\/covasna45.ro\/index.php\/lumea-noastra\/usr-a-facut-implozie-si-a-mazilit-propriul-candidat-si-il-sustine-pe-nicusor-dan\/#primaryimage"},"thumbnailUrl":"https:\/\/covasna45.ro\/wp-content\/uploads\/2025\/04\/usr-lasc.jpg","keywords":["Elena Lasconi","USR"],"articleSection":["Lumea noastr\u0103"],"inLanguage":"ro-RO","potentialAction":[{"@type":"CommentAction","name":"Comment","target":["https:\/\/covasna45.ro\/index.php\/lumea-noastra\/usr-a-facut-implozie-si-a-mazilit-propriul-candidat-si-il-sustine-pe-nicusor-dan\/#respond"]}]},{"@type":"WebPage","@id":"https:\/\/covasna45.ro\/index.php\/lumea-noastra\/usr-a-facut-implozie-si-a-mazilit-propriul-candidat-si-il-sustine-pe-nicusor-dan\/","url":"https:\/\/covasna45.ro\/index.php\/lumea-noastra\/usr-a-facut-implozie-si-a-mazilit-propriul-candidat-si-il-sustine-pe-nicusor-dan\/","name":"USR a f\u0103cut implozie: \u0219i-a mazilit propriul candidat \u0219i \u00eel sus\u021bine pe Nicu\u0219or Dan - Covasna45","isPartOf":{"@id":"https:\/\/covasna45.ro\/#website"},"primaryImageOfPage":{"@id":"https:\/\/covasna45.ro\/index.php\/lumea-noastra\/usr-a-facut-implozie-si-a-mazilit-propriul-candidat-si-il-sustine-pe-nicusor-dan\/#primaryimage"},"image":{"@id":"https:\/\/covasna45.ro\/index.php\/lumea-noastra\/usr-a-facut-implozie-si-a-mazilit-propriul-candidat-si-il-sustine-pe-nicusor-dan\/#primaryimage"},"thumbnailUrl":"https:\/\/covasna45.ro\/wp-content\/uploads\/2025\/04\/usr-lasc.jpg","datePublished":"2025-04-09T09:25:32+00:00","dateModified":"2025-04-09T09:25:33+00:00","description":"USR a anun\u021bat, \u00een urm\u0103 cu scurt timp, c\u0103 a decis sus\u0163inerea unui candidat independent la alegerile preziden\u0163iale","breadcrumb":{"@id":"https:\/\/covasna45.ro\/index.php\/lumea-noastra\/usr-a-facut-implozie-si-a-mazilit-propriul-candidat-si-il-sustine-pe-nicusor-dan\/#breadcrumb"},"inLanguage":"ro-RO","potentialAction":[{"@type":"ReadAction","target":["https:\/\/covasna45.ro\/index.php\/lumea-noastra\/usr-a-facut-implozie-si-a-mazilit-propriul-candidat-si-il-sustine-pe-nicusor-dan\/"]}]},{"@type":"ImageObject","inLanguage":"ro-RO","@id":"https:\/\/covasna45.ro\/index.php\/lumea-noastra\/usr-a-facut-implozie-si-a-mazilit-propriul-candidat-si-il-sustine-pe-nicusor-dan\/#primaryimage","url":"https:\/\/covasna45.ro\/wp-content\/uploads\/2025\/04\/usr-lasc.jpg","contentUrl":"https:\/\/covasna45.ro\/wp-content\/uploads\/2025\/04\/usr-lasc.jpg","width":1321,"height":652},{"@type":"BreadcrumbList","@id":"https:\/\/covasna45.ro\/index.php\/lumea-noastra\/usr-a-facut-implozie-si-a-mazilit-propriul-candidat-si-il-sustine-pe-nicusor-dan\/#breadcrumb","itemListElement":[{"@type":"ListItem","position":1,"name":"Prima pagin\u0103","item":"https:\/\/covasna45.ro\/"},{"@type":"ListItem","position":2,"name":"USR a f\u0103cut implozie: \u0219i-a mazilit propriul candidat \u0219i \u00eel sus\u021bine pe Nicu\u0219or Dan"}]},{"@type":"WebSite","@id":"https:\/\/covasna45.ro\/#website","url":"https:\/\/covasna45.ro\/","name":"covasna45.ro","description":"","publisher":{"@id":"https:\/\/covasna45.ro\/#organization"},"potentialAction":[{"@type":"SearchAction","target":{"@type":"EntryPoint","urlTemplate":"https:\/\/covasna45.ro\/?s={search_term_string}"},"query-input":{"@type":"PropertyValueSpecification","valueRequired":true,"valueName":"search_term_string"}}],"inLanguage":"ro-RO"},{"@type":"Organization","@id":"https:\/\/covasna45.ro\/#organization","name":"covasna45.ro","url":"https:\/\/covasna45.ro\/","logo":{"@type":"ImageObject","inLanguage":"ro-RO","@id":"https:\/\/covasna45.ro\/#\/schema\/logo\/image\/","url":"https:\/\/covasna45.ro\/wp-content\/uploads\/2023\/01\/icon_logo.png","contentUrl":"https:\/\/covasna45.ro\/wp-content\/uploads\/2023\/01\/icon_logo.png","width":1900,"height":1900,"caption":"covasna45.ro"},"image":{"@id":"https:\/\/covasna45.ro\/#\/schema\/logo\/image\/"}},{"@type":"Person","@id":"https:\/\/covasna45.ro\/#\/schema\/person\/e674052bd7d95d70bbb007a1060ab73c","name":"Covasna45","image":{"@type":"ImageObject","inLanguage":"ro-RO","@id":"https:\/\/covasna45.ro\/wp-content\/uploads\/2025\/10\/icon_logo_covasna45-150x150.png","url":"https:\/\/covasna45.ro\/wp-content\/uploads\/2025\/10\/icon_logo_covasna45-150x150.png","contentUrl":"https:\/\/covasna45.ro\/wp-content\/uploads\/2025\/10\/icon_logo_covasna45-150x150.png","caption":"Covasna45"},"sameAs":["https:\/\/covasna45.ro"],"url":"https:\/\/covasna45.ro\/index.php\/author\/covasna\/"}]}},"_links":{"self":[{"href":"https:\/\/covasna45.ro\/index.php\/wp-json\/wp\/v2\/posts\/10551","targetHints":{"allow":["GET"]}}],"collection":[{"href":"https:\/\/covasna45.ro\/index.php\/wp-json\/wp\/v2\/posts"}],"about":[{"href":"https:\/\/covasna45.ro\/index.php\/wp-json\/wp\/v2\/types\/post"}],"author":[{"embeddable":true,"href":"https:\/\/covasna45.ro\/index.php\/wp-json\/wp\/v2\/users\/1"}],"replies":[{"embeddable":true,"href":"https:\/\/covasna45.ro\/index.php\/wp-json\/wp\/v2\/comments?post=10551"}],"version-history":[{"count":1,"href":"https:\/\/covasna45.ro\/index.php\/wp-json\/wp\/v2\/posts\/10551\/revisions"}],"predecessor-version":[{"id":10554,"href":"https:\/\/covasna45.ro\/index.php\/wp-json\/wp\/v2\/posts\/10551\/revisions\/10554"}],"wp:featuredmedia":[{"embeddable":true,"href":"https:\/\/covasna45.ro\/index.php\/wp-json\/wp\/v2\/media\/10553"}],"wp:attachment":[{"href":"https:\/\/covasna45.ro\/index.php\/wp-json\/wp\/v2\/media?parent=10551"}],"wp:term":[{"taxonomy":"category","embeddable":true,"href":"https:\/\/covasna45.ro\/index.php\/wp-json\/wp\/v2\/categories?post=10551"},{"taxonomy":"post_tag","embeddable":true,"href":"https:\/\/covasna45.ro\/index.php\/wp-json\/wp\/v2\/tags?post=10551"}],"curies":[{"name":"wp","href":"https:\/\/api.w.org\/{rel}","templated":true}]}}