{"id":10555,"date":"2025-04-09T13:43:23","date_gmt":"2025-04-09T11:43:23","guid":{"rendered":"https:\/\/covasna45.ro\/?p=10555"},"modified":"2025-04-09T13:43:24","modified_gmt":"2025-04-09T11:43:24","slug":"printesa-elena-si-curtea-ei-oameni-noi-si-de-nimic-in-politica","status":"publish","type":"post","link":"https:\/\/covasna45.ro\/index.php\/opinii\/printesa-elena-si-curtea-ei-oameni-noi-si-de-nimic-in-politica\/","title":{"rendered":"Prin\u021besa Elena \u0219i curtea ei: oameni noi \u0219i de nimic \u00een politic\u0103"},"content":{"rendered":"\n<p>O parte din conducerea Uniunii Salva\u021bi Rom\u00e2nia (USR) a decis s\u0103 de o lovitur\u0103 de palat \u00een partid \u0219i s\u0103 \u00eel sus\u021bin\u0103 pe independentul Nicu\u0219or Dan, ducele de Bucure\u0219ti, la preziden\u021biale. Sprijinul pentru prin\u021besa Elena Lasconi, candidata \u0219i pre\u0219edinta USR, a fost retras.<\/p>\n\n\n\n<p>Ca la orice rebeliune, politicienii USR care au executat-o pe Elena Lasconi s-au \u00eenghesuit unul l\u00e2ng\u0103 altul, pe mai multe r\u00e2nduri, ca s\u0103 par\u0103 fotografia plin\u0103, \u0219i au f\u0103cut o conferin\u021b\u0103 de pres\u0103. \u00cen fruntea lor se aflau contele Dominic Fritz \u0219i marchizul Ionu\u021b Mo\u0219teanu. Ceilal\u021bi nu sunt foarte cunoscu\u021bi, probabil sunt dintre cei 12% care au primit voturi la parlamentare. Nobili, dar mai mici! Buni \u0219i ei at\u00e2ta timp c\u00e2t marii vocali\u0219ti ai USR tac strategic&#8230;<\/p>\n\n\n\n<p>S\u0103 recunoa\u0219tem, via\u021ba politic\u0103 rom\u00e2neasc\u0103 e tot mai vioaie. Mai \u00eent\u00e2i, anul trecut, a ap\u0103rut candidatul-surpriz\u0103, arhiducele C. Georgescu. Moment \u00een care toat\u0103 lumea bun\u0103 a jurat c\u0103 o iube\u0219te pe Elena. Toat\u0103 lumea bun\u0103 \u00eendemna atunci pe toat\u0103 lumea s\u0103 o voteze pe Elena. Ce era la gura lor dac\u0103 nu erai de acord cu propunerea!&#8230; Dar alegerile s-au anulat. Fanii prin\u021besei au spus atunci \u0219i mai spun \u0219i azi c\u0103 un motiv al anul\u0103rii ar fi fost chiar Elena, care nu era din sistem. \u00cen cele din urm\u0103, g\u0103rzile \u0219i muschetarii au dat ni\u0219te comunicate stupide, iar lucrurile s-au \u00eenchis.<\/p>\n\n\n\n<h2 class=\"wp-block-heading\">Acum, vin alte alegeri. Prin\u021besa Elena s-a \u00eenscris \u00een competi\u021bie.<\/h2>\n\n\n\n<p>Firesc, doar a ob\u021binut multe voturi, se calificase \u00een final\u0103. A adus voturi la partid c\u00e2te nici nu au visat progresi\u0219tii. Dar curtea Cotrocenilor e ciudat\u0103. Locul acela nu e pentru oricine. Lumea bun\u0103, cea care o iubea ve\u0219nic pe Elena, acum \u00eel ador\u0103 pe Nicu\u0219or. Sondajele care nu l-au v\u0103zut pe arhiduce data trecut\u0103, acum v\u0103d c\u0103 ducele de Bucure\u0219ti nu ajunge \u00een turul al doilea. Era nevoie de m\u0103suri urgente. A\u0219a c\u0103 echipa de oameni noi \u00een politic\u0103 face exact ce ar trebui s\u0103 fac\u0103 o echip\u0103 plin\u0103 de caractere: o tr\u0103deaz\u0103 pe Elena!<\/p>\n\n\n\n<p>\u00cens\u0103 Elena e obi\u0219nuit\u0103 cu partidul pe care l-a condus sau \u00eenc\u0103 \u00eel conduce (povestea \u00eenc\u0103 nu e foarte clar\u0103). Colegii ei vrednici \u0219i pricepu\u021bi au mai trimis-o la plimbare ca s\u0103 ajung\u0103 D. Barna sau V. Voiculescu, europarlamentari. Ni\u0219te somit\u0103\u021bi!&#8230; A\u0219a c\u0103 prin\u021besa nu numai c\u0103 nu cedeaz\u0103, dar se bate \u0219i cu muschetarii, \u0219i cu lumea bun\u0103, dar \u0219i cu proprii s\u0103i curteni, ni\u0219te oameni noi \u0219i de nimic \u00een politic\u0103.<\/p>\n\n\n\n<h2 class=\"wp-block-heading\">Elena Lasconi nu iese din curs\u0103. <\/h2>\n\n\n\n<p>S-ar putea chiar s\u0103 ia ceva mai multe voturi de la oamenii one\u0219ti de-adev\u0103ratelea, c\u0103rora le repugn\u0103 astfel de jocuri mizerabile. Nicu\u0219or Dan devine, din independent, candidat de partid. O metamorfoz\u0103 invers\u0103, de la molie la larv\u0103. Rebeliunea din USR s-ar putea s\u0103 nu-i fie de niciun folos. Dimpotriv\u0103. Ca s\u0103 nu mai spun c\u0103 USR nu poate aloca resurse financiare ce vor fi decontate din bani publici altui candidat dec\u00e2t cel \u00eenscris oficial \u00een competi\u021bie cu blazonul partidului pe scut.<\/p>\n\n\n\n<p>Acum se vede \u0219i din Cosmos c\u0103 oamenii noi \u00een politic\u0103 sunt la fel de interesa\u021bi de rom\u00e2ni \u0219i de Rom\u00e2nia ca oamenii vechi \u00een politic\u0103. Au aceea\u0219i \u00eenc\u0103rc\u0103tur\u0103 mental\u0103 mic\u0103 \u0219i aceea\u0219i lips\u0103 de caracter. Iar politicienii care cred c\u0103 oamenii vor vota conform unor indica\u021bii venite de la partide, fie acestea vechi, fie noi, se \u00een\u0219al\u0103. Dar a\u0219a se \u00eent\u00e2mpl\u0103 c\u00e2nd e criz\u0103 de inteligen\u021be \u0219i caractere&#8230; Ghinion!<\/p>\n","protected":false},"excerpt":{"rendered":"<p>O parte din conducerea Uniunii Salva\u021bi Rom\u00e2nia (USR) a decis s\u0103 de o lovitur\u0103 de palat \u00een partid \u0219i s\u0103 \u00eel sus\u021bin\u0103 pe independentul Nicu\u0219or Dan, ducele de Bucure\u0219ti, la preziden\u021biale. Sprijinul pentru prin\u021besa Elena Lasconi, candidata \u0219i pre\u0219edinta USR, a fost retras. Ca la orice rebeliune, politicienii USR care au executat-o pe Elena Lasconi [&hellip;]<\/p>\n","protected":false},"author":2,"featured_media":8769,"comment_status":"open","ping_status":"closed","sticky":false,"template":"","format":"standard","meta":{"tdm_status":"","tdm_grid_status":"","footnotes":""},"categories":[13],"tags":[340,3502,2687,3503,3304,178,1961],"class_list":{"0":"post-10555","1":"post","2":"type-post","3":"status-publish","4":"format-standard","5":"has-post-thumbnail","7":"category-opinii","8":"tag-alegeri","9":"tag-dominic-fritz","10":"tag-elena-lasconi","11":"tag-ionut-mosteanu","12":"tag-nicusor-dan","13":"tag-politica","14":"tag-usr"},"yoast_head":"<!-- This site is optimized with the Yoast SEO plugin v27.5 - https:\/\/yoast.com\/product\/yoast-seo-wordpress\/ -->\n<title>Prin\u021besa Elena \u0219i curtea ei: oameni noi \u0219i de nimic \u00een politic\u0103 - Covasna45<\/title>\n<meta name=\"description\" content=\"Elena Lasconi nu iese din curs\u0103. S-ar putea chiar s\u0103 ia ceva mai multe voturi de la oamenii one\u0219ti de-adev\u0103ratelea\" \/>\n<meta name=\"robots\" content=\"index, follow, max-snippet:-1, max-image-preview:large, max-video-preview:-1\" \/>\n<link rel=\"canonical\" href=\"https:\/\/covasna45.ro\/index.php\/opinii\/printesa-elena-si-curtea-ei-oameni-noi-si-de-nimic-in-politica\/\" \/>\n<meta property=\"og:locale\" content=\"ro_RO\" \/>\n<meta property=\"og:type\" content=\"article\" \/>\n<meta property=\"og:title\" content=\"Prin\u021besa Elena \u0219i curtea ei: oameni noi \u0219i de nimic \u00een politic\u0103 - Covasna45\" \/>\n<meta property=\"og:description\" content=\"Elena Lasconi nu iese din curs\u0103. S-ar putea chiar s\u0103 ia ceva mai multe voturi de la oamenii one\u0219ti de-adev\u0103ratelea\" \/>\n<meta property=\"og:url\" content=\"https:\/\/covasna45.ro\/index.php\/opinii\/printesa-elena-si-curtea-ei-oameni-noi-si-de-nimic-in-politica\/\" \/>\n<meta property=\"og:site_name\" content=\"Covasna45\" \/>\n<meta property=\"article:published_time\" content=\"2025-04-09T11:43:23+00:00\" \/>\n<meta property=\"article:modified_time\" content=\"2025-04-09T11:43:24+00:00\" \/>\n<meta property=\"og:image\" content=\"https:\/\/covasna45.ro\/wp-content\/uploads\/2024\/11\/cotroceni-1024x682.jpg\" \/>\n\t<meta property=\"og:image:width\" content=\"1024\" \/>\n\t<meta property=\"og:image:height\" content=\"682\" \/>\n\t<meta property=\"og:image:type\" content=\"image\/jpeg\" \/>\n<meta name=\"author\" content=\"Tudor Artenie\" \/>\n<meta name=\"twitter:card\" content=\"summary_large_image\" \/>\n<meta name=\"twitter:label1\" content=\"Scris de\" \/>\n\t<meta name=\"twitter:data1\" content=\"Tudor Artenie\" \/>\n\t<meta name=\"twitter:label2\" content=\"Timp estimat pentru citire\" \/>\n\t<meta name=\"twitter:data2\" content=\"4 minute\" \/>\n<script type=\"application\/ld+json\" class=\"yoast-schema-graph\">{\"@context\":\"https:\\\/\\\/schema.org\",\"@graph\":[{\"@type\":\"Article\",\"@id\":\"https:\\\/\\\/covasna45.ro\\\/index.php\\\/opinii\\\/printesa-elena-si-curtea-ei-oameni-noi-si-de-nimic-in-politica\\\/#article\",\"isPartOf\":{\"@id\":\"https:\\\/\\\/covasna45.ro\\\/index.php\\\/opinii\\\/printesa-elena-si-curtea-ei-oameni-noi-si-de-nimic-in-politica\\\/\"},\"author\":{\"name\":\"Tudor Artenie\",\"@id\":\"https:\\\/\\\/covasna45.ro\\\/#\\\/schema\\\/person\\\/bebc5d3d25da46ad17e583074ed07bde\"},\"headline\":\"Prin\u021besa Elena \u0219i curtea ei: oameni noi \u0219i de nimic \u00een politic\u0103\",\"datePublished\":\"2025-04-09T11:43:23+00:00\",\"dateModified\":\"2025-04-09T11:43:24+00:00\",\"mainEntityOfPage\":{\"@id\":\"https:\\\/\\\/covasna45.ro\\\/index.php\\\/opinii\\\/printesa-elena-si-curtea-ei-oameni-noi-si-de-nimic-in-politica\\\/\"},\"wordCount\":637,\"commentCount\":0,\"publisher\":{\"@id\":\"https:\\\/\\\/covasna45.ro\\\/#organization\"},\"image\":{\"@id\":\"https:\\\/\\\/covasna45.ro\\\/index.php\\\/opinii\\\/printesa-elena-si-curtea-ei-oameni-noi-si-de-nimic-in-politica\\\/#primaryimage\"},\"thumbnailUrl\":\"https:\\\/\\\/covasna45.ro\\\/wp-content\\\/uploads\\\/2024\\\/11\\\/cotroceni.jpg\",\"keywords\":[\"Alegeri\",\"Dominic Fritz\",\"Elena Lasconi\",\"Ionu\u021b Mo\u0219teanu\",\"Nicu\u0219or Dan\",\"Politic\u0103\",\"USR\"],\"articleSection\":[\"Opinii\"],\"inLanguage\":\"ro-RO\",\"potentialAction\":[{\"@type\":\"CommentAction\",\"name\":\"Comment\",\"target\":[\"https:\\\/\\\/covasna45.ro\\\/index.php\\\/opinii\\\/printesa-elena-si-curtea-ei-oameni-noi-si-de-nimic-in-politica\\\/#respond\"]}]},{\"@type\":\"WebPage\",\"@id\":\"https:\\\/\\\/covasna45.ro\\\/index.php\\\/opinii\\\/printesa-elena-si-curtea-ei-oameni-noi-si-de-nimic-in-politica\\\/\",\"url\":\"https:\\\/\\\/covasna45.ro\\\/index.php\\\/opinii\\\/printesa-elena-si-curtea-ei-oameni-noi-si-de-nimic-in-politica\\\/\",\"name\":\"Prin\u021besa Elena \u0219i curtea ei: oameni noi \u0219i de nimic \u00een politic\u0103 - Covasna45\",\"isPartOf\":{\"@id\":\"https:\\\/\\\/covasna45.ro\\\/#website\"},\"primaryImageOfPage\":{\"@id\":\"https:\\\/\\\/covasna45.ro\\\/index.php\\\/opinii\\\/printesa-elena-si-curtea-ei-oameni-noi-si-de-nimic-in-politica\\\/#primaryimage\"},\"image\":{\"@id\":\"https:\\\/\\\/covasna45.ro\\\/index.php\\\/opinii\\\/printesa-elena-si-curtea-ei-oameni-noi-si-de-nimic-in-politica\\\/#primaryimage\"},\"thumbnailUrl\":\"https:\\\/\\\/covasna45.ro\\\/wp-content\\\/uploads\\\/2024\\\/11\\\/cotroceni.jpg\",\"datePublished\":\"2025-04-09T11:43:23+00:00\",\"dateModified\":\"2025-04-09T11:43:24+00:00\",\"description\":\"Elena Lasconi nu iese din curs\u0103. S-ar putea chiar s\u0103 ia ceva mai multe voturi de la oamenii one\u0219ti de-adev\u0103ratelea\",\"breadcrumb\":{\"@id\":\"https:\\\/\\\/covasna45.ro\\\/index.php\\\/opinii\\\/printesa-elena-si-curtea-ei-oameni-noi-si-de-nimic-in-politica\\\/#breadcrumb\"},\"inLanguage\":\"ro-RO\",\"potentialAction\":[{\"@type\":\"ReadAction\",\"target\":[\"https:\\\/\\\/covasna45.ro\\\/index.php\\\/opinii\\\/printesa-elena-si-curtea-ei-oameni-noi-si-de-nimic-in-politica\\\/\"]}]},{\"@type\":\"ImageObject\",\"inLanguage\":\"ro-RO\",\"@id\":\"https:\\\/\\\/covasna45.ro\\\/index.php\\\/opinii\\\/printesa-elena-si-curtea-ei-oameni-noi-si-de-nimic-in-politica\\\/#primaryimage\",\"url\":\"https:\\\/\\\/covasna45.ro\\\/wp-content\\\/uploads\\\/2024\\\/11\\\/cotroceni.jpg\",\"contentUrl\":\"https:\\\/\\\/covasna45.ro\\\/wp-content\\\/uploads\\\/2024\\\/11\\\/cotroceni.jpg\",\"width\":2000,\"height\":1333},{\"@type\":\"BreadcrumbList\",\"@id\":\"https:\\\/\\\/covasna45.ro\\\/index.php\\\/opinii\\\/printesa-elena-si-curtea-ei-oameni-noi-si-de-nimic-in-politica\\\/#breadcrumb\",\"itemListElement\":[{\"@type\":\"ListItem\",\"position\":1,\"name\":\"Prima pagin\u0103\",\"item\":\"https:\\\/\\\/covasna45.ro\\\/\"},{\"@type\":\"ListItem\",\"position\":2,\"name\":\"Prin\u021besa Elena \u0219i curtea ei: oameni noi \u0219i de nimic \u00een politic\u0103\"}]},{\"@type\":\"WebSite\",\"@id\":\"https:\\\/\\\/covasna45.ro\\\/#website\",\"url\":\"https:\\\/\\\/covasna45.ro\\\/\",\"name\":\"covasna45.ro\",\"description\":\"\",\"publisher\":{\"@id\":\"https:\\\/\\\/covasna45.ro\\\/#organization\"},\"potentialAction\":[{\"@type\":\"SearchAction\",\"target\":{\"@type\":\"EntryPoint\",\"urlTemplate\":\"https:\\\/\\\/covasna45.ro\\\/?s={search_term_string}\"},\"query-input\":{\"@type\":\"PropertyValueSpecification\",\"valueRequired\":true,\"valueName\":\"search_term_string\"}}],\"inLanguage\":\"ro-RO\"},{\"@type\":\"Organization\",\"@id\":\"https:\\\/\\\/covasna45.ro\\\/#organization\",\"name\":\"covasna45.ro\",\"url\":\"https:\\\/\\\/covasna45.ro\\\/\",\"logo\":{\"@type\":\"ImageObject\",\"inLanguage\":\"ro-RO\",\"@id\":\"https:\\\/\\\/covasna45.ro\\\/#\\\/schema\\\/logo\\\/image\\\/\",\"url\":\"https:\\\/\\\/covasna45.ro\\\/wp-content\\\/uploads\\\/2023\\\/01\\\/icon_logo.png\",\"contentUrl\":\"https:\\\/\\\/covasna45.ro\\\/wp-content\\\/uploads\\\/2023\\\/01\\\/icon_logo.png\",\"width\":1900,\"height\":1900,\"caption\":\"covasna45.ro\"},\"image\":{\"@id\":\"https:\\\/\\\/covasna45.ro\\\/#\\\/schema\\\/logo\\\/image\\\/\"}},{\"@type\":\"Person\",\"@id\":\"https:\\\/\\\/covasna45.ro\\\/#\\\/schema\\\/person\\\/bebc5d3d25da46ad17e583074ed07bde\",\"name\":\"Tudor Artenie\",\"image\":{\"@type\":\"ImageObject\",\"inLanguage\":\"ro-RO\",\"@id\":\"https:\\\/\\\/covasna45.ro\\\/wp-content\\\/uploads\\\/2025\\\/10\\\/Tudor_recita_1-1-150x150.jpg\",\"url\":\"https:\\\/\\\/covasna45.ro\\\/wp-content\\\/uploads\\\/2025\\\/10\\\/Tudor_recita_1-1-150x150.jpg\",\"contentUrl\":\"https:\\\/\\\/covasna45.ro\\\/wp-content\\\/uploads\\\/2025\\\/10\\\/Tudor_recita_1-1-150x150.jpg\",\"caption\":\"Tudor Artenie\"},\"url\":\"https:\\\/\\\/covasna45.ro\\\/index.php\\\/author\\\/tudor\\\/\"}]}<\/script>\n<!-- \/ Yoast SEO plugin. -->","yoast_head_json":{"title":"Prin\u021besa Elena \u0219i curtea ei: oameni noi \u0219i de nimic \u00een politic\u0103 - Covasna45","description":"Elena Lasconi nu iese din curs\u0103. S-ar putea chiar s\u0103 ia ceva mai multe voturi de la oamenii one\u0219ti de-adev\u0103ratelea","robots":{"index":"index","follow":"follow","max-snippet":"max-snippet:-1","max-image-preview":"max-image-preview:large","max-video-preview":"max-video-preview:-1"},"canonical":"https:\/\/covasna45.ro\/index.php\/opinii\/printesa-elena-si-curtea-ei-oameni-noi-si-de-nimic-in-politica\/","og_locale":"ro_RO","og_type":"article","og_title":"Prin\u021besa Elena \u0219i curtea ei: oameni noi \u0219i de nimic \u00een politic\u0103 - Covasna45","og_description":"Elena Lasconi nu iese din curs\u0103. S-ar putea chiar s\u0103 ia ceva mai multe voturi de la oamenii one\u0219ti de-adev\u0103ratelea","og_url":"https:\/\/covasna45.ro\/index.php\/opinii\/printesa-elena-si-curtea-ei-oameni-noi-si-de-nimic-in-politica\/","og_site_name":"Covasna45","article_published_time":"2025-04-09T11:43:23+00:00","article_modified_time":"2025-04-09T11:43:24+00:00","og_image":[{"width":1024,"height":682,"url":"https:\/\/covasna45.ro\/wp-content\/uploads\/2024\/11\/cotroceni-1024x682.jpg","type":"image\/jpeg"}],"author":"Tudor Artenie","twitter_card":"summary_large_image","twitter_misc":{"Scris de":"Tudor Artenie","Timp estimat pentru citire":"4 minute"},"schema":{"@context":"https:\/\/schema.org","@graph":[{"@type":"Article","@id":"https:\/\/covasna45.ro\/index.php\/opinii\/printesa-elena-si-curtea-ei-oameni-noi-si-de-nimic-in-politica\/#article","isPartOf":{"@id":"https:\/\/covasna45.ro\/index.php\/opinii\/printesa-elena-si-curtea-ei-oameni-noi-si-de-nimic-in-politica\/"},"author":{"name":"Tudor Artenie","@id":"https:\/\/covasna45.ro\/#\/schema\/person\/bebc5d3d25da46ad17e583074ed07bde"},"headline":"Prin\u021besa Elena \u0219i curtea ei: oameni noi \u0219i de nimic \u00een politic\u0103","datePublished":"2025-04-09T11:43:23+00:00","dateModified":"2025-04-09T11:43:24+00:00","mainEntityOfPage":{"@id":"https:\/\/covasna45.ro\/index.php\/opinii\/printesa-elena-si-curtea-ei-oameni-noi-si-de-nimic-in-politica\/"},"wordCount":637,"commentCount":0,"publisher":{"@id":"https:\/\/covasna45.ro\/#organization"},"image":{"@id":"https:\/\/covasna45.ro\/index.php\/opinii\/printesa-elena-si-curtea-ei-oameni-noi-si-de-nimic-in-politica\/#primaryimage"},"thumbnailUrl":"https:\/\/covasna45.ro\/wp-content\/uploads\/2024\/11\/cotroceni.jpg","keywords":["Alegeri","Dominic Fritz","Elena Lasconi","Ionu\u021b Mo\u0219teanu","Nicu\u0219or Dan","Politic\u0103","USR"],"articleSection":["Opinii"],"inLanguage":"ro-RO","potentialAction":[{"@type":"CommentAction","name":"Comment","target":["https:\/\/covasna45.ro\/index.php\/opinii\/printesa-elena-si-curtea-ei-oameni-noi-si-de-nimic-in-politica\/#respond"]}]},{"@type":"WebPage","@id":"https:\/\/covasna45.ro\/index.php\/opinii\/printesa-elena-si-curtea-ei-oameni-noi-si-de-nimic-in-politica\/","url":"https:\/\/covasna45.ro\/index.php\/opinii\/printesa-elena-si-curtea-ei-oameni-noi-si-de-nimic-in-politica\/","name":"Prin\u021besa Elena \u0219i curtea ei: oameni noi \u0219i de nimic \u00een politic\u0103 - Covasna45","isPartOf":{"@id":"https:\/\/covasna45.ro\/#website"},"primaryImageOfPage":{"@id":"https:\/\/covasna45.ro\/index.php\/opinii\/printesa-elena-si-curtea-ei-oameni-noi-si-de-nimic-in-politica\/#primaryimage"},"image":{"@id":"https:\/\/covasna45.ro\/index.php\/opinii\/printesa-elena-si-curtea-ei-oameni-noi-si-de-nimic-in-politica\/#primaryimage"},"thumbnailUrl":"https:\/\/covasna45.ro\/wp-content\/uploads\/2024\/11\/cotroceni.jpg","datePublished":"2025-04-09T11:43:23+00:00","dateModified":"2025-04-09T11:43:24+00:00","description":"Elena Lasconi nu iese din curs\u0103. S-ar putea chiar s\u0103 ia ceva mai multe voturi de la oamenii one\u0219ti de-adev\u0103ratelea","breadcrumb":{"@id":"https:\/\/covasna45.ro\/index.php\/opinii\/printesa-elena-si-curtea-ei-oameni-noi-si-de-nimic-in-politica\/#breadcrumb"},"inLanguage":"ro-RO","potentialAction":[{"@type":"ReadAction","target":["https:\/\/covasna45.ro\/index.php\/opinii\/printesa-elena-si-curtea-ei-oameni-noi-si-de-nimic-in-politica\/"]}]},{"@type":"ImageObject","inLanguage":"ro-RO","@id":"https:\/\/covasna45.ro\/index.php\/opinii\/printesa-elena-si-curtea-ei-oameni-noi-si-de-nimic-in-politica\/#primaryimage","url":"https:\/\/covasna45.ro\/wp-content\/uploads\/2024\/11\/cotroceni.jpg","contentUrl":"https:\/\/covasna45.ro\/wp-content\/uploads\/2024\/11\/cotroceni.jpg","width":2000,"height":1333},{"@type":"BreadcrumbList","@id":"https:\/\/covasna45.ro\/index.php\/opinii\/printesa-elena-si-curtea-ei-oameni-noi-si-de-nimic-in-politica\/#breadcrumb","itemListElement":[{"@type":"ListItem","position":1,"name":"Prima pagin\u0103","item":"https:\/\/covasna45.ro\/"},{"@type":"ListItem","position":2,"name":"Prin\u021besa Elena \u0219i curtea ei: oameni noi \u0219i de nimic \u00een politic\u0103"}]},{"@type":"WebSite","@id":"https:\/\/covasna45.ro\/#website","url":"https:\/\/covasna45.ro\/","name":"covasna45.ro","description":"","publisher":{"@id":"https:\/\/covasna45.ro\/#organization"},"potentialAction":[{"@type":"SearchAction","target":{"@type":"EntryPoint","urlTemplate":"https:\/\/covasna45.ro\/?s={search_term_string}"},"query-input":{"@type":"PropertyValueSpecification","valueRequired":true,"valueName":"search_term_string"}}],"inLanguage":"ro-RO"},{"@type":"Organization","@id":"https:\/\/covasna45.ro\/#organization","name":"covasna45.ro","url":"https:\/\/covasna45.ro\/","logo":{"@type":"ImageObject","inLanguage":"ro-RO","@id":"https:\/\/covasna45.ro\/#\/schema\/logo\/image\/","url":"https:\/\/covasna45.ro\/wp-content\/uploads\/2023\/01\/icon_logo.png","contentUrl":"https:\/\/covasna45.ro\/wp-content\/uploads\/2023\/01\/icon_logo.png","width":1900,"height":1900,"caption":"covasna45.ro"},"image":{"@id":"https:\/\/covasna45.ro\/#\/schema\/logo\/image\/"}},{"@type":"Person","@id":"https:\/\/covasna45.ro\/#\/schema\/person\/bebc5d3d25da46ad17e583074ed07bde","name":"Tudor Artenie","image":{"@type":"ImageObject","inLanguage":"ro-RO","@id":"https:\/\/covasna45.ro\/wp-content\/uploads\/2025\/10\/Tudor_recita_1-1-150x150.jpg","url":"https:\/\/covasna45.ro\/wp-content\/uploads\/2025\/10\/Tudor_recita_1-1-150x150.jpg","contentUrl":"https:\/\/covasna45.ro\/wp-content\/uploads\/2025\/10\/Tudor_recita_1-1-150x150.jpg","caption":"Tudor Artenie"},"url":"https:\/\/covasna45.ro\/index.php\/author\/tudor\/"}]}},"_links":{"self":[{"href":"https:\/\/covasna45.ro\/index.php\/wp-json\/wp\/v2\/posts\/10555","targetHints":{"allow":["GET"]}}],"collection":[{"href":"https:\/\/covasna45.ro\/index.php\/wp-json\/wp\/v2\/posts"}],"about":[{"href":"https:\/\/covasna45.ro\/index.php\/wp-json\/wp\/v2\/types\/post"}],"author":[{"embeddable":true,"href":"https:\/\/covasna45.ro\/index.php\/wp-json\/wp\/v2\/users\/2"}],"replies":[{"embeddable":true,"href":"https:\/\/covasna45.ro\/index.php\/wp-json\/wp\/v2\/comments?post=10555"}],"version-history":[{"count":1,"href":"https:\/\/covasna45.ro\/index.php\/wp-json\/wp\/v2\/posts\/10555\/revisions"}],"predecessor-version":[{"id":10556,"href":"https:\/\/covasna45.ro\/index.php\/wp-json\/wp\/v2\/posts\/10555\/revisions\/10556"}],"wp:featuredmedia":[{"embeddable":true,"href":"https:\/\/covasna45.ro\/index.php\/wp-json\/wp\/v2\/media\/8769"}],"wp:attachment":[{"href":"https:\/\/covasna45.ro\/index.php\/wp-json\/wp\/v2\/media?parent=10555"}],"wp:term":[{"taxonomy":"category","embeddable":true,"href":"https:\/\/covasna45.ro\/index.php\/wp-json\/wp\/v2\/categories?post=10555"},{"taxonomy":"post_tag","embeddable":true,"href":"https:\/\/covasna45.ro\/index.php\/wp-json\/wp\/v2\/tags?post=10555"}],"curies":[{"name":"wp","href":"https:\/\/api.w.org\/{rel}","templated":true}]}}