{"id":10704,"date":"2025-04-22T13:06:41","date_gmt":"2025-04-22T11:06:41","guid":{"rendered":"https:\/\/covasna45.ro\/?p=10704"},"modified":"2025-04-22T13:32:27","modified_gmt":"2025-04-22T11:32:27","slug":"oportunitate-pentru-firme-si-autoritati-locale-pot-aplica-pentru-programul-fit-edih","status":"publish","type":"post","link":"https:\/\/covasna45.ro\/index.php\/lumea-noastra\/oportunitate-pentru-firme-si-autoritati-locale-pot-aplica-pentru-programul-fit-edih\/","title":{"rendered":"Oportunitate pentru firme \u0219i autorit\u0103\u021bi locale: pot aplica pentru programul FIT EDIH"},"content":{"rendered":"\n<p>Perioada de aplicare la programul FIT EDIH, de sprijinire a afacerilor \u0219i institu\u021biilor publice din Regiunea Centru, se \u00eencheie pe 30 aprilie.<\/p>\n\n\n\n<p>FIT EDIH este un proiect finan\u021bat de Uniunea European\u0103 care pune la dispozi\u021bia beneficiarilor servicii gratuite structurate \u00een 4 direc\u021bii principale:<\/p>\n\n\n\n<ul class=\"wp-block-list\">\n<li>Ecosistem de <strong>inovare<\/strong> \u2013 conectare la re\u021bele \u0219i parteneriate strategice<\/li>\n\n\n\n<li>Testeaz\u0103 \u00eenainte de a investi \u2013 <strong>acces<\/strong> la tehnologii avansate \u0219i testare de solu\u021bii<\/li>\n\n\n\n<li>Abilit\u0103\u021bi \u0219i formare \u2013 cursuri \u0219i <strong>programe<\/strong> de dezvoltare a competen\u021belor digitale<\/li>\n\n\n\n<li>Acces la finan\u021bare \u2013 <strong>sprijin<\/strong> \u00een identificarea \u0219i atragerea finan\u021b\u0103rilor.<\/li>\n<\/ul>\n\n\n\n<p><strong>Detalii cheie ale apelului<\/strong>:<\/p>\n\n\n\n<ul class=\"wp-block-list\">\n<li>Perioada de aplicare: 21.02.2025 \u2013 30.04.2025<\/li>\n\n\n\n<li>Durata sprijinului: Maximum 12 luni pentru furnizarea serviciilor per beneficiar<\/li>\n\n\n\n<li>Loc de implementare: Regiunea Centru \u2013 jude\u021bele Alba, Bra\u0219ov, Covasna, Harghita, Mure\u0219 \u0219i Sibiu<\/li>\n\n\n\n<li>Alocare financiar\u0103: Servicii \u00een valoare de 4.223.882,57 euro prin Programul Europa Digital\u0103 \u0219i Programul Cre\u0219tere Inteligent\u0103, Digitalizare \u0219i Instrumente Financiare.<\/li>\n<\/ul>\n\n\n\n<h2 class=\"wp-block-heading\">Cine poate aplica?<\/h2>\n\n\n\n<p>IMM-uri \u0219i Autorit\u0103\u021bi Publice Locale care:<\/p>\n\n\n\n<ul class=\"wp-block-list\">\n<li>Activeaz\u0103 \u00een Ora\u0219e Inteligente, Produc\u021bie sau eS\u0103n\u0103tate<\/li>\n\n\n\n<li>Au sediul \u00een unul dintre cele 6 jude\u021be din Regiunea Centru.<\/li>\n<\/ul>\n\n\n\n<figure class=\"wp-block-image size-large\"><img loading=\"lazy\" decoding=\"async\" width=\"1024\" height=\"401\" src=\"https:\/\/covasna45.ro\/wp-content\/uploads\/2025\/04\/fit-edih-30-apr-1024x401.jpg\" alt=\"\" class=\"wp-image-10706\" srcset=\"https:\/\/covasna45.ro\/wp-content\/uploads\/2025\/04\/fit-edih-30-apr-1024x401.jpg 1024w, https:\/\/covasna45.ro\/wp-content\/uploads\/2025\/04\/fit-edih-30-apr-300x117.jpg 300w, https:\/\/covasna45.ro\/wp-content\/uploads\/2025\/04\/fit-edih-30-apr-768x301.jpg 768w, https:\/\/covasna45.ro\/wp-content\/uploads\/2025\/04\/fit-edih-30-apr-1536x601.jpg 1536w, https:\/\/covasna45.ro\/wp-content\/uploads\/2025\/04\/fit-edih-30-apr-150x59.jpg 150w, https:\/\/covasna45.ro\/wp-content\/uploads\/2025\/04\/fit-edih-30-apr-696x272.jpg 696w, https:\/\/covasna45.ro\/wp-content\/uploads\/2025\/04\/fit-edih-30-apr-1068x418.jpg 1068w, https:\/\/covasna45.ro\/wp-content\/uploads\/2025\/04\/fit-edih-30-apr.jpg 1645w\" sizes=\"auto, (max-width: 1024px) 100vw, 1024px\" \/><\/figure>\n\n\n\n<h2 class=\"wp-block-heading\">Ce este FIT EDIH?<\/h2>\n\n\n\n<p>Futures of Innovation and Technology European Digital Innovation Hub este singurul Centru European de Inovare Digital\u0103 din Regiunea Centru, Rom\u00e2nia.<\/p>\n\n\n\n<p>FIT EDIH este o ini\u021biativ\u0103 partenerial\u0103 format\u0103 din fuziunea a dou\u0103 consor\u021bii \u0219i este coordonat de Iceberg+, o companie de inovare \u0219i transfer tehnologic. FIT EDIH \u00ee\u0219i propune s\u0103 accelereze transformarea digital\u0103 a societ\u0103\u021bii \u0219i economiei din Regiunea Centru. Reunind 12 dintre cei mai activi juc\u0103tori regionali, at\u00e2t publici c\u00e2t \u0219i priva\u021bi, din domeniul inova\u021biei \u0219i transform\u0103rii digitale, FIT EDIH dispune de experien\u021b\u0103, expertiz\u0103 \u0219i infrastructura necesar\u0103 pentru c\u0103l\u0103toria digital\u0103 a beneficiarilor s\u0103i.<\/p>\n\n\n\n<figure class=\"wp-block-image size-large\"><img loading=\"lazy\" decoding=\"async\" width=\"1024\" height=\"858\" src=\"https:\/\/covasna45.ro\/wp-content\/uploads\/2025\/04\/fit-sm-1024x858.jpg\" alt=\"\" class=\"wp-image-10707\" srcset=\"https:\/\/covasna45.ro\/wp-content\/uploads\/2025\/04\/fit-sm-1024x858.jpg 1024w, https:\/\/covasna45.ro\/wp-content\/uploads\/2025\/04\/fit-sm-300x251.jpg 300w, https:\/\/covasna45.ro\/wp-content\/uploads\/2025\/04\/fit-sm-768x644.jpg 768w, https:\/\/covasna45.ro\/wp-content\/uploads\/2025\/04\/fit-sm-150x126.jpg 150w, https:\/\/covasna45.ro\/wp-content\/uploads\/2025\/04\/fit-sm-696x583.jpg 696w, https:\/\/covasna45.ro\/wp-content\/uploads\/2025\/04\/fit-sm-1068x895.jpg 1068w, https:\/\/covasna45.ro\/wp-content\/uploads\/2025\/04\/fit-sm.jpg 1410w\" sizes=\"auto, (max-width: 1024px) 100vw, 1024px\" \/><\/figure>\n\n\n\n<p>Misiunea FIT EDIH este de a oferi sprijin \u00een procesul de digitalizare pentru 124 de IMM-uri \u0219i 17 autorit\u0103\u021bi publice locale, astfel \u00eenc\u00e2t s\u0103 contribuie la dezvoltarea \u0219i atingerea poten\u021bialului de maturitate digital\u0103 ale acestora. Toate acestea pe o perioad\u0103 de 5 ani.<\/p>\n\n\n\n<p>Serviciile furnizate prin prezentul apel vor fi disponibile pentru beneficiarii de pe \u00eentregul teritoriu al Regiunii Centru &#8211; jude\u021bele Alba, Bra\u0219ov, Covasna, Harghita, Mure\u0219 \u0219i Sibiu.<\/p>\n\n\n\n<figure class=\"wp-block-image size-full\"><img loading=\"lazy\" decoding=\"async\" width=\"940\" height=\"788\" src=\"https:\/\/covasna45.ro\/wp-content\/uploads\/2025\/04\/fit-imm.jpg\" alt=\"\" class=\"wp-image-10708\" srcset=\"https:\/\/covasna45.ro\/wp-content\/uploads\/2025\/04\/fit-imm.jpg 940w, https:\/\/covasna45.ro\/wp-content\/uploads\/2025\/04\/fit-imm-300x251.jpg 300w, https:\/\/covasna45.ro\/wp-content\/uploads\/2025\/04\/fit-imm-768x644.jpg 768w, https:\/\/covasna45.ro\/wp-content\/uploads\/2025\/04\/fit-imm-150x126.jpg 150w, https:\/\/covasna45.ro\/wp-content\/uploads\/2025\/04\/fit-imm-696x583.jpg 696w\" sizes=\"auto, (max-width: 940px) 100vw, 940px\" \/><\/figure>\n\n\n\n<p>\u00cen iulie 2020, a fost <a href=\"https:\/\/bioeconomia.ro\/programe-de-finantare\/apel-de-finantare-pentru-transformarea-digitala-a-imm-urilor-din-regiunea-centru\/\">lansat<\/a>, la Bra\u0219ov, <strong>Centrul de Inovare Digital\u0103 FIT<\/strong>.<\/p>\n\n\n\n<p>\u201e<strong>Un centru de dezvoltare digital\u0103 nu este o cl\u0103dire \u0219i cu siguran\u021b\u0103 nu reprezint\u0103 doar o organiza\u021bie ci, \u00een esen\u021b\u0103, el este un ecosistem \u2013 organiza\u021bii, oameni cu anumite competen\u021be \u0219i accesul la investi\u021bii, adic\u0103 Futures of Innovation and Technology<\/strong>\u201d, spunea, la acea dat\u0103, Ionu\u021b Tata, CEO Iceberg. La lansare a luat parte \u0219i Lajos Vajda, pre\u0219edinte executiv al Asocia\u021biei \u00centreprinderilor Mici \u0219i Mijlocii Covasna &#8211; ASIMCOV &#8211;  \u0219i fondator al  Clusterului Green Energy.<\/p>\n\n\n\n<figure class=\"wp-block-image size-full\"><img loading=\"lazy\" decoding=\"async\" width=\"581\" height=\"651\" src=\"https:\/\/covasna45.ro\/wp-content\/uploads\/2025\/04\/lv-4.jpg\" alt=\"\" class=\"wp-image-10711\" srcset=\"https:\/\/covasna45.ro\/wp-content\/uploads\/2025\/04\/lv-4.jpg 581w, https:\/\/covasna45.ro\/wp-content\/uploads\/2025\/04\/lv-4-268x300.jpg 268w, https:\/\/covasna45.ro\/wp-content\/uploads\/2025\/04\/lv-4-150x168.jpg 150w, https:\/\/covasna45.ro\/wp-content\/uploads\/2025\/04\/lv-4-300x336.jpg 300w\" sizes=\"auto, (max-width: 581px) 100vw, 581px\" \/><\/figure>\n\n\n\n<p>\u201e<strong>Ne bucur\u0103m s\u0103 ne al\u0103tur\u0103m acestui demers at\u00e2t de important pentru regiune. Principalele sectoare economice \u2013 agro-food, green energy, balneo-turism, industria lemnului \u2013 au nevoie de beneficiile pe care le aduce digitalizarea pentru fluxurile de produc\u021bie \u0219i pentru vizibilitatea business-ului<\/strong>\u201d, a declarat, \u00een cadrul evenimentului, Lajos Vajda.<\/p>\n\n\n\n<p><em>Sursa: <a href=\"https:\/\/digitalinnovationhub.fit\/\">digitalinnovationhub.fit<\/a><\/em><\/p>\n","protected":false},"excerpt":{"rendered":"<p>Perioada de aplicare la programul FIT EDIH, de sprijinire a afacerilor \u0219i institu\u021biilor publice din Regiunea Centru, se \u00eencheie pe 30 aprilie. FIT EDIH este un proiect finan\u021bat de Uniunea European\u0103 care pune la dispozi\u021bia beneficiarilor servicii gratuite structurate \u00een 4 direc\u021bii principale: Detalii cheie ale apelului: Cine poate aplica? IMM-uri \u0219i Autorit\u0103\u021bi Publice Locale [&hellip;]<\/p>\n","protected":false},"author":1,"featured_media":10705,"comment_status":"open","ping_status":"closed","sticky":false,"template":"","format":"standard","meta":{"tdm_status":"","tdm_grid_status":"","footnotes":""},"categories":[14],"tags":[59,3534,3533,163],"class_list":{"0":"post-10704","1":"post","2":"type-post","3":"status-publish","4":"format-standard","5":"has-post-thumbnail","7":"category-lumea-noastra","8":"tag-digitalizare","9":"tag-finantare-2","10":"tag-fit-edih","11":"tag-regiunea-centru"},"yoast_head":"<!-- This site is optimized with the Yoast SEO plugin v27.5 - https:\/\/yoast.com\/product\/yoast-seo-wordpress\/ -->\n<title>Oportunitate pentru firme \u0219i autorit\u0103\u021bi locale: pot aplica pentru programul FIT EDIH - Covasna45<\/title>\n<meta name=\"description\" content=\"Misiunea FIT EDIH este de a oferi sprijin \u00een procesul de digitalizare pentru 124 de IMM-uri \u0219i 17 autorit\u0103\u021bi publice locale.\" \/>\n<meta name=\"robots\" content=\"index, follow, max-snippet:-1, max-image-preview:large, max-video-preview:-1\" \/>\n<link rel=\"canonical\" href=\"https:\/\/covasna45.ro\/index.php\/lumea-noastra\/oportunitate-pentru-firme-si-autoritati-locale-pot-aplica-pentru-programul-fit-edih\/\" \/>\n<meta property=\"og:locale\" content=\"ro_RO\" \/>\n<meta property=\"og:type\" content=\"article\" \/>\n<meta property=\"og:title\" content=\"Oportunitate pentru firme \u0219i autorit\u0103\u021bi locale: pot aplica pentru programul FIT EDIH - Covasna45\" \/>\n<meta property=\"og:description\" content=\"Misiunea FIT EDIH este de a oferi sprijin \u00een procesul de digitalizare pentru 124 de IMM-uri \u0219i 17 autorit\u0103\u021bi publice locale.\" \/>\n<meta property=\"og:url\" content=\"https:\/\/covasna45.ro\/index.php\/lumea-noastra\/oportunitate-pentru-firme-si-autoritati-locale-pot-aplica-pentru-programul-fit-edih\/\" \/>\n<meta property=\"og:site_name\" content=\"Covasna45\" \/>\n<meta property=\"article:published_time\" content=\"2025-04-22T11:06:41+00:00\" \/>\n<meta property=\"article:modified_time\" content=\"2025-04-22T11:32:27+00:00\" \/>\n<meta property=\"og:image\" content=\"https:\/\/covasna45.ro\/wp-content\/uploads\/2025\/04\/digitsl-3.jpg\" \/>\n\t<meta property=\"og:image:width\" content=\"2000\" \/>\n\t<meta property=\"og:image:height\" content=\"1333\" \/>\n\t<meta property=\"og:image:type\" content=\"image\/jpeg\" \/>\n<meta name=\"author\" content=\"Covasna45\" \/>\n<meta name=\"twitter:card\" content=\"summary_large_image\" \/>\n<meta name=\"twitter:label1\" content=\"Scris de\" \/>\n\t<meta name=\"twitter:data1\" content=\"Covasna45\" \/>\n\t<meta name=\"twitter:label2\" content=\"Timp estimat pentru citire\" \/>\n\t<meta name=\"twitter:data2\" content=\"4 minute\" \/>\n<script type=\"application\/ld+json\" class=\"yoast-schema-graph\">{\"@context\":\"https:\\\/\\\/schema.org\",\"@graph\":[{\"@type\":\"Article\",\"@id\":\"https:\\\/\\\/covasna45.ro\\\/index.php\\\/lumea-noastra\\\/oportunitate-pentru-firme-si-autoritati-locale-pot-aplica-pentru-programul-fit-edih\\\/#article\",\"isPartOf\":{\"@id\":\"https:\\\/\\\/covasna45.ro\\\/index.php\\\/lumea-noastra\\\/oportunitate-pentru-firme-si-autoritati-locale-pot-aplica-pentru-programul-fit-edih\\\/\"},\"author\":{\"name\":\"Covasna45\",\"@id\":\"https:\\\/\\\/covasna45.ro\\\/#\\\/schema\\\/person\\\/e674052bd7d95d70bbb007a1060ab73c\"},\"headline\":\"Oportunitate pentru firme \u0219i autorit\u0103\u021bi locale: pot aplica pentru programul FIT EDIH\",\"datePublished\":\"2025-04-22T11:06:41+00:00\",\"dateModified\":\"2025-04-22T11:32:27+00:00\",\"mainEntityOfPage\":{\"@id\":\"https:\\\/\\\/covasna45.ro\\\/index.php\\\/lumea-noastra\\\/oportunitate-pentru-firme-si-autoritati-locale-pot-aplica-pentru-programul-fit-edih\\\/\"},\"wordCount\":515,\"commentCount\":0,\"publisher\":{\"@id\":\"https:\\\/\\\/covasna45.ro\\\/#organization\"},\"image\":{\"@id\":\"https:\\\/\\\/covasna45.ro\\\/index.php\\\/lumea-noastra\\\/oportunitate-pentru-firme-si-autoritati-locale-pot-aplica-pentru-programul-fit-edih\\\/#primaryimage\"},\"thumbnailUrl\":\"https:\\\/\\\/covasna45.ro\\\/wp-content\\\/uploads\\\/2025\\\/04\\\/digitsl-3.jpg\",\"keywords\":[\"digitalizare\",\"finantare\",\"FIT EDIH\",\"Regiunea Centru\"],\"articleSection\":[\"Lumea noastr\u0103\"],\"inLanguage\":\"ro-RO\",\"potentialAction\":[{\"@type\":\"CommentAction\",\"name\":\"Comment\",\"target\":[\"https:\\\/\\\/covasna45.ro\\\/index.php\\\/lumea-noastra\\\/oportunitate-pentru-firme-si-autoritati-locale-pot-aplica-pentru-programul-fit-edih\\\/#respond\"]}]},{\"@type\":\"WebPage\",\"@id\":\"https:\\\/\\\/covasna45.ro\\\/index.php\\\/lumea-noastra\\\/oportunitate-pentru-firme-si-autoritati-locale-pot-aplica-pentru-programul-fit-edih\\\/\",\"url\":\"https:\\\/\\\/covasna45.ro\\\/index.php\\\/lumea-noastra\\\/oportunitate-pentru-firme-si-autoritati-locale-pot-aplica-pentru-programul-fit-edih\\\/\",\"name\":\"Oportunitate pentru firme \u0219i autorit\u0103\u021bi locale: pot aplica pentru programul FIT EDIH - Covasna45\",\"isPartOf\":{\"@id\":\"https:\\\/\\\/covasna45.ro\\\/#website\"},\"primaryImageOfPage\":{\"@id\":\"https:\\\/\\\/covasna45.ro\\\/index.php\\\/lumea-noastra\\\/oportunitate-pentru-firme-si-autoritati-locale-pot-aplica-pentru-programul-fit-edih\\\/#primaryimage\"},\"image\":{\"@id\":\"https:\\\/\\\/covasna45.ro\\\/index.php\\\/lumea-noastra\\\/oportunitate-pentru-firme-si-autoritati-locale-pot-aplica-pentru-programul-fit-edih\\\/#primaryimage\"},\"thumbnailUrl\":\"https:\\\/\\\/covasna45.ro\\\/wp-content\\\/uploads\\\/2025\\\/04\\\/digitsl-3.jpg\",\"datePublished\":\"2025-04-22T11:06:41+00:00\",\"dateModified\":\"2025-04-22T11:32:27+00:00\",\"description\":\"Misiunea FIT EDIH este de a oferi sprijin \u00een procesul de digitalizare pentru 124 de IMM-uri \u0219i 17 autorit\u0103\u021bi publice locale.\",\"breadcrumb\":{\"@id\":\"https:\\\/\\\/covasna45.ro\\\/index.php\\\/lumea-noastra\\\/oportunitate-pentru-firme-si-autoritati-locale-pot-aplica-pentru-programul-fit-edih\\\/#breadcrumb\"},\"inLanguage\":\"ro-RO\",\"potentialAction\":[{\"@type\":\"ReadAction\",\"target\":[\"https:\\\/\\\/covasna45.ro\\\/index.php\\\/lumea-noastra\\\/oportunitate-pentru-firme-si-autoritati-locale-pot-aplica-pentru-programul-fit-edih\\\/\"]}]},{\"@type\":\"ImageObject\",\"inLanguage\":\"ro-RO\",\"@id\":\"https:\\\/\\\/covasna45.ro\\\/index.php\\\/lumea-noastra\\\/oportunitate-pentru-firme-si-autoritati-locale-pot-aplica-pentru-programul-fit-edih\\\/#primaryimage\",\"url\":\"https:\\\/\\\/covasna45.ro\\\/wp-content\\\/uploads\\\/2025\\\/04\\\/digitsl-3.jpg\",\"contentUrl\":\"https:\\\/\\\/covasna45.ro\\\/wp-content\\\/uploads\\\/2025\\\/04\\\/digitsl-3.jpg\",\"width\":2000,\"height\":1333},{\"@type\":\"BreadcrumbList\",\"@id\":\"https:\\\/\\\/covasna45.ro\\\/index.php\\\/lumea-noastra\\\/oportunitate-pentru-firme-si-autoritati-locale-pot-aplica-pentru-programul-fit-edih\\\/#breadcrumb\",\"itemListElement\":[{\"@type\":\"ListItem\",\"position\":1,\"name\":\"Prima pagin\u0103\",\"item\":\"https:\\\/\\\/covasna45.ro\\\/\"},{\"@type\":\"ListItem\",\"position\":2,\"name\":\"Oportunitate pentru firme \u0219i autorit\u0103\u021bi locale: pot aplica pentru programul FIT EDIH\"}]},{\"@type\":\"WebSite\",\"@id\":\"https:\\\/\\\/covasna45.ro\\\/#website\",\"url\":\"https:\\\/\\\/covasna45.ro\\\/\",\"name\":\"covasna45.ro\",\"description\":\"\",\"publisher\":{\"@id\":\"https:\\\/\\\/covasna45.ro\\\/#organization\"},\"potentialAction\":[{\"@type\":\"SearchAction\",\"target\":{\"@type\":\"EntryPoint\",\"urlTemplate\":\"https:\\\/\\\/covasna45.ro\\\/?s={search_term_string}\"},\"query-input\":{\"@type\":\"PropertyValueSpecification\",\"valueRequired\":true,\"valueName\":\"search_term_string\"}}],\"inLanguage\":\"ro-RO\"},{\"@type\":\"Organization\",\"@id\":\"https:\\\/\\\/covasna45.ro\\\/#organization\",\"name\":\"covasna45.ro\",\"url\":\"https:\\\/\\\/covasna45.ro\\\/\",\"logo\":{\"@type\":\"ImageObject\",\"inLanguage\":\"ro-RO\",\"@id\":\"https:\\\/\\\/covasna45.ro\\\/#\\\/schema\\\/logo\\\/image\\\/\",\"url\":\"https:\\\/\\\/covasna45.ro\\\/wp-content\\\/uploads\\\/2023\\\/01\\\/icon_logo.png\",\"contentUrl\":\"https:\\\/\\\/covasna45.ro\\\/wp-content\\\/uploads\\\/2023\\\/01\\\/icon_logo.png\",\"width\":1900,\"height\":1900,\"caption\":\"covasna45.ro\"},\"image\":{\"@id\":\"https:\\\/\\\/covasna45.ro\\\/#\\\/schema\\\/logo\\\/image\\\/\"}},{\"@type\":\"Person\",\"@id\":\"https:\\\/\\\/covasna45.ro\\\/#\\\/schema\\\/person\\\/e674052bd7d95d70bbb007a1060ab73c\",\"name\":\"Covasna45\",\"image\":{\"@type\":\"ImageObject\",\"inLanguage\":\"ro-RO\",\"@id\":\"https:\\\/\\\/covasna45.ro\\\/wp-content\\\/uploads\\\/2025\\\/10\\\/icon_logo_covasna45-150x150.png\",\"url\":\"https:\\\/\\\/covasna45.ro\\\/wp-content\\\/uploads\\\/2025\\\/10\\\/icon_logo_covasna45-150x150.png\",\"contentUrl\":\"https:\\\/\\\/covasna45.ro\\\/wp-content\\\/uploads\\\/2025\\\/10\\\/icon_logo_covasna45-150x150.png\",\"caption\":\"Covasna45\"},\"sameAs\":[\"https:\\\/\\\/covasna45.ro\"],\"url\":\"https:\\\/\\\/covasna45.ro\\\/index.php\\\/author\\\/covasna\\\/\"}]}<\/script>\n<!-- \/ Yoast SEO plugin. -->","yoast_head_json":{"title":"Oportunitate pentru firme \u0219i autorit\u0103\u021bi locale: pot aplica pentru programul FIT EDIH - Covasna45","description":"Misiunea FIT EDIH este de a oferi sprijin \u00een procesul de digitalizare pentru 124 de IMM-uri \u0219i 17 autorit\u0103\u021bi publice locale.","robots":{"index":"index","follow":"follow","max-snippet":"max-snippet:-1","max-image-preview":"max-image-preview:large","max-video-preview":"max-video-preview:-1"},"canonical":"https:\/\/covasna45.ro\/index.php\/lumea-noastra\/oportunitate-pentru-firme-si-autoritati-locale-pot-aplica-pentru-programul-fit-edih\/","og_locale":"ro_RO","og_type":"article","og_title":"Oportunitate pentru firme \u0219i autorit\u0103\u021bi locale: pot aplica pentru programul FIT EDIH - Covasna45","og_description":"Misiunea FIT EDIH este de a oferi sprijin \u00een procesul de digitalizare pentru 124 de IMM-uri \u0219i 17 autorit\u0103\u021bi publice locale.","og_url":"https:\/\/covasna45.ro\/index.php\/lumea-noastra\/oportunitate-pentru-firme-si-autoritati-locale-pot-aplica-pentru-programul-fit-edih\/","og_site_name":"Covasna45","article_published_time":"2025-04-22T11:06:41+00:00","article_modified_time":"2025-04-22T11:32:27+00:00","og_image":[{"width":2000,"height":1333,"url":"https:\/\/covasna45.ro\/wp-content\/uploads\/2025\/04\/digitsl-3.jpg","type":"image\/jpeg"}],"author":"Covasna45","twitter_card":"summary_large_image","twitter_misc":{"Scris de":"Covasna45","Timp estimat pentru citire":"4 minute"},"schema":{"@context":"https:\/\/schema.org","@graph":[{"@type":"Article","@id":"https:\/\/covasna45.ro\/index.php\/lumea-noastra\/oportunitate-pentru-firme-si-autoritati-locale-pot-aplica-pentru-programul-fit-edih\/#article","isPartOf":{"@id":"https:\/\/covasna45.ro\/index.php\/lumea-noastra\/oportunitate-pentru-firme-si-autoritati-locale-pot-aplica-pentru-programul-fit-edih\/"},"author":{"name":"Covasna45","@id":"https:\/\/covasna45.ro\/#\/schema\/person\/e674052bd7d95d70bbb007a1060ab73c"},"headline":"Oportunitate pentru firme \u0219i autorit\u0103\u021bi locale: pot aplica pentru programul FIT EDIH","datePublished":"2025-04-22T11:06:41+00:00","dateModified":"2025-04-22T11:32:27+00:00","mainEntityOfPage":{"@id":"https:\/\/covasna45.ro\/index.php\/lumea-noastra\/oportunitate-pentru-firme-si-autoritati-locale-pot-aplica-pentru-programul-fit-edih\/"},"wordCount":515,"commentCount":0,"publisher":{"@id":"https:\/\/covasna45.ro\/#organization"},"image":{"@id":"https:\/\/covasna45.ro\/index.php\/lumea-noastra\/oportunitate-pentru-firme-si-autoritati-locale-pot-aplica-pentru-programul-fit-edih\/#primaryimage"},"thumbnailUrl":"https:\/\/covasna45.ro\/wp-content\/uploads\/2025\/04\/digitsl-3.jpg","keywords":["digitalizare","finantare","FIT EDIH","Regiunea Centru"],"articleSection":["Lumea noastr\u0103"],"inLanguage":"ro-RO","potentialAction":[{"@type":"CommentAction","name":"Comment","target":["https:\/\/covasna45.ro\/index.php\/lumea-noastra\/oportunitate-pentru-firme-si-autoritati-locale-pot-aplica-pentru-programul-fit-edih\/#respond"]}]},{"@type":"WebPage","@id":"https:\/\/covasna45.ro\/index.php\/lumea-noastra\/oportunitate-pentru-firme-si-autoritati-locale-pot-aplica-pentru-programul-fit-edih\/","url":"https:\/\/covasna45.ro\/index.php\/lumea-noastra\/oportunitate-pentru-firme-si-autoritati-locale-pot-aplica-pentru-programul-fit-edih\/","name":"Oportunitate pentru firme \u0219i autorit\u0103\u021bi locale: pot aplica pentru programul FIT EDIH - Covasna45","isPartOf":{"@id":"https:\/\/covasna45.ro\/#website"},"primaryImageOfPage":{"@id":"https:\/\/covasna45.ro\/index.php\/lumea-noastra\/oportunitate-pentru-firme-si-autoritati-locale-pot-aplica-pentru-programul-fit-edih\/#primaryimage"},"image":{"@id":"https:\/\/covasna45.ro\/index.php\/lumea-noastra\/oportunitate-pentru-firme-si-autoritati-locale-pot-aplica-pentru-programul-fit-edih\/#primaryimage"},"thumbnailUrl":"https:\/\/covasna45.ro\/wp-content\/uploads\/2025\/04\/digitsl-3.jpg","datePublished":"2025-04-22T11:06:41+00:00","dateModified":"2025-04-22T11:32:27+00:00","description":"Misiunea FIT EDIH este de a oferi sprijin \u00een procesul de digitalizare pentru 124 de IMM-uri \u0219i 17 autorit\u0103\u021bi publice locale.","breadcrumb":{"@id":"https:\/\/covasna45.ro\/index.php\/lumea-noastra\/oportunitate-pentru-firme-si-autoritati-locale-pot-aplica-pentru-programul-fit-edih\/#breadcrumb"},"inLanguage":"ro-RO","potentialAction":[{"@type":"ReadAction","target":["https:\/\/covasna45.ro\/index.php\/lumea-noastra\/oportunitate-pentru-firme-si-autoritati-locale-pot-aplica-pentru-programul-fit-edih\/"]}]},{"@type":"ImageObject","inLanguage":"ro-RO","@id":"https:\/\/covasna45.ro\/index.php\/lumea-noastra\/oportunitate-pentru-firme-si-autoritati-locale-pot-aplica-pentru-programul-fit-edih\/#primaryimage","url":"https:\/\/covasna45.ro\/wp-content\/uploads\/2025\/04\/digitsl-3.jpg","contentUrl":"https:\/\/covasna45.ro\/wp-content\/uploads\/2025\/04\/digitsl-3.jpg","width":2000,"height":1333},{"@type":"BreadcrumbList","@id":"https:\/\/covasna45.ro\/index.php\/lumea-noastra\/oportunitate-pentru-firme-si-autoritati-locale-pot-aplica-pentru-programul-fit-edih\/#breadcrumb","itemListElement":[{"@type":"ListItem","position":1,"name":"Prima pagin\u0103","item":"https:\/\/covasna45.ro\/"},{"@type":"ListItem","position":2,"name":"Oportunitate pentru firme \u0219i autorit\u0103\u021bi locale: pot aplica pentru programul FIT EDIH"}]},{"@type":"WebSite","@id":"https:\/\/covasna45.ro\/#website","url":"https:\/\/covasna45.ro\/","name":"covasna45.ro","description":"","publisher":{"@id":"https:\/\/covasna45.ro\/#organization"},"potentialAction":[{"@type":"SearchAction","target":{"@type":"EntryPoint","urlTemplate":"https:\/\/covasna45.ro\/?s={search_term_string}"},"query-input":{"@type":"PropertyValueSpecification","valueRequired":true,"valueName":"search_term_string"}}],"inLanguage":"ro-RO"},{"@type":"Organization","@id":"https:\/\/covasna45.ro\/#organization","name":"covasna45.ro","url":"https:\/\/covasna45.ro\/","logo":{"@type":"ImageObject","inLanguage":"ro-RO","@id":"https:\/\/covasna45.ro\/#\/schema\/logo\/image\/","url":"https:\/\/covasna45.ro\/wp-content\/uploads\/2023\/01\/icon_logo.png","contentUrl":"https:\/\/covasna45.ro\/wp-content\/uploads\/2023\/01\/icon_logo.png","width":1900,"height":1900,"caption":"covasna45.ro"},"image":{"@id":"https:\/\/covasna45.ro\/#\/schema\/logo\/image\/"}},{"@type":"Person","@id":"https:\/\/covasna45.ro\/#\/schema\/person\/e674052bd7d95d70bbb007a1060ab73c","name":"Covasna45","image":{"@type":"ImageObject","inLanguage":"ro-RO","@id":"https:\/\/covasna45.ro\/wp-content\/uploads\/2025\/10\/icon_logo_covasna45-150x150.png","url":"https:\/\/covasna45.ro\/wp-content\/uploads\/2025\/10\/icon_logo_covasna45-150x150.png","contentUrl":"https:\/\/covasna45.ro\/wp-content\/uploads\/2025\/10\/icon_logo_covasna45-150x150.png","caption":"Covasna45"},"sameAs":["https:\/\/covasna45.ro"],"url":"https:\/\/covasna45.ro\/index.php\/author\/covasna\/"}]}},"_links":{"self":[{"href":"https:\/\/covasna45.ro\/index.php\/wp-json\/wp\/v2\/posts\/10704","targetHints":{"allow":["GET"]}}],"collection":[{"href":"https:\/\/covasna45.ro\/index.php\/wp-json\/wp\/v2\/posts"}],"about":[{"href":"https:\/\/covasna45.ro\/index.php\/wp-json\/wp\/v2\/types\/post"}],"author":[{"embeddable":true,"href":"https:\/\/covasna45.ro\/index.php\/wp-json\/wp\/v2\/users\/1"}],"replies":[{"embeddable":true,"href":"https:\/\/covasna45.ro\/index.php\/wp-json\/wp\/v2\/comments?post=10704"}],"version-history":[{"count":2,"href":"https:\/\/covasna45.ro\/index.php\/wp-json\/wp\/v2\/posts\/10704\/revisions"}],"predecessor-version":[{"id":10712,"href":"https:\/\/covasna45.ro\/index.php\/wp-json\/wp\/v2\/posts\/10704\/revisions\/10712"}],"wp:featuredmedia":[{"embeddable":true,"href":"https:\/\/covasna45.ro\/index.php\/wp-json\/wp\/v2\/media\/10705"}],"wp:attachment":[{"href":"https:\/\/covasna45.ro\/index.php\/wp-json\/wp\/v2\/media?parent=10704"}],"wp:term":[{"taxonomy":"category","embeddable":true,"href":"https:\/\/covasna45.ro\/index.php\/wp-json\/wp\/v2\/categories?post=10704"},{"taxonomy":"post_tag","embeddable":true,"href":"https:\/\/covasna45.ro\/index.php\/wp-json\/wp\/v2\/tags?post=10704"}],"curies":[{"name":"wp","href":"https:\/\/api.w.org\/{rel}","templated":true}]}}