{"id":10742,"date":"2025-04-23T16:42:52","date_gmt":"2025-04-23T14:42:52","guid":{"rendered":"https:\/\/covasna45.ro\/?p=10742"},"modified":"2025-04-23T16:42:53","modified_gmt":"2025-04-23T14:42:53","slug":"episcopul-covasnei-si-harghitei-a-oferit-premii-pentru-implicare-in-viata-comunitatii","status":"publish","type":"post","link":"https:\/\/covasna45.ro\/index.php\/lumea-noastra\/episcopul-covasnei-si-harghitei-a-oferit-premii-pentru-implicare-in-viata-comunitatii\/","title":{"rendered":"Episcopul Covasnei \u0219i Harghitei a oferit premii pentru implicare \u00een via\u021ba comunit\u0103\u021bii"},"content":{"rendered":"\n<p>Prea Sfin\u021bitul p\u0103rinte Andrei, episcopul Covasnei \u0219i Harghitei, a oferit ast\u0103zi, de Sf\u00e2ntu Gheorghe, diplome de recunoa\u0219tere \u0219i pre\u021buire unor persoane implicate activ \u00een via\u021ba comunit\u0103\u021bii rom\u00e2ne\u0219ti din Sf\u00e2ntu Gheorghe.<\/p>\n\n\n\n<figure class=\"wp-block-image size-large\"><img loading=\"lazy\" decoding=\"async\" width=\"1024\" height=\"768\" src=\"https:\/\/covasna45.ro\/wp-content\/uploads\/2025\/04\/ps-and-1024x768.jpg\" alt=\"\" class=\"wp-image-10744\" srcset=\"https:\/\/covasna45.ro\/wp-content\/uploads\/2025\/04\/ps-and-1024x768.jpg 1024w, https:\/\/covasna45.ro\/wp-content\/uploads\/2025\/04\/ps-and-300x225.jpg 300w, https:\/\/covasna45.ro\/wp-content\/uploads\/2025\/04\/ps-and-768x576.jpg 768w, https:\/\/covasna45.ro\/wp-content\/uploads\/2025\/04\/ps-and-1536x1152.jpg 1536w, https:\/\/covasna45.ro\/wp-content\/uploads\/2025\/04\/ps-and-2048x1536.jpg 2048w, https:\/\/covasna45.ro\/wp-content\/uploads\/2025\/04\/ps-and-150x113.jpg 150w, https:\/\/covasna45.ro\/wp-content\/uploads\/2025\/04\/ps-and-696x522.jpg 696w, https:\/\/covasna45.ro\/wp-content\/uploads\/2025\/04\/ps-and-1068x801.jpg 1068w, https:\/\/covasna45.ro\/wp-content\/uploads\/2025\/04\/ps-and-1920x1440.jpg 1920w\" sizes=\"auto, (max-width: 1024px) 100vw, 1024px\" \/><\/figure>\n\n\n\n<p><a href=\"https:\/\/covasna45.ro\/index.php\/lumea-noastra\/episcopul-covasnei-si-harghitei-oficiaza-maine-liturghia-la-biserica-din-deal\/\">Evenimentul<\/a> a avut loc dup\u0103 ce PS Andrei a oficiat Liturghia Arhiereasc\u0103 de Sf\u00e2ntul Mare Mucenic Gheorghe la Biserica din deal.<\/p>\n\n\n\n<figure class=\"wp-block-image size-large\"><img loading=\"lazy\" decoding=\"async\" width=\"1024\" height=\"768\" src=\"https:\/\/covasna45.ro\/wp-content\/uploads\/2025\/04\/diploma-grup-1-1024x768.jpg\" alt=\"\" class=\"wp-image-10754\" srcset=\"https:\/\/covasna45.ro\/wp-content\/uploads\/2025\/04\/diploma-grup-1-1024x768.jpg 1024w, https:\/\/covasna45.ro\/wp-content\/uploads\/2025\/04\/diploma-grup-1-300x225.jpg 300w, https:\/\/covasna45.ro\/wp-content\/uploads\/2025\/04\/diploma-grup-1-768x576.jpg 768w, https:\/\/covasna45.ro\/wp-content\/uploads\/2025\/04\/diploma-grup-1-1536x1152.jpg 1536w, https:\/\/covasna45.ro\/wp-content\/uploads\/2025\/04\/diploma-grup-1-2048x1536.jpg 2048w, https:\/\/covasna45.ro\/wp-content\/uploads\/2025\/04\/diploma-grup-1-150x113.jpg 150w, https:\/\/covasna45.ro\/wp-content\/uploads\/2025\/04\/diploma-grup-1-696x522.jpg 696w, https:\/\/covasna45.ro\/wp-content\/uploads\/2025\/04\/diploma-grup-1-1068x801.jpg 1068w, https:\/\/covasna45.ro\/wp-content\/uploads\/2025\/04\/diploma-grup-1-1920x1440.jpg 1920w\" sizes=\"auto, (max-width: 1024px) 100vw, 1024px\" \/><\/figure>\n\n\n\n<p>Cele patru persoane sunt: Gabriela Buciu (medic stomatolog), Doina Stroe (func\u021bionar \u00een Institu\u021bia Prefectului Covasna), Gheorghe Dru\u021bu, epitrop la Catedrala Ortodox\u0103 din ora\u0219 \u0219i coregraful Ion Gheorghe.<\/p>\n\n\n\n<p>Unul dintre preo\u021bi a f\u0103cut c\u00e2te o scurt\u0103 prezentare fiec\u0103ruia dintre cei patru.<\/p>\n\n\n\n<figure class=\"wp-block-image size-large\"><img loading=\"lazy\" decoding=\"async\" width=\"1024\" height=\"768\" src=\"https:\/\/covasna45.ro\/wp-content\/uploads\/2025\/04\/dipl-2-1024x768.jpg\" alt=\"\" class=\"wp-image-10749\" srcset=\"https:\/\/covasna45.ro\/wp-content\/uploads\/2025\/04\/dipl-2-1024x768.jpg 1024w, https:\/\/covasna45.ro\/wp-content\/uploads\/2025\/04\/dipl-2-300x225.jpg 300w, https:\/\/covasna45.ro\/wp-content\/uploads\/2025\/04\/dipl-2-768x576.jpg 768w, https:\/\/covasna45.ro\/wp-content\/uploads\/2025\/04\/dipl-2-1536x1152.jpg 1536w, https:\/\/covasna45.ro\/wp-content\/uploads\/2025\/04\/dipl-2-2048x1536.jpg 2048w, https:\/\/covasna45.ro\/wp-content\/uploads\/2025\/04\/dipl-2-150x113.jpg 150w, https:\/\/covasna45.ro\/wp-content\/uploads\/2025\/04\/dipl-2-696x522.jpg 696w, https:\/\/covasna45.ro\/wp-content\/uploads\/2025\/04\/dipl-2-1068x801.jpg 1068w, https:\/\/covasna45.ro\/wp-content\/uploads\/2025\/04\/dipl-2-1920x1440.jpg 1920w\" sizes=\"auto, (max-width: 1024px) 100vw, 1024px\" \/><\/figure>\n\n\n\n<p>Dr. Gabriela Buciu s-a n\u0103scut \u00een T\u00e2rgu Secuiesc. \u00cen 1980 a absolvit cursurile Facult\u0103\u021bii de Stomatologie din cadrul Institutului de Medicin\u0103 \u0219i Farmacie din Ia\u0219i. &nbsp;\u00cen 1988 a ocupat postul de medic stomatolog la cabinetul \u0219colar din zona G\u0103rii Sf. Gheorghe \u0219i apoi la cabinetul Grupului \u0218colar \u201eK\u00f3s K\u00e1roly\u201d de unde s-a \u0219i pensionat, \u00een anul 2018. \u201eDumneai m\u0103rturise\u0219te c\u0103 dedic\u0103 acest premiu \u0219i acest moment p\u0103rin\u021bilor s\u0103i muta\u021bi la cele ve\u0219nice, ar\u0103t\u00e2ndu-le mult\u0103 recuno\u0219tin\u021b\u0103 pentru tot ajutorul dat s\u0103-\u0219i \u00eemplineasc\u0103 visurile\u201d,&nbsp; subliniat p\u0103rintele.<\/p>\n\n\n\n<figure class=\"wp-block-image size-large\"><img loading=\"lazy\" decoding=\"async\" width=\"1024\" height=\"768\" src=\"https:\/\/covasna45.ro\/wp-content\/uploads\/2025\/04\/dipl1-1-1024x768.jpg\" alt=\"\" class=\"wp-image-10750\" srcset=\"https:\/\/covasna45.ro\/wp-content\/uploads\/2025\/04\/dipl1-1-1024x768.jpg 1024w, https:\/\/covasna45.ro\/wp-content\/uploads\/2025\/04\/dipl1-1-300x225.jpg 300w, https:\/\/covasna45.ro\/wp-content\/uploads\/2025\/04\/dipl1-1-768x576.jpg 768w, https:\/\/covasna45.ro\/wp-content\/uploads\/2025\/04\/dipl1-1-1536x1152.jpg 1536w, https:\/\/covasna45.ro\/wp-content\/uploads\/2025\/04\/dipl1-1-2048x1536.jpg 2048w, https:\/\/covasna45.ro\/wp-content\/uploads\/2025\/04\/dipl1-1-150x113.jpg 150w, https:\/\/covasna45.ro\/wp-content\/uploads\/2025\/04\/dipl1-1-696x522.jpg 696w, https:\/\/covasna45.ro\/wp-content\/uploads\/2025\/04\/dipl1-1-1068x801.jpg 1068w, https:\/\/covasna45.ro\/wp-content\/uploads\/2025\/04\/dipl1-1-1920x1440.jpg 1920w\" sizes=\"auto, (max-width: 1024px) 100vw, 1024px\" \/><\/figure>\n\n\n\n<p>Doina Stroe s-a n\u0103scut \u00een Ploie\u0219ti, Prahova, \u00eentr-o familie de oameni muncitori. Din anul 1992 \u0219i p\u00e2n\u0103 \u00een 2024 \u0219i-a desf\u0103\u0219urat activitatea \u00een cadrul Prefecturii jude\u021bului Covasna, parcurg\u00e2nd toate treptele ierarhice, de la inspector de specialitate, la \u0219ef de birou, \u0219ef serviciu \u0219i director executiv.<\/p>\n\n\n\n<figure class=\"wp-block-image size-large\"><img loading=\"lazy\" decoding=\"async\" width=\"1024\" height=\"918\" src=\"https:\/\/covasna45.ro\/wp-content\/uploads\/2025\/04\/dipl-3-1024x918.jpg\" alt=\"\" class=\"wp-image-10751\" srcset=\"https:\/\/covasna45.ro\/wp-content\/uploads\/2025\/04\/dipl-3-1024x918.jpg 1024w, https:\/\/covasna45.ro\/wp-content\/uploads\/2025\/04\/dipl-3-300x269.jpg 300w, https:\/\/covasna45.ro\/wp-content\/uploads\/2025\/04\/dipl-3-768x689.jpg 768w, https:\/\/covasna45.ro\/wp-content\/uploads\/2025\/04\/dipl-3-1536x1377.jpg 1536w, https:\/\/covasna45.ro\/wp-content\/uploads\/2025\/04\/dipl-3-150x134.jpg 150w, https:\/\/covasna45.ro\/wp-content\/uploads\/2025\/04\/dipl-3-696x624.jpg 696w, https:\/\/covasna45.ro\/wp-content\/uploads\/2025\/04\/dipl-3-1068x958.jpg 1068w, https:\/\/covasna45.ro\/wp-content\/uploads\/2025\/04\/dipl-3.jpg 1576w\" sizes=\"auto, (max-width: 1024px) 100vw, 1024px\" \/><\/figure>\n\n\n\n<p>Gheorghe Dru\u021bu s-a n\u0103scut \u00een comuna Valea M\u0103rului din jude\u021bul Gala\u021bi. Dup\u0103 absolvirea \u0218colii de Mai\u0219tri Militari din Sibiu, a fost deta\u0219at la UM Bodoc, unde a lucrat p\u00e2n\u0103 \u00een 1998. Apoi, p\u00e2n\u0103 \u00een 2016, a lucrat la Interven\u021bii la ISU Sf\u00e2ntu Gheorghein Din anul 1995 este epitrop la catedrala din Sf\u00e2ntu Gheorghe, iar din 2019, cu binecuv\u00e2ntarea Prea Sfin\u021bitului p\u0103rinte Andrei, este \u0219i reprezentant \u00een Adunarea Na\u021bional\u0103 Bisericeasc\u0103.<\/p>\n\n\n\n<figure class=\"wp-block-image size-large\"><img loading=\"lazy\" decoding=\"async\" width=\"1024\" height=\"768\" src=\"https:\/\/covasna45.ro\/wp-content\/uploads\/2025\/04\/dipl-4-1024x768.jpg\" alt=\"\" class=\"wp-image-10752\" srcset=\"https:\/\/covasna45.ro\/wp-content\/uploads\/2025\/04\/dipl-4-1024x768.jpg 1024w, https:\/\/covasna45.ro\/wp-content\/uploads\/2025\/04\/dipl-4-300x225.jpg 300w, https:\/\/covasna45.ro\/wp-content\/uploads\/2025\/04\/dipl-4-768x576.jpg 768w, https:\/\/covasna45.ro\/wp-content\/uploads\/2025\/04\/dipl-4-1536x1152.jpg 1536w, https:\/\/covasna45.ro\/wp-content\/uploads\/2025\/04\/dipl-4-2048x1536.jpg 2048w, https:\/\/covasna45.ro\/wp-content\/uploads\/2025\/04\/dipl-4-150x113.jpg 150w, https:\/\/covasna45.ro\/wp-content\/uploads\/2025\/04\/dipl-4-696x522.jpg 696w, https:\/\/covasna45.ro\/wp-content\/uploads\/2025\/04\/dipl-4-1068x801.jpg 1068w, https:\/\/covasna45.ro\/wp-content\/uploads\/2025\/04\/dipl-4-1920x1440.jpg 1920w\" sizes=\"auto, (max-width: 1024px) 100vw, 1024px\" \/><\/figure>\n\n\n\n<p>Ion Gheorghe, coregraf, este originar din jude\u021bul Buz\u0103u. \u201eP\u0103rin\u021bii s\u0103i i-au fost c\u0103l\u0103uze, insufl\u00e2ndu-i valori \u0219i principii de via\u021b\u0103 adev\u0103rate, dragoste pentru neamul rom\u00e2nesc \u0219i, prin exemplul personal, pre\u021buire pentru dansul popular traditional. Dup\u0103 o carier\u0103 militar\u0103 de excep\u021bie, \u00eel cunoa\u0219tem azi ca profesor coregraf al Ansamblului artistic \u201eSperan\u021ba\u201d al Funda\u021biei \u201eMihai Viteazul\u201d.<\/p>\n\n\n\n<figure class=\"wp-block-image size-large\"><img loading=\"lazy\" decoding=\"async\" width=\"1024\" height=\"768\" src=\"https:\/\/covasna45.ro\/wp-content\/uploads\/2025\/04\/dipl-44-1024x768.jpg\" alt=\"\" class=\"wp-image-10753\" srcset=\"https:\/\/covasna45.ro\/wp-content\/uploads\/2025\/04\/dipl-44-1024x768.jpg 1024w, https:\/\/covasna45.ro\/wp-content\/uploads\/2025\/04\/dipl-44-300x225.jpg 300w, https:\/\/covasna45.ro\/wp-content\/uploads\/2025\/04\/dipl-44-768x576.jpg 768w, https:\/\/covasna45.ro\/wp-content\/uploads\/2025\/04\/dipl-44-1536x1152.jpg 1536w, https:\/\/covasna45.ro\/wp-content\/uploads\/2025\/04\/dipl-44-2048x1536.jpg 2048w, https:\/\/covasna45.ro\/wp-content\/uploads\/2025\/04\/dipl-44-150x113.jpg 150w, https:\/\/covasna45.ro\/wp-content\/uploads\/2025\/04\/dipl-44-696x522.jpg 696w, https:\/\/covasna45.ro\/wp-content\/uploads\/2025\/04\/dipl-44-1068x801.jpg 1068w, https:\/\/covasna45.ro\/wp-content\/uploads\/2025\/04\/dipl-44-1920x1440.jpg 1920w\" sizes=\"auto, (max-width: 1024px) 100vw, 1024px\" \/><\/figure>\n\n\n\n<p>Prea Sfin\u021bitul Andrei a spus c\u0103 mai sunt diplome la Episcopie, d\u00e2nd de \u00een\u021beles c\u0103 \u00ee\u0219i dore\u0219te s\u0103 fie c\u00e2t mai multe persoane implicate \u00een comunitate.<\/p>\n\n\n\n<figure class=\"wp-block-image size-large\"><img loading=\"lazy\" decoding=\"async\" width=\"1024\" height=\"768\" src=\"https:\/\/covasna45.ro\/wp-content\/uploads\/2025\/04\/sljb1-1024x768.jpg\" alt=\"\" class=\"wp-image-10755\" srcset=\"https:\/\/covasna45.ro\/wp-content\/uploads\/2025\/04\/sljb1-1024x768.jpg 1024w, https:\/\/covasna45.ro\/wp-content\/uploads\/2025\/04\/sljb1-300x225.jpg 300w, https:\/\/covasna45.ro\/wp-content\/uploads\/2025\/04\/sljb1-768x576.jpg 768w, https:\/\/covasna45.ro\/wp-content\/uploads\/2025\/04\/sljb1-1536x1152.jpg 1536w, https:\/\/covasna45.ro\/wp-content\/uploads\/2025\/04\/sljb1-2048x1536.jpg 2048w, https:\/\/covasna45.ro\/wp-content\/uploads\/2025\/04\/sljb1-150x113.jpg 150w, https:\/\/covasna45.ro\/wp-content\/uploads\/2025\/04\/sljb1-696x522.jpg 696w, https:\/\/covasna45.ro\/wp-content\/uploads\/2025\/04\/sljb1-1068x801.jpg 1068w, https:\/\/covasna45.ro\/wp-content\/uploads\/2025\/04\/sljb1-1920x1440.jpg 1920w\" sizes=\"auto, (max-width: 1024px) 100vw, 1024px\" \/><\/figure>\n\n\n\n<p>La finalul ceremoniei, preotul paroh Ovidiu Mure\u0219an i-a oferit episcopului o icoan\u0103 cu Sf\u00e2ntul Gheorghe \u0219i un buchet de crini imperiali, din partea enoria\u0219ilor.<\/p>\n\n\n\n<figure class=\"wp-block-image size-large\"><img loading=\"lazy\" decoding=\"async\" width=\"1024\" height=\"768\" src=\"https:\/\/covasna45.ro\/wp-content\/uploads\/2025\/04\/pr-icoana-1024x768.jpg\" alt=\"\" class=\"wp-image-10756\" srcset=\"https:\/\/covasna45.ro\/wp-content\/uploads\/2025\/04\/pr-icoana-1024x768.jpg 1024w, https:\/\/covasna45.ro\/wp-content\/uploads\/2025\/04\/pr-icoana-300x225.jpg 300w, https:\/\/covasna45.ro\/wp-content\/uploads\/2025\/04\/pr-icoana-768x576.jpg 768w, https:\/\/covasna45.ro\/wp-content\/uploads\/2025\/04\/pr-icoana-1536x1152.jpg 1536w, https:\/\/covasna45.ro\/wp-content\/uploads\/2025\/04\/pr-icoana-2048x1536.jpg 2048w, https:\/\/covasna45.ro\/wp-content\/uploads\/2025\/04\/pr-icoana-150x113.jpg 150w, https:\/\/covasna45.ro\/wp-content\/uploads\/2025\/04\/pr-icoana-696x522.jpg 696w, https:\/\/covasna45.ro\/wp-content\/uploads\/2025\/04\/pr-icoana-1068x801.jpg 1068w, https:\/\/covasna45.ro\/wp-content\/uploads\/2025\/04\/pr-icoana-1920x1440.jpg 1920w\" sizes=\"auto, (max-width: 1024px) 100vw, 1024px\" \/><\/figure>\n\n\n\n<figure class=\"wp-block-image size-large\"><img loading=\"lazy\" decoding=\"async\" width=\"1024\" height=\"768\" src=\"https:\/\/covasna45.ro\/wp-content\/uploads\/2025\/04\/preoti-episc-1024x768.jpg\" alt=\"\" class=\"wp-image-10757\" srcset=\"https:\/\/covasna45.ro\/wp-content\/uploads\/2025\/04\/preoti-episc-1024x768.jpg 1024w, https:\/\/covasna45.ro\/wp-content\/uploads\/2025\/04\/preoti-episc-300x225.jpg 300w, https:\/\/covasna45.ro\/wp-content\/uploads\/2025\/04\/preoti-episc-768x576.jpg 768w, https:\/\/covasna45.ro\/wp-content\/uploads\/2025\/04\/preoti-episc-1536x1152.jpg 1536w, https:\/\/covasna45.ro\/wp-content\/uploads\/2025\/04\/preoti-episc-2048x1536.jpg 2048w, https:\/\/covasna45.ro\/wp-content\/uploads\/2025\/04\/preoti-episc-150x113.jpg 150w, https:\/\/covasna45.ro\/wp-content\/uploads\/2025\/04\/preoti-episc-696x522.jpg 696w, https:\/\/covasna45.ro\/wp-content\/uploads\/2025\/04\/preoti-episc-1068x801.jpg 1068w, https:\/\/covasna45.ro\/wp-content\/uploads\/2025\/04\/preoti-episc-1920x1440.jpg 1920w\" sizes=\"auto, (max-width: 1024px) 100vw, 1024px\" \/><\/figure>\n\n\n\n<figure class=\"wp-block-image size-large\"><img loading=\"lazy\" decoding=\"async\" width=\"1024\" height=\"768\" src=\"https:\/\/covasna45.ro\/wp-content\/uploads\/2025\/04\/ps-andrei-3-1024x768.jpg\" alt=\"\" class=\"wp-image-10758\" srcset=\"https:\/\/covasna45.ro\/wp-content\/uploads\/2025\/04\/ps-andrei-3-1024x768.jpg 1024w, https:\/\/covasna45.ro\/wp-content\/uploads\/2025\/04\/ps-andrei-3-300x225.jpg 300w, https:\/\/covasna45.ro\/wp-content\/uploads\/2025\/04\/ps-andrei-3-768x576.jpg 768w, https:\/\/covasna45.ro\/wp-content\/uploads\/2025\/04\/ps-andrei-3-1536x1152.jpg 1536w, https:\/\/covasna45.ro\/wp-content\/uploads\/2025\/04\/ps-andrei-3-2048x1536.jpg 2048w, https:\/\/covasna45.ro\/wp-content\/uploads\/2025\/04\/ps-andrei-3-150x113.jpg 150w, https:\/\/covasna45.ro\/wp-content\/uploads\/2025\/04\/ps-andrei-3-696x522.jpg 696w, https:\/\/covasna45.ro\/wp-content\/uploads\/2025\/04\/ps-andrei-3-1068x801.jpg 1068w, https:\/\/covasna45.ro\/wp-content\/uploads\/2025\/04\/ps-andrei-3-1920x1440.jpg 1920w\" sizes=\"auto, (max-width: 1024px) 100vw, 1024px\" \/><\/figure>\n\n\n\n<figure class=\"wp-block-image size-large\"><img loading=\"lazy\" decoding=\"async\" width=\"1024\" height=\"768\" src=\"https:\/\/covasna45.ro\/wp-content\/uploads\/2025\/04\/ep-flori-1024x768.jpg\" alt=\"\" class=\"wp-image-10759\" srcset=\"https:\/\/covasna45.ro\/wp-content\/uploads\/2025\/04\/ep-flori-1024x768.jpg 1024w, https:\/\/covasna45.ro\/wp-content\/uploads\/2025\/04\/ep-flori-300x225.jpg 300w, https:\/\/covasna45.ro\/wp-content\/uploads\/2025\/04\/ep-flori-768x576.jpg 768w, https:\/\/covasna45.ro\/wp-content\/uploads\/2025\/04\/ep-flori-1536x1152.jpg 1536w, https:\/\/covasna45.ro\/wp-content\/uploads\/2025\/04\/ep-flori-2048x1536.jpg 2048w, https:\/\/covasna45.ro\/wp-content\/uploads\/2025\/04\/ep-flori-150x113.jpg 150w, https:\/\/covasna45.ro\/wp-content\/uploads\/2025\/04\/ep-flori-696x522.jpg 696w, https:\/\/covasna45.ro\/wp-content\/uploads\/2025\/04\/ep-flori-1068x801.jpg 1068w, https:\/\/covasna45.ro\/wp-content\/uploads\/2025\/04\/ep-flori-1920x1440.jpg 1920w\" sizes=\"auto, (max-width: 1024px) 100vw, 1024px\" \/><\/figure>\n","protected":false},"excerpt":{"rendered":"<p>Prea Sfin\u021bitul p\u0103rinte Andrei, episcopul Covasnei \u0219i Harghitei, a oferit ast\u0103zi, de Sf\u00e2ntu Gheorghe, diplome de recunoa\u0219tere \u0219i pre\u021buire unor persoane implicate activ \u00een via\u021ba comunit\u0103\u021bii rom\u00e2ne\u0219ti din Sf\u00e2ntu Gheorghe. Evenimentul a avut loc dup\u0103 ce PS Andrei a oficiat Liturghia Arhiereasc\u0103 de Sf\u00e2ntul Mare Mucenic Gheorghe la Biserica din deal. Cele patru persoane sunt: [&hellip;]<\/p>\n","protected":false},"author":1,"featured_media":10743,"comment_status":"open","ping_status":"closed","sticky":false,"template":"","format":"standard","meta":{"tdm_status":"","tdm_grid_status":"","footnotes":""},"categories":[14],"tags":[3532,2705],"class_list":{"0":"post-10742","1":"post","2":"type-post","3":"status-publish","4":"format-standard","5":"has-post-thumbnail","7":"category-lumea-noastra","8":"tag-ps-andrei","9":"tag-sf-gheorghe-2"},"yoast_head":"<!-- This site is optimized with the Yoast SEO plugin v27.5 - https:\/\/yoast.com\/product\/yoast-seo-wordpress\/ -->\n<title>Episcopul Covasnei \u0219i Harghitei a oferit premii pentru implicare \u00een via\u021ba comunit\u0103\u021bii - Covasna45<\/title>\n<meta name=\"description\" content=\"Evenimentul a avut loc dup\u0103 ce PS Andrei a oficiat Liturghia Arhiereasc\u0103 de Sf\u00e2ntul Mare Mucenic Gheorghe la Biserica din deal.\" \/>\n<meta name=\"robots\" content=\"index, follow, max-snippet:-1, max-image-preview:large, max-video-preview:-1\" \/>\n<link rel=\"canonical\" href=\"https:\/\/covasna45.ro\/index.php\/lumea-noastra\/episcopul-covasnei-si-harghitei-a-oferit-premii-pentru-implicare-in-viata-comunitatii\/\" \/>\n<meta property=\"og:locale\" content=\"ro_RO\" \/>\n<meta property=\"og:type\" content=\"article\" \/>\n<meta property=\"og:title\" content=\"Episcopul Covasnei \u0219i Harghitei a oferit premii pentru implicare \u00een via\u021ba comunit\u0103\u021bii - Covasna45\" \/>\n<meta property=\"og:description\" content=\"Evenimentul a avut loc dup\u0103 ce PS Andrei a oficiat Liturghia Arhiereasc\u0103 de Sf\u00e2ntul Mare Mucenic Gheorghe la Biserica din deal.\" \/>\n<meta property=\"og:url\" content=\"https:\/\/covasna45.ro\/index.php\/lumea-noastra\/episcopul-covasnei-si-harghitei-a-oferit-premii-pentru-implicare-in-viata-comunitatii\/\" \/>\n<meta property=\"og:site_name\" content=\"Covasna45\" \/>\n<meta property=\"article:published_time\" content=\"2025-04-23T14:42:52+00:00\" \/>\n<meta property=\"article:modified_time\" content=\"2025-04-23T14:42:53+00:00\" \/>\n<meta property=\"og:image\" content=\"https:\/\/covasna45.ro\/wp-content\/uploads\/2025\/04\/diploma-ok.jpg\" \/>\n\t<meta property=\"og:image:width\" content=\"2201\" \/>\n\t<meta property=\"og:image:height\" content=\"1327\" \/>\n\t<meta property=\"og:image:type\" content=\"image\/jpeg\" \/>\n<meta name=\"author\" content=\"Covasna45\" \/>\n<meta name=\"twitter:card\" content=\"summary_large_image\" \/>\n<meta name=\"twitter:label1\" content=\"Scris de\" \/>\n\t<meta name=\"twitter:data1\" content=\"Covasna45\" \/>\n\t<meta name=\"twitter:label2\" content=\"Timp estimat pentru citire\" \/>\n\t<meta name=\"twitter:data2\" content=\"5 minute\" \/>\n<script type=\"application\/ld+json\" class=\"yoast-schema-graph\">{\"@context\":\"https:\\\/\\\/schema.org\",\"@graph\":[{\"@type\":\"Article\",\"@id\":\"https:\\\/\\\/covasna45.ro\\\/index.php\\\/lumea-noastra\\\/episcopul-covasnei-si-harghitei-a-oferit-premii-pentru-implicare-in-viata-comunitatii\\\/#article\",\"isPartOf\":{\"@id\":\"https:\\\/\\\/covasna45.ro\\\/index.php\\\/lumea-noastra\\\/episcopul-covasnei-si-harghitei-a-oferit-premii-pentru-implicare-in-viata-comunitatii\\\/\"},\"author\":{\"name\":\"Covasna45\",\"@id\":\"https:\\\/\\\/covasna45.ro\\\/#\\\/schema\\\/person\\\/e674052bd7d95d70bbb007a1060ab73c\"},\"headline\":\"Episcopul Covasnei \u0219i Harghitei a oferit premii pentru implicare \u00een via\u021ba comunit\u0103\u021bii\",\"datePublished\":\"2025-04-23T14:42:52+00:00\",\"dateModified\":\"2025-04-23T14:42:53+00:00\",\"mainEntityOfPage\":{\"@id\":\"https:\\\/\\\/covasna45.ro\\\/index.php\\\/lumea-noastra\\\/episcopul-covasnei-si-harghitei-a-oferit-premii-pentru-implicare-in-viata-comunitatii\\\/\"},\"wordCount\":483,\"commentCount\":0,\"publisher\":{\"@id\":\"https:\\\/\\\/covasna45.ro\\\/#organization\"},\"image\":{\"@id\":\"https:\\\/\\\/covasna45.ro\\\/index.php\\\/lumea-noastra\\\/episcopul-covasnei-si-harghitei-a-oferit-premii-pentru-implicare-in-viata-comunitatii\\\/#primaryimage\"},\"thumbnailUrl\":\"https:\\\/\\\/covasna45.ro\\\/wp-content\\\/uploads\\\/2025\\\/04\\\/diploma-ok.jpg\",\"keywords\":[\"PS Andrei\",\"sf gheorghe\"],\"articleSection\":[\"Lumea noastr\u0103\"],\"inLanguage\":\"ro-RO\",\"potentialAction\":[{\"@type\":\"CommentAction\",\"name\":\"Comment\",\"target\":[\"https:\\\/\\\/covasna45.ro\\\/index.php\\\/lumea-noastra\\\/episcopul-covasnei-si-harghitei-a-oferit-premii-pentru-implicare-in-viata-comunitatii\\\/#respond\"]}]},{\"@type\":\"WebPage\",\"@id\":\"https:\\\/\\\/covasna45.ro\\\/index.php\\\/lumea-noastra\\\/episcopul-covasnei-si-harghitei-a-oferit-premii-pentru-implicare-in-viata-comunitatii\\\/\",\"url\":\"https:\\\/\\\/covasna45.ro\\\/index.php\\\/lumea-noastra\\\/episcopul-covasnei-si-harghitei-a-oferit-premii-pentru-implicare-in-viata-comunitatii\\\/\",\"name\":\"Episcopul Covasnei \u0219i Harghitei a oferit premii pentru implicare \u00een via\u021ba comunit\u0103\u021bii - Covasna45\",\"isPartOf\":{\"@id\":\"https:\\\/\\\/covasna45.ro\\\/#website\"},\"primaryImageOfPage\":{\"@id\":\"https:\\\/\\\/covasna45.ro\\\/index.php\\\/lumea-noastra\\\/episcopul-covasnei-si-harghitei-a-oferit-premii-pentru-implicare-in-viata-comunitatii\\\/#primaryimage\"},\"image\":{\"@id\":\"https:\\\/\\\/covasna45.ro\\\/index.php\\\/lumea-noastra\\\/episcopul-covasnei-si-harghitei-a-oferit-premii-pentru-implicare-in-viata-comunitatii\\\/#primaryimage\"},\"thumbnailUrl\":\"https:\\\/\\\/covasna45.ro\\\/wp-content\\\/uploads\\\/2025\\\/04\\\/diploma-ok.jpg\",\"datePublished\":\"2025-04-23T14:42:52+00:00\",\"dateModified\":\"2025-04-23T14:42:53+00:00\",\"description\":\"Evenimentul a avut loc dup\u0103 ce PS Andrei a oficiat Liturghia Arhiereasc\u0103 de Sf\u00e2ntul Mare Mucenic Gheorghe la Biserica din deal.\",\"breadcrumb\":{\"@id\":\"https:\\\/\\\/covasna45.ro\\\/index.php\\\/lumea-noastra\\\/episcopul-covasnei-si-harghitei-a-oferit-premii-pentru-implicare-in-viata-comunitatii\\\/#breadcrumb\"},\"inLanguage\":\"ro-RO\",\"potentialAction\":[{\"@type\":\"ReadAction\",\"target\":[\"https:\\\/\\\/covasna45.ro\\\/index.php\\\/lumea-noastra\\\/episcopul-covasnei-si-harghitei-a-oferit-premii-pentru-implicare-in-viata-comunitatii\\\/\"]}]},{\"@type\":\"ImageObject\",\"inLanguage\":\"ro-RO\",\"@id\":\"https:\\\/\\\/covasna45.ro\\\/index.php\\\/lumea-noastra\\\/episcopul-covasnei-si-harghitei-a-oferit-premii-pentru-implicare-in-viata-comunitatii\\\/#primaryimage\",\"url\":\"https:\\\/\\\/covasna45.ro\\\/wp-content\\\/uploads\\\/2025\\\/04\\\/diploma-ok.jpg\",\"contentUrl\":\"https:\\\/\\\/covasna45.ro\\\/wp-content\\\/uploads\\\/2025\\\/04\\\/diploma-ok.jpg\",\"width\":2201,\"height\":1327},{\"@type\":\"BreadcrumbList\",\"@id\":\"https:\\\/\\\/covasna45.ro\\\/index.php\\\/lumea-noastra\\\/episcopul-covasnei-si-harghitei-a-oferit-premii-pentru-implicare-in-viata-comunitatii\\\/#breadcrumb\",\"itemListElement\":[{\"@type\":\"ListItem\",\"position\":1,\"name\":\"Prima pagin\u0103\",\"item\":\"https:\\\/\\\/covasna45.ro\\\/\"},{\"@type\":\"ListItem\",\"position\":2,\"name\":\"Episcopul Covasnei \u0219i Harghitei a oferit premii pentru implicare \u00een via\u021ba comunit\u0103\u021bii\"}]},{\"@type\":\"WebSite\",\"@id\":\"https:\\\/\\\/covasna45.ro\\\/#website\",\"url\":\"https:\\\/\\\/covasna45.ro\\\/\",\"name\":\"covasna45.ro\",\"description\":\"\",\"publisher\":{\"@id\":\"https:\\\/\\\/covasna45.ro\\\/#organization\"},\"potentialAction\":[{\"@type\":\"SearchAction\",\"target\":{\"@type\":\"EntryPoint\",\"urlTemplate\":\"https:\\\/\\\/covasna45.ro\\\/?s={search_term_string}\"},\"query-input\":{\"@type\":\"PropertyValueSpecification\",\"valueRequired\":true,\"valueName\":\"search_term_string\"}}],\"inLanguage\":\"ro-RO\"},{\"@type\":\"Organization\",\"@id\":\"https:\\\/\\\/covasna45.ro\\\/#organization\",\"name\":\"covasna45.ro\",\"url\":\"https:\\\/\\\/covasna45.ro\\\/\",\"logo\":{\"@type\":\"ImageObject\",\"inLanguage\":\"ro-RO\",\"@id\":\"https:\\\/\\\/covasna45.ro\\\/#\\\/schema\\\/logo\\\/image\\\/\",\"url\":\"https:\\\/\\\/covasna45.ro\\\/wp-content\\\/uploads\\\/2023\\\/01\\\/icon_logo.png\",\"contentUrl\":\"https:\\\/\\\/covasna45.ro\\\/wp-content\\\/uploads\\\/2023\\\/01\\\/icon_logo.png\",\"width\":1900,\"height\":1900,\"caption\":\"covasna45.ro\"},\"image\":{\"@id\":\"https:\\\/\\\/covasna45.ro\\\/#\\\/schema\\\/logo\\\/image\\\/\"}},{\"@type\":\"Person\",\"@id\":\"https:\\\/\\\/covasna45.ro\\\/#\\\/schema\\\/person\\\/e674052bd7d95d70bbb007a1060ab73c\",\"name\":\"Covasna45\",\"image\":{\"@type\":\"ImageObject\",\"inLanguage\":\"ro-RO\",\"@id\":\"https:\\\/\\\/covasna45.ro\\\/wp-content\\\/uploads\\\/2025\\\/10\\\/icon_logo_covasna45-150x150.png\",\"url\":\"https:\\\/\\\/covasna45.ro\\\/wp-content\\\/uploads\\\/2025\\\/10\\\/icon_logo_covasna45-150x150.png\",\"contentUrl\":\"https:\\\/\\\/covasna45.ro\\\/wp-content\\\/uploads\\\/2025\\\/10\\\/icon_logo_covasna45-150x150.png\",\"caption\":\"Covasna45\"},\"sameAs\":[\"https:\\\/\\\/covasna45.ro\"],\"url\":\"https:\\\/\\\/covasna45.ro\\\/index.php\\\/author\\\/covasna\\\/\"}]}<\/script>\n<!-- \/ Yoast SEO plugin. -->","yoast_head_json":{"title":"Episcopul Covasnei \u0219i Harghitei a oferit premii pentru implicare \u00een via\u021ba comunit\u0103\u021bii - Covasna45","description":"Evenimentul a avut loc dup\u0103 ce PS Andrei a oficiat Liturghia Arhiereasc\u0103 de Sf\u00e2ntul Mare Mucenic Gheorghe la Biserica din deal.","robots":{"index":"index","follow":"follow","max-snippet":"max-snippet:-1","max-image-preview":"max-image-preview:large","max-video-preview":"max-video-preview:-1"},"canonical":"https:\/\/covasna45.ro\/index.php\/lumea-noastra\/episcopul-covasnei-si-harghitei-a-oferit-premii-pentru-implicare-in-viata-comunitatii\/","og_locale":"ro_RO","og_type":"article","og_title":"Episcopul Covasnei \u0219i Harghitei a oferit premii pentru implicare \u00een via\u021ba comunit\u0103\u021bii - Covasna45","og_description":"Evenimentul a avut loc dup\u0103 ce PS Andrei a oficiat Liturghia Arhiereasc\u0103 de Sf\u00e2ntul Mare Mucenic Gheorghe la Biserica din deal.","og_url":"https:\/\/covasna45.ro\/index.php\/lumea-noastra\/episcopul-covasnei-si-harghitei-a-oferit-premii-pentru-implicare-in-viata-comunitatii\/","og_site_name":"Covasna45","article_published_time":"2025-04-23T14:42:52+00:00","article_modified_time":"2025-04-23T14:42:53+00:00","og_image":[{"width":2201,"height":1327,"url":"https:\/\/covasna45.ro\/wp-content\/uploads\/2025\/04\/diploma-ok.jpg","type":"image\/jpeg"}],"author":"Covasna45","twitter_card":"summary_large_image","twitter_misc":{"Scris de":"Covasna45","Timp estimat pentru citire":"5 minute"},"schema":{"@context":"https:\/\/schema.org","@graph":[{"@type":"Article","@id":"https:\/\/covasna45.ro\/index.php\/lumea-noastra\/episcopul-covasnei-si-harghitei-a-oferit-premii-pentru-implicare-in-viata-comunitatii\/#article","isPartOf":{"@id":"https:\/\/covasna45.ro\/index.php\/lumea-noastra\/episcopul-covasnei-si-harghitei-a-oferit-premii-pentru-implicare-in-viata-comunitatii\/"},"author":{"name":"Covasna45","@id":"https:\/\/covasna45.ro\/#\/schema\/person\/e674052bd7d95d70bbb007a1060ab73c"},"headline":"Episcopul Covasnei \u0219i Harghitei a oferit premii pentru implicare \u00een via\u021ba comunit\u0103\u021bii","datePublished":"2025-04-23T14:42:52+00:00","dateModified":"2025-04-23T14:42:53+00:00","mainEntityOfPage":{"@id":"https:\/\/covasna45.ro\/index.php\/lumea-noastra\/episcopul-covasnei-si-harghitei-a-oferit-premii-pentru-implicare-in-viata-comunitatii\/"},"wordCount":483,"commentCount":0,"publisher":{"@id":"https:\/\/covasna45.ro\/#organization"},"image":{"@id":"https:\/\/covasna45.ro\/index.php\/lumea-noastra\/episcopul-covasnei-si-harghitei-a-oferit-premii-pentru-implicare-in-viata-comunitatii\/#primaryimage"},"thumbnailUrl":"https:\/\/covasna45.ro\/wp-content\/uploads\/2025\/04\/diploma-ok.jpg","keywords":["PS Andrei","sf gheorghe"],"articleSection":["Lumea noastr\u0103"],"inLanguage":"ro-RO","potentialAction":[{"@type":"CommentAction","name":"Comment","target":["https:\/\/covasna45.ro\/index.php\/lumea-noastra\/episcopul-covasnei-si-harghitei-a-oferit-premii-pentru-implicare-in-viata-comunitatii\/#respond"]}]},{"@type":"WebPage","@id":"https:\/\/covasna45.ro\/index.php\/lumea-noastra\/episcopul-covasnei-si-harghitei-a-oferit-premii-pentru-implicare-in-viata-comunitatii\/","url":"https:\/\/covasna45.ro\/index.php\/lumea-noastra\/episcopul-covasnei-si-harghitei-a-oferit-premii-pentru-implicare-in-viata-comunitatii\/","name":"Episcopul Covasnei \u0219i Harghitei a oferit premii pentru implicare \u00een via\u021ba comunit\u0103\u021bii - Covasna45","isPartOf":{"@id":"https:\/\/covasna45.ro\/#website"},"primaryImageOfPage":{"@id":"https:\/\/covasna45.ro\/index.php\/lumea-noastra\/episcopul-covasnei-si-harghitei-a-oferit-premii-pentru-implicare-in-viata-comunitatii\/#primaryimage"},"image":{"@id":"https:\/\/covasna45.ro\/index.php\/lumea-noastra\/episcopul-covasnei-si-harghitei-a-oferit-premii-pentru-implicare-in-viata-comunitatii\/#primaryimage"},"thumbnailUrl":"https:\/\/covasna45.ro\/wp-content\/uploads\/2025\/04\/diploma-ok.jpg","datePublished":"2025-04-23T14:42:52+00:00","dateModified":"2025-04-23T14:42:53+00:00","description":"Evenimentul a avut loc dup\u0103 ce PS Andrei a oficiat Liturghia Arhiereasc\u0103 de Sf\u00e2ntul Mare Mucenic Gheorghe la Biserica din deal.","breadcrumb":{"@id":"https:\/\/covasna45.ro\/index.php\/lumea-noastra\/episcopul-covasnei-si-harghitei-a-oferit-premii-pentru-implicare-in-viata-comunitatii\/#breadcrumb"},"inLanguage":"ro-RO","potentialAction":[{"@type":"ReadAction","target":["https:\/\/covasna45.ro\/index.php\/lumea-noastra\/episcopul-covasnei-si-harghitei-a-oferit-premii-pentru-implicare-in-viata-comunitatii\/"]}]},{"@type":"ImageObject","inLanguage":"ro-RO","@id":"https:\/\/covasna45.ro\/index.php\/lumea-noastra\/episcopul-covasnei-si-harghitei-a-oferit-premii-pentru-implicare-in-viata-comunitatii\/#primaryimage","url":"https:\/\/covasna45.ro\/wp-content\/uploads\/2025\/04\/diploma-ok.jpg","contentUrl":"https:\/\/covasna45.ro\/wp-content\/uploads\/2025\/04\/diploma-ok.jpg","width":2201,"height":1327},{"@type":"BreadcrumbList","@id":"https:\/\/covasna45.ro\/index.php\/lumea-noastra\/episcopul-covasnei-si-harghitei-a-oferit-premii-pentru-implicare-in-viata-comunitatii\/#breadcrumb","itemListElement":[{"@type":"ListItem","position":1,"name":"Prima pagin\u0103","item":"https:\/\/covasna45.ro\/"},{"@type":"ListItem","position":2,"name":"Episcopul Covasnei \u0219i Harghitei a oferit premii pentru implicare \u00een via\u021ba comunit\u0103\u021bii"}]},{"@type":"WebSite","@id":"https:\/\/covasna45.ro\/#website","url":"https:\/\/covasna45.ro\/","name":"covasna45.ro","description":"","publisher":{"@id":"https:\/\/covasna45.ro\/#organization"},"potentialAction":[{"@type":"SearchAction","target":{"@type":"EntryPoint","urlTemplate":"https:\/\/covasna45.ro\/?s={search_term_string}"},"query-input":{"@type":"PropertyValueSpecification","valueRequired":true,"valueName":"search_term_string"}}],"inLanguage":"ro-RO"},{"@type":"Organization","@id":"https:\/\/covasna45.ro\/#organization","name":"covasna45.ro","url":"https:\/\/covasna45.ro\/","logo":{"@type":"ImageObject","inLanguage":"ro-RO","@id":"https:\/\/covasna45.ro\/#\/schema\/logo\/image\/","url":"https:\/\/covasna45.ro\/wp-content\/uploads\/2023\/01\/icon_logo.png","contentUrl":"https:\/\/covasna45.ro\/wp-content\/uploads\/2023\/01\/icon_logo.png","width":1900,"height":1900,"caption":"covasna45.ro"},"image":{"@id":"https:\/\/covasna45.ro\/#\/schema\/logo\/image\/"}},{"@type":"Person","@id":"https:\/\/covasna45.ro\/#\/schema\/person\/e674052bd7d95d70bbb007a1060ab73c","name":"Covasna45","image":{"@type":"ImageObject","inLanguage":"ro-RO","@id":"https:\/\/covasna45.ro\/wp-content\/uploads\/2025\/10\/icon_logo_covasna45-150x150.png","url":"https:\/\/covasna45.ro\/wp-content\/uploads\/2025\/10\/icon_logo_covasna45-150x150.png","contentUrl":"https:\/\/covasna45.ro\/wp-content\/uploads\/2025\/10\/icon_logo_covasna45-150x150.png","caption":"Covasna45"},"sameAs":["https:\/\/covasna45.ro"],"url":"https:\/\/covasna45.ro\/index.php\/author\/covasna\/"}]}},"_links":{"self":[{"href":"https:\/\/covasna45.ro\/index.php\/wp-json\/wp\/v2\/posts\/10742","targetHints":{"allow":["GET"]}}],"collection":[{"href":"https:\/\/covasna45.ro\/index.php\/wp-json\/wp\/v2\/posts"}],"about":[{"href":"https:\/\/covasna45.ro\/index.php\/wp-json\/wp\/v2\/types\/post"}],"author":[{"embeddable":true,"href":"https:\/\/covasna45.ro\/index.php\/wp-json\/wp\/v2\/users\/1"}],"replies":[{"embeddable":true,"href":"https:\/\/covasna45.ro\/index.php\/wp-json\/wp\/v2\/comments?post=10742"}],"version-history":[{"count":1,"href":"https:\/\/covasna45.ro\/index.php\/wp-json\/wp\/v2\/posts\/10742\/revisions"}],"predecessor-version":[{"id":10760,"href":"https:\/\/covasna45.ro\/index.php\/wp-json\/wp\/v2\/posts\/10742\/revisions\/10760"}],"wp:featuredmedia":[{"embeddable":true,"href":"https:\/\/covasna45.ro\/index.php\/wp-json\/wp\/v2\/media\/10743"}],"wp:attachment":[{"href":"https:\/\/covasna45.ro\/index.php\/wp-json\/wp\/v2\/media?parent=10742"}],"wp:term":[{"taxonomy":"category","embeddable":true,"href":"https:\/\/covasna45.ro\/index.php\/wp-json\/wp\/v2\/categories?post=10742"},{"taxonomy":"post_tag","embeddable":true,"href":"https:\/\/covasna45.ro\/index.php\/wp-json\/wp\/v2\/tags?post=10742"}],"curies":[{"name":"wp","href":"https:\/\/api.w.org\/{rel}","templated":true}]}}