{"id":11008,"date":"2025-05-07T07:18:18","date_gmt":"2025-05-07T05:18:18","guid":{"rendered":"https:\/\/covasna45.ro\/?p=11008"},"modified":"2025-05-07T07:18:19","modified_gmt":"2025-05-07T05:18:19","slug":"va-fi-construita-prima-clinica-de-psihiatrie-si-dezintoxicare-pentru-adolescenti-din-romania","status":"publish","type":"post","link":"https:\/\/covasna45.ro\/index.php\/lumea-noastra\/va-fi-construita-prima-clinica-de-psihiatrie-si-dezintoxicare-pentru-adolescenti-din-romania\/","title":{"rendered":"Va fi construit\u0103 prima clinic\u0103 de psihiatrie \u0219i dezintoxicare pentru adolescen\u0163i din Rom\u00e2nia"},"content":{"rendered":"\n<p>Administra\u0163ia Spitalelor \u015fi Serviciilor Medicale Bucure\u015fti a anun\u021bat, ieri, c\u0103 urmeaz\u0103 s\u0103 construiasc\u0103 prima Clinic\u0103 de psihiatrie pediatric\u0103 cu sec\u0163ie de dezintoxicare pentru adolescen\u0163i din Rom\u00e2nia. Sec\u0163ia va func\u0163iona la Spitalul de Psihiatrie \u201eProf. Dr. Alexandru Obregia\u201d, ale c\u0103rui date arat\u0103 c\u0103 una dintre cele 3 mari patologii psihiatrice pediatrice este <a href=\"https:\/\/covasna45.ro\/index.php\/lumea-noastra\/politistii-au-discutat-cu-directorii-de-scoli-din-judet-despre-problema-drogurilor\/\">consumul<\/a> de substan\u0163e ilegale.<\/p>\n\n\n\n<p>\u201e<strong>Pe fondul cre\u015fterii alarmante a consumului de droguri \u00een r\u00e2ndul adolescen\u0163ilor \u015fi tinerilor, Administra\u0163ia Spitalelor \u015fi Serviciilor Medicale Bucure\u015fti (ASSMB), \u00een parteneriat cu Funda\u0163ia Metropolis, vor \u00eencepe, \u00een acest an, construc\u0163ia unei noi Clinici de Psihiatrie Pediatric\u0103 \u00een cadrul Spitalului de Psihiatrie \u00abProf. Dr. Alexandru Obregia\u00bb, aflat \u00een subordinea Prim\u0103riei Municipiului Bucure\u015fti<\/strong>\u201d, a anun\u021bat ASSMB, potrivit <a href=\"https:\/\/hotnews.ro\/prima-clinica-de-psihiatrie-pediatrica-cu-sectie-de-dezintoxicare-pentru-adolescenti-din-tara-va-fi-construita-in-bucuresti-1966856\">Hotnews.ro<\/a>.<\/p>\n\n\n\n<p>Noua clinic\u0103, conceput\u0103 dup\u0103 standarde interna\u0163ionale, ar urma s\u0103 aib\u0103:<\/p>\n\n\n\n<ul class=\"wp-block-list\">\n<li>O sec\u0163ie de dezintoxicare pentru adolescen\u0163i, la parter, cu 9 paturi dedicate \u2013 o premier\u0103 \u00een Rom\u00e2nia;<\/li>\n<\/ul>\n\n\n\n<ul class=\"wp-block-list\">\n<li>Cabinete medicale \u015fi s\u0103li de terapie individual\u0103 \u015fi de grup;<\/li>\n<\/ul>\n\n\n\n<ul class=\"wp-block-list\">\n<li>Un mediu sigur, modern, care previne riscurile de autov\u0103t\u0103mare \u015fi \u00eencurajeaz\u0103 recuperarea emo\u0163ional\u0103.<\/li>\n<\/ul>\n\n\n\n<p>\u201eAcest proiect este mai mult dec\u00e2t o construc\u0163ie, este o investi\u0163ie \u00eentr-un sistem care pune copilul \u00een centru. <strong>\u00centr-o societate \u00een care tenta\u0163ia consumului e tot mai prezent\u0103 \u015fi presiunea social\u0103 tot mai ap\u0103s\u0103toare, avem datoria s\u0103 oferim tinerilor nu doar tratamente, ci \u015fi o \u015fans\u0103 real\u0103 la reconstruc\u0163ie<\/strong>\u201d, spun reprezentan\u021bii ASSMB.<\/p>\n\n\n\n<p>Datele de la actuala Clinica de psihiatrie pediatric\u0103 \u201eProf. Dr. Alexandru Obregia\u201d, citate de ASSMB, arat\u0103 c\u0103 una dintre cele 3 mari patologii psihiatrice pediatrice gr\u0103itoare este consumul de substan\u0163e ilegale, al\u0103turi de depresiile severe (cu autov\u0103t\u0103mare) \u015fi tulbur\u0103rile de conduit.<\/p>\n\n\n\n<p>\u201eCazurile internate de urgen\u0163\u0103 pentru comportamente autolitice \u015fi tulbur\u0103ri emo\u0163ionale cauzate de droguri sunt \u00een cre\u015ftere alarmant\u0103. <strong>\u00cen ciuda gravit\u0103\u0163ii situa\u0163iei, \u00een Rom\u00e2nia nu exist\u0103, la acest moment, o sec\u0163ie specializat\u0103 de dezintoxicare pentru adolescen\u0163i. Copiii dependen\u0163i sunt interna\u0163i \u00een sec\u0163ii generale de psihiatrie pediatric\u0103, f\u0103r\u0103 spa\u0163ii adaptate \u015fi f\u0103r\u0103 interven\u0163ii specifice\u201d<\/strong>, mai arat\u0103 reprezentan\u021bii ASSMB.<\/p>\n\n\n\n<h2 class=\"wp-block-heading\">Tot mai multe cazuri<\/h2>\n\n\n\n<p>\u0218efa Sec\u021biei de Psihiatrie Pediatric\u0103 de la Spitalul Obregia subliniaz\u0103 c\u0103 num\u0103rul de pacien\u021bi copii \u0219i adolescen\u021bi care se adreseaz\u0103 spitalului cre\u0219te \u00een fiecare an: \u201e<strong>Spre exemplu, \u00een anul 2023 am evaluat aici 5.475 de pacien\u021bi. Dup\u0103 pandemie, num\u0103rul copiilor \u0219i adolescen\u021bilor care ni se adreseaz\u0103 a crescut. Iar asta se \u00eent\u00e2mpl\u0103 \u00een toate clinicile de psihiatrie \u0219i \u00een ambulatoriile de psihiatrie pediatric\u0103<\/strong>\u201d, a declarat specialistul pentru <a href=\"https:\/\/hotnews.ro\/tot-mai-multi-copii-si-adolescenti-romani-sufera-de-o-afectiune-invizibila-un-ong-vrea-sa-construiasca-pentru-ei-din-donatii-prima-cladire-de-spital-care-respecta-ce-se-i-1869767\">hotnews.ro<\/a>.<\/p>\n\n\n\n<p>\u201eDac\u0103 \u00een 2016 \u2013 2018 avem undeva la 2.500 spre 3.000 de pacien\u021bi pe an, de atunci s-au tot ad\u0103ugat. Iar asta ne arat\u0103 \u0219i o problem\u0103 a sistemului pre-spitalicesc, care nu r\u0103spunde nevoilor \u00een cre\u0219tere. <strong>Sistemul de psihiatrie pediatric\u0103 este subdimensionat \u00een prezent. Sunt jude\u021be \u00eentregi f\u0103r\u0103 psihiatri pentru copii. Acei copii pot avea nevoie de interven\u021bii de psihoterapie, dar nu beneficiaz\u0103 de servicii decontate prin Casa de Asigur\u0103ri. Dac\u0103 nu ai medic \u00een jude\u021b, nu ai cum s\u0103 beneficiezi\u201d<\/strong>, explic\u0103 medicul.\u00a0<\/p>\n\n\n\n<p>\u0218i num\u0103rul adolescen\u021bilor care ajung aici din cauza consumului de substan\u021be interzise este \u00een cre\u0219tere.&nbsp;<\/p>\n\n\n\n<h2 class=\"wp-block-heading\">Factori de risc<\/h2>\n\n\n\n<p>Medicii se uit\u0103 \u00eentotdeauna la mai mul\u021bi factori: \u201e<strong>\u00centotdeauna c\u00e2nd ne uit\u0103m la cauzele unei afec\u021biuni, ne uit\u0103m la contextul bio-psiho-social. Bio se refer\u0103 la genetic\u0103 \u0219i modific\u0103ri biologice, biochimice. Peste aceast\u0103 vulnerabilitate genetic\u0103 vin factorii psiho-sociali: mediul, experien\u021bele copilului, experien\u021bele din mediul familial, experien\u021bele din exteriorul familiei, de la gr\u0103dini\u021b\u0103, \u0219coal\u0103, \u0219i a\u0219a mai departe<\/strong>. \u00cen contextul tuturor schimb\u0103rilor inerente \u00eentr-o societate, factorii ace\u0219tia psiho-sociali se vor schimba permanent.\u201d<\/p>\n\n\n\n<p>\u201e<strong>Nu putem identifica o singur\u0103 cauz\u0103. Pentru fiecare copil exist\u0103 un factor de stres semnificativ: poate fi bullying-ul, poate fi \u0219coala, poate fi nevoia lui de performan\u021b\u0103, activit\u0103\u021bile multiple, lipsa timpului liber, lipsa petrecerii timpului de calitate. Toat\u0103 lumea vorbe\u0219te despre timp de calitate cu familia. Dar ce \u00eenseamn\u0103 timp de calitate pentru un p\u0103rinte care vine seara la ora 20:00 acas\u0103?<\/strong>\u00a0 Sunt foarte mul\u021bi factori de mediu care pot s\u0103 vin\u0103 peste aceast\u0103 vulnerabilitate \u0219i s\u0103 ajute la declan\u0219area unei tulbur\u0103ri din sfera depresiei sau anxiet\u0103\u021bii\u201d, explic\u0103 medicul.<\/p>\n","protected":false},"excerpt":{"rendered":"<p>Administra\u0163ia Spitalelor \u015fi Serviciilor Medicale Bucure\u015fti a anun\u021bat, ieri, c\u0103 urmeaz\u0103 s\u0103 construiasc\u0103 prima Clinic\u0103 de psihiatrie pediatric\u0103 cu sec\u0163ie de dezintoxicare pentru adolescen\u0163i din Rom\u00e2nia. Sec\u0163ia va func\u0163iona la Spitalul de Psihiatrie \u201eProf. Dr. Alexandru Obregia\u201d, ale c\u0103rui date arat\u0103 c\u0103 una dintre cele 3 mari patologii psihiatrice pediatrice este consumul de substan\u0163e ilegale. [&hellip;]<\/p>\n","protected":false},"author":1,"featured_media":11009,"comment_status":"open","ping_status":"closed","sticky":false,"template":"","format":"standard","meta":{"tdm_status":"","tdm_grid_status":"","footnotes":""},"categories":[14],"tags":[3580,3581,1644],"class_list":{"0":"post-11008","1":"post","2":"type-post","3":"status-publish","4":"format-standard","5":"has-post-thumbnail","7":"category-lumea-noastra","8":"tag-clinica","9":"tag-psihiatrie","10":"tag-spital"},"yoast_head":"<!-- This site is optimized with the Yoast SEO plugin v27.5 - https:\/\/yoast.com\/product\/yoast-seo-wordpress\/ -->\n<title>Va fi construit\u0103 prima clinic\u0103 de psihiatrie \u0219i dezintoxicare pentru adolescen\u0163i din Rom\u00e2nia - Covasna45<\/title>\n<meta name=\"description\" content=\"Una dintre cele 3 mari patologii psihiatrice pediatrice gr\u0103itoare este consumul de substan\u0163e ilegale, al\u0103turi de depresiile severe.\" \/>\n<meta name=\"robots\" content=\"index, follow, max-snippet:-1, max-image-preview:large, max-video-preview:-1\" \/>\n<link rel=\"canonical\" href=\"https:\/\/covasna45.ro\/index.php\/lumea-noastra\/va-fi-construita-prima-clinica-de-psihiatrie-si-dezintoxicare-pentru-adolescenti-din-romania\/\" \/>\n<meta property=\"og:locale\" content=\"ro_RO\" \/>\n<meta property=\"og:type\" content=\"article\" \/>\n<meta property=\"og:title\" content=\"Va fi construit\u0103 prima clinic\u0103 de psihiatrie \u0219i dezintoxicare pentru adolescen\u0163i din Rom\u00e2nia - Covasna45\" \/>\n<meta property=\"og:description\" content=\"Una dintre cele 3 mari patologii psihiatrice pediatrice gr\u0103itoare este consumul de substan\u0163e ilegale, al\u0103turi de depresiile severe.\" \/>\n<meta property=\"og:url\" content=\"https:\/\/covasna45.ro\/index.php\/lumea-noastra\/va-fi-construita-prima-clinica-de-psihiatrie-si-dezintoxicare-pentru-adolescenti-din-romania\/\" \/>\n<meta property=\"og:site_name\" content=\"Covasna45\" \/>\n<meta property=\"article:published_time\" content=\"2025-05-07T05:18:18+00:00\" \/>\n<meta property=\"article:modified_time\" content=\"2025-05-07T05:18:19+00:00\" \/>\n<meta property=\"og:image\" content=\"https:\/\/covasna45.ro\/wp-content\/uploads\/2025\/05\/adolescent-depresie.jpg\" \/>\n\t<meta property=\"og:image:width\" content=\"1939\" \/>\n\t<meta property=\"og:image:height\" content=\"1062\" \/>\n\t<meta property=\"og:image:type\" content=\"image\/jpeg\" \/>\n<meta name=\"author\" content=\"Covasna45\" \/>\n<meta name=\"twitter:card\" content=\"summary_large_image\" \/>\n<meta name=\"twitter:label1\" content=\"Scris de\" \/>\n\t<meta name=\"twitter:data1\" content=\"Covasna45\" \/>\n\t<meta name=\"twitter:label2\" content=\"Timp estimat pentru citire\" \/>\n\t<meta name=\"twitter:data2\" content=\"4 minute\" \/>\n<script type=\"application\/ld+json\" class=\"yoast-schema-graph\">{\"@context\":\"https:\\\/\\\/schema.org\",\"@graph\":[{\"@type\":\"Article\",\"@id\":\"https:\\\/\\\/covasna45.ro\\\/index.php\\\/lumea-noastra\\\/va-fi-construita-prima-clinica-de-psihiatrie-si-dezintoxicare-pentru-adolescenti-din-romania\\\/#article\",\"isPartOf\":{\"@id\":\"https:\\\/\\\/covasna45.ro\\\/index.php\\\/lumea-noastra\\\/va-fi-construita-prima-clinica-de-psihiatrie-si-dezintoxicare-pentru-adolescenti-din-romania\\\/\"},\"author\":{\"name\":\"Covasna45\",\"@id\":\"https:\\\/\\\/covasna45.ro\\\/#\\\/schema\\\/person\\\/e674052bd7d95d70bbb007a1060ab73c\"},\"headline\":\"Va fi construit\u0103 prima clinic\u0103 de psihiatrie \u0219i dezintoxicare pentru adolescen\u0163i din Rom\u00e2nia\",\"datePublished\":\"2025-05-07T05:18:18+00:00\",\"dateModified\":\"2025-05-07T05:18:19+00:00\",\"mainEntityOfPage\":{\"@id\":\"https:\\\/\\\/covasna45.ro\\\/index.php\\\/lumea-noastra\\\/va-fi-construita-prima-clinica-de-psihiatrie-si-dezintoxicare-pentru-adolescenti-din-romania\\\/\"},\"wordCount\":748,\"commentCount\":0,\"publisher\":{\"@id\":\"https:\\\/\\\/covasna45.ro\\\/#organization\"},\"image\":{\"@id\":\"https:\\\/\\\/covasna45.ro\\\/index.php\\\/lumea-noastra\\\/va-fi-construita-prima-clinica-de-psihiatrie-si-dezintoxicare-pentru-adolescenti-din-romania\\\/#primaryimage\"},\"thumbnailUrl\":\"https:\\\/\\\/covasna45.ro\\\/wp-content\\\/uploads\\\/2025\\\/05\\\/adolescent-depresie.jpg\",\"keywords\":[\"clinica\",\"psihiatrie\",\"spital\"],\"articleSection\":[\"Lumea noastr\u0103\"],\"inLanguage\":\"ro-RO\",\"potentialAction\":[{\"@type\":\"CommentAction\",\"name\":\"Comment\",\"target\":[\"https:\\\/\\\/covasna45.ro\\\/index.php\\\/lumea-noastra\\\/va-fi-construita-prima-clinica-de-psihiatrie-si-dezintoxicare-pentru-adolescenti-din-romania\\\/#respond\"]}]},{\"@type\":\"WebPage\",\"@id\":\"https:\\\/\\\/covasna45.ro\\\/index.php\\\/lumea-noastra\\\/va-fi-construita-prima-clinica-de-psihiatrie-si-dezintoxicare-pentru-adolescenti-din-romania\\\/\",\"url\":\"https:\\\/\\\/covasna45.ro\\\/index.php\\\/lumea-noastra\\\/va-fi-construita-prima-clinica-de-psihiatrie-si-dezintoxicare-pentru-adolescenti-din-romania\\\/\",\"name\":\"Va fi construit\u0103 prima clinic\u0103 de psihiatrie \u0219i dezintoxicare pentru adolescen\u0163i din Rom\u00e2nia - Covasna45\",\"isPartOf\":{\"@id\":\"https:\\\/\\\/covasna45.ro\\\/#website\"},\"primaryImageOfPage\":{\"@id\":\"https:\\\/\\\/covasna45.ro\\\/index.php\\\/lumea-noastra\\\/va-fi-construita-prima-clinica-de-psihiatrie-si-dezintoxicare-pentru-adolescenti-din-romania\\\/#primaryimage\"},\"image\":{\"@id\":\"https:\\\/\\\/covasna45.ro\\\/index.php\\\/lumea-noastra\\\/va-fi-construita-prima-clinica-de-psihiatrie-si-dezintoxicare-pentru-adolescenti-din-romania\\\/#primaryimage\"},\"thumbnailUrl\":\"https:\\\/\\\/covasna45.ro\\\/wp-content\\\/uploads\\\/2025\\\/05\\\/adolescent-depresie.jpg\",\"datePublished\":\"2025-05-07T05:18:18+00:00\",\"dateModified\":\"2025-05-07T05:18:19+00:00\",\"description\":\"Una dintre cele 3 mari patologii psihiatrice pediatrice gr\u0103itoare este consumul de substan\u0163e ilegale, al\u0103turi de depresiile severe.\",\"breadcrumb\":{\"@id\":\"https:\\\/\\\/covasna45.ro\\\/index.php\\\/lumea-noastra\\\/va-fi-construita-prima-clinica-de-psihiatrie-si-dezintoxicare-pentru-adolescenti-din-romania\\\/#breadcrumb\"},\"inLanguage\":\"ro-RO\",\"potentialAction\":[{\"@type\":\"ReadAction\",\"target\":[\"https:\\\/\\\/covasna45.ro\\\/index.php\\\/lumea-noastra\\\/va-fi-construita-prima-clinica-de-psihiatrie-si-dezintoxicare-pentru-adolescenti-din-romania\\\/\"]}]},{\"@type\":\"ImageObject\",\"inLanguage\":\"ro-RO\",\"@id\":\"https:\\\/\\\/covasna45.ro\\\/index.php\\\/lumea-noastra\\\/va-fi-construita-prima-clinica-de-psihiatrie-si-dezintoxicare-pentru-adolescenti-din-romania\\\/#primaryimage\",\"url\":\"https:\\\/\\\/covasna45.ro\\\/wp-content\\\/uploads\\\/2025\\\/05\\\/adolescent-depresie.jpg\",\"contentUrl\":\"https:\\\/\\\/covasna45.ro\\\/wp-content\\\/uploads\\\/2025\\\/05\\\/adolescent-depresie.jpg\",\"width\":1939,\"height\":1062},{\"@type\":\"BreadcrumbList\",\"@id\":\"https:\\\/\\\/covasna45.ro\\\/index.php\\\/lumea-noastra\\\/va-fi-construita-prima-clinica-de-psihiatrie-si-dezintoxicare-pentru-adolescenti-din-romania\\\/#breadcrumb\",\"itemListElement\":[{\"@type\":\"ListItem\",\"position\":1,\"name\":\"Prima pagin\u0103\",\"item\":\"https:\\\/\\\/covasna45.ro\\\/\"},{\"@type\":\"ListItem\",\"position\":2,\"name\":\"Va fi construit\u0103 prima clinic\u0103 de psihiatrie \u0219i dezintoxicare pentru adolescen\u0163i din Rom\u00e2nia\"}]},{\"@type\":\"WebSite\",\"@id\":\"https:\\\/\\\/covasna45.ro\\\/#website\",\"url\":\"https:\\\/\\\/covasna45.ro\\\/\",\"name\":\"covasna45.ro\",\"description\":\"\",\"publisher\":{\"@id\":\"https:\\\/\\\/covasna45.ro\\\/#organization\"},\"potentialAction\":[{\"@type\":\"SearchAction\",\"target\":{\"@type\":\"EntryPoint\",\"urlTemplate\":\"https:\\\/\\\/covasna45.ro\\\/?s={search_term_string}\"},\"query-input\":{\"@type\":\"PropertyValueSpecification\",\"valueRequired\":true,\"valueName\":\"search_term_string\"}}],\"inLanguage\":\"ro-RO\"},{\"@type\":\"Organization\",\"@id\":\"https:\\\/\\\/covasna45.ro\\\/#organization\",\"name\":\"covasna45.ro\",\"url\":\"https:\\\/\\\/covasna45.ro\\\/\",\"logo\":{\"@type\":\"ImageObject\",\"inLanguage\":\"ro-RO\",\"@id\":\"https:\\\/\\\/covasna45.ro\\\/#\\\/schema\\\/logo\\\/image\\\/\",\"url\":\"https:\\\/\\\/covasna45.ro\\\/wp-content\\\/uploads\\\/2023\\\/01\\\/icon_logo.png\",\"contentUrl\":\"https:\\\/\\\/covasna45.ro\\\/wp-content\\\/uploads\\\/2023\\\/01\\\/icon_logo.png\",\"width\":1900,\"height\":1900,\"caption\":\"covasna45.ro\"},\"image\":{\"@id\":\"https:\\\/\\\/covasna45.ro\\\/#\\\/schema\\\/logo\\\/image\\\/\"}},{\"@type\":\"Person\",\"@id\":\"https:\\\/\\\/covasna45.ro\\\/#\\\/schema\\\/person\\\/e674052bd7d95d70bbb007a1060ab73c\",\"name\":\"Covasna45\",\"image\":{\"@type\":\"ImageObject\",\"inLanguage\":\"ro-RO\",\"@id\":\"https:\\\/\\\/covasna45.ro\\\/wp-content\\\/uploads\\\/2025\\\/10\\\/icon_logo_covasna45-150x150.png\",\"url\":\"https:\\\/\\\/covasna45.ro\\\/wp-content\\\/uploads\\\/2025\\\/10\\\/icon_logo_covasna45-150x150.png\",\"contentUrl\":\"https:\\\/\\\/covasna45.ro\\\/wp-content\\\/uploads\\\/2025\\\/10\\\/icon_logo_covasna45-150x150.png\",\"caption\":\"Covasna45\"},\"sameAs\":[\"https:\\\/\\\/covasna45.ro\"],\"url\":\"https:\\\/\\\/covasna45.ro\\\/index.php\\\/author\\\/covasna\\\/\"}]}<\/script>\n<!-- \/ Yoast SEO plugin. -->","yoast_head_json":{"title":"Va fi construit\u0103 prima clinic\u0103 de psihiatrie \u0219i dezintoxicare pentru adolescen\u0163i din Rom\u00e2nia - Covasna45","description":"Una dintre cele 3 mari patologii psihiatrice pediatrice gr\u0103itoare este consumul de substan\u0163e ilegale, al\u0103turi de depresiile severe.","robots":{"index":"index","follow":"follow","max-snippet":"max-snippet:-1","max-image-preview":"max-image-preview:large","max-video-preview":"max-video-preview:-1"},"canonical":"https:\/\/covasna45.ro\/index.php\/lumea-noastra\/va-fi-construita-prima-clinica-de-psihiatrie-si-dezintoxicare-pentru-adolescenti-din-romania\/","og_locale":"ro_RO","og_type":"article","og_title":"Va fi construit\u0103 prima clinic\u0103 de psihiatrie \u0219i dezintoxicare pentru adolescen\u0163i din Rom\u00e2nia - Covasna45","og_description":"Una dintre cele 3 mari patologii psihiatrice pediatrice gr\u0103itoare este consumul de substan\u0163e ilegale, al\u0103turi de depresiile severe.","og_url":"https:\/\/covasna45.ro\/index.php\/lumea-noastra\/va-fi-construita-prima-clinica-de-psihiatrie-si-dezintoxicare-pentru-adolescenti-din-romania\/","og_site_name":"Covasna45","article_published_time":"2025-05-07T05:18:18+00:00","article_modified_time":"2025-05-07T05:18:19+00:00","og_image":[{"width":1939,"height":1062,"url":"https:\/\/covasna45.ro\/wp-content\/uploads\/2025\/05\/adolescent-depresie.jpg","type":"image\/jpeg"}],"author":"Covasna45","twitter_card":"summary_large_image","twitter_misc":{"Scris de":"Covasna45","Timp estimat pentru citire":"4 minute"},"schema":{"@context":"https:\/\/schema.org","@graph":[{"@type":"Article","@id":"https:\/\/covasna45.ro\/index.php\/lumea-noastra\/va-fi-construita-prima-clinica-de-psihiatrie-si-dezintoxicare-pentru-adolescenti-din-romania\/#article","isPartOf":{"@id":"https:\/\/covasna45.ro\/index.php\/lumea-noastra\/va-fi-construita-prima-clinica-de-psihiatrie-si-dezintoxicare-pentru-adolescenti-din-romania\/"},"author":{"name":"Covasna45","@id":"https:\/\/covasna45.ro\/#\/schema\/person\/e674052bd7d95d70bbb007a1060ab73c"},"headline":"Va fi construit\u0103 prima clinic\u0103 de psihiatrie \u0219i dezintoxicare pentru adolescen\u0163i din Rom\u00e2nia","datePublished":"2025-05-07T05:18:18+00:00","dateModified":"2025-05-07T05:18:19+00:00","mainEntityOfPage":{"@id":"https:\/\/covasna45.ro\/index.php\/lumea-noastra\/va-fi-construita-prima-clinica-de-psihiatrie-si-dezintoxicare-pentru-adolescenti-din-romania\/"},"wordCount":748,"commentCount":0,"publisher":{"@id":"https:\/\/covasna45.ro\/#organization"},"image":{"@id":"https:\/\/covasna45.ro\/index.php\/lumea-noastra\/va-fi-construita-prima-clinica-de-psihiatrie-si-dezintoxicare-pentru-adolescenti-din-romania\/#primaryimage"},"thumbnailUrl":"https:\/\/covasna45.ro\/wp-content\/uploads\/2025\/05\/adolescent-depresie.jpg","keywords":["clinica","psihiatrie","spital"],"articleSection":["Lumea noastr\u0103"],"inLanguage":"ro-RO","potentialAction":[{"@type":"CommentAction","name":"Comment","target":["https:\/\/covasna45.ro\/index.php\/lumea-noastra\/va-fi-construita-prima-clinica-de-psihiatrie-si-dezintoxicare-pentru-adolescenti-din-romania\/#respond"]}]},{"@type":"WebPage","@id":"https:\/\/covasna45.ro\/index.php\/lumea-noastra\/va-fi-construita-prima-clinica-de-psihiatrie-si-dezintoxicare-pentru-adolescenti-din-romania\/","url":"https:\/\/covasna45.ro\/index.php\/lumea-noastra\/va-fi-construita-prima-clinica-de-psihiatrie-si-dezintoxicare-pentru-adolescenti-din-romania\/","name":"Va fi construit\u0103 prima clinic\u0103 de psihiatrie \u0219i dezintoxicare pentru adolescen\u0163i din Rom\u00e2nia - Covasna45","isPartOf":{"@id":"https:\/\/covasna45.ro\/#website"},"primaryImageOfPage":{"@id":"https:\/\/covasna45.ro\/index.php\/lumea-noastra\/va-fi-construita-prima-clinica-de-psihiatrie-si-dezintoxicare-pentru-adolescenti-din-romania\/#primaryimage"},"image":{"@id":"https:\/\/covasna45.ro\/index.php\/lumea-noastra\/va-fi-construita-prima-clinica-de-psihiatrie-si-dezintoxicare-pentru-adolescenti-din-romania\/#primaryimage"},"thumbnailUrl":"https:\/\/covasna45.ro\/wp-content\/uploads\/2025\/05\/adolescent-depresie.jpg","datePublished":"2025-05-07T05:18:18+00:00","dateModified":"2025-05-07T05:18:19+00:00","description":"Una dintre cele 3 mari patologii psihiatrice pediatrice gr\u0103itoare este consumul de substan\u0163e ilegale, al\u0103turi de depresiile severe.","breadcrumb":{"@id":"https:\/\/covasna45.ro\/index.php\/lumea-noastra\/va-fi-construita-prima-clinica-de-psihiatrie-si-dezintoxicare-pentru-adolescenti-din-romania\/#breadcrumb"},"inLanguage":"ro-RO","potentialAction":[{"@type":"ReadAction","target":["https:\/\/covasna45.ro\/index.php\/lumea-noastra\/va-fi-construita-prima-clinica-de-psihiatrie-si-dezintoxicare-pentru-adolescenti-din-romania\/"]}]},{"@type":"ImageObject","inLanguage":"ro-RO","@id":"https:\/\/covasna45.ro\/index.php\/lumea-noastra\/va-fi-construita-prima-clinica-de-psihiatrie-si-dezintoxicare-pentru-adolescenti-din-romania\/#primaryimage","url":"https:\/\/covasna45.ro\/wp-content\/uploads\/2025\/05\/adolescent-depresie.jpg","contentUrl":"https:\/\/covasna45.ro\/wp-content\/uploads\/2025\/05\/adolescent-depresie.jpg","width":1939,"height":1062},{"@type":"BreadcrumbList","@id":"https:\/\/covasna45.ro\/index.php\/lumea-noastra\/va-fi-construita-prima-clinica-de-psihiatrie-si-dezintoxicare-pentru-adolescenti-din-romania\/#breadcrumb","itemListElement":[{"@type":"ListItem","position":1,"name":"Prima pagin\u0103","item":"https:\/\/covasna45.ro\/"},{"@type":"ListItem","position":2,"name":"Va fi construit\u0103 prima clinic\u0103 de psihiatrie \u0219i dezintoxicare pentru adolescen\u0163i din Rom\u00e2nia"}]},{"@type":"WebSite","@id":"https:\/\/covasna45.ro\/#website","url":"https:\/\/covasna45.ro\/","name":"covasna45.ro","description":"","publisher":{"@id":"https:\/\/covasna45.ro\/#organization"},"potentialAction":[{"@type":"SearchAction","target":{"@type":"EntryPoint","urlTemplate":"https:\/\/covasna45.ro\/?s={search_term_string}"},"query-input":{"@type":"PropertyValueSpecification","valueRequired":true,"valueName":"search_term_string"}}],"inLanguage":"ro-RO"},{"@type":"Organization","@id":"https:\/\/covasna45.ro\/#organization","name":"covasna45.ro","url":"https:\/\/covasna45.ro\/","logo":{"@type":"ImageObject","inLanguage":"ro-RO","@id":"https:\/\/covasna45.ro\/#\/schema\/logo\/image\/","url":"https:\/\/covasna45.ro\/wp-content\/uploads\/2023\/01\/icon_logo.png","contentUrl":"https:\/\/covasna45.ro\/wp-content\/uploads\/2023\/01\/icon_logo.png","width":1900,"height":1900,"caption":"covasna45.ro"},"image":{"@id":"https:\/\/covasna45.ro\/#\/schema\/logo\/image\/"}},{"@type":"Person","@id":"https:\/\/covasna45.ro\/#\/schema\/person\/e674052bd7d95d70bbb007a1060ab73c","name":"Covasna45","image":{"@type":"ImageObject","inLanguage":"ro-RO","@id":"https:\/\/covasna45.ro\/wp-content\/uploads\/2025\/10\/icon_logo_covasna45-150x150.png","url":"https:\/\/covasna45.ro\/wp-content\/uploads\/2025\/10\/icon_logo_covasna45-150x150.png","contentUrl":"https:\/\/covasna45.ro\/wp-content\/uploads\/2025\/10\/icon_logo_covasna45-150x150.png","caption":"Covasna45"},"sameAs":["https:\/\/covasna45.ro"],"url":"https:\/\/covasna45.ro\/index.php\/author\/covasna\/"}]}},"_links":{"self":[{"href":"https:\/\/covasna45.ro\/index.php\/wp-json\/wp\/v2\/posts\/11008","targetHints":{"allow":["GET"]}}],"collection":[{"href":"https:\/\/covasna45.ro\/index.php\/wp-json\/wp\/v2\/posts"}],"about":[{"href":"https:\/\/covasna45.ro\/index.php\/wp-json\/wp\/v2\/types\/post"}],"author":[{"embeddable":true,"href":"https:\/\/covasna45.ro\/index.php\/wp-json\/wp\/v2\/users\/1"}],"replies":[{"embeddable":true,"href":"https:\/\/covasna45.ro\/index.php\/wp-json\/wp\/v2\/comments?post=11008"}],"version-history":[{"count":1,"href":"https:\/\/covasna45.ro\/index.php\/wp-json\/wp\/v2\/posts\/11008\/revisions"}],"predecessor-version":[{"id":11010,"href":"https:\/\/covasna45.ro\/index.php\/wp-json\/wp\/v2\/posts\/11008\/revisions\/11010"}],"wp:featuredmedia":[{"embeddable":true,"href":"https:\/\/covasna45.ro\/index.php\/wp-json\/wp\/v2\/media\/11009"}],"wp:attachment":[{"href":"https:\/\/covasna45.ro\/index.php\/wp-json\/wp\/v2\/media?parent=11008"}],"wp:term":[{"taxonomy":"category","embeddable":true,"href":"https:\/\/covasna45.ro\/index.php\/wp-json\/wp\/v2\/categories?post=11008"},{"taxonomy":"post_tag","embeddable":true,"href":"https:\/\/covasna45.ro\/index.php\/wp-json\/wp\/v2\/tags?post=11008"}],"curies":[{"name":"wp","href":"https:\/\/api.w.org\/{rel}","templated":true}]}}