{"id":11147,"date":"2025-05-20T10:50:40","date_gmt":"2025-05-20T08:50:40","guid":{"rendered":"https:\/\/covasna45.ro\/?p=11147"},"modified":"2025-05-20T10:51:33","modified_gmt":"2025-05-20T08:51:33","slug":"partenerii-din-proiectul-european-small4good-in-covasna","status":"publish","type":"post","link":"https:\/\/covasna45.ro\/index.php\/lumea-noastra\/partenerii-din-proiectul-european-small4good-in-covasna\/","title":{"rendered":"Partenerii din proiectul european Small4Good, \u00een Covasna"},"content":{"rendered":"\n<p>Asocia\u021bii na\u021bionale \u0219i regionale de proprietari de p\u0103duri din Norvegia, Elve\u021bia, Germania \u0219i Spania se afl\u0103 ast\u0103zi \u00een jude\u021bele Bra\u0219ov \u0219i Covasna, \u00eentr-un program din proiectul european Small4Good, destinat proprietarilor de p\u0103duri mici. Din Rom\u00e2nia particip\u0103 reprezentan\u021bi ai Universit\u0103\u021bii \u201eTransilvania\u201d Brasov, ai Asocia\u021biei Proprietarilor de P\u0103duri din Rom\u00e2nia \u2013 APPR, ai Regiei Na\u021bionale a P\u0103durilor \u0219i ai Forest Design, partener \u00een proiect.<\/p>\n\n\n\n<p>Vizita \u00een jude\u021bul Covasna a presupus dou\u0103 obiective: rezerva\u021bia Mestec\u0103ni\u0219ul de la Reci \u0219i fabrica de prelucrare a lemnului HS Timber.<\/p>\n\n\n\n<figure class=\"wp-block-image size-large\"><img loading=\"lazy\" decoding=\"async\" width=\"1024\" height=\"768\" src=\"https:\/\/covasna45.ro\/wp-content\/uploads\/2025\/05\/ll-east-3-mesteca-1-1024x768.jpg\" alt=\"\" class=\"wp-image-11154\" srcset=\"https:\/\/covasna45.ro\/wp-content\/uploads\/2025\/05\/ll-east-3-mesteca-1-1024x768.jpg 1024w, https:\/\/covasna45.ro\/wp-content\/uploads\/2025\/05\/ll-east-3-mesteca-1-300x225.jpg 300w, https:\/\/covasna45.ro\/wp-content\/uploads\/2025\/05\/ll-east-3-mesteca-1-768x576.jpg 768w, https:\/\/covasna45.ro\/wp-content\/uploads\/2025\/05\/ll-east-3-mesteca-1-1536x1152.jpg 1536w, https:\/\/covasna45.ro\/wp-content\/uploads\/2025\/05\/ll-east-3-mesteca-1-2048x1536.jpg 2048w, https:\/\/covasna45.ro\/wp-content\/uploads\/2025\/05\/ll-east-3-mesteca-1-150x113.jpg 150w, https:\/\/covasna45.ro\/wp-content\/uploads\/2025\/05\/ll-east-3-mesteca-1-696x522.jpg 696w, https:\/\/covasna45.ro\/wp-content\/uploads\/2025\/05\/ll-east-3-mesteca-1-1068x801.jpg 1068w, https:\/\/covasna45.ro\/wp-content\/uploads\/2025\/05\/ll-east-3-mesteca-1-1920x1440.jpg 1920w\" sizes=\"auto, (max-width: 1024px) 100vw, 1024px\" \/><\/figure>\n\n\n\n<p>Small4Good este finan\u021bat prin Horizon Europe \u0219i \u00ee\u0219i propune s\u0103 ajute micul proprietar de p\u0103dure din Europa s\u0103 \u00ee\u0219i poat\u0103 face un management eficient al p\u0103durii \u00een func\u021bie \u0219i de specificul legislativ din fiecare \u021bar\u0103 \u0219i s\u0103 ob\u021bin\u0103 o compensare \u2013 pentru faptul c\u0103 p\u0103durea re\u021bine carbonul \u2013 prin \u00eencasarea unor credite pe care le poate vinde. Mai presupune crearea de aplica\u021bii mobile pentru micii proprietari, prin care ace\u0219tia s\u0103 poat\u0103 administra mai u\u0219or p\u0103durile \u0219i s\u0103 aib\u0103 la \u00eendem\u00e2n\u0103 date despre fondul forestier, inclusiv specii de arbori, biodiversitate, v\u00e2nat etc. Mai mult, se dore\u0219te ca prin acest proiect s\u0103 fie creat un suport concret pentru micii proprietari. Un exemplu ar fi schimbul de utilaje \u0219i echipamente \u00eentre ei, dat fiind costul ridicat al acestora.<\/p>\n\n\n\n<figure class=\"wp-block-image size-large\"><img loading=\"lazy\" decoding=\"async\" width=\"1024\" height=\"768\" src=\"https:\/\/covasna45.ro\/wp-content\/uploads\/2025\/05\/ll-east-5-mes-1024x768.jpg\" alt=\"\" class=\"wp-image-11150\" srcset=\"https:\/\/covasna45.ro\/wp-content\/uploads\/2025\/05\/ll-east-5-mes-1024x768.jpg 1024w, https:\/\/covasna45.ro\/wp-content\/uploads\/2025\/05\/ll-east-5-mes-300x225.jpg 300w, https:\/\/covasna45.ro\/wp-content\/uploads\/2025\/05\/ll-east-5-mes-768x576.jpg 768w, https:\/\/covasna45.ro\/wp-content\/uploads\/2025\/05\/ll-east-5-mes-1536x1152.jpg 1536w, https:\/\/covasna45.ro\/wp-content\/uploads\/2025\/05\/ll-east-5-mes-2048x1536.jpg 2048w, https:\/\/covasna45.ro\/wp-content\/uploads\/2025\/05\/ll-east-5-mes-150x113.jpg 150w, https:\/\/covasna45.ro\/wp-content\/uploads\/2025\/05\/ll-east-5-mes-696x522.jpg 696w, https:\/\/covasna45.ro\/wp-content\/uploads\/2025\/05\/ll-east-5-mes-1068x801.jpg 1068w, https:\/\/covasna45.ro\/wp-content\/uploads\/2025\/05\/ll-east-5-mes-1920x1440.jpg 1920w\" sizes=\"auto, (max-width: 1024px) 100vw, 1024px\" \/><\/figure>\n\n\n\n<p>Rom\u00e2nia este prezent\u0103 \u00een proiect \u00een a\u0219a-numitul \u201eLaborator Viu\u201d Est \u2013 Living Lab East, unul dintre cele 4 laboratoare. Concret, proiectul presupune at\u00e2t discu\u021bii \u0219i interviuri cu micii proprietari de p\u0103duri, c\u00e2t \u0219i vizite \u00een teren \u00een mai multe puncte de interes.<\/p>\n\n\n\n<p>Ieri, 19 mai, au avut loc interviurile, iar azi se desf\u0103\u0219oar\u0103 vizitele \u00een teren.<\/p>\n\n\n\n<p>Prima oprire a fost la rezerva\u021bia Mestec\u0103ni\u0219ul de la Reci din jude\u021bul Covasna, unde 115 hectare din cele 420 de hectare sunt de\u021binute de mici proprietari. Participan\u021bii la proiect au discutat, la fa\u021ba locului, at\u00e2t cu reprezentan\u021bi ai administratorului p\u0103durilor publice, Romsilva, c\u00e2t \u0219i cu cei ai proprietarilor. Ace\u0219tia din urm\u0103 \u00eent\u00e2mpin\u0103 dificult\u0103\u021bi din cauza legisla\u021biei restrictive, costurilor \u0219i lipsei oric\u0103rui suport tehnic.<\/p>\n\n\n\n<figure class=\"wp-block-image size-large\"><img loading=\"lazy\" decoding=\"async\" width=\"1024\" height=\"768\" src=\"https:\/\/covasna45.ro\/wp-content\/uploads\/2025\/05\/ll-east-6-mestc-1024x768.jpg\" alt=\"\" class=\"wp-image-11151\" srcset=\"https:\/\/covasna45.ro\/wp-content\/uploads\/2025\/05\/ll-east-6-mestc-1024x768.jpg 1024w, https:\/\/covasna45.ro\/wp-content\/uploads\/2025\/05\/ll-east-6-mestc-300x225.jpg 300w, https:\/\/covasna45.ro\/wp-content\/uploads\/2025\/05\/ll-east-6-mestc-768x576.jpg 768w, https:\/\/covasna45.ro\/wp-content\/uploads\/2025\/05\/ll-east-6-mestc-1536x1152.jpg 1536w, https:\/\/covasna45.ro\/wp-content\/uploads\/2025\/05\/ll-east-6-mestc-2048x1536.jpg 2048w, https:\/\/covasna45.ro\/wp-content\/uploads\/2025\/05\/ll-east-6-mestc-150x113.jpg 150w, https:\/\/covasna45.ro\/wp-content\/uploads\/2025\/05\/ll-east-6-mestc-696x522.jpg 696w, https:\/\/covasna45.ro\/wp-content\/uploads\/2025\/05\/ll-east-6-mestc-1068x801.jpg 1068w, https:\/\/covasna45.ro\/wp-content\/uploads\/2025\/05\/ll-east-6-mestc-1920x1440.jpg 1920w\" sizes=\"auto, (max-width: 1024px) 100vw, 1024px\" \/><\/figure>\n\n\n\n<p>\u201eNu avem niciun drept, ci doar obliga\u021bii. Nu primim compensa\u021bii pentru interdic\u021bii, chiar dac\u0103 nu suntem datori cu nimic societ\u0103\u021bii sau statului. Un singur drept avem \u2013 s\u0103 respir\u0103m!\u201d, a spus unul dintre proprietari.<\/p>\n\n\n\n<p>Dup\u0103 vizita la Mestec\u0103ni\u0219, s-a mers la fabrica din Reci a HS Timber, dup\u0103 care la Ocolul Silvic Teliu. Din program face parte \u0219i o demonstra\u021bie realizat\u0103 \u00een p\u0103durea Dealul Cet\u0103\u021bii &#8211; Lempe\u0219 de ForestDesign.<\/p>\n\n\n\n<figure class=\"wp-block-image size-large\"><img loading=\"lazy\" decoding=\"async\" width=\"768\" height=\"1024\" src=\"https:\/\/covasna45.ro\/wp-content\/uploads\/2025\/05\/sfg-mest-768x1024.jpg\" alt=\"\" class=\"wp-image-11152\" srcset=\"https:\/\/covasna45.ro\/wp-content\/uploads\/2025\/05\/sfg-mest-768x1024.jpg 768w, https:\/\/covasna45.ro\/wp-content\/uploads\/2025\/05\/sfg-mest-225x300.jpg 225w, https:\/\/covasna45.ro\/wp-content\/uploads\/2025\/05\/sfg-mest-1152x1536.jpg 1152w, https:\/\/covasna45.ro\/wp-content\/uploads\/2025\/05\/sfg-mest-1536x2048.jpg 1536w, https:\/\/covasna45.ro\/wp-content\/uploads\/2025\/05\/sfg-mest-150x200.jpg 150w, https:\/\/covasna45.ro\/wp-content\/uploads\/2025\/05\/sfg-mest-300x400.jpg 300w, https:\/\/covasna45.ro\/wp-content\/uploads\/2025\/05\/sfg-mest-696x928.jpg 696w, https:\/\/covasna45.ro\/wp-content\/uploads\/2025\/05\/sfg-mest-1068x1424.jpg 1068w, https:\/\/covasna45.ro\/wp-content\/uploads\/2025\/05\/sfg-mest-scaled.jpg 1920w\" sizes=\"auto, (max-width: 768px) 100vw, 768px\" \/><\/figure>\n\n\n\n<p>Potrivit <a href=\"https:\/\/small4good.eu\/\">site-ului oficial<\/a> al proiectului, obiectivul strategic al Small4Good este \u201ede a le permite proprietarilor de p\u0103duri mici s\u0103 protejeze biodiversitatea \u0219i s\u0103 \u00eembun\u0103t\u0103\u021beasc\u0103 furnizarea de servicii ecosistemice din p\u0103durile Europei prin modele de management multifunc\u021bionale \u0219i adaptate local, care sunt sus\u021binute financiar prin Plata pentru Servicii Ecosistemice (PES) \u0219i implementate cu sprijinul solu\u021biilor digitale \u0219i bazate pe inteligen\u021b\u0103 artificial\u0103\u201d.<\/p>\n\n\n\n<p>Sursa: <a href=\"https:\/\/dinpadure.ro\/proiectul-small4good-pentru-proprietarii-de-paduri-mici-vizita-in-romania\/\">dinp\u0103dure.ro<\/a><\/p>\n","protected":false},"excerpt":{"rendered":"<p>Asocia\u021bii na\u021bionale \u0219i regionale de proprietari de p\u0103duri din Norvegia, Elve\u021bia, Germania \u0219i Spania se afl\u0103 ast\u0103zi \u00een jude\u021bele Bra\u0219ov \u0219i Covasna, \u00eentr-un program din proiectul european Small4Good, destinat proprietarilor de p\u0103duri mici. Din Rom\u00e2nia particip\u0103 reprezentan\u021bi ai Universit\u0103\u021bii \u201eTransilvania\u201d Brasov, ai Asocia\u021biei Proprietarilor de P\u0103duri din Rom\u00e2nia \u2013 APPR, ai Regiei Na\u021bionale a P\u0103durilor [&hellip;]<\/p>\n","protected":false},"author":1,"featured_media":11148,"comment_status":"open","ping_status":"closed","sticky":false,"template":"","format":"standard","meta":{"tdm_status":"","tdm_grid_status":"","footnotes":""},"categories":[14],"tags":[2554,21,2594,2818,3608],"class_list":{"0":"post-11147","1":"post","2":"type-post","3":"status-publish","4":"format-standard","5":"has-post-thumbnail","7":"category-lumea-noastra","8":"tag-brasov-2","9":"tag-covasna","10":"tag-reci","11":"tag-romsilva","12":"tag-small4good"},"yoast_head":"<!-- This site is optimized with the Yoast SEO plugin v27.5 - https:\/\/yoast.com\/product\/yoast-seo-wordpress\/ -->\n<title>Partenerii din proiectul european Small4Good, \u00een Covasna - Covasna45<\/title>\n<meta name=\"description\" content=\"Vizita \u00een jude\u021bul Covasna a presupus dou\u0103 obiective: rezerva\u021bia Mestec\u0103ni\u0219ul de la Reci \u0219i fabrica de prelucrare a lemnului HS Timber.\" \/>\n<meta name=\"robots\" content=\"index, follow, max-snippet:-1, max-image-preview:large, max-video-preview:-1\" \/>\n<link rel=\"canonical\" href=\"https:\/\/covasna45.ro\/index.php\/lumea-noastra\/partenerii-din-proiectul-european-small4good-in-covasna\/\" \/>\n<meta property=\"og:locale\" content=\"ro_RO\" \/>\n<meta property=\"og:type\" content=\"article\" \/>\n<meta property=\"og:title\" content=\"Partenerii din proiectul european Small4Good, \u00een Covasna - Covasna45\" \/>\n<meta property=\"og:description\" content=\"Vizita \u00een jude\u021bul Covasna a presupus dou\u0103 obiective: rezerva\u021bia Mestec\u0103ni\u0219ul de la Reci \u0219i fabrica de prelucrare a lemnului HS Timber.\" \/>\n<meta property=\"og:url\" content=\"https:\/\/covasna45.ro\/index.php\/lumea-noastra\/partenerii-din-proiectul-european-small4good-in-covasna\/\" \/>\n<meta property=\"og:site_name\" content=\"Covasna45\" \/>\n<meta property=\"article:published_time\" content=\"2025-05-20T08:50:40+00:00\" \/>\n<meta property=\"article:modified_time\" content=\"2025-05-20T08:51:33+00:00\" \/>\n<meta property=\"og:image\" content=\"https:\/\/covasna45.ro\/wp-content\/uploads\/2025\/05\/ll-easst-2-mest-1024x768.jpg\" \/>\n\t<meta property=\"og:image:width\" content=\"1024\" \/>\n\t<meta property=\"og:image:height\" content=\"768\" \/>\n\t<meta property=\"og:image:type\" content=\"image\/jpeg\" \/>\n<meta name=\"author\" content=\"Covasna45\" \/>\n<meta name=\"twitter:card\" content=\"summary_large_image\" \/>\n<meta name=\"twitter:label1\" content=\"Scris de\" \/>\n\t<meta name=\"twitter:data1\" content=\"Covasna45\" \/>\n\t<meta name=\"twitter:label2\" content=\"Timp estimat pentru citire\" \/>\n\t<meta name=\"twitter:data2\" content=\"4 minute\" \/>\n<script type=\"application\/ld+json\" class=\"yoast-schema-graph\">{\"@context\":\"https:\\\/\\\/schema.org\",\"@graph\":[{\"@type\":\"Article\",\"@id\":\"https:\\\/\\\/covasna45.ro\\\/index.php\\\/lumea-noastra\\\/partenerii-din-proiectul-european-small4good-in-covasna\\\/#article\",\"isPartOf\":{\"@id\":\"https:\\\/\\\/covasna45.ro\\\/index.php\\\/lumea-noastra\\\/partenerii-din-proiectul-european-small4good-in-covasna\\\/\"},\"author\":{\"name\":\"Covasna45\",\"@id\":\"https:\\\/\\\/covasna45.ro\\\/#\\\/schema\\\/person\\\/e674052bd7d95d70bbb007a1060ab73c\"},\"headline\":\"Partenerii din proiectul european Small4Good, \u00een Covasna\",\"datePublished\":\"2025-05-20T08:50:40+00:00\",\"dateModified\":\"2025-05-20T08:51:33+00:00\",\"mainEntityOfPage\":{\"@id\":\"https:\\\/\\\/covasna45.ro\\\/index.php\\\/lumea-noastra\\\/partenerii-din-proiectul-european-small4good-in-covasna\\\/\"},\"wordCount\":535,\"commentCount\":0,\"publisher\":{\"@id\":\"https:\\\/\\\/covasna45.ro\\\/#organization\"},\"image\":{\"@id\":\"https:\\\/\\\/covasna45.ro\\\/index.php\\\/lumea-noastra\\\/partenerii-din-proiectul-european-small4good-in-covasna\\\/#primaryimage\"},\"thumbnailUrl\":\"https:\\\/\\\/covasna45.ro\\\/wp-content\\\/uploads\\\/2025\\\/05\\\/ll-easst-2-mest.jpg\",\"keywords\":[\"Brasov\",\"covasna\",\"reci\",\"romsilva\",\"small4good\"],\"articleSection\":[\"Lumea noastr\u0103\"],\"inLanguage\":\"ro-RO\",\"potentialAction\":[{\"@type\":\"CommentAction\",\"name\":\"Comment\",\"target\":[\"https:\\\/\\\/covasna45.ro\\\/index.php\\\/lumea-noastra\\\/partenerii-din-proiectul-european-small4good-in-covasna\\\/#respond\"]}]},{\"@type\":\"WebPage\",\"@id\":\"https:\\\/\\\/covasna45.ro\\\/index.php\\\/lumea-noastra\\\/partenerii-din-proiectul-european-small4good-in-covasna\\\/\",\"url\":\"https:\\\/\\\/covasna45.ro\\\/index.php\\\/lumea-noastra\\\/partenerii-din-proiectul-european-small4good-in-covasna\\\/\",\"name\":\"Partenerii din proiectul european Small4Good, \u00een Covasna - Covasna45\",\"isPartOf\":{\"@id\":\"https:\\\/\\\/covasna45.ro\\\/#website\"},\"primaryImageOfPage\":{\"@id\":\"https:\\\/\\\/covasna45.ro\\\/index.php\\\/lumea-noastra\\\/partenerii-din-proiectul-european-small4good-in-covasna\\\/#primaryimage\"},\"image\":{\"@id\":\"https:\\\/\\\/covasna45.ro\\\/index.php\\\/lumea-noastra\\\/partenerii-din-proiectul-european-small4good-in-covasna\\\/#primaryimage\"},\"thumbnailUrl\":\"https:\\\/\\\/covasna45.ro\\\/wp-content\\\/uploads\\\/2025\\\/05\\\/ll-easst-2-mest.jpg\",\"datePublished\":\"2025-05-20T08:50:40+00:00\",\"dateModified\":\"2025-05-20T08:51:33+00:00\",\"description\":\"Vizita \u00een jude\u021bul Covasna a presupus dou\u0103 obiective: rezerva\u021bia Mestec\u0103ni\u0219ul de la Reci \u0219i fabrica de prelucrare a lemnului HS Timber.\",\"breadcrumb\":{\"@id\":\"https:\\\/\\\/covasna45.ro\\\/index.php\\\/lumea-noastra\\\/partenerii-din-proiectul-european-small4good-in-covasna\\\/#breadcrumb\"},\"inLanguage\":\"ro-RO\",\"potentialAction\":[{\"@type\":\"ReadAction\",\"target\":[\"https:\\\/\\\/covasna45.ro\\\/index.php\\\/lumea-noastra\\\/partenerii-din-proiectul-european-small4good-in-covasna\\\/\"]}]},{\"@type\":\"ImageObject\",\"inLanguage\":\"ro-RO\",\"@id\":\"https:\\\/\\\/covasna45.ro\\\/index.php\\\/lumea-noastra\\\/partenerii-din-proiectul-european-small4good-in-covasna\\\/#primaryimage\",\"url\":\"https:\\\/\\\/covasna45.ro\\\/wp-content\\\/uploads\\\/2025\\\/05\\\/ll-easst-2-mest.jpg\",\"contentUrl\":\"https:\\\/\\\/covasna45.ro\\\/wp-content\\\/uploads\\\/2025\\\/05\\\/ll-easst-2-mest.jpg\",\"width\":2080,\"height\":1560},{\"@type\":\"BreadcrumbList\",\"@id\":\"https:\\\/\\\/covasna45.ro\\\/index.php\\\/lumea-noastra\\\/partenerii-din-proiectul-european-small4good-in-covasna\\\/#breadcrumb\",\"itemListElement\":[{\"@type\":\"ListItem\",\"position\":1,\"name\":\"Prima pagin\u0103\",\"item\":\"https:\\\/\\\/covasna45.ro\\\/\"},{\"@type\":\"ListItem\",\"position\":2,\"name\":\"Partenerii din proiectul european Small4Good, \u00een Covasna\"}]},{\"@type\":\"WebSite\",\"@id\":\"https:\\\/\\\/covasna45.ro\\\/#website\",\"url\":\"https:\\\/\\\/covasna45.ro\\\/\",\"name\":\"covasna45.ro\",\"description\":\"\",\"publisher\":{\"@id\":\"https:\\\/\\\/covasna45.ro\\\/#organization\"},\"potentialAction\":[{\"@type\":\"SearchAction\",\"target\":{\"@type\":\"EntryPoint\",\"urlTemplate\":\"https:\\\/\\\/covasna45.ro\\\/?s={search_term_string}\"},\"query-input\":{\"@type\":\"PropertyValueSpecification\",\"valueRequired\":true,\"valueName\":\"search_term_string\"}}],\"inLanguage\":\"ro-RO\"},{\"@type\":\"Organization\",\"@id\":\"https:\\\/\\\/covasna45.ro\\\/#organization\",\"name\":\"covasna45.ro\",\"url\":\"https:\\\/\\\/covasna45.ro\\\/\",\"logo\":{\"@type\":\"ImageObject\",\"inLanguage\":\"ro-RO\",\"@id\":\"https:\\\/\\\/covasna45.ro\\\/#\\\/schema\\\/logo\\\/image\\\/\",\"url\":\"https:\\\/\\\/covasna45.ro\\\/wp-content\\\/uploads\\\/2023\\\/01\\\/icon_logo.png\",\"contentUrl\":\"https:\\\/\\\/covasna45.ro\\\/wp-content\\\/uploads\\\/2023\\\/01\\\/icon_logo.png\",\"width\":1900,\"height\":1900,\"caption\":\"covasna45.ro\"},\"image\":{\"@id\":\"https:\\\/\\\/covasna45.ro\\\/#\\\/schema\\\/logo\\\/image\\\/\"}},{\"@type\":\"Person\",\"@id\":\"https:\\\/\\\/covasna45.ro\\\/#\\\/schema\\\/person\\\/e674052bd7d95d70bbb007a1060ab73c\",\"name\":\"Covasna45\",\"image\":{\"@type\":\"ImageObject\",\"inLanguage\":\"ro-RO\",\"@id\":\"https:\\\/\\\/covasna45.ro\\\/wp-content\\\/uploads\\\/2025\\\/10\\\/icon_logo_covasna45-150x150.png\",\"url\":\"https:\\\/\\\/covasna45.ro\\\/wp-content\\\/uploads\\\/2025\\\/10\\\/icon_logo_covasna45-150x150.png\",\"contentUrl\":\"https:\\\/\\\/covasna45.ro\\\/wp-content\\\/uploads\\\/2025\\\/10\\\/icon_logo_covasna45-150x150.png\",\"caption\":\"Covasna45\"},\"sameAs\":[\"https:\\\/\\\/covasna45.ro\"],\"url\":\"https:\\\/\\\/covasna45.ro\\\/index.php\\\/author\\\/covasna\\\/\"}]}<\/script>\n<!-- \/ Yoast SEO plugin. -->","yoast_head_json":{"title":"Partenerii din proiectul european Small4Good, \u00een Covasna - Covasna45","description":"Vizita \u00een jude\u021bul Covasna a presupus dou\u0103 obiective: rezerva\u021bia Mestec\u0103ni\u0219ul de la Reci \u0219i fabrica de prelucrare a lemnului HS Timber.","robots":{"index":"index","follow":"follow","max-snippet":"max-snippet:-1","max-image-preview":"max-image-preview:large","max-video-preview":"max-video-preview:-1"},"canonical":"https:\/\/covasna45.ro\/index.php\/lumea-noastra\/partenerii-din-proiectul-european-small4good-in-covasna\/","og_locale":"ro_RO","og_type":"article","og_title":"Partenerii din proiectul european Small4Good, \u00een Covasna - Covasna45","og_description":"Vizita \u00een jude\u021bul Covasna a presupus dou\u0103 obiective: rezerva\u021bia Mestec\u0103ni\u0219ul de la Reci \u0219i fabrica de prelucrare a lemnului HS Timber.","og_url":"https:\/\/covasna45.ro\/index.php\/lumea-noastra\/partenerii-din-proiectul-european-small4good-in-covasna\/","og_site_name":"Covasna45","article_published_time":"2025-05-20T08:50:40+00:00","article_modified_time":"2025-05-20T08:51:33+00:00","og_image":[{"width":1024,"height":768,"url":"https:\/\/covasna45.ro\/wp-content\/uploads\/2025\/05\/ll-easst-2-mest-1024x768.jpg","type":"image\/jpeg"}],"author":"Covasna45","twitter_card":"summary_large_image","twitter_misc":{"Scris de":"Covasna45","Timp estimat pentru citire":"4 minute"},"schema":{"@context":"https:\/\/schema.org","@graph":[{"@type":"Article","@id":"https:\/\/covasna45.ro\/index.php\/lumea-noastra\/partenerii-din-proiectul-european-small4good-in-covasna\/#article","isPartOf":{"@id":"https:\/\/covasna45.ro\/index.php\/lumea-noastra\/partenerii-din-proiectul-european-small4good-in-covasna\/"},"author":{"name":"Covasna45","@id":"https:\/\/covasna45.ro\/#\/schema\/person\/e674052bd7d95d70bbb007a1060ab73c"},"headline":"Partenerii din proiectul european Small4Good, \u00een Covasna","datePublished":"2025-05-20T08:50:40+00:00","dateModified":"2025-05-20T08:51:33+00:00","mainEntityOfPage":{"@id":"https:\/\/covasna45.ro\/index.php\/lumea-noastra\/partenerii-din-proiectul-european-small4good-in-covasna\/"},"wordCount":535,"commentCount":0,"publisher":{"@id":"https:\/\/covasna45.ro\/#organization"},"image":{"@id":"https:\/\/covasna45.ro\/index.php\/lumea-noastra\/partenerii-din-proiectul-european-small4good-in-covasna\/#primaryimage"},"thumbnailUrl":"https:\/\/covasna45.ro\/wp-content\/uploads\/2025\/05\/ll-easst-2-mest.jpg","keywords":["Brasov","covasna","reci","romsilva","small4good"],"articleSection":["Lumea noastr\u0103"],"inLanguage":"ro-RO","potentialAction":[{"@type":"CommentAction","name":"Comment","target":["https:\/\/covasna45.ro\/index.php\/lumea-noastra\/partenerii-din-proiectul-european-small4good-in-covasna\/#respond"]}]},{"@type":"WebPage","@id":"https:\/\/covasna45.ro\/index.php\/lumea-noastra\/partenerii-din-proiectul-european-small4good-in-covasna\/","url":"https:\/\/covasna45.ro\/index.php\/lumea-noastra\/partenerii-din-proiectul-european-small4good-in-covasna\/","name":"Partenerii din proiectul european Small4Good, \u00een Covasna - Covasna45","isPartOf":{"@id":"https:\/\/covasna45.ro\/#website"},"primaryImageOfPage":{"@id":"https:\/\/covasna45.ro\/index.php\/lumea-noastra\/partenerii-din-proiectul-european-small4good-in-covasna\/#primaryimage"},"image":{"@id":"https:\/\/covasna45.ro\/index.php\/lumea-noastra\/partenerii-din-proiectul-european-small4good-in-covasna\/#primaryimage"},"thumbnailUrl":"https:\/\/covasna45.ro\/wp-content\/uploads\/2025\/05\/ll-easst-2-mest.jpg","datePublished":"2025-05-20T08:50:40+00:00","dateModified":"2025-05-20T08:51:33+00:00","description":"Vizita \u00een jude\u021bul Covasna a presupus dou\u0103 obiective: rezerva\u021bia Mestec\u0103ni\u0219ul de la Reci \u0219i fabrica de prelucrare a lemnului HS Timber.","breadcrumb":{"@id":"https:\/\/covasna45.ro\/index.php\/lumea-noastra\/partenerii-din-proiectul-european-small4good-in-covasna\/#breadcrumb"},"inLanguage":"ro-RO","potentialAction":[{"@type":"ReadAction","target":["https:\/\/covasna45.ro\/index.php\/lumea-noastra\/partenerii-din-proiectul-european-small4good-in-covasna\/"]}]},{"@type":"ImageObject","inLanguage":"ro-RO","@id":"https:\/\/covasna45.ro\/index.php\/lumea-noastra\/partenerii-din-proiectul-european-small4good-in-covasna\/#primaryimage","url":"https:\/\/covasna45.ro\/wp-content\/uploads\/2025\/05\/ll-easst-2-mest.jpg","contentUrl":"https:\/\/covasna45.ro\/wp-content\/uploads\/2025\/05\/ll-easst-2-mest.jpg","width":2080,"height":1560},{"@type":"BreadcrumbList","@id":"https:\/\/covasna45.ro\/index.php\/lumea-noastra\/partenerii-din-proiectul-european-small4good-in-covasna\/#breadcrumb","itemListElement":[{"@type":"ListItem","position":1,"name":"Prima pagin\u0103","item":"https:\/\/covasna45.ro\/"},{"@type":"ListItem","position":2,"name":"Partenerii din proiectul european Small4Good, \u00een Covasna"}]},{"@type":"WebSite","@id":"https:\/\/covasna45.ro\/#website","url":"https:\/\/covasna45.ro\/","name":"covasna45.ro","description":"","publisher":{"@id":"https:\/\/covasna45.ro\/#organization"},"potentialAction":[{"@type":"SearchAction","target":{"@type":"EntryPoint","urlTemplate":"https:\/\/covasna45.ro\/?s={search_term_string}"},"query-input":{"@type":"PropertyValueSpecification","valueRequired":true,"valueName":"search_term_string"}}],"inLanguage":"ro-RO"},{"@type":"Organization","@id":"https:\/\/covasna45.ro\/#organization","name":"covasna45.ro","url":"https:\/\/covasna45.ro\/","logo":{"@type":"ImageObject","inLanguage":"ro-RO","@id":"https:\/\/covasna45.ro\/#\/schema\/logo\/image\/","url":"https:\/\/covasna45.ro\/wp-content\/uploads\/2023\/01\/icon_logo.png","contentUrl":"https:\/\/covasna45.ro\/wp-content\/uploads\/2023\/01\/icon_logo.png","width":1900,"height":1900,"caption":"covasna45.ro"},"image":{"@id":"https:\/\/covasna45.ro\/#\/schema\/logo\/image\/"}},{"@type":"Person","@id":"https:\/\/covasna45.ro\/#\/schema\/person\/e674052bd7d95d70bbb007a1060ab73c","name":"Covasna45","image":{"@type":"ImageObject","inLanguage":"ro-RO","@id":"https:\/\/covasna45.ro\/wp-content\/uploads\/2025\/10\/icon_logo_covasna45-150x150.png","url":"https:\/\/covasna45.ro\/wp-content\/uploads\/2025\/10\/icon_logo_covasna45-150x150.png","contentUrl":"https:\/\/covasna45.ro\/wp-content\/uploads\/2025\/10\/icon_logo_covasna45-150x150.png","caption":"Covasna45"},"sameAs":["https:\/\/covasna45.ro"],"url":"https:\/\/covasna45.ro\/index.php\/author\/covasna\/"}]}},"_links":{"self":[{"href":"https:\/\/covasna45.ro\/index.php\/wp-json\/wp\/v2\/posts\/11147","targetHints":{"allow":["GET"]}}],"collection":[{"href":"https:\/\/covasna45.ro\/index.php\/wp-json\/wp\/v2\/posts"}],"about":[{"href":"https:\/\/covasna45.ro\/index.php\/wp-json\/wp\/v2\/types\/post"}],"author":[{"embeddable":true,"href":"https:\/\/covasna45.ro\/index.php\/wp-json\/wp\/v2\/users\/1"}],"replies":[{"embeddable":true,"href":"https:\/\/covasna45.ro\/index.php\/wp-json\/wp\/v2\/comments?post=11147"}],"version-history":[{"count":2,"href":"https:\/\/covasna45.ro\/index.php\/wp-json\/wp\/v2\/posts\/11147\/revisions"}],"predecessor-version":[{"id":11155,"href":"https:\/\/covasna45.ro\/index.php\/wp-json\/wp\/v2\/posts\/11147\/revisions\/11155"}],"wp:featuredmedia":[{"embeddable":true,"href":"https:\/\/covasna45.ro\/index.php\/wp-json\/wp\/v2\/media\/11148"}],"wp:attachment":[{"href":"https:\/\/covasna45.ro\/index.php\/wp-json\/wp\/v2\/media?parent=11147"}],"wp:term":[{"taxonomy":"category","embeddable":true,"href":"https:\/\/covasna45.ro\/index.php\/wp-json\/wp\/v2\/categories?post=11147"},{"taxonomy":"post_tag","embeddable":true,"href":"https:\/\/covasna45.ro\/index.php\/wp-json\/wp\/v2\/tags?post=11147"}],"curies":[{"name":"wp","href":"https:\/\/api.w.org\/{rel}","templated":true}]}}