{"id":11156,"date":"2025-05-20T11:34:10","date_gmt":"2025-05-20T09:34:10","guid":{"rendered":"https:\/\/covasna45.ro\/?p=11156"},"modified":"2025-05-20T11:36:57","modified_gmt":"2025-05-20T09:36:57","slug":"tratatul-pandemic-adoptat-de-adunarea-mondiala-a-sanatatii","status":"publish","type":"post","link":"https:\/\/covasna45.ro\/index.php\/lumea-larga\/tratatul-pandemic-adoptat-de-adunarea-mondiala-a-sanatatii\/","title":{"rendered":"\u201eTratatul pandemic\u201d, adoptat de Adunarea Mondial\u0103 a S\u0103n\u0103t\u0103\u021bii"},"content":{"rendered":"\n<p>Statele membre ale Organiza\u021biei Mondiale a S\u0103n\u0103t\u0103\u021bii (OMS) au adoptat azi un acord cu privire la modul de preg\u0103tire pentru viitoarele pandemii dup\u0103 cea de COVID-19 produs\u0103 \u00eentre anii 2020 \u0219i 2022, transmite <a href=\"https:\/\/www.who.int\/news\/item\/20-05-2025-world-health-assembly-adopts-historic-pandemic-agreement-to-make-the-world-more-equitable-and-safer-from-future-pandemics\">OMS<\/a>.<\/p>\n\n\n\n<p>\u201e<strong><em>Lumea este mai sigur\u0103 ast\u0103zi datorit\u0103 conducerii, colabor\u0103rii \u0219i angajamentului statelor noastre membre de a adopta istoricul Acord Pandemic al OMS<\/em><\/strong>\u201d, a declarat Dr. Tedros Adhanom Ghebreyesus, directorul general al OMS. \u201e<strong><em>Acordul este o victorie pentru s\u0103n\u0103tatea public\u0103, \u0219tiin\u021b\u0103 \u0219i ac\u021biunea multilateral\u0103. Acesta va asigura c\u0103 noi, colectiv, putem proteja mai bine lumea de viitoarele amenin\u021b\u0103ri pandemice. De asemenea, este o recunoa\u0219tere din partea comunit\u0103\u021bii interna\u021bionale a faptului c\u0103 cet\u0103\u021benii, societ\u0103\u021bile \u0219i economiile noastre nu trebuie s\u0103 r\u0103m\u00e2n\u0103 vulnerabile \u0219i s\u0103 sufere din nou pierderi precum cele suferite \u00een timpul COVID-19<\/em><\/strong>.\u201d<\/p>\n\n\n\n<figure class=\"wp-block-image size-large\"><img loading=\"lazy\" decoding=\"async\" width=\"1024\" height=\"683\" src=\"https:\/\/covasna45.ro\/wp-content\/uploads\/2025\/05\/dir-oms-1024x683.jpg\" alt=\"\" class=\"wp-image-11158\" srcset=\"https:\/\/covasna45.ro\/wp-content\/uploads\/2025\/05\/dir-oms-1024x683.jpg 1024w, https:\/\/covasna45.ro\/wp-content\/uploads\/2025\/05\/dir-oms-300x200.jpg 300w, https:\/\/covasna45.ro\/wp-content\/uploads\/2025\/05\/dir-oms-768x512.jpg 768w, https:\/\/covasna45.ro\/wp-content\/uploads\/2025\/05\/dir-oms-150x100.jpg 150w, https:\/\/covasna45.ro\/wp-content\/uploads\/2025\/05\/dir-oms-696x464.jpg 696w, https:\/\/covasna45.ro\/wp-content\/uploads\/2025\/05\/dir-oms-1068x712.jpg 1068w, https:\/\/covasna45.ro\/wp-content\/uploads\/2025\/05\/dir-oms.jpg 1200w\" sizes=\"auto, (max-width: 1024px) 100vw, 1024px\" \/><\/figure>\n\n\n\n<p>Dup\u0103 trei ani de negocieri, acest tratat obligatoriu din punct de vedere juridic a fost adoptat de Adunarea Mondial\u0103 a S\u0103n\u0103t\u0103\u021bii la Geneva \u00een aplauzele reprezentan\u021bilor \u021b\u0103rilor membre OMS.<br><br><strong>Adunarea Mondial\u0103 a S\u0103n\u0103t\u0103\u021bii este organismul decizional suprem al OMS.<\/strong><br><br>Acest tratat a fost adoptat \u00een prealabil, ieri, \u00een comisie de c\u0103tre Adunarea Mondial\u0103 a S\u0103n\u0103t\u0103\u021bii, printr-un vot desf\u0103\u0219urat prin ridicarea m\u00e2inii la solicitarea Slovaciei, cu 124 de voturi pentru, niciun vot \u00eempotriv\u0103 \u0219i 11 ab\u021bineri. Printre \u021b\u0103rile care s-au ab\u021binut se num\u0103r\u0103 Iran, Israel, Rusia, Italia, Slovacia \u0219i Polonia.<\/p>\n\n\n\n<p>Acordul abordeaz\u0103 inechit\u0103\u0163ile structurale cu privire la modul \u00een care sunt dezvoltate medicamentele sau vaccinurile \u015fi instrumentele de s\u0103n\u0103tate.<\/p>\n\n\n\n<figure class=\"wp-block-image size-large\"><img loading=\"lazy\" decoding=\"async\" width=\"1024\" height=\"683\" src=\"https:\/\/covasna45.ro\/wp-content\/uploads\/2025\/05\/acord-1024x683.jpg\" alt=\"\" class=\"wp-image-11160\" srcset=\"https:\/\/covasna45.ro\/wp-content\/uploads\/2025\/05\/acord-1024x683.jpg 1024w, https:\/\/covasna45.ro\/wp-content\/uploads\/2025\/05\/acord-300x200.jpg 300w, https:\/\/covasna45.ro\/wp-content\/uploads\/2025\/05\/acord-768x512.jpg 768w, https:\/\/covasna45.ro\/wp-content\/uploads\/2025\/05\/acord-150x100.jpg 150w, https:\/\/covasna45.ro\/wp-content\/uploads\/2025\/05\/acord-696x464.jpg 696w, https:\/\/covasna45.ro\/wp-content\/uploads\/2025\/05\/acord-1068x712.jpg 1068w, https:\/\/covasna45.ro\/wp-content\/uploads\/2025\/05\/acord.jpg 1200w\" sizes=\"auto, (max-width: 1024px) 100vw, 1024px\" \/><\/figure>\n\n\n\n<p>Cu toate acestea, nu va intra oficial \u00een vigoare p\u00e2n\u0103 c\u00e2nd nu se va negocia o anex\u0103 privind partajarea informa\u0163iilor despre agen\u0163ii patogeni, care ar putea dura p\u00e2n\u0103 la doi ani, dup\u0103 care statele vor trebui s\u0103 ratifice acordul.<\/p>\n\n\n\n<p>Dezvoltat ca r\u0103spuns la \u201elec\u0163iile\u201d \u00eenv\u0103\u0163ate din pandemia COVID-19, acordul \u00ee\u015fi propune s\u0103 previn\u0103 haosul observat la scar\u0103 global\u0103 \u015fi s\u0103 asigure o mai bun\u0103 distribu\u0163ie a vaccinurilor \u00een cazul unor crize de s\u0103n\u0103tate viitoare.<\/p>\n\n\n\n<p>Unele detalii controversate r\u0103m\u00e2n nerezolvate \u015fi urmeaz\u0103 s\u0103 fie negociate \u00een mod separat de-a lungul anului viitor, \u00een cadrul unei anexe la tratat. Printre acestea se num\u0103r\u0103, spre exemplu, modul \u00een care produc\u0103torii de vaccinuri ob\u0163in patogenii cu poten\u0163ial pandemic \u015fi ce primesc \u00een schimb \u0163\u0103rile care pun la dispozi\u0163ie ace\u015fti patogeni.<\/p>\n\n\n\n<h2 class=\"wp-block-heading\">La adunarea OMS particip\u0103 delega\u0163i din cele 194 de state membre \u015fi este principalul organism de decizie al OMS.<\/h2>\n\n\n\n<figure class=\"wp-block-image size-large\"><img loading=\"lazy\" decoding=\"async\" width=\"1024\" height=\"683\" src=\"https:\/\/covasna45.ro\/wp-content\/uploads\/2025\/05\/pande-1024x683.jpg\" alt=\"\" class=\"wp-image-11159\" srcset=\"https:\/\/covasna45.ro\/wp-content\/uploads\/2025\/05\/pande-1024x683.jpg 1024w, https:\/\/covasna45.ro\/wp-content\/uploads\/2025\/05\/pande-300x200.jpg 300w, https:\/\/covasna45.ro\/wp-content\/uploads\/2025\/05\/pande-768x512.jpg 768w, https:\/\/covasna45.ro\/wp-content\/uploads\/2025\/05\/pande-150x100.jpg 150w, https:\/\/covasna45.ro\/wp-content\/uploads\/2025\/05\/pande-696x464.jpg 696w, https:\/\/covasna45.ro\/wp-content\/uploads\/2025\/05\/pande-1068x712.jpg 1068w, https:\/\/covasna45.ro\/wp-content\/uploads\/2025\/05\/pande.jpg 1200w\" sizes=\"auto, (max-width: 1024px) 100vw, 1024px\" \/><\/figure>\n\n\n\n<p>Acordul pune accent pe ideea de \u201eOne Health\u201d \u2013 o singur\u0103 s\u0103n\u0103tate, care stabile\u0219te conexiuni \u00eentre s\u0103n\u0103tatea oamenilor, a animalelor \u0219i a planetei.<\/p>\n\n\n\n<h2 class=\"wp-block-heading\">Care sunt principalele stimulente \u0219i beneficii?<\/h2>\n\n\n\n<p><a href=\"https:\/\/www.consilium.europa.eu\/ro\/policies\/coronavirus-pandemic\/pandemic-treaty\/\">Consiliul European<\/a> enumer\u0103 c\u00e2teva. Unul dintre ele &#8211; \u00cembun\u0103t\u0103\u021birea supravegherii riscurilor de pandemie.<\/p>\n\n\n\n<p>\u201e<strong><em>Monitorizarea riscurilor \u0219i, \u00een special, schimbul de cuno\u0219tin\u021be cu privire la noi boli infec\u021bioase care se r\u0103sp\u00e2ndesc de la animale la oameni sunt esen\u021biale pentru prevenirea viitoarelor pandemii<\/em><\/strong>.<\/p>\n\n\n\n<p>Acestea pot fi realizate prin:<\/p>\n\n\n\n<ul class=\"wp-block-list\">\n<li>sporirea capacit\u0103\u021bii laboratoarelor \u0219i a capacit\u0103\u021bii de supraveghere necesare pentru identificarea bolilor animalelor \u00een toate \u021b\u0103rile<\/li>\n\n\n\n<li>intensificarea colabor\u0103rii dintre centrele de cercetare la nivel mondial<\/li>\n\n\n\n<li>o mai bun\u0103 coordonare a finan\u021b\u0103rii interna\u021bionale pentru capacit\u0103\u021bile de baz\u0103\u201d.<\/li>\n<\/ul>\n\n\n\n<p>Un alt exemplu se refer\u0103 la <strong>cercetare \u0219i inovare<\/strong><\/p>\n\n\n\n<p>\u201ePandemia de COVID-19 a demonstrat c\u00e2t de important este ca comunitatea \u0219tiin\u021bific\u0103 s\u0103 se mobilizeze rapid \u0219i ca sectorul industrial s\u0103 \u00ee\u0219i poat\u0103 spori rapid capacitatea de produc\u021bie.<\/p>\n\n\n\n<p><strong><em>O abordare coordonat\u0103 la nivel mondial \u00een ceea ce prive\u0219te descoperirea, dezvoltarea \u0219i furnizarea de solu\u021bii medicale sigure \u0219i eficace, cum ar fi vaccinurile, medicamentele, metodele de diagnosticare \u0219i echipamentele de protec\u021bie, ar fi benefic\u0103 pentru securitatea sanitar\u0103 colectiv\u0103.<\/em><\/strong><\/p>\n\n\n\n<p>Partajarea agen\u021bilor patogeni, a probelor biologice \u0219i a datelor genomice, precum \u0219i dezvoltarea unor solu\u021bii medicale \u00een timp util (vaccinuri, tratamente \u0219i metode de diagnosticare) sunt vitale pentru a spori gradul de preg\u0103tire \u00een caz de pandemie la nivel mondial.<\/p>\n\n\n\n<p>De asemenea, <strong>\u00eembun\u0103t\u0103\u021birea mecanismelor de r\u0103spuns<\/strong> este un alt beneficiu.<\/p>\n\n\n\n<p>\u201eInegalit\u0103\u021bile \u00een ceea ce prive\u0219te accesul la vaccinuri, medicamente \u0219i metode de diagnosticare amenin\u021b\u0103 s\u0103 prelungeasc\u0103 pandemiile \u0219i s\u0103 agraveze bilan\u021bul at\u00e2t \u00een ceea ce prive\u0219te pierderile de vie\u021bi \u0219i s\u0103n\u0103tatea oamenilor, c\u00e2t \u0219i pentru societ\u0103\u021bile \u0219i economiile noastre.<\/p>\n\n\n\n<p>Acordul ar valorifica \u00eenv\u0103\u021b\u0103mintele desprinse pe baza experien\u021bei privind acceleratorul accesului la instrumentele de combatere a COVID-19 (ACT-A), COVAX \u0219i alte instrumente colective dezvoltate de la \u00eenceputul pandemiei de COVID-19, pentru a r\u0103spunde mai echitabil nevoilor la nivel mondial \u00een cazul unor viitoare pandemii\u201d.<\/p>\n\n\n\n<p><em>Foto: <a href=\"https:\/\/multimedia.who.int\/Package\/2AOJ8Z04JS9Q\">OMS<\/a><\/em><\/p>\n","protected":false},"excerpt":{"rendered":"<p>Statele membre ale Organiza\u021biei Mondiale a S\u0103n\u0103t\u0103\u021bii (OMS) au adoptat azi un acord cu privire la modul de preg\u0103tire pentru viitoarele pandemii dup\u0103 cea de COVID-19 produs\u0103 \u00eentre anii 2020 \u0219i 2022, transmite OMS. \u201eLumea este mai sigur\u0103 ast\u0103zi datorit\u0103 conducerii, colabor\u0103rii \u0219i angajamentului statelor noastre membre de a adopta istoricul Acord Pandemic al OMS\u201d, [&hellip;]<\/p>\n","protected":false},"author":1,"featured_media":11157,"comment_status":"open","ping_status":"closed","sticky":false,"template":"","format":"standard","meta":{"tdm_status":"","tdm_grid_status":"","footnotes":""},"categories":[10],"tags":[1940,3328,592,3609],"class_list":{"0":"post-11156","1":"post","2":"type-post","3":"status-publish","4":"format-standard","5":"has-post-thumbnail","7":"category-lumea-larga","8":"tag-covid-19-2","9":"tag-oms","10":"tag-pandemie","11":"tag-tratat"},"yoast_head":"<!-- This site is optimized with the Yoast SEO plugin v27.5 - https:\/\/yoast.com\/product\/yoast-seo-wordpress\/ -->\n<title>\u201eTratatul pandemic\u201d, adoptat de Adunarea Mondial\u0103 a S\u0103n\u0103t\u0103\u021bii - Covasna45<\/title>\n<meta name=\"description\" content=\"Unele detalii controversate r\u0103m\u00e2n nerezolvate \u015fi urmeaz\u0103 s\u0103 fie negociate \u00een mod separat de-a lungul anului viitor.\" \/>\n<meta name=\"robots\" content=\"index, follow, max-snippet:-1, max-image-preview:large, max-video-preview:-1\" \/>\n<link rel=\"canonical\" href=\"https:\/\/covasna45.ro\/index.php\/lumea-larga\/tratatul-pandemic-adoptat-de-adunarea-mondiala-a-sanatatii\/\" \/>\n<meta property=\"og:locale\" content=\"ro_RO\" \/>\n<meta property=\"og:type\" content=\"article\" \/>\n<meta property=\"og:title\" content=\"\u201eTratatul pandemic\u201d, adoptat de Adunarea Mondial\u0103 a S\u0103n\u0103t\u0103\u021bii - Covasna45\" \/>\n<meta property=\"og:description\" content=\"Unele detalii controversate r\u0103m\u00e2n nerezolvate \u015fi urmeaz\u0103 s\u0103 fie negociate \u00een mod separat de-a lungul anului viitor.\" \/>\n<meta property=\"og:url\" content=\"https:\/\/covasna45.ro\/index.php\/lumea-larga\/tratatul-pandemic-adoptat-de-adunarea-mondiala-a-sanatatii\/\" \/>\n<meta property=\"og:site_name\" content=\"Covasna45\" \/>\n<meta property=\"article:published_time\" content=\"2025-05-20T09:34:10+00:00\" \/>\n<meta property=\"article:modified_time\" content=\"2025-05-20T09:36:57+00:00\" \/>\n<meta property=\"og:image\" content=\"https:\/\/covasna45.ro\/wp-content\/uploads\/2025\/05\/vot-pand.jpg\" \/>\n\t<meta property=\"og:image:width\" content=\"1200\" \/>\n\t<meta property=\"og:image:height\" content=\"800\" \/>\n\t<meta property=\"og:image:type\" content=\"image\/jpeg\" \/>\n<meta name=\"author\" content=\"Covasna45\" \/>\n<meta name=\"twitter:card\" content=\"summary_large_image\" \/>\n<meta name=\"twitter:label1\" content=\"Scris de\" \/>\n\t<meta name=\"twitter:data1\" content=\"Covasna45\" \/>\n\t<meta name=\"twitter:label2\" content=\"Timp estimat pentru citire\" \/>\n\t<meta name=\"twitter:data2\" content=\"5 minute\" \/>\n<script type=\"application\/ld+json\" class=\"yoast-schema-graph\">{\"@context\":\"https:\\\/\\\/schema.org\",\"@graph\":[{\"@type\":\"Article\",\"@id\":\"https:\\\/\\\/covasna45.ro\\\/index.php\\\/lumea-larga\\\/tratatul-pandemic-adoptat-de-adunarea-mondiala-a-sanatatii\\\/#article\",\"isPartOf\":{\"@id\":\"https:\\\/\\\/covasna45.ro\\\/index.php\\\/lumea-larga\\\/tratatul-pandemic-adoptat-de-adunarea-mondiala-a-sanatatii\\\/\"},\"author\":{\"name\":\"Covasna45\",\"@id\":\"https:\\\/\\\/covasna45.ro\\\/#\\\/schema\\\/person\\\/e674052bd7d95d70bbb007a1060ab73c\"},\"headline\":\"\u201eTratatul pandemic\u201d, adoptat de Adunarea Mondial\u0103 a S\u0103n\u0103t\u0103\u021bii\",\"datePublished\":\"2025-05-20T09:34:10+00:00\",\"dateModified\":\"2025-05-20T09:36:57+00:00\",\"mainEntityOfPage\":{\"@id\":\"https:\\\/\\\/covasna45.ro\\\/index.php\\\/lumea-larga\\\/tratatul-pandemic-adoptat-de-adunarea-mondiala-a-sanatatii\\\/\"},\"wordCount\":807,\"commentCount\":0,\"publisher\":{\"@id\":\"https:\\\/\\\/covasna45.ro\\\/#organization\"},\"image\":{\"@id\":\"https:\\\/\\\/covasna45.ro\\\/index.php\\\/lumea-larga\\\/tratatul-pandemic-adoptat-de-adunarea-mondiala-a-sanatatii\\\/#primaryimage\"},\"thumbnailUrl\":\"https:\\\/\\\/covasna45.ro\\\/wp-content\\\/uploads\\\/2025\\\/05\\\/vot-pand.jpg\",\"keywords\":[\"covid 19\",\"OMS\",\"Pandemie\",\"tratat\"],\"articleSection\":[\"Lumea larg\u0103\"],\"inLanguage\":\"ro-RO\",\"potentialAction\":[{\"@type\":\"CommentAction\",\"name\":\"Comment\",\"target\":[\"https:\\\/\\\/covasna45.ro\\\/index.php\\\/lumea-larga\\\/tratatul-pandemic-adoptat-de-adunarea-mondiala-a-sanatatii\\\/#respond\"]}]},{\"@type\":\"WebPage\",\"@id\":\"https:\\\/\\\/covasna45.ro\\\/index.php\\\/lumea-larga\\\/tratatul-pandemic-adoptat-de-adunarea-mondiala-a-sanatatii\\\/\",\"url\":\"https:\\\/\\\/covasna45.ro\\\/index.php\\\/lumea-larga\\\/tratatul-pandemic-adoptat-de-adunarea-mondiala-a-sanatatii\\\/\",\"name\":\"\u201eTratatul pandemic\u201d, adoptat de Adunarea Mondial\u0103 a S\u0103n\u0103t\u0103\u021bii - Covasna45\",\"isPartOf\":{\"@id\":\"https:\\\/\\\/covasna45.ro\\\/#website\"},\"primaryImageOfPage\":{\"@id\":\"https:\\\/\\\/covasna45.ro\\\/index.php\\\/lumea-larga\\\/tratatul-pandemic-adoptat-de-adunarea-mondiala-a-sanatatii\\\/#primaryimage\"},\"image\":{\"@id\":\"https:\\\/\\\/covasna45.ro\\\/index.php\\\/lumea-larga\\\/tratatul-pandemic-adoptat-de-adunarea-mondiala-a-sanatatii\\\/#primaryimage\"},\"thumbnailUrl\":\"https:\\\/\\\/covasna45.ro\\\/wp-content\\\/uploads\\\/2025\\\/05\\\/vot-pand.jpg\",\"datePublished\":\"2025-05-20T09:34:10+00:00\",\"dateModified\":\"2025-05-20T09:36:57+00:00\",\"description\":\"Unele detalii controversate r\u0103m\u00e2n nerezolvate \u015fi urmeaz\u0103 s\u0103 fie negociate \u00een mod separat de-a lungul anului viitor.\",\"breadcrumb\":{\"@id\":\"https:\\\/\\\/covasna45.ro\\\/index.php\\\/lumea-larga\\\/tratatul-pandemic-adoptat-de-adunarea-mondiala-a-sanatatii\\\/#breadcrumb\"},\"inLanguage\":\"ro-RO\",\"potentialAction\":[{\"@type\":\"ReadAction\",\"target\":[\"https:\\\/\\\/covasna45.ro\\\/index.php\\\/lumea-larga\\\/tratatul-pandemic-adoptat-de-adunarea-mondiala-a-sanatatii\\\/\"]}]},{\"@type\":\"ImageObject\",\"inLanguage\":\"ro-RO\",\"@id\":\"https:\\\/\\\/covasna45.ro\\\/index.php\\\/lumea-larga\\\/tratatul-pandemic-adoptat-de-adunarea-mondiala-a-sanatatii\\\/#primaryimage\",\"url\":\"https:\\\/\\\/covasna45.ro\\\/wp-content\\\/uploads\\\/2025\\\/05\\\/vot-pand.jpg\",\"contentUrl\":\"https:\\\/\\\/covasna45.ro\\\/wp-content\\\/uploads\\\/2025\\\/05\\\/vot-pand.jpg\",\"width\":1200,\"height\":800},{\"@type\":\"BreadcrumbList\",\"@id\":\"https:\\\/\\\/covasna45.ro\\\/index.php\\\/lumea-larga\\\/tratatul-pandemic-adoptat-de-adunarea-mondiala-a-sanatatii\\\/#breadcrumb\",\"itemListElement\":[{\"@type\":\"ListItem\",\"position\":1,\"name\":\"Prima pagin\u0103\",\"item\":\"https:\\\/\\\/covasna45.ro\\\/\"},{\"@type\":\"ListItem\",\"position\":2,\"name\":\"\u201eTratatul pandemic\u201d, adoptat de Adunarea Mondial\u0103 a S\u0103n\u0103t\u0103\u021bii\"}]},{\"@type\":\"WebSite\",\"@id\":\"https:\\\/\\\/covasna45.ro\\\/#website\",\"url\":\"https:\\\/\\\/covasna45.ro\\\/\",\"name\":\"covasna45.ro\",\"description\":\"\",\"publisher\":{\"@id\":\"https:\\\/\\\/covasna45.ro\\\/#organization\"},\"potentialAction\":[{\"@type\":\"SearchAction\",\"target\":{\"@type\":\"EntryPoint\",\"urlTemplate\":\"https:\\\/\\\/covasna45.ro\\\/?s={search_term_string}\"},\"query-input\":{\"@type\":\"PropertyValueSpecification\",\"valueRequired\":true,\"valueName\":\"search_term_string\"}}],\"inLanguage\":\"ro-RO\"},{\"@type\":\"Organization\",\"@id\":\"https:\\\/\\\/covasna45.ro\\\/#organization\",\"name\":\"covasna45.ro\",\"url\":\"https:\\\/\\\/covasna45.ro\\\/\",\"logo\":{\"@type\":\"ImageObject\",\"inLanguage\":\"ro-RO\",\"@id\":\"https:\\\/\\\/covasna45.ro\\\/#\\\/schema\\\/logo\\\/image\\\/\",\"url\":\"https:\\\/\\\/covasna45.ro\\\/wp-content\\\/uploads\\\/2023\\\/01\\\/icon_logo.png\",\"contentUrl\":\"https:\\\/\\\/covasna45.ro\\\/wp-content\\\/uploads\\\/2023\\\/01\\\/icon_logo.png\",\"width\":1900,\"height\":1900,\"caption\":\"covasna45.ro\"},\"image\":{\"@id\":\"https:\\\/\\\/covasna45.ro\\\/#\\\/schema\\\/logo\\\/image\\\/\"}},{\"@type\":\"Person\",\"@id\":\"https:\\\/\\\/covasna45.ro\\\/#\\\/schema\\\/person\\\/e674052bd7d95d70bbb007a1060ab73c\",\"name\":\"Covasna45\",\"image\":{\"@type\":\"ImageObject\",\"inLanguage\":\"ro-RO\",\"@id\":\"https:\\\/\\\/covasna45.ro\\\/wp-content\\\/uploads\\\/2025\\\/10\\\/icon_logo_covasna45-150x150.png\",\"url\":\"https:\\\/\\\/covasna45.ro\\\/wp-content\\\/uploads\\\/2025\\\/10\\\/icon_logo_covasna45-150x150.png\",\"contentUrl\":\"https:\\\/\\\/covasna45.ro\\\/wp-content\\\/uploads\\\/2025\\\/10\\\/icon_logo_covasna45-150x150.png\",\"caption\":\"Covasna45\"},\"sameAs\":[\"https:\\\/\\\/covasna45.ro\"],\"url\":\"https:\\\/\\\/covasna45.ro\\\/index.php\\\/author\\\/covasna\\\/\"}]}<\/script>\n<!-- \/ Yoast SEO plugin. -->","yoast_head_json":{"title":"\u201eTratatul pandemic\u201d, adoptat de Adunarea Mondial\u0103 a S\u0103n\u0103t\u0103\u021bii - Covasna45","description":"Unele detalii controversate r\u0103m\u00e2n nerezolvate \u015fi urmeaz\u0103 s\u0103 fie negociate \u00een mod separat de-a lungul anului viitor.","robots":{"index":"index","follow":"follow","max-snippet":"max-snippet:-1","max-image-preview":"max-image-preview:large","max-video-preview":"max-video-preview:-1"},"canonical":"https:\/\/covasna45.ro\/index.php\/lumea-larga\/tratatul-pandemic-adoptat-de-adunarea-mondiala-a-sanatatii\/","og_locale":"ro_RO","og_type":"article","og_title":"\u201eTratatul pandemic\u201d, adoptat de Adunarea Mondial\u0103 a S\u0103n\u0103t\u0103\u021bii - Covasna45","og_description":"Unele detalii controversate r\u0103m\u00e2n nerezolvate \u015fi urmeaz\u0103 s\u0103 fie negociate \u00een mod separat de-a lungul anului viitor.","og_url":"https:\/\/covasna45.ro\/index.php\/lumea-larga\/tratatul-pandemic-adoptat-de-adunarea-mondiala-a-sanatatii\/","og_site_name":"Covasna45","article_published_time":"2025-05-20T09:34:10+00:00","article_modified_time":"2025-05-20T09:36:57+00:00","og_image":[{"width":1200,"height":800,"url":"https:\/\/covasna45.ro\/wp-content\/uploads\/2025\/05\/vot-pand.jpg","type":"image\/jpeg"}],"author":"Covasna45","twitter_card":"summary_large_image","twitter_misc":{"Scris de":"Covasna45","Timp estimat pentru citire":"5 minute"},"schema":{"@context":"https:\/\/schema.org","@graph":[{"@type":"Article","@id":"https:\/\/covasna45.ro\/index.php\/lumea-larga\/tratatul-pandemic-adoptat-de-adunarea-mondiala-a-sanatatii\/#article","isPartOf":{"@id":"https:\/\/covasna45.ro\/index.php\/lumea-larga\/tratatul-pandemic-adoptat-de-adunarea-mondiala-a-sanatatii\/"},"author":{"name":"Covasna45","@id":"https:\/\/covasna45.ro\/#\/schema\/person\/e674052bd7d95d70bbb007a1060ab73c"},"headline":"\u201eTratatul pandemic\u201d, adoptat de Adunarea Mondial\u0103 a S\u0103n\u0103t\u0103\u021bii","datePublished":"2025-05-20T09:34:10+00:00","dateModified":"2025-05-20T09:36:57+00:00","mainEntityOfPage":{"@id":"https:\/\/covasna45.ro\/index.php\/lumea-larga\/tratatul-pandemic-adoptat-de-adunarea-mondiala-a-sanatatii\/"},"wordCount":807,"commentCount":0,"publisher":{"@id":"https:\/\/covasna45.ro\/#organization"},"image":{"@id":"https:\/\/covasna45.ro\/index.php\/lumea-larga\/tratatul-pandemic-adoptat-de-adunarea-mondiala-a-sanatatii\/#primaryimage"},"thumbnailUrl":"https:\/\/covasna45.ro\/wp-content\/uploads\/2025\/05\/vot-pand.jpg","keywords":["covid 19","OMS","Pandemie","tratat"],"articleSection":["Lumea larg\u0103"],"inLanguage":"ro-RO","potentialAction":[{"@type":"CommentAction","name":"Comment","target":["https:\/\/covasna45.ro\/index.php\/lumea-larga\/tratatul-pandemic-adoptat-de-adunarea-mondiala-a-sanatatii\/#respond"]}]},{"@type":"WebPage","@id":"https:\/\/covasna45.ro\/index.php\/lumea-larga\/tratatul-pandemic-adoptat-de-adunarea-mondiala-a-sanatatii\/","url":"https:\/\/covasna45.ro\/index.php\/lumea-larga\/tratatul-pandemic-adoptat-de-adunarea-mondiala-a-sanatatii\/","name":"\u201eTratatul pandemic\u201d, adoptat de Adunarea Mondial\u0103 a S\u0103n\u0103t\u0103\u021bii - Covasna45","isPartOf":{"@id":"https:\/\/covasna45.ro\/#website"},"primaryImageOfPage":{"@id":"https:\/\/covasna45.ro\/index.php\/lumea-larga\/tratatul-pandemic-adoptat-de-adunarea-mondiala-a-sanatatii\/#primaryimage"},"image":{"@id":"https:\/\/covasna45.ro\/index.php\/lumea-larga\/tratatul-pandemic-adoptat-de-adunarea-mondiala-a-sanatatii\/#primaryimage"},"thumbnailUrl":"https:\/\/covasna45.ro\/wp-content\/uploads\/2025\/05\/vot-pand.jpg","datePublished":"2025-05-20T09:34:10+00:00","dateModified":"2025-05-20T09:36:57+00:00","description":"Unele detalii controversate r\u0103m\u00e2n nerezolvate \u015fi urmeaz\u0103 s\u0103 fie negociate \u00een mod separat de-a lungul anului viitor.","breadcrumb":{"@id":"https:\/\/covasna45.ro\/index.php\/lumea-larga\/tratatul-pandemic-adoptat-de-adunarea-mondiala-a-sanatatii\/#breadcrumb"},"inLanguage":"ro-RO","potentialAction":[{"@type":"ReadAction","target":["https:\/\/covasna45.ro\/index.php\/lumea-larga\/tratatul-pandemic-adoptat-de-adunarea-mondiala-a-sanatatii\/"]}]},{"@type":"ImageObject","inLanguage":"ro-RO","@id":"https:\/\/covasna45.ro\/index.php\/lumea-larga\/tratatul-pandemic-adoptat-de-adunarea-mondiala-a-sanatatii\/#primaryimage","url":"https:\/\/covasna45.ro\/wp-content\/uploads\/2025\/05\/vot-pand.jpg","contentUrl":"https:\/\/covasna45.ro\/wp-content\/uploads\/2025\/05\/vot-pand.jpg","width":1200,"height":800},{"@type":"BreadcrumbList","@id":"https:\/\/covasna45.ro\/index.php\/lumea-larga\/tratatul-pandemic-adoptat-de-adunarea-mondiala-a-sanatatii\/#breadcrumb","itemListElement":[{"@type":"ListItem","position":1,"name":"Prima pagin\u0103","item":"https:\/\/covasna45.ro\/"},{"@type":"ListItem","position":2,"name":"\u201eTratatul pandemic\u201d, adoptat de Adunarea Mondial\u0103 a S\u0103n\u0103t\u0103\u021bii"}]},{"@type":"WebSite","@id":"https:\/\/covasna45.ro\/#website","url":"https:\/\/covasna45.ro\/","name":"covasna45.ro","description":"","publisher":{"@id":"https:\/\/covasna45.ro\/#organization"},"potentialAction":[{"@type":"SearchAction","target":{"@type":"EntryPoint","urlTemplate":"https:\/\/covasna45.ro\/?s={search_term_string}"},"query-input":{"@type":"PropertyValueSpecification","valueRequired":true,"valueName":"search_term_string"}}],"inLanguage":"ro-RO"},{"@type":"Organization","@id":"https:\/\/covasna45.ro\/#organization","name":"covasna45.ro","url":"https:\/\/covasna45.ro\/","logo":{"@type":"ImageObject","inLanguage":"ro-RO","@id":"https:\/\/covasna45.ro\/#\/schema\/logo\/image\/","url":"https:\/\/covasna45.ro\/wp-content\/uploads\/2023\/01\/icon_logo.png","contentUrl":"https:\/\/covasna45.ro\/wp-content\/uploads\/2023\/01\/icon_logo.png","width":1900,"height":1900,"caption":"covasna45.ro"},"image":{"@id":"https:\/\/covasna45.ro\/#\/schema\/logo\/image\/"}},{"@type":"Person","@id":"https:\/\/covasna45.ro\/#\/schema\/person\/e674052bd7d95d70bbb007a1060ab73c","name":"Covasna45","image":{"@type":"ImageObject","inLanguage":"ro-RO","@id":"https:\/\/covasna45.ro\/wp-content\/uploads\/2025\/10\/icon_logo_covasna45-150x150.png","url":"https:\/\/covasna45.ro\/wp-content\/uploads\/2025\/10\/icon_logo_covasna45-150x150.png","contentUrl":"https:\/\/covasna45.ro\/wp-content\/uploads\/2025\/10\/icon_logo_covasna45-150x150.png","caption":"Covasna45"},"sameAs":["https:\/\/covasna45.ro"],"url":"https:\/\/covasna45.ro\/index.php\/author\/covasna\/"}]}},"_links":{"self":[{"href":"https:\/\/covasna45.ro\/index.php\/wp-json\/wp\/v2\/posts\/11156","targetHints":{"allow":["GET"]}}],"collection":[{"href":"https:\/\/covasna45.ro\/index.php\/wp-json\/wp\/v2\/posts"}],"about":[{"href":"https:\/\/covasna45.ro\/index.php\/wp-json\/wp\/v2\/types\/post"}],"author":[{"embeddable":true,"href":"https:\/\/covasna45.ro\/index.php\/wp-json\/wp\/v2\/users\/1"}],"replies":[{"embeddable":true,"href":"https:\/\/covasna45.ro\/index.php\/wp-json\/wp\/v2\/comments?post=11156"}],"version-history":[{"count":2,"href":"https:\/\/covasna45.ro\/index.php\/wp-json\/wp\/v2\/posts\/11156\/revisions"}],"predecessor-version":[{"id":11163,"href":"https:\/\/covasna45.ro\/index.php\/wp-json\/wp\/v2\/posts\/11156\/revisions\/11163"}],"wp:featuredmedia":[{"embeddable":true,"href":"https:\/\/covasna45.ro\/index.php\/wp-json\/wp\/v2\/media\/11157"}],"wp:attachment":[{"href":"https:\/\/covasna45.ro\/index.php\/wp-json\/wp\/v2\/media?parent=11156"}],"wp:term":[{"taxonomy":"category","embeddable":true,"href":"https:\/\/covasna45.ro\/index.php\/wp-json\/wp\/v2\/categories?post=11156"},{"taxonomy":"post_tag","embeddable":true,"href":"https:\/\/covasna45.ro\/index.php\/wp-json\/wp\/v2\/tags?post=11156"}],"curies":[{"name":"wp","href":"https:\/\/api.w.org\/{rel}","templated":true}]}}