{"id":11254,"date":"2025-05-27T08:33:38","date_gmt":"2025-05-27T06:33:38","guid":{"rendered":"https:\/\/covasna45.ro\/?p=11254"},"modified":"2025-05-27T08:33:38","modified_gmt":"2025-05-27T06:33:38","slug":"doua-premii-uniter-au-ajuns-la-sfantu-gheorghe","status":"publish","type":"post","link":"https:\/\/covasna45.ro\/index.php\/lumea-noastra\/doua-premii-uniter-au-ajuns-la-sfantu-gheorghe\/","title":{"rendered":"Dou\u0103 premii UNITER au ajuns la Sf\u00e2ntu Gheorghe"},"content":{"rendered":"\n<p>Cea de-a 33-a edi\u021bie a Galei Premiilor UNITER a avut loc ieri, \u00een Sala \u201eAmza Pellea\u201d a Teatrului Na\u021bional \u201eMarin Sorescu\u201d din Craiova. Festivalul D-butan-T \u2013 motor de c\u0103utare a arti\u0219tilor afla\u021bi la \u00eenceput de drum, organizat de Teatrul \u201eAndrei Mure\u0219anu\u201d Sf\u00e2ntu Gheorghe a primit Premiul Special al juriului. Iar Teatrul \u201eTam\u00e1si \u00c1ron\u201d a c\u00e2\u0219tigat Premiul pentru Cel mai bun lighting design pentru spectacolul \u201eFurtuna\u201d de William Shakespeare, regia Viktor Bod\u00f3.<\/p>\n\n\n\n<figure class=\"wp-block-image size-large\"><img loading=\"lazy\" decoding=\"async\" width=\"1024\" height=\"799\" src=\"https:\/\/covasna45.ro\/wp-content\/uploads\/2025\/05\/tamasi-light-uniter-1024x799.jpg\" alt=\"\" class=\"wp-image-11257\" srcset=\"https:\/\/covasna45.ro\/wp-content\/uploads\/2025\/05\/tamasi-light-uniter-1024x799.jpg 1024w, https:\/\/covasna45.ro\/wp-content\/uploads\/2025\/05\/tamasi-light-uniter-300x234.jpg 300w, https:\/\/covasna45.ro\/wp-content\/uploads\/2025\/05\/tamasi-light-uniter-768x599.jpg 768w, https:\/\/covasna45.ro\/wp-content\/uploads\/2025\/05\/tamasi-light-uniter-1536x1199.jpg 1536w, https:\/\/covasna45.ro\/wp-content\/uploads\/2025\/05\/tamasi-light-uniter-150x117.jpg 150w, https:\/\/covasna45.ro\/wp-content\/uploads\/2025\/05\/tamasi-light-uniter-696x543.jpg 696w, https:\/\/covasna45.ro\/wp-content\/uploads\/2025\/05\/tamasi-light-uniter-1068x833.jpg 1068w, https:\/\/covasna45.ro\/wp-content\/uploads\/2025\/05\/tamasi-light-uniter-1920x1498.jpg 1920w, https:\/\/covasna45.ro\/wp-content\/uploads\/2025\/05\/tamasi-light-uniter.jpg 2048w\" sizes=\"auto, (max-width: 1024px) 100vw, 1024px\" \/><\/figure>\n\n\n\n<p>Premiul de Excelen\u021b\u0103 \u201eIon Caramitru\u201d a fost acordat Festivalului Interna\u021bional de Artele Spectacolului ATELIER, Baia Mare \u2013 30 de edi\u021bii \u00een 2024, cunoscut publicului din jude\u021bul Covasna: el a func\u021bionat ani buni la Teatrul \u201eAndrei Mure\u0219anu\u201d din Sf\u00e2ntu Gheorghe, pe vremea c\u00e2nd dramaturgul Radu Macrinici era director artistic al teatrului.<\/p>\n\n\n\n<p>Managerul TAM, Anna Maria Popa, a primit premiul pentru Festivalul D-butan-T \u0219i a \u021binut un scurt discurs \u00een care a mul\u021bumit echipei \u2013 actori \u0219i staff tehnic, dar \u0219i Prim\u0103riei \u0219i Consiliului Local Sf\u00e2ntu Gheorghe, cei care finan\u021beaz\u0103 Teatrul \u201eAndrei Mure\u0219anu\u201d.<\/p>\n\n\n\n<figure class=\"wp-block-image size-full\"><img loading=\"lazy\" decoding=\"async\" width=\"960\" height=\"731\" src=\"https:\/\/covasna45.ro\/wp-content\/uploads\/2025\/05\/premiu.jpg\" alt=\"\" class=\"wp-image-11255\" srcset=\"https:\/\/covasna45.ro\/wp-content\/uploads\/2025\/05\/premiu.jpg 960w, https:\/\/covasna45.ro\/wp-content\/uploads\/2025\/05\/premiu-300x228.jpg 300w, https:\/\/covasna45.ro\/wp-content\/uploads\/2025\/05\/premiu-768x585.jpg 768w, https:\/\/covasna45.ro\/wp-content\/uploads\/2025\/05\/premiu-150x114.jpg 150w, https:\/\/covasna45.ro\/wp-content\/uploads\/2025\/05\/premiu-696x530.jpg 696w\" sizes=\"auto, (max-width: 960px) 100vw, 960px\" \/><\/figure>\n\n\n\n<p>16 categorii de premii cu nominaliz\u0103ri, 5 premii de \u00eentreaga activitate, 1 premiu de excelen\u021b\u0103, 5 premii speciale, Premiul pre\u0219edintelui \u0219i Premiul British Council au format palmaresul Galei Premiilor UNITER 2025.\u00a0<\/p>\n\n\n\n<h2 class=\"wp-block-heading\">Distinc\u021biile acordate&nbsp;\u00een Gala Premiilor UNITER 2025:<\/h2>\n\n\n\n<p><strong>Premiul pentru Cel mai bun spectacol\u00a0<\/strong>a fost c\u00e2\u0219tigat de \u201eRichard al III-lea\u201d de William Shakespeare, adaptare dup\u0103 Vecsei H. Mikl\u00f3s, regia Istv\u00e1n Albu, decorul \u0219i costumele Erika M\u00e1rton, Teatrul de Nord Satu Mare \u2013 Trupa \u201eHarag Gy\u00f6rgy\u201d.<\/p>\n\n\n\n<p><strong>Premiul pentru Cea mai bun\u0103 regie<\/strong> (Premiul \u201eLucian Pintilie\u201d)\u00a0a fost c\u00e2\u0219tigat de Istv\u00e1n Albu pentru regia spectacolului \u201eRichard al III-lea\u201d de William Shakespeare, adaptare dup\u0103 Vecsei H. Mikl\u00f3s, decorul \u0219i costumele Erika M\u00e1rton, Teatrul de Nord Satu Mare \u2013 Trupa \u201eHarag Gy\u00f6rgy\u201d.<\/p>\n\n\n\n<p><strong>Premiul pentru Cea mai bun\u0103 coregrafie \/ mi\u0219care scenic\u0103<\/strong>\u00a0a fost c\u00e2\u0219tigat de George Pop pentru mi\u015fcarea scenic\u0103 din spectacolul \u201e\u015eantier\u201d, regia \u0219i dramaturgia Victor Ol\u0103hu\u021b, scenografia Mihai V\u0103lu,Teatrul Municipal Baia Mare.<\/p>\n\n\n\n<p><strong>Premiul pentru \u00eentreaga activitate regie<\/strong>:\u00a0Niky Wolcz.<\/p>\n\n\n\n<p><strong>Premiul British Council<\/strong> (premiu g\u0103zduit):\u00a0Platforma de Teatru Politic \u2013 David Schwartz \u0219i Katia Pascariu.<\/p>\n\n\n\n<p><strong>Premiul pentru Cea mai bun\u0103 muzic\u0103 original\u0103 \u0219i sound design<\/strong>\u00a0a fost c\u00e2\u0219tigat de Eduard Gabia \u015fi C\u0103lin \u0162opa pentru muzica spectacolului \u201e7 minute dup\u0103 miezul nop\u0163ii\u201d (A Monster Calls), dup\u0103 romanul \u201eA Monster Calls\u201d de Patrick Ness dup\u0103 o idee original\u0103 de Siobhan Dowd, dramatizarea Mihaela Michailov, regia Bobi Pricop, scenografia Clara Pop, Teatrul Excelsior Bucure\u015fti.<\/p>\n\n\n\n<p><strong>Premiul Pre\u0219edintelui UNITER<\/strong>\u00a0\u2013 Emil Boroghin\u0103 \u0219i Vlad Dr\u0103gulescu pentru Festivalul Shakespeare de la Craiova.<\/p>\n\n\n\n<p><strong>Premiul pentru Cel mai bun text dramatic rom\u00e2nesc montat \u00een premier\u0103 absolut\u0103<\/strong>\u00a0a fost c\u00e2\u0219tigat de \u201eC\u00e2ntece de speriat frica\u201d, spectacol-concert de Ada Milea, dup\u0103 idei din texte de Herta M\u00fcller, scenografia Alexandra Mure\u0219an, Teatrul Na\u0163ional \u201eLucian Blaga\u201d Cluj-Napoca.<\/p>\n\n\n\n<p><strong>Premiul pentru Cel mai bun actor \u00een rol principal<\/strong>\u00a0a fost c\u00e2\u0219tigat de Vlad Udrescu pentru rolul titular din spectacolul \u201eHamlet\u201d de William Shakespeare, regia artistic\u0103 \u0219i adaptarea scenic\u0103 Declan Donnellan, scenografia Nick Ormerod, Teatrul Na\u0163ional \u201eMarin Sorescu\u201d Craiova.<\/p>\n\n\n\n<p><strong>Premiul pentru Cea mai bun\u0103 scenografie<\/strong>\u00a0a fost c\u00e2\u0219tigat de Oana Micu pentru scenografia spectacolului \u201eLec\u0163ia\u201d de Eug\u00e8ne Ionesco, regia Bobi Pricop, Teatrul Na\u0163ional \u201eMarin Sorescu\u201d Craiova.<\/p>\n\n\n\n<p><strong>Premiul pentru \u00eentreaga activitate scenografie<\/strong>:\u00a0Hora\u021biu Mihaiu.<\/p>\n\n\n\n<p><strong>Premiul pentru Cea mai bun\u0103 actri\u0163\u0103 \u00een rol principal<\/strong>\u00a0a fost c\u00e2\u0219tigat de Oana Mogo\u015f pentru rolul Valeria (mamaia, fiica lui Grigore) din spectacolul \u201eRegina nop\u0163ii\u201d, textul \u0219i regia Leta Popescu, scenografia Bogdan Sp\u0103taru, Teatrul Dramatic \u201eFani Tardini\u201d Gala\u0163i.<\/p>\n\n\n\n<p><strong>Premii speciale<\/strong>\u00a0\u2013 Festivalul D-butan-T \u2013 motor de c\u0103utare a arti\u0219tilor afla\u021bi la \u00eenceput de drum, organizat de Teatrul \u201eAndrei Mure\u0219anu\u201d Sf\u00e2ntu Gheorghe.<\/p>\n\n\n\n<p><strong>Premii speciale<\/strong>\u00a0\u2013 Bogdan Bude\u0219 (post mortem) \u2013 premiu special pentru noi traduceri de texte dramatice.<\/p>\n\n\n\n<p><strong>Premiul pentru Cel mai bun spectacol de teatru de anima\u021bie \/ teatru pentru copii\u00a0<\/strong>a fost c\u00e2\u0219tigat de \u201eMatilda\u201d de Roald Dahl, muzica \u0219i versurile Tim Minchin, textul Dennis Kelly, regia Emil Pantelimon, scenografia Vladimir Turturica, Opera Comic\u0103 pentru Copii Bucure\u015fti.<\/p>\n\n\n\n<p><strong>Premiul de Excelen\u021b\u0103 \u201eIon Caramitru\u201d<\/strong>:\u00a0Festivalul Interna\u021bional de Artele Spectacolului ATELIER, Baia Mare \u2013 30 de edi\u021bii \u00een 2024.<\/p>\n\n\n\n<p><strong>Premiul \u201eGeorge Banu\u201d pentru cel mai bun critic de teatru<\/strong>\u00a0a fost c\u00e2\u0219tigat de Oana Bor\u0219.<\/p>\n\n\n\n<p><strong>Premiul pentru \u00eentreaga activitate critic\u0103 \u0219i istorie teatral\u0103<\/strong>:\u00a0Carmen Mihalache.<\/p>\n\n\n\n<p><strong>Premiul pentru Cel mai bun lighting design<\/strong>\u00a0a fost c\u00e2\u0219tigat de S\u00e1ndor Baumgartner pentru lighting designul spectacolului \u201eFurtuna\u201d de William Shakespeare, regia Viktor Bod\u00f3, decorul Hanna Er\u0151s, costumele Bori Zatyk\u00f3, Teatrul \u201eTam\u00e1si \u00c1ron\u201d Sf\u00e2ntu Gheorghe.<\/p>\n\n\n\n<p><strong>Premii speciale\u00a0<\/strong>\u2013 Bienala de Scenografie Bucure\u0219ti \u2013 proiect reluat dup\u0103 32 de ani de Centrul Rom\u00e2n OISTAT.<\/p>\n\n\n\n<p><strong>Premiul pentru Cel mai bun video design<\/strong>\u00a0a fost c\u00e2\u0219tigat de Adrian Sitaru pentru regia film\u0103rilor din spectacolul \u201eNunta \u00eens\u00e2ngerat\u0103\u201d de Federico Garc\u00eda Lorca, regia Hunor Horv\u00e1th, scenografia El\u00f6d Golicza, costumele Zsofia Gabor, Teatrul Na\u0163ional \u201eRadu Stanca\u201d Sibiu \u2013 Sec\u0163ia germane. Pe scen\u0103 a urcat regizorul Hunor Horv\u00e1th.<\/p>\n\n\n\n<p><strong>Premiul pentru \u00eentreaga activitate actor<\/strong>:\u00a0Emil Co\u0219eru.<\/p>\n\n\n\n<p><strong>Premiul pentru Cel mai bun spectacol de teatru radiofonic<\/strong>\u00a0a fost c\u00e2\u0219tigat de Umami de Teodora Savu, regia Ilinca Stihi, captare sunet \u0219i sound design Andrei Pop, o produc\u021bie AUZIT.Teatru Radiofonic.<\/p>\n\n\n\n<p><strong>Premii speciale<\/strong>\u00a0\u2013 Moara Arti\u0219tilor \u2013 Centru cultural educativ, ini\u021biat \u0219i realizat de Asocia\u021bia Pro Teatru Zal\u0103u.<\/p>\n\n\n\n<p><strong>Premiul pentru Cea mai bun\u0103 actri\u0163\u0103 \u00een rol secundar<\/strong>\u00a0a fost c\u00e2\u0219tigat de Silvana Negru\u0163iu pentru rolurile Mama \u015fi Naratoare din spectacolul \u201eP\u0103rin\u0163i\u201d, dramatizare dup\u0103 romanul Dianei B\u0103dica, scenariul dramatic Diana B\u0103dica \u0219i Cristian Ban (cu contribu\u021bia actorilor), regia Cristian Ban, scenografia Andreea S\u0103ndulescu, Teatrul Metropolis Bucure\u015fti.<\/p>\n\n\n\n<p><strong>Premiul pentru Cel mai bun actor \u00een rol secundar<\/strong>\u00a0a fost c\u00e2\u0219tigat de \u015etefan Mihai pentru rolul Feste din spectacolul \u201eA dou\u0103sprezecea noapte\u201d de William Shakespeare, regia Andrei \u0218erban, scenografia Carmencita Brojboiu, Teatrul de Stat Constan\u0163a.<\/p>\n\n\n\n<p><strong>Premii speciale<\/strong>:\u00a0S\u0103pt\u0103m\u00e2na Purc\u0103rete \u2013 50 de ani de excelen\u021b\u0103 \u00een teatru, proiect produs de Teatrul Na\u021bional \u201eMarin Sorescu\u201d Craiova, ini\u021biat de Vlad Dr\u0103gulescu.<\/p>\n\n\n\n<p><strong>Premiul pentru \u00eentreaga activitate actri\u021b\u0103<\/strong>:\u00a0Rodica Negrea.<\/p>\n\n\n\n<p><strong>Premiul pentru Cel mai bun debut<\/strong>\u00a0a fost c\u00e2\u0219tigat de Alex Ian\u0103\u015fi pentru regia spectacolului \u201eElif \u015fi ploaia\u201d de Sami Ibrahim, scenografia Tinatin Gobejishvili, Teatrul \u201eRegina Maria\u201d Oradea.<\/p>\n\n\n\n<p>Gala Premiilor UNITER este cel mai important program de evaluare \u015fi valorizare \u00eentr-un cadru festiv a crea\u0163iei \u0219i fenomenului teatral rom\u00e2nesc contemporan.<\/p>\n\n\n\n<p>Componen\u021ba juriului care a decis premiile pentru cei mai buni arti\u0219ti \u0219i cele mai valoroase crea\u021bii teatrale ale anului 2024 a fost urm\u0103toarea: Olti\u021ba C\u00eentec (critic de teatru), Andrei M\u0103jeri (regizor), Ana Bianca Popescu (actri\u021b\u0103), Iuliana V\u00eelsan (scenograf\u0103) \u0219i Irina Wolf (critic de teatru).<\/p>\n\n\n\n<p>Sursa: <a href=\"https:\/\/www.uniter.ro\/\">uniter.ro<\/a><\/p>\n","protected":false},"excerpt":{"rendered":"<p>Cea de-a 33-a edi\u021bie a Galei Premiilor UNITER a avut loc ieri, \u00een Sala \u201eAmza Pellea\u201d a Teatrului Na\u021bional \u201eMarin Sorescu\u201d din Craiova. Festivalul D-butan-T \u2013 motor de c\u0103utare a arti\u0219tilor afla\u021bi la \u00eenceput de drum, organizat de Teatrul \u201eAndrei Mure\u0219anu\u201d Sf\u00e2ntu Gheorghe a primit Premiul Special al juriului. Iar Teatrul \u201eTam\u00e1si \u00c1ron\u201d a c\u00e2\u0219tigat [&hellip;]<\/p>\n","protected":false},"author":1,"featured_media":11258,"comment_status":"open","ping_status":"closed","sticky":false,"template":"","format":"standard","meta":{"tdm_status":"","tdm_grid_status":"","footnotes":""},"categories":[14],"tags":[3625,2313,1063,736],"class_list":{"0":"post-11254","1":"post","2":"type-post","3":"status-publish","4":"format-standard","5":"has-post-thumbnail","7":"category-lumea-noastra","8":"tag-d-butant","9":"tag-tamasi-aron","10":"tag-teatrul-andrei-muresanu-2","11":"tag-uniter"},"yoast_head":"<!-- This site is optimized with the Yoast SEO plugin v27.5 - https:\/\/yoast.com\/product\/yoast-seo-wordpress\/ -->\n<title>Dou\u0103 premii UNITER au ajuns la Sf\u00e2ntu Gheorghe - Covasna45<\/title>\n<meta name=\"description\" content=\"Cea de-a 33-a edi\u021bie a Galei Premiilor UNITER a avut loc ieri, \u00een Sala \u201eAmza Pellea\u201d a Teatrului Na\u021bional \u201eMarin Sorescu\u201d din Craiova.\" \/>\n<meta name=\"robots\" content=\"index, follow, max-snippet:-1, max-image-preview:large, max-video-preview:-1\" \/>\n<link rel=\"canonical\" href=\"https:\/\/covasna45.ro\/index.php\/lumea-noastra\/doua-premii-uniter-au-ajuns-la-sfantu-gheorghe\/\" \/>\n<meta property=\"og:locale\" content=\"ro_RO\" \/>\n<meta property=\"og:type\" content=\"article\" \/>\n<meta property=\"og:title\" content=\"Dou\u0103 premii UNITER au ajuns la Sf\u00e2ntu Gheorghe - Covasna45\" \/>\n<meta property=\"og:description\" content=\"Cea de-a 33-a edi\u021bie a Galei Premiilor UNITER a avut loc ieri, \u00een Sala \u201eAmza Pellea\u201d a Teatrului Na\u021bional \u201eMarin Sorescu\u201d din Craiova.\" \/>\n<meta property=\"og:url\" content=\"https:\/\/covasna45.ro\/index.php\/lumea-noastra\/doua-premii-uniter-au-ajuns-la-sfantu-gheorghe\/\" \/>\n<meta property=\"og:site_name\" content=\"Covasna45\" \/>\n<meta property=\"article:published_time\" content=\"2025-05-27T06:33:38+00:00\" \/>\n<meta property=\"og:image\" content=\"https:\/\/covasna45.ro\/wp-content\/uploads\/2025\/05\/gu.jpg\" \/>\n\t<meta property=\"og:image:width\" content=\"677\" \/>\n\t<meta property=\"og:image:height\" content=\"570\" \/>\n\t<meta property=\"og:image:type\" content=\"image\/jpeg\" \/>\n<meta name=\"author\" content=\"Covasna45\" \/>\n<meta name=\"twitter:card\" content=\"summary_large_image\" \/>\n<meta name=\"twitter:label1\" content=\"Scris de\" \/>\n\t<meta name=\"twitter:data1\" content=\"Covasna45\" \/>\n\t<meta name=\"twitter:label2\" content=\"Timp estimat pentru citire\" \/>\n\t<meta name=\"twitter:data2\" content=\"7 minute\" \/>\n<script type=\"application\/ld+json\" class=\"yoast-schema-graph\">{\"@context\":\"https:\\\/\\\/schema.org\",\"@graph\":[{\"@type\":\"Article\",\"@id\":\"https:\\\/\\\/covasna45.ro\\\/index.php\\\/lumea-noastra\\\/doua-premii-uniter-au-ajuns-la-sfantu-gheorghe\\\/#article\",\"isPartOf\":{\"@id\":\"https:\\\/\\\/covasna45.ro\\\/index.php\\\/lumea-noastra\\\/doua-premii-uniter-au-ajuns-la-sfantu-gheorghe\\\/\"},\"author\":{\"name\":\"Covasna45\",\"@id\":\"https:\\\/\\\/covasna45.ro\\\/#\\\/schema\\\/person\\\/e674052bd7d95d70bbb007a1060ab73c\"},\"headline\":\"Dou\u0103 premii UNITER au ajuns la Sf\u00e2ntu Gheorghe\",\"datePublished\":\"2025-05-27T06:33:38+00:00\",\"mainEntityOfPage\":{\"@id\":\"https:\\\/\\\/covasna45.ro\\\/index.php\\\/lumea-noastra\\\/doua-premii-uniter-au-ajuns-la-sfantu-gheorghe\\\/\"},\"wordCount\":1156,\"commentCount\":0,\"publisher\":{\"@id\":\"https:\\\/\\\/covasna45.ro\\\/#organization\"},\"image\":{\"@id\":\"https:\\\/\\\/covasna45.ro\\\/index.php\\\/lumea-noastra\\\/doua-premii-uniter-au-ajuns-la-sfantu-gheorghe\\\/#primaryimage\"},\"thumbnailUrl\":\"https:\\\/\\\/covasna45.ro\\\/wp-content\\\/uploads\\\/2025\\\/05\\\/gu.jpg\",\"keywords\":[\"D butant\",\"Tamasi Aron\",\"Teatrul \u201eAndrei Mure\u0219anu\u201d\",\"UNITER\"],\"articleSection\":[\"Lumea noastr\u0103\"],\"inLanguage\":\"ro-RO\",\"potentialAction\":[{\"@type\":\"CommentAction\",\"name\":\"Comment\",\"target\":[\"https:\\\/\\\/covasna45.ro\\\/index.php\\\/lumea-noastra\\\/doua-premii-uniter-au-ajuns-la-sfantu-gheorghe\\\/#respond\"]}]},{\"@type\":\"WebPage\",\"@id\":\"https:\\\/\\\/covasna45.ro\\\/index.php\\\/lumea-noastra\\\/doua-premii-uniter-au-ajuns-la-sfantu-gheorghe\\\/\",\"url\":\"https:\\\/\\\/covasna45.ro\\\/index.php\\\/lumea-noastra\\\/doua-premii-uniter-au-ajuns-la-sfantu-gheorghe\\\/\",\"name\":\"Dou\u0103 premii UNITER au ajuns la Sf\u00e2ntu Gheorghe - Covasna45\",\"isPartOf\":{\"@id\":\"https:\\\/\\\/covasna45.ro\\\/#website\"},\"primaryImageOfPage\":{\"@id\":\"https:\\\/\\\/covasna45.ro\\\/index.php\\\/lumea-noastra\\\/doua-premii-uniter-au-ajuns-la-sfantu-gheorghe\\\/#primaryimage\"},\"image\":{\"@id\":\"https:\\\/\\\/covasna45.ro\\\/index.php\\\/lumea-noastra\\\/doua-premii-uniter-au-ajuns-la-sfantu-gheorghe\\\/#primaryimage\"},\"thumbnailUrl\":\"https:\\\/\\\/covasna45.ro\\\/wp-content\\\/uploads\\\/2025\\\/05\\\/gu.jpg\",\"datePublished\":\"2025-05-27T06:33:38+00:00\",\"description\":\"Cea de-a 33-a edi\u021bie a Galei Premiilor UNITER a avut loc ieri, \u00een Sala \u201eAmza Pellea\u201d a Teatrului Na\u021bional \u201eMarin Sorescu\u201d din Craiova.\",\"breadcrumb\":{\"@id\":\"https:\\\/\\\/covasna45.ro\\\/index.php\\\/lumea-noastra\\\/doua-premii-uniter-au-ajuns-la-sfantu-gheorghe\\\/#breadcrumb\"},\"inLanguage\":\"ro-RO\",\"potentialAction\":[{\"@type\":\"ReadAction\",\"target\":[\"https:\\\/\\\/covasna45.ro\\\/index.php\\\/lumea-noastra\\\/doua-premii-uniter-au-ajuns-la-sfantu-gheorghe\\\/\"]}]},{\"@type\":\"ImageObject\",\"inLanguage\":\"ro-RO\",\"@id\":\"https:\\\/\\\/covasna45.ro\\\/index.php\\\/lumea-noastra\\\/doua-premii-uniter-au-ajuns-la-sfantu-gheorghe\\\/#primaryimage\",\"url\":\"https:\\\/\\\/covasna45.ro\\\/wp-content\\\/uploads\\\/2025\\\/05\\\/gu.jpg\",\"contentUrl\":\"https:\\\/\\\/covasna45.ro\\\/wp-content\\\/uploads\\\/2025\\\/05\\\/gu.jpg\",\"width\":677,\"height\":570},{\"@type\":\"BreadcrumbList\",\"@id\":\"https:\\\/\\\/covasna45.ro\\\/index.php\\\/lumea-noastra\\\/doua-premii-uniter-au-ajuns-la-sfantu-gheorghe\\\/#breadcrumb\",\"itemListElement\":[{\"@type\":\"ListItem\",\"position\":1,\"name\":\"Prima pagin\u0103\",\"item\":\"https:\\\/\\\/covasna45.ro\\\/\"},{\"@type\":\"ListItem\",\"position\":2,\"name\":\"Dou\u0103 premii UNITER au ajuns la Sf\u00e2ntu Gheorghe\"}]},{\"@type\":\"WebSite\",\"@id\":\"https:\\\/\\\/covasna45.ro\\\/#website\",\"url\":\"https:\\\/\\\/covasna45.ro\\\/\",\"name\":\"covasna45.ro\",\"description\":\"\",\"publisher\":{\"@id\":\"https:\\\/\\\/covasna45.ro\\\/#organization\"},\"potentialAction\":[{\"@type\":\"SearchAction\",\"target\":{\"@type\":\"EntryPoint\",\"urlTemplate\":\"https:\\\/\\\/covasna45.ro\\\/?s={search_term_string}\"},\"query-input\":{\"@type\":\"PropertyValueSpecification\",\"valueRequired\":true,\"valueName\":\"search_term_string\"}}],\"inLanguage\":\"ro-RO\"},{\"@type\":\"Organization\",\"@id\":\"https:\\\/\\\/covasna45.ro\\\/#organization\",\"name\":\"covasna45.ro\",\"url\":\"https:\\\/\\\/covasna45.ro\\\/\",\"logo\":{\"@type\":\"ImageObject\",\"inLanguage\":\"ro-RO\",\"@id\":\"https:\\\/\\\/covasna45.ro\\\/#\\\/schema\\\/logo\\\/image\\\/\",\"url\":\"https:\\\/\\\/covasna45.ro\\\/wp-content\\\/uploads\\\/2023\\\/01\\\/icon_logo.png\",\"contentUrl\":\"https:\\\/\\\/covasna45.ro\\\/wp-content\\\/uploads\\\/2023\\\/01\\\/icon_logo.png\",\"width\":1900,\"height\":1900,\"caption\":\"covasna45.ro\"},\"image\":{\"@id\":\"https:\\\/\\\/covasna45.ro\\\/#\\\/schema\\\/logo\\\/image\\\/\"}},{\"@type\":\"Person\",\"@id\":\"https:\\\/\\\/covasna45.ro\\\/#\\\/schema\\\/person\\\/e674052bd7d95d70bbb007a1060ab73c\",\"name\":\"Covasna45\",\"image\":{\"@type\":\"ImageObject\",\"inLanguage\":\"ro-RO\",\"@id\":\"https:\\\/\\\/covasna45.ro\\\/wp-content\\\/uploads\\\/2025\\\/10\\\/icon_logo_covasna45-150x150.png\",\"url\":\"https:\\\/\\\/covasna45.ro\\\/wp-content\\\/uploads\\\/2025\\\/10\\\/icon_logo_covasna45-150x150.png\",\"contentUrl\":\"https:\\\/\\\/covasna45.ro\\\/wp-content\\\/uploads\\\/2025\\\/10\\\/icon_logo_covasna45-150x150.png\",\"caption\":\"Covasna45\"},\"sameAs\":[\"https:\\\/\\\/covasna45.ro\"],\"url\":\"https:\\\/\\\/covasna45.ro\\\/index.php\\\/author\\\/covasna\\\/\"}]}<\/script>\n<!-- \/ Yoast SEO plugin. -->","yoast_head_json":{"title":"Dou\u0103 premii UNITER au ajuns la Sf\u00e2ntu Gheorghe - Covasna45","description":"Cea de-a 33-a edi\u021bie a Galei Premiilor UNITER a avut loc ieri, \u00een Sala \u201eAmza Pellea\u201d a Teatrului Na\u021bional \u201eMarin Sorescu\u201d din Craiova.","robots":{"index":"index","follow":"follow","max-snippet":"max-snippet:-1","max-image-preview":"max-image-preview:large","max-video-preview":"max-video-preview:-1"},"canonical":"https:\/\/covasna45.ro\/index.php\/lumea-noastra\/doua-premii-uniter-au-ajuns-la-sfantu-gheorghe\/","og_locale":"ro_RO","og_type":"article","og_title":"Dou\u0103 premii UNITER au ajuns la Sf\u00e2ntu Gheorghe - Covasna45","og_description":"Cea de-a 33-a edi\u021bie a Galei Premiilor UNITER a avut loc ieri, \u00een Sala \u201eAmza Pellea\u201d a Teatrului Na\u021bional \u201eMarin Sorescu\u201d din Craiova.","og_url":"https:\/\/covasna45.ro\/index.php\/lumea-noastra\/doua-premii-uniter-au-ajuns-la-sfantu-gheorghe\/","og_site_name":"Covasna45","article_published_time":"2025-05-27T06:33:38+00:00","og_image":[{"width":677,"height":570,"url":"https:\/\/covasna45.ro\/wp-content\/uploads\/2025\/05\/gu.jpg","type":"image\/jpeg"}],"author":"Covasna45","twitter_card":"summary_large_image","twitter_misc":{"Scris de":"Covasna45","Timp estimat pentru citire":"7 minute"},"schema":{"@context":"https:\/\/schema.org","@graph":[{"@type":"Article","@id":"https:\/\/covasna45.ro\/index.php\/lumea-noastra\/doua-premii-uniter-au-ajuns-la-sfantu-gheorghe\/#article","isPartOf":{"@id":"https:\/\/covasna45.ro\/index.php\/lumea-noastra\/doua-premii-uniter-au-ajuns-la-sfantu-gheorghe\/"},"author":{"name":"Covasna45","@id":"https:\/\/covasna45.ro\/#\/schema\/person\/e674052bd7d95d70bbb007a1060ab73c"},"headline":"Dou\u0103 premii UNITER au ajuns la Sf\u00e2ntu Gheorghe","datePublished":"2025-05-27T06:33:38+00:00","mainEntityOfPage":{"@id":"https:\/\/covasna45.ro\/index.php\/lumea-noastra\/doua-premii-uniter-au-ajuns-la-sfantu-gheorghe\/"},"wordCount":1156,"commentCount":0,"publisher":{"@id":"https:\/\/covasna45.ro\/#organization"},"image":{"@id":"https:\/\/covasna45.ro\/index.php\/lumea-noastra\/doua-premii-uniter-au-ajuns-la-sfantu-gheorghe\/#primaryimage"},"thumbnailUrl":"https:\/\/covasna45.ro\/wp-content\/uploads\/2025\/05\/gu.jpg","keywords":["D butant","Tamasi Aron","Teatrul \u201eAndrei Mure\u0219anu\u201d","UNITER"],"articleSection":["Lumea noastr\u0103"],"inLanguage":"ro-RO","potentialAction":[{"@type":"CommentAction","name":"Comment","target":["https:\/\/covasna45.ro\/index.php\/lumea-noastra\/doua-premii-uniter-au-ajuns-la-sfantu-gheorghe\/#respond"]}]},{"@type":"WebPage","@id":"https:\/\/covasna45.ro\/index.php\/lumea-noastra\/doua-premii-uniter-au-ajuns-la-sfantu-gheorghe\/","url":"https:\/\/covasna45.ro\/index.php\/lumea-noastra\/doua-premii-uniter-au-ajuns-la-sfantu-gheorghe\/","name":"Dou\u0103 premii UNITER au ajuns la Sf\u00e2ntu Gheorghe - Covasna45","isPartOf":{"@id":"https:\/\/covasna45.ro\/#website"},"primaryImageOfPage":{"@id":"https:\/\/covasna45.ro\/index.php\/lumea-noastra\/doua-premii-uniter-au-ajuns-la-sfantu-gheorghe\/#primaryimage"},"image":{"@id":"https:\/\/covasna45.ro\/index.php\/lumea-noastra\/doua-premii-uniter-au-ajuns-la-sfantu-gheorghe\/#primaryimage"},"thumbnailUrl":"https:\/\/covasna45.ro\/wp-content\/uploads\/2025\/05\/gu.jpg","datePublished":"2025-05-27T06:33:38+00:00","description":"Cea de-a 33-a edi\u021bie a Galei Premiilor UNITER a avut loc ieri, \u00een Sala \u201eAmza Pellea\u201d a Teatrului Na\u021bional \u201eMarin Sorescu\u201d din Craiova.","breadcrumb":{"@id":"https:\/\/covasna45.ro\/index.php\/lumea-noastra\/doua-premii-uniter-au-ajuns-la-sfantu-gheorghe\/#breadcrumb"},"inLanguage":"ro-RO","potentialAction":[{"@type":"ReadAction","target":["https:\/\/covasna45.ro\/index.php\/lumea-noastra\/doua-premii-uniter-au-ajuns-la-sfantu-gheorghe\/"]}]},{"@type":"ImageObject","inLanguage":"ro-RO","@id":"https:\/\/covasna45.ro\/index.php\/lumea-noastra\/doua-premii-uniter-au-ajuns-la-sfantu-gheorghe\/#primaryimage","url":"https:\/\/covasna45.ro\/wp-content\/uploads\/2025\/05\/gu.jpg","contentUrl":"https:\/\/covasna45.ro\/wp-content\/uploads\/2025\/05\/gu.jpg","width":677,"height":570},{"@type":"BreadcrumbList","@id":"https:\/\/covasna45.ro\/index.php\/lumea-noastra\/doua-premii-uniter-au-ajuns-la-sfantu-gheorghe\/#breadcrumb","itemListElement":[{"@type":"ListItem","position":1,"name":"Prima pagin\u0103","item":"https:\/\/covasna45.ro\/"},{"@type":"ListItem","position":2,"name":"Dou\u0103 premii UNITER au ajuns la Sf\u00e2ntu Gheorghe"}]},{"@type":"WebSite","@id":"https:\/\/covasna45.ro\/#website","url":"https:\/\/covasna45.ro\/","name":"covasna45.ro","description":"","publisher":{"@id":"https:\/\/covasna45.ro\/#organization"},"potentialAction":[{"@type":"SearchAction","target":{"@type":"EntryPoint","urlTemplate":"https:\/\/covasna45.ro\/?s={search_term_string}"},"query-input":{"@type":"PropertyValueSpecification","valueRequired":true,"valueName":"search_term_string"}}],"inLanguage":"ro-RO"},{"@type":"Organization","@id":"https:\/\/covasna45.ro\/#organization","name":"covasna45.ro","url":"https:\/\/covasna45.ro\/","logo":{"@type":"ImageObject","inLanguage":"ro-RO","@id":"https:\/\/covasna45.ro\/#\/schema\/logo\/image\/","url":"https:\/\/covasna45.ro\/wp-content\/uploads\/2023\/01\/icon_logo.png","contentUrl":"https:\/\/covasna45.ro\/wp-content\/uploads\/2023\/01\/icon_logo.png","width":1900,"height":1900,"caption":"covasna45.ro"},"image":{"@id":"https:\/\/covasna45.ro\/#\/schema\/logo\/image\/"}},{"@type":"Person","@id":"https:\/\/covasna45.ro\/#\/schema\/person\/e674052bd7d95d70bbb007a1060ab73c","name":"Covasna45","image":{"@type":"ImageObject","inLanguage":"ro-RO","@id":"https:\/\/covasna45.ro\/wp-content\/uploads\/2025\/10\/icon_logo_covasna45-150x150.png","url":"https:\/\/covasna45.ro\/wp-content\/uploads\/2025\/10\/icon_logo_covasna45-150x150.png","contentUrl":"https:\/\/covasna45.ro\/wp-content\/uploads\/2025\/10\/icon_logo_covasna45-150x150.png","caption":"Covasna45"},"sameAs":["https:\/\/covasna45.ro"],"url":"https:\/\/covasna45.ro\/index.php\/author\/covasna\/"}]}},"_links":{"self":[{"href":"https:\/\/covasna45.ro\/index.php\/wp-json\/wp\/v2\/posts\/11254","targetHints":{"allow":["GET"]}}],"collection":[{"href":"https:\/\/covasna45.ro\/index.php\/wp-json\/wp\/v2\/posts"}],"about":[{"href":"https:\/\/covasna45.ro\/index.php\/wp-json\/wp\/v2\/types\/post"}],"author":[{"embeddable":true,"href":"https:\/\/covasna45.ro\/index.php\/wp-json\/wp\/v2\/users\/1"}],"replies":[{"embeddable":true,"href":"https:\/\/covasna45.ro\/index.php\/wp-json\/wp\/v2\/comments?post=11254"}],"version-history":[{"count":1,"href":"https:\/\/covasna45.ro\/index.php\/wp-json\/wp\/v2\/posts\/11254\/revisions"}],"predecessor-version":[{"id":11259,"href":"https:\/\/covasna45.ro\/index.php\/wp-json\/wp\/v2\/posts\/11254\/revisions\/11259"}],"wp:featuredmedia":[{"embeddable":true,"href":"https:\/\/covasna45.ro\/index.php\/wp-json\/wp\/v2\/media\/11258"}],"wp:attachment":[{"href":"https:\/\/covasna45.ro\/index.php\/wp-json\/wp\/v2\/media?parent=11254"}],"wp:term":[{"taxonomy":"category","embeddable":true,"href":"https:\/\/covasna45.ro\/index.php\/wp-json\/wp\/v2\/categories?post=11254"},{"taxonomy":"post_tag","embeddable":true,"href":"https:\/\/covasna45.ro\/index.php\/wp-json\/wp\/v2\/tags?post=11254"}],"curies":[{"name":"wp","href":"https:\/\/api.w.org\/{rel}","templated":true}]}}