{"id":11260,"date":"2025-05-27T15:14:12","date_gmt":"2025-05-27T13:14:12","guid":{"rendered":"https:\/\/covasna45.ro\/?p=11260"},"modified":"2025-05-27T15:14:12","modified_gmt":"2025-05-27T13:14:12","slug":"sepsibook-peste-12-000-de-cititori-au-celebrat-literatura-la-sfantu-gheorghe","status":"publish","type":"post","link":"https:\/\/covasna45.ro\/index.php\/lumea-noastra\/sepsibook-peste-12-000-de-cititori-au-celebrat-literatura-la-sfantu-gheorghe\/","title":{"rendered":"SepsiBook: peste 12.000 de cititori au celebrat literatura la Sf\u00e2ntu Gheorghe"},"content":{"rendered":"\n<p>Peste 12.000 de vizitatori, sute de programe, \u00eent\u00e2lniri memorabile cu scriitori \u0219i momente dedicate lecturii au definit atmosfera edi\u021biei din acest an a SepsiBook \u2013 t\u00e2rgul de carte \u0219i festivalul de literatur\u0103 contemporan\u0103 din Sf\u00e2ntu Gheorghe.<\/p>\n\n\n\n<p>Red\u0103m comunicatul transmis de organizatori:<\/p>\n\n\n\n<p>\u201eR\u0103sfoirea c\u0103r\u021bilor, farmecul \u00eent\u00e2lnirilor personale, emo\u021bia dialogului intercultural, puterea pove\u0219tilor tr\u0103ite \u00eempreun\u0103, buna dispozi\u021bie \u0219i curiozitatea senin\u0103 au fost reperele edi\u021biei SepsiBook din acest an. T\u00e2rgul, ajuns la cea de-a patra edi\u021bie, a \u00eent\u00e2mpinat publicul cu o ofert\u0103 bogat\u0103 de programe \u0219i momente memorabile. La eveniment au participat peste 12.000 de vizitatori \u2013 nu doar din regiune, ci \u0219i din toat\u0103 Transilvania. SepsiBook a fost \u0219i \u00een acest an o s\u0103rb\u0103toare vie \u0219i autentic\u0103 a culturii scrise.<\/p>\n\n\n\n<p>\u201e<strong><em>Ne bucur\u0103m foarte mult \u0219i ne sim\u021bim \u00eencuraja\u021bi ca organizatori de faptul c\u0103 SepsiBook atrage un public at\u00e2t de numeros \u0219i interesat. Am observat c\u0103 anul acesta vizitatorii au venit cu inten\u021bie clar\u0103 \u2013 au fost momente \u00een care se desf\u0103\u0219urau simultan 3-5 evenimente, iar fiecare avea publicul s\u0103u. Invita\u021bii no\u0219tri interna\u021bionali au extins aria de atrac\u021bie geografic\u0103 a festivalului, atr\u0103g\u00e2nd participan\u021bi din localit\u0103\u021bi mai \u00eendep\u0103rtate ale Transilvaniei, care au venit s\u0103-i asculte \u0219i s\u0103 le cear\u0103 autografe. Sim\u021bim c\u0103 prin SepsiBook construim o comunitate, iar acest lucru este dorit at\u00e2t \u00een Sf\u00e2ntu Gheorghe, c\u00e2t \u0219i \u00een \u00eentreg jude\u021bul Covasna\u201d<\/em><\/strong>, a subliniat Szonda Szabolcs, directorul de programe.<\/p>\n\n\n\n<figure class=\"wp-block-image size-large\"><img loading=\"lazy\" decoding=\"async\" width=\"1024\" height=\"927\" src=\"https:\/\/covasna45.ro\/wp-content\/uploads\/2025\/05\/cartarescu-sb-1024x927.jpg\" alt=\"\" class=\"wp-image-11262\" srcset=\"https:\/\/covasna45.ro\/wp-content\/uploads\/2025\/05\/cartarescu-sb-1024x927.jpg 1024w, https:\/\/covasna45.ro\/wp-content\/uploads\/2025\/05\/cartarescu-sb-300x272.jpg 300w, https:\/\/covasna45.ro\/wp-content\/uploads\/2025\/05\/cartarescu-sb-768x696.jpg 768w, https:\/\/covasna45.ro\/wp-content\/uploads\/2025\/05\/cartarescu-sb-1536x1391.jpg 1536w, https:\/\/covasna45.ro\/wp-content\/uploads\/2025\/05\/cartarescu-sb-2048x1855.jpg 2048w, https:\/\/covasna45.ro\/wp-content\/uploads\/2025\/05\/cartarescu-sb-150x136.jpg 150w, https:\/\/covasna45.ro\/wp-content\/uploads\/2025\/05\/cartarescu-sb-696x630.jpg 696w, https:\/\/covasna45.ro\/wp-content\/uploads\/2025\/05\/cartarescu-sb-1068x967.jpg 1068w, https:\/\/covasna45.ro\/wp-content\/uploads\/2025\/05\/cartarescu-sb-1920x1739.jpg 1920w\" sizes=\"auto, (max-width: 1024px) 100vw, 1024px\" \/><\/figure>\n\n\n\n<p>\u201e<strong><em>SepsiBook a \u00eenceput deja mar\u021bi \u0219i miercuri cu diverse evenimente conexe, dar cele aproximativ 120 de programe au avut loc, desigur, \u00een Arena Sepsi. La cele 38 de standuri, aproape 50 de edituri din \u021bar\u0103 \u0219i din Ungaria \u0219i-au oferit c\u0103r\u021bile, iar din feedback-ul primit, reprezentan\u021bii editurilor prezen\u021bi au fost mul\u021bumi\u021bi. Am \u00eencercat s\u0103 cre\u0103m o atmosfer\u0103 \u0219i mai potrivit\u0103 unui festival, de aceea am amenajat dou\u0103 cafenele \u0219i am ad\u0103ugat mai multe puncte de foodcourt, am f\u0103cut tot posibilul ca publicul SepsiBook s\u0103 se simt\u0103 c\u00e2t mai bine \u0219i s\u0103 petreac\u0103 c\u00e2t mai mult timp la evenimentul nostru. Noi a\u0219a am observat c\u0103 \u0219i anul acesta am reu\u0219it acest lucru \u2013 toate categoriile de v\u00e2rst\u0103 au fost prezente cu pl\u0103cere la SepsiBook. Micile gesturi \u0219i aten\u021bia la detalii contribuie, de asemenea, la atmosfer\u0103 \u2013 un exemplu bun fiind merele oferite gratuit de c\u0103tre sponsorii no\u0219tri, din care s-au consumat aproximativ 700 kg<\/em><\/strong>\u201d, a declarat Gombos Zolt\u00e1n, coordonatorul festivalului.<\/p>\n\n\n\n<p>\u201e<strong><em>Anul acesta, \u00een prealabil, aproximativ 500 de elevi au participat la atelierele de preg\u0103tire, iar prin organizarea noastr\u0103, 1800 de copii au vizitat evenimentul pentru a se \u00eent\u00e2lni cu autorii. Am acordat o aten\u021bie deosebit\u0103 diversific\u0103rii modalit\u0103\u021bilor de implicare a copiilor: pove\u0219tile \u0219i c\u0103r\u021bile au fost aduse mai aproape de ei prin ateliere de teatru educa\u021bional, activit\u0103\u021bi de art\u0103 plastic\u0103 \u0219i abord\u0103ri din artele spectacolului. Am organizat \u0219i mai multe programe interactive adresate familiilor, tocmai pentru a sublinia c\u00e2t de important este ca lectura \u0219i cartea s\u0103 devin\u0103 o experien\u021b\u0103 comun\u0103<\/em><\/strong>\u201d, a punctat Hollanda Andrea, responsabil\u0103 pentru programe de copii.<\/p>\n\n\n\n<figure class=\"wp-block-image size-large\"><img loading=\"lazy\" decoding=\"async\" width=\"1024\" height=\"556\" src=\"https:\/\/covasna45.ro\/wp-content\/uploads\/2025\/05\/sb-1024x556.jpg\" alt=\"\" class=\"wp-image-11263\" srcset=\"https:\/\/covasna45.ro\/wp-content\/uploads\/2025\/05\/sb-1024x556.jpg 1024w, https:\/\/covasna45.ro\/wp-content\/uploads\/2025\/05\/sb-300x163.jpg 300w, https:\/\/covasna45.ro\/wp-content\/uploads\/2025\/05\/sb-768x417.jpg 768w, https:\/\/covasna45.ro\/wp-content\/uploads\/2025\/05\/sb-1536x834.jpg 1536w, https:\/\/covasna45.ro\/wp-content\/uploads\/2025\/05\/sb-150x81.jpg 150w, https:\/\/covasna45.ro\/wp-content\/uploads\/2025\/05\/sb-696x378.jpg 696w, https:\/\/covasna45.ro\/wp-content\/uploads\/2025\/05\/sb-1068x580.jpg 1068w, https:\/\/covasna45.ro\/wp-content\/uploads\/2025\/05\/sb.jpg 1894w\" sizes=\"auto, (max-width: 1024px) 100vw, 1024px\" \/><\/figure>\n\n\n\n<h2 class=\"wp-block-heading\">For\u021ba cuv\u00e2ntului scris<\/h2>\n\n\n\n<p>\u201e<strong><em>Am fost \u00een Rom\u00e2nia doar la Bucure\u0219ti \u0219i mi-am dorit s\u0103 v\u0103d \u0219i altceva, a\u0219a c\u0103, din acest punct de vedere, am fost foarte fericit\u0103 s\u0103 vin aici \u0219i foarte recunosc\u0103toare pentru invita\u021bie. (\u2026) Cred c\u0103 orice s-ar \u00eent\u00e2mpla \u00een lume, romanele sunt o modalitate de a aborda problemele \u0219i, de asemenea, de a aborda traumele. Destul de multe traume sunt traume f\u0103r\u0103 limbaj, \u0219i din acest punct de vedere, de fapt, un roman poate fi \u0219i un proces de vindecare<\/em><\/strong>\u201d, a declarat pentru SepsiBook scriitoarea finlandez\u0103, Sofi Oksanen.<\/p>\n\n\n\n<p>Anul acesta, unul dintre cele mai frumoase daruri oferite tinerilor cititori de c\u0103tre SepsiBook a fost vizita lui Timo Parvela \u2013 unul dintre cei mai \u00eendr\u0103gi\u021bi autori ai literaturii pentru copii din Finlanda, creatorul universului Miorlau \u0219i Cu\u021bulache, \u0219i al seriei Kepler62. \u00cenc\u0103 din primele clipe, Parvela a cucerit inimile copiilor: cu umor, jocuri \u0219i un amuzant moment de confuzie lingvistic\u0103, c\u00e2nd a \u00eenceput s\u0103 citeasc\u0103 \u00een finlandez\u0103 \u2013 iar copiii, pe fundalul unui hohot general de r\u00e2s, \u00eencercau s\u0103 \u00een\u021beleag\u0103 ce se \u00eent\u00e2mpl\u0103. A vorbit despre trecutul s\u0103u de profesor, despre metodele sale de crea\u021bie, despre colaborarea str\u00e2ns\u0103 cu ilustratorii \u0219i despre convingerea c\u0103 cele mai bune c\u0103r\u021bi pentru copii nu doar distreaz\u0103, ci \u00eei \u00eenva\u021b\u0103 pe cei mici s\u0103 pun\u0103 \u00eentreb\u0103ri.<\/p>\n\n\n\n<p>Pe l\u00e2ng\u0103 autorii finlandezi, una dintre atrac\u021biile principale ale t\u00e2rgului a fost \u0219i prezen\u021ba lui Mircea C\u0103rt\u0103rescu, care a atras un public numeros, confirm\u00e2nd astfel apetitul constant al cititorilor pentru literatura rom\u00e2n\u0103 contemporan\u0103 de top. Discu\u021bia dintre Mircea C\u0103rt\u0103rescu \u0219i Visky Andr\u00e1s a fost unul dintre momentele emo\u021bionante ale SepsiBook: cei doi au vorbit despre for\u021ba cuv\u00e2ntului scris, dar \u0219i despre literatur\u0103 ca form\u0103 de rezisten\u021b\u0103 \u0219i vindecare.&nbsp;<\/p>\n\n\n\n<p>De asemenea, scriitorul Ioan T. Morar a lansat volumul \u201eLindenfeld\u201d, \u00eentr-o edi\u021bie special\u0103 tradus\u0103 \u00een limba maghiar\u0103 de Mark\u00f3 B\u00e9la, eveniment care a reprezentat un moment simbolic al dialogului intercultural promovat de SepsiBook.<\/p>\n\n\n\n<figure class=\"wp-block-image size-large\"><img loading=\"lazy\" decoding=\"async\" width=\"1024\" height=\"768\" src=\"https:\/\/covasna45.ro\/wp-content\/uploads\/2025\/05\/sb6-1024x768.jpg\" alt=\"\" class=\"wp-image-11264\" srcset=\"https:\/\/covasna45.ro\/wp-content\/uploads\/2025\/05\/sb6-1024x768.jpg 1024w, https:\/\/covasna45.ro\/wp-content\/uploads\/2025\/05\/sb6-300x225.jpg 300w, https:\/\/covasna45.ro\/wp-content\/uploads\/2025\/05\/sb6-768x576.jpg 768w, https:\/\/covasna45.ro\/wp-content\/uploads\/2025\/05\/sb6-1536x1152.jpg 1536w, https:\/\/covasna45.ro\/wp-content\/uploads\/2025\/05\/sb6-2048x1536.jpg 2048w, https:\/\/covasna45.ro\/wp-content\/uploads\/2025\/05\/sb6-150x113.jpg 150w, https:\/\/covasna45.ro\/wp-content\/uploads\/2025\/05\/sb6-696x522.jpg 696w, https:\/\/covasna45.ro\/wp-content\/uploads\/2025\/05\/sb6-1068x801.jpg 1068w, https:\/\/covasna45.ro\/wp-content\/uploads\/2025\/05\/sb6-1920x1440.jpg 1920w\" sizes=\"auto, (max-width: 1024px) 100vw, 1024px\" \/><\/figure>\n\n\n\n<p>Printre invita\u021bii speciali ai edi\u021biei s-a num\u0103rat \u0219i scriitoarea Ioana Nicolaie, care, pe l\u00e2ng\u0103 publicul adult, a avut o \u00eent\u00e2lnire plin\u0103 de energie si cititorii mai mici. \u00cempreun\u0103 cu copiii, autoarea s-a distrat spun\u00e2nd ghicitori care, pe l\u00e2ng\u0103 publicul adult, a avut o \u00eent\u00e2lnire plin\u0103 de energie \u0219i cu cei mici. \u00cempreun\u0103 cu copiii, autoarea s-a distrat spun\u00e2nd ghicitori inspirate din universul personajului Arik, reu\u0219ind s\u0103 creeze un moment interactiv, cald \u0219i plin de z\u00e2mbete. Prin acest tip de dialog ludic, literatura pentru copii a fost pus\u0103 \u00een valoare ca mijloc de joac\u0103 inteligent\u0103 \u0219i conexiune autentic\u0103.<\/p>\n\n\n\n<p>Un alt moment editorial important a fost lansarea volumului <strong>\u201eEmo\u021bii \u0219lefuite \u00een versuri\u201d<\/strong>, semnat de Andruni, cu M\u0103d\u0103lin Guruianu \u00een rol de moderator, \u00eentr-un dialog sensibil \u0219i plin de empatie.<\/p>\n\n\n\n<p>Cu Dan Lungu a vorbit jurnalista Mirela Cara Dragu despre c\u0103r\u021bile lui \u0219i despre felul \u00een care a pornit cartea \u201eSunt o bab\u0103 comunist\u0103\u201d, dar \u0219i despre alte titluri din bibliografia autorului. Publicul a fost impresionat de frumuse\u021bea interioar\u0103 a scriitorului \u2013 un om modest, care debordeaz\u0103 de naturale\u021be.<\/p>\n\n\n\n<p>Preotul Crin-Triandafil Theodorescu, \u00een dialog cu Marius Popa, a lansat cartea <strong>\u201eCer\u0219etorul de albastru\u201d<\/strong> \u0219i a surprins publicul cu c\u00e2t de mult sus\u021bine \u0219tiin\u021bific afirma\u021biile biblice, pun\u00e2nd practic o punte de leg\u0103tur\u0103 \u00eentre religie \u0219i \u0219tiin\u021b\u0103.<\/p>\n\n\n\n<p>De asemenea, Iulia Iordan \u0219i Lumini\u021ba Corneanu au sus\u021binut ateliere de crea\u021bie literar\u0103 dedicate copiilor, reu\u0219ind s\u0103 \u00eei apropie \u0219i mai mult de cultur\u0103 prin metode ludice \u0219i interactive.<\/p>\n\n\n\n<p>Printre momentele artistice cele mai apreciate s-a num\u0103rat \u0219i concertul sus\u021binut de Luiza Zan &amp; Jazzpar Trio \u2013 o veritabil\u0103 respira\u021bie muzical\u0103 care a completat \u00een mod armonios programul cultural al festivalului.<\/p>\n\n\n\n<p>Concluzia edi\u021biei de anul acesta e aceea c\u0103 <a href=\"https:\/\/covasna45.ro\/index.php\/lumea-noastra\/sarbatoarea-literaturii-la-sfantu-gheorghe-maine-incepe-sepsibook\/\">SepsiBook<\/a> continu\u0103 s\u0103 se consolideze ca un spa\u021biu esen\u021bial pentru promovarea lecturii, dialogului cultural \u0219i \u00eent\u00e2lnirilor autentice dintre autori \u0219i cititori. Atmosfera vibrant\u0103, participarea entuziast\u0103 \u0219i diversitatea programelor din acest an confirm\u0103 faptul c\u0103 literatura contemporan\u0103 are un public viu, activ \u0219i dornic de sens. Ne revedem \u00een 2026 \u2013 cu \u0219i mai mult\u0103 pasiune pentru carte \u0219i pove\u0219ti care ne aduc \u00eempreun\u0103.<\/p>\n\n\n\n<p><strong>Organizatori:<\/strong> Prim\u0103ria Municipiului Sf\u00e2ntu Gheorghe, Consiliul Jude\u021bean Covasna, Biblioteca Jude\u021bean\u0103 \u201eBod P\u00e9ter\u201d, Casa de Cultur\u0103 \u201eK\u00f3nya \u00c1d\u00e1m\u201d, Asocia\u021bia \u201eMikes Kelemen\u201d din \u021ainutul Secuiesc, Asocia\u021bia Sus\u021bin\u0103torilor Bibliotecii \u201eBod P\u00e9ter\u201d. SepsiBook este un proiect cofinan\u021bat de AFCN.<\/p>\n\n\n\n<p><strong>Parteneri:<\/strong> Parteneri: Teatrul Andrei Mure\u0219anu din Sf. Gheorghe, Asocia\u021bia De Basm, Kronsit, Institutul Cultural Pet\u0151fi, Ungaria, MeseCentrum, Ungaria, Institutul Liszt Sf. Gheorghe, Institutul Cultural \u0219i \u0218tiin\u021bific FinnAgora, Budapesta, Ambasada Finlandei la Bucure\u0219ti, Sepsi Run, Fitness Tribe, Clubul de carte K\u00f6nyvbar\u00e1tn\u0151k, Cercul de Ikebana Kiss B\u00e9la.\u00a0<\/p>\n\n\n\n<p><strong>Sponsori:<\/strong> Niedax, Wameleon Design,\u00a0Aqua Carpatica, Reselecto, B the Hotel, Farmacia Hermann, Grupul Bertis, Brut\u0103ria Mad\u00e1rl\u00e1tta, Remedin, Eleven Street Food\u201d.<\/p>\n","protected":false},"excerpt":{"rendered":"<p>Peste 12.000 de vizitatori, sute de programe, \u00eent\u00e2lniri memorabile cu scriitori \u0219i momente dedicate lecturii au definit atmosfera edi\u021biei din acest an a SepsiBook \u2013 t\u00e2rgul de carte \u0219i festivalul de literatur\u0103 contemporan\u0103 din Sf\u00e2ntu Gheorghe. Red\u0103m comunicatul transmis de organizatori: \u201eR\u0103sfoirea c\u0103r\u021bilor, farmecul \u00eent\u00e2lnirilor personale, emo\u021bia dialogului intercultural, puterea pove\u0219tilor tr\u0103ite \u00eempreun\u0103, buna dispozi\u021bie [&hellip;]<\/p>\n","protected":false},"author":1,"featured_media":11261,"comment_status":"open","ping_status":"closed","sticky":false,"template":"","format":"standard","meta":{"tdm_status":"","tdm_grid_status":"","footnotes":""},"categories":[14],"tags":[690,3356,3486,3485],"class_list":{"0":"post-11260","1":"post","2":"type-post","3":"status-publish","4":"format-standard","5":"has-post-thumbnail","7":"category-lumea-noastra","8":"tag-arena-sepsi","9":"tag-literatura","10":"tag-mircea-cartarescu","11":"tag-sepsi-book"},"yoast_head":"<!-- This site is optimized with the Yoast SEO plugin v27.5 - https:\/\/yoast.com\/product\/yoast-seo-wordpress\/ -->\n<title>SepsiBook: peste 12.000 de cititori au celebrat literatura la Sf\u00e2ntu Gheorghe - Covasna45<\/title>\n<meta name=\"description\" content=\"Concluzia edi\u021biei de anul acesta e aceea c\u0103 SepsiBook continu\u0103 s\u0103 se consolideze ca un spa\u021biu esen\u021bial pentru promovarea lecturii.\" \/>\n<meta name=\"robots\" content=\"index, follow, max-snippet:-1, max-image-preview:large, max-video-preview:-1\" \/>\n<link rel=\"canonical\" href=\"https:\/\/covasna45.ro\/index.php\/lumea-noastra\/sepsibook-peste-12-000-de-cititori-au-celebrat-literatura-la-sfantu-gheorghe\/\" \/>\n<meta property=\"og:locale\" content=\"ro_RO\" \/>\n<meta property=\"og:type\" content=\"article\" \/>\n<meta property=\"og:title\" content=\"SepsiBook: peste 12.000 de cititori au celebrat literatura la Sf\u00e2ntu Gheorghe - Covasna45\" \/>\n<meta property=\"og:description\" content=\"Concluzia edi\u021biei de anul acesta e aceea c\u0103 SepsiBook continu\u0103 s\u0103 se consolideze ca un spa\u021biu esen\u021bial pentru promovarea lecturii.\" \/>\n<meta property=\"og:url\" content=\"https:\/\/covasna45.ro\/index.php\/lumea-noastra\/sepsibook-peste-12-000-de-cititori-au-celebrat-literatura-la-sfantu-gheorghe\/\" \/>\n<meta property=\"og:site_name\" content=\"Covasna45\" \/>\n<meta property=\"article:published_time\" content=\"2025-05-27T13:14:12+00:00\" \/>\n<meta property=\"og:image\" content=\"https:\/\/covasna45.ro\/wp-content\/uploads\/2025\/05\/sb2-1.jpg\" \/>\n\t<meta property=\"og:image:width\" content=\"1894\" \/>\n\t<meta property=\"og:image:height\" content=\"1028\" \/>\n\t<meta property=\"og:image:type\" content=\"image\/jpeg\" \/>\n<meta name=\"author\" content=\"Covasna45\" \/>\n<meta name=\"twitter:card\" content=\"summary_large_image\" \/>\n<meta name=\"twitter:label1\" content=\"Scris de\" \/>\n\t<meta name=\"twitter:data1\" content=\"Covasna45\" \/>\n\t<meta name=\"twitter:label2\" content=\"Timp estimat pentru citire\" \/>\n\t<meta name=\"twitter:data2\" content=\"8 minute\" \/>\n<script type=\"application\/ld+json\" class=\"yoast-schema-graph\">{\"@context\":\"https:\\\/\\\/schema.org\",\"@graph\":[{\"@type\":\"Article\",\"@id\":\"https:\\\/\\\/covasna45.ro\\\/index.php\\\/lumea-noastra\\\/sepsibook-peste-12-000-de-cititori-au-celebrat-literatura-la-sfantu-gheorghe\\\/#article\",\"isPartOf\":{\"@id\":\"https:\\\/\\\/covasna45.ro\\\/index.php\\\/lumea-noastra\\\/sepsibook-peste-12-000-de-cititori-au-celebrat-literatura-la-sfantu-gheorghe\\\/\"},\"author\":{\"name\":\"Covasna45\",\"@id\":\"https:\\\/\\\/covasna45.ro\\\/#\\\/schema\\\/person\\\/e674052bd7d95d70bbb007a1060ab73c\"},\"headline\":\"SepsiBook: peste 12.000 de cititori au celebrat literatura la Sf\u00e2ntu Gheorghe\",\"datePublished\":\"2025-05-27T13:14:12+00:00\",\"mainEntityOfPage\":{\"@id\":\"https:\\\/\\\/covasna45.ro\\\/index.php\\\/lumea-noastra\\\/sepsibook-peste-12-000-de-cititori-au-celebrat-literatura-la-sfantu-gheorghe\\\/\"},\"wordCount\":1412,\"commentCount\":0,\"publisher\":{\"@id\":\"https:\\\/\\\/covasna45.ro\\\/#organization\"},\"image\":{\"@id\":\"https:\\\/\\\/covasna45.ro\\\/index.php\\\/lumea-noastra\\\/sepsibook-peste-12-000-de-cititori-au-celebrat-literatura-la-sfantu-gheorghe\\\/#primaryimage\"},\"thumbnailUrl\":\"https:\\\/\\\/covasna45.ro\\\/wp-content\\\/uploads\\\/2025\\\/05\\\/sb2-1.jpg\",\"keywords\":[\"Arena Sepsi\",\"literatura\",\"Mircea Cartarescu\",\"Sepsi Book\"],\"articleSection\":[\"Lumea noastr\u0103\"],\"inLanguage\":\"ro-RO\",\"potentialAction\":[{\"@type\":\"CommentAction\",\"name\":\"Comment\",\"target\":[\"https:\\\/\\\/covasna45.ro\\\/index.php\\\/lumea-noastra\\\/sepsibook-peste-12-000-de-cititori-au-celebrat-literatura-la-sfantu-gheorghe\\\/#respond\"]}]},{\"@type\":\"WebPage\",\"@id\":\"https:\\\/\\\/covasna45.ro\\\/index.php\\\/lumea-noastra\\\/sepsibook-peste-12-000-de-cititori-au-celebrat-literatura-la-sfantu-gheorghe\\\/\",\"url\":\"https:\\\/\\\/covasna45.ro\\\/index.php\\\/lumea-noastra\\\/sepsibook-peste-12-000-de-cititori-au-celebrat-literatura-la-sfantu-gheorghe\\\/\",\"name\":\"SepsiBook: peste 12.000 de cititori au celebrat literatura la Sf\u00e2ntu Gheorghe - Covasna45\",\"isPartOf\":{\"@id\":\"https:\\\/\\\/covasna45.ro\\\/#website\"},\"primaryImageOfPage\":{\"@id\":\"https:\\\/\\\/covasna45.ro\\\/index.php\\\/lumea-noastra\\\/sepsibook-peste-12-000-de-cititori-au-celebrat-literatura-la-sfantu-gheorghe\\\/#primaryimage\"},\"image\":{\"@id\":\"https:\\\/\\\/covasna45.ro\\\/index.php\\\/lumea-noastra\\\/sepsibook-peste-12-000-de-cititori-au-celebrat-literatura-la-sfantu-gheorghe\\\/#primaryimage\"},\"thumbnailUrl\":\"https:\\\/\\\/covasna45.ro\\\/wp-content\\\/uploads\\\/2025\\\/05\\\/sb2-1.jpg\",\"datePublished\":\"2025-05-27T13:14:12+00:00\",\"description\":\"Concluzia edi\u021biei de anul acesta e aceea c\u0103 SepsiBook continu\u0103 s\u0103 se consolideze ca un spa\u021biu esen\u021bial pentru promovarea lecturii.\",\"breadcrumb\":{\"@id\":\"https:\\\/\\\/covasna45.ro\\\/index.php\\\/lumea-noastra\\\/sepsibook-peste-12-000-de-cititori-au-celebrat-literatura-la-sfantu-gheorghe\\\/#breadcrumb\"},\"inLanguage\":\"ro-RO\",\"potentialAction\":[{\"@type\":\"ReadAction\",\"target\":[\"https:\\\/\\\/covasna45.ro\\\/index.php\\\/lumea-noastra\\\/sepsibook-peste-12-000-de-cititori-au-celebrat-literatura-la-sfantu-gheorghe\\\/\"]}]},{\"@type\":\"ImageObject\",\"inLanguage\":\"ro-RO\",\"@id\":\"https:\\\/\\\/covasna45.ro\\\/index.php\\\/lumea-noastra\\\/sepsibook-peste-12-000-de-cititori-au-celebrat-literatura-la-sfantu-gheorghe\\\/#primaryimage\",\"url\":\"https:\\\/\\\/covasna45.ro\\\/wp-content\\\/uploads\\\/2025\\\/05\\\/sb2-1.jpg\",\"contentUrl\":\"https:\\\/\\\/covasna45.ro\\\/wp-content\\\/uploads\\\/2025\\\/05\\\/sb2-1.jpg\",\"width\":1894,\"height\":1028},{\"@type\":\"BreadcrumbList\",\"@id\":\"https:\\\/\\\/covasna45.ro\\\/index.php\\\/lumea-noastra\\\/sepsibook-peste-12-000-de-cititori-au-celebrat-literatura-la-sfantu-gheorghe\\\/#breadcrumb\",\"itemListElement\":[{\"@type\":\"ListItem\",\"position\":1,\"name\":\"Prima pagin\u0103\",\"item\":\"https:\\\/\\\/covasna45.ro\\\/\"},{\"@type\":\"ListItem\",\"position\":2,\"name\":\"SepsiBook: peste 12.000 de cititori au celebrat literatura la Sf\u00e2ntu Gheorghe\"}]},{\"@type\":\"WebSite\",\"@id\":\"https:\\\/\\\/covasna45.ro\\\/#website\",\"url\":\"https:\\\/\\\/covasna45.ro\\\/\",\"name\":\"covasna45.ro\",\"description\":\"\",\"publisher\":{\"@id\":\"https:\\\/\\\/covasna45.ro\\\/#organization\"},\"potentialAction\":[{\"@type\":\"SearchAction\",\"target\":{\"@type\":\"EntryPoint\",\"urlTemplate\":\"https:\\\/\\\/covasna45.ro\\\/?s={search_term_string}\"},\"query-input\":{\"@type\":\"PropertyValueSpecification\",\"valueRequired\":true,\"valueName\":\"search_term_string\"}}],\"inLanguage\":\"ro-RO\"},{\"@type\":\"Organization\",\"@id\":\"https:\\\/\\\/covasna45.ro\\\/#organization\",\"name\":\"covasna45.ro\",\"url\":\"https:\\\/\\\/covasna45.ro\\\/\",\"logo\":{\"@type\":\"ImageObject\",\"inLanguage\":\"ro-RO\",\"@id\":\"https:\\\/\\\/covasna45.ro\\\/#\\\/schema\\\/logo\\\/image\\\/\",\"url\":\"https:\\\/\\\/covasna45.ro\\\/wp-content\\\/uploads\\\/2023\\\/01\\\/icon_logo.png\",\"contentUrl\":\"https:\\\/\\\/covasna45.ro\\\/wp-content\\\/uploads\\\/2023\\\/01\\\/icon_logo.png\",\"width\":1900,\"height\":1900,\"caption\":\"covasna45.ro\"},\"image\":{\"@id\":\"https:\\\/\\\/covasna45.ro\\\/#\\\/schema\\\/logo\\\/image\\\/\"}},{\"@type\":\"Person\",\"@id\":\"https:\\\/\\\/covasna45.ro\\\/#\\\/schema\\\/person\\\/e674052bd7d95d70bbb007a1060ab73c\",\"name\":\"Covasna45\",\"image\":{\"@type\":\"ImageObject\",\"inLanguage\":\"ro-RO\",\"@id\":\"https:\\\/\\\/covasna45.ro\\\/wp-content\\\/uploads\\\/2025\\\/10\\\/icon_logo_covasna45-150x150.png\",\"url\":\"https:\\\/\\\/covasna45.ro\\\/wp-content\\\/uploads\\\/2025\\\/10\\\/icon_logo_covasna45-150x150.png\",\"contentUrl\":\"https:\\\/\\\/covasna45.ro\\\/wp-content\\\/uploads\\\/2025\\\/10\\\/icon_logo_covasna45-150x150.png\",\"caption\":\"Covasna45\"},\"sameAs\":[\"https:\\\/\\\/covasna45.ro\"],\"url\":\"https:\\\/\\\/covasna45.ro\\\/index.php\\\/author\\\/covasna\\\/\"}]}<\/script>\n<!-- \/ Yoast SEO plugin. -->","yoast_head_json":{"title":"SepsiBook: peste 12.000 de cititori au celebrat literatura la Sf\u00e2ntu Gheorghe - Covasna45","description":"Concluzia edi\u021biei de anul acesta e aceea c\u0103 SepsiBook continu\u0103 s\u0103 se consolideze ca un spa\u021biu esen\u021bial pentru promovarea lecturii.","robots":{"index":"index","follow":"follow","max-snippet":"max-snippet:-1","max-image-preview":"max-image-preview:large","max-video-preview":"max-video-preview:-1"},"canonical":"https:\/\/covasna45.ro\/index.php\/lumea-noastra\/sepsibook-peste-12-000-de-cititori-au-celebrat-literatura-la-sfantu-gheorghe\/","og_locale":"ro_RO","og_type":"article","og_title":"SepsiBook: peste 12.000 de cititori au celebrat literatura la Sf\u00e2ntu Gheorghe - Covasna45","og_description":"Concluzia edi\u021biei de anul acesta e aceea c\u0103 SepsiBook continu\u0103 s\u0103 se consolideze ca un spa\u021biu esen\u021bial pentru promovarea lecturii.","og_url":"https:\/\/covasna45.ro\/index.php\/lumea-noastra\/sepsibook-peste-12-000-de-cititori-au-celebrat-literatura-la-sfantu-gheorghe\/","og_site_name":"Covasna45","article_published_time":"2025-05-27T13:14:12+00:00","og_image":[{"width":1894,"height":1028,"url":"https:\/\/covasna45.ro\/wp-content\/uploads\/2025\/05\/sb2-1.jpg","type":"image\/jpeg"}],"author":"Covasna45","twitter_card":"summary_large_image","twitter_misc":{"Scris de":"Covasna45","Timp estimat pentru citire":"8 minute"},"schema":{"@context":"https:\/\/schema.org","@graph":[{"@type":"Article","@id":"https:\/\/covasna45.ro\/index.php\/lumea-noastra\/sepsibook-peste-12-000-de-cititori-au-celebrat-literatura-la-sfantu-gheorghe\/#article","isPartOf":{"@id":"https:\/\/covasna45.ro\/index.php\/lumea-noastra\/sepsibook-peste-12-000-de-cititori-au-celebrat-literatura-la-sfantu-gheorghe\/"},"author":{"name":"Covasna45","@id":"https:\/\/covasna45.ro\/#\/schema\/person\/e674052bd7d95d70bbb007a1060ab73c"},"headline":"SepsiBook: peste 12.000 de cititori au celebrat literatura la Sf\u00e2ntu Gheorghe","datePublished":"2025-05-27T13:14:12+00:00","mainEntityOfPage":{"@id":"https:\/\/covasna45.ro\/index.php\/lumea-noastra\/sepsibook-peste-12-000-de-cititori-au-celebrat-literatura-la-sfantu-gheorghe\/"},"wordCount":1412,"commentCount":0,"publisher":{"@id":"https:\/\/covasna45.ro\/#organization"},"image":{"@id":"https:\/\/covasna45.ro\/index.php\/lumea-noastra\/sepsibook-peste-12-000-de-cititori-au-celebrat-literatura-la-sfantu-gheorghe\/#primaryimage"},"thumbnailUrl":"https:\/\/covasna45.ro\/wp-content\/uploads\/2025\/05\/sb2-1.jpg","keywords":["Arena Sepsi","literatura","Mircea Cartarescu","Sepsi Book"],"articleSection":["Lumea noastr\u0103"],"inLanguage":"ro-RO","potentialAction":[{"@type":"CommentAction","name":"Comment","target":["https:\/\/covasna45.ro\/index.php\/lumea-noastra\/sepsibook-peste-12-000-de-cititori-au-celebrat-literatura-la-sfantu-gheorghe\/#respond"]}]},{"@type":"WebPage","@id":"https:\/\/covasna45.ro\/index.php\/lumea-noastra\/sepsibook-peste-12-000-de-cititori-au-celebrat-literatura-la-sfantu-gheorghe\/","url":"https:\/\/covasna45.ro\/index.php\/lumea-noastra\/sepsibook-peste-12-000-de-cititori-au-celebrat-literatura-la-sfantu-gheorghe\/","name":"SepsiBook: peste 12.000 de cititori au celebrat literatura la Sf\u00e2ntu Gheorghe - Covasna45","isPartOf":{"@id":"https:\/\/covasna45.ro\/#website"},"primaryImageOfPage":{"@id":"https:\/\/covasna45.ro\/index.php\/lumea-noastra\/sepsibook-peste-12-000-de-cititori-au-celebrat-literatura-la-sfantu-gheorghe\/#primaryimage"},"image":{"@id":"https:\/\/covasna45.ro\/index.php\/lumea-noastra\/sepsibook-peste-12-000-de-cititori-au-celebrat-literatura-la-sfantu-gheorghe\/#primaryimage"},"thumbnailUrl":"https:\/\/covasna45.ro\/wp-content\/uploads\/2025\/05\/sb2-1.jpg","datePublished":"2025-05-27T13:14:12+00:00","description":"Concluzia edi\u021biei de anul acesta e aceea c\u0103 SepsiBook continu\u0103 s\u0103 se consolideze ca un spa\u021biu esen\u021bial pentru promovarea lecturii.","breadcrumb":{"@id":"https:\/\/covasna45.ro\/index.php\/lumea-noastra\/sepsibook-peste-12-000-de-cititori-au-celebrat-literatura-la-sfantu-gheorghe\/#breadcrumb"},"inLanguage":"ro-RO","potentialAction":[{"@type":"ReadAction","target":["https:\/\/covasna45.ro\/index.php\/lumea-noastra\/sepsibook-peste-12-000-de-cititori-au-celebrat-literatura-la-sfantu-gheorghe\/"]}]},{"@type":"ImageObject","inLanguage":"ro-RO","@id":"https:\/\/covasna45.ro\/index.php\/lumea-noastra\/sepsibook-peste-12-000-de-cititori-au-celebrat-literatura-la-sfantu-gheorghe\/#primaryimage","url":"https:\/\/covasna45.ro\/wp-content\/uploads\/2025\/05\/sb2-1.jpg","contentUrl":"https:\/\/covasna45.ro\/wp-content\/uploads\/2025\/05\/sb2-1.jpg","width":1894,"height":1028},{"@type":"BreadcrumbList","@id":"https:\/\/covasna45.ro\/index.php\/lumea-noastra\/sepsibook-peste-12-000-de-cititori-au-celebrat-literatura-la-sfantu-gheorghe\/#breadcrumb","itemListElement":[{"@type":"ListItem","position":1,"name":"Prima pagin\u0103","item":"https:\/\/covasna45.ro\/"},{"@type":"ListItem","position":2,"name":"SepsiBook: peste 12.000 de cititori au celebrat literatura la Sf\u00e2ntu Gheorghe"}]},{"@type":"WebSite","@id":"https:\/\/covasna45.ro\/#website","url":"https:\/\/covasna45.ro\/","name":"covasna45.ro","description":"","publisher":{"@id":"https:\/\/covasna45.ro\/#organization"},"potentialAction":[{"@type":"SearchAction","target":{"@type":"EntryPoint","urlTemplate":"https:\/\/covasna45.ro\/?s={search_term_string}"},"query-input":{"@type":"PropertyValueSpecification","valueRequired":true,"valueName":"search_term_string"}}],"inLanguage":"ro-RO"},{"@type":"Organization","@id":"https:\/\/covasna45.ro\/#organization","name":"covasna45.ro","url":"https:\/\/covasna45.ro\/","logo":{"@type":"ImageObject","inLanguage":"ro-RO","@id":"https:\/\/covasna45.ro\/#\/schema\/logo\/image\/","url":"https:\/\/covasna45.ro\/wp-content\/uploads\/2023\/01\/icon_logo.png","contentUrl":"https:\/\/covasna45.ro\/wp-content\/uploads\/2023\/01\/icon_logo.png","width":1900,"height":1900,"caption":"covasna45.ro"},"image":{"@id":"https:\/\/covasna45.ro\/#\/schema\/logo\/image\/"}},{"@type":"Person","@id":"https:\/\/covasna45.ro\/#\/schema\/person\/e674052bd7d95d70bbb007a1060ab73c","name":"Covasna45","image":{"@type":"ImageObject","inLanguage":"ro-RO","@id":"https:\/\/covasna45.ro\/wp-content\/uploads\/2025\/10\/icon_logo_covasna45-150x150.png","url":"https:\/\/covasna45.ro\/wp-content\/uploads\/2025\/10\/icon_logo_covasna45-150x150.png","contentUrl":"https:\/\/covasna45.ro\/wp-content\/uploads\/2025\/10\/icon_logo_covasna45-150x150.png","caption":"Covasna45"},"sameAs":["https:\/\/covasna45.ro"],"url":"https:\/\/covasna45.ro\/index.php\/author\/covasna\/"}]}},"_links":{"self":[{"href":"https:\/\/covasna45.ro\/index.php\/wp-json\/wp\/v2\/posts\/11260","targetHints":{"allow":["GET"]}}],"collection":[{"href":"https:\/\/covasna45.ro\/index.php\/wp-json\/wp\/v2\/posts"}],"about":[{"href":"https:\/\/covasna45.ro\/index.php\/wp-json\/wp\/v2\/types\/post"}],"author":[{"embeddable":true,"href":"https:\/\/covasna45.ro\/index.php\/wp-json\/wp\/v2\/users\/1"}],"replies":[{"embeddable":true,"href":"https:\/\/covasna45.ro\/index.php\/wp-json\/wp\/v2\/comments?post=11260"}],"version-history":[{"count":1,"href":"https:\/\/covasna45.ro\/index.php\/wp-json\/wp\/v2\/posts\/11260\/revisions"}],"predecessor-version":[{"id":11266,"href":"https:\/\/covasna45.ro\/index.php\/wp-json\/wp\/v2\/posts\/11260\/revisions\/11266"}],"wp:featuredmedia":[{"embeddable":true,"href":"https:\/\/covasna45.ro\/index.php\/wp-json\/wp\/v2\/media\/11261"}],"wp:attachment":[{"href":"https:\/\/covasna45.ro\/index.php\/wp-json\/wp\/v2\/media?parent=11260"}],"wp:term":[{"taxonomy":"category","embeddable":true,"href":"https:\/\/covasna45.ro\/index.php\/wp-json\/wp\/v2\/categories?post=11260"},{"taxonomy":"post_tag","embeddable":true,"href":"https:\/\/covasna45.ro\/index.php\/wp-json\/wp\/v2\/tags?post=11260"}],"curies":[{"name":"wp","href":"https:\/\/api.w.org\/{rel}","templated":true}]}}