{"id":11267,"date":"2025-05-27T18:52:13","date_gmt":"2025-05-27T16:52:13","guid":{"rendered":"https:\/\/covasna45.ro\/?p=11267"},"modified":"2025-05-27T18:59:07","modified_gmt":"2025-05-27T16:59:07","slug":"csm-sfantu-gheorghe-medalie-de-bronz-la-campionatele-universitare-de-judo","status":"publish","type":"post","link":"https:\/\/covasna45.ro\/index.php\/sport\/csm-sfantu-gheorghe-medalie-de-bronz-la-campionatele-universitare-de-judo\/","title":{"rendered":"CSM Sf\u00e2ntu Gheorghe, medalie de bronz la Campionatele Universitare de Judo"},"content":{"rendered":"\n<p>Rezultate bune ob\u021binute de sportivii legitima\u021bi la Clubul Sportiv Municipal Sf\u00e2ntu Gheorghe la Campionatele Universitare de Judo, finala pe \u021bar\u0103: o medalie de bronz ob\u021binut\u0103 de Pavel Denis \u0219i un loc 5 ob\u021binut de Mocanu Daniel.<\/p>\n\n\n\n<figure class=\"wp-block-image size-large\"><img loading=\"lazy\" decoding=\"async\" width=\"1024\" height=\"683\" src=\"https:\/\/covasna45.ro\/wp-content\/uploads\/2025\/05\/jdsb-1024x683.jpg\" alt=\"\" class=\"wp-image-11272\" srcset=\"https:\/\/covasna45.ro\/wp-content\/uploads\/2025\/05\/jdsb-1024x683.jpg 1024w, https:\/\/covasna45.ro\/wp-content\/uploads\/2025\/05\/jdsb-300x200.jpg 300w, https:\/\/covasna45.ro\/wp-content\/uploads\/2025\/05\/jdsb-768x512.jpg 768w, https:\/\/covasna45.ro\/wp-content\/uploads\/2025\/05\/jdsb-1536x1025.jpg 1536w, https:\/\/covasna45.ro\/wp-content\/uploads\/2025\/05\/jdsb-150x100.jpg 150w, https:\/\/covasna45.ro\/wp-content\/uploads\/2025\/05\/jdsb-696x464.jpg 696w, https:\/\/covasna45.ro\/wp-content\/uploads\/2025\/05\/jdsb-1068x712.jpg 1068w, https:\/\/covasna45.ro\/wp-content\/uploads\/2025\/05\/jdsb-1920x1281.jpg 1920w, https:\/\/covasna45.ro\/wp-content\/uploads\/2025\/05\/jdsb.jpg 2048w\" sizes=\"auto, (max-width: 1024px) 100vw, 1024px\" \/><\/figure>\n\n\n\n<p>\u201e\u00cen perioada 23 &#8211; 25.05.2025 s-au desf\u0103\u0219urat la Sibiu Campionatele Universitare de Judo, competi\u021bie la care au participat peste 100 sportivi din 13 universit\u0103\u021bi din \u021bar\u0103, \u00een mare parte sportivi din Lotul Rom\u00e2niei de&nbsp; Judo. <\/p>\n\n\n\n<p>Printre ace\u0219tia s-au num\u0103rat \u0219i 2 sportivi legitima\u021bi la CSM Sf\u00e2ntu Gheorghe, preg\u0103ti\u021bi de antrenorul emerit Oltean Petru Shihan. Cei doi, studen\u021bi la universit\u0103\u021bi din Bra\u0219ov, au avut urm\u0103toarele rezultate: Pavel Denis locul 3 \u0219i medaliat cu bronz la categoria \u2013 60 kg \u0219i Mocanu Daniel Valentin, locul 5 la categoria -90 kg.<\/p>\n\n\n\n<figure class=\"wp-block-image size-large\"><img loading=\"lazy\" decoding=\"async\" width=\"845\" height=\"1024\" src=\"https:\/\/covasna45.ro\/wp-content\/uploads\/2025\/05\/judo-sibiu-845x1024.jpeg\" alt=\"\" class=\"wp-image-11269\" srcset=\"https:\/\/covasna45.ro\/wp-content\/uploads\/2025\/05\/judo-sibiu-845x1024.jpeg 845w, https:\/\/covasna45.ro\/wp-content\/uploads\/2025\/05\/judo-sibiu-248x300.jpeg 248w, https:\/\/covasna45.ro\/wp-content\/uploads\/2025\/05\/judo-sibiu-768x931.jpeg 768w, https:\/\/covasna45.ro\/wp-content\/uploads\/2025\/05\/judo-sibiu-150x182.jpeg 150w, https:\/\/covasna45.ro\/wp-content\/uploads\/2025\/05\/judo-sibiu-300x364.jpeg 300w, https:\/\/covasna45.ro\/wp-content\/uploads\/2025\/05\/judo-sibiu-696x843.jpeg 696w, https:\/\/covasna45.ro\/wp-content\/uploads\/2025\/05\/judo-sibiu-1068x1294.jpeg 1068w, https:\/\/covasna45.ro\/wp-content\/uploads\/2025\/05\/judo-sibiu.jpeg 1095w\" sizes=\"auto, (max-width: 845px) 100vw, 845px\" \/><\/figure>\n\n\n\n<p>Rezultatele ob\u021binute se sportivii CSM Sf\u00e2ntu Gheorghe sunt considerate ca fiind foarte bune\u201d, transmite clubul, \u00eentr-un comunicat de pres\u0103.<\/p>\n\n\n\n<p>A fost a 24-a edi\u021bie organizat\u0103 de Universitatea \u201eLucian Blaga\u201d din Sibiu, \u00een parteneriat cu Federa\u021bia Sportului \u0218colar Universitar.<\/p>\n\n\n\n<figure class=\"wp-block-image size-large\"><img loading=\"lazy\" decoding=\"async\" width=\"1024\" height=\"591\" src=\"https:\/\/covasna45.ro\/wp-content\/uploads\/2025\/05\/judo-9-1024x591.jpg\" alt=\"\" class=\"wp-image-11271\" srcset=\"https:\/\/covasna45.ro\/wp-content\/uploads\/2025\/05\/judo-9-1024x591.jpg 1024w, https:\/\/covasna45.ro\/wp-content\/uploads\/2025\/05\/judo-9-300x173.jpg 300w, https:\/\/covasna45.ro\/wp-content\/uploads\/2025\/05\/judo-9-768x443.jpg 768w, https:\/\/covasna45.ro\/wp-content\/uploads\/2025\/05\/judo-9-1536x887.jpg 1536w, https:\/\/covasna45.ro\/wp-content\/uploads\/2025\/05\/judo-9-150x87.jpg 150w, https:\/\/covasna45.ro\/wp-content\/uploads\/2025\/05\/judo-9-696x402.jpg 696w, https:\/\/covasna45.ro\/wp-content\/uploads\/2025\/05\/judo-9-1068x616.jpg 1068w, https:\/\/covasna45.ro\/wp-content\/uploads\/2025\/05\/judo-9-1920x1108.jpg 1920w, https:\/\/covasna45.ro\/wp-content\/uploads\/2025\/05\/judo-9.jpg 2048w\" sizes=\"auto, (max-width: 1024px) 100vw, 1024px\" \/><\/figure>\n\n\n\n<p>Anul acesta, pe tatami-ul S\u0103lii Transilvania, \u0219i-au dat \u00eent\u00e2lnire peste 100 de judoka din 13 centre universitare din \u021bar\u0103.<\/p>\n\n\n\n<p>Studen\u021bii-judoka au luptat la \u0219apte categorii de greutate, at\u00e2t \u00een competi\u021bia feminin\u0103, c\u00e2t \u0219i \u00een cea masculin\u0103.<\/p>\n\n\n\n<p>Sportivii \u00eenscri\u0219i \u00een competi\u021bia din acest an au concurat pentru titlul de campion na\u021bional universitar \u0219i pentru un loc \u00een delega\u021bia Rom\u00e2niei la Campionatele Europene de Kombat din Polonia.<\/p>\n\n\n\n<figure class=\"wp-block-image size-full\"><img loading=\"lazy\" decoding=\"async\" width=\"675\" height=\"990\" src=\"https:\/\/covasna45.ro\/wp-content\/uploads\/2025\/05\/judo-sb5.jpeg\" alt=\"\" class=\"wp-image-11270\" srcset=\"https:\/\/covasna45.ro\/wp-content\/uploads\/2025\/05\/judo-sb5.jpeg 675w, https:\/\/covasna45.ro\/wp-content\/uploads\/2025\/05\/judo-sb5-205x300.jpeg 205w, https:\/\/covasna45.ro\/wp-content\/uploads\/2025\/05\/judo-sb5-150x220.jpeg 150w, https:\/\/covasna45.ro\/wp-content\/uploads\/2025\/05\/judo-sb5-300x440.jpeg 300w\" sizes=\"auto, (max-width: 675px) 100vw, 675px\" \/><\/figure>\n\n\n\n<p>\u201eMul\u021bumim pe aceast\u0103 cale tuturor celor care au contribuit la preg\u0103tirea, participarea \u0219i ob\u021binerea acestor rezultate frumoase precum \u0219i pentru mediatizarea acestor rezultate \u00een mass-media local\u0103!<\/p>\n\n\n\n<figure class=\"wp-block-image size-large\"><img loading=\"lazy\" decoding=\"async\" width=\"1024\" height=\"683\" src=\"https:\/\/covasna45.ro\/wp-content\/uploads\/2025\/05\/jj-sb-1024x683.jpg\" alt=\"\" class=\"wp-image-11273\" srcset=\"https:\/\/covasna45.ro\/wp-content\/uploads\/2025\/05\/jj-sb-1024x683.jpg 1024w, https:\/\/covasna45.ro\/wp-content\/uploads\/2025\/05\/jj-sb-300x200.jpg 300w, https:\/\/covasna45.ro\/wp-content\/uploads\/2025\/05\/jj-sb-768x512.jpg 768w, https:\/\/covasna45.ro\/wp-content\/uploads\/2025\/05\/jj-sb-1536x1025.jpg 1536w, https:\/\/covasna45.ro\/wp-content\/uploads\/2025\/05\/jj-sb-150x100.jpg 150w, https:\/\/covasna45.ro\/wp-content\/uploads\/2025\/05\/jj-sb-696x464.jpg 696w, https:\/\/covasna45.ro\/wp-content\/uploads\/2025\/05\/jj-sb-1068x712.jpg 1068w, https:\/\/covasna45.ro\/wp-content\/uploads\/2025\/05\/jj-sb-1920x1281.jpg 1920w, https:\/\/covasna45.ro\/wp-content\/uploads\/2025\/05\/jj-sb.jpg 2048w\" sizes=\"auto, (max-width: 1024px) 100vw, 1024px\" \/><\/figure>\n\n\n\n<p>Totodat\u0103 anun\u021b\u0103m c\u0103 facem \u00eenscrieri la sec\u021bia de Judo performan\u021b\u0103 \u0219i la sec\u021bia de Amatori judo \u0219i Arte mar\u021biale Ju-Jitsu. Informa\u021bii suplimentare la telefon 0744378469 sau la sediul clubului CSM Sf\u00e2ntu Gheorghe Str. Stadionului nr. 12, mun. Sf\u00e2ntu Gheorghe\u201d, se mai arat\u0103 \u00een comunicatul clubului.<\/p>\n","protected":false},"excerpt":{"rendered":"<p>Rezultate bune ob\u021binute de sportivii legitima\u021bi la Clubul Sportiv Municipal Sf\u00e2ntu Gheorghe la Campionatele Universitare de Judo, finala pe \u021bar\u0103: o medalie de bronz ob\u021binut\u0103 de Pavel Denis \u0219i un loc 5 ob\u021binut de Mocanu Daniel. \u201e\u00cen perioada 23 &#8211; 25.05.2025 s-au desf\u0103\u0219urat la Sibiu Campionatele Universitare de Judo, competi\u021bie la care au participat peste [&hellip;]<\/p>\n","protected":false},"author":1,"featured_media":11268,"comment_status":"open","ping_status":"closed","sticky":false,"template":"","format":"standard","meta":{"tdm_status":"","tdm_grid_status":"","footnotes":""},"categories":[17],"tags":[3626,1568],"class_list":{"0":"post-11267","1":"post","2":"type-post","3":"status-publish","4":"format-standard","5":"has-post-thumbnail","7":"category-sport","8":"tag-csm-sf-gheorghe-2","9":"tag-judo"},"yoast_head":"<!-- This site is optimized with the Yoast SEO plugin v27.5 - https:\/\/yoast.com\/product\/yoast-seo-wordpress\/ -->\n<title>CSM Sf\u00e2ntu Gheorghe, medalie de bronz la Campionatele Universitare de Judo - Covasna45<\/title>\n<meta name=\"description\" content=\"A fost a 24-a edi\u021bie organizat\u0103 de Universitatea ,,Lucian Blaga\u201d din Sibiu, \u00een parteneriat cu Federa\u021bia Sportului \u0218colar Universitar.\" \/>\n<meta name=\"robots\" content=\"index, follow, max-snippet:-1, max-image-preview:large, max-video-preview:-1\" \/>\n<link rel=\"canonical\" href=\"https:\/\/covasna45.ro\/index.php\/sport\/csm-sfantu-gheorghe-medalie-de-bronz-la-campionatele-universitare-de-judo\/\" \/>\n<meta property=\"og:locale\" content=\"ro_RO\" \/>\n<meta property=\"og:type\" content=\"article\" \/>\n<meta property=\"og:title\" content=\"CSM Sf\u00e2ntu Gheorghe, medalie de bronz la Campionatele Universitare de Judo - Covasna45\" \/>\n<meta property=\"og:description\" content=\"A fost a 24-a edi\u021bie organizat\u0103 de Universitatea ,,Lucian Blaga\u201d din Sibiu, \u00een parteneriat cu Federa\u021bia Sportului \u0218colar Universitar.\" \/>\n<meta property=\"og:url\" content=\"https:\/\/covasna45.ro\/index.php\/sport\/csm-sfantu-gheorghe-medalie-de-bronz-la-campionatele-universitare-de-judo\/\" \/>\n<meta property=\"og:site_name\" content=\"Covasna45\" \/>\n<meta property=\"article:published_time\" content=\"2025-05-27T16:52:13+00:00\" \/>\n<meta property=\"article:modified_time\" content=\"2025-05-27T16:59:07+00:00\" \/>\n<meta property=\"og:image\" content=\"https:\/\/covasna45.ro\/wp-content\/uploads\/2025\/05\/judo-sibiu-2.jpeg\" \/>\n\t<meta property=\"og:image:width\" content=\"1095\" \/>\n\t<meta property=\"og:image:height\" content=\"897\" \/>\n\t<meta property=\"og:image:type\" content=\"image\/jpeg\" \/>\n<meta name=\"author\" content=\"Covasna45\" \/>\n<meta name=\"twitter:card\" content=\"summary_large_image\" \/>\n<meta name=\"twitter:label1\" content=\"Scris de\" \/>\n\t<meta name=\"twitter:data1\" content=\"Covasna45\" \/>\n\t<meta name=\"twitter:label2\" content=\"Timp estimat pentru citire\" \/>\n\t<meta name=\"twitter:data2\" content=\"3 minute\" \/>\n<script type=\"application\/ld+json\" class=\"yoast-schema-graph\">{\"@context\":\"https:\\\/\\\/schema.org\",\"@graph\":[{\"@type\":\"Article\",\"@id\":\"https:\\\/\\\/covasna45.ro\\\/index.php\\\/sport\\\/csm-sfantu-gheorghe-medalie-de-bronz-la-campionatele-universitare-de-judo\\\/#article\",\"isPartOf\":{\"@id\":\"https:\\\/\\\/covasna45.ro\\\/index.php\\\/sport\\\/csm-sfantu-gheorghe-medalie-de-bronz-la-campionatele-universitare-de-judo\\\/\"},\"author\":{\"name\":\"Covasna45\",\"@id\":\"https:\\\/\\\/covasna45.ro\\\/#\\\/schema\\\/person\\\/e674052bd7d95d70bbb007a1060ab73c\"},\"headline\":\"CSM Sf\u00e2ntu Gheorghe, medalie de bronz la Campionatele Universitare de Judo\",\"datePublished\":\"2025-05-27T16:52:13+00:00\",\"dateModified\":\"2025-05-27T16:59:07+00:00\",\"mainEntityOfPage\":{\"@id\":\"https:\\\/\\\/covasna45.ro\\\/index.php\\\/sport\\\/csm-sfantu-gheorghe-medalie-de-bronz-la-campionatele-universitare-de-judo\\\/\"},\"wordCount\":341,\"commentCount\":0,\"publisher\":{\"@id\":\"https:\\\/\\\/covasna45.ro\\\/#organization\"},\"image\":{\"@id\":\"https:\\\/\\\/covasna45.ro\\\/index.php\\\/sport\\\/csm-sfantu-gheorghe-medalie-de-bronz-la-campionatele-universitare-de-judo\\\/#primaryimage\"},\"thumbnailUrl\":\"https:\\\/\\\/covasna45.ro\\\/wp-content\\\/uploads\\\/2025\\\/05\\\/judo-sibiu-2.jpeg\",\"keywords\":[\"csm Sf. Gheorghe\",\"Judo\"],\"articleSection\":[\"Sport\"],\"inLanguage\":\"ro-RO\",\"potentialAction\":[{\"@type\":\"CommentAction\",\"name\":\"Comment\",\"target\":[\"https:\\\/\\\/covasna45.ro\\\/index.php\\\/sport\\\/csm-sfantu-gheorghe-medalie-de-bronz-la-campionatele-universitare-de-judo\\\/#respond\"]}]},{\"@type\":\"WebPage\",\"@id\":\"https:\\\/\\\/covasna45.ro\\\/index.php\\\/sport\\\/csm-sfantu-gheorghe-medalie-de-bronz-la-campionatele-universitare-de-judo\\\/\",\"url\":\"https:\\\/\\\/covasna45.ro\\\/index.php\\\/sport\\\/csm-sfantu-gheorghe-medalie-de-bronz-la-campionatele-universitare-de-judo\\\/\",\"name\":\"CSM Sf\u00e2ntu Gheorghe, medalie de bronz la Campionatele Universitare de Judo - Covasna45\",\"isPartOf\":{\"@id\":\"https:\\\/\\\/covasna45.ro\\\/#website\"},\"primaryImageOfPage\":{\"@id\":\"https:\\\/\\\/covasna45.ro\\\/index.php\\\/sport\\\/csm-sfantu-gheorghe-medalie-de-bronz-la-campionatele-universitare-de-judo\\\/#primaryimage\"},\"image\":{\"@id\":\"https:\\\/\\\/covasna45.ro\\\/index.php\\\/sport\\\/csm-sfantu-gheorghe-medalie-de-bronz-la-campionatele-universitare-de-judo\\\/#primaryimage\"},\"thumbnailUrl\":\"https:\\\/\\\/covasna45.ro\\\/wp-content\\\/uploads\\\/2025\\\/05\\\/judo-sibiu-2.jpeg\",\"datePublished\":\"2025-05-27T16:52:13+00:00\",\"dateModified\":\"2025-05-27T16:59:07+00:00\",\"description\":\"A fost a 24-a edi\u021bie organizat\u0103 de Universitatea ,,Lucian Blaga\u201d din Sibiu, \u00een parteneriat cu Federa\u021bia Sportului \u0218colar Universitar.\",\"breadcrumb\":{\"@id\":\"https:\\\/\\\/covasna45.ro\\\/index.php\\\/sport\\\/csm-sfantu-gheorghe-medalie-de-bronz-la-campionatele-universitare-de-judo\\\/#breadcrumb\"},\"inLanguage\":\"ro-RO\",\"potentialAction\":[{\"@type\":\"ReadAction\",\"target\":[\"https:\\\/\\\/covasna45.ro\\\/index.php\\\/sport\\\/csm-sfantu-gheorghe-medalie-de-bronz-la-campionatele-universitare-de-judo\\\/\"]}]},{\"@type\":\"ImageObject\",\"inLanguage\":\"ro-RO\",\"@id\":\"https:\\\/\\\/covasna45.ro\\\/index.php\\\/sport\\\/csm-sfantu-gheorghe-medalie-de-bronz-la-campionatele-universitare-de-judo\\\/#primaryimage\",\"url\":\"https:\\\/\\\/covasna45.ro\\\/wp-content\\\/uploads\\\/2025\\\/05\\\/judo-sibiu-2.jpeg\",\"contentUrl\":\"https:\\\/\\\/covasna45.ro\\\/wp-content\\\/uploads\\\/2025\\\/05\\\/judo-sibiu-2.jpeg\",\"width\":1095,\"height\":897},{\"@type\":\"BreadcrumbList\",\"@id\":\"https:\\\/\\\/covasna45.ro\\\/index.php\\\/sport\\\/csm-sfantu-gheorghe-medalie-de-bronz-la-campionatele-universitare-de-judo\\\/#breadcrumb\",\"itemListElement\":[{\"@type\":\"ListItem\",\"position\":1,\"name\":\"Prima pagin\u0103\",\"item\":\"https:\\\/\\\/covasna45.ro\\\/\"},{\"@type\":\"ListItem\",\"position\":2,\"name\":\"CSM Sf\u00e2ntu Gheorghe, medalie de bronz la Campionatele Universitare de Judo\"}]},{\"@type\":\"WebSite\",\"@id\":\"https:\\\/\\\/covasna45.ro\\\/#website\",\"url\":\"https:\\\/\\\/covasna45.ro\\\/\",\"name\":\"covasna45.ro\",\"description\":\"\",\"publisher\":{\"@id\":\"https:\\\/\\\/covasna45.ro\\\/#organization\"},\"potentialAction\":[{\"@type\":\"SearchAction\",\"target\":{\"@type\":\"EntryPoint\",\"urlTemplate\":\"https:\\\/\\\/covasna45.ro\\\/?s={search_term_string}\"},\"query-input\":{\"@type\":\"PropertyValueSpecification\",\"valueRequired\":true,\"valueName\":\"search_term_string\"}}],\"inLanguage\":\"ro-RO\"},{\"@type\":\"Organization\",\"@id\":\"https:\\\/\\\/covasna45.ro\\\/#organization\",\"name\":\"covasna45.ro\",\"url\":\"https:\\\/\\\/covasna45.ro\\\/\",\"logo\":{\"@type\":\"ImageObject\",\"inLanguage\":\"ro-RO\",\"@id\":\"https:\\\/\\\/covasna45.ro\\\/#\\\/schema\\\/logo\\\/image\\\/\",\"url\":\"https:\\\/\\\/covasna45.ro\\\/wp-content\\\/uploads\\\/2023\\\/01\\\/icon_logo.png\",\"contentUrl\":\"https:\\\/\\\/covasna45.ro\\\/wp-content\\\/uploads\\\/2023\\\/01\\\/icon_logo.png\",\"width\":1900,\"height\":1900,\"caption\":\"covasna45.ro\"},\"image\":{\"@id\":\"https:\\\/\\\/covasna45.ro\\\/#\\\/schema\\\/logo\\\/image\\\/\"}},{\"@type\":\"Person\",\"@id\":\"https:\\\/\\\/covasna45.ro\\\/#\\\/schema\\\/person\\\/e674052bd7d95d70bbb007a1060ab73c\",\"name\":\"Covasna45\",\"image\":{\"@type\":\"ImageObject\",\"inLanguage\":\"ro-RO\",\"@id\":\"https:\\\/\\\/covasna45.ro\\\/wp-content\\\/uploads\\\/2025\\\/10\\\/icon_logo_covasna45-150x150.png\",\"url\":\"https:\\\/\\\/covasna45.ro\\\/wp-content\\\/uploads\\\/2025\\\/10\\\/icon_logo_covasna45-150x150.png\",\"contentUrl\":\"https:\\\/\\\/covasna45.ro\\\/wp-content\\\/uploads\\\/2025\\\/10\\\/icon_logo_covasna45-150x150.png\",\"caption\":\"Covasna45\"},\"sameAs\":[\"https:\\\/\\\/covasna45.ro\"],\"url\":\"https:\\\/\\\/covasna45.ro\\\/index.php\\\/author\\\/covasna\\\/\"}]}<\/script>\n<!-- \/ Yoast SEO plugin. -->","yoast_head_json":{"title":"CSM Sf\u00e2ntu Gheorghe, medalie de bronz la Campionatele Universitare de Judo - Covasna45","description":"A fost a 24-a edi\u021bie organizat\u0103 de Universitatea ,,Lucian Blaga\u201d din Sibiu, \u00een parteneriat cu Federa\u021bia Sportului \u0218colar Universitar.","robots":{"index":"index","follow":"follow","max-snippet":"max-snippet:-1","max-image-preview":"max-image-preview:large","max-video-preview":"max-video-preview:-1"},"canonical":"https:\/\/covasna45.ro\/index.php\/sport\/csm-sfantu-gheorghe-medalie-de-bronz-la-campionatele-universitare-de-judo\/","og_locale":"ro_RO","og_type":"article","og_title":"CSM Sf\u00e2ntu Gheorghe, medalie de bronz la Campionatele Universitare de Judo - Covasna45","og_description":"A fost a 24-a edi\u021bie organizat\u0103 de Universitatea ,,Lucian Blaga\u201d din Sibiu, \u00een parteneriat cu Federa\u021bia Sportului \u0218colar Universitar.","og_url":"https:\/\/covasna45.ro\/index.php\/sport\/csm-sfantu-gheorghe-medalie-de-bronz-la-campionatele-universitare-de-judo\/","og_site_name":"Covasna45","article_published_time":"2025-05-27T16:52:13+00:00","article_modified_time":"2025-05-27T16:59:07+00:00","og_image":[{"width":1095,"height":897,"url":"https:\/\/covasna45.ro\/wp-content\/uploads\/2025\/05\/judo-sibiu-2.jpeg","type":"image\/jpeg"}],"author":"Covasna45","twitter_card":"summary_large_image","twitter_misc":{"Scris de":"Covasna45","Timp estimat pentru citire":"3 minute"},"schema":{"@context":"https:\/\/schema.org","@graph":[{"@type":"Article","@id":"https:\/\/covasna45.ro\/index.php\/sport\/csm-sfantu-gheorghe-medalie-de-bronz-la-campionatele-universitare-de-judo\/#article","isPartOf":{"@id":"https:\/\/covasna45.ro\/index.php\/sport\/csm-sfantu-gheorghe-medalie-de-bronz-la-campionatele-universitare-de-judo\/"},"author":{"name":"Covasna45","@id":"https:\/\/covasna45.ro\/#\/schema\/person\/e674052bd7d95d70bbb007a1060ab73c"},"headline":"CSM Sf\u00e2ntu Gheorghe, medalie de bronz la Campionatele Universitare de Judo","datePublished":"2025-05-27T16:52:13+00:00","dateModified":"2025-05-27T16:59:07+00:00","mainEntityOfPage":{"@id":"https:\/\/covasna45.ro\/index.php\/sport\/csm-sfantu-gheorghe-medalie-de-bronz-la-campionatele-universitare-de-judo\/"},"wordCount":341,"commentCount":0,"publisher":{"@id":"https:\/\/covasna45.ro\/#organization"},"image":{"@id":"https:\/\/covasna45.ro\/index.php\/sport\/csm-sfantu-gheorghe-medalie-de-bronz-la-campionatele-universitare-de-judo\/#primaryimage"},"thumbnailUrl":"https:\/\/covasna45.ro\/wp-content\/uploads\/2025\/05\/judo-sibiu-2.jpeg","keywords":["csm Sf. Gheorghe","Judo"],"articleSection":["Sport"],"inLanguage":"ro-RO","potentialAction":[{"@type":"CommentAction","name":"Comment","target":["https:\/\/covasna45.ro\/index.php\/sport\/csm-sfantu-gheorghe-medalie-de-bronz-la-campionatele-universitare-de-judo\/#respond"]}]},{"@type":"WebPage","@id":"https:\/\/covasna45.ro\/index.php\/sport\/csm-sfantu-gheorghe-medalie-de-bronz-la-campionatele-universitare-de-judo\/","url":"https:\/\/covasna45.ro\/index.php\/sport\/csm-sfantu-gheorghe-medalie-de-bronz-la-campionatele-universitare-de-judo\/","name":"CSM Sf\u00e2ntu Gheorghe, medalie de bronz la Campionatele Universitare de Judo - Covasna45","isPartOf":{"@id":"https:\/\/covasna45.ro\/#website"},"primaryImageOfPage":{"@id":"https:\/\/covasna45.ro\/index.php\/sport\/csm-sfantu-gheorghe-medalie-de-bronz-la-campionatele-universitare-de-judo\/#primaryimage"},"image":{"@id":"https:\/\/covasna45.ro\/index.php\/sport\/csm-sfantu-gheorghe-medalie-de-bronz-la-campionatele-universitare-de-judo\/#primaryimage"},"thumbnailUrl":"https:\/\/covasna45.ro\/wp-content\/uploads\/2025\/05\/judo-sibiu-2.jpeg","datePublished":"2025-05-27T16:52:13+00:00","dateModified":"2025-05-27T16:59:07+00:00","description":"A fost a 24-a edi\u021bie organizat\u0103 de Universitatea ,,Lucian Blaga\u201d din Sibiu, \u00een parteneriat cu Federa\u021bia Sportului \u0218colar Universitar.","breadcrumb":{"@id":"https:\/\/covasna45.ro\/index.php\/sport\/csm-sfantu-gheorghe-medalie-de-bronz-la-campionatele-universitare-de-judo\/#breadcrumb"},"inLanguage":"ro-RO","potentialAction":[{"@type":"ReadAction","target":["https:\/\/covasna45.ro\/index.php\/sport\/csm-sfantu-gheorghe-medalie-de-bronz-la-campionatele-universitare-de-judo\/"]}]},{"@type":"ImageObject","inLanguage":"ro-RO","@id":"https:\/\/covasna45.ro\/index.php\/sport\/csm-sfantu-gheorghe-medalie-de-bronz-la-campionatele-universitare-de-judo\/#primaryimage","url":"https:\/\/covasna45.ro\/wp-content\/uploads\/2025\/05\/judo-sibiu-2.jpeg","contentUrl":"https:\/\/covasna45.ro\/wp-content\/uploads\/2025\/05\/judo-sibiu-2.jpeg","width":1095,"height":897},{"@type":"BreadcrumbList","@id":"https:\/\/covasna45.ro\/index.php\/sport\/csm-sfantu-gheorghe-medalie-de-bronz-la-campionatele-universitare-de-judo\/#breadcrumb","itemListElement":[{"@type":"ListItem","position":1,"name":"Prima pagin\u0103","item":"https:\/\/covasna45.ro\/"},{"@type":"ListItem","position":2,"name":"CSM Sf\u00e2ntu Gheorghe, medalie de bronz la Campionatele Universitare de Judo"}]},{"@type":"WebSite","@id":"https:\/\/covasna45.ro\/#website","url":"https:\/\/covasna45.ro\/","name":"covasna45.ro","description":"","publisher":{"@id":"https:\/\/covasna45.ro\/#organization"},"potentialAction":[{"@type":"SearchAction","target":{"@type":"EntryPoint","urlTemplate":"https:\/\/covasna45.ro\/?s={search_term_string}"},"query-input":{"@type":"PropertyValueSpecification","valueRequired":true,"valueName":"search_term_string"}}],"inLanguage":"ro-RO"},{"@type":"Organization","@id":"https:\/\/covasna45.ro\/#organization","name":"covasna45.ro","url":"https:\/\/covasna45.ro\/","logo":{"@type":"ImageObject","inLanguage":"ro-RO","@id":"https:\/\/covasna45.ro\/#\/schema\/logo\/image\/","url":"https:\/\/covasna45.ro\/wp-content\/uploads\/2023\/01\/icon_logo.png","contentUrl":"https:\/\/covasna45.ro\/wp-content\/uploads\/2023\/01\/icon_logo.png","width":1900,"height":1900,"caption":"covasna45.ro"},"image":{"@id":"https:\/\/covasna45.ro\/#\/schema\/logo\/image\/"}},{"@type":"Person","@id":"https:\/\/covasna45.ro\/#\/schema\/person\/e674052bd7d95d70bbb007a1060ab73c","name":"Covasna45","image":{"@type":"ImageObject","inLanguage":"ro-RO","@id":"https:\/\/covasna45.ro\/wp-content\/uploads\/2025\/10\/icon_logo_covasna45-150x150.png","url":"https:\/\/covasna45.ro\/wp-content\/uploads\/2025\/10\/icon_logo_covasna45-150x150.png","contentUrl":"https:\/\/covasna45.ro\/wp-content\/uploads\/2025\/10\/icon_logo_covasna45-150x150.png","caption":"Covasna45"},"sameAs":["https:\/\/covasna45.ro"],"url":"https:\/\/covasna45.ro\/index.php\/author\/covasna\/"}]}},"_links":{"self":[{"href":"https:\/\/covasna45.ro\/index.php\/wp-json\/wp\/v2\/posts\/11267","targetHints":{"allow":["GET"]}}],"collection":[{"href":"https:\/\/covasna45.ro\/index.php\/wp-json\/wp\/v2\/posts"}],"about":[{"href":"https:\/\/covasna45.ro\/index.php\/wp-json\/wp\/v2\/types\/post"}],"author":[{"embeddable":true,"href":"https:\/\/covasna45.ro\/index.php\/wp-json\/wp\/v2\/users\/1"}],"replies":[{"embeddable":true,"href":"https:\/\/covasna45.ro\/index.php\/wp-json\/wp\/v2\/comments?post=11267"}],"version-history":[{"count":8,"href":"https:\/\/covasna45.ro\/index.php\/wp-json\/wp\/v2\/posts\/11267\/revisions"}],"predecessor-version":[{"id":11282,"href":"https:\/\/covasna45.ro\/index.php\/wp-json\/wp\/v2\/posts\/11267\/revisions\/11282"}],"wp:featuredmedia":[{"embeddable":true,"href":"https:\/\/covasna45.ro\/index.php\/wp-json\/wp\/v2\/media\/11268"}],"wp:attachment":[{"href":"https:\/\/covasna45.ro\/index.php\/wp-json\/wp\/v2\/media?parent=11267"}],"wp:term":[{"taxonomy":"category","embeddable":true,"href":"https:\/\/covasna45.ro\/index.php\/wp-json\/wp\/v2\/categories?post=11267"},{"taxonomy":"post_tag","embeddable":true,"href":"https:\/\/covasna45.ro\/index.php\/wp-json\/wp\/v2\/tags?post=11267"}],"curies":[{"name":"wp","href":"https:\/\/api.w.org\/{rel}","templated":true}]}}