{"id":11283,"date":"2025-05-28T07:06:39","date_gmt":"2025-05-28T05:06:39","guid":{"rendered":"https:\/\/covasna45.ro\/?p=11283"},"modified":"2025-05-28T07:06:40","modified_gmt":"2025-05-28T05:06:40","slug":"presedintele-nicusor-dan-incepe-azi-consultarile-cu-partidele","status":"publish","type":"post","link":"https:\/\/covasna45.ro\/index.php\/lumea-noastra\/presedintele-nicusor-dan-incepe-azi-consultarile-cu-partidele\/","title":{"rendered":"Pre\u0219edintele Nicu\u0219or Dan \u00eencepe azi consult\u0103rile cu partidele"},"content":{"rendered":"\n<p>Pre\u0219edintele Nicu\u0219or Dan are, ast\u0103zi, la Palatul Cotroceni, consult\u0103ri informale cu partidele \u0219i forma\u021biunile politice parlamentare, programate s\u0103 se desf\u0103\u0219oare pe parcursul a mai bine de 10 ore.<br><br>Potrivit <a href=\"https:\/\/www.presidency.ro\/ro\/media\/comunicate-de-presa\/consultari-informale-cu-partidele-si-formatiunile-politice-parlamentare\">Administra\u021biei Preziden\u021biale<\/a>, consult\u0103rile au fost ini\u021biate \u00een temeiul prevederilor articolului 80 alineatul (2) din Constitu\u021bie \u0219i vizeaz\u0103 situa\u021bia economic\u0103 \u0219i politic\u0103 a \u021b\u0103rii.<br><br>\u0218eful statului a precizat c\u0103 este vorba de o prim\u0103 rund\u0103 de discu\u021bii.<br><br>Pre\u0219edintele Nicu\u0219or Dan afirma, luni, c\u0103 un guvern sprijinit de o majoritate parlamentar\u0103 este, \u00een acest moment, \u00een interesul Rom\u00e2niei.<br><br>\u201eEste \u00een interesul na\u021bional al Rom\u00e2niei ca, \u00een acest moment, s\u0103 aib\u0103 un guvern sprijinit de o majoritate parlamentar\u0103. Pentru toate lucrurile pe care le-am spus: pentru a da stabilitate, predictibilitate, pentru ca s\u0103 reu\u0219im s\u0103 ne \u00eemprumut\u0103m mai ieftin dec\u00e2t ne \u00eemprumut\u0103m. \u0218i eu cred c\u0103, \u00een fa\u021ba interesului na\u021bional, un partid nu poate s\u0103 spun\u0103 nu\u201d, a declarat Nicu\u0219or Dan, la Parlament, \u00eentrebat cum \u00eei convinge pe social-democra\u021bi s\u0103 intre \u00een noul guvern, pentru c\u0103 au dat semnale c\u0103 nu doresc.<br><br>El a subliniat c\u0103 reformele fiscale sunt <a href=\"https:\/\/covasna45.ro\/index.php\/lumea-noastra\/nicusor-dan-statul-roman-are-nevoie-de-o-schimbare-fundamentala\/\">inevitabile<\/a> \u0219i e obligatoriu ca Rom\u00e2nia s\u0103 le fac\u0103.<\/p>\n\n\n\n<h2 class=\"wp-block-heading\">Primii care urmeaz\u0103 s\u0103 se prezinte la consult\u0103ri sunt reprezentan\u021bii Partidului Social Democrat (PSD), de la ora 9:00.<\/h2>\n\n\n\n<p>Pre\u0219edintele interimar al PSD, Sorin Grindeanu, a afirmat luni c\u0103 delega\u021bia social-democrat\u0103 se va prezenta la discu\u021bii cu \u201eun mandat deschis tuturor op\u021biunilor, f\u0103r\u0103 a pretinde ceva\u201d \u0219i va prezenta un set de m\u0103suri \u0219i o viziune social-democrat\u0103 privind viitoarea guvernare.<br><br>Grindeanu a enumerat \u0219i \u201eliniile ro\u0219ii\u201d peste care PSD nu poate trece pentru a intra la guvernare: \u201eo subfinan\u021bare c\u0103tre autorit\u0103\u021bile locale\u201d, \u201eo eventual\u0103 diminuare a zonei de investi\u021bii \u00een Rom\u00e2nia\u201d \u0219i, de asemenea, \u201eo eventual\u0103 sc\u0103dere a veniturilor rom\u00e2nilor\u201d.<br><br>Al\u0103turi de Sorin Grindeanu, \u00een delega\u021bia PSD de la consult\u0103ri vor fi Lia Olgu\u021ba Vasilescu \u0219i Victor Negrescu.<br><br><strong>De la ora 10:30 sunt a\u0219tepta\u021bi la consult\u0103ri reprezentan\u021bii Partidului Na\u021bional Liberal (PNL).<\/strong><br><br>Secretarul general al PNL, Adrian Ve\u0219tea, consider\u0103 c\u0103 toate partidele proeuropene trebuie s\u0103 se reg\u0103seasc\u0103 \u00een structura guvernamental\u0103, iar cei de \u201ebun\u0103 credin\u021b\u0103\u201d trebuie s\u0103 aib\u0103 \u201eflexibilitate\u201d \u0219i \u201edeschidere\u201d pentru un program comun de guvernare. Al\u0103turi de pre\u0219edintele interimar al PNL, la consult\u0103rile de la Palatul Cotroceni urmeaz\u0103 s\u0103 fie prezen\u021bi \u0219i liderii liberali Adrian Ve\u0219tea, C\u0103t\u0103lin Predoiu, Ciprian Ciucu \u0219i Dan Motreanu.<br><br>Delega\u021bia Uniunii Salva\u021bi Rom\u00e2nia (USR) este a\u0219teptat\u0103 la discu\u021bii de la ora 12:00. Propunerile USR vizeaz\u0103, \u00eentre altele, reducerea cheltuielilor \u201einutile \u0219i stoparea risipei\u201d din bani publici, precum \u0219i accelerarea absorb\u021biei fondurilor europene \u0219i implementarea \u201ereal\u0103\u201d a PNRR.<br><br><strong>Delega\u021bii Uniunii Democrate Maghiare din Rom\u00e2nia (UDMR) sunt programa\u021bi la consult\u0103ri de la ora 13:30.<\/strong><br><br>Mandatul delega\u021biei UDMR este unul larg, deschis, discu\u021biile urm\u00e2nd s\u0103 se axeze pe situa\u021bia economic\u0103, a <a href=\"https:\/\/agerpres.ro\/politic\/2025\/05\/28\/consultari-cotroceni-presedintele-nicusor-dan-discuta-cu-partidele-despre-situatia-economica-si-poli--1453676\">afirmat<\/a> liderul Uniunii, Kelemen Hunor, care crede c\u0103 p\u00e2n\u0103 la data de 14 iunie ar trebuie s\u0103 avem un nou guvern.<br><br>\u00centrebat dac\u0103 \u00ee\u0219i men\u021bine pozi\u021bia potrivit c\u0103reia UDMR nu vrea s\u0103 fac\u0103 parte dintr-un guvern minoritar, el a ar\u0103tat c\u0103 varianta Uniunii \u201e\u0219i prima variant\u0103 pentru toat\u0103 lumea este un guvern majoritar\u201d.<br><br>Al\u0103turi de Kelemen Hunor urmeaz\u0103 s\u0103 fie prezen\u021bi la consult\u0103ri Cseke Attila, Tzancos Barna, Antal Arpad \u0219i Miklos Zoltan.<br><br>Grupul Parlamentar al Minorit\u0103\u021bilor Na\u021bionale va urma la consult\u0103ri de la ora 15:00, iar Alian\u021ba pentru Unirea Rom\u00e2nilor (AUR) &#8211; la ora 16:00.\u00a0 Partidul S.O.S. Rom\u00e2nia este a\u0219teptat la consult\u0103rile cu pre\u0219edintele Nicu\u0219or Dan de la ora 17:00, iar de la ora 18:00 sunt programate discu\u021biile cu Partidul Oamenilor Tineri (POT).<br><br>Parlamentarii neafilia\u021bi sunt a\u0219tepta\u021bi la discu\u021biile cu pre\u0219edintele Nicu\u0219or Dan \u00eencep\u00e2nd cu ora 19:00. Printre ace\u0219ti se va afla \u0219i deputatul George Becali, care a confirmat, \u00eentr-o interven\u021bie la Digi 24, c\u0103 se va prezenta la consult\u0103rile de la Palatul Cotroceni.<\/p>\n","protected":false},"excerpt":{"rendered":"<p>Pre\u0219edintele Nicu\u0219or Dan are, ast\u0103zi, la Palatul Cotroceni, consult\u0103ri informale cu partidele \u0219i forma\u021biunile politice parlamentare, programate s\u0103 se desf\u0103\u0219oare pe parcursul a mai bine de 10 ore. Potrivit Administra\u021biei Preziden\u021biale, consult\u0103rile au fost ini\u021biate \u00een temeiul prevederilor articolului 80 alineatul (2) din Constitu\u021bie \u0219i vizeaz\u0103 situa\u021bia economic\u0103 \u0219i politic\u0103 a \u021b\u0103rii. \u0218eful statului a [&hellip;]<\/p>\n","protected":false},"author":1,"featured_media":11284,"comment_status":"open","ping_status":"closed","sticky":false,"template":"","format":"standard","meta":{"tdm_status":"","tdm_grid_status":"","footnotes":""},"categories":[14],"tags":[3627,3557,1792],"class_list":{"0":"post-11283","1":"post","2":"type-post","3":"status-publish","4":"format-standard","5":"has-post-thumbnail","7":"category-lumea-noastra","8":"tag-consultari-2","9":"tag-nicusor-dan-2","10":"tag-partide"},"yoast_head":"<!-- This site is optimized with the Yoast SEO plugin v27.5 - https:\/\/yoast.com\/product\/yoast-seo-wordpress\/ -->\n<title>Pre\u0219edintele Nicu\u0219or Dan \u00eencepe azi consult\u0103rile cu partidele - Covasna45<\/title>\n<meta name=\"description\" content=\"Parlamentarii neafilia\u021bi sunt a\u0219tepta\u021bi la discu\u021biile cu pre\u0219edintele Nicu\u0219or Dan \u00eencep\u00e2nd cu ora 19:00.\" \/>\n<meta name=\"robots\" content=\"index, follow, max-snippet:-1, max-image-preview:large, max-video-preview:-1\" \/>\n<link rel=\"canonical\" href=\"https:\/\/covasna45.ro\/index.php\/lumea-noastra\/presedintele-nicusor-dan-incepe-azi-consultarile-cu-partidele\/\" \/>\n<meta property=\"og:locale\" content=\"ro_RO\" \/>\n<meta property=\"og:type\" content=\"article\" \/>\n<meta property=\"og:title\" content=\"Pre\u0219edintele Nicu\u0219or Dan \u00eencepe azi consult\u0103rile cu partidele - Covasna45\" \/>\n<meta property=\"og:description\" content=\"Parlamentarii neafilia\u021bi sunt a\u0219tepta\u021bi la discu\u021biile cu pre\u0219edintele Nicu\u0219or Dan \u00eencep\u00e2nd cu ora 19:00.\" \/>\n<meta property=\"og:url\" content=\"https:\/\/covasna45.ro\/index.php\/lumea-noastra\/presedintele-nicusor-dan-incepe-azi-consultarile-cu-partidele\/\" \/>\n<meta property=\"og:site_name\" content=\"Covasna45\" \/>\n<meta property=\"article:published_time\" content=\"2025-05-28T05:06:39+00:00\" \/>\n<meta property=\"article:modified_time\" content=\"2025-05-28T05:06:40+00:00\" \/>\n<meta property=\"og:image\" content=\"https:\/\/covasna45.ro\/wp-content\/uploads\/2025\/05\/n-dan.jpg\" \/>\n\t<meta property=\"og:image:width\" content=\"1065\" \/>\n\t<meta property=\"og:image:height\" content=\"710\" \/>\n\t<meta property=\"og:image:type\" content=\"image\/jpeg\" \/>\n<meta name=\"author\" content=\"Covasna45\" \/>\n<meta name=\"twitter:card\" content=\"summary_large_image\" \/>\n<meta name=\"twitter:label1\" content=\"Scris de\" \/>\n\t<meta name=\"twitter:data1\" content=\"Covasna45\" \/>\n\t<meta name=\"twitter:label2\" content=\"Timp estimat pentru citire\" \/>\n\t<meta name=\"twitter:data2\" content=\"4 minute\" \/>\n<script type=\"application\/ld+json\" class=\"yoast-schema-graph\">{\"@context\":\"https:\\\/\\\/schema.org\",\"@graph\":[{\"@type\":\"Article\",\"@id\":\"https:\\\/\\\/covasna45.ro\\\/index.php\\\/lumea-noastra\\\/presedintele-nicusor-dan-incepe-azi-consultarile-cu-partidele\\\/#article\",\"isPartOf\":{\"@id\":\"https:\\\/\\\/covasna45.ro\\\/index.php\\\/lumea-noastra\\\/presedintele-nicusor-dan-incepe-azi-consultarile-cu-partidele\\\/\"},\"author\":{\"name\":\"Covasna45\",\"@id\":\"https:\\\/\\\/covasna45.ro\\\/#\\\/schema\\\/person\\\/e674052bd7d95d70bbb007a1060ab73c\"},\"headline\":\"Pre\u0219edintele Nicu\u0219or Dan \u00eencepe azi consult\u0103rile cu partidele\",\"datePublished\":\"2025-05-28T05:06:39+00:00\",\"dateModified\":\"2025-05-28T05:06:40+00:00\",\"mainEntityOfPage\":{\"@id\":\"https:\\\/\\\/covasna45.ro\\\/index.php\\\/lumea-noastra\\\/presedintele-nicusor-dan-incepe-azi-consultarile-cu-partidele\\\/\"},\"wordCount\":713,\"commentCount\":0,\"publisher\":{\"@id\":\"https:\\\/\\\/covasna45.ro\\\/#organization\"},\"image\":{\"@id\":\"https:\\\/\\\/covasna45.ro\\\/index.php\\\/lumea-noastra\\\/presedintele-nicusor-dan-incepe-azi-consultarile-cu-partidele\\\/#primaryimage\"},\"thumbnailUrl\":\"https:\\\/\\\/covasna45.ro\\\/wp-content\\\/uploads\\\/2025\\\/05\\\/n-dan.jpg\",\"keywords\":[\"consultari\",\"nicusor dan\",\"Partide\"],\"articleSection\":[\"Lumea noastr\u0103\"],\"inLanguage\":\"ro-RO\",\"potentialAction\":[{\"@type\":\"CommentAction\",\"name\":\"Comment\",\"target\":[\"https:\\\/\\\/covasna45.ro\\\/index.php\\\/lumea-noastra\\\/presedintele-nicusor-dan-incepe-azi-consultarile-cu-partidele\\\/#respond\"]}]},{\"@type\":\"WebPage\",\"@id\":\"https:\\\/\\\/covasna45.ro\\\/index.php\\\/lumea-noastra\\\/presedintele-nicusor-dan-incepe-azi-consultarile-cu-partidele\\\/\",\"url\":\"https:\\\/\\\/covasna45.ro\\\/index.php\\\/lumea-noastra\\\/presedintele-nicusor-dan-incepe-azi-consultarile-cu-partidele\\\/\",\"name\":\"Pre\u0219edintele Nicu\u0219or Dan \u00eencepe azi consult\u0103rile cu partidele - Covasna45\",\"isPartOf\":{\"@id\":\"https:\\\/\\\/covasna45.ro\\\/#website\"},\"primaryImageOfPage\":{\"@id\":\"https:\\\/\\\/covasna45.ro\\\/index.php\\\/lumea-noastra\\\/presedintele-nicusor-dan-incepe-azi-consultarile-cu-partidele\\\/#primaryimage\"},\"image\":{\"@id\":\"https:\\\/\\\/covasna45.ro\\\/index.php\\\/lumea-noastra\\\/presedintele-nicusor-dan-incepe-azi-consultarile-cu-partidele\\\/#primaryimage\"},\"thumbnailUrl\":\"https:\\\/\\\/covasna45.ro\\\/wp-content\\\/uploads\\\/2025\\\/05\\\/n-dan.jpg\",\"datePublished\":\"2025-05-28T05:06:39+00:00\",\"dateModified\":\"2025-05-28T05:06:40+00:00\",\"description\":\"Parlamentarii neafilia\u021bi sunt a\u0219tepta\u021bi la discu\u021biile cu pre\u0219edintele Nicu\u0219or Dan \u00eencep\u00e2nd cu ora 19:00.\",\"breadcrumb\":{\"@id\":\"https:\\\/\\\/covasna45.ro\\\/index.php\\\/lumea-noastra\\\/presedintele-nicusor-dan-incepe-azi-consultarile-cu-partidele\\\/#breadcrumb\"},\"inLanguage\":\"ro-RO\",\"potentialAction\":[{\"@type\":\"ReadAction\",\"target\":[\"https:\\\/\\\/covasna45.ro\\\/index.php\\\/lumea-noastra\\\/presedintele-nicusor-dan-incepe-azi-consultarile-cu-partidele\\\/\"]}]},{\"@type\":\"ImageObject\",\"inLanguage\":\"ro-RO\",\"@id\":\"https:\\\/\\\/covasna45.ro\\\/index.php\\\/lumea-noastra\\\/presedintele-nicusor-dan-incepe-azi-consultarile-cu-partidele\\\/#primaryimage\",\"url\":\"https:\\\/\\\/covasna45.ro\\\/wp-content\\\/uploads\\\/2025\\\/05\\\/n-dan.jpg\",\"contentUrl\":\"https:\\\/\\\/covasna45.ro\\\/wp-content\\\/uploads\\\/2025\\\/05\\\/n-dan.jpg\",\"width\":1065,\"height\":710},{\"@type\":\"BreadcrumbList\",\"@id\":\"https:\\\/\\\/covasna45.ro\\\/index.php\\\/lumea-noastra\\\/presedintele-nicusor-dan-incepe-azi-consultarile-cu-partidele\\\/#breadcrumb\",\"itemListElement\":[{\"@type\":\"ListItem\",\"position\":1,\"name\":\"Prima pagin\u0103\",\"item\":\"https:\\\/\\\/covasna45.ro\\\/\"},{\"@type\":\"ListItem\",\"position\":2,\"name\":\"Pre\u0219edintele Nicu\u0219or Dan \u00eencepe azi consult\u0103rile cu partidele\"}]},{\"@type\":\"WebSite\",\"@id\":\"https:\\\/\\\/covasna45.ro\\\/#website\",\"url\":\"https:\\\/\\\/covasna45.ro\\\/\",\"name\":\"covasna45.ro\",\"description\":\"\",\"publisher\":{\"@id\":\"https:\\\/\\\/covasna45.ro\\\/#organization\"},\"potentialAction\":[{\"@type\":\"SearchAction\",\"target\":{\"@type\":\"EntryPoint\",\"urlTemplate\":\"https:\\\/\\\/covasna45.ro\\\/?s={search_term_string}\"},\"query-input\":{\"@type\":\"PropertyValueSpecification\",\"valueRequired\":true,\"valueName\":\"search_term_string\"}}],\"inLanguage\":\"ro-RO\"},{\"@type\":\"Organization\",\"@id\":\"https:\\\/\\\/covasna45.ro\\\/#organization\",\"name\":\"covasna45.ro\",\"url\":\"https:\\\/\\\/covasna45.ro\\\/\",\"logo\":{\"@type\":\"ImageObject\",\"inLanguage\":\"ro-RO\",\"@id\":\"https:\\\/\\\/covasna45.ro\\\/#\\\/schema\\\/logo\\\/image\\\/\",\"url\":\"https:\\\/\\\/covasna45.ro\\\/wp-content\\\/uploads\\\/2023\\\/01\\\/icon_logo.png\",\"contentUrl\":\"https:\\\/\\\/covasna45.ro\\\/wp-content\\\/uploads\\\/2023\\\/01\\\/icon_logo.png\",\"width\":1900,\"height\":1900,\"caption\":\"covasna45.ro\"},\"image\":{\"@id\":\"https:\\\/\\\/covasna45.ro\\\/#\\\/schema\\\/logo\\\/image\\\/\"}},{\"@type\":\"Person\",\"@id\":\"https:\\\/\\\/covasna45.ro\\\/#\\\/schema\\\/person\\\/e674052bd7d95d70bbb007a1060ab73c\",\"name\":\"Covasna45\",\"image\":{\"@type\":\"ImageObject\",\"inLanguage\":\"ro-RO\",\"@id\":\"https:\\\/\\\/covasna45.ro\\\/wp-content\\\/uploads\\\/2025\\\/10\\\/icon_logo_covasna45-150x150.png\",\"url\":\"https:\\\/\\\/covasna45.ro\\\/wp-content\\\/uploads\\\/2025\\\/10\\\/icon_logo_covasna45-150x150.png\",\"contentUrl\":\"https:\\\/\\\/covasna45.ro\\\/wp-content\\\/uploads\\\/2025\\\/10\\\/icon_logo_covasna45-150x150.png\",\"caption\":\"Covasna45\"},\"sameAs\":[\"https:\\\/\\\/covasna45.ro\"],\"url\":\"https:\\\/\\\/covasna45.ro\\\/index.php\\\/author\\\/covasna\\\/\"}]}<\/script>\n<!-- \/ Yoast SEO plugin. -->","yoast_head_json":{"title":"Pre\u0219edintele Nicu\u0219or Dan \u00eencepe azi consult\u0103rile cu partidele - Covasna45","description":"Parlamentarii neafilia\u021bi sunt a\u0219tepta\u021bi la discu\u021biile cu pre\u0219edintele Nicu\u0219or Dan \u00eencep\u00e2nd cu ora 19:00.","robots":{"index":"index","follow":"follow","max-snippet":"max-snippet:-1","max-image-preview":"max-image-preview:large","max-video-preview":"max-video-preview:-1"},"canonical":"https:\/\/covasna45.ro\/index.php\/lumea-noastra\/presedintele-nicusor-dan-incepe-azi-consultarile-cu-partidele\/","og_locale":"ro_RO","og_type":"article","og_title":"Pre\u0219edintele Nicu\u0219or Dan \u00eencepe azi consult\u0103rile cu partidele - Covasna45","og_description":"Parlamentarii neafilia\u021bi sunt a\u0219tepta\u021bi la discu\u021biile cu pre\u0219edintele Nicu\u0219or Dan \u00eencep\u00e2nd cu ora 19:00.","og_url":"https:\/\/covasna45.ro\/index.php\/lumea-noastra\/presedintele-nicusor-dan-incepe-azi-consultarile-cu-partidele\/","og_site_name":"Covasna45","article_published_time":"2025-05-28T05:06:39+00:00","article_modified_time":"2025-05-28T05:06:40+00:00","og_image":[{"width":1065,"height":710,"url":"https:\/\/covasna45.ro\/wp-content\/uploads\/2025\/05\/n-dan.jpg","type":"image\/jpeg"}],"author":"Covasna45","twitter_card":"summary_large_image","twitter_misc":{"Scris de":"Covasna45","Timp estimat pentru citire":"4 minute"},"schema":{"@context":"https:\/\/schema.org","@graph":[{"@type":"Article","@id":"https:\/\/covasna45.ro\/index.php\/lumea-noastra\/presedintele-nicusor-dan-incepe-azi-consultarile-cu-partidele\/#article","isPartOf":{"@id":"https:\/\/covasna45.ro\/index.php\/lumea-noastra\/presedintele-nicusor-dan-incepe-azi-consultarile-cu-partidele\/"},"author":{"name":"Covasna45","@id":"https:\/\/covasna45.ro\/#\/schema\/person\/e674052bd7d95d70bbb007a1060ab73c"},"headline":"Pre\u0219edintele Nicu\u0219or Dan \u00eencepe azi consult\u0103rile cu partidele","datePublished":"2025-05-28T05:06:39+00:00","dateModified":"2025-05-28T05:06:40+00:00","mainEntityOfPage":{"@id":"https:\/\/covasna45.ro\/index.php\/lumea-noastra\/presedintele-nicusor-dan-incepe-azi-consultarile-cu-partidele\/"},"wordCount":713,"commentCount":0,"publisher":{"@id":"https:\/\/covasna45.ro\/#organization"},"image":{"@id":"https:\/\/covasna45.ro\/index.php\/lumea-noastra\/presedintele-nicusor-dan-incepe-azi-consultarile-cu-partidele\/#primaryimage"},"thumbnailUrl":"https:\/\/covasna45.ro\/wp-content\/uploads\/2025\/05\/n-dan.jpg","keywords":["consultari","nicusor dan","Partide"],"articleSection":["Lumea noastr\u0103"],"inLanguage":"ro-RO","potentialAction":[{"@type":"CommentAction","name":"Comment","target":["https:\/\/covasna45.ro\/index.php\/lumea-noastra\/presedintele-nicusor-dan-incepe-azi-consultarile-cu-partidele\/#respond"]}]},{"@type":"WebPage","@id":"https:\/\/covasna45.ro\/index.php\/lumea-noastra\/presedintele-nicusor-dan-incepe-azi-consultarile-cu-partidele\/","url":"https:\/\/covasna45.ro\/index.php\/lumea-noastra\/presedintele-nicusor-dan-incepe-azi-consultarile-cu-partidele\/","name":"Pre\u0219edintele Nicu\u0219or Dan \u00eencepe azi consult\u0103rile cu partidele - Covasna45","isPartOf":{"@id":"https:\/\/covasna45.ro\/#website"},"primaryImageOfPage":{"@id":"https:\/\/covasna45.ro\/index.php\/lumea-noastra\/presedintele-nicusor-dan-incepe-azi-consultarile-cu-partidele\/#primaryimage"},"image":{"@id":"https:\/\/covasna45.ro\/index.php\/lumea-noastra\/presedintele-nicusor-dan-incepe-azi-consultarile-cu-partidele\/#primaryimage"},"thumbnailUrl":"https:\/\/covasna45.ro\/wp-content\/uploads\/2025\/05\/n-dan.jpg","datePublished":"2025-05-28T05:06:39+00:00","dateModified":"2025-05-28T05:06:40+00:00","description":"Parlamentarii neafilia\u021bi sunt a\u0219tepta\u021bi la discu\u021biile cu pre\u0219edintele Nicu\u0219or Dan \u00eencep\u00e2nd cu ora 19:00.","breadcrumb":{"@id":"https:\/\/covasna45.ro\/index.php\/lumea-noastra\/presedintele-nicusor-dan-incepe-azi-consultarile-cu-partidele\/#breadcrumb"},"inLanguage":"ro-RO","potentialAction":[{"@type":"ReadAction","target":["https:\/\/covasna45.ro\/index.php\/lumea-noastra\/presedintele-nicusor-dan-incepe-azi-consultarile-cu-partidele\/"]}]},{"@type":"ImageObject","inLanguage":"ro-RO","@id":"https:\/\/covasna45.ro\/index.php\/lumea-noastra\/presedintele-nicusor-dan-incepe-azi-consultarile-cu-partidele\/#primaryimage","url":"https:\/\/covasna45.ro\/wp-content\/uploads\/2025\/05\/n-dan.jpg","contentUrl":"https:\/\/covasna45.ro\/wp-content\/uploads\/2025\/05\/n-dan.jpg","width":1065,"height":710},{"@type":"BreadcrumbList","@id":"https:\/\/covasna45.ro\/index.php\/lumea-noastra\/presedintele-nicusor-dan-incepe-azi-consultarile-cu-partidele\/#breadcrumb","itemListElement":[{"@type":"ListItem","position":1,"name":"Prima pagin\u0103","item":"https:\/\/covasna45.ro\/"},{"@type":"ListItem","position":2,"name":"Pre\u0219edintele Nicu\u0219or Dan \u00eencepe azi consult\u0103rile cu partidele"}]},{"@type":"WebSite","@id":"https:\/\/covasna45.ro\/#website","url":"https:\/\/covasna45.ro\/","name":"covasna45.ro","description":"","publisher":{"@id":"https:\/\/covasna45.ro\/#organization"},"potentialAction":[{"@type":"SearchAction","target":{"@type":"EntryPoint","urlTemplate":"https:\/\/covasna45.ro\/?s={search_term_string}"},"query-input":{"@type":"PropertyValueSpecification","valueRequired":true,"valueName":"search_term_string"}}],"inLanguage":"ro-RO"},{"@type":"Organization","@id":"https:\/\/covasna45.ro\/#organization","name":"covasna45.ro","url":"https:\/\/covasna45.ro\/","logo":{"@type":"ImageObject","inLanguage":"ro-RO","@id":"https:\/\/covasna45.ro\/#\/schema\/logo\/image\/","url":"https:\/\/covasna45.ro\/wp-content\/uploads\/2023\/01\/icon_logo.png","contentUrl":"https:\/\/covasna45.ro\/wp-content\/uploads\/2023\/01\/icon_logo.png","width":1900,"height":1900,"caption":"covasna45.ro"},"image":{"@id":"https:\/\/covasna45.ro\/#\/schema\/logo\/image\/"}},{"@type":"Person","@id":"https:\/\/covasna45.ro\/#\/schema\/person\/e674052bd7d95d70bbb007a1060ab73c","name":"Covasna45","image":{"@type":"ImageObject","inLanguage":"ro-RO","@id":"https:\/\/covasna45.ro\/wp-content\/uploads\/2025\/10\/icon_logo_covasna45-150x150.png","url":"https:\/\/covasna45.ro\/wp-content\/uploads\/2025\/10\/icon_logo_covasna45-150x150.png","contentUrl":"https:\/\/covasna45.ro\/wp-content\/uploads\/2025\/10\/icon_logo_covasna45-150x150.png","caption":"Covasna45"},"sameAs":["https:\/\/covasna45.ro"],"url":"https:\/\/covasna45.ro\/index.php\/author\/covasna\/"}]}},"_links":{"self":[{"href":"https:\/\/covasna45.ro\/index.php\/wp-json\/wp\/v2\/posts\/11283","targetHints":{"allow":["GET"]}}],"collection":[{"href":"https:\/\/covasna45.ro\/index.php\/wp-json\/wp\/v2\/posts"}],"about":[{"href":"https:\/\/covasna45.ro\/index.php\/wp-json\/wp\/v2\/types\/post"}],"author":[{"embeddable":true,"href":"https:\/\/covasna45.ro\/index.php\/wp-json\/wp\/v2\/users\/1"}],"replies":[{"embeddable":true,"href":"https:\/\/covasna45.ro\/index.php\/wp-json\/wp\/v2\/comments?post=11283"}],"version-history":[{"count":1,"href":"https:\/\/covasna45.ro\/index.php\/wp-json\/wp\/v2\/posts\/11283\/revisions"}],"predecessor-version":[{"id":11285,"href":"https:\/\/covasna45.ro\/index.php\/wp-json\/wp\/v2\/posts\/11283\/revisions\/11285"}],"wp:featuredmedia":[{"embeddable":true,"href":"https:\/\/covasna45.ro\/index.php\/wp-json\/wp\/v2\/media\/11284"}],"wp:attachment":[{"href":"https:\/\/covasna45.ro\/index.php\/wp-json\/wp\/v2\/media?parent=11283"}],"wp:term":[{"taxonomy":"category","embeddable":true,"href":"https:\/\/covasna45.ro\/index.php\/wp-json\/wp\/v2\/categories?post=11283"},{"taxonomy":"post_tag","embeddable":true,"href":"https:\/\/covasna45.ro\/index.php\/wp-json\/wp\/v2\/tags?post=11283"}],"curies":[{"name":"wp","href":"https:\/\/api.w.org\/{rel}","templated":true}]}}