{"id":11286,"date":"2025-05-28T07:47:24","date_gmt":"2025-05-28T05:47:24","guid":{"rendered":"https:\/\/covasna45.ro\/?p=11286"},"modified":"2025-05-28T07:48:23","modified_gmt":"2025-05-28T05:48:23","slug":"petitie-impotriva-concursurilor-de-tractiune-dupa-ce-un-cal-a-murit-de-la-efort","status":"publish","type":"post","link":"https:\/\/covasna45.ro\/index.php\/lumea-noastra\/petitie-impotriva-concursurilor-de-tractiune-dupa-ce-un-cal-a-murit-de-la-efort\/","title":{"rendered":"Peti\u021bie \u00eempotriva concursurilor de trac\u021biune, dup\u0103 ce un cal a murit de la efort"},"content":{"rendered":"\n<p>Moartea unui cal \u00een timpul unui concurs de trac\u021biune desf\u0103\u0219urat la Cormaia, jude\u021bul Bistri\u021ba-N\u0103s\u0103ud, a determinat un val de reac\u021bii \u00een mediul online. Indigna\u021bi de sf\u00e2r\u0219itul tragic al animalului, oamenii cer Guvernului s\u0103 interzic\u0103 astfel de competi\u021bii, pe care le consider\u0103 cruzime fa\u021b\u0103 de animale. \u00cen replic\u0103, cresc\u0103torii de cai spun c\u0103 astfel de cai sunt folosi\u021bi la trac\u021biune, fiind crescu\u021bi \u00een acest scop.<\/p>\n\n\n\n<p>\u201e<strong><em>Noi, semnatarii acestei peti\u021bii, scriem cu inima fr\u00e2nt\u0103 \u0219i ochii \u00een lacrimi, dup\u0103 ce am aflat despre moartea tragic\u0103 a calului Falko \u2013 un animal nobil, iubit, respectat, \u00een v\u00e2rst\u0103 de doar c\u00e2\u021biva ani. Falko a murit r\u0103pus de un infarct, imediat dup\u0103 ce a fost silit s\u0103 participe la un concurs de tras bu\u0219teni. A c\u0103zut secerat, \u00een aplauze \u0219i priviri reci, dup\u0103 ce \u0219i-a dat ultima suflare \u00een timp ce-\u0219i f\u0103cea \u201edatoria\u201d. Dar pentru ce? Pentru \u201edistrac\u021bia\u201d noastr\u0103?<\/em><\/strong><\/p>\n\n\n\n<p>Falko nu este un caz izolat. Este simbolul a zeci, poate sute de cai care sufer\u0103 \u00een fiecare an \u00een aceste a\u0219a-zise \u201econcursuri tradi\u021bionale\u201d. <strong><em>Concursuri unde animalele sunt for\u021bate s\u0103 trag\u0103 tone de lemn, unde li se cere s\u0103-\u0219i dep\u0103\u0219easc\u0103 limitele biologice, unde nu exist\u0103 pauze suficiente, nici evalu\u0103ri medicale serioase, ci doar ambi\u021bie, presiune \u0219i o total\u0103 lips\u0103 de empatie. Aceasta nu este tradi\u021bie. Este cruzime<\/em><\/strong>\u201d, spun semnatarii <a href=\"https:\/\/www.petitieonline.com\/interzicerea_concursurilor_de_tras_buteni_cu_cai\">peti\u021biei.<\/a><\/p>\n\n\n\n<p>Ei solicit\u0103:&nbsp;<\/p>\n\n\n\n<ul class=\"wp-block-list\">\n<li>Interzicerea prin lege a tuturor concursurilor de tras bu\u0219teni cu animale.<\/li>\n\n\n\n<li>Sanc\u021bionarea organizatorilor \u0219i participan\u021bilor care supun animalele la eforturi extreme.<\/li>\n\n\n\n<li>Prezen\u021ba obligatorie a medicilor veterinari \u0219i a ONG-urilor pentru protec\u021bia animalelor la orice eveniment cu animale de trac\u021biune.<\/li>\n\n\n\n<li>Promovarea de alternative etice \u0219i educative, unde animalele s\u0103 fie respectate, nu chinuite.<\/li>\n<\/ul>\n\n\n\n<h2 class=\"wp-block-heading\">Cresc\u0103torii de cai: A fost un accident, nu un abuz<\/h2>\n\n\n\n<p>Pe de alt\u0103 parte, cei care organizeaz\u0103 \u0219i particip\u0103 cu cai la acest tip de concursuri spun c\u0103 valul de ur\u0103 nu se justific\u0103.<\/p>\n\n\n\n<p>\u201e<strong><em>Falko a fost un cal din rasa Percheron, o ras\u0103 grea, folosit\u0103 special pentru munc\u0103 \u0219i trac\u021biune.<\/em><\/strong> Nu a fost un cal de plimbare sau agrement, ci un animal crescut s\u0103 trag\u0103 greut\u0103\u021bi mari. Un astfel de cal poate trage \u0219i de 5 ori greutatea lui. Falko avea 1300 kg \u2013 iar greutatea pe care o tr\u0103gea era mare, dar nu exagerat\u0103 pentru el.<\/p>\n\n\n\n<p><strong><em>Nu a fost maltratat. Era antrenat, hr\u0103nit bine, \u00eengrijit \u0219i obi\u0219nuit cu aceste concursuri. A participat ani de zile la competi\u021bii \u00een Slovacia \u0219i a fost chiar campion<\/em><\/strong>\u201d, a transmis un cresc\u0103tor de cai din Arge\u0219.<\/p>\n\n\n\n<h2 class=\"wp-block-heading\">\u201eC\u00e2\u021bi oameni mor zilnic \u00een Romania de infarct?\u201d<\/h2>\n\n\n\n<p>Un altul spune c\u0103 \u00een Rom\u00e2nia mor zilnic oameni de infarct, f\u0103r\u0103 s\u0103 \u00eei pese cuiva.<\/p>\n\n\n\n<p>\u201eTot internetul este bombardat cu \u0219tirea mor\u021bii lui Falko- un cal dintr-o ras\u0103 de trac\u021biune care din p\u0103cate a f\u0103cut infarct \u00een cadrul unui concurs de trac\u021biune (cu autoriza\u021bie sau f\u0103r\u0103 &#8211; asta este problema organizatorilor) unde a tras p\u00e2n\u0103 la \u201cEPUIZARE\u201d (durata probei a fost de 2 minute f\u0103r\u0103 s\u0103 fie folosit vreun ajutor &#8211; biciul sau orice obiect care s\u0103 oblige animalul s\u0103 trag\u0103, fa\u021b\u0103 de c\u00e2teva ore la concursurile de anduran\u021b\u0103 unde caii parcurg distan\u021be de p\u00e2n\u0103 la 80km \u0219i unde sunt permise \u201cajutoarele\u201d- pinteni, crava\u0219e etc).<\/p>\n\n\n\n<p><strong>Sunt curios c\u00e2\u021bi dintre cei care \u00eel \u201cjelesc\u201d pe FALKO \u0219tiu c\u00e2\u021bi oameni mor zilnic \u00een Rom\u00e2nia de infarct???<\/strong><\/p>\n\n\n\n<p>Va spun eu: 30-40 de oameni mor zilnic de infarct!!!<\/p>\n\n\n\n<p><strong><em>\u00cen momentul de fa\u021b\u0103 Rom\u00e2nia nu are guvern, Rom\u00e2nia se confrunt\u0103 cu inunda\u021bii, un copil a fost c\u0103lcat pe o trecere de pietoni de ma\u0219ina poli\u021biei\u2026 dar asta nu conteaz\u0103, noi \u00eel jelim pe Falko!<\/em><\/strong><\/p>\n\n\n\n<p>Nu vreau s\u0103 fiu \u00een\u021beles gre\u0219it \u0219i numai \u00een pielea proprietarului s\u0103 nu fii &#8211; sunt un iubitor \u0219i cresc\u0103tor de cai de trac\u021biune, dar s\u0103 nu uit\u0103m p\u00e2n\u0103 la urm\u0103 menirea calului de trac\u021biune &#8211; un animal de povar\u0103 folosit la transportul greut\u0103\u021bii! Faptul ca s-a \u00eent\u00e2mplat un eveniment nepl\u0103cut, moarte unui animal, nu trebuie s\u0103 ne bucure, dar nici s\u0103 o transform\u0103m \u00een \u201cDOLIU NA\u021aIONAL\u201d! Nu am v\u0103zut in nici un articol de pres\u0103 s\u0103 fi cerut cineva opinia unui medic veterinar sau a unui zootehnist specializat pe cabaline- dar asta este presa din Rom\u00e2nia: lu\u0103m un articol \u201ccopy-paste\u201d \u0219i avem material de \u0219tiri!\u201d<\/p>\n","protected":false},"excerpt":{"rendered":"<p>Moartea unui cal \u00een timpul unui concurs de trac\u021biune desf\u0103\u0219urat la Cormaia, jude\u021bul Bistri\u021ba-N\u0103s\u0103ud, a determinat un val de reac\u021bii \u00een mediul online. Indigna\u021bi de sf\u00e2r\u0219itul tragic al animalului, oamenii cer Guvernului s\u0103 interzic\u0103 astfel de competi\u021bii, pe care le consider\u0103 cruzime fa\u021b\u0103 de animale. \u00cen replic\u0103, cresc\u0103torii de cai spun c\u0103 astfel de cai [&hellip;]<\/p>\n","protected":false},"author":1,"featured_media":11287,"comment_status":"open","ping_status":"closed","sticky":false,"template":"","format":"standard","meta":{"tdm_status":"","tdm_grid_status":"","footnotes":""},"categories":[14],"tags":[112,2166,3629,1565,3628],"class_list":{"0":"post-11286","1":"post","2":"type-post","3":"status-publish","4":"format-standard","5":"has-post-thumbnail","7":"category-lumea-noastra","8":"tag-cai","9":"tag-concurs","10":"tag-falko","11":"tag-petitie","12":"tag-tractiune-2"},"yoast_head":"<!-- This site is optimized with the Yoast SEO plugin v27.5 - https:\/\/yoast.com\/product\/yoast-seo-wordpress\/ -->\n<title>Peti\u021bie \u00eempotriva concursurilor de trac\u021biune, dup\u0103 ce un cal a murit de la efort - Covasna45<\/title>\n<meta name=\"description\" content=\"Moartea unui cal \u00een timpul unui concurs de trac\u021biune desf\u0103\u0219urat la Cormaia, jude\u021bul Bistri\u021ba-N\u0103s\u0103ud, a determinat un val de reac\u021bii.\" \/>\n<meta name=\"robots\" content=\"index, follow, max-snippet:-1, max-image-preview:large, max-video-preview:-1\" \/>\n<link rel=\"canonical\" href=\"https:\/\/covasna45.ro\/index.php\/lumea-noastra\/petitie-impotriva-concursurilor-de-tractiune-dupa-ce-un-cal-a-murit-de-la-efort\/\" \/>\n<meta property=\"og:locale\" content=\"ro_RO\" \/>\n<meta property=\"og:type\" content=\"article\" \/>\n<meta property=\"og:title\" content=\"Peti\u021bie \u00eempotriva concursurilor de trac\u021biune, dup\u0103 ce un cal a murit de la efort - Covasna45\" \/>\n<meta property=\"og:description\" content=\"Moartea unui cal \u00een timpul unui concurs de trac\u021biune desf\u0103\u0219urat la Cormaia, jude\u021bul Bistri\u021ba-N\u0103s\u0103ud, a determinat un val de reac\u021bii.\" \/>\n<meta property=\"og:url\" content=\"https:\/\/covasna45.ro\/index.php\/lumea-noastra\/petitie-impotriva-concursurilor-de-tractiune-dupa-ce-un-cal-a-murit-de-la-efort\/\" \/>\n<meta property=\"og:site_name\" content=\"Covasna45\" \/>\n<meta property=\"article:published_time\" content=\"2025-05-28T05:47:24+00:00\" \/>\n<meta property=\"article:modified_time\" content=\"2025-05-28T05:48:23+00:00\" \/>\n<meta property=\"og:image\" content=\"https:\/\/covasna45.ro\/wp-content\/uploads\/2025\/05\/trctiune-cai.jpg\" \/>\n\t<meta property=\"og:image:width\" content=\"2269\" \/>\n\t<meta property=\"og:image:height\" content=\"1551\" \/>\n\t<meta property=\"og:image:type\" content=\"image\/jpeg\" \/>\n<meta name=\"author\" content=\"Covasna45\" \/>\n<meta name=\"twitter:card\" content=\"summary_large_image\" \/>\n<meta name=\"twitter:label1\" content=\"Scris de\" \/>\n\t<meta name=\"twitter:data1\" content=\"Covasna45\" \/>\n\t<meta name=\"twitter:label2\" content=\"Timp estimat pentru citire\" \/>\n\t<meta name=\"twitter:data2\" content=\"4 minute\" \/>\n<script type=\"application\/ld+json\" class=\"yoast-schema-graph\">{\"@context\":\"https:\\\/\\\/schema.org\",\"@graph\":[{\"@type\":\"Article\",\"@id\":\"https:\\\/\\\/covasna45.ro\\\/index.php\\\/lumea-noastra\\\/petitie-impotriva-concursurilor-de-tractiune-dupa-ce-un-cal-a-murit-de-la-efort\\\/#article\",\"isPartOf\":{\"@id\":\"https:\\\/\\\/covasna45.ro\\\/index.php\\\/lumea-noastra\\\/petitie-impotriva-concursurilor-de-tractiune-dupa-ce-un-cal-a-murit-de-la-efort\\\/\"},\"author\":{\"name\":\"Covasna45\",\"@id\":\"https:\\\/\\\/covasna45.ro\\\/#\\\/schema\\\/person\\\/e674052bd7d95d70bbb007a1060ab73c\"},\"headline\":\"Peti\u021bie \u00eempotriva concursurilor de trac\u021biune, dup\u0103 ce un cal a murit de la efort\",\"datePublished\":\"2025-05-28T05:47:24+00:00\",\"dateModified\":\"2025-05-28T05:48:23+00:00\",\"mainEntityOfPage\":{\"@id\":\"https:\\\/\\\/covasna45.ro\\\/index.php\\\/lumea-noastra\\\/petitie-impotriva-concursurilor-de-tractiune-dupa-ce-un-cal-a-murit-de-la-efort\\\/\"},\"wordCount\":788,\"commentCount\":0,\"publisher\":{\"@id\":\"https:\\\/\\\/covasna45.ro\\\/#organization\"},\"image\":{\"@id\":\"https:\\\/\\\/covasna45.ro\\\/index.php\\\/lumea-noastra\\\/petitie-impotriva-concursurilor-de-tractiune-dupa-ce-un-cal-a-murit-de-la-efort\\\/#primaryimage\"},\"thumbnailUrl\":\"https:\\\/\\\/covasna45.ro\\\/wp-content\\\/uploads\\\/2025\\\/05\\\/trctiune-cai.jpg\",\"keywords\":[\"Cai\",\"concurs\",\"Falko\",\"Peti\u021bie\",\"trac\u021biune\"],\"articleSection\":[\"Lumea noastr\u0103\"],\"inLanguage\":\"ro-RO\",\"potentialAction\":[{\"@type\":\"CommentAction\",\"name\":\"Comment\",\"target\":[\"https:\\\/\\\/covasna45.ro\\\/index.php\\\/lumea-noastra\\\/petitie-impotriva-concursurilor-de-tractiune-dupa-ce-un-cal-a-murit-de-la-efort\\\/#respond\"]}]},{\"@type\":\"WebPage\",\"@id\":\"https:\\\/\\\/covasna45.ro\\\/index.php\\\/lumea-noastra\\\/petitie-impotriva-concursurilor-de-tractiune-dupa-ce-un-cal-a-murit-de-la-efort\\\/\",\"url\":\"https:\\\/\\\/covasna45.ro\\\/index.php\\\/lumea-noastra\\\/petitie-impotriva-concursurilor-de-tractiune-dupa-ce-un-cal-a-murit-de-la-efort\\\/\",\"name\":\"Peti\u021bie \u00eempotriva concursurilor de trac\u021biune, dup\u0103 ce un cal a murit de la efort - Covasna45\",\"isPartOf\":{\"@id\":\"https:\\\/\\\/covasna45.ro\\\/#website\"},\"primaryImageOfPage\":{\"@id\":\"https:\\\/\\\/covasna45.ro\\\/index.php\\\/lumea-noastra\\\/petitie-impotriva-concursurilor-de-tractiune-dupa-ce-un-cal-a-murit-de-la-efort\\\/#primaryimage\"},\"image\":{\"@id\":\"https:\\\/\\\/covasna45.ro\\\/index.php\\\/lumea-noastra\\\/petitie-impotriva-concursurilor-de-tractiune-dupa-ce-un-cal-a-murit-de-la-efort\\\/#primaryimage\"},\"thumbnailUrl\":\"https:\\\/\\\/covasna45.ro\\\/wp-content\\\/uploads\\\/2025\\\/05\\\/trctiune-cai.jpg\",\"datePublished\":\"2025-05-28T05:47:24+00:00\",\"dateModified\":\"2025-05-28T05:48:23+00:00\",\"description\":\"Moartea unui cal \u00een timpul unui concurs de trac\u021biune desf\u0103\u0219urat la Cormaia, jude\u021bul Bistri\u021ba-N\u0103s\u0103ud, a determinat un val de reac\u021bii.\",\"breadcrumb\":{\"@id\":\"https:\\\/\\\/covasna45.ro\\\/index.php\\\/lumea-noastra\\\/petitie-impotriva-concursurilor-de-tractiune-dupa-ce-un-cal-a-murit-de-la-efort\\\/#breadcrumb\"},\"inLanguage\":\"ro-RO\",\"potentialAction\":[{\"@type\":\"ReadAction\",\"target\":[\"https:\\\/\\\/covasna45.ro\\\/index.php\\\/lumea-noastra\\\/petitie-impotriva-concursurilor-de-tractiune-dupa-ce-un-cal-a-murit-de-la-efort\\\/\"]}]},{\"@type\":\"ImageObject\",\"inLanguage\":\"ro-RO\",\"@id\":\"https:\\\/\\\/covasna45.ro\\\/index.php\\\/lumea-noastra\\\/petitie-impotriva-concursurilor-de-tractiune-dupa-ce-un-cal-a-murit-de-la-efort\\\/#primaryimage\",\"url\":\"https:\\\/\\\/covasna45.ro\\\/wp-content\\\/uploads\\\/2025\\\/05\\\/trctiune-cai.jpg\",\"contentUrl\":\"https:\\\/\\\/covasna45.ro\\\/wp-content\\\/uploads\\\/2025\\\/05\\\/trctiune-cai.jpg\",\"width\":2269,\"height\":1551},{\"@type\":\"BreadcrumbList\",\"@id\":\"https:\\\/\\\/covasna45.ro\\\/index.php\\\/lumea-noastra\\\/petitie-impotriva-concursurilor-de-tractiune-dupa-ce-un-cal-a-murit-de-la-efort\\\/#breadcrumb\",\"itemListElement\":[{\"@type\":\"ListItem\",\"position\":1,\"name\":\"Prima pagin\u0103\",\"item\":\"https:\\\/\\\/covasna45.ro\\\/\"},{\"@type\":\"ListItem\",\"position\":2,\"name\":\"Peti\u021bie \u00eempotriva concursurilor de trac\u021biune, dup\u0103 ce un cal a murit de la efort\"}]},{\"@type\":\"WebSite\",\"@id\":\"https:\\\/\\\/covasna45.ro\\\/#website\",\"url\":\"https:\\\/\\\/covasna45.ro\\\/\",\"name\":\"covasna45.ro\",\"description\":\"\",\"publisher\":{\"@id\":\"https:\\\/\\\/covasna45.ro\\\/#organization\"},\"potentialAction\":[{\"@type\":\"SearchAction\",\"target\":{\"@type\":\"EntryPoint\",\"urlTemplate\":\"https:\\\/\\\/covasna45.ro\\\/?s={search_term_string}\"},\"query-input\":{\"@type\":\"PropertyValueSpecification\",\"valueRequired\":true,\"valueName\":\"search_term_string\"}}],\"inLanguage\":\"ro-RO\"},{\"@type\":\"Organization\",\"@id\":\"https:\\\/\\\/covasna45.ro\\\/#organization\",\"name\":\"covasna45.ro\",\"url\":\"https:\\\/\\\/covasna45.ro\\\/\",\"logo\":{\"@type\":\"ImageObject\",\"inLanguage\":\"ro-RO\",\"@id\":\"https:\\\/\\\/covasna45.ro\\\/#\\\/schema\\\/logo\\\/image\\\/\",\"url\":\"https:\\\/\\\/covasna45.ro\\\/wp-content\\\/uploads\\\/2023\\\/01\\\/icon_logo.png\",\"contentUrl\":\"https:\\\/\\\/covasna45.ro\\\/wp-content\\\/uploads\\\/2023\\\/01\\\/icon_logo.png\",\"width\":1900,\"height\":1900,\"caption\":\"covasna45.ro\"},\"image\":{\"@id\":\"https:\\\/\\\/covasna45.ro\\\/#\\\/schema\\\/logo\\\/image\\\/\"}},{\"@type\":\"Person\",\"@id\":\"https:\\\/\\\/covasna45.ro\\\/#\\\/schema\\\/person\\\/e674052bd7d95d70bbb007a1060ab73c\",\"name\":\"Covasna45\",\"image\":{\"@type\":\"ImageObject\",\"inLanguage\":\"ro-RO\",\"@id\":\"https:\\\/\\\/covasna45.ro\\\/wp-content\\\/uploads\\\/2025\\\/10\\\/icon_logo_covasna45-150x150.png\",\"url\":\"https:\\\/\\\/covasna45.ro\\\/wp-content\\\/uploads\\\/2025\\\/10\\\/icon_logo_covasna45-150x150.png\",\"contentUrl\":\"https:\\\/\\\/covasna45.ro\\\/wp-content\\\/uploads\\\/2025\\\/10\\\/icon_logo_covasna45-150x150.png\",\"caption\":\"Covasna45\"},\"sameAs\":[\"https:\\\/\\\/covasna45.ro\"],\"url\":\"https:\\\/\\\/covasna45.ro\\\/index.php\\\/author\\\/covasna\\\/\"}]}<\/script>\n<!-- \/ Yoast SEO plugin. -->","yoast_head_json":{"title":"Peti\u021bie \u00eempotriva concursurilor de trac\u021biune, dup\u0103 ce un cal a murit de la efort - Covasna45","description":"Moartea unui cal \u00een timpul unui concurs de trac\u021biune desf\u0103\u0219urat la Cormaia, jude\u021bul Bistri\u021ba-N\u0103s\u0103ud, a determinat un val de reac\u021bii.","robots":{"index":"index","follow":"follow","max-snippet":"max-snippet:-1","max-image-preview":"max-image-preview:large","max-video-preview":"max-video-preview:-1"},"canonical":"https:\/\/covasna45.ro\/index.php\/lumea-noastra\/petitie-impotriva-concursurilor-de-tractiune-dupa-ce-un-cal-a-murit-de-la-efort\/","og_locale":"ro_RO","og_type":"article","og_title":"Peti\u021bie \u00eempotriva concursurilor de trac\u021biune, dup\u0103 ce un cal a murit de la efort - Covasna45","og_description":"Moartea unui cal \u00een timpul unui concurs de trac\u021biune desf\u0103\u0219urat la Cormaia, jude\u021bul Bistri\u021ba-N\u0103s\u0103ud, a determinat un val de reac\u021bii.","og_url":"https:\/\/covasna45.ro\/index.php\/lumea-noastra\/petitie-impotriva-concursurilor-de-tractiune-dupa-ce-un-cal-a-murit-de-la-efort\/","og_site_name":"Covasna45","article_published_time":"2025-05-28T05:47:24+00:00","article_modified_time":"2025-05-28T05:48:23+00:00","og_image":[{"width":2269,"height":1551,"url":"https:\/\/covasna45.ro\/wp-content\/uploads\/2025\/05\/trctiune-cai.jpg","type":"image\/jpeg"}],"author":"Covasna45","twitter_card":"summary_large_image","twitter_misc":{"Scris de":"Covasna45","Timp estimat pentru citire":"4 minute"},"schema":{"@context":"https:\/\/schema.org","@graph":[{"@type":"Article","@id":"https:\/\/covasna45.ro\/index.php\/lumea-noastra\/petitie-impotriva-concursurilor-de-tractiune-dupa-ce-un-cal-a-murit-de-la-efort\/#article","isPartOf":{"@id":"https:\/\/covasna45.ro\/index.php\/lumea-noastra\/petitie-impotriva-concursurilor-de-tractiune-dupa-ce-un-cal-a-murit-de-la-efort\/"},"author":{"name":"Covasna45","@id":"https:\/\/covasna45.ro\/#\/schema\/person\/e674052bd7d95d70bbb007a1060ab73c"},"headline":"Peti\u021bie \u00eempotriva concursurilor de trac\u021biune, dup\u0103 ce un cal a murit de la efort","datePublished":"2025-05-28T05:47:24+00:00","dateModified":"2025-05-28T05:48:23+00:00","mainEntityOfPage":{"@id":"https:\/\/covasna45.ro\/index.php\/lumea-noastra\/petitie-impotriva-concursurilor-de-tractiune-dupa-ce-un-cal-a-murit-de-la-efort\/"},"wordCount":788,"commentCount":0,"publisher":{"@id":"https:\/\/covasna45.ro\/#organization"},"image":{"@id":"https:\/\/covasna45.ro\/index.php\/lumea-noastra\/petitie-impotriva-concursurilor-de-tractiune-dupa-ce-un-cal-a-murit-de-la-efort\/#primaryimage"},"thumbnailUrl":"https:\/\/covasna45.ro\/wp-content\/uploads\/2025\/05\/trctiune-cai.jpg","keywords":["Cai","concurs","Falko","Peti\u021bie","trac\u021biune"],"articleSection":["Lumea noastr\u0103"],"inLanguage":"ro-RO","potentialAction":[{"@type":"CommentAction","name":"Comment","target":["https:\/\/covasna45.ro\/index.php\/lumea-noastra\/petitie-impotriva-concursurilor-de-tractiune-dupa-ce-un-cal-a-murit-de-la-efort\/#respond"]}]},{"@type":"WebPage","@id":"https:\/\/covasna45.ro\/index.php\/lumea-noastra\/petitie-impotriva-concursurilor-de-tractiune-dupa-ce-un-cal-a-murit-de-la-efort\/","url":"https:\/\/covasna45.ro\/index.php\/lumea-noastra\/petitie-impotriva-concursurilor-de-tractiune-dupa-ce-un-cal-a-murit-de-la-efort\/","name":"Peti\u021bie \u00eempotriva concursurilor de trac\u021biune, dup\u0103 ce un cal a murit de la efort - Covasna45","isPartOf":{"@id":"https:\/\/covasna45.ro\/#website"},"primaryImageOfPage":{"@id":"https:\/\/covasna45.ro\/index.php\/lumea-noastra\/petitie-impotriva-concursurilor-de-tractiune-dupa-ce-un-cal-a-murit-de-la-efort\/#primaryimage"},"image":{"@id":"https:\/\/covasna45.ro\/index.php\/lumea-noastra\/petitie-impotriva-concursurilor-de-tractiune-dupa-ce-un-cal-a-murit-de-la-efort\/#primaryimage"},"thumbnailUrl":"https:\/\/covasna45.ro\/wp-content\/uploads\/2025\/05\/trctiune-cai.jpg","datePublished":"2025-05-28T05:47:24+00:00","dateModified":"2025-05-28T05:48:23+00:00","description":"Moartea unui cal \u00een timpul unui concurs de trac\u021biune desf\u0103\u0219urat la Cormaia, jude\u021bul Bistri\u021ba-N\u0103s\u0103ud, a determinat un val de reac\u021bii.","breadcrumb":{"@id":"https:\/\/covasna45.ro\/index.php\/lumea-noastra\/petitie-impotriva-concursurilor-de-tractiune-dupa-ce-un-cal-a-murit-de-la-efort\/#breadcrumb"},"inLanguage":"ro-RO","potentialAction":[{"@type":"ReadAction","target":["https:\/\/covasna45.ro\/index.php\/lumea-noastra\/petitie-impotriva-concursurilor-de-tractiune-dupa-ce-un-cal-a-murit-de-la-efort\/"]}]},{"@type":"ImageObject","inLanguage":"ro-RO","@id":"https:\/\/covasna45.ro\/index.php\/lumea-noastra\/petitie-impotriva-concursurilor-de-tractiune-dupa-ce-un-cal-a-murit-de-la-efort\/#primaryimage","url":"https:\/\/covasna45.ro\/wp-content\/uploads\/2025\/05\/trctiune-cai.jpg","contentUrl":"https:\/\/covasna45.ro\/wp-content\/uploads\/2025\/05\/trctiune-cai.jpg","width":2269,"height":1551},{"@type":"BreadcrumbList","@id":"https:\/\/covasna45.ro\/index.php\/lumea-noastra\/petitie-impotriva-concursurilor-de-tractiune-dupa-ce-un-cal-a-murit-de-la-efort\/#breadcrumb","itemListElement":[{"@type":"ListItem","position":1,"name":"Prima pagin\u0103","item":"https:\/\/covasna45.ro\/"},{"@type":"ListItem","position":2,"name":"Peti\u021bie \u00eempotriva concursurilor de trac\u021biune, dup\u0103 ce un cal a murit de la efort"}]},{"@type":"WebSite","@id":"https:\/\/covasna45.ro\/#website","url":"https:\/\/covasna45.ro\/","name":"covasna45.ro","description":"","publisher":{"@id":"https:\/\/covasna45.ro\/#organization"},"potentialAction":[{"@type":"SearchAction","target":{"@type":"EntryPoint","urlTemplate":"https:\/\/covasna45.ro\/?s={search_term_string}"},"query-input":{"@type":"PropertyValueSpecification","valueRequired":true,"valueName":"search_term_string"}}],"inLanguage":"ro-RO"},{"@type":"Organization","@id":"https:\/\/covasna45.ro\/#organization","name":"covasna45.ro","url":"https:\/\/covasna45.ro\/","logo":{"@type":"ImageObject","inLanguage":"ro-RO","@id":"https:\/\/covasna45.ro\/#\/schema\/logo\/image\/","url":"https:\/\/covasna45.ro\/wp-content\/uploads\/2023\/01\/icon_logo.png","contentUrl":"https:\/\/covasna45.ro\/wp-content\/uploads\/2023\/01\/icon_logo.png","width":1900,"height":1900,"caption":"covasna45.ro"},"image":{"@id":"https:\/\/covasna45.ro\/#\/schema\/logo\/image\/"}},{"@type":"Person","@id":"https:\/\/covasna45.ro\/#\/schema\/person\/e674052bd7d95d70bbb007a1060ab73c","name":"Covasna45","image":{"@type":"ImageObject","inLanguage":"ro-RO","@id":"https:\/\/covasna45.ro\/wp-content\/uploads\/2025\/10\/icon_logo_covasna45-150x150.png","url":"https:\/\/covasna45.ro\/wp-content\/uploads\/2025\/10\/icon_logo_covasna45-150x150.png","contentUrl":"https:\/\/covasna45.ro\/wp-content\/uploads\/2025\/10\/icon_logo_covasna45-150x150.png","caption":"Covasna45"},"sameAs":["https:\/\/covasna45.ro"],"url":"https:\/\/covasna45.ro\/index.php\/author\/covasna\/"}]}},"_links":{"self":[{"href":"https:\/\/covasna45.ro\/index.php\/wp-json\/wp\/v2\/posts\/11286","targetHints":{"allow":["GET"]}}],"collection":[{"href":"https:\/\/covasna45.ro\/index.php\/wp-json\/wp\/v2\/posts"}],"about":[{"href":"https:\/\/covasna45.ro\/index.php\/wp-json\/wp\/v2\/types\/post"}],"author":[{"embeddable":true,"href":"https:\/\/covasna45.ro\/index.php\/wp-json\/wp\/v2\/users\/1"}],"replies":[{"embeddable":true,"href":"https:\/\/covasna45.ro\/index.php\/wp-json\/wp\/v2\/comments?post=11286"}],"version-history":[{"count":1,"href":"https:\/\/covasna45.ro\/index.php\/wp-json\/wp\/v2\/posts\/11286\/revisions"}],"predecessor-version":[{"id":11288,"href":"https:\/\/covasna45.ro\/index.php\/wp-json\/wp\/v2\/posts\/11286\/revisions\/11288"}],"wp:featuredmedia":[{"embeddable":true,"href":"https:\/\/covasna45.ro\/index.php\/wp-json\/wp\/v2\/media\/11287"}],"wp:attachment":[{"href":"https:\/\/covasna45.ro\/index.php\/wp-json\/wp\/v2\/media?parent=11286"}],"wp:term":[{"taxonomy":"category","embeddable":true,"href":"https:\/\/covasna45.ro\/index.php\/wp-json\/wp\/v2\/categories?post=11286"},{"taxonomy":"post_tag","embeddable":true,"href":"https:\/\/covasna45.ro\/index.php\/wp-json\/wp\/v2\/tags?post=11286"}],"curies":[{"name":"wp","href":"https:\/\/api.w.org\/{rel}","templated":true}]}}