{"id":11290,"date":"2025-05-28T10:22:50","date_gmt":"2025-05-28T08:22:50","guid":{"rendered":"https:\/\/covasna45.ro\/?p=11290"},"modified":"2025-05-28T10:22:51","modified_gmt":"2025-05-28T08:22:51","slug":"29-de-sesizari-legate-de-ursi-in-judetul-covasna-de-la-inceputul-anului","status":"publish","type":"post","link":"https:\/\/covasna45.ro\/index.php\/lumea-noastra\/29-de-sesizari-legate-de-ursi-in-judetul-covasna-de-la-inceputul-anului\/","title":{"rendered":"29 de sesiz\u0103ri legate de ur\u0219i \u00een jude\u021bul Covasna, de la \u00eenceputul anului"},"content":{"rendered":"\n<p>Prefectul jude\u021bului Covasna a anun\u021bat, \u00een conferin\u021ba de pres\u0103 lunar\u0103, c\u0103 de la \u00eenceputul anului \u0219i p\u00e2n\u0103 azi autorit\u0103\u021bile au fost solicitate s\u0103 intervin\u0103 de 29 de ori din cauza ur\u0219ilor.<\/p>\n\n\n\n<p>\u201e<strong>\u00cen ultimele s\u0103pt\u0103m\u00e2ni, am observat cu to\u021bii o cre\u0219tere \u00eengrijor\u0103toare a num\u0103rului de apari\u021bii ale ur\u0219ilor \u00een localit\u0103\u021bile jude\u021bului Covasna. Numai \u00een aceast\u0103 lun\u0103 am primit 11 sesiz\u0103ri, \u00een acest an num\u0103rul total al cazurilor care au necesitat deplasarea jandarmilor ridic\u00e2ndu-se la 29<\/strong>.<\/p>\n\n\n\n<p>Este o problem\u0103 real\u0103, care afecteaz\u0103 siguran\u021ba cet\u0103\u021benilor, bunurile acestora \u0219i, nu \u00een ultimul r\u00e2nd, echilibrul convie\u021buirii \u00eentre oameni \u0219i fauna s\u0103lbatic\u0103. Este important s\u0103 repet\u0103m din nou: via\u021ba \u0219i siguran\u021ba oamenilor sunt prioritatea noastr\u0103 absolute\u201d \u2013 a <a href=\"https:\/\/cv.prefectura.mai.gov.ro\/alegeri-in-climat-de-ordine-si-legalitate\/\">declarat<\/a> R\u00e1duly Istv\u00e1n.<\/p>\n\n\n\n<p>Anul trecut asocia\u021biile de v\u00e2n\u0103toare au extras 54 de ur\u0219i, cota alocat\u0103 jude\u021bului nostru. \u00cen acest an se pot recolta tot 54 de ur\u0219i, iar p\u00e2n\u0103 la aceast\u0103 dat\u0103 au fost extrase un num\u0103r de 28 de animale.<\/p>\n","protected":false},"excerpt":{"rendered":"<p>Prefectul jude\u021bului Covasna a anun\u021bat, \u00een conferin\u021ba de pres\u0103 lunar\u0103, c\u0103 de la \u00eenceputul anului \u0219i p\u00e2n\u0103 azi autorit\u0103\u021bile au fost solicitate s\u0103 intervin\u0103 de 29 de ori din cauza ur\u0219ilor. \u201e\u00cen ultimele s\u0103pt\u0103m\u00e2ni, am observat cu to\u021bii o cre\u0219tere \u00eengrijor\u0103toare a num\u0103rului de apari\u021bii ale ur\u0219ilor \u00een localit\u0103\u021bile jude\u021bului Covasna. Numai \u00een aceast\u0103 lun\u0103 [&hellip;]<\/p>\n","protected":false},"author":1,"featured_media":9264,"comment_status":"open","ping_status":"closed","sticky":false,"template":"","format":"standard","meta":{"tdm_status":"","tdm_grid_status":"","footnotes":""},"categories":[14],"tags":[21,3631,3630,2211],"class_list":{"0":"post-11290","1":"post","2":"type-post","3":"status-publish","4":"format-standard","5":"has-post-thumbnail","7":"category-lumea-noastra","8":"tag-covasna","9":"tag-jandarmi","10":"tag-prefct","11":"tag-ursi-2"},"yoast_head":"<!-- This site is optimized with the Yoast SEO plugin v27.5 - https:\/\/yoast.com\/product\/yoast-seo-wordpress\/ -->\n<title>29 de sesiz\u0103ri legate de ur\u0219i \u00een jude\u021bul Covasna, de la \u00eenceputul anului - Covasna45<\/title>\n<meta name=\"description\" content=\"Anul trecut asocia\u021biile de v\u00e2n\u0103toare au extras 54 de ur\u0219i, cota alocat\u0103 jude\u021bului nostru.\" \/>\n<meta name=\"robots\" content=\"index, follow, max-snippet:-1, max-image-preview:large, max-video-preview:-1\" \/>\n<link rel=\"canonical\" href=\"https:\/\/covasna45.ro\/index.php\/lumea-noastra\/29-de-sesizari-legate-de-ursi-in-judetul-covasna-de-la-inceputul-anului\/\" \/>\n<meta property=\"og:locale\" content=\"ro_RO\" \/>\n<meta property=\"og:type\" content=\"article\" \/>\n<meta property=\"og:title\" content=\"29 de sesiz\u0103ri legate de ur\u0219i \u00een jude\u021bul Covasna, de la \u00eenceputul anului - Covasna45\" \/>\n<meta property=\"og:description\" content=\"Anul trecut asocia\u021biile de v\u00e2n\u0103toare au extras 54 de ur\u0219i, cota alocat\u0103 jude\u021bului nostru.\" \/>\n<meta property=\"og:url\" content=\"https:\/\/covasna45.ro\/index.php\/lumea-noastra\/29-de-sesizari-legate-de-ursi-in-judetul-covasna-de-la-inceputul-anului\/\" \/>\n<meta property=\"og:site_name\" content=\"Covasna45\" \/>\n<meta property=\"article:published_time\" content=\"2025-05-28T08:22:50+00:00\" \/>\n<meta property=\"article:modified_time\" content=\"2025-05-28T08:22:51+00:00\" \/>\n<meta property=\"og:image\" content=\"https:\/\/covasna45.ro\/wp-content\/uploads\/2024\/12\/pref-raduly.jpeg\" \/>\n\t<meta property=\"og:image:width\" content=\"1775\" \/>\n\t<meta property=\"og:image:height\" content=\"1191\" \/>\n\t<meta property=\"og:image:type\" content=\"image\/jpeg\" \/>\n<meta name=\"author\" content=\"Covasna45\" \/>\n<meta name=\"twitter:card\" content=\"summary_large_image\" \/>\n<meta name=\"twitter:label1\" content=\"Scris de\" \/>\n\t<meta name=\"twitter:data1\" content=\"Covasna45\" \/>\n\t<meta name=\"twitter:label2\" content=\"Timp estimat pentru citire\" \/>\n\t<meta name=\"twitter:data2\" content=\"2 minute\" \/>\n<script type=\"application\/ld+json\" class=\"yoast-schema-graph\">{\"@context\":\"https:\\\/\\\/schema.org\",\"@graph\":[{\"@type\":\"Article\",\"@id\":\"https:\\\/\\\/covasna45.ro\\\/index.php\\\/lumea-noastra\\\/29-de-sesizari-legate-de-ursi-in-judetul-covasna-de-la-inceputul-anului\\\/#article\",\"isPartOf\":{\"@id\":\"https:\\\/\\\/covasna45.ro\\\/index.php\\\/lumea-noastra\\\/29-de-sesizari-legate-de-ursi-in-judetul-covasna-de-la-inceputul-anului\\\/\"},\"author\":{\"name\":\"Covasna45\",\"@id\":\"https:\\\/\\\/covasna45.ro\\\/#\\\/schema\\\/person\\\/e674052bd7d95d70bbb007a1060ab73c\"},\"headline\":\"29 de sesiz\u0103ri legate de ur\u0219i \u00een jude\u021bul Covasna, de la \u00eenceputul anului\",\"datePublished\":\"2025-05-28T08:22:50+00:00\",\"dateModified\":\"2025-05-28T08:22:51+00:00\",\"mainEntityOfPage\":{\"@id\":\"https:\\\/\\\/covasna45.ro\\\/index.php\\\/lumea-noastra\\\/29-de-sesizari-legate-de-ursi-in-judetul-covasna-de-la-inceputul-anului\\\/\"},\"wordCount\":199,\"commentCount\":0,\"publisher\":{\"@id\":\"https:\\\/\\\/covasna45.ro\\\/#organization\"},\"image\":{\"@id\":\"https:\\\/\\\/covasna45.ro\\\/index.php\\\/lumea-noastra\\\/29-de-sesizari-legate-de-ursi-in-judetul-covasna-de-la-inceputul-anului\\\/#primaryimage\"},\"thumbnailUrl\":\"https:\\\/\\\/covasna45.ro\\\/wp-content\\\/uploads\\\/2024\\\/12\\\/pref-raduly.jpeg\",\"keywords\":[\"covasna\",\"jandarmi\",\"prefct\",\"ursi\"],\"articleSection\":[\"Lumea noastr\u0103\"],\"inLanguage\":\"ro-RO\",\"potentialAction\":[{\"@type\":\"CommentAction\",\"name\":\"Comment\",\"target\":[\"https:\\\/\\\/covasna45.ro\\\/index.php\\\/lumea-noastra\\\/29-de-sesizari-legate-de-ursi-in-judetul-covasna-de-la-inceputul-anului\\\/#respond\"]}]},{\"@type\":\"WebPage\",\"@id\":\"https:\\\/\\\/covasna45.ro\\\/index.php\\\/lumea-noastra\\\/29-de-sesizari-legate-de-ursi-in-judetul-covasna-de-la-inceputul-anului\\\/\",\"url\":\"https:\\\/\\\/covasna45.ro\\\/index.php\\\/lumea-noastra\\\/29-de-sesizari-legate-de-ursi-in-judetul-covasna-de-la-inceputul-anului\\\/\",\"name\":\"29 de sesiz\u0103ri legate de ur\u0219i \u00een jude\u021bul Covasna, de la \u00eenceputul anului - Covasna45\",\"isPartOf\":{\"@id\":\"https:\\\/\\\/covasna45.ro\\\/#website\"},\"primaryImageOfPage\":{\"@id\":\"https:\\\/\\\/covasna45.ro\\\/index.php\\\/lumea-noastra\\\/29-de-sesizari-legate-de-ursi-in-judetul-covasna-de-la-inceputul-anului\\\/#primaryimage\"},\"image\":{\"@id\":\"https:\\\/\\\/covasna45.ro\\\/index.php\\\/lumea-noastra\\\/29-de-sesizari-legate-de-ursi-in-judetul-covasna-de-la-inceputul-anului\\\/#primaryimage\"},\"thumbnailUrl\":\"https:\\\/\\\/covasna45.ro\\\/wp-content\\\/uploads\\\/2024\\\/12\\\/pref-raduly.jpeg\",\"datePublished\":\"2025-05-28T08:22:50+00:00\",\"dateModified\":\"2025-05-28T08:22:51+00:00\",\"description\":\"Anul trecut asocia\u021biile de v\u00e2n\u0103toare au extras 54 de ur\u0219i, cota alocat\u0103 jude\u021bului nostru.\",\"breadcrumb\":{\"@id\":\"https:\\\/\\\/covasna45.ro\\\/index.php\\\/lumea-noastra\\\/29-de-sesizari-legate-de-ursi-in-judetul-covasna-de-la-inceputul-anului\\\/#breadcrumb\"},\"inLanguage\":\"ro-RO\",\"potentialAction\":[{\"@type\":\"ReadAction\",\"target\":[\"https:\\\/\\\/covasna45.ro\\\/index.php\\\/lumea-noastra\\\/29-de-sesizari-legate-de-ursi-in-judetul-covasna-de-la-inceputul-anului\\\/\"]}]},{\"@type\":\"ImageObject\",\"inLanguage\":\"ro-RO\",\"@id\":\"https:\\\/\\\/covasna45.ro\\\/index.php\\\/lumea-noastra\\\/29-de-sesizari-legate-de-ursi-in-judetul-covasna-de-la-inceputul-anului\\\/#primaryimage\",\"url\":\"https:\\\/\\\/covasna45.ro\\\/wp-content\\\/uploads\\\/2024\\\/12\\\/pref-raduly.jpeg\",\"contentUrl\":\"https:\\\/\\\/covasna45.ro\\\/wp-content\\\/uploads\\\/2024\\\/12\\\/pref-raduly.jpeg\",\"width\":1775,\"height\":1191},{\"@type\":\"BreadcrumbList\",\"@id\":\"https:\\\/\\\/covasna45.ro\\\/index.php\\\/lumea-noastra\\\/29-de-sesizari-legate-de-ursi-in-judetul-covasna-de-la-inceputul-anului\\\/#breadcrumb\",\"itemListElement\":[{\"@type\":\"ListItem\",\"position\":1,\"name\":\"Prima pagin\u0103\",\"item\":\"https:\\\/\\\/covasna45.ro\\\/\"},{\"@type\":\"ListItem\",\"position\":2,\"name\":\"29 de sesiz\u0103ri legate de ur\u0219i \u00een jude\u021bul Covasna, de la \u00eenceputul anului\"}]},{\"@type\":\"WebSite\",\"@id\":\"https:\\\/\\\/covasna45.ro\\\/#website\",\"url\":\"https:\\\/\\\/covasna45.ro\\\/\",\"name\":\"covasna45.ro\",\"description\":\"\",\"publisher\":{\"@id\":\"https:\\\/\\\/covasna45.ro\\\/#organization\"},\"potentialAction\":[{\"@type\":\"SearchAction\",\"target\":{\"@type\":\"EntryPoint\",\"urlTemplate\":\"https:\\\/\\\/covasna45.ro\\\/?s={search_term_string}\"},\"query-input\":{\"@type\":\"PropertyValueSpecification\",\"valueRequired\":true,\"valueName\":\"search_term_string\"}}],\"inLanguage\":\"ro-RO\"},{\"@type\":\"Organization\",\"@id\":\"https:\\\/\\\/covasna45.ro\\\/#organization\",\"name\":\"covasna45.ro\",\"url\":\"https:\\\/\\\/covasna45.ro\\\/\",\"logo\":{\"@type\":\"ImageObject\",\"inLanguage\":\"ro-RO\",\"@id\":\"https:\\\/\\\/covasna45.ro\\\/#\\\/schema\\\/logo\\\/image\\\/\",\"url\":\"https:\\\/\\\/covasna45.ro\\\/wp-content\\\/uploads\\\/2023\\\/01\\\/icon_logo.png\",\"contentUrl\":\"https:\\\/\\\/covasna45.ro\\\/wp-content\\\/uploads\\\/2023\\\/01\\\/icon_logo.png\",\"width\":1900,\"height\":1900,\"caption\":\"covasna45.ro\"},\"image\":{\"@id\":\"https:\\\/\\\/covasna45.ro\\\/#\\\/schema\\\/logo\\\/image\\\/\"}},{\"@type\":\"Person\",\"@id\":\"https:\\\/\\\/covasna45.ro\\\/#\\\/schema\\\/person\\\/e674052bd7d95d70bbb007a1060ab73c\",\"name\":\"Covasna45\",\"image\":{\"@type\":\"ImageObject\",\"inLanguage\":\"ro-RO\",\"@id\":\"https:\\\/\\\/covasna45.ro\\\/wp-content\\\/uploads\\\/2025\\\/10\\\/icon_logo_covasna45-150x150.png\",\"url\":\"https:\\\/\\\/covasna45.ro\\\/wp-content\\\/uploads\\\/2025\\\/10\\\/icon_logo_covasna45-150x150.png\",\"contentUrl\":\"https:\\\/\\\/covasna45.ro\\\/wp-content\\\/uploads\\\/2025\\\/10\\\/icon_logo_covasna45-150x150.png\",\"caption\":\"Covasna45\"},\"sameAs\":[\"https:\\\/\\\/covasna45.ro\"],\"url\":\"https:\\\/\\\/covasna45.ro\\\/index.php\\\/author\\\/covasna\\\/\"}]}<\/script>\n<!-- \/ Yoast SEO plugin. -->","yoast_head_json":{"title":"29 de sesiz\u0103ri legate de ur\u0219i \u00een jude\u021bul Covasna, de la \u00eenceputul anului - Covasna45","description":"Anul trecut asocia\u021biile de v\u00e2n\u0103toare au extras 54 de ur\u0219i, cota alocat\u0103 jude\u021bului nostru.","robots":{"index":"index","follow":"follow","max-snippet":"max-snippet:-1","max-image-preview":"max-image-preview:large","max-video-preview":"max-video-preview:-1"},"canonical":"https:\/\/covasna45.ro\/index.php\/lumea-noastra\/29-de-sesizari-legate-de-ursi-in-judetul-covasna-de-la-inceputul-anului\/","og_locale":"ro_RO","og_type":"article","og_title":"29 de sesiz\u0103ri legate de ur\u0219i \u00een jude\u021bul Covasna, de la \u00eenceputul anului - Covasna45","og_description":"Anul trecut asocia\u021biile de v\u00e2n\u0103toare au extras 54 de ur\u0219i, cota alocat\u0103 jude\u021bului nostru.","og_url":"https:\/\/covasna45.ro\/index.php\/lumea-noastra\/29-de-sesizari-legate-de-ursi-in-judetul-covasna-de-la-inceputul-anului\/","og_site_name":"Covasna45","article_published_time":"2025-05-28T08:22:50+00:00","article_modified_time":"2025-05-28T08:22:51+00:00","og_image":[{"width":1775,"height":1191,"url":"https:\/\/covasna45.ro\/wp-content\/uploads\/2024\/12\/pref-raduly.jpeg","type":"image\/jpeg"}],"author":"Covasna45","twitter_card":"summary_large_image","twitter_misc":{"Scris de":"Covasna45","Timp estimat pentru citire":"2 minute"},"schema":{"@context":"https:\/\/schema.org","@graph":[{"@type":"Article","@id":"https:\/\/covasna45.ro\/index.php\/lumea-noastra\/29-de-sesizari-legate-de-ursi-in-judetul-covasna-de-la-inceputul-anului\/#article","isPartOf":{"@id":"https:\/\/covasna45.ro\/index.php\/lumea-noastra\/29-de-sesizari-legate-de-ursi-in-judetul-covasna-de-la-inceputul-anului\/"},"author":{"name":"Covasna45","@id":"https:\/\/covasna45.ro\/#\/schema\/person\/e674052bd7d95d70bbb007a1060ab73c"},"headline":"29 de sesiz\u0103ri legate de ur\u0219i \u00een jude\u021bul Covasna, de la \u00eenceputul anului","datePublished":"2025-05-28T08:22:50+00:00","dateModified":"2025-05-28T08:22:51+00:00","mainEntityOfPage":{"@id":"https:\/\/covasna45.ro\/index.php\/lumea-noastra\/29-de-sesizari-legate-de-ursi-in-judetul-covasna-de-la-inceputul-anului\/"},"wordCount":199,"commentCount":0,"publisher":{"@id":"https:\/\/covasna45.ro\/#organization"},"image":{"@id":"https:\/\/covasna45.ro\/index.php\/lumea-noastra\/29-de-sesizari-legate-de-ursi-in-judetul-covasna-de-la-inceputul-anului\/#primaryimage"},"thumbnailUrl":"https:\/\/covasna45.ro\/wp-content\/uploads\/2024\/12\/pref-raduly.jpeg","keywords":["covasna","jandarmi","prefct","ursi"],"articleSection":["Lumea noastr\u0103"],"inLanguage":"ro-RO","potentialAction":[{"@type":"CommentAction","name":"Comment","target":["https:\/\/covasna45.ro\/index.php\/lumea-noastra\/29-de-sesizari-legate-de-ursi-in-judetul-covasna-de-la-inceputul-anului\/#respond"]}]},{"@type":"WebPage","@id":"https:\/\/covasna45.ro\/index.php\/lumea-noastra\/29-de-sesizari-legate-de-ursi-in-judetul-covasna-de-la-inceputul-anului\/","url":"https:\/\/covasna45.ro\/index.php\/lumea-noastra\/29-de-sesizari-legate-de-ursi-in-judetul-covasna-de-la-inceputul-anului\/","name":"29 de sesiz\u0103ri legate de ur\u0219i \u00een jude\u021bul Covasna, de la \u00eenceputul anului - Covasna45","isPartOf":{"@id":"https:\/\/covasna45.ro\/#website"},"primaryImageOfPage":{"@id":"https:\/\/covasna45.ro\/index.php\/lumea-noastra\/29-de-sesizari-legate-de-ursi-in-judetul-covasna-de-la-inceputul-anului\/#primaryimage"},"image":{"@id":"https:\/\/covasna45.ro\/index.php\/lumea-noastra\/29-de-sesizari-legate-de-ursi-in-judetul-covasna-de-la-inceputul-anului\/#primaryimage"},"thumbnailUrl":"https:\/\/covasna45.ro\/wp-content\/uploads\/2024\/12\/pref-raduly.jpeg","datePublished":"2025-05-28T08:22:50+00:00","dateModified":"2025-05-28T08:22:51+00:00","description":"Anul trecut asocia\u021biile de v\u00e2n\u0103toare au extras 54 de ur\u0219i, cota alocat\u0103 jude\u021bului nostru.","breadcrumb":{"@id":"https:\/\/covasna45.ro\/index.php\/lumea-noastra\/29-de-sesizari-legate-de-ursi-in-judetul-covasna-de-la-inceputul-anului\/#breadcrumb"},"inLanguage":"ro-RO","potentialAction":[{"@type":"ReadAction","target":["https:\/\/covasna45.ro\/index.php\/lumea-noastra\/29-de-sesizari-legate-de-ursi-in-judetul-covasna-de-la-inceputul-anului\/"]}]},{"@type":"ImageObject","inLanguage":"ro-RO","@id":"https:\/\/covasna45.ro\/index.php\/lumea-noastra\/29-de-sesizari-legate-de-ursi-in-judetul-covasna-de-la-inceputul-anului\/#primaryimage","url":"https:\/\/covasna45.ro\/wp-content\/uploads\/2024\/12\/pref-raduly.jpeg","contentUrl":"https:\/\/covasna45.ro\/wp-content\/uploads\/2024\/12\/pref-raduly.jpeg","width":1775,"height":1191},{"@type":"BreadcrumbList","@id":"https:\/\/covasna45.ro\/index.php\/lumea-noastra\/29-de-sesizari-legate-de-ursi-in-judetul-covasna-de-la-inceputul-anului\/#breadcrumb","itemListElement":[{"@type":"ListItem","position":1,"name":"Prima pagin\u0103","item":"https:\/\/covasna45.ro\/"},{"@type":"ListItem","position":2,"name":"29 de sesiz\u0103ri legate de ur\u0219i \u00een jude\u021bul Covasna, de la \u00eenceputul anului"}]},{"@type":"WebSite","@id":"https:\/\/covasna45.ro\/#website","url":"https:\/\/covasna45.ro\/","name":"covasna45.ro","description":"","publisher":{"@id":"https:\/\/covasna45.ro\/#organization"},"potentialAction":[{"@type":"SearchAction","target":{"@type":"EntryPoint","urlTemplate":"https:\/\/covasna45.ro\/?s={search_term_string}"},"query-input":{"@type":"PropertyValueSpecification","valueRequired":true,"valueName":"search_term_string"}}],"inLanguage":"ro-RO"},{"@type":"Organization","@id":"https:\/\/covasna45.ro\/#organization","name":"covasna45.ro","url":"https:\/\/covasna45.ro\/","logo":{"@type":"ImageObject","inLanguage":"ro-RO","@id":"https:\/\/covasna45.ro\/#\/schema\/logo\/image\/","url":"https:\/\/covasna45.ro\/wp-content\/uploads\/2023\/01\/icon_logo.png","contentUrl":"https:\/\/covasna45.ro\/wp-content\/uploads\/2023\/01\/icon_logo.png","width":1900,"height":1900,"caption":"covasna45.ro"},"image":{"@id":"https:\/\/covasna45.ro\/#\/schema\/logo\/image\/"}},{"@type":"Person","@id":"https:\/\/covasna45.ro\/#\/schema\/person\/e674052bd7d95d70bbb007a1060ab73c","name":"Covasna45","image":{"@type":"ImageObject","inLanguage":"ro-RO","@id":"https:\/\/covasna45.ro\/wp-content\/uploads\/2025\/10\/icon_logo_covasna45-150x150.png","url":"https:\/\/covasna45.ro\/wp-content\/uploads\/2025\/10\/icon_logo_covasna45-150x150.png","contentUrl":"https:\/\/covasna45.ro\/wp-content\/uploads\/2025\/10\/icon_logo_covasna45-150x150.png","caption":"Covasna45"},"sameAs":["https:\/\/covasna45.ro"],"url":"https:\/\/covasna45.ro\/index.php\/author\/covasna\/"}]}},"_links":{"self":[{"href":"https:\/\/covasna45.ro\/index.php\/wp-json\/wp\/v2\/posts\/11290","targetHints":{"allow":["GET"]}}],"collection":[{"href":"https:\/\/covasna45.ro\/index.php\/wp-json\/wp\/v2\/posts"}],"about":[{"href":"https:\/\/covasna45.ro\/index.php\/wp-json\/wp\/v2\/types\/post"}],"author":[{"embeddable":true,"href":"https:\/\/covasna45.ro\/index.php\/wp-json\/wp\/v2\/users\/1"}],"replies":[{"embeddable":true,"href":"https:\/\/covasna45.ro\/index.php\/wp-json\/wp\/v2\/comments?post=11290"}],"version-history":[{"count":1,"href":"https:\/\/covasna45.ro\/index.php\/wp-json\/wp\/v2\/posts\/11290\/revisions"}],"predecessor-version":[{"id":11291,"href":"https:\/\/covasna45.ro\/index.php\/wp-json\/wp\/v2\/posts\/11290\/revisions\/11291"}],"wp:featuredmedia":[{"embeddable":true,"href":"https:\/\/covasna45.ro\/index.php\/wp-json\/wp\/v2\/media\/9264"}],"wp:attachment":[{"href":"https:\/\/covasna45.ro\/index.php\/wp-json\/wp\/v2\/media?parent=11290"}],"wp:term":[{"taxonomy":"category","embeddable":true,"href":"https:\/\/covasna45.ro\/index.php\/wp-json\/wp\/v2\/categories?post=11290"},{"taxonomy":"post_tag","embeddable":true,"href":"https:\/\/covasna45.ro\/index.php\/wp-json\/wp\/v2\/tags?post=11290"}],"curies":[{"name":"wp","href":"https:\/\/api.w.org\/{rel}","templated":true}]}}