{"id":11408,"date":"2025-06-04T06:32:00","date_gmt":"2025-06-04T04:32:00","guid":{"rendered":"https:\/\/covasna45.ro\/?p=11408"},"modified":"2025-06-04T07:57:05","modified_gmt":"2025-06-04T05:57:05","slug":"cei-mai-frumosi-armasari-ai-romsilva-vor-fi-pe-13-15-iunie-la-olteni","status":"publish","type":"post","link":"https:\/\/covasna45.ro\/index.php\/lumea-noastra\/cei-mai-frumosi-armasari-ai-romsilva-vor-fi-pe-13-15-iunie-la-olteni\/","title":{"rendered":"Cei mai frumo\u0219i arm\u0103sari ai Romsilva vor fi pe 13 \u2013 15 iunie la Olteni"},"content":{"rendered":"\n<p>Concursul na\u021bional \u0219i interna\u021bional de atelaje cu doi cai, edi\u021bia a VII-a, va avea loc \u00een satul Olteni din comuna Bodoc \u00eentre 13 \u0219i 15 iunie.<\/p>\n\n\n\n<p>Evenimentul este organizat de Federa\u021bia Ecvestr\u0103 Interna\u021bional\u0103, \u00een parteneriat cu Federa\u021bia Ecvestr\u0103 Rom\u00e2n\u0103, Prim\u0103ria Bodoc \u0219i Consiliul Jude\u021bean Covasna.<\/p>\n\n\n\n<figure class=\"wp-block-image size-large\"><img loading=\"lazy\" decoding=\"async\" width=\"1024\" height=\"1024\" src=\"https:\/\/covasna45.ro\/wp-content\/uploads\/2025\/06\/atelaj-oltebi-1024x1024.jpg\" alt=\"\" class=\"wp-image-11410\" srcset=\"https:\/\/covasna45.ro\/wp-content\/uploads\/2025\/06\/atelaj-oltebi-1024x1024.jpg 1024w, https:\/\/covasna45.ro\/wp-content\/uploads\/2025\/06\/atelaj-oltebi-300x300.jpg 300w, https:\/\/covasna45.ro\/wp-content\/uploads\/2025\/06\/atelaj-oltebi-150x150.jpg 150w, https:\/\/covasna45.ro\/wp-content\/uploads\/2025\/06\/atelaj-oltebi-768x768.jpg 768w, https:\/\/covasna45.ro\/wp-content\/uploads\/2025\/06\/atelaj-oltebi-1536x1536.jpg 1536w, https:\/\/covasna45.ro\/wp-content\/uploads\/2025\/06\/atelaj-oltebi-696x696.jpg 696w, https:\/\/covasna45.ro\/wp-content\/uploads\/2025\/06\/atelaj-oltebi-1068x1068.jpg 1068w, https:\/\/covasna45.ro\/wp-content\/uploads\/2025\/06\/atelaj-oltebi-1920x1920.jpg 1920w, https:\/\/covasna45.ro\/wp-content\/uploads\/2025\/06\/atelaj-oltebi.jpg 2048w\" sizes=\"auto, (max-width: 1024px) 100vw, 1024px\" \/><\/figure>\n\n\n\n<p>Vor participa 22 de atelaje, iar programul cuprinde concursul de prezentare, maratonul \u0219i cursa cu obstacole.<\/p>\n\n\n\n<p>Dup\u0103 cum a declarat pentru <a href=\"https:\/\/covasna45.ro\/index.php\/lumea-noastra\/caii-din-campul-lui-benedek-benedek-mezo\/\">covasna45.ro<\/a> primarul comunei Bodoc, Fodor Istv\u00e1n, concuren\u021bii au \u0219i o miz\u0103: ei trebuie s\u0103 acumuleze puncte \u00een vederea calific\u0103rii la Campionatul Mondial. Este vorba despre Campionatul Mondial FEI pentru atelaje cu 2 cai din Beekbegen, Olanda, ce va avea loc \u00eentre 20 \u0219i 24 august 2025.<\/p>\n\n\n\n<figure class=\"wp-block-image size-large\"><img loading=\"lazy\" decoding=\"async\" width=\"1024\" height=\"1024\" src=\"https:\/\/covasna45.ro\/wp-content\/uploads\/2025\/06\/atelaj-1024x1024.jpg\" alt=\"\" class=\"wp-image-11411\" srcset=\"https:\/\/covasna45.ro\/wp-content\/uploads\/2025\/06\/atelaj-1024x1024.jpg 1024w, https:\/\/covasna45.ro\/wp-content\/uploads\/2025\/06\/atelaj-300x300.jpg 300w, https:\/\/covasna45.ro\/wp-content\/uploads\/2025\/06\/atelaj-150x150.jpg 150w, https:\/\/covasna45.ro\/wp-content\/uploads\/2025\/06\/atelaj-768x768.jpg 768w, https:\/\/covasna45.ro\/wp-content\/uploads\/2025\/06\/atelaj-1536x1536.jpg 1536w, https:\/\/covasna45.ro\/wp-content\/uploads\/2025\/06\/atelaj-696x696.jpg 696w, https:\/\/covasna45.ro\/wp-content\/uploads\/2025\/06\/atelaj-1068x1068.jpg 1068w, https:\/\/covasna45.ro\/wp-content\/uploads\/2025\/06\/atelaj-1920x1920.jpg 1920w, https:\/\/covasna45.ro\/wp-content\/uploads\/2025\/06\/atelaj.jpg 2048w\" sizes=\"auto, (max-width: 1024px) 100vw, 1024px\" \/><\/figure>\n\n\n\n<p>Primarul a mai precizat c\u0103 pe l\u00e2ng\u0103 atelajele din Rom\u00e2nia vor participa \u0219i din Croa\u021bia (1) \u0219i Ungaria (4).<\/p>\n\n\n\n<h2 class=\"wp-block-heading\">Romsilva aduce mai multe echipe<\/h2>\n\n\n\n<p>Regia Na\u021bional\u0103 a P\u0103durilor \u2013 Romsilva vine la Olteni cu mai multe atelaje, av\u00e2nd cea mai consistent\u0103 participare. Dup\u0103 cum a precizat pentru <a href=\"https:\/\/covasna45.ro\/index.php\/lumea-noastra\/cupa-izvoarelor-2025-zagon-cei-mai-buni-cai-de-tractiune-au-fost-premiati\/\">covasna45.ro<\/a> Mihai Lechkun, de la Direc\u021bia de Cre\u0219tere, Exploatare \u0219i Ameliorare a Cabalinelor din Romsilva, vor veni urm\u0103toarele echipe:<\/p>\n\n\n\n<ul class=\"wp-block-list\">\n<li>Herghelia S\u0103mb\u0103ta de Jos cu 3 atelaje cu armasari de ras\u0103 Lipi\u021ban\u0103, (2 conduse de Gergo Rakoczi, 1 condus de Andrei Csoma),<\/li>\n<\/ul>\n\n\n\n<ul class=\"wp-block-list\">\n<li>Herghelia Beclean cu 2 atelaje cu arm\u0103sari de ras\u0103 Lipi\u021ban\u0103 cu roba neagr\u0103, conduse de Roland Varga \u0219i secundul Leon Oni\u0219or<\/li>\n<\/ul>\n\n\n\n<ul class=\"wp-block-list\">\n<li>Depoziul de arm\u0103sari Arad cu 2 atelaje de arm\u0103sari de ras\u0103 Nonius \u0219i Furioso North &#8211; Star, conduse de Ioan Cri\u0219an, respectiv Milin Milorad.<\/li>\n<\/ul>\n\n\n\n<figure class=\"wp-block-image size-large\"><img loading=\"lazy\" decoding=\"async\" width=\"1024\" height=\"683\" src=\"https:\/\/covasna45.ro\/wp-content\/uploads\/2025\/06\/cai-2024-olteni-1024x683.jpg\" alt=\"\" class=\"wp-image-11412\" srcset=\"https:\/\/covasna45.ro\/wp-content\/uploads\/2025\/06\/cai-2024-olteni-1024x683.jpg 1024w, https:\/\/covasna45.ro\/wp-content\/uploads\/2025\/06\/cai-2024-olteni-300x200.jpg 300w, https:\/\/covasna45.ro\/wp-content\/uploads\/2025\/06\/cai-2024-olteni-768x512.jpg 768w, https:\/\/covasna45.ro\/wp-content\/uploads\/2025\/06\/cai-2024-olteni-1536x1024.jpg 1536w, https:\/\/covasna45.ro\/wp-content\/uploads\/2025\/06\/cai-2024-olteni-150x100.jpg 150w, https:\/\/covasna45.ro\/wp-content\/uploads\/2025\/06\/cai-2024-olteni-696x464.jpg 696w, https:\/\/covasna45.ro\/wp-content\/uploads\/2025\/06\/cai-2024-olteni-1068x712.jpg 1068w, https:\/\/covasna45.ro\/wp-content\/uploads\/2025\/06\/cai-2024-olteni-1920x1280.jpg 1920w, https:\/\/covasna45.ro\/wp-content\/uploads\/2025\/06\/cai-2024-olteni.jpg 2048w\" sizes=\"auto, (max-width: 1024px) 100vw, 1024px\" \/><\/figure>\n\n\n\n<h2 class=\"wp-block-heading\">Federa\u021bia Interna\u021bional\u0103 Ecvestr\u0103 are un Cod de conduit\u0103 pentru bun\u0103starea calului<\/h2>\n\n\n\n<p>Ca la orice concurs \u00een care este partener sau co-organizator, Federa\u021bia Ecvestr\u0103 Interna\u021bional\u0103 (<a href=\"https:\/\/www.fei.org\/\">FEI<\/a>) transmite c\u0103 to\u021bi cei implica\u021bi \u00een sportul ecvestru interna\u021bional trebuie s\u0103 respecte Codul de Conduit\u0103 FEI \u0219i s\u0103 recunoasc\u0103 \u0219i s\u0103 accepte c\u0103, \u00een orice moment, bun\u0103starea calului trebuie s\u0103 fie primordial\u0103 \u0219i nu trebuie niciodat\u0103 subordonat\u0103 influen\u021belor competitive sau comerciale.<\/p>\n\n\n\n<p>Iat\u0103 c\u00e2teva prevederi din acest Cod:<\/p>\n\n\n\n<p>\u201e1. \u00cen toate etapele preg\u0103tirii \u0219i antrenamentului cailor de competi\u021bie, bun\u0103starea trebuie s\u0103 aib\u0103 prioritate fa\u021b\u0103 de toate celelalte cerin\u021be. Aceasta include o bun\u0103 gestionare a cailor, metodele de antrenament, echipamentul de echita\u021bie, precum \u0219i transportul.<\/p>\n\n\n\n<p>2. Caii \u0219i sportivii trebuie s\u0103 fie \u00een form\u0103 \u0219i s\u0103n\u0103to\u0219i \u00eenainte de a li se permite s\u0103 concureze.<\/p>\n\n\n\n<p>3. Evenimentele nu trebuie s\u0103 prejudicieze bun\u0103starea cailor. Aceasta implic\u0103 acordarea unei aten\u021bii deosebite zonelor de competi\u021bie, suprafe\u021belor terenului, condi\u021biilor meteorologice, grajdurilor, siguran\u021bei locului de desf\u0103\u0219urare \u0219i st\u0103rii de s\u0103n\u0103tate a calului pentru continuarea c\u0103l\u0103toriei dup\u0103 eveniment.<\/p>\n\n\n\n<p>4. Trebuie depuse toate eforturile pentru a se asigura c\u0103, dup\u0103 ce au participat la competi\u021bii, caii primesc aten\u021bia cuvenit\u0103 \u0219i c\u0103 sunt trata\u021bi corespunz\u0103tor la sf\u00e2r\u0219itul carierei lor competi\u021bionale.<\/p>\n\n\n\n<p>5. FEI \u00eendeamn\u0103 to\u021bi cei implica\u021bi \u00een acest sport s\u0103 ating\u0103 cele mai \u00eenalte niveluri de educa\u021bie \u00een domeniile lor de expertiz\u0103\u201d.<\/p>\n\n\n\n<figure class=\"wp-block-image size-large\"><img loading=\"lazy\" decoding=\"async\" width=\"1024\" height=\"683\" src=\"https:\/\/covasna45.ro\/wp-content\/uploads\/2025\/06\/hostobagy-1024x683.jpg\" alt=\"\" class=\"wp-image-11413\" srcset=\"https:\/\/covasna45.ro\/wp-content\/uploads\/2025\/06\/hostobagy-1024x683.jpg 1024w, https:\/\/covasna45.ro\/wp-content\/uploads\/2025\/06\/hostobagy-300x200.jpg 300w, https:\/\/covasna45.ro\/wp-content\/uploads\/2025\/06\/hostobagy-768x512.jpg 768w, https:\/\/covasna45.ro\/wp-content\/uploads\/2025\/06\/hostobagy-1536x1024.jpg 1536w, https:\/\/covasna45.ro\/wp-content\/uploads\/2025\/06\/hostobagy-150x100.jpg 150w, https:\/\/covasna45.ro\/wp-content\/uploads\/2025\/06\/hostobagy-696x464.jpg 696w, https:\/\/covasna45.ro\/wp-content\/uploads\/2025\/06\/hostobagy-1068x712.jpg 1068w, https:\/\/covasna45.ro\/wp-content\/uploads\/2025\/06\/hostobagy-1920x1280.jpg 1920w, https:\/\/covasna45.ro\/wp-content\/uploads\/2025\/06\/hostobagy.jpg 2048w\" sizes=\"auto, (max-width: 1024px) 100vw, 1024px\" \/><\/figure>\n\n\n\n<h2 class=\"wp-block-heading\">Un eveniment \u00eendr\u0103git<\/h2>\n\n\n\n<p>Pe l\u00e2ng\u0103 competi\u021bia propriu-zis\u0103, organizatorii le ofer\u0103 celor prezen\u021bi o mul\u021bime de atrac\u021bii, inclusiv pentru cei mici. Vor fi ateliere de pictur\u0103, vor fi standuri cu produse \u0219i accesorii pentru iubitorii de cai, puncte de alimenta\u021bie public\u0103, dar \u0219i momente artistice, cu ansambluri tradi\u021bionale sau diverse trupe.<\/p>\n\n\n\n<figure class=\"wp-block-video\"><video height=\"480\" style=\"aspect-ratio: 848 \/ 480;\" width=\"848\" controls src=\"https:\/\/covasna45.ro\/wp-content\/uploads\/2025\/06\/WhatsApp-Video-2025-06-03-at-11.17.06.mp4\"><\/video><\/figure>\n","protected":false},"excerpt":{"rendered":"<p>Concursul na\u021bional \u0219i interna\u021bional de atelaje cu doi cai, edi\u021bia a VII-a, va avea loc \u00een satul Olteni din comuna Bodoc \u00eentre 13 \u0219i 15 iunie. Evenimentul este organizat de Federa\u021bia Ecvestr\u0103 Interna\u021bional\u0103, \u00een parteneriat cu Federa\u021bia Ecvestr\u0103 Rom\u00e2n\u0103, Prim\u0103ria Bodoc \u0219i Consiliul Jude\u021bean Covasna. Vor participa 22 de atelaje, iar programul cuprinde concursul de [&hellip;]<\/p>\n","protected":false},"author":3,"featured_media":11409,"comment_status":"open","ping_status":"closed","sticky":false,"template":"","format":"standard","meta":{"tdm_status":"","tdm_grid_status":"","footnotes":""},"categories":[14],"tags":[3647,112,659,2818],"class_list":{"0":"post-11408","1":"post","2":"type-post","3":"status-publish","4":"format-standard","5":"has-post-thumbnail","7":"category-lumea-noastra","8":"tag-atelaje","9":"tag-cai","10":"tag-olteni","11":"tag-romsilva"},"yoast_head":"<!-- This site is optimized with the Yoast SEO plugin v27.5 - https:\/\/yoast.com\/product\/yoast-seo-wordpress\/ -->\n<title>Cei mai frumo\u0219i arm\u0103sari ai Romsilva vor fi pe 13 \u2013 15 iunie la Olteni - Covasna45<\/title>\n<meta name=\"description\" content=\"Pe l\u00e2ng\u0103 competi\u021bia propriu-zis\u0103, organizatorii le ofer\u0103 celor prezen\u021bi o mul\u021bime de atrac\u021bii, inclusiv pentru cei mici.\" \/>\n<meta name=\"robots\" content=\"index, follow, max-snippet:-1, max-image-preview:large, max-video-preview:-1\" \/>\n<link rel=\"canonical\" href=\"https:\/\/covasna45.ro\/index.php\/lumea-noastra\/cei-mai-frumosi-armasari-ai-romsilva-vor-fi-pe-13-15-iunie-la-olteni\/\" \/>\n<meta property=\"og:locale\" content=\"ro_RO\" \/>\n<meta property=\"og:type\" content=\"article\" \/>\n<meta property=\"og:title\" content=\"Cei mai frumo\u0219i arm\u0103sari ai Romsilva vor fi pe 13 \u2013 15 iunie la Olteni - Covasna45\" \/>\n<meta property=\"og:description\" content=\"Pe l\u00e2ng\u0103 competi\u021bia propriu-zis\u0103, organizatorii le ofer\u0103 celor prezen\u021bi o mul\u021bime de atrac\u021bii, inclusiv pentru cei mici.\" \/>\n<meta property=\"og:url\" content=\"https:\/\/covasna45.ro\/index.php\/lumea-noastra\/cei-mai-frumosi-armasari-ai-romsilva-vor-fi-pe-13-15-iunie-la-olteni\/\" \/>\n<meta property=\"og:site_name\" content=\"Covasna45\" \/>\n<meta property=\"article:published_time\" content=\"2025-06-04T04:32:00+00:00\" \/>\n<meta property=\"article:modified_time\" content=\"2025-06-04T05:57:05+00:00\" \/>\n<meta property=\"og:image\" content=\"https:\/\/covasna45.ro\/wp-content\/uploads\/2025\/06\/atelaje-olteni-ounie.jpg\" \/>\n\t<meta property=\"og:image:width\" content=\"2048\" \/>\n\t<meta property=\"og:image:height\" content=\"1365\" \/>\n\t<meta property=\"og:image:type\" content=\"image\/jpeg\" \/>\n<meta name=\"author\" content=\"Gina Artenie\" \/>\n<meta name=\"twitter:card\" content=\"summary_large_image\" \/>\n<meta name=\"twitter:label1\" content=\"Scris de\" \/>\n\t<meta name=\"twitter:data1\" content=\"Gina Artenie\" \/>\n\t<meta name=\"twitter:label2\" content=\"Timp estimat pentru citire\" \/>\n\t<meta name=\"twitter:data2\" content=\"4 minute\" \/>\n<script type=\"application\/ld+json\" class=\"yoast-schema-graph\">{\"@context\":\"https:\\\/\\\/schema.org\",\"@graph\":[{\"@type\":\"Article\",\"@id\":\"https:\\\/\\\/covasna45.ro\\\/index.php\\\/lumea-noastra\\\/cei-mai-frumosi-armasari-ai-romsilva-vor-fi-pe-13-15-iunie-la-olteni\\\/#article\",\"isPartOf\":{\"@id\":\"https:\\\/\\\/covasna45.ro\\\/index.php\\\/lumea-noastra\\\/cei-mai-frumosi-armasari-ai-romsilva-vor-fi-pe-13-15-iunie-la-olteni\\\/\"},\"author\":{\"name\":\"Gina Artenie\",\"@id\":\"https:\\\/\\\/covasna45.ro\\\/#\\\/schema\\\/person\\\/a1349b84526c62ffb40b193ae8676c7e\"},\"headline\":\"Cei mai frumo\u0219i arm\u0103sari ai Romsilva vor fi pe 13 \u2013 15 iunie la Olteni\",\"datePublished\":\"2025-06-04T04:32:00+00:00\",\"dateModified\":\"2025-06-04T05:57:05+00:00\",\"mainEntityOfPage\":{\"@id\":\"https:\\\/\\\/covasna45.ro\\\/index.php\\\/lumea-noastra\\\/cei-mai-frumosi-armasari-ai-romsilva-vor-fi-pe-13-15-iunie-la-olteni\\\/\"},\"wordCount\":586,\"commentCount\":0,\"publisher\":{\"@id\":\"https:\\\/\\\/covasna45.ro\\\/#organization\"},\"image\":{\"@id\":\"https:\\\/\\\/covasna45.ro\\\/index.php\\\/lumea-noastra\\\/cei-mai-frumosi-armasari-ai-romsilva-vor-fi-pe-13-15-iunie-la-olteni\\\/#primaryimage\"},\"thumbnailUrl\":\"https:\\\/\\\/covasna45.ro\\\/wp-content\\\/uploads\\\/2025\\\/06\\\/atelaje-olteni-ounie.jpg\",\"keywords\":[\"atelaje\",\"Cai\",\"Olteni\",\"romsilva\"],\"articleSection\":[\"Lumea noastr\u0103\"],\"inLanguage\":\"ro-RO\",\"potentialAction\":[{\"@type\":\"CommentAction\",\"name\":\"Comment\",\"target\":[\"https:\\\/\\\/covasna45.ro\\\/index.php\\\/lumea-noastra\\\/cei-mai-frumosi-armasari-ai-romsilva-vor-fi-pe-13-15-iunie-la-olteni\\\/#respond\"]}]},{\"@type\":\"WebPage\",\"@id\":\"https:\\\/\\\/covasna45.ro\\\/index.php\\\/lumea-noastra\\\/cei-mai-frumosi-armasari-ai-romsilva-vor-fi-pe-13-15-iunie-la-olteni\\\/\",\"url\":\"https:\\\/\\\/covasna45.ro\\\/index.php\\\/lumea-noastra\\\/cei-mai-frumosi-armasari-ai-romsilva-vor-fi-pe-13-15-iunie-la-olteni\\\/\",\"name\":\"Cei mai frumo\u0219i arm\u0103sari ai Romsilva vor fi pe 13 \u2013 15 iunie la Olteni - Covasna45\",\"isPartOf\":{\"@id\":\"https:\\\/\\\/covasna45.ro\\\/#website\"},\"primaryImageOfPage\":{\"@id\":\"https:\\\/\\\/covasna45.ro\\\/index.php\\\/lumea-noastra\\\/cei-mai-frumosi-armasari-ai-romsilva-vor-fi-pe-13-15-iunie-la-olteni\\\/#primaryimage\"},\"image\":{\"@id\":\"https:\\\/\\\/covasna45.ro\\\/index.php\\\/lumea-noastra\\\/cei-mai-frumosi-armasari-ai-romsilva-vor-fi-pe-13-15-iunie-la-olteni\\\/#primaryimage\"},\"thumbnailUrl\":\"https:\\\/\\\/covasna45.ro\\\/wp-content\\\/uploads\\\/2025\\\/06\\\/atelaje-olteni-ounie.jpg\",\"datePublished\":\"2025-06-04T04:32:00+00:00\",\"dateModified\":\"2025-06-04T05:57:05+00:00\",\"description\":\"Pe l\u00e2ng\u0103 competi\u021bia propriu-zis\u0103, organizatorii le ofer\u0103 celor prezen\u021bi o mul\u021bime de atrac\u021bii, inclusiv pentru cei mici.\",\"breadcrumb\":{\"@id\":\"https:\\\/\\\/covasna45.ro\\\/index.php\\\/lumea-noastra\\\/cei-mai-frumosi-armasari-ai-romsilva-vor-fi-pe-13-15-iunie-la-olteni\\\/#breadcrumb\"},\"inLanguage\":\"ro-RO\",\"potentialAction\":[{\"@type\":\"ReadAction\",\"target\":[\"https:\\\/\\\/covasna45.ro\\\/index.php\\\/lumea-noastra\\\/cei-mai-frumosi-armasari-ai-romsilva-vor-fi-pe-13-15-iunie-la-olteni\\\/\"]}]},{\"@type\":\"ImageObject\",\"inLanguage\":\"ro-RO\",\"@id\":\"https:\\\/\\\/covasna45.ro\\\/index.php\\\/lumea-noastra\\\/cei-mai-frumosi-armasari-ai-romsilva-vor-fi-pe-13-15-iunie-la-olteni\\\/#primaryimage\",\"url\":\"https:\\\/\\\/covasna45.ro\\\/wp-content\\\/uploads\\\/2025\\\/06\\\/atelaje-olteni-ounie.jpg\",\"contentUrl\":\"https:\\\/\\\/covasna45.ro\\\/wp-content\\\/uploads\\\/2025\\\/06\\\/atelaje-olteni-ounie.jpg\",\"width\":2048,\"height\":1365},{\"@type\":\"BreadcrumbList\",\"@id\":\"https:\\\/\\\/covasna45.ro\\\/index.php\\\/lumea-noastra\\\/cei-mai-frumosi-armasari-ai-romsilva-vor-fi-pe-13-15-iunie-la-olteni\\\/#breadcrumb\",\"itemListElement\":[{\"@type\":\"ListItem\",\"position\":1,\"name\":\"Prima pagin\u0103\",\"item\":\"https:\\\/\\\/covasna45.ro\\\/\"},{\"@type\":\"ListItem\",\"position\":2,\"name\":\"Cei mai frumo\u0219i arm\u0103sari ai Romsilva vor fi pe 13 \u2013 15 iunie la Olteni\"}]},{\"@type\":\"WebSite\",\"@id\":\"https:\\\/\\\/covasna45.ro\\\/#website\",\"url\":\"https:\\\/\\\/covasna45.ro\\\/\",\"name\":\"covasna45.ro\",\"description\":\"\",\"publisher\":{\"@id\":\"https:\\\/\\\/covasna45.ro\\\/#organization\"},\"potentialAction\":[{\"@type\":\"SearchAction\",\"target\":{\"@type\":\"EntryPoint\",\"urlTemplate\":\"https:\\\/\\\/covasna45.ro\\\/?s={search_term_string}\"},\"query-input\":{\"@type\":\"PropertyValueSpecification\",\"valueRequired\":true,\"valueName\":\"search_term_string\"}}],\"inLanguage\":\"ro-RO\"},{\"@type\":\"Organization\",\"@id\":\"https:\\\/\\\/covasna45.ro\\\/#organization\",\"name\":\"covasna45.ro\",\"url\":\"https:\\\/\\\/covasna45.ro\\\/\",\"logo\":{\"@type\":\"ImageObject\",\"inLanguage\":\"ro-RO\",\"@id\":\"https:\\\/\\\/covasna45.ro\\\/#\\\/schema\\\/logo\\\/image\\\/\",\"url\":\"https:\\\/\\\/covasna45.ro\\\/wp-content\\\/uploads\\\/2023\\\/01\\\/icon_logo.png\",\"contentUrl\":\"https:\\\/\\\/covasna45.ro\\\/wp-content\\\/uploads\\\/2023\\\/01\\\/icon_logo.png\",\"width\":1900,\"height\":1900,\"caption\":\"covasna45.ro\"},\"image\":{\"@id\":\"https:\\\/\\\/covasna45.ro\\\/#\\\/schema\\\/logo\\\/image\\\/\"}},{\"@type\":\"Person\",\"@id\":\"https:\\\/\\\/covasna45.ro\\\/#\\\/schema\\\/person\\\/a1349b84526c62ffb40b193ae8676c7e\",\"name\":\"Gina Artenie\",\"image\":{\"@type\":\"ImageObject\",\"inLanguage\":\"ro-RO\",\"@id\":\"https:\\\/\\\/covasna45.ro\\\/wp-content\\\/uploads\\\/2023\\\/08\\\/gina_artenie-150x150.jpg\",\"url\":\"https:\\\/\\\/covasna45.ro\\\/wp-content\\\/uploads\\\/2023\\\/08\\\/gina_artenie-150x150.jpg\",\"contentUrl\":\"https:\\\/\\\/covasna45.ro\\\/wp-content\\\/uploads\\\/2023\\\/08\\\/gina_artenie-150x150.jpg\",\"caption\":\"Gina Artenie\"},\"sameAs\":[\"http:\\\/\\\/www.covasna45.ro\"],\"url\":\"https:\\\/\\\/covasna45.ro\\\/index.php\\\/author\\\/gina\\\/\"}]}<\/script>\n<!-- \/ Yoast SEO plugin. -->","yoast_head_json":{"title":"Cei mai frumo\u0219i arm\u0103sari ai Romsilva vor fi pe 13 \u2013 15 iunie la Olteni - Covasna45","description":"Pe l\u00e2ng\u0103 competi\u021bia propriu-zis\u0103, organizatorii le ofer\u0103 celor prezen\u021bi o mul\u021bime de atrac\u021bii, inclusiv pentru cei mici.","robots":{"index":"index","follow":"follow","max-snippet":"max-snippet:-1","max-image-preview":"max-image-preview:large","max-video-preview":"max-video-preview:-1"},"canonical":"https:\/\/covasna45.ro\/index.php\/lumea-noastra\/cei-mai-frumosi-armasari-ai-romsilva-vor-fi-pe-13-15-iunie-la-olteni\/","og_locale":"ro_RO","og_type":"article","og_title":"Cei mai frumo\u0219i arm\u0103sari ai Romsilva vor fi pe 13 \u2013 15 iunie la Olteni - Covasna45","og_description":"Pe l\u00e2ng\u0103 competi\u021bia propriu-zis\u0103, organizatorii le ofer\u0103 celor prezen\u021bi o mul\u021bime de atrac\u021bii, inclusiv pentru cei mici.","og_url":"https:\/\/covasna45.ro\/index.php\/lumea-noastra\/cei-mai-frumosi-armasari-ai-romsilva-vor-fi-pe-13-15-iunie-la-olteni\/","og_site_name":"Covasna45","article_published_time":"2025-06-04T04:32:00+00:00","article_modified_time":"2025-06-04T05:57:05+00:00","og_image":[{"width":2048,"height":1365,"url":"https:\/\/covasna45.ro\/wp-content\/uploads\/2025\/06\/atelaje-olteni-ounie.jpg","type":"image\/jpeg"}],"author":"Gina Artenie","twitter_card":"summary_large_image","twitter_misc":{"Scris de":"Gina Artenie","Timp estimat pentru citire":"4 minute"},"schema":{"@context":"https:\/\/schema.org","@graph":[{"@type":"Article","@id":"https:\/\/covasna45.ro\/index.php\/lumea-noastra\/cei-mai-frumosi-armasari-ai-romsilva-vor-fi-pe-13-15-iunie-la-olteni\/#article","isPartOf":{"@id":"https:\/\/covasna45.ro\/index.php\/lumea-noastra\/cei-mai-frumosi-armasari-ai-romsilva-vor-fi-pe-13-15-iunie-la-olteni\/"},"author":{"name":"Gina Artenie","@id":"https:\/\/covasna45.ro\/#\/schema\/person\/a1349b84526c62ffb40b193ae8676c7e"},"headline":"Cei mai frumo\u0219i arm\u0103sari ai Romsilva vor fi pe 13 \u2013 15 iunie la Olteni","datePublished":"2025-06-04T04:32:00+00:00","dateModified":"2025-06-04T05:57:05+00:00","mainEntityOfPage":{"@id":"https:\/\/covasna45.ro\/index.php\/lumea-noastra\/cei-mai-frumosi-armasari-ai-romsilva-vor-fi-pe-13-15-iunie-la-olteni\/"},"wordCount":586,"commentCount":0,"publisher":{"@id":"https:\/\/covasna45.ro\/#organization"},"image":{"@id":"https:\/\/covasna45.ro\/index.php\/lumea-noastra\/cei-mai-frumosi-armasari-ai-romsilva-vor-fi-pe-13-15-iunie-la-olteni\/#primaryimage"},"thumbnailUrl":"https:\/\/covasna45.ro\/wp-content\/uploads\/2025\/06\/atelaje-olteni-ounie.jpg","keywords":["atelaje","Cai","Olteni","romsilva"],"articleSection":["Lumea noastr\u0103"],"inLanguage":"ro-RO","potentialAction":[{"@type":"CommentAction","name":"Comment","target":["https:\/\/covasna45.ro\/index.php\/lumea-noastra\/cei-mai-frumosi-armasari-ai-romsilva-vor-fi-pe-13-15-iunie-la-olteni\/#respond"]}]},{"@type":"WebPage","@id":"https:\/\/covasna45.ro\/index.php\/lumea-noastra\/cei-mai-frumosi-armasari-ai-romsilva-vor-fi-pe-13-15-iunie-la-olteni\/","url":"https:\/\/covasna45.ro\/index.php\/lumea-noastra\/cei-mai-frumosi-armasari-ai-romsilva-vor-fi-pe-13-15-iunie-la-olteni\/","name":"Cei mai frumo\u0219i arm\u0103sari ai Romsilva vor fi pe 13 \u2013 15 iunie la Olteni - Covasna45","isPartOf":{"@id":"https:\/\/covasna45.ro\/#website"},"primaryImageOfPage":{"@id":"https:\/\/covasna45.ro\/index.php\/lumea-noastra\/cei-mai-frumosi-armasari-ai-romsilva-vor-fi-pe-13-15-iunie-la-olteni\/#primaryimage"},"image":{"@id":"https:\/\/covasna45.ro\/index.php\/lumea-noastra\/cei-mai-frumosi-armasari-ai-romsilva-vor-fi-pe-13-15-iunie-la-olteni\/#primaryimage"},"thumbnailUrl":"https:\/\/covasna45.ro\/wp-content\/uploads\/2025\/06\/atelaje-olteni-ounie.jpg","datePublished":"2025-06-04T04:32:00+00:00","dateModified":"2025-06-04T05:57:05+00:00","description":"Pe l\u00e2ng\u0103 competi\u021bia propriu-zis\u0103, organizatorii le ofer\u0103 celor prezen\u021bi o mul\u021bime de atrac\u021bii, inclusiv pentru cei mici.","breadcrumb":{"@id":"https:\/\/covasna45.ro\/index.php\/lumea-noastra\/cei-mai-frumosi-armasari-ai-romsilva-vor-fi-pe-13-15-iunie-la-olteni\/#breadcrumb"},"inLanguage":"ro-RO","potentialAction":[{"@type":"ReadAction","target":["https:\/\/covasna45.ro\/index.php\/lumea-noastra\/cei-mai-frumosi-armasari-ai-romsilva-vor-fi-pe-13-15-iunie-la-olteni\/"]}]},{"@type":"ImageObject","inLanguage":"ro-RO","@id":"https:\/\/covasna45.ro\/index.php\/lumea-noastra\/cei-mai-frumosi-armasari-ai-romsilva-vor-fi-pe-13-15-iunie-la-olteni\/#primaryimage","url":"https:\/\/covasna45.ro\/wp-content\/uploads\/2025\/06\/atelaje-olteni-ounie.jpg","contentUrl":"https:\/\/covasna45.ro\/wp-content\/uploads\/2025\/06\/atelaje-olteni-ounie.jpg","width":2048,"height":1365},{"@type":"BreadcrumbList","@id":"https:\/\/covasna45.ro\/index.php\/lumea-noastra\/cei-mai-frumosi-armasari-ai-romsilva-vor-fi-pe-13-15-iunie-la-olteni\/#breadcrumb","itemListElement":[{"@type":"ListItem","position":1,"name":"Prima pagin\u0103","item":"https:\/\/covasna45.ro\/"},{"@type":"ListItem","position":2,"name":"Cei mai frumo\u0219i arm\u0103sari ai Romsilva vor fi pe 13 \u2013 15 iunie la Olteni"}]},{"@type":"WebSite","@id":"https:\/\/covasna45.ro\/#website","url":"https:\/\/covasna45.ro\/","name":"covasna45.ro","description":"","publisher":{"@id":"https:\/\/covasna45.ro\/#organization"},"potentialAction":[{"@type":"SearchAction","target":{"@type":"EntryPoint","urlTemplate":"https:\/\/covasna45.ro\/?s={search_term_string}"},"query-input":{"@type":"PropertyValueSpecification","valueRequired":true,"valueName":"search_term_string"}}],"inLanguage":"ro-RO"},{"@type":"Organization","@id":"https:\/\/covasna45.ro\/#organization","name":"covasna45.ro","url":"https:\/\/covasna45.ro\/","logo":{"@type":"ImageObject","inLanguage":"ro-RO","@id":"https:\/\/covasna45.ro\/#\/schema\/logo\/image\/","url":"https:\/\/covasna45.ro\/wp-content\/uploads\/2023\/01\/icon_logo.png","contentUrl":"https:\/\/covasna45.ro\/wp-content\/uploads\/2023\/01\/icon_logo.png","width":1900,"height":1900,"caption":"covasna45.ro"},"image":{"@id":"https:\/\/covasna45.ro\/#\/schema\/logo\/image\/"}},{"@type":"Person","@id":"https:\/\/covasna45.ro\/#\/schema\/person\/a1349b84526c62ffb40b193ae8676c7e","name":"Gina Artenie","image":{"@type":"ImageObject","inLanguage":"ro-RO","@id":"https:\/\/covasna45.ro\/wp-content\/uploads\/2023\/08\/gina_artenie-150x150.jpg","url":"https:\/\/covasna45.ro\/wp-content\/uploads\/2023\/08\/gina_artenie-150x150.jpg","contentUrl":"https:\/\/covasna45.ro\/wp-content\/uploads\/2023\/08\/gina_artenie-150x150.jpg","caption":"Gina Artenie"},"sameAs":["http:\/\/www.covasna45.ro"],"url":"https:\/\/covasna45.ro\/index.php\/author\/gina\/"}]}},"_links":{"self":[{"href":"https:\/\/covasna45.ro\/index.php\/wp-json\/wp\/v2\/posts\/11408","targetHints":{"allow":["GET"]}}],"collection":[{"href":"https:\/\/covasna45.ro\/index.php\/wp-json\/wp\/v2\/posts"}],"about":[{"href":"https:\/\/covasna45.ro\/index.php\/wp-json\/wp\/v2\/types\/post"}],"author":[{"embeddable":true,"href":"https:\/\/covasna45.ro\/index.php\/wp-json\/wp\/v2\/users\/3"}],"replies":[{"embeddable":true,"href":"https:\/\/covasna45.ro\/index.php\/wp-json\/wp\/v2\/comments?post=11408"}],"version-history":[{"count":2,"href":"https:\/\/covasna45.ro\/index.php\/wp-json\/wp\/v2\/posts\/11408\/revisions"}],"predecessor-version":[{"id":11417,"href":"https:\/\/covasna45.ro\/index.php\/wp-json\/wp\/v2\/posts\/11408\/revisions\/11417"}],"wp:featuredmedia":[{"embeddable":true,"href":"https:\/\/covasna45.ro\/index.php\/wp-json\/wp\/v2\/media\/11409"}],"wp:attachment":[{"href":"https:\/\/covasna45.ro\/index.php\/wp-json\/wp\/v2\/media?parent=11408"}],"wp:term":[{"taxonomy":"category","embeddable":true,"href":"https:\/\/covasna45.ro\/index.php\/wp-json\/wp\/v2\/categories?post=11408"},{"taxonomy":"post_tag","embeddable":true,"href":"https:\/\/covasna45.ro\/index.php\/wp-json\/wp\/v2\/tags?post=11408"}],"curies":[{"name":"wp","href":"https:\/\/api.w.org\/{rel}","templated":true}]}}