{"id":11419,"date":"2025-06-04T07:21:04","date_gmt":"2025-06-04T05:21:04","guid":{"rendered":"https:\/\/covasna45.ro\/?p=11419"},"modified":"2025-06-04T15:25:04","modified_gmt":"2025-06-04T13:25:04","slug":"hard-enduro-covasna-pe-7-si-8-iunie-programul-complet","status":"publish","type":"post","link":"https:\/\/covasna45.ro\/index.php\/sport\/hard-enduro-covasna-pe-7-si-8-iunie-programul-complet\/","title":{"rendered":"Hard Enduro Covasna, pe 7 \u0219i 8 iunie. Programul complet"},"content":{"rendered":"\n<p>Prima competi\u021bie de hard enduro din ora\u0219ul-sta\u021biune Covasna va avea loc pe 7 \u0219i 8 iunie. Evenimentul are dou\u0103 componente \u2013 un Prolog pentru public, \u00een centrul ora\u0219ului, \u0219i cursa propriu-zis\u0103, de peste 65 de kilometri, pe trasee complexe, prin p\u0103dure, cu plecare din Valea Z\u00e2nelor spre Comand\u0103u.<\/p>\n\n\n\n<p><a href=\"https:\/\/www.facebook.com\/events\/1334751814424322\/?acontext=%7B%22event_action_history%22%3A[%7B%22surface%22%3A%22search%22%7D%2C%7B%22mechanism%22%3A%22attachment%22%2C%22surface%22%3A%22newsfeed%22%7D]%2C%22ref_notif_type%22%3Anull%7D\">Hard Enduro Covasna<\/a> este organizat \u00een parteneriat cu Federa\u021bia Rom\u00e2n\u0103 de Motocliclism \u0219i Prim\u0103ria Covasna. Cei care au avut ideea \u0219i au muncit pentru ca acest eveniment s\u0103 aib\u0103 loc sunt tineri din ora\u0219ul Covasna: Ciprian Furtun\u0103, Oliviu Costea, Andrei Muntean, Muntean Flavian \u0219i Cezar \u0218ulea.<\/p>\n\n\n\n<p>\u201e<strong>Suntem 4 b\u0103ie\u021bi din Covasna care concur\u0103m \u00een campionatul na\u021bional de hard enduro \u0219i ne-am g\u00e2ndit, v\u0103z\u00e2nd alte zone, c\u0103 \u0219i la noi e posibil un astfel de concurs. Hard enduro presupune teren accidentat, p\u0103duri, drumuri \u00een pant\u0103, ori noi avem a\u0219a ceva. Avem un ora\u0219 foarte frumos \u0219i foarte potrivit pentru acest sport<\/strong>\u201d, a explicat, pentru&nbsp;<a href=\"https:\/\/covasna45.ro\/index.php\/sport\/winter-romania-historic-rally-2025-la-comandau-pilotii-au-fost-incantati-de-traseu\/\">covasna45.ro<\/a>, Cezar \u0218ulea. El este, de altfel, de dou\u0103 ori campion na\u021bional la hard enduro, ultimul trofeu find ob\u021binut \u00een 2023, la categoria \u201eexpert\u201d.<\/p>\n\n\n\n<p>La cursa din Covasna s-au \u00eenscris oficial p\u00e2n\u0103 azi 80 de concuren\u021bi din Rom\u00e2nia, Olanda, Ungaria \u0219i Austria. Inclusiv dou\u0103 fete.<\/p>\n\n\n\n<figure class=\"wp-block-image size-large\"><img loading=\"lazy\" decoding=\"async\" width=\"1024\" height=\"578\" src=\"https:\/\/covasna45.ro\/wp-content\/uploads\/2025\/06\/he-1024x578.jpg\" alt=\"\" class=\"wp-image-11420\" srcset=\"https:\/\/covasna45.ro\/wp-content\/uploads\/2025\/06\/he-1024x578.jpg 1024w, https:\/\/covasna45.ro\/wp-content\/uploads\/2025\/06\/he-300x169.jpg 300w, https:\/\/covasna45.ro\/wp-content\/uploads\/2025\/06\/he-768x433.jpg 768w, https:\/\/covasna45.ro\/wp-content\/uploads\/2025\/06\/he-1536x867.jpg 1536w, https:\/\/covasna45.ro\/wp-content\/uploads\/2025\/06\/he-150x85.jpg 150w, https:\/\/covasna45.ro\/wp-content\/uploads\/2025\/06\/he-696x393.jpg 696w, https:\/\/covasna45.ro\/wp-content\/uploads\/2025\/06\/he-1068x603.jpg 1068w, https:\/\/covasna45.ro\/wp-content\/uploads\/2025\/06\/he.jpg 1600w\" sizes=\"auto, (max-width: 1024px) 100vw, 1024px\" \/><\/figure>\n\n\n\n<h2 class=\"wp-block-heading\">Restric\u021bii de circula\u021bie<\/h2>\n\n\n\n<p>Poli\u021bia Local\u0103 Covasna a anun\u021bat c\u0103 vor fi restric\u021bii de circula\u021bie:<\/p>\n\n\n\n<p>\u201ePrin prezenta v\u0103 inform\u0103m c\u0103 \u00een \u00een perioada 06 \u2013 08 iunie 2025, are loc \u00een ora\u0219ul nostru, concursul moto HARD ENDURO COVASNA 2025.<\/p>\n\n\n\n<p>Drept pentru care, circula\u021bia public\u0103 \u00een centrul ora\u0219ului Covasna se va \u00eenchide \u00eencep\u00e2nd cu data de 06 iunie 2025 ora 10,00, p\u00e2n\u0103 \u00een data de 08 iunie 2025 ora 08,00, \u00een urm\u0103toarele puncte:<\/p>\n\n\n\n<ul class=\"wp-block-list\">\n<li>intersec\u021bia str\u0103zilor Libert\u0103\u021bii cu str. Brazilor (Balta Dracului) \u0219i str. Libert\u0103\u021bii cu str. Gheorghe Doja (podul central);<\/li>\n<\/ul>\n\n\n\n<ul class=\"wp-block-list\">\n<li>\u00cen data de 07 iunie 2025, ora 13,00, se va ad\u0103uga interdic\u021biei de circula\u021bie \u0219i tronsonul dintre str. Piliske \u0219i podul central.<\/li>\n<\/ul>\n\n\n\n<ul class=\"wp-block-list\">\n<li>Totodat\u0103, v\u0103 rug\u0103m ca \u00een data de 06 iunie 2025, \u00eencep\u00e2nd cu ora 08,00, s\u0103 elibera\u021bi parcarea din fa\u021ba farmaciei Farmacom (str. Libert\u0103\u021bii) p\u00e2n\u0103 \u00een data de 08 iunie 2025, ora 08,00\u201d, se arat\u0103 \u00een comunicatul Poli\u021biei Locale.<\/li>\n<\/ul>\n\n\n\n<figure class=\"wp-block-image size-large\"><img loading=\"lazy\" decoding=\"async\" width=\"1024\" height=\"768\" src=\"https:\/\/covasna45.ro\/wp-content\/uploads\/2025\/01\/covasna-foto-1024x768.jpg\" alt=\"\" class=\"wp-image-9433\" srcset=\"https:\/\/covasna45.ro\/wp-content\/uploads\/2025\/01\/covasna-foto-1024x768.jpg 1024w, https:\/\/covasna45.ro\/wp-content\/uploads\/2025\/01\/covasna-foto-300x225.jpg 300w, https:\/\/covasna45.ro\/wp-content\/uploads\/2025\/01\/covasna-foto-768x576.jpg 768w, https:\/\/covasna45.ro\/wp-content\/uploads\/2025\/01\/covasna-foto-1536x1152.jpg 1536w, https:\/\/covasna45.ro\/wp-content\/uploads\/2025\/01\/covasna-foto-150x113.jpg 150w, https:\/\/covasna45.ro\/wp-content\/uploads\/2025\/01\/covasna-foto-696x522.jpg 696w, https:\/\/covasna45.ro\/wp-content\/uploads\/2025\/01\/covasna-foto-1068x801.jpg 1068w, https:\/\/covasna45.ro\/wp-content\/uploads\/2025\/01\/covasna-foto-1920x1440.jpg 1920w, https:\/\/covasna45.ro\/wp-content\/uploads\/2025\/01\/covasna-foto-265x198.jpg 265w, https:\/\/covasna45.ro\/wp-content\/uploads\/2025\/01\/covasna-foto.jpg 2048w\" sizes=\"auto, (max-width: 1024px) 100vw, 1024px\" \/><\/figure>\n\n\n\n<h2 class=\"wp-block-heading\">Programul celor dou\u0103 zile<\/h2>\n\n\n\n<p>Concret, Hard Enduro Covasna \u00eenseamn\u0103 c\u0103 vor fi dou\u0103 zile \u00een care motocicli\u0219tii vor face show. Ziua 1 &#8211; 07.06.2025 \u2013 are loc Prologul urban, iar pe 08.06.2025, ziua 2, are loc concursul Hard Enduro, de peste 65 km.<\/p>\n\n\n\n<p>Paddock-ul (Centrul de comand\u0103 al organizatorilor din Poiana Nedeii) se va deschide pe 6 iunie, \u00eencep\u00e2nd cu ora 12:00, moment din care concuren\u021bii \u0219i ceilal\u021bi participan\u021bi vor putea avea acces \u0219i se vor putea instala.<\/p>\n\n\n\n<p>18:00 &#8211; 20:00 \u00cenregistrare \u00een zona paddock-ului.<\/p>\n\n\n\n<h2 class=\"wp-block-heading\">ZIUA 1 &#8211; 07.06.2024<\/h2>\n\n\n\n<p>09:00 &#8211; 13:00 \u00cenregistrarea participan\u021bilor \u00een zona paddock-ului.<\/p>\n\n\n\n<p>13:15 &#8211; 13:30 Briefing pentru prolog la secretariatul competi\u021biei.<\/p>\n\n\n\n<p>13:30 &#8211; 13:45 Deplasare c\u0103tre zona de prolog \u00een coloan\u0103 organizat\u0103 \u2013 parad\u0103.<\/p>\n\n\n\n<p>14:30 Start calific\u0103ri prolog.<\/p>\n\n\n\n<p>19:00 Start finale prolog.<\/p>\n\n\n\n<p>20:15 Afi\u0219are rezultate prolog.<\/p>\n\n\n\n<p>20:30 Premierea.<\/p>\n\n\n\n<p>21:00 Deplasare c\u0103tre zona de paddock \u00een coloan\u0103 organizat\u0103.<\/p>\n\n\n\n<h2 class=\"wp-block-heading\">ZIUA 2 &#8211; 08.06.2025<\/h2>\n\n\n\n<p>08:00 &#8211; 08:45 \u00cenregistrarea participan\u021bilor \u00een zona paddock-ului.<\/p>\n\n\n\n<p>09:30 Scurt briefing pentru cursa de p\u0103dure la secretariatul competi\u021biei.<\/p>\n\n\n\n<p>10:00 Startul cursei.<\/p>\n\n\n\n<p>16:00 Bariera de timp \u00een TANKPOINT.<\/p>\n\n\n\n<p>17:30 Afi\u0219area rezultatelor preliminare cu primele 5 locuri din fiecare categorie \u0219i premiere.<\/p>\n\n\n\n<p>18:00 \u00cenchiderea cursei &#8211; TIMEBAR.<\/p>\n\n\n\n<figure class=\"wp-block-image size-large\"><img loading=\"lazy\" decoding=\"async\" width=\"820\" height=\"1024\" src=\"https:\/\/covasna45.ro\/wp-content\/uploads\/2025\/03\/cezar-s-2-820x1024.jpg\" alt=\"\" class=\"wp-image-10163\" srcset=\"https:\/\/covasna45.ro\/wp-content\/uploads\/2025\/03\/cezar-s-2-820x1024.jpg 820w, https:\/\/covasna45.ro\/wp-content\/uploads\/2025\/03\/cezar-s-2-240x300.jpg 240w, https:\/\/covasna45.ro\/wp-content\/uploads\/2025\/03\/cezar-s-2-768x959.jpg 768w, https:\/\/covasna45.ro\/wp-content\/uploads\/2025\/03\/cezar-s-2-150x187.jpg 150w, https:\/\/covasna45.ro\/wp-content\/uploads\/2025\/03\/cezar-s-2-300x375.jpg 300w, https:\/\/covasna45.ro\/wp-content\/uploads\/2025\/03\/cezar-s-2-696x869.jpg 696w, https:\/\/covasna45.ro\/wp-content\/uploads\/2025\/03\/cezar-s-2.jpg 1052w\" sizes=\"auto, (max-width: 820px) 100vw, 820px\" \/><\/figure>\n\n\n\n<h2 class=\"wp-block-heading\">Ce este hard enduro?<\/h2>\n\n\n\n<p>Dup\u0103 cum \u00eei spune \u0219i numele, e vorba de motociclism extrem, pe trasee extreme. Aceste trasee sunt fie naturale, fie create de oameni \u0219i \u201e\u00eembog\u0103\u021bite\u201d cu obstacole ce par imposibil de trecut.<\/p>\n\n\n\n<p>Un sport pe care nu oricine \u00eel poate practica \u0219i care este spectaculos de urm\u0103rit. \u00cen Rom\u00e2nia sunt multe etape de hard enduro \u00een ora\u0219e mai mici sau mai mari, cum ar fi Or\u0103\u0219tie, T\u00e2rgu Neam\u021b, Ol\u0103ne\u0219ti, Bac\u0103u, Sibiu etc. Este un sport cu mul\u021bi suporteri, dar mai ales cu mult\u0103 adrenalin\u0103.<\/p>\n","protected":false},"excerpt":{"rendered":"<p>Prima competi\u021bie de hard enduro din ora\u0219ul-sta\u021biune Covasna va avea loc pe 7 \u0219i 8 iunie. Evenimentul are dou\u0103 componente \u2013 un Prolog pentru public, \u00een centrul ora\u0219ului, \u0219i cursa propriu-zis\u0103, de peste 65 de kilometri, pe trasee complexe, prin p\u0103dure, cu plecare din Valea Z\u00e2nelor spre Comand\u0103u. Hard Enduro Covasna este organizat \u00een parteneriat [&hellip;]<\/p>\n","protected":false},"author":1,"featured_media":10161,"comment_status":"open","ping_status":"closed","sticky":false,"template":"","format":"standard","meta":{"tdm_status":"","tdm_grid_status":"","footnotes":""},"categories":[17],"tags":[21,3433,3434],"class_list":{"0":"post-11419","1":"post","2":"type-post","3":"status-publish","4":"format-standard","5":"has-post-thumbnail","7":"category-sport","8":"tag-covasna","9":"tag-hard-enduro","10":"tag-motociclism"},"yoast_head":"<!-- This site is optimized with the Yoast SEO plugin v27.5 - https:\/\/yoast.com\/product\/yoast-seo-wordpress\/ -->\n<title>Hard Enduro Covasna, pe 7 \u0219i 8 iunie. Programul complet - Covasna45<\/title>\n<meta name=\"description\" content=\"Hard Enduro Covasna este organizat \u00een parteneriat cu Federa\u021bia Rom\u00e2n\u0103 de Motocliclism \u0219i Prim\u0103ria Covasna.\" \/>\n<meta name=\"robots\" content=\"index, follow, max-snippet:-1, max-image-preview:large, max-video-preview:-1\" \/>\n<link rel=\"canonical\" href=\"https:\/\/covasna45.ro\/index.php\/sport\/hard-enduro-covasna-pe-7-si-8-iunie-programul-complet\/\" \/>\n<meta property=\"og:locale\" content=\"ro_RO\" \/>\n<meta property=\"og:type\" content=\"article\" \/>\n<meta property=\"og:title\" content=\"Hard Enduro Covasna, pe 7 \u0219i 8 iunie. Programul complet - Covasna45\" \/>\n<meta property=\"og:description\" content=\"Hard Enduro Covasna este organizat \u00een parteneriat cu Federa\u021bia Rom\u00e2n\u0103 de Motocliclism \u0219i Prim\u0103ria Covasna.\" \/>\n<meta property=\"og:url\" content=\"https:\/\/covasna45.ro\/index.php\/sport\/hard-enduro-covasna-pe-7-si-8-iunie-programul-complet\/\" \/>\n<meta property=\"og:site_name\" content=\"Covasna45\" \/>\n<meta property=\"article:published_time\" content=\"2025-06-04T05:21:04+00:00\" \/>\n<meta property=\"article:modified_time\" content=\"2025-06-04T13:25:04+00:00\" \/>\n<meta property=\"og:image\" content=\"https:\/\/covasna45.ro\/wp-content\/uploads\/2025\/03\/enduro.jpeg\" \/>\n\t<meta property=\"og:image:width\" content=\"1972\" \/>\n\t<meta property=\"og:image:height\" content=\"1228\" \/>\n\t<meta property=\"og:image:type\" content=\"image\/jpeg\" \/>\n<meta name=\"author\" content=\"Covasna45\" \/>\n<meta name=\"twitter:card\" content=\"summary_large_image\" \/>\n<meta name=\"twitter:label1\" content=\"Scris de\" \/>\n\t<meta name=\"twitter:data1\" content=\"Covasna45\" \/>\n\t<meta name=\"twitter:label2\" content=\"Timp estimat pentru citire\" \/>\n\t<meta name=\"twitter:data2\" content=\"5 minute\" \/>\n<script type=\"application\/ld+json\" class=\"yoast-schema-graph\">{\"@context\":\"https:\\\/\\\/schema.org\",\"@graph\":[{\"@type\":\"Article\",\"@id\":\"https:\\\/\\\/covasna45.ro\\\/index.php\\\/sport\\\/hard-enduro-covasna-pe-7-si-8-iunie-programul-complet\\\/#article\",\"isPartOf\":{\"@id\":\"https:\\\/\\\/covasna45.ro\\\/index.php\\\/sport\\\/hard-enduro-covasna-pe-7-si-8-iunie-programul-complet\\\/\"},\"author\":{\"name\":\"Covasna45\",\"@id\":\"https:\\\/\\\/covasna45.ro\\\/#\\\/schema\\\/person\\\/e674052bd7d95d70bbb007a1060ab73c\"},\"headline\":\"Hard Enduro Covasna, pe 7 \u0219i 8 iunie. Programul complet\",\"datePublished\":\"2025-06-04T05:21:04+00:00\",\"dateModified\":\"2025-06-04T13:25:04+00:00\",\"mainEntityOfPage\":{\"@id\":\"https:\\\/\\\/covasna45.ro\\\/index.php\\\/sport\\\/hard-enduro-covasna-pe-7-si-8-iunie-programul-complet\\\/\"},\"wordCount\":649,\"commentCount\":0,\"publisher\":{\"@id\":\"https:\\\/\\\/covasna45.ro\\\/#organization\"},\"image\":{\"@id\":\"https:\\\/\\\/covasna45.ro\\\/index.php\\\/sport\\\/hard-enduro-covasna-pe-7-si-8-iunie-programul-complet\\\/#primaryimage\"},\"thumbnailUrl\":\"https:\\\/\\\/covasna45.ro\\\/wp-content\\\/uploads\\\/2025\\\/03\\\/enduro.jpeg\",\"keywords\":[\"covasna\",\"hard enduro\",\"motociclism\"],\"articleSection\":[\"Sport\"],\"inLanguage\":\"ro-RO\",\"potentialAction\":[{\"@type\":\"CommentAction\",\"name\":\"Comment\",\"target\":[\"https:\\\/\\\/covasna45.ro\\\/index.php\\\/sport\\\/hard-enduro-covasna-pe-7-si-8-iunie-programul-complet\\\/#respond\"]}]},{\"@type\":\"WebPage\",\"@id\":\"https:\\\/\\\/covasna45.ro\\\/index.php\\\/sport\\\/hard-enduro-covasna-pe-7-si-8-iunie-programul-complet\\\/\",\"url\":\"https:\\\/\\\/covasna45.ro\\\/index.php\\\/sport\\\/hard-enduro-covasna-pe-7-si-8-iunie-programul-complet\\\/\",\"name\":\"Hard Enduro Covasna, pe 7 \u0219i 8 iunie. Programul complet - Covasna45\",\"isPartOf\":{\"@id\":\"https:\\\/\\\/covasna45.ro\\\/#website\"},\"primaryImageOfPage\":{\"@id\":\"https:\\\/\\\/covasna45.ro\\\/index.php\\\/sport\\\/hard-enduro-covasna-pe-7-si-8-iunie-programul-complet\\\/#primaryimage\"},\"image\":{\"@id\":\"https:\\\/\\\/covasna45.ro\\\/index.php\\\/sport\\\/hard-enduro-covasna-pe-7-si-8-iunie-programul-complet\\\/#primaryimage\"},\"thumbnailUrl\":\"https:\\\/\\\/covasna45.ro\\\/wp-content\\\/uploads\\\/2025\\\/03\\\/enduro.jpeg\",\"datePublished\":\"2025-06-04T05:21:04+00:00\",\"dateModified\":\"2025-06-04T13:25:04+00:00\",\"description\":\"Hard Enduro Covasna este organizat \u00een parteneriat cu Federa\u021bia Rom\u00e2n\u0103 de Motocliclism \u0219i Prim\u0103ria Covasna.\",\"breadcrumb\":{\"@id\":\"https:\\\/\\\/covasna45.ro\\\/index.php\\\/sport\\\/hard-enduro-covasna-pe-7-si-8-iunie-programul-complet\\\/#breadcrumb\"},\"inLanguage\":\"ro-RO\",\"potentialAction\":[{\"@type\":\"ReadAction\",\"target\":[\"https:\\\/\\\/covasna45.ro\\\/index.php\\\/sport\\\/hard-enduro-covasna-pe-7-si-8-iunie-programul-complet\\\/\"]}]},{\"@type\":\"ImageObject\",\"inLanguage\":\"ro-RO\",\"@id\":\"https:\\\/\\\/covasna45.ro\\\/index.php\\\/sport\\\/hard-enduro-covasna-pe-7-si-8-iunie-programul-complet\\\/#primaryimage\",\"url\":\"https:\\\/\\\/covasna45.ro\\\/wp-content\\\/uploads\\\/2025\\\/03\\\/enduro.jpeg\",\"contentUrl\":\"https:\\\/\\\/covasna45.ro\\\/wp-content\\\/uploads\\\/2025\\\/03\\\/enduro.jpeg\",\"width\":1972,\"height\":1228},{\"@type\":\"BreadcrumbList\",\"@id\":\"https:\\\/\\\/covasna45.ro\\\/index.php\\\/sport\\\/hard-enduro-covasna-pe-7-si-8-iunie-programul-complet\\\/#breadcrumb\",\"itemListElement\":[{\"@type\":\"ListItem\",\"position\":1,\"name\":\"Prima pagin\u0103\",\"item\":\"https:\\\/\\\/covasna45.ro\\\/\"},{\"@type\":\"ListItem\",\"position\":2,\"name\":\"Hard Enduro Covasna, pe 7 \u0219i 8 iunie. Programul complet\"}]},{\"@type\":\"WebSite\",\"@id\":\"https:\\\/\\\/covasna45.ro\\\/#website\",\"url\":\"https:\\\/\\\/covasna45.ro\\\/\",\"name\":\"covasna45.ro\",\"description\":\"\",\"publisher\":{\"@id\":\"https:\\\/\\\/covasna45.ro\\\/#organization\"},\"potentialAction\":[{\"@type\":\"SearchAction\",\"target\":{\"@type\":\"EntryPoint\",\"urlTemplate\":\"https:\\\/\\\/covasna45.ro\\\/?s={search_term_string}\"},\"query-input\":{\"@type\":\"PropertyValueSpecification\",\"valueRequired\":true,\"valueName\":\"search_term_string\"}}],\"inLanguage\":\"ro-RO\"},{\"@type\":\"Organization\",\"@id\":\"https:\\\/\\\/covasna45.ro\\\/#organization\",\"name\":\"covasna45.ro\",\"url\":\"https:\\\/\\\/covasna45.ro\\\/\",\"logo\":{\"@type\":\"ImageObject\",\"inLanguage\":\"ro-RO\",\"@id\":\"https:\\\/\\\/covasna45.ro\\\/#\\\/schema\\\/logo\\\/image\\\/\",\"url\":\"https:\\\/\\\/covasna45.ro\\\/wp-content\\\/uploads\\\/2023\\\/01\\\/icon_logo.png\",\"contentUrl\":\"https:\\\/\\\/covasna45.ro\\\/wp-content\\\/uploads\\\/2023\\\/01\\\/icon_logo.png\",\"width\":1900,\"height\":1900,\"caption\":\"covasna45.ro\"},\"image\":{\"@id\":\"https:\\\/\\\/covasna45.ro\\\/#\\\/schema\\\/logo\\\/image\\\/\"}},{\"@type\":\"Person\",\"@id\":\"https:\\\/\\\/covasna45.ro\\\/#\\\/schema\\\/person\\\/e674052bd7d95d70bbb007a1060ab73c\",\"name\":\"Covasna45\",\"image\":{\"@type\":\"ImageObject\",\"inLanguage\":\"ro-RO\",\"@id\":\"https:\\\/\\\/covasna45.ro\\\/wp-content\\\/uploads\\\/2025\\\/10\\\/icon_logo_covasna45-150x150.png\",\"url\":\"https:\\\/\\\/covasna45.ro\\\/wp-content\\\/uploads\\\/2025\\\/10\\\/icon_logo_covasna45-150x150.png\",\"contentUrl\":\"https:\\\/\\\/covasna45.ro\\\/wp-content\\\/uploads\\\/2025\\\/10\\\/icon_logo_covasna45-150x150.png\",\"caption\":\"Covasna45\"},\"sameAs\":[\"https:\\\/\\\/covasna45.ro\"],\"url\":\"https:\\\/\\\/covasna45.ro\\\/index.php\\\/author\\\/covasna\\\/\"}]}<\/script>\n<!-- \/ Yoast SEO plugin. -->","yoast_head_json":{"title":"Hard Enduro Covasna, pe 7 \u0219i 8 iunie. Programul complet - Covasna45","description":"Hard Enduro Covasna este organizat \u00een parteneriat cu Federa\u021bia Rom\u00e2n\u0103 de Motocliclism \u0219i Prim\u0103ria Covasna.","robots":{"index":"index","follow":"follow","max-snippet":"max-snippet:-1","max-image-preview":"max-image-preview:large","max-video-preview":"max-video-preview:-1"},"canonical":"https:\/\/covasna45.ro\/index.php\/sport\/hard-enduro-covasna-pe-7-si-8-iunie-programul-complet\/","og_locale":"ro_RO","og_type":"article","og_title":"Hard Enduro Covasna, pe 7 \u0219i 8 iunie. Programul complet - Covasna45","og_description":"Hard Enduro Covasna este organizat \u00een parteneriat cu Federa\u021bia Rom\u00e2n\u0103 de Motocliclism \u0219i Prim\u0103ria Covasna.","og_url":"https:\/\/covasna45.ro\/index.php\/sport\/hard-enduro-covasna-pe-7-si-8-iunie-programul-complet\/","og_site_name":"Covasna45","article_published_time":"2025-06-04T05:21:04+00:00","article_modified_time":"2025-06-04T13:25:04+00:00","og_image":[{"width":1972,"height":1228,"url":"https:\/\/covasna45.ro\/wp-content\/uploads\/2025\/03\/enduro.jpeg","type":"image\/jpeg"}],"author":"Covasna45","twitter_card":"summary_large_image","twitter_misc":{"Scris de":"Covasna45","Timp estimat pentru citire":"5 minute"},"schema":{"@context":"https:\/\/schema.org","@graph":[{"@type":"Article","@id":"https:\/\/covasna45.ro\/index.php\/sport\/hard-enduro-covasna-pe-7-si-8-iunie-programul-complet\/#article","isPartOf":{"@id":"https:\/\/covasna45.ro\/index.php\/sport\/hard-enduro-covasna-pe-7-si-8-iunie-programul-complet\/"},"author":{"name":"Covasna45","@id":"https:\/\/covasna45.ro\/#\/schema\/person\/e674052bd7d95d70bbb007a1060ab73c"},"headline":"Hard Enduro Covasna, pe 7 \u0219i 8 iunie. Programul complet","datePublished":"2025-06-04T05:21:04+00:00","dateModified":"2025-06-04T13:25:04+00:00","mainEntityOfPage":{"@id":"https:\/\/covasna45.ro\/index.php\/sport\/hard-enduro-covasna-pe-7-si-8-iunie-programul-complet\/"},"wordCount":649,"commentCount":0,"publisher":{"@id":"https:\/\/covasna45.ro\/#organization"},"image":{"@id":"https:\/\/covasna45.ro\/index.php\/sport\/hard-enduro-covasna-pe-7-si-8-iunie-programul-complet\/#primaryimage"},"thumbnailUrl":"https:\/\/covasna45.ro\/wp-content\/uploads\/2025\/03\/enduro.jpeg","keywords":["covasna","hard enduro","motociclism"],"articleSection":["Sport"],"inLanguage":"ro-RO","potentialAction":[{"@type":"CommentAction","name":"Comment","target":["https:\/\/covasna45.ro\/index.php\/sport\/hard-enduro-covasna-pe-7-si-8-iunie-programul-complet\/#respond"]}]},{"@type":"WebPage","@id":"https:\/\/covasna45.ro\/index.php\/sport\/hard-enduro-covasna-pe-7-si-8-iunie-programul-complet\/","url":"https:\/\/covasna45.ro\/index.php\/sport\/hard-enduro-covasna-pe-7-si-8-iunie-programul-complet\/","name":"Hard Enduro Covasna, pe 7 \u0219i 8 iunie. Programul complet - Covasna45","isPartOf":{"@id":"https:\/\/covasna45.ro\/#website"},"primaryImageOfPage":{"@id":"https:\/\/covasna45.ro\/index.php\/sport\/hard-enduro-covasna-pe-7-si-8-iunie-programul-complet\/#primaryimage"},"image":{"@id":"https:\/\/covasna45.ro\/index.php\/sport\/hard-enduro-covasna-pe-7-si-8-iunie-programul-complet\/#primaryimage"},"thumbnailUrl":"https:\/\/covasna45.ro\/wp-content\/uploads\/2025\/03\/enduro.jpeg","datePublished":"2025-06-04T05:21:04+00:00","dateModified":"2025-06-04T13:25:04+00:00","description":"Hard Enduro Covasna este organizat \u00een parteneriat cu Federa\u021bia Rom\u00e2n\u0103 de Motocliclism \u0219i Prim\u0103ria Covasna.","breadcrumb":{"@id":"https:\/\/covasna45.ro\/index.php\/sport\/hard-enduro-covasna-pe-7-si-8-iunie-programul-complet\/#breadcrumb"},"inLanguage":"ro-RO","potentialAction":[{"@type":"ReadAction","target":["https:\/\/covasna45.ro\/index.php\/sport\/hard-enduro-covasna-pe-7-si-8-iunie-programul-complet\/"]}]},{"@type":"ImageObject","inLanguage":"ro-RO","@id":"https:\/\/covasna45.ro\/index.php\/sport\/hard-enduro-covasna-pe-7-si-8-iunie-programul-complet\/#primaryimage","url":"https:\/\/covasna45.ro\/wp-content\/uploads\/2025\/03\/enduro.jpeg","contentUrl":"https:\/\/covasna45.ro\/wp-content\/uploads\/2025\/03\/enduro.jpeg","width":1972,"height":1228},{"@type":"BreadcrumbList","@id":"https:\/\/covasna45.ro\/index.php\/sport\/hard-enduro-covasna-pe-7-si-8-iunie-programul-complet\/#breadcrumb","itemListElement":[{"@type":"ListItem","position":1,"name":"Prima pagin\u0103","item":"https:\/\/covasna45.ro\/"},{"@type":"ListItem","position":2,"name":"Hard Enduro Covasna, pe 7 \u0219i 8 iunie. Programul complet"}]},{"@type":"WebSite","@id":"https:\/\/covasna45.ro\/#website","url":"https:\/\/covasna45.ro\/","name":"covasna45.ro","description":"","publisher":{"@id":"https:\/\/covasna45.ro\/#organization"},"potentialAction":[{"@type":"SearchAction","target":{"@type":"EntryPoint","urlTemplate":"https:\/\/covasna45.ro\/?s={search_term_string}"},"query-input":{"@type":"PropertyValueSpecification","valueRequired":true,"valueName":"search_term_string"}}],"inLanguage":"ro-RO"},{"@type":"Organization","@id":"https:\/\/covasna45.ro\/#organization","name":"covasna45.ro","url":"https:\/\/covasna45.ro\/","logo":{"@type":"ImageObject","inLanguage":"ro-RO","@id":"https:\/\/covasna45.ro\/#\/schema\/logo\/image\/","url":"https:\/\/covasna45.ro\/wp-content\/uploads\/2023\/01\/icon_logo.png","contentUrl":"https:\/\/covasna45.ro\/wp-content\/uploads\/2023\/01\/icon_logo.png","width":1900,"height":1900,"caption":"covasna45.ro"},"image":{"@id":"https:\/\/covasna45.ro\/#\/schema\/logo\/image\/"}},{"@type":"Person","@id":"https:\/\/covasna45.ro\/#\/schema\/person\/e674052bd7d95d70bbb007a1060ab73c","name":"Covasna45","image":{"@type":"ImageObject","inLanguage":"ro-RO","@id":"https:\/\/covasna45.ro\/wp-content\/uploads\/2025\/10\/icon_logo_covasna45-150x150.png","url":"https:\/\/covasna45.ro\/wp-content\/uploads\/2025\/10\/icon_logo_covasna45-150x150.png","contentUrl":"https:\/\/covasna45.ro\/wp-content\/uploads\/2025\/10\/icon_logo_covasna45-150x150.png","caption":"Covasna45"},"sameAs":["https:\/\/covasna45.ro"],"url":"https:\/\/covasna45.ro\/index.php\/author\/covasna\/"}]}},"_links":{"self":[{"href":"https:\/\/covasna45.ro\/index.php\/wp-json\/wp\/v2\/posts\/11419","targetHints":{"allow":["GET"]}}],"collection":[{"href":"https:\/\/covasna45.ro\/index.php\/wp-json\/wp\/v2\/posts"}],"about":[{"href":"https:\/\/covasna45.ro\/index.php\/wp-json\/wp\/v2\/types\/post"}],"author":[{"embeddable":true,"href":"https:\/\/covasna45.ro\/index.php\/wp-json\/wp\/v2\/users\/1"}],"replies":[{"embeddable":true,"href":"https:\/\/covasna45.ro\/index.php\/wp-json\/wp\/v2\/comments?post=11419"}],"version-history":[{"count":2,"href":"https:\/\/covasna45.ro\/index.php\/wp-json\/wp\/v2\/posts\/11419\/revisions"}],"predecessor-version":[{"id":11422,"href":"https:\/\/covasna45.ro\/index.php\/wp-json\/wp\/v2\/posts\/11419\/revisions\/11422"}],"wp:featuredmedia":[{"embeddable":true,"href":"https:\/\/covasna45.ro\/index.php\/wp-json\/wp\/v2\/media\/10161"}],"wp:attachment":[{"href":"https:\/\/covasna45.ro\/index.php\/wp-json\/wp\/v2\/media?parent=11419"}],"wp:term":[{"taxonomy":"category","embeddable":true,"href":"https:\/\/covasna45.ro\/index.php\/wp-json\/wp\/v2\/categories?post=11419"},{"taxonomy":"post_tag","embeddable":true,"href":"https:\/\/covasna45.ro\/index.php\/wp-json\/wp\/v2\/tags?post=11419"}],"curies":[{"name":"wp","href":"https:\/\/api.w.org\/{rel}","templated":true}]}}