{"id":1176,"date":"2023-03-27T08:19:28","date_gmt":"2023-03-27T06:19:28","guid":{"rendered":"https:\/\/covasna45.ro\/?p=1176"},"modified":"2023-03-27T08:20:34","modified_gmt":"2023-03-27T06:20:34","slug":"directia-silvica-apel-la-populatie-respectati-regulile-de-prevenire-a-incendiilor","status":"publish","type":"post","link":"https:\/\/covasna45.ro\/index.php\/lumea-noastra\/directia-silvica-apel-la-populatie-respectati-regulile-de-prevenire-a-incendiilor\/","title":{"rendered":"Direc\u021bia Silvic\u0103, apel la popula\u021bie: Respecta\u021bi regulile de prevenire a incendiilor!"},"content":{"rendered":"\n<p>Direc\u021bia Silvic\u0103 a jude\u021bului Covasna face apel la popula\u021bie s\u0103 respecte regulile de prevenire a incendiilor, mai ales \u00een aceast\u0103 perioad\u0103 \u00een care au loc activit\u0103\u021bi de igienizare.<\/p>\n\n\n\n<h2 class=\"wp-block-heading\">Red\u0103m comunicatul transmis de Direc\u021bia Silvic\u0103 Covasna redac\u021biei noastre:<\/h2>\n\n\n\n<p>\u201eAv\u00e2nd \u00een vedere faptul c\u0103 \u00een aceast\u0103 perioad\u0103 a anului, ca urmare a arderii vegeta\u0163iei din f\u00eene\u0163e \u015fi p\u0103\u015funi, gradul de risc pentru producerea de incendii forestiere este ridicat, facem apel c\u0103tre popula\u0163ie s\u0103 respecte cu stricte\u0163e regulile \u015fi m\u0103surile specifice de prevenire a incendiilor.<\/p>\n\n\n\n<p>P\u0103durea fiind cel mai&nbsp; important factor stabilizator al mediului \u00eenconjur\u0103tor, tot ce lezeaz\u0103 p\u0103durea, lezeaz\u0103 mediul, deci \u2013 via\u0163a uman\u0103. Pentru supravie\u0163uirea ei, \u00eentreaga popula\u0163ie trebuie s\u0103 ocroteasc\u0103 p\u0103durea.&nbsp;&nbsp;<\/p>\n\n\n\n<h2 class=\"wp-block-heading\">Enumer\u0103m regulile de baz\u0103 menite s\u0103 previn\u0103 producerea incendiilor forestiere:&nbsp;<\/h2>\n\n\n\n<p>Persoanele care la sf\u00e2r\u015fit de s\u0103pt\u0103m\u00e2n\u0103 merg s\u0103 se recreeze la p\u0103dure \u015fi care de cele mai multe ori fac focul pentru a preg\u0103ti gr\u0103tare \u015fi gust\u0103ri, trebuie s\u0103 respecte urm\u0103toarele :<\/p>\n\n\n\n<ul class=\"wp-block-list\">\n<li>este interzis accesul autovehiculelor particulare pe drumurile forestiere, precum \u015fi instalarea corturilor \u015fi gr\u0103tarelor \u00een alte locuri dec\u00e2t cele special amenajate \u00een acest sens;<\/li>\n\n\n\n<li>nu face\u0163i focul dec\u00e2t \u00een locuri permise, cur\u0103\u0163\u00e2nd terenul din jur de orice se poate aprinde;<\/li>\n\n\n\n<li>nu face\u0163i focul pe timp de v\u00e2nt \u015fi \u00een perioadele caniculare \u015fi secetoase;<\/li>\n\n\n\n<li>prepararea hranei se face numai \u00een locurile de popas amenajate av\u00e2nd la \u00eendeman\u0103 mijloace pentru stingerea focului;<\/li>\n\n\n\n<li>nu fuma\u0163i l\u00e2ng\u0103 miri\u015fti \u015fi p\u0103duri;<\/li>\n\n\n\n<li>nu l\u0103sa\u0163i \u00een aer liber borcanele \u015fi sticlele goale pentru c\u0103, la interac\u0163iunea cu soarele, acestea pot aprinde vegeta\u0163ia uscat\u0103 \u015fi pot provoca incendii;<\/li>\n\n\n\n<li>supraveghea\u0163i permanent copiii;<\/li>\n\n\n\n<li>\u00eenainte de plecare se strope\u015fte cenu\u015fa cu ap\u0103, p\u00e2n\u0103 ce jarul este stins complet;<\/li>\n\n\n\n<li>dac\u0103 \u00eent\u00e2lni\u0163i focuri l\u0103sate de al\u0163ii, stinge\u0163i-le;<\/li>\n\n\n\n<li>anun\u0163a\u0163i imediat orice incendiu pe care \u00eel observati la\u00a0112!<\/li>\n<\/ul>\n\n\n\n<p>\u00cen ceea ce prive\u015fte activitatea de igienizare prin ardere a miri\u0219tilor, resturilor vegetale, a gunoaielor, de\u0219eurilor \u0219i a altor materiale combustibile, aceasta se face numai \u00een locuri special amenajate ori pe terenuri preg\u0103tite. Sunt activit\u0103\u021bi ce se desf\u0103\u0219oar\u0103 cu luarea m\u0103surilor ce se impun pentru \u00eempiedicarea propag\u0103rii focului la vecin\u0103t\u0103\u021bi, asigur\u00e2ndu-se supravegherea permanent\u0103 a arderii, precum \u0219i stingerea jarului dup\u0103 terminarea activit\u0103\u021bii.<\/p>\n\n\n\n<p>Incendierea resturilor vegetale, gunoaielor, de\u0219eurilor \u0219i miri\u0219tilor se execut\u0103 numai pe baza permisului de lucru la foc (eliberat de&nbsp;prim\u0103rie), dup\u0103 ce a fost informat \u00een prealabil serviciul voluntar sau&nbsp;privat pentru situa\u021bii de urgen\u021b\u0103 \u0219i dac\u0103 exist\u0103 acceptul autorit\u0103\u021bii competente pentru protec\u021bia mediului.<\/p>\n\n\n\n<p><strong>NU UITA\u021aI &#8211; orice situa\u021bie de urgen\u021b\u0103 trebuie s\u0103 fie anun\u021bat\u0103, \u00een cel mai scurt timp, la num\u0103rul unic 112!<\/strong><\/p>\n\n\n\n<p>Reamintim c\u0103 pentru nerespectarea&nbsp;regulilor \u0219i m\u0103surilor de ap\u0103rare \u00eempotriva incendiilor specifice utiliz\u0103rii focului deschis, cet\u0103\u021benii&nbsp;risc\u0103 primirea unor sanc\u021biuni&nbsp;contraven\u021bionale\u201d, se mai arat\u0103 \u00een comunicatul Direc\u021biei Silvice.<\/p>\n","protected":false},"excerpt":{"rendered":"<p>Direc\u021bia Silvic\u0103 a jude\u021bului Covasna face apel la popula\u021bie s\u0103 respecte regulile de prevenire a incendiilor, mai ales \u00een aceast\u0103 perioad\u0103 \u00een care au loc activit\u0103\u021bi de igienizare. Red\u0103m comunicatul transmis de Direc\u021bia Silvic\u0103 Covasna redac\u021biei noastre: \u201eAv\u00e2nd \u00een vedere faptul c\u0103 \u00een aceast\u0103 perioad\u0103 a anului, ca urmare a arderii vegeta\u0163iei din f\u00eene\u0163e \u015fi [&hellip;]<\/p>\n","protected":false},"author":1,"featured_media":1177,"comment_status":"open","ping_status":"closed","sticky":false,"template":"","format":"standard","meta":{"tdm_status":"","tdm_grid_status":"","footnotes":""},"categories":[14],"tags":[289,290,291],"class_list":{"0":"post-1176","1":"post","2":"type-post","3":"status-publish","4":"format-standard","5":"has-post-thumbnail","7":"category-lumea-noastra","8":"tag-incendii","9":"tag-paduri","10":"tag-prevenire"},"yoast_head":"<!-- This site is optimized with the Yoast SEO plugin v27.4 - https:\/\/yoast.com\/product\/yoast-seo-wordpress\/ -->\n<title>Direc\u021bia Silvic\u0103, apel la popula\u021bie: Respecta\u021bi regulile de prevenire a incendiilor! - Covasna45<\/title>\n<meta name=\"description\" content=\"Direc\u021bia Silvic\u0103 a jude\u021bului Covasna face apel la popula\u021bie s\u0103 respecte regulile de prevenire a incendiilor.\" \/>\n<meta name=\"robots\" content=\"index, follow, max-snippet:-1, max-image-preview:large, max-video-preview:-1\" \/>\n<link rel=\"canonical\" href=\"https:\/\/covasna45.ro\/index.php\/lumea-noastra\/directia-silvica-apel-la-populatie-respectati-regulile-de-prevenire-a-incendiilor\/\" \/>\n<meta property=\"og:locale\" content=\"ro_RO\" \/>\n<meta property=\"og:type\" content=\"article\" \/>\n<meta property=\"og:title\" content=\"Direc\u021bia Silvic\u0103, apel la popula\u021bie: Respecta\u021bi regulile de prevenire a incendiilor! - Covasna45\" \/>\n<meta property=\"og:description\" content=\"Direc\u021bia Silvic\u0103 a jude\u021bului Covasna face apel la popula\u021bie s\u0103 respecte regulile de prevenire a incendiilor.\" \/>\n<meta property=\"og:url\" content=\"https:\/\/covasna45.ro\/index.php\/lumea-noastra\/directia-silvica-apel-la-populatie-respectati-regulile-de-prevenire-a-incendiilor\/\" \/>\n<meta property=\"og:site_name\" content=\"Covasna45\" \/>\n<meta property=\"article:published_time\" content=\"2023-03-27T06:19:28+00:00\" \/>\n<meta property=\"article:modified_time\" content=\"2023-03-27T06:20:34+00:00\" \/>\n<meta property=\"og:image\" content=\"https:\/\/covasna45.ro\/wp-content\/uploads\/2023\/03\/incendii.jpeg\" \/>\n\t<meta property=\"og:image:width\" content=\"1600\" \/>\n\t<meta property=\"og:image:height\" content=\"1044\" \/>\n\t<meta property=\"og:image:type\" content=\"image\/jpeg\" \/>\n<meta name=\"author\" content=\"Covasna45\" \/>\n<meta name=\"twitter:card\" content=\"summary_large_image\" \/>\n<meta name=\"twitter:label1\" content=\"Scris de\" \/>\n\t<meta name=\"twitter:data1\" content=\"Covasna45\" \/>\n\t<meta name=\"twitter:label2\" content=\"Timp estimat pentru citire\" \/>\n\t<meta name=\"twitter:data2\" content=\"3 minute\" \/>\n<script type=\"application\/ld+json\" class=\"yoast-schema-graph\">{\"@context\":\"https:\\\/\\\/schema.org\",\"@graph\":[{\"@type\":\"Article\",\"@id\":\"https:\\\/\\\/covasna45.ro\\\/index.php\\\/lumea-noastra\\\/directia-silvica-apel-la-populatie-respectati-regulile-de-prevenire-a-incendiilor\\\/#article\",\"isPartOf\":{\"@id\":\"https:\\\/\\\/covasna45.ro\\\/index.php\\\/lumea-noastra\\\/directia-silvica-apel-la-populatie-respectati-regulile-de-prevenire-a-incendiilor\\\/\"},\"author\":{\"name\":\"Covasna45\",\"@id\":\"https:\\\/\\\/covasna45.ro\\\/#\\\/schema\\\/person\\\/e674052bd7d95d70bbb007a1060ab73c\"},\"headline\":\"Direc\u021bia Silvic\u0103, apel la popula\u021bie: Respecta\u021bi regulile de prevenire a incendiilor!\",\"datePublished\":\"2023-03-27T06:19:28+00:00\",\"dateModified\":\"2023-03-27T06:20:34+00:00\",\"mainEntityOfPage\":{\"@id\":\"https:\\\/\\\/covasna45.ro\\\/index.php\\\/lumea-noastra\\\/directia-silvica-apel-la-populatie-respectati-regulile-de-prevenire-a-incendiilor\\\/\"},\"wordCount\":550,\"commentCount\":0,\"publisher\":{\"@id\":\"https:\\\/\\\/covasna45.ro\\\/#organization\"},\"image\":{\"@id\":\"https:\\\/\\\/covasna45.ro\\\/index.php\\\/lumea-noastra\\\/directia-silvica-apel-la-populatie-respectati-regulile-de-prevenire-a-incendiilor\\\/#primaryimage\"},\"thumbnailUrl\":\"https:\\\/\\\/covasna45.ro\\\/wp-content\\\/uploads\\\/2023\\\/03\\\/incendii.jpeg\",\"keywords\":[\"Incendii\",\"P\u0103duri\",\"Prevenire\"],\"articleSection\":[\"Lumea noastr\u0103\"],\"inLanguage\":\"ro-RO\",\"potentialAction\":[{\"@type\":\"CommentAction\",\"name\":\"Comment\",\"target\":[\"https:\\\/\\\/covasna45.ro\\\/index.php\\\/lumea-noastra\\\/directia-silvica-apel-la-populatie-respectati-regulile-de-prevenire-a-incendiilor\\\/#respond\"]}]},{\"@type\":\"WebPage\",\"@id\":\"https:\\\/\\\/covasna45.ro\\\/index.php\\\/lumea-noastra\\\/directia-silvica-apel-la-populatie-respectati-regulile-de-prevenire-a-incendiilor\\\/\",\"url\":\"https:\\\/\\\/covasna45.ro\\\/index.php\\\/lumea-noastra\\\/directia-silvica-apel-la-populatie-respectati-regulile-de-prevenire-a-incendiilor\\\/\",\"name\":\"Direc\u021bia Silvic\u0103, apel la popula\u021bie: Respecta\u021bi regulile de prevenire a incendiilor! - Covasna45\",\"isPartOf\":{\"@id\":\"https:\\\/\\\/covasna45.ro\\\/#website\"},\"primaryImageOfPage\":{\"@id\":\"https:\\\/\\\/covasna45.ro\\\/index.php\\\/lumea-noastra\\\/directia-silvica-apel-la-populatie-respectati-regulile-de-prevenire-a-incendiilor\\\/#primaryimage\"},\"image\":{\"@id\":\"https:\\\/\\\/covasna45.ro\\\/index.php\\\/lumea-noastra\\\/directia-silvica-apel-la-populatie-respectati-regulile-de-prevenire-a-incendiilor\\\/#primaryimage\"},\"thumbnailUrl\":\"https:\\\/\\\/covasna45.ro\\\/wp-content\\\/uploads\\\/2023\\\/03\\\/incendii.jpeg\",\"datePublished\":\"2023-03-27T06:19:28+00:00\",\"dateModified\":\"2023-03-27T06:20:34+00:00\",\"description\":\"Direc\u021bia Silvic\u0103 a jude\u021bului Covasna face apel la popula\u021bie s\u0103 respecte regulile de prevenire a incendiilor.\",\"breadcrumb\":{\"@id\":\"https:\\\/\\\/covasna45.ro\\\/index.php\\\/lumea-noastra\\\/directia-silvica-apel-la-populatie-respectati-regulile-de-prevenire-a-incendiilor\\\/#breadcrumb\"},\"inLanguage\":\"ro-RO\",\"potentialAction\":[{\"@type\":\"ReadAction\",\"target\":[\"https:\\\/\\\/covasna45.ro\\\/index.php\\\/lumea-noastra\\\/directia-silvica-apel-la-populatie-respectati-regulile-de-prevenire-a-incendiilor\\\/\"]}]},{\"@type\":\"ImageObject\",\"inLanguage\":\"ro-RO\",\"@id\":\"https:\\\/\\\/covasna45.ro\\\/index.php\\\/lumea-noastra\\\/directia-silvica-apel-la-populatie-respectati-regulile-de-prevenire-a-incendiilor\\\/#primaryimage\",\"url\":\"https:\\\/\\\/covasna45.ro\\\/wp-content\\\/uploads\\\/2023\\\/03\\\/incendii.jpeg\",\"contentUrl\":\"https:\\\/\\\/covasna45.ro\\\/wp-content\\\/uploads\\\/2023\\\/03\\\/incendii.jpeg\",\"width\":1600,\"height\":1044},{\"@type\":\"BreadcrumbList\",\"@id\":\"https:\\\/\\\/covasna45.ro\\\/index.php\\\/lumea-noastra\\\/directia-silvica-apel-la-populatie-respectati-regulile-de-prevenire-a-incendiilor\\\/#breadcrumb\",\"itemListElement\":[{\"@type\":\"ListItem\",\"position\":1,\"name\":\"Prima pagin\u0103\",\"item\":\"https:\\\/\\\/covasna45.ro\\\/\"},{\"@type\":\"ListItem\",\"position\":2,\"name\":\"Direc\u021bia Silvic\u0103, apel la popula\u021bie: Respecta\u021bi regulile de prevenire a incendiilor!\"}]},{\"@type\":\"WebSite\",\"@id\":\"https:\\\/\\\/covasna45.ro\\\/#website\",\"url\":\"https:\\\/\\\/covasna45.ro\\\/\",\"name\":\"covasna45.ro\",\"description\":\"\",\"publisher\":{\"@id\":\"https:\\\/\\\/covasna45.ro\\\/#organization\"},\"potentialAction\":[{\"@type\":\"SearchAction\",\"target\":{\"@type\":\"EntryPoint\",\"urlTemplate\":\"https:\\\/\\\/covasna45.ro\\\/?s={search_term_string}\"},\"query-input\":{\"@type\":\"PropertyValueSpecification\",\"valueRequired\":true,\"valueName\":\"search_term_string\"}}],\"inLanguage\":\"ro-RO\"},{\"@type\":\"Organization\",\"@id\":\"https:\\\/\\\/covasna45.ro\\\/#organization\",\"name\":\"covasna45.ro\",\"url\":\"https:\\\/\\\/covasna45.ro\\\/\",\"logo\":{\"@type\":\"ImageObject\",\"inLanguage\":\"ro-RO\",\"@id\":\"https:\\\/\\\/covasna45.ro\\\/#\\\/schema\\\/logo\\\/image\\\/\",\"url\":\"https:\\\/\\\/covasna45.ro\\\/wp-content\\\/uploads\\\/2023\\\/01\\\/icon_logo.png\",\"contentUrl\":\"https:\\\/\\\/covasna45.ro\\\/wp-content\\\/uploads\\\/2023\\\/01\\\/icon_logo.png\",\"width\":1900,\"height\":1900,\"caption\":\"covasna45.ro\"},\"image\":{\"@id\":\"https:\\\/\\\/covasna45.ro\\\/#\\\/schema\\\/logo\\\/image\\\/\"}},{\"@type\":\"Person\",\"@id\":\"https:\\\/\\\/covasna45.ro\\\/#\\\/schema\\\/person\\\/e674052bd7d95d70bbb007a1060ab73c\",\"name\":\"Covasna45\",\"image\":{\"@type\":\"ImageObject\",\"inLanguage\":\"ro-RO\",\"@id\":\"https:\\\/\\\/covasna45.ro\\\/wp-content\\\/uploads\\\/2025\\\/10\\\/icon_logo_covasna45-150x150.png\",\"url\":\"https:\\\/\\\/covasna45.ro\\\/wp-content\\\/uploads\\\/2025\\\/10\\\/icon_logo_covasna45-150x150.png\",\"contentUrl\":\"https:\\\/\\\/covasna45.ro\\\/wp-content\\\/uploads\\\/2025\\\/10\\\/icon_logo_covasna45-150x150.png\",\"caption\":\"Covasna45\"},\"sameAs\":[\"https:\\\/\\\/covasna45.ro\"],\"url\":\"https:\\\/\\\/covasna45.ro\\\/index.php\\\/author\\\/covasna\\\/\"}]}<\/script>\n<!-- \/ Yoast SEO plugin. -->","yoast_head_json":{"title":"Direc\u021bia Silvic\u0103, apel la popula\u021bie: Respecta\u021bi regulile de prevenire a incendiilor! - Covasna45","description":"Direc\u021bia Silvic\u0103 a jude\u021bului Covasna face apel la popula\u021bie s\u0103 respecte regulile de prevenire a incendiilor.","robots":{"index":"index","follow":"follow","max-snippet":"max-snippet:-1","max-image-preview":"max-image-preview:large","max-video-preview":"max-video-preview:-1"},"canonical":"https:\/\/covasna45.ro\/index.php\/lumea-noastra\/directia-silvica-apel-la-populatie-respectati-regulile-de-prevenire-a-incendiilor\/","og_locale":"ro_RO","og_type":"article","og_title":"Direc\u021bia Silvic\u0103, apel la popula\u021bie: Respecta\u021bi regulile de prevenire a incendiilor! - Covasna45","og_description":"Direc\u021bia Silvic\u0103 a jude\u021bului Covasna face apel la popula\u021bie s\u0103 respecte regulile de prevenire a incendiilor.","og_url":"https:\/\/covasna45.ro\/index.php\/lumea-noastra\/directia-silvica-apel-la-populatie-respectati-regulile-de-prevenire-a-incendiilor\/","og_site_name":"Covasna45","article_published_time":"2023-03-27T06:19:28+00:00","article_modified_time":"2023-03-27T06:20:34+00:00","og_image":[{"width":1600,"height":1044,"url":"https:\/\/covasna45.ro\/wp-content\/uploads\/2023\/03\/incendii.jpeg","type":"image\/jpeg"}],"author":"Covasna45","twitter_card":"summary_large_image","twitter_misc":{"Scris de":"Covasna45","Timp estimat pentru citire":"3 minute"},"schema":{"@context":"https:\/\/schema.org","@graph":[{"@type":"Article","@id":"https:\/\/covasna45.ro\/index.php\/lumea-noastra\/directia-silvica-apel-la-populatie-respectati-regulile-de-prevenire-a-incendiilor\/#article","isPartOf":{"@id":"https:\/\/covasna45.ro\/index.php\/lumea-noastra\/directia-silvica-apel-la-populatie-respectati-regulile-de-prevenire-a-incendiilor\/"},"author":{"name":"Covasna45","@id":"https:\/\/covasna45.ro\/#\/schema\/person\/e674052bd7d95d70bbb007a1060ab73c"},"headline":"Direc\u021bia Silvic\u0103, apel la popula\u021bie: Respecta\u021bi regulile de prevenire a incendiilor!","datePublished":"2023-03-27T06:19:28+00:00","dateModified":"2023-03-27T06:20:34+00:00","mainEntityOfPage":{"@id":"https:\/\/covasna45.ro\/index.php\/lumea-noastra\/directia-silvica-apel-la-populatie-respectati-regulile-de-prevenire-a-incendiilor\/"},"wordCount":550,"commentCount":0,"publisher":{"@id":"https:\/\/covasna45.ro\/#organization"},"image":{"@id":"https:\/\/covasna45.ro\/index.php\/lumea-noastra\/directia-silvica-apel-la-populatie-respectati-regulile-de-prevenire-a-incendiilor\/#primaryimage"},"thumbnailUrl":"https:\/\/covasna45.ro\/wp-content\/uploads\/2023\/03\/incendii.jpeg","keywords":["Incendii","P\u0103duri","Prevenire"],"articleSection":["Lumea noastr\u0103"],"inLanguage":"ro-RO","potentialAction":[{"@type":"CommentAction","name":"Comment","target":["https:\/\/covasna45.ro\/index.php\/lumea-noastra\/directia-silvica-apel-la-populatie-respectati-regulile-de-prevenire-a-incendiilor\/#respond"]}]},{"@type":"WebPage","@id":"https:\/\/covasna45.ro\/index.php\/lumea-noastra\/directia-silvica-apel-la-populatie-respectati-regulile-de-prevenire-a-incendiilor\/","url":"https:\/\/covasna45.ro\/index.php\/lumea-noastra\/directia-silvica-apel-la-populatie-respectati-regulile-de-prevenire-a-incendiilor\/","name":"Direc\u021bia Silvic\u0103, apel la popula\u021bie: Respecta\u021bi regulile de prevenire a incendiilor! - Covasna45","isPartOf":{"@id":"https:\/\/covasna45.ro\/#website"},"primaryImageOfPage":{"@id":"https:\/\/covasna45.ro\/index.php\/lumea-noastra\/directia-silvica-apel-la-populatie-respectati-regulile-de-prevenire-a-incendiilor\/#primaryimage"},"image":{"@id":"https:\/\/covasna45.ro\/index.php\/lumea-noastra\/directia-silvica-apel-la-populatie-respectati-regulile-de-prevenire-a-incendiilor\/#primaryimage"},"thumbnailUrl":"https:\/\/covasna45.ro\/wp-content\/uploads\/2023\/03\/incendii.jpeg","datePublished":"2023-03-27T06:19:28+00:00","dateModified":"2023-03-27T06:20:34+00:00","description":"Direc\u021bia Silvic\u0103 a jude\u021bului Covasna face apel la popula\u021bie s\u0103 respecte regulile de prevenire a incendiilor.","breadcrumb":{"@id":"https:\/\/covasna45.ro\/index.php\/lumea-noastra\/directia-silvica-apel-la-populatie-respectati-regulile-de-prevenire-a-incendiilor\/#breadcrumb"},"inLanguage":"ro-RO","potentialAction":[{"@type":"ReadAction","target":["https:\/\/covasna45.ro\/index.php\/lumea-noastra\/directia-silvica-apel-la-populatie-respectati-regulile-de-prevenire-a-incendiilor\/"]}]},{"@type":"ImageObject","inLanguage":"ro-RO","@id":"https:\/\/covasna45.ro\/index.php\/lumea-noastra\/directia-silvica-apel-la-populatie-respectati-regulile-de-prevenire-a-incendiilor\/#primaryimage","url":"https:\/\/covasna45.ro\/wp-content\/uploads\/2023\/03\/incendii.jpeg","contentUrl":"https:\/\/covasna45.ro\/wp-content\/uploads\/2023\/03\/incendii.jpeg","width":1600,"height":1044},{"@type":"BreadcrumbList","@id":"https:\/\/covasna45.ro\/index.php\/lumea-noastra\/directia-silvica-apel-la-populatie-respectati-regulile-de-prevenire-a-incendiilor\/#breadcrumb","itemListElement":[{"@type":"ListItem","position":1,"name":"Prima pagin\u0103","item":"https:\/\/covasna45.ro\/"},{"@type":"ListItem","position":2,"name":"Direc\u021bia Silvic\u0103, apel la popula\u021bie: Respecta\u021bi regulile de prevenire a incendiilor!"}]},{"@type":"WebSite","@id":"https:\/\/covasna45.ro\/#website","url":"https:\/\/covasna45.ro\/","name":"covasna45.ro","description":"","publisher":{"@id":"https:\/\/covasna45.ro\/#organization"},"potentialAction":[{"@type":"SearchAction","target":{"@type":"EntryPoint","urlTemplate":"https:\/\/covasna45.ro\/?s={search_term_string}"},"query-input":{"@type":"PropertyValueSpecification","valueRequired":true,"valueName":"search_term_string"}}],"inLanguage":"ro-RO"},{"@type":"Organization","@id":"https:\/\/covasna45.ro\/#organization","name":"covasna45.ro","url":"https:\/\/covasna45.ro\/","logo":{"@type":"ImageObject","inLanguage":"ro-RO","@id":"https:\/\/covasna45.ro\/#\/schema\/logo\/image\/","url":"https:\/\/covasna45.ro\/wp-content\/uploads\/2023\/01\/icon_logo.png","contentUrl":"https:\/\/covasna45.ro\/wp-content\/uploads\/2023\/01\/icon_logo.png","width":1900,"height":1900,"caption":"covasna45.ro"},"image":{"@id":"https:\/\/covasna45.ro\/#\/schema\/logo\/image\/"}},{"@type":"Person","@id":"https:\/\/covasna45.ro\/#\/schema\/person\/e674052bd7d95d70bbb007a1060ab73c","name":"Covasna45","image":{"@type":"ImageObject","inLanguage":"ro-RO","@id":"https:\/\/covasna45.ro\/wp-content\/uploads\/2025\/10\/icon_logo_covasna45-150x150.png","url":"https:\/\/covasna45.ro\/wp-content\/uploads\/2025\/10\/icon_logo_covasna45-150x150.png","contentUrl":"https:\/\/covasna45.ro\/wp-content\/uploads\/2025\/10\/icon_logo_covasna45-150x150.png","caption":"Covasna45"},"sameAs":["https:\/\/covasna45.ro"],"url":"https:\/\/covasna45.ro\/index.php\/author\/covasna\/"}]}},"_links":{"self":[{"href":"https:\/\/covasna45.ro\/index.php\/wp-json\/wp\/v2\/posts\/1176","targetHints":{"allow":["GET"]}}],"collection":[{"href":"https:\/\/covasna45.ro\/index.php\/wp-json\/wp\/v2\/posts"}],"about":[{"href":"https:\/\/covasna45.ro\/index.php\/wp-json\/wp\/v2\/types\/post"}],"author":[{"embeddable":true,"href":"https:\/\/covasna45.ro\/index.php\/wp-json\/wp\/v2\/users\/1"}],"replies":[{"embeddable":true,"href":"https:\/\/covasna45.ro\/index.php\/wp-json\/wp\/v2\/comments?post=1176"}],"version-history":[{"count":2,"href":"https:\/\/covasna45.ro\/index.php\/wp-json\/wp\/v2\/posts\/1176\/revisions"}],"predecessor-version":[{"id":1179,"href":"https:\/\/covasna45.ro\/index.php\/wp-json\/wp\/v2\/posts\/1176\/revisions\/1179"}],"wp:featuredmedia":[{"embeddable":true,"href":"https:\/\/covasna45.ro\/index.php\/wp-json\/wp\/v2\/media\/1177"}],"wp:attachment":[{"href":"https:\/\/covasna45.ro\/index.php\/wp-json\/wp\/v2\/media?parent=1176"}],"wp:term":[{"taxonomy":"category","embeddable":true,"href":"https:\/\/covasna45.ro\/index.php\/wp-json\/wp\/v2\/categories?post=1176"},{"taxonomy":"post_tag","embeddable":true,"href":"https:\/\/covasna45.ro\/index.php\/wp-json\/wp\/v2\/tags?post=1176"}],"curies":[{"name":"wp","href":"https:\/\/api.w.org\/{rel}","templated":true}]}}