{"id":1180,"date":"2023-03-27T10:13:13","date_gmt":"2023-03-27T08:13:13","guid":{"rendered":"https:\/\/covasna45.ro\/?p=1180"},"modified":"2023-03-27T10:13:14","modified_gmt":"2023-03-27T08:13:14","slug":"pachetele-cu-alimente-finantate-de-ue-vor-fi-distribuite-in-saptamana-mare","status":"publish","type":"post","link":"https:\/\/covasna45.ro\/index.php\/lumea-noastra\/pachetele-cu-alimente-finantate-de-ue-vor-fi-distribuite-in-saptamana-mare\/","title":{"rendered":"Pachetele cu alimente finan\u021bate de UE vor fi distribuite \u00een S\u0103pt\u0103m\u00e2na Mare"},"content":{"rendered":"\n<p>Ministrul Investi\u021biilor \u0219i Proiectelor Europene, Marcel Bolo\u0219, a anun\u021bat c\u0103 cea de-a \u0219asea tran\u0219\u0103 de pachete alimentare finan\u021bate din fonduri europene va fi distribuit\u0103 \u00eencep\u00e2nd de joi. Beneficiarii vor primi produsele \u00eenainte de s\u0103rb\u0103torile pascale.<\/p>\n\n\n\n<p><strong><em>\u201eNe-am propus ca cea de-a \u0219asea tran\u0219\u0103 a pachetelor alimentare destinate rom\u00e2nilor vulnerabili, a c\u0103ror distribu\u021bie a \u00eenceput, s\u0103 ajung\u0103 la aproximativ 800.000 de beneficiari \u00eenainte de Pa\u0219te. Lucr\u0103m \u00eempreun\u0103 cu autorit\u0103\u021bile locale, astfel \u00eenc\u00e2t s\u0103 ne asigur\u0103m c\u0103 sunt depuse toate eforturile pentru a nu exista sincope \u00een procesul de distribu\u021bie c\u0103tre beneficiari. <\/em><\/strong><\/p>\n\n\n\n<p><strong><em>\u00cen acest sens, am f\u0103cut un apel c\u0103tre to\u021bi primarii s\u0103 etapizeze distribu\u021bia alimentelor \u00een a\u0219a fel \u00eenc\u00e2t s\u0103 se evite cozile la preluarea pachetelor, respect\u00e2ndu-se totodat\u0103 calendarul pe care l-am propus. <\/em><\/strong><\/p>\n\n\n\n<p><strong><em>Pachetele con\u021bin alimente de baz\u0103 pe care to\u021bi rom\u00e2nii trebuie s\u0103 le aib\u0103 \u00eenainte de Sfintele S\u0103rb\u0103tori \u0219i este important ca acestea s\u0103 le fie livrate la timp. Totodat\u0103, avem \u00een plan ca, \u00een S\u0103pt\u0103m\u00e2na Mare, s\u0103 \u00eenc\u0103rc\u0103m pe cardurile sociale o nou\u0103 tran\u0219\u0103 din ajutorul de 250 lei pentru alimente \u0219i mese calde pentru to\u021bi cei 2,4 milioane de rom\u00e2ni beneficiari. Este un sprijin care va conta, cu siguran\u021b\u0103, \u00een aceast\u0103 perioad\u0103. Vom continua s\u0103 protej\u0103m securitatea alimentar\u0103 \u0219i \u00een urm\u0103torii ani, fie sub form\u0103 de pachet alimentar, fie sub form\u0103 de voucher. \u0218i pentru c\u0103 vorbim despre produse \u00een cea mai mare parte rom\u00e2ne\u0219ti, vom ajuta \u00een acest fel \u0219i produc\u0103torii na\u021bionali\u201d, <\/em><\/strong>a declarat ministrul Marcel Bolo\u0219.<\/p>\n","protected":false},"excerpt":{"rendered":"<p>Ministrul Investi\u021biilor \u0219i Proiectelor Europene, Marcel Bolo\u0219, a anun\u021bat c\u0103 cea de-a \u0219asea tran\u0219\u0103 de pachete alimentare finan\u021bate din fonduri europene va fi distribuit\u0103 \u00eencep\u00e2nd de joi. Beneficiarii vor primi produsele \u00eenainte de s\u0103rb\u0103torile pascale. \u201eNe-am propus ca cea de-a \u0219asea tran\u0219\u0103 a pachetelor alimentare destinate rom\u00e2nilor vulnerabili, a c\u0103ror distribu\u021bie a \u00eenceput, s\u0103 ajung\u0103 [&hellip;]<\/p>\n","protected":false},"author":1,"featured_media":1181,"comment_status":"open","ping_status":"closed","sticky":false,"template":"","format":"standard","meta":{"tdm_status":"","tdm_grid_status":"","footnotes":""},"categories":[14],"tags":[292,47],"class_list":{"0":"post-1180","1":"post","2":"type-post","3":"status-publish","4":"format-standard","5":"has-post-thumbnail","7":"category-lumea-noastra","8":"tag-alimente","9":"tag-ue"},"yoast_head":"<!-- This site is optimized with the Yoast SEO plugin v27.4 - https:\/\/yoast.com\/product\/yoast-seo-wordpress\/ -->\n<title>Pachetele cu alimente finan\u021bate de UE vor fi distribuite \u00een S\u0103pt\u0103m\u00e2na Mare - Covasna45<\/title>\n<meta name=\"description\" content=\"Cea de-a \u0219asea tran\u0219\u0103 de pachete alimentare finan\u021bate din fonduri europene va fi distribuit\u0103 \u00eencep\u00e2nd de joi.\" \/>\n<meta name=\"robots\" content=\"index, follow, max-snippet:-1, max-image-preview:large, max-video-preview:-1\" \/>\n<link rel=\"canonical\" href=\"https:\/\/covasna45.ro\/index.php\/lumea-noastra\/pachetele-cu-alimente-finantate-de-ue-vor-fi-distribuite-in-saptamana-mare\/\" \/>\n<meta property=\"og:locale\" content=\"ro_RO\" \/>\n<meta property=\"og:type\" content=\"article\" \/>\n<meta property=\"og:title\" content=\"Pachetele cu alimente finan\u021bate de UE vor fi distribuite \u00een S\u0103pt\u0103m\u00e2na Mare - Covasna45\" \/>\n<meta property=\"og:description\" content=\"Cea de-a \u0219asea tran\u0219\u0103 de pachete alimentare finan\u021bate din fonduri europene va fi distribuit\u0103 \u00eencep\u00e2nd de joi.\" \/>\n<meta property=\"og:url\" content=\"https:\/\/covasna45.ro\/index.php\/lumea-noastra\/pachetele-cu-alimente-finantate-de-ue-vor-fi-distribuite-in-saptamana-mare\/\" \/>\n<meta property=\"og:site_name\" content=\"Covasna45\" \/>\n<meta property=\"article:published_time\" content=\"2023-03-27T08:13:13+00:00\" \/>\n<meta property=\"article:modified_time\" content=\"2023-03-27T08:13:14+00:00\" \/>\n<meta property=\"og:image\" content=\"https:\/\/covasna45.ro\/wp-content\/uploads\/2023\/03\/Carduri-alimente.jpg\" \/>\n\t<meta property=\"og:image:width\" content=\"780\" \/>\n\t<meta property=\"og:image:height\" content=\"440\" \/>\n\t<meta property=\"og:image:type\" content=\"image\/jpeg\" \/>\n<meta name=\"author\" content=\"Covasna45\" \/>\n<meta name=\"twitter:card\" content=\"summary_large_image\" \/>\n<meta name=\"twitter:label1\" content=\"Scris de\" \/>\n\t<meta name=\"twitter:data1\" content=\"Covasna45\" \/>\n\t<meta name=\"twitter:label2\" content=\"Timp estimat pentru citire\" \/>\n\t<meta name=\"twitter:data2\" content=\"2 minute\" \/>\n<script type=\"application\/ld+json\" class=\"yoast-schema-graph\">{\"@context\":\"https:\\\/\\\/schema.org\",\"@graph\":[{\"@type\":\"Article\",\"@id\":\"https:\\\/\\\/covasna45.ro\\\/index.php\\\/lumea-noastra\\\/pachetele-cu-alimente-finantate-de-ue-vor-fi-distribuite-in-saptamana-mare\\\/#article\",\"isPartOf\":{\"@id\":\"https:\\\/\\\/covasna45.ro\\\/index.php\\\/lumea-noastra\\\/pachetele-cu-alimente-finantate-de-ue-vor-fi-distribuite-in-saptamana-mare\\\/\"},\"author\":{\"name\":\"Covasna45\",\"@id\":\"https:\\\/\\\/covasna45.ro\\\/#\\\/schema\\\/person\\\/e674052bd7d95d70bbb007a1060ab73c\"},\"headline\":\"Pachetele cu alimente finan\u021bate de UE vor fi distribuite \u00een S\u0103pt\u0103m\u00e2na Mare\",\"datePublished\":\"2023-03-27T08:13:13+00:00\",\"dateModified\":\"2023-03-27T08:13:14+00:00\",\"mainEntityOfPage\":{\"@id\":\"https:\\\/\\\/covasna45.ro\\\/index.php\\\/lumea-noastra\\\/pachetele-cu-alimente-finantate-de-ue-vor-fi-distribuite-in-saptamana-mare\\\/\"},\"wordCount\":294,\"commentCount\":0,\"publisher\":{\"@id\":\"https:\\\/\\\/covasna45.ro\\\/#organization\"},\"image\":{\"@id\":\"https:\\\/\\\/covasna45.ro\\\/index.php\\\/lumea-noastra\\\/pachetele-cu-alimente-finantate-de-ue-vor-fi-distribuite-in-saptamana-mare\\\/#primaryimage\"},\"thumbnailUrl\":\"https:\\\/\\\/covasna45.ro\\\/wp-content\\\/uploads\\\/2023\\\/03\\\/Carduri-alimente.jpg\",\"keywords\":[\"Alimente\",\"UE\"],\"articleSection\":[\"Lumea noastr\u0103\"],\"inLanguage\":\"ro-RO\",\"potentialAction\":[{\"@type\":\"CommentAction\",\"name\":\"Comment\",\"target\":[\"https:\\\/\\\/covasna45.ro\\\/index.php\\\/lumea-noastra\\\/pachetele-cu-alimente-finantate-de-ue-vor-fi-distribuite-in-saptamana-mare\\\/#respond\"]}]},{\"@type\":\"WebPage\",\"@id\":\"https:\\\/\\\/covasna45.ro\\\/index.php\\\/lumea-noastra\\\/pachetele-cu-alimente-finantate-de-ue-vor-fi-distribuite-in-saptamana-mare\\\/\",\"url\":\"https:\\\/\\\/covasna45.ro\\\/index.php\\\/lumea-noastra\\\/pachetele-cu-alimente-finantate-de-ue-vor-fi-distribuite-in-saptamana-mare\\\/\",\"name\":\"Pachetele cu alimente finan\u021bate de UE vor fi distribuite \u00een S\u0103pt\u0103m\u00e2na Mare - Covasna45\",\"isPartOf\":{\"@id\":\"https:\\\/\\\/covasna45.ro\\\/#website\"},\"primaryImageOfPage\":{\"@id\":\"https:\\\/\\\/covasna45.ro\\\/index.php\\\/lumea-noastra\\\/pachetele-cu-alimente-finantate-de-ue-vor-fi-distribuite-in-saptamana-mare\\\/#primaryimage\"},\"image\":{\"@id\":\"https:\\\/\\\/covasna45.ro\\\/index.php\\\/lumea-noastra\\\/pachetele-cu-alimente-finantate-de-ue-vor-fi-distribuite-in-saptamana-mare\\\/#primaryimage\"},\"thumbnailUrl\":\"https:\\\/\\\/covasna45.ro\\\/wp-content\\\/uploads\\\/2023\\\/03\\\/Carduri-alimente.jpg\",\"datePublished\":\"2023-03-27T08:13:13+00:00\",\"dateModified\":\"2023-03-27T08:13:14+00:00\",\"description\":\"Cea de-a \u0219asea tran\u0219\u0103 de pachete alimentare finan\u021bate din fonduri europene va fi distribuit\u0103 \u00eencep\u00e2nd de joi.\",\"breadcrumb\":{\"@id\":\"https:\\\/\\\/covasna45.ro\\\/index.php\\\/lumea-noastra\\\/pachetele-cu-alimente-finantate-de-ue-vor-fi-distribuite-in-saptamana-mare\\\/#breadcrumb\"},\"inLanguage\":\"ro-RO\",\"potentialAction\":[{\"@type\":\"ReadAction\",\"target\":[\"https:\\\/\\\/covasna45.ro\\\/index.php\\\/lumea-noastra\\\/pachetele-cu-alimente-finantate-de-ue-vor-fi-distribuite-in-saptamana-mare\\\/\"]}]},{\"@type\":\"ImageObject\",\"inLanguage\":\"ro-RO\",\"@id\":\"https:\\\/\\\/covasna45.ro\\\/index.php\\\/lumea-noastra\\\/pachetele-cu-alimente-finantate-de-ue-vor-fi-distribuite-in-saptamana-mare\\\/#primaryimage\",\"url\":\"https:\\\/\\\/covasna45.ro\\\/wp-content\\\/uploads\\\/2023\\\/03\\\/Carduri-alimente.jpg\",\"contentUrl\":\"https:\\\/\\\/covasna45.ro\\\/wp-content\\\/uploads\\\/2023\\\/03\\\/Carduri-alimente.jpg\",\"width\":780,\"height\":440},{\"@type\":\"BreadcrumbList\",\"@id\":\"https:\\\/\\\/covasna45.ro\\\/index.php\\\/lumea-noastra\\\/pachetele-cu-alimente-finantate-de-ue-vor-fi-distribuite-in-saptamana-mare\\\/#breadcrumb\",\"itemListElement\":[{\"@type\":\"ListItem\",\"position\":1,\"name\":\"Prima pagin\u0103\",\"item\":\"https:\\\/\\\/covasna45.ro\\\/\"},{\"@type\":\"ListItem\",\"position\":2,\"name\":\"Pachetele cu alimente finan\u021bate de UE vor fi distribuite \u00een S\u0103pt\u0103m\u00e2na Mare\"}]},{\"@type\":\"WebSite\",\"@id\":\"https:\\\/\\\/covasna45.ro\\\/#website\",\"url\":\"https:\\\/\\\/covasna45.ro\\\/\",\"name\":\"covasna45.ro\",\"description\":\"\",\"publisher\":{\"@id\":\"https:\\\/\\\/covasna45.ro\\\/#organization\"},\"potentialAction\":[{\"@type\":\"SearchAction\",\"target\":{\"@type\":\"EntryPoint\",\"urlTemplate\":\"https:\\\/\\\/covasna45.ro\\\/?s={search_term_string}\"},\"query-input\":{\"@type\":\"PropertyValueSpecification\",\"valueRequired\":true,\"valueName\":\"search_term_string\"}}],\"inLanguage\":\"ro-RO\"},{\"@type\":\"Organization\",\"@id\":\"https:\\\/\\\/covasna45.ro\\\/#organization\",\"name\":\"covasna45.ro\",\"url\":\"https:\\\/\\\/covasna45.ro\\\/\",\"logo\":{\"@type\":\"ImageObject\",\"inLanguage\":\"ro-RO\",\"@id\":\"https:\\\/\\\/covasna45.ro\\\/#\\\/schema\\\/logo\\\/image\\\/\",\"url\":\"https:\\\/\\\/covasna45.ro\\\/wp-content\\\/uploads\\\/2023\\\/01\\\/icon_logo.png\",\"contentUrl\":\"https:\\\/\\\/covasna45.ro\\\/wp-content\\\/uploads\\\/2023\\\/01\\\/icon_logo.png\",\"width\":1900,\"height\":1900,\"caption\":\"covasna45.ro\"},\"image\":{\"@id\":\"https:\\\/\\\/covasna45.ro\\\/#\\\/schema\\\/logo\\\/image\\\/\"}},{\"@type\":\"Person\",\"@id\":\"https:\\\/\\\/covasna45.ro\\\/#\\\/schema\\\/person\\\/e674052bd7d95d70bbb007a1060ab73c\",\"name\":\"Covasna45\",\"image\":{\"@type\":\"ImageObject\",\"inLanguage\":\"ro-RO\",\"@id\":\"https:\\\/\\\/covasna45.ro\\\/wp-content\\\/uploads\\\/2025\\\/10\\\/icon_logo_covasna45-150x150.png\",\"url\":\"https:\\\/\\\/covasna45.ro\\\/wp-content\\\/uploads\\\/2025\\\/10\\\/icon_logo_covasna45-150x150.png\",\"contentUrl\":\"https:\\\/\\\/covasna45.ro\\\/wp-content\\\/uploads\\\/2025\\\/10\\\/icon_logo_covasna45-150x150.png\",\"caption\":\"Covasna45\"},\"sameAs\":[\"https:\\\/\\\/covasna45.ro\"],\"url\":\"https:\\\/\\\/covasna45.ro\\\/index.php\\\/author\\\/covasna\\\/\"}]}<\/script>\n<!-- \/ Yoast SEO plugin. -->","yoast_head_json":{"title":"Pachetele cu alimente finan\u021bate de UE vor fi distribuite \u00een S\u0103pt\u0103m\u00e2na Mare - Covasna45","description":"Cea de-a \u0219asea tran\u0219\u0103 de pachete alimentare finan\u021bate din fonduri europene va fi distribuit\u0103 \u00eencep\u00e2nd de joi.","robots":{"index":"index","follow":"follow","max-snippet":"max-snippet:-1","max-image-preview":"max-image-preview:large","max-video-preview":"max-video-preview:-1"},"canonical":"https:\/\/covasna45.ro\/index.php\/lumea-noastra\/pachetele-cu-alimente-finantate-de-ue-vor-fi-distribuite-in-saptamana-mare\/","og_locale":"ro_RO","og_type":"article","og_title":"Pachetele cu alimente finan\u021bate de UE vor fi distribuite \u00een S\u0103pt\u0103m\u00e2na Mare - Covasna45","og_description":"Cea de-a \u0219asea tran\u0219\u0103 de pachete alimentare finan\u021bate din fonduri europene va fi distribuit\u0103 \u00eencep\u00e2nd de joi.","og_url":"https:\/\/covasna45.ro\/index.php\/lumea-noastra\/pachetele-cu-alimente-finantate-de-ue-vor-fi-distribuite-in-saptamana-mare\/","og_site_name":"Covasna45","article_published_time":"2023-03-27T08:13:13+00:00","article_modified_time":"2023-03-27T08:13:14+00:00","og_image":[{"width":780,"height":440,"url":"https:\/\/covasna45.ro\/wp-content\/uploads\/2023\/03\/Carduri-alimente.jpg","type":"image\/jpeg"}],"author":"Covasna45","twitter_card":"summary_large_image","twitter_misc":{"Scris de":"Covasna45","Timp estimat pentru citire":"2 minute"},"schema":{"@context":"https:\/\/schema.org","@graph":[{"@type":"Article","@id":"https:\/\/covasna45.ro\/index.php\/lumea-noastra\/pachetele-cu-alimente-finantate-de-ue-vor-fi-distribuite-in-saptamana-mare\/#article","isPartOf":{"@id":"https:\/\/covasna45.ro\/index.php\/lumea-noastra\/pachetele-cu-alimente-finantate-de-ue-vor-fi-distribuite-in-saptamana-mare\/"},"author":{"name":"Covasna45","@id":"https:\/\/covasna45.ro\/#\/schema\/person\/e674052bd7d95d70bbb007a1060ab73c"},"headline":"Pachetele cu alimente finan\u021bate de UE vor fi distribuite \u00een S\u0103pt\u0103m\u00e2na Mare","datePublished":"2023-03-27T08:13:13+00:00","dateModified":"2023-03-27T08:13:14+00:00","mainEntityOfPage":{"@id":"https:\/\/covasna45.ro\/index.php\/lumea-noastra\/pachetele-cu-alimente-finantate-de-ue-vor-fi-distribuite-in-saptamana-mare\/"},"wordCount":294,"commentCount":0,"publisher":{"@id":"https:\/\/covasna45.ro\/#organization"},"image":{"@id":"https:\/\/covasna45.ro\/index.php\/lumea-noastra\/pachetele-cu-alimente-finantate-de-ue-vor-fi-distribuite-in-saptamana-mare\/#primaryimage"},"thumbnailUrl":"https:\/\/covasna45.ro\/wp-content\/uploads\/2023\/03\/Carduri-alimente.jpg","keywords":["Alimente","UE"],"articleSection":["Lumea noastr\u0103"],"inLanguage":"ro-RO","potentialAction":[{"@type":"CommentAction","name":"Comment","target":["https:\/\/covasna45.ro\/index.php\/lumea-noastra\/pachetele-cu-alimente-finantate-de-ue-vor-fi-distribuite-in-saptamana-mare\/#respond"]}]},{"@type":"WebPage","@id":"https:\/\/covasna45.ro\/index.php\/lumea-noastra\/pachetele-cu-alimente-finantate-de-ue-vor-fi-distribuite-in-saptamana-mare\/","url":"https:\/\/covasna45.ro\/index.php\/lumea-noastra\/pachetele-cu-alimente-finantate-de-ue-vor-fi-distribuite-in-saptamana-mare\/","name":"Pachetele cu alimente finan\u021bate de UE vor fi distribuite \u00een S\u0103pt\u0103m\u00e2na Mare - Covasna45","isPartOf":{"@id":"https:\/\/covasna45.ro\/#website"},"primaryImageOfPage":{"@id":"https:\/\/covasna45.ro\/index.php\/lumea-noastra\/pachetele-cu-alimente-finantate-de-ue-vor-fi-distribuite-in-saptamana-mare\/#primaryimage"},"image":{"@id":"https:\/\/covasna45.ro\/index.php\/lumea-noastra\/pachetele-cu-alimente-finantate-de-ue-vor-fi-distribuite-in-saptamana-mare\/#primaryimage"},"thumbnailUrl":"https:\/\/covasna45.ro\/wp-content\/uploads\/2023\/03\/Carduri-alimente.jpg","datePublished":"2023-03-27T08:13:13+00:00","dateModified":"2023-03-27T08:13:14+00:00","description":"Cea de-a \u0219asea tran\u0219\u0103 de pachete alimentare finan\u021bate din fonduri europene va fi distribuit\u0103 \u00eencep\u00e2nd de joi.","breadcrumb":{"@id":"https:\/\/covasna45.ro\/index.php\/lumea-noastra\/pachetele-cu-alimente-finantate-de-ue-vor-fi-distribuite-in-saptamana-mare\/#breadcrumb"},"inLanguage":"ro-RO","potentialAction":[{"@type":"ReadAction","target":["https:\/\/covasna45.ro\/index.php\/lumea-noastra\/pachetele-cu-alimente-finantate-de-ue-vor-fi-distribuite-in-saptamana-mare\/"]}]},{"@type":"ImageObject","inLanguage":"ro-RO","@id":"https:\/\/covasna45.ro\/index.php\/lumea-noastra\/pachetele-cu-alimente-finantate-de-ue-vor-fi-distribuite-in-saptamana-mare\/#primaryimage","url":"https:\/\/covasna45.ro\/wp-content\/uploads\/2023\/03\/Carduri-alimente.jpg","contentUrl":"https:\/\/covasna45.ro\/wp-content\/uploads\/2023\/03\/Carduri-alimente.jpg","width":780,"height":440},{"@type":"BreadcrumbList","@id":"https:\/\/covasna45.ro\/index.php\/lumea-noastra\/pachetele-cu-alimente-finantate-de-ue-vor-fi-distribuite-in-saptamana-mare\/#breadcrumb","itemListElement":[{"@type":"ListItem","position":1,"name":"Prima pagin\u0103","item":"https:\/\/covasna45.ro\/"},{"@type":"ListItem","position":2,"name":"Pachetele cu alimente finan\u021bate de UE vor fi distribuite \u00een S\u0103pt\u0103m\u00e2na Mare"}]},{"@type":"WebSite","@id":"https:\/\/covasna45.ro\/#website","url":"https:\/\/covasna45.ro\/","name":"covasna45.ro","description":"","publisher":{"@id":"https:\/\/covasna45.ro\/#organization"},"potentialAction":[{"@type":"SearchAction","target":{"@type":"EntryPoint","urlTemplate":"https:\/\/covasna45.ro\/?s={search_term_string}"},"query-input":{"@type":"PropertyValueSpecification","valueRequired":true,"valueName":"search_term_string"}}],"inLanguage":"ro-RO"},{"@type":"Organization","@id":"https:\/\/covasna45.ro\/#organization","name":"covasna45.ro","url":"https:\/\/covasna45.ro\/","logo":{"@type":"ImageObject","inLanguage":"ro-RO","@id":"https:\/\/covasna45.ro\/#\/schema\/logo\/image\/","url":"https:\/\/covasna45.ro\/wp-content\/uploads\/2023\/01\/icon_logo.png","contentUrl":"https:\/\/covasna45.ro\/wp-content\/uploads\/2023\/01\/icon_logo.png","width":1900,"height":1900,"caption":"covasna45.ro"},"image":{"@id":"https:\/\/covasna45.ro\/#\/schema\/logo\/image\/"}},{"@type":"Person","@id":"https:\/\/covasna45.ro\/#\/schema\/person\/e674052bd7d95d70bbb007a1060ab73c","name":"Covasna45","image":{"@type":"ImageObject","inLanguage":"ro-RO","@id":"https:\/\/covasna45.ro\/wp-content\/uploads\/2025\/10\/icon_logo_covasna45-150x150.png","url":"https:\/\/covasna45.ro\/wp-content\/uploads\/2025\/10\/icon_logo_covasna45-150x150.png","contentUrl":"https:\/\/covasna45.ro\/wp-content\/uploads\/2025\/10\/icon_logo_covasna45-150x150.png","caption":"Covasna45"},"sameAs":["https:\/\/covasna45.ro"],"url":"https:\/\/covasna45.ro\/index.php\/author\/covasna\/"}]}},"_links":{"self":[{"href":"https:\/\/covasna45.ro\/index.php\/wp-json\/wp\/v2\/posts\/1180","targetHints":{"allow":["GET"]}}],"collection":[{"href":"https:\/\/covasna45.ro\/index.php\/wp-json\/wp\/v2\/posts"}],"about":[{"href":"https:\/\/covasna45.ro\/index.php\/wp-json\/wp\/v2\/types\/post"}],"author":[{"embeddable":true,"href":"https:\/\/covasna45.ro\/index.php\/wp-json\/wp\/v2\/users\/1"}],"replies":[{"embeddable":true,"href":"https:\/\/covasna45.ro\/index.php\/wp-json\/wp\/v2\/comments?post=1180"}],"version-history":[{"count":1,"href":"https:\/\/covasna45.ro\/index.php\/wp-json\/wp\/v2\/posts\/1180\/revisions"}],"predecessor-version":[{"id":1182,"href":"https:\/\/covasna45.ro\/index.php\/wp-json\/wp\/v2\/posts\/1180\/revisions\/1182"}],"wp:featuredmedia":[{"embeddable":true,"href":"https:\/\/covasna45.ro\/index.php\/wp-json\/wp\/v2\/media\/1181"}],"wp:attachment":[{"href":"https:\/\/covasna45.ro\/index.php\/wp-json\/wp\/v2\/media?parent=1180"}],"wp:term":[{"taxonomy":"category","embeddable":true,"href":"https:\/\/covasna45.ro\/index.php\/wp-json\/wp\/v2\/categories?post=1180"},{"taxonomy":"post_tag","embeddable":true,"href":"https:\/\/covasna45.ro\/index.php\/wp-json\/wp\/v2\/tags?post=1180"}],"curies":[{"name":"wp","href":"https:\/\/api.w.org\/{rel}","templated":true}]}}