{"id":12217,"date":"2025-07-22T13:37:37","date_gmt":"2025-07-22T11:37:37","guid":{"rendered":"https:\/\/covasna45.ro\/?p=12217"},"modified":"2025-07-22T13:37:39","modified_gmt":"2025-07-22T11:37:39","slug":"covasneanul-razvan-poteica-locul-i-la-etapa-a-4-a-de-drift-street-open","status":"publish","type":"post","link":"https:\/\/covasna45.ro\/index.php\/sport\/covasneanul-razvan-poteica-locul-i-la-etapa-a-4-a-de-drift-street-open\/","title":{"rendered":"Cov\u0103sneanul R\u0103zvan Poteic\u0103, locul I la etapa a 4-a de drift &#8211; Street Open"},"content":{"rendered":"\n<p>T\u00e2n\u0103rul cov\u0103snean R\u0103zvan Poteic\u0103 s-a clasat pe primul loc la etapa a 4-a de drift, organizat\u0103 la Mure\u0219, pe Transilvania Motor Ring. El a concurat la categoria Street Open \u0219i a impresionat pe toat\u0103 lumea. Dac\u0103 o \u021bine tot a\u0219a, la finalul celor 6 etape va trece la categoria urm\u0103toare \u2013 Semi Pro, urm\u00e2nd ca, pe viitor, s\u0103 \u021binteas\u0103 spre \u201ePro\u201d.<\/p>\n\n\n\n<figure class=\"wp-block-image size-large\"><img loading=\"lazy\" decoding=\"async\" width=\"1024\" height=\"768\" src=\"https:\/\/covasna45.ro\/wp-content\/uploads\/2025\/07\/rp-dms-1024x768.jpeg\" alt=\"\" class=\"wp-image-12219\" srcset=\"https:\/\/covasna45.ro\/wp-content\/uploads\/2025\/07\/rp-dms-1024x768.jpeg 1024w, https:\/\/covasna45.ro\/wp-content\/uploads\/2025\/07\/rp-dms-300x225.jpeg 300w, https:\/\/covasna45.ro\/wp-content\/uploads\/2025\/07\/rp-dms-768x576.jpeg 768w, https:\/\/covasna45.ro\/wp-content\/uploads\/2025\/07\/rp-dms-1536x1152.jpeg 1536w, https:\/\/covasna45.ro\/wp-content\/uploads\/2025\/07\/rp-dms-2048x1536.jpeg 2048w, https:\/\/covasna45.ro\/wp-content\/uploads\/2025\/07\/rp-dms-150x113.jpeg 150w, https:\/\/covasna45.ro\/wp-content\/uploads\/2025\/07\/rp-dms-696x522.jpeg 696w, https:\/\/covasna45.ro\/wp-content\/uploads\/2025\/07\/rp-dms-1068x801.jpeg 1068w, https:\/\/covasna45.ro\/wp-content\/uploads\/2025\/07\/rp-dms-1920x1440.jpeg 1920w\" sizes=\"auto, (max-width: 1024px) 100vw, 1024px\" \/><\/figure>\n\n\n\n<p>R\u0103zvan face echip\u0103 cu fratele s\u0103u, Sergiu, fiind am\u00e2ndoi cunoscu\u021bi \u00een lumea \u201ederapajelor controlate\u201d.<\/p>\n\n\n\n<p>Din staff-ul tehnic al celor doi un loc special \u00eel ocup\u0103 tat\u0103l lor, Nicu Poteic\u0103, de\u021bin\u0103torul unui service auto \u00een ora\u0219ul Covasna. De altfel, firma familiei, Mini Service, sus\u021bine pasiunea celor doi juniori. <\/p>\n\n\n\n<figure class=\"wp-block-image size-large\"><img loading=\"lazy\" decoding=\"async\" width=\"768\" height=\"1024\" src=\"https:\/\/covasna45.ro\/wp-content\/uploads\/2025\/02\/fratii-p-768x1024.jpeg\" alt=\"\" class=\"wp-image-9798\" srcset=\"https:\/\/covasna45.ro\/wp-content\/uploads\/2025\/02\/fratii-p-768x1024.jpeg 768w, https:\/\/covasna45.ro\/wp-content\/uploads\/2025\/02\/fratii-p-225x300.jpeg 225w, https:\/\/covasna45.ro\/wp-content\/uploads\/2025\/02\/fratii-p-1152x1536.jpeg 1152w, https:\/\/covasna45.ro\/wp-content\/uploads\/2025\/02\/fratii-p-1536x2048.jpeg 1536w, https:\/\/covasna45.ro\/wp-content\/uploads\/2025\/02\/fratii-p-150x200.jpeg 150w, https:\/\/covasna45.ro\/wp-content\/uploads\/2025\/02\/fratii-p-300x400.jpeg 300w, https:\/\/covasna45.ro\/wp-content\/uploads\/2025\/02\/fratii-p-696x928.jpeg 696w, https:\/\/covasna45.ro\/wp-content\/uploads\/2025\/02\/fratii-p-1068x1424.jpeg 1068w, https:\/\/covasna45.ro\/wp-content\/uploads\/2025\/02\/fratii-p-scaled.jpeg 1920w\" sizes=\"auto, (max-width: 768px) 100vw, 768px\" \/><\/figure>\n\n\n\n<p>O pasiune deloc ieftin\u0103. La r\u00e2ndul lor, muncesc pentru asta. Sunt am\u00e2ndoi ingineri mecanici \u0219i cunosc motoarele ma\u0219inilor dup\u0103 sunet, nici nu e nevoie s\u0103 le vad\u0103. Am mai scris despre ei, <a href=\"https:\/\/covasna45.ro\/index.php\/lumea-noastra\/dr-drift-din-covasna-sergiu-si-pasiunea-pentru-derapajul-controlat\/\">AICI<\/a>.<\/p>\n\n\n\n<figure class=\"wp-block-image size-large\"><img loading=\"lazy\" decoding=\"async\" width=\"1024\" height=\"768\" src=\"https:\/\/covasna45.ro\/wp-content\/uploads\/2025\/07\/razva-drift-1024x768.jpeg\" alt=\"\" class=\"wp-image-12220\" srcset=\"https:\/\/covasna45.ro\/wp-content\/uploads\/2025\/07\/razva-drift-1024x768.jpeg 1024w, https:\/\/covasna45.ro\/wp-content\/uploads\/2025\/07\/razva-drift-300x225.jpeg 300w, https:\/\/covasna45.ro\/wp-content\/uploads\/2025\/07\/razva-drift-768x576.jpeg 768w, https:\/\/covasna45.ro\/wp-content\/uploads\/2025\/07\/razva-drift-1536x1152.jpeg 1536w, https:\/\/covasna45.ro\/wp-content\/uploads\/2025\/07\/razva-drift-2048x1536.jpeg 2048w, https:\/\/covasna45.ro\/wp-content\/uploads\/2025\/07\/razva-drift-150x113.jpeg 150w, https:\/\/covasna45.ro\/wp-content\/uploads\/2025\/07\/razva-drift-696x522.jpeg 696w, https:\/\/covasna45.ro\/wp-content\/uploads\/2025\/07\/razva-drift-1068x801.jpeg 1068w, https:\/\/covasna45.ro\/wp-content\/uploads\/2025\/07\/razva-drift-1920x1440.jpeg 1920w\" sizes=\"auto, (max-width: 1024px) 100vw, 1024px\" \/><\/figure>\n\n\n\n<p>Ne bucur\u0103m de succesul lui R\u0103zvan din aceast\u0103 etap\u0103 \u0219i \u00eei \u021binem pumnii \u0219i la urm\u0103toarele. Prima va fi la Bucure\u0219ti, \u00een fa\u021ba Arenei Na\u021bionale. Va fi, sper\u0103m, \u00eenc\u0103 un pas spre Semi Pro.<\/p>\n\n\n\n<p>Kiss the wall, R\u0103zvan!<\/p>\n\n\n\n<figure class=\"wp-block-video\"><video height=\"1280\" style=\"aspect-ratio: 720 \/ 1280;\" width=\"720\" controls src=\"https:\/\/covasna45.ro\/wp-content\/uploads\/2025\/07\/WhatsApp-Video-2025-07-22-at-13.38.11.mp4\"><\/video><\/figure>\n","protected":false},"excerpt":{"rendered":"<p>T\u00e2n\u0103rul cov\u0103snean R\u0103zvan Poteic\u0103 s-a clasat pe primul loc la etapa a 4-a de drift, organizat\u0103 la Mure\u0219, pe Transilvania Motor Ring. El a concurat la categoria Street Open \u0219i a impresionat pe toat\u0103 lumea. Dac\u0103 o \u021bine tot a\u0219a, la finalul celor 6 etape va trece la categoria urm\u0103toare \u2013 Semi Pro, urm\u00e2nd ca, [&hellip;]<\/p>\n","protected":false},"author":1,"featured_media":12218,"comment_status":"open","ping_status":"closed","sticky":false,"template":"","format":"standard","meta":{"tdm_status":"","tdm_grid_status":"","footnotes":""},"categories":[17],"tags":[3781,3338],"class_list":{"0":"post-12217","1":"post","2":"type-post","3":"status-publish","4":"format-standard","5":"has-post-thumbnail","7":"category-sport","8":"tag-razvan-poteica","9":"tag-ro-drift"},"yoast_head":"<!-- This site is optimized with the Yoast SEO plugin v27.5 - https:\/\/yoast.com\/product\/yoast-seo-wordpress\/ -->\n<title>Cov\u0103sneanul R\u0103zvan Poteic\u0103, locul I la etapa a 4-a de drift - Street Open - Covasna45<\/title>\n<meta name=\"description\" content=\"T\u00e2n\u0103rul cov\u0103snean R\u0103zvan Poteic\u0103 s-a clasat pe primul loc la etapa a 4-a de drift, organizat\u0103 la Mure\u0219.\" \/>\n<meta name=\"robots\" content=\"index, follow, max-snippet:-1, max-image-preview:large, max-video-preview:-1\" \/>\n<link rel=\"canonical\" href=\"https:\/\/covasna45.ro\/index.php\/sport\/covasneanul-razvan-poteica-locul-i-la-etapa-a-4-a-de-drift-street-open\/\" \/>\n<meta property=\"og:locale\" content=\"ro_RO\" \/>\n<meta property=\"og:type\" content=\"article\" \/>\n<meta property=\"og:title\" content=\"Cov\u0103sneanul R\u0103zvan Poteic\u0103, locul I la etapa a 4-a de drift - Street Open - Covasna45\" \/>\n<meta property=\"og:description\" content=\"T\u00e2n\u0103rul cov\u0103snean R\u0103zvan Poteic\u0103 s-a clasat pe primul loc la etapa a 4-a de drift, organizat\u0103 la Mure\u0219.\" \/>\n<meta property=\"og:url\" content=\"https:\/\/covasna45.ro\/index.php\/sport\/covasneanul-razvan-poteica-locul-i-la-etapa-a-4-a-de-drift-street-open\/\" \/>\n<meta property=\"og:site_name\" content=\"Covasna45\" \/>\n<meta property=\"article:published_time\" content=\"2025-07-22T11:37:37+00:00\" \/>\n<meta property=\"article:modified_time\" content=\"2025-07-22T11:37:39+00:00\" \/>\n<meta property=\"og:image\" content=\"https:\/\/covasna45.ro\/wp-content\/uploads\/2025\/07\/rp-drift-scaled.jpeg\" \/>\n\t<meta property=\"og:image:width\" content=\"2560\" \/>\n\t<meta property=\"og:image:height\" content=\"1920\" \/>\n\t<meta property=\"og:image:type\" content=\"image\/jpeg\" \/>\n<meta name=\"author\" content=\"Covasna45\" \/>\n<meta name=\"twitter:card\" content=\"summary_large_image\" \/>\n<meta name=\"twitter:label1\" content=\"Scris de\" \/>\n\t<meta name=\"twitter:data1\" content=\"Covasna45\" \/>\n\t<meta name=\"twitter:label2\" content=\"Timp estimat pentru citire\" \/>\n\t<meta name=\"twitter:data2\" content=\"2 minute\" \/>\n<script type=\"application\/ld+json\" class=\"yoast-schema-graph\">{\"@context\":\"https:\\\/\\\/schema.org\",\"@graph\":[{\"@type\":\"Article\",\"@id\":\"https:\\\/\\\/covasna45.ro\\\/index.php\\\/sport\\\/covasneanul-razvan-poteica-locul-i-la-etapa-a-4-a-de-drift-street-open\\\/#article\",\"isPartOf\":{\"@id\":\"https:\\\/\\\/covasna45.ro\\\/index.php\\\/sport\\\/covasneanul-razvan-poteica-locul-i-la-etapa-a-4-a-de-drift-street-open\\\/\"},\"author\":{\"name\":\"Covasna45\",\"@id\":\"https:\\\/\\\/covasna45.ro\\\/#\\\/schema\\\/person\\\/e674052bd7d95d70bbb007a1060ab73c\"},\"headline\":\"Cov\u0103sneanul R\u0103zvan Poteic\u0103, locul I la etapa a 4-a de drift &#8211; Street Open\",\"datePublished\":\"2025-07-22T11:37:37+00:00\",\"dateModified\":\"2025-07-22T11:37:39+00:00\",\"mainEntityOfPage\":{\"@id\":\"https:\\\/\\\/covasna45.ro\\\/index.php\\\/sport\\\/covasneanul-razvan-poteica-locul-i-la-etapa-a-4-a-de-drift-street-open\\\/\"},\"wordCount\":220,\"commentCount\":0,\"publisher\":{\"@id\":\"https:\\\/\\\/covasna45.ro\\\/#organization\"},\"image\":{\"@id\":\"https:\\\/\\\/covasna45.ro\\\/index.php\\\/sport\\\/covasneanul-razvan-poteica-locul-i-la-etapa-a-4-a-de-drift-street-open\\\/#primaryimage\"},\"thumbnailUrl\":\"https:\\\/\\\/covasna45.ro\\\/wp-content\\\/uploads\\\/2025\\\/07\\\/rp-drift-scaled.jpeg\",\"keywords\":[\"Razvan Poteica\",\"ro drift\"],\"articleSection\":[\"Sport\"],\"inLanguage\":\"ro-RO\",\"potentialAction\":[{\"@type\":\"CommentAction\",\"name\":\"Comment\",\"target\":[\"https:\\\/\\\/covasna45.ro\\\/index.php\\\/sport\\\/covasneanul-razvan-poteica-locul-i-la-etapa-a-4-a-de-drift-street-open\\\/#respond\"]}]},{\"@type\":\"WebPage\",\"@id\":\"https:\\\/\\\/covasna45.ro\\\/index.php\\\/sport\\\/covasneanul-razvan-poteica-locul-i-la-etapa-a-4-a-de-drift-street-open\\\/\",\"url\":\"https:\\\/\\\/covasna45.ro\\\/index.php\\\/sport\\\/covasneanul-razvan-poteica-locul-i-la-etapa-a-4-a-de-drift-street-open\\\/\",\"name\":\"Cov\u0103sneanul R\u0103zvan Poteic\u0103, locul I la etapa a 4-a de drift - Street Open - Covasna45\",\"isPartOf\":{\"@id\":\"https:\\\/\\\/covasna45.ro\\\/#website\"},\"primaryImageOfPage\":{\"@id\":\"https:\\\/\\\/covasna45.ro\\\/index.php\\\/sport\\\/covasneanul-razvan-poteica-locul-i-la-etapa-a-4-a-de-drift-street-open\\\/#primaryimage\"},\"image\":{\"@id\":\"https:\\\/\\\/covasna45.ro\\\/index.php\\\/sport\\\/covasneanul-razvan-poteica-locul-i-la-etapa-a-4-a-de-drift-street-open\\\/#primaryimage\"},\"thumbnailUrl\":\"https:\\\/\\\/covasna45.ro\\\/wp-content\\\/uploads\\\/2025\\\/07\\\/rp-drift-scaled.jpeg\",\"datePublished\":\"2025-07-22T11:37:37+00:00\",\"dateModified\":\"2025-07-22T11:37:39+00:00\",\"description\":\"T\u00e2n\u0103rul cov\u0103snean R\u0103zvan Poteic\u0103 s-a clasat pe primul loc la etapa a 4-a de drift, organizat\u0103 la Mure\u0219.\",\"breadcrumb\":{\"@id\":\"https:\\\/\\\/covasna45.ro\\\/index.php\\\/sport\\\/covasneanul-razvan-poteica-locul-i-la-etapa-a-4-a-de-drift-street-open\\\/#breadcrumb\"},\"inLanguage\":\"ro-RO\",\"potentialAction\":[{\"@type\":\"ReadAction\",\"target\":[\"https:\\\/\\\/covasna45.ro\\\/index.php\\\/sport\\\/covasneanul-razvan-poteica-locul-i-la-etapa-a-4-a-de-drift-street-open\\\/\"]}]},{\"@type\":\"ImageObject\",\"inLanguage\":\"ro-RO\",\"@id\":\"https:\\\/\\\/covasna45.ro\\\/index.php\\\/sport\\\/covasneanul-razvan-poteica-locul-i-la-etapa-a-4-a-de-drift-street-open\\\/#primaryimage\",\"url\":\"https:\\\/\\\/covasna45.ro\\\/wp-content\\\/uploads\\\/2025\\\/07\\\/rp-drift-scaled.jpeg\",\"contentUrl\":\"https:\\\/\\\/covasna45.ro\\\/wp-content\\\/uploads\\\/2025\\\/07\\\/rp-drift-scaled.jpeg\",\"width\":2560,\"height\":1920},{\"@type\":\"BreadcrumbList\",\"@id\":\"https:\\\/\\\/covasna45.ro\\\/index.php\\\/sport\\\/covasneanul-razvan-poteica-locul-i-la-etapa-a-4-a-de-drift-street-open\\\/#breadcrumb\",\"itemListElement\":[{\"@type\":\"ListItem\",\"position\":1,\"name\":\"Prima pagin\u0103\",\"item\":\"https:\\\/\\\/covasna45.ro\\\/\"},{\"@type\":\"ListItem\",\"position\":2,\"name\":\"Cov\u0103sneanul R\u0103zvan Poteic\u0103, locul I la etapa a 4-a de drift &#8211; Street Open\"}]},{\"@type\":\"WebSite\",\"@id\":\"https:\\\/\\\/covasna45.ro\\\/#website\",\"url\":\"https:\\\/\\\/covasna45.ro\\\/\",\"name\":\"covasna45.ro\",\"description\":\"\",\"publisher\":{\"@id\":\"https:\\\/\\\/covasna45.ro\\\/#organization\"},\"potentialAction\":[{\"@type\":\"SearchAction\",\"target\":{\"@type\":\"EntryPoint\",\"urlTemplate\":\"https:\\\/\\\/covasna45.ro\\\/?s={search_term_string}\"},\"query-input\":{\"@type\":\"PropertyValueSpecification\",\"valueRequired\":true,\"valueName\":\"search_term_string\"}}],\"inLanguage\":\"ro-RO\"},{\"@type\":\"Organization\",\"@id\":\"https:\\\/\\\/covasna45.ro\\\/#organization\",\"name\":\"covasna45.ro\",\"url\":\"https:\\\/\\\/covasna45.ro\\\/\",\"logo\":{\"@type\":\"ImageObject\",\"inLanguage\":\"ro-RO\",\"@id\":\"https:\\\/\\\/covasna45.ro\\\/#\\\/schema\\\/logo\\\/image\\\/\",\"url\":\"https:\\\/\\\/covasna45.ro\\\/wp-content\\\/uploads\\\/2023\\\/01\\\/icon_logo.png\",\"contentUrl\":\"https:\\\/\\\/covasna45.ro\\\/wp-content\\\/uploads\\\/2023\\\/01\\\/icon_logo.png\",\"width\":1900,\"height\":1900,\"caption\":\"covasna45.ro\"},\"image\":{\"@id\":\"https:\\\/\\\/covasna45.ro\\\/#\\\/schema\\\/logo\\\/image\\\/\"}},{\"@type\":\"Person\",\"@id\":\"https:\\\/\\\/covasna45.ro\\\/#\\\/schema\\\/person\\\/e674052bd7d95d70bbb007a1060ab73c\",\"name\":\"Covasna45\",\"image\":{\"@type\":\"ImageObject\",\"inLanguage\":\"ro-RO\",\"@id\":\"https:\\\/\\\/covasna45.ro\\\/wp-content\\\/uploads\\\/2025\\\/10\\\/icon_logo_covasna45-150x150.png\",\"url\":\"https:\\\/\\\/covasna45.ro\\\/wp-content\\\/uploads\\\/2025\\\/10\\\/icon_logo_covasna45-150x150.png\",\"contentUrl\":\"https:\\\/\\\/covasna45.ro\\\/wp-content\\\/uploads\\\/2025\\\/10\\\/icon_logo_covasna45-150x150.png\",\"caption\":\"Covasna45\"},\"sameAs\":[\"https:\\\/\\\/covasna45.ro\"],\"url\":\"https:\\\/\\\/covasna45.ro\\\/index.php\\\/author\\\/covasna\\\/\"}]}<\/script>\n<!-- \/ Yoast SEO plugin. -->","yoast_head_json":{"title":"Cov\u0103sneanul R\u0103zvan Poteic\u0103, locul I la etapa a 4-a de drift - Street Open - Covasna45","description":"T\u00e2n\u0103rul cov\u0103snean R\u0103zvan Poteic\u0103 s-a clasat pe primul loc la etapa a 4-a de drift, organizat\u0103 la Mure\u0219.","robots":{"index":"index","follow":"follow","max-snippet":"max-snippet:-1","max-image-preview":"max-image-preview:large","max-video-preview":"max-video-preview:-1"},"canonical":"https:\/\/covasna45.ro\/index.php\/sport\/covasneanul-razvan-poteica-locul-i-la-etapa-a-4-a-de-drift-street-open\/","og_locale":"ro_RO","og_type":"article","og_title":"Cov\u0103sneanul R\u0103zvan Poteic\u0103, locul I la etapa a 4-a de drift - Street Open - Covasna45","og_description":"T\u00e2n\u0103rul cov\u0103snean R\u0103zvan Poteic\u0103 s-a clasat pe primul loc la etapa a 4-a de drift, organizat\u0103 la Mure\u0219.","og_url":"https:\/\/covasna45.ro\/index.php\/sport\/covasneanul-razvan-poteica-locul-i-la-etapa-a-4-a-de-drift-street-open\/","og_site_name":"Covasna45","article_published_time":"2025-07-22T11:37:37+00:00","article_modified_time":"2025-07-22T11:37:39+00:00","og_image":[{"width":2560,"height":1920,"url":"https:\/\/covasna45.ro\/wp-content\/uploads\/2025\/07\/rp-drift-scaled.jpeg","type":"image\/jpeg"}],"author":"Covasna45","twitter_card":"summary_large_image","twitter_misc":{"Scris de":"Covasna45","Timp estimat pentru citire":"2 minute"},"schema":{"@context":"https:\/\/schema.org","@graph":[{"@type":"Article","@id":"https:\/\/covasna45.ro\/index.php\/sport\/covasneanul-razvan-poteica-locul-i-la-etapa-a-4-a-de-drift-street-open\/#article","isPartOf":{"@id":"https:\/\/covasna45.ro\/index.php\/sport\/covasneanul-razvan-poteica-locul-i-la-etapa-a-4-a-de-drift-street-open\/"},"author":{"name":"Covasna45","@id":"https:\/\/covasna45.ro\/#\/schema\/person\/e674052bd7d95d70bbb007a1060ab73c"},"headline":"Cov\u0103sneanul R\u0103zvan Poteic\u0103, locul I la etapa a 4-a de drift &#8211; Street Open","datePublished":"2025-07-22T11:37:37+00:00","dateModified":"2025-07-22T11:37:39+00:00","mainEntityOfPage":{"@id":"https:\/\/covasna45.ro\/index.php\/sport\/covasneanul-razvan-poteica-locul-i-la-etapa-a-4-a-de-drift-street-open\/"},"wordCount":220,"commentCount":0,"publisher":{"@id":"https:\/\/covasna45.ro\/#organization"},"image":{"@id":"https:\/\/covasna45.ro\/index.php\/sport\/covasneanul-razvan-poteica-locul-i-la-etapa-a-4-a-de-drift-street-open\/#primaryimage"},"thumbnailUrl":"https:\/\/covasna45.ro\/wp-content\/uploads\/2025\/07\/rp-drift-scaled.jpeg","keywords":["Razvan Poteica","ro drift"],"articleSection":["Sport"],"inLanguage":"ro-RO","potentialAction":[{"@type":"CommentAction","name":"Comment","target":["https:\/\/covasna45.ro\/index.php\/sport\/covasneanul-razvan-poteica-locul-i-la-etapa-a-4-a-de-drift-street-open\/#respond"]}]},{"@type":"WebPage","@id":"https:\/\/covasna45.ro\/index.php\/sport\/covasneanul-razvan-poteica-locul-i-la-etapa-a-4-a-de-drift-street-open\/","url":"https:\/\/covasna45.ro\/index.php\/sport\/covasneanul-razvan-poteica-locul-i-la-etapa-a-4-a-de-drift-street-open\/","name":"Cov\u0103sneanul R\u0103zvan Poteic\u0103, locul I la etapa a 4-a de drift - Street Open - Covasna45","isPartOf":{"@id":"https:\/\/covasna45.ro\/#website"},"primaryImageOfPage":{"@id":"https:\/\/covasna45.ro\/index.php\/sport\/covasneanul-razvan-poteica-locul-i-la-etapa-a-4-a-de-drift-street-open\/#primaryimage"},"image":{"@id":"https:\/\/covasna45.ro\/index.php\/sport\/covasneanul-razvan-poteica-locul-i-la-etapa-a-4-a-de-drift-street-open\/#primaryimage"},"thumbnailUrl":"https:\/\/covasna45.ro\/wp-content\/uploads\/2025\/07\/rp-drift-scaled.jpeg","datePublished":"2025-07-22T11:37:37+00:00","dateModified":"2025-07-22T11:37:39+00:00","description":"T\u00e2n\u0103rul cov\u0103snean R\u0103zvan Poteic\u0103 s-a clasat pe primul loc la etapa a 4-a de drift, organizat\u0103 la Mure\u0219.","breadcrumb":{"@id":"https:\/\/covasna45.ro\/index.php\/sport\/covasneanul-razvan-poteica-locul-i-la-etapa-a-4-a-de-drift-street-open\/#breadcrumb"},"inLanguage":"ro-RO","potentialAction":[{"@type":"ReadAction","target":["https:\/\/covasna45.ro\/index.php\/sport\/covasneanul-razvan-poteica-locul-i-la-etapa-a-4-a-de-drift-street-open\/"]}]},{"@type":"ImageObject","inLanguage":"ro-RO","@id":"https:\/\/covasna45.ro\/index.php\/sport\/covasneanul-razvan-poteica-locul-i-la-etapa-a-4-a-de-drift-street-open\/#primaryimage","url":"https:\/\/covasna45.ro\/wp-content\/uploads\/2025\/07\/rp-drift-scaled.jpeg","contentUrl":"https:\/\/covasna45.ro\/wp-content\/uploads\/2025\/07\/rp-drift-scaled.jpeg","width":2560,"height":1920},{"@type":"BreadcrumbList","@id":"https:\/\/covasna45.ro\/index.php\/sport\/covasneanul-razvan-poteica-locul-i-la-etapa-a-4-a-de-drift-street-open\/#breadcrumb","itemListElement":[{"@type":"ListItem","position":1,"name":"Prima pagin\u0103","item":"https:\/\/covasna45.ro\/"},{"@type":"ListItem","position":2,"name":"Cov\u0103sneanul R\u0103zvan Poteic\u0103, locul I la etapa a 4-a de drift &#8211; Street Open"}]},{"@type":"WebSite","@id":"https:\/\/covasna45.ro\/#website","url":"https:\/\/covasna45.ro\/","name":"covasna45.ro","description":"","publisher":{"@id":"https:\/\/covasna45.ro\/#organization"},"potentialAction":[{"@type":"SearchAction","target":{"@type":"EntryPoint","urlTemplate":"https:\/\/covasna45.ro\/?s={search_term_string}"},"query-input":{"@type":"PropertyValueSpecification","valueRequired":true,"valueName":"search_term_string"}}],"inLanguage":"ro-RO"},{"@type":"Organization","@id":"https:\/\/covasna45.ro\/#organization","name":"covasna45.ro","url":"https:\/\/covasna45.ro\/","logo":{"@type":"ImageObject","inLanguage":"ro-RO","@id":"https:\/\/covasna45.ro\/#\/schema\/logo\/image\/","url":"https:\/\/covasna45.ro\/wp-content\/uploads\/2023\/01\/icon_logo.png","contentUrl":"https:\/\/covasna45.ro\/wp-content\/uploads\/2023\/01\/icon_logo.png","width":1900,"height":1900,"caption":"covasna45.ro"},"image":{"@id":"https:\/\/covasna45.ro\/#\/schema\/logo\/image\/"}},{"@type":"Person","@id":"https:\/\/covasna45.ro\/#\/schema\/person\/e674052bd7d95d70bbb007a1060ab73c","name":"Covasna45","image":{"@type":"ImageObject","inLanguage":"ro-RO","@id":"https:\/\/covasna45.ro\/wp-content\/uploads\/2025\/10\/icon_logo_covasna45-150x150.png","url":"https:\/\/covasna45.ro\/wp-content\/uploads\/2025\/10\/icon_logo_covasna45-150x150.png","contentUrl":"https:\/\/covasna45.ro\/wp-content\/uploads\/2025\/10\/icon_logo_covasna45-150x150.png","caption":"Covasna45"},"sameAs":["https:\/\/covasna45.ro"],"url":"https:\/\/covasna45.ro\/index.php\/author\/covasna\/"}]}},"_links":{"self":[{"href":"https:\/\/covasna45.ro\/index.php\/wp-json\/wp\/v2\/posts\/12217","targetHints":{"allow":["GET"]}}],"collection":[{"href":"https:\/\/covasna45.ro\/index.php\/wp-json\/wp\/v2\/posts"}],"about":[{"href":"https:\/\/covasna45.ro\/index.php\/wp-json\/wp\/v2\/types\/post"}],"author":[{"embeddable":true,"href":"https:\/\/covasna45.ro\/index.php\/wp-json\/wp\/v2\/users\/1"}],"replies":[{"embeddable":true,"href":"https:\/\/covasna45.ro\/index.php\/wp-json\/wp\/v2\/comments?post=12217"}],"version-history":[{"count":1,"href":"https:\/\/covasna45.ro\/index.php\/wp-json\/wp\/v2\/posts\/12217\/revisions"}],"predecessor-version":[{"id":12222,"href":"https:\/\/covasna45.ro\/index.php\/wp-json\/wp\/v2\/posts\/12217\/revisions\/12222"}],"wp:featuredmedia":[{"embeddable":true,"href":"https:\/\/covasna45.ro\/index.php\/wp-json\/wp\/v2\/media\/12218"}],"wp:attachment":[{"href":"https:\/\/covasna45.ro\/index.php\/wp-json\/wp\/v2\/media?parent=12217"}],"wp:term":[{"taxonomy":"category","embeddable":true,"href":"https:\/\/covasna45.ro\/index.php\/wp-json\/wp\/v2\/categories?post=12217"},{"taxonomy":"post_tag","embeddable":true,"href":"https:\/\/covasna45.ro\/index.php\/wp-json\/wp\/v2\/tags?post=12217"}],"curies":[{"name":"wp","href":"https:\/\/api.w.org\/{rel}","templated":true}]}}