{"id":12265,"date":"2025-07-25T08:18:54","date_gmt":"2025-07-25T06:18:54","guid":{"rendered":"https:\/\/covasna45.ro\/?p=12265"},"modified":"2025-07-25T08:42:14","modified_gmt":"2025-07-25T06:42:14","slug":"podcast-pozitiv-nedeia-mocaneasca-din-voinestii-covasnei-invitata-flavia-elena-lungu","status":"publish","type":"post","link":"https:\/\/covasna45.ro\/index.php\/pozitiv-cu-tudor-artenie\/podcast-pozitiv-nedeia-mocaneasca-din-voinestii-covasnei-invitata-flavia-elena-lungu\/","title":{"rendered":"Podcast POZITIV. Nedeia Moc\u0103neasc\u0103 din Voine\u0219tii Covasnei. Invitat\u0103: Flavia Elena Lungu"},"content":{"rendered":"\n<p>Un dialog despre S\u00e2ntilia \u2013 Nedeia Moc\u0103neasc\u0103 din Voine\u0219tii Covasnei. Flavia Elena Lungu este printre organizatorii acestei s\u0103rb\u0103tori tradi\u021bionale plin\u0103 de semnifica\u021bii. Pe vremuri, era s\u0103rb\u0103toarea ciobanilor care coborau de la munte pentru c\u00e2teva zile pentru a-\u0219i alege so\u021biile. Pe\u021bitorul \u00eei oferea fetei alese o p\u0103pu\u0219\u0103 de ca\u0219, iar ea, ca r\u0103spuns, \u00eei oferea un buche\u021bel de busuioc. Apoi intrau \u00een hor\u0103. Dup\u0103 Nedeie, ciobanii urcau la munte, iar c\u00e2nd se \u00eentorceau, se f\u0103ceau nun\u021bile. Ast\u0103zi, participan\u021bii recompun obiceiurile de nunt\u0103 specifice zonei&#8230; <\/p>\n\n\n\n<figure class=\"wp-block-embed is-type-video is-provider-youtube wp-block-embed-youtube wp-embed-aspect-16-9 wp-has-aspect-ratio\"><div class=\"wp-block-embed__wrapper\">\n<div class=\"youtube-embed\" data-video_id=\"SLfRg96HwyY\"><iframe loading=\"lazy\" title=\"S\u00e2ntilia \u2013 Nedeia Moc\u0103neasc\u0103 din Voine\u0219tii Covasnei. Invitat\u0103: Flavia Elena Lungu\" width=\"696\" height=\"392\" src=\"https:\/\/www.youtube.com\/embed\/SLfRg96HwyY?feature=oembed&#038;enablejsapi=1\" frameborder=\"0\" allow=\"accelerometer; autoplay; clipboard-write; encrypted-media; gyroscope; picture-in-picture; web-share\" referrerpolicy=\"strict-origin-when-cross-origin\" allowfullscreen><\/iframe><\/div>\n<\/div><\/figure>\n","protected":false},"excerpt":{"rendered":"<p>Un dialog despre S\u00e2ntilia \u2013 Nedeia Moc\u0103neasc\u0103 din Voine\u0219tii Covasnei. Flavia Elena Lungu este printre organizatorii acestei s\u0103rb\u0103tori tradi\u021bionale plin\u0103 de semnifica\u021bii. Pe vremuri, era s\u0103rb\u0103toarea ciobanilor care coborau de la munte pentru c\u00e2teva zile pentru a-\u0219i alege so\u021biile. Pe\u021bitorul \u00eei oferea fetei alese o p\u0103pu\u0219\u0103 de ca\u0219, iar ea, ca r\u0103spuns, \u00eei oferea un [&hellip;]<\/p>\n","protected":false},"author":1,"featured_media":12266,"comment_status":"open","ping_status":"closed","sticky":false,"template":"","format":"standard","meta":{"tdm_status":"","tdm_grid_status":"","footnotes":""},"categories":[20],"tags":[21,1222,3788,1221],"class_list":{"0":"post-12265","1":"post","2":"type-post","3":"status-publish","4":"format-standard","5":"has-post-thumbnail","7":"category-pozitiv-cu-tudor-artenie","8":"tag-covasna","9":"tag-nedeia-mocaneasca","10":"tag-santilia-2","11":"tag-voinesti"},"yoast_head":"<!-- This site is optimized with the Yoast SEO plugin v27.5 - https:\/\/yoast.com\/product\/yoast-seo-wordpress\/ -->\n<title>Podcast POZITIV. Nedeia Moc\u0103neasc\u0103 din Voine\u0219tii Covasnei. Invitat\u0103: Flavia Elena Lungu - Covasna45<\/title>\n<meta name=\"description\" content=\"Un dialog despre S\u00e2ntilia \u2013 Nedeia Moc\u0103neasc\u0103 din Voine\u0219tii Covasnei. Flavia Elena Lungu este printre organizatori\" \/>\n<meta name=\"robots\" content=\"index, follow, max-snippet:-1, max-image-preview:large, max-video-preview:-1\" \/>\n<link rel=\"canonical\" href=\"https:\/\/covasna45.ro\/index.php\/pozitiv-cu-tudor-artenie\/podcast-pozitiv-nedeia-mocaneasca-din-voinestii-covasnei-invitata-flavia-elena-lungu\/\" \/>\n<meta property=\"og:locale\" content=\"ro_RO\" \/>\n<meta property=\"og:type\" content=\"article\" \/>\n<meta property=\"og:title\" content=\"Podcast POZITIV. Nedeia Moc\u0103neasc\u0103 din Voine\u0219tii Covasnei. Invitat\u0103: Flavia Elena Lungu - Covasna45\" \/>\n<meta property=\"og:description\" content=\"Un dialog despre S\u00e2ntilia \u2013 Nedeia Moc\u0103neasc\u0103 din Voine\u0219tii Covasnei. Flavia Elena Lungu este printre organizatori\" \/>\n<meta property=\"og:url\" content=\"https:\/\/covasna45.ro\/index.php\/pozitiv-cu-tudor-artenie\/podcast-pozitiv-nedeia-mocaneasca-din-voinestii-covasnei-invitata-flavia-elena-lungu\/\" \/>\n<meta property=\"og:site_name\" content=\"Covasna45\" \/>\n<meta property=\"article:published_time\" content=\"2025-07-25T06:18:54+00:00\" \/>\n<meta property=\"article:modified_time\" content=\"2025-07-25T06:42:14+00:00\" \/>\n<meta property=\"og:image\" content=\"https:\/\/covasna45.ro\/wp-content\/uploads\/2025\/07\/l.jpg\" \/>\n\t<meta property=\"og:image:width\" content=\"1083\" \/>\n\t<meta property=\"og:image:height\" content=\"551\" \/>\n\t<meta property=\"og:image:type\" content=\"image\/jpeg\" \/>\n<meta name=\"author\" content=\"Covasna45\" \/>\n<meta name=\"twitter:card\" content=\"summary_large_image\" \/>\n<meta name=\"twitter:label1\" content=\"Scris de\" \/>\n\t<meta name=\"twitter:data1\" content=\"Covasna45\" \/>\n\t<meta name=\"twitter:label2\" content=\"Timp estimat pentru citire\" \/>\n\t<meta name=\"twitter:data2\" content=\"1 minut\" \/>\n<script type=\"application\/ld+json\" class=\"yoast-schema-graph\">{\"@context\":\"https:\\\/\\\/schema.org\",\"@graph\":[{\"@type\":\"Article\",\"@id\":\"https:\\\/\\\/covasna45.ro\\\/index.php\\\/pozitiv-cu-tudor-artenie\\\/podcast-pozitiv-nedeia-mocaneasca-din-voinestii-covasnei-invitata-flavia-elena-lungu\\\/#article\",\"isPartOf\":{\"@id\":\"https:\\\/\\\/covasna45.ro\\\/index.php\\\/pozitiv-cu-tudor-artenie\\\/podcast-pozitiv-nedeia-mocaneasca-din-voinestii-covasnei-invitata-flavia-elena-lungu\\\/\"},\"author\":{\"name\":\"Covasna45\",\"@id\":\"https:\\\/\\\/covasna45.ro\\\/#\\\/schema\\\/person\\\/e674052bd7d95d70bbb007a1060ab73c\"},\"headline\":\"Podcast POZITIV. Nedeia Moc\u0103neasc\u0103 din Voine\u0219tii Covasnei. Invitat\u0103: Flavia Elena Lungu\",\"datePublished\":\"2025-07-25T06:18:54+00:00\",\"dateModified\":\"2025-07-25T06:42:14+00:00\",\"mainEntityOfPage\":{\"@id\":\"https:\\\/\\\/covasna45.ro\\\/index.php\\\/pozitiv-cu-tudor-artenie\\\/podcast-pozitiv-nedeia-mocaneasca-din-voinestii-covasnei-invitata-flavia-elena-lungu\\\/\"},\"wordCount\":124,\"commentCount\":0,\"publisher\":{\"@id\":\"https:\\\/\\\/covasna45.ro\\\/#organization\"},\"image\":{\"@id\":\"https:\\\/\\\/covasna45.ro\\\/index.php\\\/pozitiv-cu-tudor-artenie\\\/podcast-pozitiv-nedeia-mocaneasca-din-voinestii-covasnei-invitata-flavia-elena-lungu\\\/#primaryimage\"},\"thumbnailUrl\":\"https:\\\/\\\/covasna45.ro\\\/wp-content\\\/uploads\\\/2025\\\/07\\\/l.jpg\",\"keywords\":[\"covasna\",\"Nedeia Moc\u0103neasc\u0103\",\"S\u00e2ntilia\",\"Voine\u0219ti\"],\"articleSection\":[\"\u201ePozitiv\u201d cu Tudor Artenie\"],\"inLanguage\":\"ro-RO\",\"potentialAction\":[{\"@type\":\"CommentAction\",\"name\":\"Comment\",\"target\":[\"https:\\\/\\\/covasna45.ro\\\/index.php\\\/pozitiv-cu-tudor-artenie\\\/podcast-pozitiv-nedeia-mocaneasca-din-voinestii-covasnei-invitata-flavia-elena-lungu\\\/#respond\"]}]},{\"@type\":\"WebPage\",\"@id\":\"https:\\\/\\\/covasna45.ro\\\/index.php\\\/pozitiv-cu-tudor-artenie\\\/podcast-pozitiv-nedeia-mocaneasca-din-voinestii-covasnei-invitata-flavia-elena-lungu\\\/\",\"url\":\"https:\\\/\\\/covasna45.ro\\\/index.php\\\/pozitiv-cu-tudor-artenie\\\/podcast-pozitiv-nedeia-mocaneasca-din-voinestii-covasnei-invitata-flavia-elena-lungu\\\/\",\"name\":\"Podcast POZITIV. Nedeia Moc\u0103neasc\u0103 din Voine\u0219tii Covasnei. Invitat\u0103: Flavia Elena Lungu - Covasna45\",\"isPartOf\":{\"@id\":\"https:\\\/\\\/covasna45.ro\\\/#website\"},\"primaryImageOfPage\":{\"@id\":\"https:\\\/\\\/covasna45.ro\\\/index.php\\\/pozitiv-cu-tudor-artenie\\\/podcast-pozitiv-nedeia-mocaneasca-din-voinestii-covasnei-invitata-flavia-elena-lungu\\\/#primaryimage\"},\"image\":{\"@id\":\"https:\\\/\\\/covasna45.ro\\\/index.php\\\/pozitiv-cu-tudor-artenie\\\/podcast-pozitiv-nedeia-mocaneasca-din-voinestii-covasnei-invitata-flavia-elena-lungu\\\/#primaryimage\"},\"thumbnailUrl\":\"https:\\\/\\\/covasna45.ro\\\/wp-content\\\/uploads\\\/2025\\\/07\\\/l.jpg\",\"datePublished\":\"2025-07-25T06:18:54+00:00\",\"dateModified\":\"2025-07-25T06:42:14+00:00\",\"description\":\"Un dialog despre S\u00e2ntilia \u2013 Nedeia Moc\u0103neasc\u0103 din Voine\u0219tii Covasnei. Flavia Elena Lungu este printre organizatori\",\"breadcrumb\":{\"@id\":\"https:\\\/\\\/covasna45.ro\\\/index.php\\\/pozitiv-cu-tudor-artenie\\\/podcast-pozitiv-nedeia-mocaneasca-din-voinestii-covasnei-invitata-flavia-elena-lungu\\\/#breadcrumb\"},\"inLanguage\":\"ro-RO\",\"potentialAction\":[{\"@type\":\"ReadAction\",\"target\":[\"https:\\\/\\\/covasna45.ro\\\/index.php\\\/pozitiv-cu-tudor-artenie\\\/podcast-pozitiv-nedeia-mocaneasca-din-voinestii-covasnei-invitata-flavia-elena-lungu\\\/\"]}]},{\"@type\":\"ImageObject\",\"inLanguage\":\"ro-RO\",\"@id\":\"https:\\\/\\\/covasna45.ro\\\/index.php\\\/pozitiv-cu-tudor-artenie\\\/podcast-pozitiv-nedeia-mocaneasca-din-voinestii-covasnei-invitata-flavia-elena-lungu\\\/#primaryimage\",\"url\":\"https:\\\/\\\/covasna45.ro\\\/wp-content\\\/uploads\\\/2025\\\/07\\\/l.jpg\",\"contentUrl\":\"https:\\\/\\\/covasna45.ro\\\/wp-content\\\/uploads\\\/2025\\\/07\\\/l.jpg\",\"width\":1083,\"height\":551},{\"@type\":\"BreadcrumbList\",\"@id\":\"https:\\\/\\\/covasna45.ro\\\/index.php\\\/pozitiv-cu-tudor-artenie\\\/podcast-pozitiv-nedeia-mocaneasca-din-voinestii-covasnei-invitata-flavia-elena-lungu\\\/#breadcrumb\",\"itemListElement\":[{\"@type\":\"ListItem\",\"position\":1,\"name\":\"Prima pagin\u0103\",\"item\":\"https:\\\/\\\/covasna45.ro\\\/\"},{\"@type\":\"ListItem\",\"position\":2,\"name\":\"Podcast POZITIV. Nedeia Moc\u0103neasc\u0103 din Voine\u0219tii Covasnei. Invitat\u0103: Flavia Elena Lungu\"}]},{\"@type\":\"WebSite\",\"@id\":\"https:\\\/\\\/covasna45.ro\\\/#website\",\"url\":\"https:\\\/\\\/covasna45.ro\\\/\",\"name\":\"covasna45.ro\",\"description\":\"\",\"publisher\":{\"@id\":\"https:\\\/\\\/covasna45.ro\\\/#organization\"},\"potentialAction\":[{\"@type\":\"SearchAction\",\"target\":{\"@type\":\"EntryPoint\",\"urlTemplate\":\"https:\\\/\\\/covasna45.ro\\\/?s={search_term_string}\"},\"query-input\":{\"@type\":\"PropertyValueSpecification\",\"valueRequired\":true,\"valueName\":\"search_term_string\"}}],\"inLanguage\":\"ro-RO\"},{\"@type\":\"Organization\",\"@id\":\"https:\\\/\\\/covasna45.ro\\\/#organization\",\"name\":\"covasna45.ro\",\"url\":\"https:\\\/\\\/covasna45.ro\\\/\",\"logo\":{\"@type\":\"ImageObject\",\"inLanguage\":\"ro-RO\",\"@id\":\"https:\\\/\\\/covasna45.ro\\\/#\\\/schema\\\/logo\\\/image\\\/\",\"url\":\"https:\\\/\\\/covasna45.ro\\\/wp-content\\\/uploads\\\/2023\\\/01\\\/icon_logo.png\",\"contentUrl\":\"https:\\\/\\\/covasna45.ro\\\/wp-content\\\/uploads\\\/2023\\\/01\\\/icon_logo.png\",\"width\":1900,\"height\":1900,\"caption\":\"covasna45.ro\"},\"image\":{\"@id\":\"https:\\\/\\\/covasna45.ro\\\/#\\\/schema\\\/logo\\\/image\\\/\"}},{\"@type\":\"Person\",\"@id\":\"https:\\\/\\\/covasna45.ro\\\/#\\\/schema\\\/person\\\/e674052bd7d95d70bbb007a1060ab73c\",\"name\":\"Covasna45\",\"image\":{\"@type\":\"ImageObject\",\"inLanguage\":\"ro-RO\",\"@id\":\"https:\\\/\\\/covasna45.ro\\\/wp-content\\\/uploads\\\/2025\\\/10\\\/icon_logo_covasna45-150x150.png\",\"url\":\"https:\\\/\\\/covasna45.ro\\\/wp-content\\\/uploads\\\/2025\\\/10\\\/icon_logo_covasna45-150x150.png\",\"contentUrl\":\"https:\\\/\\\/covasna45.ro\\\/wp-content\\\/uploads\\\/2025\\\/10\\\/icon_logo_covasna45-150x150.png\",\"caption\":\"Covasna45\"},\"sameAs\":[\"https:\\\/\\\/covasna45.ro\"],\"url\":\"https:\\\/\\\/covasna45.ro\\\/index.php\\\/author\\\/covasna\\\/\"}]}<\/script>\n<!-- \/ Yoast SEO plugin. -->","yoast_head_json":{"title":"Podcast POZITIV. Nedeia Moc\u0103neasc\u0103 din Voine\u0219tii Covasnei. Invitat\u0103: Flavia Elena Lungu - Covasna45","description":"Un dialog despre S\u00e2ntilia \u2013 Nedeia Moc\u0103neasc\u0103 din Voine\u0219tii Covasnei. Flavia Elena Lungu este printre organizatori","robots":{"index":"index","follow":"follow","max-snippet":"max-snippet:-1","max-image-preview":"max-image-preview:large","max-video-preview":"max-video-preview:-1"},"canonical":"https:\/\/covasna45.ro\/index.php\/pozitiv-cu-tudor-artenie\/podcast-pozitiv-nedeia-mocaneasca-din-voinestii-covasnei-invitata-flavia-elena-lungu\/","og_locale":"ro_RO","og_type":"article","og_title":"Podcast POZITIV. Nedeia Moc\u0103neasc\u0103 din Voine\u0219tii Covasnei. Invitat\u0103: Flavia Elena Lungu - Covasna45","og_description":"Un dialog despre S\u00e2ntilia \u2013 Nedeia Moc\u0103neasc\u0103 din Voine\u0219tii Covasnei. Flavia Elena Lungu este printre organizatori","og_url":"https:\/\/covasna45.ro\/index.php\/pozitiv-cu-tudor-artenie\/podcast-pozitiv-nedeia-mocaneasca-din-voinestii-covasnei-invitata-flavia-elena-lungu\/","og_site_name":"Covasna45","article_published_time":"2025-07-25T06:18:54+00:00","article_modified_time":"2025-07-25T06:42:14+00:00","og_image":[{"width":1083,"height":551,"url":"https:\/\/covasna45.ro\/wp-content\/uploads\/2025\/07\/l.jpg","type":"image\/jpeg"}],"author":"Covasna45","twitter_card":"summary_large_image","twitter_misc":{"Scris de":"Covasna45","Timp estimat pentru citire":"1 minut"},"schema":{"@context":"https:\/\/schema.org","@graph":[{"@type":"Article","@id":"https:\/\/covasna45.ro\/index.php\/pozitiv-cu-tudor-artenie\/podcast-pozitiv-nedeia-mocaneasca-din-voinestii-covasnei-invitata-flavia-elena-lungu\/#article","isPartOf":{"@id":"https:\/\/covasna45.ro\/index.php\/pozitiv-cu-tudor-artenie\/podcast-pozitiv-nedeia-mocaneasca-din-voinestii-covasnei-invitata-flavia-elena-lungu\/"},"author":{"name":"Covasna45","@id":"https:\/\/covasna45.ro\/#\/schema\/person\/e674052bd7d95d70bbb007a1060ab73c"},"headline":"Podcast POZITIV. Nedeia Moc\u0103neasc\u0103 din Voine\u0219tii Covasnei. Invitat\u0103: Flavia Elena Lungu","datePublished":"2025-07-25T06:18:54+00:00","dateModified":"2025-07-25T06:42:14+00:00","mainEntityOfPage":{"@id":"https:\/\/covasna45.ro\/index.php\/pozitiv-cu-tudor-artenie\/podcast-pozitiv-nedeia-mocaneasca-din-voinestii-covasnei-invitata-flavia-elena-lungu\/"},"wordCount":124,"commentCount":0,"publisher":{"@id":"https:\/\/covasna45.ro\/#organization"},"image":{"@id":"https:\/\/covasna45.ro\/index.php\/pozitiv-cu-tudor-artenie\/podcast-pozitiv-nedeia-mocaneasca-din-voinestii-covasnei-invitata-flavia-elena-lungu\/#primaryimage"},"thumbnailUrl":"https:\/\/covasna45.ro\/wp-content\/uploads\/2025\/07\/l.jpg","keywords":["covasna","Nedeia Moc\u0103neasc\u0103","S\u00e2ntilia","Voine\u0219ti"],"articleSection":["\u201ePozitiv\u201d cu Tudor Artenie"],"inLanguage":"ro-RO","potentialAction":[{"@type":"CommentAction","name":"Comment","target":["https:\/\/covasna45.ro\/index.php\/pozitiv-cu-tudor-artenie\/podcast-pozitiv-nedeia-mocaneasca-din-voinestii-covasnei-invitata-flavia-elena-lungu\/#respond"]}]},{"@type":"WebPage","@id":"https:\/\/covasna45.ro\/index.php\/pozitiv-cu-tudor-artenie\/podcast-pozitiv-nedeia-mocaneasca-din-voinestii-covasnei-invitata-flavia-elena-lungu\/","url":"https:\/\/covasna45.ro\/index.php\/pozitiv-cu-tudor-artenie\/podcast-pozitiv-nedeia-mocaneasca-din-voinestii-covasnei-invitata-flavia-elena-lungu\/","name":"Podcast POZITIV. Nedeia Moc\u0103neasc\u0103 din Voine\u0219tii Covasnei. Invitat\u0103: Flavia Elena Lungu - Covasna45","isPartOf":{"@id":"https:\/\/covasna45.ro\/#website"},"primaryImageOfPage":{"@id":"https:\/\/covasna45.ro\/index.php\/pozitiv-cu-tudor-artenie\/podcast-pozitiv-nedeia-mocaneasca-din-voinestii-covasnei-invitata-flavia-elena-lungu\/#primaryimage"},"image":{"@id":"https:\/\/covasna45.ro\/index.php\/pozitiv-cu-tudor-artenie\/podcast-pozitiv-nedeia-mocaneasca-din-voinestii-covasnei-invitata-flavia-elena-lungu\/#primaryimage"},"thumbnailUrl":"https:\/\/covasna45.ro\/wp-content\/uploads\/2025\/07\/l.jpg","datePublished":"2025-07-25T06:18:54+00:00","dateModified":"2025-07-25T06:42:14+00:00","description":"Un dialog despre S\u00e2ntilia \u2013 Nedeia Moc\u0103neasc\u0103 din Voine\u0219tii Covasnei. Flavia Elena Lungu este printre organizatori","breadcrumb":{"@id":"https:\/\/covasna45.ro\/index.php\/pozitiv-cu-tudor-artenie\/podcast-pozitiv-nedeia-mocaneasca-din-voinestii-covasnei-invitata-flavia-elena-lungu\/#breadcrumb"},"inLanguage":"ro-RO","potentialAction":[{"@type":"ReadAction","target":["https:\/\/covasna45.ro\/index.php\/pozitiv-cu-tudor-artenie\/podcast-pozitiv-nedeia-mocaneasca-din-voinestii-covasnei-invitata-flavia-elena-lungu\/"]}]},{"@type":"ImageObject","inLanguage":"ro-RO","@id":"https:\/\/covasna45.ro\/index.php\/pozitiv-cu-tudor-artenie\/podcast-pozitiv-nedeia-mocaneasca-din-voinestii-covasnei-invitata-flavia-elena-lungu\/#primaryimage","url":"https:\/\/covasna45.ro\/wp-content\/uploads\/2025\/07\/l.jpg","contentUrl":"https:\/\/covasna45.ro\/wp-content\/uploads\/2025\/07\/l.jpg","width":1083,"height":551},{"@type":"BreadcrumbList","@id":"https:\/\/covasna45.ro\/index.php\/pozitiv-cu-tudor-artenie\/podcast-pozitiv-nedeia-mocaneasca-din-voinestii-covasnei-invitata-flavia-elena-lungu\/#breadcrumb","itemListElement":[{"@type":"ListItem","position":1,"name":"Prima pagin\u0103","item":"https:\/\/covasna45.ro\/"},{"@type":"ListItem","position":2,"name":"Podcast POZITIV. Nedeia Moc\u0103neasc\u0103 din Voine\u0219tii Covasnei. Invitat\u0103: Flavia Elena Lungu"}]},{"@type":"WebSite","@id":"https:\/\/covasna45.ro\/#website","url":"https:\/\/covasna45.ro\/","name":"covasna45.ro","description":"","publisher":{"@id":"https:\/\/covasna45.ro\/#organization"},"potentialAction":[{"@type":"SearchAction","target":{"@type":"EntryPoint","urlTemplate":"https:\/\/covasna45.ro\/?s={search_term_string}"},"query-input":{"@type":"PropertyValueSpecification","valueRequired":true,"valueName":"search_term_string"}}],"inLanguage":"ro-RO"},{"@type":"Organization","@id":"https:\/\/covasna45.ro\/#organization","name":"covasna45.ro","url":"https:\/\/covasna45.ro\/","logo":{"@type":"ImageObject","inLanguage":"ro-RO","@id":"https:\/\/covasna45.ro\/#\/schema\/logo\/image\/","url":"https:\/\/covasna45.ro\/wp-content\/uploads\/2023\/01\/icon_logo.png","contentUrl":"https:\/\/covasna45.ro\/wp-content\/uploads\/2023\/01\/icon_logo.png","width":1900,"height":1900,"caption":"covasna45.ro"},"image":{"@id":"https:\/\/covasna45.ro\/#\/schema\/logo\/image\/"}},{"@type":"Person","@id":"https:\/\/covasna45.ro\/#\/schema\/person\/e674052bd7d95d70bbb007a1060ab73c","name":"Covasna45","image":{"@type":"ImageObject","inLanguage":"ro-RO","@id":"https:\/\/covasna45.ro\/wp-content\/uploads\/2025\/10\/icon_logo_covasna45-150x150.png","url":"https:\/\/covasna45.ro\/wp-content\/uploads\/2025\/10\/icon_logo_covasna45-150x150.png","contentUrl":"https:\/\/covasna45.ro\/wp-content\/uploads\/2025\/10\/icon_logo_covasna45-150x150.png","caption":"Covasna45"},"sameAs":["https:\/\/covasna45.ro"],"url":"https:\/\/covasna45.ro\/index.php\/author\/covasna\/"}]}},"_links":{"self":[{"href":"https:\/\/covasna45.ro\/index.php\/wp-json\/wp\/v2\/posts\/12265","targetHints":{"allow":["GET"]}}],"collection":[{"href":"https:\/\/covasna45.ro\/index.php\/wp-json\/wp\/v2\/posts"}],"about":[{"href":"https:\/\/covasna45.ro\/index.php\/wp-json\/wp\/v2\/types\/post"}],"author":[{"embeddable":true,"href":"https:\/\/covasna45.ro\/index.php\/wp-json\/wp\/v2\/users\/1"}],"replies":[{"embeddable":true,"href":"https:\/\/covasna45.ro\/index.php\/wp-json\/wp\/v2\/comments?post=12265"}],"version-history":[{"count":1,"href":"https:\/\/covasna45.ro\/index.php\/wp-json\/wp\/v2\/posts\/12265\/revisions"}],"predecessor-version":[{"id":12267,"href":"https:\/\/covasna45.ro\/index.php\/wp-json\/wp\/v2\/posts\/12265\/revisions\/12267"}],"wp:featuredmedia":[{"embeddable":true,"href":"https:\/\/covasna45.ro\/index.php\/wp-json\/wp\/v2\/media\/12266"}],"wp:attachment":[{"href":"https:\/\/covasna45.ro\/index.php\/wp-json\/wp\/v2\/media?parent=12265"}],"wp:term":[{"taxonomy":"category","embeddable":true,"href":"https:\/\/covasna45.ro\/index.php\/wp-json\/wp\/v2\/categories?post=12265"},{"taxonomy":"post_tag","embeddable":true,"href":"https:\/\/covasna45.ro\/index.php\/wp-json\/wp\/v2\/tags?post=12265"}],"curies":[{"name":"wp","href":"https:\/\/api.w.org\/{rel}","templated":true}]}}