{"id":12269,"date":"2025-07-25T14:18:29","date_gmt":"2025-07-25T12:18:29","guid":{"rendered":"https:\/\/covasna45.ro\/?p=12269"},"modified":"2025-07-25T14:18:30","modified_gmt":"2025-07-25T12:18:30","slug":"modificari-in-programul-anghel-saligny-investitii-suspendate-temporar","status":"publish","type":"post","link":"https:\/\/covasna45.ro\/index.php\/lumea-noastra\/modificari-in-programul-anghel-saligny-investitii-suspendate-temporar\/","title":{"rendered":"Modific\u0103ri \u00een programul \u201eAnghel Saligny\u201d: investi\u021bii suspendate temporar"},"content":{"rendered":"\n<p>Ministerul Dezvolt\u0103rii a publicat ast\u0103zi un proiect de act normativ menit s\u0103 prioritizeze investi\u021biile finan\u021bate din bugetul na\u021bional, pentru a asigura o utilizare mai eficient\u0103 a fondurilor publice.<\/p>\n\n\n\n<p>Ministrul Cseke Attila a declarat c\u0103 m\u0103surile sunt necesare pentru reevaluarea priorit\u0103\u021bilor investi\u021bionale la nivel central \u0219i local \u0219i pentru men\u021binerea echilibrului bugetar. Potrivit proiectului, resursele financiare vor fi direc\u021bionate spre programe cu grad de execu\u021bie ridicat \u0219i impact semnificativ, f\u0103r\u0103 a afecta obiectivele majore de dezvoltare na\u021bional\u0103.<\/p>\n\n\n\n<p>Propunerea prevede posibilitatea \u00eencheierii contractelor de execu\u021bie p\u00e2n\u0103 la finalul anului viitor, pentru a putea fi sprijinite investi\u021biile finan\u021bate prin Programul na\u021bional de investi\u021bii &#8216;Anghel Saligny&#8217;, iar, \u00een vederea verific\u0103rii lucr\u0103rilor la c\u00e2t mai multe investi\u021bii, se creeaz\u0103 cadrul juridic \u0219i financiar ca Ministerul Dezvolt\u0103rii s\u0103 finan\u021beze, din venituri proprii, verific\u0103rile efectuate la aceste lucr\u0103ri.<\/p>\n\n\n\n<p>Pentru stadioanele aflate \u00een construc\u021bie sau modernizare, finan\u021barea se va face doar dac\u0103 autorit\u0103\u021bile locale particip\u0103 cu 20% din valoarea investi\u021biei.<\/p>\n\n\n\n<p>De asemenea, p\u00e2n\u0103 la 1 iulie anul viitor, nu vor \u00eencepe noi lucr\u0103ri dec\u00e2t dac\u0103 sunt sus\u021binute integral din fonduri locale.<\/p>\n\n\n\n<p>Proiectul propune \u0219i comasarea unor programe cu obiective similare, cum ar fi cele care vizeaz\u0103 extinderea re\u021belelor de ap\u0103 \u0219i canalizare, pentru a evita suprapunerile.<\/p>\n\n\n\n<p>Totodat\u0103, alte programe vor fi suspendate temporar, inclusiv cele pentru construc\u021bia de s\u0103li de sport, a\u0219ez\u0103minte culturale, drumuri locale \u0219i jude\u021bene, sau lucr\u0103ri la fose septice.<\/p>\n\n\n\n<p>\u201eAceste m\u0103suri vor garanta finalizarea proiectelor aflate \u00een stadii avansate \u0219i vor contribui la disciplinarea cheltuielilor publice \u00eentr-un context economic dificil\u201d, a declarat ministrul Cseke Attila.<\/p>\n\n\n\n<p>Sursa: <a href=\"https:\/\/www.mdlpa.ro\/pages\/proiectogmodificarecompletareprogramelucraripublice25072025\">Ministerul Dezvolt\u0103rii<\/a><\/p>\n","protected":false},"excerpt":{"rendered":"<p>Ministerul Dezvolt\u0103rii a publicat ast\u0103zi un proiect de act normativ menit s\u0103 prioritizeze investi\u021biile finan\u021bate din bugetul na\u021bional, pentru a asigura o utilizare mai eficient\u0103 a fondurilor publice. Ministrul Cseke Attila a declarat c\u0103 m\u0103surile sunt necesare pentru reevaluarea priorit\u0103\u021bilor investi\u021bionale la nivel central \u0219i local \u0219i pentru men\u021binerea echilibrului bugetar. Potrivit proiectului, resursele financiare [&hellip;]<\/p>\n","protected":false},"author":1,"featured_media":12270,"comment_status":"open","ping_status":"closed","sticky":false,"template":"","format":"standard","meta":{"tdm_status":"","tdm_grid_status":"","footnotes":""},"categories":[14],"tags":[2854,3170,640],"class_list":{"0":"post-12269","1":"post","2":"type-post","3":"status-publish","4":"format-standard","5":"has-post-thumbnail","7":"category-lumea-noastra","8":"tag-anghel-saligny","9":"tag-investitii-2","10":"tag-ministerul-dezvoltarii"},"yoast_head":"<!-- This site is optimized with the Yoast SEO plugin v27.5 - https:\/\/yoast.com\/product\/yoast-seo-wordpress\/ -->\n<title>Modific\u0103ri \u00een programul \u201eAnghel Saligny\u201d: investi\u021bii suspendate temporar - Covasna45<\/title>\n<meta name=\"description\" content=\"Ministerul Dezvolt\u0103rii a publicat ast\u0103zi un proiect de act normativ menit s\u0103 prioritizeze investi\u021biile finan\u021bate din bugetul na\u021bional.\" \/>\n<meta name=\"robots\" content=\"index, follow, max-snippet:-1, max-image-preview:large, max-video-preview:-1\" \/>\n<link rel=\"canonical\" href=\"https:\/\/covasna45.ro\/index.php\/lumea-noastra\/modificari-in-programul-anghel-saligny-investitii-suspendate-temporar\/\" \/>\n<meta property=\"og:locale\" content=\"ro_RO\" \/>\n<meta property=\"og:type\" content=\"article\" \/>\n<meta property=\"og:title\" content=\"Modific\u0103ri \u00een programul \u201eAnghel Saligny\u201d: investi\u021bii suspendate temporar - Covasna45\" \/>\n<meta property=\"og:description\" content=\"Ministerul Dezvolt\u0103rii a publicat ast\u0103zi un proiect de act normativ menit s\u0103 prioritizeze investi\u021biile finan\u021bate din bugetul na\u021bional.\" \/>\n<meta property=\"og:url\" content=\"https:\/\/covasna45.ro\/index.php\/lumea-noastra\/modificari-in-programul-anghel-saligny-investitii-suspendate-temporar\/\" \/>\n<meta property=\"og:site_name\" content=\"Covasna45\" \/>\n<meta property=\"article:published_time\" content=\"2025-07-25T12:18:29+00:00\" \/>\n<meta property=\"article:modified_time\" content=\"2025-07-25T12:18:30+00:00\" \/>\n<meta property=\"og:image\" content=\"https:\/\/covasna45.ro\/wp-content\/uploads\/2025\/07\/saligny-2.jpg\" \/>\n\t<meta property=\"og:image:width\" content=\"1185\" \/>\n\t<meta property=\"og:image:height\" content=\"614\" \/>\n\t<meta property=\"og:image:type\" content=\"image\/jpeg\" \/>\n<meta name=\"author\" content=\"Covasna45\" \/>\n<meta name=\"twitter:card\" content=\"summary_large_image\" \/>\n<meta name=\"twitter:label1\" content=\"Scris de\" \/>\n\t<meta name=\"twitter:data1\" content=\"Covasna45\" \/>\n\t<meta name=\"twitter:label2\" content=\"Timp estimat pentru citire\" \/>\n\t<meta name=\"twitter:data2\" content=\"2 minute\" \/>\n<script type=\"application\/ld+json\" class=\"yoast-schema-graph\">{\"@context\":\"https:\\\/\\\/schema.org\",\"@graph\":[{\"@type\":\"Article\",\"@id\":\"https:\\\/\\\/covasna45.ro\\\/index.php\\\/lumea-noastra\\\/modificari-in-programul-anghel-saligny-investitii-suspendate-temporar\\\/#article\",\"isPartOf\":{\"@id\":\"https:\\\/\\\/covasna45.ro\\\/index.php\\\/lumea-noastra\\\/modificari-in-programul-anghel-saligny-investitii-suspendate-temporar\\\/\"},\"author\":{\"name\":\"Covasna45\",\"@id\":\"https:\\\/\\\/covasna45.ro\\\/#\\\/schema\\\/person\\\/e674052bd7d95d70bbb007a1060ab73c\"},\"headline\":\"Modific\u0103ri \u00een programul \u201eAnghel Saligny\u201d: investi\u021bii suspendate temporar\",\"datePublished\":\"2025-07-25T12:18:29+00:00\",\"dateModified\":\"2025-07-25T12:18:30+00:00\",\"mainEntityOfPage\":{\"@id\":\"https:\\\/\\\/covasna45.ro\\\/index.php\\\/lumea-noastra\\\/modificari-in-programul-anghel-saligny-investitii-suspendate-temporar\\\/\"},\"wordCount\":305,\"commentCount\":0,\"publisher\":{\"@id\":\"https:\\\/\\\/covasna45.ro\\\/#organization\"},\"image\":{\"@id\":\"https:\\\/\\\/covasna45.ro\\\/index.php\\\/lumea-noastra\\\/modificari-in-programul-anghel-saligny-investitii-suspendate-temporar\\\/#primaryimage\"},\"thumbnailUrl\":\"https:\\\/\\\/covasna45.ro\\\/wp-content\\\/uploads\\\/2025\\\/07\\\/saligny-2.jpg\",\"keywords\":[\"anghel saligny\",\"investitii\",\"Ministerul Dezvolt\u0103rii\"],\"articleSection\":[\"Lumea noastr\u0103\"],\"inLanguage\":\"ro-RO\",\"potentialAction\":[{\"@type\":\"CommentAction\",\"name\":\"Comment\",\"target\":[\"https:\\\/\\\/covasna45.ro\\\/index.php\\\/lumea-noastra\\\/modificari-in-programul-anghel-saligny-investitii-suspendate-temporar\\\/#respond\"]}]},{\"@type\":\"WebPage\",\"@id\":\"https:\\\/\\\/covasna45.ro\\\/index.php\\\/lumea-noastra\\\/modificari-in-programul-anghel-saligny-investitii-suspendate-temporar\\\/\",\"url\":\"https:\\\/\\\/covasna45.ro\\\/index.php\\\/lumea-noastra\\\/modificari-in-programul-anghel-saligny-investitii-suspendate-temporar\\\/\",\"name\":\"Modific\u0103ri \u00een programul \u201eAnghel Saligny\u201d: investi\u021bii suspendate temporar - Covasna45\",\"isPartOf\":{\"@id\":\"https:\\\/\\\/covasna45.ro\\\/#website\"},\"primaryImageOfPage\":{\"@id\":\"https:\\\/\\\/covasna45.ro\\\/index.php\\\/lumea-noastra\\\/modificari-in-programul-anghel-saligny-investitii-suspendate-temporar\\\/#primaryimage\"},\"image\":{\"@id\":\"https:\\\/\\\/covasna45.ro\\\/index.php\\\/lumea-noastra\\\/modificari-in-programul-anghel-saligny-investitii-suspendate-temporar\\\/#primaryimage\"},\"thumbnailUrl\":\"https:\\\/\\\/covasna45.ro\\\/wp-content\\\/uploads\\\/2025\\\/07\\\/saligny-2.jpg\",\"datePublished\":\"2025-07-25T12:18:29+00:00\",\"dateModified\":\"2025-07-25T12:18:30+00:00\",\"description\":\"Ministerul Dezvolt\u0103rii a publicat ast\u0103zi un proiect de act normativ menit s\u0103 prioritizeze investi\u021biile finan\u021bate din bugetul na\u021bional.\",\"breadcrumb\":{\"@id\":\"https:\\\/\\\/covasna45.ro\\\/index.php\\\/lumea-noastra\\\/modificari-in-programul-anghel-saligny-investitii-suspendate-temporar\\\/#breadcrumb\"},\"inLanguage\":\"ro-RO\",\"potentialAction\":[{\"@type\":\"ReadAction\",\"target\":[\"https:\\\/\\\/covasna45.ro\\\/index.php\\\/lumea-noastra\\\/modificari-in-programul-anghel-saligny-investitii-suspendate-temporar\\\/\"]}]},{\"@type\":\"ImageObject\",\"inLanguage\":\"ro-RO\",\"@id\":\"https:\\\/\\\/covasna45.ro\\\/index.php\\\/lumea-noastra\\\/modificari-in-programul-anghel-saligny-investitii-suspendate-temporar\\\/#primaryimage\",\"url\":\"https:\\\/\\\/covasna45.ro\\\/wp-content\\\/uploads\\\/2025\\\/07\\\/saligny-2.jpg\",\"contentUrl\":\"https:\\\/\\\/covasna45.ro\\\/wp-content\\\/uploads\\\/2025\\\/07\\\/saligny-2.jpg\",\"width\":1185,\"height\":614},{\"@type\":\"BreadcrumbList\",\"@id\":\"https:\\\/\\\/covasna45.ro\\\/index.php\\\/lumea-noastra\\\/modificari-in-programul-anghel-saligny-investitii-suspendate-temporar\\\/#breadcrumb\",\"itemListElement\":[{\"@type\":\"ListItem\",\"position\":1,\"name\":\"Prima pagin\u0103\",\"item\":\"https:\\\/\\\/covasna45.ro\\\/\"},{\"@type\":\"ListItem\",\"position\":2,\"name\":\"Modific\u0103ri \u00een programul \u201eAnghel Saligny\u201d: investi\u021bii suspendate temporar\"}]},{\"@type\":\"WebSite\",\"@id\":\"https:\\\/\\\/covasna45.ro\\\/#website\",\"url\":\"https:\\\/\\\/covasna45.ro\\\/\",\"name\":\"covasna45.ro\",\"description\":\"\",\"publisher\":{\"@id\":\"https:\\\/\\\/covasna45.ro\\\/#organization\"},\"potentialAction\":[{\"@type\":\"SearchAction\",\"target\":{\"@type\":\"EntryPoint\",\"urlTemplate\":\"https:\\\/\\\/covasna45.ro\\\/?s={search_term_string}\"},\"query-input\":{\"@type\":\"PropertyValueSpecification\",\"valueRequired\":true,\"valueName\":\"search_term_string\"}}],\"inLanguage\":\"ro-RO\"},{\"@type\":\"Organization\",\"@id\":\"https:\\\/\\\/covasna45.ro\\\/#organization\",\"name\":\"covasna45.ro\",\"url\":\"https:\\\/\\\/covasna45.ro\\\/\",\"logo\":{\"@type\":\"ImageObject\",\"inLanguage\":\"ro-RO\",\"@id\":\"https:\\\/\\\/covasna45.ro\\\/#\\\/schema\\\/logo\\\/image\\\/\",\"url\":\"https:\\\/\\\/covasna45.ro\\\/wp-content\\\/uploads\\\/2023\\\/01\\\/icon_logo.png\",\"contentUrl\":\"https:\\\/\\\/covasna45.ro\\\/wp-content\\\/uploads\\\/2023\\\/01\\\/icon_logo.png\",\"width\":1900,\"height\":1900,\"caption\":\"covasna45.ro\"},\"image\":{\"@id\":\"https:\\\/\\\/covasna45.ro\\\/#\\\/schema\\\/logo\\\/image\\\/\"}},{\"@type\":\"Person\",\"@id\":\"https:\\\/\\\/covasna45.ro\\\/#\\\/schema\\\/person\\\/e674052bd7d95d70bbb007a1060ab73c\",\"name\":\"Covasna45\",\"image\":{\"@type\":\"ImageObject\",\"inLanguage\":\"ro-RO\",\"@id\":\"https:\\\/\\\/covasna45.ro\\\/wp-content\\\/uploads\\\/2025\\\/10\\\/icon_logo_covasna45-150x150.png\",\"url\":\"https:\\\/\\\/covasna45.ro\\\/wp-content\\\/uploads\\\/2025\\\/10\\\/icon_logo_covasna45-150x150.png\",\"contentUrl\":\"https:\\\/\\\/covasna45.ro\\\/wp-content\\\/uploads\\\/2025\\\/10\\\/icon_logo_covasna45-150x150.png\",\"caption\":\"Covasna45\"},\"sameAs\":[\"https:\\\/\\\/covasna45.ro\"],\"url\":\"https:\\\/\\\/covasna45.ro\\\/index.php\\\/author\\\/covasna\\\/\"}]}<\/script>\n<!-- \/ Yoast SEO plugin. -->","yoast_head_json":{"title":"Modific\u0103ri \u00een programul \u201eAnghel Saligny\u201d: investi\u021bii suspendate temporar - Covasna45","description":"Ministerul Dezvolt\u0103rii a publicat ast\u0103zi un proiect de act normativ menit s\u0103 prioritizeze investi\u021biile finan\u021bate din bugetul na\u021bional.","robots":{"index":"index","follow":"follow","max-snippet":"max-snippet:-1","max-image-preview":"max-image-preview:large","max-video-preview":"max-video-preview:-1"},"canonical":"https:\/\/covasna45.ro\/index.php\/lumea-noastra\/modificari-in-programul-anghel-saligny-investitii-suspendate-temporar\/","og_locale":"ro_RO","og_type":"article","og_title":"Modific\u0103ri \u00een programul \u201eAnghel Saligny\u201d: investi\u021bii suspendate temporar - Covasna45","og_description":"Ministerul Dezvolt\u0103rii a publicat ast\u0103zi un proiect de act normativ menit s\u0103 prioritizeze investi\u021biile finan\u021bate din bugetul na\u021bional.","og_url":"https:\/\/covasna45.ro\/index.php\/lumea-noastra\/modificari-in-programul-anghel-saligny-investitii-suspendate-temporar\/","og_site_name":"Covasna45","article_published_time":"2025-07-25T12:18:29+00:00","article_modified_time":"2025-07-25T12:18:30+00:00","og_image":[{"width":1185,"height":614,"url":"https:\/\/covasna45.ro\/wp-content\/uploads\/2025\/07\/saligny-2.jpg","type":"image\/jpeg"}],"author":"Covasna45","twitter_card":"summary_large_image","twitter_misc":{"Scris de":"Covasna45","Timp estimat pentru citire":"2 minute"},"schema":{"@context":"https:\/\/schema.org","@graph":[{"@type":"Article","@id":"https:\/\/covasna45.ro\/index.php\/lumea-noastra\/modificari-in-programul-anghel-saligny-investitii-suspendate-temporar\/#article","isPartOf":{"@id":"https:\/\/covasna45.ro\/index.php\/lumea-noastra\/modificari-in-programul-anghel-saligny-investitii-suspendate-temporar\/"},"author":{"name":"Covasna45","@id":"https:\/\/covasna45.ro\/#\/schema\/person\/e674052bd7d95d70bbb007a1060ab73c"},"headline":"Modific\u0103ri \u00een programul \u201eAnghel Saligny\u201d: investi\u021bii suspendate temporar","datePublished":"2025-07-25T12:18:29+00:00","dateModified":"2025-07-25T12:18:30+00:00","mainEntityOfPage":{"@id":"https:\/\/covasna45.ro\/index.php\/lumea-noastra\/modificari-in-programul-anghel-saligny-investitii-suspendate-temporar\/"},"wordCount":305,"commentCount":0,"publisher":{"@id":"https:\/\/covasna45.ro\/#organization"},"image":{"@id":"https:\/\/covasna45.ro\/index.php\/lumea-noastra\/modificari-in-programul-anghel-saligny-investitii-suspendate-temporar\/#primaryimage"},"thumbnailUrl":"https:\/\/covasna45.ro\/wp-content\/uploads\/2025\/07\/saligny-2.jpg","keywords":["anghel saligny","investitii","Ministerul Dezvolt\u0103rii"],"articleSection":["Lumea noastr\u0103"],"inLanguage":"ro-RO","potentialAction":[{"@type":"CommentAction","name":"Comment","target":["https:\/\/covasna45.ro\/index.php\/lumea-noastra\/modificari-in-programul-anghel-saligny-investitii-suspendate-temporar\/#respond"]}]},{"@type":"WebPage","@id":"https:\/\/covasna45.ro\/index.php\/lumea-noastra\/modificari-in-programul-anghel-saligny-investitii-suspendate-temporar\/","url":"https:\/\/covasna45.ro\/index.php\/lumea-noastra\/modificari-in-programul-anghel-saligny-investitii-suspendate-temporar\/","name":"Modific\u0103ri \u00een programul \u201eAnghel Saligny\u201d: investi\u021bii suspendate temporar - Covasna45","isPartOf":{"@id":"https:\/\/covasna45.ro\/#website"},"primaryImageOfPage":{"@id":"https:\/\/covasna45.ro\/index.php\/lumea-noastra\/modificari-in-programul-anghel-saligny-investitii-suspendate-temporar\/#primaryimage"},"image":{"@id":"https:\/\/covasna45.ro\/index.php\/lumea-noastra\/modificari-in-programul-anghel-saligny-investitii-suspendate-temporar\/#primaryimage"},"thumbnailUrl":"https:\/\/covasna45.ro\/wp-content\/uploads\/2025\/07\/saligny-2.jpg","datePublished":"2025-07-25T12:18:29+00:00","dateModified":"2025-07-25T12:18:30+00:00","description":"Ministerul Dezvolt\u0103rii a publicat ast\u0103zi un proiect de act normativ menit s\u0103 prioritizeze investi\u021biile finan\u021bate din bugetul na\u021bional.","breadcrumb":{"@id":"https:\/\/covasna45.ro\/index.php\/lumea-noastra\/modificari-in-programul-anghel-saligny-investitii-suspendate-temporar\/#breadcrumb"},"inLanguage":"ro-RO","potentialAction":[{"@type":"ReadAction","target":["https:\/\/covasna45.ro\/index.php\/lumea-noastra\/modificari-in-programul-anghel-saligny-investitii-suspendate-temporar\/"]}]},{"@type":"ImageObject","inLanguage":"ro-RO","@id":"https:\/\/covasna45.ro\/index.php\/lumea-noastra\/modificari-in-programul-anghel-saligny-investitii-suspendate-temporar\/#primaryimage","url":"https:\/\/covasna45.ro\/wp-content\/uploads\/2025\/07\/saligny-2.jpg","contentUrl":"https:\/\/covasna45.ro\/wp-content\/uploads\/2025\/07\/saligny-2.jpg","width":1185,"height":614},{"@type":"BreadcrumbList","@id":"https:\/\/covasna45.ro\/index.php\/lumea-noastra\/modificari-in-programul-anghel-saligny-investitii-suspendate-temporar\/#breadcrumb","itemListElement":[{"@type":"ListItem","position":1,"name":"Prima pagin\u0103","item":"https:\/\/covasna45.ro\/"},{"@type":"ListItem","position":2,"name":"Modific\u0103ri \u00een programul \u201eAnghel Saligny\u201d: investi\u021bii suspendate temporar"}]},{"@type":"WebSite","@id":"https:\/\/covasna45.ro\/#website","url":"https:\/\/covasna45.ro\/","name":"covasna45.ro","description":"","publisher":{"@id":"https:\/\/covasna45.ro\/#organization"},"potentialAction":[{"@type":"SearchAction","target":{"@type":"EntryPoint","urlTemplate":"https:\/\/covasna45.ro\/?s={search_term_string}"},"query-input":{"@type":"PropertyValueSpecification","valueRequired":true,"valueName":"search_term_string"}}],"inLanguage":"ro-RO"},{"@type":"Organization","@id":"https:\/\/covasna45.ro\/#organization","name":"covasna45.ro","url":"https:\/\/covasna45.ro\/","logo":{"@type":"ImageObject","inLanguage":"ro-RO","@id":"https:\/\/covasna45.ro\/#\/schema\/logo\/image\/","url":"https:\/\/covasna45.ro\/wp-content\/uploads\/2023\/01\/icon_logo.png","contentUrl":"https:\/\/covasna45.ro\/wp-content\/uploads\/2023\/01\/icon_logo.png","width":1900,"height":1900,"caption":"covasna45.ro"},"image":{"@id":"https:\/\/covasna45.ro\/#\/schema\/logo\/image\/"}},{"@type":"Person","@id":"https:\/\/covasna45.ro\/#\/schema\/person\/e674052bd7d95d70bbb007a1060ab73c","name":"Covasna45","image":{"@type":"ImageObject","inLanguage":"ro-RO","@id":"https:\/\/covasna45.ro\/wp-content\/uploads\/2025\/10\/icon_logo_covasna45-150x150.png","url":"https:\/\/covasna45.ro\/wp-content\/uploads\/2025\/10\/icon_logo_covasna45-150x150.png","contentUrl":"https:\/\/covasna45.ro\/wp-content\/uploads\/2025\/10\/icon_logo_covasna45-150x150.png","caption":"Covasna45"},"sameAs":["https:\/\/covasna45.ro"],"url":"https:\/\/covasna45.ro\/index.php\/author\/covasna\/"}]}},"_links":{"self":[{"href":"https:\/\/covasna45.ro\/index.php\/wp-json\/wp\/v2\/posts\/12269","targetHints":{"allow":["GET"]}}],"collection":[{"href":"https:\/\/covasna45.ro\/index.php\/wp-json\/wp\/v2\/posts"}],"about":[{"href":"https:\/\/covasna45.ro\/index.php\/wp-json\/wp\/v2\/types\/post"}],"author":[{"embeddable":true,"href":"https:\/\/covasna45.ro\/index.php\/wp-json\/wp\/v2\/users\/1"}],"replies":[{"embeddable":true,"href":"https:\/\/covasna45.ro\/index.php\/wp-json\/wp\/v2\/comments?post=12269"}],"version-history":[{"count":1,"href":"https:\/\/covasna45.ro\/index.php\/wp-json\/wp\/v2\/posts\/12269\/revisions"}],"predecessor-version":[{"id":12271,"href":"https:\/\/covasna45.ro\/index.php\/wp-json\/wp\/v2\/posts\/12269\/revisions\/12271"}],"wp:featuredmedia":[{"embeddable":true,"href":"https:\/\/covasna45.ro\/index.php\/wp-json\/wp\/v2\/media\/12270"}],"wp:attachment":[{"href":"https:\/\/covasna45.ro\/index.php\/wp-json\/wp\/v2\/media?parent=12269"}],"wp:term":[{"taxonomy":"category","embeddable":true,"href":"https:\/\/covasna45.ro\/index.php\/wp-json\/wp\/v2\/categories?post=12269"},{"taxonomy":"post_tag","embeddable":true,"href":"https:\/\/covasna45.ro\/index.php\/wp-json\/wp\/v2\/tags?post=12269"}],"curies":[{"name":"wp","href":"https:\/\/api.w.org\/{rel}","templated":true}]}}