{"id":12276,"date":"2025-07-26T14:13:00","date_gmt":"2025-07-26T12:13:00","guid":{"rendered":"https:\/\/covasna45.ro\/?p=12276"},"modified":"2025-07-26T14:13:01","modified_gmt":"2025-07-26T12:13:01","slug":"viktor-orban-il-lauda-pe-ilie-bolojan-se-va-lupta-pentru-interesele-romanilor","status":"publish","type":"post","link":"https:\/\/covasna45.ro\/index.php\/lumea-noastra\/viktor-orban-il-lauda-pe-ilie-bolojan-se-va-lupta-pentru-interesele-romanilor\/","title":{"rendered":"Viktor Orb\u00e1n\u00a0\u00eel laud\u0103 pe Ilie Bolojan: \u201eSe va lupta pentru interesele rom\u00e2nilor\u201d"},"content":{"rendered":"\n<p>Premierul Ungariei Viktor Orb\u00e1n\u00a0se afl\u0103 \u00een Rom\u00e2nia, la cea de-a cea de-a 34-a edi\u021bie a Universit\u0103\u021bii de Var\u0103 \u201e<a href=\"https:\/\/covasna45.ro\/index.php\/lumea-noastra\/agricultura-tema-importanta-la-cea-de-a-34-a-editie-a-tusvanyos\/\">Tusvanyos<\/a>\u201d de la B\u0103ile Tu\u0219nad, jude\u021bul Harghita.<\/p>\n\n\n\n<figure class=\"wp-block-image size-large\"><img loading=\"lazy\" decoding=\"async\" width=\"1024\" height=\"683\" src=\"https:\/\/covasna45.ro\/wp-content\/uploads\/2025\/07\/t2-1024x683.jpg\" alt=\"\" class=\"wp-image-12278\" srcset=\"https:\/\/covasna45.ro\/wp-content\/uploads\/2025\/07\/t2-1024x683.jpg 1024w, https:\/\/covasna45.ro\/wp-content\/uploads\/2025\/07\/t2-300x200.jpg 300w, https:\/\/covasna45.ro\/wp-content\/uploads\/2025\/07\/t2-768x512.jpg 768w, https:\/\/covasna45.ro\/wp-content\/uploads\/2025\/07\/t2-1536x1024.jpg 1536w, https:\/\/covasna45.ro\/wp-content\/uploads\/2025\/07\/t2-150x100.jpg 150w, https:\/\/covasna45.ro\/wp-content\/uploads\/2025\/07\/t2-696x464.jpg 696w, https:\/\/covasna45.ro\/wp-content\/uploads\/2025\/07\/t2-1068x712.jpg 1068w, https:\/\/covasna45.ro\/wp-content\/uploads\/2025\/07\/t2-1920x1280.jpg 1920w, https:\/\/covasna45.ro\/wp-content\/uploads\/2025\/07\/t2.jpg 2048w\" sizes=\"auto, (max-width: 1024px) 100vw, 1024px\" \/><\/figure>\n\n\n\n<p>Sunt prezen\u021bi, de asemenea, lideri politici ai UDMR, inclusiv pre\u0219edintele Consiliului Jude\u021bean Covasna, Tamas Sandor, \u0219i primarul municipiului Sf\u00e2ntu Gheroghe. Dar \u0219i numero\u0219i membri ai Guvernului de la Budapesta, europarlamentari \u0219i ale\u0219i locali ai Uniunii, reprezentan\u021bi ai maghiarilor din afara grani\u021belor, intelectuali, oameni de cultur\u0103 sau activi\u0219ti maghiari.<\/p>\n\n\n\n<figure class=\"wp-block-image size-large\"><img loading=\"lazy\" decoding=\"async\" width=\"1024\" height=\"683\" src=\"https:\/\/covasna45.ro\/wp-content\/uploads\/2025\/07\/t77-1024x683.jpg\" alt=\"\" class=\"wp-image-12279\" srcset=\"https:\/\/covasna45.ro\/wp-content\/uploads\/2025\/07\/t77-1024x683.jpg 1024w, https:\/\/covasna45.ro\/wp-content\/uploads\/2025\/07\/t77-300x200.jpg 300w, https:\/\/covasna45.ro\/wp-content\/uploads\/2025\/07\/t77-768x512.jpg 768w, https:\/\/covasna45.ro\/wp-content\/uploads\/2025\/07\/t77-1536x1024.jpg 1536w, https:\/\/covasna45.ro\/wp-content\/uploads\/2025\/07\/t77-150x100.jpg 150w, https:\/\/covasna45.ro\/wp-content\/uploads\/2025\/07\/t77-696x464.jpg 696w, https:\/\/covasna45.ro\/wp-content\/uploads\/2025\/07\/t77-1068x712.jpg 1068w, https:\/\/covasna45.ro\/wp-content\/uploads\/2025\/07\/t77-1920x1280.jpg 1920w, https:\/\/covasna45.ro\/wp-content\/uploads\/2025\/07\/t77.jpg 2048w\" sizes=\"auto, (max-width: 1024px) 100vw, 1024px\" \/><\/figure>\n\n\n\n<p>Viktor Orban a avut o \u00eent\u00e2lnire \u0219i cu premierul rom\u00e2n Ilie Bolojan \u0219i a f\u0103cut c\u00e2teva declara\u021bii despre acesta:<br><br><strong>\u201ePot doar s\u0103 v\u0103 spun c\u0103 m-am \u00eent\u00e2lnit cu un politician serios, m-am \u00eent\u00e2lnit cu un or\u0103dean. Se mi\u0219c\u0103 \u00een acela\u0219i sistem de coduri, \u00een aceea\u0219i mentalitate ca \u0219i noi. M-am \u00eent\u00e2lnit cu un omolog care se va lupta pentru interesele rom\u00e2nilor, nimeni s\u0103 nu aib\u0103 niciun dubiu \u00een acest sens, \u0219i vrea \u0219i succese comune rom\u00e2no-ungare, este interesat \u00een succesele rom\u00e2no-ungare. <\/strong><\/p>\n\n\n\n<figure class=\"wp-block-image size-large\"><img loading=\"lazy\" decoding=\"async\" width=\"1024\" height=\"683\" src=\"https:\/\/covasna45.ro\/wp-content\/uploads\/2025\/07\/vilie-1024x683.jpg\" alt=\"\" class=\"wp-image-12281\" srcset=\"https:\/\/covasna45.ro\/wp-content\/uploads\/2025\/07\/vilie-1024x683.jpg 1024w, https:\/\/covasna45.ro\/wp-content\/uploads\/2025\/07\/vilie-300x200.jpg 300w, https:\/\/covasna45.ro\/wp-content\/uploads\/2025\/07\/vilie-768x512.jpg 768w, https:\/\/covasna45.ro\/wp-content\/uploads\/2025\/07\/vilie-1536x1024.jpg 1536w, https:\/\/covasna45.ro\/wp-content\/uploads\/2025\/07\/vilie-150x100.jpg 150w, https:\/\/covasna45.ro\/wp-content\/uploads\/2025\/07\/vilie-696x464.jpg 696w, https:\/\/covasna45.ro\/wp-content\/uploads\/2025\/07\/vilie-1068x712.jpg 1068w, https:\/\/covasna45.ro\/wp-content\/uploads\/2025\/07\/vilie-1920x1280.jpg 1920w, https:\/\/covasna45.ro\/wp-content\/uploads\/2025\/07\/vilie.jpg 2048w\" sizes=\"auto, (max-width: 1024px) 100vw, 1024px\" \/><\/figure>\n\n\n\n<p><strong>\u0218i va face pentru acest succes foarte multe, dac\u0103 Rom\u00e2nia va putea sa trece peste situa\u021bia economic\u0103 grea \u00een care sa afl\u0103. Nu eu trebuie s\u0103 etichetez aceast\u0103 situa\u021bie, dar pot s\u0103 v\u0103 spun c\u0103 m-am \u00eent\u00e2lnit cu un premier care are \u0219anse reale s\u0103 gestioneze aceast\u0103 provocare\u201d, <\/strong>a declarat Viktor Orban.<\/p>\n\n\n\n<figure class=\"wp-block-image size-large\"><img loading=\"lazy\" decoding=\"async\" width=\"1024\" height=\"683\" src=\"https:\/\/covasna45.ro\/wp-content\/uploads\/2025\/07\/t6-1024x683.jpg\" alt=\"\" class=\"wp-image-12280\" srcset=\"https:\/\/covasna45.ro\/wp-content\/uploads\/2025\/07\/t6-1024x683.jpg 1024w, https:\/\/covasna45.ro\/wp-content\/uploads\/2025\/07\/t6-300x200.jpg 300w, https:\/\/covasna45.ro\/wp-content\/uploads\/2025\/07\/t6-768x512.jpg 768w, https:\/\/covasna45.ro\/wp-content\/uploads\/2025\/07\/t6-1536x1024.jpg 1536w, https:\/\/covasna45.ro\/wp-content\/uploads\/2025\/07\/t6-150x100.jpg 150w, https:\/\/covasna45.ro\/wp-content\/uploads\/2025\/07\/t6-696x464.jpg 696w, https:\/\/covasna45.ro\/wp-content\/uploads\/2025\/07\/t6-1068x712.jpg 1068w, https:\/\/covasna45.ro\/wp-content\/uploads\/2025\/07\/t6-1920x1280.jpg 1920w, https:\/\/covasna45.ro\/wp-content\/uploads\/2025\/07\/t6.jpg 2048w\" sizes=\"auto, (max-width: 1024px) 100vw, 1024px\" \/><\/figure>\n\n\n\n<p>\u201ePo\u021bi conta pe noi!\u201d este motto-ul sub care se desf\u0103\u0219oar\u0103, \u00eentre 22 \u0219i 27 iulie, Universitatea de Var\u0103 \u201eTusv\u00e1nyos\u201d. Printre temele dezb\u0103tute se num\u0103r\u0103 agricultura, cooperarea universitar\u0103, sau dezvoltarea urban\u0103.<\/p>\n\n\n\n<p>Sursa: <a href=\"https:\/\/agerpres.ro\/politic\/2025\/07\/26\/tusvanyos-viktor-orban-bolojan-un-politician-serios-interesat-in-succesele-romano-ungare--1471386\">Agerpres<\/a><\/p>\n\n\n\n<p>Foto: <a href=\"https:\/\/www.facebook.com\/tusvanyos\">Tusvanyos<\/a><br><br><br><\/p>\n","protected":false},"excerpt":{"rendered":"<p>Premierul Ungariei Viktor Orb\u00e1n\u00a0se afl\u0103 \u00een Rom\u00e2nia, la cea de-a cea de-a 34-a edi\u021bie a Universit\u0103\u021bii de Var\u0103 \u201eTusvanyos\u201d de la B\u0103ile Tu\u0219nad, jude\u021bul Harghita. Sunt prezen\u021bi, de asemenea, lideri politici ai UDMR, inclusiv pre\u0219edintele Consiliului Jude\u021bean Covasna, Tamas Sandor, \u0219i primarul municipiului Sf\u00e2ntu Gheroghe. Dar \u0219i numero\u0219i membri ai Guvernului de la Budapesta, europarlamentari [&hellip;]<\/p>\n","protected":false},"author":1,"featured_media":12277,"comment_status":"open","ping_status":"closed","sticky":false,"template":"","format":"standard","meta":{"tdm_status":"","tdm_grid_status":"","footnotes":""},"categories":[14],"tags":[3134,2592,66],"class_list":{"0":"post-12276","1":"post","2":"type-post","3":"status-publish","4":"format-standard","5":"has-post-thumbnail","7":"category-lumea-noastra","8":"tag-ilie-bolojan","9":"tag-tusvanyos-2","10":"tag-viktor-orban"},"yoast_head":"<!-- This site is optimized with the Yoast SEO plugin v27.5 - https:\/\/yoast.com\/product\/yoast-seo-wordpress\/ -->\n<title>Viktor Orb\u00e1n\u00a0\u00eel laud\u0103 pe Ilie Bolojan: \u201eSe va lupta pentru interesele rom\u00e2nilor\u201d - Covasna45<\/title>\n<meta name=\"description\" content=\"Premierul Ungariei Viktor Orb\u00e1n\u00a0se afl\u0103 \u00een Rom\u00e2nia, la cea de-a cea de-a 34-a edi\u021bie a Universit\u0103\u021bii de Var\u0103 \u201eTusvanyos\u201d.\" \/>\n<meta name=\"robots\" content=\"index, follow, max-snippet:-1, max-image-preview:large, max-video-preview:-1\" \/>\n<link rel=\"canonical\" href=\"https:\/\/covasna45.ro\/index.php\/lumea-noastra\/viktor-orban-il-lauda-pe-ilie-bolojan-se-va-lupta-pentru-interesele-romanilor\/\" \/>\n<meta property=\"og:locale\" content=\"ro_RO\" \/>\n<meta property=\"og:type\" content=\"article\" \/>\n<meta property=\"og:title\" content=\"Viktor Orb\u00e1n\u00a0\u00eel laud\u0103 pe Ilie Bolojan: \u201eSe va lupta pentru interesele rom\u00e2nilor\u201d - Covasna45\" \/>\n<meta property=\"og:description\" content=\"Premierul Ungariei Viktor Orb\u00e1n\u00a0se afl\u0103 \u00een Rom\u00e2nia, la cea de-a cea de-a 34-a edi\u021bie a Universit\u0103\u021bii de Var\u0103 \u201eTusvanyos\u201d.\" \/>\n<meta property=\"og:url\" content=\"https:\/\/covasna45.ro\/index.php\/lumea-noastra\/viktor-orban-il-lauda-pe-ilie-bolojan-se-va-lupta-pentru-interesele-romanilor\/\" \/>\n<meta property=\"og:site_name\" content=\"Covasna45\" \/>\n<meta property=\"article:published_time\" content=\"2025-07-26T12:13:00+00:00\" \/>\n<meta property=\"article:modified_time\" content=\"2025-07-26T12:13:01+00:00\" \/>\n<meta property=\"og:image\" content=\"https:\/\/covasna45.ro\/wp-content\/uploads\/2025\/07\/tok.jpg\" \/>\n\t<meta property=\"og:image:width\" content=\"2048\" \/>\n\t<meta property=\"og:image:height\" content=\"1365\" \/>\n\t<meta property=\"og:image:type\" content=\"image\/jpeg\" \/>\n<meta name=\"author\" content=\"Covasna45\" \/>\n<meta name=\"twitter:card\" content=\"summary_large_image\" \/>\n<meta name=\"twitter:label1\" content=\"Scris de\" \/>\n\t<meta name=\"twitter:data1\" content=\"Covasna45\" \/>\n\t<meta name=\"twitter:label2\" content=\"Timp estimat pentru citire\" \/>\n\t<meta name=\"twitter:data2\" content=\"3 minute\" \/>\n<script type=\"application\/ld+json\" class=\"yoast-schema-graph\">{\"@context\":\"https:\\\/\\\/schema.org\",\"@graph\":[{\"@type\":\"Article\",\"@id\":\"https:\\\/\\\/covasna45.ro\\\/index.php\\\/lumea-noastra\\\/viktor-orban-il-lauda-pe-ilie-bolojan-se-va-lupta-pentru-interesele-romanilor\\\/#article\",\"isPartOf\":{\"@id\":\"https:\\\/\\\/covasna45.ro\\\/index.php\\\/lumea-noastra\\\/viktor-orban-il-lauda-pe-ilie-bolojan-se-va-lupta-pentru-interesele-romanilor\\\/\"},\"author\":{\"name\":\"Covasna45\",\"@id\":\"https:\\\/\\\/covasna45.ro\\\/#\\\/schema\\\/person\\\/e674052bd7d95d70bbb007a1060ab73c\"},\"headline\":\"Viktor Orb\u00e1n\u00a0\u00eel laud\u0103 pe Ilie Bolojan: \u201eSe va lupta pentru interesele rom\u00e2nilor\u201d\",\"datePublished\":\"2025-07-26T12:13:00+00:00\",\"dateModified\":\"2025-07-26T12:13:01+00:00\",\"mainEntityOfPage\":{\"@id\":\"https:\\\/\\\/covasna45.ro\\\/index.php\\\/lumea-noastra\\\/viktor-orban-il-lauda-pe-ilie-bolojan-se-va-lupta-pentru-interesele-romanilor\\\/\"},\"wordCount\":294,\"commentCount\":0,\"publisher\":{\"@id\":\"https:\\\/\\\/covasna45.ro\\\/#organization\"},\"image\":{\"@id\":\"https:\\\/\\\/covasna45.ro\\\/index.php\\\/lumea-noastra\\\/viktor-orban-il-lauda-pe-ilie-bolojan-se-va-lupta-pentru-interesele-romanilor\\\/#primaryimage\"},\"thumbnailUrl\":\"https:\\\/\\\/covasna45.ro\\\/wp-content\\\/uploads\\\/2025\\\/07\\\/tok.jpg\",\"keywords\":[\"Ilie Bolojan\",\"tusvanyos\",\"Viktor Orban\"],\"articleSection\":[\"Lumea noastr\u0103\"],\"inLanguage\":\"ro-RO\",\"potentialAction\":[{\"@type\":\"CommentAction\",\"name\":\"Comment\",\"target\":[\"https:\\\/\\\/covasna45.ro\\\/index.php\\\/lumea-noastra\\\/viktor-orban-il-lauda-pe-ilie-bolojan-se-va-lupta-pentru-interesele-romanilor\\\/#respond\"]}]},{\"@type\":\"WebPage\",\"@id\":\"https:\\\/\\\/covasna45.ro\\\/index.php\\\/lumea-noastra\\\/viktor-orban-il-lauda-pe-ilie-bolojan-se-va-lupta-pentru-interesele-romanilor\\\/\",\"url\":\"https:\\\/\\\/covasna45.ro\\\/index.php\\\/lumea-noastra\\\/viktor-orban-il-lauda-pe-ilie-bolojan-se-va-lupta-pentru-interesele-romanilor\\\/\",\"name\":\"Viktor Orb\u00e1n\u00a0\u00eel laud\u0103 pe Ilie Bolojan: \u201eSe va lupta pentru interesele rom\u00e2nilor\u201d - Covasna45\",\"isPartOf\":{\"@id\":\"https:\\\/\\\/covasna45.ro\\\/#website\"},\"primaryImageOfPage\":{\"@id\":\"https:\\\/\\\/covasna45.ro\\\/index.php\\\/lumea-noastra\\\/viktor-orban-il-lauda-pe-ilie-bolojan-se-va-lupta-pentru-interesele-romanilor\\\/#primaryimage\"},\"image\":{\"@id\":\"https:\\\/\\\/covasna45.ro\\\/index.php\\\/lumea-noastra\\\/viktor-orban-il-lauda-pe-ilie-bolojan-se-va-lupta-pentru-interesele-romanilor\\\/#primaryimage\"},\"thumbnailUrl\":\"https:\\\/\\\/covasna45.ro\\\/wp-content\\\/uploads\\\/2025\\\/07\\\/tok.jpg\",\"datePublished\":\"2025-07-26T12:13:00+00:00\",\"dateModified\":\"2025-07-26T12:13:01+00:00\",\"description\":\"Premierul Ungariei Viktor Orb\u00e1n\u00a0se afl\u0103 \u00een Rom\u00e2nia, la cea de-a cea de-a 34-a edi\u021bie a Universit\u0103\u021bii de Var\u0103 \u201eTusvanyos\u201d.\",\"breadcrumb\":{\"@id\":\"https:\\\/\\\/covasna45.ro\\\/index.php\\\/lumea-noastra\\\/viktor-orban-il-lauda-pe-ilie-bolojan-se-va-lupta-pentru-interesele-romanilor\\\/#breadcrumb\"},\"inLanguage\":\"ro-RO\",\"potentialAction\":[{\"@type\":\"ReadAction\",\"target\":[\"https:\\\/\\\/covasna45.ro\\\/index.php\\\/lumea-noastra\\\/viktor-orban-il-lauda-pe-ilie-bolojan-se-va-lupta-pentru-interesele-romanilor\\\/\"]}]},{\"@type\":\"ImageObject\",\"inLanguage\":\"ro-RO\",\"@id\":\"https:\\\/\\\/covasna45.ro\\\/index.php\\\/lumea-noastra\\\/viktor-orban-il-lauda-pe-ilie-bolojan-se-va-lupta-pentru-interesele-romanilor\\\/#primaryimage\",\"url\":\"https:\\\/\\\/covasna45.ro\\\/wp-content\\\/uploads\\\/2025\\\/07\\\/tok.jpg\",\"contentUrl\":\"https:\\\/\\\/covasna45.ro\\\/wp-content\\\/uploads\\\/2025\\\/07\\\/tok.jpg\",\"width\":2048,\"height\":1365},{\"@type\":\"BreadcrumbList\",\"@id\":\"https:\\\/\\\/covasna45.ro\\\/index.php\\\/lumea-noastra\\\/viktor-orban-il-lauda-pe-ilie-bolojan-se-va-lupta-pentru-interesele-romanilor\\\/#breadcrumb\",\"itemListElement\":[{\"@type\":\"ListItem\",\"position\":1,\"name\":\"Prima pagin\u0103\",\"item\":\"https:\\\/\\\/covasna45.ro\\\/\"},{\"@type\":\"ListItem\",\"position\":2,\"name\":\"Viktor Orb\u00e1n\u00a0\u00eel laud\u0103 pe Ilie Bolojan: \u201eSe va lupta pentru interesele rom\u00e2nilor\u201d\"}]},{\"@type\":\"WebSite\",\"@id\":\"https:\\\/\\\/covasna45.ro\\\/#website\",\"url\":\"https:\\\/\\\/covasna45.ro\\\/\",\"name\":\"covasna45.ro\",\"description\":\"\",\"publisher\":{\"@id\":\"https:\\\/\\\/covasna45.ro\\\/#organization\"},\"potentialAction\":[{\"@type\":\"SearchAction\",\"target\":{\"@type\":\"EntryPoint\",\"urlTemplate\":\"https:\\\/\\\/covasna45.ro\\\/?s={search_term_string}\"},\"query-input\":{\"@type\":\"PropertyValueSpecification\",\"valueRequired\":true,\"valueName\":\"search_term_string\"}}],\"inLanguage\":\"ro-RO\"},{\"@type\":\"Organization\",\"@id\":\"https:\\\/\\\/covasna45.ro\\\/#organization\",\"name\":\"covasna45.ro\",\"url\":\"https:\\\/\\\/covasna45.ro\\\/\",\"logo\":{\"@type\":\"ImageObject\",\"inLanguage\":\"ro-RO\",\"@id\":\"https:\\\/\\\/covasna45.ro\\\/#\\\/schema\\\/logo\\\/image\\\/\",\"url\":\"https:\\\/\\\/covasna45.ro\\\/wp-content\\\/uploads\\\/2023\\\/01\\\/icon_logo.png\",\"contentUrl\":\"https:\\\/\\\/covasna45.ro\\\/wp-content\\\/uploads\\\/2023\\\/01\\\/icon_logo.png\",\"width\":1900,\"height\":1900,\"caption\":\"covasna45.ro\"},\"image\":{\"@id\":\"https:\\\/\\\/covasna45.ro\\\/#\\\/schema\\\/logo\\\/image\\\/\"}},{\"@type\":\"Person\",\"@id\":\"https:\\\/\\\/covasna45.ro\\\/#\\\/schema\\\/person\\\/e674052bd7d95d70bbb007a1060ab73c\",\"name\":\"Covasna45\",\"image\":{\"@type\":\"ImageObject\",\"inLanguage\":\"ro-RO\",\"@id\":\"https:\\\/\\\/covasna45.ro\\\/wp-content\\\/uploads\\\/2025\\\/10\\\/icon_logo_covasna45-150x150.png\",\"url\":\"https:\\\/\\\/covasna45.ro\\\/wp-content\\\/uploads\\\/2025\\\/10\\\/icon_logo_covasna45-150x150.png\",\"contentUrl\":\"https:\\\/\\\/covasna45.ro\\\/wp-content\\\/uploads\\\/2025\\\/10\\\/icon_logo_covasna45-150x150.png\",\"caption\":\"Covasna45\"},\"sameAs\":[\"https:\\\/\\\/covasna45.ro\"],\"url\":\"https:\\\/\\\/covasna45.ro\\\/index.php\\\/author\\\/covasna\\\/\"}]}<\/script>\n<!-- \/ Yoast SEO plugin. -->","yoast_head_json":{"title":"Viktor Orb\u00e1n\u00a0\u00eel laud\u0103 pe Ilie Bolojan: \u201eSe va lupta pentru interesele rom\u00e2nilor\u201d - Covasna45","description":"Premierul Ungariei Viktor Orb\u00e1n\u00a0se afl\u0103 \u00een Rom\u00e2nia, la cea de-a cea de-a 34-a edi\u021bie a Universit\u0103\u021bii de Var\u0103 \u201eTusvanyos\u201d.","robots":{"index":"index","follow":"follow","max-snippet":"max-snippet:-1","max-image-preview":"max-image-preview:large","max-video-preview":"max-video-preview:-1"},"canonical":"https:\/\/covasna45.ro\/index.php\/lumea-noastra\/viktor-orban-il-lauda-pe-ilie-bolojan-se-va-lupta-pentru-interesele-romanilor\/","og_locale":"ro_RO","og_type":"article","og_title":"Viktor Orb\u00e1n\u00a0\u00eel laud\u0103 pe Ilie Bolojan: \u201eSe va lupta pentru interesele rom\u00e2nilor\u201d - Covasna45","og_description":"Premierul Ungariei Viktor Orb\u00e1n\u00a0se afl\u0103 \u00een Rom\u00e2nia, la cea de-a cea de-a 34-a edi\u021bie a Universit\u0103\u021bii de Var\u0103 \u201eTusvanyos\u201d.","og_url":"https:\/\/covasna45.ro\/index.php\/lumea-noastra\/viktor-orban-il-lauda-pe-ilie-bolojan-se-va-lupta-pentru-interesele-romanilor\/","og_site_name":"Covasna45","article_published_time":"2025-07-26T12:13:00+00:00","article_modified_time":"2025-07-26T12:13:01+00:00","og_image":[{"width":2048,"height":1365,"url":"https:\/\/covasna45.ro\/wp-content\/uploads\/2025\/07\/tok.jpg","type":"image\/jpeg"}],"author":"Covasna45","twitter_card":"summary_large_image","twitter_misc":{"Scris de":"Covasna45","Timp estimat pentru citire":"3 minute"},"schema":{"@context":"https:\/\/schema.org","@graph":[{"@type":"Article","@id":"https:\/\/covasna45.ro\/index.php\/lumea-noastra\/viktor-orban-il-lauda-pe-ilie-bolojan-se-va-lupta-pentru-interesele-romanilor\/#article","isPartOf":{"@id":"https:\/\/covasna45.ro\/index.php\/lumea-noastra\/viktor-orban-il-lauda-pe-ilie-bolojan-se-va-lupta-pentru-interesele-romanilor\/"},"author":{"name":"Covasna45","@id":"https:\/\/covasna45.ro\/#\/schema\/person\/e674052bd7d95d70bbb007a1060ab73c"},"headline":"Viktor Orb\u00e1n\u00a0\u00eel laud\u0103 pe Ilie Bolojan: \u201eSe va lupta pentru interesele rom\u00e2nilor\u201d","datePublished":"2025-07-26T12:13:00+00:00","dateModified":"2025-07-26T12:13:01+00:00","mainEntityOfPage":{"@id":"https:\/\/covasna45.ro\/index.php\/lumea-noastra\/viktor-orban-il-lauda-pe-ilie-bolojan-se-va-lupta-pentru-interesele-romanilor\/"},"wordCount":294,"commentCount":0,"publisher":{"@id":"https:\/\/covasna45.ro\/#organization"},"image":{"@id":"https:\/\/covasna45.ro\/index.php\/lumea-noastra\/viktor-orban-il-lauda-pe-ilie-bolojan-se-va-lupta-pentru-interesele-romanilor\/#primaryimage"},"thumbnailUrl":"https:\/\/covasna45.ro\/wp-content\/uploads\/2025\/07\/tok.jpg","keywords":["Ilie Bolojan","tusvanyos","Viktor Orban"],"articleSection":["Lumea noastr\u0103"],"inLanguage":"ro-RO","potentialAction":[{"@type":"CommentAction","name":"Comment","target":["https:\/\/covasna45.ro\/index.php\/lumea-noastra\/viktor-orban-il-lauda-pe-ilie-bolojan-se-va-lupta-pentru-interesele-romanilor\/#respond"]}]},{"@type":"WebPage","@id":"https:\/\/covasna45.ro\/index.php\/lumea-noastra\/viktor-orban-il-lauda-pe-ilie-bolojan-se-va-lupta-pentru-interesele-romanilor\/","url":"https:\/\/covasna45.ro\/index.php\/lumea-noastra\/viktor-orban-il-lauda-pe-ilie-bolojan-se-va-lupta-pentru-interesele-romanilor\/","name":"Viktor Orb\u00e1n\u00a0\u00eel laud\u0103 pe Ilie Bolojan: \u201eSe va lupta pentru interesele rom\u00e2nilor\u201d - Covasna45","isPartOf":{"@id":"https:\/\/covasna45.ro\/#website"},"primaryImageOfPage":{"@id":"https:\/\/covasna45.ro\/index.php\/lumea-noastra\/viktor-orban-il-lauda-pe-ilie-bolojan-se-va-lupta-pentru-interesele-romanilor\/#primaryimage"},"image":{"@id":"https:\/\/covasna45.ro\/index.php\/lumea-noastra\/viktor-orban-il-lauda-pe-ilie-bolojan-se-va-lupta-pentru-interesele-romanilor\/#primaryimage"},"thumbnailUrl":"https:\/\/covasna45.ro\/wp-content\/uploads\/2025\/07\/tok.jpg","datePublished":"2025-07-26T12:13:00+00:00","dateModified":"2025-07-26T12:13:01+00:00","description":"Premierul Ungariei Viktor Orb\u00e1n\u00a0se afl\u0103 \u00een Rom\u00e2nia, la cea de-a cea de-a 34-a edi\u021bie a Universit\u0103\u021bii de Var\u0103 \u201eTusvanyos\u201d.","breadcrumb":{"@id":"https:\/\/covasna45.ro\/index.php\/lumea-noastra\/viktor-orban-il-lauda-pe-ilie-bolojan-se-va-lupta-pentru-interesele-romanilor\/#breadcrumb"},"inLanguage":"ro-RO","potentialAction":[{"@type":"ReadAction","target":["https:\/\/covasna45.ro\/index.php\/lumea-noastra\/viktor-orban-il-lauda-pe-ilie-bolojan-se-va-lupta-pentru-interesele-romanilor\/"]}]},{"@type":"ImageObject","inLanguage":"ro-RO","@id":"https:\/\/covasna45.ro\/index.php\/lumea-noastra\/viktor-orban-il-lauda-pe-ilie-bolojan-se-va-lupta-pentru-interesele-romanilor\/#primaryimage","url":"https:\/\/covasna45.ro\/wp-content\/uploads\/2025\/07\/tok.jpg","contentUrl":"https:\/\/covasna45.ro\/wp-content\/uploads\/2025\/07\/tok.jpg","width":2048,"height":1365},{"@type":"BreadcrumbList","@id":"https:\/\/covasna45.ro\/index.php\/lumea-noastra\/viktor-orban-il-lauda-pe-ilie-bolojan-se-va-lupta-pentru-interesele-romanilor\/#breadcrumb","itemListElement":[{"@type":"ListItem","position":1,"name":"Prima pagin\u0103","item":"https:\/\/covasna45.ro\/"},{"@type":"ListItem","position":2,"name":"Viktor Orb\u00e1n\u00a0\u00eel laud\u0103 pe Ilie Bolojan: \u201eSe va lupta pentru interesele rom\u00e2nilor\u201d"}]},{"@type":"WebSite","@id":"https:\/\/covasna45.ro\/#website","url":"https:\/\/covasna45.ro\/","name":"covasna45.ro","description":"","publisher":{"@id":"https:\/\/covasna45.ro\/#organization"},"potentialAction":[{"@type":"SearchAction","target":{"@type":"EntryPoint","urlTemplate":"https:\/\/covasna45.ro\/?s={search_term_string}"},"query-input":{"@type":"PropertyValueSpecification","valueRequired":true,"valueName":"search_term_string"}}],"inLanguage":"ro-RO"},{"@type":"Organization","@id":"https:\/\/covasna45.ro\/#organization","name":"covasna45.ro","url":"https:\/\/covasna45.ro\/","logo":{"@type":"ImageObject","inLanguage":"ro-RO","@id":"https:\/\/covasna45.ro\/#\/schema\/logo\/image\/","url":"https:\/\/covasna45.ro\/wp-content\/uploads\/2023\/01\/icon_logo.png","contentUrl":"https:\/\/covasna45.ro\/wp-content\/uploads\/2023\/01\/icon_logo.png","width":1900,"height":1900,"caption":"covasna45.ro"},"image":{"@id":"https:\/\/covasna45.ro\/#\/schema\/logo\/image\/"}},{"@type":"Person","@id":"https:\/\/covasna45.ro\/#\/schema\/person\/e674052bd7d95d70bbb007a1060ab73c","name":"Covasna45","image":{"@type":"ImageObject","inLanguage":"ro-RO","@id":"https:\/\/covasna45.ro\/wp-content\/uploads\/2025\/10\/icon_logo_covasna45-150x150.png","url":"https:\/\/covasna45.ro\/wp-content\/uploads\/2025\/10\/icon_logo_covasna45-150x150.png","contentUrl":"https:\/\/covasna45.ro\/wp-content\/uploads\/2025\/10\/icon_logo_covasna45-150x150.png","caption":"Covasna45"},"sameAs":["https:\/\/covasna45.ro"],"url":"https:\/\/covasna45.ro\/index.php\/author\/covasna\/"}]}},"_links":{"self":[{"href":"https:\/\/covasna45.ro\/index.php\/wp-json\/wp\/v2\/posts\/12276","targetHints":{"allow":["GET"]}}],"collection":[{"href":"https:\/\/covasna45.ro\/index.php\/wp-json\/wp\/v2\/posts"}],"about":[{"href":"https:\/\/covasna45.ro\/index.php\/wp-json\/wp\/v2\/types\/post"}],"author":[{"embeddable":true,"href":"https:\/\/covasna45.ro\/index.php\/wp-json\/wp\/v2\/users\/1"}],"replies":[{"embeddable":true,"href":"https:\/\/covasna45.ro\/index.php\/wp-json\/wp\/v2\/comments?post=12276"}],"version-history":[{"count":1,"href":"https:\/\/covasna45.ro\/index.php\/wp-json\/wp\/v2\/posts\/12276\/revisions"}],"predecessor-version":[{"id":12282,"href":"https:\/\/covasna45.ro\/index.php\/wp-json\/wp\/v2\/posts\/12276\/revisions\/12282"}],"wp:featuredmedia":[{"embeddable":true,"href":"https:\/\/covasna45.ro\/index.php\/wp-json\/wp\/v2\/media\/12277"}],"wp:attachment":[{"href":"https:\/\/covasna45.ro\/index.php\/wp-json\/wp\/v2\/media?parent=12276"}],"wp:term":[{"taxonomy":"category","embeddable":true,"href":"https:\/\/covasna45.ro\/index.php\/wp-json\/wp\/v2\/categories?post=12276"},{"taxonomy":"post_tag","embeddable":true,"href":"https:\/\/covasna45.ro\/index.php\/wp-json\/wp\/v2\/tags?post=12276"}],"curies":[{"name":"wp","href":"https:\/\/api.w.org\/{rel}","templated":true}]}}