{"id":12283,"date":"2025-07-28T09:20:24","date_gmt":"2025-07-28T07:20:24","guid":{"rendered":"https:\/\/covasna45.ro\/?p=12283"},"modified":"2025-07-28T09:20:25","modified_gmt":"2025-07-28T07:20:25","slug":"demonstratii-cu-cai-la-herghelia-sambata-de-jos-pe-16-august","status":"publish","type":"post","link":"https:\/\/covasna45.ro\/index.php\/lumea-noastra\/demonstratii-cu-cai-la-herghelia-sambata-de-jos-pe-16-august\/","title":{"rendered":"Demonstra\u021bii cu cai la Herghelia S\u00e2mb\u0103ta de Jos, pe 16 august"},"content":{"rendered":"\n<p>Regia Na\u021bional\u0103 a P\u0103durilor \u2013 ROMSILVA prin Direc\u021bia de Cre\u0219tere Exploatare \u0219i Ameliorare a Cabalinelor, \u00eei invit\u0103 pe iubitorii de <a href=\"https:\/\/covasna45.ro\/index.php\/lumea-noastra\/concursul-de-atelaje-de-la-olteni-romsilva-a-prezentat-rase-de-cai-din-elita-mondiala\/\">cai<\/a> \u2013 \u0219i nu numai \u2013 la un spectacol ecvestru de excep\u021bie, g\u0103zduit de renumita Herghelie S\u00e2mb\u0103ta de Jos. Evenimentul va avea loc pe 16 august.<\/p>\n\n\n\n<p>Deschiderea por\u021bilor pentru public este la ora 09:00, iar \u00eenceperea spectacolului e programat\u0103 pentru ora 11:00. Organizatorii recomand\u0103 sosirea la ora 10:00 pentru acomodare, vizitarea grajdurilor \u0219i fotografii cu&nbsp;<a href=\"https:\/\/dinpadure.ro\/concurs-de-atelaje-cu-doi-cai-cei-mai-frumosi-armasari-ai-romsilva-gata-de-start\/\">arm\u0103sarii<\/a>&nbsp;Lipi\u021bani.<\/p>\n\n\n\n<figure class=\"wp-block-image size-large\"><img loading=\"lazy\" decoding=\"async\" width=\"1024\" height=\"767\" src=\"https:\/\/covasna45.ro\/wp-content\/uploads\/2025\/07\/cai-rnp-sambata-1024x767.jpg\" alt=\"\" class=\"wp-image-12285\" srcset=\"https:\/\/covasna45.ro\/wp-content\/uploads\/2025\/07\/cai-rnp-sambata-1024x767.jpg 1024w, https:\/\/covasna45.ro\/wp-content\/uploads\/2025\/07\/cai-rnp-sambata-300x225.jpg 300w, https:\/\/covasna45.ro\/wp-content\/uploads\/2025\/07\/cai-rnp-sambata-768x575.jpg 768w, https:\/\/covasna45.ro\/wp-content\/uploads\/2025\/07\/cai-rnp-sambata-1536x1151.jpg 1536w, https:\/\/covasna45.ro\/wp-content\/uploads\/2025\/07\/cai-rnp-sambata-150x112.jpg 150w, https:\/\/covasna45.ro\/wp-content\/uploads\/2025\/07\/cai-rnp-sambata-696x521.jpg 696w, https:\/\/covasna45.ro\/wp-content\/uploads\/2025\/07\/cai-rnp-sambata-1068x800.jpg 1068w, https:\/\/covasna45.ro\/wp-content\/uploads\/2025\/07\/cai-rnp-sambata-1920x1438.jpg 1920w, https:\/\/covasna45.ro\/wp-content\/uploads\/2025\/07\/cai-rnp-sambata.jpg 2048w\" sizes=\"auto, (max-width: 1024px) 100vw, 1024px\" \/><\/figure>\n\n\n\n<h2 class=\"wp-block-heading\">Ce ve\u021bi vedea?<\/h2>\n\n\n\n<ul class=\"wp-block-list\">\n<li>Demonstra\u021bie de dresaj academic c\u0103lare cu arm\u0103sari Lipi\u021bani, prezentat\u0103 de c\u0103tre Georgiana Neselean.<\/li>\n<\/ul>\n\n\n\n<ul class=\"wp-block-list\">\n<li>Demonstra\u021bie de dresaj cu atelajul de 1 cal prezentat\u0103 de c\u0103tre Csoma Andrei, secund Mardare Robert.<\/li>\n<\/ul>\n\n\n\n<ul class=\"wp-block-list\">\n<li>Demonstra\u021bie de dresaj caruselul prezentat\u0103 de c\u0103tre Georgiana Neselean, Palhegi Florin, Nistor Ioan, Opri\u0219 Nicolae.<\/li>\n<\/ul>\n\n\n\n<ul class=\"wp-block-list\">\n<li>Demonstra\u021bie de dresaj cu atelajul de 2 cai prezentat\u0103 de c\u0103tre Csoma Andrei \u0219i Mardare Robert.<\/li>\n<\/ul>\n\n\n\n<ul class=\"wp-block-list\">\n<li>Demonstra\u021bie de dresaj artistic prezentat\u0103 de c\u0103tre Georgiana Neselean.<\/li>\n<\/ul>\n\n\n\n<ul class=\"wp-block-list\">\n<li>Demonstra\u021bie de maraton la tr\u0103sur\u0103 cu atelajul de 2 cai prezentat\u0103 de c\u0103tre Csoma Andrei.Demonstra\u021bie dresaj artistic c\u0103lare prezentat\u0103 de c\u0103tre Cataleya Andreea Dr\u0103gan<\/li>\n<\/ul>\n\n\n\n<h2 class=\"wp-block-heading\">Bilete<\/h2>\n\n\n\n<p>Costul biletelor este de 25 lei \/ persoan\u0103, iar copiii sub 6 ani beneficiaz\u0103 de acces gratuit.<\/p>\n\n\n\n<figure class=\"wp-block-image size-large\"><img loading=\"lazy\" decoding=\"async\" width=\"1024\" height=\"455\" src=\"https:\/\/covasna45.ro\/wp-content\/uploads\/2025\/07\/sambatat-1024x455.jpg\" alt=\"\" class=\"wp-image-12286\" srcset=\"https:\/\/covasna45.ro\/wp-content\/uploads\/2025\/07\/sambatat-1024x455.jpg 1024w, https:\/\/covasna45.ro\/wp-content\/uploads\/2025\/07\/sambatat-300x133.jpg 300w, https:\/\/covasna45.ro\/wp-content\/uploads\/2025\/07\/sambatat-768x341.jpg 768w, https:\/\/covasna45.ro\/wp-content\/uploads\/2025\/07\/sambatat-1536x683.jpg 1536w, https:\/\/covasna45.ro\/wp-content\/uploads\/2025\/07\/sambatat-2048x910.jpg 2048w, https:\/\/covasna45.ro\/wp-content\/uploads\/2025\/07\/sambatat-150x67.jpg 150w, https:\/\/covasna45.ro\/wp-content\/uploads\/2025\/07\/sambatat-696x309.jpg 696w, https:\/\/covasna45.ro\/wp-content\/uploads\/2025\/07\/sambatat-1068x475.jpg 1068w, https:\/\/covasna45.ro\/wp-content\/uploads\/2025\/07\/sambatat-1920x853.jpg 1920w\" sizes=\"auto, (max-width: 1024px) 100vw, 1024px\" \/><\/figure>\n\n\n\n<h2 class=\"wp-block-heading\">Cum se ajunge?<\/h2>\n\n\n\n<p>Herghelia S\u00e2mb\u0103ta de Jos se afl\u0103 la doar 15 km de F\u0103g\u0103ra\u0219, pe DN1, \u00een direc\u021bia Sibiu\u2013Bra\u0219ov. Parcarea este gratuit\u0103 \u0219i semnalizat\u0103.<br><\/p>\n","protected":false},"excerpt":{"rendered":"<p>Regia Na\u021bional\u0103 a P\u0103durilor \u2013 ROMSILVA prin Direc\u021bia de Cre\u0219tere Exploatare \u0219i Ameliorare a Cabalinelor, \u00eei invit\u0103 pe iubitorii de cai \u2013 \u0219i nu numai \u2013 la un spectacol ecvestru de excep\u021bie, g\u0103zduit de renumita Herghelie S\u00e2mb\u0103ta de Jos. Evenimentul va avea loc pe 16 august. Deschiderea por\u021bilor pentru public este la ora 09:00, iar [&hellip;]<\/p>\n","protected":false},"author":1,"featured_media":12284,"comment_status":"open","ping_status":"closed","sticky":false,"template":"","format":"standard","meta":{"tdm_status":"","tdm_grid_status":"","footnotes":""},"categories":[14],"tags":[112,2818,3791],"class_list":{"0":"post-12283","1":"post","2":"type-post","3":"status-publish","4":"format-standard","5":"has-post-thumbnail","7":"category-lumea-noastra","8":"tag-cai","9":"tag-romsilva","10":"tag-sambata-de-jos"},"yoast_head":"<!-- This site is optimized with the Yoast SEO plugin v27.5 - https:\/\/yoast.com\/product\/yoast-seo-wordpress\/ -->\n<title>Demonstra\u021bii cu cai la Herghelia S\u00e2mb\u0103ta de Jos, pe 16 august - Covasna45<\/title>\n<meta name=\"description\" content=\"Costul biletelor este de 25 lei \/ persoan\u0103, iar copiii sub 6 ani beneficiaz\u0103 de acces gratuit.\" \/>\n<meta name=\"robots\" content=\"index, follow, max-snippet:-1, max-image-preview:large, max-video-preview:-1\" \/>\n<link rel=\"canonical\" href=\"https:\/\/covasna45.ro\/index.php\/lumea-noastra\/demonstratii-cu-cai-la-herghelia-sambata-de-jos-pe-16-august\/\" \/>\n<meta property=\"og:locale\" content=\"ro_RO\" \/>\n<meta property=\"og:type\" content=\"article\" \/>\n<meta property=\"og:title\" content=\"Demonstra\u021bii cu cai la Herghelia S\u00e2mb\u0103ta de Jos, pe 16 august - Covasna45\" \/>\n<meta property=\"og:description\" content=\"Costul biletelor este de 25 lei \/ persoan\u0103, iar copiii sub 6 ani beneficiaz\u0103 de acces gratuit.\" \/>\n<meta property=\"og:url\" content=\"https:\/\/covasna45.ro\/index.php\/lumea-noastra\/demonstratii-cu-cai-la-herghelia-sambata-de-jos-pe-16-august\/\" \/>\n<meta property=\"og:site_name\" content=\"Covasna45\" \/>\n<meta property=\"article:published_time\" content=\"2025-07-28T07:20:24+00:00\" \/>\n<meta property=\"article:modified_time\" content=\"2025-07-28T07:20:25+00:00\" \/>\n<meta property=\"og:image\" content=\"https:\/\/covasna45.ro\/wp-content\/uploads\/2025\/07\/spect-samabata.jpg\" \/>\n\t<meta property=\"og:image:width\" content=\"2048\" \/>\n\t<meta property=\"og:image:height\" content=\"1048\" \/>\n\t<meta property=\"og:image:type\" content=\"image\/jpeg\" \/>\n<meta name=\"author\" content=\"Covasna45\" \/>\n<meta name=\"twitter:card\" content=\"summary_large_image\" \/>\n<meta name=\"twitter:label1\" content=\"Scris de\" \/>\n\t<meta name=\"twitter:data1\" content=\"Covasna45\" \/>\n\t<meta name=\"twitter:label2\" content=\"Timp estimat pentru citire\" \/>\n\t<meta name=\"twitter:data2\" content=\"2 minute\" \/>\n<script type=\"application\/ld+json\" class=\"yoast-schema-graph\">{\"@context\":\"https:\\\/\\\/schema.org\",\"@graph\":[{\"@type\":\"Article\",\"@id\":\"https:\\\/\\\/covasna45.ro\\\/index.php\\\/lumea-noastra\\\/demonstratii-cu-cai-la-herghelia-sambata-de-jos-pe-16-august\\\/#article\",\"isPartOf\":{\"@id\":\"https:\\\/\\\/covasna45.ro\\\/index.php\\\/lumea-noastra\\\/demonstratii-cu-cai-la-herghelia-sambata-de-jos-pe-16-august\\\/\"},\"author\":{\"name\":\"Covasna45\",\"@id\":\"https:\\\/\\\/covasna45.ro\\\/#\\\/schema\\\/person\\\/e674052bd7d95d70bbb007a1060ab73c\"},\"headline\":\"Demonstra\u021bii cu cai la Herghelia S\u00e2mb\u0103ta de Jos, pe 16 august\",\"datePublished\":\"2025-07-28T07:20:24+00:00\",\"dateModified\":\"2025-07-28T07:20:25+00:00\",\"mainEntityOfPage\":{\"@id\":\"https:\\\/\\\/covasna45.ro\\\/index.php\\\/lumea-noastra\\\/demonstratii-cu-cai-la-herghelia-sambata-de-jos-pe-16-august\\\/\"},\"wordCount\":257,\"commentCount\":0,\"publisher\":{\"@id\":\"https:\\\/\\\/covasna45.ro\\\/#organization\"},\"image\":{\"@id\":\"https:\\\/\\\/covasna45.ro\\\/index.php\\\/lumea-noastra\\\/demonstratii-cu-cai-la-herghelia-sambata-de-jos-pe-16-august\\\/#primaryimage\"},\"thumbnailUrl\":\"https:\\\/\\\/covasna45.ro\\\/wp-content\\\/uploads\\\/2025\\\/07\\\/spect-samabata.jpg\",\"keywords\":[\"Cai\",\"romsilva\",\"Sambata de Jos\"],\"articleSection\":[\"Lumea noastr\u0103\"],\"inLanguage\":\"ro-RO\",\"potentialAction\":[{\"@type\":\"CommentAction\",\"name\":\"Comment\",\"target\":[\"https:\\\/\\\/covasna45.ro\\\/index.php\\\/lumea-noastra\\\/demonstratii-cu-cai-la-herghelia-sambata-de-jos-pe-16-august\\\/#respond\"]}]},{\"@type\":\"WebPage\",\"@id\":\"https:\\\/\\\/covasna45.ro\\\/index.php\\\/lumea-noastra\\\/demonstratii-cu-cai-la-herghelia-sambata-de-jos-pe-16-august\\\/\",\"url\":\"https:\\\/\\\/covasna45.ro\\\/index.php\\\/lumea-noastra\\\/demonstratii-cu-cai-la-herghelia-sambata-de-jos-pe-16-august\\\/\",\"name\":\"Demonstra\u021bii cu cai la Herghelia S\u00e2mb\u0103ta de Jos, pe 16 august - Covasna45\",\"isPartOf\":{\"@id\":\"https:\\\/\\\/covasna45.ro\\\/#website\"},\"primaryImageOfPage\":{\"@id\":\"https:\\\/\\\/covasna45.ro\\\/index.php\\\/lumea-noastra\\\/demonstratii-cu-cai-la-herghelia-sambata-de-jos-pe-16-august\\\/#primaryimage\"},\"image\":{\"@id\":\"https:\\\/\\\/covasna45.ro\\\/index.php\\\/lumea-noastra\\\/demonstratii-cu-cai-la-herghelia-sambata-de-jos-pe-16-august\\\/#primaryimage\"},\"thumbnailUrl\":\"https:\\\/\\\/covasna45.ro\\\/wp-content\\\/uploads\\\/2025\\\/07\\\/spect-samabata.jpg\",\"datePublished\":\"2025-07-28T07:20:24+00:00\",\"dateModified\":\"2025-07-28T07:20:25+00:00\",\"description\":\"Costul biletelor este de 25 lei \\\/ persoan\u0103, iar copiii sub 6 ani beneficiaz\u0103 de acces gratuit.\",\"breadcrumb\":{\"@id\":\"https:\\\/\\\/covasna45.ro\\\/index.php\\\/lumea-noastra\\\/demonstratii-cu-cai-la-herghelia-sambata-de-jos-pe-16-august\\\/#breadcrumb\"},\"inLanguage\":\"ro-RO\",\"potentialAction\":[{\"@type\":\"ReadAction\",\"target\":[\"https:\\\/\\\/covasna45.ro\\\/index.php\\\/lumea-noastra\\\/demonstratii-cu-cai-la-herghelia-sambata-de-jos-pe-16-august\\\/\"]}]},{\"@type\":\"ImageObject\",\"inLanguage\":\"ro-RO\",\"@id\":\"https:\\\/\\\/covasna45.ro\\\/index.php\\\/lumea-noastra\\\/demonstratii-cu-cai-la-herghelia-sambata-de-jos-pe-16-august\\\/#primaryimage\",\"url\":\"https:\\\/\\\/covasna45.ro\\\/wp-content\\\/uploads\\\/2025\\\/07\\\/spect-samabata.jpg\",\"contentUrl\":\"https:\\\/\\\/covasna45.ro\\\/wp-content\\\/uploads\\\/2025\\\/07\\\/spect-samabata.jpg\",\"width\":2048,\"height\":1048},{\"@type\":\"BreadcrumbList\",\"@id\":\"https:\\\/\\\/covasna45.ro\\\/index.php\\\/lumea-noastra\\\/demonstratii-cu-cai-la-herghelia-sambata-de-jos-pe-16-august\\\/#breadcrumb\",\"itemListElement\":[{\"@type\":\"ListItem\",\"position\":1,\"name\":\"Prima pagin\u0103\",\"item\":\"https:\\\/\\\/covasna45.ro\\\/\"},{\"@type\":\"ListItem\",\"position\":2,\"name\":\"Demonstra\u021bii cu cai la Herghelia S\u00e2mb\u0103ta de Jos, pe 16 august\"}]},{\"@type\":\"WebSite\",\"@id\":\"https:\\\/\\\/covasna45.ro\\\/#website\",\"url\":\"https:\\\/\\\/covasna45.ro\\\/\",\"name\":\"covasna45.ro\",\"description\":\"\",\"publisher\":{\"@id\":\"https:\\\/\\\/covasna45.ro\\\/#organization\"},\"potentialAction\":[{\"@type\":\"SearchAction\",\"target\":{\"@type\":\"EntryPoint\",\"urlTemplate\":\"https:\\\/\\\/covasna45.ro\\\/?s={search_term_string}\"},\"query-input\":{\"@type\":\"PropertyValueSpecification\",\"valueRequired\":true,\"valueName\":\"search_term_string\"}}],\"inLanguage\":\"ro-RO\"},{\"@type\":\"Organization\",\"@id\":\"https:\\\/\\\/covasna45.ro\\\/#organization\",\"name\":\"covasna45.ro\",\"url\":\"https:\\\/\\\/covasna45.ro\\\/\",\"logo\":{\"@type\":\"ImageObject\",\"inLanguage\":\"ro-RO\",\"@id\":\"https:\\\/\\\/covasna45.ro\\\/#\\\/schema\\\/logo\\\/image\\\/\",\"url\":\"https:\\\/\\\/covasna45.ro\\\/wp-content\\\/uploads\\\/2023\\\/01\\\/icon_logo.png\",\"contentUrl\":\"https:\\\/\\\/covasna45.ro\\\/wp-content\\\/uploads\\\/2023\\\/01\\\/icon_logo.png\",\"width\":1900,\"height\":1900,\"caption\":\"covasna45.ro\"},\"image\":{\"@id\":\"https:\\\/\\\/covasna45.ro\\\/#\\\/schema\\\/logo\\\/image\\\/\"}},{\"@type\":\"Person\",\"@id\":\"https:\\\/\\\/covasna45.ro\\\/#\\\/schema\\\/person\\\/e674052bd7d95d70bbb007a1060ab73c\",\"name\":\"Covasna45\",\"image\":{\"@type\":\"ImageObject\",\"inLanguage\":\"ro-RO\",\"@id\":\"https:\\\/\\\/covasna45.ro\\\/wp-content\\\/uploads\\\/2025\\\/10\\\/icon_logo_covasna45-150x150.png\",\"url\":\"https:\\\/\\\/covasna45.ro\\\/wp-content\\\/uploads\\\/2025\\\/10\\\/icon_logo_covasna45-150x150.png\",\"contentUrl\":\"https:\\\/\\\/covasna45.ro\\\/wp-content\\\/uploads\\\/2025\\\/10\\\/icon_logo_covasna45-150x150.png\",\"caption\":\"Covasna45\"},\"sameAs\":[\"https:\\\/\\\/covasna45.ro\"],\"url\":\"https:\\\/\\\/covasna45.ro\\\/index.php\\\/author\\\/covasna\\\/\"}]}<\/script>\n<!-- \/ Yoast SEO plugin. -->","yoast_head_json":{"title":"Demonstra\u021bii cu cai la Herghelia S\u00e2mb\u0103ta de Jos, pe 16 august - Covasna45","description":"Costul biletelor este de 25 lei \/ persoan\u0103, iar copiii sub 6 ani beneficiaz\u0103 de acces gratuit.","robots":{"index":"index","follow":"follow","max-snippet":"max-snippet:-1","max-image-preview":"max-image-preview:large","max-video-preview":"max-video-preview:-1"},"canonical":"https:\/\/covasna45.ro\/index.php\/lumea-noastra\/demonstratii-cu-cai-la-herghelia-sambata-de-jos-pe-16-august\/","og_locale":"ro_RO","og_type":"article","og_title":"Demonstra\u021bii cu cai la Herghelia S\u00e2mb\u0103ta de Jos, pe 16 august - Covasna45","og_description":"Costul biletelor este de 25 lei \/ persoan\u0103, iar copiii sub 6 ani beneficiaz\u0103 de acces gratuit.","og_url":"https:\/\/covasna45.ro\/index.php\/lumea-noastra\/demonstratii-cu-cai-la-herghelia-sambata-de-jos-pe-16-august\/","og_site_name":"Covasna45","article_published_time":"2025-07-28T07:20:24+00:00","article_modified_time":"2025-07-28T07:20:25+00:00","og_image":[{"width":2048,"height":1048,"url":"https:\/\/covasna45.ro\/wp-content\/uploads\/2025\/07\/spect-samabata.jpg","type":"image\/jpeg"}],"author":"Covasna45","twitter_card":"summary_large_image","twitter_misc":{"Scris de":"Covasna45","Timp estimat pentru citire":"2 minute"},"schema":{"@context":"https:\/\/schema.org","@graph":[{"@type":"Article","@id":"https:\/\/covasna45.ro\/index.php\/lumea-noastra\/demonstratii-cu-cai-la-herghelia-sambata-de-jos-pe-16-august\/#article","isPartOf":{"@id":"https:\/\/covasna45.ro\/index.php\/lumea-noastra\/demonstratii-cu-cai-la-herghelia-sambata-de-jos-pe-16-august\/"},"author":{"name":"Covasna45","@id":"https:\/\/covasna45.ro\/#\/schema\/person\/e674052bd7d95d70bbb007a1060ab73c"},"headline":"Demonstra\u021bii cu cai la Herghelia S\u00e2mb\u0103ta de Jos, pe 16 august","datePublished":"2025-07-28T07:20:24+00:00","dateModified":"2025-07-28T07:20:25+00:00","mainEntityOfPage":{"@id":"https:\/\/covasna45.ro\/index.php\/lumea-noastra\/demonstratii-cu-cai-la-herghelia-sambata-de-jos-pe-16-august\/"},"wordCount":257,"commentCount":0,"publisher":{"@id":"https:\/\/covasna45.ro\/#organization"},"image":{"@id":"https:\/\/covasna45.ro\/index.php\/lumea-noastra\/demonstratii-cu-cai-la-herghelia-sambata-de-jos-pe-16-august\/#primaryimage"},"thumbnailUrl":"https:\/\/covasna45.ro\/wp-content\/uploads\/2025\/07\/spect-samabata.jpg","keywords":["Cai","romsilva","Sambata de Jos"],"articleSection":["Lumea noastr\u0103"],"inLanguage":"ro-RO","potentialAction":[{"@type":"CommentAction","name":"Comment","target":["https:\/\/covasna45.ro\/index.php\/lumea-noastra\/demonstratii-cu-cai-la-herghelia-sambata-de-jos-pe-16-august\/#respond"]}]},{"@type":"WebPage","@id":"https:\/\/covasna45.ro\/index.php\/lumea-noastra\/demonstratii-cu-cai-la-herghelia-sambata-de-jos-pe-16-august\/","url":"https:\/\/covasna45.ro\/index.php\/lumea-noastra\/demonstratii-cu-cai-la-herghelia-sambata-de-jos-pe-16-august\/","name":"Demonstra\u021bii cu cai la Herghelia S\u00e2mb\u0103ta de Jos, pe 16 august - Covasna45","isPartOf":{"@id":"https:\/\/covasna45.ro\/#website"},"primaryImageOfPage":{"@id":"https:\/\/covasna45.ro\/index.php\/lumea-noastra\/demonstratii-cu-cai-la-herghelia-sambata-de-jos-pe-16-august\/#primaryimage"},"image":{"@id":"https:\/\/covasna45.ro\/index.php\/lumea-noastra\/demonstratii-cu-cai-la-herghelia-sambata-de-jos-pe-16-august\/#primaryimage"},"thumbnailUrl":"https:\/\/covasna45.ro\/wp-content\/uploads\/2025\/07\/spect-samabata.jpg","datePublished":"2025-07-28T07:20:24+00:00","dateModified":"2025-07-28T07:20:25+00:00","description":"Costul biletelor este de 25 lei \/ persoan\u0103, iar copiii sub 6 ani beneficiaz\u0103 de acces gratuit.","breadcrumb":{"@id":"https:\/\/covasna45.ro\/index.php\/lumea-noastra\/demonstratii-cu-cai-la-herghelia-sambata-de-jos-pe-16-august\/#breadcrumb"},"inLanguage":"ro-RO","potentialAction":[{"@type":"ReadAction","target":["https:\/\/covasna45.ro\/index.php\/lumea-noastra\/demonstratii-cu-cai-la-herghelia-sambata-de-jos-pe-16-august\/"]}]},{"@type":"ImageObject","inLanguage":"ro-RO","@id":"https:\/\/covasna45.ro\/index.php\/lumea-noastra\/demonstratii-cu-cai-la-herghelia-sambata-de-jos-pe-16-august\/#primaryimage","url":"https:\/\/covasna45.ro\/wp-content\/uploads\/2025\/07\/spect-samabata.jpg","contentUrl":"https:\/\/covasna45.ro\/wp-content\/uploads\/2025\/07\/spect-samabata.jpg","width":2048,"height":1048},{"@type":"BreadcrumbList","@id":"https:\/\/covasna45.ro\/index.php\/lumea-noastra\/demonstratii-cu-cai-la-herghelia-sambata-de-jos-pe-16-august\/#breadcrumb","itemListElement":[{"@type":"ListItem","position":1,"name":"Prima pagin\u0103","item":"https:\/\/covasna45.ro\/"},{"@type":"ListItem","position":2,"name":"Demonstra\u021bii cu cai la Herghelia S\u00e2mb\u0103ta de Jos, pe 16 august"}]},{"@type":"WebSite","@id":"https:\/\/covasna45.ro\/#website","url":"https:\/\/covasna45.ro\/","name":"covasna45.ro","description":"","publisher":{"@id":"https:\/\/covasna45.ro\/#organization"},"potentialAction":[{"@type":"SearchAction","target":{"@type":"EntryPoint","urlTemplate":"https:\/\/covasna45.ro\/?s={search_term_string}"},"query-input":{"@type":"PropertyValueSpecification","valueRequired":true,"valueName":"search_term_string"}}],"inLanguage":"ro-RO"},{"@type":"Organization","@id":"https:\/\/covasna45.ro\/#organization","name":"covasna45.ro","url":"https:\/\/covasna45.ro\/","logo":{"@type":"ImageObject","inLanguage":"ro-RO","@id":"https:\/\/covasna45.ro\/#\/schema\/logo\/image\/","url":"https:\/\/covasna45.ro\/wp-content\/uploads\/2023\/01\/icon_logo.png","contentUrl":"https:\/\/covasna45.ro\/wp-content\/uploads\/2023\/01\/icon_logo.png","width":1900,"height":1900,"caption":"covasna45.ro"},"image":{"@id":"https:\/\/covasna45.ro\/#\/schema\/logo\/image\/"}},{"@type":"Person","@id":"https:\/\/covasna45.ro\/#\/schema\/person\/e674052bd7d95d70bbb007a1060ab73c","name":"Covasna45","image":{"@type":"ImageObject","inLanguage":"ro-RO","@id":"https:\/\/covasna45.ro\/wp-content\/uploads\/2025\/10\/icon_logo_covasna45-150x150.png","url":"https:\/\/covasna45.ro\/wp-content\/uploads\/2025\/10\/icon_logo_covasna45-150x150.png","contentUrl":"https:\/\/covasna45.ro\/wp-content\/uploads\/2025\/10\/icon_logo_covasna45-150x150.png","caption":"Covasna45"},"sameAs":["https:\/\/covasna45.ro"],"url":"https:\/\/covasna45.ro\/index.php\/author\/covasna\/"}]}},"_links":{"self":[{"href":"https:\/\/covasna45.ro\/index.php\/wp-json\/wp\/v2\/posts\/12283","targetHints":{"allow":["GET"]}}],"collection":[{"href":"https:\/\/covasna45.ro\/index.php\/wp-json\/wp\/v2\/posts"}],"about":[{"href":"https:\/\/covasna45.ro\/index.php\/wp-json\/wp\/v2\/types\/post"}],"author":[{"embeddable":true,"href":"https:\/\/covasna45.ro\/index.php\/wp-json\/wp\/v2\/users\/1"}],"replies":[{"embeddable":true,"href":"https:\/\/covasna45.ro\/index.php\/wp-json\/wp\/v2\/comments?post=12283"}],"version-history":[{"count":1,"href":"https:\/\/covasna45.ro\/index.php\/wp-json\/wp\/v2\/posts\/12283\/revisions"}],"predecessor-version":[{"id":12287,"href":"https:\/\/covasna45.ro\/index.php\/wp-json\/wp\/v2\/posts\/12283\/revisions\/12287"}],"wp:featuredmedia":[{"embeddable":true,"href":"https:\/\/covasna45.ro\/index.php\/wp-json\/wp\/v2\/media\/12284"}],"wp:attachment":[{"href":"https:\/\/covasna45.ro\/index.php\/wp-json\/wp\/v2\/media?parent=12283"}],"wp:term":[{"taxonomy":"category","embeddable":true,"href":"https:\/\/covasna45.ro\/index.php\/wp-json\/wp\/v2\/categories?post=12283"},{"taxonomy":"post_tag","embeddable":true,"href":"https:\/\/covasna45.ro\/index.php\/wp-json\/wp\/v2\/tags?post=12283"}],"curies":[{"name":"wp","href":"https:\/\/api.w.org\/{rel}","templated":true}]}}