{"id":12642,"date":"2025-08-19T14:10:33","date_gmt":"2025-08-19T12:10:33","guid":{"rendered":"https:\/\/covasna45.ro\/?p=12642"},"modified":"2025-08-19T14:10:33","modified_gmt":"2025-08-19T12:10:33","slug":"programul-rabla-va-fi-relansat-in-septembrie","status":"publish","type":"post","link":"https:\/\/covasna45.ro\/index.php\/lumea-noastra\/programul-rabla-va-fi-relansat-in-septembrie\/","title":{"rendered":"Programul \u201eRabla\u201d va fi relansat \u00een septembrie"},"content":{"rendered":"\n<p>\u00cen \u0219edin\u021ba de Guvern de ast\u0103zi, la propunerea Ministerului Mediului, Apelor \u0219i P\u0103durilor (MMAP), a fost adopat\u0103 Ordonan\u021ba de Urgen\u021b\u0103 prin care Guvernul urm\u0103re\u0219te reducerea presiunii asupra bugetului \u0219i direc\u021bionarea fondurilor Administra\u021bia Fondului pentru Mediu (AFM) c\u0103tre programe de mediu care pot fi finalizate la termen \u0219i care aduc un impact direct, rapid \u0219i m\u0103surabil \u00een reducerea emisiilor \u0219i protec\u021bia mediului.<\/p>\n\n\n\n<p>Unul dintre acestea este programul \u201eRabla\u201d care va fi relansat \u00een luna septembrie, cu o alocare de 200 milioane lei, \u0219i care va func\u021biona pe baza unui ghid actualizat, ce va fi postat \u00een consultare public\u0103 p\u00e2n\u0103 la finalul s\u0103pt\u0103m\u00e2nii. Valoarea voucherelor va fi redus\u0103 pentru a r\u0103spunde situa\u021biei economice actuale.<\/p>\n\n\n\n<p>\u201eRabla\u201d r\u0103m\u00e2ne un program de mediu, care are \u0219i un rol esen\u021bial \u00een sprijinirea industriei auto rom\u00e2ne\u0219ti \u0219i \u00een accelerarea tranzi\u021biei c\u0103tre o mobilitate mai curat\u0103. Rom\u00e2nia \u0219i-a \u00eendeplinit deja \u021binta din PNRR privind casarea a 250.000 de autoturisme poluante, iar \u00een cei 20 de ani de implementare, programul a dus la scoaterea din circula\u021bie a peste un milion de ma\u0219ini vechi.<\/p>\n\n\n\n<p>\u201e\u00centr-un an cu constr\u00e2ngeri bugetare, am ales s\u0103 finan\u021b\u0103m doar acele programe care aduc beneficii clare: mai pu\u021bin\u0103 poluare \u00een ora\u0219e, mai pu\u021bine conflicte cu fauna s\u0103lbatic\u0103 \u0219i mai mult\u0103 siguran\u021b\u0103 pentru oameni. Aceast\u0103 ordonan\u021b\u0103 nu \u00eenchide definitiv programele AFM. Guvernul \u00ee\u0219i p\u0103streaz\u0103 op\u021biunea de a aproba, prin memorandum, \u0219i alte proiecte p\u00e2n\u0103 la finalul anului. Ne asigur\u0103m astfel c\u0103 fiecare leu din Fondul pentru Mediu este folosit eficient pentru proiecte realizabile \u00eentr-un timp scurt, cu efecte directe \u0219i vizibile pentru oameni \u0219i pentru mediu\u201d a declarat ministrul mediului, apelor \u0219i p\u0103durilor.<\/p>\n\n\n\n<p>\u00cen perioada urm\u0103toare, MMAP va prezenta lista actualizat\u0103 a programelor AFM \u0219i calendarul relans\u0103rii acestora, \u00een func\u021bie de deciziile guvernamentale \u0219i de disponibilitatea fondurilor europene \u0219i na\u021bionale.<\/p>\n\n\n\n<p>Sursa: <a href=\"https:\/\/mmediu.ro\/\">Ministerul Mediului<\/a><\/p>\n","protected":false},"excerpt":{"rendered":"<p>\u00cen \u0219edin\u021ba de Guvern de ast\u0103zi, la propunerea Ministerului Mediului, Apelor \u0219i P\u0103durilor (MMAP), a fost adopat\u0103 Ordonan\u021ba de Urgen\u021b\u0103 prin care Guvernul urm\u0103re\u0219te reducerea presiunii asupra bugetului \u0219i direc\u021bionarea fondurilor Administra\u021bia Fondului pentru Mediu (AFM) c\u0103tre programe de mediu care pot fi finalizate la termen \u0219i care aduc un impact direct, rapid \u0219i m\u0103surabil [&hellip;]<\/p>\n","protected":false},"author":1,"featured_media":4205,"comment_status":"open","ping_status":"closed","sticky":false,"template":"","format":"standard","meta":{"tdm_status":"","tdm_grid_status":"","footnotes":""},"categories":[14],"tags":[971,1818],"class_list":{"0":"post-12642","1":"post","2":"type-post","3":"status-publish","4":"format-standard","5":"has-post-thumbnail","7":"category-lumea-noastra","8":"tag-ministerul-mediului","9":"tag-rabla"},"yoast_head":"<!-- This site is optimized with the Yoast SEO plugin v27.5 - https:\/\/yoast.com\/product\/yoast-seo-wordpress\/ -->\n<title>Programul \u201eRabla\u201d va fi relansat \u00een septembrie - Covasna45<\/title>\n<meta name=\"description\" content=\"\u00cen perioada urm\u0103toare, MMAP va prezenta lista actualizat\u0103 a programelor AFM \u0219i calendarul relans\u0103rii acestora.\" \/>\n<meta name=\"robots\" content=\"index, follow, max-snippet:-1, max-image-preview:large, max-video-preview:-1\" \/>\n<link rel=\"canonical\" href=\"https:\/\/covasna45.ro\/index.php\/lumea-noastra\/programul-rabla-va-fi-relansat-in-septembrie\/\" \/>\n<meta property=\"og:locale\" content=\"ro_RO\" \/>\n<meta property=\"og:type\" content=\"article\" \/>\n<meta property=\"og:title\" content=\"Programul \u201eRabla\u201d va fi relansat \u00een septembrie - Covasna45\" \/>\n<meta property=\"og:description\" content=\"\u00cen perioada urm\u0103toare, MMAP va prezenta lista actualizat\u0103 a programelor AFM \u0219i calendarul relans\u0103rii acestora.\" \/>\n<meta property=\"og:url\" content=\"https:\/\/covasna45.ro\/index.php\/lumea-noastra\/programul-rabla-va-fi-relansat-in-septembrie\/\" \/>\n<meta property=\"og:site_name\" content=\"Covasna45\" \/>\n<meta property=\"article:published_time\" content=\"2025-08-19T12:10:33+00:00\" \/>\n<meta property=\"og:image\" content=\"https:\/\/covasna45.ro\/wp-content\/uploads\/2023\/12\/programul-Rabla.jpg\" \/>\n\t<meta property=\"og:image:width\" content=\"1247\" \/>\n\t<meta property=\"og:image:height\" content=\"700\" \/>\n\t<meta property=\"og:image:type\" content=\"image\/jpeg\" \/>\n<meta name=\"author\" content=\"Covasna45\" \/>\n<meta name=\"twitter:card\" content=\"summary_large_image\" \/>\n<meta name=\"twitter:label1\" content=\"Scris de\" \/>\n\t<meta name=\"twitter:data1\" content=\"Covasna45\" \/>\n\t<meta name=\"twitter:label2\" content=\"Timp estimat pentru citire\" \/>\n\t<meta name=\"twitter:data2\" content=\"2 minute\" \/>\n<script type=\"application\/ld+json\" class=\"yoast-schema-graph\">{\"@context\":\"https:\\\/\\\/schema.org\",\"@graph\":[{\"@type\":\"Article\",\"@id\":\"https:\\\/\\\/covasna45.ro\\\/index.php\\\/lumea-noastra\\\/programul-rabla-va-fi-relansat-in-septembrie\\\/#article\",\"isPartOf\":{\"@id\":\"https:\\\/\\\/covasna45.ro\\\/index.php\\\/lumea-noastra\\\/programul-rabla-va-fi-relansat-in-septembrie\\\/\"},\"author\":{\"name\":\"Covasna45\",\"@id\":\"https:\\\/\\\/covasna45.ro\\\/#\\\/schema\\\/person\\\/e674052bd7d95d70bbb007a1060ab73c\"},\"headline\":\"Programul \u201eRabla\u201d va fi relansat \u00een septembrie\",\"datePublished\":\"2025-08-19T12:10:33+00:00\",\"mainEntityOfPage\":{\"@id\":\"https:\\\/\\\/covasna45.ro\\\/index.php\\\/lumea-noastra\\\/programul-rabla-va-fi-relansat-in-septembrie\\\/\"},\"wordCount\":343,\"commentCount\":0,\"publisher\":{\"@id\":\"https:\\\/\\\/covasna45.ro\\\/#organization\"},\"image\":{\"@id\":\"https:\\\/\\\/covasna45.ro\\\/index.php\\\/lumea-noastra\\\/programul-rabla-va-fi-relansat-in-septembrie\\\/#primaryimage\"},\"thumbnailUrl\":\"https:\\\/\\\/covasna45.ro\\\/wp-content\\\/uploads\\\/2023\\\/12\\\/programul-Rabla.jpg\",\"keywords\":[\"Ministerul Mediului\",\"Rabla\"],\"articleSection\":[\"Lumea noastr\u0103\"],\"inLanguage\":\"ro-RO\",\"potentialAction\":[{\"@type\":\"CommentAction\",\"name\":\"Comment\",\"target\":[\"https:\\\/\\\/covasna45.ro\\\/index.php\\\/lumea-noastra\\\/programul-rabla-va-fi-relansat-in-septembrie\\\/#respond\"]}]},{\"@type\":\"WebPage\",\"@id\":\"https:\\\/\\\/covasna45.ro\\\/index.php\\\/lumea-noastra\\\/programul-rabla-va-fi-relansat-in-septembrie\\\/\",\"url\":\"https:\\\/\\\/covasna45.ro\\\/index.php\\\/lumea-noastra\\\/programul-rabla-va-fi-relansat-in-septembrie\\\/\",\"name\":\"Programul \u201eRabla\u201d va fi relansat \u00een septembrie - Covasna45\",\"isPartOf\":{\"@id\":\"https:\\\/\\\/covasna45.ro\\\/#website\"},\"primaryImageOfPage\":{\"@id\":\"https:\\\/\\\/covasna45.ro\\\/index.php\\\/lumea-noastra\\\/programul-rabla-va-fi-relansat-in-septembrie\\\/#primaryimage\"},\"image\":{\"@id\":\"https:\\\/\\\/covasna45.ro\\\/index.php\\\/lumea-noastra\\\/programul-rabla-va-fi-relansat-in-septembrie\\\/#primaryimage\"},\"thumbnailUrl\":\"https:\\\/\\\/covasna45.ro\\\/wp-content\\\/uploads\\\/2023\\\/12\\\/programul-Rabla.jpg\",\"datePublished\":\"2025-08-19T12:10:33+00:00\",\"description\":\"\u00cen perioada urm\u0103toare, MMAP va prezenta lista actualizat\u0103 a programelor AFM \u0219i calendarul relans\u0103rii acestora.\",\"breadcrumb\":{\"@id\":\"https:\\\/\\\/covasna45.ro\\\/index.php\\\/lumea-noastra\\\/programul-rabla-va-fi-relansat-in-septembrie\\\/#breadcrumb\"},\"inLanguage\":\"ro-RO\",\"potentialAction\":[{\"@type\":\"ReadAction\",\"target\":[\"https:\\\/\\\/covasna45.ro\\\/index.php\\\/lumea-noastra\\\/programul-rabla-va-fi-relansat-in-septembrie\\\/\"]}]},{\"@type\":\"ImageObject\",\"inLanguage\":\"ro-RO\",\"@id\":\"https:\\\/\\\/covasna45.ro\\\/index.php\\\/lumea-noastra\\\/programul-rabla-va-fi-relansat-in-septembrie\\\/#primaryimage\",\"url\":\"https:\\\/\\\/covasna45.ro\\\/wp-content\\\/uploads\\\/2023\\\/12\\\/programul-Rabla.jpg\",\"contentUrl\":\"https:\\\/\\\/covasna45.ro\\\/wp-content\\\/uploads\\\/2023\\\/12\\\/programul-Rabla.jpg\",\"width\":1247,\"height\":700},{\"@type\":\"BreadcrumbList\",\"@id\":\"https:\\\/\\\/covasna45.ro\\\/index.php\\\/lumea-noastra\\\/programul-rabla-va-fi-relansat-in-septembrie\\\/#breadcrumb\",\"itemListElement\":[{\"@type\":\"ListItem\",\"position\":1,\"name\":\"Prima pagin\u0103\",\"item\":\"https:\\\/\\\/covasna45.ro\\\/\"},{\"@type\":\"ListItem\",\"position\":2,\"name\":\"Programul \u201eRabla\u201d va fi relansat \u00een septembrie\"}]},{\"@type\":\"WebSite\",\"@id\":\"https:\\\/\\\/covasna45.ro\\\/#website\",\"url\":\"https:\\\/\\\/covasna45.ro\\\/\",\"name\":\"covasna45.ro\",\"description\":\"\",\"publisher\":{\"@id\":\"https:\\\/\\\/covasna45.ro\\\/#organization\"},\"potentialAction\":[{\"@type\":\"SearchAction\",\"target\":{\"@type\":\"EntryPoint\",\"urlTemplate\":\"https:\\\/\\\/covasna45.ro\\\/?s={search_term_string}\"},\"query-input\":{\"@type\":\"PropertyValueSpecification\",\"valueRequired\":true,\"valueName\":\"search_term_string\"}}],\"inLanguage\":\"ro-RO\"},{\"@type\":\"Organization\",\"@id\":\"https:\\\/\\\/covasna45.ro\\\/#organization\",\"name\":\"covasna45.ro\",\"url\":\"https:\\\/\\\/covasna45.ro\\\/\",\"logo\":{\"@type\":\"ImageObject\",\"inLanguage\":\"ro-RO\",\"@id\":\"https:\\\/\\\/covasna45.ro\\\/#\\\/schema\\\/logo\\\/image\\\/\",\"url\":\"https:\\\/\\\/covasna45.ro\\\/wp-content\\\/uploads\\\/2023\\\/01\\\/icon_logo.png\",\"contentUrl\":\"https:\\\/\\\/covasna45.ro\\\/wp-content\\\/uploads\\\/2023\\\/01\\\/icon_logo.png\",\"width\":1900,\"height\":1900,\"caption\":\"covasna45.ro\"},\"image\":{\"@id\":\"https:\\\/\\\/covasna45.ro\\\/#\\\/schema\\\/logo\\\/image\\\/\"}},{\"@type\":\"Person\",\"@id\":\"https:\\\/\\\/covasna45.ro\\\/#\\\/schema\\\/person\\\/e674052bd7d95d70bbb007a1060ab73c\",\"name\":\"Covasna45\",\"image\":{\"@type\":\"ImageObject\",\"inLanguage\":\"ro-RO\",\"@id\":\"https:\\\/\\\/covasna45.ro\\\/wp-content\\\/uploads\\\/2025\\\/10\\\/icon_logo_covasna45-150x150.png\",\"url\":\"https:\\\/\\\/covasna45.ro\\\/wp-content\\\/uploads\\\/2025\\\/10\\\/icon_logo_covasna45-150x150.png\",\"contentUrl\":\"https:\\\/\\\/covasna45.ro\\\/wp-content\\\/uploads\\\/2025\\\/10\\\/icon_logo_covasna45-150x150.png\",\"caption\":\"Covasna45\"},\"sameAs\":[\"https:\\\/\\\/covasna45.ro\"],\"url\":\"https:\\\/\\\/covasna45.ro\\\/index.php\\\/author\\\/covasna\\\/\"}]}<\/script>\n<!-- \/ Yoast SEO plugin. -->","yoast_head_json":{"title":"Programul \u201eRabla\u201d va fi relansat \u00een septembrie - Covasna45","description":"\u00cen perioada urm\u0103toare, MMAP va prezenta lista actualizat\u0103 a programelor AFM \u0219i calendarul relans\u0103rii acestora.","robots":{"index":"index","follow":"follow","max-snippet":"max-snippet:-1","max-image-preview":"max-image-preview:large","max-video-preview":"max-video-preview:-1"},"canonical":"https:\/\/covasna45.ro\/index.php\/lumea-noastra\/programul-rabla-va-fi-relansat-in-septembrie\/","og_locale":"ro_RO","og_type":"article","og_title":"Programul \u201eRabla\u201d va fi relansat \u00een septembrie - Covasna45","og_description":"\u00cen perioada urm\u0103toare, MMAP va prezenta lista actualizat\u0103 a programelor AFM \u0219i calendarul relans\u0103rii acestora.","og_url":"https:\/\/covasna45.ro\/index.php\/lumea-noastra\/programul-rabla-va-fi-relansat-in-septembrie\/","og_site_name":"Covasna45","article_published_time":"2025-08-19T12:10:33+00:00","og_image":[{"width":1247,"height":700,"url":"https:\/\/covasna45.ro\/wp-content\/uploads\/2023\/12\/programul-Rabla.jpg","type":"image\/jpeg"}],"author":"Covasna45","twitter_card":"summary_large_image","twitter_misc":{"Scris de":"Covasna45","Timp estimat pentru citire":"2 minute"},"schema":{"@context":"https:\/\/schema.org","@graph":[{"@type":"Article","@id":"https:\/\/covasna45.ro\/index.php\/lumea-noastra\/programul-rabla-va-fi-relansat-in-septembrie\/#article","isPartOf":{"@id":"https:\/\/covasna45.ro\/index.php\/lumea-noastra\/programul-rabla-va-fi-relansat-in-septembrie\/"},"author":{"name":"Covasna45","@id":"https:\/\/covasna45.ro\/#\/schema\/person\/e674052bd7d95d70bbb007a1060ab73c"},"headline":"Programul \u201eRabla\u201d va fi relansat \u00een septembrie","datePublished":"2025-08-19T12:10:33+00:00","mainEntityOfPage":{"@id":"https:\/\/covasna45.ro\/index.php\/lumea-noastra\/programul-rabla-va-fi-relansat-in-septembrie\/"},"wordCount":343,"commentCount":0,"publisher":{"@id":"https:\/\/covasna45.ro\/#organization"},"image":{"@id":"https:\/\/covasna45.ro\/index.php\/lumea-noastra\/programul-rabla-va-fi-relansat-in-septembrie\/#primaryimage"},"thumbnailUrl":"https:\/\/covasna45.ro\/wp-content\/uploads\/2023\/12\/programul-Rabla.jpg","keywords":["Ministerul Mediului","Rabla"],"articleSection":["Lumea noastr\u0103"],"inLanguage":"ro-RO","potentialAction":[{"@type":"CommentAction","name":"Comment","target":["https:\/\/covasna45.ro\/index.php\/lumea-noastra\/programul-rabla-va-fi-relansat-in-septembrie\/#respond"]}]},{"@type":"WebPage","@id":"https:\/\/covasna45.ro\/index.php\/lumea-noastra\/programul-rabla-va-fi-relansat-in-septembrie\/","url":"https:\/\/covasna45.ro\/index.php\/lumea-noastra\/programul-rabla-va-fi-relansat-in-septembrie\/","name":"Programul \u201eRabla\u201d va fi relansat \u00een septembrie - Covasna45","isPartOf":{"@id":"https:\/\/covasna45.ro\/#website"},"primaryImageOfPage":{"@id":"https:\/\/covasna45.ro\/index.php\/lumea-noastra\/programul-rabla-va-fi-relansat-in-septembrie\/#primaryimage"},"image":{"@id":"https:\/\/covasna45.ro\/index.php\/lumea-noastra\/programul-rabla-va-fi-relansat-in-septembrie\/#primaryimage"},"thumbnailUrl":"https:\/\/covasna45.ro\/wp-content\/uploads\/2023\/12\/programul-Rabla.jpg","datePublished":"2025-08-19T12:10:33+00:00","description":"\u00cen perioada urm\u0103toare, MMAP va prezenta lista actualizat\u0103 a programelor AFM \u0219i calendarul relans\u0103rii acestora.","breadcrumb":{"@id":"https:\/\/covasna45.ro\/index.php\/lumea-noastra\/programul-rabla-va-fi-relansat-in-septembrie\/#breadcrumb"},"inLanguage":"ro-RO","potentialAction":[{"@type":"ReadAction","target":["https:\/\/covasna45.ro\/index.php\/lumea-noastra\/programul-rabla-va-fi-relansat-in-septembrie\/"]}]},{"@type":"ImageObject","inLanguage":"ro-RO","@id":"https:\/\/covasna45.ro\/index.php\/lumea-noastra\/programul-rabla-va-fi-relansat-in-septembrie\/#primaryimage","url":"https:\/\/covasna45.ro\/wp-content\/uploads\/2023\/12\/programul-Rabla.jpg","contentUrl":"https:\/\/covasna45.ro\/wp-content\/uploads\/2023\/12\/programul-Rabla.jpg","width":1247,"height":700},{"@type":"BreadcrumbList","@id":"https:\/\/covasna45.ro\/index.php\/lumea-noastra\/programul-rabla-va-fi-relansat-in-septembrie\/#breadcrumb","itemListElement":[{"@type":"ListItem","position":1,"name":"Prima pagin\u0103","item":"https:\/\/covasna45.ro\/"},{"@type":"ListItem","position":2,"name":"Programul \u201eRabla\u201d va fi relansat \u00een septembrie"}]},{"@type":"WebSite","@id":"https:\/\/covasna45.ro\/#website","url":"https:\/\/covasna45.ro\/","name":"covasna45.ro","description":"","publisher":{"@id":"https:\/\/covasna45.ro\/#organization"},"potentialAction":[{"@type":"SearchAction","target":{"@type":"EntryPoint","urlTemplate":"https:\/\/covasna45.ro\/?s={search_term_string}"},"query-input":{"@type":"PropertyValueSpecification","valueRequired":true,"valueName":"search_term_string"}}],"inLanguage":"ro-RO"},{"@type":"Organization","@id":"https:\/\/covasna45.ro\/#organization","name":"covasna45.ro","url":"https:\/\/covasna45.ro\/","logo":{"@type":"ImageObject","inLanguage":"ro-RO","@id":"https:\/\/covasna45.ro\/#\/schema\/logo\/image\/","url":"https:\/\/covasna45.ro\/wp-content\/uploads\/2023\/01\/icon_logo.png","contentUrl":"https:\/\/covasna45.ro\/wp-content\/uploads\/2023\/01\/icon_logo.png","width":1900,"height":1900,"caption":"covasna45.ro"},"image":{"@id":"https:\/\/covasna45.ro\/#\/schema\/logo\/image\/"}},{"@type":"Person","@id":"https:\/\/covasna45.ro\/#\/schema\/person\/e674052bd7d95d70bbb007a1060ab73c","name":"Covasna45","image":{"@type":"ImageObject","inLanguage":"ro-RO","@id":"https:\/\/covasna45.ro\/wp-content\/uploads\/2025\/10\/icon_logo_covasna45-150x150.png","url":"https:\/\/covasna45.ro\/wp-content\/uploads\/2025\/10\/icon_logo_covasna45-150x150.png","contentUrl":"https:\/\/covasna45.ro\/wp-content\/uploads\/2025\/10\/icon_logo_covasna45-150x150.png","caption":"Covasna45"},"sameAs":["https:\/\/covasna45.ro"],"url":"https:\/\/covasna45.ro\/index.php\/author\/covasna\/"}]}},"_links":{"self":[{"href":"https:\/\/covasna45.ro\/index.php\/wp-json\/wp\/v2\/posts\/12642","targetHints":{"allow":["GET"]}}],"collection":[{"href":"https:\/\/covasna45.ro\/index.php\/wp-json\/wp\/v2\/posts"}],"about":[{"href":"https:\/\/covasna45.ro\/index.php\/wp-json\/wp\/v2\/types\/post"}],"author":[{"embeddable":true,"href":"https:\/\/covasna45.ro\/index.php\/wp-json\/wp\/v2\/users\/1"}],"replies":[{"embeddable":true,"href":"https:\/\/covasna45.ro\/index.php\/wp-json\/wp\/v2\/comments?post=12642"}],"version-history":[{"count":1,"href":"https:\/\/covasna45.ro\/index.php\/wp-json\/wp\/v2\/posts\/12642\/revisions"}],"predecessor-version":[{"id":12643,"href":"https:\/\/covasna45.ro\/index.php\/wp-json\/wp\/v2\/posts\/12642\/revisions\/12643"}],"wp:featuredmedia":[{"embeddable":true,"href":"https:\/\/covasna45.ro\/index.php\/wp-json\/wp\/v2\/media\/4205"}],"wp:attachment":[{"href":"https:\/\/covasna45.ro\/index.php\/wp-json\/wp\/v2\/media?parent=12642"}],"wp:term":[{"taxonomy":"category","embeddable":true,"href":"https:\/\/covasna45.ro\/index.php\/wp-json\/wp\/v2\/categories?post=12642"},{"taxonomy":"post_tag","embeddable":true,"href":"https:\/\/covasna45.ro\/index.php\/wp-json\/wp\/v2\/tags?post=12642"}],"curies":[{"name":"wp","href":"https:\/\/api.w.org\/{rel}","templated":true}]}}