{"id":12693,"date":"2025-07-22T12:23:53","date_gmt":"2025-07-22T10:23:53","guid":{"rendered":"https:\/\/covasna45.ro\/?p=12693"},"modified":"2025-08-25T12:34:17","modified_gmt":"2025-08-25T10:34:17","slug":"proiect-derulat-de-asociatia-ko-fa-actualizarea-calificarilor-si-competentelor-angajatilor","status":"publish","type":"post","link":"https:\/\/covasna45.ro\/index.php\/lumea-noastra\/proiect-derulat-de-asociatia-ko-fa-actualizarea-calificarilor-si-competentelor-angajatilor\/","title":{"rendered":"Proiect derulat de Asocia\u021bia KO-Fa: Actualizarea calific\u0103rilor \u0219i competen\u021belor angaja\u021bilor"},"content":{"rendered":"\n<p>Proiectul \u2013 Actualizarea calific\u0103rilor \u0219i competen\u021belor angaja\u021bilor \u00een vederea cre\u0219terii adaptabilit\u0103\u021bii \u0219i rezilien\u021bei lucr\u0103torilor pe pia\u021ba muncii \u2013 cod: 317806 este&nbsp;cofinan\u021bat din Fondul Social European, prin&nbsp;Programul Educa\u021bie \u0219i Ocupare 2021\u20132027, apelul PEO\/78\/PEO_P9\/OP4\/ESO4.7\/PEO_A36 o valoare total\u0103 de 4.962.239,04 lei \u0219i urm\u0103re\u0219te cre\u0219terea gradului de calificare a angaja\u021bilor \u0219i adaptarea acestora la cerin\u021bele \u00een continu\u0103 schimbare ale pie\u021bei muncii.<\/p>\n\n\n\n<p>Participantii inclu\u0219i \u00een proiectul \u201eActualizarea calific\u0103rilor \u0219i competen\u021belor angaja\u021bilor \u00een vederea cre\u0219terii adaptabilit\u0103\u021bii \u0219i rezilien\u021bei lucr\u0103torilor pe pia\u021ba muncii\u201d au avut oportunitatea de a urma un curs intensiv de calificare \u00een ocupa\u021bia Operator introducere, validare \u0219i prelucrare date (OIVPD) cu o durat\u0103 de 168 de ore \u0219i a combinat teoria cu aplica\u021bii practice relevante pentru realitatea digital\u0103 actual\u0103. Sesiunile au vizat formarea competen\u021belor legate de utilizarea instrumentelor informatice, operarea \u00een baze de date, validarea \u0219i procesarea datelor \u00een condi\u021bii de acurate\u021be \u0219i eficien\u021b\u0103.<\/p>\n\n\n\n<p>Cursul s-a finalizat cu o rat\u0103 de promovare de 100%, to\u021bi participan\u021bii demonstr\u00e2nd progres real \u0219i interes activ. Dob\u00e2ndirea acestor competen\u021be le ofer\u0103 absolven\u021bilor multiple op\u021biuni profesionale \u2013 de la angajare \u00een posturi administrative \u0219i tehnice, p\u00e2n\u0103 la lansarea de proiecte independente \u00een domeniul gestion\u0103rii datelor \u0219i al serviciilor digitale.<\/p>\n\n\n\n<p>Prin aceast\u0103 ini\u021biativ\u0103, proiectul contribuie direct la modernizarea pie\u021bei muncii \u0219i sus\u021bine integrarea durabil\u0103 a adul\u021bilor \u00een sectoarele economiei digitale.<\/p>\n\n\n\n<p>Obiectivul general al proiectului este de a cre\u0219te accesul \u0219i participarea la programe de formare profesional\u0103 pentru 605 angaja\u021bi din regiunile Centru \u0219i Nord-Vest, sprijinindu-i s\u0103-\u0219i actualizeze competen\u021bele \u0219i s\u0103 devin\u0103 mai adaptabili \u00een fa\u021ba schimb\u0103rilor \u0219i progresului tehnologic.<\/p>\n\n\n\n<p>Grupul \u021bint\u0103 este format din persoane cu v\u00e2rsta \u00eentre 18 \u0219i 65 de ani, angaja\u021bi cu contract individual de munc\u0103 (norm\u0103 \u00eentreag\u0103 sau par\u021bial\u0103), cu un nivel de studii minim ISCED 3.<\/p>\n\n\n\n<p>E\u0219ti interesat de cursurile de formare profesionala continua? Metodologia de selec\u021bie a grupului \u021bint\u0103, <a href=\"https:\/\/prowood.ro\/proiectul-%f0%9d%90%80%f0%9d%90%9c%f0%9d%90%ad%f0%9d%90%ae%f0%9d%90%9a%f0%9d%90%a5%f0%9d%90%a2%f0%9d%90%b3%f0%9d%90%9a%f0%9d%90%ab%f0%9d%90%9e%f0%9d%90%9a-%f0%9d%90%9c%f0%9d%90%9a\/\">AICI<\/a>.<\/p>\n","protected":false},"excerpt":{"rendered":"<p>Proiectul \u2013 Actualizarea calific\u0103rilor \u0219i competen\u021belor angaja\u021bilor \u00een vederea cre\u0219terii adaptabilit\u0103\u021bii \u0219i rezilien\u021bei lucr\u0103torilor pe pia\u021ba muncii \u2013 cod: 317806 este&nbsp;cofinan\u021bat din Fondul Social European, prin&nbsp;Programul Educa\u021bie \u0219i Ocupare 2021\u20132027, apelul PEO\/78\/PEO_P9\/OP4\/ESO4.7\/PEO_A36 o valoare total\u0103 de 4.962.239,04 lei \u0219i urm\u0103re\u0219te cre\u0219terea gradului de calificare a angaja\u021bilor \u0219i adaptarea acestora la cerin\u021bele \u00een continu\u0103 schimbare ale [&hellip;]<\/p>\n","protected":false},"author":1,"featured_media":12694,"comment_status":"open","ping_status":"closed","sticky":false,"template":"","format":"standard","meta":{"tdm_status":"","tdm_grid_status":"","footnotes":""},"categories":[14],"tags":[1935],"class_list":{"0":"post-12693","1":"post","2":"type-post","3":"status-publish","4":"format-standard","5":"has-post-thumbnail","7":"category-lumea-noastra","8":"tag-pro-wood"},"yoast_head":"<!-- This site is optimized with the Yoast SEO plugin v27.5 - https:\/\/yoast.com\/product\/yoast-seo-wordpress\/ -->\n<title>Proiect derulat de Asocia\u021bia KO-Fa: Actualizarea calific\u0103rilor \u0219i competen\u021belor angaja\u021bilor - Covasna45<\/title>\n<meta name=\"description\" content=\"Cursul s-a finalizat cu o rat\u0103 de promovare de 100%, to\u021bi participan\u021bii demonstr\u00e2nd progres real \u0219i interes activ.\" \/>\n<meta name=\"robots\" content=\"index, follow, max-snippet:-1, max-image-preview:large, max-video-preview:-1\" \/>\n<link rel=\"canonical\" href=\"https:\/\/covasna45.ro\/index.php\/lumea-noastra\/proiect-derulat-de-asociatia-ko-fa-actualizarea-calificarilor-si-competentelor-angajatilor\/\" \/>\n<meta property=\"og:locale\" content=\"ro_RO\" \/>\n<meta property=\"og:type\" content=\"article\" \/>\n<meta property=\"og:title\" content=\"Proiect derulat de Asocia\u021bia KO-Fa: Actualizarea calific\u0103rilor \u0219i competen\u021belor angaja\u021bilor - Covasna45\" \/>\n<meta property=\"og:description\" content=\"Cursul s-a finalizat cu o rat\u0103 de promovare de 100%, to\u021bi participan\u021bii demonstr\u00e2nd progres real \u0219i interes activ.\" \/>\n<meta property=\"og:url\" content=\"https:\/\/covasna45.ro\/index.php\/lumea-noastra\/proiect-derulat-de-asociatia-ko-fa-actualizarea-calificarilor-si-competentelor-angajatilor\/\" \/>\n<meta property=\"og:site_name\" content=\"Covasna45\" \/>\n<meta property=\"article:published_time\" content=\"2025-07-22T10:23:53+00:00\" \/>\n<meta property=\"article:modified_time\" content=\"2025-08-25T10:34:17+00:00\" \/>\n<meta property=\"og:image\" content=\"https:\/\/covasna45.ro\/wp-content\/uploads\/2025\/08\/work-3.jpg\" \/>\n\t<meta property=\"og:image:width\" content=\"2000\" \/>\n\t<meta property=\"og:image:height\" content=\"957\" \/>\n\t<meta property=\"og:image:type\" content=\"image\/jpeg\" \/>\n<meta name=\"author\" content=\"Covasna45\" \/>\n<meta name=\"twitter:card\" content=\"summary_large_image\" \/>\n<meta name=\"twitter:label1\" content=\"Scris de\" \/>\n\t<meta name=\"twitter:data1\" content=\"Covasna45\" \/>\n\t<meta name=\"twitter:label2\" content=\"Timp estimat pentru citire\" \/>\n\t<meta name=\"twitter:data2\" content=\"2 minute\" \/>\n<script type=\"application\/ld+json\" class=\"yoast-schema-graph\">{\"@context\":\"https:\\\/\\\/schema.org\",\"@graph\":[{\"@type\":\"Article\",\"@id\":\"https:\\\/\\\/covasna45.ro\\\/index.php\\\/lumea-noastra\\\/proiect-derulat-de-asociatia-ko-fa-actualizarea-calificarilor-si-competentelor-angajatilor\\\/#article\",\"isPartOf\":{\"@id\":\"https:\\\/\\\/covasna45.ro\\\/index.php\\\/lumea-noastra\\\/proiect-derulat-de-asociatia-ko-fa-actualizarea-calificarilor-si-competentelor-angajatilor\\\/\"},\"author\":{\"name\":\"Covasna45\",\"@id\":\"https:\\\/\\\/covasna45.ro\\\/#\\\/schema\\\/person\\\/e674052bd7d95d70bbb007a1060ab73c\"},\"headline\":\"Proiect derulat de Asocia\u021bia KO-Fa: Actualizarea calific\u0103rilor \u0219i competen\u021belor angaja\u021bilor\",\"datePublished\":\"2025-07-22T10:23:53+00:00\",\"dateModified\":\"2025-08-25T10:34:17+00:00\",\"mainEntityOfPage\":{\"@id\":\"https:\\\/\\\/covasna45.ro\\\/index.php\\\/lumea-noastra\\\/proiect-derulat-de-asociatia-ko-fa-actualizarea-calificarilor-si-competentelor-angajatilor\\\/\"},\"wordCount\":363,\"commentCount\":0,\"publisher\":{\"@id\":\"https:\\\/\\\/covasna45.ro\\\/#organization\"},\"image\":{\"@id\":\"https:\\\/\\\/covasna45.ro\\\/index.php\\\/lumea-noastra\\\/proiect-derulat-de-asociatia-ko-fa-actualizarea-calificarilor-si-competentelor-angajatilor\\\/#primaryimage\"},\"thumbnailUrl\":\"https:\\\/\\\/covasna45.ro\\\/wp-content\\\/uploads\\\/2025\\\/08\\\/work-3.jpg\",\"keywords\":[\"pro wood\"],\"articleSection\":[\"Lumea noastr\u0103\"],\"inLanguage\":\"ro-RO\",\"potentialAction\":[{\"@type\":\"CommentAction\",\"name\":\"Comment\",\"target\":[\"https:\\\/\\\/covasna45.ro\\\/index.php\\\/lumea-noastra\\\/proiect-derulat-de-asociatia-ko-fa-actualizarea-calificarilor-si-competentelor-angajatilor\\\/#respond\"]}]},{\"@type\":\"WebPage\",\"@id\":\"https:\\\/\\\/covasna45.ro\\\/index.php\\\/lumea-noastra\\\/proiect-derulat-de-asociatia-ko-fa-actualizarea-calificarilor-si-competentelor-angajatilor\\\/\",\"url\":\"https:\\\/\\\/covasna45.ro\\\/index.php\\\/lumea-noastra\\\/proiect-derulat-de-asociatia-ko-fa-actualizarea-calificarilor-si-competentelor-angajatilor\\\/\",\"name\":\"Proiect derulat de Asocia\u021bia KO-Fa: Actualizarea calific\u0103rilor \u0219i competen\u021belor angaja\u021bilor - Covasna45\",\"isPartOf\":{\"@id\":\"https:\\\/\\\/covasna45.ro\\\/#website\"},\"primaryImageOfPage\":{\"@id\":\"https:\\\/\\\/covasna45.ro\\\/index.php\\\/lumea-noastra\\\/proiect-derulat-de-asociatia-ko-fa-actualizarea-calificarilor-si-competentelor-angajatilor\\\/#primaryimage\"},\"image\":{\"@id\":\"https:\\\/\\\/covasna45.ro\\\/index.php\\\/lumea-noastra\\\/proiect-derulat-de-asociatia-ko-fa-actualizarea-calificarilor-si-competentelor-angajatilor\\\/#primaryimage\"},\"thumbnailUrl\":\"https:\\\/\\\/covasna45.ro\\\/wp-content\\\/uploads\\\/2025\\\/08\\\/work-3.jpg\",\"datePublished\":\"2025-07-22T10:23:53+00:00\",\"dateModified\":\"2025-08-25T10:34:17+00:00\",\"description\":\"Cursul s-a finalizat cu o rat\u0103 de promovare de 100%, to\u021bi participan\u021bii demonstr\u00e2nd progres real \u0219i interes activ.\",\"breadcrumb\":{\"@id\":\"https:\\\/\\\/covasna45.ro\\\/index.php\\\/lumea-noastra\\\/proiect-derulat-de-asociatia-ko-fa-actualizarea-calificarilor-si-competentelor-angajatilor\\\/#breadcrumb\"},\"inLanguage\":\"ro-RO\",\"potentialAction\":[{\"@type\":\"ReadAction\",\"target\":[\"https:\\\/\\\/covasna45.ro\\\/index.php\\\/lumea-noastra\\\/proiect-derulat-de-asociatia-ko-fa-actualizarea-calificarilor-si-competentelor-angajatilor\\\/\"]}]},{\"@type\":\"ImageObject\",\"inLanguage\":\"ro-RO\",\"@id\":\"https:\\\/\\\/covasna45.ro\\\/index.php\\\/lumea-noastra\\\/proiect-derulat-de-asociatia-ko-fa-actualizarea-calificarilor-si-competentelor-angajatilor\\\/#primaryimage\",\"url\":\"https:\\\/\\\/covasna45.ro\\\/wp-content\\\/uploads\\\/2025\\\/08\\\/work-3.jpg\",\"contentUrl\":\"https:\\\/\\\/covasna45.ro\\\/wp-content\\\/uploads\\\/2025\\\/08\\\/work-3.jpg\",\"width\":2000,\"height\":957},{\"@type\":\"BreadcrumbList\",\"@id\":\"https:\\\/\\\/covasna45.ro\\\/index.php\\\/lumea-noastra\\\/proiect-derulat-de-asociatia-ko-fa-actualizarea-calificarilor-si-competentelor-angajatilor\\\/#breadcrumb\",\"itemListElement\":[{\"@type\":\"ListItem\",\"position\":1,\"name\":\"Prima pagin\u0103\",\"item\":\"https:\\\/\\\/covasna45.ro\\\/\"},{\"@type\":\"ListItem\",\"position\":2,\"name\":\"Proiect derulat de Asocia\u021bia KO-Fa: Actualizarea calific\u0103rilor \u0219i competen\u021belor angaja\u021bilor\"}]},{\"@type\":\"WebSite\",\"@id\":\"https:\\\/\\\/covasna45.ro\\\/#website\",\"url\":\"https:\\\/\\\/covasna45.ro\\\/\",\"name\":\"covasna45.ro\",\"description\":\"\",\"publisher\":{\"@id\":\"https:\\\/\\\/covasna45.ro\\\/#organization\"},\"potentialAction\":[{\"@type\":\"SearchAction\",\"target\":{\"@type\":\"EntryPoint\",\"urlTemplate\":\"https:\\\/\\\/covasna45.ro\\\/?s={search_term_string}\"},\"query-input\":{\"@type\":\"PropertyValueSpecification\",\"valueRequired\":true,\"valueName\":\"search_term_string\"}}],\"inLanguage\":\"ro-RO\"},{\"@type\":\"Organization\",\"@id\":\"https:\\\/\\\/covasna45.ro\\\/#organization\",\"name\":\"covasna45.ro\",\"url\":\"https:\\\/\\\/covasna45.ro\\\/\",\"logo\":{\"@type\":\"ImageObject\",\"inLanguage\":\"ro-RO\",\"@id\":\"https:\\\/\\\/covasna45.ro\\\/#\\\/schema\\\/logo\\\/image\\\/\",\"url\":\"https:\\\/\\\/covasna45.ro\\\/wp-content\\\/uploads\\\/2023\\\/01\\\/icon_logo.png\",\"contentUrl\":\"https:\\\/\\\/covasna45.ro\\\/wp-content\\\/uploads\\\/2023\\\/01\\\/icon_logo.png\",\"width\":1900,\"height\":1900,\"caption\":\"covasna45.ro\"},\"image\":{\"@id\":\"https:\\\/\\\/covasna45.ro\\\/#\\\/schema\\\/logo\\\/image\\\/\"}},{\"@type\":\"Person\",\"@id\":\"https:\\\/\\\/covasna45.ro\\\/#\\\/schema\\\/person\\\/e674052bd7d95d70bbb007a1060ab73c\",\"name\":\"Covasna45\",\"image\":{\"@type\":\"ImageObject\",\"inLanguage\":\"ro-RO\",\"@id\":\"https:\\\/\\\/covasna45.ro\\\/wp-content\\\/uploads\\\/2025\\\/10\\\/icon_logo_covasna45-150x150.png\",\"url\":\"https:\\\/\\\/covasna45.ro\\\/wp-content\\\/uploads\\\/2025\\\/10\\\/icon_logo_covasna45-150x150.png\",\"contentUrl\":\"https:\\\/\\\/covasna45.ro\\\/wp-content\\\/uploads\\\/2025\\\/10\\\/icon_logo_covasna45-150x150.png\",\"caption\":\"Covasna45\"},\"sameAs\":[\"https:\\\/\\\/covasna45.ro\"],\"url\":\"https:\\\/\\\/covasna45.ro\\\/index.php\\\/author\\\/covasna\\\/\"}]}<\/script>\n<!-- \/ Yoast SEO plugin. -->","yoast_head_json":{"title":"Proiect derulat de Asocia\u021bia KO-Fa: Actualizarea calific\u0103rilor \u0219i competen\u021belor angaja\u021bilor - Covasna45","description":"Cursul s-a finalizat cu o rat\u0103 de promovare de 100%, to\u021bi participan\u021bii demonstr\u00e2nd progres real \u0219i interes activ.","robots":{"index":"index","follow":"follow","max-snippet":"max-snippet:-1","max-image-preview":"max-image-preview:large","max-video-preview":"max-video-preview:-1"},"canonical":"https:\/\/covasna45.ro\/index.php\/lumea-noastra\/proiect-derulat-de-asociatia-ko-fa-actualizarea-calificarilor-si-competentelor-angajatilor\/","og_locale":"ro_RO","og_type":"article","og_title":"Proiect derulat de Asocia\u021bia KO-Fa: Actualizarea calific\u0103rilor \u0219i competen\u021belor angaja\u021bilor - Covasna45","og_description":"Cursul s-a finalizat cu o rat\u0103 de promovare de 100%, to\u021bi participan\u021bii demonstr\u00e2nd progres real \u0219i interes activ.","og_url":"https:\/\/covasna45.ro\/index.php\/lumea-noastra\/proiect-derulat-de-asociatia-ko-fa-actualizarea-calificarilor-si-competentelor-angajatilor\/","og_site_name":"Covasna45","article_published_time":"2025-07-22T10:23:53+00:00","article_modified_time":"2025-08-25T10:34:17+00:00","og_image":[{"width":2000,"height":957,"url":"https:\/\/covasna45.ro\/wp-content\/uploads\/2025\/08\/work-3.jpg","type":"image\/jpeg"}],"author":"Covasna45","twitter_card":"summary_large_image","twitter_misc":{"Scris de":"Covasna45","Timp estimat pentru citire":"2 minute"},"schema":{"@context":"https:\/\/schema.org","@graph":[{"@type":"Article","@id":"https:\/\/covasna45.ro\/index.php\/lumea-noastra\/proiect-derulat-de-asociatia-ko-fa-actualizarea-calificarilor-si-competentelor-angajatilor\/#article","isPartOf":{"@id":"https:\/\/covasna45.ro\/index.php\/lumea-noastra\/proiect-derulat-de-asociatia-ko-fa-actualizarea-calificarilor-si-competentelor-angajatilor\/"},"author":{"name":"Covasna45","@id":"https:\/\/covasna45.ro\/#\/schema\/person\/e674052bd7d95d70bbb007a1060ab73c"},"headline":"Proiect derulat de Asocia\u021bia KO-Fa: Actualizarea calific\u0103rilor \u0219i competen\u021belor angaja\u021bilor","datePublished":"2025-07-22T10:23:53+00:00","dateModified":"2025-08-25T10:34:17+00:00","mainEntityOfPage":{"@id":"https:\/\/covasna45.ro\/index.php\/lumea-noastra\/proiect-derulat-de-asociatia-ko-fa-actualizarea-calificarilor-si-competentelor-angajatilor\/"},"wordCount":363,"commentCount":0,"publisher":{"@id":"https:\/\/covasna45.ro\/#organization"},"image":{"@id":"https:\/\/covasna45.ro\/index.php\/lumea-noastra\/proiect-derulat-de-asociatia-ko-fa-actualizarea-calificarilor-si-competentelor-angajatilor\/#primaryimage"},"thumbnailUrl":"https:\/\/covasna45.ro\/wp-content\/uploads\/2025\/08\/work-3.jpg","keywords":["pro wood"],"articleSection":["Lumea noastr\u0103"],"inLanguage":"ro-RO","potentialAction":[{"@type":"CommentAction","name":"Comment","target":["https:\/\/covasna45.ro\/index.php\/lumea-noastra\/proiect-derulat-de-asociatia-ko-fa-actualizarea-calificarilor-si-competentelor-angajatilor\/#respond"]}]},{"@type":"WebPage","@id":"https:\/\/covasna45.ro\/index.php\/lumea-noastra\/proiect-derulat-de-asociatia-ko-fa-actualizarea-calificarilor-si-competentelor-angajatilor\/","url":"https:\/\/covasna45.ro\/index.php\/lumea-noastra\/proiect-derulat-de-asociatia-ko-fa-actualizarea-calificarilor-si-competentelor-angajatilor\/","name":"Proiect derulat de Asocia\u021bia KO-Fa: Actualizarea calific\u0103rilor \u0219i competen\u021belor angaja\u021bilor - Covasna45","isPartOf":{"@id":"https:\/\/covasna45.ro\/#website"},"primaryImageOfPage":{"@id":"https:\/\/covasna45.ro\/index.php\/lumea-noastra\/proiect-derulat-de-asociatia-ko-fa-actualizarea-calificarilor-si-competentelor-angajatilor\/#primaryimage"},"image":{"@id":"https:\/\/covasna45.ro\/index.php\/lumea-noastra\/proiect-derulat-de-asociatia-ko-fa-actualizarea-calificarilor-si-competentelor-angajatilor\/#primaryimage"},"thumbnailUrl":"https:\/\/covasna45.ro\/wp-content\/uploads\/2025\/08\/work-3.jpg","datePublished":"2025-07-22T10:23:53+00:00","dateModified":"2025-08-25T10:34:17+00:00","description":"Cursul s-a finalizat cu o rat\u0103 de promovare de 100%, to\u021bi participan\u021bii demonstr\u00e2nd progres real \u0219i interes activ.","breadcrumb":{"@id":"https:\/\/covasna45.ro\/index.php\/lumea-noastra\/proiect-derulat-de-asociatia-ko-fa-actualizarea-calificarilor-si-competentelor-angajatilor\/#breadcrumb"},"inLanguage":"ro-RO","potentialAction":[{"@type":"ReadAction","target":["https:\/\/covasna45.ro\/index.php\/lumea-noastra\/proiect-derulat-de-asociatia-ko-fa-actualizarea-calificarilor-si-competentelor-angajatilor\/"]}]},{"@type":"ImageObject","inLanguage":"ro-RO","@id":"https:\/\/covasna45.ro\/index.php\/lumea-noastra\/proiect-derulat-de-asociatia-ko-fa-actualizarea-calificarilor-si-competentelor-angajatilor\/#primaryimage","url":"https:\/\/covasna45.ro\/wp-content\/uploads\/2025\/08\/work-3.jpg","contentUrl":"https:\/\/covasna45.ro\/wp-content\/uploads\/2025\/08\/work-3.jpg","width":2000,"height":957},{"@type":"BreadcrumbList","@id":"https:\/\/covasna45.ro\/index.php\/lumea-noastra\/proiect-derulat-de-asociatia-ko-fa-actualizarea-calificarilor-si-competentelor-angajatilor\/#breadcrumb","itemListElement":[{"@type":"ListItem","position":1,"name":"Prima pagin\u0103","item":"https:\/\/covasna45.ro\/"},{"@type":"ListItem","position":2,"name":"Proiect derulat de Asocia\u021bia KO-Fa: Actualizarea calific\u0103rilor \u0219i competen\u021belor angaja\u021bilor"}]},{"@type":"WebSite","@id":"https:\/\/covasna45.ro\/#website","url":"https:\/\/covasna45.ro\/","name":"covasna45.ro","description":"","publisher":{"@id":"https:\/\/covasna45.ro\/#organization"},"potentialAction":[{"@type":"SearchAction","target":{"@type":"EntryPoint","urlTemplate":"https:\/\/covasna45.ro\/?s={search_term_string}"},"query-input":{"@type":"PropertyValueSpecification","valueRequired":true,"valueName":"search_term_string"}}],"inLanguage":"ro-RO"},{"@type":"Organization","@id":"https:\/\/covasna45.ro\/#organization","name":"covasna45.ro","url":"https:\/\/covasna45.ro\/","logo":{"@type":"ImageObject","inLanguage":"ro-RO","@id":"https:\/\/covasna45.ro\/#\/schema\/logo\/image\/","url":"https:\/\/covasna45.ro\/wp-content\/uploads\/2023\/01\/icon_logo.png","contentUrl":"https:\/\/covasna45.ro\/wp-content\/uploads\/2023\/01\/icon_logo.png","width":1900,"height":1900,"caption":"covasna45.ro"},"image":{"@id":"https:\/\/covasna45.ro\/#\/schema\/logo\/image\/"}},{"@type":"Person","@id":"https:\/\/covasna45.ro\/#\/schema\/person\/e674052bd7d95d70bbb007a1060ab73c","name":"Covasna45","image":{"@type":"ImageObject","inLanguage":"ro-RO","@id":"https:\/\/covasna45.ro\/wp-content\/uploads\/2025\/10\/icon_logo_covasna45-150x150.png","url":"https:\/\/covasna45.ro\/wp-content\/uploads\/2025\/10\/icon_logo_covasna45-150x150.png","contentUrl":"https:\/\/covasna45.ro\/wp-content\/uploads\/2025\/10\/icon_logo_covasna45-150x150.png","caption":"Covasna45"},"sameAs":["https:\/\/covasna45.ro"],"url":"https:\/\/covasna45.ro\/index.php\/author\/covasna\/"}]}},"_links":{"self":[{"href":"https:\/\/covasna45.ro\/index.php\/wp-json\/wp\/v2\/posts\/12693","targetHints":{"allow":["GET"]}}],"collection":[{"href":"https:\/\/covasna45.ro\/index.php\/wp-json\/wp\/v2\/posts"}],"about":[{"href":"https:\/\/covasna45.ro\/index.php\/wp-json\/wp\/v2\/types\/post"}],"author":[{"embeddable":true,"href":"https:\/\/covasna45.ro\/index.php\/wp-json\/wp\/v2\/users\/1"}],"replies":[{"embeddable":true,"href":"https:\/\/covasna45.ro\/index.php\/wp-json\/wp\/v2\/comments?post=12693"}],"version-history":[{"count":2,"href":"https:\/\/covasna45.ro\/index.php\/wp-json\/wp\/v2\/posts\/12693\/revisions"}],"predecessor-version":[{"id":12696,"href":"https:\/\/covasna45.ro\/index.php\/wp-json\/wp\/v2\/posts\/12693\/revisions\/12696"}],"wp:featuredmedia":[{"embeddable":true,"href":"https:\/\/covasna45.ro\/index.php\/wp-json\/wp\/v2\/media\/12694"}],"wp:attachment":[{"href":"https:\/\/covasna45.ro\/index.php\/wp-json\/wp\/v2\/media?parent=12693"}],"wp:term":[{"taxonomy":"category","embeddable":true,"href":"https:\/\/covasna45.ro\/index.php\/wp-json\/wp\/v2\/categories?post=12693"},{"taxonomy":"post_tag","embeddable":true,"href":"https:\/\/covasna45.ro\/index.php\/wp-json\/wp\/v2\/tags?post=12693"}],"curies":[{"name":"wp","href":"https:\/\/api.w.org\/{rel}","templated":true}]}}