{"id":12851,"date":"2025-09-01T07:31:37","date_gmt":"2025-09-01T05:31:37","guid":{"rendered":"https:\/\/covasna45.ro\/?p=12851"},"modified":"2025-09-01T07:34:54","modified_gmt":"2025-09-01T05:34:54","slug":"ursula-von-der-leyen-vine-astazi-in-romania-teme-securitatea-si-apararea-europei","status":"publish","type":"post","link":"https:\/\/covasna45.ro\/index.php\/lumea-noastra\/ursula-von-der-leyen-vine-astazi-in-romania-teme-securitatea-si-apararea-europei\/","title":{"rendered":"Ursula von der Leyen vine ast\u0103zi \u00een Rom\u00e2nia. Teme: securitatea \u0219i ap\u0103rarea Europei"},"content":{"rendered":"\n<p>Pre\u0219edinta Comisiei Europene, Ursula von der Leyen, vine ast\u0103zi dup\u0103-amiaz\u0103 \u00een Rom\u00e2nia, \u00een cadrul unui turneu \u00eenceput de vineri \u00een Letonia, Finlanda, Estonia, Polonia, Lituania \u0219i Bulgaria, \u201estatele UE din prima linie, pentru a consolida solidaritatea \u0219i ap\u0103rarea\u201d, anun\u021b\u0103 reprezentan\u021ba Comisiei Europene la Bucure\u0219ti.<\/p>\n\n\n\n<p>\u201e<em><strong>Vizita sa va eviden\u021bia sprijinul UE pentru statele membre care se confrunt\u0103 cu provoc\u0103ri din cauza faptului c\u0103 au frontiere comune cu Rusia sau cu Belarus. De asemenea, ea va discuta despre securitatea \u0219i ap\u0103rarea Europei cu lideri de guvern \u0219i cu cadre militare<\/strong><\/em>\u201d.<\/p>\n\n\n\n<p>Vizita \u00een Rom\u00e2nia este programat\u0103 luni dup\u0103-amiaz\u0103. Diminea\u021b\u0103, pre\u0219edinta CE se va deplasa la Vilnius, unde se va \u00eent\u00e2lni cu pre\u0219edintele Lituaniei, Gitanas Naus\u0117da. Ei vor vizita de asemenea frontiera acestei \u021b\u0103ri cu Belarus. Cei doi pre\u0219edin\u021bi vor asista la preg\u0103tirile \u00eempotriva amenin\u021b\u0103rilor hibride \u0219i conven\u021bionale.<\/p>\n\n\n\n<p>Pre\u0219edinta Comisiei Europene va discuta cu oficiali guvernamentali \u0219i ai armatei despre cooperarea UE-NATO, precum \u0219i despre prevenirea, detectarea, ap\u0103rarea \u0219i descurajarea amenin\u021b\u0103rilor maritime \u0219i hibride.<\/p>\n\n\n\n<p>Premierul&nbsp;Ilie Bolojan nu va fi prezent.&nbsp;<\/p>\n\n\n\n<p>\u201eLuni la ora 12 premierul va fi la \u00eent\u00e2lnirea coalitiei pentru amendamentele parlamentarilor la pachetele adoptate vineri. La ora 16 va fi \u0219edin\u021ba de guvern pentru aceste amendamente, iar la ora\u00a0 19 angajarea r\u0103spunderii\u201d, au explicat surse guvernamentale pentru <a href=\"https:\/\/adevarul.ro\/stiri-interne\/evenimente\/ursula-von-der-leyen-ajunge-luni-in-romania-de-ce-2468711.html\">adev\u0103rul.ro<\/a>. Astfel,\u00a0Guvernul va fi reprezentat de c\u0103tre ministrul Ap\u0103r\u0103rii Ionu\u021b Mo\u0219teanu.<\/p>\n\n\n\n<p>Pre\u0219edintele Nicu\u0219or Dan a anun\u021bat, ieri, c\u0103 printre temele de discu\u021bie pe care le va aborda cu Ursula von der Leyen\u00a0 se num\u0103r\u0103 cele privind ap\u0103rarea european\u0103, deficitul bugetar \u0219i PNRR. \u201e<strong><em>Dup\u0103 cum \u0219ti\u021bi, doamna von der Leyen a vizitat \u021b\u0103rile din Flancul Estic. Deci o s\u0103 fie o discu\u021bie legat\u0103 de ap\u0103rarea european\u0103 pe Flancul Estic, de mecanismul SAFE \u0219i bine\u00een\u021beles chestiuni care vizeaz\u0103 rela\u021biile noastre cu Comisia European\u0103 \u0219i, nu e un secret, chestiunea deficitului \u0219i a PNRR<\/em><\/strong>\u201d, a declarat Nicu\u0219or Dan.<\/p>\n","protected":false},"excerpt":{"rendered":"<p>Pre\u0219edinta Comisiei Europene, Ursula von der Leyen, vine ast\u0103zi dup\u0103-amiaz\u0103 \u00een Rom\u00e2nia, \u00een cadrul unui turneu \u00eenceput de vineri \u00een Letonia, Finlanda, Estonia, Polonia, Lituania \u0219i Bulgaria, \u201estatele UE din prima linie, pentru a consolida solidaritatea \u0219i ap\u0103rarea\u201d, anun\u021b\u0103 reprezentan\u021ba Comisiei Europene la Bucure\u0219ti. \u201eVizita sa va eviden\u021bia sprijinul UE pentru statele membre care se [&hellip;]<\/p>\n","protected":false},"author":1,"featured_media":4933,"comment_status":"open","ping_status":"closed","sticky":false,"template":"","format":"standard","meta":{"tdm_status":"","tdm_grid_status":"","footnotes":""},"categories":[10,14],"tags":[1641],"class_list":{"0":"post-12851","1":"post","2":"type-post","3":"status-publish","4":"format-standard","5":"has-post-thumbnail","7":"category-lumea-larga","8":"category-lumea-noastra","9":"tag-ursula-von-der-leyen"},"yoast_head":"<!-- This site is optimized with the Yoast SEO plugin v27.4 - https:\/\/yoast.com\/product\/yoast-seo-wordpress\/ -->\n<title>Ursula von der Leyen vine ast\u0103zi \u00een Rom\u00e2nia. Teme: securitatea \u0219i ap\u0103rarea Europei - Covasna45<\/title>\n<meta name=\"description\" content=\"Diminea\u021b\u0103, pre\u0219edinta CE se va deplasa la Vilnius, unde se va \u00eent\u00e2lni cu pre\u0219edintele Lituaniei, Gitanas Naus\u0117da.\" \/>\n<meta name=\"robots\" content=\"index, follow, max-snippet:-1, max-image-preview:large, max-video-preview:-1\" \/>\n<link rel=\"canonical\" href=\"https:\/\/covasna45.ro\/index.php\/lumea-noastra\/ursula-von-der-leyen-vine-astazi-in-romania-teme-securitatea-si-apararea-europei\/\" \/>\n<meta property=\"og:locale\" content=\"ro_RO\" \/>\n<meta property=\"og:type\" content=\"article\" \/>\n<meta property=\"og:title\" content=\"Ursula von der Leyen vine ast\u0103zi \u00een Rom\u00e2nia. Teme: securitatea \u0219i ap\u0103rarea Europei - Covasna45\" \/>\n<meta property=\"og:description\" content=\"Diminea\u021b\u0103, pre\u0219edinta CE se va deplasa la Vilnius, unde se va \u00eent\u00e2lni cu pre\u0219edintele Lituaniei, Gitanas Naus\u0117da.\" \/>\n<meta property=\"og:url\" content=\"https:\/\/covasna45.ro\/index.php\/lumea-noastra\/ursula-von-der-leyen-vine-astazi-in-romania-teme-securitatea-si-apararea-europei\/\" \/>\n<meta property=\"og:site_name\" content=\"Covasna45\" \/>\n<meta property=\"article:published_time\" content=\"2025-09-01T05:31:37+00:00\" \/>\n<meta property=\"article:modified_time\" content=\"2025-09-01T05:34:54+00:00\" \/>\n<meta property=\"og:image\" content=\"https:\/\/covasna45.ro\/wp-content\/uploads\/2024\/02\/Ursula-von-der-Leyen.jpg\" \/>\n\t<meta property=\"og:image:width\" content=\"1600\" \/>\n\t<meta property=\"og:image:height\" content=\"1067\" \/>\n\t<meta property=\"og:image:type\" content=\"image\/jpeg\" \/>\n<meta name=\"author\" content=\"Covasna45\" \/>\n<meta name=\"twitter:card\" content=\"summary_large_image\" \/>\n<meta name=\"twitter:label1\" content=\"Scris de\" \/>\n\t<meta name=\"twitter:data1\" content=\"Covasna45\" \/>\n\t<meta name=\"twitter:label2\" content=\"Timp estimat pentru citire\" \/>\n\t<meta name=\"twitter:data2\" content=\"2 minute\" \/>\n<script type=\"application\/ld+json\" class=\"yoast-schema-graph\">{\"@context\":\"https:\\\/\\\/schema.org\",\"@graph\":[{\"@type\":\"Article\",\"@id\":\"https:\\\/\\\/covasna45.ro\\\/index.php\\\/lumea-noastra\\\/ursula-von-der-leyen-vine-astazi-in-romania-teme-securitatea-si-apararea-europei\\\/#article\",\"isPartOf\":{\"@id\":\"https:\\\/\\\/covasna45.ro\\\/index.php\\\/lumea-noastra\\\/ursula-von-der-leyen-vine-astazi-in-romania-teme-securitatea-si-apararea-europei\\\/\"},\"author\":{\"name\":\"Covasna45\",\"@id\":\"https:\\\/\\\/covasna45.ro\\\/#\\\/schema\\\/person\\\/e674052bd7d95d70bbb007a1060ab73c\"},\"headline\":\"Ursula von der Leyen vine ast\u0103zi \u00een Rom\u00e2nia. Teme: securitatea \u0219i ap\u0103rarea Europei\",\"datePublished\":\"2025-09-01T05:31:37+00:00\",\"dateModified\":\"2025-09-01T05:34:54+00:00\",\"mainEntityOfPage\":{\"@id\":\"https:\\\/\\\/covasna45.ro\\\/index.php\\\/lumea-noastra\\\/ursula-von-der-leyen-vine-astazi-in-romania-teme-securitatea-si-apararea-europei\\\/\"},\"wordCount\":363,\"commentCount\":0,\"publisher\":{\"@id\":\"https:\\\/\\\/covasna45.ro\\\/#organization\"},\"image\":{\"@id\":\"https:\\\/\\\/covasna45.ro\\\/index.php\\\/lumea-noastra\\\/ursula-von-der-leyen-vine-astazi-in-romania-teme-securitatea-si-apararea-europei\\\/#primaryimage\"},\"thumbnailUrl\":\"https:\\\/\\\/covasna45.ro\\\/wp-content\\\/uploads\\\/2024\\\/02\\\/Ursula-von-der-Leyen.jpg\",\"keywords\":[\"Ursula von der Leyen\"],\"articleSection\":[\"Lumea larg\u0103\",\"Lumea noastr\u0103\"],\"inLanguage\":\"ro-RO\",\"potentialAction\":[{\"@type\":\"CommentAction\",\"name\":\"Comment\",\"target\":[\"https:\\\/\\\/covasna45.ro\\\/index.php\\\/lumea-noastra\\\/ursula-von-der-leyen-vine-astazi-in-romania-teme-securitatea-si-apararea-europei\\\/#respond\"]}]},{\"@type\":\"WebPage\",\"@id\":\"https:\\\/\\\/covasna45.ro\\\/index.php\\\/lumea-noastra\\\/ursula-von-der-leyen-vine-astazi-in-romania-teme-securitatea-si-apararea-europei\\\/\",\"url\":\"https:\\\/\\\/covasna45.ro\\\/index.php\\\/lumea-noastra\\\/ursula-von-der-leyen-vine-astazi-in-romania-teme-securitatea-si-apararea-europei\\\/\",\"name\":\"Ursula von der Leyen vine ast\u0103zi \u00een Rom\u00e2nia. Teme: securitatea \u0219i ap\u0103rarea Europei - Covasna45\",\"isPartOf\":{\"@id\":\"https:\\\/\\\/covasna45.ro\\\/#website\"},\"primaryImageOfPage\":{\"@id\":\"https:\\\/\\\/covasna45.ro\\\/index.php\\\/lumea-noastra\\\/ursula-von-der-leyen-vine-astazi-in-romania-teme-securitatea-si-apararea-europei\\\/#primaryimage\"},\"image\":{\"@id\":\"https:\\\/\\\/covasna45.ro\\\/index.php\\\/lumea-noastra\\\/ursula-von-der-leyen-vine-astazi-in-romania-teme-securitatea-si-apararea-europei\\\/#primaryimage\"},\"thumbnailUrl\":\"https:\\\/\\\/covasna45.ro\\\/wp-content\\\/uploads\\\/2024\\\/02\\\/Ursula-von-der-Leyen.jpg\",\"datePublished\":\"2025-09-01T05:31:37+00:00\",\"dateModified\":\"2025-09-01T05:34:54+00:00\",\"description\":\"Diminea\u021b\u0103, pre\u0219edinta CE se va deplasa la Vilnius, unde se va \u00eent\u00e2lni cu pre\u0219edintele Lituaniei, Gitanas Naus\u0117da.\",\"breadcrumb\":{\"@id\":\"https:\\\/\\\/covasna45.ro\\\/index.php\\\/lumea-noastra\\\/ursula-von-der-leyen-vine-astazi-in-romania-teme-securitatea-si-apararea-europei\\\/#breadcrumb\"},\"inLanguage\":\"ro-RO\",\"potentialAction\":[{\"@type\":\"ReadAction\",\"target\":[\"https:\\\/\\\/covasna45.ro\\\/index.php\\\/lumea-noastra\\\/ursula-von-der-leyen-vine-astazi-in-romania-teme-securitatea-si-apararea-europei\\\/\"]}]},{\"@type\":\"ImageObject\",\"inLanguage\":\"ro-RO\",\"@id\":\"https:\\\/\\\/covasna45.ro\\\/index.php\\\/lumea-noastra\\\/ursula-von-der-leyen-vine-astazi-in-romania-teme-securitatea-si-apararea-europei\\\/#primaryimage\",\"url\":\"https:\\\/\\\/covasna45.ro\\\/wp-content\\\/uploads\\\/2024\\\/02\\\/Ursula-von-der-Leyen.jpg\",\"contentUrl\":\"https:\\\/\\\/covasna45.ro\\\/wp-content\\\/uploads\\\/2024\\\/02\\\/Ursula-von-der-Leyen.jpg\",\"width\":1600,\"height\":1067},{\"@type\":\"BreadcrumbList\",\"@id\":\"https:\\\/\\\/covasna45.ro\\\/index.php\\\/lumea-noastra\\\/ursula-von-der-leyen-vine-astazi-in-romania-teme-securitatea-si-apararea-europei\\\/#breadcrumb\",\"itemListElement\":[{\"@type\":\"ListItem\",\"position\":1,\"name\":\"Prima pagin\u0103\",\"item\":\"https:\\\/\\\/covasna45.ro\\\/\"},{\"@type\":\"ListItem\",\"position\":2,\"name\":\"Ursula von der Leyen vine ast\u0103zi \u00een Rom\u00e2nia. Teme: securitatea \u0219i ap\u0103rarea Europei\"}]},{\"@type\":\"WebSite\",\"@id\":\"https:\\\/\\\/covasna45.ro\\\/#website\",\"url\":\"https:\\\/\\\/covasna45.ro\\\/\",\"name\":\"covasna45.ro\",\"description\":\"\",\"publisher\":{\"@id\":\"https:\\\/\\\/covasna45.ro\\\/#organization\"},\"potentialAction\":[{\"@type\":\"SearchAction\",\"target\":{\"@type\":\"EntryPoint\",\"urlTemplate\":\"https:\\\/\\\/covasna45.ro\\\/?s={search_term_string}\"},\"query-input\":{\"@type\":\"PropertyValueSpecification\",\"valueRequired\":true,\"valueName\":\"search_term_string\"}}],\"inLanguage\":\"ro-RO\"},{\"@type\":\"Organization\",\"@id\":\"https:\\\/\\\/covasna45.ro\\\/#organization\",\"name\":\"covasna45.ro\",\"url\":\"https:\\\/\\\/covasna45.ro\\\/\",\"logo\":{\"@type\":\"ImageObject\",\"inLanguage\":\"ro-RO\",\"@id\":\"https:\\\/\\\/covasna45.ro\\\/#\\\/schema\\\/logo\\\/image\\\/\",\"url\":\"https:\\\/\\\/covasna45.ro\\\/wp-content\\\/uploads\\\/2023\\\/01\\\/icon_logo.png\",\"contentUrl\":\"https:\\\/\\\/covasna45.ro\\\/wp-content\\\/uploads\\\/2023\\\/01\\\/icon_logo.png\",\"width\":1900,\"height\":1900,\"caption\":\"covasna45.ro\"},\"image\":{\"@id\":\"https:\\\/\\\/covasna45.ro\\\/#\\\/schema\\\/logo\\\/image\\\/\"}},{\"@type\":\"Person\",\"@id\":\"https:\\\/\\\/covasna45.ro\\\/#\\\/schema\\\/person\\\/e674052bd7d95d70bbb007a1060ab73c\",\"name\":\"Covasna45\",\"image\":{\"@type\":\"ImageObject\",\"inLanguage\":\"ro-RO\",\"@id\":\"https:\\\/\\\/covasna45.ro\\\/wp-content\\\/uploads\\\/2025\\\/10\\\/icon_logo_covasna45-150x150.png\",\"url\":\"https:\\\/\\\/covasna45.ro\\\/wp-content\\\/uploads\\\/2025\\\/10\\\/icon_logo_covasna45-150x150.png\",\"contentUrl\":\"https:\\\/\\\/covasna45.ro\\\/wp-content\\\/uploads\\\/2025\\\/10\\\/icon_logo_covasna45-150x150.png\",\"caption\":\"Covasna45\"},\"sameAs\":[\"https:\\\/\\\/covasna45.ro\"],\"url\":\"https:\\\/\\\/covasna45.ro\\\/index.php\\\/author\\\/covasna\\\/\"}]}<\/script>\n<!-- \/ Yoast SEO plugin. -->","yoast_head_json":{"title":"Ursula von der Leyen vine ast\u0103zi \u00een Rom\u00e2nia. Teme: securitatea \u0219i ap\u0103rarea Europei - Covasna45","description":"Diminea\u021b\u0103, pre\u0219edinta CE se va deplasa la Vilnius, unde se va \u00eent\u00e2lni cu pre\u0219edintele Lituaniei, Gitanas Naus\u0117da.","robots":{"index":"index","follow":"follow","max-snippet":"max-snippet:-1","max-image-preview":"max-image-preview:large","max-video-preview":"max-video-preview:-1"},"canonical":"https:\/\/covasna45.ro\/index.php\/lumea-noastra\/ursula-von-der-leyen-vine-astazi-in-romania-teme-securitatea-si-apararea-europei\/","og_locale":"ro_RO","og_type":"article","og_title":"Ursula von der Leyen vine ast\u0103zi \u00een Rom\u00e2nia. Teme: securitatea \u0219i ap\u0103rarea Europei - Covasna45","og_description":"Diminea\u021b\u0103, pre\u0219edinta CE se va deplasa la Vilnius, unde se va \u00eent\u00e2lni cu pre\u0219edintele Lituaniei, Gitanas Naus\u0117da.","og_url":"https:\/\/covasna45.ro\/index.php\/lumea-noastra\/ursula-von-der-leyen-vine-astazi-in-romania-teme-securitatea-si-apararea-europei\/","og_site_name":"Covasna45","article_published_time":"2025-09-01T05:31:37+00:00","article_modified_time":"2025-09-01T05:34:54+00:00","og_image":[{"width":1600,"height":1067,"url":"https:\/\/covasna45.ro\/wp-content\/uploads\/2024\/02\/Ursula-von-der-Leyen.jpg","type":"image\/jpeg"}],"author":"Covasna45","twitter_card":"summary_large_image","twitter_misc":{"Scris de":"Covasna45","Timp estimat pentru citire":"2 minute"},"schema":{"@context":"https:\/\/schema.org","@graph":[{"@type":"Article","@id":"https:\/\/covasna45.ro\/index.php\/lumea-noastra\/ursula-von-der-leyen-vine-astazi-in-romania-teme-securitatea-si-apararea-europei\/#article","isPartOf":{"@id":"https:\/\/covasna45.ro\/index.php\/lumea-noastra\/ursula-von-der-leyen-vine-astazi-in-romania-teme-securitatea-si-apararea-europei\/"},"author":{"name":"Covasna45","@id":"https:\/\/covasna45.ro\/#\/schema\/person\/e674052bd7d95d70bbb007a1060ab73c"},"headline":"Ursula von der Leyen vine ast\u0103zi \u00een Rom\u00e2nia. Teme: securitatea \u0219i ap\u0103rarea Europei","datePublished":"2025-09-01T05:31:37+00:00","dateModified":"2025-09-01T05:34:54+00:00","mainEntityOfPage":{"@id":"https:\/\/covasna45.ro\/index.php\/lumea-noastra\/ursula-von-der-leyen-vine-astazi-in-romania-teme-securitatea-si-apararea-europei\/"},"wordCount":363,"commentCount":0,"publisher":{"@id":"https:\/\/covasna45.ro\/#organization"},"image":{"@id":"https:\/\/covasna45.ro\/index.php\/lumea-noastra\/ursula-von-der-leyen-vine-astazi-in-romania-teme-securitatea-si-apararea-europei\/#primaryimage"},"thumbnailUrl":"https:\/\/covasna45.ro\/wp-content\/uploads\/2024\/02\/Ursula-von-der-Leyen.jpg","keywords":["Ursula von der Leyen"],"articleSection":["Lumea larg\u0103","Lumea noastr\u0103"],"inLanguage":"ro-RO","potentialAction":[{"@type":"CommentAction","name":"Comment","target":["https:\/\/covasna45.ro\/index.php\/lumea-noastra\/ursula-von-der-leyen-vine-astazi-in-romania-teme-securitatea-si-apararea-europei\/#respond"]}]},{"@type":"WebPage","@id":"https:\/\/covasna45.ro\/index.php\/lumea-noastra\/ursula-von-der-leyen-vine-astazi-in-romania-teme-securitatea-si-apararea-europei\/","url":"https:\/\/covasna45.ro\/index.php\/lumea-noastra\/ursula-von-der-leyen-vine-astazi-in-romania-teme-securitatea-si-apararea-europei\/","name":"Ursula von der Leyen vine ast\u0103zi \u00een Rom\u00e2nia. Teme: securitatea \u0219i ap\u0103rarea Europei - Covasna45","isPartOf":{"@id":"https:\/\/covasna45.ro\/#website"},"primaryImageOfPage":{"@id":"https:\/\/covasna45.ro\/index.php\/lumea-noastra\/ursula-von-der-leyen-vine-astazi-in-romania-teme-securitatea-si-apararea-europei\/#primaryimage"},"image":{"@id":"https:\/\/covasna45.ro\/index.php\/lumea-noastra\/ursula-von-der-leyen-vine-astazi-in-romania-teme-securitatea-si-apararea-europei\/#primaryimage"},"thumbnailUrl":"https:\/\/covasna45.ro\/wp-content\/uploads\/2024\/02\/Ursula-von-der-Leyen.jpg","datePublished":"2025-09-01T05:31:37+00:00","dateModified":"2025-09-01T05:34:54+00:00","description":"Diminea\u021b\u0103, pre\u0219edinta CE se va deplasa la Vilnius, unde se va \u00eent\u00e2lni cu pre\u0219edintele Lituaniei, Gitanas Naus\u0117da.","breadcrumb":{"@id":"https:\/\/covasna45.ro\/index.php\/lumea-noastra\/ursula-von-der-leyen-vine-astazi-in-romania-teme-securitatea-si-apararea-europei\/#breadcrumb"},"inLanguage":"ro-RO","potentialAction":[{"@type":"ReadAction","target":["https:\/\/covasna45.ro\/index.php\/lumea-noastra\/ursula-von-der-leyen-vine-astazi-in-romania-teme-securitatea-si-apararea-europei\/"]}]},{"@type":"ImageObject","inLanguage":"ro-RO","@id":"https:\/\/covasna45.ro\/index.php\/lumea-noastra\/ursula-von-der-leyen-vine-astazi-in-romania-teme-securitatea-si-apararea-europei\/#primaryimage","url":"https:\/\/covasna45.ro\/wp-content\/uploads\/2024\/02\/Ursula-von-der-Leyen.jpg","contentUrl":"https:\/\/covasna45.ro\/wp-content\/uploads\/2024\/02\/Ursula-von-der-Leyen.jpg","width":1600,"height":1067},{"@type":"BreadcrumbList","@id":"https:\/\/covasna45.ro\/index.php\/lumea-noastra\/ursula-von-der-leyen-vine-astazi-in-romania-teme-securitatea-si-apararea-europei\/#breadcrumb","itemListElement":[{"@type":"ListItem","position":1,"name":"Prima pagin\u0103","item":"https:\/\/covasna45.ro\/"},{"@type":"ListItem","position":2,"name":"Ursula von der Leyen vine ast\u0103zi \u00een Rom\u00e2nia. Teme: securitatea \u0219i ap\u0103rarea Europei"}]},{"@type":"WebSite","@id":"https:\/\/covasna45.ro\/#website","url":"https:\/\/covasna45.ro\/","name":"covasna45.ro","description":"","publisher":{"@id":"https:\/\/covasna45.ro\/#organization"},"potentialAction":[{"@type":"SearchAction","target":{"@type":"EntryPoint","urlTemplate":"https:\/\/covasna45.ro\/?s={search_term_string}"},"query-input":{"@type":"PropertyValueSpecification","valueRequired":true,"valueName":"search_term_string"}}],"inLanguage":"ro-RO"},{"@type":"Organization","@id":"https:\/\/covasna45.ro\/#organization","name":"covasna45.ro","url":"https:\/\/covasna45.ro\/","logo":{"@type":"ImageObject","inLanguage":"ro-RO","@id":"https:\/\/covasna45.ro\/#\/schema\/logo\/image\/","url":"https:\/\/covasna45.ro\/wp-content\/uploads\/2023\/01\/icon_logo.png","contentUrl":"https:\/\/covasna45.ro\/wp-content\/uploads\/2023\/01\/icon_logo.png","width":1900,"height":1900,"caption":"covasna45.ro"},"image":{"@id":"https:\/\/covasna45.ro\/#\/schema\/logo\/image\/"}},{"@type":"Person","@id":"https:\/\/covasna45.ro\/#\/schema\/person\/e674052bd7d95d70bbb007a1060ab73c","name":"Covasna45","image":{"@type":"ImageObject","inLanguage":"ro-RO","@id":"https:\/\/covasna45.ro\/wp-content\/uploads\/2025\/10\/icon_logo_covasna45-150x150.png","url":"https:\/\/covasna45.ro\/wp-content\/uploads\/2025\/10\/icon_logo_covasna45-150x150.png","contentUrl":"https:\/\/covasna45.ro\/wp-content\/uploads\/2025\/10\/icon_logo_covasna45-150x150.png","caption":"Covasna45"},"sameAs":["https:\/\/covasna45.ro"],"url":"https:\/\/covasna45.ro\/index.php\/author\/covasna\/"}]}},"_links":{"self":[{"href":"https:\/\/covasna45.ro\/index.php\/wp-json\/wp\/v2\/posts\/12851","targetHints":{"allow":["GET"]}}],"collection":[{"href":"https:\/\/covasna45.ro\/index.php\/wp-json\/wp\/v2\/posts"}],"about":[{"href":"https:\/\/covasna45.ro\/index.php\/wp-json\/wp\/v2\/types\/post"}],"author":[{"embeddable":true,"href":"https:\/\/covasna45.ro\/index.php\/wp-json\/wp\/v2\/users\/1"}],"replies":[{"embeddable":true,"href":"https:\/\/covasna45.ro\/index.php\/wp-json\/wp\/v2\/comments?post=12851"}],"version-history":[{"count":2,"href":"https:\/\/covasna45.ro\/index.php\/wp-json\/wp\/v2\/posts\/12851\/revisions"}],"predecessor-version":[{"id":12853,"href":"https:\/\/covasna45.ro\/index.php\/wp-json\/wp\/v2\/posts\/12851\/revisions\/12853"}],"wp:featuredmedia":[{"embeddable":true,"href":"https:\/\/covasna45.ro\/index.php\/wp-json\/wp\/v2\/media\/4933"}],"wp:attachment":[{"href":"https:\/\/covasna45.ro\/index.php\/wp-json\/wp\/v2\/media?parent=12851"}],"wp:term":[{"taxonomy":"category","embeddable":true,"href":"https:\/\/covasna45.ro\/index.php\/wp-json\/wp\/v2\/categories?post=12851"},{"taxonomy":"post_tag","embeddable":true,"href":"https:\/\/covasna45.ro\/index.php\/wp-json\/wp\/v2\/tags?post=12851"}],"curies":[{"name":"wp","href":"https:\/\/api.w.org\/{rel}","templated":true}]}}