{"id":12940,"date":"2025-09-08T19:00:19","date_gmt":"2025-09-08T17:00:19","guid":{"rendered":"https:\/\/covasna45.ro\/?p=12940"},"modified":"2025-09-08T19:00:19","modified_gmt":"2025-09-08T17:00:19","slug":"la-multi-ani-maria","status":"publish","type":"post","link":"https:\/\/covasna45.ro\/index.php\/lumea-noastra\/la-multi-ani-maria\/","title":{"rendered":"La mul\u021bi ani, Maria!"},"content":{"rendered":"\n<p>Am cunoscut-p pe Maria Florea la tab\u0103ra de zi organizat\u0103 \u00een premier\u0103 vara aceasta \u00een \u201ezona rom\u00e2neasc\u0103\u201d din Zagon. Ini\u021biatoarea, doamna Mela, e asistent maternal. Iar Maria e tot asistent maternal. A venit zi de zi la tab\u0103r\u0103 cu Viorel al ei. Un pu\u0219ti m\u0103ricel deja, care are azi 13 ani \u0219i pe care Maria l-a primit \u00een plasament c\u00e2nd avea \u0219ase s\u0103pt\u0103m\u00e2ni \u0219i c\u00e2nt\u0103rea patru kilograme.<\/p>\n\n\n\n<h2 class=\"wp-block-heading\">C\u0103prioara, Bodoc, Jandarmerie<\/h2>\n\n\n\n<p>Maria a lucrat foarte mul\u021bi ani ca osp\u0103tar. A lucrat la C\u0103prioara din Covasna, pe vremuri, apoi la Hotelul Bodoc, c\u00e2nd exista, \u0219i, \u00een cele din urm\u0103, la popota Jandarmeriei din Sf\u00e2ntu Gheorghe. C\u00e2nd guvernul Boc a luat \u201em\u0103surile de austeritate\u201d, civilii au plecat primii. Printre ei, \u0219i Maria.<\/p>\n\n\n\n<p>\u201e<strong><em>Un an de zile am stat \u00een \u0219omaj, dup\u0103 care am hot\u0103r\u00e2t s\u0103 devin asistent maternal. Trebuie s\u0103 treci prin examene, testul psihologic este primul lucru care se face. Se fac cursuri, predau pediatri, psihologi. La examen dac\u0103 nu luai nota \u0219apte, nu erai angajat<\/em><\/strong>\u201d, explic\u0103 Maria pentru <a href=\"https:\/\/covasna45.ro\/index.php\/lumea-noastra\/doamna-mela-si-tabara-de-poveste-de-la-zagon\/\">covasna45.ro<\/a>.<\/p>\n\n\n\n<p>Dup\u0103 examen \u0219i alte verific\u0103ri, Maria a devenit asistent maternal \u0219i l-a primit \u00een plasament pe Viorel. \u00centre timp, se mutaser\u0103 la Zagon. So\u021bul ei mai are un b\u0103iat, din prima c\u0103s\u0103torie. Au zis c\u0103 e mai bine pentru copii la curte, dec\u00e2t la bloc.<\/p>\n\n\n\n<h2 class=\"wp-block-heading\">Copil mic, probleme mari<\/h2>\n\n\n\n<p>Viorel s-a dovedit un copila\u0219 cu probleme. Primul lucru pe care l-a observat Maria a fost c\u0103 nu aude. Medicii speciali\u0219ti la care a ajuns apoi cu el au confirmat c\u0103 e surdo-mut.<\/p>\n\n\n\n<p>De pe la nou\u0103 luni au \u00eenceput interven\u021biile. Au fost multe, de-a lungul anilor. Nu mai pu\u021bin de zece, \u00eentre nou\u0103 luni \u0219i zece ani. Toate acestea au \u0219i un alt efect: un astfel de copil e greu de dat spre adop\u021bie. Dar \u0219i-a pus Maria vreodat\u0103 problema? Nu.<\/p>\n\n\n\n<p>Acum Viorel aude 40% cu urechea st\u00e2ng\u0103 \u0219i 60% cu urechea dreapt\u0103. Ceea ce e un progres remarcabil. Merge la \u0219coal\u0103 normal\u0103, nu la cea special\u0103. Vorbe\u0219te, dar ceva mai greu, \u0219i \u00een\u021belege tot ce i se spune. Are un implant care proceseaz\u0103 sunetul.<\/p>\n\n\n\n<figure class=\"wp-block-image size-large\"><img loading=\"lazy\" decoding=\"async\" width=\"768\" height=\"1024\" src=\"https:\/\/covasna45.ro\/wp-content\/uploads\/2025\/09\/vz-768x1024.jpg\" alt=\"\" class=\"wp-image-12942\" srcset=\"https:\/\/covasna45.ro\/wp-content\/uploads\/2025\/09\/vz-768x1024.jpg 768w, https:\/\/covasna45.ro\/wp-content\/uploads\/2025\/09\/vz-225x300.jpg 225w, https:\/\/covasna45.ro\/wp-content\/uploads\/2025\/09\/vz-1152x1536.jpg 1152w, https:\/\/covasna45.ro\/wp-content\/uploads\/2025\/09\/vz-150x200.jpg 150w, https:\/\/covasna45.ro\/wp-content\/uploads\/2025\/09\/vz-300x400.jpg 300w, https:\/\/covasna45.ro\/wp-content\/uploads\/2025\/09\/vz-696x928.jpg 696w, https:\/\/covasna45.ro\/wp-content\/uploads\/2025\/09\/vz-1068x1424.jpg 1068w, https:\/\/covasna45.ro\/wp-content\/uploads\/2025\/09\/vz.jpg 1536w\" sizes=\"auto, (max-width: 768px) 100vw, 768px\" \/><\/figure>\n\n\n\n<h2 class=\"wp-block-heading\">Desenele, ce bucurie!<\/h2>\n\n\n\n<p>\u00cen lumea lui de copil care realizeaz\u0103 totu\u0219i c\u0103 e diferit, Viorel \u0219i-a g\u0103sit ocupa\u021bii frumoase. Deseneaz\u0103, cu creion. \u00cen tab\u0103r\u0103 a avut parte de o mare surpriz\u0103. Doamna Mela \u0219i Ioana, instructorul de dans, i-au adunat toate desenele de acas\u0103 \u0219i le-au pus pe un mic panou, ca o expozi\u021bie a lui, s\u0103 le vad\u0103 to\u021bi.<\/p>\n\n\n\n<p>\u201e<strong><em>Viorel a avut o reac\u021bie incredibil\u0103\u2026 Era at\u00e2t de fericit, pentru c\u0103 nu \u0219tia c\u0103 au fost str\u00e2nse \u0219i aduse la tab\u0103r\u0103. Spunea \u00een st\u00e2nga \u0219i \u00een dreapta c\u0103 sunt ale lui \u0219i ar\u0103ta spre ele\u2026 nu-i venea s\u0103 cread\u0103<\/em><\/strong>\u201d, ne-a povestit Ioana.<\/p>\n\n\n\n<figure class=\"wp-block-image size-large\"><img loading=\"lazy\" decoding=\"async\" width=\"771\" height=\"1024\" src=\"https:\/\/covasna45.ro\/wp-content\/uploads\/2025\/09\/expo-viorel-771x1024.jpg\" alt=\"\" class=\"wp-image-12943\" srcset=\"https:\/\/covasna45.ro\/wp-content\/uploads\/2025\/09\/expo-viorel-771x1024.jpg 771w, https:\/\/covasna45.ro\/wp-content\/uploads\/2025\/09\/expo-viorel-226x300.jpg 226w, https:\/\/covasna45.ro\/wp-content\/uploads\/2025\/09\/expo-viorel-768x1020.jpg 768w, https:\/\/covasna45.ro\/wp-content\/uploads\/2025\/09\/expo-viorel-1157x1536.jpg 1157w, https:\/\/covasna45.ro\/wp-content\/uploads\/2025\/09\/expo-viorel-1542x2048.jpg 1542w, https:\/\/covasna45.ro\/wp-content\/uploads\/2025\/09\/expo-viorel-150x199.jpg 150w, https:\/\/covasna45.ro\/wp-content\/uploads\/2025\/09\/expo-viorel-300x398.jpg 300w, https:\/\/covasna45.ro\/wp-content\/uploads\/2025\/09\/expo-viorel-696x924.jpg 696w, https:\/\/covasna45.ro\/wp-content\/uploads\/2025\/09\/expo-viorel-1068x1418.jpg 1068w, https:\/\/covasna45.ro\/wp-content\/uploads\/2025\/09\/expo-viorel-1920x2550.jpg 1920w, https:\/\/covasna45.ro\/wp-content\/uploads\/2025\/09\/expo-viorel-scaled.jpg 1928w\" sizes=\"auto, (max-width: 771px) 100vw, 771px\" \/><\/figure>\n\n\n\n<p>Faptul c\u0103 zeci de copii \u0219i mul\u021bi adul\u021bi i-au admirat desenele a fost extraordinar pentru el. Un imbold care parc\u0103 i-a dat aripi.<\/p>\n\n\n\n<p>A\u0219a cum spune Maria, cu copiii cheia e \u00eentotdeauna r\u0103bdarea. \u00cencurajarea constant\u0103. Dragostea.<\/p>\n\n\n\n<figure class=\"wp-block-image size-large\"><img loading=\"lazy\" decoding=\"async\" width=\"1011\" height=\"1024\" src=\"https:\/\/covasna45.ro\/wp-content\/uploads\/2025\/09\/viorel-maria-3-1011x1024.jpg\" alt=\"\" class=\"wp-image-12947\" srcset=\"https:\/\/covasna45.ro\/wp-content\/uploads\/2025\/09\/viorel-maria-3-1011x1024.jpg 1011w, https:\/\/covasna45.ro\/wp-content\/uploads\/2025\/09\/viorel-maria-3-296x300.jpg 296w, https:\/\/covasna45.ro\/wp-content\/uploads\/2025\/09\/viorel-maria-3-768x778.jpg 768w, https:\/\/covasna45.ro\/wp-content\/uploads\/2025\/09\/viorel-maria-3-150x152.jpg 150w, https:\/\/covasna45.ro\/wp-content\/uploads\/2025\/09\/viorel-maria-3-300x304.jpg 300w, https:\/\/covasna45.ro\/wp-content\/uploads\/2025\/09\/viorel-maria-3-696x705.jpg 696w, https:\/\/covasna45.ro\/wp-content\/uploads\/2025\/09\/viorel-maria-3-1068x1081.jpg 1068w, https:\/\/covasna45.ro\/wp-content\/uploads\/2025\/09\/viorel-maria-3.jpg 1114w\" sizes=\"auto, (max-width: 1011px) 100vw, 1011px\" \/><\/figure>\n\n\n\n<p>\u201e<strong><em>Mi-a spus la un moment dat s\u0103 \u00eei dau c\u0103ciul\u0103, c\u0103 r\u00e2d copiii de el, c\u0103 se vede acel aparat pe care \u00eel poart\u0103 pentru auz. I-am explicat c\u0103 nu e nevoie, c\u0103 nu r\u00e2d copiii\u2026 &lt;&lt;Ai v\u0103zut c\u0103 sunt copii care poart\u0103 ochelari, c\u0103 nu v\u0103d destu de bine, asta e de r\u00e2s? Nu e>>. A\u0219a am vorbit mereu cu el, eu \u0219i so\u021bul. Explicat totul cu r\u0103bdare<\/em><\/strong>\u201d.<\/p>\n\n\n\n<p>Dar Viorel \u0219tia el ce spune, pentru c\u0103 \u00een \u0219colile noastre bullying-ul e \u201emateria\u201d nr. 1. Dac\u0103 e\u0219ti \u00een orice fel diferit, unii copii sunt nemilo\u0219i.<\/p>\n\n\n\n<p>Viorel \u00ee\u0219i canalizeaz\u0103 energia spre desene \u0219i, pe l\u00e2ng\u0103 desene, a \u00eenceput s\u0103\u2026 mixeze muzic\u0103. Pare incredibil, dar chiar o face. Desigur, la nivelul lui de \u201eDJ\u201d amator.<\/p>\n\n\n\n<p>\u201e<strong><em>De Cr\u0103ciun \u0219i-a dorit laptop. Telefon avea, dar \u0219i-a dorit \u0219i un laptop. \u0218i a venit fiul cel mare din Anglia la noi cu un prieten din America. \u0218i i-au adus un mic mixer pentru DJ. \u0218i Viorel lucreaz\u0103 cu laptop-ul, cu acel mixer\u2026 E un DJ mai mic<\/em><\/strong>\u201d, spune, m\u00e2ndr\u0103, Maria.<\/p>\n\n\n\n<figure class=\"wp-block-image size-large\"><img loading=\"lazy\" decoding=\"async\" width=\"1024\" height=\"768\" src=\"https:\/\/covasna45.ro\/wp-content\/uploads\/2025\/09\/esen-v-tabara-1024x768.jpg\" alt=\"\" class=\"wp-image-12945\" srcset=\"https:\/\/covasna45.ro\/wp-content\/uploads\/2025\/09\/esen-v-tabara-1024x768.jpg 1024w, https:\/\/covasna45.ro\/wp-content\/uploads\/2025\/09\/esen-v-tabara-300x225.jpg 300w, https:\/\/covasna45.ro\/wp-content\/uploads\/2025\/09\/esen-v-tabara-768x576.jpg 768w, https:\/\/covasna45.ro\/wp-content\/uploads\/2025\/09\/esen-v-tabara-1536x1152.jpg 1536w, https:\/\/covasna45.ro\/wp-content\/uploads\/2025\/09\/esen-v-tabara-2048x1536.jpg 2048w, https:\/\/covasna45.ro\/wp-content\/uploads\/2025\/09\/esen-v-tabara-150x113.jpg 150w, https:\/\/covasna45.ro\/wp-content\/uploads\/2025\/09\/esen-v-tabara-696x522.jpg 696w, https:\/\/covasna45.ro\/wp-content\/uploads\/2025\/09\/esen-v-tabara-1068x801.jpg 1068w, https:\/\/covasna45.ro\/wp-content\/uploads\/2025\/09\/esen-v-tabara-1920x1440.jpg 1920w\" sizes=\"auto, (max-width: 1024px) 100vw, 1024px\" \/><\/figure>\n\n\n\n<h2 class=\"wp-block-heading\">Reabilitare continu\u0103<\/h2>\n\n\n\n<p>\u00cel duce pe Viorel la centre de reabilitare de c\u00e2nd era la gr\u0103dini\u021b\u0103. A \u00eenceput cu Bra\u0219ov, apoi Sf\u00e2ntu Gheorghe \u0219i Chilieni. Drumuri s\u0103pt\u0103m\u00e2nale. O serie de speciali\u0219ti &#8211; logopezi, psihologi, psihopedagogi \u2013 care \u00eel \u00eengrijesc \u0219i \u00eel sus\u021bin pe Viorel \u0219i azi. Al\u0103turi de cei de la Protec\u021bia Copilului, aten\u021bi constant la evolu\u021bia lui.<\/p>\n\n\n\n<figure class=\"wp-block-image size-large\"><img loading=\"lazy\" decoding=\"async\" width=\"576\" height=\"1024\" src=\"https:\/\/covasna45.ro\/wp-content\/uploads\/2025\/09\/viorel-zagon-576x1024.jpg\" alt=\"\" class=\"wp-image-12946\" srcset=\"https:\/\/covasna45.ro\/wp-content\/uploads\/2025\/09\/viorel-zagon-576x1024.jpg 576w, https:\/\/covasna45.ro\/wp-content\/uploads\/2025\/09\/viorel-zagon-169x300.jpg 169w, https:\/\/covasna45.ro\/wp-content\/uploads\/2025\/09\/viorel-zagon-768x1366.jpg 768w, https:\/\/covasna45.ro\/wp-content\/uploads\/2025\/09\/viorel-zagon-864x1536.jpg 864w, https:\/\/covasna45.ro\/wp-content\/uploads\/2025\/09\/viorel-zagon-150x267.jpg 150w, https:\/\/covasna45.ro\/wp-content\/uploads\/2025\/09\/viorel-zagon-300x534.jpg 300w, https:\/\/covasna45.ro\/wp-content\/uploads\/2025\/09\/viorel-zagon-696x1238.jpg 696w, https:\/\/covasna45.ro\/wp-content\/uploads\/2025\/09\/viorel-zagon.jpg 899w\" sizes=\"auto, (max-width: 576px) 100vw, 576px\" \/><\/figure>\n\n\n\n<p>Pentru Maria, Viorel nu e un copil abandonat, bolnav sau diferit. Este copilul ei. Uneori, c\u00e2nd simte c\u0103 anii tot trec \u0219i ea \u0219i so\u021bul nu \u00eentineresc, \u00ee\u0219i doresc un singur lucru \u2013 ca el s\u0103 ajung\u0103 un adult care s\u0103 nu depind\u0103 de nimeni \u0219i s\u0103 \u00ee\u0219i poat\u0103 c\u00e2\u0219tiga existen\u021ba. Efortul lor de a-l integra, de a-i oferi toate condi\u021biile, trebuie s\u0103 dea roade. P\u00e2n\u0103 atunci, \u00eel iubesc \u0219i \u00eel sus\u021bin zi de zi. <\/p>\n\n\n\n<figure class=\"wp-block-image size-large\"><img loading=\"lazy\" decoding=\"async\" width=\"768\" height=\"1024\" src=\"https:\/\/covasna45.ro\/wp-content\/uploads\/2025\/09\/vioel-maria-768x1024.jpg\" alt=\"\" class=\"wp-image-12944\" srcset=\"https:\/\/covasna45.ro\/wp-content\/uploads\/2025\/09\/vioel-maria-768x1024.jpg 768w, https:\/\/covasna45.ro\/wp-content\/uploads\/2025\/09\/vioel-maria-225x300.jpg 225w, https:\/\/covasna45.ro\/wp-content\/uploads\/2025\/09\/vioel-maria-1152x1536.jpg 1152w, https:\/\/covasna45.ro\/wp-content\/uploads\/2025\/09\/vioel-maria-150x200.jpg 150w, https:\/\/covasna45.ro\/wp-content\/uploads\/2025\/09\/vioel-maria-300x400.jpg 300w, https:\/\/covasna45.ro\/wp-content\/uploads\/2025\/09\/vioel-maria-696x928.jpg 696w, https:\/\/covasna45.ro\/wp-content\/uploads\/2025\/09\/vioel-maria-1068x1424.jpg 1068w, https:\/\/covasna45.ro\/wp-content\/uploads\/2025\/09\/vioel-maria.jpg 1512w\" sizes=\"auto, (max-width: 768px) 100vw, 768px\" \/><\/figure>\n\n\n\n<p><strong><em>La mul\u021bi ani, Maria!<\/em><\/strong><\/p>\n","protected":false},"excerpt":{"rendered":"<p>Am cunoscut-p pe Maria Florea la tab\u0103ra de zi organizat\u0103 \u00een premier\u0103 vara aceasta \u00een \u201ezona rom\u00e2neasc\u0103\u201d din Zagon. Ini\u021biatoarea, doamna Mela, e asistent maternal. Iar Maria e tot asistent maternal. A venit zi de zi la tab\u0103r\u0103 cu Viorel al ei. Un pu\u0219ti m\u0103ricel deja, care are azi 13 ani \u0219i pe care Maria [&hellip;]<\/p>\n","protected":false},"author":3,"featured_media":12941,"comment_status":"open","ping_status":"closed","sticky":false,"template":"","format":"standard","meta":{"tdm_status":"","tdm_grid_status":"","footnotes":""},"categories":[14],"tags":[3905,1082],"class_list":{"0":"post-12940","1":"post","2":"type-post","3":"status-publish","4":"format-standard","5":"has-post-thumbnail","7":"category-lumea-noastra","8":"tag-maria","9":"tag-zagon"},"yoast_head":"<!-- This site is optimized with the Yoast SEO plugin v27.5 - https:\/\/yoast.com\/product\/yoast-seo-wordpress\/ -->\n<title>La mul\u021bi ani, Maria! - Covasna45<\/title>\n<meta name=\"description\" content=\"Am cunoscut-p pe Maria Florea la tab\u0103ra de zi organizat\u0103 \u00een premier\u0103 vara aceasta \u00een \u201ezona rom\u00e2neasc\u0103\u201d din Zagon.\" \/>\n<meta name=\"robots\" content=\"index, follow, max-snippet:-1, max-image-preview:large, max-video-preview:-1\" \/>\n<link rel=\"canonical\" href=\"https:\/\/covasna45.ro\/index.php\/lumea-noastra\/la-multi-ani-maria\/\" \/>\n<meta property=\"og:locale\" content=\"ro_RO\" \/>\n<meta property=\"og:type\" content=\"article\" \/>\n<meta property=\"og:title\" content=\"La mul\u021bi ani, Maria! - Covasna45\" \/>\n<meta property=\"og:description\" content=\"Am cunoscut-p pe Maria Florea la tab\u0103ra de zi organizat\u0103 \u00een premier\u0103 vara aceasta \u00een \u201ezona rom\u00e2neasc\u0103\u201d din Zagon.\" \/>\n<meta property=\"og:url\" content=\"https:\/\/covasna45.ro\/index.php\/lumea-noastra\/la-multi-ani-maria\/\" \/>\n<meta property=\"og:site_name\" content=\"Covasna45\" \/>\n<meta property=\"article:published_time\" content=\"2025-09-08T17:00:19+00:00\" \/>\n<meta property=\"og:image\" content=\"https:\/\/covasna45.ro\/wp-content\/uploads\/2025\/09\/msria-viorel.jpg\" \/>\n\t<meta property=\"og:image:width\" content=\"2051\" \/>\n\t<meta property=\"og:image:height\" content=\"1443\" \/>\n\t<meta property=\"og:image:type\" content=\"image\/jpeg\" \/>\n<meta name=\"author\" content=\"Gina Artenie\" \/>\n<meta name=\"twitter:card\" content=\"summary_large_image\" \/>\n<meta name=\"twitter:label1\" content=\"Scris de\" \/>\n\t<meta name=\"twitter:data1\" content=\"Gina Artenie\" \/>\n\t<meta name=\"twitter:label2\" content=\"Timp estimat pentru citire\" \/>\n\t<meta name=\"twitter:data2\" content=\"6 minute\" \/>\n<script type=\"application\/ld+json\" class=\"yoast-schema-graph\">{\"@context\":\"https:\\\/\\\/schema.org\",\"@graph\":[{\"@type\":\"Article\",\"@id\":\"https:\\\/\\\/covasna45.ro\\\/index.php\\\/lumea-noastra\\\/la-multi-ani-maria\\\/#article\",\"isPartOf\":{\"@id\":\"https:\\\/\\\/covasna45.ro\\\/index.php\\\/lumea-noastra\\\/la-multi-ani-maria\\\/\"},\"author\":{\"name\":\"Gina Artenie\",\"@id\":\"https:\\\/\\\/covasna45.ro\\\/#\\\/schema\\\/person\\\/a1349b84526c62ffb40b193ae8676c7e\"},\"headline\":\"La mul\u021bi ani, Maria!\",\"datePublished\":\"2025-09-08T17:00:19+00:00\",\"mainEntityOfPage\":{\"@id\":\"https:\\\/\\\/covasna45.ro\\\/index.php\\\/lumea-noastra\\\/la-multi-ani-maria\\\/\"},\"wordCount\":881,\"commentCount\":0,\"publisher\":{\"@id\":\"https:\\\/\\\/covasna45.ro\\\/#organization\"},\"image\":{\"@id\":\"https:\\\/\\\/covasna45.ro\\\/index.php\\\/lumea-noastra\\\/la-multi-ani-maria\\\/#primaryimage\"},\"thumbnailUrl\":\"https:\\\/\\\/covasna45.ro\\\/wp-content\\\/uploads\\\/2025\\\/09\\\/msria-viorel.jpg\",\"keywords\":[\"Maria\",\"Zagon\"],\"articleSection\":[\"Lumea noastr\u0103\"],\"inLanguage\":\"ro-RO\",\"potentialAction\":[{\"@type\":\"CommentAction\",\"name\":\"Comment\",\"target\":[\"https:\\\/\\\/covasna45.ro\\\/index.php\\\/lumea-noastra\\\/la-multi-ani-maria\\\/#respond\"]}]},{\"@type\":\"WebPage\",\"@id\":\"https:\\\/\\\/covasna45.ro\\\/index.php\\\/lumea-noastra\\\/la-multi-ani-maria\\\/\",\"url\":\"https:\\\/\\\/covasna45.ro\\\/index.php\\\/lumea-noastra\\\/la-multi-ani-maria\\\/\",\"name\":\"La mul\u021bi ani, Maria! - Covasna45\",\"isPartOf\":{\"@id\":\"https:\\\/\\\/covasna45.ro\\\/#website\"},\"primaryImageOfPage\":{\"@id\":\"https:\\\/\\\/covasna45.ro\\\/index.php\\\/lumea-noastra\\\/la-multi-ani-maria\\\/#primaryimage\"},\"image\":{\"@id\":\"https:\\\/\\\/covasna45.ro\\\/index.php\\\/lumea-noastra\\\/la-multi-ani-maria\\\/#primaryimage\"},\"thumbnailUrl\":\"https:\\\/\\\/covasna45.ro\\\/wp-content\\\/uploads\\\/2025\\\/09\\\/msria-viorel.jpg\",\"datePublished\":\"2025-09-08T17:00:19+00:00\",\"description\":\"Am cunoscut-p pe Maria Florea la tab\u0103ra de zi organizat\u0103 \u00een premier\u0103 vara aceasta \u00een \u201ezona rom\u00e2neasc\u0103\u201d din Zagon.\",\"breadcrumb\":{\"@id\":\"https:\\\/\\\/covasna45.ro\\\/index.php\\\/lumea-noastra\\\/la-multi-ani-maria\\\/#breadcrumb\"},\"inLanguage\":\"ro-RO\",\"potentialAction\":[{\"@type\":\"ReadAction\",\"target\":[\"https:\\\/\\\/covasna45.ro\\\/index.php\\\/lumea-noastra\\\/la-multi-ani-maria\\\/\"]}]},{\"@type\":\"ImageObject\",\"inLanguage\":\"ro-RO\",\"@id\":\"https:\\\/\\\/covasna45.ro\\\/index.php\\\/lumea-noastra\\\/la-multi-ani-maria\\\/#primaryimage\",\"url\":\"https:\\\/\\\/covasna45.ro\\\/wp-content\\\/uploads\\\/2025\\\/09\\\/msria-viorel.jpg\",\"contentUrl\":\"https:\\\/\\\/covasna45.ro\\\/wp-content\\\/uploads\\\/2025\\\/09\\\/msria-viorel.jpg\",\"width\":2051,\"height\":1443},{\"@type\":\"BreadcrumbList\",\"@id\":\"https:\\\/\\\/covasna45.ro\\\/index.php\\\/lumea-noastra\\\/la-multi-ani-maria\\\/#breadcrumb\",\"itemListElement\":[{\"@type\":\"ListItem\",\"position\":1,\"name\":\"Prima pagin\u0103\",\"item\":\"https:\\\/\\\/covasna45.ro\\\/\"},{\"@type\":\"ListItem\",\"position\":2,\"name\":\"La mul\u021bi ani, Maria!\"}]},{\"@type\":\"WebSite\",\"@id\":\"https:\\\/\\\/covasna45.ro\\\/#website\",\"url\":\"https:\\\/\\\/covasna45.ro\\\/\",\"name\":\"covasna45.ro\",\"description\":\"\",\"publisher\":{\"@id\":\"https:\\\/\\\/covasna45.ro\\\/#organization\"},\"potentialAction\":[{\"@type\":\"SearchAction\",\"target\":{\"@type\":\"EntryPoint\",\"urlTemplate\":\"https:\\\/\\\/covasna45.ro\\\/?s={search_term_string}\"},\"query-input\":{\"@type\":\"PropertyValueSpecification\",\"valueRequired\":true,\"valueName\":\"search_term_string\"}}],\"inLanguage\":\"ro-RO\"},{\"@type\":\"Organization\",\"@id\":\"https:\\\/\\\/covasna45.ro\\\/#organization\",\"name\":\"covasna45.ro\",\"url\":\"https:\\\/\\\/covasna45.ro\\\/\",\"logo\":{\"@type\":\"ImageObject\",\"inLanguage\":\"ro-RO\",\"@id\":\"https:\\\/\\\/covasna45.ro\\\/#\\\/schema\\\/logo\\\/image\\\/\",\"url\":\"https:\\\/\\\/covasna45.ro\\\/wp-content\\\/uploads\\\/2023\\\/01\\\/icon_logo.png\",\"contentUrl\":\"https:\\\/\\\/covasna45.ro\\\/wp-content\\\/uploads\\\/2023\\\/01\\\/icon_logo.png\",\"width\":1900,\"height\":1900,\"caption\":\"covasna45.ro\"},\"image\":{\"@id\":\"https:\\\/\\\/covasna45.ro\\\/#\\\/schema\\\/logo\\\/image\\\/\"}},{\"@type\":\"Person\",\"@id\":\"https:\\\/\\\/covasna45.ro\\\/#\\\/schema\\\/person\\\/a1349b84526c62ffb40b193ae8676c7e\",\"name\":\"Gina Artenie\",\"image\":{\"@type\":\"ImageObject\",\"inLanguage\":\"ro-RO\",\"@id\":\"https:\\\/\\\/covasna45.ro\\\/wp-content\\\/uploads\\\/2023\\\/08\\\/gina_artenie-150x150.jpg\",\"url\":\"https:\\\/\\\/covasna45.ro\\\/wp-content\\\/uploads\\\/2023\\\/08\\\/gina_artenie-150x150.jpg\",\"contentUrl\":\"https:\\\/\\\/covasna45.ro\\\/wp-content\\\/uploads\\\/2023\\\/08\\\/gina_artenie-150x150.jpg\",\"caption\":\"Gina Artenie\"},\"sameAs\":[\"http:\\\/\\\/www.covasna45.ro\"],\"url\":\"https:\\\/\\\/covasna45.ro\\\/index.php\\\/author\\\/gina\\\/\"}]}<\/script>\n<!-- \/ Yoast SEO plugin. -->","yoast_head_json":{"title":"La mul\u021bi ani, Maria! - Covasna45","description":"Am cunoscut-p pe Maria Florea la tab\u0103ra de zi organizat\u0103 \u00een premier\u0103 vara aceasta \u00een \u201ezona rom\u00e2neasc\u0103\u201d din Zagon.","robots":{"index":"index","follow":"follow","max-snippet":"max-snippet:-1","max-image-preview":"max-image-preview:large","max-video-preview":"max-video-preview:-1"},"canonical":"https:\/\/covasna45.ro\/index.php\/lumea-noastra\/la-multi-ani-maria\/","og_locale":"ro_RO","og_type":"article","og_title":"La mul\u021bi ani, Maria! - Covasna45","og_description":"Am cunoscut-p pe Maria Florea la tab\u0103ra de zi organizat\u0103 \u00een premier\u0103 vara aceasta \u00een \u201ezona rom\u00e2neasc\u0103\u201d din Zagon.","og_url":"https:\/\/covasna45.ro\/index.php\/lumea-noastra\/la-multi-ani-maria\/","og_site_name":"Covasna45","article_published_time":"2025-09-08T17:00:19+00:00","og_image":[{"width":2051,"height":1443,"url":"https:\/\/covasna45.ro\/wp-content\/uploads\/2025\/09\/msria-viorel.jpg","type":"image\/jpeg"}],"author":"Gina Artenie","twitter_card":"summary_large_image","twitter_misc":{"Scris de":"Gina Artenie","Timp estimat pentru citire":"6 minute"},"schema":{"@context":"https:\/\/schema.org","@graph":[{"@type":"Article","@id":"https:\/\/covasna45.ro\/index.php\/lumea-noastra\/la-multi-ani-maria\/#article","isPartOf":{"@id":"https:\/\/covasna45.ro\/index.php\/lumea-noastra\/la-multi-ani-maria\/"},"author":{"name":"Gina Artenie","@id":"https:\/\/covasna45.ro\/#\/schema\/person\/a1349b84526c62ffb40b193ae8676c7e"},"headline":"La mul\u021bi ani, Maria!","datePublished":"2025-09-08T17:00:19+00:00","mainEntityOfPage":{"@id":"https:\/\/covasna45.ro\/index.php\/lumea-noastra\/la-multi-ani-maria\/"},"wordCount":881,"commentCount":0,"publisher":{"@id":"https:\/\/covasna45.ro\/#organization"},"image":{"@id":"https:\/\/covasna45.ro\/index.php\/lumea-noastra\/la-multi-ani-maria\/#primaryimage"},"thumbnailUrl":"https:\/\/covasna45.ro\/wp-content\/uploads\/2025\/09\/msria-viorel.jpg","keywords":["Maria","Zagon"],"articleSection":["Lumea noastr\u0103"],"inLanguage":"ro-RO","potentialAction":[{"@type":"CommentAction","name":"Comment","target":["https:\/\/covasna45.ro\/index.php\/lumea-noastra\/la-multi-ani-maria\/#respond"]}]},{"@type":"WebPage","@id":"https:\/\/covasna45.ro\/index.php\/lumea-noastra\/la-multi-ani-maria\/","url":"https:\/\/covasna45.ro\/index.php\/lumea-noastra\/la-multi-ani-maria\/","name":"La mul\u021bi ani, Maria! - Covasna45","isPartOf":{"@id":"https:\/\/covasna45.ro\/#website"},"primaryImageOfPage":{"@id":"https:\/\/covasna45.ro\/index.php\/lumea-noastra\/la-multi-ani-maria\/#primaryimage"},"image":{"@id":"https:\/\/covasna45.ro\/index.php\/lumea-noastra\/la-multi-ani-maria\/#primaryimage"},"thumbnailUrl":"https:\/\/covasna45.ro\/wp-content\/uploads\/2025\/09\/msria-viorel.jpg","datePublished":"2025-09-08T17:00:19+00:00","description":"Am cunoscut-p pe Maria Florea la tab\u0103ra de zi organizat\u0103 \u00een premier\u0103 vara aceasta \u00een \u201ezona rom\u00e2neasc\u0103\u201d din Zagon.","breadcrumb":{"@id":"https:\/\/covasna45.ro\/index.php\/lumea-noastra\/la-multi-ani-maria\/#breadcrumb"},"inLanguage":"ro-RO","potentialAction":[{"@type":"ReadAction","target":["https:\/\/covasna45.ro\/index.php\/lumea-noastra\/la-multi-ani-maria\/"]}]},{"@type":"ImageObject","inLanguage":"ro-RO","@id":"https:\/\/covasna45.ro\/index.php\/lumea-noastra\/la-multi-ani-maria\/#primaryimage","url":"https:\/\/covasna45.ro\/wp-content\/uploads\/2025\/09\/msria-viorel.jpg","contentUrl":"https:\/\/covasna45.ro\/wp-content\/uploads\/2025\/09\/msria-viorel.jpg","width":2051,"height":1443},{"@type":"BreadcrumbList","@id":"https:\/\/covasna45.ro\/index.php\/lumea-noastra\/la-multi-ani-maria\/#breadcrumb","itemListElement":[{"@type":"ListItem","position":1,"name":"Prima pagin\u0103","item":"https:\/\/covasna45.ro\/"},{"@type":"ListItem","position":2,"name":"La mul\u021bi ani, Maria!"}]},{"@type":"WebSite","@id":"https:\/\/covasna45.ro\/#website","url":"https:\/\/covasna45.ro\/","name":"covasna45.ro","description":"","publisher":{"@id":"https:\/\/covasna45.ro\/#organization"},"potentialAction":[{"@type":"SearchAction","target":{"@type":"EntryPoint","urlTemplate":"https:\/\/covasna45.ro\/?s={search_term_string}"},"query-input":{"@type":"PropertyValueSpecification","valueRequired":true,"valueName":"search_term_string"}}],"inLanguage":"ro-RO"},{"@type":"Organization","@id":"https:\/\/covasna45.ro\/#organization","name":"covasna45.ro","url":"https:\/\/covasna45.ro\/","logo":{"@type":"ImageObject","inLanguage":"ro-RO","@id":"https:\/\/covasna45.ro\/#\/schema\/logo\/image\/","url":"https:\/\/covasna45.ro\/wp-content\/uploads\/2023\/01\/icon_logo.png","contentUrl":"https:\/\/covasna45.ro\/wp-content\/uploads\/2023\/01\/icon_logo.png","width":1900,"height":1900,"caption":"covasna45.ro"},"image":{"@id":"https:\/\/covasna45.ro\/#\/schema\/logo\/image\/"}},{"@type":"Person","@id":"https:\/\/covasna45.ro\/#\/schema\/person\/a1349b84526c62ffb40b193ae8676c7e","name":"Gina Artenie","image":{"@type":"ImageObject","inLanguage":"ro-RO","@id":"https:\/\/covasna45.ro\/wp-content\/uploads\/2023\/08\/gina_artenie-150x150.jpg","url":"https:\/\/covasna45.ro\/wp-content\/uploads\/2023\/08\/gina_artenie-150x150.jpg","contentUrl":"https:\/\/covasna45.ro\/wp-content\/uploads\/2023\/08\/gina_artenie-150x150.jpg","caption":"Gina Artenie"},"sameAs":["http:\/\/www.covasna45.ro"],"url":"https:\/\/covasna45.ro\/index.php\/author\/gina\/"}]}},"_links":{"self":[{"href":"https:\/\/covasna45.ro\/index.php\/wp-json\/wp\/v2\/posts\/12940","targetHints":{"allow":["GET"]}}],"collection":[{"href":"https:\/\/covasna45.ro\/index.php\/wp-json\/wp\/v2\/posts"}],"about":[{"href":"https:\/\/covasna45.ro\/index.php\/wp-json\/wp\/v2\/types\/post"}],"author":[{"embeddable":true,"href":"https:\/\/covasna45.ro\/index.php\/wp-json\/wp\/v2\/users\/3"}],"replies":[{"embeddable":true,"href":"https:\/\/covasna45.ro\/index.php\/wp-json\/wp\/v2\/comments?post=12940"}],"version-history":[{"count":1,"href":"https:\/\/covasna45.ro\/index.php\/wp-json\/wp\/v2\/posts\/12940\/revisions"}],"predecessor-version":[{"id":12948,"href":"https:\/\/covasna45.ro\/index.php\/wp-json\/wp\/v2\/posts\/12940\/revisions\/12948"}],"wp:featuredmedia":[{"embeddable":true,"href":"https:\/\/covasna45.ro\/index.php\/wp-json\/wp\/v2\/media\/12941"}],"wp:attachment":[{"href":"https:\/\/covasna45.ro\/index.php\/wp-json\/wp\/v2\/media?parent=12940"}],"wp:term":[{"taxonomy":"category","embeddable":true,"href":"https:\/\/covasna45.ro\/index.php\/wp-json\/wp\/v2\/categories?post=12940"},{"taxonomy":"post_tag","embeddable":true,"href":"https:\/\/covasna45.ro\/index.php\/wp-json\/wp\/v2\/tags?post=12940"}],"curies":[{"name":"wp","href":"https:\/\/api.w.org\/{rel}","templated":true}]}}