{"id":12949,"date":"2025-09-09T05:37:48","date_gmt":"2025-09-09T03:37:48","guid":{"rendered":"https:\/\/covasna45.ro\/?p=12949"},"modified":"2025-09-09T05:37:48","modified_gmt":"2025-09-09T03:37:48","slug":"suedia-are-probleme-economice-si-vrea-sa-reduca-tva","status":"publish","type":"post","link":"https:\/\/covasna45.ro\/index.php\/lumea-larga\/suedia-are-probleme-economice-si-vrea-sa-reduca-tva\/","title":{"rendered":"Suedia are probleme economice \u0219i vrea s\u0103 reduc\u0103 TVA"},"content":{"rendered":"\n<p>Nu toate problemele economice ale statelor se rezolv\u0103 prin cre\u0219teri de taxe \u0219i impozite. Inclusiv prin cre\u0219terea TVA. Unele state europene prefer\u0103 s\u0103 stimuleze economia, nu s\u0103 creasc\u0103 poverile fiscale.<\/p>\n\n\n\n<p>Pandemia de coronavirus, r\u0103zboiul din Ucraina \u0219i infla\u021bia au afectat economia Suediei. \u00cen acest context, guvernul suedez ia \u00een considerare reducerea temporar\u0103 a TVA la alimente. Astfel, TVA va sc\u0103dea de la 12% la 6%. M\u0103sura ar urma s\u0103 intre \u00een vigoare la 1 aprilie 2026 \u0219i s\u0103 se \u00eencheie la 31 decembrie 2027, informeaz\u0103 Le Figaro.<\/p>\n\n\n\n<p>Guvernul de la Stockholm se a\u0219teapt\u0103 ca valoarea cheltuielilor alimentare sa scad\u0103. Cel mai mult vor beneficia de aceast\u0103 m\u0103sur\u0103 persoanele cu venituri mici. Co\u0219ul alimentar va fi cu 6.500 de coroane (aproximativ 590 de euro) mai ieftin pe an. Calculul este f\u0103cut pentru o familie cu doi copii.<\/p>\n\n\n\n<p>Este de remarcat faptul c\u0103 discu\u021biile despre reducerea TVA au loc \u00een aceast\u0103 perioad\u0103, dar m\u0103sura va fi aplicat\u0103 de anul viitor. \u00cen Rom\u00e2nia, TVA la alimente a crescut la 21%, m\u0103sura fiind considerat\u0103 urgent\u0103 \u0219i adoptat\u0103 aproape de pe o zi pe alta.<\/p>\n\n\n\n<p>Sc\u0103derea TVA \u00een Suedia va \u201ecosta\u201d bugetul public 16 miliarde de coroane (1,45 miliarde de euro) \u00een 2026 \u0219i 21 de miliarde (1,9 miliarde de euro) \u00een 2027. Guvernul va crea \u0219i o comisie pentru monitorizarea evolu\u021biei pre\u021burilor \u0219i va supraveghea concuren\u021ba din sectorul alimentar.<\/p>\n","protected":false},"excerpt":{"rendered":"<p>Nu toate problemele economice ale statelor se rezolv\u0103 prin cre\u0219teri de taxe \u0219i impozite. Inclusiv prin cre\u0219terea TVA. Unele state europene prefer\u0103 s\u0103 stimuleze economia, nu s\u0103 creasc\u0103 poverile fiscale. Pandemia de coronavirus, r\u0103zboiul din Ucraina \u0219i infla\u021bia au afectat economia Suediei. \u00cen acest context, guvernul suedez ia \u00een considerare reducerea temporar\u0103 a TVA la [&hellip;]<\/p>\n","protected":false},"author":1,"featured_media":12950,"comment_status":"open","ping_status":"closed","sticky":false,"template":"","format":"standard","meta":{"tdm_status":"","tdm_grid_status":"","footnotes":""},"categories":[10],"tags":[2033,27,3906,881],"class_list":{"0":"post-12949","1":"post","2":"type-post","3":"status-publish","4":"format-standard","5":"has-post-thumbnail","7":"category-lumea-larga","8":"tag-criza-economica","9":"tag-suedia","10":"tag-taxe-si-impozite","11":"tag-tva"},"yoast_head":"<!-- This site is optimized with the Yoast SEO plugin v27.5 - https:\/\/yoast.com\/product\/yoast-seo-wordpress\/ -->\n<title>Suedia are probleme economice \u0219i vrea s\u0103 reduc\u0103 TVA - Covasna45<\/title>\n<meta name=\"description\" content=\"Nu toate problemele economice ale statelor se rezolv\u0103 prin cre\u0219teri de taxe \u0219i impozite. Inclusiv prin cre\u0219terea TVA.\" \/>\n<meta name=\"robots\" content=\"index, follow, max-snippet:-1, max-image-preview:large, max-video-preview:-1\" \/>\n<link rel=\"canonical\" href=\"https:\/\/covasna45.ro\/index.php\/lumea-larga\/suedia-are-probleme-economice-si-vrea-sa-reduca-tva\/\" \/>\n<meta property=\"og:locale\" content=\"ro_RO\" \/>\n<meta property=\"og:type\" content=\"article\" \/>\n<meta property=\"og:title\" content=\"Suedia are probleme economice \u0219i vrea s\u0103 reduc\u0103 TVA - Covasna45\" \/>\n<meta property=\"og:description\" content=\"Nu toate problemele economice ale statelor se rezolv\u0103 prin cre\u0219teri de taxe \u0219i impozite. Inclusiv prin cre\u0219terea TVA.\" \/>\n<meta property=\"og:url\" content=\"https:\/\/covasna45.ro\/index.php\/lumea-larga\/suedia-are-probleme-economice-si-vrea-sa-reduca-tva\/\" \/>\n<meta property=\"og:site_name\" content=\"Covasna45\" \/>\n<meta property=\"article:published_time\" content=\"2025-09-09T03:37:48+00:00\" \/>\n<meta property=\"og:image\" content=\"https:\/\/covasna45.ro\/wp-content\/uploads\/2025\/09\/TVA.jpg\" \/>\n\t<meta property=\"og:image:width\" content=\"1800\" \/>\n\t<meta property=\"og:image:height\" content=\"1200\" \/>\n\t<meta property=\"og:image:type\" content=\"image\/jpeg\" \/>\n<meta name=\"author\" content=\"Covasna45\" \/>\n<meta name=\"twitter:card\" content=\"summary_large_image\" \/>\n<meta name=\"twitter:label1\" content=\"Scris de\" \/>\n\t<meta name=\"twitter:data1\" content=\"Covasna45\" \/>\n\t<meta name=\"twitter:label2\" content=\"Timp estimat pentru citire\" \/>\n\t<meta name=\"twitter:data2\" content=\"2 minute\" \/>\n<script type=\"application\/ld+json\" class=\"yoast-schema-graph\">{\"@context\":\"https:\\\/\\\/schema.org\",\"@graph\":[{\"@type\":\"Article\",\"@id\":\"https:\\\/\\\/covasna45.ro\\\/index.php\\\/lumea-larga\\\/suedia-are-probleme-economice-si-vrea-sa-reduca-tva\\\/#article\",\"isPartOf\":{\"@id\":\"https:\\\/\\\/covasna45.ro\\\/index.php\\\/lumea-larga\\\/suedia-are-probleme-economice-si-vrea-sa-reduca-tva\\\/\"},\"author\":{\"name\":\"Covasna45\",\"@id\":\"https:\\\/\\\/covasna45.ro\\\/#\\\/schema\\\/person\\\/e674052bd7d95d70bbb007a1060ab73c\"},\"headline\":\"Suedia are probleme economice \u0219i vrea s\u0103 reduc\u0103 TVA\",\"datePublished\":\"2025-09-09T03:37:48+00:00\",\"mainEntityOfPage\":{\"@id\":\"https:\\\/\\\/covasna45.ro\\\/index.php\\\/lumea-larga\\\/suedia-are-probleme-economice-si-vrea-sa-reduca-tva\\\/\"},\"wordCount\":237,\"commentCount\":0,\"publisher\":{\"@id\":\"https:\\\/\\\/covasna45.ro\\\/#organization\"},\"image\":{\"@id\":\"https:\\\/\\\/covasna45.ro\\\/index.php\\\/lumea-larga\\\/suedia-are-probleme-economice-si-vrea-sa-reduca-tva\\\/#primaryimage\"},\"thumbnailUrl\":\"https:\\\/\\\/covasna45.ro\\\/wp-content\\\/uploads\\\/2025\\\/09\\\/TVA.jpg\",\"keywords\":[\"Criz\u0103 economic\u0103\",\"Suedia\",\"Taxe \u0219i impozite\",\"TVA\"],\"articleSection\":[\"Lumea larg\u0103\"],\"inLanguage\":\"ro-RO\",\"potentialAction\":[{\"@type\":\"CommentAction\",\"name\":\"Comment\",\"target\":[\"https:\\\/\\\/covasna45.ro\\\/index.php\\\/lumea-larga\\\/suedia-are-probleme-economice-si-vrea-sa-reduca-tva\\\/#respond\"]}]},{\"@type\":\"WebPage\",\"@id\":\"https:\\\/\\\/covasna45.ro\\\/index.php\\\/lumea-larga\\\/suedia-are-probleme-economice-si-vrea-sa-reduca-tva\\\/\",\"url\":\"https:\\\/\\\/covasna45.ro\\\/index.php\\\/lumea-larga\\\/suedia-are-probleme-economice-si-vrea-sa-reduca-tva\\\/\",\"name\":\"Suedia are probleme economice \u0219i vrea s\u0103 reduc\u0103 TVA - Covasna45\",\"isPartOf\":{\"@id\":\"https:\\\/\\\/covasna45.ro\\\/#website\"},\"primaryImageOfPage\":{\"@id\":\"https:\\\/\\\/covasna45.ro\\\/index.php\\\/lumea-larga\\\/suedia-are-probleme-economice-si-vrea-sa-reduca-tva\\\/#primaryimage\"},\"image\":{\"@id\":\"https:\\\/\\\/covasna45.ro\\\/index.php\\\/lumea-larga\\\/suedia-are-probleme-economice-si-vrea-sa-reduca-tva\\\/#primaryimage\"},\"thumbnailUrl\":\"https:\\\/\\\/covasna45.ro\\\/wp-content\\\/uploads\\\/2025\\\/09\\\/TVA.jpg\",\"datePublished\":\"2025-09-09T03:37:48+00:00\",\"description\":\"Nu toate problemele economice ale statelor se rezolv\u0103 prin cre\u0219teri de taxe \u0219i impozite. Inclusiv prin cre\u0219terea TVA.\",\"breadcrumb\":{\"@id\":\"https:\\\/\\\/covasna45.ro\\\/index.php\\\/lumea-larga\\\/suedia-are-probleme-economice-si-vrea-sa-reduca-tva\\\/#breadcrumb\"},\"inLanguage\":\"ro-RO\",\"potentialAction\":[{\"@type\":\"ReadAction\",\"target\":[\"https:\\\/\\\/covasna45.ro\\\/index.php\\\/lumea-larga\\\/suedia-are-probleme-economice-si-vrea-sa-reduca-tva\\\/\"]}]},{\"@type\":\"ImageObject\",\"inLanguage\":\"ro-RO\",\"@id\":\"https:\\\/\\\/covasna45.ro\\\/index.php\\\/lumea-larga\\\/suedia-are-probleme-economice-si-vrea-sa-reduca-tva\\\/#primaryimage\",\"url\":\"https:\\\/\\\/covasna45.ro\\\/wp-content\\\/uploads\\\/2025\\\/09\\\/TVA.jpg\",\"contentUrl\":\"https:\\\/\\\/covasna45.ro\\\/wp-content\\\/uploads\\\/2025\\\/09\\\/TVA.jpg\",\"width\":1800,\"height\":1200},{\"@type\":\"BreadcrumbList\",\"@id\":\"https:\\\/\\\/covasna45.ro\\\/index.php\\\/lumea-larga\\\/suedia-are-probleme-economice-si-vrea-sa-reduca-tva\\\/#breadcrumb\",\"itemListElement\":[{\"@type\":\"ListItem\",\"position\":1,\"name\":\"Prima pagin\u0103\",\"item\":\"https:\\\/\\\/covasna45.ro\\\/\"},{\"@type\":\"ListItem\",\"position\":2,\"name\":\"Suedia are probleme economice \u0219i vrea s\u0103 reduc\u0103 TVA\"}]},{\"@type\":\"WebSite\",\"@id\":\"https:\\\/\\\/covasna45.ro\\\/#website\",\"url\":\"https:\\\/\\\/covasna45.ro\\\/\",\"name\":\"covasna45.ro\",\"description\":\"\",\"publisher\":{\"@id\":\"https:\\\/\\\/covasna45.ro\\\/#organization\"},\"potentialAction\":[{\"@type\":\"SearchAction\",\"target\":{\"@type\":\"EntryPoint\",\"urlTemplate\":\"https:\\\/\\\/covasna45.ro\\\/?s={search_term_string}\"},\"query-input\":{\"@type\":\"PropertyValueSpecification\",\"valueRequired\":true,\"valueName\":\"search_term_string\"}}],\"inLanguage\":\"ro-RO\"},{\"@type\":\"Organization\",\"@id\":\"https:\\\/\\\/covasna45.ro\\\/#organization\",\"name\":\"covasna45.ro\",\"url\":\"https:\\\/\\\/covasna45.ro\\\/\",\"logo\":{\"@type\":\"ImageObject\",\"inLanguage\":\"ro-RO\",\"@id\":\"https:\\\/\\\/covasna45.ro\\\/#\\\/schema\\\/logo\\\/image\\\/\",\"url\":\"https:\\\/\\\/covasna45.ro\\\/wp-content\\\/uploads\\\/2023\\\/01\\\/icon_logo.png\",\"contentUrl\":\"https:\\\/\\\/covasna45.ro\\\/wp-content\\\/uploads\\\/2023\\\/01\\\/icon_logo.png\",\"width\":1900,\"height\":1900,\"caption\":\"covasna45.ro\"},\"image\":{\"@id\":\"https:\\\/\\\/covasna45.ro\\\/#\\\/schema\\\/logo\\\/image\\\/\"}},{\"@type\":\"Person\",\"@id\":\"https:\\\/\\\/covasna45.ro\\\/#\\\/schema\\\/person\\\/e674052bd7d95d70bbb007a1060ab73c\",\"name\":\"Covasna45\",\"image\":{\"@type\":\"ImageObject\",\"inLanguage\":\"ro-RO\",\"@id\":\"https:\\\/\\\/covasna45.ro\\\/wp-content\\\/uploads\\\/2025\\\/10\\\/icon_logo_covasna45-150x150.png\",\"url\":\"https:\\\/\\\/covasna45.ro\\\/wp-content\\\/uploads\\\/2025\\\/10\\\/icon_logo_covasna45-150x150.png\",\"contentUrl\":\"https:\\\/\\\/covasna45.ro\\\/wp-content\\\/uploads\\\/2025\\\/10\\\/icon_logo_covasna45-150x150.png\",\"caption\":\"Covasna45\"},\"sameAs\":[\"https:\\\/\\\/covasna45.ro\"],\"url\":\"https:\\\/\\\/covasna45.ro\\\/index.php\\\/author\\\/covasna\\\/\"}]}<\/script>\n<!-- \/ Yoast SEO plugin. -->","yoast_head_json":{"title":"Suedia are probleme economice \u0219i vrea s\u0103 reduc\u0103 TVA - Covasna45","description":"Nu toate problemele economice ale statelor se rezolv\u0103 prin cre\u0219teri de taxe \u0219i impozite. Inclusiv prin cre\u0219terea TVA.","robots":{"index":"index","follow":"follow","max-snippet":"max-snippet:-1","max-image-preview":"max-image-preview:large","max-video-preview":"max-video-preview:-1"},"canonical":"https:\/\/covasna45.ro\/index.php\/lumea-larga\/suedia-are-probleme-economice-si-vrea-sa-reduca-tva\/","og_locale":"ro_RO","og_type":"article","og_title":"Suedia are probleme economice \u0219i vrea s\u0103 reduc\u0103 TVA - Covasna45","og_description":"Nu toate problemele economice ale statelor se rezolv\u0103 prin cre\u0219teri de taxe \u0219i impozite. Inclusiv prin cre\u0219terea TVA.","og_url":"https:\/\/covasna45.ro\/index.php\/lumea-larga\/suedia-are-probleme-economice-si-vrea-sa-reduca-tva\/","og_site_name":"Covasna45","article_published_time":"2025-09-09T03:37:48+00:00","og_image":[{"width":1800,"height":1200,"url":"https:\/\/covasna45.ro\/wp-content\/uploads\/2025\/09\/TVA.jpg","type":"image\/jpeg"}],"author":"Covasna45","twitter_card":"summary_large_image","twitter_misc":{"Scris de":"Covasna45","Timp estimat pentru citire":"2 minute"},"schema":{"@context":"https:\/\/schema.org","@graph":[{"@type":"Article","@id":"https:\/\/covasna45.ro\/index.php\/lumea-larga\/suedia-are-probleme-economice-si-vrea-sa-reduca-tva\/#article","isPartOf":{"@id":"https:\/\/covasna45.ro\/index.php\/lumea-larga\/suedia-are-probleme-economice-si-vrea-sa-reduca-tva\/"},"author":{"name":"Covasna45","@id":"https:\/\/covasna45.ro\/#\/schema\/person\/e674052bd7d95d70bbb007a1060ab73c"},"headline":"Suedia are probleme economice \u0219i vrea s\u0103 reduc\u0103 TVA","datePublished":"2025-09-09T03:37:48+00:00","mainEntityOfPage":{"@id":"https:\/\/covasna45.ro\/index.php\/lumea-larga\/suedia-are-probleme-economice-si-vrea-sa-reduca-tva\/"},"wordCount":237,"commentCount":0,"publisher":{"@id":"https:\/\/covasna45.ro\/#organization"},"image":{"@id":"https:\/\/covasna45.ro\/index.php\/lumea-larga\/suedia-are-probleme-economice-si-vrea-sa-reduca-tva\/#primaryimage"},"thumbnailUrl":"https:\/\/covasna45.ro\/wp-content\/uploads\/2025\/09\/TVA.jpg","keywords":["Criz\u0103 economic\u0103","Suedia","Taxe \u0219i impozite","TVA"],"articleSection":["Lumea larg\u0103"],"inLanguage":"ro-RO","potentialAction":[{"@type":"CommentAction","name":"Comment","target":["https:\/\/covasna45.ro\/index.php\/lumea-larga\/suedia-are-probleme-economice-si-vrea-sa-reduca-tva\/#respond"]}]},{"@type":"WebPage","@id":"https:\/\/covasna45.ro\/index.php\/lumea-larga\/suedia-are-probleme-economice-si-vrea-sa-reduca-tva\/","url":"https:\/\/covasna45.ro\/index.php\/lumea-larga\/suedia-are-probleme-economice-si-vrea-sa-reduca-tva\/","name":"Suedia are probleme economice \u0219i vrea s\u0103 reduc\u0103 TVA - Covasna45","isPartOf":{"@id":"https:\/\/covasna45.ro\/#website"},"primaryImageOfPage":{"@id":"https:\/\/covasna45.ro\/index.php\/lumea-larga\/suedia-are-probleme-economice-si-vrea-sa-reduca-tva\/#primaryimage"},"image":{"@id":"https:\/\/covasna45.ro\/index.php\/lumea-larga\/suedia-are-probleme-economice-si-vrea-sa-reduca-tva\/#primaryimage"},"thumbnailUrl":"https:\/\/covasna45.ro\/wp-content\/uploads\/2025\/09\/TVA.jpg","datePublished":"2025-09-09T03:37:48+00:00","description":"Nu toate problemele economice ale statelor se rezolv\u0103 prin cre\u0219teri de taxe \u0219i impozite. Inclusiv prin cre\u0219terea TVA.","breadcrumb":{"@id":"https:\/\/covasna45.ro\/index.php\/lumea-larga\/suedia-are-probleme-economice-si-vrea-sa-reduca-tva\/#breadcrumb"},"inLanguage":"ro-RO","potentialAction":[{"@type":"ReadAction","target":["https:\/\/covasna45.ro\/index.php\/lumea-larga\/suedia-are-probleme-economice-si-vrea-sa-reduca-tva\/"]}]},{"@type":"ImageObject","inLanguage":"ro-RO","@id":"https:\/\/covasna45.ro\/index.php\/lumea-larga\/suedia-are-probleme-economice-si-vrea-sa-reduca-tva\/#primaryimage","url":"https:\/\/covasna45.ro\/wp-content\/uploads\/2025\/09\/TVA.jpg","contentUrl":"https:\/\/covasna45.ro\/wp-content\/uploads\/2025\/09\/TVA.jpg","width":1800,"height":1200},{"@type":"BreadcrumbList","@id":"https:\/\/covasna45.ro\/index.php\/lumea-larga\/suedia-are-probleme-economice-si-vrea-sa-reduca-tva\/#breadcrumb","itemListElement":[{"@type":"ListItem","position":1,"name":"Prima pagin\u0103","item":"https:\/\/covasna45.ro\/"},{"@type":"ListItem","position":2,"name":"Suedia are probleme economice \u0219i vrea s\u0103 reduc\u0103 TVA"}]},{"@type":"WebSite","@id":"https:\/\/covasna45.ro\/#website","url":"https:\/\/covasna45.ro\/","name":"covasna45.ro","description":"","publisher":{"@id":"https:\/\/covasna45.ro\/#organization"},"potentialAction":[{"@type":"SearchAction","target":{"@type":"EntryPoint","urlTemplate":"https:\/\/covasna45.ro\/?s={search_term_string}"},"query-input":{"@type":"PropertyValueSpecification","valueRequired":true,"valueName":"search_term_string"}}],"inLanguage":"ro-RO"},{"@type":"Organization","@id":"https:\/\/covasna45.ro\/#organization","name":"covasna45.ro","url":"https:\/\/covasna45.ro\/","logo":{"@type":"ImageObject","inLanguage":"ro-RO","@id":"https:\/\/covasna45.ro\/#\/schema\/logo\/image\/","url":"https:\/\/covasna45.ro\/wp-content\/uploads\/2023\/01\/icon_logo.png","contentUrl":"https:\/\/covasna45.ro\/wp-content\/uploads\/2023\/01\/icon_logo.png","width":1900,"height":1900,"caption":"covasna45.ro"},"image":{"@id":"https:\/\/covasna45.ro\/#\/schema\/logo\/image\/"}},{"@type":"Person","@id":"https:\/\/covasna45.ro\/#\/schema\/person\/e674052bd7d95d70bbb007a1060ab73c","name":"Covasna45","image":{"@type":"ImageObject","inLanguage":"ro-RO","@id":"https:\/\/covasna45.ro\/wp-content\/uploads\/2025\/10\/icon_logo_covasna45-150x150.png","url":"https:\/\/covasna45.ro\/wp-content\/uploads\/2025\/10\/icon_logo_covasna45-150x150.png","contentUrl":"https:\/\/covasna45.ro\/wp-content\/uploads\/2025\/10\/icon_logo_covasna45-150x150.png","caption":"Covasna45"},"sameAs":["https:\/\/covasna45.ro"],"url":"https:\/\/covasna45.ro\/index.php\/author\/covasna\/"}]}},"_links":{"self":[{"href":"https:\/\/covasna45.ro\/index.php\/wp-json\/wp\/v2\/posts\/12949","targetHints":{"allow":["GET"]}}],"collection":[{"href":"https:\/\/covasna45.ro\/index.php\/wp-json\/wp\/v2\/posts"}],"about":[{"href":"https:\/\/covasna45.ro\/index.php\/wp-json\/wp\/v2\/types\/post"}],"author":[{"embeddable":true,"href":"https:\/\/covasna45.ro\/index.php\/wp-json\/wp\/v2\/users\/1"}],"replies":[{"embeddable":true,"href":"https:\/\/covasna45.ro\/index.php\/wp-json\/wp\/v2\/comments?post=12949"}],"version-history":[{"count":1,"href":"https:\/\/covasna45.ro\/index.php\/wp-json\/wp\/v2\/posts\/12949\/revisions"}],"predecessor-version":[{"id":12951,"href":"https:\/\/covasna45.ro\/index.php\/wp-json\/wp\/v2\/posts\/12949\/revisions\/12951"}],"wp:featuredmedia":[{"embeddable":true,"href":"https:\/\/covasna45.ro\/index.php\/wp-json\/wp\/v2\/media\/12950"}],"wp:attachment":[{"href":"https:\/\/covasna45.ro\/index.php\/wp-json\/wp\/v2\/media?parent=12949"}],"wp:term":[{"taxonomy":"category","embeddable":true,"href":"https:\/\/covasna45.ro\/index.php\/wp-json\/wp\/v2\/categories?post=12949"},{"taxonomy":"post_tag","embeddable":true,"href":"https:\/\/covasna45.ro\/index.php\/wp-json\/wp\/v2\/tags?post=12949"}],"curies":[{"name":"wp","href":"https:\/\/api.w.org\/{rel}","templated":true}]}}