{"id":12952,"date":"2025-09-09T08:13:41","date_gmt":"2025-09-09T06:13:41","guid":{"rendered":"https:\/\/covasna45.ro\/?p=12952"},"modified":"2025-09-09T09:42:26","modified_gmt":"2025-09-09T07:42:26","slug":"comisie-parlamentara-pentru-combaterea-violentei-domestice","status":"publish","type":"post","link":"https:\/\/covasna45.ro\/index.php\/lumea-noastra\/comisie-parlamentara-pentru-combaterea-violentei-domestice\/","title":{"rendered":"Comisie parlamentar\u0103 pentru combaterea violen\u021bei domestice"},"content":{"rendered":"\n<p>O comisie parlamentar\u0103 format\u0103 din peste 200 de senatori \u0219i deputa\u021bi a fost \u00eenfiin\u021bat\u0103 cu scopul de a combate violen\u021ba domestic\u0103 prin m\u0103suri legislative. Comisia special\u0103 va analiza legisla\u021bia referitoare la acest domeniu \u0219i va ini\u021bia \u0219i formula propuneri \u00een consultare cu institu\u021biile statului, societatea civil\u0103 \u0219i exper\u021bii.<\/p>\n\n\n\n<p>\u201e<strong><em>Protec\u021bia femeilor nu este un privilegiu, ci o \u00eendatorire a statului<\/em><\/strong>\u201d, <a href=\"https:\/\/www.rmdsz.ro\/aktualis\/hirek\/Fellepunk-a-csaladon-beluli-eroszak-ellen-kezdemenyezesunkre-specialis-parlamenti-bizottsag-jon-letre-a-nok-es-csaladok-vedelmeben\">explic\u0103<\/a> \u00c9va-Andrea Cs\u00e9p, deputat UDMR de Mure\u0219 \u0219i ini\u021biatoarea form\u0103rii acestei comisii.<\/p>\n\n\n\n<p>\u201e<strong><em>Actele de violen\u021b\u0103 au devenit parte a vie\u021bii de zi cu zi \u0219i trebuie s\u0103 recunoa\u0219tem c\u0103 ne confrunt\u0103m cu un fenomen pe care nu-l putem opri. \u00cen fiecare s\u0103pt\u0103m\u00e2n\u0103, o femeie \u00ee\u0219i pierde via\u021ba ca victim\u0103 a violen\u021bei domestice, iar \u00een fiecare or\u0103, 14 familii solicit\u0103 ajutor oficial<\/em><\/strong>\u201d, sus\u021bine \u00c9va-Andrea Cs\u00e9p. Comisia cu 222 de membri a fost \u00eenregistrat\u0103 la Parlament cu sprijinul coali\u021biei de guvernare.<\/p>\n\n\n\n<p>\u201e<strong><em>Vom analiza ini\u021biativele legislative care afecteaz\u0103 acest domeniu \u00een consultare cu institu\u021biile statului, societatea civil\u0103 \u0219i exper\u021bii. Protec\u021bia \u0219i siguran\u021ba femeilor \u0219i a familiilor r\u0103m\u00e2ne o prioritate absolut\u0103 pentru noi, prin urmare, trebuie s\u0103 lu\u0103m m\u0103suri pentru a preveni tragedii similare<\/em><\/strong>\u201d,\u00a0a subliniat deputatul de Mure\u0219.<\/p>\n\n\n\n<p>Un exemplu. \u201eEliberarea unui raport medical medico-legal cost\u0103 \u00een prezent 38 de lei, fiind gratuit doar dac\u0103 poli\u021bia \u00eel solicit\u0103 ca prob\u0103.&nbsp;Conform feedback-ului primit, victimele violen\u021bei domestice sunt adesea dependente financiar de agresor, prin urmare chiar dac\u0103 o femeie vulnerabil\u0103 are curajul s\u0103 solicite raportul, este posibil s\u0103 nu poat\u0103 pl\u0103ti cei 38 de lei\u201d, mai explic\u0103 \u00c9va-Andrea Cs\u00e9p.<\/p>\n\n\n\n<p>Ea a ad\u0103ugat c\u0103, prin proiectul \u201eServiciul pentru Protec\u021bia Drepturilor Femeii\u201d, \u00eencearc\u0103 s\u0103 ajute femeile maghiare din Transilvania, \u00een limba lor matern\u0103, dac\u0103 se confrunt\u0103 cu abuzuri, \u00eenc\u0103lc\u0103ri ale drepturilor, discriminare sau au \u00eentreb\u0103ri legate de aspecte juridice. <strong>Serviciul pentru Protec\u021bia Drepturilor Femeii poate fi contactat la adresa de e-mail noijogvedougyelet@rmdsz.ro sau la num\u0103rul de telefon 0725\u2013109757.<\/strong><\/p>\n\n\n\n<p>\u00cen acest an, \u00een Rom\u00e2nia au fost \u00eenregistrate 34 de cazuri de femicid \u0219i o medie de 14 apeluri pe or\u0103 c\u0103tre autorit\u0103\u021bi. \u00cen primele \u0219ase luni, s-au \u00eenregistrat peste 61.431 de rapoarte, au fost emise peste 6.400 de ordine de restric\u021bie \u0219i au fost dispuse m\u0103suri ca agresorii s\u0103 poarte dispozitive electronice de urm\u0103rire \u00een peste 1.200 de cazuri.<\/p>\n","protected":false},"excerpt":{"rendered":"<p>O comisie parlamentar\u0103 format\u0103 din peste 200 de senatori \u0219i deputa\u021bi a fost \u00eenfiin\u021bat\u0103 cu scopul de a combate violen\u021ba domestic\u0103 prin m\u0103suri legislative. Comisia special\u0103 va analiza legisla\u021bia referitoare la acest domeniu \u0219i va ini\u021bia \u0219i formula propuneri \u00een consultare cu institu\u021biile statului, societatea civil\u0103 \u0219i exper\u021bii. \u201eProtec\u021bia femeilor nu este un privilegiu, ci [&hellip;]<\/p>\n","protected":false},"author":1,"featured_media":12953,"comment_status":"open","ping_status":"closed","sticky":false,"template":"","format":"standard","meta":{"tdm_status":"","tdm_grid_status":"","footnotes":""},"categories":[14],"tags":[3907,72,3908],"class_list":{"0":"post-12952","1":"post","2":"type-post","3":"status-publish","4":"format-standard","5":"has-post-thumbnail","7":"category-lumea-noastra","8":"tag-comisie","9":"tag-parlament","10":"tag-violenta-domestica"},"yoast_head":"<!-- This site is optimized with the Yoast SEO plugin v27.5 - https:\/\/yoast.com\/product\/yoast-seo-wordpress\/ -->\n<title>Comisie parlamentar\u0103 pentru combaterea violen\u021bei domestice - Covasna45<\/title>\n<meta name=\"description\" content=\"\u00cen acest an, \u00een Rom\u00e2nia au fost \u00eenregistrate 34 de cazuri de femicid \u0219i o medie de 14 apeluri pe or\u0103 c\u0103tre autorit\u0103\u021bi.\" \/>\n<meta name=\"robots\" content=\"index, follow, max-snippet:-1, max-image-preview:large, max-video-preview:-1\" \/>\n<link rel=\"canonical\" href=\"https:\/\/covasna45.ro\/index.php\/lumea-noastra\/comisie-parlamentara-pentru-combaterea-violentei-domestice\/\" \/>\n<meta property=\"og:locale\" content=\"ro_RO\" \/>\n<meta property=\"og:type\" content=\"article\" \/>\n<meta property=\"og:title\" content=\"Comisie parlamentar\u0103 pentru combaterea violen\u021bei domestice - Covasna45\" \/>\n<meta property=\"og:description\" content=\"\u00cen acest an, \u00een Rom\u00e2nia au fost \u00eenregistrate 34 de cazuri de femicid \u0219i o medie de 14 apeluri pe or\u0103 c\u0103tre autorit\u0103\u021bi.\" \/>\n<meta property=\"og:url\" content=\"https:\/\/covasna45.ro\/index.php\/lumea-noastra\/comisie-parlamentara-pentru-combaterea-violentei-domestice\/\" \/>\n<meta property=\"og:site_name\" content=\"Covasna45\" \/>\n<meta property=\"article:published_time\" content=\"2025-09-09T06:13:41+00:00\" \/>\n<meta property=\"article:modified_time\" content=\"2025-09-09T07:42:26+00:00\" \/>\n<meta property=\"og:image\" content=\"https:\/\/covasna45.ro\/wp-content\/uploads\/2025\/09\/eva-udmr.jpg\" \/>\n\t<meta property=\"og:image:width\" content=\"2048\" \/>\n\t<meta property=\"og:image:height\" content=\"1194\" \/>\n\t<meta property=\"og:image:type\" content=\"image\/jpeg\" \/>\n<meta name=\"author\" content=\"Covasna45\" \/>\n<meta name=\"twitter:card\" content=\"summary_large_image\" \/>\n<meta name=\"twitter:label1\" content=\"Scris de\" \/>\n\t<meta name=\"twitter:data1\" content=\"Covasna45\" \/>\n\t<meta name=\"twitter:label2\" content=\"Timp estimat pentru citire\" \/>\n\t<meta name=\"twitter:data2\" content=\"3 minute\" \/>\n<script type=\"application\/ld+json\" class=\"yoast-schema-graph\">{\"@context\":\"https:\\\/\\\/schema.org\",\"@graph\":[{\"@type\":\"Article\",\"@id\":\"https:\\\/\\\/covasna45.ro\\\/index.php\\\/lumea-noastra\\\/comisie-parlamentara-pentru-combaterea-violentei-domestice\\\/#article\",\"isPartOf\":{\"@id\":\"https:\\\/\\\/covasna45.ro\\\/index.php\\\/lumea-noastra\\\/comisie-parlamentara-pentru-combaterea-violentei-domestice\\\/\"},\"author\":{\"name\":\"Covasna45\",\"@id\":\"https:\\\/\\\/covasna45.ro\\\/#\\\/schema\\\/person\\\/e674052bd7d95d70bbb007a1060ab73c\"},\"headline\":\"Comisie parlamentar\u0103 pentru combaterea violen\u021bei domestice\",\"datePublished\":\"2025-09-09T06:13:41+00:00\",\"dateModified\":\"2025-09-09T07:42:26+00:00\",\"mainEntityOfPage\":{\"@id\":\"https:\\\/\\\/covasna45.ro\\\/index.php\\\/lumea-noastra\\\/comisie-parlamentara-pentru-combaterea-violentei-domestice\\\/\"},\"wordCount\":409,\"commentCount\":0,\"publisher\":{\"@id\":\"https:\\\/\\\/covasna45.ro\\\/#organization\"},\"image\":{\"@id\":\"https:\\\/\\\/covasna45.ro\\\/index.php\\\/lumea-noastra\\\/comisie-parlamentara-pentru-combaterea-violentei-domestice\\\/#primaryimage\"},\"thumbnailUrl\":\"https:\\\/\\\/covasna45.ro\\\/wp-content\\\/uploads\\\/2025\\\/09\\\/eva-udmr.jpg\",\"keywords\":[\"Comisie\",\"Parlament\",\"violen\u021b\u0103 domestica\"],\"articleSection\":[\"Lumea noastr\u0103\"],\"inLanguage\":\"ro-RO\",\"potentialAction\":[{\"@type\":\"CommentAction\",\"name\":\"Comment\",\"target\":[\"https:\\\/\\\/covasna45.ro\\\/index.php\\\/lumea-noastra\\\/comisie-parlamentara-pentru-combaterea-violentei-domestice\\\/#respond\"]}]},{\"@type\":\"WebPage\",\"@id\":\"https:\\\/\\\/covasna45.ro\\\/index.php\\\/lumea-noastra\\\/comisie-parlamentara-pentru-combaterea-violentei-domestice\\\/\",\"url\":\"https:\\\/\\\/covasna45.ro\\\/index.php\\\/lumea-noastra\\\/comisie-parlamentara-pentru-combaterea-violentei-domestice\\\/\",\"name\":\"Comisie parlamentar\u0103 pentru combaterea violen\u021bei domestice - Covasna45\",\"isPartOf\":{\"@id\":\"https:\\\/\\\/covasna45.ro\\\/#website\"},\"primaryImageOfPage\":{\"@id\":\"https:\\\/\\\/covasna45.ro\\\/index.php\\\/lumea-noastra\\\/comisie-parlamentara-pentru-combaterea-violentei-domestice\\\/#primaryimage\"},\"image\":{\"@id\":\"https:\\\/\\\/covasna45.ro\\\/index.php\\\/lumea-noastra\\\/comisie-parlamentara-pentru-combaterea-violentei-domestice\\\/#primaryimage\"},\"thumbnailUrl\":\"https:\\\/\\\/covasna45.ro\\\/wp-content\\\/uploads\\\/2025\\\/09\\\/eva-udmr.jpg\",\"datePublished\":\"2025-09-09T06:13:41+00:00\",\"dateModified\":\"2025-09-09T07:42:26+00:00\",\"description\":\"\u00cen acest an, \u00een Rom\u00e2nia au fost \u00eenregistrate 34 de cazuri de femicid \u0219i o medie de 14 apeluri pe or\u0103 c\u0103tre autorit\u0103\u021bi.\",\"breadcrumb\":{\"@id\":\"https:\\\/\\\/covasna45.ro\\\/index.php\\\/lumea-noastra\\\/comisie-parlamentara-pentru-combaterea-violentei-domestice\\\/#breadcrumb\"},\"inLanguage\":\"ro-RO\",\"potentialAction\":[{\"@type\":\"ReadAction\",\"target\":[\"https:\\\/\\\/covasna45.ro\\\/index.php\\\/lumea-noastra\\\/comisie-parlamentara-pentru-combaterea-violentei-domestice\\\/\"]}]},{\"@type\":\"ImageObject\",\"inLanguage\":\"ro-RO\",\"@id\":\"https:\\\/\\\/covasna45.ro\\\/index.php\\\/lumea-noastra\\\/comisie-parlamentara-pentru-combaterea-violentei-domestice\\\/#primaryimage\",\"url\":\"https:\\\/\\\/covasna45.ro\\\/wp-content\\\/uploads\\\/2025\\\/09\\\/eva-udmr.jpg\",\"contentUrl\":\"https:\\\/\\\/covasna45.ro\\\/wp-content\\\/uploads\\\/2025\\\/09\\\/eva-udmr.jpg\",\"width\":2048,\"height\":1194},{\"@type\":\"BreadcrumbList\",\"@id\":\"https:\\\/\\\/covasna45.ro\\\/index.php\\\/lumea-noastra\\\/comisie-parlamentara-pentru-combaterea-violentei-domestice\\\/#breadcrumb\",\"itemListElement\":[{\"@type\":\"ListItem\",\"position\":1,\"name\":\"Prima pagin\u0103\",\"item\":\"https:\\\/\\\/covasna45.ro\\\/\"},{\"@type\":\"ListItem\",\"position\":2,\"name\":\"Comisie parlamentar\u0103 pentru combaterea violen\u021bei domestice\"}]},{\"@type\":\"WebSite\",\"@id\":\"https:\\\/\\\/covasna45.ro\\\/#website\",\"url\":\"https:\\\/\\\/covasna45.ro\\\/\",\"name\":\"covasna45.ro\",\"description\":\"\",\"publisher\":{\"@id\":\"https:\\\/\\\/covasna45.ro\\\/#organization\"},\"potentialAction\":[{\"@type\":\"SearchAction\",\"target\":{\"@type\":\"EntryPoint\",\"urlTemplate\":\"https:\\\/\\\/covasna45.ro\\\/?s={search_term_string}\"},\"query-input\":{\"@type\":\"PropertyValueSpecification\",\"valueRequired\":true,\"valueName\":\"search_term_string\"}}],\"inLanguage\":\"ro-RO\"},{\"@type\":\"Organization\",\"@id\":\"https:\\\/\\\/covasna45.ro\\\/#organization\",\"name\":\"covasna45.ro\",\"url\":\"https:\\\/\\\/covasna45.ro\\\/\",\"logo\":{\"@type\":\"ImageObject\",\"inLanguage\":\"ro-RO\",\"@id\":\"https:\\\/\\\/covasna45.ro\\\/#\\\/schema\\\/logo\\\/image\\\/\",\"url\":\"https:\\\/\\\/covasna45.ro\\\/wp-content\\\/uploads\\\/2023\\\/01\\\/icon_logo.png\",\"contentUrl\":\"https:\\\/\\\/covasna45.ro\\\/wp-content\\\/uploads\\\/2023\\\/01\\\/icon_logo.png\",\"width\":1900,\"height\":1900,\"caption\":\"covasna45.ro\"},\"image\":{\"@id\":\"https:\\\/\\\/covasna45.ro\\\/#\\\/schema\\\/logo\\\/image\\\/\"}},{\"@type\":\"Person\",\"@id\":\"https:\\\/\\\/covasna45.ro\\\/#\\\/schema\\\/person\\\/e674052bd7d95d70bbb007a1060ab73c\",\"name\":\"Covasna45\",\"image\":{\"@type\":\"ImageObject\",\"inLanguage\":\"ro-RO\",\"@id\":\"https:\\\/\\\/covasna45.ro\\\/wp-content\\\/uploads\\\/2025\\\/10\\\/icon_logo_covasna45-150x150.png\",\"url\":\"https:\\\/\\\/covasna45.ro\\\/wp-content\\\/uploads\\\/2025\\\/10\\\/icon_logo_covasna45-150x150.png\",\"contentUrl\":\"https:\\\/\\\/covasna45.ro\\\/wp-content\\\/uploads\\\/2025\\\/10\\\/icon_logo_covasna45-150x150.png\",\"caption\":\"Covasna45\"},\"sameAs\":[\"https:\\\/\\\/covasna45.ro\"],\"url\":\"https:\\\/\\\/covasna45.ro\\\/index.php\\\/author\\\/covasna\\\/\"}]}<\/script>\n<!-- \/ Yoast SEO plugin. -->","yoast_head_json":{"title":"Comisie parlamentar\u0103 pentru combaterea violen\u021bei domestice - Covasna45","description":"\u00cen acest an, \u00een Rom\u00e2nia au fost \u00eenregistrate 34 de cazuri de femicid \u0219i o medie de 14 apeluri pe or\u0103 c\u0103tre autorit\u0103\u021bi.","robots":{"index":"index","follow":"follow","max-snippet":"max-snippet:-1","max-image-preview":"max-image-preview:large","max-video-preview":"max-video-preview:-1"},"canonical":"https:\/\/covasna45.ro\/index.php\/lumea-noastra\/comisie-parlamentara-pentru-combaterea-violentei-domestice\/","og_locale":"ro_RO","og_type":"article","og_title":"Comisie parlamentar\u0103 pentru combaterea violen\u021bei domestice - Covasna45","og_description":"\u00cen acest an, \u00een Rom\u00e2nia au fost \u00eenregistrate 34 de cazuri de femicid \u0219i o medie de 14 apeluri pe or\u0103 c\u0103tre autorit\u0103\u021bi.","og_url":"https:\/\/covasna45.ro\/index.php\/lumea-noastra\/comisie-parlamentara-pentru-combaterea-violentei-domestice\/","og_site_name":"Covasna45","article_published_time":"2025-09-09T06:13:41+00:00","article_modified_time":"2025-09-09T07:42:26+00:00","og_image":[{"width":2048,"height":1194,"url":"https:\/\/covasna45.ro\/wp-content\/uploads\/2025\/09\/eva-udmr.jpg","type":"image\/jpeg"}],"author":"Covasna45","twitter_card":"summary_large_image","twitter_misc":{"Scris de":"Covasna45","Timp estimat pentru citire":"3 minute"},"schema":{"@context":"https:\/\/schema.org","@graph":[{"@type":"Article","@id":"https:\/\/covasna45.ro\/index.php\/lumea-noastra\/comisie-parlamentara-pentru-combaterea-violentei-domestice\/#article","isPartOf":{"@id":"https:\/\/covasna45.ro\/index.php\/lumea-noastra\/comisie-parlamentara-pentru-combaterea-violentei-domestice\/"},"author":{"name":"Covasna45","@id":"https:\/\/covasna45.ro\/#\/schema\/person\/e674052bd7d95d70bbb007a1060ab73c"},"headline":"Comisie parlamentar\u0103 pentru combaterea violen\u021bei domestice","datePublished":"2025-09-09T06:13:41+00:00","dateModified":"2025-09-09T07:42:26+00:00","mainEntityOfPage":{"@id":"https:\/\/covasna45.ro\/index.php\/lumea-noastra\/comisie-parlamentara-pentru-combaterea-violentei-domestice\/"},"wordCount":409,"commentCount":0,"publisher":{"@id":"https:\/\/covasna45.ro\/#organization"},"image":{"@id":"https:\/\/covasna45.ro\/index.php\/lumea-noastra\/comisie-parlamentara-pentru-combaterea-violentei-domestice\/#primaryimage"},"thumbnailUrl":"https:\/\/covasna45.ro\/wp-content\/uploads\/2025\/09\/eva-udmr.jpg","keywords":["Comisie","Parlament","violen\u021b\u0103 domestica"],"articleSection":["Lumea noastr\u0103"],"inLanguage":"ro-RO","potentialAction":[{"@type":"CommentAction","name":"Comment","target":["https:\/\/covasna45.ro\/index.php\/lumea-noastra\/comisie-parlamentara-pentru-combaterea-violentei-domestice\/#respond"]}]},{"@type":"WebPage","@id":"https:\/\/covasna45.ro\/index.php\/lumea-noastra\/comisie-parlamentara-pentru-combaterea-violentei-domestice\/","url":"https:\/\/covasna45.ro\/index.php\/lumea-noastra\/comisie-parlamentara-pentru-combaterea-violentei-domestice\/","name":"Comisie parlamentar\u0103 pentru combaterea violen\u021bei domestice - Covasna45","isPartOf":{"@id":"https:\/\/covasna45.ro\/#website"},"primaryImageOfPage":{"@id":"https:\/\/covasna45.ro\/index.php\/lumea-noastra\/comisie-parlamentara-pentru-combaterea-violentei-domestice\/#primaryimage"},"image":{"@id":"https:\/\/covasna45.ro\/index.php\/lumea-noastra\/comisie-parlamentara-pentru-combaterea-violentei-domestice\/#primaryimage"},"thumbnailUrl":"https:\/\/covasna45.ro\/wp-content\/uploads\/2025\/09\/eva-udmr.jpg","datePublished":"2025-09-09T06:13:41+00:00","dateModified":"2025-09-09T07:42:26+00:00","description":"\u00cen acest an, \u00een Rom\u00e2nia au fost \u00eenregistrate 34 de cazuri de femicid \u0219i o medie de 14 apeluri pe or\u0103 c\u0103tre autorit\u0103\u021bi.","breadcrumb":{"@id":"https:\/\/covasna45.ro\/index.php\/lumea-noastra\/comisie-parlamentara-pentru-combaterea-violentei-domestice\/#breadcrumb"},"inLanguage":"ro-RO","potentialAction":[{"@type":"ReadAction","target":["https:\/\/covasna45.ro\/index.php\/lumea-noastra\/comisie-parlamentara-pentru-combaterea-violentei-domestice\/"]}]},{"@type":"ImageObject","inLanguage":"ro-RO","@id":"https:\/\/covasna45.ro\/index.php\/lumea-noastra\/comisie-parlamentara-pentru-combaterea-violentei-domestice\/#primaryimage","url":"https:\/\/covasna45.ro\/wp-content\/uploads\/2025\/09\/eva-udmr.jpg","contentUrl":"https:\/\/covasna45.ro\/wp-content\/uploads\/2025\/09\/eva-udmr.jpg","width":2048,"height":1194},{"@type":"BreadcrumbList","@id":"https:\/\/covasna45.ro\/index.php\/lumea-noastra\/comisie-parlamentara-pentru-combaterea-violentei-domestice\/#breadcrumb","itemListElement":[{"@type":"ListItem","position":1,"name":"Prima pagin\u0103","item":"https:\/\/covasna45.ro\/"},{"@type":"ListItem","position":2,"name":"Comisie parlamentar\u0103 pentru combaterea violen\u021bei domestice"}]},{"@type":"WebSite","@id":"https:\/\/covasna45.ro\/#website","url":"https:\/\/covasna45.ro\/","name":"covasna45.ro","description":"","publisher":{"@id":"https:\/\/covasna45.ro\/#organization"},"potentialAction":[{"@type":"SearchAction","target":{"@type":"EntryPoint","urlTemplate":"https:\/\/covasna45.ro\/?s={search_term_string}"},"query-input":{"@type":"PropertyValueSpecification","valueRequired":true,"valueName":"search_term_string"}}],"inLanguage":"ro-RO"},{"@type":"Organization","@id":"https:\/\/covasna45.ro\/#organization","name":"covasna45.ro","url":"https:\/\/covasna45.ro\/","logo":{"@type":"ImageObject","inLanguage":"ro-RO","@id":"https:\/\/covasna45.ro\/#\/schema\/logo\/image\/","url":"https:\/\/covasna45.ro\/wp-content\/uploads\/2023\/01\/icon_logo.png","contentUrl":"https:\/\/covasna45.ro\/wp-content\/uploads\/2023\/01\/icon_logo.png","width":1900,"height":1900,"caption":"covasna45.ro"},"image":{"@id":"https:\/\/covasna45.ro\/#\/schema\/logo\/image\/"}},{"@type":"Person","@id":"https:\/\/covasna45.ro\/#\/schema\/person\/e674052bd7d95d70bbb007a1060ab73c","name":"Covasna45","image":{"@type":"ImageObject","inLanguage":"ro-RO","@id":"https:\/\/covasna45.ro\/wp-content\/uploads\/2025\/10\/icon_logo_covasna45-150x150.png","url":"https:\/\/covasna45.ro\/wp-content\/uploads\/2025\/10\/icon_logo_covasna45-150x150.png","contentUrl":"https:\/\/covasna45.ro\/wp-content\/uploads\/2025\/10\/icon_logo_covasna45-150x150.png","caption":"Covasna45"},"sameAs":["https:\/\/covasna45.ro"],"url":"https:\/\/covasna45.ro\/index.php\/author\/covasna\/"}]}},"_links":{"self":[{"href":"https:\/\/covasna45.ro\/index.php\/wp-json\/wp\/v2\/posts\/12952","targetHints":{"allow":["GET"]}}],"collection":[{"href":"https:\/\/covasna45.ro\/index.php\/wp-json\/wp\/v2\/posts"}],"about":[{"href":"https:\/\/covasna45.ro\/index.php\/wp-json\/wp\/v2\/types\/post"}],"author":[{"embeddable":true,"href":"https:\/\/covasna45.ro\/index.php\/wp-json\/wp\/v2\/users\/1"}],"replies":[{"embeddable":true,"href":"https:\/\/covasna45.ro\/index.php\/wp-json\/wp\/v2\/comments?post=12952"}],"version-history":[{"count":1,"href":"https:\/\/covasna45.ro\/index.php\/wp-json\/wp\/v2\/posts\/12952\/revisions"}],"predecessor-version":[{"id":12954,"href":"https:\/\/covasna45.ro\/index.php\/wp-json\/wp\/v2\/posts\/12952\/revisions\/12954"}],"wp:featuredmedia":[{"embeddable":true,"href":"https:\/\/covasna45.ro\/index.php\/wp-json\/wp\/v2\/media\/12953"}],"wp:attachment":[{"href":"https:\/\/covasna45.ro\/index.php\/wp-json\/wp\/v2\/media?parent=12952"}],"wp:term":[{"taxonomy":"category","embeddable":true,"href":"https:\/\/covasna45.ro\/index.php\/wp-json\/wp\/v2\/categories?post=12952"},{"taxonomy":"post_tag","embeddable":true,"href":"https:\/\/covasna45.ro\/index.php\/wp-json\/wp\/v2\/tags?post=12952"}],"curies":[{"name":"wp","href":"https:\/\/api.w.org\/{rel}","templated":true}]}}