{"id":12956,"date":"2025-09-09T09:59:58","date_gmt":"2025-09-09T07:59:58","guid":{"rendered":"https:\/\/covasna45.ro\/?p=12956"},"modified":"2025-09-09T09:59:59","modified_gmt":"2025-09-09T07:59:59","slug":"precizari-de-la-guvern-nu-se-are-in-vedere-cresterea-varstei-standard-de-pensionare","status":"publish","type":"post","link":"https:\/\/covasna45.ro\/index.php\/lumea-noastra\/precizari-de-la-guvern-nu-se-are-in-vedere-cresterea-varstei-standard-de-pensionare\/","title":{"rendered":"Preciz\u0103ri de la Guvern: Nu se are \u00een vedere cre\u0219terea v\u00e2rstei standard de pensionare"},"content":{"rendered":"\n<p>Guvernul nu are \u00een vedere \u0219i nu discut\u0103 \u00een acest moment posibilitatea cre\u0219terii v\u00e2rstei standard de pensionare, a precizat, azi, purt\u0103torul de cuv\u00e2nt al Executivului, Ioana Dogioiu, conform Agerpres. Explica\u021bia vine dup\u0103 ce <a href=\"https:\/\/covasna45.ro\/index.php\/lumea-noastra\/ilie-bolojan-a-decis-cresc-impozitele-pe-proprietate-la-persoanele-fizice\/\">premierul<\/a> Ilie Bolojan a f\u0103cut c\u00e2teva afirma\u021bii pe acest subiect \u00eentr-o emisiune de la postul public de televiziune.<br><br>\u201e\u00ce<strong>n interviu premierul Ilie Bolojan s-a referit exclusiv la v\u00e2rsta de pensionare a categoriilor cu statut special \u00een aceast\u0103 privin\u021b\u0103, deci la eliminarea excep\u021biilor de la v\u00e2rsta standard<\/strong>&#8221;, a explicat Dogioiu.<br><br>Luni, premierul Ilie Bolojan a vorbit despre\u00a0<a href=\"https:\/\/agerpres.ro\/2025\/09\/08\/bolojan-ca-ne-place-ca-nu-ne-place-trebuie-sa-crestem-varsta-de-pensionare--1482485\" target=\"_blank\" rel=\"noreferrer noopener\">cre\u0219terea v\u00e2rstei de pensionare<\/a>, \u00een a\u0219a fel \u00eenc\u00e2t popula\u021bia cu v\u00e2rste \u00eentre 50 \u0219i 65 de ani care este prins\u0103 \u00een economia real\u0103 s\u0103 fie \u00eentr-o pondere mai mare dec\u00e2t este \u00een prezent.<br><br>\u201e<strong>Din punctul meu de vedere, suntem \u00een situa\u021bia \u00een care avem nevoie de mai mul\u021bi oameni \u00een pia\u021ba muncii, \u00een pia\u021ba real\u0103 a muncii. \u0218i pentru asta, c\u0103 ne place, c\u0103 nu ne place, trebuie s\u0103 cre\u0219tem v\u00e2rsta de pensionare, \u00een a\u0219a fel \u00eenc\u00e2t, \u00een intervalul 50 &#8211; 65 de ani, popula\u021bia care este prins\u0103 \u00een economia real\u0103 s\u0103 fie \u00eentr-o pondere mai mare dec\u00e2t este ast\u0103zi, pentru c\u0103 nu are cine s\u0103 o \u00eenlocuiasc\u0103&#8217;<\/strong>&#8216;, a afirmat Bolojan, la TVR Info, \u00eentrebat dac\u0103 \u00een pachetul trei de reform\u0103 vor intra \u0219i m\u0103surile privind celelalte categorii care au pensii speciale, pe l\u00e2ng\u0103 cele ale magistra\u021bilor.<br><br>El a explicat c\u0103 <strong>dac\u0103 nu va cre\u0219te v\u00e2rsta de pensionare, \u00een general, la toate categoriile, inclusiv \u00een zona de pensii speciale, se va ajunge \u201e\u00eentr-o situa\u021bie de nesustenabilitate a sistemului de pensii&#8221; peste cinci sau zece ani.<\/strong><br><br>\u201eG\u00e2ndi\u021bi-v\u0103 c\u0103 genera\u021biile noastre, care sunt de 400.000 &#8211; 500.000 de oameni \u00eentr-un an de zile, vor ie\u0219i la pensie peste zece ani, iar \u00een spate vin genera\u021bii de 200.000 \u0219i, practic, dac\u0103 nu cre\u0219tem v\u00e2rsta de pensionare, \u00een general, la toate categoriile, inclusiv \u00een zona de pensii speciale, vom ajunge \u00eentr-o situa\u021bie de nesustenabilitate a sistemului de pensii peste cinci ani, peste zece ani. <strong><em>\u0218i trebuie s\u0103 spunem asta, nu putem amaneta viitorul genera\u021biilor care vin dup\u0103 noi, mut\u00e2ndu-le ni\u0219te \u00eemprumuturi \u00een viitor sau nelu\u00e2nd ni\u0219te m\u0103suri care s\u0103 rea\u0219eze lucrurile \u00eentr-o structur\u0103 normal\u0103<\/em><\/strong>\u201d, a mai spus Ilie Bolojan.<\/p>\n","protected":false},"excerpt":{"rendered":"<p>Guvernul nu are \u00een vedere \u0219i nu discut\u0103 \u00een acest moment posibilitatea cre\u0219terii v\u00e2rstei standard de pensionare, a precizat, azi, purt\u0103torul de cuv\u00e2nt al Executivului, Ioana Dogioiu, conform Agerpres. Explica\u021bia vine dup\u0103 ce premierul Ilie Bolojan a f\u0103cut c\u00e2teva afirma\u021bii pe acest subiect \u00eentr-o emisiune de la postul public de televiziune. \u201e\u00cen interviu premierul Ilie [&hellip;]<\/p>\n","protected":false},"author":1,"featured_media":10263,"comment_status":"open","ping_status":"closed","sticky":false,"template":"","format":"standard","meta":{"tdm_status":"","tdm_grid_status":"","footnotes":""},"categories":[14],"tags":[177,3134,3909],"class_list":{"0":"post-12956","1":"post","2":"type-post","3":"status-publish","4":"format-standard","5":"has-post-thumbnail","7":"category-lumea-noastra","8":"tag-guvern","9":"tag-ilie-bolojan","10":"tag-pensionare"},"yoast_head":"<!-- This site is optimized with the Yoast SEO plugin v27.5 - https:\/\/yoast.com\/product\/yoast-seo-wordpress\/ -->\n<title>Preciz\u0103ri de la Guvern: Nu se are \u00een vedere cre\u0219terea v\u00e2rstei standard de pensionare - Covasna45<\/title>\n<meta name=\"description\" content=\"Guvernul nu are \u00een vedere \u0219i nu discut\u0103 \u00een acest moment posibilitatea cre\u0219terii v\u00e2rstei standard de pensionare.\" \/>\n<meta name=\"robots\" content=\"index, follow, max-snippet:-1, max-image-preview:large, max-video-preview:-1\" \/>\n<link rel=\"canonical\" href=\"https:\/\/covasna45.ro\/index.php\/lumea-noastra\/precizari-de-la-guvern-nu-se-are-in-vedere-cresterea-varstei-standard-de-pensionare\/\" \/>\n<meta property=\"og:locale\" content=\"ro_RO\" \/>\n<meta property=\"og:type\" content=\"article\" \/>\n<meta property=\"og:title\" content=\"Preciz\u0103ri de la Guvern: Nu se are \u00een vedere cre\u0219terea v\u00e2rstei standard de pensionare - Covasna45\" \/>\n<meta property=\"og:description\" content=\"Guvernul nu are \u00een vedere \u0219i nu discut\u0103 \u00een acest moment posibilitatea cre\u0219terii v\u00e2rstei standard de pensionare.\" \/>\n<meta property=\"og:url\" content=\"https:\/\/covasna45.ro\/index.php\/lumea-noastra\/precizari-de-la-guvern-nu-se-are-in-vedere-cresterea-varstei-standard-de-pensionare\/\" \/>\n<meta property=\"og:site_name\" content=\"Covasna45\" \/>\n<meta property=\"article:published_time\" content=\"2025-09-09T07:59:58+00:00\" \/>\n<meta property=\"article:modified_time\" content=\"2025-09-09T07:59:59+00:00\" \/>\n<meta property=\"og:image\" content=\"https:\/\/covasna45.ro\/wp-content\/uploads\/2025\/03\/ilie-bolojan-interiman.jpg\" \/>\n\t<meta property=\"og:image:width\" content=\"1280\" \/>\n\t<meta property=\"og:image:height\" content=\"853\" \/>\n\t<meta property=\"og:image:type\" content=\"image\/jpeg\" \/>\n<meta name=\"author\" content=\"Covasna45\" \/>\n<meta name=\"twitter:card\" content=\"summary_large_image\" \/>\n<meta name=\"twitter:label1\" content=\"Scris de\" \/>\n\t<meta name=\"twitter:data1\" content=\"Covasna45\" \/>\n\t<meta name=\"twitter:label2\" content=\"Timp estimat pentru citire\" \/>\n\t<meta name=\"twitter:data2\" content=\"3 minute\" \/>\n<script type=\"application\/ld+json\" class=\"yoast-schema-graph\">{\"@context\":\"https:\\\/\\\/schema.org\",\"@graph\":[{\"@type\":\"Article\",\"@id\":\"https:\\\/\\\/covasna45.ro\\\/index.php\\\/lumea-noastra\\\/precizari-de-la-guvern-nu-se-are-in-vedere-cresterea-varstei-standard-de-pensionare\\\/#article\",\"isPartOf\":{\"@id\":\"https:\\\/\\\/covasna45.ro\\\/index.php\\\/lumea-noastra\\\/precizari-de-la-guvern-nu-se-are-in-vedere-cresterea-varstei-standard-de-pensionare\\\/\"},\"author\":{\"name\":\"Covasna45\",\"@id\":\"https:\\\/\\\/covasna45.ro\\\/#\\\/schema\\\/person\\\/e674052bd7d95d70bbb007a1060ab73c\"},\"headline\":\"Preciz\u0103ri de la Guvern: Nu se are \u00een vedere cre\u0219terea v\u00e2rstei standard de pensionare\",\"datePublished\":\"2025-09-09T07:59:58+00:00\",\"dateModified\":\"2025-09-09T07:59:59+00:00\",\"mainEntityOfPage\":{\"@id\":\"https:\\\/\\\/covasna45.ro\\\/index.php\\\/lumea-noastra\\\/precizari-de-la-guvern-nu-se-are-in-vedere-cresterea-varstei-standard-de-pensionare\\\/\"},\"wordCount\":424,\"commentCount\":0,\"publisher\":{\"@id\":\"https:\\\/\\\/covasna45.ro\\\/#organization\"},\"image\":{\"@id\":\"https:\\\/\\\/covasna45.ro\\\/index.php\\\/lumea-noastra\\\/precizari-de-la-guvern-nu-se-are-in-vedere-cresterea-varstei-standard-de-pensionare\\\/#primaryimage\"},\"thumbnailUrl\":\"https:\\\/\\\/covasna45.ro\\\/wp-content\\\/uploads\\\/2025\\\/03\\\/ilie-bolojan-interiman.jpg\",\"keywords\":[\"Guvern\",\"Ilie Bolojan\",\"pensionare\"],\"articleSection\":[\"Lumea noastr\u0103\"],\"inLanguage\":\"ro-RO\",\"potentialAction\":[{\"@type\":\"CommentAction\",\"name\":\"Comment\",\"target\":[\"https:\\\/\\\/covasna45.ro\\\/index.php\\\/lumea-noastra\\\/precizari-de-la-guvern-nu-se-are-in-vedere-cresterea-varstei-standard-de-pensionare\\\/#respond\"]}]},{\"@type\":\"WebPage\",\"@id\":\"https:\\\/\\\/covasna45.ro\\\/index.php\\\/lumea-noastra\\\/precizari-de-la-guvern-nu-se-are-in-vedere-cresterea-varstei-standard-de-pensionare\\\/\",\"url\":\"https:\\\/\\\/covasna45.ro\\\/index.php\\\/lumea-noastra\\\/precizari-de-la-guvern-nu-se-are-in-vedere-cresterea-varstei-standard-de-pensionare\\\/\",\"name\":\"Preciz\u0103ri de la Guvern: Nu se are \u00een vedere cre\u0219terea v\u00e2rstei standard de pensionare - Covasna45\",\"isPartOf\":{\"@id\":\"https:\\\/\\\/covasna45.ro\\\/#website\"},\"primaryImageOfPage\":{\"@id\":\"https:\\\/\\\/covasna45.ro\\\/index.php\\\/lumea-noastra\\\/precizari-de-la-guvern-nu-se-are-in-vedere-cresterea-varstei-standard-de-pensionare\\\/#primaryimage\"},\"image\":{\"@id\":\"https:\\\/\\\/covasna45.ro\\\/index.php\\\/lumea-noastra\\\/precizari-de-la-guvern-nu-se-are-in-vedere-cresterea-varstei-standard-de-pensionare\\\/#primaryimage\"},\"thumbnailUrl\":\"https:\\\/\\\/covasna45.ro\\\/wp-content\\\/uploads\\\/2025\\\/03\\\/ilie-bolojan-interiman.jpg\",\"datePublished\":\"2025-09-09T07:59:58+00:00\",\"dateModified\":\"2025-09-09T07:59:59+00:00\",\"description\":\"Guvernul nu are \u00een vedere \u0219i nu discut\u0103 \u00een acest moment posibilitatea cre\u0219terii v\u00e2rstei standard de pensionare.\",\"breadcrumb\":{\"@id\":\"https:\\\/\\\/covasna45.ro\\\/index.php\\\/lumea-noastra\\\/precizari-de-la-guvern-nu-se-are-in-vedere-cresterea-varstei-standard-de-pensionare\\\/#breadcrumb\"},\"inLanguage\":\"ro-RO\",\"potentialAction\":[{\"@type\":\"ReadAction\",\"target\":[\"https:\\\/\\\/covasna45.ro\\\/index.php\\\/lumea-noastra\\\/precizari-de-la-guvern-nu-se-are-in-vedere-cresterea-varstei-standard-de-pensionare\\\/\"]}]},{\"@type\":\"ImageObject\",\"inLanguage\":\"ro-RO\",\"@id\":\"https:\\\/\\\/covasna45.ro\\\/index.php\\\/lumea-noastra\\\/precizari-de-la-guvern-nu-se-are-in-vedere-cresterea-varstei-standard-de-pensionare\\\/#primaryimage\",\"url\":\"https:\\\/\\\/covasna45.ro\\\/wp-content\\\/uploads\\\/2025\\\/03\\\/ilie-bolojan-interiman.jpg\",\"contentUrl\":\"https:\\\/\\\/covasna45.ro\\\/wp-content\\\/uploads\\\/2025\\\/03\\\/ilie-bolojan-interiman.jpg\",\"width\":1280,\"height\":853},{\"@type\":\"BreadcrumbList\",\"@id\":\"https:\\\/\\\/covasna45.ro\\\/index.php\\\/lumea-noastra\\\/precizari-de-la-guvern-nu-se-are-in-vedere-cresterea-varstei-standard-de-pensionare\\\/#breadcrumb\",\"itemListElement\":[{\"@type\":\"ListItem\",\"position\":1,\"name\":\"Prima pagin\u0103\",\"item\":\"https:\\\/\\\/covasna45.ro\\\/\"},{\"@type\":\"ListItem\",\"position\":2,\"name\":\"Preciz\u0103ri de la Guvern: Nu se are \u00een vedere cre\u0219terea v\u00e2rstei standard de pensionare\"}]},{\"@type\":\"WebSite\",\"@id\":\"https:\\\/\\\/covasna45.ro\\\/#website\",\"url\":\"https:\\\/\\\/covasna45.ro\\\/\",\"name\":\"covasna45.ro\",\"description\":\"\",\"publisher\":{\"@id\":\"https:\\\/\\\/covasna45.ro\\\/#organization\"},\"potentialAction\":[{\"@type\":\"SearchAction\",\"target\":{\"@type\":\"EntryPoint\",\"urlTemplate\":\"https:\\\/\\\/covasna45.ro\\\/?s={search_term_string}\"},\"query-input\":{\"@type\":\"PropertyValueSpecification\",\"valueRequired\":true,\"valueName\":\"search_term_string\"}}],\"inLanguage\":\"ro-RO\"},{\"@type\":\"Organization\",\"@id\":\"https:\\\/\\\/covasna45.ro\\\/#organization\",\"name\":\"covasna45.ro\",\"url\":\"https:\\\/\\\/covasna45.ro\\\/\",\"logo\":{\"@type\":\"ImageObject\",\"inLanguage\":\"ro-RO\",\"@id\":\"https:\\\/\\\/covasna45.ro\\\/#\\\/schema\\\/logo\\\/image\\\/\",\"url\":\"https:\\\/\\\/covasna45.ro\\\/wp-content\\\/uploads\\\/2023\\\/01\\\/icon_logo.png\",\"contentUrl\":\"https:\\\/\\\/covasna45.ro\\\/wp-content\\\/uploads\\\/2023\\\/01\\\/icon_logo.png\",\"width\":1900,\"height\":1900,\"caption\":\"covasna45.ro\"},\"image\":{\"@id\":\"https:\\\/\\\/covasna45.ro\\\/#\\\/schema\\\/logo\\\/image\\\/\"}},{\"@type\":\"Person\",\"@id\":\"https:\\\/\\\/covasna45.ro\\\/#\\\/schema\\\/person\\\/e674052bd7d95d70bbb007a1060ab73c\",\"name\":\"Covasna45\",\"image\":{\"@type\":\"ImageObject\",\"inLanguage\":\"ro-RO\",\"@id\":\"https:\\\/\\\/covasna45.ro\\\/wp-content\\\/uploads\\\/2025\\\/10\\\/icon_logo_covasna45-150x150.png\",\"url\":\"https:\\\/\\\/covasna45.ro\\\/wp-content\\\/uploads\\\/2025\\\/10\\\/icon_logo_covasna45-150x150.png\",\"contentUrl\":\"https:\\\/\\\/covasna45.ro\\\/wp-content\\\/uploads\\\/2025\\\/10\\\/icon_logo_covasna45-150x150.png\",\"caption\":\"Covasna45\"},\"sameAs\":[\"https:\\\/\\\/covasna45.ro\"],\"url\":\"https:\\\/\\\/covasna45.ro\\\/index.php\\\/author\\\/covasna\\\/\"}]}<\/script>\n<!-- \/ Yoast SEO plugin. -->","yoast_head_json":{"title":"Preciz\u0103ri de la Guvern: Nu se are \u00een vedere cre\u0219terea v\u00e2rstei standard de pensionare - Covasna45","description":"Guvernul nu are \u00een vedere \u0219i nu discut\u0103 \u00een acest moment posibilitatea cre\u0219terii v\u00e2rstei standard de pensionare.","robots":{"index":"index","follow":"follow","max-snippet":"max-snippet:-1","max-image-preview":"max-image-preview:large","max-video-preview":"max-video-preview:-1"},"canonical":"https:\/\/covasna45.ro\/index.php\/lumea-noastra\/precizari-de-la-guvern-nu-se-are-in-vedere-cresterea-varstei-standard-de-pensionare\/","og_locale":"ro_RO","og_type":"article","og_title":"Preciz\u0103ri de la Guvern: Nu se are \u00een vedere cre\u0219terea v\u00e2rstei standard de pensionare - Covasna45","og_description":"Guvernul nu are \u00een vedere \u0219i nu discut\u0103 \u00een acest moment posibilitatea cre\u0219terii v\u00e2rstei standard de pensionare.","og_url":"https:\/\/covasna45.ro\/index.php\/lumea-noastra\/precizari-de-la-guvern-nu-se-are-in-vedere-cresterea-varstei-standard-de-pensionare\/","og_site_name":"Covasna45","article_published_time":"2025-09-09T07:59:58+00:00","article_modified_time":"2025-09-09T07:59:59+00:00","og_image":[{"width":1280,"height":853,"url":"https:\/\/covasna45.ro\/wp-content\/uploads\/2025\/03\/ilie-bolojan-interiman.jpg","type":"image\/jpeg"}],"author":"Covasna45","twitter_card":"summary_large_image","twitter_misc":{"Scris de":"Covasna45","Timp estimat pentru citire":"3 minute"},"schema":{"@context":"https:\/\/schema.org","@graph":[{"@type":"Article","@id":"https:\/\/covasna45.ro\/index.php\/lumea-noastra\/precizari-de-la-guvern-nu-se-are-in-vedere-cresterea-varstei-standard-de-pensionare\/#article","isPartOf":{"@id":"https:\/\/covasna45.ro\/index.php\/lumea-noastra\/precizari-de-la-guvern-nu-se-are-in-vedere-cresterea-varstei-standard-de-pensionare\/"},"author":{"name":"Covasna45","@id":"https:\/\/covasna45.ro\/#\/schema\/person\/e674052bd7d95d70bbb007a1060ab73c"},"headline":"Preciz\u0103ri de la Guvern: Nu se are \u00een vedere cre\u0219terea v\u00e2rstei standard de pensionare","datePublished":"2025-09-09T07:59:58+00:00","dateModified":"2025-09-09T07:59:59+00:00","mainEntityOfPage":{"@id":"https:\/\/covasna45.ro\/index.php\/lumea-noastra\/precizari-de-la-guvern-nu-se-are-in-vedere-cresterea-varstei-standard-de-pensionare\/"},"wordCount":424,"commentCount":0,"publisher":{"@id":"https:\/\/covasna45.ro\/#organization"},"image":{"@id":"https:\/\/covasna45.ro\/index.php\/lumea-noastra\/precizari-de-la-guvern-nu-se-are-in-vedere-cresterea-varstei-standard-de-pensionare\/#primaryimage"},"thumbnailUrl":"https:\/\/covasna45.ro\/wp-content\/uploads\/2025\/03\/ilie-bolojan-interiman.jpg","keywords":["Guvern","Ilie Bolojan","pensionare"],"articleSection":["Lumea noastr\u0103"],"inLanguage":"ro-RO","potentialAction":[{"@type":"CommentAction","name":"Comment","target":["https:\/\/covasna45.ro\/index.php\/lumea-noastra\/precizari-de-la-guvern-nu-se-are-in-vedere-cresterea-varstei-standard-de-pensionare\/#respond"]}]},{"@type":"WebPage","@id":"https:\/\/covasna45.ro\/index.php\/lumea-noastra\/precizari-de-la-guvern-nu-se-are-in-vedere-cresterea-varstei-standard-de-pensionare\/","url":"https:\/\/covasna45.ro\/index.php\/lumea-noastra\/precizari-de-la-guvern-nu-se-are-in-vedere-cresterea-varstei-standard-de-pensionare\/","name":"Preciz\u0103ri de la Guvern: Nu se are \u00een vedere cre\u0219terea v\u00e2rstei standard de pensionare - Covasna45","isPartOf":{"@id":"https:\/\/covasna45.ro\/#website"},"primaryImageOfPage":{"@id":"https:\/\/covasna45.ro\/index.php\/lumea-noastra\/precizari-de-la-guvern-nu-se-are-in-vedere-cresterea-varstei-standard-de-pensionare\/#primaryimage"},"image":{"@id":"https:\/\/covasna45.ro\/index.php\/lumea-noastra\/precizari-de-la-guvern-nu-se-are-in-vedere-cresterea-varstei-standard-de-pensionare\/#primaryimage"},"thumbnailUrl":"https:\/\/covasna45.ro\/wp-content\/uploads\/2025\/03\/ilie-bolojan-interiman.jpg","datePublished":"2025-09-09T07:59:58+00:00","dateModified":"2025-09-09T07:59:59+00:00","description":"Guvernul nu are \u00een vedere \u0219i nu discut\u0103 \u00een acest moment posibilitatea cre\u0219terii v\u00e2rstei standard de pensionare.","breadcrumb":{"@id":"https:\/\/covasna45.ro\/index.php\/lumea-noastra\/precizari-de-la-guvern-nu-se-are-in-vedere-cresterea-varstei-standard-de-pensionare\/#breadcrumb"},"inLanguage":"ro-RO","potentialAction":[{"@type":"ReadAction","target":["https:\/\/covasna45.ro\/index.php\/lumea-noastra\/precizari-de-la-guvern-nu-se-are-in-vedere-cresterea-varstei-standard-de-pensionare\/"]}]},{"@type":"ImageObject","inLanguage":"ro-RO","@id":"https:\/\/covasna45.ro\/index.php\/lumea-noastra\/precizari-de-la-guvern-nu-se-are-in-vedere-cresterea-varstei-standard-de-pensionare\/#primaryimage","url":"https:\/\/covasna45.ro\/wp-content\/uploads\/2025\/03\/ilie-bolojan-interiman.jpg","contentUrl":"https:\/\/covasna45.ro\/wp-content\/uploads\/2025\/03\/ilie-bolojan-interiman.jpg","width":1280,"height":853},{"@type":"BreadcrumbList","@id":"https:\/\/covasna45.ro\/index.php\/lumea-noastra\/precizari-de-la-guvern-nu-se-are-in-vedere-cresterea-varstei-standard-de-pensionare\/#breadcrumb","itemListElement":[{"@type":"ListItem","position":1,"name":"Prima pagin\u0103","item":"https:\/\/covasna45.ro\/"},{"@type":"ListItem","position":2,"name":"Preciz\u0103ri de la Guvern: Nu se are \u00een vedere cre\u0219terea v\u00e2rstei standard de pensionare"}]},{"@type":"WebSite","@id":"https:\/\/covasna45.ro\/#website","url":"https:\/\/covasna45.ro\/","name":"covasna45.ro","description":"","publisher":{"@id":"https:\/\/covasna45.ro\/#organization"},"potentialAction":[{"@type":"SearchAction","target":{"@type":"EntryPoint","urlTemplate":"https:\/\/covasna45.ro\/?s={search_term_string}"},"query-input":{"@type":"PropertyValueSpecification","valueRequired":true,"valueName":"search_term_string"}}],"inLanguage":"ro-RO"},{"@type":"Organization","@id":"https:\/\/covasna45.ro\/#organization","name":"covasna45.ro","url":"https:\/\/covasna45.ro\/","logo":{"@type":"ImageObject","inLanguage":"ro-RO","@id":"https:\/\/covasna45.ro\/#\/schema\/logo\/image\/","url":"https:\/\/covasna45.ro\/wp-content\/uploads\/2023\/01\/icon_logo.png","contentUrl":"https:\/\/covasna45.ro\/wp-content\/uploads\/2023\/01\/icon_logo.png","width":1900,"height":1900,"caption":"covasna45.ro"},"image":{"@id":"https:\/\/covasna45.ro\/#\/schema\/logo\/image\/"}},{"@type":"Person","@id":"https:\/\/covasna45.ro\/#\/schema\/person\/e674052bd7d95d70bbb007a1060ab73c","name":"Covasna45","image":{"@type":"ImageObject","inLanguage":"ro-RO","@id":"https:\/\/covasna45.ro\/wp-content\/uploads\/2025\/10\/icon_logo_covasna45-150x150.png","url":"https:\/\/covasna45.ro\/wp-content\/uploads\/2025\/10\/icon_logo_covasna45-150x150.png","contentUrl":"https:\/\/covasna45.ro\/wp-content\/uploads\/2025\/10\/icon_logo_covasna45-150x150.png","caption":"Covasna45"},"sameAs":["https:\/\/covasna45.ro"],"url":"https:\/\/covasna45.ro\/index.php\/author\/covasna\/"}]}},"_links":{"self":[{"href":"https:\/\/covasna45.ro\/index.php\/wp-json\/wp\/v2\/posts\/12956","targetHints":{"allow":["GET"]}}],"collection":[{"href":"https:\/\/covasna45.ro\/index.php\/wp-json\/wp\/v2\/posts"}],"about":[{"href":"https:\/\/covasna45.ro\/index.php\/wp-json\/wp\/v2\/types\/post"}],"author":[{"embeddable":true,"href":"https:\/\/covasna45.ro\/index.php\/wp-json\/wp\/v2\/users\/1"}],"replies":[{"embeddable":true,"href":"https:\/\/covasna45.ro\/index.php\/wp-json\/wp\/v2\/comments?post=12956"}],"version-history":[{"count":1,"href":"https:\/\/covasna45.ro\/index.php\/wp-json\/wp\/v2\/posts\/12956\/revisions"}],"predecessor-version":[{"id":12957,"href":"https:\/\/covasna45.ro\/index.php\/wp-json\/wp\/v2\/posts\/12956\/revisions\/12957"}],"wp:featuredmedia":[{"embeddable":true,"href":"https:\/\/covasna45.ro\/index.php\/wp-json\/wp\/v2\/media\/10263"}],"wp:attachment":[{"href":"https:\/\/covasna45.ro\/index.php\/wp-json\/wp\/v2\/media?parent=12956"}],"wp:term":[{"taxonomy":"category","embeddable":true,"href":"https:\/\/covasna45.ro\/index.php\/wp-json\/wp\/v2\/categories?post=12956"},{"taxonomy":"post_tag","embeddable":true,"href":"https:\/\/covasna45.ro\/index.php\/wp-json\/wp\/v2\/tags?post=12956"}],"curies":[{"name":"wp","href":"https:\/\/api.w.org\/{rel}","templated":true}]}}