{"id":12958,"date":"2025-09-09T10:53:33","date_gmt":"2025-09-09T08:53:33","guid":{"rendered":"https:\/\/covasna45.ro\/?p=12958"},"modified":"2025-09-09T10:53:33","modified_gmt":"2025-09-09T08:53:33","slug":"aniversare-sala-festiva-muzica-sarbatoare-la-muzeul-national-secuiesc","status":"publish","type":"post","link":"https:\/\/covasna45.ro\/index.php\/lumea-noastra\/aniversare-sala-festiva-muzica-sarbatoare-la-muzeul-national-secuiesc\/","title":{"rendered":"Aniversare, sal\u0103 festiv\u0103, muzic\u0103 \u2013 s\u0103rb\u0103toare la Muzeul Na\u021bional Secuiesc"},"content":{"rendered":"\n<p>Muzeul Na\u021bional Secuiesc organizeaz\u0103, pe 15 septembrie, un eveniment de inaugurare a noii s\u0103li festive. Aceasta a fost renovat\u0103 \u0219i modernizat\u0103 \u0219i poart\u0103 numele lui B\u00e9la Bart\u00f3k.<\/p>\n\n\n\n<p>\u201e<strong>Evoc\u0103m simultan ziua de na\u0219tere a muzeului, mo\u0219tenirea fondatorului nostru \u0219i amintirea concertului sus\u021binut de B\u00e9la Bart\u00f3k la Sf\u00e2ntu Gheorghe<\/strong>\u201d, se arat\u0103 \u00eentr-un comunicat al institu\u021biei.<\/p>\n\n\n\n<p>Program festiv:<\/p>\n\n\n\n<ul class=\"wp-block-list\">\n<li>Evenimentul se deschide cu muzica lui B\u00e9la Bart\u00f3k<\/li>\n\n\n\n<li>Salutul lui\u00a0Mih\u00e1ly Vargha, directorul Muzeului Na\u021bional Secuiesc<\/li>\n\n\n\n<li>Prelegere sus\u021binut\u0103 de\u00a0dr. Zsolt S\u00e1ri, director adjunct al Muzeului Satului din Szentendre: \u201eDoar din izvor curat \u2013 Concertul lui B\u00e9la Bart\u00f3k la Sf\u00e2ntu Gheorghe\u201d<\/li>\n\n\n\n<li>Vizit\u0103 ghidat\u0103 \u00een expozi\u021bia\u00a0Csereyn\u00e9 \u2013 200. Rena\u0219tem!\u00a0cu dr.\u00a0Enik\u0151 Sz\u0151csn\u00e9 Gazda, etnograf al muzeului<br><br>Particip\u0103: profesoara de flaut\u00a0Katalin Cs\u00e1sz\u00e1r\u00a0\u0219i profesorul de org\u0103 \u0219i pian\u00a0L\u00e1szl\u00f3-Levente Szab\u00f3-Sikl\u00f3di, cadre didactice ale Liceului de Art\u0103 \u201ePlugor S\u00e1ndor\u201d<\/li>\n<\/ul>\n\n\n\n<p>\u201e<strong>Cu aceast\u0103 s\u0103rb\u0103toare dorim s\u0103 mul\u021bumim tuturor celor care au contribuit la p\u0103strarea valorilor muzeului \u0219i invit\u0103m membrii comunit\u0103\u021bii noastre s\u0103 celebreze \u00eempreun\u0103 cu noi ziua de na\u0219tere a Muzeului Na\u021bional Secuiesc<\/strong>\u201d, mai <a href=\"https:\/\/covasna45.ro\/index.php\/lumea-noastra\/doamna-cseey-200-renastem-muzeul-national-secuiesc-isi-onoreaza-fondatoarea\/\">transmit<\/a> organizatorii.<\/p>\n\n\n\n<p>Loca\u021bie: Muzeul Na\u021bional Secuiesc, Sf\u00e2ntu Gheorghe<br>Data: luni, 15 septembrie 2025, ora 18:00.<\/p>\n\n\n\n<p>Sursa: <a href=\"https:\/\/sznm.ro\/ro\/event\/patrimoniu-reinnoit-aniversare-sala-festiva-muzica\/\">Muzeul Na\u021bional Secuiesc<\/a><\/p>\n","protected":false},"excerpt":{"rendered":"<p>Muzeul Na\u021bional Secuiesc organizeaz\u0103, pe 15 septembrie, un eveniment de inaugurare a noii s\u0103li festive. Aceasta a fost renovat\u0103 \u0219i modernizat\u0103 \u0219i poart\u0103 numele lui B\u00e9la Bart\u00f3k. \u201eEvoc\u0103m simultan ziua de na\u0219tere a muzeului, mo\u0219tenirea fondatorului nostru \u0219i amintirea concertului sus\u021binut de B\u00e9la Bart\u00f3k la Sf\u00e2ntu Gheorghe\u201d, se arat\u0103 \u00eentr-un comunicat al institu\u021biei. Program festiv: [&hellip;]<\/p>\n","protected":false},"author":1,"featured_media":10496,"comment_status":"open","ping_status":"closed","sticky":false,"template":"","format":"standard","meta":{"tdm_status":"","tdm_grid_status":"","footnotes":""},"categories":[14],"tags":[3910,1703],"class_list":{"0":"post-12958","1":"post","2":"type-post","3":"status-publish","4":"format-standard","5":"has-post-thumbnail","7":"category-lumea-noastra","8":"tag-bela-bartok","9":"tag-muzeul-national-secuiesc"},"yoast_head":"<!-- This site is optimized with the Yoast SEO plugin v27.5 - https:\/\/yoast.com\/product\/yoast-seo-wordpress\/ -->\n<title>Aniversare, sal\u0103 festiv\u0103, muzic\u0103 \u2013 s\u0103rb\u0103toare la Muzeul Na\u021bional Secuiesc - Covasna45<\/title>\n<meta name=\"robots\" content=\"index, follow, max-snippet:-1, max-image-preview:large, max-video-preview:-1\" \/>\n<link rel=\"canonical\" href=\"https:\/\/covasna45.ro\/index.php\/lumea-noastra\/aniversare-sala-festiva-muzica-sarbatoare-la-muzeul-national-secuiesc\/\" \/>\n<meta property=\"og:locale\" content=\"ro_RO\" \/>\n<meta property=\"og:type\" content=\"article\" \/>\n<meta property=\"og:title\" content=\"Aniversare, sal\u0103 festiv\u0103, muzic\u0103 \u2013 s\u0103rb\u0103toare la Muzeul Na\u021bional Secuiesc - Covasna45\" \/>\n<meta property=\"og:description\" content=\"Muzeul Na\u021bional Secuiesc organizeaz\u0103, pe 15 septembrie, un eveniment de inaugurare a noii s\u0103li festive. Aceasta a fost renovat\u0103 \u0219i modernizat\u0103 \u0219i poart\u0103 numele lui B\u00e9la Bart\u00f3k. \u201eEvoc\u0103m simultan ziua de na\u0219tere a muzeului, mo\u0219tenirea fondatorului nostru \u0219i amintirea concertului sus\u021binut de B\u00e9la Bart\u00f3k la Sf\u00e2ntu Gheorghe\u201d, se arat\u0103 \u00eentr-un comunicat al institu\u021biei. Program festiv: [&hellip;]\" \/>\n<meta property=\"og:url\" content=\"https:\/\/covasna45.ro\/index.php\/lumea-noastra\/aniversare-sala-festiva-muzica-sarbatoare-la-muzeul-national-secuiesc\/\" \/>\n<meta property=\"og:site_name\" content=\"Covasna45\" \/>\n<meta property=\"article:published_time\" content=\"2025-09-09T08:53:33+00:00\" \/>\n<meta property=\"og:image\" content=\"https:\/\/covasna45.ro\/wp-content\/uploads\/2025\/04\/mns.jpg\" \/>\n\t<meta property=\"og:image:width\" content=\"2224\" \/>\n\t<meta property=\"og:image:height\" content=\"1668\" \/>\n\t<meta property=\"og:image:type\" content=\"image\/jpeg\" \/>\n<meta name=\"author\" content=\"Covasna45\" \/>\n<meta name=\"twitter:card\" content=\"summary_large_image\" \/>\n<meta name=\"twitter:label1\" content=\"Scris de\" \/>\n\t<meta name=\"twitter:data1\" content=\"Covasna45\" \/>\n\t<meta name=\"twitter:label2\" content=\"Timp estimat pentru citire\" \/>\n\t<meta name=\"twitter:data2\" content=\"2 minute\" \/>\n<script type=\"application\/ld+json\" class=\"yoast-schema-graph\">{\"@context\":\"https:\\\/\\\/schema.org\",\"@graph\":[{\"@type\":\"Article\",\"@id\":\"https:\\\/\\\/covasna45.ro\\\/index.php\\\/lumea-noastra\\\/aniversare-sala-festiva-muzica-sarbatoare-la-muzeul-national-secuiesc\\\/#article\",\"isPartOf\":{\"@id\":\"https:\\\/\\\/covasna45.ro\\\/index.php\\\/lumea-noastra\\\/aniversare-sala-festiva-muzica-sarbatoare-la-muzeul-national-secuiesc\\\/\"},\"author\":{\"name\":\"Covasna45\",\"@id\":\"https:\\\/\\\/covasna45.ro\\\/#\\\/schema\\\/person\\\/e674052bd7d95d70bbb007a1060ab73c\"},\"headline\":\"Aniversare, sal\u0103 festiv\u0103, muzic\u0103 \u2013 s\u0103rb\u0103toare la Muzeul Na\u021bional Secuiesc\",\"datePublished\":\"2025-09-09T08:53:33+00:00\",\"mainEntityOfPage\":{\"@id\":\"https:\\\/\\\/covasna45.ro\\\/index.php\\\/lumea-noastra\\\/aniversare-sala-festiva-muzica-sarbatoare-la-muzeul-national-secuiesc\\\/\"},\"wordCount\":233,\"commentCount\":0,\"publisher\":{\"@id\":\"https:\\\/\\\/covasna45.ro\\\/#organization\"},\"image\":{\"@id\":\"https:\\\/\\\/covasna45.ro\\\/index.php\\\/lumea-noastra\\\/aniversare-sala-festiva-muzica-sarbatoare-la-muzeul-national-secuiesc\\\/#primaryimage\"},\"thumbnailUrl\":\"https:\\\/\\\/covasna45.ro\\\/wp-content\\\/uploads\\\/2025\\\/04\\\/mns.jpg\",\"keywords\":[\"B\u00e9la Bart\u00f3k\",\"Muzeul Na\u021bional Secuiesc\"],\"articleSection\":[\"Lumea noastr\u0103\"],\"inLanguage\":\"ro-RO\",\"potentialAction\":[{\"@type\":\"CommentAction\",\"name\":\"Comment\",\"target\":[\"https:\\\/\\\/covasna45.ro\\\/index.php\\\/lumea-noastra\\\/aniversare-sala-festiva-muzica-sarbatoare-la-muzeul-national-secuiesc\\\/#respond\"]}]},{\"@type\":\"WebPage\",\"@id\":\"https:\\\/\\\/covasna45.ro\\\/index.php\\\/lumea-noastra\\\/aniversare-sala-festiva-muzica-sarbatoare-la-muzeul-national-secuiesc\\\/\",\"url\":\"https:\\\/\\\/covasna45.ro\\\/index.php\\\/lumea-noastra\\\/aniversare-sala-festiva-muzica-sarbatoare-la-muzeul-national-secuiesc\\\/\",\"name\":\"Aniversare, sal\u0103 festiv\u0103, muzic\u0103 \u2013 s\u0103rb\u0103toare la Muzeul Na\u021bional Secuiesc - Covasna45\",\"isPartOf\":{\"@id\":\"https:\\\/\\\/covasna45.ro\\\/#website\"},\"primaryImageOfPage\":{\"@id\":\"https:\\\/\\\/covasna45.ro\\\/index.php\\\/lumea-noastra\\\/aniversare-sala-festiva-muzica-sarbatoare-la-muzeul-national-secuiesc\\\/#primaryimage\"},\"image\":{\"@id\":\"https:\\\/\\\/covasna45.ro\\\/index.php\\\/lumea-noastra\\\/aniversare-sala-festiva-muzica-sarbatoare-la-muzeul-national-secuiesc\\\/#primaryimage\"},\"thumbnailUrl\":\"https:\\\/\\\/covasna45.ro\\\/wp-content\\\/uploads\\\/2025\\\/04\\\/mns.jpg\",\"datePublished\":\"2025-09-09T08:53:33+00:00\",\"breadcrumb\":{\"@id\":\"https:\\\/\\\/covasna45.ro\\\/index.php\\\/lumea-noastra\\\/aniversare-sala-festiva-muzica-sarbatoare-la-muzeul-national-secuiesc\\\/#breadcrumb\"},\"inLanguage\":\"ro-RO\",\"potentialAction\":[{\"@type\":\"ReadAction\",\"target\":[\"https:\\\/\\\/covasna45.ro\\\/index.php\\\/lumea-noastra\\\/aniversare-sala-festiva-muzica-sarbatoare-la-muzeul-national-secuiesc\\\/\"]}]},{\"@type\":\"ImageObject\",\"inLanguage\":\"ro-RO\",\"@id\":\"https:\\\/\\\/covasna45.ro\\\/index.php\\\/lumea-noastra\\\/aniversare-sala-festiva-muzica-sarbatoare-la-muzeul-national-secuiesc\\\/#primaryimage\",\"url\":\"https:\\\/\\\/covasna45.ro\\\/wp-content\\\/uploads\\\/2025\\\/04\\\/mns.jpg\",\"contentUrl\":\"https:\\\/\\\/covasna45.ro\\\/wp-content\\\/uploads\\\/2025\\\/04\\\/mns.jpg\",\"width\":2224,\"height\":1668},{\"@type\":\"BreadcrumbList\",\"@id\":\"https:\\\/\\\/covasna45.ro\\\/index.php\\\/lumea-noastra\\\/aniversare-sala-festiva-muzica-sarbatoare-la-muzeul-national-secuiesc\\\/#breadcrumb\",\"itemListElement\":[{\"@type\":\"ListItem\",\"position\":1,\"name\":\"Prima pagin\u0103\",\"item\":\"https:\\\/\\\/covasna45.ro\\\/\"},{\"@type\":\"ListItem\",\"position\":2,\"name\":\"Aniversare, sal\u0103 festiv\u0103, muzic\u0103 \u2013 s\u0103rb\u0103toare la Muzeul Na\u021bional Secuiesc\"}]},{\"@type\":\"WebSite\",\"@id\":\"https:\\\/\\\/covasna45.ro\\\/#website\",\"url\":\"https:\\\/\\\/covasna45.ro\\\/\",\"name\":\"covasna45.ro\",\"description\":\"\",\"publisher\":{\"@id\":\"https:\\\/\\\/covasna45.ro\\\/#organization\"},\"potentialAction\":[{\"@type\":\"SearchAction\",\"target\":{\"@type\":\"EntryPoint\",\"urlTemplate\":\"https:\\\/\\\/covasna45.ro\\\/?s={search_term_string}\"},\"query-input\":{\"@type\":\"PropertyValueSpecification\",\"valueRequired\":true,\"valueName\":\"search_term_string\"}}],\"inLanguage\":\"ro-RO\"},{\"@type\":\"Organization\",\"@id\":\"https:\\\/\\\/covasna45.ro\\\/#organization\",\"name\":\"covasna45.ro\",\"url\":\"https:\\\/\\\/covasna45.ro\\\/\",\"logo\":{\"@type\":\"ImageObject\",\"inLanguage\":\"ro-RO\",\"@id\":\"https:\\\/\\\/covasna45.ro\\\/#\\\/schema\\\/logo\\\/image\\\/\",\"url\":\"https:\\\/\\\/covasna45.ro\\\/wp-content\\\/uploads\\\/2023\\\/01\\\/icon_logo.png\",\"contentUrl\":\"https:\\\/\\\/covasna45.ro\\\/wp-content\\\/uploads\\\/2023\\\/01\\\/icon_logo.png\",\"width\":1900,\"height\":1900,\"caption\":\"covasna45.ro\"},\"image\":{\"@id\":\"https:\\\/\\\/covasna45.ro\\\/#\\\/schema\\\/logo\\\/image\\\/\"}},{\"@type\":\"Person\",\"@id\":\"https:\\\/\\\/covasna45.ro\\\/#\\\/schema\\\/person\\\/e674052bd7d95d70bbb007a1060ab73c\",\"name\":\"Covasna45\",\"image\":{\"@type\":\"ImageObject\",\"inLanguage\":\"ro-RO\",\"@id\":\"https:\\\/\\\/covasna45.ro\\\/wp-content\\\/uploads\\\/2025\\\/10\\\/icon_logo_covasna45-150x150.png\",\"url\":\"https:\\\/\\\/covasna45.ro\\\/wp-content\\\/uploads\\\/2025\\\/10\\\/icon_logo_covasna45-150x150.png\",\"contentUrl\":\"https:\\\/\\\/covasna45.ro\\\/wp-content\\\/uploads\\\/2025\\\/10\\\/icon_logo_covasna45-150x150.png\",\"caption\":\"Covasna45\"},\"sameAs\":[\"https:\\\/\\\/covasna45.ro\"],\"url\":\"https:\\\/\\\/covasna45.ro\\\/index.php\\\/author\\\/covasna\\\/\"}]}<\/script>\n<!-- \/ Yoast SEO plugin. -->","yoast_head_json":{"title":"Aniversare, sal\u0103 festiv\u0103, muzic\u0103 \u2013 s\u0103rb\u0103toare la Muzeul Na\u021bional Secuiesc - Covasna45","robots":{"index":"index","follow":"follow","max-snippet":"max-snippet:-1","max-image-preview":"max-image-preview:large","max-video-preview":"max-video-preview:-1"},"canonical":"https:\/\/covasna45.ro\/index.php\/lumea-noastra\/aniversare-sala-festiva-muzica-sarbatoare-la-muzeul-national-secuiesc\/","og_locale":"ro_RO","og_type":"article","og_title":"Aniversare, sal\u0103 festiv\u0103, muzic\u0103 \u2013 s\u0103rb\u0103toare la Muzeul Na\u021bional Secuiesc - Covasna45","og_description":"Muzeul Na\u021bional Secuiesc organizeaz\u0103, pe 15 septembrie, un eveniment de inaugurare a noii s\u0103li festive. Aceasta a fost renovat\u0103 \u0219i modernizat\u0103 \u0219i poart\u0103 numele lui B\u00e9la Bart\u00f3k. \u201eEvoc\u0103m simultan ziua de na\u0219tere a muzeului, mo\u0219tenirea fondatorului nostru \u0219i amintirea concertului sus\u021binut de B\u00e9la Bart\u00f3k la Sf\u00e2ntu Gheorghe\u201d, se arat\u0103 \u00eentr-un comunicat al institu\u021biei. Program festiv: [&hellip;]","og_url":"https:\/\/covasna45.ro\/index.php\/lumea-noastra\/aniversare-sala-festiva-muzica-sarbatoare-la-muzeul-national-secuiesc\/","og_site_name":"Covasna45","article_published_time":"2025-09-09T08:53:33+00:00","og_image":[{"width":2224,"height":1668,"url":"https:\/\/covasna45.ro\/wp-content\/uploads\/2025\/04\/mns.jpg","type":"image\/jpeg"}],"author":"Covasna45","twitter_card":"summary_large_image","twitter_misc":{"Scris de":"Covasna45","Timp estimat pentru citire":"2 minute"},"schema":{"@context":"https:\/\/schema.org","@graph":[{"@type":"Article","@id":"https:\/\/covasna45.ro\/index.php\/lumea-noastra\/aniversare-sala-festiva-muzica-sarbatoare-la-muzeul-national-secuiesc\/#article","isPartOf":{"@id":"https:\/\/covasna45.ro\/index.php\/lumea-noastra\/aniversare-sala-festiva-muzica-sarbatoare-la-muzeul-national-secuiesc\/"},"author":{"name":"Covasna45","@id":"https:\/\/covasna45.ro\/#\/schema\/person\/e674052bd7d95d70bbb007a1060ab73c"},"headline":"Aniversare, sal\u0103 festiv\u0103, muzic\u0103 \u2013 s\u0103rb\u0103toare la Muzeul Na\u021bional Secuiesc","datePublished":"2025-09-09T08:53:33+00:00","mainEntityOfPage":{"@id":"https:\/\/covasna45.ro\/index.php\/lumea-noastra\/aniversare-sala-festiva-muzica-sarbatoare-la-muzeul-national-secuiesc\/"},"wordCount":233,"commentCount":0,"publisher":{"@id":"https:\/\/covasna45.ro\/#organization"},"image":{"@id":"https:\/\/covasna45.ro\/index.php\/lumea-noastra\/aniversare-sala-festiva-muzica-sarbatoare-la-muzeul-national-secuiesc\/#primaryimage"},"thumbnailUrl":"https:\/\/covasna45.ro\/wp-content\/uploads\/2025\/04\/mns.jpg","keywords":["B\u00e9la Bart\u00f3k","Muzeul Na\u021bional Secuiesc"],"articleSection":["Lumea noastr\u0103"],"inLanguage":"ro-RO","potentialAction":[{"@type":"CommentAction","name":"Comment","target":["https:\/\/covasna45.ro\/index.php\/lumea-noastra\/aniversare-sala-festiva-muzica-sarbatoare-la-muzeul-national-secuiesc\/#respond"]}]},{"@type":"WebPage","@id":"https:\/\/covasna45.ro\/index.php\/lumea-noastra\/aniversare-sala-festiva-muzica-sarbatoare-la-muzeul-national-secuiesc\/","url":"https:\/\/covasna45.ro\/index.php\/lumea-noastra\/aniversare-sala-festiva-muzica-sarbatoare-la-muzeul-national-secuiesc\/","name":"Aniversare, sal\u0103 festiv\u0103, muzic\u0103 \u2013 s\u0103rb\u0103toare la Muzeul Na\u021bional Secuiesc - Covasna45","isPartOf":{"@id":"https:\/\/covasna45.ro\/#website"},"primaryImageOfPage":{"@id":"https:\/\/covasna45.ro\/index.php\/lumea-noastra\/aniversare-sala-festiva-muzica-sarbatoare-la-muzeul-national-secuiesc\/#primaryimage"},"image":{"@id":"https:\/\/covasna45.ro\/index.php\/lumea-noastra\/aniversare-sala-festiva-muzica-sarbatoare-la-muzeul-national-secuiesc\/#primaryimage"},"thumbnailUrl":"https:\/\/covasna45.ro\/wp-content\/uploads\/2025\/04\/mns.jpg","datePublished":"2025-09-09T08:53:33+00:00","breadcrumb":{"@id":"https:\/\/covasna45.ro\/index.php\/lumea-noastra\/aniversare-sala-festiva-muzica-sarbatoare-la-muzeul-national-secuiesc\/#breadcrumb"},"inLanguage":"ro-RO","potentialAction":[{"@type":"ReadAction","target":["https:\/\/covasna45.ro\/index.php\/lumea-noastra\/aniversare-sala-festiva-muzica-sarbatoare-la-muzeul-national-secuiesc\/"]}]},{"@type":"ImageObject","inLanguage":"ro-RO","@id":"https:\/\/covasna45.ro\/index.php\/lumea-noastra\/aniversare-sala-festiva-muzica-sarbatoare-la-muzeul-national-secuiesc\/#primaryimage","url":"https:\/\/covasna45.ro\/wp-content\/uploads\/2025\/04\/mns.jpg","contentUrl":"https:\/\/covasna45.ro\/wp-content\/uploads\/2025\/04\/mns.jpg","width":2224,"height":1668},{"@type":"BreadcrumbList","@id":"https:\/\/covasna45.ro\/index.php\/lumea-noastra\/aniversare-sala-festiva-muzica-sarbatoare-la-muzeul-national-secuiesc\/#breadcrumb","itemListElement":[{"@type":"ListItem","position":1,"name":"Prima pagin\u0103","item":"https:\/\/covasna45.ro\/"},{"@type":"ListItem","position":2,"name":"Aniversare, sal\u0103 festiv\u0103, muzic\u0103 \u2013 s\u0103rb\u0103toare la Muzeul Na\u021bional Secuiesc"}]},{"@type":"WebSite","@id":"https:\/\/covasna45.ro\/#website","url":"https:\/\/covasna45.ro\/","name":"covasna45.ro","description":"","publisher":{"@id":"https:\/\/covasna45.ro\/#organization"},"potentialAction":[{"@type":"SearchAction","target":{"@type":"EntryPoint","urlTemplate":"https:\/\/covasna45.ro\/?s={search_term_string}"},"query-input":{"@type":"PropertyValueSpecification","valueRequired":true,"valueName":"search_term_string"}}],"inLanguage":"ro-RO"},{"@type":"Organization","@id":"https:\/\/covasna45.ro\/#organization","name":"covasna45.ro","url":"https:\/\/covasna45.ro\/","logo":{"@type":"ImageObject","inLanguage":"ro-RO","@id":"https:\/\/covasna45.ro\/#\/schema\/logo\/image\/","url":"https:\/\/covasna45.ro\/wp-content\/uploads\/2023\/01\/icon_logo.png","contentUrl":"https:\/\/covasna45.ro\/wp-content\/uploads\/2023\/01\/icon_logo.png","width":1900,"height":1900,"caption":"covasna45.ro"},"image":{"@id":"https:\/\/covasna45.ro\/#\/schema\/logo\/image\/"}},{"@type":"Person","@id":"https:\/\/covasna45.ro\/#\/schema\/person\/e674052bd7d95d70bbb007a1060ab73c","name":"Covasna45","image":{"@type":"ImageObject","inLanguage":"ro-RO","@id":"https:\/\/covasna45.ro\/wp-content\/uploads\/2025\/10\/icon_logo_covasna45-150x150.png","url":"https:\/\/covasna45.ro\/wp-content\/uploads\/2025\/10\/icon_logo_covasna45-150x150.png","contentUrl":"https:\/\/covasna45.ro\/wp-content\/uploads\/2025\/10\/icon_logo_covasna45-150x150.png","caption":"Covasna45"},"sameAs":["https:\/\/covasna45.ro"],"url":"https:\/\/covasna45.ro\/index.php\/author\/covasna\/"}]}},"_links":{"self":[{"href":"https:\/\/covasna45.ro\/index.php\/wp-json\/wp\/v2\/posts\/12958","targetHints":{"allow":["GET"]}}],"collection":[{"href":"https:\/\/covasna45.ro\/index.php\/wp-json\/wp\/v2\/posts"}],"about":[{"href":"https:\/\/covasna45.ro\/index.php\/wp-json\/wp\/v2\/types\/post"}],"author":[{"embeddable":true,"href":"https:\/\/covasna45.ro\/index.php\/wp-json\/wp\/v2\/users\/1"}],"replies":[{"embeddable":true,"href":"https:\/\/covasna45.ro\/index.php\/wp-json\/wp\/v2\/comments?post=12958"}],"version-history":[{"count":1,"href":"https:\/\/covasna45.ro\/index.php\/wp-json\/wp\/v2\/posts\/12958\/revisions"}],"predecessor-version":[{"id":12959,"href":"https:\/\/covasna45.ro\/index.php\/wp-json\/wp\/v2\/posts\/12958\/revisions\/12959"}],"wp:featuredmedia":[{"embeddable":true,"href":"https:\/\/covasna45.ro\/index.php\/wp-json\/wp\/v2\/media\/10496"}],"wp:attachment":[{"href":"https:\/\/covasna45.ro\/index.php\/wp-json\/wp\/v2\/media?parent=12958"}],"wp:term":[{"taxonomy":"category","embeddable":true,"href":"https:\/\/covasna45.ro\/index.php\/wp-json\/wp\/v2\/categories?post=12958"},{"taxonomy":"post_tag","embeddable":true,"href":"https:\/\/covasna45.ro\/index.php\/wp-json\/wp\/v2\/tags?post=12958"}],"curies":[{"name":"wp","href":"https:\/\/api.w.org\/{rel}","templated":true}]}}