{"id":12960,"date":"2025-09-10T07:03:42","date_gmt":"2025-09-10T05:03:42","guid":{"rendered":"https:\/\/covasna45.ro\/?p=12960"},"modified":"2025-09-10T07:03:43","modified_gmt":"2025-09-10T05:03:43","slug":"ministerul-dezvoltarii-aloca-47-de-milioane-de-lei-pentru-consolidarea-liceului-mikes-kelemen","status":"publish","type":"post","link":"https:\/\/covasna45.ro\/index.php\/lumea-noastra\/ministerul-dezvoltarii-aloca-47-de-milioane-de-lei-pentru-consolidarea-liceului-mikes-kelemen\/","title":{"rendered":"Ministerul Dezvolt\u0103rii aloc\u0103 47 de milioane de lei pentru consolidarea Liceului \u201eMikes Kelemen\u201d"},"content":{"rendered":"\n<p>Cl\u0103dirile C \u0219i D ale Liceului \u201eMikes Kelemen\u201d din Sf\u00e2ntu Gheorghe vor fi renovate cu sprijinul Ministerului Dezvolt\u0103rii, a anun\u021bat Cseke Attila. Finan\u021barea provine din Programul na\u021bional de consolidare a cl\u0103dirilor cu risc seismic ridicat, pentru care ministerul aloc\u0103 \u00een total 487.536.258,91 de lei. 20 de obiective din \u021bar\u0103 au fost selectate pentru finan\u021bare.<\/p>\n\n\n\n<p>Astfel, conform unui <a href=\"https:\/\/www.mdlpa.ro\/subarticles\/5\/consolidamseismicpnccrs09092025?fbclid=IwVERTSAMtTaVleHRuA2FlbQIxMAABHqj5_Ku-pseuws3BQXSWhZiwXWUBqULR5QOdQoeX_r9BXFreUNq8sj333LSd_aem_CMYBR4CCNbfBv_NHt3jebQ&amp;sfnsn=wa\">comunicat<\/a> al Ministerului, 55,68 milioane de lei vor fi aloca\u021bi pentru consolidarea, reabilitarea termic\u0103 \u0219i eficientizarea energetic\u0103 a cl\u0103dirii S\u0103lii de atletism \u201eIoan Soter\u201d din cadrul Complexului Sportiv Na\u0163ional \u201eLia Manoliu\u201d Bucure\u0219ti, iar 112,84 milioane de lei vor fi distribui\u021bi municipiului Buz\u0103u pentru consolidarea \u0219i reabilitarea energetic\u0103 a patru blocuri de locuin\u021be din zona central\u0103 a ora\u0219ului.\u00a0<\/p>\n\n\n\n<p>Teatrul Municipal din Baia Mare va primi 75,78 milioane de lei pentru reabilitare \u0219i modernizare, iar municipiul Tulcea va primi peste 34 de milioane de lei pentru consolidarea, modernizarea \u0219i reabilitarea \u0218colii Profesionale \u201eDanubius\u201d \u0219i a Colegiului Economic \u201eDelta Dun\u0103rii\u201d. Peste 2,2 milioane de lei vor fi alocate pentru consolidarea \u0219i eficientizarea energetic\u0103 a Liceului Tehnologic \u201eNicolae Titulescu\u201d din Medgidia (jud. Constan\u021ba), iar ora\u0219ul Babadag (jud. Tulcea) va primi peste 42 de milioane de lei \u00een vederea moderniz\u0103rii Gr\u0103dini\u021bei cu program prelungit, a \u0218colii Gimnaziale \u201eConstantin Br\u00e2ncoveanu\u201d \u0219i a unui bloc de locuin\u021be.<\/p>\n\n\n\n<p>Consiliul Jude\u021bean Arge\u0219 va beneficia de aproape 37 de milioane de lei pentru consolidarea \u0219i reabilitarea Corpului C3 al Centrului de Diagnostic \u0219i Tratament Pite\u0219ti, iar municipiul Sf\u00e2ntu Gheorghe (jud. Covasna) va primi 47,49 milioane de lei pentru consolidarea \u0219i eficientizarea energetic\u0103 a corpurilor de cl\u0103dire C \u0219i D la Liceul Teoretic \u201eMikes Kelemen\u201d.<\/p>\n\n\n\n<p>De asemenea, comuna Miroslava (jud. Ia\u0219i) are alocat\u0103 suma de 20 milioane de lei pentru reabilitarea, modernizarea \u0219i dotarea a dou\u0103 corpuri de cl\u0103dire ale Centrului reziden\u021bial pentru persoane cu dizabilit\u0103\u021bi \u0219i v\u00e2rstnici, \u0219coala gimnazial\u0103 din comuna Ulmeni (jud. C\u0103l\u0103ra\u0219i) va beneficia de 7,7 milioane de lei pentru renovare integrat\u0103, Liceul Tehnologic din comuna Bustuchin (jud. Gorj) va fi consolidat \u0219i reabilitat cu suma de 11 milioane de lei, iar Liceul Teoretic \u201eIon Gh. Ro\u0219ca\u201d din comuna Osica de Sus (jud. Olt) va primi aproape 20 milioane de lei pentru renovare integrat\u0103.<\/p>\n\n\n\n<figure class=\"wp-block-image size-large\"><img loading=\"lazy\" decoding=\"async\" width=\"1024\" height=\"683\" src=\"https:\/\/covasna45.ro\/wp-content\/uploads\/2025\/07\/Cseke-Attila-1024x683.jpg\" alt=\"\" class=\"wp-image-12150\" srcset=\"https:\/\/covasna45.ro\/wp-content\/uploads\/2025\/07\/Cseke-Attila-1024x683.jpg 1024w, https:\/\/covasna45.ro\/wp-content\/uploads\/2025\/07\/Cseke-Attila-300x200.jpg 300w, https:\/\/covasna45.ro\/wp-content\/uploads\/2025\/07\/Cseke-Attila-768x512.jpg 768w, https:\/\/covasna45.ro\/wp-content\/uploads\/2025\/07\/Cseke-Attila-150x100.jpg 150w, https:\/\/covasna45.ro\/wp-content\/uploads\/2025\/07\/Cseke-Attila-696x464.jpg 696w, https:\/\/covasna45.ro\/wp-content\/uploads\/2025\/07\/Cseke-Attila-1068x712.jpg 1068w, https:\/\/covasna45.ro\/wp-content\/uploads\/2025\/07\/Cseke-Attila.jpg 1350w\" sizes=\"auto, (max-width: 1024px) 100vw, 1024px\" \/><\/figure>\n\n\n\n<p>\u201e<strong><em>Lucr\u0103m pentru cre\u0219terea comunit\u0103\u021bilor noastre, pentru dezvoltarea a\u0219ez\u0103rilor noastre \u0219i ap\u0103r\u0103m \u00een mod constant interesele comunit\u0103\u021bii maghiare. De aceea, ne-am asumat un rol guvernamental. Construim \u0219i ne dezvolt\u0103m chiar \u0219i \u00een mijlocul unei situa\u021bii financiare dificile \u0219i al restric\u021biilor<\/em><\/strong>\u201d,\u00a0a subliniat <a href=\"https:\/\/covasna45.ro\/index.php\/lumea-noastra\/cseke-attila-a-finalizat-pachetul-de-masuri-privind-reforma-administrativa\/\">Attila Cseke<\/a>, conform <a href=\"https:\/\/rmdsz.ro\/aktualis\/hirek\/RMDSZ-Felujitjuk-a-sepsiszentgyorgyi-Mikes-Kelemen-Elmeleti-Liceum-epuleteit-es-a-Nagybanyai-Varosi-Szinhazat?fbclid=IwY2xjawMt4gdleHRuA2FlbQIxMABicmlkETEya3RxME1qOFd5TnR0ck9lAR7MSLbnpTFjU49FIXzqc_IrdSCqvrKssdivNeV__AN1igMiQfC_g0HMaALkWA_aem_dNyjOrS27R8IsnivCSxuQw\">site-ului<\/a> UDMR.<\/p>\n\n\n\n<p>\u00cen ceea ce prive\u0219te liceul din Sf\u00e2ntu Gheorghe, lucr\u0103rile vor consolida structura de sus\u021binere a cl\u0103dirilor, le vor face rezistente la cutremur \u0219i vor \u00eembun\u0103t\u0103\u021bi eficien\u021ba energetic\u0103.<\/p>\n","protected":false},"excerpt":{"rendered":"<p>Cl\u0103dirile C \u0219i D ale Liceului \u201eMikes Kelemen\u201d din Sf\u00e2ntu Gheorghe vor fi renovate cu sprijinul Ministerului Dezvolt\u0103rii, a anun\u021bat Cseke Attila. Finan\u021barea provine din Programul na\u021bional de consolidare a cl\u0103dirilor cu risc seismic ridicat, pentru care ministerul aloc\u0103 \u00een total 487.536.258,91 de lei. 20 de obiective din \u021bar\u0103 au fost selectate pentru finan\u021bare. Astfel, [&hellip;]<\/p>\n","protected":false},"author":1,"featured_media":12961,"comment_status":"open","ping_status":"closed","sticky":false,"template":"","format":"standard","meta":{"tdm_status":"","tdm_grid_status":"","footnotes":""},"categories":[14],"tags":[322,1081,2635],"class_list":{"0":"post-12960","1":"post","2":"type-post","3":"status-publish","4":"format-standard","5":"has-post-thumbnail","7":"category-lumea-noastra","8":"tag-cseke-attila","9":"tag-mikes-kelemen","10":"tag-ministerul-dezvoltarii-2"},"yoast_head":"<!-- This site is optimized with the Yoast SEO plugin v27.5 - https:\/\/yoast.com\/product\/yoast-seo-wordpress\/ -->\n<title>Ministerul Dezvolt\u0103rii aloc\u0103 47 de milioane de lei pentru consolidarea Liceului \u201eMikes Kelemen\u201d - Covasna45<\/title>\n<meta name=\"description\" content=\"Finan\u021barea provine din Programul na\u021bional de consolidare a cl\u0103dirilor cu risc seismic ridicat \u0219i are \u00een vedere 20 de obiective.\" \/>\n<meta name=\"robots\" content=\"index, follow, max-snippet:-1, max-image-preview:large, max-video-preview:-1\" \/>\n<link rel=\"canonical\" href=\"https:\/\/covasna45.ro\/index.php\/lumea-noastra\/ministerul-dezvoltarii-aloca-47-de-milioane-de-lei-pentru-consolidarea-liceului-mikes-kelemen\/\" \/>\n<meta property=\"og:locale\" content=\"ro_RO\" \/>\n<meta property=\"og:type\" content=\"article\" \/>\n<meta property=\"og:title\" content=\"Ministerul Dezvolt\u0103rii aloc\u0103 47 de milioane de lei pentru consolidarea Liceului \u201eMikes Kelemen\u201d - Covasna45\" \/>\n<meta property=\"og:description\" content=\"Finan\u021barea provine din Programul na\u021bional de consolidare a cl\u0103dirilor cu risc seismic ridicat \u0219i are \u00een vedere 20 de obiective.\" \/>\n<meta property=\"og:url\" content=\"https:\/\/covasna45.ro\/index.php\/lumea-noastra\/ministerul-dezvoltarii-aloca-47-de-milioane-de-lei-pentru-consolidarea-liceului-mikes-kelemen\/\" \/>\n<meta property=\"og:site_name\" content=\"Covasna45\" \/>\n<meta property=\"article:published_time\" content=\"2025-09-10T05:03:42+00:00\" \/>\n<meta property=\"article:modified_time\" content=\"2025-09-10T05:03:43+00:00\" \/>\n<meta property=\"og:image\" content=\"https:\/\/covasna45.ro\/wp-content\/uploads\/2025\/09\/liceul-mk.jpg\" \/>\n\t<meta property=\"og:image:width\" content=\"1160\" \/>\n\t<meta property=\"og:image:height\" content=\"661\" \/>\n\t<meta property=\"og:image:type\" content=\"image\/jpeg\" \/>\n<meta name=\"author\" content=\"Covasna45\" \/>\n<meta name=\"twitter:card\" content=\"summary_large_image\" \/>\n<meta name=\"twitter:label1\" content=\"Scris de\" \/>\n\t<meta name=\"twitter:data1\" content=\"Covasna45\" \/>\n\t<meta name=\"twitter:label2\" content=\"Timp estimat pentru citire\" \/>\n\t<meta name=\"twitter:data2\" content=\"3 minute\" \/>\n<script type=\"application\/ld+json\" class=\"yoast-schema-graph\">{\"@context\":\"https:\\\/\\\/schema.org\",\"@graph\":[{\"@type\":\"Article\",\"@id\":\"https:\\\/\\\/covasna45.ro\\\/index.php\\\/lumea-noastra\\\/ministerul-dezvoltarii-aloca-47-de-milioane-de-lei-pentru-consolidarea-liceului-mikes-kelemen\\\/#article\",\"isPartOf\":{\"@id\":\"https:\\\/\\\/covasna45.ro\\\/index.php\\\/lumea-noastra\\\/ministerul-dezvoltarii-aloca-47-de-milioane-de-lei-pentru-consolidarea-liceului-mikes-kelemen\\\/\"},\"author\":{\"name\":\"Covasna45\",\"@id\":\"https:\\\/\\\/covasna45.ro\\\/#\\\/schema\\\/person\\\/e674052bd7d95d70bbb007a1060ab73c\"},\"headline\":\"Ministerul Dezvolt\u0103rii aloc\u0103 47 de milioane de lei pentru consolidarea Liceului \u201eMikes Kelemen\u201d\",\"datePublished\":\"2025-09-10T05:03:42+00:00\",\"dateModified\":\"2025-09-10T05:03:43+00:00\",\"mainEntityOfPage\":{\"@id\":\"https:\\\/\\\/covasna45.ro\\\/index.php\\\/lumea-noastra\\\/ministerul-dezvoltarii-aloca-47-de-milioane-de-lei-pentru-consolidarea-liceului-mikes-kelemen\\\/\"},\"wordCount\":482,\"commentCount\":0,\"publisher\":{\"@id\":\"https:\\\/\\\/covasna45.ro\\\/#organization\"},\"image\":{\"@id\":\"https:\\\/\\\/covasna45.ro\\\/index.php\\\/lumea-noastra\\\/ministerul-dezvoltarii-aloca-47-de-milioane-de-lei-pentru-consolidarea-liceului-mikes-kelemen\\\/#primaryimage\"},\"thumbnailUrl\":\"https:\\\/\\\/covasna45.ro\\\/wp-content\\\/uploads\\\/2025\\\/09\\\/liceul-mk.jpg\",\"keywords\":[\"Cseke Attila\",\"Mikes Kelemen\",\"ministerul dezvoltarii\"],\"articleSection\":[\"Lumea noastr\u0103\"],\"inLanguage\":\"ro-RO\",\"potentialAction\":[{\"@type\":\"CommentAction\",\"name\":\"Comment\",\"target\":[\"https:\\\/\\\/covasna45.ro\\\/index.php\\\/lumea-noastra\\\/ministerul-dezvoltarii-aloca-47-de-milioane-de-lei-pentru-consolidarea-liceului-mikes-kelemen\\\/#respond\"]}]},{\"@type\":\"WebPage\",\"@id\":\"https:\\\/\\\/covasna45.ro\\\/index.php\\\/lumea-noastra\\\/ministerul-dezvoltarii-aloca-47-de-milioane-de-lei-pentru-consolidarea-liceului-mikes-kelemen\\\/\",\"url\":\"https:\\\/\\\/covasna45.ro\\\/index.php\\\/lumea-noastra\\\/ministerul-dezvoltarii-aloca-47-de-milioane-de-lei-pentru-consolidarea-liceului-mikes-kelemen\\\/\",\"name\":\"Ministerul Dezvolt\u0103rii aloc\u0103 47 de milioane de lei pentru consolidarea Liceului \u201eMikes Kelemen\u201d - Covasna45\",\"isPartOf\":{\"@id\":\"https:\\\/\\\/covasna45.ro\\\/#website\"},\"primaryImageOfPage\":{\"@id\":\"https:\\\/\\\/covasna45.ro\\\/index.php\\\/lumea-noastra\\\/ministerul-dezvoltarii-aloca-47-de-milioane-de-lei-pentru-consolidarea-liceului-mikes-kelemen\\\/#primaryimage\"},\"image\":{\"@id\":\"https:\\\/\\\/covasna45.ro\\\/index.php\\\/lumea-noastra\\\/ministerul-dezvoltarii-aloca-47-de-milioane-de-lei-pentru-consolidarea-liceului-mikes-kelemen\\\/#primaryimage\"},\"thumbnailUrl\":\"https:\\\/\\\/covasna45.ro\\\/wp-content\\\/uploads\\\/2025\\\/09\\\/liceul-mk.jpg\",\"datePublished\":\"2025-09-10T05:03:42+00:00\",\"dateModified\":\"2025-09-10T05:03:43+00:00\",\"description\":\"Finan\u021barea provine din Programul na\u021bional de consolidare a cl\u0103dirilor cu risc seismic ridicat \u0219i are \u00een vedere 20 de obiective.\",\"breadcrumb\":{\"@id\":\"https:\\\/\\\/covasna45.ro\\\/index.php\\\/lumea-noastra\\\/ministerul-dezvoltarii-aloca-47-de-milioane-de-lei-pentru-consolidarea-liceului-mikes-kelemen\\\/#breadcrumb\"},\"inLanguage\":\"ro-RO\",\"potentialAction\":[{\"@type\":\"ReadAction\",\"target\":[\"https:\\\/\\\/covasna45.ro\\\/index.php\\\/lumea-noastra\\\/ministerul-dezvoltarii-aloca-47-de-milioane-de-lei-pentru-consolidarea-liceului-mikes-kelemen\\\/\"]}]},{\"@type\":\"ImageObject\",\"inLanguage\":\"ro-RO\",\"@id\":\"https:\\\/\\\/covasna45.ro\\\/index.php\\\/lumea-noastra\\\/ministerul-dezvoltarii-aloca-47-de-milioane-de-lei-pentru-consolidarea-liceului-mikes-kelemen\\\/#primaryimage\",\"url\":\"https:\\\/\\\/covasna45.ro\\\/wp-content\\\/uploads\\\/2025\\\/09\\\/liceul-mk.jpg\",\"contentUrl\":\"https:\\\/\\\/covasna45.ro\\\/wp-content\\\/uploads\\\/2025\\\/09\\\/liceul-mk.jpg\",\"width\":1160,\"height\":661},{\"@type\":\"BreadcrumbList\",\"@id\":\"https:\\\/\\\/covasna45.ro\\\/index.php\\\/lumea-noastra\\\/ministerul-dezvoltarii-aloca-47-de-milioane-de-lei-pentru-consolidarea-liceului-mikes-kelemen\\\/#breadcrumb\",\"itemListElement\":[{\"@type\":\"ListItem\",\"position\":1,\"name\":\"Prima pagin\u0103\",\"item\":\"https:\\\/\\\/covasna45.ro\\\/\"},{\"@type\":\"ListItem\",\"position\":2,\"name\":\"Ministerul Dezvolt\u0103rii aloc\u0103 47 de milioane de lei pentru consolidarea Liceului \u201eMikes Kelemen\u201d\"}]},{\"@type\":\"WebSite\",\"@id\":\"https:\\\/\\\/covasna45.ro\\\/#website\",\"url\":\"https:\\\/\\\/covasna45.ro\\\/\",\"name\":\"covasna45.ro\",\"description\":\"\",\"publisher\":{\"@id\":\"https:\\\/\\\/covasna45.ro\\\/#organization\"},\"potentialAction\":[{\"@type\":\"SearchAction\",\"target\":{\"@type\":\"EntryPoint\",\"urlTemplate\":\"https:\\\/\\\/covasna45.ro\\\/?s={search_term_string}\"},\"query-input\":{\"@type\":\"PropertyValueSpecification\",\"valueRequired\":true,\"valueName\":\"search_term_string\"}}],\"inLanguage\":\"ro-RO\"},{\"@type\":\"Organization\",\"@id\":\"https:\\\/\\\/covasna45.ro\\\/#organization\",\"name\":\"covasna45.ro\",\"url\":\"https:\\\/\\\/covasna45.ro\\\/\",\"logo\":{\"@type\":\"ImageObject\",\"inLanguage\":\"ro-RO\",\"@id\":\"https:\\\/\\\/covasna45.ro\\\/#\\\/schema\\\/logo\\\/image\\\/\",\"url\":\"https:\\\/\\\/covasna45.ro\\\/wp-content\\\/uploads\\\/2023\\\/01\\\/icon_logo.png\",\"contentUrl\":\"https:\\\/\\\/covasna45.ro\\\/wp-content\\\/uploads\\\/2023\\\/01\\\/icon_logo.png\",\"width\":1900,\"height\":1900,\"caption\":\"covasna45.ro\"},\"image\":{\"@id\":\"https:\\\/\\\/covasna45.ro\\\/#\\\/schema\\\/logo\\\/image\\\/\"}},{\"@type\":\"Person\",\"@id\":\"https:\\\/\\\/covasna45.ro\\\/#\\\/schema\\\/person\\\/e674052bd7d95d70bbb007a1060ab73c\",\"name\":\"Covasna45\",\"image\":{\"@type\":\"ImageObject\",\"inLanguage\":\"ro-RO\",\"@id\":\"https:\\\/\\\/covasna45.ro\\\/wp-content\\\/uploads\\\/2025\\\/10\\\/icon_logo_covasna45-150x150.png\",\"url\":\"https:\\\/\\\/covasna45.ro\\\/wp-content\\\/uploads\\\/2025\\\/10\\\/icon_logo_covasna45-150x150.png\",\"contentUrl\":\"https:\\\/\\\/covasna45.ro\\\/wp-content\\\/uploads\\\/2025\\\/10\\\/icon_logo_covasna45-150x150.png\",\"caption\":\"Covasna45\"},\"sameAs\":[\"https:\\\/\\\/covasna45.ro\"],\"url\":\"https:\\\/\\\/covasna45.ro\\\/index.php\\\/author\\\/covasna\\\/\"}]}<\/script>\n<!-- \/ Yoast SEO plugin. -->","yoast_head_json":{"title":"Ministerul Dezvolt\u0103rii aloc\u0103 47 de milioane de lei pentru consolidarea Liceului \u201eMikes Kelemen\u201d - Covasna45","description":"Finan\u021barea provine din Programul na\u021bional de consolidare a cl\u0103dirilor cu risc seismic ridicat \u0219i are \u00een vedere 20 de obiective.","robots":{"index":"index","follow":"follow","max-snippet":"max-snippet:-1","max-image-preview":"max-image-preview:large","max-video-preview":"max-video-preview:-1"},"canonical":"https:\/\/covasna45.ro\/index.php\/lumea-noastra\/ministerul-dezvoltarii-aloca-47-de-milioane-de-lei-pentru-consolidarea-liceului-mikes-kelemen\/","og_locale":"ro_RO","og_type":"article","og_title":"Ministerul Dezvolt\u0103rii aloc\u0103 47 de milioane de lei pentru consolidarea Liceului \u201eMikes Kelemen\u201d - Covasna45","og_description":"Finan\u021barea provine din Programul na\u021bional de consolidare a cl\u0103dirilor cu risc seismic ridicat \u0219i are \u00een vedere 20 de obiective.","og_url":"https:\/\/covasna45.ro\/index.php\/lumea-noastra\/ministerul-dezvoltarii-aloca-47-de-milioane-de-lei-pentru-consolidarea-liceului-mikes-kelemen\/","og_site_name":"Covasna45","article_published_time":"2025-09-10T05:03:42+00:00","article_modified_time":"2025-09-10T05:03:43+00:00","og_image":[{"width":1160,"height":661,"url":"https:\/\/covasna45.ro\/wp-content\/uploads\/2025\/09\/liceul-mk.jpg","type":"image\/jpeg"}],"author":"Covasna45","twitter_card":"summary_large_image","twitter_misc":{"Scris de":"Covasna45","Timp estimat pentru citire":"3 minute"},"schema":{"@context":"https:\/\/schema.org","@graph":[{"@type":"Article","@id":"https:\/\/covasna45.ro\/index.php\/lumea-noastra\/ministerul-dezvoltarii-aloca-47-de-milioane-de-lei-pentru-consolidarea-liceului-mikes-kelemen\/#article","isPartOf":{"@id":"https:\/\/covasna45.ro\/index.php\/lumea-noastra\/ministerul-dezvoltarii-aloca-47-de-milioane-de-lei-pentru-consolidarea-liceului-mikes-kelemen\/"},"author":{"name":"Covasna45","@id":"https:\/\/covasna45.ro\/#\/schema\/person\/e674052bd7d95d70bbb007a1060ab73c"},"headline":"Ministerul Dezvolt\u0103rii aloc\u0103 47 de milioane de lei pentru consolidarea Liceului \u201eMikes Kelemen\u201d","datePublished":"2025-09-10T05:03:42+00:00","dateModified":"2025-09-10T05:03:43+00:00","mainEntityOfPage":{"@id":"https:\/\/covasna45.ro\/index.php\/lumea-noastra\/ministerul-dezvoltarii-aloca-47-de-milioane-de-lei-pentru-consolidarea-liceului-mikes-kelemen\/"},"wordCount":482,"commentCount":0,"publisher":{"@id":"https:\/\/covasna45.ro\/#organization"},"image":{"@id":"https:\/\/covasna45.ro\/index.php\/lumea-noastra\/ministerul-dezvoltarii-aloca-47-de-milioane-de-lei-pentru-consolidarea-liceului-mikes-kelemen\/#primaryimage"},"thumbnailUrl":"https:\/\/covasna45.ro\/wp-content\/uploads\/2025\/09\/liceul-mk.jpg","keywords":["Cseke Attila","Mikes Kelemen","ministerul dezvoltarii"],"articleSection":["Lumea noastr\u0103"],"inLanguage":"ro-RO","potentialAction":[{"@type":"CommentAction","name":"Comment","target":["https:\/\/covasna45.ro\/index.php\/lumea-noastra\/ministerul-dezvoltarii-aloca-47-de-milioane-de-lei-pentru-consolidarea-liceului-mikes-kelemen\/#respond"]}]},{"@type":"WebPage","@id":"https:\/\/covasna45.ro\/index.php\/lumea-noastra\/ministerul-dezvoltarii-aloca-47-de-milioane-de-lei-pentru-consolidarea-liceului-mikes-kelemen\/","url":"https:\/\/covasna45.ro\/index.php\/lumea-noastra\/ministerul-dezvoltarii-aloca-47-de-milioane-de-lei-pentru-consolidarea-liceului-mikes-kelemen\/","name":"Ministerul Dezvolt\u0103rii aloc\u0103 47 de milioane de lei pentru consolidarea Liceului \u201eMikes Kelemen\u201d - Covasna45","isPartOf":{"@id":"https:\/\/covasna45.ro\/#website"},"primaryImageOfPage":{"@id":"https:\/\/covasna45.ro\/index.php\/lumea-noastra\/ministerul-dezvoltarii-aloca-47-de-milioane-de-lei-pentru-consolidarea-liceului-mikes-kelemen\/#primaryimage"},"image":{"@id":"https:\/\/covasna45.ro\/index.php\/lumea-noastra\/ministerul-dezvoltarii-aloca-47-de-milioane-de-lei-pentru-consolidarea-liceului-mikes-kelemen\/#primaryimage"},"thumbnailUrl":"https:\/\/covasna45.ro\/wp-content\/uploads\/2025\/09\/liceul-mk.jpg","datePublished":"2025-09-10T05:03:42+00:00","dateModified":"2025-09-10T05:03:43+00:00","description":"Finan\u021barea provine din Programul na\u021bional de consolidare a cl\u0103dirilor cu risc seismic ridicat \u0219i are \u00een vedere 20 de obiective.","breadcrumb":{"@id":"https:\/\/covasna45.ro\/index.php\/lumea-noastra\/ministerul-dezvoltarii-aloca-47-de-milioane-de-lei-pentru-consolidarea-liceului-mikes-kelemen\/#breadcrumb"},"inLanguage":"ro-RO","potentialAction":[{"@type":"ReadAction","target":["https:\/\/covasna45.ro\/index.php\/lumea-noastra\/ministerul-dezvoltarii-aloca-47-de-milioane-de-lei-pentru-consolidarea-liceului-mikes-kelemen\/"]}]},{"@type":"ImageObject","inLanguage":"ro-RO","@id":"https:\/\/covasna45.ro\/index.php\/lumea-noastra\/ministerul-dezvoltarii-aloca-47-de-milioane-de-lei-pentru-consolidarea-liceului-mikes-kelemen\/#primaryimage","url":"https:\/\/covasna45.ro\/wp-content\/uploads\/2025\/09\/liceul-mk.jpg","contentUrl":"https:\/\/covasna45.ro\/wp-content\/uploads\/2025\/09\/liceul-mk.jpg","width":1160,"height":661},{"@type":"BreadcrumbList","@id":"https:\/\/covasna45.ro\/index.php\/lumea-noastra\/ministerul-dezvoltarii-aloca-47-de-milioane-de-lei-pentru-consolidarea-liceului-mikes-kelemen\/#breadcrumb","itemListElement":[{"@type":"ListItem","position":1,"name":"Prima pagin\u0103","item":"https:\/\/covasna45.ro\/"},{"@type":"ListItem","position":2,"name":"Ministerul Dezvolt\u0103rii aloc\u0103 47 de milioane de lei pentru consolidarea Liceului \u201eMikes Kelemen\u201d"}]},{"@type":"WebSite","@id":"https:\/\/covasna45.ro\/#website","url":"https:\/\/covasna45.ro\/","name":"covasna45.ro","description":"","publisher":{"@id":"https:\/\/covasna45.ro\/#organization"},"potentialAction":[{"@type":"SearchAction","target":{"@type":"EntryPoint","urlTemplate":"https:\/\/covasna45.ro\/?s={search_term_string}"},"query-input":{"@type":"PropertyValueSpecification","valueRequired":true,"valueName":"search_term_string"}}],"inLanguage":"ro-RO"},{"@type":"Organization","@id":"https:\/\/covasna45.ro\/#organization","name":"covasna45.ro","url":"https:\/\/covasna45.ro\/","logo":{"@type":"ImageObject","inLanguage":"ro-RO","@id":"https:\/\/covasna45.ro\/#\/schema\/logo\/image\/","url":"https:\/\/covasna45.ro\/wp-content\/uploads\/2023\/01\/icon_logo.png","contentUrl":"https:\/\/covasna45.ro\/wp-content\/uploads\/2023\/01\/icon_logo.png","width":1900,"height":1900,"caption":"covasna45.ro"},"image":{"@id":"https:\/\/covasna45.ro\/#\/schema\/logo\/image\/"}},{"@type":"Person","@id":"https:\/\/covasna45.ro\/#\/schema\/person\/e674052bd7d95d70bbb007a1060ab73c","name":"Covasna45","image":{"@type":"ImageObject","inLanguage":"ro-RO","@id":"https:\/\/covasna45.ro\/wp-content\/uploads\/2025\/10\/icon_logo_covasna45-150x150.png","url":"https:\/\/covasna45.ro\/wp-content\/uploads\/2025\/10\/icon_logo_covasna45-150x150.png","contentUrl":"https:\/\/covasna45.ro\/wp-content\/uploads\/2025\/10\/icon_logo_covasna45-150x150.png","caption":"Covasna45"},"sameAs":["https:\/\/covasna45.ro"],"url":"https:\/\/covasna45.ro\/index.php\/author\/covasna\/"}]}},"_links":{"self":[{"href":"https:\/\/covasna45.ro\/index.php\/wp-json\/wp\/v2\/posts\/12960","targetHints":{"allow":["GET"]}}],"collection":[{"href":"https:\/\/covasna45.ro\/index.php\/wp-json\/wp\/v2\/posts"}],"about":[{"href":"https:\/\/covasna45.ro\/index.php\/wp-json\/wp\/v2\/types\/post"}],"author":[{"embeddable":true,"href":"https:\/\/covasna45.ro\/index.php\/wp-json\/wp\/v2\/users\/1"}],"replies":[{"embeddable":true,"href":"https:\/\/covasna45.ro\/index.php\/wp-json\/wp\/v2\/comments?post=12960"}],"version-history":[{"count":1,"href":"https:\/\/covasna45.ro\/index.php\/wp-json\/wp\/v2\/posts\/12960\/revisions"}],"predecessor-version":[{"id":12962,"href":"https:\/\/covasna45.ro\/index.php\/wp-json\/wp\/v2\/posts\/12960\/revisions\/12962"}],"wp:featuredmedia":[{"embeddable":true,"href":"https:\/\/covasna45.ro\/index.php\/wp-json\/wp\/v2\/media\/12961"}],"wp:attachment":[{"href":"https:\/\/covasna45.ro\/index.php\/wp-json\/wp\/v2\/media?parent=12960"}],"wp:term":[{"taxonomy":"category","embeddable":true,"href":"https:\/\/covasna45.ro\/index.php\/wp-json\/wp\/v2\/categories?post=12960"},{"taxonomy":"post_tag","embeddable":true,"href":"https:\/\/covasna45.ro\/index.php\/wp-json\/wp\/v2\/tags?post=12960"}],"curies":[{"name":"wp","href":"https:\/\/api.w.org\/{rel}","templated":true}]}}