{"id":12968,"date":"2025-09-11T07:49:46","date_gmt":"2025-09-11T05:49:46","guid":{"rendered":"https:\/\/covasna45.ro\/?p=12968"},"modified":"2025-09-11T07:50:00","modified_gmt":"2025-09-11T05:50:00","slug":"comentatorul-conservator-american-charlie-kirk-impuscat-trump-acuza-stanga-radicala","status":"publish","type":"post","link":"https:\/\/covasna45.ro\/index.php\/lumea-larga\/comentatorul-conservator-american-charlie-kirk-impuscat-trump-acuza-stanga-radicala\/","title":{"rendered":"Comentatorul conservator american Charlie Kirk, \u00eempu\u0219cat.Trump acuz\u0103 \u201est\u00e2nga radical\u0103\u201d"},"content":{"rendered":"\n<p>Comentatorul conservator american Charlie Kirk a fost \u00eempu\u0219cat mortal ieri, \u00een cursul unui eveniment organizat la Utah Valley University din Orem, statul Utah.<\/p>\n\n\n\n<p>Pre\u0219edintele american Donald Trump a acuzat discursul \u201est\u00e2ngii radicale\u201d pentru c\u0103 a contribuit la \u00eempu\u0219carea unuia dintre alia\u021bii s\u0103i politici fideli. El l-a numit pe Kirk \u201emartir al adev\u0103rului \u0219i libert\u0103\u021bii\u201d, noteaz\u0103 AFP, citat\u0103 de <a href=\"https:\/\/agerpres.ro\/politic-extern\/2025\/09\/10\/update-sua-comentatorul-conservator-charlie-kirk-impuscat-mortal-trump-anunta-doliu-national--1483191\">Agerpres.<\/a><\/p>\n\n\n\n<p>Charlie Kirk \u015fi grupul pe care l-a cofondat, Turning Point USA, cea mai mare organiza\u0163ie conservatoare de tineret din \u0163ar\u0103, au jucat un rol-cheie \u00een mobilizarea tinerilor aleg\u0103tori \u00een favoarea lui Trump la <a href=\"https:\/\/covasna45.ro\/index.php\/lumea-larga\/donald-trump-ales-presedinte-al-sua-incepe-o-epoca-de-aur-pentru-america\/\">alegerile<\/a> din noiembrie.<\/p>\n\n\n\n<p>Dup\u0103 ce a c\u00e2\u015ftigat al doilea mandat preziden\u0163ial, Trump i-a mul\u0163umit lui Kirk pentru mobilizarea tinerilor \u015fi a aleg\u0103torilor de culoare \u00een sprijinul campaniei sale. \u201eA\u0163i avut armatele de baz\u0103 ale Turning Point\u201d, a spus Trump la un miting \u00een Phoenix, \u00een decembrie. \u201eNu este victoria mea, este victoria voastr\u0103\u201d, a ad\u0103ugat pre\u015fedintele.<\/p>\n\n\n\n<p>Kirk avea 5,3 milioane de urm\u0103ritori pe X \u015fi prezenta un podcast \u015fi un program radio popular, \u201eThe Charlie Kirk Show\u201d. De asemenea, recent a fost co-prezentator al emisiunii \u201eFox &amp; Friends\u201d de la Fox News.<\/p>\n\n\n\n<p>\u201eAdministra\u021bia mea \u00eei va urm\u0103ri pe to\u021bi cei care au contribuit la aceast\u0103 atrocitate \u0219i la toate celelalte violen\u021be politice, inclusiv organiza\u021biile care le finan\u021beaz\u0103 \u0219i le sus\u021bin\u201d, a afirmat el.<br>\u201eDe ani de zile, st\u00e2nga radical\u0103 \u00eei compar\u0103 pe marii americani precum Charlie cu nazi\u0219tii \u0219i cu cei mai r\u0103i criminali \u0219i uciga\u0219i \u00een mas\u0103 din lume. Acest tip de retoric\u0103 este direct responsabil\u0103 pentru terorismul pe care \u00eel tr\u0103im ast\u0103zi \u00een \u021bara noastr\u0103 \u0219i asta trebuie s\u0103 \u00eenceteze imediat\u201d, a acuzat pre\u0219edintele american \u00eentr-un&nbsp;videoclip postat pe re\u021beaua sa, Truth Social.<\/p>\n","protected":false},"excerpt":{"rendered":"<p>Comentatorul conservator american Charlie Kirk a fost \u00eempu\u0219cat mortal ieri, \u00een cursul unui eveniment organizat la Utah Valley University din Orem, statul Utah. Pre\u0219edintele american Donald Trump a acuzat discursul \u201est\u00e2ngii radicale\u201d pentru c\u0103 a contribuit la \u00eempu\u0219carea unuia dintre alia\u021bii s\u0103i politici fideli. El l-a numit pe Kirk \u201emartir al adev\u0103rului \u0219i libert\u0103\u021bii\u201d, noteaz\u0103 [&hellip;]<\/p>\n","protected":false},"author":1,"featured_media":12971,"comment_status":"open","ping_status":"closed","sticky":false,"template":"","format":"standard","meta":{"tdm_status":"","tdm_grid_status":"","footnotes":""},"categories":[10],"tags":[3912,339,275],"class_list":{"0":"post-12968","1":"post","2":"type-post","3":"status-publish","4":"format-standard","5":"has-post-thumbnail","7":"category-lumea-larga","8":"tag-charlie-kirik","9":"tag-donald-trump","10":"tag-sua"},"yoast_head":"<!-- This site is optimized with the Yoast SEO plugin v27.5 - https:\/\/yoast.com\/product\/yoast-seo-wordpress\/ -->\n<title>Comentatorul conservator american Charlie Kirk, \u00eempu\u0219cat.Trump acuz\u0103 \u201est\u00e2nga radical\u0103\u201d - Covasna45<\/title>\n<meta name=\"description\" content=\"Kirk avea 5,3 milioane de urm\u0103ritori pe X \u015fi prezenta un podcast \u015fi un program radio popular.\" \/>\n<meta name=\"robots\" content=\"index, follow, max-snippet:-1, max-image-preview:large, max-video-preview:-1\" \/>\n<link rel=\"canonical\" href=\"https:\/\/covasna45.ro\/index.php\/lumea-larga\/comentatorul-conservator-american-charlie-kirk-impuscat-trump-acuza-stanga-radicala\/\" \/>\n<meta property=\"og:locale\" content=\"ro_RO\" \/>\n<meta property=\"og:type\" content=\"article\" \/>\n<meta property=\"og:title\" content=\"Comentatorul conservator american Charlie Kirk, \u00eempu\u0219cat.Trump acuz\u0103 \u201est\u00e2nga radical\u0103\u201d - Covasna45\" \/>\n<meta property=\"og:description\" content=\"Kirk avea 5,3 milioane de urm\u0103ritori pe X \u015fi prezenta un podcast \u015fi un program radio popular.\" \/>\n<meta property=\"og:url\" content=\"https:\/\/covasna45.ro\/index.php\/lumea-larga\/comentatorul-conservator-american-charlie-kirk-impuscat-trump-acuza-stanga-radicala\/\" \/>\n<meta property=\"og:site_name\" content=\"Covasna45\" \/>\n<meta property=\"article:published_time\" content=\"2025-09-11T05:49:46+00:00\" \/>\n<meta property=\"article:modified_time\" content=\"2025-09-11T05:50:00+00:00\" \/>\n<meta property=\"og:image\" content=\"https:\/\/covasna45.ro\/wp-content\/uploads\/2025\/09\/c-kirk.jpg\" \/>\n\t<meta property=\"og:image:width\" content=\"1694\" \/>\n\t<meta property=\"og:image:height\" content=\"1064\" \/>\n\t<meta property=\"og:image:type\" content=\"image\/jpeg\" \/>\n<meta name=\"author\" content=\"Covasna45\" \/>\n<meta name=\"twitter:card\" content=\"summary_large_image\" \/>\n<meta name=\"twitter:label1\" content=\"Scris de\" \/>\n\t<meta name=\"twitter:data1\" content=\"Covasna45\" \/>\n\t<meta name=\"twitter:label2\" content=\"Timp estimat pentru citire\" \/>\n\t<meta name=\"twitter:data2\" content=\"2 minute\" \/>\n<script type=\"application\/ld+json\" class=\"yoast-schema-graph\">{\"@context\":\"https:\\\/\\\/schema.org\",\"@graph\":[{\"@type\":\"Article\",\"@id\":\"https:\\\/\\\/covasna45.ro\\\/index.php\\\/lumea-larga\\\/comentatorul-conservator-american-charlie-kirk-impuscat-trump-acuza-stanga-radicala\\\/#article\",\"isPartOf\":{\"@id\":\"https:\\\/\\\/covasna45.ro\\\/index.php\\\/lumea-larga\\\/comentatorul-conservator-american-charlie-kirk-impuscat-trump-acuza-stanga-radicala\\\/\"},\"author\":{\"name\":\"Covasna45\",\"@id\":\"https:\\\/\\\/covasna45.ro\\\/#\\\/schema\\\/person\\\/e674052bd7d95d70bbb007a1060ab73c\"},\"headline\":\"Comentatorul conservator american Charlie Kirk, \u00eempu\u0219cat.Trump acuz\u0103 \u201est\u00e2nga radical\u0103\u201d\",\"datePublished\":\"2025-09-11T05:49:46+00:00\",\"dateModified\":\"2025-09-11T05:50:00+00:00\",\"mainEntityOfPage\":{\"@id\":\"https:\\\/\\\/covasna45.ro\\\/index.php\\\/lumea-larga\\\/comentatorul-conservator-american-charlie-kirk-impuscat-trump-acuza-stanga-radicala\\\/\"},\"wordCount\":322,\"commentCount\":0,\"publisher\":{\"@id\":\"https:\\\/\\\/covasna45.ro\\\/#organization\"},\"image\":{\"@id\":\"https:\\\/\\\/covasna45.ro\\\/index.php\\\/lumea-larga\\\/comentatorul-conservator-american-charlie-kirk-impuscat-trump-acuza-stanga-radicala\\\/#primaryimage\"},\"thumbnailUrl\":\"https:\\\/\\\/covasna45.ro\\\/wp-content\\\/uploads\\\/2025\\\/09\\\/c-kirk.jpg\",\"keywords\":[\"Charlie Kirik\",\"Donald Trump\",\"SUA\"],\"articleSection\":[\"Lumea larg\u0103\"],\"inLanguage\":\"ro-RO\",\"potentialAction\":[{\"@type\":\"CommentAction\",\"name\":\"Comment\",\"target\":[\"https:\\\/\\\/covasna45.ro\\\/index.php\\\/lumea-larga\\\/comentatorul-conservator-american-charlie-kirk-impuscat-trump-acuza-stanga-radicala\\\/#respond\"]}]},{\"@type\":\"WebPage\",\"@id\":\"https:\\\/\\\/covasna45.ro\\\/index.php\\\/lumea-larga\\\/comentatorul-conservator-american-charlie-kirk-impuscat-trump-acuza-stanga-radicala\\\/\",\"url\":\"https:\\\/\\\/covasna45.ro\\\/index.php\\\/lumea-larga\\\/comentatorul-conservator-american-charlie-kirk-impuscat-trump-acuza-stanga-radicala\\\/\",\"name\":\"Comentatorul conservator american Charlie Kirk, \u00eempu\u0219cat.Trump acuz\u0103 \u201est\u00e2nga radical\u0103\u201d - Covasna45\",\"isPartOf\":{\"@id\":\"https:\\\/\\\/covasna45.ro\\\/#website\"},\"primaryImageOfPage\":{\"@id\":\"https:\\\/\\\/covasna45.ro\\\/index.php\\\/lumea-larga\\\/comentatorul-conservator-american-charlie-kirk-impuscat-trump-acuza-stanga-radicala\\\/#primaryimage\"},\"image\":{\"@id\":\"https:\\\/\\\/covasna45.ro\\\/index.php\\\/lumea-larga\\\/comentatorul-conservator-american-charlie-kirk-impuscat-trump-acuza-stanga-radicala\\\/#primaryimage\"},\"thumbnailUrl\":\"https:\\\/\\\/covasna45.ro\\\/wp-content\\\/uploads\\\/2025\\\/09\\\/c-kirk.jpg\",\"datePublished\":\"2025-09-11T05:49:46+00:00\",\"dateModified\":\"2025-09-11T05:50:00+00:00\",\"description\":\"Kirk avea 5,3 milioane de urm\u0103ritori pe X \u015fi prezenta un podcast \u015fi un program radio popular.\",\"breadcrumb\":{\"@id\":\"https:\\\/\\\/covasna45.ro\\\/index.php\\\/lumea-larga\\\/comentatorul-conservator-american-charlie-kirk-impuscat-trump-acuza-stanga-radicala\\\/#breadcrumb\"},\"inLanguage\":\"ro-RO\",\"potentialAction\":[{\"@type\":\"ReadAction\",\"target\":[\"https:\\\/\\\/covasna45.ro\\\/index.php\\\/lumea-larga\\\/comentatorul-conservator-american-charlie-kirk-impuscat-trump-acuza-stanga-radicala\\\/\"]}]},{\"@type\":\"ImageObject\",\"inLanguage\":\"ro-RO\",\"@id\":\"https:\\\/\\\/covasna45.ro\\\/index.php\\\/lumea-larga\\\/comentatorul-conservator-american-charlie-kirk-impuscat-trump-acuza-stanga-radicala\\\/#primaryimage\",\"url\":\"https:\\\/\\\/covasna45.ro\\\/wp-content\\\/uploads\\\/2025\\\/09\\\/c-kirk.jpg\",\"contentUrl\":\"https:\\\/\\\/covasna45.ro\\\/wp-content\\\/uploads\\\/2025\\\/09\\\/c-kirk.jpg\",\"width\":1694,\"height\":1064},{\"@type\":\"BreadcrumbList\",\"@id\":\"https:\\\/\\\/covasna45.ro\\\/index.php\\\/lumea-larga\\\/comentatorul-conservator-american-charlie-kirk-impuscat-trump-acuza-stanga-radicala\\\/#breadcrumb\",\"itemListElement\":[{\"@type\":\"ListItem\",\"position\":1,\"name\":\"Prima pagin\u0103\",\"item\":\"https:\\\/\\\/covasna45.ro\\\/\"},{\"@type\":\"ListItem\",\"position\":2,\"name\":\"Comentatorul conservator american Charlie Kirk, \u00eempu\u0219cat.Trump acuz\u0103 \u201est\u00e2nga radical\u0103\u201d\"}]},{\"@type\":\"WebSite\",\"@id\":\"https:\\\/\\\/covasna45.ro\\\/#website\",\"url\":\"https:\\\/\\\/covasna45.ro\\\/\",\"name\":\"covasna45.ro\",\"description\":\"\",\"publisher\":{\"@id\":\"https:\\\/\\\/covasna45.ro\\\/#organization\"},\"potentialAction\":[{\"@type\":\"SearchAction\",\"target\":{\"@type\":\"EntryPoint\",\"urlTemplate\":\"https:\\\/\\\/covasna45.ro\\\/?s={search_term_string}\"},\"query-input\":{\"@type\":\"PropertyValueSpecification\",\"valueRequired\":true,\"valueName\":\"search_term_string\"}}],\"inLanguage\":\"ro-RO\"},{\"@type\":\"Organization\",\"@id\":\"https:\\\/\\\/covasna45.ro\\\/#organization\",\"name\":\"covasna45.ro\",\"url\":\"https:\\\/\\\/covasna45.ro\\\/\",\"logo\":{\"@type\":\"ImageObject\",\"inLanguage\":\"ro-RO\",\"@id\":\"https:\\\/\\\/covasna45.ro\\\/#\\\/schema\\\/logo\\\/image\\\/\",\"url\":\"https:\\\/\\\/covasna45.ro\\\/wp-content\\\/uploads\\\/2023\\\/01\\\/icon_logo.png\",\"contentUrl\":\"https:\\\/\\\/covasna45.ro\\\/wp-content\\\/uploads\\\/2023\\\/01\\\/icon_logo.png\",\"width\":1900,\"height\":1900,\"caption\":\"covasna45.ro\"},\"image\":{\"@id\":\"https:\\\/\\\/covasna45.ro\\\/#\\\/schema\\\/logo\\\/image\\\/\"}},{\"@type\":\"Person\",\"@id\":\"https:\\\/\\\/covasna45.ro\\\/#\\\/schema\\\/person\\\/e674052bd7d95d70bbb007a1060ab73c\",\"name\":\"Covasna45\",\"image\":{\"@type\":\"ImageObject\",\"inLanguage\":\"ro-RO\",\"@id\":\"https:\\\/\\\/covasna45.ro\\\/wp-content\\\/uploads\\\/2025\\\/10\\\/icon_logo_covasna45-150x150.png\",\"url\":\"https:\\\/\\\/covasna45.ro\\\/wp-content\\\/uploads\\\/2025\\\/10\\\/icon_logo_covasna45-150x150.png\",\"contentUrl\":\"https:\\\/\\\/covasna45.ro\\\/wp-content\\\/uploads\\\/2025\\\/10\\\/icon_logo_covasna45-150x150.png\",\"caption\":\"Covasna45\"},\"sameAs\":[\"https:\\\/\\\/covasna45.ro\"],\"url\":\"https:\\\/\\\/covasna45.ro\\\/index.php\\\/author\\\/covasna\\\/\"}]}<\/script>\n<!-- \/ Yoast SEO plugin. -->","yoast_head_json":{"title":"Comentatorul conservator american Charlie Kirk, \u00eempu\u0219cat.Trump acuz\u0103 \u201est\u00e2nga radical\u0103\u201d - Covasna45","description":"Kirk avea 5,3 milioane de urm\u0103ritori pe X \u015fi prezenta un podcast \u015fi un program radio popular.","robots":{"index":"index","follow":"follow","max-snippet":"max-snippet:-1","max-image-preview":"max-image-preview:large","max-video-preview":"max-video-preview:-1"},"canonical":"https:\/\/covasna45.ro\/index.php\/lumea-larga\/comentatorul-conservator-american-charlie-kirk-impuscat-trump-acuza-stanga-radicala\/","og_locale":"ro_RO","og_type":"article","og_title":"Comentatorul conservator american Charlie Kirk, \u00eempu\u0219cat.Trump acuz\u0103 \u201est\u00e2nga radical\u0103\u201d - Covasna45","og_description":"Kirk avea 5,3 milioane de urm\u0103ritori pe X \u015fi prezenta un podcast \u015fi un program radio popular.","og_url":"https:\/\/covasna45.ro\/index.php\/lumea-larga\/comentatorul-conservator-american-charlie-kirk-impuscat-trump-acuza-stanga-radicala\/","og_site_name":"Covasna45","article_published_time":"2025-09-11T05:49:46+00:00","article_modified_time":"2025-09-11T05:50:00+00:00","og_image":[{"width":1694,"height":1064,"url":"https:\/\/covasna45.ro\/wp-content\/uploads\/2025\/09\/c-kirk.jpg","type":"image\/jpeg"}],"author":"Covasna45","twitter_card":"summary_large_image","twitter_misc":{"Scris de":"Covasna45","Timp estimat pentru citire":"2 minute"},"schema":{"@context":"https:\/\/schema.org","@graph":[{"@type":"Article","@id":"https:\/\/covasna45.ro\/index.php\/lumea-larga\/comentatorul-conservator-american-charlie-kirk-impuscat-trump-acuza-stanga-radicala\/#article","isPartOf":{"@id":"https:\/\/covasna45.ro\/index.php\/lumea-larga\/comentatorul-conservator-american-charlie-kirk-impuscat-trump-acuza-stanga-radicala\/"},"author":{"name":"Covasna45","@id":"https:\/\/covasna45.ro\/#\/schema\/person\/e674052bd7d95d70bbb007a1060ab73c"},"headline":"Comentatorul conservator american Charlie Kirk, \u00eempu\u0219cat.Trump acuz\u0103 \u201est\u00e2nga radical\u0103\u201d","datePublished":"2025-09-11T05:49:46+00:00","dateModified":"2025-09-11T05:50:00+00:00","mainEntityOfPage":{"@id":"https:\/\/covasna45.ro\/index.php\/lumea-larga\/comentatorul-conservator-american-charlie-kirk-impuscat-trump-acuza-stanga-radicala\/"},"wordCount":322,"commentCount":0,"publisher":{"@id":"https:\/\/covasna45.ro\/#organization"},"image":{"@id":"https:\/\/covasna45.ro\/index.php\/lumea-larga\/comentatorul-conservator-american-charlie-kirk-impuscat-trump-acuza-stanga-radicala\/#primaryimage"},"thumbnailUrl":"https:\/\/covasna45.ro\/wp-content\/uploads\/2025\/09\/c-kirk.jpg","keywords":["Charlie Kirik","Donald Trump","SUA"],"articleSection":["Lumea larg\u0103"],"inLanguage":"ro-RO","potentialAction":[{"@type":"CommentAction","name":"Comment","target":["https:\/\/covasna45.ro\/index.php\/lumea-larga\/comentatorul-conservator-american-charlie-kirk-impuscat-trump-acuza-stanga-radicala\/#respond"]}]},{"@type":"WebPage","@id":"https:\/\/covasna45.ro\/index.php\/lumea-larga\/comentatorul-conservator-american-charlie-kirk-impuscat-trump-acuza-stanga-radicala\/","url":"https:\/\/covasna45.ro\/index.php\/lumea-larga\/comentatorul-conservator-american-charlie-kirk-impuscat-trump-acuza-stanga-radicala\/","name":"Comentatorul conservator american Charlie Kirk, \u00eempu\u0219cat.Trump acuz\u0103 \u201est\u00e2nga radical\u0103\u201d - Covasna45","isPartOf":{"@id":"https:\/\/covasna45.ro\/#website"},"primaryImageOfPage":{"@id":"https:\/\/covasna45.ro\/index.php\/lumea-larga\/comentatorul-conservator-american-charlie-kirk-impuscat-trump-acuza-stanga-radicala\/#primaryimage"},"image":{"@id":"https:\/\/covasna45.ro\/index.php\/lumea-larga\/comentatorul-conservator-american-charlie-kirk-impuscat-trump-acuza-stanga-radicala\/#primaryimage"},"thumbnailUrl":"https:\/\/covasna45.ro\/wp-content\/uploads\/2025\/09\/c-kirk.jpg","datePublished":"2025-09-11T05:49:46+00:00","dateModified":"2025-09-11T05:50:00+00:00","description":"Kirk avea 5,3 milioane de urm\u0103ritori pe X \u015fi prezenta un podcast \u015fi un program radio popular.","breadcrumb":{"@id":"https:\/\/covasna45.ro\/index.php\/lumea-larga\/comentatorul-conservator-american-charlie-kirk-impuscat-trump-acuza-stanga-radicala\/#breadcrumb"},"inLanguage":"ro-RO","potentialAction":[{"@type":"ReadAction","target":["https:\/\/covasna45.ro\/index.php\/lumea-larga\/comentatorul-conservator-american-charlie-kirk-impuscat-trump-acuza-stanga-radicala\/"]}]},{"@type":"ImageObject","inLanguage":"ro-RO","@id":"https:\/\/covasna45.ro\/index.php\/lumea-larga\/comentatorul-conservator-american-charlie-kirk-impuscat-trump-acuza-stanga-radicala\/#primaryimage","url":"https:\/\/covasna45.ro\/wp-content\/uploads\/2025\/09\/c-kirk.jpg","contentUrl":"https:\/\/covasna45.ro\/wp-content\/uploads\/2025\/09\/c-kirk.jpg","width":1694,"height":1064},{"@type":"BreadcrumbList","@id":"https:\/\/covasna45.ro\/index.php\/lumea-larga\/comentatorul-conservator-american-charlie-kirk-impuscat-trump-acuza-stanga-radicala\/#breadcrumb","itemListElement":[{"@type":"ListItem","position":1,"name":"Prima pagin\u0103","item":"https:\/\/covasna45.ro\/"},{"@type":"ListItem","position":2,"name":"Comentatorul conservator american Charlie Kirk, \u00eempu\u0219cat.Trump acuz\u0103 \u201est\u00e2nga radical\u0103\u201d"}]},{"@type":"WebSite","@id":"https:\/\/covasna45.ro\/#website","url":"https:\/\/covasna45.ro\/","name":"covasna45.ro","description":"","publisher":{"@id":"https:\/\/covasna45.ro\/#organization"},"potentialAction":[{"@type":"SearchAction","target":{"@type":"EntryPoint","urlTemplate":"https:\/\/covasna45.ro\/?s={search_term_string}"},"query-input":{"@type":"PropertyValueSpecification","valueRequired":true,"valueName":"search_term_string"}}],"inLanguage":"ro-RO"},{"@type":"Organization","@id":"https:\/\/covasna45.ro\/#organization","name":"covasna45.ro","url":"https:\/\/covasna45.ro\/","logo":{"@type":"ImageObject","inLanguage":"ro-RO","@id":"https:\/\/covasna45.ro\/#\/schema\/logo\/image\/","url":"https:\/\/covasna45.ro\/wp-content\/uploads\/2023\/01\/icon_logo.png","contentUrl":"https:\/\/covasna45.ro\/wp-content\/uploads\/2023\/01\/icon_logo.png","width":1900,"height":1900,"caption":"covasna45.ro"},"image":{"@id":"https:\/\/covasna45.ro\/#\/schema\/logo\/image\/"}},{"@type":"Person","@id":"https:\/\/covasna45.ro\/#\/schema\/person\/e674052bd7d95d70bbb007a1060ab73c","name":"Covasna45","image":{"@type":"ImageObject","inLanguage":"ro-RO","@id":"https:\/\/covasna45.ro\/wp-content\/uploads\/2025\/10\/icon_logo_covasna45-150x150.png","url":"https:\/\/covasna45.ro\/wp-content\/uploads\/2025\/10\/icon_logo_covasna45-150x150.png","contentUrl":"https:\/\/covasna45.ro\/wp-content\/uploads\/2025\/10\/icon_logo_covasna45-150x150.png","caption":"Covasna45"},"sameAs":["https:\/\/covasna45.ro"],"url":"https:\/\/covasna45.ro\/index.php\/author\/covasna\/"}]}},"_links":{"self":[{"href":"https:\/\/covasna45.ro\/index.php\/wp-json\/wp\/v2\/posts\/12968","targetHints":{"allow":["GET"]}}],"collection":[{"href":"https:\/\/covasna45.ro\/index.php\/wp-json\/wp\/v2\/posts"}],"about":[{"href":"https:\/\/covasna45.ro\/index.php\/wp-json\/wp\/v2\/types\/post"}],"author":[{"embeddable":true,"href":"https:\/\/covasna45.ro\/index.php\/wp-json\/wp\/v2\/users\/1"}],"replies":[{"embeddable":true,"href":"https:\/\/covasna45.ro\/index.php\/wp-json\/wp\/v2\/comments?post=12968"}],"version-history":[{"count":2,"href":"https:\/\/covasna45.ro\/index.php\/wp-json\/wp\/v2\/posts\/12968\/revisions"}],"predecessor-version":[{"id":12974,"href":"https:\/\/covasna45.ro\/index.php\/wp-json\/wp\/v2\/posts\/12968\/revisions\/12974"}],"wp:featuredmedia":[{"embeddable":true,"href":"https:\/\/covasna45.ro\/index.php\/wp-json\/wp\/v2\/media\/12971"}],"wp:attachment":[{"href":"https:\/\/covasna45.ro\/index.php\/wp-json\/wp\/v2\/media?parent=12968"}],"wp:term":[{"taxonomy":"category","embeddable":true,"href":"https:\/\/covasna45.ro\/index.php\/wp-json\/wp\/v2\/categories?post=12968"},{"taxonomy":"post_tag","embeddable":true,"href":"https:\/\/covasna45.ro\/index.php\/wp-json\/wp\/v2\/tags?post=12968"}],"curies":[{"name":"wp","href":"https:\/\/api.w.org\/{rel}","templated":true}]}}