{"id":12987,"date":"2025-09-11T13:32:17","date_gmt":"2025-09-11T11:32:17","guid":{"rendered":"https:\/\/covasna45.ro\/?p=12987"},"modified":"2025-09-11T13:35:50","modified_gmt":"2025-09-11T11:35:50","slug":"best-of-sepsi-2025-primaria-sfantu-gheorghe-premiaza-eroii-de-zi-cu-zi-ai-orasului","status":"publish","type":"post","link":"https:\/\/covasna45.ro\/index.php\/lumea-noastra\/best-of-sepsi-2025-primaria-sfantu-gheorghe-premiaza-eroii-de-zi-cu-zi-ai-orasului\/","title":{"rendered":"Best of Sepsi 2025: Prim\u0103ria Sf\u00e2ntu Gheorghe premiaz\u0103 eroii de zi cu zi ai ora\u015fului"},"content":{"rendered":"\n<p>Prim\u0103ria Municipiului Sf\u00e2ntu Gheorghe se preg\u0103te\u0219te pentru cea de-a doua edi\u021bie a proiectului Best of Sepsi, subliniind c\u00e2t de important este s\u0103-i recunoa\u0219tem pe acei oameni care, zi de zi, lucreaz\u0103 pentru comunitate \u2013 adesea f\u0103r\u0103 a fi observa\u021bi.<\/p>\n\n\n\n<p>Este vorba despre cei care de zeci de ani salveaz\u0103 vie\u021bi, dar nu au primit niciodat\u0103 recunoa\u0219tere public\u0103, despre cei care ne \u00eent\u00e2mpin\u0103 \u00een fiecare diminea\u021b\u0103 cu un z\u00e2mbet la magazinul din col\u021b, despre cei care muncesc pentru ca cei mai vulnerabili s\u0103 aib\u0103 \u0219anse egale \u00een via\u021b\u0103, despre cei care \u0219i-au dedicat via\u021ba pentru a fi cei mai buni \u00een profesia lor, sprijinind comunitatea prin cuno\u0219tin\u021bele lor.<\/p>\n\n\n\n<p>Datorit\u0103 ini\u021biativei Best of Sepsi, ace\u0219ti oameni, care p\u00e2n\u0103 acum \u0219i-au desf\u0103\u0219urat munca \u00een anonimat, cu modestie \u0219i z\u00e2mbet, pot sim\u021bi c\u0103 voca\u021bia, eforturile \u0219i dorin\u021ba lor de a contribui au un sens, iar comunitatea din Sf\u00e2ntu Gheorghe le este profund recunosc\u0103toare. Best of Sepsi aduce \u00een prim-plan acele persoane datorit\u0103 c\u0103rora via\u021ba la Sf\u00e2ntu Gheorghe este mai frumoas\u0103 \u0219i mai bun\u0103.<\/p>\n\n\n\n<figure class=\"wp-block-image size-large\"><img loading=\"lazy\" decoding=\"async\" width=\"1024\" height=\"683\" src=\"https:\/\/covasna45.ro\/wp-content\/uploads\/2025\/09\/bbb-1024x683.jpg\" alt=\"\" class=\"wp-image-12990\" srcset=\"https:\/\/covasna45.ro\/wp-content\/uploads\/2025\/09\/bbb-1024x683.jpg 1024w, https:\/\/covasna45.ro\/wp-content\/uploads\/2025\/09\/bbb-300x200.jpg 300w, https:\/\/covasna45.ro\/wp-content\/uploads\/2025\/09\/bbb-768x512.jpg 768w, https:\/\/covasna45.ro\/wp-content\/uploads\/2025\/09\/bbb-1536x1024.jpg 1536w, https:\/\/covasna45.ro\/wp-content\/uploads\/2025\/09\/bbb-150x100.jpg 150w, https:\/\/covasna45.ro\/wp-content\/uploads\/2025\/09\/bbb-696x464.jpg 696w, https:\/\/covasna45.ro\/wp-content\/uploads\/2025\/09\/bbb-1068x712.jpg 1068w, https:\/\/covasna45.ro\/wp-content\/uploads\/2025\/09\/bbb.jpg 1600w\" sizes=\"auto, (max-width: 1024px) 100vw, 1024px\" \/><\/figure>\n\n\n\n<p>Detaliile edi\u0163iei din acest an au fost prezentate \u00eentr-o conferin\u0163\u0103 de pres\u0103 de c\u0103tre primarul Antal \u00c1rp\u00e1d \u00eempreun\u0103 cu reprezentan\u0163ii Biroului de Imagine \u015fi Comunicare al Prim\u0103riei.<\/p>\n\n\n\n<p>\u201e<strong><em>Best of Sepsi a fost o idee excelent\u0103, din care s-a n\u0103scut o ini\u021biativ\u0103 excelent\u0103, primit\u0103 bine nu doar \u00een ora\u0219, ci \u0219i \u00een \u00eentreaga Transilvanie. Mesajul proiectului este important: administra\u021bia local\u0103 acord\u0103 aten\u021bie oamenilor a c\u0103ror munc\u0103 zilnic\u0103 \u0219i atitudine fac ca via\u021ba noastr\u0103 s\u0103 fie mai bogat\u0103<\/em><\/strong>\u201d, spune primarul Antal \u00c1rp\u00e1d.<\/p>\n\n\n\n<p>Pe site-ul\u00a0<a href=\"http:\/\/bestofsepsi.ro\/\" target=\"_blank\" rel=\"noreferrer noopener\">bestofsepsi.ro<\/a>\u00a0sunt descrise etapele proiectului, \u015fi tot acolo din 15 septembrie se vor putea face nominaliz\u0103ri, \u015fi mai apoi vota \u00een cele 9 categorii ale edi\u0163iei din acest an.<\/p>\n\n\n\n<p>Organizatorii au comasat anul acesta dou\u0103 categorii \u0219i au ad\u0103ugat una nou\u0103, pentru a putea prezenta \u0219i mai cuprinz\u0103tor excelen\u021bele ora\u0219ului. Scopul Best of Sepsi r\u0103m\u00e2ne acela de a oferi o recunoa\u0219tere pe m\u0103sura valorii membrilor exemplari ai comunit\u0103\u021bii \u0219i a valorilor noastre comune.<\/p>\n\n\n\n<figure class=\"wp-block-image size-large\"><img loading=\"lazy\" decoding=\"async\" width=\"1024\" height=\"683\" src=\"https:\/\/covasna45.ro\/wp-content\/uploads\/2025\/09\/best-of-sepsi-1-1024x683.jpg\" alt=\"\" class=\"wp-image-12991\" srcset=\"https:\/\/covasna45.ro\/wp-content\/uploads\/2025\/09\/best-of-sepsi-1-1024x683.jpg 1024w, https:\/\/covasna45.ro\/wp-content\/uploads\/2025\/09\/best-of-sepsi-1-300x200.jpg 300w, https:\/\/covasna45.ro\/wp-content\/uploads\/2025\/09\/best-of-sepsi-1-768x512.jpg 768w, https:\/\/covasna45.ro\/wp-content\/uploads\/2025\/09\/best-of-sepsi-1-1536x1024.jpg 1536w, https:\/\/covasna45.ro\/wp-content\/uploads\/2025\/09\/best-of-sepsi-1-150x100.jpg 150w, https:\/\/covasna45.ro\/wp-content\/uploads\/2025\/09\/best-of-sepsi-1-696x464.jpg 696w, https:\/\/covasna45.ro\/wp-content\/uploads\/2025\/09\/best-of-sepsi-1-1068x712.jpg 1068w, https:\/\/covasna45.ro\/wp-content\/uploads\/2025\/09\/best-of-sepsi-1.jpg 1600w\" sizes=\"auto, (max-width: 1024px) 100vw, 1024px\" \/><\/figure>\n\n\n\n<p>Pentru \u00eenceput, \u00een perioada&nbsp;15 septembrie \u2013 5 octombrie, pe site se pot face nominaliz\u0103ri \u00een urm\u0103toarele nou\u0103 categorii:<\/p>\n\n\n\n<ul class=\"wp-block-list\">\n<li><strong>Comercian\u021bi \u0219i angaja\u021bi din domeniul ospitalit\u0103\u021bii<\/strong>, care prin amabilitatea \u0219i priceperea lor ne servesc zilnic (ex. v\u00e2nz\u0103tor, osp\u0103tar, buc\u0103tar, barman, ajutor de buc\u0103tar).<\/li>\n<\/ul>\n\n\n\n<ul class=\"wp-block-list\">\n<li><strong>Persoane care ofer\u0103 servicii<\/strong> (ex. taximetrist, cosmetician\u0103, manichiurist\u0103, frizer, maseur, t\u00e2mplar, electrician, portar sau al\u021bi profesioni\u0219ti care lucreaz\u0103 direct cu clien\u021bii).<\/li>\n<\/ul>\n\n\n\n<ul class=\"wp-block-list\">\n<li><strong>Angaja\u021bi din s\u0103n\u0103tate<\/strong>, care zi \u0219i noapte se dedic\u0103 vindec\u0103rii pacien\u021bilor (ex. medic, medic de familie, stomatolog, asistent, infirmier, kinetoterapeut, farmacist, medic veterinar).<\/li>\n<\/ul>\n\n\n\n<ul class=\"wp-block-list\">\n<li><strong>Arti\u0219ti \u0219i speciali\u0219ti creativi sau din comunicare<\/strong>, care prin munca lor \u00eembog\u0103\u021besc, coloreaz\u0103 \u0219i ne ajut\u0103 s\u0103 \u00een\u021belegem lumea, stimul\u00e2nd g\u00e2ndirea (ex. actor, actor de p\u0103pu\u0219i, regizor, coregraf, artist plastic, sculptor, pictor, fotograf, muzician, jurnalist, om de radio etc.).<\/li>\n<\/ul>\n\n\n\n<ul class=\"wp-block-list\">\n<li><strong>Cadre didactice<\/strong>, care nu doar ne \u00eenva\u021b\u0103, ci ne formeaz\u0103 ca oameni (ex. educatoare, \u00eenv\u0103\u021b\u0103toare, profesori, profesori universitari, conferen\u021biari).<\/li>\n<\/ul>\n\n\n\n<ul class=\"wp-block-list\">\n<li><strong>Sportivi \u0219i antrenori<\/strong>, care devin adev\u0103rate modele prin rezultatele lor \u0219i inspir\u0103 comunitatea la un stil de via\u021b\u0103 s\u0103n\u0103tos.<\/li>\n<\/ul>\n\n\n\n<ul class=\"wp-block-list\">\n<li><strong>Lideri religio\u0219i<\/strong> \u0219i membri activi ai comunit\u0103\u021bilor religioase, care ne sprijin\u0103 s\u0103 ne dezvolt\u0103m \u00een credin\u021b\u0103.<\/li>\n<\/ul>\n\n\n\n<ul class=\"wp-block-list\">\n<li><strong>Persoane care contribuie la siguran\u021ba ora\u0219ului<\/strong>, la gestionarea situa\u021biilor de urgen\u021b\u0103, activi\u0219ti, voluntari, asisten\u021bi sociali, care prin munca lor fac ora\u0219ul mai bun \u0219i mai sigur \u0219i mobilizeaz\u0103 comunitatea (ex. paramedic, pompier, poli\u021bist, jandarm, infirmier, \u00eengrijitor de b\u0103tr\u00e2ni etc.).<\/li>\n<\/ul>\n\n\n\n<p>Alte categorii, pentru toate domeniile care nu se \u00eencadreaz\u0103 \u00een cele enumerate mai sus.<\/p>\n\n\n\n<p>Orice persoan\u0103 poate face o singur\u0103 nominalizare la fiecare categorie, urm\u00e2nd ca cele mai nominalizate 5 persoane din fiecare categorie s\u0103 intre \u00een etapa de votare, care va avea loc \u00een perioada&nbsp;20 octombrie \u2013 2 noiembrie.<\/p>\n\n\n\n<figure class=\"wp-block-image size-large\"><img loading=\"lazy\" decoding=\"async\" width=\"1024\" height=\"1024\" src=\"https:\/\/covasna45.ro\/wp-content\/uploads\/2025\/09\/whatsapp-image-2025-09-10-at-14-32-22-9734fb82-1757584273-1024x1024.jpg\" alt=\"\" class=\"wp-image-12992\" srcset=\"https:\/\/covasna45.ro\/wp-content\/uploads\/2025\/09\/whatsapp-image-2025-09-10-at-14-32-22-9734fb82-1757584273-1024x1024.jpg 1024w, https:\/\/covasna45.ro\/wp-content\/uploads\/2025\/09\/whatsapp-image-2025-09-10-at-14-32-22-9734fb82-1757584273-300x300.jpg 300w, https:\/\/covasna45.ro\/wp-content\/uploads\/2025\/09\/whatsapp-image-2025-09-10-at-14-32-22-9734fb82-1757584273-150x150.jpg 150w, https:\/\/covasna45.ro\/wp-content\/uploads\/2025\/09\/whatsapp-image-2025-09-10-at-14-32-22-9734fb82-1757584273-768x768.jpg 768w, https:\/\/covasna45.ro\/wp-content\/uploads\/2025\/09\/whatsapp-image-2025-09-10-at-14-32-22-9734fb82-1757584273-696x696.jpg 696w, https:\/\/covasna45.ro\/wp-content\/uploads\/2025\/09\/whatsapp-image-2025-09-10-at-14-32-22-9734fb82-1757584273-1068x1068.jpg 1068w, https:\/\/covasna45.ro\/wp-content\/uploads\/2025\/09\/whatsapp-image-2025-09-10-at-14-32-22-9734fb82-1757584273.jpg 1181w\" sizes=\"auto, (max-width: 1024px) 100vw, 1024px\" \/><\/figure>\n\n\n\n<p>Gala Best of Sepsi, \u00een care vor fi anun\u0163a\u0163i \u015fi premia\u0163i c\u00e2\u015ftig\u0103torii, va avea loc pe data de&nbsp;15 noiembrie, de la ora 18:00, \u00een sala mare a Teatrului \u201eTam\u00e1si \u00c1ron\u201d. Pe l\u00e2ng\u0103 persoanele nominalizate, la gal\u0103 vor putea participa \u015fi aproximativ 150 de persoane din ora\u015f, pentru care va fi lansat\u0103 o sesiune de \u00eenscriere public\u0103 odat\u0103 cu etapa votului.<br><br>Prima edi\u021bie a ini\u021biativei, din 2023, a fost primit\u0103 cu un interes \u0219i o bucurie uria\u0219e, ceea ce arat\u0103 clar c\u0103 puterea \u0219i unitatea comunit\u0103\u021bii pot declan\u0219a schimb\u0103ri reale \u0219i pot deschide noi perspective. Cele peste 42.000 de voturi exprimate pentru cei 45 de finali\u0219ti demonstreaz\u0103 implicarea activ\u0103 a comunit\u0103\u021bii locale, care \u0219i-a sus\u021binut cu entuziasm candida\u021bii \u0219i a f\u0103cut campanie pentru ei. Sf\u00e2ntu Gheorghe d\u0103 tonul prin exemple pozitive! Prim\u0103ria Municipiului Sf\u00e2ntu Gheorghe este m\u00e2ndr\u0103 c\u0103 aceasta nu este singura ini\u021biativ\u0103 pe care alte ora\u0219e din Transilvania au preluat-o. Mai multe detalii despre c\u00e2\u015ftig\u0103torii primei edi\u0163ii&nbsp;<a href=\"https:\/\/www.sfantugheorgheinfo.ro\/stiri\/au-fost-anuntati-castigatorii-primei-editii-best-of-sepsi\" target=\"_blank\" rel=\"noreferrer noopener\">AICI<\/a>.<\/p>\n\n\n\n<p>Sursa: <a href=\"https:\/\/www.sfantugheorgheinfo.ro\/stiri\/pe-15-septembrie-incep-nominalizarile-pentru-a-doua-editie-best-of-sepsi\">Prim\u0103ria Sf\u00e2ntu Gheorghe<\/a><\/p>\n","protected":false},"excerpt":{"rendered":"<p>Prim\u0103ria Municipiului Sf\u00e2ntu Gheorghe se preg\u0103te\u0219te pentru cea de-a doua edi\u021bie a proiectului Best of Sepsi, subliniind c\u00e2t de important este s\u0103-i recunoa\u0219tem pe acei oameni care, zi de zi, lucreaz\u0103 pentru comunitate \u2013 adesea f\u0103r\u0103 a fi observa\u021bi. Este vorba despre cei care de zeci de ani salveaz\u0103 vie\u021bi, dar nu au primit niciodat\u0103 [&hellip;]<\/p>\n","protected":false},"author":1,"featured_media":12989,"comment_status":"open","ping_status":"closed","sticky":false,"template":"","format":"standard","meta":{"tdm_status":"","tdm_grid_status":"","footnotes":""},"categories":[14],"tags":[3916,2124],"class_list":{"0":"post-12987","1":"post","2":"type-post","3":"status-publish","4":"format-standard","5":"has-post-thumbnail","7":"category-lumea-noastra","8":"tag-best-of-sepsi","9":"tag-sfantu-gheorghe-2"},"yoast_head":"<!-- This site is optimized with the Yoast SEO plugin v27.5 - https:\/\/yoast.com\/product\/yoast-seo-wordpress\/ -->\n<title>Best of Sepsi 2025: Prim\u0103ria Sf\u00e2ntu Gheorghe premiaz\u0103 eroii de zi cu zi ai ora\u015fului - Covasna45<\/title>\n<meta name=\"description\" content=\"Prima edi\u021bie a ini\u021biativei, din 2023, a fost primit\u0103 cu un interes \u0219i o bucurie uria\u0219e.\" \/>\n<meta name=\"robots\" content=\"index, follow, max-snippet:-1, max-image-preview:large, max-video-preview:-1\" \/>\n<link rel=\"canonical\" href=\"https:\/\/covasna45.ro\/index.php\/lumea-noastra\/best-of-sepsi-2025-primaria-sfantu-gheorghe-premiaza-eroii-de-zi-cu-zi-ai-orasului\/\" \/>\n<meta property=\"og:locale\" content=\"ro_RO\" \/>\n<meta property=\"og:type\" content=\"article\" \/>\n<meta property=\"og:title\" content=\"Best of Sepsi 2025: Prim\u0103ria Sf\u00e2ntu Gheorghe premiaz\u0103 eroii de zi cu zi ai ora\u015fului - Covasna45\" \/>\n<meta property=\"og:description\" content=\"Prima edi\u021bie a ini\u021biativei, din 2023, a fost primit\u0103 cu un interes \u0219i o bucurie uria\u0219e.\" \/>\n<meta property=\"og:url\" content=\"https:\/\/covasna45.ro\/index.php\/lumea-noastra\/best-of-sepsi-2025-primaria-sfantu-gheorghe-premiaza-eroii-de-zi-cu-zi-ai-orasului\/\" \/>\n<meta property=\"og:site_name\" content=\"Covasna45\" \/>\n<meta property=\"article:published_time\" content=\"2025-09-11T11:32:17+00:00\" \/>\n<meta property=\"article:modified_time\" content=\"2025-09-11T11:35:50+00:00\" \/>\n<meta property=\"og:image\" content=\"https:\/\/covasna45.ro\/wp-content\/uploads\/2025\/09\/gala-3.jpg\" \/>\n\t<meta property=\"og:image:width\" content=\"1600\" \/>\n\t<meta property=\"og:image:height\" content=\"1067\" \/>\n\t<meta property=\"og:image:type\" content=\"image\/jpeg\" \/>\n<meta name=\"author\" content=\"Covasna45\" \/>\n<meta name=\"twitter:card\" content=\"summary_large_image\" \/>\n<meta name=\"twitter:label1\" content=\"Scris de\" \/>\n\t<meta name=\"twitter:data1\" content=\"Covasna45\" \/>\n\t<meta name=\"twitter:label2\" content=\"Timp estimat pentru citire\" \/>\n\t<meta name=\"twitter:data2\" content=\"5 minute\" \/>\n<script type=\"application\/ld+json\" class=\"yoast-schema-graph\">{\"@context\":\"https:\\\/\\\/schema.org\",\"@graph\":[{\"@type\":\"Article\",\"@id\":\"https:\\\/\\\/covasna45.ro\\\/index.php\\\/lumea-noastra\\\/best-of-sepsi-2025-primaria-sfantu-gheorghe-premiaza-eroii-de-zi-cu-zi-ai-orasului\\\/#article\",\"isPartOf\":{\"@id\":\"https:\\\/\\\/covasna45.ro\\\/index.php\\\/lumea-noastra\\\/best-of-sepsi-2025-primaria-sfantu-gheorghe-premiaza-eroii-de-zi-cu-zi-ai-orasului\\\/\"},\"author\":{\"name\":\"Covasna45\",\"@id\":\"https:\\\/\\\/covasna45.ro\\\/#\\\/schema\\\/person\\\/e674052bd7d95d70bbb007a1060ab73c\"},\"headline\":\"Best of Sepsi 2025: Prim\u0103ria Sf\u00e2ntu Gheorghe premiaz\u0103 eroii de zi cu zi ai ora\u015fului\",\"datePublished\":\"2025-09-11T11:32:17+00:00\",\"dateModified\":\"2025-09-11T11:35:50+00:00\",\"mainEntityOfPage\":{\"@id\":\"https:\\\/\\\/covasna45.ro\\\/index.php\\\/lumea-noastra\\\/best-of-sepsi-2025-primaria-sfantu-gheorghe-premiaza-eroii-de-zi-cu-zi-ai-orasului\\\/\"},\"wordCount\":889,\"commentCount\":0,\"publisher\":{\"@id\":\"https:\\\/\\\/covasna45.ro\\\/#organization\"},\"image\":{\"@id\":\"https:\\\/\\\/covasna45.ro\\\/index.php\\\/lumea-noastra\\\/best-of-sepsi-2025-primaria-sfantu-gheorghe-premiaza-eroii-de-zi-cu-zi-ai-orasului\\\/#primaryimage\"},\"thumbnailUrl\":\"https:\\\/\\\/covasna45.ro\\\/wp-content\\\/uploads\\\/2025\\\/09\\\/gala-3.jpg\",\"keywords\":[\"best of sepsi\",\"Sfantu Gheorghe\"],\"articleSection\":[\"Lumea noastr\u0103\"],\"inLanguage\":\"ro-RO\",\"potentialAction\":[{\"@type\":\"CommentAction\",\"name\":\"Comment\",\"target\":[\"https:\\\/\\\/covasna45.ro\\\/index.php\\\/lumea-noastra\\\/best-of-sepsi-2025-primaria-sfantu-gheorghe-premiaza-eroii-de-zi-cu-zi-ai-orasului\\\/#respond\"]}]},{\"@type\":\"WebPage\",\"@id\":\"https:\\\/\\\/covasna45.ro\\\/index.php\\\/lumea-noastra\\\/best-of-sepsi-2025-primaria-sfantu-gheorghe-premiaza-eroii-de-zi-cu-zi-ai-orasului\\\/\",\"url\":\"https:\\\/\\\/covasna45.ro\\\/index.php\\\/lumea-noastra\\\/best-of-sepsi-2025-primaria-sfantu-gheorghe-premiaza-eroii-de-zi-cu-zi-ai-orasului\\\/\",\"name\":\"Best of Sepsi 2025: Prim\u0103ria Sf\u00e2ntu Gheorghe premiaz\u0103 eroii de zi cu zi ai ora\u015fului - Covasna45\",\"isPartOf\":{\"@id\":\"https:\\\/\\\/covasna45.ro\\\/#website\"},\"primaryImageOfPage\":{\"@id\":\"https:\\\/\\\/covasna45.ro\\\/index.php\\\/lumea-noastra\\\/best-of-sepsi-2025-primaria-sfantu-gheorghe-premiaza-eroii-de-zi-cu-zi-ai-orasului\\\/#primaryimage\"},\"image\":{\"@id\":\"https:\\\/\\\/covasna45.ro\\\/index.php\\\/lumea-noastra\\\/best-of-sepsi-2025-primaria-sfantu-gheorghe-premiaza-eroii-de-zi-cu-zi-ai-orasului\\\/#primaryimage\"},\"thumbnailUrl\":\"https:\\\/\\\/covasna45.ro\\\/wp-content\\\/uploads\\\/2025\\\/09\\\/gala-3.jpg\",\"datePublished\":\"2025-09-11T11:32:17+00:00\",\"dateModified\":\"2025-09-11T11:35:50+00:00\",\"description\":\"Prima edi\u021bie a ini\u021biativei, din 2023, a fost primit\u0103 cu un interes \u0219i o bucurie uria\u0219e.\",\"breadcrumb\":{\"@id\":\"https:\\\/\\\/covasna45.ro\\\/index.php\\\/lumea-noastra\\\/best-of-sepsi-2025-primaria-sfantu-gheorghe-premiaza-eroii-de-zi-cu-zi-ai-orasului\\\/#breadcrumb\"},\"inLanguage\":\"ro-RO\",\"potentialAction\":[{\"@type\":\"ReadAction\",\"target\":[\"https:\\\/\\\/covasna45.ro\\\/index.php\\\/lumea-noastra\\\/best-of-sepsi-2025-primaria-sfantu-gheorghe-premiaza-eroii-de-zi-cu-zi-ai-orasului\\\/\"]}]},{\"@type\":\"ImageObject\",\"inLanguage\":\"ro-RO\",\"@id\":\"https:\\\/\\\/covasna45.ro\\\/index.php\\\/lumea-noastra\\\/best-of-sepsi-2025-primaria-sfantu-gheorghe-premiaza-eroii-de-zi-cu-zi-ai-orasului\\\/#primaryimage\",\"url\":\"https:\\\/\\\/covasna45.ro\\\/wp-content\\\/uploads\\\/2025\\\/09\\\/gala-3.jpg\",\"contentUrl\":\"https:\\\/\\\/covasna45.ro\\\/wp-content\\\/uploads\\\/2025\\\/09\\\/gala-3.jpg\",\"width\":1600,\"height\":1067},{\"@type\":\"BreadcrumbList\",\"@id\":\"https:\\\/\\\/covasna45.ro\\\/index.php\\\/lumea-noastra\\\/best-of-sepsi-2025-primaria-sfantu-gheorghe-premiaza-eroii-de-zi-cu-zi-ai-orasului\\\/#breadcrumb\",\"itemListElement\":[{\"@type\":\"ListItem\",\"position\":1,\"name\":\"Prima pagin\u0103\",\"item\":\"https:\\\/\\\/covasna45.ro\\\/\"},{\"@type\":\"ListItem\",\"position\":2,\"name\":\"Best of Sepsi 2025: Prim\u0103ria Sf\u00e2ntu Gheorghe premiaz\u0103 eroii de zi cu zi ai ora\u015fului\"}]},{\"@type\":\"WebSite\",\"@id\":\"https:\\\/\\\/covasna45.ro\\\/#website\",\"url\":\"https:\\\/\\\/covasna45.ro\\\/\",\"name\":\"covasna45.ro\",\"description\":\"\",\"publisher\":{\"@id\":\"https:\\\/\\\/covasna45.ro\\\/#organization\"},\"potentialAction\":[{\"@type\":\"SearchAction\",\"target\":{\"@type\":\"EntryPoint\",\"urlTemplate\":\"https:\\\/\\\/covasna45.ro\\\/?s={search_term_string}\"},\"query-input\":{\"@type\":\"PropertyValueSpecification\",\"valueRequired\":true,\"valueName\":\"search_term_string\"}}],\"inLanguage\":\"ro-RO\"},{\"@type\":\"Organization\",\"@id\":\"https:\\\/\\\/covasna45.ro\\\/#organization\",\"name\":\"covasna45.ro\",\"url\":\"https:\\\/\\\/covasna45.ro\\\/\",\"logo\":{\"@type\":\"ImageObject\",\"inLanguage\":\"ro-RO\",\"@id\":\"https:\\\/\\\/covasna45.ro\\\/#\\\/schema\\\/logo\\\/image\\\/\",\"url\":\"https:\\\/\\\/covasna45.ro\\\/wp-content\\\/uploads\\\/2023\\\/01\\\/icon_logo.png\",\"contentUrl\":\"https:\\\/\\\/covasna45.ro\\\/wp-content\\\/uploads\\\/2023\\\/01\\\/icon_logo.png\",\"width\":1900,\"height\":1900,\"caption\":\"covasna45.ro\"},\"image\":{\"@id\":\"https:\\\/\\\/covasna45.ro\\\/#\\\/schema\\\/logo\\\/image\\\/\"}},{\"@type\":\"Person\",\"@id\":\"https:\\\/\\\/covasna45.ro\\\/#\\\/schema\\\/person\\\/e674052bd7d95d70bbb007a1060ab73c\",\"name\":\"Covasna45\",\"image\":{\"@type\":\"ImageObject\",\"inLanguage\":\"ro-RO\",\"@id\":\"https:\\\/\\\/covasna45.ro\\\/wp-content\\\/uploads\\\/2025\\\/10\\\/icon_logo_covasna45-150x150.png\",\"url\":\"https:\\\/\\\/covasna45.ro\\\/wp-content\\\/uploads\\\/2025\\\/10\\\/icon_logo_covasna45-150x150.png\",\"contentUrl\":\"https:\\\/\\\/covasna45.ro\\\/wp-content\\\/uploads\\\/2025\\\/10\\\/icon_logo_covasna45-150x150.png\",\"caption\":\"Covasna45\"},\"sameAs\":[\"https:\\\/\\\/covasna45.ro\"],\"url\":\"https:\\\/\\\/covasna45.ro\\\/index.php\\\/author\\\/covasna\\\/\"}]}<\/script>\n<!-- \/ Yoast SEO plugin. -->","yoast_head_json":{"title":"Best of Sepsi 2025: Prim\u0103ria Sf\u00e2ntu Gheorghe premiaz\u0103 eroii de zi cu zi ai ora\u015fului - Covasna45","description":"Prima edi\u021bie a ini\u021biativei, din 2023, a fost primit\u0103 cu un interes \u0219i o bucurie uria\u0219e.","robots":{"index":"index","follow":"follow","max-snippet":"max-snippet:-1","max-image-preview":"max-image-preview:large","max-video-preview":"max-video-preview:-1"},"canonical":"https:\/\/covasna45.ro\/index.php\/lumea-noastra\/best-of-sepsi-2025-primaria-sfantu-gheorghe-premiaza-eroii-de-zi-cu-zi-ai-orasului\/","og_locale":"ro_RO","og_type":"article","og_title":"Best of Sepsi 2025: Prim\u0103ria Sf\u00e2ntu Gheorghe premiaz\u0103 eroii de zi cu zi ai ora\u015fului - Covasna45","og_description":"Prima edi\u021bie a ini\u021biativei, din 2023, a fost primit\u0103 cu un interes \u0219i o bucurie uria\u0219e.","og_url":"https:\/\/covasna45.ro\/index.php\/lumea-noastra\/best-of-sepsi-2025-primaria-sfantu-gheorghe-premiaza-eroii-de-zi-cu-zi-ai-orasului\/","og_site_name":"Covasna45","article_published_time":"2025-09-11T11:32:17+00:00","article_modified_time":"2025-09-11T11:35:50+00:00","og_image":[{"width":1600,"height":1067,"url":"https:\/\/covasna45.ro\/wp-content\/uploads\/2025\/09\/gala-3.jpg","type":"image\/jpeg"}],"author":"Covasna45","twitter_card":"summary_large_image","twitter_misc":{"Scris de":"Covasna45","Timp estimat pentru citire":"5 minute"},"schema":{"@context":"https:\/\/schema.org","@graph":[{"@type":"Article","@id":"https:\/\/covasna45.ro\/index.php\/lumea-noastra\/best-of-sepsi-2025-primaria-sfantu-gheorghe-premiaza-eroii-de-zi-cu-zi-ai-orasului\/#article","isPartOf":{"@id":"https:\/\/covasna45.ro\/index.php\/lumea-noastra\/best-of-sepsi-2025-primaria-sfantu-gheorghe-premiaza-eroii-de-zi-cu-zi-ai-orasului\/"},"author":{"name":"Covasna45","@id":"https:\/\/covasna45.ro\/#\/schema\/person\/e674052bd7d95d70bbb007a1060ab73c"},"headline":"Best of Sepsi 2025: Prim\u0103ria Sf\u00e2ntu Gheorghe premiaz\u0103 eroii de zi cu zi ai ora\u015fului","datePublished":"2025-09-11T11:32:17+00:00","dateModified":"2025-09-11T11:35:50+00:00","mainEntityOfPage":{"@id":"https:\/\/covasna45.ro\/index.php\/lumea-noastra\/best-of-sepsi-2025-primaria-sfantu-gheorghe-premiaza-eroii-de-zi-cu-zi-ai-orasului\/"},"wordCount":889,"commentCount":0,"publisher":{"@id":"https:\/\/covasna45.ro\/#organization"},"image":{"@id":"https:\/\/covasna45.ro\/index.php\/lumea-noastra\/best-of-sepsi-2025-primaria-sfantu-gheorghe-premiaza-eroii-de-zi-cu-zi-ai-orasului\/#primaryimage"},"thumbnailUrl":"https:\/\/covasna45.ro\/wp-content\/uploads\/2025\/09\/gala-3.jpg","keywords":["best of sepsi","Sfantu Gheorghe"],"articleSection":["Lumea noastr\u0103"],"inLanguage":"ro-RO","potentialAction":[{"@type":"CommentAction","name":"Comment","target":["https:\/\/covasna45.ro\/index.php\/lumea-noastra\/best-of-sepsi-2025-primaria-sfantu-gheorghe-premiaza-eroii-de-zi-cu-zi-ai-orasului\/#respond"]}]},{"@type":"WebPage","@id":"https:\/\/covasna45.ro\/index.php\/lumea-noastra\/best-of-sepsi-2025-primaria-sfantu-gheorghe-premiaza-eroii-de-zi-cu-zi-ai-orasului\/","url":"https:\/\/covasna45.ro\/index.php\/lumea-noastra\/best-of-sepsi-2025-primaria-sfantu-gheorghe-premiaza-eroii-de-zi-cu-zi-ai-orasului\/","name":"Best of Sepsi 2025: Prim\u0103ria Sf\u00e2ntu Gheorghe premiaz\u0103 eroii de zi cu zi ai ora\u015fului - Covasna45","isPartOf":{"@id":"https:\/\/covasna45.ro\/#website"},"primaryImageOfPage":{"@id":"https:\/\/covasna45.ro\/index.php\/lumea-noastra\/best-of-sepsi-2025-primaria-sfantu-gheorghe-premiaza-eroii-de-zi-cu-zi-ai-orasului\/#primaryimage"},"image":{"@id":"https:\/\/covasna45.ro\/index.php\/lumea-noastra\/best-of-sepsi-2025-primaria-sfantu-gheorghe-premiaza-eroii-de-zi-cu-zi-ai-orasului\/#primaryimage"},"thumbnailUrl":"https:\/\/covasna45.ro\/wp-content\/uploads\/2025\/09\/gala-3.jpg","datePublished":"2025-09-11T11:32:17+00:00","dateModified":"2025-09-11T11:35:50+00:00","description":"Prima edi\u021bie a ini\u021biativei, din 2023, a fost primit\u0103 cu un interes \u0219i o bucurie uria\u0219e.","breadcrumb":{"@id":"https:\/\/covasna45.ro\/index.php\/lumea-noastra\/best-of-sepsi-2025-primaria-sfantu-gheorghe-premiaza-eroii-de-zi-cu-zi-ai-orasului\/#breadcrumb"},"inLanguage":"ro-RO","potentialAction":[{"@type":"ReadAction","target":["https:\/\/covasna45.ro\/index.php\/lumea-noastra\/best-of-sepsi-2025-primaria-sfantu-gheorghe-premiaza-eroii-de-zi-cu-zi-ai-orasului\/"]}]},{"@type":"ImageObject","inLanguage":"ro-RO","@id":"https:\/\/covasna45.ro\/index.php\/lumea-noastra\/best-of-sepsi-2025-primaria-sfantu-gheorghe-premiaza-eroii-de-zi-cu-zi-ai-orasului\/#primaryimage","url":"https:\/\/covasna45.ro\/wp-content\/uploads\/2025\/09\/gala-3.jpg","contentUrl":"https:\/\/covasna45.ro\/wp-content\/uploads\/2025\/09\/gala-3.jpg","width":1600,"height":1067},{"@type":"BreadcrumbList","@id":"https:\/\/covasna45.ro\/index.php\/lumea-noastra\/best-of-sepsi-2025-primaria-sfantu-gheorghe-premiaza-eroii-de-zi-cu-zi-ai-orasului\/#breadcrumb","itemListElement":[{"@type":"ListItem","position":1,"name":"Prima pagin\u0103","item":"https:\/\/covasna45.ro\/"},{"@type":"ListItem","position":2,"name":"Best of Sepsi 2025: Prim\u0103ria Sf\u00e2ntu Gheorghe premiaz\u0103 eroii de zi cu zi ai ora\u015fului"}]},{"@type":"WebSite","@id":"https:\/\/covasna45.ro\/#website","url":"https:\/\/covasna45.ro\/","name":"covasna45.ro","description":"","publisher":{"@id":"https:\/\/covasna45.ro\/#organization"},"potentialAction":[{"@type":"SearchAction","target":{"@type":"EntryPoint","urlTemplate":"https:\/\/covasna45.ro\/?s={search_term_string}"},"query-input":{"@type":"PropertyValueSpecification","valueRequired":true,"valueName":"search_term_string"}}],"inLanguage":"ro-RO"},{"@type":"Organization","@id":"https:\/\/covasna45.ro\/#organization","name":"covasna45.ro","url":"https:\/\/covasna45.ro\/","logo":{"@type":"ImageObject","inLanguage":"ro-RO","@id":"https:\/\/covasna45.ro\/#\/schema\/logo\/image\/","url":"https:\/\/covasna45.ro\/wp-content\/uploads\/2023\/01\/icon_logo.png","contentUrl":"https:\/\/covasna45.ro\/wp-content\/uploads\/2023\/01\/icon_logo.png","width":1900,"height":1900,"caption":"covasna45.ro"},"image":{"@id":"https:\/\/covasna45.ro\/#\/schema\/logo\/image\/"}},{"@type":"Person","@id":"https:\/\/covasna45.ro\/#\/schema\/person\/e674052bd7d95d70bbb007a1060ab73c","name":"Covasna45","image":{"@type":"ImageObject","inLanguage":"ro-RO","@id":"https:\/\/covasna45.ro\/wp-content\/uploads\/2025\/10\/icon_logo_covasna45-150x150.png","url":"https:\/\/covasna45.ro\/wp-content\/uploads\/2025\/10\/icon_logo_covasna45-150x150.png","contentUrl":"https:\/\/covasna45.ro\/wp-content\/uploads\/2025\/10\/icon_logo_covasna45-150x150.png","caption":"Covasna45"},"sameAs":["https:\/\/covasna45.ro"],"url":"https:\/\/covasna45.ro\/index.php\/author\/covasna\/"}]}},"_links":{"self":[{"href":"https:\/\/covasna45.ro\/index.php\/wp-json\/wp\/v2\/posts\/12987","targetHints":{"allow":["GET"]}}],"collection":[{"href":"https:\/\/covasna45.ro\/index.php\/wp-json\/wp\/v2\/posts"}],"about":[{"href":"https:\/\/covasna45.ro\/index.php\/wp-json\/wp\/v2\/types\/post"}],"author":[{"embeddable":true,"href":"https:\/\/covasna45.ro\/index.php\/wp-json\/wp\/v2\/users\/1"}],"replies":[{"embeddable":true,"href":"https:\/\/covasna45.ro\/index.php\/wp-json\/wp\/v2\/comments?post=12987"}],"version-history":[{"count":3,"href":"https:\/\/covasna45.ro\/index.php\/wp-json\/wp\/v2\/posts\/12987\/revisions"}],"predecessor-version":[{"id":12997,"href":"https:\/\/covasna45.ro\/index.php\/wp-json\/wp\/v2\/posts\/12987\/revisions\/12997"}],"wp:featuredmedia":[{"embeddable":true,"href":"https:\/\/covasna45.ro\/index.php\/wp-json\/wp\/v2\/media\/12989"}],"wp:attachment":[{"href":"https:\/\/covasna45.ro\/index.php\/wp-json\/wp\/v2\/media?parent=12987"}],"wp:term":[{"taxonomy":"category","embeddable":true,"href":"https:\/\/covasna45.ro\/index.php\/wp-json\/wp\/v2\/categories?post=12987"},{"taxonomy":"post_tag","embeddable":true,"href":"https:\/\/covasna45.ro\/index.php\/wp-json\/wp\/v2\/tags?post=12987"}],"curies":[{"name":"wp","href":"https:\/\/api.w.org\/{rel}","templated":true}]}}