{"id":13370,"date":"2025-10-09T16:35:06","date_gmt":"2025-10-09T14:35:06","guid":{"rendered":"https:\/\/covasna45.ro\/?p=13370"},"modified":"2025-10-09T16:35:47","modified_gmt":"2025-10-09T14:35:47","slug":"scriitorul-maghiar-laszlo-krasznahorkai-a-castigat-premiul-nobel-pentru-literatura","status":"publish","type":"post","link":"https:\/\/covasna45.ro\/index.php\/lumea-larga\/scriitorul-maghiar-laszlo-krasznahorkai-a-castigat-premiul-nobel-pentru-literatura\/","title":{"rendered":"Scriitorul maghiar L\u00e1szl\u00f3 Krasznahorkai a c\u00e2\u0219tigat Premiul Nobel pentru Literatur\u0103"},"content":{"rendered":"\n<p>Scriitorul maghiar L\u00e1szl\u00f3 Krasznahorkai a c\u00e2\u0219tigat ast\u0103zi Premiul Nobel pentru Literatur\u0103 pe anul 2025, potrivit unui anun\u021b f\u0103cut de Academia Suedez\u0103 din Stockholm \u00een cadrul unei conferin\u021be de pres\u0103 transmis\u0103 \u00een direct pe site-ul\u00a0<a href=\"http:\/\/nobelprize.org\/\" target=\"_blank\" rel=\"noreferrer noopener\">nobelprize.org<\/a>.<br><br>Laureatul din acest an al Premiul Nobel pentru Literatur\u0103 a fost recompensat pentru \u201eopera sa captivant\u0103 \u0219i vizionar\u0103 care, \u00een mijlocul terorii apocaliptice, reafirm\u0103 puterea artei\u201d, conform Academiei Suedeze, citate de <a href=\"https:\/\/agerpres.ro\/cultura\/2025\/10\/09\/nobel-2025-scriitorul-maghiar-l-szl-krasznahorkai-a-castigat-premiul-nobel-pentru-literatura--1491959\">Agerpres.<\/a><\/p>\n\n\n\n<p>L\u00e1szl\u00f3 Krasznahorkai s-a n\u0103scut \u00een 1954 \u00een micul ora\u0219 Gyula din sud-estul Ungariei, l\u00e2ng\u0103 grani\u021ba cu Rom\u00e2nia. \u201eO zon\u0103 rural\u0103 izolat\u0103 similar\u0103 este scena primului roman al lui Krasznahorkai, &#8216;S\u00e1t\u00e1ntang\u00f3&#8217;, publicat \u00een 1985, care a f\u0103cut senza\u021bie \u00een Ungaria \u0219i a reprezentat opera de debut a autorului&#8217;, potrivit comunicatului Academiei. Romanul a fost ecranizat \u00een 1994, \u00een colaborare cu regizorul B\u00e9la Tarr.<\/p>\n\n\n\n<p>\u201eSunt foarte fericit, calm \u0219i foarte emo\u021bionat \u00een acela\u0219i timp&#8221;, a reac\u021bionat scriitorul la cald, potrivit postului de radio suedez SR.<\/p>\n\n\n\n<p>Krasznahorkai a copil\u0103rit \u00eentr-o familie evreiasc\u0103 din clasa de mijloc \u0219i folose\u0219te drept surse de inspira\u021bie \u00een literatura sa experien\u021ba vie\u021bii \u00een comunism precum \u0219i numeroasele c\u0103l\u0103torii pe care le realizeaz\u0103 dup\u0103 ce se instaleaz\u0103 pentru prima dat\u0103 \u00een str\u0103in\u0103tate, \u00een 1987, \u00een Berlinul de Vest, gra\u021bie unei burse.<br><br>Dup\u0103 c\u0103derea comunismului, a tr\u0103it \u00een mai multe \u021b\u0103ri, printre care Fran\u021ba, Statele Unite, China \u0219i Japonia, de unde a observat \u00eentr-o manier\u0103 critic\u0103 evolu\u021biile politice din Ungaria.<br><br>\u201eNu mai exist\u0103 speran\u021b\u0103 \u00een Ungaria ast\u0103zi \u0219i nu doar din cauza regimului Orban&#8221;, a declarat scriitorul la \u00eenceputul acestui an pentru publica\u021bia suedez\u0103 Svenska Dagbladet, referindu-se la prim-ministrul Vikton Orban, aflat la conducerea \u021b\u0103rii din 2010.<br><br>&#8221;Problema nu este doar politic\u0103, ci \u0219i social\u0103&#8221;, a ad\u0103ugat el.<br><br>Prim-ministrul Ungariei, Viktor Orban, l-a felicitat pe Krasznahorkai printr-un mesaj pe Facebook, potrivit AFP.<br><br>\u201eUngaria e m\u00e2ndr\u0103, primul laureat Nobel originar din Gyula, L\u00e1szl\u00f3 Krasznahorkai. Felicit\u0103ri!, a scris premierul.<br><br>\u00cen 2024, Academia Suedez\u0103 a atribuit Premiul Nobel pentru Literatur\u0103 scriitoarei sud-coreene Han Kang, recompensat\u0103 pentru &#8216;pentru proza sa poetic\u0103 intens\u0103 care confrunt\u0103 traumele istorice \u0219i expune fragilitatea vie\u021bii umane&#8217;.<\/p>\n","protected":false},"excerpt":{"rendered":"<p>Scriitorul maghiar L\u00e1szl\u00f3 Krasznahorkai a c\u00e2\u0219tigat ast\u0103zi Premiul Nobel pentru Literatur\u0103 pe anul 2025, potrivit unui anun\u021b f\u0103cut de Academia Suedez\u0103 din Stockholm \u00een cadrul unei conferin\u021be de pres\u0103 transmis\u0103 \u00een direct pe site-ul\u00a0nobelprize.org. Laureatul din acest an al Premiul Nobel pentru Literatur\u0103 a fost recompensat pentru \u201eopera sa captivant\u0103 \u0219i vizionar\u0103 care, \u00een mijlocul [&hellip;]<\/p>\n","protected":false},"author":1,"featured_media":13371,"comment_status":"open","ping_status":"closed","sticky":false,"template":"","format":"standard","meta":{"tdm_status":"","tdm_grid_status":"","footnotes":""},"categories":[10],"tags":[4204,4203,108],"class_list":{"0":"post-13370","1":"post","2":"type-post","3":"status-publish","4":"format-standard","5":"has-post-thumbnail","7":"category-lumea-larga","8":"tag-laszlo-krasznahorkai","9":"tag-premiul-nobel","10":"tag-ungaria"},"yoast_head":"<!-- This site is optimized with the Yoast SEO plugin v27.4 - https:\/\/yoast.com\/product\/yoast-seo-wordpress\/ -->\n<title>Scriitorul maghiar L\u00e1szl\u00f3 Krasznahorkai a c\u00e2\u0219tigat Premiul Nobel pentru Literatur\u0103 - Covasna45<\/title>\n<meta name=\"description\" content=\"\u00cen 2024, Academia Suedez\u0103 a atribuit Premiul Nobel pentru Literatur\u0103 scriitoarei sud-coreene Han Kang.\" \/>\n<meta name=\"robots\" content=\"index, follow, max-snippet:-1, max-image-preview:large, max-video-preview:-1\" \/>\n<link rel=\"canonical\" href=\"https:\/\/covasna45.ro\/index.php\/lumea-larga\/scriitorul-maghiar-laszlo-krasznahorkai-a-castigat-premiul-nobel-pentru-literatura\/\" \/>\n<meta property=\"og:locale\" content=\"ro_RO\" \/>\n<meta property=\"og:type\" content=\"article\" \/>\n<meta property=\"og:title\" content=\"Scriitorul maghiar L\u00e1szl\u00f3 Krasznahorkai a c\u00e2\u0219tigat Premiul Nobel pentru Literatur\u0103 - Covasna45\" \/>\n<meta property=\"og:description\" content=\"\u00cen 2024, Academia Suedez\u0103 a atribuit Premiul Nobel pentru Literatur\u0103 scriitoarei sud-coreene Han Kang.\" \/>\n<meta property=\"og:url\" content=\"https:\/\/covasna45.ro\/index.php\/lumea-larga\/scriitorul-maghiar-laszlo-krasznahorkai-a-castigat-premiul-nobel-pentru-literatura\/\" \/>\n<meta property=\"og:site_name\" content=\"Covasna45\" \/>\n<meta property=\"article:published_time\" content=\"2025-10-09T14:35:06+00:00\" \/>\n<meta property=\"article:modified_time\" content=\"2025-10-09T14:35:47+00:00\" \/>\n<meta property=\"og:image\" content=\"https:\/\/covasna45.ro\/wp-content\/uploads\/2025\/10\/nobel-hu.jpg\" \/>\n\t<meta property=\"og:image:width\" content=\"1118\" \/>\n\t<meta property=\"og:image:height\" content=\"846\" \/>\n\t<meta property=\"og:image:type\" content=\"image\/jpeg\" \/>\n<meta name=\"author\" content=\"Covasna45\" \/>\n<meta name=\"twitter:card\" content=\"summary_large_image\" \/>\n<meta name=\"twitter:label1\" content=\"Scris de\" \/>\n\t<meta name=\"twitter:data1\" content=\"Covasna45\" \/>\n\t<meta name=\"twitter:label2\" content=\"Timp estimat pentru citire\" \/>\n\t<meta name=\"twitter:data2\" content=\"3 minute\" \/>\n<script type=\"application\/ld+json\" class=\"yoast-schema-graph\">{\"@context\":\"https:\\\/\\\/schema.org\",\"@graph\":[{\"@type\":\"Article\",\"@id\":\"https:\\\/\\\/covasna45.ro\\\/index.php\\\/lumea-larga\\\/scriitorul-maghiar-laszlo-krasznahorkai-a-castigat-premiul-nobel-pentru-literatura\\\/#article\",\"isPartOf\":{\"@id\":\"https:\\\/\\\/covasna45.ro\\\/index.php\\\/lumea-larga\\\/scriitorul-maghiar-laszlo-krasznahorkai-a-castigat-premiul-nobel-pentru-literatura\\\/\"},\"author\":{\"name\":\"Covasna45\",\"@id\":\"https:\\\/\\\/covasna45.ro\\\/#\\\/schema\\\/person\\\/e674052bd7d95d70bbb007a1060ab73c\"},\"headline\":\"Scriitorul maghiar L\u00e1szl\u00f3 Krasznahorkai a c\u00e2\u0219tigat Premiul Nobel pentru Literatur\u0103\",\"datePublished\":\"2025-10-09T14:35:06+00:00\",\"dateModified\":\"2025-10-09T14:35:47+00:00\",\"mainEntityOfPage\":{\"@id\":\"https:\\\/\\\/covasna45.ro\\\/index.php\\\/lumea-larga\\\/scriitorul-maghiar-laszlo-krasznahorkai-a-castigat-premiul-nobel-pentru-literatura\\\/\"},\"wordCount\":379,\"commentCount\":0,\"publisher\":{\"@id\":\"https:\\\/\\\/covasna45.ro\\\/#organization\"},\"image\":{\"@id\":\"https:\\\/\\\/covasna45.ro\\\/index.php\\\/lumea-larga\\\/scriitorul-maghiar-laszlo-krasznahorkai-a-castigat-premiul-nobel-pentru-literatura\\\/#primaryimage\"},\"thumbnailUrl\":\"https:\\\/\\\/covasna45.ro\\\/wp-content\\\/uploads\\\/2025\\\/10\\\/nobel-hu.jpg\",\"keywords\":[\"L\u00e1szl\u00f3 Krasznahorkai\",\"premiul Nobel\",\"Ungaria\"],\"articleSection\":[\"Lumea larg\u0103\"],\"inLanguage\":\"ro-RO\",\"potentialAction\":[{\"@type\":\"CommentAction\",\"name\":\"Comment\",\"target\":[\"https:\\\/\\\/covasna45.ro\\\/index.php\\\/lumea-larga\\\/scriitorul-maghiar-laszlo-krasznahorkai-a-castigat-premiul-nobel-pentru-literatura\\\/#respond\"]}]},{\"@type\":\"WebPage\",\"@id\":\"https:\\\/\\\/covasna45.ro\\\/index.php\\\/lumea-larga\\\/scriitorul-maghiar-laszlo-krasznahorkai-a-castigat-premiul-nobel-pentru-literatura\\\/\",\"url\":\"https:\\\/\\\/covasna45.ro\\\/index.php\\\/lumea-larga\\\/scriitorul-maghiar-laszlo-krasznahorkai-a-castigat-premiul-nobel-pentru-literatura\\\/\",\"name\":\"Scriitorul maghiar L\u00e1szl\u00f3 Krasznahorkai a c\u00e2\u0219tigat Premiul Nobel pentru Literatur\u0103 - Covasna45\",\"isPartOf\":{\"@id\":\"https:\\\/\\\/covasna45.ro\\\/#website\"},\"primaryImageOfPage\":{\"@id\":\"https:\\\/\\\/covasna45.ro\\\/index.php\\\/lumea-larga\\\/scriitorul-maghiar-laszlo-krasznahorkai-a-castigat-premiul-nobel-pentru-literatura\\\/#primaryimage\"},\"image\":{\"@id\":\"https:\\\/\\\/covasna45.ro\\\/index.php\\\/lumea-larga\\\/scriitorul-maghiar-laszlo-krasznahorkai-a-castigat-premiul-nobel-pentru-literatura\\\/#primaryimage\"},\"thumbnailUrl\":\"https:\\\/\\\/covasna45.ro\\\/wp-content\\\/uploads\\\/2025\\\/10\\\/nobel-hu.jpg\",\"datePublished\":\"2025-10-09T14:35:06+00:00\",\"dateModified\":\"2025-10-09T14:35:47+00:00\",\"description\":\"\u00cen 2024, Academia Suedez\u0103 a atribuit Premiul Nobel pentru Literatur\u0103 scriitoarei sud-coreene Han Kang.\",\"breadcrumb\":{\"@id\":\"https:\\\/\\\/covasna45.ro\\\/index.php\\\/lumea-larga\\\/scriitorul-maghiar-laszlo-krasznahorkai-a-castigat-premiul-nobel-pentru-literatura\\\/#breadcrumb\"},\"inLanguage\":\"ro-RO\",\"potentialAction\":[{\"@type\":\"ReadAction\",\"target\":[\"https:\\\/\\\/covasna45.ro\\\/index.php\\\/lumea-larga\\\/scriitorul-maghiar-laszlo-krasznahorkai-a-castigat-premiul-nobel-pentru-literatura\\\/\"]}]},{\"@type\":\"ImageObject\",\"inLanguage\":\"ro-RO\",\"@id\":\"https:\\\/\\\/covasna45.ro\\\/index.php\\\/lumea-larga\\\/scriitorul-maghiar-laszlo-krasznahorkai-a-castigat-premiul-nobel-pentru-literatura\\\/#primaryimage\",\"url\":\"https:\\\/\\\/covasna45.ro\\\/wp-content\\\/uploads\\\/2025\\\/10\\\/nobel-hu.jpg\",\"contentUrl\":\"https:\\\/\\\/covasna45.ro\\\/wp-content\\\/uploads\\\/2025\\\/10\\\/nobel-hu.jpg\",\"width\":1118,\"height\":846},{\"@type\":\"BreadcrumbList\",\"@id\":\"https:\\\/\\\/covasna45.ro\\\/index.php\\\/lumea-larga\\\/scriitorul-maghiar-laszlo-krasznahorkai-a-castigat-premiul-nobel-pentru-literatura\\\/#breadcrumb\",\"itemListElement\":[{\"@type\":\"ListItem\",\"position\":1,\"name\":\"Prima pagin\u0103\",\"item\":\"https:\\\/\\\/covasna45.ro\\\/\"},{\"@type\":\"ListItem\",\"position\":2,\"name\":\"Scriitorul maghiar L\u00e1szl\u00f3 Krasznahorkai a c\u00e2\u0219tigat Premiul Nobel pentru Literatur\u0103\"}]},{\"@type\":\"WebSite\",\"@id\":\"https:\\\/\\\/covasna45.ro\\\/#website\",\"url\":\"https:\\\/\\\/covasna45.ro\\\/\",\"name\":\"covasna45.ro\",\"description\":\"\",\"publisher\":{\"@id\":\"https:\\\/\\\/covasna45.ro\\\/#organization\"},\"potentialAction\":[{\"@type\":\"SearchAction\",\"target\":{\"@type\":\"EntryPoint\",\"urlTemplate\":\"https:\\\/\\\/covasna45.ro\\\/?s={search_term_string}\"},\"query-input\":{\"@type\":\"PropertyValueSpecification\",\"valueRequired\":true,\"valueName\":\"search_term_string\"}}],\"inLanguage\":\"ro-RO\"},{\"@type\":\"Organization\",\"@id\":\"https:\\\/\\\/covasna45.ro\\\/#organization\",\"name\":\"covasna45.ro\",\"url\":\"https:\\\/\\\/covasna45.ro\\\/\",\"logo\":{\"@type\":\"ImageObject\",\"inLanguage\":\"ro-RO\",\"@id\":\"https:\\\/\\\/covasna45.ro\\\/#\\\/schema\\\/logo\\\/image\\\/\",\"url\":\"https:\\\/\\\/covasna45.ro\\\/wp-content\\\/uploads\\\/2023\\\/01\\\/icon_logo.png\",\"contentUrl\":\"https:\\\/\\\/covasna45.ro\\\/wp-content\\\/uploads\\\/2023\\\/01\\\/icon_logo.png\",\"width\":1900,\"height\":1900,\"caption\":\"covasna45.ro\"},\"image\":{\"@id\":\"https:\\\/\\\/covasna45.ro\\\/#\\\/schema\\\/logo\\\/image\\\/\"}},{\"@type\":\"Person\",\"@id\":\"https:\\\/\\\/covasna45.ro\\\/#\\\/schema\\\/person\\\/e674052bd7d95d70bbb007a1060ab73c\",\"name\":\"Covasna45\",\"image\":{\"@type\":\"ImageObject\",\"inLanguage\":\"ro-RO\",\"@id\":\"https:\\\/\\\/covasna45.ro\\\/wp-content\\\/uploads\\\/2025\\\/10\\\/icon_logo_covasna45-150x150.png\",\"url\":\"https:\\\/\\\/covasna45.ro\\\/wp-content\\\/uploads\\\/2025\\\/10\\\/icon_logo_covasna45-150x150.png\",\"contentUrl\":\"https:\\\/\\\/covasna45.ro\\\/wp-content\\\/uploads\\\/2025\\\/10\\\/icon_logo_covasna45-150x150.png\",\"caption\":\"Covasna45\"},\"sameAs\":[\"https:\\\/\\\/covasna45.ro\"],\"url\":\"https:\\\/\\\/covasna45.ro\\\/index.php\\\/author\\\/covasna\\\/\"}]}<\/script>\n<!-- \/ Yoast SEO plugin. -->","yoast_head_json":{"title":"Scriitorul maghiar L\u00e1szl\u00f3 Krasznahorkai a c\u00e2\u0219tigat Premiul Nobel pentru Literatur\u0103 - Covasna45","description":"\u00cen 2024, Academia Suedez\u0103 a atribuit Premiul Nobel pentru Literatur\u0103 scriitoarei sud-coreene Han Kang.","robots":{"index":"index","follow":"follow","max-snippet":"max-snippet:-1","max-image-preview":"max-image-preview:large","max-video-preview":"max-video-preview:-1"},"canonical":"https:\/\/covasna45.ro\/index.php\/lumea-larga\/scriitorul-maghiar-laszlo-krasznahorkai-a-castigat-premiul-nobel-pentru-literatura\/","og_locale":"ro_RO","og_type":"article","og_title":"Scriitorul maghiar L\u00e1szl\u00f3 Krasznahorkai a c\u00e2\u0219tigat Premiul Nobel pentru Literatur\u0103 - Covasna45","og_description":"\u00cen 2024, Academia Suedez\u0103 a atribuit Premiul Nobel pentru Literatur\u0103 scriitoarei sud-coreene Han Kang.","og_url":"https:\/\/covasna45.ro\/index.php\/lumea-larga\/scriitorul-maghiar-laszlo-krasznahorkai-a-castigat-premiul-nobel-pentru-literatura\/","og_site_name":"Covasna45","article_published_time":"2025-10-09T14:35:06+00:00","article_modified_time":"2025-10-09T14:35:47+00:00","og_image":[{"width":1118,"height":846,"url":"https:\/\/covasna45.ro\/wp-content\/uploads\/2025\/10\/nobel-hu.jpg","type":"image\/jpeg"}],"author":"Covasna45","twitter_card":"summary_large_image","twitter_misc":{"Scris de":"Covasna45","Timp estimat pentru citire":"3 minute"},"schema":{"@context":"https:\/\/schema.org","@graph":[{"@type":"Article","@id":"https:\/\/covasna45.ro\/index.php\/lumea-larga\/scriitorul-maghiar-laszlo-krasznahorkai-a-castigat-premiul-nobel-pentru-literatura\/#article","isPartOf":{"@id":"https:\/\/covasna45.ro\/index.php\/lumea-larga\/scriitorul-maghiar-laszlo-krasznahorkai-a-castigat-premiul-nobel-pentru-literatura\/"},"author":{"name":"Covasna45","@id":"https:\/\/covasna45.ro\/#\/schema\/person\/e674052bd7d95d70bbb007a1060ab73c"},"headline":"Scriitorul maghiar L\u00e1szl\u00f3 Krasznahorkai a c\u00e2\u0219tigat Premiul Nobel pentru Literatur\u0103","datePublished":"2025-10-09T14:35:06+00:00","dateModified":"2025-10-09T14:35:47+00:00","mainEntityOfPage":{"@id":"https:\/\/covasna45.ro\/index.php\/lumea-larga\/scriitorul-maghiar-laszlo-krasznahorkai-a-castigat-premiul-nobel-pentru-literatura\/"},"wordCount":379,"commentCount":0,"publisher":{"@id":"https:\/\/covasna45.ro\/#organization"},"image":{"@id":"https:\/\/covasna45.ro\/index.php\/lumea-larga\/scriitorul-maghiar-laszlo-krasznahorkai-a-castigat-premiul-nobel-pentru-literatura\/#primaryimage"},"thumbnailUrl":"https:\/\/covasna45.ro\/wp-content\/uploads\/2025\/10\/nobel-hu.jpg","keywords":["L\u00e1szl\u00f3 Krasznahorkai","premiul Nobel","Ungaria"],"articleSection":["Lumea larg\u0103"],"inLanguage":"ro-RO","potentialAction":[{"@type":"CommentAction","name":"Comment","target":["https:\/\/covasna45.ro\/index.php\/lumea-larga\/scriitorul-maghiar-laszlo-krasznahorkai-a-castigat-premiul-nobel-pentru-literatura\/#respond"]}]},{"@type":"WebPage","@id":"https:\/\/covasna45.ro\/index.php\/lumea-larga\/scriitorul-maghiar-laszlo-krasznahorkai-a-castigat-premiul-nobel-pentru-literatura\/","url":"https:\/\/covasna45.ro\/index.php\/lumea-larga\/scriitorul-maghiar-laszlo-krasznahorkai-a-castigat-premiul-nobel-pentru-literatura\/","name":"Scriitorul maghiar L\u00e1szl\u00f3 Krasznahorkai a c\u00e2\u0219tigat Premiul Nobel pentru Literatur\u0103 - Covasna45","isPartOf":{"@id":"https:\/\/covasna45.ro\/#website"},"primaryImageOfPage":{"@id":"https:\/\/covasna45.ro\/index.php\/lumea-larga\/scriitorul-maghiar-laszlo-krasznahorkai-a-castigat-premiul-nobel-pentru-literatura\/#primaryimage"},"image":{"@id":"https:\/\/covasna45.ro\/index.php\/lumea-larga\/scriitorul-maghiar-laszlo-krasznahorkai-a-castigat-premiul-nobel-pentru-literatura\/#primaryimage"},"thumbnailUrl":"https:\/\/covasna45.ro\/wp-content\/uploads\/2025\/10\/nobel-hu.jpg","datePublished":"2025-10-09T14:35:06+00:00","dateModified":"2025-10-09T14:35:47+00:00","description":"\u00cen 2024, Academia Suedez\u0103 a atribuit Premiul Nobel pentru Literatur\u0103 scriitoarei sud-coreene Han Kang.","breadcrumb":{"@id":"https:\/\/covasna45.ro\/index.php\/lumea-larga\/scriitorul-maghiar-laszlo-krasznahorkai-a-castigat-premiul-nobel-pentru-literatura\/#breadcrumb"},"inLanguage":"ro-RO","potentialAction":[{"@type":"ReadAction","target":["https:\/\/covasna45.ro\/index.php\/lumea-larga\/scriitorul-maghiar-laszlo-krasznahorkai-a-castigat-premiul-nobel-pentru-literatura\/"]}]},{"@type":"ImageObject","inLanguage":"ro-RO","@id":"https:\/\/covasna45.ro\/index.php\/lumea-larga\/scriitorul-maghiar-laszlo-krasznahorkai-a-castigat-premiul-nobel-pentru-literatura\/#primaryimage","url":"https:\/\/covasna45.ro\/wp-content\/uploads\/2025\/10\/nobel-hu.jpg","contentUrl":"https:\/\/covasna45.ro\/wp-content\/uploads\/2025\/10\/nobel-hu.jpg","width":1118,"height":846},{"@type":"BreadcrumbList","@id":"https:\/\/covasna45.ro\/index.php\/lumea-larga\/scriitorul-maghiar-laszlo-krasznahorkai-a-castigat-premiul-nobel-pentru-literatura\/#breadcrumb","itemListElement":[{"@type":"ListItem","position":1,"name":"Prima pagin\u0103","item":"https:\/\/covasna45.ro\/"},{"@type":"ListItem","position":2,"name":"Scriitorul maghiar L\u00e1szl\u00f3 Krasznahorkai a c\u00e2\u0219tigat Premiul Nobel pentru Literatur\u0103"}]},{"@type":"WebSite","@id":"https:\/\/covasna45.ro\/#website","url":"https:\/\/covasna45.ro\/","name":"covasna45.ro","description":"","publisher":{"@id":"https:\/\/covasna45.ro\/#organization"},"potentialAction":[{"@type":"SearchAction","target":{"@type":"EntryPoint","urlTemplate":"https:\/\/covasna45.ro\/?s={search_term_string}"},"query-input":{"@type":"PropertyValueSpecification","valueRequired":true,"valueName":"search_term_string"}}],"inLanguage":"ro-RO"},{"@type":"Organization","@id":"https:\/\/covasna45.ro\/#organization","name":"covasna45.ro","url":"https:\/\/covasna45.ro\/","logo":{"@type":"ImageObject","inLanguage":"ro-RO","@id":"https:\/\/covasna45.ro\/#\/schema\/logo\/image\/","url":"https:\/\/covasna45.ro\/wp-content\/uploads\/2023\/01\/icon_logo.png","contentUrl":"https:\/\/covasna45.ro\/wp-content\/uploads\/2023\/01\/icon_logo.png","width":1900,"height":1900,"caption":"covasna45.ro"},"image":{"@id":"https:\/\/covasna45.ro\/#\/schema\/logo\/image\/"}},{"@type":"Person","@id":"https:\/\/covasna45.ro\/#\/schema\/person\/e674052bd7d95d70bbb007a1060ab73c","name":"Covasna45","image":{"@type":"ImageObject","inLanguage":"ro-RO","@id":"https:\/\/covasna45.ro\/wp-content\/uploads\/2025\/10\/icon_logo_covasna45-150x150.png","url":"https:\/\/covasna45.ro\/wp-content\/uploads\/2025\/10\/icon_logo_covasna45-150x150.png","contentUrl":"https:\/\/covasna45.ro\/wp-content\/uploads\/2025\/10\/icon_logo_covasna45-150x150.png","caption":"Covasna45"},"sameAs":["https:\/\/covasna45.ro"],"url":"https:\/\/covasna45.ro\/index.php\/author\/covasna\/"}]}},"_links":{"self":[{"href":"https:\/\/covasna45.ro\/index.php\/wp-json\/wp\/v2\/posts\/13370","targetHints":{"allow":["GET"]}}],"collection":[{"href":"https:\/\/covasna45.ro\/index.php\/wp-json\/wp\/v2\/posts"}],"about":[{"href":"https:\/\/covasna45.ro\/index.php\/wp-json\/wp\/v2\/types\/post"}],"author":[{"embeddable":true,"href":"https:\/\/covasna45.ro\/index.php\/wp-json\/wp\/v2\/users\/1"}],"replies":[{"embeddable":true,"href":"https:\/\/covasna45.ro\/index.php\/wp-json\/wp\/v2\/comments?post=13370"}],"version-history":[{"count":2,"href":"https:\/\/covasna45.ro\/index.php\/wp-json\/wp\/v2\/posts\/13370\/revisions"}],"predecessor-version":[{"id":13373,"href":"https:\/\/covasna45.ro\/index.php\/wp-json\/wp\/v2\/posts\/13370\/revisions\/13373"}],"wp:featuredmedia":[{"embeddable":true,"href":"https:\/\/covasna45.ro\/index.php\/wp-json\/wp\/v2\/media\/13371"}],"wp:attachment":[{"href":"https:\/\/covasna45.ro\/index.php\/wp-json\/wp\/v2\/media?parent=13370"}],"wp:term":[{"taxonomy":"category","embeddable":true,"href":"https:\/\/covasna45.ro\/index.php\/wp-json\/wp\/v2\/categories?post=13370"},{"taxonomy":"post_tag","embeddable":true,"href":"https:\/\/covasna45.ro\/index.php\/wp-json\/wp\/v2\/tags?post=13370"}],"curies":[{"name":"wp","href":"https:\/\/api.w.org\/{rel}","templated":true}]}}