{"id":1354,"date":"2023-04-11T10:02:52","date_gmt":"2023-04-11T08:02:52","guid":{"rendered":"https:\/\/covasna45.ro\/?p=1354"},"modified":"2023-04-11T10:02:53","modified_gmt":"2023-04-11T08:02:53","slug":"ar-trebui-ca-pastele-sa-fie-celebrat-la-aceeasi-data-de-catre-intreaga-crestinatate","status":"publish","type":"post","link":"https:\/\/covasna45.ro\/index.php\/lumea-noastra\/ar-trebui-ca-pastele-sa-fie-celebrat-la-aceeasi-data-de-catre-intreaga-crestinatate\/","title":{"rendered":"Ar trebui ca Pa\u0219tele s\u0103 fie celebrat la aceea\u0219i dat\u0103 de c\u0103tre \u00eentreaga cre\u0219tin\u0103tate?"},"content":{"rendered":"\n<p>Fostul ministru de Externe Teodor Baconschi \u0219i profesorul Adrian Papahagi de la UBB au cerut ca BOR s\u0103 celebreze Pa\u0219tele odat\u0103 cu catolicii \u0219i protestan\u021bii.<\/p>\n\n\n\n<p><strong><em>\u201eDecalajul pascal dintre ortodoc\u0219i \u0219i restul lumii cre\u0219tine pare o relicv\u0103 a R\u0103zboiului rece. Popoarele ortodoxe, eliberate de comunism, au tot cerut ierarhiilor sincronizarea calendarului, f\u0103r\u0103 rezultat. Culmea e c\u0103 BOR nu e pe stil vechi, deci ar putea celebra Pa\u0219tele odat\u0103 cu catolicii \u0219i protestan\u021bii (cum fac ortodoc\u0219ii din Finlanda \u0219i Estonia). Cu toate astea, mergem cu ru\u0219ii &#8211; \u0219i calendarul lor iulian, ne\u00eendreptat. Adic\u0103 taman cu cei care au sabotat unitatea panortodox\u0103 at\u00e2t prin r\u0103zboiul inter-ortodox din Ucraina, c\u00e2t \u0219i prin neparticiparea arogant\u0103 la Sinodul din Creta (2016)\u201d<\/em><\/strong>, a scris Baconschi pe Facebook.<\/p>\n\n\n\n<h2 class=\"wp-block-heading\">Mitropolitul Clujului: \u201eAr fi minunat!\u201d<\/h2>\n\n\n\n<p>Mitropolitul Clujului, IPS Andrei Andreicu\u021b, spune c\u0103 Biserica Ortodox\u0103 Rom\u00e2n\u0103 (BOR) ar trebui s\u0103 s\u0103rb\u0103toreasc\u0103 Pa\u0219tele \u00een acela\u0219i timp cu \u021b\u0103rile din Vest, dup\u0103 calendarul gregorian.<\/p>\n\n\n\n<p>\u00centrebat despre demersul lui Adrian Papahagi de la UBB, care a anun\u021bat c\u0103 va pleda pe l\u00e2ng\u0103 Sf\u00e2ntul Sinod al BOR s\u0103 calculeze \u0219i Pa\u0219tele, nu doar Cr\u0103ciunul, dup\u0103 calendarul gregorian, astfel \u00eenc\u00e2t \u00cenvierea s\u0103 se celebreze \u00eempreun\u0103 cu credincio\u0219ii din Vest, mitropolitul Clujului a r\u0103spuns c\u0103 \u0219i-ar \u201e<strong><em>dori din tot sufletul\u201d<\/em><\/strong> s\u0103 se poat\u0103<strong><em> \u201erepara\u201d<\/em><\/strong> calendarul.<\/p>\n\n\n\n<p><strong><em>\u201eAr fi minunat dac\u0103 s-ar reu\u0219i acest lucru \u0219i s-ar trece pe stil nou \u0219i cu s\u0103rb\u0103torile pascale, pentru c\u0103 celelalte s\u0103rb\u0103tori cu dat\u0103 fix\u0103, cum este Cr\u0103ciunul, le \u021binem pe stil nou, doar cele legate de Pa\u0219ti le \u021binem pe stil vechi. Eu cred c\u0103 \u0219i dac\u0103 am s\u0103rb\u0103tori pe stil nou \u0219i am fi \u00een comuniune cu \u021b\u0103rile din Vest, eu cred c\u0103 tot sf\u00e2nta lumin\u0103 ar cobor\u00ee, datorit\u0103 credin\u021bei noastre la Pa\u0219ti. Ne rug\u0103m la Dumnezeu ca acest lucru s\u0103 se repare\u201d<\/em><\/strong>, a spus IPS Andrei.<\/p>\n\n\n\n<h2 class=\"wp-block-heading\">Arhiepiscopul Tomisului: \u201eAu catolicii Sf\u00e2nt\u0103 Lumin\u0103?\u201d<\/h2>\n\n\n\n<p>Arhiepiscopul Tomisului, IPS Teodosie, a reac\u021bionat \u00een discu\u021bia privind celebrarea Pa\u0219telui la aceea\u0219i dat\u0103 de c\u0103tre \u00eentreaga cre\u0219tin\u0103tate. <strong><em>\u201eAcolo este Pa\u015ftele adev\u0103rat unde vine Sf\u00e2nta Lumin\u0103. Au catolicii Sf\u00e2nt\u0103 Lumin\u0103? N-au. Al\u0163ii? N-au. To\u0163i se adun\u0103 la lumina ortodoc\u015filor \u015fi strig\u0103 adev\u0103rata lumin\u0103 a ortodoc\u015filor\u201d, <\/em><\/strong>a sus\u021binut IPS Teodosie, spun\u00e2nd c\u0103 \u00eei \u201ecomp\u0103time\u0219te\u201d pe catolici.<\/p>\n\n\n\n<h2 class=\"wp-block-heading\">Reac\u021bia Patriarhiei Rom\u00e2ne<\/h2>\n\n\n\n<p>BOR a reac\u021bionat la propunerea ca Pa\u0219tele s\u0103 fie celebrat la aceea\u0219i dat\u0103 de c\u0103tre \u00eentreaga cre\u0219tin\u0103tate, spun\u00e2nd c\u0103 <strong><em>\u201esolu\u021bionarea acestei probleme, care nu este una de natur\u0103 dogmatic\u0103, ci una de unitate inter-bisericeasc\u0103, presupune re\u00eenceperea unor consult\u0103ri \u00eentre Bisericile Ortodoxe \u0219i decizia unui viitor \u0219i necesar Sinod pan-ortodox\u201d.<\/em><\/strong><\/p>\n\n\n\n<p>Patriarhia spune, prin purt\u0103torul de cuv\u00e2nt Vasile B\u0103nescu, c\u0103 <strong><em>\u201eposibilitatea \u0219i dorin\u021ba s\u0103rb\u0103toririi Pa\u0219telui la aceea\u0219i dat\u0103 \u00een toat\u0103 lumea cre\u0219tin\u0103 au ra\u021biuni \u0219i justific\u0103ri depline, r\u0103m\u00e2n\u00e2nd un ideal absolut dezirabil\u201d.<\/em><\/strong><\/p>\n","protected":false},"excerpt":{"rendered":"<p>Fostul ministru de Externe Teodor Baconschi \u0219i profesorul Adrian Papahagi de la UBB au cerut ca BOR s\u0103 celebreze Pa\u0219tele odat\u0103 cu catolicii \u0219i protestan\u021bii. \u201eDecalajul pascal dintre ortodoc\u0219i \u0219i restul lumii cre\u0219tine pare o relicv\u0103 a R\u0103zboiului rece. Popoarele ortodoxe, eliberate de comunism, au tot cerut ierarhiilor sincronizarea calendarului, f\u0103r\u0103 rezultat. Culmea e c\u0103 [&hellip;]<\/p>\n","protected":false},"author":2,"featured_media":1355,"comment_status":"open","ping_status":"closed","sticky":false,"template":"","format":"standard","meta":{"tdm_status":"","tdm_grid_status":"","footnotes":""},"categories":[14],"tags":[357,398,397,396],"class_list":{"0":"post-1354","1":"post","2":"type-post","3":"status-publish","4":"format-standard","5":"has-post-thumbnail","7":"category-lumea-noastra","8":"tag-bor","9":"tag-calendar-gregorian","10":"tag-calendar-iulian","11":"tag-paste"},"yoast_head":"<!-- This site is optimized with the Yoast SEO plugin v27.5 - https:\/\/yoast.com\/product\/yoast-seo-wordpress\/ -->\n<title>Ar trebui ca Pa\u0219tele s\u0103 fie celebrat la aceea\u0219i dat\u0103 de c\u0103tre \u00eentreaga cre\u0219tin\u0103tate? - Covasna45<\/title>\n<meta name=\"description\" content=\"BOR a reac\u021bionat la propunerea ca Pa\u0219tele s\u0103 fie celebrat la aceea\u0219i dat\u0103 de c\u0103tre \u00eentreaga cre\u0219tin\u0103tate.\" \/>\n<meta name=\"robots\" content=\"index, follow, max-snippet:-1, max-image-preview:large, max-video-preview:-1\" \/>\n<link rel=\"canonical\" href=\"https:\/\/covasna45.ro\/index.php\/lumea-noastra\/ar-trebui-ca-pastele-sa-fie-celebrat-la-aceeasi-data-de-catre-intreaga-crestinatate\/\" \/>\n<meta property=\"og:locale\" content=\"ro_RO\" \/>\n<meta property=\"og:type\" content=\"article\" \/>\n<meta property=\"og:title\" content=\"Ar trebui ca Pa\u0219tele s\u0103 fie celebrat la aceea\u0219i dat\u0103 de c\u0103tre \u00eentreaga cre\u0219tin\u0103tate? - Covasna45\" \/>\n<meta property=\"og:description\" content=\"BOR a reac\u021bionat la propunerea ca Pa\u0219tele s\u0103 fie celebrat la aceea\u0219i dat\u0103 de c\u0103tre \u00eentreaga cre\u0219tin\u0103tate.\" \/>\n<meta property=\"og:url\" content=\"https:\/\/covasna45.ro\/index.php\/lumea-noastra\/ar-trebui-ca-pastele-sa-fie-celebrat-la-aceeasi-data-de-catre-intreaga-crestinatate\/\" \/>\n<meta property=\"og:site_name\" content=\"Covasna45\" \/>\n<meta property=\"article:published_time\" content=\"2023-04-11T08:02:52+00:00\" \/>\n<meta property=\"article:modified_time\" content=\"2023-04-11T08:02:53+00:00\" \/>\n<meta property=\"og:image\" content=\"https:\/\/covasna45.ro\/wp-content\/uploads\/2023\/04\/paste.jpg\" \/>\n\t<meta property=\"og:image:width\" content=\"740\" \/>\n\t<meta property=\"og:image:height\" content=\"493\" \/>\n\t<meta property=\"og:image:type\" content=\"image\/jpeg\" \/>\n<meta name=\"author\" content=\"Tudor Artenie\" \/>\n<meta name=\"twitter:card\" content=\"summary_large_image\" \/>\n<meta name=\"twitter:label1\" content=\"Scris de\" \/>\n\t<meta name=\"twitter:data1\" content=\"Tudor Artenie\" \/>\n\t<meta name=\"twitter:label2\" content=\"Timp estimat pentru citire\" \/>\n\t<meta name=\"twitter:data2\" content=\"3 minute\" \/>\n<script type=\"application\/ld+json\" class=\"yoast-schema-graph\">{\"@context\":\"https:\\\/\\\/schema.org\",\"@graph\":[{\"@type\":\"Article\",\"@id\":\"https:\\\/\\\/covasna45.ro\\\/index.php\\\/lumea-noastra\\\/ar-trebui-ca-pastele-sa-fie-celebrat-la-aceeasi-data-de-catre-intreaga-crestinatate\\\/#article\",\"isPartOf\":{\"@id\":\"https:\\\/\\\/covasna45.ro\\\/index.php\\\/lumea-noastra\\\/ar-trebui-ca-pastele-sa-fie-celebrat-la-aceeasi-data-de-catre-intreaga-crestinatate\\\/\"},\"author\":{\"name\":\"Tudor Artenie\",\"@id\":\"https:\\\/\\\/covasna45.ro\\\/#\\\/schema\\\/person\\\/bebc5d3d25da46ad17e583074ed07bde\"},\"headline\":\"Ar trebui ca Pa\u0219tele s\u0103 fie celebrat la aceea\u0219i dat\u0103 de c\u0103tre \u00eentreaga cre\u0219tin\u0103tate?\",\"datePublished\":\"2023-04-11T08:02:52+00:00\",\"dateModified\":\"2023-04-11T08:02:53+00:00\",\"mainEntityOfPage\":{\"@id\":\"https:\\\/\\\/covasna45.ro\\\/index.php\\\/lumea-noastra\\\/ar-trebui-ca-pastele-sa-fie-celebrat-la-aceeasi-data-de-catre-intreaga-crestinatate\\\/\"},\"wordCount\":546,\"commentCount\":0,\"publisher\":{\"@id\":\"https:\\\/\\\/covasna45.ro\\\/#organization\"},\"image\":{\"@id\":\"https:\\\/\\\/covasna45.ro\\\/index.php\\\/lumea-noastra\\\/ar-trebui-ca-pastele-sa-fie-celebrat-la-aceeasi-data-de-catre-intreaga-crestinatate\\\/#primaryimage\"},\"thumbnailUrl\":\"https:\\\/\\\/covasna45.ro\\\/wp-content\\\/uploads\\\/2023\\\/04\\\/paste.jpg\",\"keywords\":[\"BOR\",\"Calendar gregorian\",\"Calendar iulian\",\"Pa\u0219te\"],\"articleSection\":[\"Lumea noastr\u0103\"],\"inLanguage\":\"ro-RO\",\"potentialAction\":[{\"@type\":\"CommentAction\",\"name\":\"Comment\",\"target\":[\"https:\\\/\\\/covasna45.ro\\\/index.php\\\/lumea-noastra\\\/ar-trebui-ca-pastele-sa-fie-celebrat-la-aceeasi-data-de-catre-intreaga-crestinatate\\\/#respond\"]}]},{\"@type\":\"WebPage\",\"@id\":\"https:\\\/\\\/covasna45.ro\\\/index.php\\\/lumea-noastra\\\/ar-trebui-ca-pastele-sa-fie-celebrat-la-aceeasi-data-de-catre-intreaga-crestinatate\\\/\",\"url\":\"https:\\\/\\\/covasna45.ro\\\/index.php\\\/lumea-noastra\\\/ar-trebui-ca-pastele-sa-fie-celebrat-la-aceeasi-data-de-catre-intreaga-crestinatate\\\/\",\"name\":\"Ar trebui ca Pa\u0219tele s\u0103 fie celebrat la aceea\u0219i dat\u0103 de c\u0103tre \u00eentreaga cre\u0219tin\u0103tate? - Covasna45\",\"isPartOf\":{\"@id\":\"https:\\\/\\\/covasna45.ro\\\/#website\"},\"primaryImageOfPage\":{\"@id\":\"https:\\\/\\\/covasna45.ro\\\/index.php\\\/lumea-noastra\\\/ar-trebui-ca-pastele-sa-fie-celebrat-la-aceeasi-data-de-catre-intreaga-crestinatate\\\/#primaryimage\"},\"image\":{\"@id\":\"https:\\\/\\\/covasna45.ro\\\/index.php\\\/lumea-noastra\\\/ar-trebui-ca-pastele-sa-fie-celebrat-la-aceeasi-data-de-catre-intreaga-crestinatate\\\/#primaryimage\"},\"thumbnailUrl\":\"https:\\\/\\\/covasna45.ro\\\/wp-content\\\/uploads\\\/2023\\\/04\\\/paste.jpg\",\"datePublished\":\"2023-04-11T08:02:52+00:00\",\"dateModified\":\"2023-04-11T08:02:53+00:00\",\"description\":\"BOR a reac\u021bionat la propunerea ca Pa\u0219tele s\u0103 fie celebrat la aceea\u0219i dat\u0103 de c\u0103tre \u00eentreaga cre\u0219tin\u0103tate.\",\"breadcrumb\":{\"@id\":\"https:\\\/\\\/covasna45.ro\\\/index.php\\\/lumea-noastra\\\/ar-trebui-ca-pastele-sa-fie-celebrat-la-aceeasi-data-de-catre-intreaga-crestinatate\\\/#breadcrumb\"},\"inLanguage\":\"ro-RO\",\"potentialAction\":[{\"@type\":\"ReadAction\",\"target\":[\"https:\\\/\\\/covasna45.ro\\\/index.php\\\/lumea-noastra\\\/ar-trebui-ca-pastele-sa-fie-celebrat-la-aceeasi-data-de-catre-intreaga-crestinatate\\\/\"]}]},{\"@type\":\"ImageObject\",\"inLanguage\":\"ro-RO\",\"@id\":\"https:\\\/\\\/covasna45.ro\\\/index.php\\\/lumea-noastra\\\/ar-trebui-ca-pastele-sa-fie-celebrat-la-aceeasi-data-de-catre-intreaga-crestinatate\\\/#primaryimage\",\"url\":\"https:\\\/\\\/covasna45.ro\\\/wp-content\\\/uploads\\\/2023\\\/04\\\/paste.jpg\",\"contentUrl\":\"https:\\\/\\\/covasna45.ro\\\/wp-content\\\/uploads\\\/2023\\\/04\\\/paste.jpg\",\"width\":740,\"height\":493},{\"@type\":\"BreadcrumbList\",\"@id\":\"https:\\\/\\\/covasna45.ro\\\/index.php\\\/lumea-noastra\\\/ar-trebui-ca-pastele-sa-fie-celebrat-la-aceeasi-data-de-catre-intreaga-crestinatate\\\/#breadcrumb\",\"itemListElement\":[{\"@type\":\"ListItem\",\"position\":1,\"name\":\"Prima pagin\u0103\",\"item\":\"https:\\\/\\\/covasna45.ro\\\/\"},{\"@type\":\"ListItem\",\"position\":2,\"name\":\"Ar trebui ca Pa\u0219tele s\u0103 fie celebrat la aceea\u0219i dat\u0103 de c\u0103tre \u00eentreaga cre\u0219tin\u0103tate?\"}]},{\"@type\":\"WebSite\",\"@id\":\"https:\\\/\\\/covasna45.ro\\\/#website\",\"url\":\"https:\\\/\\\/covasna45.ro\\\/\",\"name\":\"covasna45.ro\",\"description\":\"\",\"publisher\":{\"@id\":\"https:\\\/\\\/covasna45.ro\\\/#organization\"},\"potentialAction\":[{\"@type\":\"SearchAction\",\"target\":{\"@type\":\"EntryPoint\",\"urlTemplate\":\"https:\\\/\\\/covasna45.ro\\\/?s={search_term_string}\"},\"query-input\":{\"@type\":\"PropertyValueSpecification\",\"valueRequired\":true,\"valueName\":\"search_term_string\"}}],\"inLanguage\":\"ro-RO\"},{\"@type\":\"Organization\",\"@id\":\"https:\\\/\\\/covasna45.ro\\\/#organization\",\"name\":\"covasna45.ro\",\"url\":\"https:\\\/\\\/covasna45.ro\\\/\",\"logo\":{\"@type\":\"ImageObject\",\"inLanguage\":\"ro-RO\",\"@id\":\"https:\\\/\\\/covasna45.ro\\\/#\\\/schema\\\/logo\\\/image\\\/\",\"url\":\"https:\\\/\\\/covasna45.ro\\\/wp-content\\\/uploads\\\/2023\\\/01\\\/icon_logo.png\",\"contentUrl\":\"https:\\\/\\\/covasna45.ro\\\/wp-content\\\/uploads\\\/2023\\\/01\\\/icon_logo.png\",\"width\":1900,\"height\":1900,\"caption\":\"covasna45.ro\"},\"image\":{\"@id\":\"https:\\\/\\\/covasna45.ro\\\/#\\\/schema\\\/logo\\\/image\\\/\"}},{\"@type\":\"Person\",\"@id\":\"https:\\\/\\\/covasna45.ro\\\/#\\\/schema\\\/person\\\/bebc5d3d25da46ad17e583074ed07bde\",\"name\":\"Tudor Artenie\",\"image\":{\"@type\":\"ImageObject\",\"inLanguage\":\"ro-RO\",\"@id\":\"https:\\\/\\\/covasna45.ro\\\/wp-content\\\/uploads\\\/2025\\\/10\\\/Tudor_recita_1-1-150x150.jpg\",\"url\":\"https:\\\/\\\/covasna45.ro\\\/wp-content\\\/uploads\\\/2025\\\/10\\\/Tudor_recita_1-1-150x150.jpg\",\"contentUrl\":\"https:\\\/\\\/covasna45.ro\\\/wp-content\\\/uploads\\\/2025\\\/10\\\/Tudor_recita_1-1-150x150.jpg\",\"caption\":\"Tudor Artenie\"},\"url\":\"https:\\\/\\\/covasna45.ro\\\/index.php\\\/author\\\/tudor\\\/\"}]}<\/script>\n<!-- \/ Yoast SEO plugin. -->","yoast_head_json":{"title":"Ar trebui ca Pa\u0219tele s\u0103 fie celebrat la aceea\u0219i dat\u0103 de c\u0103tre \u00eentreaga cre\u0219tin\u0103tate? - Covasna45","description":"BOR a reac\u021bionat la propunerea ca Pa\u0219tele s\u0103 fie celebrat la aceea\u0219i dat\u0103 de c\u0103tre \u00eentreaga cre\u0219tin\u0103tate.","robots":{"index":"index","follow":"follow","max-snippet":"max-snippet:-1","max-image-preview":"max-image-preview:large","max-video-preview":"max-video-preview:-1"},"canonical":"https:\/\/covasna45.ro\/index.php\/lumea-noastra\/ar-trebui-ca-pastele-sa-fie-celebrat-la-aceeasi-data-de-catre-intreaga-crestinatate\/","og_locale":"ro_RO","og_type":"article","og_title":"Ar trebui ca Pa\u0219tele s\u0103 fie celebrat la aceea\u0219i dat\u0103 de c\u0103tre \u00eentreaga cre\u0219tin\u0103tate? - Covasna45","og_description":"BOR a reac\u021bionat la propunerea ca Pa\u0219tele s\u0103 fie celebrat la aceea\u0219i dat\u0103 de c\u0103tre \u00eentreaga cre\u0219tin\u0103tate.","og_url":"https:\/\/covasna45.ro\/index.php\/lumea-noastra\/ar-trebui-ca-pastele-sa-fie-celebrat-la-aceeasi-data-de-catre-intreaga-crestinatate\/","og_site_name":"Covasna45","article_published_time":"2023-04-11T08:02:52+00:00","article_modified_time":"2023-04-11T08:02:53+00:00","og_image":[{"width":740,"height":493,"url":"https:\/\/covasna45.ro\/wp-content\/uploads\/2023\/04\/paste.jpg","type":"image\/jpeg"}],"author":"Tudor Artenie","twitter_card":"summary_large_image","twitter_misc":{"Scris de":"Tudor Artenie","Timp estimat pentru citire":"3 minute"},"schema":{"@context":"https:\/\/schema.org","@graph":[{"@type":"Article","@id":"https:\/\/covasna45.ro\/index.php\/lumea-noastra\/ar-trebui-ca-pastele-sa-fie-celebrat-la-aceeasi-data-de-catre-intreaga-crestinatate\/#article","isPartOf":{"@id":"https:\/\/covasna45.ro\/index.php\/lumea-noastra\/ar-trebui-ca-pastele-sa-fie-celebrat-la-aceeasi-data-de-catre-intreaga-crestinatate\/"},"author":{"name":"Tudor Artenie","@id":"https:\/\/covasna45.ro\/#\/schema\/person\/bebc5d3d25da46ad17e583074ed07bde"},"headline":"Ar trebui ca Pa\u0219tele s\u0103 fie celebrat la aceea\u0219i dat\u0103 de c\u0103tre \u00eentreaga cre\u0219tin\u0103tate?","datePublished":"2023-04-11T08:02:52+00:00","dateModified":"2023-04-11T08:02:53+00:00","mainEntityOfPage":{"@id":"https:\/\/covasna45.ro\/index.php\/lumea-noastra\/ar-trebui-ca-pastele-sa-fie-celebrat-la-aceeasi-data-de-catre-intreaga-crestinatate\/"},"wordCount":546,"commentCount":0,"publisher":{"@id":"https:\/\/covasna45.ro\/#organization"},"image":{"@id":"https:\/\/covasna45.ro\/index.php\/lumea-noastra\/ar-trebui-ca-pastele-sa-fie-celebrat-la-aceeasi-data-de-catre-intreaga-crestinatate\/#primaryimage"},"thumbnailUrl":"https:\/\/covasna45.ro\/wp-content\/uploads\/2023\/04\/paste.jpg","keywords":["BOR","Calendar gregorian","Calendar iulian","Pa\u0219te"],"articleSection":["Lumea noastr\u0103"],"inLanguage":"ro-RO","potentialAction":[{"@type":"CommentAction","name":"Comment","target":["https:\/\/covasna45.ro\/index.php\/lumea-noastra\/ar-trebui-ca-pastele-sa-fie-celebrat-la-aceeasi-data-de-catre-intreaga-crestinatate\/#respond"]}]},{"@type":"WebPage","@id":"https:\/\/covasna45.ro\/index.php\/lumea-noastra\/ar-trebui-ca-pastele-sa-fie-celebrat-la-aceeasi-data-de-catre-intreaga-crestinatate\/","url":"https:\/\/covasna45.ro\/index.php\/lumea-noastra\/ar-trebui-ca-pastele-sa-fie-celebrat-la-aceeasi-data-de-catre-intreaga-crestinatate\/","name":"Ar trebui ca Pa\u0219tele s\u0103 fie celebrat la aceea\u0219i dat\u0103 de c\u0103tre \u00eentreaga cre\u0219tin\u0103tate? - Covasna45","isPartOf":{"@id":"https:\/\/covasna45.ro\/#website"},"primaryImageOfPage":{"@id":"https:\/\/covasna45.ro\/index.php\/lumea-noastra\/ar-trebui-ca-pastele-sa-fie-celebrat-la-aceeasi-data-de-catre-intreaga-crestinatate\/#primaryimage"},"image":{"@id":"https:\/\/covasna45.ro\/index.php\/lumea-noastra\/ar-trebui-ca-pastele-sa-fie-celebrat-la-aceeasi-data-de-catre-intreaga-crestinatate\/#primaryimage"},"thumbnailUrl":"https:\/\/covasna45.ro\/wp-content\/uploads\/2023\/04\/paste.jpg","datePublished":"2023-04-11T08:02:52+00:00","dateModified":"2023-04-11T08:02:53+00:00","description":"BOR a reac\u021bionat la propunerea ca Pa\u0219tele s\u0103 fie celebrat la aceea\u0219i dat\u0103 de c\u0103tre \u00eentreaga cre\u0219tin\u0103tate.","breadcrumb":{"@id":"https:\/\/covasna45.ro\/index.php\/lumea-noastra\/ar-trebui-ca-pastele-sa-fie-celebrat-la-aceeasi-data-de-catre-intreaga-crestinatate\/#breadcrumb"},"inLanguage":"ro-RO","potentialAction":[{"@type":"ReadAction","target":["https:\/\/covasna45.ro\/index.php\/lumea-noastra\/ar-trebui-ca-pastele-sa-fie-celebrat-la-aceeasi-data-de-catre-intreaga-crestinatate\/"]}]},{"@type":"ImageObject","inLanguage":"ro-RO","@id":"https:\/\/covasna45.ro\/index.php\/lumea-noastra\/ar-trebui-ca-pastele-sa-fie-celebrat-la-aceeasi-data-de-catre-intreaga-crestinatate\/#primaryimage","url":"https:\/\/covasna45.ro\/wp-content\/uploads\/2023\/04\/paste.jpg","contentUrl":"https:\/\/covasna45.ro\/wp-content\/uploads\/2023\/04\/paste.jpg","width":740,"height":493},{"@type":"BreadcrumbList","@id":"https:\/\/covasna45.ro\/index.php\/lumea-noastra\/ar-trebui-ca-pastele-sa-fie-celebrat-la-aceeasi-data-de-catre-intreaga-crestinatate\/#breadcrumb","itemListElement":[{"@type":"ListItem","position":1,"name":"Prima pagin\u0103","item":"https:\/\/covasna45.ro\/"},{"@type":"ListItem","position":2,"name":"Ar trebui ca Pa\u0219tele s\u0103 fie celebrat la aceea\u0219i dat\u0103 de c\u0103tre \u00eentreaga cre\u0219tin\u0103tate?"}]},{"@type":"WebSite","@id":"https:\/\/covasna45.ro\/#website","url":"https:\/\/covasna45.ro\/","name":"covasna45.ro","description":"","publisher":{"@id":"https:\/\/covasna45.ro\/#organization"},"potentialAction":[{"@type":"SearchAction","target":{"@type":"EntryPoint","urlTemplate":"https:\/\/covasna45.ro\/?s={search_term_string}"},"query-input":{"@type":"PropertyValueSpecification","valueRequired":true,"valueName":"search_term_string"}}],"inLanguage":"ro-RO"},{"@type":"Organization","@id":"https:\/\/covasna45.ro\/#organization","name":"covasna45.ro","url":"https:\/\/covasna45.ro\/","logo":{"@type":"ImageObject","inLanguage":"ro-RO","@id":"https:\/\/covasna45.ro\/#\/schema\/logo\/image\/","url":"https:\/\/covasna45.ro\/wp-content\/uploads\/2023\/01\/icon_logo.png","contentUrl":"https:\/\/covasna45.ro\/wp-content\/uploads\/2023\/01\/icon_logo.png","width":1900,"height":1900,"caption":"covasna45.ro"},"image":{"@id":"https:\/\/covasna45.ro\/#\/schema\/logo\/image\/"}},{"@type":"Person","@id":"https:\/\/covasna45.ro\/#\/schema\/person\/bebc5d3d25da46ad17e583074ed07bde","name":"Tudor Artenie","image":{"@type":"ImageObject","inLanguage":"ro-RO","@id":"https:\/\/covasna45.ro\/wp-content\/uploads\/2025\/10\/Tudor_recita_1-1-150x150.jpg","url":"https:\/\/covasna45.ro\/wp-content\/uploads\/2025\/10\/Tudor_recita_1-1-150x150.jpg","contentUrl":"https:\/\/covasna45.ro\/wp-content\/uploads\/2025\/10\/Tudor_recita_1-1-150x150.jpg","caption":"Tudor Artenie"},"url":"https:\/\/covasna45.ro\/index.php\/author\/tudor\/"}]}},"_links":{"self":[{"href":"https:\/\/covasna45.ro\/index.php\/wp-json\/wp\/v2\/posts\/1354","targetHints":{"allow":["GET"]}}],"collection":[{"href":"https:\/\/covasna45.ro\/index.php\/wp-json\/wp\/v2\/posts"}],"about":[{"href":"https:\/\/covasna45.ro\/index.php\/wp-json\/wp\/v2\/types\/post"}],"author":[{"embeddable":true,"href":"https:\/\/covasna45.ro\/index.php\/wp-json\/wp\/v2\/users\/2"}],"replies":[{"embeddable":true,"href":"https:\/\/covasna45.ro\/index.php\/wp-json\/wp\/v2\/comments?post=1354"}],"version-history":[{"count":1,"href":"https:\/\/covasna45.ro\/index.php\/wp-json\/wp\/v2\/posts\/1354\/revisions"}],"predecessor-version":[{"id":1356,"href":"https:\/\/covasna45.ro\/index.php\/wp-json\/wp\/v2\/posts\/1354\/revisions\/1356"}],"wp:featuredmedia":[{"embeddable":true,"href":"https:\/\/covasna45.ro\/index.php\/wp-json\/wp\/v2\/media\/1355"}],"wp:attachment":[{"href":"https:\/\/covasna45.ro\/index.php\/wp-json\/wp\/v2\/media?parent=1354"}],"wp:term":[{"taxonomy":"category","embeddable":true,"href":"https:\/\/covasna45.ro\/index.php\/wp-json\/wp\/v2\/categories?post=1354"},{"taxonomy":"post_tag","embeddable":true,"href":"https:\/\/covasna45.ro\/index.php\/wp-json\/wp\/v2\/tags?post=1354"}],"curies":[{"name":"wp","href":"https:\/\/api.w.org\/{rel}","templated":true}]}}