{"id":13587,"date":"2025-10-24T18:29:31","date_gmt":"2025-10-24T16:29:31","guid":{"rendered":"https:\/\/covasna45.ro\/?p=13587"},"modified":"2025-10-24T18:30:13","modified_gmt":"2025-10-24T16:30:13","slug":"editie-aniversara-a-festivalului-dbutant-27-octombrie-1-noiembrie","status":"publish","type":"post","link":"https:\/\/covasna45.ro\/index.php\/lumea-noastra\/editie-aniversara-a-festivalului-dbutant-27-octombrie-1-noiembrie\/","title":{"rendered":"Edi\u021bie aniversar\u0103 a Festivalului \u201eDbutanT\u201d: 27 octombrie \u2013 1 noiembrie"},"content":{"rendered":"\n<p>Unul dintre cele mai apreciate festivaluri din \u021bar\u0103 \u00eencepe la Sf\u00e2ntu Gheorghe. Este vorba despre cea de-a X-a edi\u021bie a Festivalului-Concurs \u201eDbutanT\u201d, organizat\u0103 de Teatrul \u201eAndrei Mure\u0219anu\u201d. Aceasta va avea loc \u00eentre 27 octombrie \u0219i 1 noiembrie.<\/p>\n\n\n\n<figure class=\"wp-block-image size-large\"><img loading=\"lazy\" decoding=\"async\" width=\"1024\" height=\"768\" src=\"https:\/\/covasna45.ro\/wp-content\/uploads\/2025\/10\/tam-deb-1024x768.jpg\" alt=\"\" class=\"wp-image-13591\" srcset=\"https:\/\/covasna45.ro\/wp-content\/uploads\/2025\/10\/tam-deb-1024x768.jpg 1024w, https:\/\/covasna45.ro\/wp-content\/uploads\/2025\/10\/tam-deb-300x225.jpg 300w, https:\/\/covasna45.ro\/wp-content\/uploads\/2025\/10\/tam-deb-768x576.jpg 768w, https:\/\/covasna45.ro\/wp-content\/uploads\/2025\/10\/tam-deb-1536x1152.jpg 1536w, https:\/\/covasna45.ro\/wp-content\/uploads\/2025\/10\/tam-deb-2048x1536.jpg 2048w, https:\/\/covasna45.ro\/wp-content\/uploads\/2025\/10\/tam-deb-150x113.jpg 150w, https:\/\/covasna45.ro\/wp-content\/uploads\/2025\/10\/tam-deb-696x522.jpg 696w, https:\/\/covasna45.ro\/wp-content\/uploads\/2025\/10\/tam-deb-1068x801.jpg 1068w, https:\/\/covasna45.ro\/wp-content\/uploads\/2025\/10\/tam-deb-1920x1440.jpg 1920w\" sizes=\"auto, (max-width: 1024px) 100vw, 1024px\" \/><\/figure>\n\n\n\n<p>Este o edi\u021bie aniversar\u0103 dedicat\u0103 regizorilor \u0219i care marcheaz\u0103, \u00een premier\u0103, \u0219i introducerea unei sec\u021biuni de critic\u0103 teatral\u0103.<\/p>\n\n\n\n<p>Deschiderea oficial\u0103 a Festivalului va avea loc pe 27 octombrie, la ora 17.00, la fosta Fabric\u0103 de \u021aigarete.<\/p>\n\n\n\n<h2 class=\"wp-block-heading\">De la 17.30 publicul iubitor de cultur\u0103 \u0219i de istoria muzicii este invitat la o expozi\u021bie-eveniment: \u201eDoar viorile au r\u0103mas &#8211; Alma \u0219i Arnold Ros\u00e9\u201d.<\/h2>\n\n\n\n<p>C\u00e2teva detalii despre aceast\u0103 expozi\u021bie red\u0103 <a href=\"https:\/\/classixfestival.ro\/classix-in-art-2025\/doar-viorile-au-ramas\/\">Classix Festival<\/a>:<\/p>\n\n\n\n<p>\u201eDestinul tragic a dou\u0103 personalit\u0103\u021bi de referin\u021b\u0103 ale scenelor muzicale \u0219i ale artelor spectacolului austriece \u0219i europene \u2013 Alma (1906-1944) \u0219i tat\u0103l ei, Arnold Ros\u00e9 (1863-1946) \u2013 este explorat \u00een expozi\u021bia eveniment &lt;&lt;Doar viorile au r\u0103mas \u2013 Alma \u0219i Arnold Ros\u00e9&gt;&gt;.<\/p>\n\n\n\n<figure class=\"wp-block-image size-large\"><img loading=\"lazy\" decoding=\"async\" width=\"683\" height=\"1024\" src=\"https:\/\/covasna45.ro\/wp-content\/uploads\/2025\/10\/classix-683x1024.jpg\" alt=\"\" class=\"wp-image-13588\" srcset=\"https:\/\/covasna45.ro\/wp-content\/uploads\/2025\/10\/classix-683x1024.jpg 683w, https:\/\/covasna45.ro\/wp-content\/uploads\/2025\/10\/classix-200x300.jpg 200w, https:\/\/covasna45.ro\/wp-content\/uploads\/2025\/10\/classix-768x1152.jpg 768w, https:\/\/covasna45.ro\/wp-content\/uploads\/2025\/10\/classix-1024x1536.jpg 1024w, https:\/\/covasna45.ro\/wp-content\/uploads\/2025\/10\/classix-150x225.jpg 150w, https:\/\/covasna45.ro\/wp-content\/uploads\/2025\/10\/classix-300x450.jpg 300w, https:\/\/covasna45.ro\/wp-content\/uploads\/2025\/10\/classix-696x1044.jpg 696w, https:\/\/covasna45.ro\/wp-content\/uploads\/2025\/10\/classix-1068x1602.jpg 1068w, https:\/\/covasna45.ro\/wp-content\/uploads\/2025\/10\/classix.jpg 1365w\" sizes=\"auto, (max-width: 683px) 100vw, 683px\" \/><figcaption class=\"wp-element-caption\">Sursa foto: Classix<\/figcaption><\/figure>\n\n\n\n<p>Cei doi prodigio\u0219i instrumenti\u0219ti aveau o rela\u021bie destul de pu\u021bin cunoscut\u0103 cu Rom\u00e2nia \u2013 Arnold Ros\u00e9 s-a n\u0103scut la Ia\u0219i, \u00een 1863, \u00eenainte ca familia sa s\u0103 se mute la Viena; de asemenea, \u00een anii 1920, cvartetul Ros\u00e9 c\u00e2nta nu rareori cu George Enescu. Cariera celor doi violoni\u0219ti Ros\u00e9, ca \u0219i cea a multor altor muzicieni, s-a \u00eencheiat brusc \u00een 1938, c\u00e2nd Austria a fost anexat\u0103 de Reich-ul nazist. Peste 66.000 de evrei austrieci au c\u0103zut victime ale Holocaustului.<\/p>\n\n\n\n<p>Alma Ros\u00e9 a creat \u0219i a dirijat orchestra de femei din lag\u0103rul de concentrare Auschwitz-Birkenau. Astfel, ea a reu\u0219it s\u0103 salveze vie\u021bile a numero\u0219i muzicieni evrei \u00eenainte de a muri ea \u00eens\u0103\u0219i \u00een acel lag\u0103r, \u00een 1944.<br><br>Oferit\u0103 de Haus der Geschichte \u00d6sterreich (Muzeul de istorie recent\u0103 a Austriei) \u0219i de&nbsp;Forumul Cultural Austriac, expozi\u021bia este prezentat\u0103 printr-un concept scenografic&nbsp;supervizat de artistul vizual Constantin Butoi,&nbsp;realizat&nbsp;cu sus\u021binerea Teatrului &lt;&lt;Luceaf\u0103rul&gt;&gt; din Ia\u0219i, pentru Festivalul Classix 2025\u201d.<\/p>\n\n\n\n<h2 class=\"wp-block-heading\">Un program complex<\/h2>\n\n\n\n<p>Edi\u021bia 2025 a Festivalului \u201eDbutanT\u201d nu \u00eenseamn\u0103 doar piese de teatru, ci o mul\u021bime de alte atrac\u021bii, cum ar fi lans\u0103ri de carte, ateliere, scurtmetraje de anima\u021bie, DJ party, evenimentele fiind \u201e\u00eemp\u0103r\u021bite\u201d \u00eentre sediul teatrului \u0219i Fabrica de \u021aigarete.<\/p>\n\n\n\n<figure class=\"wp-block-image size-full\"><img loading=\"lazy\" decoding=\"async\" width=\"711\" height=\"951\" src=\"https:\/\/covasna45.ro\/wp-content\/uploads\/2025\/10\/tam-afis-deb.jpg\" alt=\"\" class=\"wp-image-13589\" srcset=\"https:\/\/covasna45.ro\/wp-content\/uploads\/2025\/10\/tam-afis-deb.jpg 711w, https:\/\/covasna45.ro\/wp-content\/uploads\/2025\/10\/tam-afis-deb-224x300.jpg 224w, https:\/\/covasna45.ro\/wp-content\/uploads\/2025\/10\/tam-afis-deb-150x201.jpg 150w, https:\/\/covasna45.ro\/wp-content\/uploads\/2025\/10\/tam-afis-deb-300x401.jpg 300w, https:\/\/covasna45.ro\/wp-content\/uploads\/2025\/10\/tam-afis-deb-696x931.jpg 696w\" sizes=\"auto, (max-width: 711px) 100vw, 711px\" \/><\/figure>\n\n\n\n<p>P\u00e2n\u0103 la data-limit\u0103 de 1 septembrie, \u00een <a href=\"https:\/\/covasna45.ro\/index.php\/lumea-noastra\/festivalul-concurs-dbutant-2024-participare-record-cu-51-de-spectacole\/\">concurs<\/a> au fost \u00eenscrise 31 de spectacole, semnate de 27 de regizori (unii cu c\u00e2te dou\u0103 produc\u021bii). La sec\u021biunea de critic\u0103 teatral\u0103, organizat\u0103 \u00een parteneriat cu <a href=\"https:\/\/l.facebook.com\/l.php?u=http%3A%2F%2FScena.ro%2F%3Ffbclid%3DIwZXh0bgNhZW0CMTAAYnJpZBExd0gzNUo2aEdGcGtObE1oNQEeUjZu2HjH9SSXJrod_SsJZem8mrjaqIqXayu7tj5CfWTbGicMfrp1QtoJD4A_aem_ilfXOSdlZITlvh8vS3wW3g&amp;h=AT2t2DX6Mi2yG_NmhDvs8bx9jX66hFLrkPbGgTg19fPYIPPmKyKR30LtL2kcTGf9LHTybEB7JcsvBJPi6D7bREhgaD4t7Y0EHtKVtlgXRat9fW4eC4B-4sDB1lgK_J7FPrgbGaXXm3ECLtyw&amp;__tn__=-UK-R&amp;c%5b0%5d=AT1yV9pYUMpZbw4f1-1VBzxxsZW17Us77kmiZ3OdwuTzN8h6Crk3CIq3mr8medGCVOY5I62Kg7TWw2-hT1Zka1B7aANBwlQaPQQUCUIVifuKXhKmAIBQzLnyjErT8DDQj-OVQcCVM7v0ko8a6Y7XjQ2I3SC9A-WD7cBeyW4K1x8E2AIBS4IU0lbmCf-A8xeSOguLWkhsJWWZq4ubbmmtvVFN6Q\" target=\"_blank\" rel=\"noreferrer noopener\"><strong>Scena.ro<\/strong><\/a>, s-au \u00eenscris 12 participan\u021bi.<\/p>\n\n\n\n<p>Conform regulamentului, \u00een competi\u021bia final\u0103 au r\u0103mas doar 5 spectacole \u0219i regizorii lor, desemna\u021bi \u00een urma selec\u021biei f\u0103cute de Consiliul Artistic al Teatrului \u201eAndrei Mure\u0219anu\u201d.<\/p>\n\n\n\n<p>Acestea sunt:<\/p>\n\n\n\n<ul class=\"wp-block-list\">\n<li>\u201eEu, viermele\u201d \u2013 Universitatea \u201eBabe\u0219-Bolyai\u201d din Cluj-Napoca, regizor Nagy Norbert<\/li>\n\n\n\n<li>\u201eTomcat\u201d \u2013 Excelsior Bucure\u0219ti, regizor Vlad Ciprian B\u0103lan<\/li>\n\n\n\n<li>\u201ePetru sau zece f\u0103r\u0103 un sfert\u201d &#8211; Teatrul de Nord Satu Mare, regizor Tudor Dreve<\/li>\n\n\n\n<li>\u201eTom la ferm\u0103\u201d \u2013 U.N.A.T.C ,,I. L. Caragiale\u201d Bucure\u0219ti, regizor Larisa Popa<\/li>\n\n\n\n<li>\u201eProcesul\u201d \u2013 Teatrul \u201eTomcsa S\u00e1ndor\u201d din Odorheiu Secuiesc, regizor Marcel B\u00e9lai.<\/li>\n<\/ul>\n\n\n\n<p><strong>La sec\u021biunea de critic\u0103 teatral\u0103, <a href=\"http:\/\/scena.ro\/?fbclid=IwZXh0bgNhZW0CMTAAYnJpZBExd0gzNUo2aEdGcGtObE1oNQEe5UqK_WG9IBO5erXifMzFGdzPCcI4nLyXv1HKWieXC6MsiJZowPoJRAsPDSA_aem_7jJzKwaqlViTJEUxK-RA0Q\" target=\"_blank\" rel=\"noreferrer noopener\">Scena.ro<\/a> a selectat trei critici debutan\u021bi care vor concura \u00een festival:<\/strong><\/p>\n\n\n\n<ul class=\"wp-block-list\">\n<li>Alin G\u00eerbu;<\/li>\n\n\n\n<li>Anca \u0218ugar;<\/li>\n\n\n\n<li>Mihai \u0218tefan.<\/li>\n<\/ul>\n\n\n\n<h2 class=\"wp-block-heading\">Juriul edi\u021biei aniversare este alc\u0103tuit din:<\/h2>\n\n\n\n<ul class=\"wp-block-list\">\n<li>J\u00e9r\u00f4me Junod \u2013 Chefdramaturg &amp; Spielleiter<\/li>\n\n\n\n<li>Sayed Abdelkhalek \u2013 Filmmaker, Fayium Film Festival<\/li>\n\n\n\n<li>Catinca Dr\u0103g\u0103nescu \u2013 regizoare de teatru, manager al Teatrului Masca<\/li>\n\n\n\n<li>Erwin \u0218im\u0219ensohn \u2013 regizor, manager al Teatrului de Stat Constan\u021ba<\/li>\n\n\n\n<li>Bobi Pricop \u2013 regizor, director artistic Teatrul Regina Maria, Oradea.<\/li>\n<\/ul>\n\n\n\n<figure class=\"wp-block-image size-large\"><img loading=\"lazy\" decoding=\"async\" width=\"768\" height=\"1024\" src=\"https:\/\/covasna45.ro\/wp-content\/uploads\/2025\/10\/prog-deb-768x1024.jpg\" alt=\"\" class=\"wp-image-13590\" srcset=\"https:\/\/covasna45.ro\/wp-content\/uploads\/2025\/10\/prog-deb-768x1024.jpg 768w, https:\/\/covasna45.ro\/wp-content\/uploads\/2025\/10\/prog-deb-225x300.jpg 225w, https:\/\/covasna45.ro\/wp-content\/uploads\/2025\/10\/prog-deb-1152x1536.jpg 1152w, https:\/\/covasna45.ro\/wp-content\/uploads\/2025\/10\/prog-deb-150x200.jpg 150w, https:\/\/covasna45.ro\/wp-content\/uploads\/2025\/10\/prog-deb-300x400.jpg 300w, https:\/\/covasna45.ro\/wp-content\/uploads\/2025\/10\/prog-deb-696x928.jpg 696w, https:\/\/covasna45.ro\/wp-content\/uploads\/2025\/10\/prog-deb-1068x1424.jpg 1068w, https:\/\/covasna45.ro\/wp-content\/uploads\/2025\/10\/prog-deb.jpg 1200w\" sizes=\"auto, (max-width: 768px) 100vw, 768px\" \/><\/figure>\n\n\n\n<p>Premiile edi\u021biei aniversare constau \u00eentr-o montare pe scenele Teatrului \u201eAndrei Mure\u0219anu\u201d \u0219i Teatrului Masca, realizat\u0103 \u00een coproduc\u021bie, pentru regizorul c\u00e2\u0219tig\u0103tor \u2013 spectacol care va intra \u00een repertoriile ambelor institu\u021bii \u2013 \u0219i, respectiv, un onorariu simbolic \u0219i publicarea \u00een revista <a href=\"http:\/\/scena.ro\/?fbclid=IwZXh0bgNhZW0CMTAAYnJpZBExd0gzNUo2aEdGcGtObE1oNQEejmlank_ZpUngjG9k6bGKkp0ehSxhCIb-MrDWG_HKi-rAlkyc_BlJCxow95M_aem_aXI3AryYEq-M1ZlWuwpszg\" target=\"_blank\" rel=\"noreferrer noopener\"><strong>Scena.ro<\/strong><\/a> a articolelor scrise \u00een cadrul festivalului, pentru criticul de teatru c\u00e2\u0219tig\u0103tor.<\/p>\n","protected":false},"excerpt":{"rendered":"<p>Unul dintre cele mai apreciate festivaluri din \u021bar\u0103 \u00eencepe la Sf\u00e2ntu Gheorghe. Este vorba despre cea de-a X-a edi\u021bie a Festivalului-Concurs \u201eDbutanT\u201d, organizat\u0103 de Teatrul \u201eAndrei Mure\u0219anu\u201d. Aceasta va avea loc \u00eentre 27 octombrie \u0219i 1 noiembrie. Este o edi\u021bie aniversar\u0103 dedicat\u0103 regizorilor \u0219i care marcheaz\u0103, \u00een premier\u0103, \u0219i introducerea unei sec\u021biuni de critic\u0103 teatral\u0103. [&hellip;]<\/p>\n","protected":false},"author":1,"featured_media":13592,"comment_status":"open","ping_status":"closed","sticky":false,"template":"","format":"standard","meta":{"tdm_status":"","tdm_grid_status":"","footnotes":""},"categories":[14],"tags":[4308,1063],"class_list":{"0":"post-13587","1":"post","2":"type-post","3":"status-publish","4":"format-standard","5":"has-post-thumbnail","7":"category-lumea-noastra","8":"tag-festivalul-d-butant","9":"tag-teatrul-andrei-muresanu-2"},"yoast_head":"<!-- This site is optimized with the Yoast SEO plugin v27.5 - https:\/\/yoast.com\/product\/yoast-seo-wordpress\/ -->\n<title>Edi\u021bie aniversar\u0103 a Festivalului \u201eDbutanT\u201d: 27 octombrie \u2013 1 noiembrie - Covasna45<\/title>\n<meta name=\"description\" content=\"Este vorba despre cea de-a X-a edi\u021bie a Festivalului-Concurs \u201eDbutanT\u201d, organizat de Teatrul \u201eAndrei Mure\u0219anu\u201d.\" \/>\n<meta name=\"robots\" content=\"index, follow, max-snippet:-1, max-image-preview:large, max-video-preview:-1\" \/>\n<link rel=\"canonical\" href=\"https:\/\/covasna45.ro\/index.php\/lumea-noastra\/editie-aniversara-a-festivalului-dbutant-27-octombrie-1-noiembrie\/\" \/>\n<meta property=\"og:locale\" content=\"ro_RO\" \/>\n<meta property=\"og:type\" content=\"article\" \/>\n<meta property=\"og:title\" content=\"Edi\u021bie aniversar\u0103 a Festivalului \u201eDbutanT\u201d: 27 octombrie \u2013 1 noiembrie - Covasna45\" \/>\n<meta property=\"og:description\" content=\"Este vorba despre cea de-a X-a edi\u021bie a Festivalului-Concurs \u201eDbutanT\u201d, organizat de Teatrul \u201eAndrei Mure\u0219anu\u201d.\" \/>\n<meta property=\"og:url\" content=\"https:\/\/covasna45.ro\/index.php\/lumea-noastra\/editie-aniversara-a-festivalului-dbutant-27-octombrie-1-noiembrie\/\" \/>\n<meta property=\"og:site_name\" content=\"Covasna45\" \/>\n<meta property=\"article:published_time\" content=\"2025-10-24T16:29:31+00:00\" \/>\n<meta property=\"article:modified_time\" content=\"2025-10-24T16:30:13+00:00\" \/>\n<meta property=\"og:image\" content=\"https:\/\/covasna45.ro\/wp-content\/uploads\/2025\/10\/debam.jpg\" \/>\n\t<meta property=\"og:image:width\" content=\"2080\" \/>\n\t<meta property=\"og:image:height\" content=\"1560\" \/>\n\t<meta property=\"og:image:type\" content=\"image\/jpeg\" \/>\n<meta name=\"author\" content=\"Covasna45\" \/>\n<meta name=\"twitter:card\" content=\"summary_large_image\" \/>\n<meta name=\"twitter:label1\" content=\"Scris de\" \/>\n\t<meta name=\"twitter:data1\" content=\"Covasna45\" \/>\n\t<meta name=\"twitter:label2\" content=\"Timp estimat pentru citire\" \/>\n\t<meta name=\"twitter:data2\" content=\"5 minute\" \/>\n<script type=\"application\/ld+json\" class=\"yoast-schema-graph\">{\"@context\":\"https:\\\/\\\/schema.org\",\"@graph\":[{\"@type\":\"Article\",\"@id\":\"https:\\\/\\\/covasna45.ro\\\/index.php\\\/lumea-noastra\\\/editie-aniversara-a-festivalului-dbutant-27-octombrie-1-noiembrie\\\/#article\",\"isPartOf\":{\"@id\":\"https:\\\/\\\/covasna45.ro\\\/index.php\\\/lumea-noastra\\\/editie-aniversara-a-festivalului-dbutant-27-octombrie-1-noiembrie\\\/\"},\"author\":{\"name\":\"Covasna45\",\"@id\":\"https:\\\/\\\/covasna45.ro\\\/#\\\/schema\\\/person\\\/e674052bd7d95d70bbb007a1060ab73c\"},\"headline\":\"Edi\u021bie aniversar\u0103 a Festivalului \u201eDbutanT\u201d: 27 octombrie \u2013 1 noiembrie\",\"datePublished\":\"2025-10-24T16:29:31+00:00\",\"dateModified\":\"2025-10-24T16:30:13+00:00\",\"mainEntityOfPage\":{\"@id\":\"https:\\\/\\\/covasna45.ro\\\/index.php\\\/lumea-noastra\\\/editie-aniversara-a-festivalului-dbutant-27-octombrie-1-noiembrie\\\/\"},\"wordCount\":664,\"commentCount\":0,\"publisher\":{\"@id\":\"https:\\\/\\\/covasna45.ro\\\/#organization\"},\"image\":{\"@id\":\"https:\\\/\\\/covasna45.ro\\\/index.php\\\/lumea-noastra\\\/editie-aniversara-a-festivalului-dbutant-27-octombrie-1-noiembrie\\\/#primaryimage\"},\"thumbnailUrl\":\"https:\\\/\\\/covasna45.ro\\\/wp-content\\\/uploads\\\/2025\\\/10\\\/debam.jpg\",\"keywords\":[\"Festivalul D-butanT\",\"Teatrul \u201eAndrei Mure\u0219anu\u201d\"],\"articleSection\":[\"Lumea noastr\u0103\"],\"inLanguage\":\"ro-RO\",\"potentialAction\":[{\"@type\":\"CommentAction\",\"name\":\"Comment\",\"target\":[\"https:\\\/\\\/covasna45.ro\\\/index.php\\\/lumea-noastra\\\/editie-aniversara-a-festivalului-dbutant-27-octombrie-1-noiembrie\\\/#respond\"]}]},{\"@type\":\"WebPage\",\"@id\":\"https:\\\/\\\/covasna45.ro\\\/index.php\\\/lumea-noastra\\\/editie-aniversara-a-festivalului-dbutant-27-octombrie-1-noiembrie\\\/\",\"url\":\"https:\\\/\\\/covasna45.ro\\\/index.php\\\/lumea-noastra\\\/editie-aniversara-a-festivalului-dbutant-27-octombrie-1-noiembrie\\\/\",\"name\":\"Edi\u021bie aniversar\u0103 a Festivalului \u201eDbutanT\u201d: 27 octombrie \u2013 1 noiembrie - Covasna45\",\"isPartOf\":{\"@id\":\"https:\\\/\\\/covasna45.ro\\\/#website\"},\"primaryImageOfPage\":{\"@id\":\"https:\\\/\\\/covasna45.ro\\\/index.php\\\/lumea-noastra\\\/editie-aniversara-a-festivalului-dbutant-27-octombrie-1-noiembrie\\\/#primaryimage\"},\"image\":{\"@id\":\"https:\\\/\\\/covasna45.ro\\\/index.php\\\/lumea-noastra\\\/editie-aniversara-a-festivalului-dbutant-27-octombrie-1-noiembrie\\\/#primaryimage\"},\"thumbnailUrl\":\"https:\\\/\\\/covasna45.ro\\\/wp-content\\\/uploads\\\/2025\\\/10\\\/debam.jpg\",\"datePublished\":\"2025-10-24T16:29:31+00:00\",\"dateModified\":\"2025-10-24T16:30:13+00:00\",\"description\":\"Este vorba despre cea de-a X-a edi\u021bie a Festivalului-Concurs \u201eDbutanT\u201d, organizat de Teatrul \u201eAndrei Mure\u0219anu\u201d.\",\"breadcrumb\":{\"@id\":\"https:\\\/\\\/covasna45.ro\\\/index.php\\\/lumea-noastra\\\/editie-aniversara-a-festivalului-dbutant-27-octombrie-1-noiembrie\\\/#breadcrumb\"},\"inLanguage\":\"ro-RO\",\"potentialAction\":[{\"@type\":\"ReadAction\",\"target\":[\"https:\\\/\\\/covasna45.ro\\\/index.php\\\/lumea-noastra\\\/editie-aniversara-a-festivalului-dbutant-27-octombrie-1-noiembrie\\\/\"]}]},{\"@type\":\"ImageObject\",\"inLanguage\":\"ro-RO\",\"@id\":\"https:\\\/\\\/covasna45.ro\\\/index.php\\\/lumea-noastra\\\/editie-aniversara-a-festivalului-dbutant-27-octombrie-1-noiembrie\\\/#primaryimage\",\"url\":\"https:\\\/\\\/covasna45.ro\\\/wp-content\\\/uploads\\\/2025\\\/10\\\/debam.jpg\",\"contentUrl\":\"https:\\\/\\\/covasna45.ro\\\/wp-content\\\/uploads\\\/2025\\\/10\\\/debam.jpg\",\"width\":2080,\"height\":1560},{\"@type\":\"BreadcrumbList\",\"@id\":\"https:\\\/\\\/covasna45.ro\\\/index.php\\\/lumea-noastra\\\/editie-aniversara-a-festivalului-dbutant-27-octombrie-1-noiembrie\\\/#breadcrumb\",\"itemListElement\":[{\"@type\":\"ListItem\",\"position\":1,\"name\":\"Prima pagin\u0103\",\"item\":\"https:\\\/\\\/covasna45.ro\\\/\"},{\"@type\":\"ListItem\",\"position\":2,\"name\":\"Edi\u021bie aniversar\u0103 a Festivalului \u201eDbutanT\u201d: 27 octombrie \u2013 1 noiembrie\"}]},{\"@type\":\"WebSite\",\"@id\":\"https:\\\/\\\/covasna45.ro\\\/#website\",\"url\":\"https:\\\/\\\/covasna45.ro\\\/\",\"name\":\"covasna45.ro\",\"description\":\"\",\"publisher\":{\"@id\":\"https:\\\/\\\/covasna45.ro\\\/#organization\"},\"potentialAction\":[{\"@type\":\"SearchAction\",\"target\":{\"@type\":\"EntryPoint\",\"urlTemplate\":\"https:\\\/\\\/covasna45.ro\\\/?s={search_term_string}\"},\"query-input\":{\"@type\":\"PropertyValueSpecification\",\"valueRequired\":true,\"valueName\":\"search_term_string\"}}],\"inLanguage\":\"ro-RO\"},{\"@type\":\"Organization\",\"@id\":\"https:\\\/\\\/covasna45.ro\\\/#organization\",\"name\":\"covasna45.ro\",\"url\":\"https:\\\/\\\/covasna45.ro\\\/\",\"logo\":{\"@type\":\"ImageObject\",\"inLanguage\":\"ro-RO\",\"@id\":\"https:\\\/\\\/covasna45.ro\\\/#\\\/schema\\\/logo\\\/image\\\/\",\"url\":\"https:\\\/\\\/covasna45.ro\\\/wp-content\\\/uploads\\\/2023\\\/01\\\/icon_logo.png\",\"contentUrl\":\"https:\\\/\\\/covasna45.ro\\\/wp-content\\\/uploads\\\/2023\\\/01\\\/icon_logo.png\",\"width\":1900,\"height\":1900,\"caption\":\"covasna45.ro\"},\"image\":{\"@id\":\"https:\\\/\\\/covasna45.ro\\\/#\\\/schema\\\/logo\\\/image\\\/\"}},{\"@type\":\"Person\",\"@id\":\"https:\\\/\\\/covasna45.ro\\\/#\\\/schema\\\/person\\\/e674052bd7d95d70bbb007a1060ab73c\",\"name\":\"Covasna45\",\"image\":{\"@type\":\"ImageObject\",\"inLanguage\":\"ro-RO\",\"@id\":\"https:\\\/\\\/covasna45.ro\\\/wp-content\\\/uploads\\\/2025\\\/10\\\/icon_logo_covasna45-150x150.png\",\"url\":\"https:\\\/\\\/covasna45.ro\\\/wp-content\\\/uploads\\\/2025\\\/10\\\/icon_logo_covasna45-150x150.png\",\"contentUrl\":\"https:\\\/\\\/covasna45.ro\\\/wp-content\\\/uploads\\\/2025\\\/10\\\/icon_logo_covasna45-150x150.png\",\"caption\":\"Covasna45\"},\"sameAs\":[\"https:\\\/\\\/covasna45.ro\"],\"url\":\"https:\\\/\\\/covasna45.ro\\\/index.php\\\/author\\\/covasna\\\/\"}]}<\/script>\n<!-- \/ Yoast SEO plugin. -->","yoast_head_json":{"title":"Edi\u021bie aniversar\u0103 a Festivalului \u201eDbutanT\u201d: 27 octombrie \u2013 1 noiembrie - Covasna45","description":"Este vorba despre cea de-a X-a edi\u021bie a Festivalului-Concurs \u201eDbutanT\u201d, organizat de Teatrul \u201eAndrei Mure\u0219anu\u201d.","robots":{"index":"index","follow":"follow","max-snippet":"max-snippet:-1","max-image-preview":"max-image-preview:large","max-video-preview":"max-video-preview:-1"},"canonical":"https:\/\/covasna45.ro\/index.php\/lumea-noastra\/editie-aniversara-a-festivalului-dbutant-27-octombrie-1-noiembrie\/","og_locale":"ro_RO","og_type":"article","og_title":"Edi\u021bie aniversar\u0103 a Festivalului \u201eDbutanT\u201d: 27 octombrie \u2013 1 noiembrie - Covasna45","og_description":"Este vorba despre cea de-a X-a edi\u021bie a Festivalului-Concurs \u201eDbutanT\u201d, organizat de Teatrul \u201eAndrei Mure\u0219anu\u201d.","og_url":"https:\/\/covasna45.ro\/index.php\/lumea-noastra\/editie-aniversara-a-festivalului-dbutant-27-octombrie-1-noiembrie\/","og_site_name":"Covasna45","article_published_time":"2025-10-24T16:29:31+00:00","article_modified_time":"2025-10-24T16:30:13+00:00","og_image":[{"width":2080,"height":1560,"url":"https:\/\/covasna45.ro\/wp-content\/uploads\/2025\/10\/debam.jpg","type":"image\/jpeg"}],"author":"Covasna45","twitter_card":"summary_large_image","twitter_misc":{"Scris de":"Covasna45","Timp estimat pentru citire":"5 minute"},"schema":{"@context":"https:\/\/schema.org","@graph":[{"@type":"Article","@id":"https:\/\/covasna45.ro\/index.php\/lumea-noastra\/editie-aniversara-a-festivalului-dbutant-27-octombrie-1-noiembrie\/#article","isPartOf":{"@id":"https:\/\/covasna45.ro\/index.php\/lumea-noastra\/editie-aniversara-a-festivalului-dbutant-27-octombrie-1-noiembrie\/"},"author":{"name":"Covasna45","@id":"https:\/\/covasna45.ro\/#\/schema\/person\/e674052bd7d95d70bbb007a1060ab73c"},"headline":"Edi\u021bie aniversar\u0103 a Festivalului \u201eDbutanT\u201d: 27 octombrie \u2013 1 noiembrie","datePublished":"2025-10-24T16:29:31+00:00","dateModified":"2025-10-24T16:30:13+00:00","mainEntityOfPage":{"@id":"https:\/\/covasna45.ro\/index.php\/lumea-noastra\/editie-aniversara-a-festivalului-dbutant-27-octombrie-1-noiembrie\/"},"wordCount":664,"commentCount":0,"publisher":{"@id":"https:\/\/covasna45.ro\/#organization"},"image":{"@id":"https:\/\/covasna45.ro\/index.php\/lumea-noastra\/editie-aniversara-a-festivalului-dbutant-27-octombrie-1-noiembrie\/#primaryimage"},"thumbnailUrl":"https:\/\/covasna45.ro\/wp-content\/uploads\/2025\/10\/debam.jpg","keywords":["Festivalul D-butanT","Teatrul \u201eAndrei Mure\u0219anu\u201d"],"articleSection":["Lumea noastr\u0103"],"inLanguage":"ro-RO","potentialAction":[{"@type":"CommentAction","name":"Comment","target":["https:\/\/covasna45.ro\/index.php\/lumea-noastra\/editie-aniversara-a-festivalului-dbutant-27-octombrie-1-noiembrie\/#respond"]}]},{"@type":"WebPage","@id":"https:\/\/covasna45.ro\/index.php\/lumea-noastra\/editie-aniversara-a-festivalului-dbutant-27-octombrie-1-noiembrie\/","url":"https:\/\/covasna45.ro\/index.php\/lumea-noastra\/editie-aniversara-a-festivalului-dbutant-27-octombrie-1-noiembrie\/","name":"Edi\u021bie aniversar\u0103 a Festivalului \u201eDbutanT\u201d: 27 octombrie \u2013 1 noiembrie - Covasna45","isPartOf":{"@id":"https:\/\/covasna45.ro\/#website"},"primaryImageOfPage":{"@id":"https:\/\/covasna45.ro\/index.php\/lumea-noastra\/editie-aniversara-a-festivalului-dbutant-27-octombrie-1-noiembrie\/#primaryimage"},"image":{"@id":"https:\/\/covasna45.ro\/index.php\/lumea-noastra\/editie-aniversara-a-festivalului-dbutant-27-octombrie-1-noiembrie\/#primaryimage"},"thumbnailUrl":"https:\/\/covasna45.ro\/wp-content\/uploads\/2025\/10\/debam.jpg","datePublished":"2025-10-24T16:29:31+00:00","dateModified":"2025-10-24T16:30:13+00:00","description":"Este vorba despre cea de-a X-a edi\u021bie a Festivalului-Concurs \u201eDbutanT\u201d, organizat de Teatrul \u201eAndrei Mure\u0219anu\u201d.","breadcrumb":{"@id":"https:\/\/covasna45.ro\/index.php\/lumea-noastra\/editie-aniversara-a-festivalului-dbutant-27-octombrie-1-noiembrie\/#breadcrumb"},"inLanguage":"ro-RO","potentialAction":[{"@type":"ReadAction","target":["https:\/\/covasna45.ro\/index.php\/lumea-noastra\/editie-aniversara-a-festivalului-dbutant-27-octombrie-1-noiembrie\/"]}]},{"@type":"ImageObject","inLanguage":"ro-RO","@id":"https:\/\/covasna45.ro\/index.php\/lumea-noastra\/editie-aniversara-a-festivalului-dbutant-27-octombrie-1-noiembrie\/#primaryimage","url":"https:\/\/covasna45.ro\/wp-content\/uploads\/2025\/10\/debam.jpg","contentUrl":"https:\/\/covasna45.ro\/wp-content\/uploads\/2025\/10\/debam.jpg","width":2080,"height":1560},{"@type":"BreadcrumbList","@id":"https:\/\/covasna45.ro\/index.php\/lumea-noastra\/editie-aniversara-a-festivalului-dbutant-27-octombrie-1-noiembrie\/#breadcrumb","itemListElement":[{"@type":"ListItem","position":1,"name":"Prima pagin\u0103","item":"https:\/\/covasna45.ro\/"},{"@type":"ListItem","position":2,"name":"Edi\u021bie aniversar\u0103 a Festivalului \u201eDbutanT\u201d: 27 octombrie \u2013 1 noiembrie"}]},{"@type":"WebSite","@id":"https:\/\/covasna45.ro\/#website","url":"https:\/\/covasna45.ro\/","name":"covasna45.ro","description":"","publisher":{"@id":"https:\/\/covasna45.ro\/#organization"},"potentialAction":[{"@type":"SearchAction","target":{"@type":"EntryPoint","urlTemplate":"https:\/\/covasna45.ro\/?s={search_term_string}"},"query-input":{"@type":"PropertyValueSpecification","valueRequired":true,"valueName":"search_term_string"}}],"inLanguage":"ro-RO"},{"@type":"Organization","@id":"https:\/\/covasna45.ro\/#organization","name":"covasna45.ro","url":"https:\/\/covasna45.ro\/","logo":{"@type":"ImageObject","inLanguage":"ro-RO","@id":"https:\/\/covasna45.ro\/#\/schema\/logo\/image\/","url":"https:\/\/covasna45.ro\/wp-content\/uploads\/2023\/01\/icon_logo.png","contentUrl":"https:\/\/covasna45.ro\/wp-content\/uploads\/2023\/01\/icon_logo.png","width":1900,"height":1900,"caption":"covasna45.ro"},"image":{"@id":"https:\/\/covasna45.ro\/#\/schema\/logo\/image\/"}},{"@type":"Person","@id":"https:\/\/covasna45.ro\/#\/schema\/person\/e674052bd7d95d70bbb007a1060ab73c","name":"Covasna45","image":{"@type":"ImageObject","inLanguage":"ro-RO","@id":"https:\/\/covasna45.ro\/wp-content\/uploads\/2025\/10\/icon_logo_covasna45-150x150.png","url":"https:\/\/covasna45.ro\/wp-content\/uploads\/2025\/10\/icon_logo_covasna45-150x150.png","contentUrl":"https:\/\/covasna45.ro\/wp-content\/uploads\/2025\/10\/icon_logo_covasna45-150x150.png","caption":"Covasna45"},"sameAs":["https:\/\/covasna45.ro"],"url":"https:\/\/covasna45.ro\/index.php\/author\/covasna\/"}]}},"_links":{"self":[{"href":"https:\/\/covasna45.ro\/index.php\/wp-json\/wp\/v2\/posts\/13587","targetHints":{"allow":["GET"]}}],"collection":[{"href":"https:\/\/covasna45.ro\/index.php\/wp-json\/wp\/v2\/posts"}],"about":[{"href":"https:\/\/covasna45.ro\/index.php\/wp-json\/wp\/v2\/types\/post"}],"author":[{"embeddable":true,"href":"https:\/\/covasna45.ro\/index.php\/wp-json\/wp\/v2\/users\/1"}],"replies":[{"embeddable":true,"href":"https:\/\/covasna45.ro\/index.php\/wp-json\/wp\/v2\/comments?post=13587"}],"version-history":[{"count":2,"href":"https:\/\/covasna45.ro\/index.php\/wp-json\/wp\/v2\/posts\/13587\/revisions"}],"predecessor-version":[{"id":13594,"href":"https:\/\/covasna45.ro\/index.php\/wp-json\/wp\/v2\/posts\/13587\/revisions\/13594"}],"wp:featuredmedia":[{"embeddable":true,"href":"https:\/\/covasna45.ro\/index.php\/wp-json\/wp\/v2\/media\/13592"}],"wp:attachment":[{"href":"https:\/\/covasna45.ro\/index.php\/wp-json\/wp\/v2\/media?parent=13587"}],"wp:term":[{"taxonomy":"category","embeddable":true,"href":"https:\/\/covasna45.ro\/index.php\/wp-json\/wp\/v2\/categories?post=13587"},{"taxonomy":"post_tag","embeddable":true,"href":"https:\/\/covasna45.ro\/index.php\/wp-json\/wp\/v2\/tags?post=13587"}],"curies":[{"name":"wp","href":"https:\/\/api.w.org\/{rel}","templated":true}]}}