{"id":13597,"date":"2025-10-27T08:29:47","date_gmt":"2025-10-27T06:29:47","guid":{"rendered":"https:\/\/covasna45.ro\/?p=13597"},"modified":"2025-10-27T21:20:53","modified_gmt":"2025-10-27T19:20:53","slug":"aita-mare-nu-lasa-istoria-sa-moara-omagiu-lui-marton-moyses","status":"publish","type":"post","link":"https:\/\/covasna45.ro\/index.php\/lumea-noastra\/aita-mare-nu-lasa-istoria-sa-moara-omagiu-lui-marton-moyses\/","title":{"rendered":"Aita Mare nu las\u0103 istoria s\u0103 moar\u0103: Omagiu lui M\u00e1rton Moyses"},"content":{"rendered":"\n<p>\u00cen ziua de 13 februarie 1970, la Bra\u0219ov, un t\u00e2n\u0103r de doar 29 de ani, originar din comuna Aita Mare \u00ee\u0219i turna pe corp benzin\u0103 \u0219i-\u0219i d\u0103dea foc \u00een fa\u021ba sediului organiza\u021biei jude\u021bene a Partidului Comunist Rom\u00e2n, \u00een semn de protest fa\u021b\u0103 de dictatura comunist\u0103 din Rom\u00e2nia. T\u00e2n\u0103rul era M\u00e1rton Moyses \u0219i se afla de mul\u021bi ani \u00een vizorul Securit\u0103\u021bii. El se stingea din via\u021b\u0103 dup\u0103 trei luni, \u00een ziua de 15 mai, \u00een Spitalul Or\u0103\u0219enesc Baraolt. Pe 25 octombrie, o zi frumoas\u0103 \u0219i bl\u00e2nd\u0103 de toamn\u0103, la Aita Mare a avut loc un eveniment special \u00een memoria sa.<\/p>\n\n\n\n<figure class=\"wp-block-image size-large\"><img loading=\"lazy\" decoding=\"async\" width=\"1024\" height=\"768\" src=\"https:\/\/covasna45.ro\/wp-content\/uploads\/2025\/10\/evenimaita-1024x768.jpg\" alt=\"\" class=\"wp-image-13599\" srcset=\"https:\/\/covasna45.ro\/wp-content\/uploads\/2025\/10\/evenimaita-1024x768.jpg 1024w, https:\/\/covasna45.ro\/wp-content\/uploads\/2025\/10\/evenimaita-300x225.jpg 300w, https:\/\/covasna45.ro\/wp-content\/uploads\/2025\/10\/evenimaita-768x576.jpg 768w, https:\/\/covasna45.ro\/wp-content\/uploads\/2025\/10\/evenimaita-1536x1152.jpg 1536w, https:\/\/covasna45.ro\/wp-content\/uploads\/2025\/10\/evenimaita-2048x1536.jpg 2048w, https:\/\/covasna45.ro\/wp-content\/uploads\/2025\/10\/evenimaita-150x113.jpg 150w, https:\/\/covasna45.ro\/wp-content\/uploads\/2025\/10\/evenimaita-696x522.jpg 696w, https:\/\/covasna45.ro\/wp-content\/uploads\/2025\/10\/evenimaita-1068x801.jpg 1068w, https:\/\/covasna45.ro\/wp-content\/uploads\/2025\/10\/evenimaita-1920x1440.jpg 1920w\" sizes=\"auto, (max-width: 1024px) 100vw, 1024px\" \/><\/figure>\n\n\n\n<h2 class=\"wp-block-heading\">Monumentul \u201etor\u021belor vii\u201d<\/h2>\n\n\n\n<p>C\u00e2teva zeci de persoane s-au adunat s\u00e2mb\u0103t\u0103 la Aita Mare pentru a dezveli un monument \u00een memoria lui M\u00e1rton Moyses, dar \u0219i a celorlal\u021bi 20 de oameni din Europa de Est care au protestat, d\u00e2ndu-\u0219i foc, \u00eempotriva comunismului. \u201e<a href=\"https:\/\/covasna45.ro\/index.php\/lumea-noastra\/tara-nimanui-comunistii-in-vile-fostii-detinuti-politici-in-subsol\/\">Tor\u021be vii<\/a>\u201d li s-a spus. Iar curajul \u0219i sacrificiul lor sunt marcate \u00een \u021b\u0103rile lor, \u00een locurile \u00een care au recurs la gestul suprem. Oameni care au ales s\u0103 \u00ee\u0219i dea via\u021ba dec\u00e2t s\u0103 accepte totalitarismul. De-acum, numele lor pot fi citite \u0219i la intrarea \u00een biserica fortificat\u0103 unitarian\u0103 din comun\u0103.<\/p>\n\n\n\n<figure class=\"wp-block-image size-large\"><img loading=\"lazy\" decoding=\"async\" width=\"768\" height=\"1024\" src=\"https:\/\/covasna45.ro\/wp-content\/uploads\/2025\/10\/aita2-768x1024.jpg\" alt=\"\" class=\"wp-image-13600\" srcset=\"https:\/\/covasna45.ro\/wp-content\/uploads\/2025\/10\/aita2-768x1024.jpg 768w, https:\/\/covasna45.ro\/wp-content\/uploads\/2025\/10\/aita2-225x300.jpg 225w, https:\/\/covasna45.ro\/wp-content\/uploads\/2025\/10\/aita2-1152x1536.jpg 1152w, https:\/\/covasna45.ro\/wp-content\/uploads\/2025\/10\/aita2-1536x2048.jpg 1536w, https:\/\/covasna45.ro\/wp-content\/uploads\/2025\/10\/aita2-150x200.jpg 150w, https:\/\/covasna45.ro\/wp-content\/uploads\/2025\/10\/aita2-300x400.jpg 300w, https:\/\/covasna45.ro\/wp-content\/uploads\/2025\/10\/aita2-696x928.jpg 696w, https:\/\/covasna45.ro\/wp-content\/uploads\/2025\/10\/aita2-1068x1424.jpg 1068w, https:\/\/covasna45.ro\/wp-content\/uploads\/2025\/10\/aita2-scaled.jpg 1920w\" sizes=\"auto, (max-width: 768px) 100vw, 768px\" \/><\/figure>\n\n\n\n<p>La evenimentul de la Aita Mare au participat mul\u021bi istorici \u0219i membri ai Asocia\u021biei Fo\u0219tilor De\u021binu\u021bi Politici, profesori, oameni din comunitate, studen\u021bi.<\/p>\n\n\n\n<p>\u201e<strong><em>Din p\u0103cate, numele lui M\u00e1rton Moyses este prea pu\u021bin cunoscut \u00een Rom\u00e2nia, sper\u0103m ca de acum \u00eenainte acest lucru s\u0103 se schimbe. Astfel de locuri, cum e casa lui din Aita Mare, sunt locuri memoriale, cu \u00eenc\u0103rc\u0103tur\u0103 simbolic\u0103. \u0218i ele trebuie puse \u00een valoare. Pentru c\u0103 \u00een acest fel nu l\u0103s\u0103m istoria s\u0103 moar\u0103. Casa \u00een care a crescut M\u00e1rton Moyses de aici din Aita Mare ar fi frumos s\u0103 devin\u0103 Cas\u0103 Memorial\u0103, un loc care s\u0103 fie vizitat \u0219i din care s\u0103 se afle despre el \u0219i despre comunism<\/em><\/strong>\u201d, a spus istoricul Cosmin Budeanc\u0103, vicepre\u0219edinte al Funda\u021biei Culturale \u201eMemoria\u201d.<\/p>\n\n\n\n<figure class=\"wp-block-image size-large\"><img loading=\"lazy\" decoding=\"async\" width=\"1024\" height=\"590\" src=\"https:\/\/covasna45.ro\/wp-content\/uploads\/2025\/10\/ist-aita-1024x590.jpg\" alt=\"\" class=\"wp-image-13601\" srcset=\"https:\/\/covasna45.ro\/wp-content\/uploads\/2025\/10\/ist-aita-1024x590.jpg 1024w, https:\/\/covasna45.ro\/wp-content\/uploads\/2025\/10\/ist-aita-300x173.jpg 300w, https:\/\/covasna45.ro\/wp-content\/uploads\/2025\/10\/ist-aita-768x443.jpg 768w, https:\/\/covasna45.ro\/wp-content\/uploads\/2025\/10\/ist-aita-1536x885.jpg 1536w, https:\/\/covasna45.ro\/wp-content\/uploads\/2025\/10\/ist-aita-2048x1181.jpg 2048w, https:\/\/covasna45.ro\/wp-content\/uploads\/2025\/10\/ist-aita-150x86.jpg 150w, https:\/\/covasna45.ro\/wp-content\/uploads\/2025\/10\/ist-aita-696x401.jpg 696w, https:\/\/covasna45.ro\/wp-content\/uploads\/2025\/10\/ist-aita-1068x616.jpg 1068w, https:\/\/covasna45.ro\/wp-content\/uploads\/2025\/10\/ist-aita-1920x1107.jpg 1920w\" sizes=\"auto, (max-width: 1024px) 100vw, 1024px\" \/><\/figure>\n\n\n\n<p>Dr. Ioana Boca, istoric, director executiv al Funda\u021biei Academia Civic\u0103 \u2013 Memorialul Victimelor Comunismului \u0219i al Rezisten\u021bei, Sighetu Marma\u021biei, a spus, la r\u00e2ndul ei, c\u0103 \u201e<em><strong>avem nevoie s\u0103 \u0219tim cine sunt cei care au luptat pentru libertate \u00een timpul regimului comunist. Pentru c\u0103 au fost lec\u021bii de istorie \u0219i de umanitate<\/strong><\/em>\u201d.<\/p>\n\n\n\n<figure class=\"wp-block-image size-large\"><img loading=\"lazy\" decoding=\"async\" width=\"1024\" height=\"545\" src=\"https:\/\/covasna45.ro\/wp-content\/uploads\/2025\/10\/boc-ioana-1024x545.jpg\" alt=\"\" class=\"wp-image-13602\" srcset=\"https:\/\/covasna45.ro\/wp-content\/uploads\/2025\/10\/boc-ioana-1024x545.jpg 1024w, https:\/\/covasna45.ro\/wp-content\/uploads\/2025\/10\/boc-ioana-300x160.jpg 300w, https:\/\/covasna45.ro\/wp-content\/uploads\/2025\/10\/boc-ioana-768x408.jpg 768w, https:\/\/covasna45.ro\/wp-content\/uploads\/2025\/10\/boc-ioana-1536x817.jpg 1536w, https:\/\/covasna45.ro\/wp-content\/uploads\/2025\/10\/boc-ioana-2048x1089.jpg 2048w, https:\/\/covasna45.ro\/wp-content\/uploads\/2025\/10\/boc-ioana-150x80.jpg 150w, https:\/\/covasna45.ro\/wp-content\/uploads\/2025\/10\/boc-ioana-696x370.jpg 696w, https:\/\/covasna45.ro\/wp-content\/uploads\/2025\/10\/boc-ioana-1068x568.jpg 1068w, https:\/\/covasna45.ro\/wp-content\/uploads\/2025\/10\/boc-ioana-1920x1021.jpg 1920w\" sizes=\"auto, (max-width: 1024px) 100vw, 1024px\" \/><\/figure>\n\n\n\n<h2 class=\"wp-block-heading\">Un spirit viu<\/h2>\n\n\n\n<p>Istoricul Levente Benk\u0151 \u0219i-a dedicat o mare parte din activitatea sa din ultimii ani cercet\u0103rilor despre M\u00e1rton Moyses. A stat de vorb\u0103 cu zeci de persoane, a c\u0103utat documente \u00een arhive \u0219i l-a a\u0219ezat acolo unde \u00eei e locul: printre eroii anticomuni\u0219ti ai Europei Centrale \u0219i de Est.<\/p>\n\n\n\n<figure class=\"wp-block-image size-large\"><img loading=\"lazy\" decoding=\"async\" width=\"1024\" height=\"517\" src=\"https:\/\/covasna45.ro\/wp-content\/uploads\/2025\/10\/mm4-1024x517.jpg\" alt=\"\" class=\"wp-image-13603\" srcset=\"https:\/\/covasna45.ro\/wp-content\/uploads\/2025\/10\/mm4-1024x517.jpg 1024w, https:\/\/covasna45.ro\/wp-content\/uploads\/2025\/10\/mm4-300x151.jpg 300w, https:\/\/covasna45.ro\/wp-content\/uploads\/2025\/10\/mm4-768x388.jpg 768w, https:\/\/covasna45.ro\/wp-content\/uploads\/2025\/10\/mm4-1536x775.jpg 1536w, https:\/\/covasna45.ro\/wp-content\/uploads\/2025\/10\/mm4-2048x1034.jpg 2048w, https:\/\/covasna45.ro\/wp-content\/uploads\/2025\/10\/mm4-150x76.jpg 150w, https:\/\/covasna45.ro\/wp-content\/uploads\/2025\/10\/mm4-696x351.jpg 696w, https:\/\/covasna45.ro\/wp-content\/uploads\/2025\/10\/mm4-1068x539.jpg 1068w, https:\/\/covasna45.ro\/wp-content\/uploads\/2025\/10\/mm4-1920x969.jpg 1920w\" sizes=\"auto, (max-width: 1024px) 100vw, 1024px\" \/><\/figure>\n\n\n\n<p>\u201eN-a avut nicio \u0219ans\u0103. A fost respins peste tot\u201d, a spus <a href=\"https:\/\/www.memorialsighet.ro\/levente-benko-protestul-suprem-autoimolarea-in-memoria-fostului-student-clujean-marton-moyses-1941-1970-victima-a-dictaturii-comuniste\/\">Levente Benk\u0151<\/a> la prelegerea pe care a \u021binut-o s\u00e2mb\u0103t\u0103 la Centrul cultural din Aita Mare. A vorbit cu emo\u021bie despre Moyses, ca despre un prieten drag. Un prieten curajos, pe care l-a admirat mereu. \u00cei cunoa\u0219te toat\u0103 via\u021ba, a spus pove\u0219ti din copil\u0103rie, aflate de la sora lui Moyses, Eva. Un exemplu: cu copiii de pe uli\u021b\u0103 scriau \u0219i aruncau pe str\u0103zi \u201emanifeste\u201d ca: \u201eS\u0103 se termine odat\u0103 cu domina\u021bia sovietic\u0103!\u201d, \u201eDe ce nu sunt bune ma\u0219inile dac\u0103 nu sunt ruse\u0219ti?\u201d, \u201eOr da vacile de Costroma mult lapte, dar la noi mor de foame!\u201d. Alt\u0103 dat\u0103 M\u00e1rton Moyses afirma, vizavi de conduc\u0103torii din acele vremuri: \u201eAuzi tu, Sanyi? \u0102\u0219tia nu sunt comuni\u0219ti! Eu sunt comunist adev\u0103rat, pentru c\u0103 eu vreau s\u0103 fac un bine poporului!\u201d<\/p>\n\n\n\n<figure class=\"wp-block-image size-large\"><img loading=\"lazy\" decoding=\"async\" width=\"1024\" height=\"768\" src=\"https:\/\/covasna45.ro\/wp-content\/uploads\/2025\/10\/benke-aita-1024x768.jpg\" alt=\"\" class=\"wp-image-13604\" srcset=\"https:\/\/covasna45.ro\/wp-content\/uploads\/2025\/10\/benke-aita-1024x768.jpg 1024w, https:\/\/covasna45.ro\/wp-content\/uploads\/2025\/10\/benke-aita-300x225.jpg 300w, https:\/\/covasna45.ro\/wp-content\/uploads\/2025\/10\/benke-aita-768x576.jpg 768w, https:\/\/covasna45.ro\/wp-content\/uploads\/2025\/10\/benke-aita-1536x1152.jpg 1536w, https:\/\/covasna45.ro\/wp-content\/uploads\/2025\/10\/benke-aita-2048x1536.jpg 2048w, https:\/\/covasna45.ro\/wp-content\/uploads\/2025\/10\/benke-aita-150x113.jpg 150w, https:\/\/covasna45.ro\/wp-content\/uploads\/2025\/10\/benke-aita-696x522.jpg 696w, https:\/\/covasna45.ro\/wp-content\/uploads\/2025\/10\/benke-aita-1068x801.jpg 1068w, https:\/\/covasna45.ro\/wp-content\/uploads\/2025\/10\/benke-aita-1920x1440.jpg 1920w\" sizes=\"auto, (max-width: 1024px) 100vw, 1024px\" \/><\/figure>\n\n\n\n<p>\u201e<strong><em>C\u00e2nd a \u00eenceput Revolu\u021bia din Ungaria, \u00een 1956, aflaser\u0103 \u0219i ei, elevii de la liceul din Baraolt unde \u00eenv\u0103\u021ba \u0219i M\u00e1rton Moyses, despre ce se \u00eent\u00e2mpla la Budapesta. Profesorii \u0219i elevii din clasele mai mari au fost convoca\u021bi, pentru a li se &lt;&lt;explica>> evenimentele. Activi\u0219tii de partid \u00eencercau s\u0103 le spun\u0103 &#8211; \u00eentr-un mod total fals \u0219i denaturat &#8211; cum c\u0103 &lt;&lt;elemente huliganice au provocat dezordine, au spart vitrine pe str\u0103zile Budapestei, dar for\u021bele de ordine, \u00eempreun\u0103 cu trupele sovietice, cantonate \u00een Ungaria, restabilesc lini\u0219tea \u0219i ordinea public\u0103>>. La un moment dat, M\u00e1rton Moyses s-a ridicat \u0219i, spre stupoarea tuturor, a \u00eentrebat: &lt;&lt;De ce nu ne spune\u021bi adev\u0103rul? De ce nu ne spune\u021bi c\u0103 la Budapesta este revolu\u021bie? >><\/em><\/strong>, a povestit Levente Benk\u0151.<\/p>\n\n\n\n<figure class=\"wp-block-image size-large\"><img loading=\"lazy\" decoding=\"async\" width=\"1024\" height=\"768\" src=\"https:\/\/covasna45.ro\/wp-content\/uploads\/2025\/10\/mmart-aita-1024x768.jpg\" alt=\"\" class=\"wp-image-13605\" srcset=\"https:\/\/covasna45.ro\/wp-content\/uploads\/2025\/10\/mmart-aita-1024x768.jpg 1024w, https:\/\/covasna45.ro\/wp-content\/uploads\/2025\/10\/mmart-aita-300x225.jpg 300w, https:\/\/covasna45.ro\/wp-content\/uploads\/2025\/10\/mmart-aita-768x576.jpg 768w, https:\/\/covasna45.ro\/wp-content\/uploads\/2025\/10\/mmart-aita-1536x1152.jpg 1536w, https:\/\/covasna45.ro\/wp-content\/uploads\/2025\/10\/mmart-aita-2048x1536.jpg 2048w, https:\/\/covasna45.ro\/wp-content\/uploads\/2025\/10\/mmart-aita-150x113.jpg 150w, https:\/\/covasna45.ro\/wp-content\/uploads\/2025\/10\/mmart-aita-696x522.jpg 696w, https:\/\/covasna45.ro\/wp-content\/uploads\/2025\/10\/mmart-aita-1068x801.jpg 1068w, https:\/\/covasna45.ro\/wp-content\/uploads\/2025\/10\/mmart-aita-1920x1440.jpg 1920w\" sizes=\"auto, (max-width: 1024px) 100vw, 1024px\" \/><\/figure>\n\n\n\n<p>Au fost multe momente \u00een decursul vie\u021bii sale c\u00e2nd Moyses s-a revoltat \u0219i a \u0219i f\u0103cut ceva \u00een acest sens. Fie c\u0103 scria, fie c\u0103 lua atitudine. Motiv pentru care a intrat \u00een vizorul securit\u0103\u021bii \u0219i s-au g\u0103sit destui care s\u0103 dea informa\u021bii despre el\u2026 \u00cen cele din urm\u0103, a fost \u0219i condamnat, pe c\u00e2nd era student la Cluj, la Facultatea de Litere, pentru \u201euneltire contra or\u00e2nduirii sociale\u201d. Dup\u0103 ce a ie\u0219it din \u00eenchisoare, a g\u0103sit de lucru doar la cooperativa de produc\u021bie, fiind respins peste tot. A vrut mai mult\u2026 A cerut reabilitarea, de la tribunal, \u0219i chiar a ob\u021binut-o. Numai c\u0103 ea a ajuns prin po\u0219t\u0103 la 10 zile dup\u0103 ce \u00ee\u0219i d\u0103duse deja foc la Bra\u0219ov, \u00een fa\u021ba organiza\u021biei jude\u021bene a Partidului Comunist Rom\u00e2n. Nu \u00eenainte de a scrie c\u00e2teva r\u00e2nduri: \u201e<strong><em>S-a terminat. Nu mai vreau s\u0103 tr\u0103iesc nicio clip\u0103 \u00een \u021bara \u00een care oamenii Securit\u0103\u021bii comit crime dup\u0103 crime<\/em><\/strong>\u201d.<\/p>\n\n\n\n<figure class=\"wp-block-image size-large\"><img loading=\"lazy\" decoding=\"async\" width=\"1024\" height=\"768\" src=\"https:\/\/covasna45.ro\/wp-content\/uploads\/2025\/10\/moise-1024x768.jpg\" alt=\"\" class=\"wp-image-13606\" srcset=\"https:\/\/covasna45.ro\/wp-content\/uploads\/2025\/10\/moise-1024x768.jpg 1024w, https:\/\/covasna45.ro\/wp-content\/uploads\/2025\/10\/moise-300x225.jpg 300w, https:\/\/covasna45.ro\/wp-content\/uploads\/2025\/10\/moise-768x576.jpg 768w, https:\/\/covasna45.ro\/wp-content\/uploads\/2025\/10\/moise-1536x1152.jpg 1536w, https:\/\/covasna45.ro\/wp-content\/uploads\/2025\/10\/moise-2048x1536.jpg 2048w, https:\/\/covasna45.ro\/wp-content\/uploads\/2025\/10\/moise-150x113.jpg 150w, https:\/\/covasna45.ro\/wp-content\/uploads\/2025\/10\/moise-696x522.jpg 696w, https:\/\/covasna45.ro\/wp-content\/uploads\/2025\/10\/moise-1068x801.jpg 1068w, https:\/\/covasna45.ro\/wp-content\/uploads\/2025\/10\/moise-1920x1440.jpg 1920w\" sizes=\"auto, (max-width: 1024px) 100vw, 1024px\" \/><\/figure>\n\n\n\n<p>Levente Benk\u0151 a reu\u0219it c\u0103 creioneze un portret al unui spirit viu, \u00eensetat de adev\u0103r. \u0218i care, cumva, nu avea cum s\u0103 \u00ee\u0219i g\u0103seasc\u0103 un loc \u00eentr-o lume uniformizat\u0103 \u0219i cu oameni docili, cum era societatea comunist\u0103. Cert e c\u0103 toate aceste eforturi ale istoricilor nu r\u0103m\u00e2n la stadiul de prelegeri \u00eentr-o comun\u0103. Pies\u0103 cu pies\u0103, ei refac istoria, \u0219i aceste eforturi devin studii, c\u0103r\u021bi, filme sau monumente. Iar chipurile de eroi devin simboluri, a\u0219a cum trebuie.<\/p>\n","protected":false},"excerpt":{"rendered":"<p>\u00cen ziua de 13 februarie 1970, la Bra\u0219ov, un t\u00e2n\u0103r de doar 29 de ani, originar din comuna Aita Mare \u00ee\u0219i turna pe corp benzin\u0103 \u0219i-\u0219i d\u0103dea foc \u00een fa\u021ba sediului organiza\u021biei jude\u021bene a Partidului Comunist Rom\u00e2n, \u00een semn de protest fa\u021b\u0103 de dictatura comunist\u0103 din Rom\u00e2nia. T\u00e2n\u0103rul era M\u00e1rton Moyses \u0219i se afla de [&hellip;]<\/p>\n","protected":false},"author":3,"featured_media":13598,"comment_status":"open","ping_status":"closed","sticky":false,"template":"","format":"standard","meta":{"tdm_status":"","tdm_grid_status":"","footnotes":""},"categories":[14],"tags":[4233,732,4234,4309],"class_list":{"0":"post-13597","1":"post","2":"type-post","3":"status-publish","4":"format-standard","5":"has-post-thumbnail","7":"category-lumea-noastra","8":"tag-aita-mare","9":"tag-comunism","10":"tag-marton-moyses","11":"tag-torte-vii"},"yoast_head":"<!-- This site is optimized with the Yoast SEO plugin v27.5 - https:\/\/yoast.com\/product\/yoast-seo-wordpress\/ -->\n<title>Aita Mare nu las\u0103 istoria s\u0103 moar\u0103: Omagiu lui M\u00e1rton Moyses - Covasna45<\/title>\n<meta name=\"description\" content=\"\u00cen ziua de 13 februarie 1970, la Bra\u0219ov, un t\u00e2n\u0103r de 29 de ani, originar din comuna Aita Mare \u00ee\u0219i turna pe corp benzin\u0103 \u0219i-\u0219i d\u0103dea foc.\" \/>\n<meta name=\"robots\" content=\"index, follow, max-snippet:-1, max-image-preview:large, max-video-preview:-1\" \/>\n<link rel=\"canonical\" href=\"https:\/\/covasna45.ro\/index.php\/lumea-noastra\/aita-mare-nu-lasa-istoria-sa-moara-omagiu-lui-marton-moyses\/\" \/>\n<meta property=\"og:locale\" content=\"ro_RO\" \/>\n<meta property=\"og:type\" content=\"article\" \/>\n<meta property=\"og:title\" content=\"Aita Mare nu las\u0103 istoria s\u0103 moar\u0103: Omagiu lui M\u00e1rton Moyses - Covasna45\" \/>\n<meta property=\"og:description\" content=\"\u00cen ziua de 13 februarie 1970, la Bra\u0219ov, un t\u00e2n\u0103r de 29 de ani, originar din comuna Aita Mare \u00ee\u0219i turna pe corp benzin\u0103 \u0219i-\u0219i d\u0103dea foc.\" \/>\n<meta property=\"og:url\" content=\"https:\/\/covasna45.ro\/index.php\/lumea-noastra\/aita-mare-nu-lasa-istoria-sa-moara-omagiu-lui-marton-moyses\/\" \/>\n<meta property=\"og:site_name\" content=\"Covasna45\" \/>\n<meta property=\"article:published_time\" content=\"2025-10-27T06:29:47+00:00\" \/>\n<meta property=\"article:modified_time\" content=\"2025-10-27T19:20:53+00:00\" \/>\n<meta property=\"og:image\" content=\"https:\/\/covasna45.ro\/wp-content\/uploads\/2025\/10\/mon-aita-1.jpg\" \/>\n\t<meta property=\"og:image:width\" content=\"2335\" \/>\n\t<meta property=\"og:image:height\" content=\"1591\" \/>\n\t<meta property=\"og:image:type\" content=\"image\/jpeg\" \/>\n<meta name=\"author\" content=\"Gina Artenie\" \/>\n<meta name=\"twitter:card\" content=\"summary_large_image\" \/>\n<meta name=\"twitter:label1\" content=\"Scris de\" \/>\n\t<meta name=\"twitter:data1\" content=\"Gina Artenie\" \/>\n\t<meta name=\"twitter:label2\" content=\"Timp estimat pentru citire\" \/>\n\t<meta name=\"twitter:data2\" content=\"7 minute\" \/>\n<script type=\"application\/ld+json\" class=\"yoast-schema-graph\">{\"@context\":\"https:\\\/\\\/schema.org\",\"@graph\":[{\"@type\":\"Article\",\"@id\":\"https:\\\/\\\/covasna45.ro\\\/index.php\\\/lumea-noastra\\\/aita-mare-nu-lasa-istoria-sa-moara-omagiu-lui-marton-moyses\\\/#article\",\"isPartOf\":{\"@id\":\"https:\\\/\\\/covasna45.ro\\\/index.php\\\/lumea-noastra\\\/aita-mare-nu-lasa-istoria-sa-moara-omagiu-lui-marton-moyses\\\/\"},\"author\":{\"name\":\"Gina Artenie\",\"@id\":\"https:\\\/\\\/covasna45.ro\\\/#\\\/schema\\\/person\\\/a1349b84526c62ffb40b193ae8676c7e\"},\"headline\":\"Aita Mare nu las\u0103 istoria s\u0103 moar\u0103: Omagiu lui M\u00e1rton Moyses\",\"datePublished\":\"2025-10-27T06:29:47+00:00\",\"dateModified\":\"2025-10-27T19:20:53+00:00\",\"mainEntityOfPage\":{\"@id\":\"https:\\\/\\\/covasna45.ro\\\/index.php\\\/lumea-noastra\\\/aita-mare-nu-lasa-istoria-sa-moara-omagiu-lui-marton-moyses\\\/\"},\"wordCount\":1029,\"commentCount\":0,\"publisher\":{\"@id\":\"https:\\\/\\\/covasna45.ro\\\/#organization\"},\"image\":{\"@id\":\"https:\\\/\\\/covasna45.ro\\\/index.php\\\/lumea-noastra\\\/aita-mare-nu-lasa-istoria-sa-moara-omagiu-lui-marton-moyses\\\/#primaryimage\"},\"thumbnailUrl\":\"https:\\\/\\\/covasna45.ro\\\/wp-content\\\/uploads\\\/2025\\\/10\\\/mon-aita-1.jpg\",\"keywords\":[\"Aita Mare\",\"Comunism\",\"M\u00e1rton Moyses\",\"Tor\u021be vii\"],\"articleSection\":[\"Lumea noastr\u0103\"],\"inLanguage\":\"ro-RO\",\"potentialAction\":[{\"@type\":\"CommentAction\",\"name\":\"Comment\",\"target\":[\"https:\\\/\\\/covasna45.ro\\\/index.php\\\/lumea-noastra\\\/aita-mare-nu-lasa-istoria-sa-moara-omagiu-lui-marton-moyses\\\/#respond\"]}]},{\"@type\":\"WebPage\",\"@id\":\"https:\\\/\\\/covasna45.ro\\\/index.php\\\/lumea-noastra\\\/aita-mare-nu-lasa-istoria-sa-moara-omagiu-lui-marton-moyses\\\/\",\"url\":\"https:\\\/\\\/covasna45.ro\\\/index.php\\\/lumea-noastra\\\/aita-mare-nu-lasa-istoria-sa-moara-omagiu-lui-marton-moyses\\\/\",\"name\":\"Aita Mare nu las\u0103 istoria s\u0103 moar\u0103: Omagiu lui M\u00e1rton Moyses - Covasna45\",\"isPartOf\":{\"@id\":\"https:\\\/\\\/covasna45.ro\\\/#website\"},\"primaryImageOfPage\":{\"@id\":\"https:\\\/\\\/covasna45.ro\\\/index.php\\\/lumea-noastra\\\/aita-mare-nu-lasa-istoria-sa-moara-omagiu-lui-marton-moyses\\\/#primaryimage\"},\"image\":{\"@id\":\"https:\\\/\\\/covasna45.ro\\\/index.php\\\/lumea-noastra\\\/aita-mare-nu-lasa-istoria-sa-moara-omagiu-lui-marton-moyses\\\/#primaryimage\"},\"thumbnailUrl\":\"https:\\\/\\\/covasna45.ro\\\/wp-content\\\/uploads\\\/2025\\\/10\\\/mon-aita-1.jpg\",\"datePublished\":\"2025-10-27T06:29:47+00:00\",\"dateModified\":\"2025-10-27T19:20:53+00:00\",\"description\":\"\u00cen ziua de 13 februarie 1970, la Bra\u0219ov, un t\u00e2n\u0103r de 29 de ani, originar din comuna Aita Mare \u00ee\u0219i turna pe corp benzin\u0103 \u0219i-\u0219i d\u0103dea foc.\",\"breadcrumb\":{\"@id\":\"https:\\\/\\\/covasna45.ro\\\/index.php\\\/lumea-noastra\\\/aita-mare-nu-lasa-istoria-sa-moara-omagiu-lui-marton-moyses\\\/#breadcrumb\"},\"inLanguage\":\"ro-RO\",\"potentialAction\":[{\"@type\":\"ReadAction\",\"target\":[\"https:\\\/\\\/covasna45.ro\\\/index.php\\\/lumea-noastra\\\/aita-mare-nu-lasa-istoria-sa-moara-omagiu-lui-marton-moyses\\\/\"]}]},{\"@type\":\"ImageObject\",\"inLanguage\":\"ro-RO\",\"@id\":\"https:\\\/\\\/covasna45.ro\\\/index.php\\\/lumea-noastra\\\/aita-mare-nu-lasa-istoria-sa-moara-omagiu-lui-marton-moyses\\\/#primaryimage\",\"url\":\"https:\\\/\\\/covasna45.ro\\\/wp-content\\\/uploads\\\/2025\\\/10\\\/mon-aita-1.jpg\",\"contentUrl\":\"https:\\\/\\\/covasna45.ro\\\/wp-content\\\/uploads\\\/2025\\\/10\\\/mon-aita-1.jpg\",\"width\":2335,\"height\":1591},{\"@type\":\"BreadcrumbList\",\"@id\":\"https:\\\/\\\/covasna45.ro\\\/index.php\\\/lumea-noastra\\\/aita-mare-nu-lasa-istoria-sa-moara-omagiu-lui-marton-moyses\\\/#breadcrumb\",\"itemListElement\":[{\"@type\":\"ListItem\",\"position\":1,\"name\":\"Prima pagin\u0103\",\"item\":\"https:\\\/\\\/covasna45.ro\\\/\"},{\"@type\":\"ListItem\",\"position\":2,\"name\":\"Aita Mare nu las\u0103 istoria s\u0103 moar\u0103: Omagiu lui M\u00e1rton Moyses\"}]},{\"@type\":\"WebSite\",\"@id\":\"https:\\\/\\\/covasna45.ro\\\/#website\",\"url\":\"https:\\\/\\\/covasna45.ro\\\/\",\"name\":\"covasna45.ro\",\"description\":\"\",\"publisher\":{\"@id\":\"https:\\\/\\\/covasna45.ro\\\/#organization\"},\"potentialAction\":[{\"@type\":\"SearchAction\",\"target\":{\"@type\":\"EntryPoint\",\"urlTemplate\":\"https:\\\/\\\/covasna45.ro\\\/?s={search_term_string}\"},\"query-input\":{\"@type\":\"PropertyValueSpecification\",\"valueRequired\":true,\"valueName\":\"search_term_string\"}}],\"inLanguage\":\"ro-RO\"},{\"@type\":\"Organization\",\"@id\":\"https:\\\/\\\/covasna45.ro\\\/#organization\",\"name\":\"covasna45.ro\",\"url\":\"https:\\\/\\\/covasna45.ro\\\/\",\"logo\":{\"@type\":\"ImageObject\",\"inLanguage\":\"ro-RO\",\"@id\":\"https:\\\/\\\/covasna45.ro\\\/#\\\/schema\\\/logo\\\/image\\\/\",\"url\":\"https:\\\/\\\/covasna45.ro\\\/wp-content\\\/uploads\\\/2023\\\/01\\\/icon_logo.png\",\"contentUrl\":\"https:\\\/\\\/covasna45.ro\\\/wp-content\\\/uploads\\\/2023\\\/01\\\/icon_logo.png\",\"width\":1900,\"height\":1900,\"caption\":\"covasna45.ro\"},\"image\":{\"@id\":\"https:\\\/\\\/covasna45.ro\\\/#\\\/schema\\\/logo\\\/image\\\/\"}},{\"@type\":\"Person\",\"@id\":\"https:\\\/\\\/covasna45.ro\\\/#\\\/schema\\\/person\\\/a1349b84526c62ffb40b193ae8676c7e\",\"name\":\"Gina Artenie\",\"image\":{\"@type\":\"ImageObject\",\"inLanguage\":\"ro-RO\",\"@id\":\"https:\\\/\\\/covasna45.ro\\\/wp-content\\\/uploads\\\/2023\\\/08\\\/gina_artenie-150x150.jpg\",\"url\":\"https:\\\/\\\/covasna45.ro\\\/wp-content\\\/uploads\\\/2023\\\/08\\\/gina_artenie-150x150.jpg\",\"contentUrl\":\"https:\\\/\\\/covasna45.ro\\\/wp-content\\\/uploads\\\/2023\\\/08\\\/gina_artenie-150x150.jpg\",\"caption\":\"Gina Artenie\"},\"sameAs\":[\"http:\\\/\\\/www.covasna45.ro\"],\"url\":\"https:\\\/\\\/covasna45.ro\\\/index.php\\\/author\\\/gina\\\/\"}]}<\/script>\n<!-- \/ Yoast SEO plugin. -->","yoast_head_json":{"title":"Aita Mare nu las\u0103 istoria s\u0103 moar\u0103: Omagiu lui M\u00e1rton Moyses - Covasna45","description":"\u00cen ziua de 13 februarie 1970, la Bra\u0219ov, un t\u00e2n\u0103r de 29 de ani, originar din comuna Aita Mare \u00ee\u0219i turna pe corp benzin\u0103 \u0219i-\u0219i d\u0103dea foc.","robots":{"index":"index","follow":"follow","max-snippet":"max-snippet:-1","max-image-preview":"max-image-preview:large","max-video-preview":"max-video-preview:-1"},"canonical":"https:\/\/covasna45.ro\/index.php\/lumea-noastra\/aita-mare-nu-lasa-istoria-sa-moara-omagiu-lui-marton-moyses\/","og_locale":"ro_RO","og_type":"article","og_title":"Aita Mare nu las\u0103 istoria s\u0103 moar\u0103: Omagiu lui M\u00e1rton Moyses - Covasna45","og_description":"\u00cen ziua de 13 februarie 1970, la Bra\u0219ov, un t\u00e2n\u0103r de 29 de ani, originar din comuna Aita Mare \u00ee\u0219i turna pe corp benzin\u0103 \u0219i-\u0219i d\u0103dea foc.","og_url":"https:\/\/covasna45.ro\/index.php\/lumea-noastra\/aita-mare-nu-lasa-istoria-sa-moara-omagiu-lui-marton-moyses\/","og_site_name":"Covasna45","article_published_time":"2025-10-27T06:29:47+00:00","article_modified_time":"2025-10-27T19:20:53+00:00","og_image":[{"width":2335,"height":1591,"url":"https:\/\/covasna45.ro\/wp-content\/uploads\/2025\/10\/mon-aita-1.jpg","type":"image\/jpeg"}],"author":"Gina Artenie","twitter_card":"summary_large_image","twitter_misc":{"Scris de":"Gina Artenie","Timp estimat pentru citire":"7 minute"},"schema":{"@context":"https:\/\/schema.org","@graph":[{"@type":"Article","@id":"https:\/\/covasna45.ro\/index.php\/lumea-noastra\/aita-mare-nu-lasa-istoria-sa-moara-omagiu-lui-marton-moyses\/#article","isPartOf":{"@id":"https:\/\/covasna45.ro\/index.php\/lumea-noastra\/aita-mare-nu-lasa-istoria-sa-moara-omagiu-lui-marton-moyses\/"},"author":{"name":"Gina Artenie","@id":"https:\/\/covasna45.ro\/#\/schema\/person\/a1349b84526c62ffb40b193ae8676c7e"},"headline":"Aita Mare nu las\u0103 istoria s\u0103 moar\u0103: Omagiu lui M\u00e1rton Moyses","datePublished":"2025-10-27T06:29:47+00:00","dateModified":"2025-10-27T19:20:53+00:00","mainEntityOfPage":{"@id":"https:\/\/covasna45.ro\/index.php\/lumea-noastra\/aita-mare-nu-lasa-istoria-sa-moara-omagiu-lui-marton-moyses\/"},"wordCount":1029,"commentCount":0,"publisher":{"@id":"https:\/\/covasna45.ro\/#organization"},"image":{"@id":"https:\/\/covasna45.ro\/index.php\/lumea-noastra\/aita-mare-nu-lasa-istoria-sa-moara-omagiu-lui-marton-moyses\/#primaryimage"},"thumbnailUrl":"https:\/\/covasna45.ro\/wp-content\/uploads\/2025\/10\/mon-aita-1.jpg","keywords":["Aita Mare","Comunism","M\u00e1rton Moyses","Tor\u021be vii"],"articleSection":["Lumea noastr\u0103"],"inLanguage":"ro-RO","potentialAction":[{"@type":"CommentAction","name":"Comment","target":["https:\/\/covasna45.ro\/index.php\/lumea-noastra\/aita-mare-nu-lasa-istoria-sa-moara-omagiu-lui-marton-moyses\/#respond"]}]},{"@type":"WebPage","@id":"https:\/\/covasna45.ro\/index.php\/lumea-noastra\/aita-mare-nu-lasa-istoria-sa-moara-omagiu-lui-marton-moyses\/","url":"https:\/\/covasna45.ro\/index.php\/lumea-noastra\/aita-mare-nu-lasa-istoria-sa-moara-omagiu-lui-marton-moyses\/","name":"Aita Mare nu las\u0103 istoria s\u0103 moar\u0103: Omagiu lui M\u00e1rton Moyses - Covasna45","isPartOf":{"@id":"https:\/\/covasna45.ro\/#website"},"primaryImageOfPage":{"@id":"https:\/\/covasna45.ro\/index.php\/lumea-noastra\/aita-mare-nu-lasa-istoria-sa-moara-omagiu-lui-marton-moyses\/#primaryimage"},"image":{"@id":"https:\/\/covasna45.ro\/index.php\/lumea-noastra\/aita-mare-nu-lasa-istoria-sa-moara-omagiu-lui-marton-moyses\/#primaryimage"},"thumbnailUrl":"https:\/\/covasna45.ro\/wp-content\/uploads\/2025\/10\/mon-aita-1.jpg","datePublished":"2025-10-27T06:29:47+00:00","dateModified":"2025-10-27T19:20:53+00:00","description":"\u00cen ziua de 13 februarie 1970, la Bra\u0219ov, un t\u00e2n\u0103r de 29 de ani, originar din comuna Aita Mare \u00ee\u0219i turna pe corp benzin\u0103 \u0219i-\u0219i d\u0103dea foc.","breadcrumb":{"@id":"https:\/\/covasna45.ro\/index.php\/lumea-noastra\/aita-mare-nu-lasa-istoria-sa-moara-omagiu-lui-marton-moyses\/#breadcrumb"},"inLanguage":"ro-RO","potentialAction":[{"@type":"ReadAction","target":["https:\/\/covasna45.ro\/index.php\/lumea-noastra\/aita-mare-nu-lasa-istoria-sa-moara-omagiu-lui-marton-moyses\/"]}]},{"@type":"ImageObject","inLanguage":"ro-RO","@id":"https:\/\/covasna45.ro\/index.php\/lumea-noastra\/aita-mare-nu-lasa-istoria-sa-moara-omagiu-lui-marton-moyses\/#primaryimage","url":"https:\/\/covasna45.ro\/wp-content\/uploads\/2025\/10\/mon-aita-1.jpg","contentUrl":"https:\/\/covasna45.ro\/wp-content\/uploads\/2025\/10\/mon-aita-1.jpg","width":2335,"height":1591},{"@type":"BreadcrumbList","@id":"https:\/\/covasna45.ro\/index.php\/lumea-noastra\/aita-mare-nu-lasa-istoria-sa-moara-omagiu-lui-marton-moyses\/#breadcrumb","itemListElement":[{"@type":"ListItem","position":1,"name":"Prima pagin\u0103","item":"https:\/\/covasna45.ro\/"},{"@type":"ListItem","position":2,"name":"Aita Mare nu las\u0103 istoria s\u0103 moar\u0103: Omagiu lui M\u00e1rton Moyses"}]},{"@type":"WebSite","@id":"https:\/\/covasna45.ro\/#website","url":"https:\/\/covasna45.ro\/","name":"covasna45.ro","description":"","publisher":{"@id":"https:\/\/covasna45.ro\/#organization"},"potentialAction":[{"@type":"SearchAction","target":{"@type":"EntryPoint","urlTemplate":"https:\/\/covasna45.ro\/?s={search_term_string}"},"query-input":{"@type":"PropertyValueSpecification","valueRequired":true,"valueName":"search_term_string"}}],"inLanguage":"ro-RO"},{"@type":"Organization","@id":"https:\/\/covasna45.ro\/#organization","name":"covasna45.ro","url":"https:\/\/covasna45.ro\/","logo":{"@type":"ImageObject","inLanguage":"ro-RO","@id":"https:\/\/covasna45.ro\/#\/schema\/logo\/image\/","url":"https:\/\/covasna45.ro\/wp-content\/uploads\/2023\/01\/icon_logo.png","contentUrl":"https:\/\/covasna45.ro\/wp-content\/uploads\/2023\/01\/icon_logo.png","width":1900,"height":1900,"caption":"covasna45.ro"},"image":{"@id":"https:\/\/covasna45.ro\/#\/schema\/logo\/image\/"}},{"@type":"Person","@id":"https:\/\/covasna45.ro\/#\/schema\/person\/a1349b84526c62ffb40b193ae8676c7e","name":"Gina Artenie","image":{"@type":"ImageObject","inLanguage":"ro-RO","@id":"https:\/\/covasna45.ro\/wp-content\/uploads\/2023\/08\/gina_artenie-150x150.jpg","url":"https:\/\/covasna45.ro\/wp-content\/uploads\/2023\/08\/gina_artenie-150x150.jpg","contentUrl":"https:\/\/covasna45.ro\/wp-content\/uploads\/2023\/08\/gina_artenie-150x150.jpg","caption":"Gina Artenie"},"sameAs":["http:\/\/www.covasna45.ro"],"url":"https:\/\/covasna45.ro\/index.php\/author\/gina\/"}]}},"_links":{"self":[{"href":"https:\/\/covasna45.ro\/index.php\/wp-json\/wp\/v2\/posts\/13597","targetHints":{"allow":["GET"]}}],"collection":[{"href":"https:\/\/covasna45.ro\/index.php\/wp-json\/wp\/v2\/posts"}],"about":[{"href":"https:\/\/covasna45.ro\/index.php\/wp-json\/wp\/v2\/types\/post"}],"author":[{"embeddable":true,"href":"https:\/\/covasna45.ro\/index.php\/wp-json\/wp\/v2\/users\/3"}],"replies":[{"embeddable":true,"href":"https:\/\/covasna45.ro\/index.php\/wp-json\/wp\/v2\/comments?post=13597"}],"version-history":[{"count":4,"href":"https:\/\/covasna45.ro\/index.php\/wp-json\/wp\/v2\/posts\/13597\/revisions"}],"predecessor-version":[{"id":13621,"href":"https:\/\/covasna45.ro\/index.php\/wp-json\/wp\/v2\/posts\/13597\/revisions\/13621"}],"wp:featuredmedia":[{"embeddable":true,"href":"https:\/\/covasna45.ro\/index.php\/wp-json\/wp\/v2\/media\/13598"}],"wp:attachment":[{"href":"https:\/\/covasna45.ro\/index.php\/wp-json\/wp\/v2\/media?parent=13597"}],"wp:term":[{"taxonomy":"category","embeddable":true,"href":"https:\/\/covasna45.ro\/index.php\/wp-json\/wp\/v2\/categories?post=13597"},{"taxonomy":"post_tag","embeddable":true,"href":"https:\/\/covasna45.ro\/index.php\/wp-json\/wp\/v2\/tags?post=13597"}],"curies":[{"name":"wp","href":"https:\/\/api.w.org\/{rel}","templated":true}]}}