{"id":13615,"date":"2025-10-27T14:19:18","date_gmt":"2025-10-27T12:19:18","guid":{"rendered":"https:\/\/covasna45.ro\/?p=13615"},"modified":"2025-10-27T14:25:53","modified_gmt":"2025-10-27T12:25:53","slug":"marile-confederatii-sindicale-protesteaza-pe-29-octombrie-la-guvern","status":"publish","type":"post","link":"https:\/\/covasna45.ro\/index.php\/lumea-noastra\/marile-confederatii-sindicale-protesteaza-pe-29-octombrie-la-guvern\/","title":{"rendered":"Marile confedera\u021bii sindicale protesteaz\u0103 pe 29 octombrie, la Guvern"},"content":{"rendered":"\n<p>Confedera\u021bia Na\u021bional\u0103 Sindical\u0103 \u201eCartel ALFA\u201d, CNSLR-Fr\u0103\u021bia, CSDR \u0219i Confedera\u021bia Sindical\u0103 Na\u021bional\u0103 Meridian anun\u021b\u0103 organizarea unei ac\u021biuni de protest \u00een fa\u021ba <a href=\"https:\/\/covasna45.ro\/index.php\/lumea-noastra\/ilie-bolojan-a-decis-cresc-impozitele-pe-proprietate-la-persoanele-fizice\/\">Guvernului <\/a>Rom\u00e2niei, \u00een data de 29 octombrie 2025, ca urmare a problemelor sociale \u0219i economice majore cu care se confrunt\u0103 cetatenii din Rom\u00e2nia.<\/p>\n\n\n\n<p>Red\u0103m comunicatul:<\/p>\n\n\n\n<p>\u201eFacem apel la mobilizarea colectiv\u0103 a tuturor lucr\u0103torilor, studen\u021bilor, pensionarilor, tinerilor \u0219i a tuturor celor care nu mai accept\u0103 nedreptatea, inechitatea \u0219i dispre\u021bul fa\u021b\u0103 de munca cinstit\u0103.<\/p>\n\n\n\n<p>Este momentul s\u0103 ne facem auzite revendic\u0103rile \u0219i s\u0103 cerem m\u0103suri concrete, juste \u0219i imediate pentru protejarea lucr\u0103torilor \u0219i a drepturilor fundamentale.<\/p>\n\n\n\n<p>Vom ie\u0219i \u00een strad\u0103 pentru a ar\u0103ta c\u0103 nu mai accept\u0103m s\u0103 fim victimele unui sistem care promoveaz\u0103 austeritatea, incompeten\u021ba \u0219i lipsa de responsabilitate a celor afla\u021bi la conducere.<\/p>\n\n\n\n<p>Situa\u021bia actual\u0103 eviden\u021biaz\u0103 clar de ce este nevoie de ac\u021biuni urgente pentru:<\/p>\n\n\n\n<p><strong>Cre\u0219terea salariului minim \u0219i a pensiilor<\/strong>, astfel \u00eenc\u00e2t niciun lucr\u0103tor \u0219i niciun pensionar s\u0103 nu tr\u0103iasc\u0103 sub pragul s\u0103r\u0103ciei. Rom\u00e2nia are cea mai mare rat\u0103 a lucr\u0103torilor s\u0103raci din Uniunea European\u0103 \u2013 19% dintre salaria\u021bi muncesc, dar r\u0103m\u00e2n \u00een s\u0103r\u0103cie.<\/p>\n\n\n\n<p><strong>Co\u0219ul minim pentru un trai decent<\/strong> 4.322 lei dep\u0103\u0219e\u0219te cu peste 50% salariul minim net actual.<\/p>\n\n\n\n<p><strong>Respectarea drepturilor legale \u0219i contractuale ale salaria\u021bilor<\/strong>. Cerem reluarea negocierilor colective la toate nivelurile \u0219i \u00eencheierea Contractului Colectiv de Munc\u0103 la Nivel Na\u021bional, pentru protec\u021bia real\u0103 a lucr\u0103torilor.<\/p>\n\n\n\n<p><strong>O taxare echitabil\u00e3.<\/strong> Solicit\u0103m corectarea dezechilibrului creat de OUG 79\/2017, care a transferat contribu\u021biile sociale exclusiv pe umerii angaja\u021bilor.<\/p>\n\n\n\n<p><strong>Oprirea m\u00e3surilor de austeritate aplicate doar celor vulnerabili<\/strong>.<\/p>\n\n\n\n<p><strong>Austeritatea, daca este necesara, trebuie s\u0103 se aplice companiilor \u0219i partidelor politice<\/strong>, nu doar popula\u021biei !<\/p>\n\n\n\n<p><strong>Protejarea locurilor de munc\u00e3 \u0219i investi\u021bii \u00een economie<\/strong>, nu concedieri.<\/p>\n\n\n\n<p><strong>Ne opunem reducerilor de personal din administra\u021bie<\/strong> \u0219i t\u0103ierilor salariale.<\/p>\n\n\n\n<p><strong>Punerea \u00een plat\u0103, de urgen\u021b\u0103, a sentin\u021belor judec\u0103tore\u0219ti definitive<\/strong>.<\/p>\n\n\n\n<h2 class=\"wp-block-heading\">S\u00e3n\u00e3tate \u0219i Asisten\u021b\u00e3 Social\u00e3<\/h2>\n\n\n\n<p>Cerem aplicarea legii salariz\u0103rii \/ indexarea salariilor cu infla\u021bia, acordarea tuturor sporurilor calculate conform salariul de baz\u0103 \u00een plat\u0103.<\/p>\n\n\n\n<p>Cerem deblocarea posturilor din s\u0103n\u0103tate \u0219i asisten\u021b\u0103 social\u0103 \u0219i continuarea investi\u021biilor prin PNRR \u0219i programele na\u021bionale.<\/p>\n\n\n\n<h2 class=\"wp-block-heading\">Educa\u021bia<\/h2>\n\n\n\n<p>Solicit\u0103m abrogarea m\u0103surilor din Legea nr. 141\/2025 care au crescut norma didactic\u0103, au comasat \u0219coli \u0219i au redus veniturile profesorilor. Solicit\u0103m renun\u021barea la m\u0103surile luate de Guvern referitoare la decontarea cheltuielilor de transport \u0219i a burselor studen\u021bilor;<\/p>\n\n\n\n<h2 class=\"wp-block-heading\">Ap\u00e3rare<\/h2>\n\n\n\n<p>Ordine public\u00e3 \u0219i Securitate Na\u021bional\u00e3 \u2013 PREDICTIBILITATE \u00een salarizare, carier\u0103 \u0219i pensionare pentru poli\u021bi\u0219ti. Militari \u0219i personal contractual<\/p>\n\n\n\n<p><strong>Energie accesibil\u00e3 \u0219i locuri de munc\u00e3 sigure.<\/strong><\/p>\n\n\n\n<p>Cerem reglementarea pie\u021bei energiei pentru protejarea competitivitatii economiei \u0219i p\u0103strarea locurilor de munc\u0103 din industrie.<\/p>\n\n\n\n<h2 class=\"wp-block-heading\">Consolidarea sectorului silvic din Rom\u00e2nia \u2013 nu distrugerea lui<\/h2>\n\n\n\n<p>Stop proiectelor legislative care submineaz\u0103 administrarea p\u0103durilor statului \u0219i interesul na\u021bional.<\/p>\n\n\n\n<p><strong>Stop v\u00e2nz\u00e3rii companiilor de stat.<\/strong><\/p>\n\n\n\n<p>Solicit\u0103m investi\u021bii \u0219i administrare performant\u0103, nu \u00eenstr\u0103inarea patrimoniului public.<\/p>\n\n\n\n<p><strong>Refacerea infrastructurii feroviare<\/strong> \u0219i \u00eenlocuirea trenurilor vechi cu unele noi. Peste 70% din re\u021beaua feroviar\u0103 este \u00eentr-o stare critic\u0103.<\/p>\n\n\n\n<p><strong>Pensii decente \u0219i corecte<\/strong>. Solicit\u0103m aplicarea cre\u0219terilor \u0219i indexarea pensiilor conform legii.<\/p>\n\n\n\n<p><strong>Facem apel la solidaritatea tuturor angaja\u021bilor din economie, administra\u021bie, educa\u021bie, s\u0103n\u0103tate, poli\u021bie, transporturi, energie, agricultur\u0103, silvicultur\u0103, Administra\u021bia Apelor Rom\u00e2ne, cultur\u0103 \u0219i servicii, precum \u0219i la pensionari \u0219i tineri, pentru a sus\u021bine drepturile celor care muncesc cinstit.<\/strong><\/p>\n\n\n\n<p>Pe 29 octombrie 2025, ne vom aduna \u00een fa\u021ba Guvernului, \u00eentre orele 10:00 \u2013 14:00, pentru a transmite un mesaj ferm:<\/p>\n\n\n\n<p>Nu mai accept\u0103m austeritatea \u0219i dispre\u021bul fa\u021b\u0103 de munc\u0103 si cei care muncesc! Vrem respect, echitate \u0219i o via\u021b\u0103 demn\u0103 pentru to\u021bi!\u201d<\/p>\n","protected":false},"excerpt":{"rendered":"<p>Confedera\u021bia Na\u021bional\u0103 Sindical\u0103 \u201eCartel ALFA\u201d, CNSLR-Fr\u0103\u021bia, CSDR \u0219i Confedera\u021bia Sindical\u0103 Na\u021bional\u0103 Meridian anun\u021b\u0103 organizarea unei ac\u021biuni de protest \u00een fa\u021ba Guvernului Rom\u00e2niei, \u00een data de 29 octombrie 2025, ca urmare a problemelor sociale \u0219i economice majore cu care se confrunt\u0103 cetatenii din Rom\u00e2nia. Red\u0103m comunicatul: \u201eFacem apel la mobilizarea colectiv\u0103 a tuturor lucr\u0103torilor, studen\u021bilor, pensionarilor, [&hellip;]<\/p>\n","protected":false},"author":1,"featured_media":13616,"comment_status":"open","ping_status":"closed","sticky":false,"template":"","format":"standard","meta":{"tdm_status":"","tdm_grid_status":"","footnotes":""},"categories":[14],"tags":[632,480],"class_list":{"0":"post-13615","1":"post","2":"type-post","3":"status-publish","4":"format-standard","5":"has-post-thumbnail","7":"category-lumea-noastra","8":"tag-protest","9":"tag-sindicate"},"yoast_head":"<!-- This site is optimized with the Yoast SEO plugin v27.5 - https:\/\/yoast.com\/product\/yoast-seo-wordpress\/ -->\n<title>Marile confedera\u021bii sindicale protesteaz\u0103 pe 29 octombrie, la Guvern - Covasna45<\/title>\n<meta name=\"description\" content=\"Pe 29 octombrie 2025, ne vom aduna \u00een fa\u021ba Guvernului, \u00eentre orele 10:00 \u2013 14:00, pentru a transmite un mesaj ferm.\" \/>\n<meta name=\"robots\" content=\"index, follow, max-snippet:-1, max-image-preview:large, max-video-preview:-1\" \/>\n<link rel=\"canonical\" href=\"https:\/\/covasna45.ro\/index.php\/lumea-noastra\/marile-confederatii-sindicale-protesteaza-pe-29-octombrie-la-guvern\/\" \/>\n<meta property=\"og:locale\" content=\"ro_RO\" \/>\n<meta property=\"og:type\" content=\"article\" \/>\n<meta property=\"og:title\" content=\"Marile confedera\u021bii sindicale protesteaz\u0103 pe 29 octombrie, la Guvern - Covasna45\" \/>\n<meta property=\"og:description\" content=\"Pe 29 octombrie 2025, ne vom aduna \u00een fa\u021ba Guvernului, \u00eentre orele 10:00 \u2013 14:00, pentru a transmite un mesaj ferm.\" \/>\n<meta property=\"og:url\" content=\"https:\/\/covasna45.ro\/index.php\/lumea-noastra\/marile-confederatii-sindicale-protesteaza-pe-29-octombrie-la-guvern\/\" \/>\n<meta property=\"og:site_name\" content=\"Covasna45\" \/>\n<meta property=\"article:published_time\" content=\"2025-10-27T12:19:18+00:00\" \/>\n<meta property=\"article:modified_time\" content=\"2025-10-27T12:25:53+00:00\" \/>\n<meta property=\"og:image\" content=\"https:\/\/covasna45.ro\/wp-content\/uploads\/2025\/10\/prot-cart.jpg\" \/>\n\t<meta property=\"og:image:width\" content=\"1370\" \/>\n\t<meta property=\"og:image:height\" content=\"906\" \/>\n\t<meta property=\"og:image:type\" content=\"image\/jpeg\" \/>\n<meta name=\"author\" content=\"Covasna45\" \/>\n<meta name=\"twitter:card\" content=\"summary_large_image\" \/>\n<meta name=\"twitter:label1\" content=\"Scris de\" \/>\n\t<meta name=\"twitter:data1\" content=\"Covasna45\" \/>\n\t<meta name=\"twitter:label2\" content=\"Timp estimat pentru citire\" \/>\n\t<meta name=\"twitter:data2\" content=\"4 minute\" \/>\n<script type=\"application\/ld+json\" class=\"yoast-schema-graph\">{\"@context\":\"https:\\\/\\\/schema.org\",\"@graph\":[{\"@type\":\"Article\",\"@id\":\"https:\\\/\\\/covasna45.ro\\\/index.php\\\/lumea-noastra\\\/marile-confederatii-sindicale-protesteaza-pe-29-octombrie-la-guvern\\\/#article\",\"isPartOf\":{\"@id\":\"https:\\\/\\\/covasna45.ro\\\/index.php\\\/lumea-noastra\\\/marile-confederatii-sindicale-protesteaza-pe-29-octombrie-la-guvern\\\/\"},\"author\":{\"name\":\"Covasna45\",\"@id\":\"https:\\\/\\\/covasna45.ro\\\/#\\\/schema\\\/person\\\/e674052bd7d95d70bbb007a1060ab73c\"},\"headline\":\"Marile confedera\u021bii sindicale protesteaz\u0103 pe 29 octombrie, la Guvern\",\"datePublished\":\"2025-10-27T12:19:18+00:00\",\"dateModified\":\"2025-10-27T12:25:53+00:00\",\"mainEntityOfPage\":{\"@id\":\"https:\\\/\\\/covasna45.ro\\\/index.php\\\/lumea-noastra\\\/marile-confederatii-sindicale-protesteaza-pe-29-octombrie-la-guvern\\\/\"},\"wordCount\":645,\"commentCount\":0,\"publisher\":{\"@id\":\"https:\\\/\\\/covasna45.ro\\\/#organization\"},\"image\":{\"@id\":\"https:\\\/\\\/covasna45.ro\\\/index.php\\\/lumea-noastra\\\/marile-confederatii-sindicale-protesteaza-pe-29-octombrie-la-guvern\\\/#primaryimage\"},\"thumbnailUrl\":\"https:\\\/\\\/covasna45.ro\\\/wp-content\\\/uploads\\\/2025\\\/10\\\/prot-cart.jpg\",\"keywords\":[\"Protest\",\"Sindicate\"],\"articleSection\":[\"Lumea noastr\u0103\"],\"inLanguage\":\"ro-RO\",\"potentialAction\":[{\"@type\":\"CommentAction\",\"name\":\"Comment\",\"target\":[\"https:\\\/\\\/covasna45.ro\\\/index.php\\\/lumea-noastra\\\/marile-confederatii-sindicale-protesteaza-pe-29-octombrie-la-guvern\\\/#respond\"]}]},{\"@type\":\"WebPage\",\"@id\":\"https:\\\/\\\/covasna45.ro\\\/index.php\\\/lumea-noastra\\\/marile-confederatii-sindicale-protesteaza-pe-29-octombrie-la-guvern\\\/\",\"url\":\"https:\\\/\\\/covasna45.ro\\\/index.php\\\/lumea-noastra\\\/marile-confederatii-sindicale-protesteaza-pe-29-octombrie-la-guvern\\\/\",\"name\":\"Marile confedera\u021bii sindicale protesteaz\u0103 pe 29 octombrie, la Guvern - Covasna45\",\"isPartOf\":{\"@id\":\"https:\\\/\\\/covasna45.ro\\\/#website\"},\"primaryImageOfPage\":{\"@id\":\"https:\\\/\\\/covasna45.ro\\\/index.php\\\/lumea-noastra\\\/marile-confederatii-sindicale-protesteaza-pe-29-octombrie-la-guvern\\\/#primaryimage\"},\"image\":{\"@id\":\"https:\\\/\\\/covasna45.ro\\\/index.php\\\/lumea-noastra\\\/marile-confederatii-sindicale-protesteaza-pe-29-octombrie-la-guvern\\\/#primaryimage\"},\"thumbnailUrl\":\"https:\\\/\\\/covasna45.ro\\\/wp-content\\\/uploads\\\/2025\\\/10\\\/prot-cart.jpg\",\"datePublished\":\"2025-10-27T12:19:18+00:00\",\"dateModified\":\"2025-10-27T12:25:53+00:00\",\"description\":\"Pe 29 octombrie 2025, ne vom aduna \u00een fa\u021ba Guvernului, \u00eentre orele 10:00 \u2013 14:00, pentru a transmite un mesaj ferm.\",\"breadcrumb\":{\"@id\":\"https:\\\/\\\/covasna45.ro\\\/index.php\\\/lumea-noastra\\\/marile-confederatii-sindicale-protesteaza-pe-29-octombrie-la-guvern\\\/#breadcrumb\"},\"inLanguage\":\"ro-RO\",\"potentialAction\":[{\"@type\":\"ReadAction\",\"target\":[\"https:\\\/\\\/covasna45.ro\\\/index.php\\\/lumea-noastra\\\/marile-confederatii-sindicale-protesteaza-pe-29-octombrie-la-guvern\\\/\"]}]},{\"@type\":\"ImageObject\",\"inLanguage\":\"ro-RO\",\"@id\":\"https:\\\/\\\/covasna45.ro\\\/index.php\\\/lumea-noastra\\\/marile-confederatii-sindicale-protesteaza-pe-29-octombrie-la-guvern\\\/#primaryimage\",\"url\":\"https:\\\/\\\/covasna45.ro\\\/wp-content\\\/uploads\\\/2025\\\/10\\\/prot-cart.jpg\",\"contentUrl\":\"https:\\\/\\\/covasna45.ro\\\/wp-content\\\/uploads\\\/2025\\\/10\\\/prot-cart.jpg\",\"width\":1370,\"height\":906},{\"@type\":\"BreadcrumbList\",\"@id\":\"https:\\\/\\\/covasna45.ro\\\/index.php\\\/lumea-noastra\\\/marile-confederatii-sindicale-protesteaza-pe-29-octombrie-la-guvern\\\/#breadcrumb\",\"itemListElement\":[{\"@type\":\"ListItem\",\"position\":1,\"name\":\"Prima pagin\u0103\",\"item\":\"https:\\\/\\\/covasna45.ro\\\/\"},{\"@type\":\"ListItem\",\"position\":2,\"name\":\"Marile confedera\u021bii sindicale protesteaz\u0103 pe 29 octombrie, la Guvern\"}]},{\"@type\":\"WebSite\",\"@id\":\"https:\\\/\\\/covasna45.ro\\\/#website\",\"url\":\"https:\\\/\\\/covasna45.ro\\\/\",\"name\":\"covasna45.ro\",\"description\":\"\",\"publisher\":{\"@id\":\"https:\\\/\\\/covasna45.ro\\\/#organization\"},\"potentialAction\":[{\"@type\":\"SearchAction\",\"target\":{\"@type\":\"EntryPoint\",\"urlTemplate\":\"https:\\\/\\\/covasna45.ro\\\/?s={search_term_string}\"},\"query-input\":{\"@type\":\"PropertyValueSpecification\",\"valueRequired\":true,\"valueName\":\"search_term_string\"}}],\"inLanguage\":\"ro-RO\"},{\"@type\":\"Organization\",\"@id\":\"https:\\\/\\\/covasna45.ro\\\/#organization\",\"name\":\"covasna45.ro\",\"url\":\"https:\\\/\\\/covasna45.ro\\\/\",\"logo\":{\"@type\":\"ImageObject\",\"inLanguage\":\"ro-RO\",\"@id\":\"https:\\\/\\\/covasna45.ro\\\/#\\\/schema\\\/logo\\\/image\\\/\",\"url\":\"https:\\\/\\\/covasna45.ro\\\/wp-content\\\/uploads\\\/2023\\\/01\\\/icon_logo.png\",\"contentUrl\":\"https:\\\/\\\/covasna45.ro\\\/wp-content\\\/uploads\\\/2023\\\/01\\\/icon_logo.png\",\"width\":1900,\"height\":1900,\"caption\":\"covasna45.ro\"},\"image\":{\"@id\":\"https:\\\/\\\/covasna45.ro\\\/#\\\/schema\\\/logo\\\/image\\\/\"}},{\"@type\":\"Person\",\"@id\":\"https:\\\/\\\/covasna45.ro\\\/#\\\/schema\\\/person\\\/e674052bd7d95d70bbb007a1060ab73c\",\"name\":\"Covasna45\",\"image\":{\"@type\":\"ImageObject\",\"inLanguage\":\"ro-RO\",\"@id\":\"https:\\\/\\\/covasna45.ro\\\/wp-content\\\/uploads\\\/2025\\\/10\\\/icon_logo_covasna45-150x150.png\",\"url\":\"https:\\\/\\\/covasna45.ro\\\/wp-content\\\/uploads\\\/2025\\\/10\\\/icon_logo_covasna45-150x150.png\",\"contentUrl\":\"https:\\\/\\\/covasna45.ro\\\/wp-content\\\/uploads\\\/2025\\\/10\\\/icon_logo_covasna45-150x150.png\",\"caption\":\"Covasna45\"},\"sameAs\":[\"https:\\\/\\\/covasna45.ro\"],\"url\":\"https:\\\/\\\/covasna45.ro\\\/index.php\\\/author\\\/covasna\\\/\"}]}<\/script>\n<!-- \/ Yoast SEO plugin. -->","yoast_head_json":{"title":"Marile confedera\u021bii sindicale protesteaz\u0103 pe 29 octombrie, la Guvern - Covasna45","description":"Pe 29 octombrie 2025, ne vom aduna \u00een fa\u021ba Guvernului, \u00eentre orele 10:00 \u2013 14:00, pentru a transmite un mesaj ferm.","robots":{"index":"index","follow":"follow","max-snippet":"max-snippet:-1","max-image-preview":"max-image-preview:large","max-video-preview":"max-video-preview:-1"},"canonical":"https:\/\/covasna45.ro\/index.php\/lumea-noastra\/marile-confederatii-sindicale-protesteaza-pe-29-octombrie-la-guvern\/","og_locale":"ro_RO","og_type":"article","og_title":"Marile confedera\u021bii sindicale protesteaz\u0103 pe 29 octombrie, la Guvern - Covasna45","og_description":"Pe 29 octombrie 2025, ne vom aduna \u00een fa\u021ba Guvernului, \u00eentre orele 10:00 \u2013 14:00, pentru a transmite un mesaj ferm.","og_url":"https:\/\/covasna45.ro\/index.php\/lumea-noastra\/marile-confederatii-sindicale-protesteaza-pe-29-octombrie-la-guvern\/","og_site_name":"Covasna45","article_published_time":"2025-10-27T12:19:18+00:00","article_modified_time":"2025-10-27T12:25:53+00:00","og_image":[{"width":1370,"height":906,"url":"https:\/\/covasna45.ro\/wp-content\/uploads\/2025\/10\/prot-cart.jpg","type":"image\/jpeg"}],"author":"Covasna45","twitter_card":"summary_large_image","twitter_misc":{"Scris de":"Covasna45","Timp estimat pentru citire":"4 minute"},"schema":{"@context":"https:\/\/schema.org","@graph":[{"@type":"Article","@id":"https:\/\/covasna45.ro\/index.php\/lumea-noastra\/marile-confederatii-sindicale-protesteaza-pe-29-octombrie-la-guvern\/#article","isPartOf":{"@id":"https:\/\/covasna45.ro\/index.php\/lumea-noastra\/marile-confederatii-sindicale-protesteaza-pe-29-octombrie-la-guvern\/"},"author":{"name":"Covasna45","@id":"https:\/\/covasna45.ro\/#\/schema\/person\/e674052bd7d95d70bbb007a1060ab73c"},"headline":"Marile confedera\u021bii sindicale protesteaz\u0103 pe 29 octombrie, la Guvern","datePublished":"2025-10-27T12:19:18+00:00","dateModified":"2025-10-27T12:25:53+00:00","mainEntityOfPage":{"@id":"https:\/\/covasna45.ro\/index.php\/lumea-noastra\/marile-confederatii-sindicale-protesteaza-pe-29-octombrie-la-guvern\/"},"wordCount":645,"commentCount":0,"publisher":{"@id":"https:\/\/covasna45.ro\/#organization"},"image":{"@id":"https:\/\/covasna45.ro\/index.php\/lumea-noastra\/marile-confederatii-sindicale-protesteaza-pe-29-octombrie-la-guvern\/#primaryimage"},"thumbnailUrl":"https:\/\/covasna45.ro\/wp-content\/uploads\/2025\/10\/prot-cart.jpg","keywords":["Protest","Sindicate"],"articleSection":["Lumea noastr\u0103"],"inLanguage":"ro-RO","potentialAction":[{"@type":"CommentAction","name":"Comment","target":["https:\/\/covasna45.ro\/index.php\/lumea-noastra\/marile-confederatii-sindicale-protesteaza-pe-29-octombrie-la-guvern\/#respond"]}]},{"@type":"WebPage","@id":"https:\/\/covasna45.ro\/index.php\/lumea-noastra\/marile-confederatii-sindicale-protesteaza-pe-29-octombrie-la-guvern\/","url":"https:\/\/covasna45.ro\/index.php\/lumea-noastra\/marile-confederatii-sindicale-protesteaza-pe-29-octombrie-la-guvern\/","name":"Marile confedera\u021bii sindicale protesteaz\u0103 pe 29 octombrie, la Guvern - Covasna45","isPartOf":{"@id":"https:\/\/covasna45.ro\/#website"},"primaryImageOfPage":{"@id":"https:\/\/covasna45.ro\/index.php\/lumea-noastra\/marile-confederatii-sindicale-protesteaza-pe-29-octombrie-la-guvern\/#primaryimage"},"image":{"@id":"https:\/\/covasna45.ro\/index.php\/lumea-noastra\/marile-confederatii-sindicale-protesteaza-pe-29-octombrie-la-guvern\/#primaryimage"},"thumbnailUrl":"https:\/\/covasna45.ro\/wp-content\/uploads\/2025\/10\/prot-cart.jpg","datePublished":"2025-10-27T12:19:18+00:00","dateModified":"2025-10-27T12:25:53+00:00","description":"Pe 29 octombrie 2025, ne vom aduna \u00een fa\u021ba Guvernului, \u00eentre orele 10:00 \u2013 14:00, pentru a transmite un mesaj ferm.","breadcrumb":{"@id":"https:\/\/covasna45.ro\/index.php\/lumea-noastra\/marile-confederatii-sindicale-protesteaza-pe-29-octombrie-la-guvern\/#breadcrumb"},"inLanguage":"ro-RO","potentialAction":[{"@type":"ReadAction","target":["https:\/\/covasna45.ro\/index.php\/lumea-noastra\/marile-confederatii-sindicale-protesteaza-pe-29-octombrie-la-guvern\/"]}]},{"@type":"ImageObject","inLanguage":"ro-RO","@id":"https:\/\/covasna45.ro\/index.php\/lumea-noastra\/marile-confederatii-sindicale-protesteaza-pe-29-octombrie-la-guvern\/#primaryimage","url":"https:\/\/covasna45.ro\/wp-content\/uploads\/2025\/10\/prot-cart.jpg","contentUrl":"https:\/\/covasna45.ro\/wp-content\/uploads\/2025\/10\/prot-cart.jpg","width":1370,"height":906},{"@type":"BreadcrumbList","@id":"https:\/\/covasna45.ro\/index.php\/lumea-noastra\/marile-confederatii-sindicale-protesteaza-pe-29-octombrie-la-guvern\/#breadcrumb","itemListElement":[{"@type":"ListItem","position":1,"name":"Prima pagin\u0103","item":"https:\/\/covasna45.ro\/"},{"@type":"ListItem","position":2,"name":"Marile confedera\u021bii sindicale protesteaz\u0103 pe 29 octombrie, la Guvern"}]},{"@type":"WebSite","@id":"https:\/\/covasna45.ro\/#website","url":"https:\/\/covasna45.ro\/","name":"covasna45.ro","description":"","publisher":{"@id":"https:\/\/covasna45.ro\/#organization"},"potentialAction":[{"@type":"SearchAction","target":{"@type":"EntryPoint","urlTemplate":"https:\/\/covasna45.ro\/?s={search_term_string}"},"query-input":{"@type":"PropertyValueSpecification","valueRequired":true,"valueName":"search_term_string"}}],"inLanguage":"ro-RO"},{"@type":"Organization","@id":"https:\/\/covasna45.ro\/#organization","name":"covasna45.ro","url":"https:\/\/covasna45.ro\/","logo":{"@type":"ImageObject","inLanguage":"ro-RO","@id":"https:\/\/covasna45.ro\/#\/schema\/logo\/image\/","url":"https:\/\/covasna45.ro\/wp-content\/uploads\/2023\/01\/icon_logo.png","contentUrl":"https:\/\/covasna45.ro\/wp-content\/uploads\/2023\/01\/icon_logo.png","width":1900,"height":1900,"caption":"covasna45.ro"},"image":{"@id":"https:\/\/covasna45.ro\/#\/schema\/logo\/image\/"}},{"@type":"Person","@id":"https:\/\/covasna45.ro\/#\/schema\/person\/e674052bd7d95d70bbb007a1060ab73c","name":"Covasna45","image":{"@type":"ImageObject","inLanguage":"ro-RO","@id":"https:\/\/covasna45.ro\/wp-content\/uploads\/2025\/10\/icon_logo_covasna45-150x150.png","url":"https:\/\/covasna45.ro\/wp-content\/uploads\/2025\/10\/icon_logo_covasna45-150x150.png","contentUrl":"https:\/\/covasna45.ro\/wp-content\/uploads\/2025\/10\/icon_logo_covasna45-150x150.png","caption":"Covasna45"},"sameAs":["https:\/\/covasna45.ro"],"url":"https:\/\/covasna45.ro\/index.php\/author\/covasna\/"}]}},"_links":{"self":[{"href":"https:\/\/covasna45.ro\/index.php\/wp-json\/wp\/v2\/posts\/13615","targetHints":{"allow":["GET"]}}],"collection":[{"href":"https:\/\/covasna45.ro\/index.php\/wp-json\/wp\/v2\/posts"}],"about":[{"href":"https:\/\/covasna45.ro\/index.php\/wp-json\/wp\/v2\/types\/post"}],"author":[{"embeddable":true,"href":"https:\/\/covasna45.ro\/index.php\/wp-json\/wp\/v2\/users\/1"}],"replies":[{"embeddable":true,"href":"https:\/\/covasna45.ro\/index.php\/wp-json\/wp\/v2\/comments?post=13615"}],"version-history":[{"count":2,"href":"https:\/\/covasna45.ro\/index.php\/wp-json\/wp\/v2\/posts\/13615\/revisions"}],"predecessor-version":[{"id":13618,"href":"https:\/\/covasna45.ro\/index.php\/wp-json\/wp\/v2\/posts\/13615\/revisions\/13618"}],"wp:featuredmedia":[{"embeddable":true,"href":"https:\/\/covasna45.ro\/index.php\/wp-json\/wp\/v2\/media\/13616"}],"wp:attachment":[{"href":"https:\/\/covasna45.ro\/index.php\/wp-json\/wp\/v2\/media?parent=13615"}],"wp:term":[{"taxonomy":"category","embeddable":true,"href":"https:\/\/covasna45.ro\/index.php\/wp-json\/wp\/v2\/categories?post=13615"},{"taxonomy":"post_tag","embeddable":true,"href":"https:\/\/covasna45.ro\/index.php\/wp-json\/wp\/v2\/tags?post=13615"}],"curies":[{"name":"wp","href":"https:\/\/api.w.org\/{rel}","templated":true}]}}