{"id":13622,"date":"2025-10-28T08:53:00","date_gmt":"2025-10-28T06:53:00","guid":{"rendered":"https:\/\/covasna45.ro\/?p=13622"},"modified":"2025-10-28T08:58:11","modified_gmt":"2025-10-28T06:58:11","slug":"ungaria-vrea-o-alianta-in-ue-cu-cehia-si-slovacia-contra-ucrainei","status":"publish","type":"post","link":"https:\/\/covasna45.ro\/index.php\/lumea-larga\/ungaria-vrea-o-alianta-in-ue-cu-cehia-si-slovacia-contra-ucrainei\/","title":{"rendered":"Ungaria vrea o alian\u021b\u0103 \u00een UE cu Cehia \u0219i Slovacia, contra Ucrainei"},"content":{"rendered":"\n<p>Ungaria vrea s\u0103-\u0219i uneasc\u0103 for\u021bele cu Cehia \u0219i Slovacia pentru a forma o alian\u021b\u0103 sceptic\u0103 fa\u021b\u0103 de Ucraina \u00een cadrul UE, a declarat pentru POLITICO Bal\u00e1zs Orb\u00e1n, consilier politic al &nbsp;lui Viktor Orb\u00e1n.<\/p>\n\n\n\n<p>Scopul unei astfel de alian\u021be ar fi s\u0103 \u00eempiedice sprijinul financiar \u0219i militar acordat de UE Ucrainei. Premierul maghiar este cunoscut pentru pozi\u021bia sa critic\u0103 fa\u021b\u0103 de politicile UE de sprijin pentru Ucraina. &nbsp;<\/p>\n\n\n\n<p>Viktor Orb\u00e1n sper\u0103 s\u0103 refac\u0103 grupul de la Vi\u0219egrad, chiar dac\u0103 \u00een format redus, f\u0103r\u0103 Polonia. El mizeaz\u0103 pe faptul c\u0103 dreapta lui Andrej Babi\u0161 a c\u00e2\u0219tigat recentele alegeri parlamentare din Cehia, \u0219i exist\u0103 o viziune comun\u0103 a celor dou\u0103 state la acest capitol. De asemenea, premierul ungar mizeaz\u0103 pe colaborarea cu premierul slovac, Robert Fico.<\/p>\n\n\n\n<p><strong><em>\u201eCred c\u0103 va veni<\/em><\/strong> <strong><em>\u0219i va fi din ce \u00een ce mai vizibil\u0103\u201d,<\/em><\/strong> a declarat Bal\u00e1zs Orb\u00e1n c\u00e2nd a fost \u00eentrebat despre o astfel de alian\u021b\u0103. <strong><em>\u201eA func\u021bionat foarte bine \u00een timpul crizei migra\u021biei. A\u0219a am putut rezista\u201d<\/em><\/strong>, a mai spus acesta. El s-a referit la grupul ini\u021bial de la Vi\u0219egrad. Grupul era format din Ungaria, Cehia, Slovacia \u0219i Polonia. Polonia este \u00eens\u0103 extrem de ostil\u0103 Rusiei, nu intr\u0103 \u00een noile calcule maghiare.<\/p>\n\n\n\n<p>Fico \u0219i Babi\u0161 \u00eemp\u0103rt\u0103\u0219esc opiniile liderului maghiar cu privire la Ucraina. Ei spun c\u0103 un dialog cu Moscova ar fi mai eficient dec\u00e2t presiunile economice.<\/p>\n\n\n\n<h2 class=\"wp-block-heading\">Fidesz caut\u0103 s\u0103 fac\u0103 alian\u021b\u0103 \u00eempotriva sprijinirii Ucrainei \u0219i \u00een Parlamentul European<\/h2>\n\n\n\n<p>Fidesz, partidul lui Viktor Orb\u00e1n face parte din grupul \u201ePatrio\u021bi pentru Europa\u201d din PE. Pentru o alian\u021b\u0103 contra sprijinirii Ucrainei, acesta s-a putea orienta c\u0103tre grupurile de dreapta \u201eConservatorii \u0219i Reformi\u0219tii Europeni\u201d \u0219i \u201eEuropa Na\u021biunilor Suverane\u201d. POLITICO noteaz\u0103 c\u0103 Fidesz s-ar putea orienta \u0219i c\u0103tre \u201eanumite grupuri de st\u00e2nga\u201d.<\/p>\n\n\n\n<p>Bal\u00e1zs Orb\u00e1n crede c\u0103 \u0219i partidele tradi\u021bionale, cum ar fi Partidul Popular European, de centru-dreapta, s-ar putea pozi\u021biona contra Ursulei von der Leyen, pre\u0219edinta CE.<\/p>\n\n\n\n<p>Referindu-se la noul grup de la Vi\u0219egrad, Bal\u00e1zs Orb\u00e1n \u00a0a mai spus: <strong><em>\u201eA\u0219adar, aceast\u0103 reconstruc\u021bie este \u00een desf\u0103\u0219urare. Avem a treia cea mai mare fac\u021biune parlamentar\u0103 european\u0103. Avem o re\u021bea de grupuri de exper\u021bi, care este r\u0103sp\u00e2ndit\u0103 aici<\/em><\/strong> (la Bruxelles \u2013 nn) <strong><em>\u0219i are \u0219i o ramur\u0103 transatlantic\u0103. \u0218i c\u0103ut\u0103m parteneri, alia\u021bi, pe fiecare subiect.\u201d<\/em><\/strong> <\/p>\n\n\n\n<p>Foto: <a href=\"http:\/\/www.orbanbalazsandras.hu\">www.orbanbalazsandras.hu<\/a><\/p>\n","protected":false},"excerpt":{"rendered":"<p>Ungaria vrea s\u0103-\u0219i uneasc\u0103 for\u021bele cu Cehia \u0219i Slovacia pentru a forma o alian\u021b\u0103 sceptic\u0103 fa\u021b\u0103 de Ucraina \u00een cadrul UE, a declarat pentru POLITICO Bal\u00e1zs Orb\u00e1n, consilier politic al &nbsp;lui Viktor Orb\u00e1n. Scopul unei astfel de alian\u021be ar fi s\u0103 \u00eempiedice sprijinul financiar \u0219i militar acordat de UE Ucrainei. Premierul maghiar este cunoscut pentru [&hellip;]<\/p>\n","protected":false},"author":1,"featured_media":13623,"comment_status":"open","ping_status":"closed","sticky":false,"template":"","format":"standard","meta":{"tdm_status":"","tdm_grid_status":"","footnotes":""},"categories":[10],"tags":[4314,4315,667,160,670,4313,47,1641,107],"class_list":{"0":"post-13622","1":"post","2":"type-post","3":"status-publish","4":"format-standard","5":"has-post-thumbnail","7":"category-lumea-larga","8":"tag-andrej-babis","9":"tag-balazs-orban","10":"tag-ce","11":"tag-fidesz","12":"tag-pe","13":"tag-robert-fico","14":"tag-ue","15":"tag-ursula-von-der-leyen","16":"tag-viktor-orban-2"},"yoast_head":"<!-- This site is optimized with the Yoast SEO plugin v27.5 - https:\/\/yoast.com\/product\/yoast-seo-wordpress\/ -->\n<title>Ungaria vrea o alian\u021b\u0103 \u00een UE cu Cehia \u0219i Slovacia, contra Ucrainei - Covasna45<\/title>\n<meta name=\"description\" content=\"Fidesz, partidul lui Viktor Orb\u00e1n face parte din grupul \u201ePatrio\u021bi pentru Europa\u201d din PE. Pentru o alian\u021b\u0103 contra sprijinirii Ucrainei\" \/>\n<meta name=\"robots\" content=\"index, follow, max-snippet:-1, max-image-preview:large, max-video-preview:-1\" \/>\n<link rel=\"canonical\" href=\"https:\/\/covasna45.ro\/index.php\/lumea-larga\/ungaria-vrea-o-alianta-in-ue-cu-cehia-si-slovacia-contra-ucrainei\/\" \/>\n<meta property=\"og:locale\" content=\"ro_RO\" \/>\n<meta property=\"og:type\" content=\"article\" \/>\n<meta property=\"og:title\" content=\"Ungaria vrea o alian\u021b\u0103 \u00een UE cu Cehia \u0219i Slovacia, contra Ucrainei - Covasna45\" \/>\n<meta property=\"og:description\" content=\"Fidesz, partidul lui Viktor Orb\u00e1n face parte din grupul \u201ePatrio\u021bi pentru Europa\u201d din PE. Pentru o alian\u021b\u0103 contra sprijinirii Ucrainei\" \/>\n<meta property=\"og:url\" content=\"https:\/\/covasna45.ro\/index.php\/lumea-larga\/ungaria-vrea-o-alianta-in-ue-cu-cehia-si-slovacia-contra-ucrainei\/\" \/>\n<meta property=\"og:site_name\" content=\"Covasna45\" \/>\n<meta property=\"article:published_time\" content=\"2025-10-28T06:53:00+00:00\" \/>\n<meta property=\"article:modified_time\" content=\"2025-10-28T06:58:11+00:00\" \/>\n<meta property=\"og:image\" content=\"https:\/\/covasna45.ro\/wp-content\/uploads\/2025\/10\/Orban-Balazs-Viktor-Orban.jpg\" \/>\n\t<meta property=\"og:image:width\" content=\"1200\" \/>\n\t<meta property=\"og:image:height\" content=\"800\" \/>\n\t<meta property=\"og:image:type\" content=\"image\/jpeg\" \/>\n<meta name=\"author\" content=\"Covasna45\" \/>\n<meta name=\"twitter:card\" content=\"summary_large_image\" \/>\n<meta name=\"twitter:label1\" content=\"Scris de\" \/>\n\t<meta name=\"twitter:data1\" content=\"Covasna45\" \/>\n\t<meta name=\"twitter:label2\" content=\"Timp estimat pentru citire\" \/>\n\t<meta name=\"twitter:data2\" content=\"3 minute\" \/>\n<script type=\"application\/ld+json\" class=\"yoast-schema-graph\">{\"@context\":\"https:\\\/\\\/schema.org\",\"@graph\":[{\"@type\":\"Article\",\"@id\":\"https:\\\/\\\/covasna45.ro\\\/index.php\\\/lumea-larga\\\/ungaria-vrea-o-alianta-in-ue-cu-cehia-si-slovacia-contra-ucrainei\\\/#article\",\"isPartOf\":{\"@id\":\"https:\\\/\\\/covasna45.ro\\\/index.php\\\/lumea-larga\\\/ungaria-vrea-o-alianta-in-ue-cu-cehia-si-slovacia-contra-ucrainei\\\/\"},\"author\":{\"name\":\"Covasna45\",\"@id\":\"https:\\\/\\\/covasna45.ro\\\/#\\\/schema\\\/person\\\/e674052bd7d95d70bbb007a1060ab73c\"},\"headline\":\"Ungaria vrea o alian\u021b\u0103 \u00een UE cu Cehia \u0219i Slovacia, contra Ucrainei\",\"datePublished\":\"2025-10-28T06:53:00+00:00\",\"dateModified\":\"2025-10-28T06:58:11+00:00\",\"mainEntityOfPage\":{\"@id\":\"https:\\\/\\\/covasna45.ro\\\/index.php\\\/lumea-larga\\\/ungaria-vrea-o-alianta-in-ue-cu-cehia-si-slovacia-contra-ucrainei\\\/\"},\"wordCount\":427,\"commentCount\":0,\"publisher\":{\"@id\":\"https:\\\/\\\/covasna45.ro\\\/#organization\"},\"image\":{\"@id\":\"https:\\\/\\\/covasna45.ro\\\/index.php\\\/lumea-larga\\\/ungaria-vrea-o-alianta-in-ue-cu-cehia-si-slovacia-contra-ucrainei\\\/#primaryimage\"},\"thumbnailUrl\":\"https:\\\/\\\/covasna45.ro\\\/wp-content\\\/uploads\\\/2025\\\/10\\\/Orban-Balazs-Viktor-Orban.jpg\",\"keywords\":[\"Andrej Babi\u0161\",\"Bal\u00e1zs Orb\u00e1n\",\"CE\",\"Fidesz\",\"PE\",\"Robert Fico\",\"UE\",\"Ursula von der Leyen\",\"Viktor Orb\u00e1n\"],\"articleSection\":[\"Lumea larg\u0103\"],\"inLanguage\":\"ro-RO\",\"potentialAction\":[{\"@type\":\"CommentAction\",\"name\":\"Comment\",\"target\":[\"https:\\\/\\\/covasna45.ro\\\/index.php\\\/lumea-larga\\\/ungaria-vrea-o-alianta-in-ue-cu-cehia-si-slovacia-contra-ucrainei\\\/#respond\"]}]},{\"@type\":\"WebPage\",\"@id\":\"https:\\\/\\\/covasna45.ro\\\/index.php\\\/lumea-larga\\\/ungaria-vrea-o-alianta-in-ue-cu-cehia-si-slovacia-contra-ucrainei\\\/\",\"url\":\"https:\\\/\\\/covasna45.ro\\\/index.php\\\/lumea-larga\\\/ungaria-vrea-o-alianta-in-ue-cu-cehia-si-slovacia-contra-ucrainei\\\/\",\"name\":\"Ungaria vrea o alian\u021b\u0103 \u00een UE cu Cehia \u0219i Slovacia, contra Ucrainei - Covasna45\",\"isPartOf\":{\"@id\":\"https:\\\/\\\/covasna45.ro\\\/#website\"},\"primaryImageOfPage\":{\"@id\":\"https:\\\/\\\/covasna45.ro\\\/index.php\\\/lumea-larga\\\/ungaria-vrea-o-alianta-in-ue-cu-cehia-si-slovacia-contra-ucrainei\\\/#primaryimage\"},\"image\":{\"@id\":\"https:\\\/\\\/covasna45.ro\\\/index.php\\\/lumea-larga\\\/ungaria-vrea-o-alianta-in-ue-cu-cehia-si-slovacia-contra-ucrainei\\\/#primaryimage\"},\"thumbnailUrl\":\"https:\\\/\\\/covasna45.ro\\\/wp-content\\\/uploads\\\/2025\\\/10\\\/Orban-Balazs-Viktor-Orban.jpg\",\"datePublished\":\"2025-10-28T06:53:00+00:00\",\"dateModified\":\"2025-10-28T06:58:11+00:00\",\"description\":\"Fidesz, partidul lui Viktor Orb\u00e1n face parte din grupul \u201ePatrio\u021bi pentru Europa\u201d din PE. Pentru o alian\u021b\u0103 contra sprijinirii Ucrainei\",\"breadcrumb\":{\"@id\":\"https:\\\/\\\/covasna45.ro\\\/index.php\\\/lumea-larga\\\/ungaria-vrea-o-alianta-in-ue-cu-cehia-si-slovacia-contra-ucrainei\\\/#breadcrumb\"},\"inLanguage\":\"ro-RO\",\"potentialAction\":[{\"@type\":\"ReadAction\",\"target\":[\"https:\\\/\\\/covasna45.ro\\\/index.php\\\/lumea-larga\\\/ungaria-vrea-o-alianta-in-ue-cu-cehia-si-slovacia-contra-ucrainei\\\/\"]}]},{\"@type\":\"ImageObject\",\"inLanguage\":\"ro-RO\",\"@id\":\"https:\\\/\\\/covasna45.ro\\\/index.php\\\/lumea-larga\\\/ungaria-vrea-o-alianta-in-ue-cu-cehia-si-slovacia-contra-ucrainei\\\/#primaryimage\",\"url\":\"https:\\\/\\\/covasna45.ro\\\/wp-content\\\/uploads\\\/2025\\\/10\\\/Orban-Balazs-Viktor-Orban.jpg\",\"contentUrl\":\"https:\\\/\\\/covasna45.ro\\\/wp-content\\\/uploads\\\/2025\\\/10\\\/Orban-Balazs-Viktor-Orban.jpg\",\"width\":1200,\"height\":800},{\"@type\":\"BreadcrumbList\",\"@id\":\"https:\\\/\\\/covasna45.ro\\\/index.php\\\/lumea-larga\\\/ungaria-vrea-o-alianta-in-ue-cu-cehia-si-slovacia-contra-ucrainei\\\/#breadcrumb\",\"itemListElement\":[{\"@type\":\"ListItem\",\"position\":1,\"name\":\"Prima pagin\u0103\",\"item\":\"https:\\\/\\\/covasna45.ro\\\/\"},{\"@type\":\"ListItem\",\"position\":2,\"name\":\"Ungaria vrea o alian\u021b\u0103 \u00een UE cu Cehia \u0219i Slovacia, contra Ucrainei\"}]},{\"@type\":\"WebSite\",\"@id\":\"https:\\\/\\\/covasna45.ro\\\/#website\",\"url\":\"https:\\\/\\\/covasna45.ro\\\/\",\"name\":\"covasna45.ro\",\"description\":\"\",\"publisher\":{\"@id\":\"https:\\\/\\\/covasna45.ro\\\/#organization\"},\"potentialAction\":[{\"@type\":\"SearchAction\",\"target\":{\"@type\":\"EntryPoint\",\"urlTemplate\":\"https:\\\/\\\/covasna45.ro\\\/?s={search_term_string}\"},\"query-input\":{\"@type\":\"PropertyValueSpecification\",\"valueRequired\":true,\"valueName\":\"search_term_string\"}}],\"inLanguage\":\"ro-RO\"},{\"@type\":\"Organization\",\"@id\":\"https:\\\/\\\/covasna45.ro\\\/#organization\",\"name\":\"covasna45.ro\",\"url\":\"https:\\\/\\\/covasna45.ro\\\/\",\"logo\":{\"@type\":\"ImageObject\",\"inLanguage\":\"ro-RO\",\"@id\":\"https:\\\/\\\/covasna45.ro\\\/#\\\/schema\\\/logo\\\/image\\\/\",\"url\":\"https:\\\/\\\/covasna45.ro\\\/wp-content\\\/uploads\\\/2023\\\/01\\\/icon_logo.png\",\"contentUrl\":\"https:\\\/\\\/covasna45.ro\\\/wp-content\\\/uploads\\\/2023\\\/01\\\/icon_logo.png\",\"width\":1900,\"height\":1900,\"caption\":\"covasna45.ro\"},\"image\":{\"@id\":\"https:\\\/\\\/covasna45.ro\\\/#\\\/schema\\\/logo\\\/image\\\/\"}},{\"@type\":\"Person\",\"@id\":\"https:\\\/\\\/covasna45.ro\\\/#\\\/schema\\\/person\\\/e674052bd7d95d70bbb007a1060ab73c\",\"name\":\"Covasna45\",\"image\":{\"@type\":\"ImageObject\",\"inLanguage\":\"ro-RO\",\"@id\":\"https:\\\/\\\/covasna45.ro\\\/wp-content\\\/uploads\\\/2025\\\/10\\\/icon_logo_covasna45-150x150.png\",\"url\":\"https:\\\/\\\/covasna45.ro\\\/wp-content\\\/uploads\\\/2025\\\/10\\\/icon_logo_covasna45-150x150.png\",\"contentUrl\":\"https:\\\/\\\/covasna45.ro\\\/wp-content\\\/uploads\\\/2025\\\/10\\\/icon_logo_covasna45-150x150.png\",\"caption\":\"Covasna45\"},\"sameAs\":[\"https:\\\/\\\/covasna45.ro\"],\"url\":\"https:\\\/\\\/covasna45.ro\\\/index.php\\\/author\\\/covasna\\\/\"}]}<\/script>\n<!-- \/ Yoast SEO plugin. -->","yoast_head_json":{"title":"Ungaria vrea o alian\u021b\u0103 \u00een UE cu Cehia \u0219i Slovacia, contra Ucrainei - Covasna45","description":"Fidesz, partidul lui Viktor Orb\u00e1n face parte din grupul \u201ePatrio\u021bi pentru Europa\u201d din PE. Pentru o alian\u021b\u0103 contra sprijinirii Ucrainei","robots":{"index":"index","follow":"follow","max-snippet":"max-snippet:-1","max-image-preview":"max-image-preview:large","max-video-preview":"max-video-preview:-1"},"canonical":"https:\/\/covasna45.ro\/index.php\/lumea-larga\/ungaria-vrea-o-alianta-in-ue-cu-cehia-si-slovacia-contra-ucrainei\/","og_locale":"ro_RO","og_type":"article","og_title":"Ungaria vrea o alian\u021b\u0103 \u00een UE cu Cehia \u0219i Slovacia, contra Ucrainei - Covasna45","og_description":"Fidesz, partidul lui Viktor Orb\u00e1n face parte din grupul \u201ePatrio\u021bi pentru Europa\u201d din PE. Pentru o alian\u021b\u0103 contra sprijinirii Ucrainei","og_url":"https:\/\/covasna45.ro\/index.php\/lumea-larga\/ungaria-vrea-o-alianta-in-ue-cu-cehia-si-slovacia-contra-ucrainei\/","og_site_name":"Covasna45","article_published_time":"2025-10-28T06:53:00+00:00","article_modified_time":"2025-10-28T06:58:11+00:00","og_image":[{"width":1200,"height":800,"url":"https:\/\/covasna45.ro\/wp-content\/uploads\/2025\/10\/Orban-Balazs-Viktor-Orban.jpg","type":"image\/jpeg"}],"author":"Covasna45","twitter_card":"summary_large_image","twitter_misc":{"Scris de":"Covasna45","Timp estimat pentru citire":"3 minute"},"schema":{"@context":"https:\/\/schema.org","@graph":[{"@type":"Article","@id":"https:\/\/covasna45.ro\/index.php\/lumea-larga\/ungaria-vrea-o-alianta-in-ue-cu-cehia-si-slovacia-contra-ucrainei\/#article","isPartOf":{"@id":"https:\/\/covasna45.ro\/index.php\/lumea-larga\/ungaria-vrea-o-alianta-in-ue-cu-cehia-si-slovacia-contra-ucrainei\/"},"author":{"name":"Covasna45","@id":"https:\/\/covasna45.ro\/#\/schema\/person\/e674052bd7d95d70bbb007a1060ab73c"},"headline":"Ungaria vrea o alian\u021b\u0103 \u00een UE cu Cehia \u0219i Slovacia, contra Ucrainei","datePublished":"2025-10-28T06:53:00+00:00","dateModified":"2025-10-28T06:58:11+00:00","mainEntityOfPage":{"@id":"https:\/\/covasna45.ro\/index.php\/lumea-larga\/ungaria-vrea-o-alianta-in-ue-cu-cehia-si-slovacia-contra-ucrainei\/"},"wordCount":427,"commentCount":0,"publisher":{"@id":"https:\/\/covasna45.ro\/#organization"},"image":{"@id":"https:\/\/covasna45.ro\/index.php\/lumea-larga\/ungaria-vrea-o-alianta-in-ue-cu-cehia-si-slovacia-contra-ucrainei\/#primaryimage"},"thumbnailUrl":"https:\/\/covasna45.ro\/wp-content\/uploads\/2025\/10\/Orban-Balazs-Viktor-Orban.jpg","keywords":["Andrej Babi\u0161","Bal\u00e1zs Orb\u00e1n","CE","Fidesz","PE","Robert Fico","UE","Ursula von der Leyen","Viktor Orb\u00e1n"],"articleSection":["Lumea larg\u0103"],"inLanguage":"ro-RO","potentialAction":[{"@type":"CommentAction","name":"Comment","target":["https:\/\/covasna45.ro\/index.php\/lumea-larga\/ungaria-vrea-o-alianta-in-ue-cu-cehia-si-slovacia-contra-ucrainei\/#respond"]}]},{"@type":"WebPage","@id":"https:\/\/covasna45.ro\/index.php\/lumea-larga\/ungaria-vrea-o-alianta-in-ue-cu-cehia-si-slovacia-contra-ucrainei\/","url":"https:\/\/covasna45.ro\/index.php\/lumea-larga\/ungaria-vrea-o-alianta-in-ue-cu-cehia-si-slovacia-contra-ucrainei\/","name":"Ungaria vrea o alian\u021b\u0103 \u00een UE cu Cehia \u0219i Slovacia, contra Ucrainei - Covasna45","isPartOf":{"@id":"https:\/\/covasna45.ro\/#website"},"primaryImageOfPage":{"@id":"https:\/\/covasna45.ro\/index.php\/lumea-larga\/ungaria-vrea-o-alianta-in-ue-cu-cehia-si-slovacia-contra-ucrainei\/#primaryimage"},"image":{"@id":"https:\/\/covasna45.ro\/index.php\/lumea-larga\/ungaria-vrea-o-alianta-in-ue-cu-cehia-si-slovacia-contra-ucrainei\/#primaryimage"},"thumbnailUrl":"https:\/\/covasna45.ro\/wp-content\/uploads\/2025\/10\/Orban-Balazs-Viktor-Orban.jpg","datePublished":"2025-10-28T06:53:00+00:00","dateModified":"2025-10-28T06:58:11+00:00","description":"Fidesz, partidul lui Viktor Orb\u00e1n face parte din grupul \u201ePatrio\u021bi pentru Europa\u201d din PE. Pentru o alian\u021b\u0103 contra sprijinirii Ucrainei","breadcrumb":{"@id":"https:\/\/covasna45.ro\/index.php\/lumea-larga\/ungaria-vrea-o-alianta-in-ue-cu-cehia-si-slovacia-contra-ucrainei\/#breadcrumb"},"inLanguage":"ro-RO","potentialAction":[{"@type":"ReadAction","target":["https:\/\/covasna45.ro\/index.php\/lumea-larga\/ungaria-vrea-o-alianta-in-ue-cu-cehia-si-slovacia-contra-ucrainei\/"]}]},{"@type":"ImageObject","inLanguage":"ro-RO","@id":"https:\/\/covasna45.ro\/index.php\/lumea-larga\/ungaria-vrea-o-alianta-in-ue-cu-cehia-si-slovacia-contra-ucrainei\/#primaryimage","url":"https:\/\/covasna45.ro\/wp-content\/uploads\/2025\/10\/Orban-Balazs-Viktor-Orban.jpg","contentUrl":"https:\/\/covasna45.ro\/wp-content\/uploads\/2025\/10\/Orban-Balazs-Viktor-Orban.jpg","width":1200,"height":800},{"@type":"BreadcrumbList","@id":"https:\/\/covasna45.ro\/index.php\/lumea-larga\/ungaria-vrea-o-alianta-in-ue-cu-cehia-si-slovacia-contra-ucrainei\/#breadcrumb","itemListElement":[{"@type":"ListItem","position":1,"name":"Prima pagin\u0103","item":"https:\/\/covasna45.ro\/"},{"@type":"ListItem","position":2,"name":"Ungaria vrea o alian\u021b\u0103 \u00een UE cu Cehia \u0219i Slovacia, contra Ucrainei"}]},{"@type":"WebSite","@id":"https:\/\/covasna45.ro\/#website","url":"https:\/\/covasna45.ro\/","name":"covasna45.ro","description":"","publisher":{"@id":"https:\/\/covasna45.ro\/#organization"},"potentialAction":[{"@type":"SearchAction","target":{"@type":"EntryPoint","urlTemplate":"https:\/\/covasna45.ro\/?s={search_term_string}"},"query-input":{"@type":"PropertyValueSpecification","valueRequired":true,"valueName":"search_term_string"}}],"inLanguage":"ro-RO"},{"@type":"Organization","@id":"https:\/\/covasna45.ro\/#organization","name":"covasna45.ro","url":"https:\/\/covasna45.ro\/","logo":{"@type":"ImageObject","inLanguage":"ro-RO","@id":"https:\/\/covasna45.ro\/#\/schema\/logo\/image\/","url":"https:\/\/covasna45.ro\/wp-content\/uploads\/2023\/01\/icon_logo.png","contentUrl":"https:\/\/covasna45.ro\/wp-content\/uploads\/2023\/01\/icon_logo.png","width":1900,"height":1900,"caption":"covasna45.ro"},"image":{"@id":"https:\/\/covasna45.ro\/#\/schema\/logo\/image\/"}},{"@type":"Person","@id":"https:\/\/covasna45.ro\/#\/schema\/person\/e674052bd7d95d70bbb007a1060ab73c","name":"Covasna45","image":{"@type":"ImageObject","inLanguage":"ro-RO","@id":"https:\/\/covasna45.ro\/wp-content\/uploads\/2025\/10\/icon_logo_covasna45-150x150.png","url":"https:\/\/covasna45.ro\/wp-content\/uploads\/2025\/10\/icon_logo_covasna45-150x150.png","contentUrl":"https:\/\/covasna45.ro\/wp-content\/uploads\/2025\/10\/icon_logo_covasna45-150x150.png","caption":"Covasna45"},"sameAs":["https:\/\/covasna45.ro"],"url":"https:\/\/covasna45.ro\/index.php\/author\/covasna\/"}]}},"_links":{"self":[{"href":"https:\/\/covasna45.ro\/index.php\/wp-json\/wp\/v2\/posts\/13622","targetHints":{"allow":["GET"]}}],"collection":[{"href":"https:\/\/covasna45.ro\/index.php\/wp-json\/wp\/v2\/posts"}],"about":[{"href":"https:\/\/covasna45.ro\/index.php\/wp-json\/wp\/v2\/types\/post"}],"author":[{"embeddable":true,"href":"https:\/\/covasna45.ro\/index.php\/wp-json\/wp\/v2\/users\/1"}],"replies":[{"embeddable":true,"href":"https:\/\/covasna45.ro\/index.php\/wp-json\/wp\/v2\/comments?post=13622"}],"version-history":[{"count":2,"href":"https:\/\/covasna45.ro\/index.php\/wp-json\/wp\/v2\/posts\/13622\/revisions"}],"predecessor-version":[{"id":13625,"href":"https:\/\/covasna45.ro\/index.php\/wp-json\/wp\/v2\/posts\/13622\/revisions\/13625"}],"wp:featuredmedia":[{"embeddable":true,"href":"https:\/\/covasna45.ro\/index.php\/wp-json\/wp\/v2\/media\/13623"}],"wp:attachment":[{"href":"https:\/\/covasna45.ro\/index.php\/wp-json\/wp\/v2\/media?parent=13622"}],"wp:term":[{"taxonomy":"category","embeddable":true,"href":"https:\/\/covasna45.ro\/index.php\/wp-json\/wp\/v2\/categories?post=13622"},{"taxonomy":"post_tag","embeddable":true,"href":"https:\/\/covasna45.ro\/index.php\/wp-json\/wp\/v2\/tags?post=13622"}],"curies":[{"name":"wp","href":"https:\/\/api.w.org\/{rel}","templated":true}]}}