{"id":13634,"date":"2025-10-28T10:12:42","date_gmt":"2025-10-28T08:12:42","guid":{"rendered":"https:\/\/covasna45.ro\/?p=13634"},"modified":"2025-10-28T10:12:43","modified_gmt":"2025-10-28T08:12:43","slug":"forumul-international-pentru-turismul-de-sanatate-la-romexpo","status":"publish","type":"post","link":"https:\/\/covasna45.ro\/index.php\/lumea-noastra\/forumul-international-pentru-turismul-de-sanatate-la-romexpo\/","title":{"rendered":"Forumul Interna\u021bional pentru Turismul de S\u0103n\u0103tate, la Romexpo"},"content":{"rendered":"\n<p>Funda\u021bia Amfiteatru, ini\u021biatoarea \u0219i organizatoarea Forumului Interna\u021bional pentru Turismul de S\u0103n\u0103tate, anun\u021b\u0103 desf\u0103\u0219urarea celei de-a XII-a edi\u021bii a evenimentului, pe 21 noiembrie 2025, la ROMEXPO, \u00een cadrul T\u00e2rgului de Turism al Rom\u00e2niei. Co-organizator al evenimentului este Clusterul Regional Balneoturistic Transylvania, condus de Narcisa Diaconu, director general al <a href=\"https:\/\/covasna45.ro\/index.php\/lumea-noastra\/turism-covasna-marele-premiu-la-conferinta-spa-romania-2025\/\">Turism Covasna SA<\/a>.<\/p>\n\n\n\n<p>Ini\u021biat \u00een 2011, forumul a devenit un reper profesional \u0219i \u0219tiin\u021bific \u00een domeniul turismului de s\u0103n\u0103tate, reunind, de-a lungul edi\u021biilor, speciali\u0219ti din \u021bar\u0103 \u0219i din str\u0103in\u0103tate, organiza\u021bii reprezentative \u0219i actori relevan\u021bi pentru dezvoltarea acestui sector. <\/p>\n\n\n\n<p>Edi\u021bia din 2025 marcheaz\u0103 un moment important prin lansarea a dou\u0103 ini\u021biative: <\/p>\n\n\n\n<p>\u2022 Platforma \u201eS\u0103n\u0103tate Rom\u00e2nia \/ Romania Health Destination \u2013 Trusted Partner\u201d, dezvoltat\u0103 \u00een colaborare cu clustere, clinici, spitale, centre de recuperare \u0219i wellness, sanatorii balneare; <\/p>\n\n\n\n<p>\u2022 Brandul \u201eBalneo &amp; Rehab &amp; Geriatrics \u2013 MADE IN ROMANIA\u201d Forumul va aduce \u00eempreun\u0103 reprezentan\u021bi ai autorit\u0103\u021bilor centrale \u0219i locale, asigur\u0103tori \u0219i agen\u021bii de turism interna\u021bionale, speciali\u0219ti din domeniul medical \u0219i turistic, precum \u0219i promotori, jurnali\u0219ti \u0219i operatori prezen\u021bi la T\u00e2rgul de Turism al Rom\u00e2niei. <\/p>\n\n\n\n<p>Printre rezultatele a\u0219teptate se num\u0103r\u0103: consolidarea prestigiului Rom\u00e2niei ca destina\u021bie de s\u0103n\u0103tate, identificarea de noi parteneriate na\u021bionale \u0219i interna\u021bionale, dezvoltarea colabor\u0103rii cu societ\u0103\u021bi de asigur\u0103ri din Rom\u00e2nia \u0219i din UE \u0219i diseminarea bunelor practici \u00een domeniu. <\/p>\n\n\n\n<p><a href=\"https:\/\/bioeconomia.ro\/stiri\/forumul-international-pentru-turismul-de-sanatate-la-romexpo\/\">Evenimentul<\/a> se desf\u0103\u0219oar\u0103 sub egida Clusterului Medical \u201eS\u0103n\u0103tate Rom\u00e2nia\u201d \u0219i are ca parteneri de program: Asocia\u021bia Rom\u00e2n\u0103 de Turism Medical, Clusterul Regional Balneoturistic Transylvania, FEMTEC \u0219i Eva Health Expo.<\/p>\n","protected":false},"excerpt":{"rendered":"<p>Funda\u021bia Amfiteatru, ini\u021biatoarea \u0219i organizatoarea Forumului Interna\u021bional pentru Turismul de S\u0103n\u0103tate, anun\u021b\u0103 desf\u0103\u0219urarea celei de-a XII-a edi\u021bii a evenimentului, pe 21 noiembrie 2025, la ROMEXPO, \u00een cadrul T\u00e2rgului de Turism al Rom\u00e2niei. Co-organizator al evenimentului este Clusterul Regional Balneoturistic Transylvania, condus de Narcisa Diaconu, director general al Turism Covasna SA. Ini\u021biat \u00een 2011, forumul a [&hellip;]<\/p>\n","protected":false},"author":1,"featured_media":13635,"comment_status":"open","ping_status":"closed","sticky":false,"template":"","format":"standard","meta":{"tdm_status":"","tdm_grid_status":"","footnotes":""},"categories":[14],"tags":[3033,648,4316],"class_list":{"0":"post-13634","1":"post","2":"type-post","3":"status-publish","4":"format-standard","5":"has-post-thumbnail","7":"category-lumea-noastra","8":"tag-romexpo","9":"tag-turism","10":"tag-turism-covasna-sa"},"yoast_head":"<!-- This site is optimized with the Yoast SEO plugin v27.5 - https:\/\/yoast.com\/product\/yoast-seo-wordpress\/ -->\n<title>Forumul Interna\u021bional pentru Turismul de S\u0103n\u0103tate, la Romexpo - Covasna45<\/title>\n<meta name=\"description\" content=\"Printre rezultatele a\u0219teptate se num\u0103r\u0103: consolidarea prestigiului Rom\u00e2niei ca destina\u021bie de s\u0103n\u0103tate.\" \/>\n<meta name=\"robots\" content=\"index, follow, max-snippet:-1, max-image-preview:large, max-video-preview:-1\" \/>\n<link rel=\"canonical\" href=\"https:\/\/covasna45.ro\/index.php\/lumea-noastra\/forumul-international-pentru-turismul-de-sanatate-la-romexpo\/\" \/>\n<meta property=\"og:locale\" content=\"ro_RO\" \/>\n<meta property=\"og:type\" content=\"article\" \/>\n<meta property=\"og:title\" content=\"Forumul Interna\u021bional pentru Turismul de S\u0103n\u0103tate, la Romexpo - Covasna45\" \/>\n<meta property=\"og:description\" content=\"Printre rezultatele a\u0219teptate se num\u0103r\u0103: consolidarea prestigiului Rom\u00e2niei ca destina\u021bie de s\u0103n\u0103tate.\" \/>\n<meta property=\"og:url\" content=\"https:\/\/covasna45.ro\/index.php\/lumea-noastra\/forumul-international-pentru-turismul-de-sanatate-la-romexpo\/\" \/>\n<meta property=\"og:site_name\" content=\"Covasna45\" \/>\n<meta property=\"article:published_time\" content=\"2025-10-28T08:12:42+00:00\" \/>\n<meta property=\"article:modified_time\" content=\"2025-10-28T08:12:43+00:00\" \/>\n<meta property=\"og:image\" content=\"https:\/\/covasna45.ro\/wp-content\/uploads\/2025\/10\/rexpo.jpg\" \/>\n\t<meta property=\"og:image:width\" content=\"1280\" \/>\n\t<meta property=\"og:image:height\" content=\"1024\" \/>\n\t<meta property=\"og:image:type\" content=\"image\/jpeg\" \/>\n<meta name=\"author\" content=\"Covasna45\" \/>\n<meta name=\"twitter:card\" content=\"summary_large_image\" \/>\n<meta name=\"twitter:label1\" content=\"Scris de\" \/>\n\t<meta name=\"twitter:data1\" content=\"Covasna45\" \/>\n\t<meta name=\"twitter:label2\" content=\"Timp estimat pentru citire\" \/>\n\t<meta name=\"twitter:data2\" content=\"2 minute\" \/>\n<script type=\"application\/ld+json\" class=\"yoast-schema-graph\">{\"@context\":\"https:\\\/\\\/schema.org\",\"@graph\":[{\"@type\":\"Article\",\"@id\":\"https:\\\/\\\/covasna45.ro\\\/index.php\\\/lumea-noastra\\\/forumul-international-pentru-turismul-de-sanatate-la-romexpo\\\/#article\",\"isPartOf\":{\"@id\":\"https:\\\/\\\/covasna45.ro\\\/index.php\\\/lumea-noastra\\\/forumul-international-pentru-turismul-de-sanatate-la-romexpo\\\/\"},\"author\":{\"name\":\"Covasna45\",\"@id\":\"https:\\\/\\\/covasna45.ro\\\/#\\\/schema\\\/person\\\/e674052bd7d95d70bbb007a1060ab73c\"},\"headline\":\"Forumul Interna\u021bional pentru Turismul de S\u0103n\u0103tate, la Romexpo\",\"datePublished\":\"2025-10-28T08:12:42+00:00\",\"dateModified\":\"2025-10-28T08:12:43+00:00\",\"mainEntityOfPage\":{\"@id\":\"https:\\\/\\\/covasna45.ro\\\/index.php\\\/lumea-noastra\\\/forumul-international-pentru-turismul-de-sanatate-la-romexpo\\\/\"},\"wordCount\":287,\"commentCount\":0,\"publisher\":{\"@id\":\"https:\\\/\\\/covasna45.ro\\\/#organization\"},\"image\":{\"@id\":\"https:\\\/\\\/covasna45.ro\\\/index.php\\\/lumea-noastra\\\/forumul-international-pentru-turismul-de-sanatate-la-romexpo\\\/#primaryimage\"},\"thumbnailUrl\":\"https:\\\/\\\/covasna45.ro\\\/wp-content\\\/uploads\\\/2025\\\/10\\\/rexpo.jpg\",\"keywords\":[\"Romexpo\",\"Turism\",\"Turism Covasna SA\"],\"articleSection\":[\"Lumea noastr\u0103\"],\"inLanguage\":\"ro-RO\",\"potentialAction\":[{\"@type\":\"CommentAction\",\"name\":\"Comment\",\"target\":[\"https:\\\/\\\/covasna45.ro\\\/index.php\\\/lumea-noastra\\\/forumul-international-pentru-turismul-de-sanatate-la-romexpo\\\/#respond\"]}]},{\"@type\":\"WebPage\",\"@id\":\"https:\\\/\\\/covasna45.ro\\\/index.php\\\/lumea-noastra\\\/forumul-international-pentru-turismul-de-sanatate-la-romexpo\\\/\",\"url\":\"https:\\\/\\\/covasna45.ro\\\/index.php\\\/lumea-noastra\\\/forumul-international-pentru-turismul-de-sanatate-la-romexpo\\\/\",\"name\":\"Forumul Interna\u021bional pentru Turismul de S\u0103n\u0103tate, la Romexpo - Covasna45\",\"isPartOf\":{\"@id\":\"https:\\\/\\\/covasna45.ro\\\/#website\"},\"primaryImageOfPage\":{\"@id\":\"https:\\\/\\\/covasna45.ro\\\/index.php\\\/lumea-noastra\\\/forumul-international-pentru-turismul-de-sanatate-la-romexpo\\\/#primaryimage\"},\"image\":{\"@id\":\"https:\\\/\\\/covasna45.ro\\\/index.php\\\/lumea-noastra\\\/forumul-international-pentru-turismul-de-sanatate-la-romexpo\\\/#primaryimage\"},\"thumbnailUrl\":\"https:\\\/\\\/covasna45.ro\\\/wp-content\\\/uploads\\\/2025\\\/10\\\/rexpo.jpg\",\"datePublished\":\"2025-10-28T08:12:42+00:00\",\"dateModified\":\"2025-10-28T08:12:43+00:00\",\"description\":\"Printre rezultatele a\u0219teptate se num\u0103r\u0103: consolidarea prestigiului Rom\u00e2niei ca destina\u021bie de s\u0103n\u0103tate.\",\"breadcrumb\":{\"@id\":\"https:\\\/\\\/covasna45.ro\\\/index.php\\\/lumea-noastra\\\/forumul-international-pentru-turismul-de-sanatate-la-romexpo\\\/#breadcrumb\"},\"inLanguage\":\"ro-RO\",\"potentialAction\":[{\"@type\":\"ReadAction\",\"target\":[\"https:\\\/\\\/covasna45.ro\\\/index.php\\\/lumea-noastra\\\/forumul-international-pentru-turismul-de-sanatate-la-romexpo\\\/\"]}]},{\"@type\":\"ImageObject\",\"inLanguage\":\"ro-RO\",\"@id\":\"https:\\\/\\\/covasna45.ro\\\/index.php\\\/lumea-noastra\\\/forumul-international-pentru-turismul-de-sanatate-la-romexpo\\\/#primaryimage\",\"url\":\"https:\\\/\\\/covasna45.ro\\\/wp-content\\\/uploads\\\/2025\\\/10\\\/rexpo.jpg\",\"contentUrl\":\"https:\\\/\\\/covasna45.ro\\\/wp-content\\\/uploads\\\/2025\\\/10\\\/rexpo.jpg\",\"width\":1280,\"height\":1024},{\"@type\":\"BreadcrumbList\",\"@id\":\"https:\\\/\\\/covasna45.ro\\\/index.php\\\/lumea-noastra\\\/forumul-international-pentru-turismul-de-sanatate-la-romexpo\\\/#breadcrumb\",\"itemListElement\":[{\"@type\":\"ListItem\",\"position\":1,\"name\":\"Prima pagin\u0103\",\"item\":\"https:\\\/\\\/covasna45.ro\\\/\"},{\"@type\":\"ListItem\",\"position\":2,\"name\":\"Forumul Interna\u021bional pentru Turismul de S\u0103n\u0103tate, la Romexpo\"}]},{\"@type\":\"WebSite\",\"@id\":\"https:\\\/\\\/covasna45.ro\\\/#website\",\"url\":\"https:\\\/\\\/covasna45.ro\\\/\",\"name\":\"covasna45.ro\",\"description\":\"\",\"publisher\":{\"@id\":\"https:\\\/\\\/covasna45.ro\\\/#organization\"},\"potentialAction\":[{\"@type\":\"SearchAction\",\"target\":{\"@type\":\"EntryPoint\",\"urlTemplate\":\"https:\\\/\\\/covasna45.ro\\\/?s={search_term_string}\"},\"query-input\":{\"@type\":\"PropertyValueSpecification\",\"valueRequired\":true,\"valueName\":\"search_term_string\"}}],\"inLanguage\":\"ro-RO\"},{\"@type\":\"Organization\",\"@id\":\"https:\\\/\\\/covasna45.ro\\\/#organization\",\"name\":\"covasna45.ro\",\"url\":\"https:\\\/\\\/covasna45.ro\\\/\",\"logo\":{\"@type\":\"ImageObject\",\"inLanguage\":\"ro-RO\",\"@id\":\"https:\\\/\\\/covasna45.ro\\\/#\\\/schema\\\/logo\\\/image\\\/\",\"url\":\"https:\\\/\\\/covasna45.ro\\\/wp-content\\\/uploads\\\/2023\\\/01\\\/icon_logo.png\",\"contentUrl\":\"https:\\\/\\\/covasna45.ro\\\/wp-content\\\/uploads\\\/2023\\\/01\\\/icon_logo.png\",\"width\":1900,\"height\":1900,\"caption\":\"covasna45.ro\"},\"image\":{\"@id\":\"https:\\\/\\\/covasna45.ro\\\/#\\\/schema\\\/logo\\\/image\\\/\"}},{\"@type\":\"Person\",\"@id\":\"https:\\\/\\\/covasna45.ro\\\/#\\\/schema\\\/person\\\/e674052bd7d95d70bbb007a1060ab73c\",\"name\":\"Covasna45\",\"image\":{\"@type\":\"ImageObject\",\"inLanguage\":\"ro-RO\",\"@id\":\"https:\\\/\\\/covasna45.ro\\\/wp-content\\\/uploads\\\/2025\\\/10\\\/icon_logo_covasna45-150x150.png\",\"url\":\"https:\\\/\\\/covasna45.ro\\\/wp-content\\\/uploads\\\/2025\\\/10\\\/icon_logo_covasna45-150x150.png\",\"contentUrl\":\"https:\\\/\\\/covasna45.ro\\\/wp-content\\\/uploads\\\/2025\\\/10\\\/icon_logo_covasna45-150x150.png\",\"caption\":\"Covasna45\"},\"sameAs\":[\"https:\\\/\\\/covasna45.ro\"],\"url\":\"https:\\\/\\\/covasna45.ro\\\/index.php\\\/author\\\/covasna\\\/\"}]}<\/script>\n<!-- \/ Yoast SEO plugin. -->","yoast_head_json":{"title":"Forumul Interna\u021bional pentru Turismul de S\u0103n\u0103tate, la Romexpo - Covasna45","description":"Printre rezultatele a\u0219teptate se num\u0103r\u0103: consolidarea prestigiului Rom\u00e2niei ca destina\u021bie de s\u0103n\u0103tate.","robots":{"index":"index","follow":"follow","max-snippet":"max-snippet:-1","max-image-preview":"max-image-preview:large","max-video-preview":"max-video-preview:-1"},"canonical":"https:\/\/covasna45.ro\/index.php\/lumea-noastra\/forumul-international-pentru-turismul-de-sanatate-la-romexpo\/","og_locale":"ro_RO","og_type":"article","og_title":"Forumul Interna\u021bional pentru Turismul de S\u0103n\u0103tate, la Romexpo - Covasna45","og_description":"Printre rezultatele a\u0219teptate se num\u0103r\u0103: consolidarea prestigiului Rom\u00e2niei ca destina\u021bie de s\u0103n\u0103tate.","og_url":"https:\/\/covasna45.ro\/index.php\/lumea-noastra\/forumul-international-pentru-turismul-de-sanatate-la-romexpo\/","og_site_name":"Covasna45","article_published_time":"2025-10-28T08:12:42+00:00","article_modified_time":"2025-10-28T08:12:43+00:00","og_image":[{"width":1280,"height":1024,"url":"https:\/\/covasna45.ro\/wp-content\/uploads\/2025\/10\/rexpo.jpg","type":"image\/jpeg"}],"author":"Covasna45","twitter_card":"summary_large_image","twitter_misc":{"Scris de":"Covasna45","Timp estimat pentru citire":"2 minute"},"schema":{"@context":"https:\/\/schema.org","@graph":[{"@type":"Article","@id":"https:\/\/covasna45.ro\/index.php\/lumea-noastra\/forumul-international-pentru-turismul-de-sanatate-la-romexpo\/#article","isPartOf":{"@id":"https:\/\/covasna45.ro\/index.php\/lumea-noastra\/forumul-international-pentru-turismul-de-sanatate-la-romexpo\/"},"author":{"name":"Covasna45","@id":"https:\/\/covasna45.ro\/#\/schema\/person\/e674052bd7d95d70bbb007a1060ab73c"},"headline":"Forumul Interna\u021bional pentru Turismul de S\u0103n\u0103tate, la Romexpo","datePublished":"2025-10-28T08:12:42+00:00","dateModified":"2025-10-28T08:12:43+00:00","mainEntityOfPage":{"@id":"https:\/\/covasna45.ro\/index.php\/lumea-noastra\/forumul-international-pentru-turismul-de-sanatate-la-romexpo\/"},"wordCount":287,"commentCount":0,"publisher":{"@id":"https:\/\/covasna45.ro\/#organization"},"image":{"@id":"https:\/\/covasna45.ro\/index.php\/lumea-noastra\/forumul-international-pentru-turismul-de-sanatate-la-romexpo\/#primaryimage"},"thumbnailUrl":"https:\/\/covasna45.ro\/wp-content\/uploads\/2025\/10\/rexpo.jpg","keywords":["Romexpo","Turism","Turism Covasna SA"],"articleSection":["Lumea noastr\u0103"],"inLanguage":"ro-RO","potentialAction":[{"@type":"CommentAction","name":"Comment","target":["https:\/\/covasna45.ro\/index.php\/lumea-noastra\/forumul-international-pentru-turismul-de-sanatate-la-romexpo\/#respond"]}]},{"@type":"WebPage","@id":"https:\/\/covasna45.ro\/index.php\/lumea-noastra\/forumul-international-pentru-turismul-de-sanatate-la-romexpo\/","url":"https:\/\/covasna45.ro\/index.php\/lumea-noastra\/forumul-international-pentru-turismul-de-sanatate-la-romexpo\/","name":"Forumul Interna\u021bional pentru Turismul de S\u0103n\u0103tate, la Romexpo - Covasna45","isPartOf":{"@id":"https:\/\/covasna45.ro\/#website"},"primaryImageOfPage":{"@id":"https:\/\/covasna45.ro\/index.php\/lumea-noastra\/forumul-international-pentru-turismul-de-sanatate-la-romexpo\/#primaryimage"},"image":{"@id":"https:\/\/covasna45.ro\/index.php\/lumea-noastra\/forumul-international-pentru-turismul-de-sanatate-la-romexpo\/#primaryimage"},"thumbnailUrl":"https:\/\/covasna45.ro\/wp-content\/uploads\/2025\/10\/rexpo.jpg","datePublished":"2025-10-28T08:12:42+00:00","dateModified":"2025-10-28T08:12:43+00:00","description":"Printre rezultatele a\u0219teptate se num\u0103r\u0103: consolidarea prestigiului Rom\u00e2niei ca destina\u021bie de s\u0103n\u0103tate.","breadcrumb":{"@id":"https:\/\/covasna45.ro\/index.php\/lumea-noastra\/forumul-international-pentru-turismul-de-sanatate-la-romexpo\/#breadcrumb"},"inLanguage":"ro-RO","potentialAction":[{"@type":"ReadAction","target":["https:\/\/covasna45.ro\/index.php\/lumea-noastra\/forumul-international-pentru-turismul-de-sanatate-la-romexpo\/"]}]},{"@type":"ImageObject","inLanguage":"ro-RO","@id":"https:\/\/covasna45.ro\/index.php\/lumea-noastra\/forumul-international-pentru-turismul-de-sanatate-la-romexpo\/#primaryimage","url":"https:\/\/covasna45.ro\/wp-content\/uploads\/2025\/10\/rexpo.jpg","contentUrl":"https:\/\/covasna45.ro\/wp-content\/uploads\/2025\/10\/rexpo.jpg","width":1280,"height":1024},{"@type":"BreadcrumbList","@id":"https:\/\/covasna45.ro\/index.php\/lumea-noastra\/forumul-international-pentru-turismul-de-sanatate-la-romexpo\/#breadcrumb","itemListElement":[{"@type":"ListItem","position":1,"name":"Prima pagin\u0103","item":"https:\/\/covasna45.ro\/"},{"@type":"ListItem","position":2,"name":"Forumul Interna\u021bional pentru Turismul de S\u0103n\u0103tate, la Romexpo"}]},{"@type":"WebSite","@id":"https:\/\/covasna45.ro\/#website","url":"https:\/\/covasna45.ro\/","name":"covasna45.ro","description":"","publisher":{"@id":"https:\/\/covasna45.ro\/#organization"},"potentialAction":[{"@type":"SearchAction","target":{"@type":"EntryPoint","urlTemplate":"https:\/\/covasna45.ro\/?s={search_term_string}"},"query-input":{"@type":"PropertyValueSpecification","valueRequired":true,"valueName":"search_term_string"}}],"inLanguage":"ro-RO"},{"@type":"Organization","@id":"https:\/\/covasna45.ro\/#organization","name":"covasna45.ro","url":"https:\/\/covasna45.ro\/","logo":{"@type":"ImageObject","inLanguage":"ro-RO","@id":"https:\/\/covasna45.ro\/#\/schema\/logo\/image\/","url":"https:\/\/covasna45.ro\/wp-content\/uploads\/2023\/01\/icon_logo.png","contentUrl":"https:\/\/covasna45.ro\/wp-content\/uploads\/2023\/01\/icon_logo.png","width":1900,"height":1900,"caption":"covasna45.ro"},"image":{"@id":"https:\/\/covasna45.ro\/#\/schema\/logo\/image\/"}},{"@type":"Person","@id":"https:\/\/covasna45.ro\/#\/schema\/person\/e674052bd7d95d70bbb007a1060ab73c","name":"Covasna45","image":{"@type":"ImageObject","inLanguage":"ro-RO","@id":"https:\/\/covasna45.ro\/wp-content\/uploads\/2025\/10\/icon_logo_covasna45-150x150.png","url":"https:\/\/covasna45.ro\/wp-content\/uploads\/2025\/10\/icon_logo_covasna45-150x150.png","contentUrl":"https:\/\/covasna45.ro\/wp-content\/uploads\/2025\/10\/icon_logo_covasna45-150x150.png","caption":"Covasna45"},"sameAs":["https:\/\/covasna45.ro"],"url":"https:\/\/covasna45.ro\/index.php\/author\/covasna\/"}]}},"_links":{"self":[{"href":"https:\/\/covasna45.ro\/index.php\/wp-json\/wp\/v2\/posts\/13634","targetHints":{"allow":["GET"]}}],"collection":[{"href":"https:\/\/covasna45.ro\/index.php\/wp-json\/wp\/v2\/posts"}],"about":[{"href":"https:\/\/covasna45.ro\/index.php\/wp-json\/wp\/v2\/types\/post"}],"author":[{"embeddable":true,"href":"https:\/\/covasna45.ro\/index.php\/wp-json\/wp\/v2\/users\/1"}],"replies":[{"embeddable":true,"href":"https:\/\/covasna45.ro\/index.php\/wp-json\/wp\/v2\/comments?post=13634"}],"version-history":[{"count":1,"href":"https:\/\/covasna45.ro\/index.php\/wp-json\/wp\/v2\/posts\/13634\/revisions"}],"predecessor-version":[{"id":13636,"href":"https:\/\/covasna45.ro\/index.php\/wp-json\/wp\/v2\/posts\/13634\/revisions\/13636"}],"wp:featuredmedia":[{"embeddable":true,"href":"https:\/\/covasna45.ro\/index.php\/wp-json\/wp\/v2\/media\/13635"}],"wp:attachment":[{"href":"https:\/\/covasna45.ro\/index.php\/wp-json\/wp\/v2\/media?parent=13634"}],"wp:term":[{"taxonomy":"category","embeddable":true,"href":"https:\/\/covasna45.ro\/index.php\/wp-json\/wp\/v2\/categories?post=13634"},{"taxonomy":"post_tag","embeddable":true,"href":"https:\/\/covasna45.ro\/index.php\/wp-json\/wp\/v2\/tags?post=13634"}],"curies":[{"name":"wp","href":"https:\/\/api.w.org\/{rel}","templated":true}]}}