{"id":13639,"date":"2025-10-29T09:58:07","date_gmt":"2025-10-29T07:58:07","guid":{"rendered":"https:\/\/covasna45.ro\/?p=13639"},"modified":"2025-10-29T09:58:07","modified_gmt":"2025-10-29T07:58:07","slug":"incendiul-din-covasna-provocat-intentionat-trei-minori-sunt-banuiti","status":"publish","type":"post","link":"https:\/\/covasna45.ro\/index.php\/lumea-noastra\/incendiul-din-covasna-provocat-intentionat-trei-minori-sunt-banuiti\/","title":{"rendered":"Incendiul din Covasna, provocat inten\u021bionat. Trei minori sunt b\u0103nui\u021bi"},"content":{"rendered":"\n<p>Incendiul izbucnit pe 26 octombrie \u00een fosta fabric\u0103 de pal de pe strada G\u0103rii din ora\u0219ul Covasna ar fi fost provocat inten\u021bionat, anun\u021b\u0103 IPJ Covasna.<\/p>\n\n\n\n<p>Au ars mocnit circa 70 balo\u021bi de paie, cu mari degaj\u0103ri de fum, f\u0103r\u0103 posibilitate de propagare. \u00cen incinta aceleia\u0219i fabrici dezafectate a fost g\u0103sit un autoturism ars complet, la care nu a fost cazul s\u0103 se mai intervin\u0103. Pompierii au adus un buldoescavator care a ajutat la \u00eempingerea balo\u021bilor. Incendiul a fost localizat \u00een aceea\u0219i zi, la ora 18.05.<\/p>\n\n\n\n<figure class=\"wp-block-image size-large\"><img loading=\"lazy\" decoding=\"async\" width=\"768\" height=\"1024\" src=\"https:\/\/covasna45.ro\/wp-content\/uploads\/2025\/10\/foc5-768x1024.jpg\" alt=\"\" class=\"wp-image-13641\" srcset=\"https:\/\/covasna45.ro\/wp-content\/uploads\/2025\/10\/foc5-768x1024.jpg 768w, https:\/\/covasna45.ro\/wp-content\/uploads\/2025\/10\/foc5-225x300.jpg 225w, https:\/\/covasna45.ro\/wp-content\/uploads\/2025\/10\/foc5-1152x1536.jpg 1152w, https:\/\/covasna45.ro\/wp-content\/uploads\/2025\/10\/foc5-150x200.jpg 150w, https:\/\/covasna45.ro\/wp-content\/uploads\/2025\/10\/foc5-300x400.jpg 300w, https:\/\/covasna45.ro\/wp-content\/uploads\/2025\/10\/foc5-696x928.jpg 696w, https:\/\/covasna45.ro\/wp-content\/uploads\/2025\/10\/foc5-1068x1424.jpg 1068w, https:\/\/covasna45.ro\/wp-content\/uploads\/2025\/10\/foc5.jpg 1200w\" sizes=\"auto, (max-width: 768px) 100vw, 768px\" \/><\/figure>\n\n\n\n<p>Poli\u021bi\u0219tii din ora\u0219ul Covasna desf\u0103\u0219oar\u0103 cercet\u0103ri \u00een cadrul unui dosar penal, dup\u0103 ce autoturismul \u0219i aproximativ 80 balo\u021bi de f\u00e2n \u0219i paie au fost distruse de foc.<\/p>\n\n\n\n<p>\u201eLa data de 26 octombrie 2025, \u00een jurul orei 15.20, poli\u021bi\u0219tii din ora\u0219ul Covasna au fost sesiza\u021bi printr-un apel prin num\u0103rul unic de urgen\u021b\u0103 112, despre faptul c\u0103 \u00een incinta unei fabrici dezafectate ar fi izbucnit un incendiu. Ajun\u0219i la fa\u021ba locului poli\u021bi\u0219tii au constatat c\u0103 focul afectase un autoturism \u0219i o cl\u0103dire situat\u0103 la aproximativ 150 de metri, unde erau depozita\u021bi balo\u021bi.<\/p>\n\n\n\n<figure class=\"wp-block-image size-large\"><img loading=\"lazy\" decoding=\"async\" width=\"1024\" height=\"576\" src=\"https:\/\/covasna45.ro\/wp-content\/uploads\/2025\/10\/incd3-1024x576.jpg\" alt=\"\" class=\"wp-image-13642\" srcset=\"https:\/\/covasna45.ro\/wp-content\/uploads\/2025\/10\/incd3-1024x576.jpg 1024w, https:\/\/covasna45.ro\/wp-content\/uploads\/2025\/10\/incd3-300x169.jpg 300w, https:\/\/covasna45.ro\/wp-content\/uploads\/2025\/10\/incd3-768x432.jpg 768w, https:\/\/covasna45.ro\/wp-content\/uploads\/2025\/10\/incd3-1536x864.jpg 1536w, https:\/\/covasna45.ro\/wp-content\/uploads\/2025\/10\/incd3-150x84.jpg 150w, https:\/\/covasna45.ro\/wp-content\/uploads\/2025\/10\/incd3-696x391.jpg 696w, https:\/\/covasna45.ro\/wp-content\/uploads\/2025\/10\/incd3-1068x600.jpg 1068w, https:\/\/covasna45.ro\/wp-content\/uploads\/2025\/10\/incd3.jpg 1599w\" sizes=\"auto, (max-width: 1024px) 100vw, 1024px\" \/><\/figure>\n\n\n\n<p>\u00cen urma cercet\u0103rilor efectuate p\u00e2n\u0103 la acest moment a reie\u0219it c\u0103 focul ar fi pornit ca urmare a unei ac\u021biuni inten\u021bionate. De asemenea, poli\u021bi\u0219tii au identificat trei minori cu v\u00e2rste cuprinse \u00eentre 9 \u0219i 15 ani, b\u0103nui\u021bi de s\u0103v\u00e2r\u0219irea faptei.<\/p>\n\n\n\n<p>Cercet\u0103rile sunt continuate sub coordonarea unui procuror, \u00een cadrul dosarului penal deschis pentru s\u0103v\u00e2r\u0219irea infrac\u021biunii de distrugere prin incendiere, pentru a se stabili cu exactitate \u00eentreaga stare de fapt\u201d, transmite IPJ.<\/p>\n","protected":false},"excerpt":{"rendered":"<p>Incendiul izbucnit pe 26 octombrie \u00een fosta fabric\u0103 de pal de pe strada G\u0103rii din ora\u0219ul Covasna ar fi fost provocat inten\u021bionat, anun\u021b\u0103 IPJ Covasna. Au ars mocnit circa 70 balo\u021bi de paie, cu mari degaj\u0103ri de fum, f\u0103r\u0103 posibilitate de propagare. \u00cen incinta aceleia\u0219i fabrici dezafectate a fost g\u0103sit un autoturism ars complet, la [&hellip;]<\/p>\n","protected":false},"author":1,"featured_media":13640,"comment_status":"open","ping_status":"closed","sticky":false,"template":"","format":"standard","meta":{"tdm_status":"","tdm_grid_status":"","footnotes":""},"categories":[14],"tags":[21,2355,2197],"class_list":{"0":"post-13639","1":"post","2":"type-post","3":"status-publish","4":"format-standard","5":"has-post-thumbnail","7":"category-lumea-noastra","8":"tag-covasna","9":"tag-incendiu","10":"tag-ipj-covasna"},"yoast_head":"<!-- This site is optimized with the Yoast SEO plugin v27.5 - https:\/\/yoast.com\/product\/yoast-seo-wordpress\/ -->\n<title>Incendiul din Covasna, provocat inten\u021bionat. Trei minori sunt b\u0103nui\u021bi - Covasna45<\/title>\n<meta name=\"description\" content=\"Au ars mocnit circa 70 balo\u021bi de paie, cu mari degaj\u0103ri de fum, f\u0103r\u0103 posibilitate de propagare.\" \/>\n<meta name=\"robots\" content=\"index, follow, max-snippet:-1, max-image-preview:large, max-video-preview:-1\" \/>\n<link rel=\"canonical\" href=\"https:\/\/covasna45.ro\/index.php\/lumea-noastra\/incendiul-din-covasna-provocat-intentionat-trei-minori-sunt-banuiti\/\" \/>\n<meta property=\"og:locale\" content=\"ro_RO\" \/>\n<meta property=\"og:type\" content=\"article\" \/>\n<meta property=\"og:title\" content=\"Incendiul din Covasna, provocat inten\u021bionat. Trei minori sunt b\u0103nui\u021bi - Covasna45\" \/>\n<meta property=\"og:description\" content=\"Au ars mocnit circa 70 balo\u021bi de paie, cu mari degaj\u0103ri de fum, f\u0103r\u0103 posibilitate de propagare.\" \/>\n<meta property=\"og:url\" content=\"https:\/\/covasna45.ro\/index.php\/lumea-noastra\/incendiul-din-covasna-provocat-intentionat-trei-minori-sunt-banuiti\/\" \/>\n<meta property=\"og:site_name\" content=\"Covasna45\" \/>\n<meta property=\"article:published_time\" content=\"2025-10-29T07:58:07+00:00\" \/>\n<meta property=\"og:image\" content=\"https:\/\/covasna45.ro\/wp-content\/uploads\/2025\/10\/inc2.jpg\" \/>\n\t<meta property=\"og:image:width\" content=\"1599\" \/>\n\t<meta property=\"og:image:height\" content=\"899\" \/>\n\t<meta property=\"og:image:type\" content=\"image\/jpeg\" \/>\n<meta name=\"author\" content=\"Covasna45\" \/>\n<meta name=\"twitter:card\" content=\"summary_large_image\" \/>\n<meta name=\"twitter:label1\" content=\"Scris de\" \/>\n\t<meta name=\"twitter:data1\" content=\"Covasna45\" \/>\n\t<meta name=\"twitter:label2\" content=\"Timp estimat pentru citire\" \/>\n\t<meta name=\"twitter:data2\" content=\"2 minute\" \/>\n<script type=\"application\/ld+json\" class=\"yoast-schema-graph\">{\"@context\":\"https:\\\/\\\/schema.org\",\"@graph\":[{\"@type\":\"Article\",\"@id\":\"https:\\\/\\\/covasna45.ro\\\/index.php\\\/lumea-noastra\\\/incendiul-din-covasna-provocat-intentionat-trei-minori-sunt-banuiti\\\/#article\",\"isPartOf\":{\"@id\":\"https:\\\/\\\/covasna45.ro\\\/index.php\\\/lumea-noastra\\\/incendiul-din-covasna-provocat-intentionat-trei-minori-sunt-banuiti\\\/\"},\"author\":{\"name\":\"Covasna45\",\"@id\":\"https:\\\/\\\/covasna45.ro\\\/#\\\/schema\\\/person\\\/e674052bd7d95d70bbb007a1060ab73c\"},\"headline\":\"Incendiul din Covasna, provocat inten\u021bionat. Trei minori sunt b\u0103nui\u021bi\",\"datePublished\":\"2025-10-29T07:58:07+00:00\",\"mainEntityOfPage\":{\"@id\":\"https:\\\/\\\/covasna45.ro\\\/index.php\\\/lumea-noastra\\\/incendiul-din-covasna-provocat-intentionat-trei-minori-sunt-banuiti\\\/\"},\"wordCount\":294,\"commentCount\":0,\"publisher\":{\"@id\":\"https:\\\/\\\/covasna45.ro\\\/#organization\"},\"image\":{\"@id\":\"https:\\\/\\\/covasna45.ro\\\/index.php\\\/lumea-noastra\\\/incendiul-din-covasna-provocat-intentionat-trei-minori-sunt-banuiti\\\/#primaryimage\"},\"thumbnailUrl\":\"https:\\\/\\\/covasna45.ro\\\/wp-content\\\/uploads\\\/2025\\\/10\\\/inc2.jpg\",\"keywords\":[\"covasna\",\"incendiu\",\"ipj covasna\"],\"articleSection\":[\"Lumea noastr\u0103\"],\"inLanguage\":\"ro-RO\",\"potentialAction\":[{\"@type\":\"CommentAction\",\"name\":\"Comment\",\"target\":[\"https:\\\/\\\/covasna45.ro\\\/index.php\\\/lumea-noastra\\\/incendiul-din-covasna-provocat-intentionat-trei-minori-sunt-banuiti\\\/#respond\"]}]},{\"@type\":\"WebPage\",\"@id\":\"https:\\\/\\\/covasna45.ro\\\/index.php\\\/lumea-noastra\\\/incendiul-din-covasna-provocat-intentionat-trei-minori-sunt-banuiti\\\/\",\"url\":\"https:\\\/\\\/covasna45.ro\\\/index.php\\\/lumea-noastra\\\/incendiul-din-covasna-provocat-intentionat-trei-minori-sunt-banuiti\\\/\",\"name\":\"Incendiul din Covasna, provocat inten\u021bionat. Trei minori sunt b\u0103nui\u021bi - Covasna45\",\"isPartOf\":{\"@id\":\"https:\\\/\\\/covasna45.ro\\\/#website\"},\"primaryImageOfPage\":{\"@id\":\"https:\\\/\\\/covasna45.ro\\\/index.php\\\/lumea-noastra\\\/incendiul-din-covasna-provocat-intentionat-trei-minori-sunt-banuiti\\\/#primaryimage\"},\"image\":{\"@id\":\"https:\\\/\\\/covasna45.ro\\\/index.php\\\/lumea-noastra\\\/incendiul-din-covasna-provocat-intentionat-trei-minori-sunt-banuiti\\\/#primaryimage\"},\"thumbnailUrl\":\"https:\\\/\\\/covasna45.ro\\\/wp-content\\\/uploads\\\/2025\\\/10\\\/inc2.jpg\",\"datePublished\":\"2025-10-29T07:58:07+00:00\",\"description\":\"Au ars mocnit circa 70 balo\u021bi de paie, cu mari degaj\u0103ri de fum, f\u0103r\u0103 posibilitate de propagare.\",\"breadcrumb\":{\"@id\":\"https:\\\/\\\/covasna45.ro\\\/index.php\\\/lumea-noastra\\\/incendiul-din-covasna-provocat-intentionat-trei-minori-sunt-banuiti\\\/#breadcrumb\"},\"inLanguage\":\"ro-RO\",\"potentialAction\":[{\"@type\":\"ReadAction\",\"target\":[\"https:\\\/\\\/covasna45.ro\\\/index.php\\\/lumea-noastra\\\/incendiul-din-covasna-provocat-intentionat-trei-minori-sunt-banuiti\\\/\"]}]},{\"@type\":\"ImageObject\",\"inLanguage\":\"ro-RO\",\"@id\":\"https:\\\/\\\/covasna45.ro\\\/index.php\\\/lumea-noastra\\\/incendiul-din-covasna-provocat-intentionat-trei-minori-sunt-banuiti\\\/#primaryimage\",\"url\":\"https:\\\/\\\/covasna45.ro\\\/wp-content\\\/uploads\\\/2025\\\/10\\\/inc2.jpg\",\"contentUrl\":\"https:\\\/\\\/covasna45.ro\\\/wp-content\\\/uploads\\\/2025\\\/10\\\/inc2.jpg\",\"width\":1599,\"height\":899},{\"@type\":\"BreadcrumbList\",\"@id\":\"https:\\\/\\\/covasna45.ro\\\/index.php\\\/lumea-noastra\\\/incendiul-din-covasna-provocat-intentionat-trei-minori-sunt-banuiti\\\/#breadcrumb\",\"itemListElement\":[{\"@type\":\"ListItem\",\"position\":1,\"name\":\"Prima pagin\u0103\",\"item\":\"https:\\\/\\\/covasna45.ro\\\/\"},{\"@type\":\"ListItem\",\"position\":2,\"name\":\"Incendiul din Covasna, provocat inten\u021bionat. Trei minori sunt b\u0103nui\u021bi\"}]},{\"@type\":\"WebSite\",\"@id\":\"https:\\\/\\\/covasna45.ro\\\/#website\",\"url\":\"https:\\\/\\\/covasna45.ro\\\/\",\"name\":\"covasna45.ro\",\"description\":\"\",\"publisher\":{\"@id\":\"https:\\\/\\\/covasna45.ro\\\/#organization\"},\"potentialAction\":[{\"@type\":\"SearchAction\",\"target\":{\"@type\":\"EntryPoint\",\"urlTemplate\":\"https:\\\/\\\/covasna45.ro\\\/?s={search_term_string}\"},\"query-input\":{\"@type\":\"PropertyValueSpecification\",\"valueRequired\":true,\"valueName\":\"search_term_string\"}}],\"inLanguage\":\"ro-RO\"},{\"@type\":\"Organization\",\"@id\":\"https:\\\/\\\/covasna45.ro\\\/#organization\",\"name\":\"covasna45.ro\",\"url\":\"https:\\\/\\\/covasna45.ro\\\/\",\"logo\":{\"@type\":\"ImageObject\",\"inLanguage\":\"ro-RO\",\"@id\":\"https:\\\/\\\/covasna45.ro\\\/#\\\/schema\\\/logo\\\/image\\\/\",\"url\":\"https:\\\/\\\/covasna45.ro\\\/wp-content\\\/uploads\\\/2023\\\/01\\\/icon_logo.png\",\"contentUrl\":\"https:\\\/\\\/covasna45.ro\\\/wp-content\\\/uploads\\\/2023\\\/01\\\/icon_logo.png\",\"width\":1900,\"height\":1900,\"caption\":\"covasna45.ro\"},\"image\":{\"@id\":\"https:\\\/\\\/covasna45.ro\\\/#\\\/schema\\\/logo\\\/image\\\/\"}},{\"@type\":\"Person\",\"@id\":\"https:\\\/\\\/covasna45.ro\\\/#\\\/schema\\\/person\\\/e674052bd7d95d70bbb007a1060ab73c\",\"name\":\"Covasna45\",\"image\":{\"@type\":\"ImageObject\",\"inLanguage\":\"ro-RO\",\"@id\":\"https:\\\/\\\/covasna45.ro\\\/wp-content\\\/uploads\\\/2025\\\/10\\\/icon_logo_covasna45-150x150.png\",\"url\":\"https:\\\/\\\/covasna45.ro\\\/wp-content\\\/uploads\\\/2025\\\/10\\\/icon_logo_covasna45-150x150.png\",\"contentUrl\":\"https:\\\/\\\/covasna45.ro\\\/wp-content\\\/uploads\\\/2025\\\/10\\\/icon_logo_covasna45-150x150.png\",\"caption\":\"Covasna45\"},\"sameAs\":[\"https:\\\/\\\/covasna45.ro\"],\"url\":\"https:\\\/\\\/covasna45.ro\\\/index.php\\\/author\\\/covasna\\\/\"}]}<\/script>\n<!-- \/ Yoast SEO plugin. -->","yoast_head_json":{"title":"Incendiul din Covasna, provocat inten\u021bionat. Trei minori sunt b\u0103nui\u021bi - Covasna45","description":"Au ars mocnit circa 70 balo\u021bi de paie, cu mari degaj\u0103ri de fum, f\u0103r\u0103 posibilitate de propagare.","robots":{"index":"index","follow":"follow","max-snippet":"max-snippet:-1","max-image-preview":"max-image-preview:large","max-video-preview":"max-video-preview:-1"},"canonical":"https:\/\/covasna45.ro\/index.php\/lumea-noastra\/incendiul-din-covasna-provocat-intentionat-trei-minori-sunt-banuiti\/","og_locale":"ro_RO","og_type":"article","og_title":"Incendiul din Covasna, provocat inten\u021bionat. Trei minori sunt b\u0103nui\u021bi - Covasna45","og_description":"Au ars mocnit circa 70 balo\u021bi de paie, cu mari degaj\u0103ri de fum, f\u0103r\u0103 posibilitate de propagare.","og_url":"https:\/\/covasna45.ro\/index.php\/lumea-noastra\/incendiul-din-covasna-provocat-intentionat-trei-minori-sunt-banuiti\/","og_site_name":"Covasna45","article_published_time":"2025-10-29T07:58:07+00:00","og_image":[{"width":1599,"height":899,"url":"https:\/\/covasna45.ro\/wp-content\/uploads\/2025\/10\/inc2.jpg","type":"image\/jpeg"}],"author":"Covasna45","twitter_card":"summary_large_image","twitter_misc":{"Scris de":"Covasna45","Timp estimat pentru citire":"2 minute"},"schema":{"@context":"https:\/\/schema.org","@graph":[{"@type":"Article","@id":"https:\/\/covasna45.ro\/index.php\/lumea-noastra\/incendiul-din-covasna-provocat-intentionat-trei-minori-sunt-banuiti\/#article","isPartOf":{"@id":"https:\/\/covasna45.ro\/index.php\/lumea-noastra\/incendiul-din-covasna-provocat-intentionat-trei-minori-sunt-banuiti\/"},"author":{"name":"Covasna45","@id":"https:\/\/covasna45.ro\/#\/schema\/person\/e674052bd7d95d70bbb007a1060ab73c"},"headline":"Incendiul din Covasna, provocat inten\u021bionat. Trei minori sunt b\u0103nui\u021bi","datePublished":"2025-10-29T07:58:07+00:00","mainEntityOfPage":{"@id":"https:\/\/covasna45.ro\/index.php\/lumea-noastra\/incendiul-din-covasna-provocat-intentionat-trei-minori-sunt-banuiti\/"},"wordCount":294,"commentCount":0,"publisher":{"@id":"https:\/\/covasna45.ro\/#organization"},"image":{"@id":"https:\/\/covasna45.ro\/index.php\/lumea-noastra\/incendiul-din-covasna-provocat-intentionat-trei-minori-sunt-banuiti\/#primaryimage"},"thumbnailUrl":"https:\/\/covasna45.ro\/wp-content\/uploads\/2025\/10\/inc2.jpg","keywords":["covasna","incendiu","ipj covasna"],"articleSection":["Lumea noastr\u0103"],"inLanguage":"ro-RO","potentialAction":[{"@type":"CommentAction","name":"Comment","target":["https:\/\/covasna45.ro\/index.php\/lumea-noastra\/incendiul-din-covasna-provocat-intentionat-trei-minori-sunt-banuiti\/#respond"]}]},{"@type":"WebPage","@id":"https:\/\/covasna45.ro\/index.php\/lumea-noastra\/incendiul-din-covasna-provocat-intentionat-trei-minori-sunt-banuiti\/","url":"https:\/\/covasna45.ro\/index.php\/lumea-noastra\/incendiul-din-covasna-provocat-intentionat-trei-minori-sunt-banuiti\/","name":"Incendiul din Covasna, provocat inten\u021bionat. Trei minori sunt b\u0103nui\u021bi - Covasna45","isPartOf":{"@id":"https:\/\/covasna45.ro\/#website"},"primaryImageOfPage":{"@id":"https:\/\/covasna45.ro\/index.php\/lumea-noastra\/incendiul-din-covasna-provocat-intentionat-trei-minori-sunt-banuiti\/#primaryimage"},"image":{"@id":"https:\/\/covasna45.ro\/index.php\/lumea-noastra\/incendiul-din-covasna-provocat-intentionat-trei-minori-sunt-banuiti\/#primaryimage"},"thumbnailUrl":"https:\/\/covasna45.ro\/wp-content\/uploads\/2025\/10\/inc2.jpg","datePublished":"2025-10-29T07:58:07+00:00","description":"Au ars mocnit circa 70 balo\u021bi de paie, cu mari degaj\u0103ri de fum, f\u0103r\u0103 posibilitate de propagare.","breadcrumb":{"@id":"https:\/\/covasna45.ro\/index.php\/lumea-noastra\/incendiul-din-covasna-provocat-intentionat-trei-minori-sunt-banuiti\/#breadcrumb"},"inLanguage":"ro-RO","potentialAction":[{"@type":"ReadAction","target":["https:\/\/covasna45.ro\/index.php\/lumea-noastra\/incendiul-din-covasna-provocat-intentionat-trei-minori-sunt-banuiti\/"]}]},{"@type":"ImageObject","inLanguage":"ro-RO","@id":"https:\/\/covasna45.ro\/index.php\/lumea-noastra\/incendiul-din-covasna-provocat-intentionat-trei-minori-sunt-banuiti\/#primaryimage","url":"https:\/\/covasna45.ro\/wp-content\/uploads\/2025\/10\/inc2.jpg","contentUrl":"https:\/\/covasna45.ro\/wp-content\/uploads\/2025\/10\/inc2.jpg","width":1599,"height":899},{"@type":"BreadcrumbList","@id":"https:\/\/covasna45.ro\/index.php\/lumea-noastra\/incendiul-din-covasna-provocat-intentionat-trei-minori-sunt-banuiti\/#breadcrumb","itemListElement":[{"@type":"ListItem","position":1,"name":"Prima pagin\u0103","item":"https:\/\/covasna45.ro\/"},{"@type":"ListItem","position":2,"name":"Incendiul din Covasna, provocat inten\u021bionat. Trei minori sunt b\u0103nui\u021bi"}]},{"@type":"WebSite","@id":"https:\/\/covasna45.ro\/#website","url":"https:\/\/covasna45.ro\/","name":"covasna45.ro","description":"","publisher":{"@id":"https:\/\/covasna45.ro\/#organization"},"potentialAction":[{"@type":"SearchAction","target":{"@type":"EntryPoint","urlTemplate":"https:\/\/covasna45.ro\/?s={search_term_string}"},"query-input":{"@type":"PropertyValueSpecification","valueRequired":true,"valueName":"search_term_string"}}],"inLanguage":"ro-RO"},{"@type":"Organization","@id":"https:\/\/covasna45.ro\/#organization","name":"covasna45.ro","url":"https:\/\/covasna45.ro\/","logo":{"@type":"ImageObject","inLanguage":"ro-RO","@id":"https:\/\/covasna45.ro\/#\/schema\/logo\/image\/","url":"https:\/\/covasna45.ro\/wp-content\/uploads\/2023\/01\/icon_logo.png","contentUrl":"https:\/\/covasna45.ro\/wp-content\/uploads\/2023\/01\/icon_logo.png","width":1900,"height":1900,"caption":"covasna45.ro"},"image":{"@id":"https:\/\/covasna45.ro\/#\/schema\/logo\/image\/"}},{"@type":"Person","@id":"https:\/\/covasna45.ro\/#\/schema\/person\/e674052bd7d95d70bbb007a1060ab73c","name":"Covasna45","image":{"@type":"ImageObject","inLanguage":"ro-RO","@id":"https:\/\/covasna45.ro\/wp-content\/uploads\/2025\/10\/icon_logo_covasna45-150x150.png","url":"https:\/\/covasna45.ro\/wp-content\/uploads\/2025\/10\/icon_logo_covasna45-150x150.png","contentUrl":"https:\/\/covasna45.ro\/wp-content\/uploads\/2025\/10\/icon_logo_covasna45-150x150.png","caption":"Covasna45"},"sameAs":["https:\/\/covasna45.ro"],"url":"https:\/\/covasna45.ro\/index.php\/author\/covasna\/"}]}},"_links":{"self":[{"href":"https:\/\/covasna45.ro\/index.php\/wp-json\/wp\/v2\/posts\/13639","targetHints":{"allow":["GET"]}}],"collection":[{"href":"https:\/\/covasna45.ro\/index.php\/wp-json\/wp\/v2\/posts"}],"about":[{"href":"https:\/\/covasna45.ro\/index.php\/wp-json\/wp\/v2\/types\/post"}],"author":[{"embeddable":true,"href":"https:\/\/covasna45.ro\/index.php\/wp-json\/wp\/v2\/users\/1"}],"replies":[{"embeddable":true,"href":"https:\/\/covasna45.ro\/index.php\/wp-json\/wp\/v2\/comments?post=13639"}],"version-history":[{"count":1,"href":"https:\/\/covasna45.ro\/index.php\/wp-json\/wp\/v2\/posts\/13639\/revisions"}],"predecessor-version":[{"id":13643,"href":"https:\/\/covasna45.ro\/index.php\/wp-json\/wp\/v2\/posts\/13639\/revisions\/13643"}],"wp:featuredmedia":[{"embeddable":true,"href":"https:\/\/covasna45.ro\/index.php\/wp-json\/wp\/v2\/media\/13640"}],"wp:attachment":[{"href":"https:\/\/covasna45.ro\/index.php\/wp-json\/wp\/v2\/media?parent=13639"}],"wp:term":[{"taxonomy":"category","embeddable":true,"href":"https:\/\/covasna45.ro\/index.php\/wp-json\/wp\/v2\/categories?post=13639"},{"taxonomy":"post_tag","embeddable":true,"href":"https:\/\/covasna45.ro\/index.php\/wp-json\/wp\/v2\/tags?post=13639"}],"curies":[{"name":"wp","href":"https:\/\/api.w.org\/{rel}","templated":true}]}}