{"id":13666,"date":"2025-10-29T11:51:24","date_gmt":"2025-10-29T09:51:24","guid":{"rendered":"https:\/\/covasna45.ro\/?p=13666"},"modified":"2025-10-29T11:55:57","modified_gmt":"2025-10-29T09:55:57","slug":"statiunea-covasna-devine-pentru-al-patrulea-an-capitala-sahului","status":"publish","type":"post","link":"https:\/\/covasna45.ro\/index.php\/lumea-noastra\/statiunea-covasna-devine-pentru-al-patrulea-an-capitala-sahului\/","title":{"rendered":"Sta\u021biunea Covasna devine, pentru al patrulea an, capitala \u0219ahului"},"content":{"rendered":"\n<p>Turism Covasna SA g\u0103zduie\u0219te, pentru al patrulea an, Campionatul na\u021bional de \u0219ah pentru echipe mixte de copii \u0219i juniori, organizat de Federa\u021bia Rom\u00e2n\u0103 de \u0218ah, ACS Elisabeta Polihroniade \u0219i Funda\u021bia Gambit \u2013 Elisabeta Polihroniade. Evenimentul este inclus \u00een calendarul oficial na\u021bional al Federa\u021biei Rom\u00e2ne de \u0218ah. Participan\u021bii vor fi g\u0103zdui\u021bi de hotelurile \u201eCerbul\u201d \u0219i \u201eCovasna\u201d.<\/p>\n\n\n\n<figure class=\"wp-block-image size-large\"><img loading=\"lazy\" decoding=\"async\" width=\"1024\" height=\"768\" src=\"https:\/\/covasna45.ro\/wp-content\/uploads\/2024\/09\/cerbul-claire-1024x768.jpg\" alt=\"\" class=\"wp-image-7732\" srcset=\"https:\/\/covasna45.ro\/wp-content\/uploads\/2024\/09\/cerbul-claire-1024x768.jpg 1024w, https:\/\/covasna45.ro\/wp-content\/uploads\/2024\/09\/cerbul-claire-300x225.jpg 300w, https:\/\/covasna45.ro\/wp-content\/uploads\/2024\/09\/cerbul-claire-768x576.jpg 768w, https:\/\/covasna45.ro\/wp-content\/uploads\/2024\/09\/cerbul-claire-1536x1152.jpg 1536w, https:\/\/covasna45.ro\/wp-content\/uploads\/2024\/09\/cerbul-claire-150x113.jpg 150w, https:\/\/covasna45.ro\/wp-content\/uploads\/2024\/09\/cerbul-claire-696x522.jpg 696w, https:\/\/covasna45.ro\/wp-content\/uploads\/2024\/09\/cerbul-claire-1068x801.jpg 1068w, https:\/\/covasna45.ro\/wp-content\/uploads\/2024\/09\/cerbul-claire.jpg 1780w\" sizes=\"auto, (max-width: 1024px) 100vw, 1024px\" \/><\/figure>\n\n\n\n<p>\u201e<strong><em>Suntem \u00eenc\u00e2nta\u021bi c\u0103 \u00een aceast\u0103 perioad\u0103 vor fi prezen\u021bi peste 150 de copii care vor participa la competi\u021bie, \u00eenso\u021bi\u021bi de p\u0103rin\u021bi \u0219i rude, reprezent\u00e2nd practic o deschidere c\u0103tre turismul educa\u021bional, care \u00eembin\u0103 utilul cu pl\u0103cutul, respectiv turismul de tip family &amp; leisure cu un concurs al sportului min\u021bii. Mul\u021bumim partenerilor no\u0219tri pentru \u00eencredere \u0219i Prim\u0103riei Covasna pentru sus\u021binere! Fiind al patrulea an, putem deja vorbi despre o tradi\u021bie a acestui campionat aici, \u00een sta\u021biunea Covasna<\/em><\/strong>\u201d, a declarat pentru <a href=\"https:\/\/covasna45.ro\/index.php\/lumea-noastra\/turism-covasna-marele-premiu-la-conferinta-spa-romania-2025\/\">covasna45.ro<\/a> directorul general al Turism Covasna SA, Narcisa Diaconu.<\/p>\n\n\n\n<figure class=\"wp-block-image size-full\"><img loading=\"lazy\" decoding=\"async\" width=\"847\" height=\"683\" src=\"https:\/\/covasna45.ro\/wp-content\/uploads\/2025\/10\/narci.jpeg\" alt=\"\" class=\"wp-image-13667\" srcset=\"https:\/\/covasna45.ro\/wp-content\/uploads\/2025\/10\/narci.jpeg 847w, https:\/\/covasna45.ro\/wp-content\/uploads\/2025\/10\/narci-300x242.jpeg 300w, https:\/\/covasna45.ro\/wp-content\/uploads\/2025\/10\/narci-768x619.jpeg 768w, https:\/\/covasna45.ro\/wp-content\/uploads\/2025\/10\/narci-150x121.jpeg 150w, https:\/\/covasna45.ro\/wp-content\/uploads\/2025\/10\/narci-696x561.jpeg 696w\" sizes=\"auto, (max-width: 847px) 100vw, 847px\" \/><\/figure>\n\n\n\n<h2 class=\"wp-block-heading\">Participan\u021bi<\/h2>\n\n\n\n<p>Potrivit organizatorilor, vor participa la campionat echipe formate din sportivi legitima\u021bi la cluburi afiliate Federa\u021biei Rom\u00e2ne de \u0218ah. Categoriile de v\u00e2rst\u0103:<\/p>\n\n\n\n<p>\u2756 U8 &#8211; sportivi n\u0103scu\u021bi dup\u0103 1 ianuarie 2017<\/p>\n\n\n\n<p>\u2756 U10 &#8211; sportivi n\u0103scu\u021bi dup\u0103 1 ianuarie 2015<\/p>\n\n\n\n<p>\u2756 U12 &#8211; sportivi n\u0103scu\u021bi dup\u0103 1 ianuarie 2013<\/p>\n\n\n\n<p>\u2756 U14 &#8211; sportivi n\u0103scu\u021bi dup\u0103 1 ianuarie 2011.<\/p>\n\n\n\n<figure class=\"wp-block-image size-large\"><img loading=\"lazy\" decoding=\"async\" width=\"1024\" height=\"768\" src=\"https:\/\/covasna45.ro\/wp-content\/uploads\/2025\/10\/sah2-1024x768.jpeg\" alt=\"\" class=\"wp-image-13669\" srcset=\"https:\/\/covasna45.ro\/wp-content\/uploads\/2025\/10\/sah2-1024x768.jpeg 1024w, https:\/\/covasna45.ro\/wp-content\/uploads\/2025\/10\/sah2-300x225.jpeg 300w, https:\/\/covasna45.ro\/wp-content\/uploads\/2025\/10\/sah2-768x576.jpeg 768w, https:\/\/covasna45.ro\/wp-content\/uploads\/2025\/10\/sah2-1536x1152.jpeg 1536w, https:\/\/covasna45.ro\/wp-content\/uploads\/2025\/10\/sah2-150x113.jpeg 150w, https:\/\/covasna45.ro\/wp-content\/uploads\/2025\/10\/sah2-696x522.jpeg 696w, https:\/\/covasna45.ro\/wp-content\/uploads\/2025\/10\/sah2-1068x801.jpeg 1068w, https:\/\/covasna45.ro\/wp-content\/uploads\/2025\/10\/sah2-1920x1440.jpeg 1920w, https:\/\/covasna45.ro\/wp-content\/uploads\/2025\/10\/sah2.jpeg 2048w\" sizes=\"auto, (max-width: 1024px) 100vw, 1024px\" \/><\/figure>\n\n\n\n<p>O echip\u0103 este format\u0103 din 4 sportivi titulari b\u0103ie\u021bi sau fete (minimum o fat\u0103, care va ocupa masa 4) + 2 rezerve (b\u0103ie\u021bi sau fete). La mesele de b\u0103ie\u021bi pot evolua \u0219i fete).<\/p>\n\n\n\n<p>Competi\u021bia se va desf\u0103\u0219ura pe parcursul a 4 zile (30 octombrie \u2013 02 noiembrie). Ast\u0103zi are loc \u0219edin\u021ba tehnic\u0103, \u00een care se va stabili programul fiec\u0103rei grupe \u00een parte.<\/p>\n\n\n\n<p>Echipa c\u00e2\u0219tig\u0103toare la fiecare categorie ob\u021bine titlul de echip\u0103 campioan\u0103 na\u021bional\u0103. Echipei clasate pe primul loc i se va acorda cup\u0103, iar componen\u021bilor echipei medaliile de aur \u0219i diplome. Echipele clasate pe locurile II \u0219i III vor primi medaliile de argint, respectiv de bronz \u0219i diplome. Se vor acorda medalii de aur, argint, bronz \u0219i diplome primilor trei juc\u0103tori clasa\u021bi pe fiecare mas\u0103 de joc, la fiecare categorie. To\u021bi participan\u021bii vor primi diplome de participare.<\/p>\n","protected":false},"excerpt":{"rendered":"<p>Turism Covasna SA g\u0103zduie\u0219te, pentru al patrulea an, Campionatul na\u021bional de \u0219ah pentru echipe mixte de copii \u0219i juniori, organizat de Federa\u021bia Rom\u00e2n\u0103 de \u0218ah, ACS Elisabeta Polihroniade \u0219i Funda\u021bia Gambit \u2013 Elisabeta Polihroniade. Evenimentul este inclus \u00een calendarul oficial na\u021bional al Federa\u021biei Rom\u00e2ne de \u0218ah. Participan\u021bii vor fi g\u0103zdui\u021bi de hotelurile \u201eCerbul\u201d \u0219i \u201eCovasna\u201d. [&hellip;]<\/p>\n","protected":false},"author":1,"featured_media":13674,"comment_status":"open","ping_status":"closed","sticky":false,"template":"","format":"standard","meta":{"tdm_status":"","tdm_grid_status":"","footnotes":""},"categories":[14],"tags":[21,4317,3494],"class_list":{"0":"post-13666","1":"post","2":"type-post","3":"status-publish","4":"format-standard","5":"has-post-thumbnail","7":"category-lumea-noastra","8":"tag-covasna","9":"tag-sah","10":"tag-turism-covasna"},"yoast_head":"<!-- This site is optimized with the Yoast SEO plugin v27.5 - https:\/\/yoast.com\/product\/yoast-seo-wordpress\/ -->\n<title>Sta\u021biunea Covasna devine, pentru al patrulea an, capitala \u0219ahului - Covasna45<\/title>\n<meta name=\"description\" content=\"Echipa c\u00e2\u0219tig\u0103toare la fiecare categorie ob\u021bine titlul de echip\u0103 campioan\u0103 na\u021bional\u0103. Competi\u021bia se va desf\u0103\u0219ura pe parcursul a 4 zile.\" \/>\n<meta name=\"robots\" content=\"index, follow, max-snippet:-1, max-image-preview:large, max-video-preview:-1\" \/>\n<link rel=\"canonical\" href=\"https:\/\/covasna45.ro\/index.php\/lumea-noastra\/statiunea-covasna-devine-pentru-al-patrulea-an-capitala-sahului\/\" \/>\n<meta property=\"og:locale\" content=\"ro_RO\" \/>\n<meta property=\"og:type\" content=\"article\" \/>\n<meta property=\"og:title\" content=\"Sta\u021biunea Covasna devine, pentru al patrulea an, capitala \u0219ahului - Covasna45\" \/>\n<meta property=\"og:description\" content=\"Echipa c\u00e2\u0219tig\u0103toare la fiecare categorie ob\u021bine titlul de echip\u0103 campioan\u0103 na\u021bional\u0103. Competi\u021bia se va desf\u0103\u0219ura pe parcursul a 4 zile.\" \/>\n<meta property=\"og:url\" content=\"https:\/\/covasna45.ro\/index.php\/lumea-noastra\/statiunea-covasna-devine-pentru-al-patrulea-an-capitala-sahului\/\" \/>\n<meta property=\"og:site_name\" content=\"Covasna45\" \/>\n<meta property=\"article:published_time\" content=\"2025-10-29T09:51:24+00:00\" \/>\n<meta property=\"article:modified_time\" content=\"2025-10-29T09:55:57+00:00\" \/>\n<meta property=\"og:image\" content=\"https:\/\/covasna45.ro\/wp-content\/uploads\/2025\/10\/trofeu-sah.jpeg\" \/>\n\t<meta property=\"og:image:width\" content=\"1055\" \/>\n\t<meta property=\"og:image:height\" content=\"1115\" \/>\n\t<meta property=\"og:image:type\" content=\"image\/jpeg\" \/>\n<meta name=\"author\" content=\"Covasna45\" \/>\n<meta name=\"twitter:card\" content=\"summary_large_image\" \/>\n<meta name=\"twitter:label1\" content=\"Scris de\" \/>\n\t<meta name=\"twitter:data1\" content=\"Covasna45\" \/>\n\t<meta name=\"twitter:label2\" content=\"Timp estimat pentru citire\" \/>\n\t<meta name=\"twitter:data2\" content=\"3 minute\" \/>\n<script type=\"application\/ld+json\" class=\"yoast-schema-graph\">{\"@context\":\"https:\\\/\\\/schema.org\",\"@graph\":[{\"@type\":\"Article\",\"@id\":\"https:\\\/\\\/covasna45.ro\\\/index.php\\\/lumea-noastra\\\/statiunea-covasna-devine-pentru-al-patrulea-an-capitala-sahului\\\/#article\",\"isPartOf\":{\"@id\":\"https:\\\/\\\/covasna45.ro\\\/index.php\\\/lumea-noastra\\\/statiunea-covasna-devine-pentru-al-patrulea-an-capitala-sahului\\\/\"},\"author\":{\"name\":\"Covasna45\",\"@id\":\"https:\\\/\\\/covasna45.ro\\\/#\\\/schema\\\/person\\\/e674052bd7d95d70bbb007a1060ab73c\"},\"headline\":\"Sta\u021biunea Covasna devine, pentru al patrulea an, capitala \u0219ahului\",\"datePublished\":\"2025-10-29T09:51:24+00:00\",\"dateModified\":\"2025-10-29T09:55:57+00:00\",\"mainEntityOfPage\":{\"@id\":\"https:\\\/\\\/covasna45.ro\\\/index.php\\\/lumea-noastra\\\/statiunea-covasna-devine-pentru-al-patrulea-an-capitala-sahului\\\/\"},\"wordCount\":390,\"commentCount\":3,\"publisher\":{\"@id\":\"https:\\\/\\\/covasna45.ro\\\/#organization\"},\"image\":{\"@id\":\"https:\\\/\\\/covasna45.ro\\\/index.php\\\/lumea-noastra\\\/statiunea-covasna-devine-pentru-al-patrulea-an-capitala-sahului\\\/#primaryimage\"},\"thumbnailUrl\":\"https:\\\/\\\/covasna45.ro\\\/wp-content\\\/uploads\\\/2025\\\/10\\\/trofeu-sah.jpeg\",\"keywords\":[\"covasna\",\"sah\",\"turism covasna\"],\"articleSection\":[\"Lumea noastr\u0103\"],\"inLanguage\":\"ro-RO\",\"potentialAction\":[{\"@type\":\"CommentAction\",\"name\":\"Comment\",\"target\":[\"https:\\\/\\\/covasna45.ro\\\/index.php\\\/lumea-noastra\\\/statiunea-covasna-devine-pentru-al-patrulea-an-capitala-sahului\\\/#respond\"]}]},{\"@type\":\"WebPage\",\"@id\":\"https:\\\/\\\/covasna45.ro\\\/index.php\\\/lumea-noastra\\\/statiunea-covasna-devine-pentru-al-patrulea-an-capitala-sahului\\\/\",\"url\":\"https:\\\/\\\/covasna45.ro\\\/index.php\\\/lumea-noastra\\\/statiunea-covasna-devine-pentru-al-patrulea-an-capitala-sahului\\\/\",\"name\":\"Sta\u021biunea Covasna devine, pentru al patrulea an, capitala \u0219ahului - Covasna45\",\"isPartOf\":{\"@id\":\"https:\\\/\\\/covasna45.ro\\\/#website\"},\"primaryImageOfPage\":{\"@id\":\"https:\\\/\\\/covasna45.ro\\\/index.php\\\/lumea-noastra\\\/statiunea-covasna-devine-pentru-al-patrulea-an-capitala-sahului\\\/#primaryimage\"},\"image\":{\"@id\":\"https:\\\/\\\/covasna45.ro\\\/index.php\\\/lumea-noastra\\\/statiunea-covasna-devine-pentru-al-patrulea-an-capitala-sahului\\\/#primaryimage\"},\"thumbnailUrl\":\"https:\\\/\\\/covasna45.ro\\\/wp-content\\\/uploads\\\/2025\\\/10\\\/trofeu-sah.jpeg\",\"datePublished\":\"2025-10-29T09:51:24+00:00\",\"dateModified\":\"2025-10-29T09:55:57+00:00\",\"description\":\"Echipa c\u00e2\u0219tig\u0103toare la fiecare categorie ob\u021bine titlul de echip\u0103 campioan\u0103 na\u021bional\u0103. Competi\u021bia se va desf\u0103\u0219ura pe parcursul a 4 zile.\",\"breadcrumb\":{\"@id\":\"https:\\\/\\\/covasna45.ro\\\/index.php\\\/lumea-noastra\\\/statiunea-covasna-devine-pentru-al-patrulea-an-capitala-sahului\\\/#breadcrumb\"},\"inLanguage\":\"ro-RO\",\"potentialAction\":[{\"@type\":\"ReadAction\",\"target\":[\"https:\\\/\\\/covasna45.ro\\\/index.php\\\/lumea-noastra\\\/statiunea-covasna-devine-pentru-al-patrulea-an-capitala-sahului\\\/\"]}]},{\"@type\":\"ImageObject\",\"inLanguage\":\"ro-RO\",\"@id\":\"https:\\\/\\\/covasna45.ro\\\/index.php\\\/lumea-noastra\\\/statiunea-covasna-devine-pentru-al-patrulea-an-capitala-sahului\\\/#primaryimage\",\"url\":\"https:\\\/\\\/covasna45.ro\\\/wp-content\\\/uploads\\\/2025\\\/10\\\/trofeu-sah.jpeg\",\"contentUrl\":\"https:\\\/\\\/covasna45.ro\\\/wp-content\\\/uploads\\\/2025\\\/10\\\/trofeu-sah.jpeg\",\"width\":1055,\"height\":1115},{\"@type\":\"BreadcrumbList\",\"@id\":\"https:\\\/\\\/covasna45.ro\\\/index.php\\\/lumea-noastra\\\/statiunea-covasna-devine-pentru-al-patrulea-an-capitala-sahului\\\/#breadcrumb\",\"itemListElement\":[{\"@type\":\"ListItem\",\"position\":1,\"name\":\"Prima pagin\u0103\",\"item\":\"https:\\\/\\\/covasna45.ro\\\/\"},{\"@type\":\"ListItem\",\"position\":2,\"name\":\"Sta\u021biunea Covasna devine, pentru al patrulea an, capitala \u0219ahului\"}]},{\"@type\":\"WebSite\",\"@id\":\"https:\\\/\\\/covasna45.ro\\\/#website\",\"url\":\"https:\\\/\\\/covasna45.ro\\\/\",\"name\":\"covasna45.ro\",\"description\":\"\",\"publisher\":{\"@id\":\"https:\\\/\\\/covasna45.ro\\\/#organization\"},\"potentialAction\":[{\"@type\":\"SearchAction\",\"target\":{\"@type\":\"EntryPoint\",\"urlTemplate\":\"https:\\\/\\\/covasna45.ro\\\/?s={search_term_string}\"},\"query-input\":{\"@type\":\"PropertyValueSpecification\",\"valueRequired\":true,\"valueName\":\"search_term_string\"}}],\"inLanguage\":\"ro-RO\"},{\"@type\":\"Organization\",\"@id\":\"https:\\\/\\\/covasna45.ro\\\/#organization\",\"name\":\"covasna45.ro\",\"url\":\"https:\\\/\\\/covasna45.ro\\\/\",\"logo\":{\"@type\":\"ImageObject\",\"inLanguage\":\"ro-RO\",\"@id\":\"https:\\\/\\\/covasna45.ro\\\/#\\\/schema\\\/logo\\\/image\\\/\",\"url\":\"https:\\\/\\\/covasna45.ro\\\/wp-content\\\/uploads\\\/2023\\\/01\\\/icon_logo.png\",\"contentUrl\":\"https:\\\/\\\/covasna45.ro\\\/wp-content\\\/uploads\\\/2023\\\/01\\\/icon_logo.png\",\"width\":1900,\"height\":1900,\"caption\":\"covasna45.ro\"},\"image\":{\"@id\":\"https:\\\/\\\/covasna45.ro\\\/#\\\/schema\\\/logo\\\/image\\\/\"}},{\"@type\":\"Person\",\"@id\":\"https:\\\/\\\/covasna45.ro\\\/#\\\/schema\\\/person\\\/e674052bd7d95d70bbb007a1060ab73c\",\"name\":\"Covasna45\",\"image\":{\"@type\":\"ImageObject\",\"inLanguage\":\"ro-RO\",\"@id\":\"https:\\\/\\\/covasna45.ro\\\/wp-content\\\/uploads\\\/2025\\\/10\\\/icon_logo_covasna45-150x150.png\",\"url\":\"https:\\\/\\\/covasna45.ro\\\/wp-content\\\/uploads\\\/2025\\\/10\\\/icon_logo_covasna45-150x150.png\",\"contentUrl\":\"https:\\\/\\\/covasna45.ro\\\/wp-content\\\/uploads\\\/2025\\\/10\\\/icon_logo_covasna45-150x150.png\",\"caption\":\"Covasna45\"},\"sameAs\":[\"https:\\\/\\\/covasna45.ro\"],\"url\":\"https:\\\/\\\/covasna45.ro\\\/index.php\\\/author\\\/covasna\\\/\"}]}<\/script>\n<!-- \/ Yoast SEO plugin. -->","yoast_head_json":{"title":"Sta\u021biunea Covasna devine, pentru al patrulea an, capitala \u0219ahului - Covasna45","description":"Echipa c\u00e2\u0219tig\u0103toare la fiecare categorie ob\u021bine titlul de echip\u0103 campioan\u0103 na\u021bional\u0103. Competi\u021bia se va desf\u0103\u0219ura pe parcursul a 4 zile.","robots":{"index":"index","follow":"follow","max-snippet":"max-snippet:-1","max-image-preview":"max-image-preview:large","max-video-preview":"max-video-preview:-1"},"canonical":"https:\/\/covasna45.ro\/index.php\/lumea-noastra\/statiunea-covasna-devine-pentru-al-patrulea-an-capitala-sahului\/","og_locale":"ro_RO","og_type":"article","og_title":"Sta\u021biunea Covasna devine, pentru al patrulea an, capitala \u0219ahului - Covasna45","og_description":"Echipa c\u00e2\u0219tig\u0103toare la fiecare categorie ob\u021bine titlul de echip\u0103 campioan\u0103 na\u021bional\u0103. Competi\u021bia se va desf\u0103\u0219ura pe parcursul a 4 zile.","og_url":"https:\/\/covasna45.ro\/index.php\/lumea-noastra\/statiunea-covasna-devine-pentru-al-patrulea-an-capitala-sahului\/","og_site_name":"Covasna45","article_published_time":"2025-10-29T09:51:24+00:00","article_modified_time":"2025-10-29T09:55:57+00:00","og_image":[{"width":1055,"height":1115,"url":"https:\/\/covasna45.ro\/wp-content\/uploads\/2025\/10\/trofeu-sah.jpeg","type":"image\/jpeg"}],"author":"Covasna45","twitter_card":"summary_large_image","twitter_misc":{"Scris de":"Covasna45","Timp estimat pentru citire":"3 minute"},"schema":{"@context":"https:\/\/schema.org","@graph":[{"@type":"Article","@id":"https:\/\/covasna45.ro\/index.php\/lumea-noastra\/statiunea-covasna-devine-pentru-al-patrulea-an-capitala-sahului\/#article","isPartOf":{"@id":"https:\/\/covasna45.ro\/index.php\/lumea-noastra\/statiunea-covasna-devine-pentru-al-patrulea-an-capitala-sahului\/"},"author":{"name":"Covasna45","@id":"https:\/\/covasna45.ro\/#\/schema\/person\/e674052bd7d95d70bbb007a1060ab73c"},"headline":"Sta\u021biunea Covasna devine, pentru al patrulea an, capitala \u0219ahului","datePublished":"2025-10-29T09:51:24+00:00","dateModified":"2025-10-29T09:55:57+00:00","mainEntityOfPage":{"@id":"https:\/\/covasna45.ro\/index.php\/lumea-noastra\/statiunea-covasna-devine-pentru-al-patrulea-an-capitala-sahului\/"},"wordCount":390,"commentCount":3,"publisher":{"@id":"https:\/\/covasna45.ro\/#organization"},"image":{"@id":"https:\/\/covasna45.ro\/index.php\/lumea-noastra\/statiunea-covasna-devine-pentru-al-patrulea-an-capitala-sahului\/#primaryimage"},"thumbnailUrl":"https:\/\/covasna45.ro\/wp-content\/uploads\/2025\/10\/trofeu-sah.jpeg","keywords":["covasna","sah","turism covasna"],"articleSection":["Lumea noastr\u0103"],"inLanguage":"ro-RO","potentialAction":[{"@type":"CommentAction","name":"Comment","target":["https:\/\/covasna45.ro\/index.php\/lumea-noastra\/statiunea-covasna-devine-pentru-al-patrulea-an-capitala-sahului\/#respond"]}]},{"@type":"WebPage","@id":"https:\/\/covasna45.ro\/index.php\/lumea-noastra\/statiunea-covasna-devine-pentru-al-patrulea-an-capitala-sahului\/","url":"https:\/\/covasna45.ro\/index.php\/lumea-noastra\/statiunea-covasna-devine-pentru-al-patrulea-an-capitala-sahului\/","name":"Sta\u021biunea Covasna devine, pentru al patrulea an, capitala \u0219ahului - Covasna45","isPartOf":{"@id":"https:\/\/covasna45.ro\/#website"},"primaryImageOfPage":{"@id":"https:\/\/covasna45.ro\/index.php\/lumea-noastra\/statiunea-covasna-devine-pentru-al-patrulea-an-capitala-sahului\/#primaryimage"},"image":{"@id":"https:\/\/covasna45.ro\/index.php\/lumea-noastra\/statiunea-covasna-devine-pentru-al-patrulea-an-capitala-sahului\/#primaryimage"},"thumbnailUrl":"https:\/\/covasna45.ro\/wp-content\/uploads\/2025\/10\/trofeu-sah.jpeg","datePublished":"2025-10-29T09:51:24+00:00","dateModified":"2025-10-29T09:55:57+00:00","description":"Echipa c\u00e2\u0219tig\u0103toare la fiecare categorie ob\u021bine titlul de echip\u0103 campioan\u0103 na\u021bional\u0103. Competi\u021bia se va desf\u0103\u0219ura pe parcursul a 4 zile.","breadcrumb":{"@id":"https:\/\/covasna45.ro\/index.php\/lumea-noastra\/statiunea-covasna-devine-pentru-al-patrulea-an-capitala-sahului\/#breadcrumb"},"inLanguage":"ro-RO","potentialAction":[{"@type":"ReadAction","target":["https:\/\/covasna45.ro\/index.php\/lumea-noastra\/statiunea-covasna-devine-pentru-al-patrulea-an-capitala-sahului\/"]}]},{"@type":"ImageObject","inLanguage":"ro-RO","@id":"https:\/\/covasna45.ro\/index.php\/lumea-noastra\/statiunea-covasna-devine-pentru-al-patrulea-an-capitala-sahului\/#primaryimage","url":"https:\/\/covasna45.ro\/wp-content\/uploads\/2025\/10\/trofeu-sah.jpeg","contentUrl":"https:\/\/covasna45.ro\/wp-content\/uploads\/2025\/10\/trofeu-sah.jpeg","width":1055,"height":1115},{"@type":"BreadcrumbList","@id":"https:\/\/covasna45.ro\/index.php\/lumea-noastra\/statiunea-covasna-devine-pentru-al-patrulea-an-capitala-sahului\/#breadcrumb","itemListElement":[{"@type":"ListItem","position":1,"name":"Prima pagin\u0103","item":"https:\/\/covasna45.ro\/"},{"@type":"ListItem","position":2,"name":"Sta\u021biunea Covasna devine, pentru al patrulea an, capitala \u0219ahului"}]},{"@type":"WebSite","@id":"https:\/\/covasna45.ro\/#website","url":"https:\/\/covasna45.ro\/","name":"covasna45.ro","description":"","publisher":{"@id":"https:\/\/covasna45.ro\/#organization"},"potentialAction":[{"@type":"SearchAction","target":{"@type":"EntryPoint","urlTemplate":"https:\/\/covasna45.ro\/?s={search_term_string}"},"query-input":{"@type":"PropertyValueSpecification","valueRequired":true,"valueName":"search_term_string"}}],"inLanguage":"ro-RO"},{"@type":"Organization","@id":"https:\/\/covasna45.ro\/#organization","name":"covasna45.ro","url":"https:\/\/covasna45.ro\/","logo":{"@type":"ImageObject","inLanguage":"ro-RO","@id":"https:\/\/covasna45.ro\/#\/schema\/logo\/image\/","url":"https:\/\/covasna45.ro\/wp-content\/uploads\/2023\/01\/icon_logo.png","contentUrl":"https:\/\/covasna45.ro\/wp-content\/uploads\/2023\/01\/icon_logo.png","width":1900,"height":1900,"caption":"covasna45.ro"},"image":{"@id":"https:\/\/covasna45.ro\/#\/schema\/logo\/image\/"}},{"@type":"Person","@id":"https:\/\/covasna45.ro\/#\/schema\/person\/e674052bd7d95d70bbb007a1060ab73c","name":"Covasna45","image":{"@type":"ImageObject","inLanguage":"ro-RO","@id":"https:\/\/covasna45.ro\/wp-content\/uploads\/2025\/10\/icon_logo_covasna45-150x150.png","url":"https:\/\/covasna45.ro\/wp-content\/uploads\/2025\/10\/icon_logo_covasna45-150x150.png","contentUrl":"https:\/\/covasna45.ro\/wp-content\/uploads\/2025\/10\/icon_logo_covasna45-150x150.png","caption":"Covasna45"},"sameAs":["https:\/\/covasna45.ro"],"url":"https:\/\/covasna45.ro\/index.php\/author\/covasna\/"}]}},"_links":{"self":[{"href":"https:\/\/covasna45.ro\/index.php\/wp-json\/wp\/v2\/posts\/13666","targetHints":{"allow":["GET"]}}],"collection":[{"href":"https:\/\/covasna45.ro\/index.php\/wp-json\/wp\/v2\/posts"}],"about":[{"href":"https:\/\/covasna45.ro\/index.php\/wp-json\/wp\/v2\/types\/post"}],"author":[{"embeddable":true,"href":"https:\/\/covasna45.ro\/index.php\/wp-json\/wp\/v2\/users\/1"}],"replies":[{"embeddable":true,"href":"https:\/\/covasna45.ro\/index.php\/wp-json\/wp\/v2\/comments?post=13666"}],"version-history":[{"count":3,"href":"https:\/\/covasna45.ro\/index.php\/wp-json\/wp\/v2\/posts\/13666\/revisions"}],"predecessor-version":[{"id":13675,"href":"https:\/\/covasna45.ro\/index.php\/wp-json\/wp\/v2\/posts\/13666\/revisions\/13675"}],"wp:featuredmedia":[{"embeddable":true,"href":"https:\/\/covasna45.ro\/index.php\/wp-json\/wp\/v2\/media\/13674"}],"wp:attachment":[{"href":"https:\/\/covasna45.ro\/index.php\/wp-json\/wp\/v2\/media?parent=13666"}],"wp:term":[{"taxonomy":"category","embeddable":true,"href":"https:\/\/covasna45.ro\/index.php\/wp-json\/wp\/v2\/categories?post=13666"},{"taxonomy":"post_tag","embeddable":true,"href":"https:\/\/covasna45.ro\/index.php\/wp-json\/wp\/v2\/tags?post=13666"}],"curies":[{"name":"wp","href":"https:\/\/api.w.org\/{rel}","templated":true}]}}