{"id":13937,"date":"2025-11-17T09:24:21","date_gmt":"2025-11-17T07:24:21","guid":{"rendered":"https:\/\/covasna45.ro\/?p=13937"},"modified":"2025-11-17T09:43:50","modified_gmt":"2025-11-17T07:43:50","slug":"spitalul-judetean-sfantu-gheorghe-marcheaza-ziua-nationala-a-copiilor-nascuti-prematur","status":"publish","type":"post","link":"https:\/\/covasna45.ro\/index.php\/lumea-noastra\/spitalul-judetean-sfantu-gheorghe-marcheaza-ziua-nationala-a-copiilor-nascuti-prematur\/","title":{"rendered":"Spitalul Jude\u021bean Sf\u00e2ntu Gheorghe marcheaz\u0103 Ziua Na\u021bional\u0103 a Copiilor N\u0103scu\u021bi Prematur"},"content":{"rendered":"\n<p><br>Spitalul Jude\u021bean de Urgen\u021b\u0103 \u201eDr. Fogoly\u00e1n Krist\u00f3f\u201d din Sf\u00e2ntu Gheorghe organizeaz\u0103 azi, cu ocazia Zilei Na\u021bionale a Copiilor N\u0103scu\u021bi Prematur, o \u00eent\u00e2lnire special\u0103 cu copii n\u0103scu\u021bi prematur \u0219i p\u0103rin\u021bii lor.<\/p>\n\n\n\n<p>\u201e<strong><em>Aceast\u0103 zi este s\u0103rb\u0103toarea recuno\u0219tin\u021bei, a bucuriei \u0219i a amintirilor care ne unesc, o ocazie minunat\u0103 a \u00eent\u00e2lni cu acele persoane cu care am tr\u0103it primele momente \u2013 dificile, dar pline de miracol \u2013 ale vie\u021bii.<\/em><\/strong><\/p>\n\n\n\n<p>La eveniment se va al\u0103tura \u0219i asocia\u021bia \u201eG\u00f3lyaf\u00e9szek\u201d cu programul s\u0103u \u201eMond\u00f3k\u00e1z\u00f3\u201d, aduc\u00e2nd voie bun\u0103 prin muzic\u0103, rime \u0219i activit\u0103\u021bi de \u00eenv\u0103\u021bare prin joac\u0103.<\/p>\n\n\n\n<p>V\u0103 a\u0219tept\u0103m cu drag, pe dumneavoastr\u0103 \u0219i pe micu\u021bi ca s\u0103 celebr\u0103m \u00eempreun\u0103 ace\u0219ti copii minuna\u021bi, care ne-au \u00eenv\u0103\u021bat, \u00eenc\u0103 din primele clipe ale vie\u021bii lor, ce \u00eenseamn\u0103 adev\u0103rata perseveren\u021b\u0103 \u0219i iubire\u201d, transmite conducerea spitalului.<\/p>\n\n\n\n<figure class=\"wp-block-image size-full\"><img loading=\"lazy\" decoding=\"async\" width=\"1000\" height=\"1000\" src=\"https:\/\/covasna45.ro\/wp-content\/uploads\/2025\/11\/prem.jpg\" alt=\"\" class=\"wp-image-13939\" srcset=\"https:\/\/covasna45.ro\/wp-content\/uploads\/2025\/11\/prem.jpg 1000w, https:\/\/covasna45.ro\/wp-content\/uploads\/2025\/11\/prem-300x300.jpg 300w, https:\/\/covasna45.ro\/wp-content\/uploads\/2025\/11\/prem-150x150.jpg 150w, https:\/\/covasna45.ro\/wp-content\/uploads\/2025\/11\/prem-768x768.jpg 768w, https:\/\/covasna45.ro\/wp-content\/uploads\/2025\/11\/prem-696x696.jpg 696w\" sizes=\"auto, (max-width: 1000px) 100vw, 1000px\" \/><\/figure>\n\n\n\n<p>\u00cent\u00e2lnirea are oc de la ora 12.00 la sala de conferin\u021be a Spitalului Jude\u021bean.<\/p>\n\n\n\n<p>Cu ocazia \u00eent\u00e2lnirii, cei care doresc pot s\u0103 ofere h\u0103inu\u021bele curate \u0219i r\u0103mase ale copiilor lor, pentru a aduce c\u0103ldur\u0103 \u0219i speran\u021b\u0103 altora, afla\u021bi \u00een nevoie.<\/p>\n\n\n\n<p>\u201e<strong><em>\u00cen sec\u021bia noastr\u0103 de nou-n\u0103scu\u021bi, lucr\u0103m zilnic pentru bebelu\u0219ii care, \u00een primele zile de via\u021b\u0103, lupt\u0103 mult mai mult pentru s\u0103n\u0103tatea lor. Fiecare h\u0103inu\u021b\u0103, p\u0103turic\u0103, c\u0103ciuli\u021b\u0103 sau pereche de \u0219ose\u021bele \u00eenseamn\u0103 \u00eenc\u0103 un pas spre siguran\u021b\u0103 \u0219i vindecare.<\/em><\/strong><\/p>\n\n\n\n<p>Dorim s\u0103 le mul\u021bumim din suflet p\u0103rin\u021bilor \u0219i familiilor care p\u00e2n\u0103 acum s-au g\u00e2ndit la noi \u0219i au sprijinit \u00eengrijirea celor mai mici prin dona\u021biile lor. Aten\u021bia \u0219i generozitatea dumneavoastr\u0103 ofer\u0103 un sprijin imens bebelu\u0219ilor, p\u0103rin\u021bilor \u0219i \u00eentregii echipe medicale.<\/p>\n\n\n\n<p>Dac\u0103 ave\u021bi acas\u0103 h\u0103inu\u021be dragi, pline de amintiri frumoase, acum ave\u021bi ocazia s\u0103 le oferi\u021bi o nou\u0103 poveste \u00een via\u021ba unui alt mic erou. Colectarea dona\u021biilor va avea loc pe toat\u0103 durata \u00eent\u00e2lnirii\u201d, mai anun\u021b\u0103 spitalul.<\/p>\n\n\n\n<figure class=\"wp-block-image size-large\"><img loading=\"lazy\" decoding=\"async\" width=\"683\" height=\"1024\" src=\"https:\/\/covasna45.ro\/wp-content\/uploads\/2025\/11\/prem2-683x1024.jpg\" alt=\"\" class=\"wp-image-13938\" srcset=\"https:\/\/covasna45.ro\/wp-content\/uploads\/2025\/11\/prem2-683x1024.jpg 683w, https:\/\/covasna45.ro\/wp-content\/uploads\/2025\/11\/prem2-200x300.jpg 200w, https:\/\/covasna45.ro\/wp-content\/uploads\/2025\/11\/prem2-768x1152.jpg 768w, https:\/\/covasna45.ro\/wp-content\/uploads\/2025\/11\/prem2-1024x1536.jpg 1024w, https:\/\/covasna45.ro\/wp-content\/uploads\/2025\/11\/prem2-150x225.jpg 150w, https:\/\/covasna45.ro\/wp-content\/uploads\/2025\/11\/prem2-300x450.jpg 300w, https:\/\/covasna45.ro\/wp-content\/uploads\/2025\/11\/prem2-696x1044.jpg 696w, https:\/\/covasna45.ro\/wp-content\/uploads\/2025\/11\/prem2-1068x1602.jpg 1068w, https:\/\/covasna45.ro\/wp-content\/uploads\/2025\/11\/prem2.jpg 1365w\" sizes=\"auto, (max-width: 683px) 100vw, 683px\" \/><\/figure>\n\n\n\n<h2 class=\"wp-block-heading\">\u201eRom\u00e2nia \u00een lumin\u0103\u201d<\/h2>\n\n\n\n<p>Proiectul social \u201eRom\u00e2nia \u00een lumin\u0103\u201d \u00eencepe azi, primul eveniment, care va avea loc la Palatul Cotroceni, fiind dedicat Zilei Na\u021bionale a Copiilor N\u0103scu\u021bi Prematur.<br><br>Acesta este organizat de Asocia\u021bia Rom\u00e2n\u0103 pentru Nou-n\u0103scu\u021bii \u00cendelung Spitaliza\u021bi &#8211; ARNIS, \u00een parteneriat cu Administra\u021bia Preziden\u021bial\u0103 \u0219i Ministerul S\u0103n\u0103t\u0103\u021bii, cu implicarea Mirabelei Gr\u0103dinaru, partenera de via\u021b\u0103 a pre\u0219edintelui Nicu\u0219or Dan.<br><br><strong><em>\u201eRom\u00e2nia \u00een lumin\u0103\u201d, un proiect cu caracter social, \u00ee\u0219i propune s\u0103 aduc\u0103 \u00een aten\u021bia public\u0103 teme fundamentale pentru s\u0103n\u0103tatea, educa\u021bia \u0219i bun\u0103starea copiilor, tinerilor, femeilor \u0219i categoriilor vulnerabile din societate, a anun\u021bat Administra\u021bia Preziden\u021bial\u0103.<\/em><\/strong><br><br>\u201eAceast\u0103 ini\u021biativ\u0103 este menit\u0103 s\u0103 creeze un cadru de dialog \u00eentre autorit\u0103\u021bile publice, organiza\u021biile non-guvernamentale \u0219i comunitate pentru a identifica \u00eempreun\u0103 solu\u021bii concrete \u0219i sustenabile&#8221;, a precizat sursa citat\u0103, potrivit <a href=\"https:\/\/agerpres.ro\/social\/2025\/11\/17\/incepe-proiectul-romania-in-lumina---primul-eveniment-dedicat-zilei-nationale-a-copiilor-nascuti-pre--1503423\">Agerpres<\/a>.<br><br>Primul eveniment din aceast\u0103 serie este dedicat\u00a0Zilei Na\u021bionale a Copiilor N\u0103scu\u021bi Prematur. Cu aceast\u0103 ocazie, va fi organizat\u0103 o mas\u0103 rotund\u0103 pentru crearea unui parteneriat intersectorial \u00een vederea garant\u0103rii drepturilor la via\u021b\u0103, s\u0103n\u0103tate \u0219i dezvoltare pentru nou-n\u0103scu\u021bii cu risc, la care particip\u0103 ministrul S\u0103n\u0103t\u0103\u021bii, Alexandru Rogobete, consilierul preziden\u021bial Diana Iancu, consilierul de stat Diana Punga, conf. dr. C\u0103t\u0103lin Gabriel C\u00eerstoveanu, pre\u0219edintele Comisiei de neonatologie din Ministerul S\u0103n\u0103t\u0103\u021bii, reprezentan\u021bi ai Organiza\u021biei Mondiale a S\u0103n\u0103t\u0103\u021bii, parlamentari din comisiile de specialitate, profesioni\u0219ti din domeniul medical, precum \u0219i Mirabela Gr\u0103dinaru, ea \u00eens\u0103\u0219i mam\u0103 a doi copii n\u0103scu\u021bi prematur.<br><br>Ulterior, Palatul Cotroceni va fi iluminat \u00een culoarea mov, simbol al solidarit\u0103\u021bii \u0219i al speran\u021bei pentru copiii n\u0103scu\u021bi prematur \u0219i familiile acestora.\u00a0<\/p>\n\n\n\n<h2 class=\"wp-block-heading\">\u00cen \u021b\u0103rile s\u0103race, aproximativ 12% dintre bebelu\u0219i sunt n\u0103scu\u021bi prematur<\/h2>\n\n\n\n<p>\u00cen 2025, <a href=\"https:\/\/agerpres.ro\/documentare\/2025\/11\/17\/17-noiembrie---ziua-mondiala-a-prematuritatii--1503364\">Adunarea Mondial\u0103 a S\u0103n\u0103t\u0103\u021bi<\/a>i a ad\u0103ugat oficial Ziua Mondial\u0103 a Prematurit\u0103\u021bii \u00een calendarul interna\u021bional al s\u0103n\u0103t\u0103\u021bii al Organiza\u021biei Mondiale a S\u0103n\u0103t\u0103\u021bii, recunosc\u00e2nd rolul important pentru \u00eembun\u0103t\u0103\u021birea bun\u0103st\u0103rii \u0219i supravie\u021buirii copilului.<\/p>\n\n\n\n<h2 class=\"wp-block-heading\">Aproximativ 15 milioane de copii se nasc \u00eenainte de termen (\u00eenainte de \u00eemplinirea a 37 de s\u0103pt\u0103m\u00e2ni de sarcin\u0103), iar acest num\u0103r este \u00een cre\u0219tere.<\/h2>\n\n\n\n<p>Complica\u021biile care apar \u00een situa\u021bia na\u0219terilor \u00eenainte de termen reprezint\u0103 principala cauz\u0103 a mortalit\u0103\u021bii \u00een r\u00e2ndul copiilor cu v\u00e2rsta sub 5 ani.<\/p>\n\n\n\n<p>Aproximativ 75% dintre aceste decese ar putea fi prevenite prin interven\u021bii moderne \u0219i rentabile. Aparatura necesar\u0103 include incubatoare, mese de resuscitare sau aparate speciale de testat hemoglobina \u0219i func\u021biile vitale ale nou-n\u0103scu\u021bilor prematuri.<\/p>\n\n\n\n<p>Peste 60% dintre <a href=\"https:\/\/www.who.int\/\">cazuri <\/a>se \u00eenregistreaz\u0103 \u00een Africa \u0219i \u00een Asia de Sud. \u00cen \u021b\u0103rile s\u0103race, aproximativ 12% dintre bebelu\u0219i sunt n\u0103scu\u021bi prematur, fa\u021b\u0103 de 9% \u00een \u021b\u0103rile mai bine dezvoltate. Printre factorii de risc care pot genera o na\u0219tere prematur\u0103 se num\u0103r\u0103: fumatul, consumul de alcool, utilizarea medicamentelor, regimul alimentar, stresul, v\u00e2rsta de peste 35 de ani.<\/p>\n","protected":false},"excerpt":{"rendered":"<p>Spitalul Jude\u021bean de Urgen\u021b\u0103 \u201eDr. Fogoly\u00e1n Krist\u00f3f\u201d din Sf\u00e2ntu Gheorghe organizeaz\u0103 azi, cu ocazia Zilei Na\u021bionale a Copiilor N\u0103scu\u021bi Prematur, o \u00eent\u00e2lnire special\u0103 cu copii n\u0103scu\u021bi prematur \u0219i p\u0103rin\u021bii lor. \u201eAceast\u0103 zi este s\u0103rb\u0103toarea recuno\u0219tin\u021bei, a bucuriei \u0219i a amintirilor care ne unesc, o ocazie minunat\u0103 a \u00eent\u00e2lni cu acele persoane cu care am tr\u0103it [&hellip;]<\/p>\n","protected":false},"author":1,"featured_media":13940,"comment_status":"open","ping_status":"closed","sticky":false,"template":"","format":"standard","meta":{"tdm_status":"","tdm_grid_status":"","footnotes":""},"categories":[14],"tags":[3444,4352,1644],"class_list":{"0":"post-13937","1":"post","2":"type-post","3":"status-publish","4":"format-standard","5":"has-post-thumbnail","7":"category-lumea-noastra","8":"tag-cotroceni","9":"tag-prematuri","10":"tag-spital"},"yoast_head":"<!-- This site is optimized with the Yoast SEO plugin v27.5 - https:\/\/yoast.com\/product\/yoast-seo-wordpress\/ -->\n<title>Spitalul Jude\u021bean Sf\u00e2ntu Gheorghe marcheaz\u0103 Ziua Na\u021bional\u0103 a Copiilor N\u0103scu\u021bi Prematur - Covasna45<\/title>\n<meta name=\"description\" content=\"Proiectul social \u201eRom\u00e2nia \u00een lumin\u0103\u201d \u00eencepe azi, primul eveniment, care va avea loc la Palatul Cotroceni.\" \/>\n<meta name=\"robots\" content=\"index, follow, max-snippet:-1, max-image-preview:large, max-video-preview:-1\" \/>\n<link rel=\"canonical\" href=\"https:\/\/covasna45.ro\/index.php\/lumea-noastra\/spitalul-judetean-sfantu-gheorghe-marcheaza-ziua-nationala-a-copiilor-nascuti-prematur\/\" \/>\n<meta property=\"og:locale\" content=\"ro_RO\" \/>\n<meta property=\"og:type\" content=\"article\" \/>\n<meta property=\"og:title\" content=\"Spitalul Jude\u021bean Sf\u00e2ntu Gheorghe marcheaz\u0103 Ziua Na\u021bional\u0103 a Copiilor N\u0103scu\u021bi Prematur - Covasna45\" \/>\n<meta property=\"og:description\" content=\"Proiectul social \u201eRom\u00e2nia \u00een lumin\u0103\u201d \u00eencepe azi, primul eveniment, care va avea loc la Palatul Cotroceni.\" \/>\n<meta property=\"og:url\" content=\"https:\/\/covasna45.ro\/index.php\/lumea-noastra\/spitalul-judetean-sfantu-gheorghe-marcheaza-ziua-nationala-a-copiilor-nascuti-prematur\/\" \/>\n<meta property=\"og:site_name\" content=\"Covasna45\" \/>\n<meta property=\"article:published_time\" content=\"2025-11-17T07:24:21+00:00\" \/>\n<meta property=\"article:modified_time\" content=\"2025-11-17T07:43:50+00:00\" \/>\n<meta property=\"og:image\" content=\"https:\/\/covasna45.ro\/wp-content\/uploads\/2025\/11\/nou-nscut.jpg\" \/>\n\t<meta property=\"og:image:width\" content=\"2000\" \/>\n\t<meta property=\"og:image:height\" content=\"1333\" \/>\n\t<meta property=\"og:image:type\" content=\"image\/jpeg\" \/>\n<meta name=\"author\" content=\"Covasna45\" \/>\n<meta name=\"twitter:card\" content=\"summary_large_image\" \/>\n<meta name=\"twitter:label1\" content=\"Scris de\" \/>\n\t<meta name=\"twitter:data1\" content=\"Covasna45\" \/>\n\t<meta name=\"twitter:label2\" content=\"Timp estimat pentru citire\" \/>\n\t<meta name=\"twitter:data2\" content=\"5 minute\" \/>\n<script type=\"application\/ld+json\" class=\"yoast-schema-graph\">{\"@context\":\"https:\\\/\\\/schema.org\",\"@graph\":[{\"@type\":\"Article\",\"@id\":\"https:\\\/\\\/covasna45.ro\\\/index.php\\\/lumea-noastra\\\/spitalul-judetean-sfantu-gheorghe-marcheaza-ziua-nationala-a-copiilor-nascuti-prematur\\\/#article\",\"isPartOf\":{\"@id\":\"https:\\\/\\\/covasna45.ro\\\/index.php\\\/lumea-noastra\\\/spitalul-judetean-sfantu-gheorghe-marcheaza-ziua-nationala-a-copiilor-nascuti-prematur\\\/\"},\"author\":{\"name\":\"Covasna45\",\"@id\":\"https:\\\/\\\/covasna45.ro\\\/#\\\/schema\\\/person\\\/e674052bd7d95d70bbb007a1060ab73c\"},\"headline\":\"Spitalul Jude\u021bean Sf\u00e2ntu Gheorghe marcheaz\u0103 Ziua Na\u021bional\u0103 a Copiilor N\u0103scu\u021bi Prematur\",\"datePublished\":\"2025-11-17T07:24:21+00:00\",\"dateModified\":\"2025-11-17T07:43:50+00:00\",\"mainEntityOfPage\":{\"@id\":\"https:\\\/\\\/covasna45.ro\\\/index.php\\\/lumea-noastra\\\/spitalul-judetean-sfantu-gheorghe-marcheaza-ziua-nationala-a-copiilor-nascuti-prematur\\\/\"},\"wordCount\":887,\"commentCount\":0,\"publisher\":{\"@id\":\"https:\\\/\\\/covasna45.ro\\\/#organization\"},\"image\":{\"@id\":\"https:\\\/\\\/covasna45.ro\\\/index.php\\\/lumea-noastra\\\/spitalul-judetean-sfantu-gheorghe-marcheaza-ziua-nationala-a-copiilor-nascuti-prematur\\\/#primaryimage\"},\"thumbnailUrl\":\"https:\\\/\\\/covasna45.ro\\\/wp-content\\\/uploads\\\/2025\\\/11\\\/nou-nscut.jpg\",\"keywords\":[\"Cotroceni\",\"prematuri\",\"spital\"],\"articleSection\":[\"Lumea noastr\u0103\"],\"inLanguage\":\"ro-RO\",\"potentialAction\":[{\"@type\":\"CommentAction\",\"name\":\"Comment\",\"target\":[\"https:\\\/\\\/covasna45.ro\\\/index.php\\\/lumea-noastra\\\/spitalul-judetean-sfantu-gheorghe-marcheaza-ziua-nationala-a-copiilor-nascuti-prematur\\\/#respond\"]}]},{\"@type\":\"WebPage\",\"@id\":\"https:\\\/\\\/covasna45.ro\\\/index.php\\\/lumea-noastra\\\/spitalul-judetean-sfantu-gheorghe-marcheaza-ziua-nationala-a-copiilor-nascuti-prematur\\\/\",\"url\":\"https:\\\/\\\/covasna45.ro\\\/index.php\\\/lumea-noastra\\\/spitalul-judetean-sfantu-gheorghe-marcheaza-ziua-nationala-a-copiilor-nascuti-prematur\\\/\",\"name\":\"Spitalul Jude\u021bean Sf\u00e2ntu Gheorghe marcheaz\u0103 Ziua Na\u021bional\u0103 a Copiilor N\u0103scu\u021bi Prematur - Covasna45\",\"isPartOf\":{\"@id\":\"https:\\\/\\\/covasna45.ro\\\/#website\"},\"primaryImageOfPage\":{\"@id\":\"https:\\\/\\\/covasna45.ro\\\/index.php\\\/lumea-noastra\\\/spitalul-judetean-sfantu-gheorghe-marcheaza-ziua-nationala-a-copiilor-nascuti-prematur\\\/#primaryimage\"},\"image\":{\"@id\":\"https:\\\/\\\/covasna45.ro\\\/index.php\\\/lumea-noastra\\\/spitalul-judetean-sfantu-gheorghe-marcheaza-ziua-nationala-a-copiilor-nascuti-prematur\\\/#primaryimage\"},\"thumbnailUrl\":\"https:\\\/\\\/covasna45.ro\\\/wp-content\\\/uploads\\\/2025\\\/11\\\/nou-nscut.jpg\",\"datePublished\":\"2025-11-17T07:24:21+00:00\",\"dateModified\":\"2025-11-17T07:43:50+00:00\",\"description\":\"Proiectul social \u201eRom\u00e2nia \u00een lumin\u0103\u201d \u00eencepe azi, primul eveniment, care va avea loc la Palatul Cotroceni.\",\"breadcrumb\":{\"@id\":\"https:\\\/\\\/covasna45.ro\\\/index.php\\\/lumea-noastra\\\/spitalul-judetean-sfantu-gheorghe-marcheaza-ziua-nationala-a-copiilor-nascuti-prematur\\\/#breadcrumb\"},\"inLanguage\":\"ro-RO\",\"potentialAction\":[{\"@type\":\"ReadAction\",\"target\":[\"https:\\\/\\\/covasna45.ro\\\/index.php\\\/lumea-noastra\\\/spitalul-judetean-sfantu-gheorghe-marcheaza-ziua-nationala-a-copiilor-nascuti-prematur\\\/\"]}]},{\"@type\":\"ImageObject\",\"inLanguage\":\"ro-RO\",\"@id\":\"https:\\\/\\\/covasna45.ro\\\/index.php\\\/lumea-noastra\\\/spitalul-judetean-sfantu-gheorghe-marcheaza-ziua-nationala-a-copiilor-nascuti-prematur\\\/#primaryimage\",\"url\":\"https:\\\/\\\/covasna45.ro\\\/wp-content\\\/uploads\\\/2025\\\/11\\\/nou-nscut.jpg\",\"contentUrl\":\"https:\\\/\\\/covasna45.ro\\\/wp-content\\\/uploads\\\/2025\\\/11\\\/nou-nscut.jpg\",\"width\":2000,\"height\":1333},{\"@type\":\"BreadcrumbList\",\"@id\":\"https:\\\/\\\/covasna45.ro\\\/index.php\\\/lumea-noastra\\\/spitalul-judetean-sfantu-gheorghe-marcheaza-ziua-nationala-a-copiilor-nascuti-prematur\\\/#breadcrumb\",\"itemListElement\":[{\"@type\":\"ListItem\",\"position\":1,\"name\":\"Prima pagin\u0103\",\"item\":\"https:\\\/\\\/covasna45.ro\\\/\"},{\"@type\":\"ListItem\",\"position\":2,\"name\":\"Spitalul Jude\u021bean Sf\u00e2ntu Gheorghe marcheaz\u0103 Ziua Na\u021bional\u0103 a Copiilor N\u0103scu\u021bi Prematur\"}]},{\"@type\":\"WebSite\",\"@id\":\"https:\\\/\\\/covasna45.ro\\\/#website\",\"url\":\"https:\\\/\\\/covasna45.ro\\\/\",\"name\":\"covasna45.ro\",\"description\":\"\",\"publisher\":{\"@id\":\"https:\\\/\\\/covasna45.ro\\\/#organization\"},\"potentialAction\":[{\"@type\":\"SearchAction\",\"target\":{\"@type\":\"EntryPoint\",\"urlTemplate\":\"https:\\\/\\\/covasna45.ro\\\/?s={search_term_string}\"},\"query-input\":{\"@type\":\"PropertyValueSpecification\",\"valueRequired\":true,\"valueName\":\"search_term_string\"}}],\"inLanguage\":\"ro-RO\"},{\"@type\":\"Organization\",\"@id\":\"https:\\\/\\\/covasna45.ro\\\/#organization\",\"name\":\"covasna45.ro\",\"url\":\"https:\\\/\\\/covasna45.ro\\\/\",\"logo\":{\"@type\":\"ImageObject\",\"inLanguage\":\"ro-RO\",\"@id\":\"https:\\\/\\\/covasna45.ro\\\/#\\\/schema\\\/logo\\\/image\\\/\",\"url\":\"https:\\\/\\\/covasna45.ro\\\/wp-content\\\/uploads\\\/2023\\\/01\\\/icon_logo.png\",\"contentUrl\":\"https:\\\/\\\/covasna45.ro\\\/wp-content\\\/uploads\\\/2023\\\/01\\\/icon_logo.png\",\"width\":1900,\"height\":1900,\"caption\":\"covasna45.ro\"},\"image\":{\"@id\":\"https:\\\/\\\/covasna45.ro\\\/#\\\/schema\\\/logo\\\/image\\\/\"}},{\"@type\":\"Person\",\"@id\":\"https:\\\/\\\/covasna45.ro\\\/#\\\/schema\\\/person\\\/e674052bd7d95d70bbb007a1060ab73c\",\"name\":\"Covasna45\",\"image\":{\"@type\":\"ImageObject\",\"inLanguage\":\"ro-RO\",\"@id\":\"https:\\\/\\\/covasna45.ro\\\/wp-content\\\/uploads\\\/2025\\\/10\\\/icon_logo_covasna45-150x150.png\",\"url\":\"https:\\\/\\\/covasna45.ro\\\/wp-content\\\/uploads\\\/2025\\\/10\\\/icon_logo_covasna45-150x150.png\",\"contentUrl\":\"https:\\\/\\\/covasna45.ro\\\/wp-content\\\/uploads\\\/2025\\\/10\\\/icon_logo_covasna45-150x150.png\",\"caption\":\"Covasna45\"},\"sameAs\":[\"https:\\\/\\\/covasna45.ro\"],\"url\":\"https:\\\/\\\/covasna45.ro\\\/index.php\\\/author\\\/covasna\\\/\"}]}<\/script>\n<!-- \/ Yoast SEO plugin. -->","yoast_head_json":{"title":"Spitalul Jude\u021bean Sf\u00e2ntu Gheorghe marcheaz\u0103 Ziua Na\u021bional\u0103 a Copiilor N\u0103scu\u021bi Prematur - Covasna45","description":"Proiectul social \u201eRom\u00e2nia \u00een lumin\u0103\u201d \u00eencepe azi, primul eveniment, care va avea loc la Palatul Cotroceni.","robots":{"index":"index","follow":"follow","max-snippet":"max-snippet:-1","max-image-preview":"max-image-preview:large","max-video-preview":"max-video-preview:-1"},"canonical":"https:\/\/covasna45.ro\/index.php\/lumea-noastra\/spitalul-judetean-sfantu-gheorghe-marcheaza-ziua-nationala-a-copiilor-nascuti-prematur\/","og_locale":"ro_RO","og_type":"article","og_title":"Spitalul Jude\u021bean Sf\u00e2ntu Gheorghe marcheaz\u0103 Ziua Na\u021bional\u0103 a Copiilor N\u0103scu\u021bi Prematur - Covasna45","og_description":"Proiectul social \u201eRom\u00e2nia \u00een lumin\u0103\u201d \u00eencepe azi, primul eveniment, care va avea loc la Palatul Cotroceni.","og_url":"https:\/\/covasna45.ro\/index.php\/lumea-noastra\/spitalul-judetean-sfantu-gheorghe-marcheaza-ziua-nationala-a-copiilor-nascuti-prematur\/","og_site_name":"Covasna45","article_published_time":"2025-11-17T07:24:21+00:00","article_modified_time":"2025-11-17T07:43:50+00:00","og_image":[{"width":2000,"height":1333,"url":"https:\/\/covasna45.ro\/wp-content\/uploads\/2025\/11\/nou-nscut.jpg","type":"image\/jpeg"}],"author":"Covasna45","twitter_card":"summary_large_image","twitter_misc":{"Scris de":"Covasna45","Timp estimat pentru citire":"5 minute"},"schema":{"@context":"https:\/\/schema.org","@graph":[{"@type":"Article","@id":"https:\/\/covasna45.ro\/index.php\/lumea-noastra\/spitalul-judetean-sfantu-gheorghe-marcheaza-ziua-nationala-a-copiilor-nascuti-prematur\/#article","isPartOf":{"@id":"https:\/\/covasna45.ro\/index.php\/lumea-noastra\/spitalul-judetean-sfantu-gheorghe-marcheaza-ziua-nationala-a-copiilor-nascuti-prematur\/"},"author":{"name":"Covasna45","@id":"https:\/\/covasna45.ro\/#\/schema\/person\/e674052bd7d95d70bbb007a1060ab73c"},"headline":"Spitalul Jude\u021bean Sf\u00e2ntu Gheorghe marcheaz\u0103 Ziua Na\u021bional\u0103 a Copiilor N\u0103scu\u021bi Prematur","datePublished":"2025-11-17T07:24:21+00:00","dateModified":"2025-11-17T07:43:50+00:00","mainEntityOfPage":{"@id":"https:\/\/covasna45.ro\/index.php\/lumea-noastra\/spitalul-judetean-sfantu-gheorghe-marcheaza-ziua-nationala-a-copiilor-nascuti-prematur\/"},"wordCount":887,"commentCount":0,"publisher":{"@id":"https:\/\/covasna45.ro\/#organization"},"image":{"@id":"https:\/\/covasna45.ro\/index.php\/lumea-noastra\/spitalul-judetean-sfantu-gheorghe-marcheaza-ziua-nationala-a-copiilor-nascuti-prematur\/#primaryimage"},"thumbnailUrl":"https:\/\/covasna45.ro\/wp-content\/uploads\/2025\/11\/nou-nscut.jpg","keywords":["Cotroceni","prematuri","spital"],"articleSection":["Lumea noastr\u0103"],"inLanguage":"ro-RO","potentialAction":[{"@type":"CommentAction","name":"Comment","target":["https:\/\/covasna45.ro\/index.php\/lumea-noastra\/spitalul-judetean-sfantu-gheorghe-marcheaza-ziua-nationala-a-copiilor-nascuti-prematur\/#respond"]}]},{"@type":"WebPage","@id":"https:\/\/covasna45.ro\/index.php\/lumea-noastra\/spitalul-judetean-sfantu-gheorghe-marcheaza-ziua-nationala-a-copiilor-nascuti-prematur\/","url":"https:\/\/covasna45.ro\/index.php\/lumea-noastra\/spitalul-judetean-sfantu-gheorghe-marcheaza-ziua-nationala-a-copiilor-nascuti-prematur\/","name":"Spitalul Jude\u021bean Sf\u00e2ntu Gheorghe marcheaz\u0103 Ziua Na\u021bional\u0103 a Copiilor N\u0103scu\u021bi Prematur - Covasna45","isPartOf":{"@id":"https:\/\/covasna45.ro\/#website"},"primaryImageOfPage":{"@id":"https:\/\/covasna45.ro\/index.php\/lumea-noastra\/spitalul-judetean-sfantu-gheorghe-marcheaza-ziua-nationala-a-copiilor-nascuti-prematur\/#primaryimage"},"image":{"@id":"https:\/\/covasna45.ro\/index.php\/lumea-noastra\/spitalul-judetean-sfantu-gheorghe-marcheaza-ziua-nationala-a-copiilor-nascuti-prematur\/#primaryimage"},"thumbnailUrl":"https:\/\/covasna45.ro\/wp-content\/uploads\/2025\/11\/nou-nscut.jpg","datePublished":"2025-11-17T07:24:21+00:00","dateModified":"2025-11-17T07:43:50+00:00","description":"Proiectul social \u201eRom\u00e2nia \u00een lumin\u0103\u201d \u00eencepe azi, primul eveniment, care va avea loc la Palatul Cotroceni.","breadcrumb":{"@id":"https:\/\/covasna45.ro\/index.php\/lumea-noastra\/spitalul-judetean-sfantu-gheorghe-marcheaza-ziua-nationala-a-copiilor-nascuti-prematur\/#breadcrumb"},"inLanguage":"ro-RO","potentialAction":[{"@type":"ReadAction","target":["https:\/\/covasna45.ro\/index.php\/lumea-noastra\/spitalul-judetean-sfantu-gheorghe-marcheaza-ziua-nationala-a-copiilor-nascuti-prematur\/"]}]},{"@type":"ImageObject","inLanguage":"ro-RO","@id":"https:\/\/covasna45.ro\/index.php\/lumea-noastra\/spitalul-judetean-sfantu-gheorghe-marcheaza-ziua-nationala-a-copiilor-nascuti-prematur\/#primaryimage","url":"https:\/\/covasna45.ro\/wp-content\/uploads\/2025\/11\/nou-nscut.jpg","contentUrl":"https:\/\/covasna45.ro\/wp-content\/uploads\/2025\/11\/nou-nscut.jpg","width":2000,"height":1333},{"@type":"BreadcrumbList","@id":"https:\/\/covasna45.ro\/index.php\/lumea-noastra\/spitalul-judetean-sfantu-gheorghe-marcheaza-ziua-nationala-a-copiilor-nascuti-prematur\/#breadcrumb","itemListElement":[{"@type":"ListItem","position":1,"name":"Prima pagin\u0103","item":"https:\/\/covasna45.ro\/"},{"@type":"ListItem","position":2,"name":"Spitalul Jude\u021bean Sf\u00e2ntu Gheorghe marcheaz\u0103 Ziua Na\u021bional\u0103 a Copiilor N\u0103scu\u021bi Prematur"}]},{"@type":"WebSite","@id":"https:\/\/covasna45.ro\/#website","url":"https:\/\/covasna45.ro\/","name":"covasna45.ro","description":"","publisher":{"@id":"https:\/\/covasna45.ro\/#organization"},"potentialAction":[{"@type":"SearchAction","target":{"@type":"EntryPoint","urlTemplate":"https:\/\/covasna45.ro\/?s={search_term_string}"},"query-input":{"@type":"PropertyValueSpecification","valueRequired":true,"valueName":"search_term_string"}}],"inLanguage":"ro-RO"},{"@type":"Organization","@id":"https:\/\/covasna45.ro\/#organization","name":"covasna45.ro","url":"https:\/\/covasna45.ro\/","logo":{"@type":"ImageObject","inLanguage":"ro-RO","@id":"https:\/\/covasna45.ro\/#\/schema\/logo\/image\/","url":"https:\/\/covasna45.ro\/wp-content\/uploads\/2023\/01\/icon_logo.png","contentUrl":"https:\/\/covasna45.ro\/wp-content\/uploads\/2023\/01\/icon_logo.png","width":1900,"height":1900,"caption":"covasna45.ro"},"image":{"@id":"https:\/\/covasna45.ro\/#\/schema\/logo\/image\/"}},{"@type":"Person","@id":"https:\/\/covasna45.ro\/#\/schema\/person\/e674052bd7d95d70bbb007a1060ab73c","name":"Covasna45","image":{"@type":"ImageObject","inLanguage":"ro-RO","@id":"https:\/\/covasna45.ro\/wp-content\/uploads\/2025\/10\/icon_logo_covasna45-150x150.png","url":"https:\/\/covasna45.ro\/wp-content\/uploads\/2025\/10\/icon_logo_covasna45-150x150.png","contentUrl":"https:\/\/covasna45.ro\/wp-content\/uploads\/2025\/10\/icon_logo_covasna45-150x150.png","caption":"Covasna45"},"sameAs":["https:\/\/covasna45.ro"],"url":"https:\/\/covasna45.ro\/index.php\/author\/covasna\/"}]}},"_links":{"self":[{"href":"https:\/\/covasna45.ro\/index.php\/wp-json\/wp\/v2\/posts\/13937","targetHints":{"allow":["GET"]}}],"collection":[{"href":"https:\/\/covasna45.ro\/index.php\/wp-json\/wp\/v2\/posts"}],"about":[{"href":"https:\/\/covasna45.ro\/index.php\/wp-json\/wp\/v2\/types\/post"}],"author":[{"embeddable":true,"href":"https:\/\/covasna45.ro\/index.php\/wp-json\/wp\/v2\/users\/1"}],"replies":[{"embeddable":true,"href":"https:\/\/covasna45.ro\/index.php\/wp-json\/wp\/v2\/comments?post=13937"}],"version-history":[{"count":3,"href":"https:\/\/covasna45.ro\/index.php\/wp-json\/wp\/v2\/posts\/13937\/revisions"}],"predecessor-version":[{"id":13944,"href":"https:\/\/covasna45.ro\/index.php\/wp-json\/wp\/v2\/posts\/13937\/revisions\/13944"}],"wp:featuredmedia":[{"embeddable":true,"href":"https:\/\/covasna45.ro\/index.php\/wp-json\/wp\/v2\/media\/13940"}],"wp:attachment":[{"href":"https:\/\/covasna45.ro\/index.php\/wp-json\/wp\/v2\/media?parent=13937"}],"wp:term":[{"taxonomy":"category","embeddable":true,"href":"https:\/\/covasna45.ro\/index.php\/wp-json\/wp\/v2\/categories?post=13937"},{"taxonomy":"post_tag","embeddable":true,"href":"https:\/\/covasna45.ro\/index.php\/wp-json\/wp\/v2\/tags?post=13937"}],"curies":[{"name":"wp","href":"https:\/\/api.w.org\/{rel}","templated":true}]}}