{"id":13945,"date":"2025-11-17T10:21:38","date_gmt":"2025-11-17T08:21:38","guid":{"rendered":"https:\/\/covasna45.ro\/?p=13945"},"modified":"2025-11-17T10:27:48","modified_gmt":"2025-11-17T08:27:48","slug":"antal-arpad-ii-scoate-pe-alesii-udmr-din-birouri-le-a-facut-program-de-audiente","status":"publish","type":"post","link":"https:\/\/covasna45.ro\/index.php\/lumea-noastra\/antal-arpad-ii-scoate-pe-alesii-udmr-din-birouri-le-a-facut-program-de-audiente\/","title":{"rendered":"Antal \u00c1rp\u00e1d \u00eei scoate pe ale\u0219ii UDMR din birouri: le-a f\u0103cut program de audien\u021be"},"content":{"rendered":"\n<p>Antal \u00c1rp\u00e1d \u0219i-a intrat \u201e\u00een p\u00e2ine\u201d ca nou director de strategii al UDMR. A luat deja prima m\u0103sur\u0103 \u0219i le-a f\u0103cut program de audien\u021be cu cet\u0103\u021benii tuturor ale\u0219ilor Uniunii din jude\u021b. Nu a ratat niciun loc, inclusiv la Comand\u0103u fiind programat\u0103 o discu\u021bie cu localnicii.<\/p>\n\n\n\n<p>Programul se nume\u0219te \u201eSpune\u021bi, v\u0103 rog!\u201d \u0219i \u00ee\u0219i propune s\u0103 consolideze leg\u0103tura direct\u0103 cu locuitorii, s\u0103 identifice problemele locale \u0219i s\u0103 ofere sprijin imediat acolo unde este posibil.<\/p>\n\n\n\n<p>\u201ePentru UDMR, dialogul direct cu oamenii este esen\u021bial. Din acest motiv, deputa\u021bii, senatorii, primarii \u0219i reprezentan\u021bii Uniunii vor organiza \u00een urm\u0103toarele s\u0103pt\u0103m\u00e2ni audien\u021b\u0103 cu cet\u0103\u021benii \u00een mai multe localit\u0103\u021bi din jude\u021bul Covasna.<\/p>\n\n\n\n<p>\u00cen cadrul acestui program, fiecare primar UDMR, pre\u0219edinte de consiliu jude\u021bean, deputat sau senator se va \u00eent\u00e2lni personal cu cet\u0103\u021benii\u201d, se arat\u0103 \u00een comunicatul UDMR.<\/p>\n\n\n\n<p>\u201e<strong><em>Ca \u0219i comunitate maghiar\u0103 din Transilvania, putem lua decizii corecte doar dac\u0103 \u00een\u021belegem cu exactitate ce se \u00eent\u00e2mpl\u0103 \u00een sate, ora\u0219e \u0219i \u00een vie\u021bile familiilor. \u00cen perioade de criz\u0103, \u00eencrederea \u0219i dialogul sunt \u0219i mai importante. Rolul UDMR este nu doar s\u0103 vad\u0103 realitatea comunit\u0103\u021bii, ci s\u0103 o \u0219i aud\u0103 \u0219i s\u0103 ac\u021bioneze cu responsabilitate. De aceea mergem acum \u0219i mai aproape de oameni<\/em><\/strong>\u201d, spune <a href=\"https:\/\/covasna45.ro\/index.php\/lumea-noastra\/interviu-cu-antal-arpad-teme-strategia-udmr-hotel-bodoc-coalitia-de-guvernare-reorganizare\/\">Antal \u00c1rp\u00e1d<\/a>.<\/p>\n\n\n\n<p>La nivel local, ini\u021biativa este sus\u021binut\u0103 de Tam\u00e1s S\u00e1ndor, pre\u0219edintele Organiza\u021biei Teritoriale UDMR din Covasna: \u201eAle\u0219ii locali sunt cei mai aproape de oameni \u2013 \u00eens\u0103 acest lucru, de unul singur, nu este suficient. Trebuie s\u0103 cunoa\u0219tem \u00een profunzime a\u0219tept\u0103rile, preocup\u0103rile \u0219i dificult\u0103\u021bile comunit\u0103\u021bii. <strong><em>Audien\u021bele \u0219i \u00eent\u00e2lnirile directe ne permit s\u0103 \u00een\u021belegem nevoile reale ale oamenilor, s\u0103 g\u0103sim solu\u021bii mai rapide \u0219i s\u0103 consolid\u0103m \u00eencrederea dintre cet\u0103\u021beni \u0219i reprezentan\u021bii lor. \u00cei \u00eencurajez pe locuitorii jude\u021bului Covasna s\u0103 participe cu \u00eencredere la audien\u021bele UDMR \u0219i s\u0103 ne aduc\u0103 la cuno\u0219tin\u021b\u0103 problemele, observa\u021biile \u0219i a\u0219tept\u0103rile lor.<\/em><\/strong>\u201d<\/p>\n\n\n\n<figure class=\"wp-block-image size-large\"><img loading=\"lazy\" decoding=\"async\" width=\"1024\" height=\"684\" src=\"https:\/\/covasna45.ro\/wp-content\/uploads\/2023\/05\/tamas-1068x713-1-1024x684.jpg\" alt=\"\" class=\"wp-image-1707\" srcset=\"https:\/\/covasna45.ro\/wp-content\/uploads\/2023\/05\/tamas-1068x713-1-1024x684.jpg 1024w, https:\/\/covasna45.ro\/wp-content\/uploads\/2023\/05\/tamas-1068x713-1-300x200.jpg 300w, https:\/\/covasna45.ro\/wp-content\/uploads\/2023\/05\/tamas-1068x713-1-768x513.jpg 768w, https:\/\/covasna45.ro\/wp-content\/uploads\/2023\/05\/tamas-1068x713-1-150x100.jpg 150w, https:\/\/covasna45.ro\/wp-content\/uploads\/2023\/05\/tamas-1068x713-1-696x465.jpg 696w, https:\/\/covasna45.ro\/wp-content\/uploads\/2023\/05\/tamas-1068x713-1.jpg 1068w\" sizes=\"auto, (max-width: 1024px) 100vw, 1024px\" \/><\/figure>\n\n\n\n<h2 class=\"wp-block-heading\">Programul audien\u021belor<\/h2>\n\n\n\n<p><strong>Tam\u00e1s S\u00e1ndor<\/strong>, pre\u0219edintele Consiliului Jude\u021bean Covasna \u2013 Sf\u00e2ntu Gheorghe, 17 noiembrie, ora 12:00, \u0219i la T\u00e2rgu Secuiesc pe 24 noiembrie, ora 12:00, sala de consiliu a prim\u0103riei, al\u0103turi de primarul Tibor Bokor \u0219i de viceprimarul dr. Szabolcs Szilveszter.<\/p>\n\n\n\n<p><strong>L\u00e1szl\u00f3 Henning<\/strong>, vicepre\u0219edinte al Consiliului Jude\u021bean Covasna, mar\u021bi 18 noiembrie, \u00eentre orele 12:00-14:00, la Consiliul Jude\u021bean Covasna \u0219i pe 20 noiembrie, de la 16:00 la 17:00, \u00een sediul UDMR Sf\u00e2ntu Gheorghe, al\u0103turi de viceprimarul T\u00f3th Csaba Birtan.<\/p>\n\n\n\n<p><strong>N\u00e1ndor G\u00e1j<\/strong>, vicepre\u0219edinte al Consiliului Jude\u021bean Covasna, miercuri \u00eentre orele 10:00-12:00, la Consiliul Jude\u021bean Covasna.<\/p>\n\n\n\n<figure class=\"wp-block-image size-large\"><img loading=\"lazy\" decoding=\"async\" width=\"1024\" height=\"683\" src=\"https:\/\/covasna45.ro\/wp-content\/uploads\/2025\/11\/gaj-1024x683.jpg\" alt=\"\" class=\"wp-image-13948\" srcset=\"https:\/\/covasna45.ro\/wp-content\/uploads\/2025\/11\/gaj-1024x683.jpg 1024w, https:\/\/covasna45.ro\/wp-content\/uploads\/2025\/11\/gaj-300x200.jpg 300w, https:\/\/covasna45.ro\/wp-content\/uploads\/2025\/11\/gaj-768x512.jpg 768w, https:\/\/covasna45.ro\/wp-content\/uploads\/2025\/11\/gaj-150x100.jpg 150w, https:\/\/covasna45.ro\/wp-content\/uploads\/2025\/11\/gaj-696x464.jpg 696w, https:\/\/covasna45.ro\/wp-content\/uploads\/2025\/11\/gaj-1068x712.jpg 1068w, https:\/\/covasna45.ro\/wp-content\/uploads\/2025\/11\/gaj.jpg 1440w\" sizes=\"auto, (max-width: 1024px) 100vw, 1024px\" \/><\/figure>\n\n\n\n<p><em>Pentru programul de audien\u021be al pre\u0219edintelui \u0219i vicepre\u0219edin\u021bilor este necesar\u0103 \u00eenregistrarea prealabil\u0103, sun\u00e2nd la 0267. 311. 190\/108.<\/em><\/p>\n\n\n\n<p><strong>Senator \u00c1gota Kondor<\/strong>:<\/p>\n\n\n\n<ul class=\"wp-block-list\">\n<li>Chichi\u0219, 20 noiembrie, 11:30 &#8211; 12:30, Sala consiliului Prim\u0103riei<\/li>\n\n\n\n<li>M\u00e1ln\u00e1s, 20 noiembrie, 16:00 &#8211; 17:00, Sala Consiliului Prim\u0103riei<\/li>\n\n\n\n<li>Moac\u0219a, 21 noiembrie, 11:00 &#8211; 12:30, Sala de Consiliu al Prim\u0103riei<\/li>\n\n\n\n<li>Ozun, 4 decembrie, 17:00-18:00, Centrul Cultural.<\/li>\n<\/ul>\n\n\n\n<p><strong>L\u00e1szl\u00f3 \u00d6d\u00f6n Fej\u00e9r, senator<\/strong><\/p>\n\n\n\n<ul class=\"wp-block-list\">\n<li>Turia, 20 noiembrie, 10:00 &#8211; 12:00, Sala Consiliului Prim\u0103riei<\/li>\n\n\n\n<li>Ghelin\u021ba, 20 noiembrie, 17:00 &#8211; 18:30, Sala Consiliului Prim\u0103riei<\/li>\n\n\n\n<li>Mereni, 21 noiembrie, 10:00 &#8211; 11:00, Sala Consiliului Prim\u0103riei<\/li>\n\n\n\n<li>Estelnic, 21 noiembrie, 11:30 &#8211; 12:30, sala de consiliu a prim\u0103riei<\/li>\n\n\n\n<li>S\u00e2nzinei, 27 noiembrie, 10:00-11:00, sala de \u0219edin\u021be a prim\u0103riei<\/li>\n\n\n\n<li>Poian, 27 noiembrie, 11:30-12:30, sala de \u0219edin\u021be a prim\u0103riei<\/li>\n\n\n\n<li>Bre\u021bcu, 27 noiembrie, 15:00 &#8211; 16:00, sala de consiliu a prim\u0103riei<\/li>\n\n\n\n<li>Lemnia, 27 noiembrie, orele 14.00 &#8211; 15.00, sala consiliului prim\u0103riei<\/li>\n\n\n\n<li>Ojdula, 27 noiembrie, 16:30 &#8211; 18:00, sala consiliului prim\u0103riei<\/li>\n\n\n\n<li>T\u00e2rgu Secuiesc, 28 noiembrie, 10:00 &#8211; 12:00, sala de consiliu a Prim\u0103rei, \u00eempreun\u0103 cu Tibor Bokor, primar \u0219i dr. Szilveszter Szabolcs, viceprimar.<\/li>\n<\/ul>\n\n\n\n<p><em>Pre\u00eenregistrarea este necesar\u0103, sun\u00e2nd la 0735 610 100 sau trimi\u021b\u00e2nd un e-mail la adresa haromszek@rmdsz.ro.<\/em><\/p>\n\n\n\n<p><strong>\u00c1rp\u00e1d Antal, primarul ora\u0219ului Sf\u00e2ntu Gheorghe<\/strong><\/p>\n\n\n\n<ul class=\"wp-block-list\">\n<li>Sf\u00e2ntu Gheorghe, 21 noiembrie, 18:30 &#8211; 21:00<\/li>\n\n\n\n<li>Sf\u00e2ntu Gheorghe, 28 noiembrie, 18:30 &#8211; 21:00<\/li>\n<\/ul>\n\n\n\n<p><em>Este necesar\u0103 \u00eenregistrarea prealabil\u0103 sun\u00e2nd la 0267-311 243.<\/em><\/p>\n\n\n\n<p><strong>Csaba T\u00f3th-Birtan, viceprimar<\/strong><\/p>\n\n\n\n<ul class=\"wp-block-list\">\n<li>Sf\u00e2ntu Gheorghe, joi \u00eentre orele 16:00-17:00, Prim\u0103rie, Biroul 17<\/li>\n\n\n\n<li>Sf\u00e2ntu Gheorghe, 20 noiembrie, 16:00 &#8211; 17:00<\/li>\n\n\n\n<li>Co\u0219eni, 27 noiembrie, 16:00 &#8211; 17:00, Centru comunitar<\/li>\n<\/ul>\n\n\n\n<p><em>\u00cenregistrarea prealabil\u0103 pentru programul de audien\u021be este necesar\u0103 sun\u00e2nd la 0267-316 365\/120.<\/em><\/p>\n\n\n\n<p><strong>\u00c9va Judit Sztakics, viceprimar<\/strong><\/p>\n\n\n\n<ul class=\"wp-block-list\">\n<li>Sf\u00e2ntu Gheorghe, joi \u00eentre orele 9:00-10:00, Prim\u0103rie, Biroul 25<\/li>\n\n\n\n<li>Sf\u00e2ntu Gheorghe, 28 noiembrie, \u00eentre orele 16:00-17:00, sediul UDMR Sf\u00e2ntu Gheorghe<\/li>\n\n\n\n<li>Chilieni, 25 noiembrie, \u00eentre orele 16:30-18:00, cu Csilla Baloga, Centrul Cultural<\/li>\n<\/ul>\n\n\n\n<p><em>Este necesar\u0103 \u00eenregistrarea prealabil\u0103 la 0267-316 365\/119.<\/em><\/p>\n\n\n\n<p><strong>Jakab Istv\u00e1n Barna, administrator al ora\u0219ului<\/strong><\/p>\n\n\n\n<ul class=\"wp-block-list\">\n<li>Sf\u00e2ntu Gheorghe, miercuri \u00eentre orele 10:00-12:00, birou 27<\/li>\n\n\n\n<li>C\u00e2mpu Frumos, 19 noiembrie, \u00eentre orele 9:00-10:00<\/li>\n\n\n\n<li>C\u00e2mpu Frumos, noiembrie 26, \u00eentre orele 9:00-10:00<\/li>\n<\/ul>\n\n\n\n<p><em>Este necesar\u0103 pre\u00eenregistrarea, sun\u00e2nd la num\u0103rul 0267-316 957\/136.<\/em><\/p>\n\n\n\n<p><strong>Zolt\u00e1n Mikl\u00f3s, deputat<\/strong><\/p>\n\n\n\n<ul class=\"wp-block-list\">\n<li>Ilieni, 26 noiembrie, 17:00 &#8211; 18:15, Sala Consiliului Prim\u0103riei<\/li>\n\n\n\n<li>Ghidfal\u0103u, 26 noiembrie, 18:30 &#8211; 19:30, Sala Consiliului Prim\u0103riei<\/li>\n\n\n\n<li>Valea Cri\u0219ului, 4 decembrie, 16:00 &#8211; 17:30, Sala consiliului Prim\u0103riei<\/li>\n<\/ul>\n\n\n\n<figure class=\"wp-block-image size-large\"><img loading=\"lazy\" decoding=\"async\" width=\"1024\" height=\"683\" src=\"https:\/\/covasna45.ro\/wp-content\/uploads\/2025\/11\/mz-1024x683.jpg\" alt=\"\" class=\"wp-image-13949\" srcset=\"https:\/\/covasna45.ro\/wp-content\/uploads\/2025\/11\/mz-1024x683.jpg 1024w, https:\/\/covasna45.ro\/wp-content\/uploads\/2025\/11\/mz-300x200.jpg 300w, https:\/\/covasna45.ro\/wp-content\/uploads\/2025\/11\/mz-768x512.jpg 768w, https:\/\/covasna45.ro\/wp-content\/uploads\/2025\/11\/mz-1536x1024.jpg 1536w, https:\/\/covasna45.ro\/wp-content\/uploads\/2025\/11\/mz-150x100.jpg 150w, https:\/\/covasna45.ro\/wp-content\/uploads\/2025\/11\/mz-696x464.jpg 696w, https:\/\/covasna45.ro\/wp-content\/uploads\/2025\/11\/mz-1068x712.jpg 1068w, https:\/\/covasna45.ro\/wp-content\/uploads\/2025\/11\/mz-1920x1280.jpg 1920w, https:\/\/covasna45.ro\/wp-content\/uploads\/2025\/11\/mz.jpg 2048w\" sizes=\"auto, (max-width: 1024px) 100vw, 1024px\" \/><\/figure>\n\n\n\n<p><strong>K\u00e1roly G\u00e1l, deputat<\/strong><\/p>\n\n\n\n<ul class=\"wp-block-list\">\n<li>B\u0103\u021bani, 27 noiembrie, 9:00 &#8211; 10:30, Sala Consiliului Prim\u0103riei<\/li>\n\n\n\n<li>Baraolt, 27 noiembrie, 11:00 &#8211; 12:30, sediul UDMR, \u00eempreun\u0103 cu primarul Benedek Husz\u00e1r J\u00e1nos<\/li>\n\n\n\n<li>Br\u0103du\u021b, 27 noiembrie, 16:00 &#8211; 17:30, Sala Consiliului Prim\u0103riei<\/li>\n\n\n\n<li>V\u00e2rghi\u0219, 27 noiembrie 18:00 &#8211; 19:30, Sala de Consiliu al Prim\u0103riei<\/li>\n\n\n\n<li>Catalina, 28 noiembrie, 15:00 &#8211; 16:15, Sala Consiliului Prim\u0103riei<\/li>\n\n\n\n<li>Cernat, 28 noiembrie, 16:30 &#8211; 17:30, Sala Consiliului Prim\u0103riei<\/li>\n\n\n\n<li>Dalnic, 28 noiembrie, 18:00 &#8211; 19:00, Sala Consiliului Prim\u0103riei<\/li>\n\n\n\n<li>Aita Mare, 4 decembrie, 15:00 &#8211; 16:30, Sala Consiliului Prim\u0103riei<\/li>\n\n\n\n<li>Belin, 4 decembrie, 17:00 &#8211; 18:30, Pensiunea P\u00f3zna.<\/li>\n<\/ul>\n\n\n\n<figure class=\"wp-block-image size-large\"><img loading=\"lazy\" decoding=\"async\" width=\"1024\" height=\"1024\" src=\"https:\/\/covasna45.ro\/wp-content\/uploads\/2024\/01\/konczei-csaba-1024x1024.jpg\" alt=\"\" class=\"wp-image-4483\" srcset=\"https:\/\/covasna45.ro\/wp-content\/uploads\/2024\/01\/konczei-csaba-1024x1024.jpg 1024w, https:\/\/covasna45.ro\/wp-content\/uploads\/2024\/01\/konczei-csaba-300x300.jpg 300w, https:\/\/covasna45.ro\/wp-content\/uploads\/2024\/01\/konczei-csaba-150x150.jpg 150w, https:\/\/covasna45.ro\/wp-content\/uploads\/2024\/01\/konczei-csaba-768x768.jpg 768w, https:\/\/covasna45.ro\/wp-content\/uploads\/2024\/01\/konczei-csaba-696x696.jpg 696w, https:\/\/covasna45.ro\/wp-content\/uploads\/2024\/01\/konczei-csaba-1068x1068.jpg 1068w, https:\/\/covasna45.ro\/wp-content\/uploads\/2024\/01\/konczei-csaba.jpg 1365w\" sizes=\"auto, (max-width: 1024px) 100vw, 1024px\" \/><\/figure>\n\n\n\n<p><strong>Csaba K\u00f6nczei, deputat<\/strong><\/p>\n\n\n\n<ul class=\"wp-block-list\">\n<li>Brate\u0219, 20 noiembrie, 15:00 &#8211; 16:15, Sala Consiliului Prim\u0103riei<\/li>\n\n\n\n<li>Boro\u0219neu Mare, 20 noiembrie, ora 16:15 &#8211; 17:30, Centrul Cultural \u021aufal\u0103u, \u00eempreun\u0103 cu N\u00e1ndor G\u00e1j, vicepre\u0219edintele Consiliului Jude\u021bean Covasna<\/li>\n\n\n\n<li>Zagon, 20 noiembrie, 18:00 &#8211; 19:00, sala de consiliu a prim\u0103riei, \u00eempreun\u0103 cu N\u00e1ndor G\u00e1j, vicepre\u0219edintele Consiliului Jude\u021bean Covasna<\/li>\n\n\n\n<li>Bixad, 27 noiembrie, 16:00 &#8211; 17:15, sala de consiliu a prim\u0103riei<\/li>\n\n\n\n<li>Micfal\u0103u, 27 noiembrie, 17:30 &#8211; 18:30, sala de consiliu a prim\u0103riei<\/li>\n\n\n\n<li>Bodoc, 28 noiembrie, 15:00 &#8211; 16:15, sala de consiliu a prim\u0103riei<\/li>\n\n\n\n<li>H\u0103ghig, 28 noiembrie, 17.00 \u2013 19.00, Biserica Reformat\u0103<\/li>\n\n\n\n<li>Comand\u0103u, 4 decembrie, 15.00 \u2013 16.00, sediul Prim\u0103riei<\/li>\n\n\n\n<li>Z\u0103bala, 4 decembrie, 17.00 \u2013 18.00, Centrul cultural<\/li>\n\n\n\n<li>Reci, 4 decembrie, 18.30 \u2013 19.30, Centrul cultural.<br><br><\/li>\n<\/ul>\n\n\n\n<figure class=\"wp-block-image size-large\"><img loading=\"lazy\" decoding=\"async\" width=\"721\" height=\"1024\" src=\"https:\/\/covasna45.ro\/wp-content\/uploads\/2025\/11\/WhatsApp-Image-2025-11-16-at-16.01.06-721x1024.jpeg\" alt=\"\" class=\"wp-image-13946\" srcset=\"https:\/\/covasna45.ro\/wp-content\/uploads\/2025\/11\/WhatsApp-Image-2025-11-16-at-16.01.06-721x1024.jpeg 721w, https:\/\/covasna45.ro\/wp-content\/uploads\/2025\/11\/WhatsApp-Image-2025-11-16-at-16.01.06-211x300.jpeg 211w, https:\/\/covasna45.ro\/wp-content\/uploads\/2025\/11\/WhatsApp-Image-2025-11-16-at-16.01.06-768x1091.jpeg 768w, https:\/\/covasna45.ro\/wp-content\/uploads\/2025\/11\/WhatsApp-Image-2025-11-16-at-16.01.06-1081x1536.jpeg 1081w, https:\/\/covasna45.ro\/wp-content\/uploads\/2025\/11\/WhatsApp-Image-2025-11-16-at-16.01.06-150x213.jpeg 150w, https:\/\/covasna45.ro\/wp-content\/uploads\/2025\/11\/WhatsApp-Image-2025-11-16-at-16.01.06-300x426.jpeg 300w, https:\/\/covasna45.ro\/wp-content\/uploads\/2025\/11\/WhatsApp-Image-2025-11-16-at-16.01.06-696x989.jpeg 696w, https:\/\/covasna45.ro\/wp-content\/uploads\/2025\/11\/WhatsApp-Image-2025-11-16-at-16.01.06-1068x1518.jpeg 1068w, https:\/\/covasna45.ro\/wp-content\/uploads\/2025\/11\/WhatsApp-Image-2025-11-16-at-16.01.06.jpeg 1126w\" sizes=\"auto, (max-width: 721px) 100vw, 721px\" \/><\/figure>\n","protected":false},"excerpt":{"rendered":"<p>Antal \u00c1rp\u00e1d \u0219i-a intrat \u201e\u00een p\u00e2ine\u201d ca nou director de strategii al UDMR. A luat deja prima m\u0103sur\u0103 \u0219i le-a f\u0103cut program de audien\u021be cu cet\u0103\u021benii tuturor ale\u0219ilor Uniunii din jude\u021b. Nu a ratat niciun loc, inclusiv la Comand\u0103u fiind programat\u0103 o discu\u021bie cu localnicii. Programul se nume\u0219te \u201eSpune\u021bi, v\u0103 rog!\u201d \u0219i \u00ee\u0219i propune s\u0103 [&hellip;]<\/p>\n","protected":false},"author":1,"featured_media":13947,"comment_status":"open","ping_status":"closed","sticky":false,"template":"","format":"standard","meta":{"tdm_status":"","tdm_grid_status":"","footnotes":""},"categories":[14],"tags":[4353,189],"class_list":{"0":"post-13945","1":"post","2":"type-post","3":"status-publish","4":"format-standard","5":"has-post-thumbnail","7":"category-lumea-noastra","8":"tag-audiente","9":"tag-udmr"},"yoast_head":"<!-- This site is optimized with the Yoast SEO plugin v27.5 - https:\/\/yoast.com\/product\/yoast-seo-wordpress\/ -->\n<title>Antal \u00c1rp\u00e1d \u00eei scoate pe ale\u0219ii UDMR din birouri: le-a f\u0103cut program de audien\u021be - Covasna45<\/title>\n<meta name=\"description\" content=\"Programul se nume\u0219te \u201eSpune\u021bi, v\u0103 rog!\u201d \u0219i \u00ee\u0219i propune s\u0103 consolideze leg\u0103tura direct\u0103 cu locuitorii, s\u0103 identifice problemele locale.\" \/>\n<meta name=\"robots\" content=\"index, follow, max-snippet:-1, max-image-preview:large, max-video-preview:-1\" \/>\n<link rel=\"canonical\" href=\"https:\/\/covasna45.ro\/index.php\/lumea-noastra\/antal-arpad-ii-scoate-pe-alesii-udmr-din-birouri-le-a-facut-program-de-audiente\/\" \/>\n<meta property=\"og:locale\" content=\"ro_RO\" \/>\n<meta property=\"og:type\" content=\"article\" \/>\n<meta property=\"og:title\" content=\"Antal \u00c1rp\u00e1d \u00eei scoate pe ale\u0219ii UDMR din birouri: le-a f\u0103cut program de audien\u021be - Covasna45\" \/>\n<meta property=\"og:description\" content=\"Programul se nume\u0219te \u201eSpune\u021bi, v\u0103 rog!\u201d \u0219i \u00ee\u0219i propune s\u0103 consolideze leg\u0103tura direct\u0103 cu locuitorii, s\u0103 identifice problemele locale.\" \/>\n<meta property=\"og:url\" content=\"https:\/\/covasna45.ro\/index.php\/lumea-noastra\/antal-arpad-ii-scoate-pe-alesii-udmr-din-birouri-le-a-facut-program-de-audiente\/\" \/>\n<meta property=\"og:site_name\" content=\"Covasna45\" \/>\n<meta property=\"article:published_time\" content=\"2025-11-17T08:21:38+00:00\" \/>\n<meta property=\"article:modified_time\" content=\"2025-11-17T08:27:48+00:00\" \/>\n<meta property=\"og:image\" content=\"https:\/\/covasna45.ro\/wp-content\/uploads\/2025\/11\/arpad-udmr.jpg\" \/>\n\t<meta property=\"og:image:width\" content=\"1500\" \/>\n\t<meta property=\"og:image:height\" content=\"1000\" \/>\n\t<meta property=\"og:image:type\" content=\"image\/jpeg\" \/>\n<meta name=\"author\" content=\"Covasna45\" \/>\n<meta name=\"twitter:card\" content=\"summary_large_image\" \/>\n<meta name=\"twitter:label1\" content=\"Scris de\" \/>\n\t<meta name=\"twitter:data1\" content=\"Covasna45\" \/>\n\t<meta name=\"twitter:label2\" content=\"Timp estimat pentru citire\" \/>\n\t<meta name=\"twitter:data2\" content=\"7 minute\" \/>\n<script type=\"application\/ld+json\" class=\"yoast-schema-graph\">{\"@context\":\"https:\\\/\\\/schema.org\",\"@graph\":[{\"@type\":\"Article\",\"@id\":\"https:\\\/\\\/covasna45.ro\\\/index.php\\\/lumea-noastra\\\/antal-arpad-ii-scoate-pe-alesii-udmr-din-birouri-le-a-facut-program-de-audiente\\\/#article\",\"isPartOf\":{\"@id\":\"https:\\\/\\\/covasna45.ro\\\/index.php\\\/lumea-noastra\\\/antal-arpad-ii-scoate-pe-alesii-udmr-din-birouri-le-a-facut-program-de-audiente\\\/\"},\"author\":{\"name\":\"Covasna45\",\"@id\":\"https:\\\/\\\/covasna45.ro\\\/#\\\/schema\\\/person\\\/e674052bd7d95d70bbb007a1060ab73c\"},\"headline\":\"Antal \u00c1rp\u00e1d \u00eei scoate pe ale\u0219ii UDMR din birouri: le-a f\u0103cut program de audien\u021be\",\"datePublished\":\"2025-11-17T08:21:38+00:00\",\"dateModified\":\"2025-11-17T08:27:48+00:00\",\"mainEntityOfPage\":{\"@id\":\"https:\\\/\\\/covasna45.ro\\\/index.php\\\/lumea-noastra\\\/antal-arpad-ii-scoate-pe-alesii-udmr-din-birouri-le-a-facut-program-de-audiente\\\/\"},\"wordCount\":1004,\"commentCount\":0,\"publisher\":{\"@id\":\"https:\\\/\\\/covasna45.ro\\\/#organization\"},\"image\":{\"@id\":\"https:\\\/\\\/covasna45.ro\\\/index.php\\\/lumea-noastra\\\/antal-arpad-ii-scoate-pe-alesii-udmr-din-birouri-le-a-facut-program-de-audiente\\\/#primaryimage\"},\"thumbnailUrl\":\"https:\\\/\\\/covasna45.ro\\\/wp-content\\\/uploads\\\/2025\\\/11\\\/arpad-udmr.jpg\",\"keywords\":[\"audiente\",\"UDMR\"],\"articleSection\":[\"Lumea noastr\u0103\"],\"inLanguage\":\"ro-RO\",\"potentialAction\":[{\"@type\":\"CommentAction\",\"name\":\"Comment\",\"target\":[\"https:\\\/\\\/covasna45.ro\\\/index.php\\\/lumea-noastra\\\/antal-arpad-ii-scoate-pe-alesii-udmr-din-birouri-le-a-facut-program-de-audiente\\\/#respond\"]}]},{\"@type\":\"WebPage\",\"@id\":\"https:\\\/\\\/covasna45.ro\\\/index.php\\\/lumea-noastra\\\/antal-arpad-ii-scoate-pe-alesii-udmr-din-birouri-le-a-facut-program-de-audiente\\\/\",\"url\":\"https:\\\/\\\/covasna45.ro\\\/index.php\\\/lumea-noastra\\\/antal-arpad-ii-scoate-pe-alesii-udmr-din-birouri-le-a-facut-program-de-audiente\\\/\",\"name\":\"Antal \u00c1rp\u00e1d \u00eei scoate pe ale\u0219ii UDMR din birouri: le-a f\u0103cut program de audien\u021be - Covasna45\",\"isPartOf\":{\"@id\":\"https:\\\/\\\/covasna45.ro\\\/#website\"},\"primaryImageOfPage\":{\"@id\":\"https:\\\/\\\/covasna45.ro\\\/index.php\\\/lumea-noastra\\\/antal-arpad-ii-scoate-pe-alesii-udmr-din-birouri-le-a-facut-program-de-audiente\\\/#primaryimage\"},\"image\":{\"@id\":\"https:\\\/\\\/covasna45.ro\\\/index.php\\\/lumea-noastra\\\/antal-arpad-ii-scoate-pe-alesii-udmr-din-birouri-le-a-facut-program-de-audiente\\\/#primaryimage\"},\"thumbnailUrl\":\"https:\\\/\\\/covasna45.ro\\\/wp-content\\\/uploads\\\/2025\\\/11\\\/arpad-udmr.jpg\",\"datePublished\":\"2025-11-17T08:21:38+00:00\",\"dateModified\":\"2025-11-17T08:27:48+00:00\",\"description\":\"Programul se nume\u0219te \u201eSpune\u021bi, v\u0103 rog!\u201d \u0219i \u00ee\u0219i propune s\u0103 consolideze leg\u0103tura direct\u0103 cu locuitorii, s\u0103 identifice problemele locale.\",\"breadcrumb\":{\"@id\":\"https:\\\/\\\/covasna45.ro\\\/index.php\\\/lumea-noastra\\\/antal-arpad-ii-scoate-pe-alesii-udmr-din-birouri-le-a-facut-program-de-audiente\\\/#breadcrumb\"},\"inLanguage\":\"ro-RO\",\"potentialAction\":[{\"@type\":\"ReadAction\",\"target\":[\"https:\\\/\\\/covasna45.ro\\\/index.php\\\/lumea-noastra\\\/antal-arpad-ii-scoate-pe-alesii-udmr-din-birouri-le-a-facut-program-de-audiente\\\/\"]}]},{\"@type\":\"ImageObject\",\"inLanguage\":\"ro-RO\",\"@id\":\"https:\\\/\\\/covasna45.ro\\\/index.php\\\/lumea-noastra\\\/antal-arpad-ii-scoate-pe-alesii-udmr-din-birouri-le-a-facut-program-de-audiente\\\/#primaryimage\",\"url\":\"https:\\\/\\\/covasna45.ro\\\/wp-content\\\/uploads\\\/2025\\\/11\\\/arpad-udmr.jpg\",\"contentUrl\":\"https:\\\/\\\/covasna45.ro\\\/wp-content\\\/uploads\\\/2025\\\/11\\\/arpad-udmr.jpg\",\"width\":1500,\"height\":1000},{\"@type\":\"BreadcrumbList\",\"@id\":\"https:\\\/\\\/covasna45.ro\\\/index.php\\\/lumea-noastra\\\/antal-arpad-ii-scoate-pe-alesii-udmr-din-birouri-le-a-facut-program-de-audiente\\\/#breadcrumb\",\"itemListElement\":[{\"@type\":\"ListItem\",\"position\":1,\"name\":\"Prima pagin\u0103\",\"item\":\"https:\\\/\\\/covasna45.ro\\\/\"},{\"@type\":\"ListItem\",\"position\":2,\"name\":\"Antal \u00c1rp\u00e1d \u00eei scoate pe ale\u0219ii UDMR din birouri: le-a f\u0103cut program de audien\u021be\"}]},{\"@type\":\"WebSite\",\"@id\":\"https:\\\/\\\/covasna45.ro\\\/#website\",\"url\":\"https:\\\/\\\/covasna45.ro\\\/\",\"name\":\"covasna45.ro\",\"description\":\"\",\"publisher\":{\"@id\":\"https:\\\/\\\/covasna45.ro\\\/#organization\"},\"potentialAction\":[{\"@type\":\"SearchAction\",\"target\":{\"@type\":\"EntryPoint\",\"urlTemplate\":\"https:\\\/\\\/covasna45.ro\\\/?s={search_term_string}\"},\"query-input\":{\"@type\":\"PropertyValueSpecification\",\"valueRequired\":true,\"valueName\":\"search_term_string\"}}],\"inLanguage\":\"ro-RO\"},{\"@type\":\"Organization\",\"@id\":\"https:\\\/\\\/covasna45.ro\\\/#organization\",\"name\":\"covasna45.ro\",\"url\":\"https:\\\/\\\/covasna45.ro\\\/\",\"logo\":{\"@type\":\"ImageObject\",\"inLanguage\":\"ro-RO\",\"@id\":\"https:\\\/\\\/covasna45.ro\\\/#\\\/schema\\\/logo\\\/image\\\/\",\"url\":\"https:\\\/\\\/covasna45.ro\\\/wp-content\\\/uploads\\\/2023\\\/01\\\/icon_logo.png\",\"contentUrl\":\"https:\\\/\\\/covasna45.ro\\\/wp-content\\\/uploads\\\/2023\\\/01\\\/icon_logo.png\",\"width\":1900,\"height\":1900,\"caption\":\"covasna45.ro\"},\"image\":{\"@id\":\"https:\\\/\\\/covasna45.ro\\\/#\\\/schema\\\/logo\\\/image\\\/\"}},{\"@type\":\"Person\",\"@id\":\"https:\\\/\\\/covasna45.ro\\\/#\\\/schema\\\/person\\\/e674052bd7d95d70bbb007a1060ab73c\",\"name\":\"Covasna45\",\"image\":{\"@type\":\"ImageObject\",\"inLanguage\":\"ro-RO\",\"@id\":\"https:\\\/\\\/covasna45.ro\\\/wp-content\\\/uploads\\\/2025\\\/10\\\/icon_logo_covasna45-150x150.png\",\"url\":\"https:\\\/\\\/covasna45.ro\\\/wp-content\\\/uploads\\\/2025\\\/10\\\/icon_logo_covasna45-150x150.png\",\"contentUrl\":\"https:\\\/\\\/covasna45.ro\\\/wp-content\\\/uploads\\\/2025\\\/10\\\/icon_logo_covasna45-150x150.png\",\"caption\":\"Covasna45\"},\"sameAs\":[\"https:\\\/\\\/covasna45.ro\"],\"url\":\"https:\\\/\\\/covasna45.ro\\\/index.php\\\/author\\\/covasna\\\/\"}]}<\/script>\n<!-- \/ Yoast SEO plugin. -->","yoast_head_json":{"title":"Antal \u00c1rp\u00e1d \u00eei scoate pe ale\u0219ii UDMR din birouri: le-a f\u0103cut program de audien\u021be - Covasna45","description":"Programul se nume\u0219te \u201eSpune\u021bi, v\u0103 rog!\u201d \u0219i \u00ee\u0219i propune s\u0103 consolideze leg\u0103tura direct\u0103 cu locuitorii, s\u0103 identifice problemele locale.","robots":{"index":"index","follow":"follow","max-snippet":"max-snippet:-1","max-image-preview":"max-image-preview:large","max-video-preview":"max-video-preview:-1"},"canonical":"https:\/\/covasna45.ro\/index.php\/lumea-noastra\/antal-arpad-ii-scoate-pe-alesii-udmr-din-birouri-le-a-facut-program-de-audiente\/","og_locale":"ro_RO","og_type":"article","og_title":"Antal \u00c1rp\u00e1d \u00eei scoate pe ale\u0219ii UDMR din birouri: le-a f\u0103cut program de audien\u021be - Covasna45","og_description":"Programul se nume\u0219te \u201eSpune\u021bi, v\u0103 rog!\u201d \u0219i \u00ee\u0219i propune s\u0103 consolideze leg\u0103tura direct\u0103 cu locuitorii, s\u0103 identifice problemele locale.","og_url":"https:\/\/covasna45.ro\/index.php\/lumea-noastra\/antal-arpad-ii-scoate-pe-alesii-udmr-din-birouri-le-a-facut-program-de-audiente\/","og_site_name":"Covasna45","article_published_time":"2025-11-17T08:21:38+00:00","article_modified_time":"2025-11-17T08:27:48+00:00","og_image":[{"width":1500,"height":1000,"url":"https:\/\/covasna45.ro\/wp-content\/uploads\/2025\/11\/arpad-udmr.jpg","type":"image\/jpeg"}],"author":"Covasna45","twitter_card":"summary_large_image","twitter_misc":{"Scris de":"Covasna45","Timp estimat pentru citire":"7 minute"},"schema":{"@context":"https:\/\/schema.org","@graph":[{"@type":"Article","@id":"https:\/\/covasna45.ro\/index.php\/lumea-noastra\/antal-arpad-ii-scoate-pe-alesii-udmr-din-birouri-le-a-facut-program-de-audiente\/#article","isPartOf":{"@id":"https:\/\/covasna45.ro\/index.php\/lumea-noastra\/antal-arpad-ii-scoate-pe-alesii-udmr-din-birouri-le-a-facut-program-de-audiente\/"},"author":{"name":"Covasna45","@id":"https:\/\/covasna45.ro\/#\/schema\/person\/e674052bd7d95d70bbb007a1060ab73c"},"headline":"Antal \u00c1rp\u00e1d \u00eei scoate pe ale\u0219ii UDMR din birouri: le-a f\u0103cut program de audien\u021be","datePublished":"2025-11-17T08:21:38+00:00","dateModified":"2025-11-17T08:27:48+00:00","mainEntityOfPage":{"@id":"https:\/\/covasna45.ro\/index.php\/lumea-noastra\/antal-arpad-ii-scoate-pe-alesii-udmr-din-birouri-le-a-facut-program-de-audiente\/"},"wordCount":1004,"commentCount":0,"publisher":{"@id":"https:\/\/covasna45.ro\/#organization"},"image":{"@id":"https:\/\/covasna45.ro\/index.php\/lumea-noastra\/antal-arpad-ii-scoate-pe-alesii-udmr-din-birouri-le-a-facut-program-de-audiente\/#primaryimage"},"thumbnailUrl":"https:\/\/covasna45.ro\/wp-content\/uploads\/2025\/11\/arpad-udmr.jpg","keywords":["audiente","UDMR"],"articleSection":["Lumea noastr\u0103"],"inLanguage":"ro-RO","potentialAction":[{"@type":"CommentAction","name":"Comment","target":["https:\/\/covasna45.ro\/index.php\/lumea-noastra\/antal-arpad-ii-scoate-pe-alesii-udmr-din-birouri-le-a-facut-program-de-audiente\/#respond"]}]},{"@type":"WebPage","@id":"https:\/\/covasna45.ro\/index.php\/lumea-noastra\/antal-arpad-ii-scoate-pe-alesii-udmr-din-birouri-le-a-facut-program-de-audiente\/","url":"https:\/\/covasna45.ro\/index.php\/lumea-noastra\/antal-arpad-ii-scoate-pe-alesii-udmr-din-birouri-le-a-facut-program-de-audiente\/","name":"Antal \u00c1rp\u00e1d \u00eei scoate pe ale\u0219ii UDMR din birouri: le-a f\u0103cut program de audien\u021be - Covasna45","isPartOf":{"@id":"https:\/\/covasna45.ro\/#website"},"primaryImageOfPage":{"@id":"https:\/\/covasna45.ro\/index.php\/lumea-noastra\/antal-arpad-ii-scoate-pe-alesii-udmr-din-birouri-le-a-facut-program-de-audiente\/#primaryimage"},"image":{"@id":"https:\/\/covasna45.ro\/index.php\/lumea-noastra\/antal-arpad-ii-scoate-pe-alesii-udmr-din-birouri-le-a-facut-program-de-audiente\/#primaryimage"},"thumbnailUrl":"https:\/\/covasna45.ro\/wp-content\/uploads\/2025\/11\/arpad-udmr.jpg","datePublished":"2025-11-17T08:21:38+00:00","dateModified":"2025-11-17T08:27:48+00:00","description":"Programul se nume\u0219te \u201eSpune\u021bi, v\u0103 rog!\u201d \u0219i \u00ee\u0219i propune s\u0103 consolideze leg\u0103tura direct\u0103 cu locuitorii, s\u0103 identifice problemele locale.","breadcrumb":{"@id":"https:\/\/covasna45.ro\/index.php\/lumea-noastra\/antal-arpad-ii-scoate-pe-alesii-udmr-din-birouri-le-a-facut-program-de-audiente\/#breadcrumb"},"inLanguage":"ro-RO","potentialAction":[{"@type":"ReadAction","target":["https:\/\/covasna45.ro\/index.php\/lumea-noastra\/antal-arpad-ii-scoate-pe-alesii-udmr-din-birouri-le-a-facut-program-de-audiente\/"]}]},{"@type":"ImageObject","inLanguage":"ro-RO","@id":"https:\/\/covasna45.ro\/index.php\/lumea-noastra\/antal-arpad-ii-scoate-pe-alesii-udmr-din-birouri-le-a-facut-program-de-audiente\/#primaryimage","url":"https:\/\/covasna45.ro\/wp-content\/uploads\/2025\/11\/arpad-udmr.jpg","contentUrl":"https:\/\/covasna45.ro\/wp-content\/uploads\/2025\/11\/arpad-udmr.jpg","width":1500,"height":1000},{"@type":"BreadcrumbList","@id":"https:\/\/covasna45.ro\/index.php\/lumea-noastra\/antal-arpad-ii-scoate-pe-alesii-udmr-din-birouri-le-a-facut-program-de-audiente\/#breadcrumb","itemListElement":[{"@type":"ListItem","position":1,"name":"Prima pagin\u0103","item":"https:\/\/covasna45.ro\/"},{"@type":"ListItem","position":2,"name":"Antal \u00c1rp\u00e1d \u00eei scoate pe ale\u0219ii UDMR din birouri: le-a f\u0103cut program de audien\u021be"}]},{"@type":"WebSite","@id":"https:\/\/covasna45.ro\/#website","url":"https:\/\/covasna45.ro\/","name":"covasna45.ro","description":"","publisher":{"@id":"https:\/\/covasna45.ro\/#organization"},"potentialAction":[{"@type":"SearchAction","target":{"@type":"EntryPoint","urlTemplate":"https:\/\/covasna45.ro\/?s={search_term_string}"},"query-input":{"@type":"PropertyValueSpecification","valueRequired":true,"valueName":"search_term_string"}}],"inLanguage":"ro-RO"},{"@type":"Organization","@id":"https:\/\/covasna45.ro\/#organization","name":"covasna45.ro","url":"https:\/\/covasna45.ro\/","logo":{"@type":"ImageObject","inLanguage":"ro-RO","@id":"https:\/\/covasna45.ro\/#\/schema\/logo\/image\/","url":"https:\/\/covasna45.ro\/wp-content\/uploads\/2023\/01\/icon_logo.png","contentUrl":"https:\/\/covasna45.ro\/wp-content\/uploads\/2023\/01\/icon_logo.png","width":1900,"height":1900,"caption":"covasna45.ro"},"image":{"@id":"https:\/\/covasna45.ro\/#\/schema\/logo\/image\/"}},{"@type":"Person","@id":"https:\/\/covasna45.ro\/#\/schema\/person\/e674052bd7d95d70bbb007a1060ab73c","name":"Covasna45","image":{"@type":"ImageObject","inLanguage":"ro-RO","@id":"https:\/\/covasna45.ro\/wp-content\/uploads\/2025\/10\/icon_logo_covasna45-150x150.png","url":"https:\/\/covasna45.ro\/wp-content\/uploads\/2025\/10\/icon_logo_covasna45-150x150.png","contentUrl":"https:\/\/covasna45.ro\/wp-content\/uploads\/2025\/10\/icon_logo_covasna45-150x150.png","caption":"Covasna45"},"sameAs":["https:\/\/covasna45.ro"],"url":"https:\/\/covasna45.ro\/index.php\/author\/covasna\/"}]}},"_links":{"self":[{"href":"https:\/\/covasna45.ro\/index.php\/wp-json\/wp\/v2\/posts\/13945","targetHints":{"allow":["GET"]}}],"collection":[{"href":"https:\/\/covasna45.ro\/index.php\/wp-json\/wp\/v2\/posts"}],"about":[{"href":"https:\/\/covasna45.ro\/index.php\/wp-json\/wp\/v2\/types\/post"}],"author":[{"embeddable":true,"href":"https:\/\/covasna45.ro\/index.php\/wp-json\/wp\/v2\/users\/1"}],"replies":[{"embeddable":true,"href":"https:\/\/covasna45.ro\/index.php\/wp-json\/wp\/v2\/comments?post=13945"}],"version-history":[{"count":2,"href":"https:\/\/covasna45.ro\/index.php\/wp-json\/wp\/v2\/posts\/13945\/revisions"}],"predecessor-version":[{"id":13951,"href":"https:\/\/covasna45.ro\/index.php\/wp-json\/wp\/v2\/posts\/13945\/revisions\/13951"}],"wp:featuredmedia":[{"embeddable":true,"href":"https:\/\/covasna45.ro\/index.php\/wp-json\/wp\/v2\/media\/13947"}],"wp:attachment":[{"href":"https:\/\/covasna45.ro\/index.php\/wp-json\/wp\/v2\/media?parent=13945"}],"wp:term":[{"taxonomy":"category","embeddable":true,"href":"https:\/\/covasna45.ro\/index.php\/wp-json\/wp\/v2\/categories?post=13945"},{"taxonomy":"post_tag","embeddable":true,"href":"https:\/\/covasna45.ro\/index.php\/wp-json\/wp\/v2\/tags?post=13945"}],"curies":[{"name":"wp","href":"https:\/\/api.w.org\/{rel}","templated":true}]}}