{"id":13952,"date":"2025-11-17T12:52:17","date_gmt":"2025-11-17T10:52:17","guid":{"rendered":"https:\/\/covasna45.ro\/?p=13952"},"modified":"2025-11-17T12:52:53","modified_gmt":"2025-11-17T10:52:53","slug":"congresul-national-de-imbatranire-activa-a-treia-editie-a-inceput-azi-la-bucuresti","status":"publish","type":"post","link":"https:\/\/covasna45.ro\/index.php\/lumea-noastra\/congresul-national-de-imbatranire-activa-a-treia-editie-a-inceput-azi-la-bucuresti\/","title":{"rendered":"Congresul Na\u021bional de \u00cemb\u0103tr\u00e2nire Activ\u0103, a treia edi\u021bie, a \u00eenceput azi la Bucure\u0219ti"},"content":{"rendered":"\n<p>Provoc\u0103rile \u0219i solu\u021biile privind \u00eemb\u0103tr\u00e2nirea activ\u0103 vor fi dezb\u0103tute de peste 100 de speciali\u0219ti de prestigiu din \u021bar\u0103 \u0219i str\u0103in\u0103tate, reprezentan\u021bi ai statului, mediului privat, academic, ai organiza\u021biilor interna\u021bionale \u0219i ai societ\u0103\u021bii civile la Congresul Na\u021bional pentru \u00cemb\u0103tr\u00e2nire Activ\u0103, care a \u00eenceput azi la Palatul Parlamentului.<br><br>Potrivit unui comunicat al organizatorului congresului, citat de <a href=\"https:\/\/agerpres.ro\/social\/2025\/11\/17\/congresul-national-pentru-imbatranire-activa---la-palatul-parlamentului--1503424\">Agerpres<\/a>, Asocia\u021bia Institutul Na\u021bional pentru \u00cemb\u0103tr\u00e2nire Activ\u0103, aflat la a III-a edi\u021bie, evenimentul va reuni timp de dou\u0103 zile peste 600 de participan\u021bi \u0219i 100 de vorbitori, printre care Mircea Abrudean, pre\u0219edintele Senatului, Victor Negrescu, vicepre\u0219edinte al Parlamentului European, Florin Manole, ministrul Muncii \u0219i Solidarit\u0103\u021bii Sociale, Alexandru Rogobete, ministrul S\u0103n\u0103t\u0103\u021bii, Luiza Spiru, pre\u0219edintele Funda\u021biei Ana Aslan Interna\u021bional, Mihnea Costoiu, rectorul Universit\u0103\u021bii Politehnica Bucure\u0219ti.<\/p>\n\n\n\n<figure class=\"wp-block-image size-large\"><img loading=\"lazy\" decoding=\"async\" width=\"1024\" height=\"683\" src=\"https:\/\/covasna45.ro\/wp-content\/uploads\/2025\/11\/batrani-2-1024x683.jpg\" alt=\"\" class=\"wp-image-13955\" srcset=\"https:\/\/covasna45.ro\/wp-content\/uploads\/2025\/11\/batrani-2-1024x683.jpg 1024w, https:\/\/covasna45.ro\/wp-content\/uploads\/2025\/11\/batrani-2-300x200.jpg 300w, https:\/\/covasna45.ro\/wp-content\/uploads\/2025\/11\/batrani-2-768x512.jpg 768w, https:\/\/covasna45.ro\/wp-content\/uploads\/2025\/11\/batrani-2-1536x1024.jpg 1536w, https:\/\/covasna45.ro\/wp-content\/uploads\/2025\/11\/batrani-2-150x100.jpg 150w, https:\/\/covasna45.ro\/wp-content\/uploads\/2025\/11\/batrani-2-696x464.jpg 696w, https:\/\/covasna45.ro\/wp-content\/uploads\/2025\/11\/batrani-2-1068x712.jpg 1068w, https:\/\/covasna45.ro\/wp-content\/uploads\/2025\/11\/batrani-2.jpg 1599w\" sizes=\"auto, (max-width: 1024px) 100vw, 1024px\" \/><\/figure>\n\n\n\n<p>Discu\u021biile vor fi organizate \u00een \u0219apte paneluri cu teme dedicate precum: \u00eemb\u0103tr\u00e2nirea activ\u0103 \u00eentre strategie \u0219i ac\u021biune, modelul de \u00eengrijire pe termen lung, medicina, \u00een pas cu v\u00e2rsta, planificare financiar\u0103 pentru un viitor sustenabil. Una dintre cele mai a\u0219teptate dezbateri este cea privind tema digitaliz\u0103rii longevit\u0103\u021bii, sus\u021binut\u0103 de dr. Pier Kommers, profesor \u00een tehnologii digitale.<br><br><strong><em>\u201e\u00cemb\u0103tr\u00e2nirea activ\u0103 reprezint\u0103 una dintre cele mai importante provoc\u0103ri \u0219i, \u00een acela\u0219i timp, oportunit\u0103\u021bi ale \u00eentregii societ\u0103\u021bi. \u00cen ceea ce prive\u0219te politicile publice \u00een domeniu, acestea trebuie s\u0103 devin\u0103 o prioritate \u0219i \u00een Rom\u00e2nia, ca \u00een Germania. Prin Congresul Na\u021bional pentru \u00cemb\u0103tr\u00e2nire Activ\u0103, ne propunem s\u0103 aducem la aceea\u0219i mas\u0103 exper\u021bi din diverse domenii pentru a g\u0103si solu\u021bii concrete care s\u0103 transforme v\u00e2rsta a treia \u00eentr-o etap\u0103 a vie\u021bii cu sens, demnitate \u0219i participare activ\u0103&#8217;<\/em><\/strong>&#8216;, a declarat Alexandra Dobre, fondatorul Institutului Na\u021bional pentru \u00cemb\u0103tr\u00e2nire Activ\u0103.<br><br>Rom\u00e2nia se confrunt\u0103 cu unul dintre cele mai accelerate procese de \u00eemb\u0103tr\u00e2nire demografic\u0103 din Uniunea European\u0103. \u00cen prezent, potrivit datelor oficiale, aproape doi din zece rom\u00e2ni au peste 65 de ani, iar \u00een 2060 situa\u021bia va fi \u0219i mai \u00eengrijor\u0103toare &#8211; \u0219ase din zece rom\u00e2ni vor avea peste 65 de ani, dac\u0103 natalitatea nu va fi \u00eembun\u0103t\u0103\u021bit\u0103.<br><br>Ultimele date de la Institutul Na\u021bional de Statistic\u0103 arat\u0103 c\u0103 persoanele cele mai afectate de deprivare material\u0103 \u0219i social\u0103 sunt cele de 65 de ani \u0219i peste (32,9%), urmate de oamenii cu v\u00e2rsta cuprins\u0103 \u00eentre 50 \u0219i 64 de ani (28,4%). Cu toate acestea, \u021bara noastr\u0103 nu are un buget dedicat pentru sus\u021binerea calit\u0103\u021bii vie\u021bii seniorilor, de\u0219i exist\u0103 o strategie pentru \u00eemb\u0103tr\u00e2nirea activ\u0103, se mai arat\u0103 \u00een comunicat.<\/p>\n\n\n\n<figure class=\"wp-block-image size-large\"><img loading=\"lazy\" decoding=\"async\" width=\"1024\" height=\"683\" src=\"https:\/\/covasna45.ro\/wp-content\/uploads\/2025\/11\/batrani-1024x683.jpg\" alt=\"\" class=\"wp-image-13956\" srcset=\"https:\/\/covasna45.ro\/wp-content\/uploads\/2025\/11\/batrani-1024x683.jpg 1024w, https:\/\/covasna45.ro\/wp-content\/uploads\/2025\/11\/batrani-300x200.jpg 300w, https:\/\/covasna45.ro\/wp-content\/uploads\/2025\/11\/batrani-768x512.jpg 768w, https:\/\/covasna45.ro\/wp-content\/uploads\/2025\/11\/batrani-1536x1024.jpg 1536w, https:\/\/covasna45.ro\/wp-content\/uploads\/2025\/11\/batrani-150x100.jpg 150w, https:\/\/covasna45.ro\/wp-content\/uploads\/2025\/11\/batrani-696x464.jpg 696w, https:\/\/covasna45.ro\/wp-content\/uploads\/2025\/11\/batrani-1068x712.jpg 1068w, https:\/\/covasna45.ro\/wp-content\/uploads\/2025\/11\/batrani.jpg 1599w\" sizes=\"auto, (max-width: 1024px) 100vw, 1024px\" \/><\/figure>\n\n\n\n<h2 class=\"wp-block-heading\">38% dintre seniori sunt \u00een risc de s\u0103r\u0103cie sau excluziune social\u0103<\/h2>\n\n\n\n<p>Aproape 20% din popula\u021bia Rom\u00e2niei are peste 65 de ani \u0219i 38% dintre seniori sunt \u00een risc de s\u0103r\u0103cie sau excluziune social\u0103, a precizat europarlamentarul Victor Negrescu \u00een mesajul transmis cu ocazia Congresului Na\u021bional pentru \u00cemb\u0103tr\u00e2nire Activ\u0103.<br><br>Negrescu a men\u021bionat c\u0103, \u00een calitate de vicepre\u0219edinte al Parlamentului European \u0219i coordonator al Sistemului de Analiz\u0103 Prospectiv\u0103 al Institutelor Europene, a sus\u021binut realizarea primului studiu european de amploare pe tema echit\u0103\u021bii \u00eentre genera\u021bii \u0219i includerea lui \u00een agenda Comisiei Europene.<br><br>\u201eUrbanizarea \u0219i digitalizarea se accelereaz\u0103 iar presiunea pe resurse devine constant\u0103. Toate acestea nu schimb\u0103 doar structura popula\u021biei, schimb\u0103 contractul social european. Rom\u00e2nia se afl\u0103 \u00eentr-un punct critic al acestei transform\u0103ri. Aproape 20% din popula\u021bie are peste 65 de ani. Num\u0103rul v\u00e2rstnicilor dep\u0103\u0219e\u0219te cu peste un milion num\u0103rul copiilor iar 38% dintre seniori sunt \u00een risc de s\u0103r\u0103cie sau excluziune social\u0103, cel mai mare procent din Uniunea European\u0103&#8221;, a spus europarlamentarul.<br><br>Potrivit acestuia, Europa trece &#8216;\u201eprin cea mai profund\u0103 schimbare demografic\u0103&#8221; din ultimele decenii; societ\u0103\u021bile \u201e\u00eemb\u0103tr\u00e2nesc&#8221;, genera\u021biile \u201ese reconfigureaz\u0103&#8221; \u0219i presiunea asupra modelului social european cre\u0219te.<br><br>\u201eConcluziile sunt clare, schimb\u0103rile demografice sunt rapide \u0219i ireversibile iar diferen\u021bele \u00eentre genera\u021bii se ad\u00e2ncesc. 81% dintre europeni consider\u0103 c\u0103 diferen\u021bele de venit sunt prea mari. Doar 47% cred c\u0103 au \u0219anse egale.78% cer investi\u021bii mai mari \u00een educa\u021bie, s\u0103n\u0103tate \u0219i protec\u021bie social\u0103. La nivel european, raportul de dependen\u021b\u0103 al v\u00e2rstnicilor va continua s\u0103 creasc\u0103 p\u00e2n\u0103 spre anul 2100\u201d, a precizat social-democratul.<\/p>\n\n\n\n<figure class=\"wp-block-image size-large\"><img loading=\"lazy\" decoding=\"async\" width=\"1024\" height=\"699\" src=\"https:\/\/covasna45.ro\/wp-content\/uploads\/2025\/11\/vn-1024x699.jpg\" alt=\"\" class=\"wp-image-13953\" srcset=\"https:\/\/covasna45.ro\/wp-content\/uploads\/2025\/11\/vn-1024x699.jpg 1024w, https:\/\/covasna45.ro\/wp-content\/uploads\/2025\/11\/vn-300x205.jpg 300w, https:\/\/covasna45.ro\/wp-content\/uploads\/2025\/11\/vn-768x524.jpg 768w, https:\/\/covasna45.ro\/wp-content\/uploads\/2025\/11\/vn-1536x1049.jpg 1536w, https:\/\/covasna45.ro\/wp-content\/uploads\/2025\/11\/vn-150x102.jpg 150w, https:\/\/covasna45.ro\/wp-content\/uploads\/2025\/11\/vn-218x150.jpg 218w, https:\/\/covasna45.ro\/wp-content\/uploads\/2025\/11\/vn-696x475.jpg 696w, https:\/\/covasna45.ro\/wp-content\/uploads\/2025\/11\/vn-1068x729.jpg 1068w, https:\/\/covasna45.ro\/wp-content\/uploads\/2025\/11\/vn-1920x1311.jpg 1920w, https:\/\/covasna45.ro\/wp-content\/uploads\/2025\/11\/vn.jpg 2048w\" sizes=\"auto, (max-width: 1024px) 100vw, 1024px\" \/><\/figure>\n\n\n\n<p>El a <a href=\"https:\/\/agerpres.ro\/social\/2025\/11\/17\/victor-negrescu-38-dintre-seniorii-din-romania-in-risc-de-saracie-sau-excluziune-sociala--1503493\">ad\u0103ugat<\/a> c\u0103 situa\u021bia din Rom\u00e2nia este \u0219i &#8221;mai dificil\u0103&#8221; \u00een mediul rural \u0219i \u00een comunit\u0103\u021bile izolate, unde lipsesc medicii, transportul, infrastructura social\u0103 \u0219i accesul la digitalizare.<br><br>\u201eInegalit\u0103\u021bile de acces la servicii digitale devin cea mai rapid\u0103 form\u0103 de excludere, afect\u00e2nd \u00een special persoanele \u00een v\u00e2rst\u0103. De aceea am cerut explicit ca digitalizarea serviciilor publice s\u0103 includ\u0103 m\u0103suri \u00eempotriva excluderii seniorilor \u0219i am promovat modelul european AI4People, cu protec\u021bia grupurilor vulnerabile \u00een centrul politicilor digitale. La nivelul Parlamentului European lucr\u0103m deja la un cadru coerent. Vorbim de strategia pentru \u00eengrijire pe termen lung, De asemenea, lucr\u0103m la Planul European de Combatere a Cancerului \u0219i a Bolilor Cardiovasculare, programul EU4Health, Fondul Social European Plus, dar de asemenea avem mai multe ini\u021biative pentru dezvoltarea competen\u021belor \u0219i formarea continu\u0103, inclusiv a seniorilor&#8221;, a detaliat Negrescu.<br><br>Europarlamentarul a sus\u021binut elaborarea unei strategii na\u021bionale pentru \u00eemb\u0103tr\u00e2nire activ\u0103, cu obiective &#8221;clare&#8221; \u00een s\u0103n\u0103tate, preven\u021bie, locuire, mobilitate, digitalizare, dar \u0219i pentru participarea comunitar\u0103.<\/p>\n","protected":false},"excerpt":{"rendered":"<p>Provoc\u0103rile \u0219i solu\u021biile privind \u00eemb\u0103tr\u00e2nirea activ\u0103 vor fi dezb\u0103tute de peste 100 de speciali\u0219ti de prestigiu din \u021bar\u0103 \u0219i str\u0103in\u0103tate, reprezentan\u021bi ai statului, mediului privat, academic, ai organiza\u021biilor interna\u021bionale \u0219i ai societ\u0103\u021bii civile la Congresul Na\u021bional pentru \u00cemb\u0103tr\u00e2nire Activ\u0103, care a \u00eenceput azi la Palatul Parlamentului. Potrivit unui comunicat al organizatorului congresului, citat de Agerpres, [&hellip;]<\/p>\n","protected":false},"author":1,"featured_media":13954,"comment_status":"open","ping_status":"closed","sticky":false,"template":"","format":"standard","meta":{"tdm_status":"","tdm_grid_status":"","footnotes":""},"categories":[14],"tags":[2270,4354],"class_list":{"0":"post-13952","1":"post","2":"type-post","3":"status-publish","4":"format-standard","5":"has-post-thumbnail","7":"category-lumea-noastra","8":"tag-congres","9":"tag-imbatranire-2"},"yoast_head":"<!-- This site is optimized with the Yoast SEO plugin v27.5 - https:\/\/yoast.com\/product\/yoast-seo-wordpress\/ -->\n<title>Congresul Na\u021bional de \u00cemb\u0103tr\u00e2nire Activ\u0103, a treia edi\u021bie, a \u00eenceput azi la Bucure\u0219ti - Covasna45<\/title>\n<meta name=\"description\" content=\"Discu\u021biile vor fi organizate \u00een \u0219apte paneluri cu teme dedicate precum: \u00eemb\u0103tr\u00e2nirea activ\u0103 \u00eentre strategie \u0219i ac\u021biune\" \/>\n<meta name=\"robots\" content=\"index, follow, max-snippet:-1, max-image-preview:large, max-video-preview:-1\" \/>\n<link rel=\"canonical\" href=\"https:\/\/covasna45.ro\/index.php\/lumea-noastra\/congresul-national-de-imbatranire-activa-a-treia-editie-a-inceput-azi-la-bucuresti\/\" \/>\n<meta property=\"og:locale\" content=\"ro_RO\" \/>\n<meta property=\"og:type\" content=\"article\" \/>\n<meta property=\"og:title\" content=\"Congresul Na\u021bional de \u00cemb\u0103tr\u00e2nire Activ\u0103, a treia edi\u021bie, a \u00eenceput azi la Bucure\u0219ti - Covasna45\" \/>\n<meta property=\"og:description\" content=\"Discu\u021biile vor fi organizate \u00een \u0219apte paneluri cu teme dedicate precum: \u00eemb\u0103tr\u00e2nirea activ\u0103 \u00eentre strategie \u0219i ac\u021biune\" \/>\n<meta property=\"og:url\" content=\"https:\/\/covasna45.ro\/index.php\/lumea-noastra\/congresul-national-de-imbatranire-activa-a-treia-editie-a-inceput-azi-la-bucuresti\/\" \/>\n<meta property=\"og:site_name\" content=\"Covasna45\" \/>\n<meta property=\"article:published_time\" content=\"2025-11-17T10:52:17+00:00\" \/>\n<meta property=\"article:modified_time\" content=\"2025-11-17T10:52:53+00:00\" \/>\n<meta property=\"og:image\" content=\"https:\/\/covasna45.ro\/wp-content\/uploads\/2025\/11\/batrani-3.jpg\" \/>\n\t<meta property=\"og:image:width\" content=\"1599\" \/>\n\t<meta property=\"og:image:height\" content=\"1066\" \/>\n\t<meta property=\"og:image:type\" content=\"image\/jpeg\" \/>\n<meta name=\"author\" content=\"Covasna45\" \/>\n<meta name=\"twitter:card\" content=\"summary_large_image\" \/>\n<meta name=\"twitter:label1\" content=\"Scris de\" \/>\n\t<meta name=\"twitter:data1\" content=\"Covasna45\" \/>\n\t<meta name=\"twitter:label2\" content=\"Timp estimat pentru citire\" \/>\n\t<meta name=\"twitter:data2\" content=\"6 minute\" \/>\n<script type=\"application\/ld+json\" class=\"yoast-schema-graph\">{\"@context\":\"https:\\\/\\\/schema.org\",\"@graph\":[{\"@type\":\"Article\",\"@id\":\"https:\\\/\\\/covasna45.ro\\\/index.php\\\/lumea-noastra\\\/congresul-national-de-imbatranire-activa-a-treia-editie-a-inceput-azi-la-bucuresti\\\/#article\",\"isPartOf\":{\"@id\":\"https:\\\/\\\/covasna45.ro\\\/index.php\\\/lumea-noastra\\\/congresul-national-de-imbatranire-activa-a-treia-editie-a-inceput-azi-la-bucuresti\\\/\"},\"author\":{\"name\":\"Covasna45\",\"@id\":\"https:\\\/\\\/covasna45.ro\\\/#\\\/schema\\\/person\\\/e674052bd7d95d70bbb007a1060ab73c\"},\"headline\":\"Congresul Na\u021bional de \u00cemb\u0103tr\u00e2nire Activ\u0103, a treia edi\u021bie, a \u00eenceput azi la Bucure\u0219ti\",\"datePublished\":\"2025-11-17T10:52:17+00:00\",\"dateModified\":\"2025-11-17T10:52:53+00:00\",\"mainEntityOfPage\":{\"@id\":\"https:\\\/\\\/covasna45.ro\\\/index.php\\\/lumea-noastra\\\/congresul-national-de-imbatranire-activa-a-treia-editie-a-inceput-azi-la-bucuresti\\\/\"},\"wordCount\":925,\"commentCount\":1,\"publisher\":{\"@id\":\"https:\\\/\\\/covasna45.ro\\\/#organization\"},\"image\":{\"@id\":\"https:\\\/\\\/covasna45.ro\\\/index.php\\\/lumea-noastra\\\/congresul-national-de-imbatranire-activa-a-treia-editie-a-inceput-azi-la-bucuresti\\\/#primaryimage\"},\"thumbnailUrl\":\"https:\\\/\\\/covasna45.ro\\\/wp-content\\\/uploads\\\/2025\\\/11\\\/batrani-3.jpg\",\"keywords\":[\"Congres\",\"imbatranire\"],\"articleSection\":[\"Lumea noastr\u0103\"],\"inLanguage\":\"ro-RO\",\"potentialAction\":[{\"@type\":\"CommentAction\",\"name\":\"Comment\",\"target\":[\"https:\\\/\\\/covasna45.ro\\\/index.php\\\/lumea-noastra\\\/congresul-national-de-imbatranire-activa-a-treia-editie-a-inceput-azi-la-bucuresti\\\/#respond\"]}]},{\"@type\":\"WebPage\",\"@id\":\"https:\\\/\\\/covasna45.ro\\\/index.php\\\/lumea-noastra\\\/congresul-national-de-imbatranire-activa-a-treia-editie-a-inceput-azi-la-bucuresti\\\/\",\"url\":\"https:\\\/\\\/covasna45.ro\\\/index.php\\\/lumea-noastra\\\/congresul-national-de-imbatranire-activa-a-treia-editie-a-inceput-azi-la-bucuresti\\\/\",\"name\":\"Congresul Na\u021bional de \u00cemb\u0103tr\u00e2nire Activ\u0103, a treia edi\u021bie, a \u00eenceput azi la Bucure\u0219ti - Covasna45\",\"isPartOf\":{\"@id\":\"https:\\\/\\\/covasna45.ro\\\/#website\"},\"primaryImageOfPage\":{\"@id\":\"https:\\\/\\\/covasna45.ro\\\/index.php\\\/lumea-noastra\\\/congresul-national-de-imbatranire-activa-a-treia-editie-a-inceput-azi-la-bucuresti\\\/#primaryimage\"},\"image\":{\"@id\":\"https:\\\/\\\/covasna45.ro\\\/index.php\\\/lumea-noastra\\\/congresul-national-de-imbatranire-activa-a-treia-editie-a-inceput-azi-la-bucuresti\\\/#primaryimage\"},\"thumbnailUrl\":\"https:\\\/\\\/covasna45.ro\\\/wp-content\\\/uploads\\\/2025\\\/11\\\/batrani-3.jpg\",\"datePublished\":\"2025-11-17T10:52:17+00:00\",\"dateModified\":\"2025-11-17T10:52:53+00:00\",\"description\":\"Discu\u021biile vor fi organizate \u00een \u0219apte paneluri cu teme dedicate precum: \u00eemb\u0103tr\u00e2nirea activ\u0103 \u00eentre strategie \u0219i ac\u021biune\",\"breadcrumb\":{\"@id\":\"https:\\\/\\\/covasna45.ro\\\/index.php\\\/lumea-noastra\\\/congresul-national-de-imbatranire-activa-a-treia-editie-a-inceput-azi-la-bucuresti\\\/#breadcrumb\"},\"inLanguage\":\"ro-RO\",\"potentialAction\":[{\"@type\":\"ReadAction\",\"target\":[\"https:\\\/\\\/covasna45.ro\\\/index.php\\\/lumea-noastra\\\/congresul-national-de-imbatranire-activa-a-treia-editie-a-inceput-azi-la-bucuresti\\\/\"]}]},{\"@type\":\"ImageObject\",\"inLanguage\":\"ro-RO\",\"@id\":\"https:\\\/\\\/covasna45.ro\\\/index.php\\\/lumea-noastra\\\/congresul-national-de-imbatranire-activa-a-treia-editie-a-inceput-azi-la-bucuresti\\\/#primaryimage\",\"url\":\"https:\\\/\\\/covasna45.ro\\\/wp-content\\\/uploads\\\/2025\\\/11\\\/batrani-3.jpg\",\"contentUrl\":\"https:\\\/\\\/covasna45.ro\\\/wp-content\\\/uploads\\\/2025\\\/11\\\/batrani-3.jpg\",\"width\":1599,\"height\":1066},{\"@type\":\"BreadcrumbList\",\"@id\":\"https:\\\/\\\/covasna45.ro\\\/index.php\\\/lumea-noastra\\\/congresul-national-de-imbatranire-activa-a-treia-editie-a-inceput-azi-la-bucuresti\\\/#breadcrumb\",\"itemListElement\":[{\"@type\":\"ListItem\",\"position\":1,\"name\":\"Prima pagin\u0103\",\"item\":\"https:\\\/\\\/covasna45.ro\\\/\"},{\"@type\":\"ListItem\",\"position\":2,\"name\":\"Congresul Na\u021bional de \u00cemb\u0103tr\u00e2nire Activ\u0103, a treia edi\u021bie, a \u00eenceput azi la Bucure\u0219ti\"}]},{\"@type\":\"WebSite\",\"@id\":\"https:\\\/\\\/covasna45.ro\\\/#website\",\"url\":\"https:\\\/\\\/covasna45.ro\\\/\",\"name\":\"covasna45.ro\",\"description\":\"\",\"publisher\":{\"@id\":\"https:\\\/\\\/covasna45.ro\\\/#organization\"},\"potentialAction\":[{\"@type\":\"SearchAction\",\"target\":{\"@type\":\"EntryPoint\",\"urlTemplate\":\"https:\\\/\\\/covasna45.ro\\\/?s={search_term_string}\"},\"query-input\":{\"@type\":\"PropertyValueSpecification\",\"valueRequired\":true,\"valueName\":\"search_term_string\"}}],\"inLanguage\":\"ro-RO\"},{\"@type\":\"Organization\",\"@id\":\"https:\\\/\\\/covasna45.ro\\\/#organization\",\"name\":\"covasna45.ro\",\"url\":\"https:\\\/\\\/covasna45.ro\\\/\",\"logo\":{\"@type\":\"ImageObject\",\"inLanguage\":\"ro-RO\",\"@id\":\"https:\\\/\\\/covasna45.ro\\\/#\\\/schema\\\/logo\\\/image\\\/\",\"url\":\"https:\\\/\\\/covasna45.ro\\\/wp-content\\\/uploads\\\/2023\\\/01\\\/icon_logo.png\",\"contentUrl\":\"https:\\\/\\\/covasna45.ro\\\/wp-content\\\/uploads\\\/2023\\\/01\\\/icon_logo.png\",\"width\":1900,\"height\":1900,\"caption\":\"covasna45.ro\"},\"image\":{\"@id\":\"https:\\\/\\\/covasna45.ro\\\/#\\\/schema\\\/logo\\\/image\\\/\"}},{\"@type\":\"Person\",\"@id\":\"https:\\\/\\\/covasna45.ro\\\/#\\\/schema\\\/person\\\/e674052bd7d95d70bbb007a1060ab73c\",\"name\":\"Covasna45\",\"image\":{\"@type\":\"ImageObject\",\"inLanguage\":\"ro-RO\",\"@id\":\"https:\\\/\\\/covasna45.ro\\\/wp-content\\\/uploads\\\/2025\\\/10\\\/icon_logo_covasna45-150x150.png\",\"url\":\"https:\\\/\\\/covasna45.ro\\\/wp-content\\\/uploads\\\/2025\\\/10\\\/icon_logo_covasna45-150x150.png\",\"contentUrl\":\"https:\\\/\\\/covasna45.ro\\\/wp-content\\\/uploads\\\/2025\\\/10\\\/icon_logo_covasna45-150x150.png\",\"caption\":\"Covasna45\"},\"sameAs\":[\"https:\\\/\\\/covasna45.ro\"],\"url\":\"https:\\\/\\\/covasna45.ro\\\/index.php\\\/author\\\/covasna\\\/\"}]}<\/script>\n<!-- \/ Yoast SEO plugin. -->","yoast_head_json":{"title":"Congresul Na\u021bional de \u00cemb\u0103tr\u00e2nire Activ\u0103, a treia edi\u021bie, a \u00eenceput azi la Bucure\u0219ti - Covasna45","description":"Discu\u021biile vor fi organizate \u00een \u0219apte paneluri cu teme dedicate precum: \u00eemb\u0103tr\u00e2nirea activ\u0103 \u00eentre strategie \u0219i ac\u021biune","robots":{"index":"index","follow":"follow","max-snippet":"max-snippet:-1","max-image-preview":"max-image-preview:large","max-video-preview":"max-video-preview:-1"},"canonical":"https:\/\/covasna45.ro\/index.php\/lumea-noastra\/congresul-national-de-imbatranire-activa-a-treia-editie-a-inceput-azi-la-bucuresti\/","og_locale":"ro_RO","og_type":"article","og_title":"Congresul Na\u021bional de \u00cemb\u0103tr\u00e2nire Activ\u0103, a treia edi\u021bie, a \u00eenceput azi la Bucure\u0219ti - Covasna45","og_description":"Discu\u021biile vor fi organizate \u00een \u0219apte paneluri cu teme dedicate precum: \u00eemb\u0103tr\u00e2nirea activ\u0103 \u00eentre strategie \u0219i ac\u021biune","og_url":"https:\/\/covasna45.ro\/index.php\/lumea-noastra\/congresul-national-de-imbatranire-activa-a-treia-editie-a-inceput-azi-la-bucuresti\/","og_site_name":"Covasna45","article_published_time":"2025-11-17T10:52:17+00:00","article_modified_time":"2025-11-17T10:52:53+00:00","og_image":[{"width":1599,"height":1066,"url":"https:\/\/covasna45.ro\/wp-content\/uploads\/2025\/11\/batrani-3.jpg","type":"image\/jpeg"}],"author":"Covasna45","twitter_card":"summary_large_image","twitter_misc":{"Scris de":"Covasna45","Timp estimat pentru citire":"6 minute"},"schema":{"@context":"https:\/\/schema.org","@graph":[{"@type":"Article","@id":"https:\/\/covasna45.ro\/index.php\/lumea-noastra\/congresul-national-de-imbatranire-activa-a-treia-editie-a-inceput-azi-la-bucuresti\/#article","isPartOf":{"@id":"https:\/\/covasna45.ro\/index.php\/lumea-noastra\/congresul-national-de-imbatranire-activa-a-treia-editie-a-inceput-azi-la-bucuresti\/"},"author":{"name":"Covasna45","@id":"https:\/\/covasna45.ro\/#\/schema\/person\/e674052bd7d95d70bbb007a1060ab73c"},"headline":"Congresul Na\u021bional de \u00cemb\u0103tr\u00e2nire Activ\u0103, a treia edi\u021bie, a \u00eenceput azi la Bucure\u0219ti","datePublished":"2025-11-17T10:52:17+00:00","dateModified":"2025-11-17T10:52:53+00:00","mainEntityOfPage":{"@id":"https:\/\/covasna45.ro\/index.php\/lumea-noastra\/congresul-national-de-imbatranire-activa-a-treia-editie-a-inceput-azi-la-bucuresti\/"},"wordCount":925,"commentCount":1,"publisher":{"@id":"https:\/\/covasna45.ro\/#organization"},"image":{"@id":"https:\/\/covasna45.ro\/index.php\/lumea-noastra\/congresul-national-de-imbatranire-activa-a-treia-editie-a-inceput-azi-la-bucuresti\/#primaryimage"},"thumbnailUrl":"https:\/\/covasna45.ro\/wp-content\/uploads\/2025\/11\/batrani-3.jpg","keywords":["Congres","imbatranire"],"articleSection":["Lumea noastr\u0103"],"inLanguage":"ro-RO","potentialAction":[{"@type":"CommentAction","name":"Comment","target":["https:\/\/covasna45.ro\/index.php\/lumea-noastra\/congresul-national-de-imbatranire-activa-a-treia-editie-a-inceput-azi-la-bucuresti\/#respond"]}]},{"@type":"WebPage","@id":"https:\/\/covasna45.ro\/index.php\/lumea-noastra\/congresul-national-de-imbatranire-activa-a-treia-editie-a-inceput-azi-la-bucuresti\/","url":"https:\/\/covasna45.ro\/index.php\/lumea-noastra\/congresul-national-de-imbatranire-activa-a-treia-editie-a-inceput-azi-la-bucuresti\/","name":"Congresul Na\u021bional de \u00cemb\u0103tr\u00e2nire Activ\u0103, a treia edi\u021bie, a \u00eenceput azi la Bucure\u0219ti - Covasna45","isPartOf":{"@id":"https:\/\/covasna45.ro\/#website"},"primaryImageOfPage":{"@id":"https:\/\/covasna45.ro\/index.php\/lumea-noastra\/congresul-national-de-imbatranire-activa-a-treia-editie-a-inceput-azi-la-bucuresti\/#primaryimage"},"image":{"@id":"https:\/\/covasna45.ro\/index.php\/lumea-noastra\/congresul-national-de-imbatranire-activa-a-treia-editie-a-inceput-azi-la-bucuresti\/#primaryimage"},"thumbnailUrl":"https:\/\/covasna45.ro\/wp-content\/uploads\/2025\/11\/batrani-3.jpg","datePublished":"2025-11-17T10:52:17+00:00","dateModified":"2025-11-17T10:52:53+00:00","description":"Discu\u021biile vor fi organizate \u00een \u0219apte paneluri cu teme dedicate precum: \u00eemb\u0103tr\u00e2nirea activ\u0103 \u00eentre strategie \u0219i ac\u021biune","breadcrumb":{"@id":"https:\/\/covasna45.ro\/index.php\/lumea-noastra\/congresul-national-de-imbatranire-activa-a-treia-editie-a-inceput-azi-la-bucuresti\/#breadcrumb"},"inLanguage":"ro-RO","potentialAction":[{"@type":"ReadAction","target":["https:\/\/covasna45.ro\/index.php\/lumea-noastra\/congresul-national-de-imbatranire-activa-a-treia-editie-a-inceput-azi-la-bucuresti\/"]}]},{"@type":"ImageObject","inLanguage":"ro-RO","@id":"https:\/\/covasna45.ro\/index.php\/lumea-noastra\/congresul-national-de-imbatranire-activa-a-treia-editie-a-inceput-azi-la-bucuresti\/#primaryimage","url":"https:\/\/covasna45.ro\/wp-content\/uploads\/2025\/11\/batrani-3.jpg","contentUrl":"https:\/\/covasna45.ro\/wp-content\/uploads\/2025\/11\/batrani-3.jpg","width":1599,"height":1066},{"@type":"BreadcrumbList","@id":"https:\/\/covasna45.ro\/index.php\/lumea-noastra\/congresul-national-de-imbatranire-activa-a-treia-editie-a-inceput-azi-la-bucuresti\/#breadcrumb","itemListElement":[{"@type":"ListItem","position":1,"name":"Prima pagin\u0103","item":"https:\/\/covasna45.ro\/"},{"@type":"ListItem","position":2,"name":"Congresul Na\u021bional de \u00cemb\u0103tr\u00e2nire Activ\u0103, a treia edi\u021bie, a \u00eenceput azi la Bucure\u0219ti"}]},{"@type":"WebSite","@id":"https:\/\/covasna45.ro\/#website","url":"https:\/\/covasna45.ro\/","name":"covasna45.ro","description":"","publisher":{"@id":"https:\/\/covasna45.ro\/#organization"},"potentialAction":[{"@type":"SearchAction","target":{"@type":"EntryPoint","urlTemplate":"https:\/\/covasna45.ro\/?s={search_term_string}"},"query-input":{"@type":"PropertyValueSpecification","valueRequired":true,"valueName":"search_term_string"}}],"inLanguage":"ro-RO"},{"@type":"Organization","@id":"https:\/\/covasna45.ro\/#organization","name":"covasna45.ro","url":"https:\/\/covasna45.ro\/","logo":{"@type":"ImageObject","inLanguage":"ro-RO","@id":"https:\/\/covasna45.ro\/#\/schema\/logo\/image\/","url":"https:\/\/covasna45.ro\/wp-content\/uploads\/2023\/01\/icon_logo.png","contentUrl":"https:\/\/covasna45.ro\/wp-content\/uploads\/2023\/01\/icon_logo.png","width":1900,"height":1900,"caption":"covasna45.ro"},"image":{"@id":"https:\/\/covasna45.ro\/#\/schema\/logo\/image\/"}},{"@type":"Person","@id":"https:\/\/covasna45.ro\/#\/schema\/person\/e674052bd7d95d70bbb007a1060ab73c","name":"Covasna45","image":{"@type":"ImageObject","inLanguage":"ro-RO","@id":"https:\/\/covasna45.ro\/wp-content\/uploads\/2025\/10\/icon_logo_covasna45-150x150.png","url":"https:\/\/covasna45.ro\/wp-content\/uploads\/2025\/10\/icon_logo_covasna45-150x150.png","contentUrl":"https:\/\/covasna45.ro\/wp-content\/uploads\/2025\/10\/icon_logo_covasna45-150x150.png","caption":"Covasna45"},"sameAs":["https:\/\/covasna45.ro"],"url":"https:\/\/covasna45.ro\/index.php\/author\/covasna\/"}]}},"_links":{"self":[{"href":"https:\/\/covasna45.ro\/index.php\/wp-json\/wp\/v2\/posts\/13952","targetHints":{"allow":["GET"]}}],"collection":[{"href":"https:\/\/covasna45.ro\/index.php\/wp-json\/wp\/v2\/posts"}],"about":[{"href":"https:\/\/covasna45.ro\/index.php\/wp-json\/wp\/v2\/types\/post"}],"author":[{"embeddable":true,"href":"https:\/\/covasna45.ro\/index.php\/wp-json\/wp\/v2\/users\/1"}],"replies":[{"embeddable":true,"href":"https:\/\/covasna45.ro\/index.php\/wp-json\/wp\/v2\/comments?post=13952"}],"version-history":[{"count":1,"href":"https:\/\/covasna45.ro\/index.php\/wp-json\/wp\/v2\/posts\/13952\/revisions"}],"predecessor-version":[{"id":13958,"href":"https:\/\/covasna45.ro\/index.php\/wp-json\/wp\/v2\/posts\/13952\/revisions\/13958"}],"wp:featuredmedia":[{"embeddable":true,"href":"https:\/\/covasna45.ro\/index.php\/wp-json\/wp\/v2\/media\/13954"}],"wp:attachment":[{"href":"https:\/\/covasna45.ro\/index.php\/wp-json\/wp\/v2\/media?parent=13952"}],"wp:term":[{"taxonomy":"category","embeddable":true,"href":"https:\/\/covasna45.ro\/index.php\/wp-json\/wp\/v2\/categories?post=13952"},{"taxonomy":"post_tag","embeddable":true,"href":"https:\/\/covasna45.ro\/index.php\/wp-json\/wp\/v2\/tags?post=13952"}],"curies":[{"name":"wp","href":"https:\/\/api.w.org\/{rel}","templated":true}]}}