{"id":14021,"date":"2025-11-24T09:02:59","date_gmt":"2025-11-24T07:02:59","guid":{"rendered":"https:\/\/covasna45.ro\/?p=14021"},"modified":"2025-11-24T09:38:50","modified_gmt":"2025-11-24T07:38:50","slug":"laszlo-boloni-nu-exclude-venirea-la-sepsi-osk-intrebare-pentru-dioszegi","status":"publish","type":"post","link":"https:\/\/covasna45.ro\/index.php\/sport\/laszlo-boloni-nu-exclude-venirea-la-sepsi-osk-intrebare-pentru-dioszegi\/","title":{"rendered":"L\u00e1szl\u00f3 B\u00f6l\u00f6ni nu exclude venirea la Sepsi OSK. \u00centrebare pentru Di\u00f3szegi"},"content":{"rendered":"\n<p>Proiec\u021bia filmului documentar \u201eL\u00e1szl\u00f3 B\u00f6l\u00f6ni \u2013 legenda care ne une\u0219te\u201d a avut loc asear\u0103 la Sf\u00e2ntu Gheorghe, \u00een prezen\u021ba a sute de oameni \u0219i a personajului principal, fostul interna\u021bional B\u00f6l\u00f6ni.<\/p>\n\n\n\n<p>Au fost foarte multe \u00eentreb\u0103ri din public despre anumite perioade ale carierei sale, inclusiv despre rela\u021bia cu Ronaldo \u0219i meciurile din Cupa Campionilor, cu Steaua.<\/p>\n\n\n\n<figure class=\"wp-block-image size-large\"><img loading=\"lazy\" decoding=\"async\" width=\"1024\" height=\"768\" src=\"https:\/\/covasna45.ro\/wp-content\/uploads\/2025\/11\/lb-1024x768.jpg\" alt=\"\" class=\"wp-image-14023\" srcset=\"https:\/\/covasna45.ro\/wp-content\/uploads\/2025\/11\/lb-1024x768.jpg 1024w, https:\/\/covasna45.ro\/wp-content\/uploads\/2025\/11\/lb-300x225.jpg 300w, https:\/\/covasna45.ro\/wp-content\/uploads\/2025\/11\/lb-768x576.jpg 768w, https:\/\/covasna45.ro\/wp-content\/uploads\/2025\/11\/lb-1536x1152.jpg 1536w, https:\/\/covasna45.ro\/wp-content\/uploads\/2025\/11\/lb-150x113.jpg 150w, https:\/\/covasna45.ro\/wp-content\/uploads\/2025\/11\/lb-696x522.jpg 696w, https:\/\/covasna45.ro\/wp-content\/uploads\/2025\/11\/lb-1068x801.jpg 1068w, https:\/\/covasna45.ro\/wp-content\/uploads\/2025\/11\/lb-1920x1440.jpg 1920w, https:\/\/covasna45.ro\/wp-content\/uploads\/2025\/11\/lb.jpg 2048w\" sizes=\"auto, (max-width: 1024px) 100vw, 1024px\" \/><\/figure>\n\n\n\n<p>Deputatul UDMR Mikl\u00f3s Zolt\u00e1n i-a spus c\u0103 \u201e<strong><em>\u00een inimile multora dintre noi tr\u0103ie\u0219te speran\u021ba ca \u00eentr-o zi s\u0103 vin\u0103 momentul \u00een care vei veni la Sepsi OSK. Este o dorin\u021b\u0103 pur\u0103 de suporter, dar uneori visele devin realitate \u2014 sau devin mai pre\u021bioase doar prin faptul c\u0103 \u00eendr\u0103znim s\u0103 le rostim<\/em><\/strong>\u201d. La care L\u00e1szl\u00f3 B\u00f6l\u00f6ni a spus c\u0103 acesta ar fi \u201epunctul pe i al carierei sale\u201d, dar c\u0103 sunt mai multe aspecte de care trebuie s\u0103 \u021bin\u0103 cont, inclusiv cele de familie sau materiale. Moment \u00een care l-a \u00eentrebat pe finan\u021batorul echipei Sepsi OSK, L\u00e1szl\u00f3 Di\u00f3szegi, prezent \u00een public, \u201ece are \u00een buzunare\u201d, spre amuzamentul celor din sal\u0103.<\/p>\n\n\n\n<p>Un episod despre care a povestit a fost cel legat de meciul Rom\u00e2nia \u2013 Ungaria, pe c\u00e2nd era selec\u021bioner. La \u00eenceputul meciului, suporterii rom\u00e2ni au scandat \u201etr\u0103d\u0103torule!\u201d, iar dup\u0103 finalul partidei, \u00eencheiate cu 2 la 0 pentru Rom\u00e2nia, suporterii maghiari i-au strigat acela\u0219i lucru. A povestit c\u0103 s-a dus s\u0103 stea de vorb\u0103 cu ei \u0219i dup\u0103 discu\u021bie suporterii i-au scandat numele. \u00centrebat ce le-a spus, <a href=\"https:\/\/covasna45.ro\/index.php\/sport\/ladislau-boloni-a-devenit-oficial-legenda-a-sportului\/\">B\u00f6l\u00f6ni<\/a> a detaliat: \u201e<strong><em>Le-am spus c\u0103 eu sunt un om corect care \u00ee\u0219i face treaba. I-am \u00eentrebat ce fel de cona\u021bional \u00ee\u0219i doresc? Nu v-ar pl\u0103cea s\u0103 ave\u021bi unul care \u00ee\u0219i face treaba acolo unde e, chiar dac\u0103 asta \u00eenseamn\u0103 s\u0103 v\u0103 bat\u0103<\/em><\/strong>?\u201d<\/p>\n\n\n\n<figure class=\"wp-block-image size-large\"><img loading=\"lazy\" decoding=\"async\" width=\"1024\" height=\"672\" src=\"https:\/\/covasna45.ro\/wp-content\/uploads\/2025\/11\/lb3-1024x672.jpg\" alt=\"\" class=\"wp-image-14024\" srcset=\"https:\/\/covasna45.ro\/wp-content\/uploads\/2025\/11\/lb3-1024x672.jpg 1024w, https:\/\/covasna45.ro\/wp-content\/uploads\/2025\/11\/lb3-300x197.jpg 300w, https:\/\/covasna45.ro\/wp-content\/uploads\/2025\/11\/lb3-768x504.jpg 768w, https:\/\/covasna45.ro\/wp-content\/uploads\/2025\/11\/lb3-1536x1007.jpg 1536w, https:\/\/covasna45.ro\/wp-content\/uploads\/2025\/11\/lb3-150x98.jpg 150w, https:\/\/covasna45.ro\/wp-content\/uploads\/2025\/11\/lb3-696x456.jpg 696w, https:\/\/covasna45.ro\/wp-content\/uploads\/2025\/11\/lb3-1068x700.jpg 1068w, https:\/\/covasna45.ro\/wp-content\/uploads\/2025\/11\/lb3-1920x1259.jpg 1920w, https:\/\/covasna45.ro\/wp-content\/uploads\/2025\/11\/lb3.jpg 2048w\" sizes=\"auto, (max-width: 1024px) 100vw, 1024px\" \/><\/figure>\n\n\n\n<p>Filmul documentar a fost realizat cu sprijinul Institutului Na\u021bional de Film din Ungaria \u0219i al Funda\u021biei \u201eBethlen G\u00e1bor\u201d \u0219i prezint\u0103 povestea detaliat\u0103 a vie\u021bii fostului interna\u021bional. Este regizat de dr. Tam\u00e1s Kollarik \u0219i Attila Szab\u00f3 \u0219i e o produc\u021bie de 120 de minute care dep\u0103\u0219e\u0219te grani\u021bele sportului.<\/p>\n","protected":false},"excerpt":{"rendered":"<p>Proiec\u021bia filmului documentar \u201eL\u00e1szl\u00f3 B\u00f6l\u00f6ni \u2013 legenda care ne une\u0219te\u201d a avut loc asear\u0103 la Sf\u00e2ntu Gheorghe, \u00een prezen\u021ba a sute de oameni \u0219i a personajului principal, fostul interna\u021bional B\u00f6l\u00f6ni. Au fost foarte multe \u00eentreb\u0103ri din public despre anumite perioade ale carierei sale, inclusiv despre rela\u021bia cu Ronaldo \u0219i meciurile din Cupa Campionilor, cu Steaua. [&hellip;]<\/p>\n","protected":false},"author":1,"featured_media":14022,"comment_status":"open","ping_status":"closed","sticky":false,"template":"","format":"standard","meta":{"tdm_status":"","tdm_grid_status":"","footnotes":""},"categories":[17],"tags":[38,4358,2124],"class_list":{"0":"post-14021","1":"post","2":"type-post","3":"status-publish","4":"format-standard","5":"has-post-thumbnail","7":"category-sport","8":"tag-fotbal","9":"tag-laszlo-boloni","10":"tag-sfantu-gheorghe-2"},"yoast_head":"<!-- This site is optimized with the Yoast SEO plugin v27.5 - https:\/\/yoast.com\/product\/yoast-seo-wordpress\/ -->\n<title>L\u00e1szl\u00f3 B\u00f6l\u00f6ni nu exclude venirea la Sepsi OSK. \u00centrebare pentru Di\u00f3szegi - Covasna45<\/title>\n<meta name=\"description\" content=\"Proiec\u021bia filmului documentar \u201eL\u00e1szl\u00f3 B\u00f6l\u00f6ni \u2013 legenda care ne une\u0219te\u201d a avut loc asear\u0103 la Sf\u00e2ntu Gheorghe.\" \/>\n<meta name=\"robots\" content=\"index, follow, max-snippet:-1, max-image-preview:large, max-video-preview:-1\" \/>\n<link rel=\"canonical\" href=\"https:\/\/covasna45.ro\/index.php\/sport\/laszlo-boloni-nu-exclude-venirea-la-sepsi-osk-intrebare-pentru-dioszegi\/\" \/>\n<meta property=\"og:locale\" content=\"ro_RO\" \/>\n<meta property=\"og:type\" content=\"article\" \/>\n<meta property=\"og:title\" content=\"L\u00e1szl\u00f3 B\u00f6l\u00f6ni nu exclude venirea la Sepsi OSK. \u00centrebare pentru Di\u00f3szegi - Covasna45\" \/>\n<meta property=\"og:description\" content=\"Proiec\u021bia filmului documentar \u201eL\u00e1szl\u00f3 B\u00f6l\u00f6ni \u2013 legenda care ne une\u0219te\u201d a avut loc asear\u0103 la Sf\u00e2ntu Gheorghe.\" \/>\n<meta property=\"og:url\" content=\"https:\/\/covasna45.ro\/index.php\/sport\/laszlo-boloni-nu-exclude-venirea-la-sepsi-osk-intrebare-pentru-dioszegi\/\" \/>\n<meta property=\"og:site_name\" content=\"Covasna45\" \/>\n<meta property=\"article:published_time\" content=\"2025-11-24T07:02:59+00:00\" \/>\n<meta property=\"article:modified_time\" content=\"2025-11-24T07:38:50+00:00\" \/>\n<meta property=\"og:image\" content=\"https:\/\/covasna45.ro\/wp-content\/uploads\/2025\/11\/lb1.jpg\" \/>\n\t<meta property=\"og:image:width\" content=\"2048\" \/>\n\t<meta property=\"og:image:height\" content=\"1334\" \/>\n\t<meta property=\"og:image:type\" content=\"image\/jpeg\" \/>\n<meta name=\"author\" content=\"Covasna45\" \/>\n<meta name=\"twitter:card\" content=\"summary_large_image\" \/>\n<meta name=\"twitter:label1\" content=\"Scris de\" \/>\n\t<meta name=\"twitter:data1\" content=\"Covasna45\" \/>\n\t<meta name=\"twitter:label2\" content=\"Timp estimat pentru citire\" \/>\n\t<meta name=\"twitter:data2\" content=\"3 minute\" \/>\n<script type=\"application\/ld+json\" class=\"yoast-schema-graph\">{\"@context\":\"https:\\\/\\\/schema.org\",\"@graph\":[{\"@type\":\"Article\",\"@id\":\"https:\\\/\\\/covasna45.ro\\\/index.php\\\/sport\\\/laszlo-boloni-nu-exclude-venirea-la-sepsi-osk-intrebare-pentru-dioszegi\\\/#article\",\"isPartOf\":{\"@id\":\"https:\\\/\\\/covasna45.ro\\\/index.php\\\/sport\\\/laszlo-boloni-nu-exclude-venirea-la-sepsi-osk-intrebare-pentru-dioszegi\\\/\"},\"author\":{\"name\":\"Covasna45\",\"@id\":\"https:\\\/\\\/covasna45.ro\\\/#\\\/schema\\\/person\\\/e674052bd7d95d70bbb007a1060ab73c\"},\"headline\":\"L\u00e1szl\u00f3 B\u00f6l\u00f6ni nu exclude venirea la Sepsi OSK. \u00centrebare pentru Di\u00f3szegi\",\"datePublished\":\"2025-11-24T07:02:59+00:00\",\"dateModified\":\"2025-11-24T07:38:50+00:00\",\"mainEntityOfPage\":{\"@id\":\"https:\\\/\\\/covasna45.ro\\\/index.php\\\/sport\\\/laszlo-boloni-nu-exclude-venirea-la-sepsi-osk-intrebare-pentru-dioszegi\\\/\"},\"wordCount\":378,\"commentCount\":0,\"publisher\":{\"@id\":\"https:\\\/\\\/covasna45.ro\\\/#organization\"},\"image\":{\"@id\":\"https:\\\/\\\/covasna45.ro\\\/index.php\\\/sport\\\/laszlo-boloni-nu-exclude-venirea-la-sepsi-osk-intrebare-pentru-dioszegi\\\/#primaryimage\"},\"thumbnailUrl\":\"https:\\\/\\\/covasna45.ro\\\/wp-content\\\/uploads\\\/2025\\\/11\\\/lb1.jpg\",\"keywords\":[\"Fotbal\",\"Laszlo Boloni\",\"Sfantu Gheorghe\"],\"articleSection\":[\"Sport\"],\"inLanguage\":\"ro-RO\",\"potentialAction\":[{\"@type\":\"CommentAction\",\"name\":\"Comment\",\"target\":[\"https:\\\/\\\/covasna45.ro\\\/index.php\\\/sport\\\/laszlo-boloni-nu-exclude-venirea-la-sepsi-osk-intrebare-pentru-dioszegi\\\/#respond\"]}]},{\"@type\":\"WebPage\",\"@id\":\"https:\\\/\\\/covasna45.ro\\\/index.php\\\/sport\\\/laszlo-boloni-nu-exclude-venirea-la-sepsi-osk-intrebare-pentru-dioszegi\\\/\",\"url\":\"https:\\\/\\\/covasna45.ro\\\/index.php\\\/sport\\\/laszlo-boloni-nu-exclude-venirea-la-sepsi-osk-intrebare-pentru-dioszegi\\\/\",\"name\":\"L\u00e1szl\u00f3 B\u00f6l\u00f6ni nu exclude venirea la Sepsi OSK. \u00centrebare pentru Di\u00f3szegi - Covasna45\",\"isPartOf\":{\"@id\":\"https:\\\/\\\/covasna45.ro\\\/#website\"},\"primaryImageOfPage\":{\"@id\":\"https:\\\/\\\/covasna45.ro\\\/index.php\\\/sport\\\/laszlo-boloni-nu-exclude-venirea-la-sepsi-osk-intrebare-pentru-dioszegi\\\/#primaryimage\"},\"image\":{\"@id\":\"https:\\\/\\\/covasna45.ro\\\/index.php\\\/sport\\\/laszlo-boloni-nu-exclude-venirea-la-sepsi-osk-intrebare-pentru-dioszegi\\\/#primaryimage\"},\"thumbnailUrl\":\"https:\\\/\\\/covasna45.ro\\\/wp-content\\\/uploads\\\/2025\\\/11\\\/lb1.jpg\",\"datePublished\":\"2025-11-24T07:02:59+00:00\",\"dateModified\":\"2025-11-24T07:38:50+00:00\",\"description\":\"Proiec\u021bia filmului documentar \u201eL\u00e1szl\u00f3 B\u00f6l\u00f6ni \u2013 legenda care ne une\u0219te\u201d a avut loc asear\u0103 la Sf\u00e2ntu Gheorghe.\",\"breadcrumb\":{\"@id\":\"https:\\\/\\\/covasna45.ro\\\/index.php\\\/sport\\\/laszlo-boloni-nu-exclude-venirea-la-sepsi-osk-intrebare-pentru-dioszegi\\\/#breadcrumb\"},\"inLanguage\":\"ro-RO\",\"potentialAction\":[{\"@type\":\"ReadAction\",\"target\":[\"https:\\\/\\\/covasna45.ro\\\/index.php\\\/sport\\\/laszlo-boloni-nu-exclude-venirea-la-sepsi-osk-intrebare-pentru-dioszegi\\\/\"]}]},{\"@type\":\"ImageObject\",\"inLanguage\":\"ro-RO\",\"@id\":\"https:\\\/\\\/covasna45.ro\\\/index.php\\\/sport\\\/laszlo-boloni-nu-exclude-venirea-la-sepsi-osk-intrebare-pentru-dioszegi\\\/#primaryimage\",\"url\":\"https:\\\/\\\/covasna45.ro\\\/wp-content\\\/uploads\\\/2025\\\/11\\\/lb1.jpg\",\"contentUrl\":\"https:\\\/\\\/covasna45.ro\\\/wp-content\\\/uploads\\\/2025\\\/11\\\/lb1.jpg\",\"width\":2048,\"height\":1334},{\"@type\":\"BreadcrumbList\",\"@id\":\"https:\\\/\\\/covasna45.ro\\\/index.php\\\/sport\\\/laszlo-boloni-nu-exclude-venirea-la-sepsi-osk-intrebare-pentru-dioszegi\\\/#breadcrumb\",\"itemListElement\":[{\"@type\":\"ListItem\",\"position\":1,\"name\":\"Prima pagin\u0103\",\"item\":\"https:\\\/\\\/covasna45.ro\\\/\"},{\"@type\":\"ListItem\",\"position\":2,\"name\":\"L\u00e1szl\u00f3 B\u00f6l\u00f6ni nu exclude venirea la Sepsi OSK. \u00centrebare pentru Di\u00f3szegi\"}]},{\"@type\":\"WebSite\",\"@id\":\"https:\\\/\\\/covasna45.ro\\\/#website\",\"url\":\"https:\\\/\\\/covasna45.ro\\\/\",\"name\":\"covasna45.ro\",\"description\":\"\",\"publisher\":{\"@id\":\"https:\\\/\\\/covasna45.ro\\\/#organization\"},\"potentialAction\":[{\"@type\":\"SearchAction\",\"target\":{\"@type\":\"EntryPoint\",\"urlTemplate\":\"https:\\\/\\\/covasna45.ro\\\/?s={search_term_string}\"},\"query-input\":{\"@type\":\"PropertyValueSpecification\",\"valueRequired\":true,\"valueName\":\"search_term_string\"}}],\"inLanguage\":\"ro-RO\"},{\"@type\":\"Organization\",\"@id\":\"https:\\\/\\\/covasna45.ro\\\/#organization\",\"name\":\"covasna45.ro\",\"url\":\"https:\\\/\\\/covasna45.ro\\\/\",\"logo\":{\"@type\":\"ImageObject\",\"inLanguage\":\"ro-RO\",\"@id\":\"https:\\\/\\\/covasna45.ro\\\/#\\\/schema\\\/logo\\\/image\\\/\",\"url\":\"https:\\\/\\\/covasna45.ro\\\/wp-content\\\/uploads\\\/2023\\\/01\\\/icon_logo.png\",\"contentUrl\":\"https:\\\/\\\/covasna45.ro\\\/wp-content\\\/uploads\\\/2023\\\/01\\\/icon_logo.png\",\"width\":1900,\"height\":1900,\"caption\":\"covasna45.ro\"},\"image\":{\"@id\":\"https:\\\/\\\/covasna45.ro\\\/#\\\/schema\\\/logo\\\/image\\\/\"}},{\"@type\":\"Person\",\"@id\":\"https:\\\/\\\/covasna45.ro\\\/#\\\/schema\\\/person\\\/e674052bd7d95d70bbb007a1060ab73c\",\"name\":\"Covasna45\",\"image\":{\"@type\":\"ImageObject\",\"inLanguage\":\"ro-RO\",\"@id\":\"https:\\\/\\\/covasna45.ro\\\/wp-content\\\/uploads\\\/2025\\\/10\\\/icon_logo_covasna45-150x150.png\",\"url\":\"https:\\\/\\\/covasna45.ro\\\/wp-content\\\/uploads\\\/2025\\\/10\\\/icon_logo_covasna45-150x150.png\",\"contentUrl\":\"https:\\\/\\\/covasna45.ro\\\/wp-content\\\/uploads\\\/2025\\\/10\\\/icon_logo_covasna45-150x150.png\",\"caption\":\"Covasna45\"},\"sameAs\":[\"https:\\\/\\\/covasna45.ro\"],\"url\":\"https:\\\/\\\/covasna45.ro\\\/index.php\\\/author\\\/covasna\\\/\"}]}<\/script>\n<!-- \/ Yoast SEO plugin. -->","yoast_head_json":{"title":"L\u00e1szl\u00f3 B\u00f6l\u00f6ni nu exclude venirea la Sepsi OSK. \u00centrebare pentru Di\u00f3szegi - Covasna45","description":"Proiec\u021bia filmului documentar \u201eL\u00e1szl\u00f3 B\u00f6l\u00f6ni \u2013 legenda care ne une\u0219te\u201d a avut loc asear\u0103 la Sf\u00e2ntu Gheorghe.","robots":{"index":"index","follow":"follow","max-snippet":"max-snippet:-1","max-image-preview":"max-image-preview:large","max-video-preview":"max-video-preview:-1"},"canonical":"https:\/\/covasna45.ro\/index.php\/sport\/laszlo-boloni-nu-exclude-venirea-la-sepsi-osk-intrebare-pentru-dioszegi\/","og_locale":"ro_RO","og_type":"article","og_title":"L\u00e1szl\u00f3 B\u00f6l\u00f6ni nu exclude venirea la Sepsi OSK. \u00centrebare pentru Di\u00f3szegi - Covasna45","og_description":"Proiec\u021bia filmului documentar \u201eL\u00e1szl\u00f3 B\u00f6l\u00f6ni \u2013 legenda care ne une\u0219te\u201d a avut loc asear\u0103 la Sf\u00e2ntu Gheorghe.","og_url":"https:\/\/covasna45.ro\/index.php\/sport\/laszlo-boloni-nu-exclude-venirea-la-sepsi-osk-intrebare-pentru-dioszegi\/","og_site_name":"Covasna45","article_published_time":"2025-11-24T07:02:59+00:00","article_modified_time":"2025-11-24T07:38:50+00:00","og_image":[{"width":2048,"height":1334,"url":"https:\/\/covasna45.ro\/wp-content\/uploads\/2025\/11\/lb1.jpg","type":"image\/jpeg"}],"author":"Covasna45","twitter_card":"summary_large_image","twitter_misc":{"Scris de":"Covasna45","Timp estimat pentru citire":"3 minute"},"schema":{"@context":"https:\/\/schema.org","@graph":[{"@type":"Article","@id":"https:\/\/covasna45.ro\/index.php\/sport\/laszlo-boloni-nu-exclude-venirea-la-sepsi-osk-intrebare-pentru-dioszegi\/#article","isPartOf":{"@id":"https:\/\/covasna45.ro\/index.php\/sport\/laszlo-boloni-nu-exclude-venirea-la-sepsi-osk-intrebare-pentru-dioszegi\/"},"author":{"name":"Covasna45","@id":"https:\/\/covasna45.ro\/#\/schema\/person\/e674052bd7d95d70bbb007a1060ab73c"},"headline":"L\u00e1szl\u00f3 B\u00f6l\u00f6ni nu exclude venirea la Sepsi OSK. \u00centrebare pentru Di\u00f3szegi","datePublished":"2025-11-24T07:02:59+00:00","dateModified":"2025-11-24T07:38:50+00:00","mainEntityOfPage":{"@id":"https:\/\/covasna45.ro\/index.php\/sport\/laszlo-boloni-nu-exclude-venirea-la-sepsi-osk-intrebare-pentru-dioszegi\/"},"wordCount":378,"commentCount":0,"publisher":{"@id":"https:\/\/covasna45.ro\/#organization"},"image":{"@id":"https:\/\/covasna45.ro\/index.php\/sport\/laszlo-boloni-nu-exclude-venirea-la-sepsi-osk-intrebare-pentru-dioszegi\/#primaryimage"},"thumbnailUrl":"https:\/\/covasna45.ro\/wp-content\/uploads\/2025\/11\/lb1.jpg","keywords":["Fotbal","Laszlo Boloni","Sfantu Gheorghe"],"articleSection":["Sport"],"inLanguage":"ro-RO","potentialAction":[{"@type":"CommentAction","name":"Comment","target":["https:\/\/covasna45.ro\/index.php\/sport\/laszlo-boloni-nu-exclude-venirea-la-sepsi-osk-intrebare-pentru-dioszegi\/#respond"]}]},{"@type":"WebPage","@id":"https:\/\/covasna45.ro\/index.php\/sport\/laszlo-boloni-nu-exclude-venirea-la-sepsi-osk-intrebare-pentru-dioszegi\/","url":"https:\/\/covasna45.ro\/index.php\/sport\/laszlo-boloni-nu-exclude-venirea-la-sepsi-osk-intrebare-pentru-dioszegi\/","name":"L\u00e1szl\u00f3 B\u00f6l\u00f6ni nu exclude venirea la Sepsi OSK. \u00centrebare pentru Di\u00f3szegi - Covasna45","isPartOf":{"@id":"https:\/\/covasna45.ro\/#website"},"primaryImageOfPage":{"@id":"https:\/\/covasna45.ro\/index.php\/sport\/laszlo-boloni-nu-exclude-venirea-la-sepsi-osk-intrebare-pentru-dioszegi\/#primaryimage"},"image":{"@id":"https:\/\/covasna45.ro\/index.php\/sport\/laszlo-boloni-nu-exclude-venirea-la-sepsi-osk-intrebare-pentru-dioszegi\/#primaryimage"},"thumbnailUrl":"https:\/\/covasna45.ro\/wp-content\/uploads\/2025\/11\/lb1.jpg","datePublished":"2025-11-24T07:02:59+00:00","dateModified":"2025-11-24T07:38:50+00:00","description":"Proiec\u021bia filmului documentar \u201eL\u00e1szl\u00f3 B\u00f6l\u00f6ni \u2013 legenda care ne une\u0219te\u201d a avut loc asear\u0103 la Sf\u00e2ntu Gheorghe.","breadcrumb":{"@id":"https:\/\/covasna45.ro\/index.php\/sport\/laszlo-boloni-nu-exclude-venirea-la-sepsi-osk-intrebare-pentru-dioszegi\/#breadcrumb"},"inLanguage":"ro-RO","potentialAction":[{"@type":"ReadAction","target":["https:\/\/covasna45.ro\/index.php\/sport\/laszlo-boloni-nu-exclude-venirea-la-sepsi-osk-intrebare-pentru-dioszegi\/"]}]},{"@type":"ImageObject","inLanguage":"ro-RO","@id":"https:\/\/covasna45.ro\/index.php\/sport\/laszlo-boloni-nu-exclude-venirea-la-sepsi-osk-intrebare-pentru-dioszegi\/#primaryimage","url":"https:\/\/covasna45.ro\/wp-content\/uploads\/2025\/11\/lb1.jpg","contentUrl":"https:\/\/covasna45.ro\/wp-content\/uploads\/2025\/11\/lb1.jpg","width":2048,"height":1334},{"@type":"BreadcrumbList","@id":"https:\/\/covasna45.ro\/index.php\/sport\/laszlo-boloni-nu-exclude-venirea-la-sepsi-osk-intrebare-pentru-dioszegi\/#breadcrumb","itemListElement":[{"@type":"ListItem","position":1,"name":"Prima pagin\u0103","item":"https:\/\/covasna45.ro\/"},{"@type":"ListItem","position":2,"name":"L\u00e1szl\u00f3 B\u00f6l\u00f6ni nu exclude venirea la Sepsi OSK. \u00centrebare pentru Di\u00f3szegi"}]},{"@type":"WebSite","@id":"https:\/\/covasna45.ro\/#website","url":"https:\/\/covasna45.ro\/","name":"covasna45.ro","description":"","publisher":{"@id":"https:\/\/covasna45.ro\/#organization"},"potentialAction":[{"@type":"SearchAction","target":{"@type":"EntryPoint","urlTemplate":"https:\/\/covasna45.ro\/?s={search_term_string}"},"query-input":{"@type":"PropertyValueSpecification","valueRequired":true,"valueName":"search_term_string"}}],"inLanguage":"ro-RO"},{"@type":"Organization","@id":"https:\/\/covasna45.ro\/#organization","name":"covasna45.ro","url":"https:\/\/covasna45.ro\/","logo":{"@type":"ImageObject","inLanguage":"ro-RO","@id":"https:\/\/covasna45.ro\/#\/schema\/logo\/image\/","url":"https:\/\/covasna45.ro\/wp-content\/uploads\/2023\/01\/icon_logo.png","contentUrl":"https:\/\/covasna45.ro\/wp-content\/uploads\/2023\/01\/icon_logo.png","width":1900,"height":1900,"caption":"covasna45.ro"},"image":{"@id":"https:\/\/covasna45.ro\/#\/schema\/logo\/image\/"}},{"@type":"Person","@id":"https:\/\/covasna45.ro\/#\/schema\/person\/e674052bd7d95d70bbb007a1060ab73c","name":"Covasna45","image":{"@type":"ImageObject","inLanguage":"ro-RO","@id":"https:\/\/covasna45.ro\/wp-content\/uploads\/2025\/10\/icon_logo_covasna45-150x150.png","url":"https:\/\/covasna45.ro\/wp-content\/uploads\/2025\/10\/icon_logo_covasna45-150x150.png","contentUrl":"https:\/\/covasna45.ro\/wp-content\/uploads\/2025\/10\/icon_logo_covasna45-150x150.png","caption":"Covasna45"},"sameAs":["https:\/\/covasna45.ro"],"url":"https:\/\/covasna45.ro\/index.php\/author\/covasna\/"}]}},"_links":{"self":[{"href":"https:\/\/covasna45.ro\/index.php\/wp-json\/wp\/v2\/posts\/14021","targetHints":{"allow":["GET"]}}],"collection":[{"href":"https:\/\/covasna45.ro\/index.php\/wp-json\/wp\/v2\/posts"}],"about":[{"href":"https:\/\/covasna45.ro\/index.php\/wp-json\/wp\/v2\/types\/post"}],"author":[{"embeddable":true,"href":"https:\/\/covasna45.ro\/index.php\/wp-json\/wp\/v2\/users\/1"}],"replies":[{"embeddable":true,"href":"https:\/\/covasna45.ro\/index.php\/wp-json\/wp\/v2\/comments?post=14021"}],"version-history":[{"count":2,"href":"https:\/\/covasna45.ro\/index.php\/wp-json\/wp\/v2\/posts\/14021\/revisions"}],"predecessor-version":[{"id":14027,"href":"https:\/\/covasna45.ro\/index.php\/wp-json\/wp\/v2\/posts\/14021\/revisions\/14027"}],"wp:featuredmedia":[{"embeddable":true,"href":"https:\/\/covasna45.ro\/index.php\/wp-json\/wp\/v2\/media\/14022"}],"wp:attachment":[{"href":"https:\/\/covasna45.ro\/index.php\/wp-json\/wp\/v2\/media?parent=14021"}],"wp:term":[{"taxonomy":"category","embeddable":true,"href":"https:\/\/covasna45.ro\/index.php\/wp-json\/wp\/v2\/categories?post=14021"},{"taxonomy":"post_tag","embeddable":true,"href":"https:\/\/covasna45.ro\/index.php\/wp-json\/wp\/v2\/tags?post=14021"}],"curies":[{"name":"wp","href":"https:\/\/api.w.org\/{rel}","templated":true}]}}